{"id":96833,"date":"2026-09-03T00:52:31","date_gmt":"2026-09-03T00:52:31","guid":{"rendered":"https:\/\/lobosnews.com.ar\/?p=96833"},"modified":"2026-09-03T07:21:54","modified_gmt":"2026-09-03T07:21:54","slug":"el-informe-forense-sobre-las-lesiones-de-la-joven-acusada-de-matar-a-su-novio-en-chaco-y-la-amnesia-lacunar-que-plantea-su-defensa","status":"publish","type":"post","link":"https:\/\/lobosnews.com.ar\/index.php\/2026\/09\/03\/el-informe-forense-sobre-las-lesiones-de-la-joven-acusada-de-matar-a-su-novio-en-chaco-y-la-amnesia-lacunar-que-plantea-su-defensa\/","title":{"rendered":"El informe forense sobre las lesiones de la joven acusada de matar a su novio en Chaco y la \u201camnesia lacunar\u201d que plantea su defensa"},"content":{"rendered":"<p><img loading=\"lazy\" decoding=\"async\" src=\"https:\/\/lobosnews.com.ar\/wp-content\/uploads\/2026\/09\/el-informe-forense-sobre-las-lesiones-de-la-joven-acusada-de-matar-a-su-novio-en-chaco-y-la-amnesia-lacunar-que-plantea-su-defensa.jpg\" alt=\"Al momento de su detenci\u00f3n, Cantero presentaba varias lesiones \" height=\"1080\" width=\"1920\"\/><\/p>\n<p>A un mes del crimen de <span class=\"waslinkname\"><b>Juli\u00e1n \u00c1lvarez Guardia<\/b><\/span>, el joven de 29 a\u00f1os que fue asesinado a pu\u00f1aladas por su novia, <span class=\"waslinkname\"><b>Victoria Cantero<\/b><\/span>, de 25, se conocieron los resultados del informe sobre las lesiones que presentaba la joven. Desde la defensa de Cantero, indicaron que la joven podr\u00eda tener \u201c<b>amnesia lacunar<\/b>\u201d, ya que tiene \u201clagunas\u201d de memoria y no recuerda lo ocurrido el pasado el pasado 2 de agosto. <\/p>\n<p>Los estudios fueron realizados el 14 de agosto y seg\u00fan pudo saber <b>Infobae<\/b>, al momento del examen cl\u00ednico, la imputada \u201c<b>presentaba un buen estado general de salud<\/b>, sin signos ni s\u00edntomas de descompensaci\u00f3n metab\u00f3lica, neurol\u00f3gica o cardiorrespiratoria\u201d. A su vez, no se evidenciaron d\u00e9ficits nutricionales, aunque s\u00ed se encontraba \u201cangustiada\u201d. \u201cDurante el desarrollo del examen present\u00f3 llanto en forma espont\u00e1nea\u201d, sostiene el escrito.<\/p>\n<p>Desde un primer momento, la defensa de Cantero manifest\u00f3 que la joven era v\u00edctima de violencia de g\u00e9nero y que hab\u00eda apu\u00f1alado a su novio en defensa propia. El d\u00eda en el que fue detenida, presentaba <b>lesiones en varias partes del cuerpo, entre ellas en la espalda, los brazos y las rodillas<\/b>. En aquella ocasi\u00f3n, <span class=\"waslinkname\">el m\u00e9dico que la examin\u00f3 aclar\u00f3 que si bien presentaba heridas, <b>no se trataba exactamente de golpes<\/b><\/span>. <\/p>\n<p>El d\u00eda del crimen, uno de sus familiares hab\u00eda dicho que la imputada presentaba <b>sangrado nasal<\/b>. \u201cSe palp\u00f3 la regi\u00f3n nasal no detect\u00e1ndose deformidades, movilidad anormal ni producci\u00f3n de dolor al realizarla, las fosas nasales estaban permeables\u201d, dice el informe. <\/p>\n<p><img loading=\"lazy\" decoding=\"async\" src=\"https:\/\/lobosnews.com.ar\/wp-content\/uploads\/2026\/09\/el-informe-forense-sobre-las-lesiones-de-la-joven-acusada-de-matar-a-su-novio-en-chaco-y-la-amnesia-lacunar-que-plantea-su-defensa-1.jpg\" alt=\"La imputada ten\u00eda lesiones en la espalda, los brazos y las rodillas\" height=\"1080\" width=\"1920\"\/><\/p>\n<p>En cuanto a las lesiones que presentaba en sus rodillas, el estudio detall\u00f3: \u201cEn la cara anterior de la rodilla derecha, \u00e1rea de equimosis color amarillo, de forma irregular. En la cara anterior del tercio superior de la pierna derecha, cicatriz de excoriaci\u00f3n de 1 cm de di\u00e1metro, color rosa, de forma irregular. En la cara externa, tercio superior de la pierna derecha, levemente por debajo de la rodilla, equimosis color amarillo en el centro con margen moteado color viol\u00e1ceo suave\u201d. <\/p>\n<p>Y continu\u00f3: \u201cEn la cara anterolateral del tercio medio de la pierna, otra equimosis de color amatillo. En la cara anterior de la rodilla izquierda se observaron equimosis color viol\u00e1ceo, todas de formas irregulares. En la cara externa del tercio superior de la misma pierna, equimosis color amarillo, de forma irregular\u201d. <\/p>\n<p>El examen lleg\u00f3 a la conclusi\u00f3n de que las lesiones \u201cpresentaban un tiempo de evoluci\u00f3n al momento de practicado el examen de <b>entre 10 a 14 d\u00edas aproximadamente<\/b>\u201d. Y a\u00f1adi\u00f3: \u201cLas excoriativas se produjeron por traumatismo con o contra objeto o superficie rugosa o irregular. Las lesiones equim\u00f3ticas se produjeron por traumatismo con o contra objeto o superficie roma y dura\u201d. <\/p>\n<p><img loading=\"lazy\" decoding=\"async\" src=\"https:\/\/lobosnews.com.ar\/wp-content\/uploads\/2026\/09\/el-informe-forense-sobre-las-lesiones-de-la-joven-acusada-de-matar-a-su-novio-en-chaco-y-la-amnesia-lacunar-que-plantea-su-defensa-2.jpg\" alt=\"La defensa de Cantero manifest\u00f3 que su defendida podr\u00eda tener \u201camnesia lacunar\u201d \" height=\"736\" width=\"1308\"\/><\/p>\n<p>Uno de los datos claves es que, de acuerdo a los peritos, las heridas <b>\u201cno guardan tampoco el patr\u00f3n cl\u00e1sico de distribuci\u00f3n de lesiones de tipo defensivas<\/b>\u201d. Asimismo, aseguraron que estas <b>no pusieron en peligro la vida de la joven<\/b>. <\/p>\n<p>Desde la defensa le manifestaron a <b>Infobae <\/b>que si bien no son lesiones defensivas, \u201ceso no quiere decir que la agresi\u00f3n no haya existido\u201d. Y agregaron: \u201clo que determin\u00f3 la pericia es que ella tiene lesiones traum\u00e1ticas m\u00faltiples compatibles con la data del hecho\u201d. <\/p>\n<p>Por otro lado, mencionaron que se encuentran a la espera de los resultados del informe psicol\u00f3gico de Cantero, con los cuales buscan determinar si ella actu\u00f3 en un estado de conmoci\u00f3n emocional. Los letrados se\u00f1alaron que su defendida podr\u00eda presentar \u201camnesia lacunar\u201d, ya que hay ciertos momentos del d\u00eda del crimen que no recuerda. \u201c<b>Ni siquiera ella recuerda la utilizaci\u00f3n de un cuchillo<\/b>\u201d, manifestaron. <\/p>\n<p>Los abogados de la familia de la v\u00edctima expresaron su descontento frente a este planteamiento de la defensa, ya que les parece \u201craro\u201d que Victoria \u201cno recuerde justo el momento en el que agarr\u00f3 el cuchillo\u201d. <\/p>\n<p><img loading=\"lazy\" decoding=\"async\" src=\"https:\/\/lobosnews.com.ar\/wp-content\/uploads\/2026\/09\/el-informe-forense-sobre-las-lesiones-de-la-joven-acusada-de-matar-a-su-novio-en-chaco-y-la-amnesia-lacunar-que-plantea-su-defensa-3.jpg\" alt=\"La familia de Juli\u00e1n organiz\u00f3 una marcha para pedir justicia por el joven \" height=\"1080\" width=\"1920\"\/><\/p>\n<p>Estas novedades se dieron a conocer el mismo d\u00eda en que la familia de Juli\u00e1n <b>organiz\u00f3 una marcha en la plaza 25 de Mayo de Resistencia para pedir justicia<\/b>. La misma comenz\u00f3 a las 19 de este mi\u00e9rcoles y tuvo como destino final la sede de Fiscal\u00eda, sobre avenida 9 de Julio. La movilizaci\u00f3n cont\u00f3 con la presencia de familiares y amigos del joven asesinado. <\/p>\n","protected":false},"excerpt":{"rendered":"<p>A un mes del crimen de Juli\u00e1n \u00c1lvarez Guardia, el joven de 29 a\u00f1os que fue asesinado a pu\u00f1aladas por su novia, Victoria Cantero, de 25, se conocieron los resultados del informe sobre las lesiones que presentaba la joven. Desde la defensa de Cantero, indicaron que la joven podr\u00eda tener \u201camnesia lacunar\u201d, ya que tiene&#8230;<\/p>\n","protected":false},"author":1,"featured_media":96839,"comment_status":"open","ping_status":"closed","sticky":false,"template":"","format":"standard","meta":{"_jetpack_newsletter_access":"","_jetpack_dont_email_post_to_subs":false,"_jetpack_newsletter_tier_id":0,"_jetpack_memberships_contains_paywalled_content":false,"_jetpack_memberships_contains_paid_content":false,"footnotes":"","jetpack_post_was_ever_published":false},"categories":[31,30,32,77,84,35,36,37],"tags":[],"class_list":["post-96833","post","type-post","status-publish","format-standard","has-post-thumbnail","hentry","category-actualidad","category-argentina","category-economia","category-inseguridad","category-masradios-com","category-nacionales","category-seguridad","category-sociedad"],"magazineBlocksPostFeaturedMedia":{"thumbnail":"https:\/\/lobosnews.com.ar\/wp-content\/uploads\/2026\/09\/el-informe-forense-sobre-las-lesiones-de-la-joven-acusada-de-matar-a-su-novio-en-chaco-y-la-amnesia-lacunar-que-plantea-su-defensa-6-150x150.jpg","medium":"https:\/\/lobosnews.com.ar\/wp-content\/uploads\/2026\/09\/el-informe-forense-sobre-las-lesiones-de-la-joven-acusada-de-matar-a-su-novio-en-chaco-y-la-amnesia-lacunar-que-plantea-su-defensa-6-300x169.jpg","medium_large":"https:\/\/lobosnews.com.ar\/wp-content\/uploads\/2026\/09\/el-informe-forense-sobre-las-lesiones-de-la-joven-acusada-de-matar-a-su-novio-en-chaco-y-la-amnesia-lacunar-que-plantea-su-defensa-6-768x432.jpg","large":"https:\/\/lobosnews.com.ar\/wp-content\/uploads\/2026\/09\/el-informe-forense-sobre-las-lesiones-de-la-joven-acusada-de-matar-a-su-novio-en-chaco-y-la-amnesia-lacunar-que-plantea-su-defensa-6-1024x576.jpg","1536x1536":"https:\/\/lobosnews.com.ar\/wp-content\/uploads\/2026\/09\/el-informe-forense-sobre-las-lesiones-de-la-joven-acusada-de-matar-a-su-novio-en-chaco-y-la-amnesia-lacunar-que-plantea-su-defensa-6-1536x864.jpg","2048x2048":"https:\/\/lobosnews.com.ar\/wp-content\/uploads\/2026\/09\/el-informe-forense-sobre-las-lesiones-de-la-joven-acusada-de-matar-a-su-novio-en-chaco-y-la-amnesia-lacunar-que-plantea-su-defensa-6.jpg","newsmatic-featured":"https:\/\/lobosnews.com.ar\/wp-content\/uploads\/2026\/09\/el-informe-forense-sobre-las-lesiones-de-la-joven-acusada-de-matar-a-su-novio-en-chaco-y-la-amnesia-lacunar-que-plantea-su-defensa-6-820x545.jpg","newsmatic-list":"https:\/\/lobosnews.com.ar\/wp-content\/uploads\/2026\/09\/el-informe-forense-sobre-las-lesiones-de-la-joven-acusada-de-matar-a-su-novio-en-chaco-y-la-amnesia-lacunar-que-plantea-su-defensa-6-600x400.jpg","newsmatic-thumb":"https:\/\/lobosnews.com.ar\/wp-content\/uploads\/2026\/09\/el-informe-forense-sobre-las-lesiones-de-la-joven-acusada-de-matar-a-su-novio-en-chaco-y-la-amnesia-lacunar-que-plantea-su-defensa-6-300x200.jpg","newsmatic-small":"https:\/\/lobosnews.com.ar\/wp-content\/uploads\/2026\/09\/el-informe-forense-sobre-las-lesiones-de-la-joven-acusada-de-matar-a-su-novio-en-chaco-y-la-amnesia-lacunar-que-plantea-su-defensa-6-150x95.jpg","newsmatic-grid":"https:\/\/lobosnews.com.ar\/wp-content\/uploads\/2026\/09\/el-informe-forense-sobre-las-lesiones-de-la-joven-acusada-de-matar-a-su-novio-en-chaco-y-la-amnesia-lacunar-que-plantea-su-defensa-6-400x250.jpg"},"magazineBlocksPostAuthor":{"name":"admin","avatar":"https:\/\/secure.gravatar.com\/avatar\/76e419471a2083bc3ceab22a763dbbf9b0c1bd15a6214cf3280e2c2dde4580f9?s=96&d=mm&r=g"},"magazineBlocksPostCommentsNumber":"0","magazineBlocksPostExcerpt":"A un mes del crimen de Juli\u00e1n \u00c1lvarez Guardia, el joven de 29 a\u00f1os que fue asesinado a pu\u00f1aladas por su novia, Victoria Cantero, de 25, se conocieron los resultados del informe sobre las lesiones que presentaba la joven. Desde la defensa de Cantero, indicaron que la joven podr\u00eda tener \u201camnesia lacunar\u201d, ya que tiene...","magazineBlocksPostCategories":["Actualidad","Argentina","econom\u00eda","inseguridad","masradios.com","nacionales","seguridad","sociedad"],"magazineBlocksPostViewCount":44,"magazineBlocksPostReadTime":4,"magazine_blocks_featured_image_url":{"full":["https:\/\/lobosnews.com.ar\/wp-content\/uploads\/2026\/09\/el-informe-forense-sobre-las-lesiones-de-la-joven-acusada-de-matar-a-su-novio-en-chaco-y-la-amnesia-lacunar-que-plantea-su-defensa-6.jpg",1920,1080,false],"medium":["https:\/\/lobosnews.com.ar\/wp-content\/uploads\/2026\/09\/el-informe-forense-sobre-las-lesiones-de-la-joven-acusada-de-matar-a-su-novio-en-chaco-y-la-amnesia-lacunar-que-plantea-su-defensa-6-300x169.jpg",300,169,true],"thumbnail":["https:\/\/lobosnews.com.ar\/wp-content\/uploads\/2026\/09\/el-informe-forense-sobre-las-lesiones-de-la-joven-acusada-de-matar-a-su-novio-en-chaco-y-la-amnesia-lacunar-que-plantea-su-defensa-6-150x150.jpg",150,150,true]},"magazine_blocks_author":{"display_name":"admin","author_link":"https:\/\/lobosnews.com.ar\/index.php\/author\/lobos-news\/"},"magazine_blocks_comment":0,"magazine_blocks_author_image":"https:\/\/secure.gravatar.com\/avatar\/76e419471a2083bc3ceab22a763dbbf9b0c1bd15a6214cf3280e2c2dde4580f9?s=96&d=mm&r=g","magazine_blocks_category":"<a href=\"#\" class=\"category-link category-link-31\">Actualidad<\/a> <a href=\"#\" class=\"category-link category-link-30\">Argentina<\/a> <a href=\"#\" class=\"category-link category-link-32\">econom\u00eda<\/a> <a href=\"#\" class=\"category-link category-link-77\">inseguridad<\/a> <a href=\"#\" class=\"category-link category-link-84\">masradios.com<\/a> <a href=\"#\" class=\"category-link category-link-35\">nacionales<\/a> <a href=\"#\" class=\"category-link category-link-36\">seguridad<\/a> <a href=\"#\" class=\"category-link category-link-37\">sociedad<\/a>","yoast_head":"<!-- This site is optimized with the Yoast SEO plugin v28.0 - https:\/\/yoast.com\/product\/yoast-seo-wordpress\/ -->\n<title>El informe forense sobre las lesiones de la joven acusada de matar a su novio en Chaco y la \u201camnesia lacunar\u201d que plantea su defensa - Lobos News<\/title>\n<meta name=\"robots\" content=\"index, follow, max-snippet:-1, max-image-preview:large, max-video-preview:-1\" \/>\n<link rel=\"canonical\" href=\"https:\/\/lobosnews.com.ar\/index.php\/2026\/09\/03\/el-informe-forense-sobre-las-lesiones-de-la-joven-acusada-de-matar-a-su-novio-en-chaco-y-la-amnesia-lacunar-que-plantea-su-defensa\/\" \/>\n<meta property=\"og:locale\" content=\"es_ES\" \/>\n<meta property=\"og:type\" content=\"article\" \/>\n<meta property=\"og:title\" content=\"El informe forense sobre las lesiones de la joven acusada de matar a su novio en Chaco y la \u201camnesia lacunar\u201d que plantea su defensa - Lobos News\" \/>\n<meta property=\"og:description\" content=\"A un mes del crimen de Juli\u00e1n \u00c1lvarez Guardia, el joven de 29 a\u00f1os que fue asesinado a pu\u00f1aladas por su novia, Victoria Cantero, de 25, se conocieron los resultados del informe sobre las lesiones que presentaba la joven. Desde la defensa de Cantero, indicaron que la joven podr\u00eda tener \u201camnesia lacunar\u201d, ya que tiene...\" \/>\n<meta property=\"og:url\" content=\"https:\/\/lobosnews.com.ar\/index.php\/2026\/09\/03\/el-informe-forense-sobre-las-lesiones-de-la-joven-acusada-de-matar-a-su-novio-en-chaco-y-la-amnesia-lacunar-que-plantea-su-defensa\/\" \/>\n<meta property=\"og:site_name\" content=\"Lobos News\" \/>\n<meta property=\"article:published_time\" content=\"2026-09-03T00:52:31+00:00\" \/>\n<meta property=\"article:modified_time\" content=\"2026-09-03T07:21:54+00:00\" \/>\n<meta property=\"og:image\" content=\"https:\/\/lobosnews.com.ar\/wp-content\/uploads\/2026\/09\/el-informe-forense-sobre-las-lesiones-de-la-joven-acusada-de-matar-a-su-novio-en-chaco-y-la-amnesia-lacunar-que-plantea-su-defensa-6.jpg\" \/>\n\t<meta property=\"og:image:width\" content=\"1920\" \/>\n\t<meta property=\"og:image:height\" content=\"1080\" \/>\n\t<meta property=\"og:image:type\" content=\"image\/jpeg\" \/>\n<meta name=\"author\" content=\"admin\" \/>\n<meta name=\"twitter:card\" content=\"summary_large_image\" \/>\n<meta name=\"twitter:label1\" content=\"Escrito por\" \/>\n\t<meta name=\"twitter:data1\" content=\"admin\" \/>\n\t<meta name=\"twitter:label2\" content=\"Tiempo de lectura\" \/>\n\t<meta name=\"twitter:data2\" content=\"4 minutos\" \/>\n<script type=\"application\/ld+json\" class=\"yoast-schema-graph\">{\"@context\":\"https:\\\/\\\/schema.org\",\"@graph\":[{\"@type\":\"Article\",\"@id\":\"https:\\\/\\\/lobosnews.com.ar\\\/index.php\\\/2026\\\/09\\\/03\\\/el-informe-forense-sobre-las-lesiones-de-la-joven-acusada-de-matar-a-su-novio-en-chaco-y-la-amnesia-lacunar-que-plantea-su-defensa\\\/#article\",\"isPartOf\":{\"@id\":\"https:\\\/\\\/lobosnews.com.ar\\\/index.php\\\/2026\\\/09\\\/03\\\/el-informe-forense-sobre-las-lesiones-de-la-joven-acusada-de-matar-a-su-novio-en-chaco-y-la-amnesia-lacunar-que-plantea-su-defensa\\\/\"},\"author\":{\"name\":\"admin\",\"@id\":\"https:\\\/\\\/lobosnews.com.ar\\\/#\\\/schema\\\/person\\\/232422a593d5c541dd9aef6aaed10943\"},\"headline\":\"El informe forense sobre las lesiones de la joven acusada de matar a su novio en Chaco y la \u201camnesia lacunar\u201d que plantea su defensa\",\"datePublished\":\"2026-09-03T00:52:31+00:00\",\"dateModified\":\"2026-09-03T07:21:54+00:00\",\"mainEntityOfPage\":{\"@id\":\"https:\\\/\\\/lobosnews.com.ar\\\/index.php\\\/2026\\\/09\\\/03\\\/el-informe-forense-sobre-las-lesiones-de-la-joven-acusada-de-matar-a-su-novio-en-chaco-y-la-amnesia-lacunar-que-plantea-su-defensa\\\/\"},\"wordCount\":753,\"commentCount\":0,\"publisher\":{\"@id\":\"https:\\\/\\\/lobosnews.com.ar\\\/#organization\"},\"image\":{\"@id\":\"https:\\\/\\\/lobosnews.com.ar\\\/index.php\\\/2026\\\/09\\\/03\\\/el-informe-forense-sobre-las-lesiones-de-la-joven-acusada-de-matar-a-su-novio-en-chaco-y-la-amnesia-lacunar-que-plantea-su-defensa\\\/#primaryimage\"},\"thumbnailUrl\":\"https:\\\/\\\/lobosnews.com.ar\\\/wp-content\\\/uploads\\\/2026\\\/09\\\/el-informe-forense-sobre-las-lesiones-de-la-joven-acusada-de-matar-a-su-novio-en-chaco-y-la-amnesia-lacunar-que-plantea-su-defensa-6.jpg\",\"articleSection\":[\"Actualidad\",\"Argentina\",\"econom\u00eda\",\"inseguridad\",\"masradios.com\",\"nacionales\",\"seguridad\",\"sociedad\"],\"inLanguage\":\"es\",\"potentialAction\":[{\"@type\":\"CommentAction\",\"name\":\"Comment\",\"target\":[\"https:\\\/\\\/lobosnews.com.ar\\\/index.php\\\/2026\\\/09\\\/03\\\/el-informe-forense-sobre-las-lesiones-de-la-joven-acusada-de-matar-a-su-novio-en-chaco-y-la-amnesia-lacunar-que-plantea-su-defensa\\\/#respond\"]}]},{\"@type\":\"WebPage\",\"@id\":\"https:\\\/\\\/lobosnews.com.ar\\\/index.php\\\/2026\\\/09\\\/03\\\/el-informe-forense-sobre-las-lesiones-de-la-joven-acusada-de-matar-a-su-novio-en-chaco-y-la-amnesia-lacunar-que-plantea-su-defensa\\\/\",\"url\":\"https:\\\/\\\/lobosnews.com.ar\\\/index.php\\\/2026\\\/09\\\/03\\\/el-informe-forense-sobre-las-lesiones-de-la-joven-acusada-de-matar-a-su-novio-en-chaco-y-la-amnesia-lacunar-que-plantea-su-defensa\\\/\",\"name\":\"El informe forense sobre las lesiones de la joven acusada de matar a su novio en Chaco y la \u201camnesia lacunar\u201d que plantea su defensa - Lobos News\",\"isPartOf\":{\"@id\":\"https:\\\/\\\/lobosnews.com.ar\\\/#website\"},\"primaryImageOfPage\":{\"@id\":\"https:\\\/\\\/lobosnews.com.ar\\\/index.php\\\/2026\\\/09\\\/03\\\/el-informe-forense-sobre-las-lesiones-de-la-joven-acusada-de-matar-a-su-novio-en-chaco-y-la-amnesia-lacunar-que-plantea-su-defensa\\\/#primaryimage\"},\"image\":{\"@id\":\"https:\\\/\\\/lobosnews.com.ar\\\/index.php\\\/2026\\\/09\\\/03\\\/el-informe-forense-sobre-las-lesiones-de-la-joven-acusada-de-matar-a-su-novio-en-chaco-y-la-amnesia-lacunar-que-plantea-su-defensa\\\/#primaryimage\"},\"thumbnailUrl\":\"https:\\\/\\\/lobosnews.com.ar\\\/wp-content\\\/uploads\\\/2026\\\/09\\\/el-informe-forense-sobre-las-lesiones-de-la-joven-acusada-de-matar-a-su-novio-en-chaco-y-la-amnesia-lacunar-que-plantea-su-defensa-6.jpg\",\"datePublished\":\"2026-09-03T00:52:31+00:00\",\"dateModified\":\"2026-09-03T07:21:54+00:00\",\"breadcrumb\":{\"@id\":\"https:\\\/\\\/lobosnews.com.ar\\\/index.php\\\/2026\\\/09\\\/03\\\/el-informe-forense-sobre-las-lesiones-de-la-joven-acusada-de-matar-a-su-novio-en-chaco-y-la-amnesia-lacunar-que-plantea-su-defensa\\\/#breadcrumb\"},\"inLanguage\":\"es\",\"potentialAction\":[{\"@type\":\"ReadAction\",\"target\":[\"https:\\\/\\\/lobosnews.com.ar\\\/index.php\\\/2026\\\/09\\\/03\\\/el-informe-forense-sobre-las-lesiones-de-la-joven-acusada-de-matar-a-su-novio-en-chaco-y-la-amnesia-lacunar-que-plantea-su-defensa\\\/\"]}]},{\"@type\":\"ImageObject\",\"inLanguage\":\"es\",\"@id\":\"https:\\\/\\\/lobosnews.com.ar\\\/index.php\\\/2026\\\/09\\\/03\\\/el-informe-forense-sobre-las-lesiones-de-la-joven-acusada-de-matar-a-su-novio-en-chaco-y-la-amnesia-lacunar-que-plantea-su-defensa\\\/#primaryimage\",\"url\":\"https:\\\/\\\/lobosnews.com.ar\\\/wp-content\\\/uploads\\\/2026\\\/09\\\/el-informe-forense-sobre-las-lesiones-de-la-joven-acusada-de-matar-a-su-novio-en-chaco-y-la-amnesia-lacunar-que-plantea-su-defensa-6.jpg\",\"contentUrl\":\"https:\\\/\\\/lobosnews.com.ar\\\/wp-content\\\/uploads\\\/2026\\\/09\\\/el-informe-forense-sobre-las-lesiones-de-la-joven-acusada-de-matar-a-su-novio-en-chaco-y-la-amnesia-lacunar-que-plantea-su-defensa-6.jpg\",\"width\":1920,\"height\":1080,\"caption\":\"El informe forense sobre las lesiones de la joven acusada de matar a su novio en Chaco y la \u201camnesia lacunar\u201d que plantea su defensa\"},{\"@type\":\"BreadcrumbList\",\"@id\":\"https:\\\/\\\/lobosnews.com.ar\\\/index.php\\\/2026\\\/09\\\/03\\\/el-informe-forense-sobre-las-lesiones-de-la-joven-acusada-de-matar-a-su-novio-en-chaco-y-la-amnesia-lacunar-que-plantea-su-defensa\\\/#breadcrumb\",\"itemListElement\":[{\"@type\":\"ListItem\",\"position\":1,\"name\":\"Portada\",\"item\":\"https:\\\/\\\/lobosnews.com.ar\\\/\"},{\"@type\":\"ListItem\",\"position\":2,\"name\":\"El informe forense sobre las lesiones de la joven acusada de matar a su novio en Chaco y la \u201camnesia lacunar\u201d que plantea su defensa\"}]},{\"@type\":\"WebSite\",\"@id\":\"https:\\\/\\\/lobosnews.com.ar\\\/#website\",\"url\":\"https:\\\/\\\/lobosnews.com.ar\\\/\",\"name\":\"Lobos News\",\"description\":\"Informaci\u00f3n a cada instante\",\"publisher\":{\"@id\":\"https:\\\/\\\/lobosnews.com.ar\\\/#organization\"},\"potentialAction\":[{\"@type\":\"SearchAction\",\"target\":{\"@type\":\"EntryPoint\",\"urlTemplate\":\"https:\\\/\\\/lobosnews.com.ar\\\/?s={search_term_string}\"},\"query-input\":{\"@type\":\"PropertyValueSpecification\",\"valueRequired\":true,\"valueName\":\"search_term_string\"}}],\"inLanguage\":\"es\"},{\"@type\":\"Organization\",\"@id\":\"https:\\\/\\\/lobosnews.com.ar\\\/#organization\",\"name\":\"Lobos News\",\"url\":\"https:\\\/\\\/lobosnews.com.ar\\\/\",\"logo\":{\"@type\":\"ImageObject\",\"inLanguage\":\"es\",\"@id\":\"https:\\\/\\\/lobosnews.com.ar\\\/#\\\/schema\\\/logo\\\/image\\\/\",\"url\":\"https:\\\/\\\/lobosnews.com.ar\\\/wp-content\\\/uploads\\\/2026\\\/01\\\/logo-lobosnews.png\",\"contentUrl\":\"https:\\\/\\\/lobosnews.com.ar\\\/wp-content\\\/uploads\\\/2026\\\/01\\\/logo-lobosnews.png\",\"width\":500,\"height\":200,\"caption\":\"Lobos News\"},\"image\":{\"@id\":\"https:\\\/\\\/lobosnews.com.ar\\\/#\\\/schema\\\/logo\\\/image\\\/\"}},{\"@type\":\"Person\",\"@id\":\"https:\\\/\\\/lobosnews.com.ar\\\/#\\\/schema\\\/person\\\/232422a593d5c541dd9aef6aaed10943\",\"name\":\"admin\",\"image\":{\"@type\":\"ImageObject\",\"inLanguage\":\"es\",\"@id\":\"https:\\\/\\\/secure.gravatar.com\\\/avatar\\\/76e419471a2083bc3ceab22a763dbbf9b0c1bd15a6214cf3280e2c2dde4580f9?s=96&d=mm&r=g\",\"url\":\"https:\\\/\\\/secure.gravatar.com\\\/avatar\\\/76e419471a2083bc3ceab22a763dbbf9b0c1bd15a6214cf3280e2c2dde4580f9?s=96&d=mm&r=g\",\"contentUrl\":\"https:\\\/\\\/secure.gravatar.com\\\/avatar\\\/76e419471a2083bc3ceab22a763dbbf9b0c1bd15a6214cf3280e2c2dde4580f9?s=96&d=mm&r=g\",\"caption\":\"admin\"},\"sameAs\":[\"https:\\\/\\\/lobosnews.com.ar\"],\"url\":\"https:\\\/\\\/lobosnews.com.ar\\\/index.php\\\/author\\\/lobos-news\\\/\"}]}<\/script>\n<!-- \/ Yoast SEO plugin. -->","yoast_head_json":{"title":"El informe forense sobre las lesiones de la joven acusada de matar a su novio en Chaco y la \u201camnesia lacunar\u201d que plantea su defensa - Lobos News","robots":{"index":"index","follow":"follow","max-snippet":"max-snippet:-1","max-image-preview":"max-image-preview:large","max-video-preview":"max-video-preview:-1"},"canonical":"https:\/\/lobosnews.com.ar\/index.php\/2026\/09\/03\/el-informe-forense-sobre-las-lesiones-de-la-joven-acusada-de-matar-a-su-novio-en-chaco-y-la-amnesia-lacunar-que-plantea-su-defensa\/","og_locale":"es_ES","og_type":"article","og_title":"El informe forense sobre las lesiones de la joven acusada de matar a su novio en Chaco y la \u201camnesia lacunar\u201d que plantea su defensa - Lobos News","og_description":"A un mes del crimen de Juli\u00e1n \u00c1lvarez Guardia, el joven de 29 a\u00f1os que fue asesinado a pu\u00f1aladas por su novia, Victoria Cantero, de 25, se conocieron los resultados del informe sobre las lesiones que presentaba la joven. Desde la defensa de Cantero, indicaron que la joven podr\u00eda tener \u201camnesia lacunar\u201d, ya que tiene...","og_url":"https:\/\/lobosnews.com.ar\/index.php\/2026\/09\/03\/el-informe-forense-sobre-las-lesiones-de-la-joven-acusada-de-matar-a-su-novio-en-chaco-y-la-amnesia-lacunar-que-plantea-su-defensa\/","og_site_name":"Lobos News","article_published_time":"2026-09-03T00:52:31+00:00","article_modified_time":"2026-09-03T07:21:54+00:00","og_image":[{"width":1920,"height":1080,"url":"https:\/\/lobosnews.com.ar\/wp-content\/uploads\/2026\/09\/el-informe-forense-sobre-las-lesiones-de-la-joven-acusada-de-matar-a-su-novio-en-chaco-y-la-amnesia-lacunar-que-plantea-su-defensa-6.jpg","type":"image\/jpeg"}],"author":"admin","twitter_card":"summary_large_image","twitter_misc":{"Escrito por":"admin","Tiempo de lectura":"4 minutos"},"schema":{"@context":"https:\/\/schema.org","@graph":[{"@type":"Article","@id":"https:\/\/lobosnews.com.ar\/index.php\/2026\/09\/03\/el-informe-forense-sobre-las-lesiones-de-la-joven-acusada-de-matar-a-su-novio-en-chaco-y-la-amnesia-lacunar-que-plantea-su-defensa\/#article","isPartOf":{"@id":"https:\/\/lobosnews.com.ar\/index.php\/2026\/09\/03\/el-informe-forense-sobre-las-lesiones-de-la-joven-acusada-de-matar-a-su-novio-en-chaco-y-la-amnesia-lacunar-que-plantea-su-defensa\/"},"author":{"name":"admin","@id":"https:\/\/lobosnews.com.ar\/#\/schema\/person\/232422a593d5c541dd9aef6aaed10943"},"headline":"El informe forense sobre las lesiones de la joven acusada de matar a su novio en Chaco y la \u201camnesia lacunar\u201d que plantea su defensa","datePublished":"2026-09-03T00:52:31+00:00","dateModified":"2026-09-03T07:21:54+00:00","mainEntityOfPage":{"@id":"https:\/\/lobosnews.com.ar\/index.php\/2026\/09\/03\/el-informe-forense-sobre-las-lesiones-de-la-joven-acusada-de-matar-a-su-novio-en-chaco-y-la-amnesia-lacunar-que-plantea-su-defensa\/"},"wordCount":753,"commentCount":0,"publisher":{"@id":"https:\/\/lobosnews.com.ar\/#organization"},"image":{"@id":"https:\/\/lobosnews.com.ar\/index.php\/2026\/09\/03\/el-informe-forense-sobre-las-lesiones-de-la-joven-acusada-de-matar-a-su-novio-en-chaco-y-la-amnesia-lacunar-que-plantea-su-defensa\/#primaryimage"},"thumbnailUrl":"https:\/\/lobosnews.com.ar\/wp-content\/uploads\/2026\/09\/el-informe-forense-sobre-las-lesiones-de-la-joven-acusada-de-matar-a-su-novio-en-chaco-y-la-amnesia-lacunar-que-plantea-su-defensa-6.jpg","articleSection":["Actualidad","Argentina","econom\u00eda","inseguridad","masradios.com","nacionales","seguridad","sociedad"],"inLanguage":"es","potentialAction":[{"@type":"CommentAction","name":"Comment","target":["https:\/\/lobosnews.com.ar\/index.php\/2026\/09\/03\/el-informe-forense-sobre-las-lesiones-de-la-joven-acusada-de-matar-a-su-novio-en-chaco-y-la-amnesia-lacunar-que-plantea-su-defensa\/#respond"]}]},{"@type":"WebPage","@id":"https:\/\/lobosnews.com.ar\/index.php\/2026\/09\/03\/el-informe-forense-sobre-las-lesiones-de-la-joven-acusada-de-matar-a-su-novio-en-chaco-y-la-amnesia-lacunar-que-plantea-su-defensa\/","url":"https:\/\/lobosnews.com.ar\/index.php\/2026\/09\/03\/el-informe-forense-sobre-las-lesiones-de-la-joven-acusada-de-matar-a-su-novio-en-chaco-y-la-amnesia-lacunar-que-plantea-su-defensa\/","name":"El informe forense sobre las lesiones de la joven acusada de matar a su novio en Chaco y la \u201camnesia lacunar\u201d que plantea su defensa - Lobos News","isPartOf":{"@id":"https:\/\/lobosnews.com.ar\/#website"},"primaryImageOfPage":{"@id":"https:\/\/lobosnews.com.ar\/index.php\/2026\/09\/03\/el-informe-forense-sobre-las-lesiones-de-la-joven-acusada-de-matar-a-su-novio-en-chaco-y-la-amnesia-lacunar-que-plantea-su-defensa\/#primaryimage"},"image":{"@id":"https:\/\/lobosnews.com.ar\/index.php\/2026\/09\/03\/el-informe-forense-sobre-las-lesiones-de-la-joven-acusada-de-matar-a-su-novio-en-chaco-y-la-amnesia-lacunar-que-plantea-su-defensa\/#primaryimage"},"thumbnailUrl":"https:\/\/lobosnews.com.ar\/wp-content\/uploads\/2026\/09\/el-informe-forense-sobre-las-lesiones-de-la-joven-acusada-de-matar-a-su-novio-en-chaco-y-la-amnesia-lacunar-que-plantea-su-defensa-6.jpg","datePublished":"2026-09-03T00:52:31+00:00","dateModified":"2026-09-03T07:21:54+00:00","breadcrumb":{"@id":"https:\/\/lobosnews.com.ar\/index.php\/2026\/09\/03\/el-informe-forense-sobre-las-lesiones-de-la-joven-acusada-de-matar-a-su-novio-en-chaco-y-la-amnesia-lacunar-que-plantea-su-defensa\/#breadcrumb"},"inLanguage":"es","potentialAction":[{"@type":"ReadAction","target":["https:\/\/lobosnews.com.ar\/index.php\/2026\/09\/03\/el-informe-forense-sobre-las-lesiones-de-la-joven-acusada-de-matar-a-su-novio-en-chaco-y-la-amnesia-lacunar-que-plantea-su-defensa\/"]}]},{"@type":"ImageObject","inLanguage":"es","@id":"https:\/\/lobosnews.com.ar\/index.php\/2026\/09\/03\/el-informe-forense-sobre-las-lesiones-de-la-joven-acusada-de-matar-a-su-novio-en-chaco-y-la-amnesia-lacunar-que-plantea-su-defensa\/#primaryimage","url":"https:\/\/lobosnews.com.ar\/wp-content\/uploads\/2026\/09\/el-informe-forense-sobre-las-lesiones-de-la-joven-acusada-de-matar-a-su-novio-en-chaco-y-la-amnesia-lacunar-que-plantea-su-defensa-6.jpg","contentUrl":"https:\/\/lobosnews.com.ar\/wp-content\/uploads\/2026\/09\/el-informe-forense-sobre-las-lesiones-de-la-joven-acusada-de-matar-a-su-novio-en-chaco-y-la-amnesia-lacunar-que-plantea-su-defensa-6.jpg","width":1920,"height":1080,"caption":"El informe forense sobre las lesiones de la joven acusada de matar a su novio en Chaco y la \u201camnesia lacunar\u201d que plantea su defensa"},{"@type":"BreadcrumbList","@id":"https:\/\/lobosnews.com.ar\/index.php\/2026\/09\/03\/el-informe-forense-sobre-las-lesiones-de-la-joven-acusada-de-matar-a-su-novio-en-chaco-y-la-amnesia-lacunar-que-plantea-su-defensa\/#breadcrumb","itemListElement":[{"@type":"ListItem","position":1,"name":"Portada","item":"https:\/\/lobosnews.com.ar\/"},{"@type":"ListItem","position":2,"name":"El informe forense sobre las lesiones de la joven acusada de matar a su novio en Chaco y la \u201camnesia lacunar\u201d que plantea su defensa"}]},{"@type":"WebSite","@id":"https:\/\/lobosnews.com.ar\/#website","url":"https:\/\/lobosnews.com.ar\/","name":"Lobos News","description":"Informaci\u00f3n a cada instante","publisher":{"@id":"https:\/\/lobosnews.com.ar\/#organization"},"potentialAction":[{"@type":"SearchAction","target":{"@type":"EntryPoint","urlTemplate":"https:\/\/lobosnews.com.ar\/?s={search_term_string}"},"query-input":{"@type":"PropertyValueSpecification","valueRequired":true,"valueName":"search_term_string"}}],"inLanguage":"es"},{"@type":"Organization","@id":"https:\/\/lobosnews.com.ar\/#organization","name":"Lobos News","url":"https:\/\/lobosnews.com.ar\/","logo":{"@type":"ImageObject","inLanguage":"es","@id":"https:\/\/lobosnews.com.ar\/#\/schema\/logo\/image\/","url":"https:\/\/lobosnews.com.ar\/wp-content\/uploads\/2026\/01\/logo-lobosnews.png","contentUrl":"https:\/\/lobosnews.com.ar\/wp-content\/uploads\/2026\/01\/logo-lobosnews.png","width":500,"height":200,"caption":"Lobos News"},"image":{"@id":"https:\/\/lobosnews.com.ar\/#\/schema\/logo\/image\/"}},{"@type":"Person","@id":"https:\/\/lobosnews.com.ar\/#\/schema\/person\/232422a593d5c541dd9aef6aaed10943","name":"admin","image":{"@type":"ImageObject","inLanguage":"es","@id":"https:\/\/secure.gravatar.com\/avatar\/76e419471a2083bc3ceab22a763dbbf9b0c1bd15a6214cf3280e2c2dde4580f9?s=96&d=mm&r=g","url":"https:\/\/secure.gravatar.com\/avatar\/76e419471a2083bc3ceab22a763dbbf9b0c1bd15a6214cf3280e2c2dde4580f9?s=96&d=mm&r=g","contentUrl":"https:\/\/secure.gravatar.com\/avatar\/76e419471a2083bc3ceab22a763dbbf9b0c1bd15a6214cf3280e2c2dde4580f9?s=96&d=mm&r=g","caption":"admin"},"sameAs":["https:\/\/lobosnews.com.ar"],"url":"https:\/\/lobosnews.com.ar\/index.php\/author\/lobos-news\/"}]}},"jetpack_featured_media_url":"https:\/\/lobosnews.com.ar\/wp-content\/uploads\/2026\/09\/el-informe-forense-sobre-las-lesiones-de-la-joven-acusada-de-matar-a-su-novio-en-chaco-y-la-amnesia-lacunar-que-plantea-su-defensa-6.jpg","jetpack_sharing_enabled":true,"_links":{"self":[{"href":"https:\/\/lobosnews.com.ar\/index.php\/wp-json\/wp\/v2\/posts\/96833","targetHints":{"allow":["GET"]}}],"collection":[{"href":"https:\/\/lobosnews.com.ar\/index.php\/wp-json\/wp\/v2\/posts"}],"about":[{"href":"https:\/\/lobosnews.com.ar\/index.php\/wp-json\/wp\/v2\/types\/post"}],"author":[{"embeddable":true,"href":"https:\/\/lobosnews.com.ar\/index.php\/wp-json\/wp\/v2\/users\/1"}],"replies":[{"embeddable":true,"href":"https:\/\/lobosnews.com.ar\/index.php\/wp-json\/wp\/v2\/comments?post=96833"}],"version-history":[{"count":1,"href":"https:\/\/lobosnews.com.ar\/index.php\/wp-json\/wp\/v2\/posts\/96833\/revisions"}],"predecessor-version":[{"id":96838,"href":"https:\/\/lobosnews.com.ar\/index.php\/wp-json\/wp\/v2\/posts\/96833\/revisions\/96838"}],"wp:featuredmedia":[{"embeddable":true,"href":"https:\/\/lobosnews.com.ar\/index.php\/wp-json\/wp\/v2\/media\/96839"}],"wp:attachment":[{"href":"https:\/\/lobosnews.com.ar\/index.php\/wp-json\/wp\/v2\/media?parent=96833"}],"wp:term":[{"taxonomy":"category","embeddable":true,"href":"https:\/\/lobosnews.com.ar\/index.php\/wp-json\/wp\/v2\/categories?post=96833"},{"taxonomy":"post_tag","embeddable":true,"href":"https:\/\/lobosnews.com.ar\/index.php\/wp-json\/wp\/v2\/tags?post=96833"}],"curies":[{"name":"wp","href":"https:\/\/api.w.org\/{rel}","templated":true}]}}