{"id":96767,"date":"2026-09-03T00:43:56","date_gmt":"2026-09-03T00:43:56","guid":{"rendered":"https:\/\/lobosnews.com.ar\/?p=96767"},"modified":"2026-09-03T07:20:24","modified_gmt":"2026-09-03T07:20:24","slug":"ricardo-darin-cuestiono-la-final-del-mundo-y-defendio-a-lionel-messi-la-seleccion-argentina-tenia-una-actitud-rara","status":"publish","type":"post","link":"https:\/\/lobosnews.com.ar\/index.php\/2026\/09\/03\/ricardo-darin-cuestiono-la-final-del-mundo-y-defendio-a-lionel-messi-la-seleccion-argentina-tenia-una-actitud-rara\/","title":{"rendered":"Ricardo Dar\u00edn cuestion\u00f3 la final del Mundo y defendi\u00f3 a Lionel Messi: \u201cLa Selecci\u00f3n argentina ten\u00eda una actitud rara\u201d"},"content":{"rendered":"<p><span class=\"waslinkname\"><b>Ricardo Dar\u00edn<\/b><\/span> analiz\u00f3 la final del <b>Mundial <\/b>que disput\u00f3 la Selecci\u00f3n argentina ante Espa\u00f1a y cuestion\u00f3 la actitud del equipo antes y durante el encuentro. El actor, que mantiene un v\u00ednculo cercano con el pa\u00eds europeo, se refiri\u00f3 al tema en una entrevista con <b>Carlos Herrera<\/b> para la radio COPE en Espa\u00f1a, en la que adem\u00e1s defendi\u00f3 a <span class=\"waslinkname\"><b>Lionel Messi<\/b><\/span> de las cr\u00edticas que recibi\u00f3 tras el resultado.<\/p>\n<p>El actor record\u00f3 las sensaciones que le gener\u00f3 el equipo argentino al ingresar al campo de juego, y remarc\u00f3 que tuvo una sensaci\u00f3n distinta a la que suele caracterizar a la Selecci\u00f3n en las instancias decisivas. <b>\u201cCuando pisaron el campo de juego ten\u00edan una actitud rara. Yo he visto miles de arengas previas a un partido de esa magnitud\u201d<\/b>, relat\u00f3 el actor, quien contrast\u00f3 ese comportamiento con lo que consider\u00f3 habitual en el plantel nacional. \u201cSiempre fue un equipo arengador, incluso exagerado, si se quiere, como somos los argentinos. Eso no ocurri\u00f3\u201d, describi\u00f3.<\/p>\n<p><img loading=\"lazy\" decoding=\"async\" src=\"https:\/\/lobosnews.com.ar\/wp-content\/uploads\/2026\/09\/ricardo-darin-cuestiono-la-final-del-mundo-y-defendio-a-lionel-messi-la-seleccion-argentina-tenia-una-actitud-rara.jpg\" alt=\"Dar\u00edn dijo que la Selecci\u00f3n argentina mostr\u00f3 una actitud distinta a la habitual al ingresar al campo de juego en la final del Mundial\" height=\"1080\" width=\"1920\"\/><\/p>\n<p>Seg\u00fan explic\u00f3, esa falta de intensidad previa al partido fue una de las primeras se\u00f1ales que le llamaron la atenci\u00f3n, incluso antes del desarrollo del encuentro. \u201cEso ya nos llam\u00f3 un poco la atenci\u00f3n. Pero despu\u00e9s,<b> cuando pisaron el campo de juego, tambi\u00e9n nos llam\u00f3 la atenci\u00f3n la actitud<\/b>\u201d, agreg\u00f3 el actor, en referencia al clima que percibi\u00f3 minutos antes del inicio de la final.<\/p>\n<p>Las declaraciones m\u00e1s duras del actor llegaron al referirse a lo sucedido despu\u00e9s del partido, cuando se gener\u00f3 una fuerte repercusi\u00f3n en redes sociales y en distintos medios de comunicaci\u00f3n. <b>\u201cLa verdad es que no fue bueno. Fue bastante feo\u201d<\/b>, consider\u00f3 el actor, quien apunt\u00f3 contra las campa\u00f1as de cr\u00edtica que surgieron en torno al plantel argentino y, en particular, contra su capit\u00e1n. <b>\u201cSe hablaron de estas campa\u00f1as anti-Argentina, anti-Messi, anti-esto y anti-lo otro\u201d<\/b>, se\u00f1al\u00f3.<\/p>\n<p>En ese contexto, Dar\u00edn defendi\u00f3 a Lionel Messi frente a los cuestionamientos que recibi\u00f3 tras la derrota, y remarc\u00f3 que el futbolista ya hab\u00eda tomado una decisi\u00f3n sobre su futuro en la Selecci\u00f3n. \u201c<b>Que se queden tranquilos, ahora Messi no va a jugar nunca m\u00e1s en la Selecci\u00f3n<\/b>. Esa gente puede irse a descansar\u201d, sostuvo el actor, en un tramo de la entrevista en el que tambi\u00e9n cuestion\u00f3 el rol de ciertos sectores durante el desarrollo del Mundial.<b> \u201cHan hecho mucha fuerza para entorpecer y embarrar algo que no deber\u00eda haber sido as\u00ed\u201d<\/b>, afirm\u00f3.<\/p>\n<p><img loading=\"lazy\" decoding=\"async\" src=\"https:\/\/lobosnews.com.ar\/wp-content\/uploads\/2026\/09\/ricardo-darin-cuestiono-la-final-del-mundo-y-defendio-a-lionel-messi-la-seleccion-argentina-tenia-una-actitud-rara-1.jpg\" alt=\"El actor cont\u00f3 que, tras la clasificaci\u00f3n ante Inglaterra, le preocup\u00f3 una final entre Argentina y Espa\u00f1a por su v\u00ednculo personal con ambos pa\u00edses\" height=\"1279\" width=\"1920\"\/><\/p>\n<p>Durante la conversaci\u00f3n con Herrera, el protagonista de <b>El hijo de la novia<\/b> y <b>El secreto de sus ojos<\/b> tambi\u00e9n explic\u00f3 c\u00f3mo vivi\u00f3 el desarrollo del certamen desde antes de la instancia final. El actor cont\u00f3 que, tras la clasificaci\u00f3n de Argentina frente a Inglaterra, comenz\u00f3 a pensar en la posibilidad de un cruce directo con Espa\u00f1a, pa\u00eds con el que mantiene un v\u00ednculo personal y profesional de larga data. \u201cUna vez que llegamos a la final, despu\u00e9s del glorioso partido contra Inglaterra, <b>yo estuve muy contento y preocupado de que la final fuera Argentina-Espa\u00f1a, Espa\u00f1a-Argentina<\/b>\u201d, relat\u00f3.<\/p>\n<p>El actor remarc\u00f3 que, m\u00e1s all\u00e1 del resultado, sent\u00eda una conexi\u00f3n especial con ambos pa\u00edses. <b>\u201cDije, bueno, si nos toca ganar, nos toca ganar, y si nos toca perder, es con Espa\u00f1a\u201d<\/b>, explic\u00f3, en una reflexi\u00f3n que retom\u00f3 a lo largo de la entrevista para destacar la relaci\u00f3n hist\u00f3rica entre ambas naciones. El int\u00e9rprete profundiz\u00f3 en ese v\u00ednculo al recordar las sucesivas olas migratorias que unieron a Espa\u00f1a y la Argentina durante el siglo XX, y mencion\u00f3 conversaciones que mantuvo con el actor espa\u00f1ol Luis Tosar sobre la identidad plural del pueblo argentino.<\/p>\n<p>En la misma entrevista, el actor se refiri\u00f3 tambi\u00e9n a <span class=\"waslinkname\">declaraciones del seleccionador espa\u00f1ol <b>Luis de la Fuente<\/b><\/span> sobre la dureza de los encuentros disputados durante el Mundial, y expres\u00f3 su desacuerdo con esa mirada. \u201c<b>El f\u00fatbol es un deporte de contacto<\/b>, es un deporte que se nutre del talento, de la t\u00e9cnica, de lo f\u00edsico, de la adrenalina\u201d, defendi\u00f3 Dar\u00edn, quien cerr\u00f3 su an\u00e1lisis sobre el Mundial remarcando que, m\u00e1s all\u00e1 del resultado adverso para la Selecci\u00f3n argentina, el clima generado en torno al equipo y a su capit\u00e1n excedi\u00f3 lo esperable para una final de esas caracter\u00edsticas.<\/p>\n","protected":false},"excerpt":{"rendered":"<p>Ricardo Dar\u00edn analiz\u00f3 la final del Mundial que disput\u00f3 la Selecci\u00f3n argentina ante Espa\u00f1a y cuestion\u00f3 la actitud del equipo antes y durante el encuentro. El actor, que mantiene un v\u00ednculo cercano con el pa\u00eds europeo, se refiri\u00f3 al tema en una entrevista con Carlos Herrera para la radio COPE en Espa\u00f1a, en la que&#8230;<\/p>\n","protected":false},"author":1,"featured_media":96771,"comment_status":"open","ping_status":"closed","sticky":false,"template":"","format":"standard","meta":{"_jetpack_newsletter_access":"","_jetpack_dont_email_post_to_subs":false,"_jetpack_newsletter_tier_id":0,"_jetpack_memberships_contains_paywalled_content":false,"_jetpack_memberships_contains_paid_content":false,"footnotes":"","jetpack_post_was_ever_published":false},"categories":[79],"tags":[],"class_list":["post-96767","post","type-post","status-publish","format-standard","has-post-thumbnail","hentry","category-cine-y-series"],"magazineBlocksPostFeaturedMedia":{"thumbnail":"https:\/\/lobosnews.com.ar\/wp-content\/uploads\/2026\/09\/ricardo-darin-cuestiono-la-final-del-mundo-y-defendio-a-lionel-messi-la-seleccion-argentina-tenia-una-actitud-rara-2-150x150.jpg","medium":"https:\/\/lobosnews.com.ar\/wp-content\/uploads\/2026\/09\/ricardo-darin-cuestiono-la-final-del-mundo-y-defendio-a-lionel-messi-la-seleccion-argentina-tenia-una-actitud-rara-2-300x200.jpg","medium_large":"https:\/\/lobosnews.com.ar\/wp-content\/uploads\/2026\/09\/ricardo-darin-cuestiono-la-final-del-mundo-y-defendio-a-lionel-messi-la-seleccion-argentina-tenia-una-actitud-rara-2-768x512.jpg","large":"https:\/\/lobosnews.com.ar\/wp-content\/uploads\/2026\/09\/ricardo-darin-cuestiono-la-final-del-mundo-y-defendio-a-lionel-messi-la-seleccion-argentina-tenia-una-actitud-rara-2-1024x682.jpg","1536x1536":"https:\/\/lobosnews.com.ar\/wp-content\/uploads\/2026\/09\/ricardo-darin-cuestiono-la-final-del-mundo-y-defendio-a-lionel-messi-la-seleccion-argentina-tenia-una-actitud-rara-2-1536x1023.jpg","2048x2048":"https:\/\/lobosnews.com.ar\/wp-content\/uploads\/2026\/09\/ricardo-darin-cuestiono-la-final-del-mundo-y-defendio-a-lionel-messi-la-seleccion-argentina-tenia-una-actitud-rara-2.jpg","newsmatic-featured":"https:\/\/lobosnews.com.ar\/wp-content\/uploads\/2026\/09\/ricardo-darin-cuestiono-la-final-del-mundo-y-defendio-a-lionel-messi-la-seleccion-argentina-tenia-una-actitud-rara-2-820x545.jpg","newsmatic-list":"https:\/\/lobosnews.com.ar\/wp-content\/uploads\/2026\/09\/ricardo-darin-cuestiono-la-final-del-mundo-y-defendio-a-lionel-messi-la-seleccion-argentina-tenia-una-actitud-rara-2-600x400.jpg","newsmatic-thumb":"https:\/\/lobosnews.com.ar\/wp-content\/uploads\/2026\/09\/ricardo-darin-cuestiono-la-final-del-mundo-y-defendio-a-lionel-messi-la-seleccion-argentina-tenia-una-actitud-rara-2-300x200.jpg","newsmatic-small":"https:\/\/lobosnews.com.ar\/wp-content\/uploads\/2026\/09\/ricardo-darin-cuestiono-la-final-del-mundo-y-defendio-a-lionel-messi-la-seleccion-argentina-tenia-una-actitud-rara-2-150x95.jpg","newsmatic-grid":"https:\/\/lobosnews.com.ar\/wp-content\/uploads\/2026\/09\/ricardo-darin-cuestiono-la-final-del-mundo-y-defendio-a-lionel-messi-la-seleccion-argentina-tenia-una-actitud-rara-2-400x250.jpg"},"magazineBlocksPostAuthor":{"name":"admin","avatar":"https:\/\/secure.gravatar.com\/avatar\/76e419471a2083bc3ceab22a763dbbf9b0c1bd15a6214cf3280e2c2dde4580f9?s=96&d=mm&r=g"},"magazineBlocksPostCommentsNumber":"0","magazineBlocksPostExcerpt":"Ricardo Dar\u00edn analiz\u00f3 la final del Mundial que disput\u00f3 la Selecci\u00f3n argentina ante Espa\u00f1a y cuestion\u00f3 la actitud del equipo antes y durante el encuentro. El actor, que mantiene un v\u00ednculo cercano con el pa\u00eds europeo, se refiri\u00f3 al tema en una entrevista con Carlos Herrera para la radio COPE en Espa\u00f1a, en la que...","magazineBlocksPostCategories":["Cine y Series"],"magazineBlocksPostViewCount":88,"magazineBlocksPostReadTime":4,"magazine_blocks_featured_image_url":{"full":["https:\/\/lobosnews.com.ar\/wp-content\/uploads\/2026\/09\/ricardo-darin-cuestiono-la-final-del-mundo-y-defendio-a-lionel-messi-la-seleccion-argentina-tenia-una-actitud-rara-2.jpg",1920,1279,false],"medium":["https:\/\/lobosnews.com.ar\/wp-content\/uploads\/2026\/09\/ricardo-darin-cuestiono-la-final-del-mundo-y-defendio-a-lionel-messi-la-seleccion-argentina-tenia-una-actitud-rara-2-300x200.jpg",300,200,true],"thumbnail":["https:\/\/lobosnews.com.ar\/wp-content\/uploads\/2026\/09\/ricardo-darin-cuestiono-la-final-del-mundo-y-defendio-a-lionel-messi-la-seleccion-argentina-tenia-una-actitud-rara-2-150x150.jpg",150,150,true]},"magazine_blocks_author":{"display_name":"admin","author_link":"https:\/\/lobosnews.com.ar\/index.php\/author\/lobos-news\/"},"magazine_blocks_comment":0,"magazine_blocks_author_image":"https:\/\/secure.gravatar.com\/avatar\/76e419471a2083bc3ceab22a763dbbf9b0c1bd15a6214cf3280e2c2dde4580f9?s=96&d=mm&r=g","magazine_blocks_category":"<a href=\"#\" class=\"category-link category-link-79\">Cine y Series<\/a>","yoast_head":"<!-- This site is optimized with the Yoast SEO plugin v28.0 - https:\/\/yoast.com\/product\/yoast-seo-wordpress\/ -->\n<title>Ricardo Dar\u00edn cuestion\u00f3 la final del Mundo y defendi\u00f3 a Lionel Messi: \u201cLa Selecci\u00f3n argentina ten\u00eda una actitud rara\u201d - Lobos News<\/title>\n<meta name=\"robots\" content=\"index, follow, max-snippet:-1, max-image-preview:large, max-video-preview:-1\" \/>\n<link rel=\"canonical\" href=\"https:\/\/lobosnews.com.ar\/index.php\/2026\/09\/03\/ricardo-darin-cuestiono-la-final-del-mundo-y-defendio-a-lionel-messi-la-seleccion-argentina-tenia-una-actitud-rara\/\" \/>\n<meta property=\"og:locale\" content=\"es_ES\" \/>\n<meta property=\"og:type\" content=\"article\" \/>\n<meta property=\"og:title\" content=\"Ricardo Dar\u00edn cuestion\u00f3 la final del Mundo y defendi\u00f3 a Lionel Messi: \u201cLa Selecci\u00f3n argentina ten\u00eda una actitud rara\u201d - Lobos News\" \/>\n<meta property=\"og:description\" content=\"Ricardo Dar\u00edn analiz\u00f3 la final del Mundial que disput\u00f3 la Selecci\u00f3n argentina ante Espa\u00f1a y cuestion\u00f3 la actitud del equipo antes y durante el encuentro. El actor, que mantiene un v\u00ednculo cercano con el pa\u00eds europeo, se refiri\u00f3 al tema en una entrevista con Carlos Herrera para la radio COPE en Espa\u00f1a, en la que...\" \/>\n<meta property=\"og:url\" content=\"https:\/\/lobosnews.com.ar\/index.php\/2026\/09\/03\/ricardo-darin-cuestiono-la-final-del-mundo-y-defendio-a-lionel-messi-la-seleccion-argentina-tenia-una-actitud-rara\/\" \/>\n<meta property=\"og:site_name\" content=\"Lobos News\" \/>\n<meta property=\"article:published_time\" content=\"2026-09-03T00:43:56+00:00\" \/>\n<meta property=\"article:modified_time\" content=\"2026-09-03T07:20:24+00:00\" \/>\n<meta property=\"og:image\" content=\"https:\/\/lobosnews.com.ar\/wp-content\/uploads\/2026\/09\/ricardo-darin-cuestiono-la-final-del-mundo-y-defendio-a-lionel-messi-la-seleccion-argentina-tenia-una-actitud-rara-2.jpg\" \/>\n\t<meta property=\"og:image:width\" content=\"1920\" \/>\n\t<meta property=\"og:image:height\" content=\"1279\" \/>\n\t<meta property=\"og:image:type\" content=\"image\/jpeg\" \/>\n<meta name=\"author\" content=\"admin\" \/>\n<meta name=\"twitter:card\" content=\"summary_large_image\" \/>\n<meta name=\"twitter:label1\" content=\"Escrito por\" \/>\n\t<meta name=\"twitter:data1\" content=\"admin\" \/>\n\t<meta name=\"twitter:label2\" content=\"Tiempo de lectura\" \/>\n\t<meta name=\"twitter:data2\" content=\"4 minutos\" \/>\n<script type=\"application\/ld+json\" class=\"yoast-schema-graph\">{\"@context\":\"https:\\\/\\\/schema.org\",\"@graph\":[{\"@type\":\"Article\",\"@id\":\"https:\\\/\\\/lobosnews.com.ar\\\/index.php\\\/2026\\\/09\\\/03\\\/ricardo-darin-cuestiono-la-final-del-mundo-y-defendio-a-lionel-messi-la-seleccion-argentina-tenia-una-actitud-rara\\\/#article\",\"isPartOf\":{\"@id\":\"https:\\\/\\\/lobosnews.com.ar\\\/index.php\\\/2026\\\/09\\\/03\\\/ricardo-darin-cuestiono-la-final-del-mundo-y-defendio-a-lionel-messi-la-seleccion-argentina-tenia-una-actitud-rara\\\/\"},\"author\":{\"name\":\"admin\",\"@id\":\"https:\\\/\\\/lobosnews.com.ar\\\/#\\\/schema\\\/person\\\/232422a593d5c541dd9aef6aaed10943\"},\"headline\":\"Ricardo Dar\u00edn cuestion\u00f3 la final del Mundo y defendi\u00f3 a Lionel Messi: \u201cLa Selecci\u00f3n argentina ten\u00eda una actitud rara\u201d\",\"datePublished\":\"2026-09-03T00:43:56+00:00\",\"dateModified\":\"2026-09-03T07:20:24+00:00\",\"mainEntityOfPage\":{\"@id\":\"https:\\\/\\\/lobosnews.com.ar\\\/index.php\\\/2026\\\/09\\\/03\\\/ricardo-darin-cuestiono-la-final-del-mundo-y-defendio-a-lionel-messi-la-seleccion-argentina-tenia-una-actitud-rara\\\/\"},\"wordCount\":774,\"commentCount\":0,\"publisher\":{\"@id\":\"https:\\\/\\\/lobosnews.com.ar\\\/#organization\"},\"image\":{\"@id\":\"https:\\\/\\\/lobosnews.com.ar\\\/index.php\\\/2026\\\/09\\\/03\\\/ricardo-darin-cuestiono-la-final-del-mundo-y-defendio-a-lionel-messi-la-seleccion-argentina-tenia-una-actitud-rara\\\/#primaryimage\"},\"thumbnailUrl\":\"https:\\\/\\\/lobosnews.com.ar\\\/wp-content\\\/uploads\\\/2026\\\/09\\\/ricardo-darin-cuestiono-la-final-del-mundo-y-defendio-a-lionel-messi-la-seleccion-argentina-tenia-una-actitud-rara-2.jpg\",\"articleSection\":[\"Cine y Series\"],\"inLanguage\":\"es\",\"potentialAction\":[{\"@type\":\"CommentAction\",\"name\":\"Comment\",\"target\":[\"https:\\\/\\\/lobosnews.com.ar\\\/index.php\\\/2026\\\/09\\\/03\\\/ricardo-darin-cuestiono-la-final-del-mundo-y-defendio-a-lionel-messi-la-seleccion-argentina-tenia-una-actitud-rara\\\/#respond\"]}]},{\"@type\":\"WebPage\",\"@id\":\"https:\\\/\\\/lobosnews.com.ar\\\/index.php\\\/2026\\\/09\\\/03\\\/ricardo-darin-cuestiono-la-final-del-mundo-y-defendio-a-lionel-messi-la-seleccion-argentina-tenia-una-actitud-rara\\\/\",\"url\":\"https:\\\/\\\/lobosnews.com.ar\\\/index.php\\\/2026\\\/09\\\/03\\\/ricardo-darin-cuestiono-la-final-del-mundo-y-defendio-a-lionel-messi-la-seleccion-argentina-tenia-una-actitud-rara\\\/\",\"name\":\"Ricardo Dar\u00edn cuestion\u00f3 la final del Mundo y defendi\u00f3 a Lionel Messi: \u201cLa Selecci\u00f3n argentina ten\u00eda una actitud rara\u201d - Lobos News\",\"isPartOf\":{\"@id\":\"https:\\\/\\\/lobosnews.com.ar\\\/#website\"},\"primaryImageOfPage\":{\"@id\":\"https:\\\/\\\/lobosnews.com.ar\\\/index.php\\\/2026\\\/09\\\/03\\\/ricardo-darin-cuestiono-la-final-del-mundo-y-defendio-a-lionel-messi-la-seleccion-argentina-tenia-una-actitud-rara\\\/#primaryimage\"},\"image\":{\"@id\":\"https:\\\/\\\/lobosnews.com.ar\\\/index.php\\\/2026\\\/09\\\/03\\\/ricardo-darin-cuestiono-la-final-del-mundo-y-defendio-a-lionel-messi-la-seleccion-argentina-tenia-una-actitud-rara\\\/#primaryimage\"},\"thumbnailUrl\":\"https:\\\/\\\/lobosnews.com.ar\\\/wp-content\\\/uploads\\\/2026\\\/09\\\/ricardo-darin-cuestiono-la-final-del-mundo-y-defendio-a-lionel-messi-la-seleccion-argentina-tenia-una-actitud-rara-2.jpg\",\"datePublished\":\"2026-09-03T00:43:56+00:00\",\"dateModified\":\"2026-09-03T07:20:24+00:00\",\"breadcrumb\":{\"@id\":\"https:\\\/\\\/lobosnews.com.ar\\\/index.php\\\/2026\\\/09\\\/03\\\/ricardo-darin-cuestiono-la-final-del-mundo-y-defendio-a-lionel-messi-la-seleccion-argentina-tenia-una-actitud-rara\\\/#breadcrumb\"},\"inLanguage\":\"es\",\"potentialAction\":[{\"@type\":\"ReadAction\",\"target\":[\"https:\\\/\\\/lobosnews.com.ar\\\/index.php\\\/2026\\\/09\\\/03\\\/ricardo-darin-cuestiono-la-final-del-mundo-y-defendio-a-lionel-messi-la-seleccion-argentina-tenia-una-actitud-rara\\\/\"]}]},{\"@type\":\"ImageObject\",\"inLanguage\":\"es\",\"@id\":\"https:\\\/\\\/lobosnews.com.ar\\\/index.php\\\/2026\\\/09\\\/03\\\/ricardo-darin-cuestiono-la-final-del-mundo-y-defendio-a-lionel-messi-la-seleccion-argentina-tenia-una-actitud-rara\\\/#primaryimage\",\"url\":\"https:\\\/\\\/lobosnews.com.ar\\\/wp-content\\\/uploads\\\/2026\\\/09\\\/ricardo-darin-cuestiono-la-final-del-mundo-y-defendio-a-lionel-messi-la-seleccion-argentina-tenia-una-actitud-rara-2.jpg\",\"contentUrl\":\"https:\\\/\\\/lobosnews.com.ar\\\/wp-content\\\/uploads\\\/2026\\\/09\\\/ricardo-darin-cuestiono-la-final-del-mundo-y-defendio-a-lionel-messi-la-seleccion-argentina-tenia-una-actitud-rara-2.jpg\",\"width\":1920,\"height\":1279,\"caption\":\"Ricardo Dar\u00edn cuestion\u00f3 la final del Mundo y defendi\u00f3 a Lionel Messi: \u201cLa Selecci\u00f3n argentina ten\u00eda una actitud rara\u201d\"},{\"@type\":\"BreadcrumbList\",\"@id\":\"https:\\\/\\\/lobosnews.com.ar\\\/index.php\\\/2026\\\/09\\\/03\\\/ricardo-darin-cuestiono-la-final-del-mundo-y-defendio-a-lionel-messi-la-seleccion-argentina-tenia-una-actitud-rara\\\/#breadcrumb\",\"itemListElement\":[{\"@type\":\"ListItem\",\"position\":1,\"name\":\"Portada\",\"item\":\"https:\\\/\\\/lobosnews.com.ar\\\/\"},{\"@type\":\"ListItem\",\"position\":2,\"name\":\"Ricardo Dar\u00edn cuestion\u00f3 la final del Mundo y defendi\u00f3 a Lionel Messi: \u201cLa Selecci\u00f3n argentina ten\u00eda una actitud rara\u201d\"}]},{\"@type\":\"WebSite\",\"@id\":\"https:\\\/\\\/lobosnews.com.ar\\\/#website\",\"url\":\"https:\\\/\\\/lobosnews.com.ar\\\/\",\"name\":\"Lobos News\",\"description\":\"Informaci\u00f3n a cada instante\",\"publisher\":{\"@id\":\"https:\\\/\\\/lobosnews.com.ar\\\/#organization\"},\"potentialAction\":[{\"@type\":\"SearchAction\",\"target\":{\"@type\":\"EntryPoint\",\"urlTemplate\":\"https:\\\/\\\/lobosnews.com.ar\\\/?s={search_term_string}\"},\"query-input\":{\"@type\":\"PropertyValueSpecification\",\"valueRequired\":true,\"valueName\":\"search_term_string\"}}],\"inLanguage\":\"es\"},{\"@type\":\"Organization\",\"@id\":\"https:\\\/\\\/lobosnews.com.ar\\\/#organization\",\"name\":\"Lobos News\",\"url\":\"https:\\\/\\\/lobosnews.com.ar\\\/\",\"logo\":{\"@type\":\"ImageObject\",\"inLanguage\":\"es\",\"@id\":\"https:\\\/\\\/lobosnews.com.ar\\\/#\\\/schema\\\/logo\\\/image\\\/\",\"url\":\"https:\\\/\\\/lobosnews.com.ar\\\/wp-content\\\/uploads\\\/2026\\\/01\\\/logo-lobosnews.png\",\"contentUrl\":\"https:\\\/\\\/lobosnews.com.ar\\\/wp-content\\\/uploads\\\/2026\\\/01\\\/logo-lobosnews.png\",\"width\":500,\"height\":200,\"caption\":\"Lobos News\"},\"image\":{\"@id\":\"https:\\\/\\\/lobosnews.com.ar\\\/#\\\/schema\\\/logo\\\/image\\\/\"}},{\"@type\":\"Person\",\"@id\":\"https:\\\/\\\/lobosnews.com.ar\\\/#\\\/schema\\\/person\\\/232422a593d5c541dd9aef6aaed10943\",\"name\":\"admin\",\"image\":{\"@type\":\"ImageObject\",\"inLanguage\":\"es\",\"@id\":\"https:\\\/\\\/secure.gravatar.com\\\/avatar\\\/76e419471a2083bc3ceab22a763dbbf9b0c1bd15a6214cf3280e2c2dde4580f9?s=96&d=mm&r=g\",\"url\":\"https:\\\/\\\/secure.gravatar.com\\\/avatar\\\/76e419471a2083bc3ceab22a763dbbf9b0c1bd15a6214cf3280e2c2dde4580f9?s=96&d=mm&r=g\",\"contentUrl\":\"https:\\\/\\\/secure.gravatar.com\\\/avatar\\\/76e419471a2083bc3ceab22a763dbbf9b0c1bd15a6214cf3280e2c2dde4580f9?s=96&d=mm&r=g\",\"caption\":\"admin\"},\"sameAs\":[\"https:\\\/\\\/lobosnews.com.ar\"],\"url\":\"https:\\\/\\\/lobosnews.com.ar\\\/index.php\\\/author\\\/lobos-news\\\/\"}]}<\/script>\n<!-- \/ Yoast SEO plugin. -->","yoast_head_json":{"title":"Ricardo Dar\u00edn cuestion\u00f3 la final del Mundo y defendi\u00f3 a Lionel Messi: \u201cLa Selecci\u00f3n argentina ten\u00eda una actitud rara\u201d - Lobos News","robots":{"index":"index","follow":"follow","max-snippet":"max-snippet:-1","max-image-preview":"max-image-preview:large","max-video-preview":"max-video-preview:-1"},"canonical":"https:\/\/lobosnews.com.ar\/index.php\/2026\/09\/03\/ricardo-darin-cuestiono-la-final-del-mundo-y-defendio-a-lionel-messi-la-seleccion-argentina-tenia-una-actitud-rara\/","og_locale":"es_ES","og_type":"article","og_title":"Ricardo Dar\u00edn cuestion\u00f3 la final del Mundo y defendi\u00f3 a Lionel Messi: \u201cLa Selecci\u00f3n argentina ten\u00eda una actitud rara\u201d - Lobos News","og_description":"Ricardo Dar\u00edn analiz\u00f3 la final del Mundial que disput\u00f3 la Selecci\u00f3n argentina ante Espa\u00f1a y cuestion\u00f3 la actitud del equipo antes y durante el encuentro. El actor, que mantiene un v\u00ednculo cercano con el pa\u00eds europeo, se refiri\u00f3 al tema en una entrevista con Carlos Herrera para la radio COPE en Espa\u00f1a, en la que...","og_url":"https:\/\/lobosnews.com.ar\/index.php\/2026\/09\/03\/ricardo-darin-cuestiono-la-final-del-mundo-y-defendio-a-lionel-messi-la-seleccion-argentina-tenia-una-actitud-rara\/","og_site_name":"Lobos News","article_published_time":"2026-09-03T00:43:56+00:00","article_modified_time":"2026-09-03T07:20:24+00:00","og_image":[{"width":1920,"height":1279,"url":"https:\/\/lobosnews.com.ar\/wp-content\/uploads\/2026\/09\/ricardo-darin-cuestiono-la-final-del-mundo-y-defendio-a-lionel-messi-la-seleccion-argentina-tenia-una-actitud-rara-2.jpg","type":"image\/jpeg"}],"author":"admin","twitter_card":"summary_large_image","twitter_misc":{"Escrito por":"admin","Tiempo de lectura":"4 minutos"},"schema":{"@context":"https:\/\/schema.org","@graph":[{"@type":"Article","@id":"https:\/\/lobosnews.com.ar\/index.php\/2026\/09\/03\/ricardo-darin-cuestiono-la-final-del-mundo-y-defendio-a-lionel-messi-la-seleccion-argentina-tenia-una-actitud-rara\/#article","isPartOf":{"@id":"https:\/\/lobosnews.com.ar\/index.php\/2026\/09\/03\/ricardo-darin-cuestiono-la-final-del-mundo-y-defendio-a-lionel-messi-la-seleccion-argentina-tenia-una-actitud-rara\/"},"author":{"name":"admin","@id":"https:\/\/lobosnews.com.ar\/#\/schema\/person\/232422a593d5c541dd9aef6aaed10943"},"headline":"Ricardo Dar\u00edn cuestion\u00f3 la final del Mundo y defendi\u00f3 a Lionel Messi: \u201cLa Selecci\u00f3n argentina ten\u00eda una actitud rara\u201d","datePublished":"2026-09-03T00:43:56+00:00","dateModified":"2026-09-03T07:20:24+00:00","mainEntityOfPage":{"@id":"https:\/\/lobosnews.com.ar\/index.php\/2026\/09\/03\/ricardo-darin-cuestiono-la-final-del-mundo-y-defendio-a-lionel-messi-la-seleccion-argentina-tenia-una-actitud-rara\/"},"wordCount":774,"commentCount":0,"publisher":{"@id":"https:\/\/lobosnews.com.ar\/#organization"},"image":{"@id":"https:\/\/lobosnews.com.ar\/index.php\/2026\/09\/03\/ricardo-darin-cuestiono-la-final-del-mundo-y-defendio-a-lionel-messi-la-seleccion-argentina-tenia-una-actitud-rara\/#primaryimage"},"thumbnailUrl":"https:\/\/lobosnews.com.ar\/wp-content\/uploads\/2026\/09\/ricardo-darin-cuestiono-la-final-del-mundo-y-defendio-a-lionel-messi-la-seleccion-argentina-tenia-una-actitud-rara-2.jpg","articleSection":["Cine y Series"],"inLanguage":"es","potentialAction":[{"@type":"CommentAction","name":"Comment","target":["https:\/\/lobosnews.com.ar\/index.php\/2026\/09\/03\/ricardo-darin-cuestiono-la-final-del-mundo-y-defendio-a-lionel-messi-la-seleccion-argentina-tenia-una-actitud-rara\/#respond"]}]},{"@type":"WebPage","@id":"https:\/\/lobosnews.com.ar\/index.php\/2026\/09\/03\/ricardo-darin-cuestiono-la-final-del-mundo-y-defendio-a-lionel-messi-la-seleccion-argentina-tenia-una-actitud-rara\/","url":"https:\/\/lobosnews.com.ar\/index.php\/2026\/09\/03\/ricardo-darin-cuestiono-la-final-del-mundo-y-defendio-a-lionel-messi-la-seleccion-argentina-tenia-una-actitud-rara\/","name":"Ricardo Dar\u00edn cuestion\u00f3 la final del Mundo y defendi\u00f3 a Lionel Messi: \u201cLa Selecci\u00f3n argentina ten\u00eda una actitud rara\u201d - Lobos News","isPartOf":{"@id":"https:\/\/lobosnews.com.ar\/#website"},"primaryImageOfPage":{"@id":"https:\/\/lobosnews.com.ar\/index.php\/2026\/09\/03\/ricardo-darin-cuestiono-la-final-del-mundo-y-defendio-a-lionel-messi-la-seleccion-argentina-tenia-una-actitud-rara\/#primaryimage"},"image":{"@id":"https:\/\/lobosnews.com.ar\/index.php\/2026\/09\/03\/ricardo-darin-cuestiono-la-final-del-mundo-y-defendio-a-lionel-messi-la-seleccion-argentina-tenia-una-actitud-rara\/#primaryimage"},"thumbnailUrl":"https:\/\/lobosnews.com.ar\/wp-content\/uploads\/2026\/09\/ricardo-darin-cuestiono-la-final-del-mundo-y-defendio-a-lionel-messi-la-seleccion-argentina-tenia-una-actitud-rara-2.jpg","datePublished":"2026-09-03T00:43:56+00:00","dateModified":"2026-09-03T07:20:24+00:00","breadcrumb":{"@id":"https:\/\/lobosnews.com.ar\/index.php\/2026\/09\/03\/ricardo-darin-cuestiono-la-final-del-mundo-y-defendio-a-lionel-messi-la-seleccion-argentina-tenia-una-actitud-rara\/#breadcrumb"},"inLanguage":"es","potentialAction":[{"@type":"ReadAction","target":["https:\/\/lobosnews.com.ar\/index.php\/2026\/09\/03\/ricardo-darin-cuestiono-la-final-del-mundo-y-defendio-a-lionel-messi-la-seleccion-argentina-tenia-una-actitud-rara\/"]}]},{"@type":"ImageObject","inLanguage":"es","@id":"https:\/\/lobosnews.com.ar\/index.php\/2026\/09\/03\/ricardo-darin-cuestiono-la-final-del-mundo-y-defendio-a-lionel-messi-la-seleccion-argentina-tenia-una-actitud-rara\/#primaryimage","url":"https:\/\/lobosnews.com.ar\/wp-content\/uploads\/2026\/09\/ricardo-darin-cuestiono-la-final-del-mundo-y-defendio-a-lionel-messi-la-seleccion-argentina-tenia-una-actitud-rara-2.jpg","contentUrl":"https:\/\/lobosnews.com.ar\/wp-content\/uploads\/2026\/09\/ricardo-darin-cuestiono-la-final-del-mundo-y-defendio-a-lionel-messi-la-seleccion-argentina-tenia-una-actitud-rara-2.jpg","width":1920,"height":1279,"caption":"Ricardo Dar\u00edn cuestion\u00f3 la final del Mundo y defendi\u00f3 a Lionel Messi: \u201cLa Selecci\u00f3n argentina ten\u00eda una actitud rara\u201d"},{"@type":"BreadcrumbList","@id":"https:\/\/lobosnews.com.ar\/index.php\/2026\/09\/03\/ricardo-darin-cuestiono-la-final-del-mundo-y-defendio-a-lionel-messi-la-seleccion-argentina-tenia-una-actitud-rara\/#breadcrumb","itemListElement":[{"@type":"ListItem","position":1,"name":"Portada","item":"https:\/\/lobosnews.com.ar\/"},{"@type":"ListItem","position":2,"name":"Ricardo Dar\u00edn cuestion\u00f3 la final del Mundo y defendi\u00f3 a Lionel Messi: \u201cLa Selecci\u00f3n argentina ten\u00eda una actitud rara\u201d"}]},{"@type":"WebSite","@id":"https:\/\/lobosnews.com.ar\/#website","url":"https:\/\/lobosnews.com.ar\/","name":"Lobos News","description":"Informaci\u00f3n a cada instante","publisher":{"@id":"https:\/\/lobosnews.com.ar\/#organization"},"potentialAction":[{"@type":"SearchAction","target":{"@type":"EntryPoint","urlTemplate":"https:\/\/lobosnews.com.ar\/?s={search_term_string}"},"query-input":{"@type":"PropertyValueSpecification","valueRequired":true,"valueName":"search_term_string"}}],"inLanguage":"es"},{"@type":"Organization","@id":"https:\/\/lobosnews.com.ar\/#organization","name":"Lobos News","url":"https:\/\/lobosnews.com.ar\/","logo":{"@type":"ImageObject","inLanguage":"es","@id":"https:\/\/lobosnews.com.ar\/#\/schema\/logo\/image\/","url":"https:\/\/lobosnews.com.ar\/wp-content\/uploads\/2026\/01\/logo-lobosnews.png","contentUrl":"https:\/\/lobosnews.com.ar\/wp-content\/uploads\/2026\/01\/logo-lobosnews.png","width":500,"height":200,"caption":"Lobos News"},"image":{"@id":"https:\/\/lobosnews.com.ar\/#\/schema\/logo\/image\/"}},{"@type":"Person","@id":"https:\/\/lobosnews.com.ar\/#\/schema\/person\/232422a593d5c541dd9aef6aaed10943","name":"admin","image":{"@type":"ImageObject","inLanguage":"es","@id":"https:\/\/secure.gravatar.com\/avatar\/76e419471a2083bc3ceab22a763dbbf9b0c1bd15a6214cf3280e2c2dde4580f9?s=96&d=mm&r=g","url":"https:\/\/secure.gravatar.com\/avatar\/76e419471a2083bc3ceab22a763dbbf9b0c1bd15a6214cf3280e2c2dde4580f9?s=96&d=mm&r=g","contentUrl":"https:\/\/secure.gravatar.com\/avatar\/76e419471a2083bc3ceab22a763dbbf9b0c1bd15a6214cf3280e2c2dde4580f9?s=96&d=mm&r=g","caption":"admin"},"sameAs":["https:\/\/lobosnews.com.ar"],"url":"https:\/\/lobosnews.com.ar\/index.php\/author\/lobos-news\/"}]}},"jetpack_featured_media_url":"https:\/\/lobosnews.com.ar\/wp-content\/uploads\/2026\/09\/ricardo-darin-cuestiono-la-final-del-mundo-y-defendio-a-lionel-messi-la-seleccion-argentina-tenia-una-actitud-rara-2.jpg","jetpack_sharing_enabled":true,"_links":{"self":[{"href":"https:\/\/lobosnews.com.ar\/index.php\/wp-json\/wp\/v2\/posts\/96767","targetHints":{"allow":["GET"]}}],"collection":[{"href":"https:\/\/lobosnews.com.ar\/index.php\/wp-json\/wp\/v2\/posts"}],"about":[{"href":"https:\/\/lobosnews.com.ar\/index.php\/wp-json\/wp\/v2\/types\/post"}],"author":[{"embeddable":true,"href":"https:\/\/lobosnews.com.ar\/index.php\/wp-json\/wp\/v2\/users\/1"}],"replies":[{"embeddable":true,"href":"https:\/\/lobosnews.com.ar\/index.php\/wp-json\/wp\/v2\/comments?post=96767"}],"version-history":[{"count":1,"href":"https:\/\/lobosnews.com.ar\/index.php\/wp-json\/wp\/v2\/posts\/96767\/revisions"}],"predecessor-version":[{"id":96770,"href":"https:\/\/lobosnews.com.ar\/index.php\/wp-json\/wp\/v2\/posts\/96767\/revisions\/96770"}],"wp:featuredmedia":[{"embeddable":true,"href":"https:\/\/lobosnews.com.ar\/index.php\/wp-json\/wp\/v2\/media\/96771"}],"wp:attachment":[{"href":"https:\/\/lobosnews.com.ar\/index.php\/wp-json\/wp\/v2\/media?parent=96767"}],"wp:term":[{"taxonomy":"category","embeddable":true,"href":"https:\/\/lobosnews.com.ar\/index.php\/wp-json\/wp\/v2\/categories?post=96767"},{"taxonomy":"post_tag","embeddable":true,"href":"https:\/\/lobosnews.com.ar\/index.php\/wp-json\/wp\/v2\/tags?post=96767"}],"curies":[{"name":"wp","href":"https:\/\/api.w.org\/{rel}","templated":true}]}}