{"id":96718,"date":"2026-09-03T05:40:13","date_gmt":"2026-09-03T05:40:13","guid":{"rendered":"https:\/\/lobosnews.com.ar\/?p=96718"},"modified":"2026-09-03T07:19:31","modified_gmt":"2026-09-03T07:19:31","slug":"debuto-en-la-seleccion-de-su-pais-natal-a-los-17-anos-pero-decidio-jugar-para-argentina-no-le-tiene-miedo-a-los-retos","status":"publish","type":"post","link":"https:\/\/lobosnews.com.ar\/index.php\/2026\/09\/03\/debuto-en-la-seleccion-de-su-pais-natal-a-los-17-anos-pero-decidio-jugar-para-argentina-no-le-tiene-miedo-a-los-retos\/","title":{"rendered":"Debut\u00f3 en la selecci\u00f3n de su pa\u00eds natal a los 17 a\u00f1os, pero decidi\u00f3 jugar para Argentina: \u201cNo le tiene miedo a los retos\u201d"},"content":{"rendered":"<p>En la actualidad, las categor\u00edas formativas de la <b>selecci\u00f3n argentina femenina<\/b> son un tejido de historias dispersas por el mundo, un mapa con nombres de adolescentes que encontraron su acento en otras latitudes pero eligieron la camiseta celeste y blanca. Entre las rutas que cruzan fronteras y pasaportes, la de <b>Emma Azofeifa<\/b> tiene la textura de una biograf\u00eda plural: hija de un costarricense y una argentina, su andar por el deporte es una sucesi\u00f3n de estaciones en <b>Costa Rica<\/b> pero que se detiene en Argentina. <\/p>\n<p>El caso de Emma Azofeifa sobresale no solo por su talento, sino por el entramado de decisiones y sacrificios que marcaron su camino hasta la selecci\u00f3n dirigida por <b>Christian Meloni<\/b>. Nacida en Costa Rica, pa\u00eds de poco m\u00e1s de cinco millones de habitantes, la joven delantera hered\u00f3 una pasi\u00f3n deportiva que atraves\u00f3 fronteras y disciplinas.<\/p>\n<p><img loading=\"lazy\" decoding=\"async\" src=\"https:\/\/lobosnews.com.ar\/wp-content\/uploads\/2026\/09\/debuto-en-la-seleccion-de-su-pais-natal-a-los-17-anos-pero-decidio-jugar-para-argentina-no-le-tiene-miedo-a-los-retos.jpg\" alt=\"Emma Azofeifa, criada en Costa Rica comenz\u00f3 su camino en el deporte hasta consolidarse en el f\u00fatbol (@emmaazofeifaa)\" height=\"2730\" width=\"4096\"\/><\/p>\n<p>Desde peque\u00f1a, el deporte ocupa un lugar central en su vida. Su madre, <b>Mariana Luzuriaga Cavani<\/b>, argentina, y su padre, costarricense, transmitieron esa herencia de actividad f\u00edsica y superaci\u00f3n. Mariana fue tenista federada en Argentina y m\u00e1s tarde jug\u00f3 v\u00f3ley en GEBA, antes de mudarse a Costa Rica estudi\u00f3 Periodismo Deportivo y hoy se dedica al coaching deportivo. \u201cPara m\u00ed el deporte es superimportante\u201d, comparti\u00f3 la madre de Emma en di\u00e1logo con<b> Infobae<\/b>.<\/p>\n<p>La vida de la joven futbolista estuvo atravesada por el movimiento y el esfuerzo desde edades muy tempranas. \u201c<b>A los cuatro a\u00f1os ya llamaba la atenci\u00f3n por su contextura f\u00edsica, estaba marcada, muy musculosa. Tiene una mezcla de motivaci\u00f3n y gen\u00e9tica<\/b>\u201d, relat\u00f3 su madre. Emma comenz\u00f3 gimnasia a poco m\u00e1s de un a\u00f1o y medio de vida, en una instituci\u00f3n que formaba a deportistas ol\u00edmpicos. Adem\u00e1s, en la escuela practic\u00f3 f\u00fatbol, en simult\u00e1neo con nataci\u00f3n y atletismo, y se destac\u00f3 por su velocidad y potencia, especialmente en pruebas de 50 y 100 metros.<\/p>\n<p>Su infancia transcurri\u00f3 entre distintas disciplinas. \u201c<b>Fue una chiquita que te dabas cuenta que iba a hacer alg\u00fan deporte de alto rendimiento<\/b>\u201d, remarc\u00f3 Mariana Luzuriaga Cavani. Y el f\u00fatbol, finalmente, prevaleci\u00f3 sobre el resto. A los trece a\u00f1os, Emma afront\u00f3 un cambio decisivo en su formaci\u00f3n deportiva: dej\u00f3 de entrenar con varones al incorporarse a la Sub-15 y fue seleccionada para el proyecto FIFA Talent de la <b>Federaci\u00f3n Costarricense de F\u00fatbol<\/b>. Desde ese momento, su rutina se volvi\u00f3 m\u00e1s intensa, asistiendo tres veces por semana a entrenamientos de aproximadamente tres horas, lo que fortaleci\u00f3 su v\u00ednculo con la selecci\u00f3n y consolid\u00f3 su motivaci\u00f3n por el f\u00fatbol de alto rendimiento.<\/p>\n<p><img loading=\"lazy\" decoding=\"async\" src=\"https:\/\/lobosnews.com.ar\/wp-content\/uploads\/2026\/09\/debuto-en-la-seleccion-de-su-pais-natal-a-los-17-anos-pero-decidio-jugar-para-argentina-no-le-tiene-miedo-a-los-retos-1.jpg\" alt=\"La joven delantera construy\u00f3 su carrera en el f\u00fatbol tico (@emmaazofeifaa)\" height=\"544\" width=\"720\"\/><\/p>\n<p>El proceso de convocatoria no se detuvo: cada semana, Emma recib\u00eda el llamado de la federaci\u00f3n para sumarse a las pr\u00e1cticas, lo que le permiti\u00f3 adaptarse al entorno de selecci\u00f3n y empezar a vestir la indumentaria oficial de Costa Rica. Pronto, su desempe\u00f1o la llev\u00f3 a integrar el equipo que particip\u00f3 en el Torneo Sub-15 de Concacaf. En el debut, Costa Rica venci\u00f3 9-0 a Hait\u00ed y Emma anot\u00f3 uno de los goles.<\/p>\n<p>Avanzando en su carrera, en enero y febrero de 2025, Emma fue convocada para disputar la primera fase de las <b>Clasificatorias Femeninas Sub-17 de Concacaf<\/b>, rumbo al Mundial de Marruecos. En el debut, la selecci\u00f3n costarricense gole\u00f3 7-0 a Granada y Emma convirti\u00f3 el quinto gol del partido. El equipo logr\u00f3 avanzar de fase y asegur\u00f3 uno de los cuatro cupos de Concacaf para la cita mundialista.<\/p>\n<p>Ya consolidada en el plantel, Emma integr\u00f3 la delegaci\u00f3n de Costa Rica en el Mundial Femenino Sub-17 de Marruecos 2025. FIFA la incluy\u00f3 oficialmente en la lista de jugadoras del torneo. Aunque el equipo qued\u00f3 eliminado en la fase de grupos, la delantera tuvo participaci\u00f3n activa y, en el partido ante Marruecos, fue la autora de la asistencia a <b>Naima Moya<\/b> para el \u00fanico gol costarricense en ese encuentro. Ese mismo a\u00f1o, fue promovida a la <b>selecci\u00f3n Sub-20 de Costa Rica<\/b> para disputar el torneo de Concacaf, un salto que confirm\u00f3 su proyecci\u00f3n dentro del f\u00fatbol femenino del pa\u00eds. <\/p>\n<p>La exigencia f\u00edsica y el compromiso fueron constantes en la vida de Emma. Su madre record\u00f3: <b>\u201cFue un sacrificio enorme porque desde chiquita ella antes se levantaba muy temprano para ir al club del colegio de atletismo. Nunca le cost\u00f3 la actividad f\u00edsica y siempre ten\u00eda una motivaci\u00f3n, como para ir a entrenar a las cinco de la ma\u00f1ana. Y vos dec\u00edas: \u2018\u00bfPor qu\u00e9 atletismo?\u2019<\/b>\u201d.<\/p>\n<p><img loading=\"lazy\" decoding=\"async\" src=\"https:\/\/lobosnews.com.ar\/wp-content\/uploads\/2026\/09\/debuto-en-la-seleccion-de-su-pais-natal-a-los-17-anos-pero-decidio-jugar-para-argentina-no-le-tiene-miedo-a-los-retos-2.jpg\" alt=\"Emma Azofeifa logr\u00f3 consolidarse en la selecci\u00f3n Mayor de Costa Rica antes de recibir el primer llamado para representara a Argentina (@emmaazofeifaa)\" height=\"2730\" width=\"4096\"\/><\/p>\n<p>En junio de 2026, a los 17 a\u00f1os, Emma logr\u00f3 el objetivo de toda futbolista juvenil: debutar con la <b>selecci\u00f3n mayor de Costa Rica<\/b> en un amistoso frente a El Salvador. Este hecho la posicion\u00f3 como una de las promesas m\u00e1s j\u00f3venes en alcanzar esa instancia. Tras ese recorrido, la delantera tom\u00f3 una decisi\u00f3n inesperada y definitiva: dejar de vestir los colores de Costa Rica para sumarse a la <i>Albiceleste<\/i>. Este giro marc\u00f3 un antes y un despu\u00e9s en su carrera, abriendo una nueva etapa en el f\u00fatbol argentino tras un proceso formativo y competitivo \u00edntegramente desarrollado en el sistema costarricense.<\/p>\n<p>\u201c<b>El sacrificio que ella hizo por ir a Argentina, por cambiar de selecci\u00f3n fue enorme, porque dej\u00f3 su zona de confort, dej\u00f3 su equipo de toda la vida para incorporarse a un equipo m\u00e1s competitivo, un pa\u00eds que tiene much\u00edsima m\u00e1s gente. El hecho de que se haya ido para Argentina todav\u00eda fue como: \u2018Guau, esta chiquita no se conforma y quiere mejorar y quiere buscar la mayor excelencia posible y no le tiene miedo a los retos\u2019<\/b>\u201d, comparti\u00f3 su madre.<\/p>\n<p>Detr\u00e1s de esa elecci\u00f3n se encuentra una fuerte identidad argentina. Su madre y toda la familia materna son argentinos: abuelos, t\u00edos, primos. Incluso su abuelo, que cumplir\u00e1 102 a\u00f1os el pr\u00f3ximo mes, fue nadador de aguas abiertas. La posibilidad de jugar en el seleccionado argentino le permiti\u00f3 a Emma acercarse a\u00fan m\u00e1s a sus ra\u00edces familiares y representar la camiseta albiceleste.<\/p>\n<p><img loading=\"lazy\" decoding=\"async\" src=\"https:\/\/lobosnews.com.ar\/wp-content\/uploads\/2026\/09\/debuto-en-la-seleccion-de-su-pais-natal-a-los-17-anos-pero-decidio-jugar-para-argentina-no-le-tiene-miedo-a-los-retos-3.jpg\" alt=\"Una historia de sangre y decisi\u00f3n a sus 17 a\u00f1os le permitieron realizar el cambio de selecci\u00f3n y fue convocada por Christian Meloni (@emmaazofeifaa)\" height=\"782\" width=\"1170\"\/><\/p>\n<p>Mariana enfatiz\u00f3 en que, a pesar de su nacionalidad, nunca influy\u00f3 en la decisi\u00f3n de Emma: \u201cYo sinceramente nunca la presion\u00e9. Todo fue decisi\u00f3n de ella\u201d. La madre record\u00f3 la charla que mantuvieron cuando Emma le pregunt\u00f3: \u201c\u2018Mami, \u00bfqu\u00e9 hago?\u2019\u201d, a lo que respondi\u00f3: \u201cYo te apoyo. Si quer\u00e9s quedarte, te qued\u00e1s. Si te quer\u00e9s ir, te vas. Para m\u00ed sos lo m\u00e1ximo en cualquier selecci\u00f3n que jugu\u00e9s\u201d. \u201cElla fue la que dijo: <b>\u2018No, yo quiero salirme de la zona de confort\u2019, y vaya que s\u00ed se sali\u00f3<\/b>\u201d, complet\u00f3 Mariana.<\/p>\n<p>El contacto con Christian Meloni marc\u00f3 el inicio del proceso de cambio. A principios de a\u00f1o, el t\u00e9cnico se comunic\u00f3 con el entorno de Emma para convocarla a una serie de amistosos frente a Chile con la Sub 17 y la Sub 20, que se entrenan en simult\u00e1neo. En ese momento, la joven a\u00fan no pod\u00eda participar porque faltaba la aprobaci\u00f3n del <b>One Time Switch<\/b>, la regla de FIFA que habilita un cambio de federaci\u00f3n nacional bajo ciertos requisitos. Tras la gesti\u00f3n que conlleva un conjunto de requisitos rigurosos, el permiso fue concedido.<\/p>\n<p>Mariana consider\u00f3 que la decisi\u00f3n de su hija se vincula fuertemente con su familia argentina: \u201c<b>Creo que ella tiene ese honor y esa sangre. No es que ac\u00e1 en Costa Rica no lo tengan, pero tiene esa garra, esas ganas de vestir la camiseta de Argentina<\/b>, porque obviamente hay todo un background atr\u00e1s por parte m\u00edo y por mi familia que la ha ligado la sangre, la cultura y la identidad que nosotros tenemos, deportiva y sobre todo futbol\u00edstica\u201d.<\/p>\n<p><img loading=\"lazy\" decoding=\"async\" src=\"https:\/\/lobosnews.com.ar\/wp-content\/uploads\/2026\/09\/debuto-en-la-seleccion-de-su-pais-natal-a-los-17-anos-pero-decidio-jugar-para-argentina-no-le-tiene-miedo-a-los-retos-4.jpg\" alt=\"La joven delantera abri\u00f3 una nueva etapa con la camiseta albiceleste y empezar a desarrollar su carrera en las categor\u00edas formativas antes de competir en Estados Unidos (@emmaazofeifaa)\" height=\"1560\" width=\"1170\"\/><\/p>\n<p>Aun as\u00ed, la transici\u00f3n no fue sencilla para Emma. Implic\u00f3 alejarse de su entorno cotidiano y de la rutina familiar a los 17 a\u00f1os, adem\u00e1s de aceptar que no podr\u00eda volver a participar en campeonatos en los que represent\u00f3 a Costa Rica, como el Mundial Sub-17 de octubre, donde Argentina ser\u00e1 uno de los equipos presentes.<\/p>\n<p>Con decisi\u00f3n y madurez, Emma opt\u00f3 por el camino m\u00e1s largo, dispuesta a comenzar desde las categor\u00edas formativas del f\u00fatbol argentino. El cuerpo t\u00e9cnico la recibi\u00f3 con apertura y reconoci\u00f3 su proyecci\u00f3n y disciplina. El esfuerzo de la delantera no pas\u00f3 desapercibido en su nueva familia deportiva, que valora tanto su recorrido como su determinaci\u00f3n.<\/p>\n<p>Tras este salto, el futuro de Emma se orienta al plano internacional. Pronto continuar\u00e1 su carrera en <b>Arizona State University<\/b>, en Estados Unidos, donde competir\u00e1 en la Divisi\u00f3n 1 y la conferencia Big 12, mientras avanza en sus estudios. Antes de este desaf\u00edo, la delantera jug\u00f3 en el <b>Sporting FC de Costa Rica<\/b>, donde consolid\u00f3 una trayectoria que la llev\u00f3 de los clubes locales a la escena global.<\/p>\n","protected":false},"excerpt":{"rendered":"<p>En la actualidad, las categor\u00edas formativas de la selecci\u00f3n argentina femenina son un tejido de historias dispersas por el mundo, un mapa con nombres de adolescentes que encontraron su acento en otras latitudes pero eligieron la camiseta celeste y blanca. Entre las rutas que cruzan fronteras y pasaportes, la de Emma Azofeifa tiene la textura&#8230;<\/p>\n","protected":false},"author":1,"featured_media":0,"comment_status":"open","ping_status":"closed","sticky":false,"template":"","format":"standard","meta":{"_jetpack_newsletter_access":"","_jetpack_dont_email_post_to_subs":false,"_jetpack_newsletter_tier_id":0,"_jetpack_memberships_contains_paywalled_content":false,"_jetpack_memberships_contains_paid_content":false,"footnotes":"","jetpack_post_was_ever_published":false},"categories":[30],"tags":[39],"class_list":["post-96718","post","type-post","status-publish","format-standard","hentry","category-argentina","tag-deportes"],"magazineBlocksPostFeaturedMedia":{"thumbnail":false,"medium":false,"medium_large":false,"large":false,"1536x1536":false,"2048x2048":false,"newsmatic-featured":false,"newsmatic-list":false,"newsmatic-thumb":false,"newsmatic-small":false,"newsmatic-grid":false},"magazineBlocksPostAuthor":{"name":"admin","avatar":"https:\/\/secure.gravatar.com\/avatar\/76e419471a2083bc3ceab22a763dbbf9b0c1bd15a6214cf3280e2c2dde4580f9?s=96&d=mm&r=g"},"magazineBlocksPostCommentsNumber":"0","magazineBlocksPostExcerpt":"En la actualidad, las categor\u00edas formativas de la selecci\u00f3n argentina femenina son un tejido de historias dispersas por el mundo, un mapa con nombres de adolescentes que encontraron su acento en otras latitudes pero eligieron la camiseta celeste y blanca. Entre las rutas que cruzan fronteras y pasaportes, la de Emma Azofeifa tiene la textura...","magazineBlocksPostCategories":["Argentina"],"magazineBlocksPostViewCount":38,"magazineBlocksPostReadTime":8,"magazine_blocks_featured_image_url":{"full":false,"medium":false,"thumbnail":false},"magazine_blocks_author":{"display_name":"admin","author_link":"https:\/\/lobosnews.com.ar\/index.php\/author\/lobos-news\/"},"magazine_blocks_comment":0,"magazine_blocks_author_image":"https:\/\/secure.gravatar.com\/avatar\/76e419471a2083bc3ceab22a763dbbf9b0c1bd15a6214cf3280e2c2dde4580f9?s=96&d=mm&r=g","magazine_blocks_category":"<a href=\"#\" class=\"category-link category-link-30\">Argentina<\/a>","yoast_head":"<!-- This site is optimized with the Yoast SEO plugin v28.0 - https:\/\/yoast.com\/product\/yoast-seo-wordpress\/ -->\n<title>Debut\u00f3 en la selecci\u00f3n de su pa\u00eds natal a los 17 a\u00f1os, pero decidi\u00f3 jugar para Argentina: \u201cNo le tiene miedo a los retos\u201d - Lobos News<\/title>\n<meta name=\"robots\" content=\"index, follow, max-snippet:-1, max-image-preview:large, max-video-preview:-1\" \/>\n<link rel=\"canonical\" href=\"https:\/\/lobosnews.com.ar\/index.php\/2026\/09\/03\/debuto-en-la-seleccion-de-su-pais-natal-a-los-17-anos-pero-decidio-jugar-para-argentina-no-le-tiene-miedo-a-los-retos\/\" \/>\n<meta property=\"og:locale\" content=\"es_ES\" \/>\n<meta property=\"og:type\" content=\"article\" \/>\n<meta property=\"og:title\" content=\"Debut\u00f3 en la selecci\u00f3n de su pa\u00eds natal a los 17 a\u00f1os, pero decidi\u00f3 jugar para Argentina: \u201cNo le tiene miedo a los retos\u201d - Lobos News\" \/>\n<meta property=\"og:description\" content=\"En la actualidad, las categor\u00edas formativas de la selecci\u00f3n argentina femenina son un tejido de historias dispersas por el mundo, un mapa con nombres de adolescentes que encontraron su acento en otras latitudes pero eligieron la camiseta celeste y blanca. Entre las rutas que cruzan fronteras y pasaportes, la de Emma Azofeifa tiene la textura...\" \/>\n<meta property=\"og:url\" content=\"https:\/\/lobosnews.com.ar\/index.php\/2026\/09\/03\/debuto-en-la-seleccion-de-su-pais-natal-a-los-17-anos-pero-decidio-jugar-para-argentina-no-le-tiene-miedo-a-los-retos\/\" \/>\n<meta property=\"og:site_name\" content=\"Lobos News\" \/>\n<meta property=\"article:published_time\" content=\"2026-09-03T05:40:13+00:00\" \/>\n<meta property=\"article:modified_time\" content=\"2026-09-03T07:19:31+00:00\" \/>\n<meta property=\"og:image\" content=\"https:\/\/lobosnews.com.ar\/wp-content\/uploads\/2026\/09\/debuto-en-la-seleccion-de-su-pais-natal-a-los-17-anos-pero-decidio-jugar-para-argentina-no-le-tiene-miedo-a-los-retos.jpg\" \/>\n<meta name=\"author\" content=\"admin\" \/>\n<meta name=\"twitter:card\" content=\"summary_large_image\" \/>\n<meta name=\"twitter:label1\" content=\"Escrito por\" \/>\n\t<meta name=\"twitter:data1\" content=\"admin\" \/>\n\t<meta name=\"twitter:label2\" content=\"Tiempo de lectura\" \/>\n\t<meta name=\"twitter:data2\" content=\"8 minutos\" \/>\n<script type=\"application\/ld+json\" class=\"yoast-schema-graph\">{\"@context\":\"https:\\\/\\\/schema.org\",\"@graph\":[{\"@type\":\"Article\",\"@id\":\"https:\\\/\\\/lobosnews.com.ar\\\/index.php\\\/2026\\\/09\\\/03\\\/debuto-en-la-seleccion-de-su-pais-natal-a-los-17-anos-pero-decidio-jugar-para-argentina-no-le-tiene-miedo-a-los-retos\\\/#article\",\"isPartOf\":{\"@id\":\"https:\\\/\\\/lobosnews.com.ar\\\/index.php\\\/2026\\\/09\\\/03\\\/debuto-en-la-seleccion-de-su-pais-natal-a-los-17-anos-pero-decidio-jugar-para-argentina-no-le-tiene-miedo-a-los-retos\\\/\"},\"author\":{\"name\":\"admin\",\"@id\":\"https:\\\/\\\/lobosnews.com.ar\\\/#\\\/schema\\\/person\\\/232422a593d5c541dd9aef6aaed10943\"},\"headline\":\"Debut\u00f3 en la selecci\u00f3n de su pa\u00eds natal a los 17 a\u00f1os, pero decidi\u00f3 jugar para Argentina: \u201cNo le tiene miedo a los retos\u201d\",\"datePublished\":\"2026-09-03T05:40:13+00:00\",\"dateModified\":\"2026-09-03T07:19:31+00:00\",\"mainEntityOfPage\":{\"@id\":\"https:\\\/\\\/lobosnews.com.ar\\\/index.php\\\/2026\\\/09\\\/03\\\/debuto-en-la-seleccion-de-su-pais-natal-a-los-17-anos-pero-decidio-jugar-para-argentina-no-le-tiene-miedo-a-los-retos\\\/\"},\"wordCount\":1528,\"commentCount\":0,\"publisher\":{\"@id\":\"https:\\\/\\\/lobosnews.com.ar\\\/#organization\"},\"image\":{\"@id\":\"https:\\\/\\\/lobosnews.com.ar\\\/index.php\\\/2026\\\/09\\\/03\\\/debuto-en-la-seleccion-de-su-pais-natal-a-los-17-anos-pero-decidio-jugar-para-argentina-no-le-tiene-miedo-a-los-retos\\\/#primaryimage\"},\"thumbnailUrl\":\"https:\\\/\\\/lobosnews.com.ar\\\/wp-content\\\/uploads\\\/2026\\\/09\\\/debuto-en-la-seleccion-de-su-pais-natal-a-los-17-anos-pero-decidio-jugar-para-argentina-no-le-tiene-miedo-a-los-retos.jpg\",\"keywords\":[\"Deportes\"],\"articleSection\":[\"Argentina\"],\"inLanguage\":\"es\",\"potentialAction\":[{\"@type\":\"CommentAction\",\"name\":\"Comment\",\"target\":[\"https:\\\/\\\/lobosnews.com.ar\\\/index.php\\\/2026\\\/09\\\/03\\\/debuto-en-la-seleccion-de-su-pais-natal-a-los-17-anos-pero-decidio-jugar-para-argentina-no-le-tiene-miedo-a-los-retos\\\/#respond\"]}]},{\"@type\":\"WebPage\",\"@id\":\"https:\\\/\\\/lobosnews.com.ar\\\/index.php\\\/2026\\\/09\\\/03\\\/debuto-en-la-seleccion-de-su-pais-natal-a-los-17-anos-pero-decidio-jugar-para-argentina-no-le-tiene-miedo-a-los-retos\\\/\",\"url\":\"https:\\\/\\\/lobosnews.com.ar\\\/index.php\\\/2026\\\/09\\\/03\\\/debuto-en-la-seleccion-de-su-pais-natal-a-los-17-anos-pero-decidio-jugar-para-argentina-no-le-tiene-miedo-a-los-retos\\\/\",\"name\":\"Debut\u00f3 en la selecci\u00f3n de su pa\u00eds natal a los 17 a\u00f1os, pero decidi\u00f3 jugar para Argentina: \u201cNo le tiene miedo a los retos\u201d - Lobos News\",\"isPartOf\":{\"@id\":\"https:\\\/\\\/lobosnews.com.ar\\\/#website\"},\"primaryImageOfPage\":{\"@id\":\"https:\\\/\\\/lobosnews.com.ar\\\/index.php\\\/2026\\\/09\\\/03\\\/debuto-en-la-seleccion-de-su-pais-natal-a-los-17-anos-pero-decidio-jugar-para-argentina-no-le-tiene-miedo-a-los-retos\\\/#primaryimage\"},\"image\":{\"@id\":\"https:\\\/\\\/lobosnews.com.ar\\\/index.php\\\/2026\\\/09\\\/03\\\/debuto-en-la-seleccion-de-su-pais-natal-a-los-17-anos-pero-decidio-jugar-para-argentina-no-le-tiene-miedo-a-los-retos\\\/#primaryimage\"},\"thumbnailUrl\":\"https:\\\/\\\/lobosnews.com.ar\\\/wp-content\\\/uploads\\\/2026\\\/09\\\/debuto-en-la-seleccion-de-su-pais-natal-a-los-17-anos-pero-decidio-jugar-para-argentina-no-le-tiene-miedo-a-los-retos.jpg\",\"datePublished\":\"2026-09-03T05:40:13+00:00\",\"dateModified\":\"2026-09-03T07:19:31+00:00\",\"breadcrumb\":{\"@id\":\"https:\\\/\\\/lobosnews.com.ar\\\/index.php\\\/2026\\\/09\\\/03\\\/debuto-en-la-seleccion-de-su-pais-natal-a-los-17-anos-pero-decidio-jugar-para-argentina-no-le-tiene-miedo-a-los-retos\\\/#breadcrumb\"},\"inLanguage\":\"es\",\"potentialAction\":[{\"@type\":\"ReadAction\",\"target\":[\"https:\\\/\\\/lobosnews.com.ar\\\/index.php\\\/2026\\\/09\\\/03\\\/debuto-en-la-seleccion-de-su-pais-natal-a-los-17-anos-pero-decidio-jugar-para-argentina-no-le-tiene-miedo-a-los-retos\\\/\"]}]},{\"@type\":\"ImageObject\",\"inLanguage\":\"es\",\"@id\":\"https:\\\/\\\/lobosnews.com.ar\\\/index.php\\\/2026\\\/09\\\/03\\\/debuto-en-la-seleccion-de-su-pais-natal-a-los-17-anos-pero-decidio-jugar-para-argentina-no-le-tiene-miedo-a-los-retos\\\/#primaryimage\",\"url\":\"https:\\\/\\\/lobosnews.com.ar\\\/wp-content\\\/uploads\\\/2026\\\/09\\\/debuto-en-la-seleccion-de-su-pais-natal-a-los-17-anos-pero-decidio-jugar-para-argentina-no-le-tiene-miedo-a-los-retos-scaled.jpg\",\"contentUrl\":\"https:\\\/\\\/lobosnews.com.ar\\\/wp-content\\\/uploads\\\/2026\\\/09\\\/debuto-en-la-seleccion-de-su-pais-natal-a-los-17-anos-pero-decidio-jugar-para-argentina-no-le-tiene-miedo-a-los-retos-scaled.jpg\",\"width\":2560,\"height\":1706},{\"@type\":\"BreadcrumbList\",\"@id\":\"https:\\\/\\\/lobosnews.com.ar\\\/index.php\\\/2026\\\/09\\\/03\\\/debuto-en-la-seleccion-de-su-pais-natal-a-los-17-anos-pero-decidio-jugar-para-argentina-no-le-tiene-miedo-a-los-retos\\\/#breadcrumb\",\"itemListElement\":[{\"@type\":\"ListItem\",\"position\":1,\"name\":\"Portada\",\"item\":\"https:\\\/\\\/lobosnews.com.ar\\\/\"},{\"@type\":\"ListItem\",\"position\":2,\"name\":\"Debut\u00f3 en la selecci\u00f3n de su pa\u00eds natal a los 17 a\u00f1os, pero decidi\u00f3 jugar para Argentina: \u201cNo le tiene miedo a los retos\u201d\"}]},{\"@type\":\"WebSite\",\"@id\":\"https:\\\/\\\/lobosnews.com.ar\\\/#website\",\"url\":\"https:\\\/\\\/lobosnews.com.ar\\\/\",\"name\":\"Lobos News\",\"description\":\"Informaci\u00f3n a cada instante\",\"publisher\":{\"@id\":\"https:\\\/\\\/lobosnews.com.ar\\\/#organization\"},\"potentialAction\":[{\"@type\":\"SearchAction\",\"target\":{\"@type\":\"EntryPoint\",\"urlTemplate\":\"https:\\\/\\\/lobosnews.com.ar\\\/?s={search_term_string}\"},\"query-input\":{\"@type\":\"PropertyValueSpecification\",\"valueRequired\":true,\"valueName\":\"search_term_string\"}}],\"inLanguage\":\"es\"},{\"@type\":\"Organization\",\"@id\":\"https:\\\/\\\/lobosnews.com.ar\\\/#organization\",\"name\":\"Lobos News\",\"url\":\"https:\\\/\\\/lobosnews.com.ar\\\/\",\"logo\":{\"@type\":\"ImageObject\",\"inLanguage\":\"es\",\"@id\":\"https:\\\/\\\/lobosnews.com.ar\\\/#\\\/schema\\\/logo\\\/image\\\/\",\"url\":\"https:\\\/\\\/lobosnews.com.ar\\\/wp-content\\\/uploads\\\/2026\\\/01\\\/logo-lobosnews.png\",\"contentUrl\":\"https:\\\/\\\/lobosnews.com.ar\\\/wp-content\\\/uploads\\\/2026\\\/01\\\/logo-lobosnews.png\",\"width\":500,\"height\":200,\"caption\":\"Lobos News\"},\"image\":{\"@id\":\"https:\\\/\\\/lobosnews.com.ar\\\/#\\\/schema\\\/logo\\\/image\\\/\"}},{\"@type\":\"Person\",\"@id\":\"https:\\\/\\\/lobosnews.com.ar\\\/#\\\/schema\\\/person\\\/232422a593d5c541dd9aef6aaed10943\",\"name\":\"admin\",\"image\":{\"@type\":\"ImageObject\",\"inLanguage\":\"es\",\"@id\":\"https:\\\/\\\/secure.gravatar.com\\\/avatar\\\/76e419471a2083bc3ceab22a763dbbf9b0c1bd15a6214cf3280e2c2dde4580f9?s=96&d=mm&r=g\",\"url\":\"https:\\\/\\\/secure.gravatar.com\\\/avatar\\\/76e419471a2083bc3ceab22a763dbbf9b0c1bd15a6214cf3280e2c2dde4580f9?s=96&d=mm&r=g\",\"contentUrl\":\"https:\\\/\\\/secure.gravatar.com\\\/avatar\\\/76e419471a2083bc3ceab22a763dbbf9b0c1bd15a6214cf3280e2c2dde4580f9?s=96&d=mm&r=g\",\"caption\":\"admin\"},\"sameAs\":[\"https:\\\/\\\/lobosnews.com.ar\"],\"url\":\"https:\\\/\\\/lobosnews.com.ar\\\/index.php\\\/author\\\/lobos-news\\\/\"}]}<\/script>\n<!-- \/ Yoast SEO plugin. -->","yoast_head_json":{"title":"Debut\u00f3 en la selecci\u00f3n de su pa\u00eds natal a los 17 a\u00f1os, pero decidi\u00f3 jugar para Argentina: \u201cNo le tiene miedo a los retos\u201d - Lobos News","robots":{"index":"index","follow":"follow","max-snippet":"max-snippet:-1","max-image-preview":"max-image-preview:large","max-video-preview":"max-video-preview:-1"},"canonical":"https:\/\/lobosnews.com.ar\/index.php\/2026\/09\/03\/debuto-en-la-seleccion-de-su-pais-natal-a-los-17-anos-pero-decidio-jugar-para-argentina-no-le-tiene-miedo-a-los-retos\/","og_locale":"es_ES","og_type":"article","og_title":"Debut\u00f3 en la selecci\u00f3n de su pa\u00eds natal a los 17 a\u00f1os, pero decidi\u00f3 jugar para Argentina: \u201cNo le tiene miedo a los retos\u201d - Lobos News","og_description":"En la actualidad, las categor\u00edas formativas de la selecci\u00f3n argentina femenina son un tejido de historias dispersas por el mundo, un mapa con nombres de adolescentes que encontraron su acento en otras latitudes pero eligieron la camiseta celeste y blanca. Entre las rutas que cruzan fronteras y pasaportes, la de Emma Azofeifa tiene la textura...","og_url":"https:\/\/lobosnews.com.ar\/index.php\/2026\/09\/03\/debuto-en-la-seleccion-de-su-pais-natal-a-los-17-anos-pero-decidio-jugar-para-argentina-no-le-tiene-miedo-a-los-retos\/","og_site_name":"Lobos News","article_published_time":"2026-09-03T05:40:13+00:00","article_modified_time":"2026-09-03T07:19:31+00:00","og_image":[{"url":"https:\/\/lobosnews.com.ar\/wp-content\/uploads\/2026\/09\/debuto-en-la-seleccion-de-su-pais-natal-a-los-17-anos-pero-decidio-jugar-para-argentina-no-le-tiene-miedo-a-los-retos.jpg","type":"","width":"","height":""}],"author":"admin","twitter_card":"summary_large_image","twitter_misc":{"Escrito por":"admin","Tiempo de lectura":"8 minutos"},"schema":{"@context":"https:\/\/schema.org","@graph":[{"@type":"Article","@id":"https:\/\/lobosnews.com.ar\/index.php\/2026\/09\/03\/debuto-en-la-seleccion-de-su-pais-natal-a-los-17-anos-pero-decidio-jugar-para-argentina-no-le-tiene-miedo-a-los-retos\/#article","isPartOf":{"@id":"https:\/\/lobosnews.com.ar\/index.php\/2026\/09\/03\/debuto-en-la-seleccion-de-su-pais-natal-a-los-17-anos-pero-decidio-jugar-para-argentina-no-le-tiene-miedo-a-los-retos\/"},"author":{"name":"admin","@id":"https:\/\/lobosnews.com.ar\/#\/schema\/person\/232422a593d5c541dd9aef6aaed10943"},"headline":"Debut\u00f3 en la selecci\u00f3n de su pa\u00eds natal a los 17 a\u00f1os, pero decidi\u00f3 jugar para Argentina: \u201cNo le tiene miedo a los retos\u201d","datePublished":"2026-09-03T05:40:13+00:00","dateModified":"2026-09-03T07:19:31+00:00","mainEntityOfPage":{"@id":"https:\/\/lobosnews.com.ar\/index.php\/2026\/09\/03\/debuto-en-la-seleccion-de-su-pais-natal-a-los-17-anos-pero-decidio-jugar-para-argentina-no-le-tiene-miedo-a-los-retos\/"},"wordCount":1528,"commentCount":0,"publisher":{"@id":"https:\/\/lobosnews.com.ar\/#organization"},"image":{"@id":"https:\/\/lobosnews.com.ar\/index.php\/2026\/09\/03\/debuto-en-la-seleccion-de-su-pais-natal-a-los-17-anos-pero-decidio-jugar-para-argentina-no-le-tiene-miedo-a-los-retos\/#primaryimage"},"thumbnailUrl":"https:\/\/lobosnews.com.ar\/wp-content\/uploads\/2026\/09\/debuto-en-la-seleccion-de-su-pais-natal-a-los-17-anos-pero-decidio-jugar-para-argentina-no-le-tiene-miedo-a-los-retos.jpg","keywords":["Deportes"],"articleSection":["Argentina"],"inLanguage":"es","potentialAction":[{"@type":"CommentAction","name":"Comment","target":["https:\/\/lobosnews.com.ar\/index.php\/2026\/09\/03\/debuto-en-la-seleccion-de-su-pais-natal-a-los-17-anos-pero-decidio-jugar-para-argentina-no-le-tiene-miedo-a-los-retos\/#respond"]}]},{"@type":"WebPage","@id":"https:\/\/lobosnews.com.ar\/index.php\/2026\/09\/03\/debuto-en-la-seleccion-de-su-pais-natal-a-los-17-anos-pero-decidio-jugar-para-argentina-no-le-tiene-miedo-a-los-retos\/","url":"https:\/\/lobosnews.com.ar\/index.php\/2026\/09\/03\/debuto-en-la-seleccion-de-su-pais-natal-a-los-17-anos-pero-decidio-jugar-para-argentina-no-le-tiene-miedo-a-los-retos\/","name":"Debut\u00f3 en la selecci\u00f3n de su pa\u00eds natal a los 17 a\u00f1os, pero decidi\u00f3 jugar para Argentina: \u201cNo le tiene miedo a los retos\u201d - Lobos News","isPartOf":{"@id":"https:\/\/lobosnews.com.ar\/#website"},"primaryImageOfPage":{"@id":"https:\/\/lobosnews.com.ar\/index.php\/2026\/09\/03\/debuto-en-la-seleccion-de-su-pais-natal-a-los-17-anos-pero-decidio-jugar-para-argentina-no-le-tiene-miedo-a-los-retos\/#primaryimage"},"image":{"@id":"https:\/\/lobosnews.com.ar\/index.php\/2026\/09\/03\/debuto-en-la-seleccion-de-su-pais-natal-a-los-17-anos-pero-decidio-jugar-para-argentina-no-le-tiene-miedo-a-los-retos\/#primaryimage"},"thumbnailUrl":"https:\/\/lobosnews.com.ar\/wp-content\/uploads\/2026\/09\/debuto-en-la-seleccion-de-su-pais-natal-a-los-17-anos-pero-decidio-jugar-para-argentina-no-le-tiene-miedo-a-los-retos.jpg","datePublished":"2026-09-03T05:40:13+00:00","dateModified":"2026-09-03T07:19:31+00:00","breadcrumb":{"@id":"https:\/\/lobosnews.com.ar\/index.php\/2026\/09\/03\/debuto-en-la-seleccion-de-su-pais-natal-a-los-17-anos-pero-decidio-jugar-para-argentina-no-le-tiene-miedo-a-los-retos\/#breadcrumb"},"inLanguage":"es","potentialAction":[{"@type":"ReadAction","target":["https:\/\/lobosnews.com.ar\/index.php\/2026\/09\/03\/debuto-en-la-seleccion-de-su-pais-natal-a-los-17-anos-pero-decidio-jugar-para-argentina-no-le-tiene-miedo-a-los-retos\/"]}]},{"@type":"ImageObject","inLanguage":"es","@id":"https:\/\/lobosnews.com.ar\/index.php\/2026\/09\/03\/debuto-en-la-seleccion-de-su-pais-natal-a-los-17-anos-pero-decidio-jugar-para-argentina-no-le-tiene-miedo-a-los-retos\/#primaryimage","url":"https:\/\/lobosnews.com.ar\/wp-content\/uploads\/2026\/09\/debuto-en-la-seleccion-de-su-pais-natal-a-los-17-anos-pero-decidio-jugar-para-argentina-no-le-tiene-miedo-a-los-retos-scaled.jpg","contentUrl":"https:\/\/lobosnews.com.ar\/wp-content\/uploads\/2026\/09\/debuto-en-la-seleccion-de-su-pais-natal-a-los-17-anos-pero-decidio-jugar-para-argentina-no-le-tiene-miedo-a-los-retos-scaled.jpg","width":2560,"height":1706},{"@type":"BreadcrumbList","@id":"https:\/\/lobosnews.com.ar\/index.php\/2026\/09\/03\/debuto-en-la-seleccion-de-su-pais-natal-a-los-17-anos-pero-decidio-jugar-para-argentina-no-le-tiene-miedo-a-los-retos\/#breadcrumb","itemListElement":[{"@type":"ListItem","position":1,"name":"Portada","item":"https:\/\/lobosnews.com.ar\/"},{"@type":"ListItem","position":2,"name":"Debut\u00f3 en la selecci\u00f3n de su pa\u00eds natal a los 17 a\u00f1os, pero decidi\u00f3 jugar para Argentina: \u201cNo le tiene miedo a los retos\u201d"}]},{"@type":"WebSite","@id":"https:\/\/lobosnews.com.ar\/#website","url":"https:\/\/lobosnews.com.ar\/","name":"Lobos News","description":"Informaci\u00f3n a cada instante","publisher":{"@id":"https:\/\/lobosnews.com.ar\/#organization"},"potentialAction":[{"@type":"SearchAction","target":{"@type":"EntryPoint","urlTemplate":"https:\/\/lobosnews.com.ar\/?s={search_term_string}"},"query-input":{"@type":"PropertyValueSpecification","valueRequired":true,"valueName":"search_term_string"}}],"inLanguage":"es"},{"@type":"Organization","@id":"https:\/\/lobosnews.com.ar\/#organization","name":"Lobos News","url":"https:\/\/lobosnews.com.ar\/","logo":{"@type":"ImageObject","inLanguage":"es","@id":"https:\/\/lobosnews.com.ar\/#\/schema\/logo\/image\/","url":"https:\/\/lobosnews.com.ar\/wp-content\/uploads\/2026\/01\/logo-lobosnews.png","contentUrl":"https:\/\/lobosnews.com.ar\/wp-content\/uploads\/2026\/01\/logo-lobosnews.png","width":500,"height":200,"caption":"Lobos News"},"image":{"@id":"https:\/\/lobosnews.com.ar\/#\/schema\/logo\/image\/"}},{"@type":"Person","@id":"https:\/\/lobosnews.com.ar\/#\/schema\/person\/232422a593d5c541dd9aef6aaed10943","name":"admin","image":{"@type":"ImageObject","inLanguage":"es","@id":"https:\/\/secure.gravatar.com\/avatar\/76e419471a2083bc3ceab22a763dbbf9b0c1bd15a6214cf3280e2c2dde4580f9?s=96&d=mm&r=g","url":"https:\/\/secure.gravatar.com\/avatar\/76e419471a2083bc3ceab22a763dbbf9b0c1bd15a6214cf3280e2c2dde4580f9?s=96&d=mm&r=g","contentUrl":"https:\/\/secure.gravatar.com\/avatar\/76e419471a2083bc3ceab22a763dbbf9b0c1bd15a6214cf3280e2c2dde4580f9?s=96&d=mm&r=g","caption":"admin"},"sameAs":["https:\/\/lobosnews.com.ar"],"url":"https:\/\/lobosnews.com.ar\/index.php\/author\/lobos-news\/"}]}},"jetpack_featured_media_url":"","jetpack_sharing_enabled":true,"_links":{"self":[{"href":"https:\/\/lobosnews.com.ar\/index.php\/wp-json\/wp\/v2\/posts\/96718","targetHints":{"allow":["GET"]}}],"collection":[{"href":"https:\/\/lobosnews.com.ar\/index.php\/wp-json\/wp\/v2\/posts"}],"about":[{"href":"https:\/\/lobosnews.com.ar\/index.php\/wp-json\/wp\/v2\/types\/post"}],"author":[{"embeddable":true,"href":"https:\/\/lobosnews.com.ar\/index.php\/wp-json\/wp\/v2\/users\/1"}],"replies":[{"embeddable":true,"href":"https:\/\/lobosnews.com.ar\/index.php\/wp-json\/wp\/v2\/comments?post=96718"}],"version-history":[{"count":1,"href":"https:\/\/lobosnews.com.ar\/index.php\/wp-json\/wp\/v2\/posts\/96718\/revisions"}],"predecessor-version":[{"id":96724,"href":"https:\/\/lobosnews.com.ar\/index.php\/wp-json\/wp\/v2\/posts\/96718\/revisions\/96724"}],"wp:attachment":[{"href":"https:\/\/lobosnews.com.ar\/index.php\/wp-json\/wp\/v2\/media?parent=96718"}],"wp:term":[{"taxonomy":"category","embeddable":true,"href":"https:\/\/lobosnews.com.ar\/index.php\/wp-json\/wp\/v2\/categories?post=96718"},{"taxonomy":"post_tag","embeddable":true,"href":"https:\/\/lobosnews.com.ar\/index.php\/wp-json\/wp\/v2\/tags?post=96718"}],"curies":[{"name":"wp","href":"https:\/\/api.w.org\/{rel}","templated":true}]}}