{"id":96684,"date":"2026-09-02T20:59:25","date_gmt":"2026-09-02T20:59:25","guid":{"rendered":"https:\/\/lobosnews.com.ar\/?p=96684"},"modified":"2026-09-02T22:23:27","modified_gmt":"2026-09-02T22:23:27","slug":"el-paso-cristo-redentor-vuelve-a-cerrar-ante-la-llegada-de-nuevas-nevadas-intensas","status":"publish","type":"post","link":"https:\/\/lobosnews.com.ar\/index.php\/2026\/09\/02\/el-paso-cristo-redentor-vuelve-a-cerrar-ante-la-llegada-de-nuevas-nevadas-intensas\/","title":{"rendered":"El Paso Cristo Redentor vuelve a cerrar ante la llegada de nuevas nevadas intensas"},"content":{"rendered":"<p><img loading=\"lazy\" decoding=\"async\" src=\"https:\/\/lobosnews.com.ar\/wp-content\/uploads\/2026\/09\/el-paso-cristo-redentor-vuelve-a-cerrar-ante-la-llegada-de-nuevas-nevadas-intensas.jpg\" alt=\"El corredor hab\u00eda recuperado la circulaci\u00f3n plena el martes, tras casi dos meses de restricciones (@PasoCRMza)\" height=\"337\" width=\"640\"\/><\/p>\n<p>El <span class=\"waslinkname\"><b>Paso Cristo Redentor<\/b><\/span> volver\u00e1 a cerrar este mi\u00e9rcoles 2 de septiembre, apenas 24 horas despu\u00e9s de que el corredor recuperara la circulaci\u00f3n total para veh\u00edculos particulares, buses y camiones de carga. La medida preventiva, dispuesta ante un pron\u00f3stico de nevadas intensas para la tarde, llega tras dos meses en los que el principal cruce terrestre entre <b>Argentina<\/b> y <b>Chile<\/b> acumul\u00f3 cierres, reaperturas parciales y restricciones que afectaron a cientos de transportistas.<\/p>\n<p>Seg\u00fan inform\u00f3 el <b>Centro de Frontera Sistema Cristo Redentor<\/b> mediante un comunicado oficial, las Coordinaciones de <b>Argentina<\/b> y <b>Chile<\/b> resolvieron el cierre preventivo del <b>Paso Internacional<\/b> al considerar los informes t\u00e9cnicos de ambas vialidades. La decisi\u00f3n responde a condiciones meteorol\u00f3gicas que, seg\u00fan el parte, <b>no garantizan una transitabilidad segura<\/b>.<\/p>\n<p>El cierre del paso comenzar\u00e1 a las 18 horas de <b>Argentina<\/b> (17 horas de <b>Chile<\/b>), mientras que la barrera de <b>Uspallata<\/b> dejar\u00e1 de operar desde las 16 horas (15 horas de <b>Chile<\/b>). Del lado transandino, la medida se replicar\u00e1 en la barrera de <b>Guardia Vieja<\/b>, seg\u00fan precis\u00f3 el comunicado difundido por las autoridades binacionales.<\/p>\n<p>De acuerdo con el pron\u00f3stico publicado por el <b>Servicio Meteorol\u00f3gico Nacional<\/b>, las nevadas previstas para esta tarde podr\u00edan extenderse durante el fin de semana, lo que anticipa la posibilidad de que las restricciones se prolonguen m\u00e1s all\u00e1 de esta jornada. Por el momento, el comunicado oficial no establece una fecha ni horario estimado de reapertura.<\/p>\n<p><img loading=\"lazy\" decoding=\"async\" src=\"https:\/\/lobosnews.com.ar\/wp-content\/uploads\/2026\/09\/el-paso-cristo-redentor-vuelve-a-cerrar-ante-la-llegada-de-nuevas-nevadas-intensas-1.jpg\" alt=\"La barrera de Uspallata deja de operar desde las 16 horas, antes del cierre del paso a las 18\" height=\"639\" width=\"498\"\/><\/p>\n<p>La <b>Direcci\u00f3n Nacional de Asuntos T\u00e9cnicos de Fronteras<\/b>, dependiente de la <b>Vicejefatura de Gabinete del Interior<\/b>, indic\u00f3 que se comunicar\u00e1 oportunamente, a trav\u00e9s del mismo medio oficial, la actualizaci\u00f3n del estado del <b>Sistema Cristo Redentor<\/b> de acuerdo a la evoluci\u00f3n de los pron\u00f3sticos clim\u00e1ticos. Adem\u00e1s, recomend\u00f3 a los usuarios planificar sus viajes y mantenerse informados a trav\u00e9s de la p\u00e1gina web oficial del organismo.<\/p>\n<p>Este nuevo cierre se produce en un contexto particularmente sensible para el transporte de cargas. El <b>Sistema Integrado Cristo Redentor<\/b> hab\u00eda permanecido completamente cerrado durante 34 d\u00edas a partir del 14 de julio, y reci\u00e9n el 18 de agosto comenz\u00f3 una reapertura gradual que prioriz\u00f3, en un primer momento, el tr\u00e1nsito de camiones. No fue hasta el martes 1\u00b0 de septiembre que el corredor volvi\u00f3 a habilitarse para todo tipo de veh\u00edculos y en ambas direcciones.<\/p>\n<p>Durante ese per\u00edodo de casi dos meses, buena parte del tr\u00e1nsito que normalmente circula por <b>Cristo Redentor<\/b> debi\u00f3 desviarse hacia otros pasos fronterizos, como <b>Pino Hachado<\/b>, <b>Cardenal Samor\u00e9<\/b> y <b>Jama<\/b>, que recibieron un volumen de camiones muy superior al habitual. Esa reasignaci\u00f3n gener\u00f3 demoras que, en algunos casos, se extendieron por varios d\u00edas adicionales para completar tr\u00e1mites y controles en las fronteras alternativas.<\/p>\n<p>El propio cierre prolongado del corredor mendocino hab\u00eda dejado en evidencia las dificultades log\u00edsticas que implica derivar semejante volumen de tr\u00e1nsito hacia pasos con otra escala de infraestructura. Transportistas que debieron modificar sus rutas describieron esperas de varios d\u00edas para avanzar tramos que, en condiciones normales, se recorren en cuesti\u00f3n de horas.<\/p>\n<p>La reapertura del martes hab\u00eda puesto fin, en principio, a la etapa m\u00e1s cr\u00edtica de las restricciones que afectaron al corredor durante el invierno. Sin embargo, el cierre dispuesto para este mi\u00e9rcoles confirma que la circulaci\u00f3n por <b>Cristo Redentor<\/b> contin\u00faa sujeta a las condiciones clim\u00e1ticas de la cordillera, un factor que las autoridades de ambos pa\u00edses monitorean de manera conjunta a trav\u00e9s de sus respectivos organismos viales.<\/p>\n<p>Por el momento, el comunicado oficial no precisa si la medida alcanzar\u00e1 \u00fanicamente a la jornada de hoy o si, en l\u00ednea con el pron\u00f3stico de nevadas para el fin de semana, podr\u00eda extenderse en los pr\u00f3ximos d\u00edas. Las autoridades de <b>Argentina<\/b> y <b>Chile<\/b> informar\u00e1n las novedades a trav\u00e9s del sitio web de la <b>Subsecretar\u00eda de Asuntos Pol\u00edticos<\/b> del Ministerio del Interior.<\/p>\n","protected":false},"excerpt":{"rendered":"<p>El Paso Cristo Redentor volver\u00e1 a cerrar este mi\u00e9rcoles 2 de septiembre, apenas 24 horas despu\u00e9s de que el corredor recuperara la circulaci\u00f3n total para veh\u00edculos particulares, buses y camiones de carga. La medida preventiva, dispuesta ante un pron\u00f3stico de nevadas intensas para la tarde, llega tras dos meses en los que el principal cruce&#8230;<\/p>\n","protected":false},"author":1,"featured_media":96688,"comment_status":"open","ping_status":"closed","sticky":false,"template":"","format":"standard","meta":{"_jetpack_newsletter_access":"","_jetpack_dont_email_post_to_subs":false,"_jetpack_newsletter_tier_id":0,"_jetpack_memberships_contains_paywalled_content":false,"_jetpack_memberships_contains_paid_content":false,"footnotes":"","jetpack_post_was_ever_published":false},"categories":[31,30,32,77,84,35,36,37],"tags":[],"class_list":["post-96684","post","type-post","status-publish","format-standard","has-post-thumbnail","hentry","category-actualidad","category-argentina","category-economia","category-inseguridad","category-masradios-com","category-nacionales","category-seguridad","category-sociedad"],"magazineBlocksPostFeaturedMedia":{"thumbnail":"https:\/\/lobosnews.com.ar\/wp-content\/uploads\/2026\/09\/el-paso-cristo-redentor-vuelve-a-cerrar-ante-la-llegada-de-nuevas-nevadas-intensas-2-150x150.jpg","medium":"https:\/\/lobosnews.com.ar\/wp-content\/uploads\/2026\/09\/el-paso-cristo-redentor-vuelve-a-cerrar-ante-la-llegada-de-nuevas-nevadas-intensas-2-234x300.jpg","medium_large":"https:\/\/lobosnews.com.ar\/wp-content\/uploads\/2026\/09\/el-paso-cristo-redentor-vuelve-a-cerrar-ante-la-llegada-de-nuevas-nevadas-intensas-2.jpg","large":"https:\/\/lobosnews.com.ar\/wp-content\/uploads\/2026\/09\/el-paso-cristo-redentor-vuelve-a-cerrar-ante-la-llegada-de-nuevas-nevadas-intensas-2.jpg","1536x1536":"https:\/\/lobosnews.com.ar\/wp-content\/uploads\/2026\/09\/el-paso-cristo-redentor-vuelve-a-cerrar-ante-la-llegada-de-nuevas-nevadas-intensas-2.jpg","2048x2048":"https:\/\/lobosnews.com.ar\/wp-content\/uploads\/2026\/09\/el-paso-cristo-redentor-vuelve-a-cerrar-ante-la-llegada-de-nuevas-nevadas-intensas-2.jpg","newsmatic-featured":"https:\/\/lobosnews.com.ar\/wp-content\/uploads\/2026\/09\/el-paso-cristo-redentor-vuelve-a-cerrar-ante-la-llegada-de-nuevas-nevadas-intensas-2-498x545.jpg","newsmatic-list":"https:\/\/lobosnews.com.ar\/wp-content\/uploads\/2026\/09\/el-paso-cristo-redentor-vuelve-a-cerrar-ante-la-llegada-de-nuevas-nevadas-intensas-2-498x400.jpg","newsmatic-thumb":"https:\/\/lobosnews.com.ar\/wp-content\/uploads\/2026\/09\/el-paso-cristo-redentor-vuelve-a-cerrar-ante-la-llegada-de-nuevas-nevadas-intensas-2-300x200.jpg","newsmatic-small":"https:\/\/lobosnews.com.ar\/wp-content\/uploads\/2026\/09\/el-paso-cristo-redentor-vuelve-a-cerrar-ante-la-llegada-de-nuevas-nevadas-intensas-2-150x95.jpg","newsmatic-grid":"https:\/\/lobosnews.com.ar\/wp-content\/uploads\/2026\/09\/el-paso-cristo-redentor-vuelve-a-cerrar-ante-la-llegada-de-nuevas-nevadas-intensas-2-400x250.jpg"},"magazineBlocksPostAuthor":{"name":"admin","avatar":"https:\/\/secure.gravatar.com\/avatar\/76e419471a2083bc3ceab22a763dbbf9b0c1bd15a6214cf3280e2c2dde4580f9?s=96&d=mm&r=g"},"magazineBlocksPostCommentsNumber":"0","magazineBlocksPostExcerpt":"El Paso Cristo Redentor volver\u00e1 a cerrar este mi\u00e9rcoles 2 de septiembre, apenas 24 horas despu\u00e9s de que el corredor recuperara la circulaci\u00f3n total para veh\u00edculos particulares, buses y camiones de carga. La medida preventiva, dispuesta ante un pron\u00f3stico de nevadas intensas para la tarde, llega tras dos meses en los que el principal cruce...","magazineBlocksPostCategories":["Actualidad","Argentina","econom\u00eda","inseguridad","masradios.com","nacionales","seguridad","sociedad"],"magazineBlocksPostViewCount":67,"magazineBlocksPostReadTime":4,"magazine_blocks_featured_image_url":{"full":["https:\/\/lobosnews.com.ar\/wp-content\/uploads\/2026\/09\/el-paso-cristo-redentor-vuelve-a-cerrar-ante-la-llegada-de-nuevas-nevadas-intensas-2.jpg",498,639,false],"medium":["https:\/\/lobosnews.com.ar\/wp-content\/uploads\/2026\/09\/el-paso-cristo-redentor-vuelve-a-cerrar-ante-la-llegada-de-nuevas-nevadas-intensas-2-234x300.jpg",234,300,true],"thumbnail":["https:\/\/lobosnews.com.ar\/wp-content\/uploads\/2026\/09\/el-paso-cristo-redentor-vuelve-a-cerrar-ante-la-llegada-de-nuevas-nevadas-intensas-2-150x150.jpg",150,150,true]},"magazine_blocks_author":{"display_name":"admin","author_link":"https:\/\/lobosnews.com.ar\/index.php\/author\/lobos-news\/"},"magazine_blocks_comment":0,"magazine_blocks_author_image":"https:\/\/secure.gravatar.com\/avatar\/76e419471a2083bc3ceab22a763dbbf9b0c1bd15a6214cf3280e2c2dde4580f9?s=96&d=mm&r=g","magazine_blocks_category":"<a href=\"#\" class=\"category-link category-link-31\">Actualidad<\/a> <a href=\"#\" class=\"category-link category-link-30\">Argentina<\/a> <a href=\"#\" class=\"category-link category-link-32\">econom\u00eda<\/a> <a href=\"#\" class=\"category-link category-link-77\">inseguridad<\/a> <a href=\"#\" class=\"category-link category-link-84\">masradios.com<\/a> <a href=\"#\" class=\"category-link category-link-35\">nacionales<\/a> <a href=\"#\" class=\"category-link category-link-36\">seguridad<\/a> <a href=\"#\" class=\"category-link category-link-37\">sociedad<\/a>","yoast_head":"<!-- This site is optimized with the Yoast SEO plugin v28.0 - https:\/\/yoast.com\/product\/yoast-seo-wordpress\/ -->\n<title>El Paso Cristo Redentor vuelve a cerrar ante la llegada de nuevas nevadas intensas - Lobos News<\/title>\n<meta name=\"robots\" content=\"index, follow, max-snippet:-1, max-image-preview:large, max-video-preview:-1\" \/>\n<link rel=\"canonical\" href=\"https:\/\/lobosnews.com.ar\/index.php\/2026\/09\/02\/el-paso-cristo-redentor-vuelve-a-cerrar-ante-la-llegada-de-nuevas-nevadas-intensas\/\" \/>\n<meta property=\"og:locale\" content=\"es_ES\" \/>\n<meta property=\"og:type\" content=\"article\" \/>\n<meta property=\"og:title\" content=\"El Paso Cristo Redentor vuelve a cerrar ante la llegada de nuevas nevadas intensas - Lobos News\" \/>\n<meta property=\"og:description\" content=\"El Paso Cristo Redentor volver\u00e1 a cerrar este mi\u00e9rcoles 2 de septiembre, apenas 24 horas despu\u00e9s de que el corredor recuperara la circulaci\u00f3n total para veh\u00edculos particulares, buses y camiones de carga. La medida preventiva, dispuesta ante un pron\u00f3stico de nevadas intensas para la tarde, llega tras dos meses en los que el principal cruce...\" \/>\n<meta property=\"og:url\" content=\"https:\/\/lobosnews.com.ar\/index.php\/2026\/09\/02\/el-paso-cristo-redentor-vuelve-a-cerrar-ante-la-llegada-de-nuevas-nevadas-intensas\/\" \/>\n<meta property=\"og:site_name\" content=\"Lobos News\" \/>\n<meta property=\"article:published_time\" content=\"2026-09-02T20:59:25+00:00\" \/>\n<meta property=\"article:modified_time\" content=\"2026-09-02T22:23:27+00:00\" \/>\n<meta property=\"og:image\" content=\"https:\/\/lobosnews.com.ar\/wp-content\/uploads\/2026\/09\/el-paso-cristo-redentor-vuelve-a-cerrar-ante-la-llegada-de-nuevas-nevadas-intensas-2.jpg\" \/>\n\t<meta property=\"og:image:width\" content=\"498\" \/>\n\t<meta property=\"og:image:height\" content=\"639\" \/>\n\t<meta property=\"og:image:type\" content=\"image\/jpeg\" \/>\n<meta name=\"author\" content=\"admin\" \/>\n<meta name=\"twitter:card\" content=\"summary_large_image\" \/>\n<meta name=\"twitter:label1\" content=\"Escrito por\" \/>\n\t<meta name=\"twitter:data1\" content=\"admin\" \/>\n\t<meta name=\"twitter:label2\" content=\"Tiempo de lectura\" \/>\n\t<meta name=\"twitter:data2\" content=\"3 minutos\" \/>\n<script type=\"application\/ld+json\" class=\"yoast-schema-graph\">{\"@context\":\"https:\\\/\\\/schema.org\",\"@graph\":[{\"@type\":\"Article\",\"@id\":\"https:\\\/\\\/lobosnews.com.ar\\\/index.php\\\/2026\\\/09\\\/02\\\/el-paso-cristo-redentor-vuelve-a-cerrar-ante-la-llegada-de-nuevas-nevadas-intensas\\\/#article\",\"isPartOf\":{\"@id\":\"https:\\\/\\\/lobosnews.com.ar\\\/index.php\\\/2026\\\/09\\\/02\\\/el-paso-cristo-redentor-vuelve-a-cerrar-ante-la-llegada-de-nuevas-nevadas-intensas\\\/\"},\"author\":{\"name\":\"admin\",\"@id\":\"https:\\\/\\\/lobosnews.com.ar\\\/#\\\/schema\\\/person\\\/232422a593d5c541dd9aef6aaed10943\"},\"headline\":\"El Paso Cristo Redentor vuelve a cerrar ante la llegada de nuevas nevadas intensas\",\"datePublished\":\"2026-09-02T20:59:25+00:00\",\"dateModified\":\"2026-09-02T22:23:27+00:00\",\"mainEntityOfPage\":{\"@id\":\"https:\\\/\\\/lobosnews.com.ar\\\/index.php\\\/2026\\\/09\\\/02\\\/el-paso-cristo-redentor-vuelve-a-cerrar-ante-la-llegada-de-nuevas-nevadas-intensas\\\/\"},\"wordCount\":676,\"commentCount\":0,\"publisher\":{\"@id\":\"https:\\\/\\\/lobosnews.com.ar\\\/#organization\"},\"image\":{\"@id\":\"https:\\\/\\\/lobosnews.com.ar\\\/index.php\\\/2026\\\/09\\\/02\\\/el-paso-cristo-redentor-vuelve-a-cerrar-ante-la-llegada-de-nuevas-nevadas-intensas\\\/#primaryimage\"},\"thumbnailUrl\":\"https:\\\/\\\/lobosnews.com.ar\\\/wp-content\\\/uploads\\\/2026\\\/09\\\/el-paso-cristo-redentor-vuelve-a-cerrar-ante-la-llegada-de-nuevas-nevadas-intensas-2.jpg\",\"articleSection\":[\"Actualidad\",\"Argentina\",\"econom\u00eda\",\"inseguridad\",\"masradios.com\",\"nacionales\",\"seguridad\",\"sociedad\"],\"inLanguage\":\"es\",\"potentialAction\":[{\"@type\":\"CommentAction\",\"name\":\"Comment\",\"target\":[\"https:\\\/\\\/lobosnews.com.ar\\\/index.php\\\/2026\\\/09\\\/02\\\/el-paso-cristo-redentor-vuelve-a-cerrar-ante-la-llegada-de-nuevas-nevadas-intensas\\\/#respond\"]}]},{\"@type\":\"WebPage\",\"@id\":\"https:\\\/\\\/lobosnews.com.ar\\\/index.php\\\/2026\\\/09\\\/02\\\/el-paso-cristo-redentor-vuelve-a-cerrar-ante-la-llegada-de-nuevas-nevadas-intensas\\\/\",\"url\":\"https:\\\/\\\/lobosnews.com.ar\\\/index.php\\\/2026\\\/09\\\/02\\\/el-paso-cristo-redentor-vuelve-a-cerrar-ante-la-llegada-de-nuevas-nevadas-intensas\\\/\",\"name\":\"El Paso Cristo Redentor vuelve a cerrar ante la llegada de nuevas nevadas intensas - Lobos News\",\"isPartOf\":{\"@id\":\"https:\\\/\\\/lobosnews.com.ar\\\/#website\"},\"primaryImageOfPage\":{\"@id\":\"https:\\\/\\\/lobosnews.com.ar\\\/index.php\\\/2026\\\/09\\\/02\\\/el-paso-cristo-redentor-vuelve-a-cerrar-ante-la-llegada-de-nuevas-nevadas-intensas\\\/#primaryimage\"},\"image\":{\"@id\":\"https:\\\/\\\/lobosnews.com.ar\\\/index.php\\\/2026\\\/09\\\/02\\\/el-paso-cristo-redentor-vuelve-a-cerrar-ante-la-llegada-de-nuevas-nevadas-intensas\\\/#primaryimage\"},\"thumbnailUrl\":\"https:\\\/\\\/lobosnews.com.ar\\\/wp-content\\\/uploads\\\/2026\\\/09\\\/el-paso-cristo-redentor-vuelve-a-cerrar-ante-la-llegada-de-nuevas-nevadas-intensas-2.jpg\",\"datePublished\":\"2026-09-02T20:59:25+00:00\",\"dateModified\":\"2026-09-02T22:23:27+00:00\",\"breadcrumb\":{\"@id\":\"https:\\\/\\\/lobosnews.com.ar\\\/index.php\\\/2026\\\/09\\\/02\\\/el-paso-cristo-redentor-vuelve-a-cerrar-ante-la-llegada-de-nuevas-nevadas-intensas\\\/#breadcrumb\"},\"inLanguage\":\"es\",\"potentialAction\":[{\"@type\":\"ReadAction\",\"target\":[\"https:\\\/\\\/lobosnews.com.ar\\\/index.php\\\/2026\\\/09\\\/02\\\/el-paso-cristo-redentor-vuelve-a-cerrar-ante-la-llegada-de-nuevas-nevadas-intensas\\\/\"]}]},{\"@type\":\"ImageObject\",\"inLanguage\":\"es\",\"@id\":\"https:\\\/\\\/lobosnews.com.ar\\\/index.php\\\/2026\\\/09\\\/02\\\/el-paso-cristo-redentor-vuelve-a-cerrar-ante-la-llegada-de-nuevas-nevadas-intensas\\\/#primaryimage\",\"url\":\"https:\\\/\\\/lobosnews.com.ar\\\/wp-content\\\/uploads\\\/2026\\\/09\\\/el-paso-cristo-redentor-vuelve-a-cerrar-ante-la-llegada-de-nuevas-nevadas-intensas-2.jpg\",\"contentUrl\":\"https:\\\/\\\/lobosnews.com.ar\\\/wp-content\\\/uploads\\\/2026\\\/09\\\/el-paso-cristo-redentor-vuelve-a-cerrar-ante-la-llegada-de-nuevas-nevadas-intensas-2.jpg\",\"width\":498,\"height\":639,\"caption\":\"El Paso Cristo Redentor vuelve a cerrar ante la llegada de nuevas nevadas intensas\"},{\"@type\":\"BreadcrumbList\",\"@id\":\"https:\\\/\\\/lobosnews.com.ar\\\/index.php\\\/2026\\\/09\\\/02\\\/el-paso-cristo-redentor-vuelve-a-cerrar-ante-la-llegada-de-nuevas-nevadas-intensas\\\/#breadcrumb\",\"itemListElement\":[{\"@type\":\"ListItem\",\"position\":1,\"name\":\"Portada\",\"item\":\"https:\\\/\\\/lobosnews.com.ar\\\/\"},{\"@type\":\"ListItem\",\"position\":2,\"name\":\"El Paso Cristo Redentor vuelve a cerrar ante la llegada de nuevas nevadas intensas\"}]},{\"@type\":\"WebSite\",\"@id\":\"https:\\\/\\\/lobosnews.com.ar\\\/#website\",\"url\":\"https:\\\/\\\/lobosnews.com.ar\\\/\",\"name\":\"Lobos News\",\"description\":\"Informaci\u00f3n a cada instante\",\"publisher\":{\"@id\":\"https:\\\/\\\/lobosnews.com.ar\\\/#organization\"},\"potentialAction\":[{\"@type\":\"SearchAction\",\"target\":{\"@type\":\"EntryPoint\",\"urlTemplate\":\"https:\\\/\\\/lobosnews.com.ar\\\/?s={search_term_string}\"},\"query-input\":{\"@type\":\"PropertyValueSpecification\",\"valueRequired\":true,\"valueName\":\"search_term_string\"}}],\"inLanguage\":\"es\"},{\"@type\":\"Organization\",\"@id\":\"https:\\\/\\\/lobosnews.com.ar\\\/#organization\",\"name\":\"Lobos News\",\"url\":\"https:\\\/\\\/lobosnews.com.ar\\\/\",\"logo\":{\"@type\":\"ImageObject\",\"inLanguage\":\"es\",\"@id\":\"https:\\\/\\\/lobosnews.com.ar\\\/#\\\/schema\\\/logo\\\/image\\\/\",\"url\":\"https:\\\/\\\/lobosnews.com.ar\\\/wp-content\\\/uploads\\\/2026\\\/01\\\/logo-lobosnews.png\",\"contentUrl\":\"https:\\\/\\\/lobosnews.com.ar\\\/wp-content\\\/uploads\\\/2026\\\/01\\\/logo-lobosnews.png\",\"width\":500,\"height\":200,\"caption\":\"Lobos News\"},\"image\":{\"@id\":\"https:\\\/\\\/lobosnews.com.ar\\\/#\\\/schema\\\/logo\\\/image\\\/\"}},{\"@type\":\"Person\",\"@id\":\"https:\\\/\\\/lobosnews.com.ar\\\/#\\\/schema\\\/person\\\/232422a593d5c541dd9aef6aaed10943\",\"name\":\"admin\",\"image\":{\"@type\":\"ImageObject\",\"inLanguage\":\"es\",\"@id\":\"https:\\\/\\\/secure.gravatar.com\\\/avatar\\\/76e419471a2083bc3ceab22a763dbbf9b0c1bd15a6214cf3280e2c2dde4580f9?s=96&d=mm&r=g\",\"url\":\"https:\\\/\\\/secure.gravatar.com\\\/avatar\\\/76e419471a2083bc3ceab22a763dbbf9b0c1bd15a6214cf3280e2c2dde4580f9?s=96&d=mm&r=g\",\"contentUrl\":\"https:\\\/\\\/secure.gravatar.com\\\/avatar\\\/76e419471a2083bc3ceab22a763dbbf9b0c1bd15a6214cf3280e2c2dde4580f9?s=96&d=mm&r=g\",\"caption\":\"admin\"},\"sameAs\":[\"https:\\\/\\\/lobosnews.com.ar\"],\"url\":\"https:\\\/\\\/lobosnews.com.ar\\\/index.php\\\/author\\\/lobos-news\\\/\"}]}<\/script>\n<!-- \/ Yoast SEO plugin. -->","yoast_head_json":{"title":"El Paso Cristo Redentor vuelve a cerrar ante la llegada de nuevas nevadas intensas - Lobos News","robots":{"index":"index","follow":"follow","max-snippet":"max-snippet:-1","max-image-preview":"max-image-preview:large","max-video-preview":"max-video-preview:-1"},"canonical":"https:\/\/lobosnews.com.ar\/index.php\/2026\/09\/02\/el-paso-cristo-redentor-vuelve-a-cerrar-ante-la-llegada-de-nuevas-nevadas-intensas\/","og_locale":"es_ES","og_type":"article","og_title":"El Paso Cristo Redentor vuelve a cerrar ante la llegada de nuevas nevadas intensas - Lobos News","og_description":"El Paso Cristo Redentor volver\u00e1 a cerrar este mi\u00e9rcoles 2 de septiembre, apenas 24 horas despu\u00e9s de que el corredor recuperara la circulaci\u00f3n total para veh\u00edculos particulares, buses y camiones de carga. La medida preventiva, dispuesta ante un pron\u00f3stico de nevadas intensas para la tarde, llega tras dos meses en los que el principal cruce...","og_url":"https:\/\/lobosnews.com.ar\/index.php\/2026\/09\/02\/el-paso-cristo-redentor-vuelve-a-cerrar-ante-la-llegada-de-nuevas-nevadas-intensas\/","og_site_name":"Lobos News","article_published_time":"2026-09-02T20:59:25+00:00","article_modified_time":"2026-09-02T22:23:27+00:00","og_image":[{"width":498,"height":639,"url":"https:\/\/lobosnews.com.ar\/wp-content\/uploads\/2026\/09\/el-paso-cristo-redentor-vuelve-a-cerrar-ante-la-llegada-de-nuevas-nevadas-intensas-2.jpg","type":"image\/jpeg"}],"author":"admin","twitter_card":"summary_large_image","twitter_misc":{"Escrito por":"admin","Tiempo de lectura":"3 minutos"},"schema":{"@context":"https:\/\/schema.org","@graph":[{"@type":"Article","@id":"https:\/\/lobosnews.com.ar\/index.php\/2026\/09\/02\/el-paso-cristo-redentor-vuelve-a-cerrar-ante-la-llegada-de-nuevas-nevadas-intensas\/#article","isPartOf":{"@id":"https:\/\/lobosnews.com.ar\/index.php\/2026\/09\/02\/el-paso-cristo-redentor-vuelve-a-cerrar-ante-la-llegada-de-nuevas-nevadas-intensas\/"},"author":{"name":"admin","@id":"https:\/\/lobosnews.com.ar\/#\/schema\/person\/232422a593d5c541dd9aef6aaed10943"},"headline":"El Paso Cristo Redentor vuelve a cerrar ante la llegada de nuevas nevadas intensas","datePublished":"2026-09-02T20:59:25+00:00","dateModified":"2026-09-02T22:23:27+00:00","mainEntityOfPage":{"@id":"https:\/\/lobosnews.com.ar\/index.php\/2026\/09\/02\/el-paso-cristo-redentor-vuelve-a-cerrar-ante-la-llegada-de-nuevas-nevadas-intensas\/"},"wordCount":676,"commentCount":0,"publisher":{"@id":"https:\/\/lobosnews.com.ar\/#organization"},"image":{"@id":"https:\/\/lobosnews.com.ar\/index.php\/2026\/09\/02\/el-paso-cristo-redentor-vuelve-a-cerrar-ante-la-llegada-de-nuevas-nevadas-intensas\/#primaryimage"},"thumbnailUrl":"https:\/\/lobosnews.com.ar\/wp-content\/uploads\/2026\/09\/el-paso-cristo-redentor-vuelve-a-cerrar-ante-la-llegada-de-nuevas-nevadas-intensas-2.jpg","articleSection":["Actualidad","Argentina","econom\u00eda","inseguridad","masradios.com","nacionales","seguridad","sociedad"],"inLanguage":"es","potentialAction":[{"@type":"CommentAction","name":"Comment","target":["https:\/\/lobosnews.com.ar\/index.php\/2026\/09\/02\/el-paso-cristo-redentor-vuelve-a-cerrar-ante-la-llegada-de-nuevas-nevadas-intensas\/#respond"]}]},{"@type":"WebPage","@id":"https:\/\/lobosnews.com.ar\/index.php\/2026\/09\/02\/el-paso-cristo-redentor-vuelve-a-cerrar-ante-la-llegada-de-nuevas-nevadas-intensas\/","url":"https:\/\/lobosnews.com.ar\/index.php\/2026\/09\/02\/el-paso-cristo-redentor-vuelve-a-cerrar-ante-la-llegada-de-nuevas-nevadas-intensas\/","name":"El Paso Cristo Redentor vuelve a cerrar ante la llegada de nuevas nevadas intensas - Lobos News","isPartOf":{"@id":"https:\/\/lobosnews.com.ar\/#website"},"primaryImageOfPage":{"@id":"https:\/\/lobosnews.com.ar\/index.php\/2026\/09\/02\/el-paso-cristo-redentor-vuelve-a-cerrar-ante-la-llegada-de-nuevas-nevadas-intensas\/#primaryimage"},"image":{"@id":"https:\/\/lobosnews.com.ar\/index.php\/2026\/09\/02\/el-paso-cristo-redentor-vuelve-a-cerrar-ante-la-llegada-de-nuevas-nevadas-intensas\/#primaryimage"},"thumbnailUrl":"https:\/\/lobosnews.com.ar\/wp-content\/uploads\/2026\/09\/el-paso-cristo-redentor-vuelve-a-cerrar-ante-la-llegada-de-nuevas-nevadas-intensas-2.jpg","datePublished":"2026-09-02T20:59:25+00:00","dateModified":"2026-09-02T22:23:27+00:00","breadcrumb":{"@id":"https:\/\/lobosnews.com.ar\/index.php\/2026\/09\/02\/el-paso-cristo-redentor-vuelve-a-cerrar-ante-la-llegada-de-nuevas-nevadas-intensas\/#breadcrumb"},"inLanguage":"es","potentialAction":[{"@type":"ReadAction","target":["https:\/\/lobosnews.com.ar\/index.php\/2026\/09\/02\/el-paso-cristo-redentor-vuelve-a-cerrar-ante-la-llegada-de-nuevas-nevadas-intensas\/"]}]},{"@type":"ImageObject","inLanguage":"es","@id":"https:\/\/lobosnews.com.ar\/index.php\/2026\/09\/02\/el-paso-cristo-redentor-vuelve-a-cerrar-ante-la-llegada-de-nuevas-nevadas-intensas\/#primaryimage","url":"https:\/\/lobosnews.com.ar\/wp-content\/uploads\/2026\/09\/el-paso-cristo-redentor-vuelve-a-cerrar-ante-la-llegada-de-nuevas-nevadas-intensas-2.jpg","contentUrl":"https:\/\/lobosnews.com.ar\/wp-content\/uploads\/2026\/09\/el-paso-cristo-redentor-vuelve-a-cerrar-ante-la-llegada-de-nuevas-nevadas-intensas-2.jpg","width":498,"height":639,"caption":"El Paso Cristo Redentor vuelve a cerrar ante la llegada de nuevas nevadas intensas"},{"@type":"BreadcrumbList","@id":"https:\/\/lobosnews.com.ar\/index.php\/2026\/09\/02\/el-paso-cristo-redentor-vuelve-a-cerrar-ante-la-llegada-de-nuevas-nevadas-intensas\/#breadcrumb","itemListElement":[{"@type":"ListItem","position":1,"name":"Portada","item":"https:\/\/lobosnews.com.ar\/"},{"@type":"ListItem","position":2,"name":"El Paso Cristo Redentor vuelve a cerrar ante la llegada de nuevas nevadas intensas"}]},{"@type":"WebSite","@id":"https:\/\/lobosnews.com.ar\/#website","url":"https:\/\/lobosnews.com.ar\/","name":"Lobos News","description":"Informaci\u00f3n a cada instante","publisher":{"@id":"https:\/\/lobosnews.com.ar\/#organization"},"potentialAction":[{"@type":"SearchAction","target":{"@type":"EntryPoint","urlTemplate":"https:\/\/lobosnews.com.ar\/?s={search_term_string}"},"query-input":{"@type":"PropertyValueSpecification","valueRequired":true,"valueName":"search_term_string"}}],"inLanguage":"es"},{"@type":"Organization","@id":"https:\/\/lobosnews.com.ar\/#organization","name":"Lobos News","url":"https:\/\/lobosnews.com.ar\/","logo":{"@type":"ImageObject","inLanguage":"es","@id":"https:\/\/lobosnews.com.ar\/#\/schema\/logo\/image\/","url":"https:\/\/lobosnews.com.ar\/wp-content\/uploads\/2026\/01\/logo-lobosnews.png","contentUrl":"https:\/\/lobosnews.com.ar\/wp-content\/uploads\/2026\/01\/logo-lobosnews.png","width":500,"height":200,"caption":"Lobos News"},"image":{"@id":"https:\/\/lobosnews.com.ar\/#\/schema\/logo\/image\/"}},{"@type":"Person","@id":"https:\/\/lobosnews.com.ar\/#\/schema\/person\/232422a593d5c541dd9aef6aaed10943","name":"admin","image":{"@type":"ImageObject","inLanguage":"es","@id":"https:\/\/secure.gravatar.com\/avatar\/76e419471a2083bc3ceab22a763dbbf9b0c1bd15a6214cf3280e2c2dde4580f9?s=96&d=mm&r=g","url":"https:\/\/secure.gravatar.com\/avatar\/76e419471a2083bc3ceab22a763dbbf9b0c1bd15a6214cf3280e2c2dde4580f9?s=96&d=mm&r=g","contentUrl":"https:\/\/secure.gravatar.com\/avatar\/76e419471a2083bc3ceab22a763dbbf9b0c1bd15a6214cf3280e2c2dde4580f9?s=96&d=mm&r=g","caption":"admin"},"sameAs":["https:\/\/lobosnews.com.ar"],"url":"https:\/\/lobosnews.com.ar\/index.php\/author\/lobos-news\/"}]}},"jetpack_featured_media_url":"https:\/\/lobosnews.com.ar\/wp-content\/uploads\/2026\/09\/el-paso-cristo-redentor-vuelve-a-cerrar-ante-la-llegada-de-nuevas-nevadas-intensas-2.jpg","jetpack_sharing_enabled":true,"_links":{"self":[{"href":"https:\/\/lobosnews.com.ar\/index.php\/wp-json\/wp\/v2\/posts\/96684","targetHints":{"allow":["GET"]}}],"collection":[{"href":"https:\/\/lobosnews.com.ar\/index.php\/wp-json\/wp\/v2\/posts"}],"about":[{"href":"https:\/\/lobosnews.com.ar\/index.php\/wp-json\/wp\/v2\/types\/post"}],"author":[{"embeddable":true,"href":"https:\/\/lobosnews.com.ar\/index.php\/wp-json\/wp\/v2\/users\/1"}],"replies":[{"embeddable":true,"href":"https:\/\/lobosnews.com.ar\/index.php\/wp-json\/wp\/v2\/comments?post=96684"}],"version-history":[{"count":1,"href":"https:\/\/lobosnews.com.ar\/index.php\/wp-json\/wp\/v2\/posts\/96684\/revisions"}],"predecessor-version":[{"id":96687,"href":"https:\/\/lobosnews.com.ar\/index.php\/wp-json\/wp\/v2\/posts\/96684\/revisions\/96687"}],"wp:featuredmedia":[{"embeddable":true,"href":"https:\/\/lobosnews.com.ar\/index.php\/wp-json\/wp\/v2\/media\/96688"}],"wp:attachment":[{"href":"https:\/\/lobosnews.com.ar\/index.php\/wp-json\/wp\/v2\/media?parent=96684"}],"wp:term":[{"taxonomy":"category","embeddable":true,"href":"https:\/\/lobosnews.com.ar\/index.php\/wp-json\/wp\/v2\/categories?post=96684"},{"taxonomy":"post_tag","embeddable":true,"href":"https:\/\/lobosnews.com.ar\/index.php\/wp-json\/wp\/v2\/tags?post=96684"}],"curies":[{"name":"wp","href":"https:\/\/api.w.org\/{rel}","templated":true}]}}