{"id":96676,"date":"2026-09-02T21:48:09","date_gmt":"2026-09-02T21:48:09","guid":{"rendered":"https:\/\/lobosnews.com.ar\/?p=96676"},"modified":"2026-09-02T22:23:26","modified_gmt":"2026-09-02T22:23:26","slug":"el-ex-comisario-walter-maciel-declarara-en-el-juicio-por-la-desaparicion-de-loan-pena","status":"publish","type":"post","link":"https:\/\/lobosnews.com.ar\/index.php\/2026\/09\/02\/el-ex-comisario-walter-maciel-declarara-en-el-juicio-por-la-desaparicion-de-loan-pena\/","title":{"rendered":"El ex comisario Walter Maciel declarar\u00e1 en el juicio por la desaparici\u00f3n de Loan Pe\u00f1a"},"content":{"rendered":"<p><img fetchpriority=\"high\" decoding=\"async\" src=\"https:\/\/lobosnews.com.ar\/wp-content\/uploads\/2026\/09\/el-ex-comisario-walter-maciel-declarara-en-el-juicio-por-la-desaparicion-de-loan-pena.jpg\" alt=\"Walter Maciel, el ex comisario acusado en la causa por la desaparici\u00f3n de Loan Pe\u00f1a\" height=\"1080\" width=\"1920\"\/><\/p>\n<p>El <span class=\"waslinkname\"><i>ex comisario <\/i><i><b>Walter Maciel<\/b><\/i><\/span> <b>declarar\u00e1 el jueves 10 de septiembre<\/b> en el juicio oral por la desaparici\u00f3n de <span class=\"waslinkname\"><i><b>Loan Danilo Pe\u00f1a<\/b><\/i><\/span>, seg\u00fan inform\u00f3 este mi\u00e9rcoles su abogado defensor, <b>Richard Vallejos<\/b>, luego de un cuarto intermedio en el Tribunal Oral Federal de Corrientes.<\/p>\n<p>Maciel era el jefe de la comisar\u00eda de 9 de Julio cuando Loan desapareci\u00f3 el 13 de junio de 2024, tras un almuerzo familiar en la casa de su abuela. El polic\u00eda <b>fue relevado de la b\u00fasqueda ocho d\u00edas despu\u00e9s<\/b> y pas\u00f3 de estar al frente de las primeras actuaciones a quedar bajo investigaci\u00f3n.<\/p>\n<p>La Fiscal\u00eda lo acus\u00f3 inicialmente por encubrimiento, aunque luego agrav\u00f3 la imputaci\u00f3n y lo ubic\u00f3 como <b>part\u00edcipe necesario en la desaparici\u00f3n del ni\u00f1o<\/b>. La acusaci\u00f3n sostiene que tuvo intervenci\u00f3n en una serie de irregularidades durante las primeras horas del operativo.<\/p>\n<p><img loading=\"lazy\" decoding=\"async\" src=\"https:\/\/lobosnews.com.ar\/wp-content\/uploads\/2026\/09\/el-ex-comisario-walter-maciel-declarara-en-el-juicio-por-la-desaparicion-de-loan-pena-1.jpg\" alt=\"El allanamiento a la casa de Maciel\" height=\"1080\" width=\"1920\"\/><\/p>\n<p>Entre los hechos que le atribuyen figuran una <b>demora en la activaci\u00f3n de la b\u00fasqueda<\/b> y la <b>presunta modificaci\u00f3n del libro de guardia de la comisar\u00eda<\/b>. Tambi\u00e9n cuestionan el repliegue de los rastrillajes por una <b>versi\u00f3n falsa sobre el supuesto hallazgo de Loan<\/b> y <b>el manejo de la escena donde apareci\u00f3 una zapatilla del chico<\/b>.<\/p>\n<p>Adem\u00e1s de reprocharle haber permitido la manipulaci\u00f3n del calzado antes de su secuestro formal, la acusaci\u00f3n tambi\u00e9n le cuestiona haber efectuado <b>presuntas citaciones falsas<\/b> y <b>secuestros de tel\u00e9fonos sin orden judicial<\/b>. Otro punto bajo an\u00e1lisis es la autorizaci\u00f3n para que <b>Mar\u00eda Victoria Caillava<\/b> y <b>Carlos P\u00e9rez<\/b> -otros dos imputados- dejaran Corrientes despu\u00e9s de la desaparici\u00f3n.<\/p>\n<h2>Lo que dej\u00f3 la audiencia<\/h2>\n<p><img loading=\"lazy\" decoding=\"async\" src=\"https:\/\/lobosnews.com.ar\/wp-content\/uploads\/2026\/09\/el-ex-comisario-walter-maciel-declarara-en-el-juicio-por-la-desaparicion-de-loan-pena-2.jpg\" alt=\"El juez Ferm\u00edn Ceroleni\" height=\"1080\" width=\"1920\"\/><\/p>\n<p>La audiencia de este mi\u00e9rcoles comenz\u00f3 con un descargo del presidente del tribunal, el juez <b>Ferm\u00edn Amado Ceroleni<\/b>, quien se refiri\u00f3 al planteo para apartarlo del proceso, que hab\u00eda sido <span class=\"waslinkname\"><i>rechazado el lunes<\/i><\/span>.<\/p>\n<p><b>\u201cMuy lejos estoy de tener animosidad con alguna de las partes\u201d<\/b>, sostuvo Ceroleni. En esa l\u00ednea, afirm\u00f3 que <b>\u201cse garantiz\u00f3 el derecho de defensa a rajatabla\u201d<\/b>. \u201cNosotros no estamos para agradar a nadie, venimos a juzgar\u201d, agreg\u00f3.<\/p>\n<p>Durante la jornada tambi\u00e9n se resolvi\u00f3 la situaci\u00f3n de <b>Pablo N\u00fa\u00f1ez<\/b>, uno de los acusados de entorpecer la investigaci\u00f3n. El abogado <b>Marcelo Ponce<\/b>, defensor de <b>Nicol\u00e1s \u201cEl Americano\u201d Soria<\/b>, asumi\u00f3 tambi\u00e9n su representaci\u00f3n t\u00e9cnica despu\u00e9s de <span class=\"waslinkname\"><i>la detenci\u00f3n de <\/i><i><b>Mart\u00edn Castillo<\/b><\/i><\/span>, quien hasta esta semana representaba a N\u00fa\u00f1ez y ahora est\u00e1 <b>acusado de tener v\u00ednculos con una organizaci\u00f3n narcocriminal de Rosario<\/b>.<\/p>\n<p><img loading=\"lazy\" decoding=\"async\" src=\"https:\/\/lobosnews.com.ar\/wp-content\/uploads\/2026\/09\/el-ex-comisario-walter-maciel-declarara-en-el-juicio-por-la-desaparicion-de-loan-pena-3.jpg\" alt=\"El abogado Mart\u00edn Castillo tras ser detenido el lunes en Palermo\" height=\"1536\" width=\"2752\"\/><\/p>\n<p>Tras ello, el tribunal escuch\u00f3 a cuatro integrantes de la Prefectura Naval Argentina (PNA), que cumplieron tareas de custodia en el hotel <i>Despertar del Iber\u00e1<\/i> y en la vivienda de Camila N\u00fa\u00f1ez durante la investigaci\u00f3n.<\/p>\n<p>Primero, <b>Jos\u00e9 Gerardo Alfonzo<\/b> record\u00f3 que recibi\u00f3 la orden de realizar una custodia perimetral en el hotel y de evitar que se registrara su interior porque all\u00ed hab\u00eda menores. Tambi\u00e9n relat\u00f3 que un hombre alojado en el lugar <b>se present\u00f3 como \u201cEl Tucumano\u201d y dijo ser m\u00e9dico forense<\/b>. El testigo vincul\u00f3 ese episodio con <b>Federico Rossi Colombo<\/b>, imputado por entorpecer la investigaci\u00f3n.<\/p>\n<p>Luego, <b>Carlos Javier Cuevas<\/b> declar\u00f3 que el 7 de julio de 2024 cumpli\u00f3 una guardia en el mismo establecimiento. Al llegar, le informaron que dentro estaban Camila, Macarena, menores de edad e integrantes de una fundaci\u00f3n llamada Dupuy.<\/p>\n<p>A su turno, <b>Mat\u00edas Emanuel Ram\u00edrez<\/b>, quien custodi\u00f3 la casa de Camila N\u00fa\u00f1ez entre julio de 2024 y enero de 2025, relat\u00f3 una visita de Soria. <b>\u201cBaj\u00f3 de su auto, se present\u00f3 con nosotros y habl\u00f3 con Camila un segundo desde la reja\u201d<\/b>, declar\u00f3.<\/p>\n<p><img loading=\"lazy\" decoding=\"async\" src=\"https:\/\/lobosnews.com.ar\/wp-content\/uploads\/2026\/09\/el-ex-comisario-walter-maciel-declarara-en-el-juicio-por-la-desaparicion-de-loan-pena-4.jpg\" alt=\"El juicio se desarrolla en el Escuadr\u00f3n N\u00b048 de la Gendarmer\u00eda Nacional de Corrientes\" height=\"1667\" width=\"2500\"\/><\/p>\n<p>El \u00faltimo testigo, <b>Gonzalo Sebasti\u00e1n Abenda\u00f1o<\/b>, indic\u00f3 que primero prest\u00f3 seguridad en el hotel y luego estuvo diez meses destinado a la custodia de la casa de Camila. Seg\u00fan dijo, durante ese per\u00edodo ingresaron a la vivienda un polic\u00eda y dos mujeres que se identificaron como integrantes del Ministerio P\u00fablico. El efectivo afirm\u00f3 que conversaron con Camila y con su hija.<\/p>\n<p>Ese relato llev\u00f3 a las partes a <b>pedir el libro de guardias de la PNA para contrastar la declaraci\u00f3n de Abenda\u00f1o con los registros de la custodia<\/b>.<\/p>\n","protected":false},"excerpt":{"rendered":"<p>El ex comisario Walter Maciel declarar\u00e1 el jueves 10 de septiembre en el juicio oral por la desaparici\u00f3n de Loan Danilo Pe\u00f1a, seg\u00fan inform\u00f3 este mi\u00e9rcoles su abogado defensor, Richard Vallejos, luego de un cuarto intermedio en el Tribunal Oral Federal de Corrientes. Maciel era el jefe de la comisar\u00eda de 9 de Julio cuando&#8230;<\/p>\n","protected":false},"author":1,"featured_media":96683,"comment_status":"open","ping_status":"closed","sticky":false,"template":"","format":"standard","meta":{"_jetpack_newsletter_access":"","_jetpack_dont_email_post_to_subs":false,"_jetpack_newsletter_tier_id":0,"_jetpack_memberships_contains_paywalled_content":false,"_jetpack_memberships_contains_paid_content":false,"footnotes":"","jetpack_post_was_ever_published":false},"categories":[31,30,32,77,84,35,36,37],"tags":[],"class_list":["post-96676","post","type-post","status-publish","format-standard","has-post-thumbnail","hentry","category-actualidad","category-argentina","category-economia","category-inseguridad","category-masradios-com","category-nacionales","category-seguridad","category-sociedad"],"magazineBlocksPostFeaturedMedia":{"thumbnail":"https:\/\/lobosnews.com.ar\/wp-content\/uploads\/2026\/09\/el-ex-comisario-walter-maciel-declarara-en-el-juicio-por-la-desaparicion-de-loan-pena-8-150x150.jpg","medium":"https:\/\/lobosnews.com.ar\/wp-content\/uploads\/2026\/09\/el-ex-comisario-walter-maciel-declarara-en-el-juicio-por-la-desaparicion-de-loan-pena-8-300x200.jpg","medium_large":"https:\/\/lobosnews.com.ar\/wp-content\/uploads\/2026\/09\/el-ex-comisario-walter-maciel-declarara-en-el-juicio-por-la-desaparicion-de-loan-pena-8-768x512.jpg","large":"https:\/\/lobosnews.com.ar\/wp-content\/uploads\/2026\/09\/el-ex-comisario-walter-maciel-declarara-en-el-juicio-por-la-desaparicion-de-loan-pena-8-1024x683.jpg","1536x1536":"https:\/\/lobosnews.com.ar\/wp-content\/uploads\/2026\/09\/el-ex-comisario-walter-maciel-declarara-en-el-juicio-por-la-desaparicion-de-loan-pena-8-1536x1024.jpg","2048x2048":"https:\/\/lobosnews.com.ar\/wp-content\/uploads\/2026\/09\/el-ex-comisario-walter-maciel-declarara-en-el-juicio-por-la-desaparicion-de-loan-pena-8-2048x1366.jpg","newsmatic-featured":"https:\/\/lobosnews.com.ar\/wp-content\/uploads\/2026\/09\/el-ex-comisario-walter-maciel-declarara-en-el-juicio-por-la-desaparicion-de-loan-pena-8-820x545.jpg","newsmatic-list":"https:\/\/lobosnews.com.ar\/wp-content\/uploads\/2026\/09\/el-ex-comisario-walter-maciel-declarara-en-el-juicio-por-la-desaparicion-de-loan-pena-8-600x400.jpg","newsmatic-thumb":"https:\/\/lobosnews.com.ar\/wp-content\/uploads\/2026\/09\/el-ex-comisario-walter-maciel-declarara-en-el-juicio-por-la-desaparicion-de-loan-pena-8-300x200.jpg","newsmatic-small":"https:\/\/lobosnews.com.ar\/wp-content\/uploads\/2026\/09\/el-ex-comisario-walter-maciel-declarara-en-el-juicio-por-la-desaparicion-de-loan-pena-8-150x95.jpg","newsmatic-grid":"https:\/\/lobosnews.com.ar\/wp-content\/uploads\/2026\/09\/el-ex-comisario-walter-maciel-declarara-en-el-juicio-por-la-desaparicion-de-loan-pena-8-400x250.jpg"},"magazineBlocksPostAuthor":{"name":"admin","avatar":"https:\/\/secure.gravatar.com\/avatar\/76e419471a2083bc3ceab22a763dbbf9b0c1bd15a6214cf3280e2c2dde4580f9?s=96&d=mm&r=g"},"magazineBlocksPostCommentsNumber":"0","magazineBlocksPostExcerpt":"El ex comisario Walter Maciel declarar\u00e1 el jueves 10 de septiembre en el juicio oral por la desaparici\u00f3n de Loan Danilo Pe\u00f1a, seg\u00fan inform\u00f3 este mi\u00e9rcoles su abogado defensor, Richard Vallejos, luego de un cuarto intermedio en el Tribunal Oral Federal de Corrientes. Maciel era el jefe de la comisar\u00eda de 9 de Julio cuando...","magazineBlocksPostCategories":["Actualidad","Argentina","econom\u00eda","inseguridad","masradios.com","nacionales","seguridad","sociedad"],"magazineBlocksPostViewCount":47,"magazineBlocksPostReadTime":4,"magazine_blocks_featured_image_url":{"full":["https:\/\/lobosnews.com.ar\/wp-content\/uploads\/2026\/09\/el-ex-comisario-walter-maciel-declarara-en-el-juicio-por-la-desaparicion-de-loan-pena-8.jpg",2500,1667,false],"medium":["https:\/\/lobosnews.com.ar\/wp-content\/uploads\/2026\/09\/el-ex-comisario-walter-maciel-declarara-en-el-juicio-por-la-desaparicion-de-loan-pena-8-300x200.jpg",300,200,true],"thumbnail":["https:\/\/lobosnews.com.ar\/wp-content\/uploads\/2026\/09\/el-ex-comisario-walter-maciel-declarara-en-el-juicio-por-la-desaparicion-de-loan-pena-8-150x150.jpg",150,150,true]},"magazine_blocks_author":{"display_name":"admin","author_link":"https:\/\/lobosnews.com.ar\/index.php\/author\/lobos-news\/"},"magazine_blocks_comment":0,"magazine_blocks_author_image":"https:\/\/secure.gravatar.com\/avatar\/76e419471a2083bc3ceab22a763dbbf9b0c1bd15a6214cf3280e2c2dde4580f9?s=96&d=mm&r=g","magazine_blocks_category":"<a href=\"#\" class=\"category-link category-link-31\">Actualidad<\/a> <a href=\"#\" class=\"category-link category-link-30\">Argentina<\/a> <a href=\"#\" class=\"category-link category-link-32\">econom\u00eda<\/a> <a href=\"#\" class=\"category-link category-link-77\">inseguridad<\/a> <a href=\"#\" class=\"category-link category-link-84\">masradios.com<\/a> <a href=\"#\" class=\"category-link category-link-35\">nacionales<\/a> <a href=\"#\" class=\"category-link category-link-36\">seguridad<\/a> <a href=\"#\" class=\"category-link category-link-37\">sociedad<\/a>","yoast_head":"<!-- This site is optimized with the Yoast SEO plugin v28.0 - https:\/\/yoast.com\/product\/yoast-seo-wordpress\/ -->\n<title>El ex comisario Walter Maciel declarar\u00e1 en el juicio por la desaparici\u00f3n de Loan Pe\u00f1a - Lobos News<\/title>\n<meta name=\"robots\" content=\"index, follow, max-snippet:-1, max-image-preview:large, max-video-preview:-1\" \/>\n<link rel=\"canonical\" href=\"https:\/\/lobosnews.com.ar\/index.php\/2026\/09\/02\/el-ex-comisario-walter-maciel-declarara-en-el-juicio-por-la-desaparicion-de-loan-pena\/\" \/>\n<meta property=\"og:locale\" content=\"es_ES\" \/>\n<meta property=\"og:type\" content=\"article\" \/>\n<meta property=\"og:title\" content=\"El ex comisario Walter Maciel declarar\u00e1 en el juicio por la desaparici\u00f3n de Loan Pe\u00f1a - Lobos News\" \/>\n<meta property=\"og:description\" content=\"El ex comisario Walter Maciel declarar\u00e1 el jueves 10 de septiembre en el juicio oral por la desaparici\u00f3n de Loan Danilo Pe\u00f1a, seg\u00fan inform\u00f3 este mi\u00e9rcoles su abogado defensor, Richard Vallejos, luego de un cuarto intermedio en el Tribunal Oral Federal de Corrientes. Maciel era el jefe de la comisar\u00eda de 9 de Julio cuando...\" \/>\n<meta property=\"og:url\" content=\"https:\/\/lobosnews.com.ar\/index.php\/2026\/09\/02\/el-ex-comisario-walter-maciel-declarara-en-el-juicio-por-la-desaparicion-de-loan-pena\/\" \/>\n<meta property=\"og:site_name\" content=\"Lobos News\" \/>\n<meta property=\"article:published_time\" content=\"2026-09-02T21:48:09+00:00\" \/>\n<meta property=\"article:modified_time\" content=\"2026-09-02T22:23:26+00:00\" \/>\n<meta property=\"og:image\" content=\"https:\/\/lobosnews.com.ar\/wp-content\/uploads\/2026\/09\/el-ex-comisario-walter-maciel-declarara-en-el-juicio-por-la-desaparicion-de-loan-pena-8.jpg\" \/>\n\t<meta property=\"og:image:width\" content=\"2500\" \/>\n\t<meta property=\"og:image:height\" content=\"1667\" \/>\n\t<meta property=\"og:image:type\" content=\"image\/jpeg\" \/>\n<meta name=\"author\" content=\"admin\" \/>\n<meta name=\"twitter:card\" content=\"summary_large_image\" \/>\n<meta name=\"twitter:label1\" content=\"Escrito por\" \/>\n\t<meta name=\"twitter:data1\" content=\"admin\" \/>\n\t<meta name=\"twitter:label2\" content=\"Tiempo de lectura\" \/>\n\t<meta name=\"twitter:data2\" content=\"4 minutos\" \/>\n<script type=\"application\/ld+json\" class=\"yoast-schema-graph\">{\"@context\":\"https:\\\/\\\/schema.org\",\"@graph\":[{\"@type\":\"Article\",\"@id\":\"https:\\\/\\\/lobosnews.com.ar\\\/index.php\\\/2026\\\/09\\\/02\\\/el-ex-comisario-walter-maciel-declarara-en-el-juicio-por-la-desaparicion-de-loan-pena\\\/#article\",\"isPartOf\":{\"@id\":\"https:\\\/\\\/lobosnews.com.ar\\\/index.php\\\/2026\\\/09\\\/02\\\/el-ex-comisario-walter-maciel-declarara-en-el-juicio-por-la-desaparicion-de-loan-pena\\\/\"},\"author\":{\"name\":\"admin\",\"@id\":\"https:\\\/\\\/lobosnews.com.ar\\\/#\\\/schema\\\/person\\\/232422a593d5c541dd9aef6aaed10943\"},\"headline\":\"El ex comisario Walter Maciel declarar\u00e1 en el juicio por la desaparici\u00f3n de Loan Pe\u00f1a\",\"datePublished\":\"2026-09-02T21:48:09+00:00\",\"dateModified\":\"2026-09-02T22:23:26+00:00\",\"mainEntityOfPage\":{\"@id\":\"https:\\\/\\\/lobosnews.com.ar\\\/index.php\\\/2026\\\/09\\\/02\\\/el-ex-comisario-walter-maciel-declarara-en-el-juicio-por-la-desaparicion-de-loan-pena\\\/\"},\"wordCount\":729,\"commentCount\":0,\"publisher\":{\"@id\":\"https:\\\/\\\/lobosnews.com.ar\\\/#organization\"},\"image\":{\"@id\":\"https:\\\/\\\/lobosnews.com.ar\\\/index.php\\\/2026\\\/09\\\/02\\\/el-ex-comisario-walter-maciel-declarara-en-el-juicio-por-la-desaparicion-de-loan-pena\\\/#primaryimage\"},\"thumbnailUrl\":\"https:\\\/\\\/lobosnews.com.ar\\\/wp-content\\\/uploads\\\/2026\\\/09\\\/el-ex-comisario-walter-maciel-declarara-en-el-juicio-por-la-desaparicion-de-loan-pena-8.jpg\",\"articleSection\":[\"Actualidad\",\"Argentina\",\"econom\u00eda\",\"inseguridad\",\"masradios.com\",\"nacionales\",\"seguridad\",\"sociedad\"],\"inLanguage\":\"es\",\"potentialAction\":[{\"@type\":\"CommentAction\",\"name\":\"Comment\",\"target\":[\"https:\\\/\\\/lobosnews.com.ar\\\/index.php\\\/2026\\\/09\\\/02\\\/el-ex-comisario-walter-maciel-declarara-en-el-juicio-por-la-desaparicion-de-loan-pena\\\/#respond\"]}]},{\"@type\":\"WebPage\",\"@id\":\"https:\\\/\\\/lobosnews.com.ar\\\/index.php\\\/2026\\\/09\\\/02\\\/el-ex-comisario-walter-maciel-declarara-en-el-juicio-por-la-desaparicion-de-loan-pena\\\/\",\"url\":\"https:\\\/\\\/lobosnews.com.ar\\\/index.php\\\/2026\\\/09\\\/02\\\/el-ex-comisario-walter-maciel-declarara-en-el-juicio-por-la-desaparicion-de-loan-pena\\\/\",\"name\":\"El ex comisario Walter Maciel declarar\u00e1 en el juicio por la desaparici\u00f3n de Loan Pe\u00f1a - Lobos News\",\"isPartOf\":{\"@id\":\"https:\\\/\\\/lobosnews.com.ar\\\/#website\"},\"primaryImageOfPage\":{\"@id\":\"https:\\\/\\\/lobosnews.com.ar\\\/index.php\\\/2026\\\/09\\\/02\\\/el-ex-comisario-walter-maciel-declarara-en-el-juicio-por-la-desaparicion-de-loan-pena\\\/#primaryimage\"},\"image\":{\"@id\":\"https:\\\/\\\/lobosnews.com.ar\\\/index.php\\\/2026\\\/09\\\/02\\\/el-ex-comisario-walter-maciel-declarara-en-el-juicio-por-la-desaparicion-de-loan-pena\\\/#primaryimage\"},\"thumbnailUrl\":\"https:\\\/\\\/lobosnews.com.ar\\\/wp-content\\\/uploads\\\/2026\\\/09\\\/el-ex-comisario-walter-maciel-declarara-en-el-juicio-por-la-desaparicion-de-loan-pena-8.jpg\",\"datePublished\":\"2026-09-02T21:48:09+00:00\",\"dateModified\":\"2026-09-02T22:23:26+00:00\",\"breadcrumb\":{\"@id\":\"https:\\\/\\\/lobosnews.com.ar\\\/index.php\\\/2026\\\/09\\\/02\\\/el-ex-comisario-walter-maciel-declarara-en-el-juicio-por-la-desaparicion-de-loan-pena\\\/#breadcrumb\"},\"inLanguage\":\"es\",\"potentialAction\":[{\"@type\":\"ReadAction\",\"target\":[\"https:\\\/\\\/lobosnews.com.ar\\\/index.php\\\/2026\\\/09\\\/02\\\/el-ex-comisario-walter-maciel-declarara-en-el-juicio-por-la-desaparicion-de-loan-pena\\\/\"]}]},{\"@type\":\"ImageObject\",\"inLanguage\":\"es\",\"@id\":\"https:\\\/\\\/lobosnews.com.ar\\\/index.php\\\/2026\\\/09\\\/02\\\/el-ex-comisario-walter-maciel-declarara-en-el-juicio-por-la-desaparicion-de-loan-pena\\\/#primaryimage\",\"url\":\"https:\\\/\\\/lobosnews.com.ar\\\/wp-content\\\/uploads\\\/2026\\\/09\\\/el-ex-comisario-walter-maciel-declarara-en-el-juicio-por-la-desaparicion-de-loan-pena-8.jpg\",\"contentUrl\":\"https:\\\/\\\/lobosnews.com.ar\\\/wp-content\\\/uploads\\\/2026\\\/09\\\/el-ex-comisario-walter-maciel-declarara-en-el-juicio-por-la-desaparicion-de-loan-pena-8.jpg\",\"width\":2500,\"height\":1667,\"caption\":\"El ex comisario Walter Maciel declarar\u00e1 en el juicio por la desaparici\u00f3n de Loan Pe\u00f1a\"},{\"@type\":\"BreadcrumbList\",\"@id\":\"https:\\\/\\\/lobosnews.com.ar\\\/index.php\\\/2026\\\/09\\\/02\\\/el-ex-comisario-walter-maciel-declarara-en-el-juicio-por-la-desaparicion-de-loan-pena\\\/#breadcrumb\",\"itemListElement\":[{\"@type\":\"ListItem\",\"position\":1,\"name\":\"Portada\",\"item\":\"https:\\\/\\\/lobosnews.com.ar\\\/\"},{\"@type\":\"ListItem\",\"position\":2,\"name\":\"El ex comisario Walter Maciel declarar\u00e1 en el juicio por la desaparici\u00f3n de Loan Pe\u00f1a\"}]},{\"@type\":\"WebSite\",\"@id\":\"https:\\\/\\\/lobosnews.com.ar\\\/#website\",\"url\":\"https:\\\/\\\/lobosnews.com.ar\\\/\",\"name\":\"Lobos News\",\"description\":\"Informaci\u00f3n a cada instante\",\"publisher\":{\"@id\":\"https:\\\/\\\/lobosnews.com.ar\\\/#organization\"},\"potentialAction\":[{\"@type\":\"SearchAction\",\"target\":{\"@type\":\"EntryPoint\",\"urlTemplate\":\"https:\\\/\\\/lobosnews.com.ar\\\/?s={search_term_string}\"},\"query-input\":{\"@type\":\"PropertyValueSpecification\",\"valueRequired\":true,\"valueName\":\"search_term_string\"}}],\"inLanguage\":\"es\"},{\"@type\":\"Organization\",\"@id\":\"https:\\\/\\\/lobosnews.com.ar\\\/#organization\",\"name\":\"Lobos News\",\"url\":\"https:\\\/\\\/lobosnews.com.ar\\\/\",\"logo\":{\"@type\":\"ImageObject\",\"inLanguage\":\"es\",\"@id\":\"https:\\\/\\\/lobosnews.com.ar\\\/#\\\/schema\\\/logo\\\/image\\\/\",\"url\":\"https:\\\/\\\/lobosnews.com.ar\\\/wp-content\\\/uploads\\\/2026\\\/01\\\/logo-lobosnews.png\",\"contentUrl\":\"https:\\\/\\\/lobosnews.com.ar\\\/wp-content\\\/uploads\\\/2026\\\/01\\\/logo-lobosnews.png\",\"width\":500,\"height\":200,\"caption\":\"Lobos News\"},\"image\":{\"@id\":\"https:\\\/\\\/lobosnews.com.ar\\\/#\\\/schema\\\/logo\\\/image\\\/\"}},{\"@type\":\"Person\",\"@id\":\"https:\\\/\\\/lobosnews.com.ar\\\/#\\\/schema\\\/person\\\/232422a593d5c541dd9aef6aaed10943\",\"name\":\"admin\",\"image\":{\"@type\":\"ImageObject\",\"inLanguage\":\"es\",\"@id\":\"https:\\\/\\\/secure.gravatar.com\\\/avatar\\\/76e419471a2083bc3ceab22a763dbbf9b0c1bd15a6214cf3280e2c2dde4580f9?s=96&d=mm&r=g\",\"url\":\"https:\\\/\\\/secure.gravatar.com\\\/avatar\\\/76e419471a2083bc3ceab22a763dbbf9b0c1bd15a6214cf3280e2c2dde4580f9?s=96&d=mm&r=g\",\"contentUrl\":\"https:\\\/\\\/secure.gravatar.com\\\/avatar\\\/76e419471a2083bc3ceab22a763dbbf9b0c1bd15a6214cf3280e2c2dde4580f9?s=96&d=mm&r=g\",\"caption\":\"admin\"},\"sameAs\":[\"https:\\\/\\\/lobosnews.com.ar\"],\"url\":\"https:\\\/\\\/lobosnews.com.ar\\\/index.php\\\/author\\\/lobos-news\\\/\"}]}<\/script>\n<!-- \/ Yoast SEO plugin. -->","yoast_head_json":{"title":"El ex comisario Walter Maciel declarar\u00e1 en el juicio por la desaparici\u00f3n de Loan Pe\u00f1a - Lobos News","robots":{"index":"index","follow":"follow","max-snippet":"max-snippet:-1","max-image-preview":"max-image-preview:large","max-video-preview":"max-video-preview:-1"},"canonical":"https:\/\/lobosnews.com.ar\/index.php\/2026\/09\/02\/el-ex-comisario-walter-maciel-declarara-en-el-juicio-por-la-desaparicion-de-loan-pena\/","og_locale":"es_ES","og_type":"article","og_title":"El ex comisario Walter Maciel declarar\u00e1 en el juicio por la desaparici\u00f3n de Loan Pe\u00f1a - Lobos News","og_description":"El ex comisario Walter Maciel declarar\u00e1 el jueves 10 de septiembre en el juicio oral por la desaparici\u00f3n de Loan Danilo Pe\u00f1a, seg\u00fan inform\u00f3 este mi\u00e9rcoles su abogado defensor, Richard Vallejos, luego de un cuarto intermedio en el Tribunal Oral Federal de Corrientes. Maciel era el jefe de la comisar\u00eda de 9 de Julio cuando...","og_url":"https:\/\/lobosnews.com.ar\/index.php\/2026\/09\/02\/el-ex-comisario-walter-maciel-declarara-en-el-juicio-por-la-desaparicion-de-loan-pena\/","og_site_name":"Lobos News","article_published_time":"2026-09-02T21:48:09+00:00","article_modified_time":"2026-09-02T22:23:26+00:00","og_image":[{"width":2500,"height":1667,"url":"https:\/\/lobosnews.com.ar\/wp-content\/uploads\/2026\/09\/el-ex-comisario-walter-maciel-declarara-en-el-juicio-por-la-desaparicion-de-loan-pena-8.jpg","type":"image\/jpeg"}],"author":"admin","twitter_card":"summary_large_image","twitter_misc":{"Escrito por":"admin","Tiempo de lectura":"4 minutos"},"schema":{"@context":"https:\/\/schema.org","@graph":[{"@type":"Article","@id":"https:\/\/lobosnews.com.ar\/index.php\/2026\/09\/02\/el-ex-comisario-walter-maciel-declarara-en-el-juicio-por-la-desaparicion-de-loan-pena\/#article","isPartOf":{"@id":"https:\/\/lobosnews.com.ar\/index.php\/2026\/09\/02\/el-ex-comisario-walter-maciel-declarara-en-el-juicio-por-la-desaparicion-de-loan-pena\/"},"author":{"name":"admin","@id":"https:\/\/lobosnews.com.ar\/#\/schema\/person\/232422a593d5c541dd9aef6aaed10943"},"headline":"El ex comisario Walter Maciel declarar\u00e1 en el juicio por la desaparici\u00f3n de Loan Pe\u00f1a","datePublished":"2026-09-02T21:48:09+00:00","dateModified":"2026-09-02T22:23:26+00:00","mainEntityOfPage":{"@id":"https:\/\/lobosnews.com.ar\/index.php\/2026\/09\/02\/el-ex-comisario-walter-maciel-declarara-en-el-juicio-por-la-desaparicion-de-loan-pena\/"},"wordCount":729,"commentCount":0,"publisher":{"@id":"https:\/\/lobosnews.com.ar\/#organization"},"image":{"@id":"https:\/\/lobosnews.com.ar\/index.php\/2026\/09\/02\/el-ex-comisario-walter-maciel-declarara-en-el-juicio-por-la-desaparicion-de-loan-pena\/#primaryimage"},"thumbnailUrl":"https:\/\/lobosnews.com.ar\/wp-content\/uploads\/2026\/09\/el-ex-comisario-walter-maciel-declarara-en-el-juicio-por-la-desaparicion-de-loan-pena-8.jpg","articleSection":["Actualidad","Argentina","econom\u00eda","inseguridad","masradios.com","nacionales","seguridad","sociedad"],"inLanguage":"es","potentialAction":[{"@type":"CommentAction","name":"Comment","target":["https:\/\/lobosnews.com.ar\/index.php\/2026\/09\/02\/el-ex-comisario-walter-maciel-declarara-en-el-juicio-por-la-desaparicion-de-loan-pena\/#respond"]}]},{"@type":"WebPage","@id":"https:\/\/lobosnews.com.ar\/index.php\/2026\/09\/02\/el-ex-comisario-walter-maciel-declarara-en-el-juicio-por-la-desaparicion-de-loan-pena\/","url":"https:\/\/lobosnews.com.ar\/index.php\/2026\/09\/02\/el-ex-comisario-walter-maciel-declarara-en-el-juicio-por-la-desaparicion-de-loan-pena\/","name":"El ex comisario Walter Maciel declarar\u00e1 en el juicio por la desaparici\u00f3n de Loan Pe\u00f1a - Lobos News","isPartOf":{"@id":"https:\/\/lobosnews.com.ar\/#website"},"primaryImageOfPage":{"@id":"https:\/\/lobosnews.com.ar\/index.php\/2026\/09\/02\/el-ex-comisario-walter-maciel-declarara-en-el-juicio-por-la-desaparicion-de-loan-pena\/#primaryimage"},"image":{"@id":"https:\/\/lobosnews.com.ar\/index.php\/2026\/09\/02\/el-ex-comisario-walter-maciel-declarara-en-el-juicio-por-la-desaparicion-de-loan-pena\/#primaryimage"},"thumbnailUrl":"https:\/\/lobosnews.com.ar\/wp-content\/uploads\/2026\/09\/el-ex-comisario-walter-maciel-declarara-en-el-juicio-por-la-desaparicion-de-loan-pena-8.jpg","datePublished":"2026-09-02T21:48:09+00:00","dateModified":"2026-09-02T22:23:26+00:00","breadcrumb":{"@id":"https:\/\/lobosnews.com.ar\/index.php\/2026\/09\/02\/el-ex-comisario-walter-maciel-declarara-en-el-juicio-por-la-desaparicion-de-loan-pena\/#breadcrumb"},"inLanguage":"es","potentialAction":[{"@type":"ReadAction","target":["https:\/\/lobosnews.com.ar\/index.php\/2026\/09\/02\/el-ex-comisario-walter-maciel-declarara-en-el-juicio-por-la-desaparicion-de-loan-pena\/"]}]},{"@type":"ImageObject","inLanguage":"es","@id":"https:\/\/lobosnews.com.ar\/index.php\/2026\/09\/02\/el-ex-comisario-walter-maciel-declarara-en-el-juicio-por-la-desaparicion-de-loan-pena\/#primaryimage","url":"https:\/\/lobosnews.com.ar\/wp-content\/uploads\/2026\/09\/el-ex-comisario-walter-maciel-declarara-en-el-juicio-por-la-desaparicion-de-loan-pena-8.jpg","contentUrl":"https:\/\/lobosnews.com.ar\/wp-content\/uploads\/2026\/09\/el-ex-comisario-walter-maciel-declarara-en-el-juicio-por-la-desaparicion-de-loan-pena-8.jpg","width":2500,"height":1667,"caption":"El ex comisario Walter Maciel declarar\u00e1 en el juicio por la desaparici\u00f3n de Loan Pe\u00f1a"},{"@type":"BreadcrumbList","@id":"https:\/\/lobosnews.com.ar\/index.php\/2026\/09\/02\/el-ex-comisario-walter-maciel-declarara-en-el-juicio-por-la-desaparicion-de-loan-pena\/#breadcrumb","itemListElement":[{"@type":"ListItem","position":1,"name":"Portada","item":"https:\/\/lobosnews.com.ar\/"},{"@type":"ListItem","position":2,"name":"El ex comisario Walter Maciel declarar\u00e1 en el juicio por la desaparici\u00f3n de Loan Pe\u00f1a"}]},{"@type":"WebSite","@id":"https:\/\/lobosnews.com.ar\/#website","url":"https:\/\/lobosnews.com.ar\/","name":"Lobos News","description":"Informaci\u00f3n a cada instante","publisher":{"@id":"https:\/\/lobosnews.com.ar\/#organization"},"potentialAction":[{"@type":"SearchAction","target":{"@type":"EntryPoint","urlTemplate":"https:\/\/lobosnews.com.ar\/?s={search_term_string}"},"query-input":{"@type":"PropertyValueSpecification","valueRequired":true,"valueName":"search_term_string"}}],"inLanguage":"es"},{"@type":"Organization","@id":"https:\/\/lobosnews.com.ar\/#organization","name":"Lobos News","url":"https:\/\/lobosnews.com.ar\/","logo":{"@type":"ImageObject","inLanguage":"es","@id":"https:\/\/lobosnews.com.ar\/#\/schema\/logo\/image\/","url":"https:\/\/lobosnews.com.ar\/wp-content\/uploads\/2026\/01\/logo-lobosnews.png","contentUrl":"https:\/\/lobosnews.com.ar\/wp-content\/uploads\/2026\/01\/logo-lobosnews.png","width":500,"height":200,"caption":"Lobos News"},"image":{"@id":"https:\/\/lobosnews.com.ar\/#\/schema\/logo\/image\/"}},{"@type":"Person","@id":"https:\/\/lobosnews.com.ar\/#\/schema\/person\/232422a593d5c541dd9aef6aaed10943","name":"admin","image":{"@type":"ImageObject","inLanguage":"es","@id":"https:\/\/secure.gravatar.com\/avatar\/76e419471a2083bc3ceab22a763dbbf9b0c1bd15a6214cf3280e2c2dde4580f9?s=96&d=mm&r=g","url":"https:\/\/secure.gravatar.com\/avatar\/76e419471a2083bc3ceab22a763dbbf9b0c1bd15a6214cf3280e2c2dde4580f9?s=96&d=mm&r=g","contentUrl":"https:\/\/secure.gravatar.com\/avatar\/76e419471a2083bc3ceab22a763dbbf9b0c1bd15a6214cf3280e2c2dde4580f9?s=96&d=mm&r=g","caption":"admin"},"sameAs":["https:\/\/lobosnews.com.ar"],"url":"https:\/\/lobosnews.com.ar\/index.php\/author\/lobos-news\/"}]}},"jetpack_featured_media_url":"https:\/\/lobosnews.com.ar\/wp-content\/uploads\/2026\/09\/el-ex-comisario-walter-maciel-declarara-en-el-juicio-por-la-desaparicion-de-loan-pena-8.jpg","jetpack_sharing_enabled":true,"_links":{"self":[{"href":"https:\/\/lobosnews.com.ar\/index.php\/wp-json\/wp\/v2\/posts\/96676","targetHints":{"allow":["GET"]}}],"collection":[{"href":"https:\/\/lobosnews.com.ar\/index.php\/wp-json\/wp\/v2\/posts"}],"about":[{"href":"https:\/\/lobosnews.com.ar\/index.php\/wp-json\/wp\/v2\/types\/post"}],"author":[{"embeddable":true,"href":"https:\/\/lobosnews.com.ar\/index.php\/wp-json\/wp\/v2\/users\/1"}],"replies":[{"embeddable":true,"href":"https:\/\/lobosnews.com.ar\/index.php\/wp-json\/wp\/v2\/comments?post=96676"}],"version-history":[{"count":1,"href":"https:\/\/lobosnews.com.ar\/index.php\/wp-json\/wp\/v2\/posts\/96676\/revisions"}],"predecessor-version":[{"id":96682,"href":"https:\/\/lobosnews.com.ar\/index.php\/wp-json\/wp\/v2\/posts\/96676\/revisions\/96682"}],"wp:featuredmedia":[{"embeddable":true,"href":"https:\/\/lobosnews.com.ar\/index.php\/wp-json\/wp\/v2\/media\/96683"}],"wp:attachment":[{"href":"https:\/\/lobosnews.com.ar\/index.php\/wp-json\/wp\/v2\/media?parent=96676"}],"wp:term":[{"taxonomy":"category","embeddable":true,"href":"https:\/\/lobosnews.com.ar\/index.php\/wp-json\/wp\/v2\/categories?post=96676"},{"taxonomy":"post_tag","embeddable":true,"href":"https:\/\/lobosnews.com.ar\/index.php\/wp-json\/wp\/v2\/tags?post=96676"}],"curies":[{"name":"wp","href":"https:\/\/api.w.org\/{rel}","templated":true}]}}