{"id":96666,"date":"2026-09-02T18:34:28","date_gmt":"2026-09-02T18:34:28","guid":{"rendered":"https:\/\/lobosnews.com.ar\/?p=96666"},"modified":"2026-09-02T22:23:21","modified_gmt":"2026-09-02T22:23:21","slug":"una-alergia-frecuente-en-bebes-puede-pasar-meses-sin-diagnostico-y-afectar-su-crecimiento-la-campana-nacional-para-detectarla-a-tiempo","status":"publish","type":"post","link":"https:\/\/lobosnews.com.ar\/index.php\/2026\/09\/02\/una-alergia-frecuente-en-bebes-puede-pasar-meses-sin-diagnostico-y-afectar-su-crecimiento-la-campana-nacional-para-detectarla-a-tiempo\/","title":{"rendered":"Una alergia frecuente en beb\u00e9s puede pasar meses sin diagn\u00f3stico y afectar su crecimiento: la campa\u00f1a nacional para detectarla a tiempo"},"content":{"rendered":"<p><img loading=\"lazy\" decoding=\"async\" src=\"https:\/\/lobosnews.com.ar\/wp-content\/uploads\/2026\/09\/una-alergia-frecuente-en-bebes-puede-pasar-meses-sin-diagnostico-y-afectar-su-crecimiento-la-campana-nacional-para-detectarla-a-tiempo.jpg\" alt=\"Casi 1 de cada 100 ni\u00f1os en el pa\u00eds desarrolla una alergia alimentaria, y una proporci\u00f3n relevante de esos casos corresponde a la prote\u00edna de la leche de vaca. (Imagen Ilustrativa Infobae)\" height=\"1536\" width=\"2752\"\/><\/p>\n<p>En <b>Argentina<\/b>, <b>la <\/b><span class=\"waslinkname\"><b>alergia a la prote\u00edna de la leche de vaca<\/b><\/span><b> puede tardar meses en ser identificada<\/b>, aun cuando se trata de una de las m\u00e1s frecuentes en los primeros meses de vida. El cuadro, conocido como APLV, <b>concentra cerca de un tercio de las alergias alimentarias infantiles<\/b> y motiv\u00f3 una campa\u00f1a nacional impulsada por la <b>Asociaci\u00f3n Argentina de Alergia e Inmunolog\u00eda Cl\u00ednica (AAAeIC)<\/b> para facilitar consultas gratuitas con especialistas.<\/p>\n<p><b>Casi 1 de cada 100 ni\u00f1os en el pa\u00eds desarrolla una alergia alimentaria<\/b>, y una proporci\u00f3n relevante de esos casos corresponde a la prote\u00edna de la leche de vaca. La dificultad para reconocerla de manera temprana se vincula con la<b> variedad de manifestaciones cl\u00ednicas<\/b>: puede aparecer con <b>s\u00edntomas digestivos, cut\u00e1neos o respiratorios<\/b>, y en muchos casos se superpone con trastornos habituales de la lactancia y de la primera infancia.<\/p>\n<p>En di\u00e1logo con <b>Infobae<\/b>, la pediatra y alergista <b>Silvana Monsell<\/b>, presidenta de la <b>AAAeIC<\/b>, advirti\u00f3 que la demora diagn\u00f3stica responde a que la enfermedad <b>no se presenta con una se\u00f1al \u00fanica y definida.<\/b><\/p>\n<p>\u201cLa alergia a la prote\u00edna de la leche de vaca muchas veces demora en diagnosticarse porque <b>no est\u00e1 representada por un \u00fanico signo o s\u00edntoma<\/b> sino que puede manifestarse de distintas maneras. Incluso<b> puede confundirse con problemas frecuentes de los primeros meses de vida, como c\u00f3licos, reflujo, constipaci\u00f3n o dermatitis<\/b>\u201d, explic\u00f3. Y advirti\u00f3 que <b>\u201cel impacto que puede tener un diagn\u00f3stico tard\u00edo en la salud del beb\u00e9 es alto\u201d.<\/b><\/p>\n<h2>La enfermedad suele aparecer en los primeros meses y confundirse con cuadros comunes<\/h2>\n<p>La APLV suele comenzar cuando el beb\u00e9 todav\u00eda transita sus primeros meses, una etapa en la que <b>son habituales las consultas por llanto persistente<\/b>, v\u00f3mitos, dificultades para evacuar, eccemas o molestias digestivas. Esa coincidencia cl\u00ednica hace que algunas familias pasen por varios consultorios antes de obtener una explicaci\u00f3n precisa sobre lo que ocurre.<\/p>\n<p><img loading=\"lazy\" decoding=\"async\" src=\"https:\/\/lobosnews.com.ar\/wp-content\/uploads\/2026\/09\/una-alergia-frecuente-en-bebes-puede-pasar-meses-sin-diagnostico-y-afectar-su-crecimiento-la-campana-nacional-para-detectarla-a-tiempo-1.jpg\" alt=\"El retraso en el diagn\u00f3stico de la alergia a la prote\u00edna de la leche de vaca puede afectar la alimentaci\u00f3n, el crecimiento y el estado nutricional del beb\u00e9. (Imagen Ilustrativa Infobae)\" height=\"768\" width=\"1408\"\/><\/p>\n<p>Seg\u00fan explic\u00f3 <b>Monsell<\/b>, uno de los desaf\u00edos consiste en <b>distinguir cu\u00e1ndo se trata de s\u00edntomas aislados esperables y cu\u00e1ndo aparece una combinaci\u00f3n que exige una evaluaci\u00f3n m\u00e1s espec\u00edfica.<\/b> La especialista en alergia e inmunolog\u00eda cl\u00ednica indic\u00f3 que c\u00f3licos, reflujo o dermatitis, por separado, no alcanzan para sospechar de inmediato una alergia alimentaria, pero <b>la persistencia, la intensidad o la asociaci\u00f3n entre varios signos pueden modificar esa lectura cl\u00ednica<\/b>.<\/p>\n<p>Entre los s\u00edntomas que deber\u00edan motivar una consulta especializada, la presidenta de la <b>AAAeIC<\/b> mencion\u00f3 <b>diarrea persistente, deposiciones con sangre o moco, v\u00f3mitos recurrentes, reflujo intenso que no mejora, constipaci\u00f3n sostenida, eccemas resistentes al tratamiento, urticaria e hinchaz\u00f3n de labios o p\u00e1rpados tras el contacto con leche<\/b>. En cuadros de mayor compromiso tambi\u00e9n pueden aparecer rechazo del alimento, dificultades en la ingesta y <b>alteraciones en el crecimiento<\/b>.<\/p>\n<p><img loading=\"lazy\" decoding=\"async\" src=\"https:\/\/lobosnews.com.ar\/wp-content\/uploads\/2026\/09\/una-alergia-frecuente-en-bebes-puede-pasar-meses-sin-diagnostico-y-afectar-su-crecimiento-la-campana-nacional-para-detectarla-a-tiempo-2.jpg\" alt=\"La APLV concentra cerca de un tercio de las alergias alimentarias infantiles y suele confundirse con c\u00f3licos, reflujo, constipaci\u00f3n o dermatitis. (Imagen Ilustrativa Infobae)\" height=\"1536\" width=\"2752\"\/><\/p>\n<p>\u201cEstos s\u00edntomas aislados no nos har\u00edan sospechar de una alergia a la prote\u00edna de leche de vaca, pero muchas veces <b>la combinaci\u00f3n de m\u00e1s de uno de estos debe hacer que hagamos una consulta temprana al especialista<\/b>\u201d, plante\u00f3 <b>Monsell<\/b> al describir los criterios que pueden orientar a las familias.<\/p>\n<h2>Las dietas de exclusi\u00f3n sin control m\u00e9dico figuran entre los errores m\u00e1s frecuentes<\/h2>\n<p>Uno de los puntos que la campa\u00f1a busca remarcar es la necesidad de <b>evitar decisiones alimentarias sin evaluaci\u00f3n profesional<\/b>. Frente a s\u00edntomas persistentes, <b>algunas familias optan por retirar leche u otros alimentos<\/b> de manera preventiva para observar si hay mejor\u00eda. Ese camino puede derivar en <b>restricciones innecesarias<\/b> y en <b>d\u00e9ficits nutricionales<\/b> si no se realiza con seguimiento adecuado.<\/p>\n<p><img loading=\"lazy\" decoding=\"async\" src=\"https:\/\/lobosnews.com.ar\/wp-content\/uploads\/2026\/09\/una-alergia-frecuente-en-bebes-puede-pasar-meses-sin-diagnostico-y-afectar-su-crecimiento-la-campana-nacional-para-detectarla-a-tiempo-3.jpg\" alt=\"Las dietas de exclusi\u00f3n sin evaluaci\u00f3n m\u00e9dica pueden generar restricciones innecesarias y d\u00e9ficits nutricionales en beb\u00e9s y madres. (Imagen Ilustrativa Infobae)\" height=\"1536\" width=\"2752\"\/><\/p>\n<p>\u201c<b>Uno de los errores m\u00e1s frecuentes que vemos en la consulta son las dietas de exclusi\u00f3n sin una evaluaci\u00f3n m\u00e9dica adecuada<\/b>\u201d, advirti\u00f3 <b>Monsell<\/b>. \u201cMuchas veces son las propias familias las que, al ver que sus beb\u00e9s no mejoran, intentan retirar alg\u00fan alimento, como la leche, para observar si hay cambios, con las implicancias nutricionales que eso puede traer\u201d, agreg\u00f3.<\/p>\n<p>El <b>diagn\u00f3stico<\/b> de la APLV debe ser realizado por profesionales capacitados, a partir de <b>la historia cl\u00ednica, la evoluci\u00f3n del ni\u00f1o y la interpretaci\u00f3n de los s\u00edntomas<\/b>. La evaluaci\u00f3n permite <b>confirmar o descartar una alergia alimentaria y definir qu\u00e9 intervenci\u00f3n corresponde en cada caso,<\/b> con el objetivo de evitar tanto el subdiagn\u00f3stico como el sobrediagn\u00f3stico.<\/p>\n<p><b>Monsell <\/b>aclar\u00f3 que el objetivo<b> <\/b>no es generar alarma frente a cualquier molestia digestiva o cut\u00e1nea sino<b> \u201caumentar la sospecha cl\u00ednica para que los beb\u00e9s que realmente tienen APLV puedan ser identificados y tratados adecuadamente\u201d<\/b>. Ese enfoque busca <b>detectar a los pacientes que realmente requieren tratamiento<\/b> y, al mismo tiempo, <b>evitar restricciones alimentarias sin sustento m\u00e9dico<\/b>.<\/p>\n<h2>El retraso en el diagn\u00f3stico puede afectar el crecimiento y la nutrici\u00f3n del beb\u00e9<\/h2>\n<p>La falta de reconocimiento oportuno no solo <b>prolonga el malestar<\/b>. Tambi\u00e9n puede <b>interferir en la alimentaci\u00f3n, el desarrollo y el estado nutricional <\/b>del ni\u00f1o. Cuando la APLV no es detectada, los s\u00edntomas pueden mantenerse durante semanas o meses, con impacto sobre la tolerancia a las comidas, el descanso y la din\u00e1mica cotidiana del hogar.<\/p>\n<p><img loading=\"lazy\" decoding=\"async\" src=\"https:\/\/lobosnews.com.ar\/wp-content\/uploads\/2026\/09\/una-alergia-frecuente-en-bebes-puede-pasar-meses-sin-diagnostico-y-afectar-su-crecimiento-la-campana-nacional-para-detectarla-a-tiempo-4.jpg\" alt=\"El retraso en el diagn\u00f3stico de la alergia a la prote\u00edna de la leche de vaca puede afectar la alimentaci\u00f3n, el crecimiento y el estado nutricional del beb\u00e9. (Imagen Ilustrativa Infobae)\" height=\"1536\" width=\"2752\"\/><\/p>\n<p><b>\u201cEl impacto que puede tener un diagn\u00f3stico tard\u00edo en la salud del beb\u00e9 es alto\u201d<\/b>, afirm\u00f3 <b>Monsell<\/b>. La especialista explic\u00f3 que un ni\u00f1o con esta alergia sin reconocer puede presentar s\u00edntomas persistentes y dificultades para alimentarse, y que en algunos casos eso deriva en problemas de crecimiento o en una evoluci\u00f3n nutricional desfavorable.<\/p>\n<p>La experta explic\u00f3 a <b>Infobae<\/b> que el problema no se limita al paciente. Tambi\u00e9n <b>alcanza a la familia<\/b>, que suele atravesar un per\u00edodo de incertidumbre mientras intenta entender por qu\u00e9 el beb\u00e9 no mejora. En ese proceso, dijo, <b>es frecuente que los padres cambien f\u00f3rmulas, modifiquen rutinas o consulten a distintos profesionales sin acceder a un diagn\u00f3stico claro<\/b>.<\/p>\n<p>\u201cCuando no se encuentra una explicaci\u00f3n, <b>los padres pueden pasar meses preocupados, cambiando f\u00f3rmulas o alimentos, o realizando dietas de exclusi\u00f3n innecesarias<\/b>, tanto de los beb\u00e9s como de las mam\u00e1s. Quienes est\u00e1n amamantando empiezan a restringirse tambi\u00e9n en los alimentos o consultan a distintos m\u00e9dicos sin llegar a un diagn\u00f3stico\u201d, afirm\u00f3. <\/p>\n<p>En los casos en que hay lactancia materna, agreg\u00f3, <b>algunas mujeres comienzan a restringir su propia alimentaci\u00f3n sin indicaci\u00f3n suficiente<\/b>, con consecuencias que tambi\u00e9n pueden repercutir en su bienestar y en la organizaci\u00f3n familiar.<\/p>\n<h2>La campa\u00f1a nacional ofrecer\u00e1 consultas gratuitas<\/h2>\n<p>Con ese objetivo, la <b>Asociaci\u00f3n Argentina de Alergia e Inmunolog\u00eda Cl\u00ednica<\/b> puso en marcha esta semana una campa\u00f1a nacional de detecci\u00f3n temprana. La iniciativa ofrece <b>consultas gratuitas, presenciales o virtuales,<\/b> con profesionales de todo el pa\u00eds, en su mayor\u00eda m\u00e9dicos alergistas.<\/p>\n<p><img loading=\"lazy\" decoding=\"async\" src=\"https:\/\/lobosnews.com.ar\/wp-content\/uploads\/2026\/09\/una-alergia-frecuente-en-bebes-puede-pasar-meses-sin-diagnostico-y-afectar-su-crecimiento-la-campana-nacional-para-detectarla-a-tiempo-5.jpg\" alt=\"La campa\u00f1a nacional ofrece consultas gratuitas, presenciales o virtuales, para facilitar la detecci\u00f3n temprana de la APLV en todo el pa\u00eds. (Imagen Ilustrativa Infobae)\" height=\"1536\" width=\"2752\"\/><\/p>\n<p>Para solicitar un turno, las familias deber\u00e1n ingresar en <span class=\"waslinkname\"><b>www.pedirturno.com.ar<\/b><\/span> hasta el viernes 4 de septiembre, per\u00edodo en el que se conmemora la Semana de la APLV. All\u00ed se les pedir\u00e1 responder un breve cuestionario orientador sobre los s\u00edntomas del beb\u00e9 y, a partir de esa informaci\u00f3n, <b>podr\u00e1n reservar una consulta con el especialista m\u00e1s cercano para la semana comprendida entre el lunes 7 y el viernes 11 de septiembre<\/b>.<\/p>\n<p>\u201c<b>Con esta campa\u00f1a gratuita, como sociedad cient\u00edfica queremos facilitar el acceso a una evaluaci\u00f3n especializada y promover un diagn\u00f3stico temprano y de certeza de esta enfermedad cuando existen signos compatibles<\/b>\u201d, se\u00f1al\u00f3 <b>Monsell<\/b>. Y agreg\u00f3 que un abordaje oportuno permite identificar a quienes necesitan tratamiento, iniciar las intervenciones en el momento indicado y prevenir complicaciones evitables.<\/p>\n<p>Desde la entidad remarcaron que los s\u00edntomas pueden aparecer inmediatamente despu\u00e9s de la ingesta o varias horas, e incluso d\u00edas, m\u00e1s tarde. Esa distancia temporal entre el consumo y la reacci\u00f3n es otro de los factores que suelen dificultar la asociaci\u00f3n directa con la leche de vaca y que explican por qu\u00e9 algunos casos tardan en ser reconocidos.<\/p>\n<h2>El tratamiento apunta a eliminar la prote\u00edna de leche sin comprometer el aporte nutricional<\/h2>\n<p>Una vez establecido el diagn\u00f3stico, el tratamiento suele consistir en <b>excluir la prote\u00edna de la leche de vaca de la alimentaci\u00f3n<\/b>, con control profesional para preservar un aporte nutricional adecuado. La estrategia concreta <b>depende de la edad del ni\u00f1o, del tipo de alimentaci\u00f3n que recibe y de la forma cl\u00ednica<\/b> con la que se presenta la alergia.<\/p>\n<p><img loading=\"lazy\" decoding=\"async\" src=\"https:\/\/lobosnews.com.ar\/wp-content\/uploads\/2026\/09\/una-alergia-frecuente-en-bebes-puede-pasar-meses-sin-diagnostico-y-afectar-su-crecimiento-la-campana-nacional-para-detectarla-a-tiempo-6.jpg\" alt=\"El tratamiento consiste en excluir la prote\u00edna de la leche de vaca con supervisi\u00f3n profesional y preservar un aporte nutricional adecuado seg\u00fan cada caso. (Imagen Ilustrativa Infobae)\" height=\"1536\" width=\"2752\"\/><\/p>\n<p>En los beb\u00e9s que reciben <b>lactancia materna<\/b>, esa opci\u00f3n sigue siendo la primera recomendaci\u00f3n siempre que sea posible. Cuando se necesita un reemplazo o una alternativa, existen f\u00f3rmulas medicamentosas dise\u00f1adas para estos casos, indicadas seg\u00fan la evaluaci\u00f3n m\u00e9dica.<\/p>\n<p>La informaci\u00f3n difundida por la <b>AAAeIC<\/b> a\u00f1ade un elemento de investigaci\u00f3n que gan\u00f3 relevancia en los \u00faltimos a\u00f1os: la relaci\u00f3n entre la <b>microbiota intestinal<\/b> y la <b>APLV<\/b>. Seg\u00fan explic\u00f3 la entidad, los lactantes con esta alergia presentan una microbiota diferente de la observada en ni\u00f1os sanos. Por esa raz\u00f3n, en aquellos que requieren f\u00f3rmulas medicamentosas, existe la posibilidad de optar por variantes que incorporan prebi\u00f3ticos y probi\u00f3ticos orientados a modular ese ecosistema intestinal.<\/p>\n<p>Ese aspecto no reemplaza al diagn\u00f3stico ni modifica la indicaci\u00f3n central de evitar la prote\u00edna desencadenante, pero muestra que el abordaje terap\u00e9utico busca contemplar varios planos del desarrollo infantil. En todos los casos, los especialistas insisten en que la conducta debe ajustarse a cada paciente y quedar bajo supervisi\u00f3n profesional.<\/p>\n<h2>Consultar ante s\u00edntomas persistentes y evitar la automedicaci\u00f3n alimentaria<\/h2>\n<p>La campa\u00f1a tambi\u00e9n apunta a mejorar el conocimiento p\u00fablico sobre una enfermedad frecuente que, de acuerdo con la sociedad cient\u00edfica, sigue siendo poco reconocida fuera de los \u00e1mbitos especializados. Esa falta de informaci\u00f3n puede retrasar la consulta o favorecer decisiones caseras que complejizan el cuadro.<\/p>\n<p>\u201cSi un ni\u00f1o presenta s\u00edntomas que generan preocupaci\u00f3n, es importante consultar con un profesional. Una evaluaci\u00f3n adecuada permitir\u00e1 confirmar o descartar la <b>APLV<\/b> y evitar tanto que la enfermedad pase inadvertida como diagn\u00f3sticos innecesarios\u201d, indic\u00f3 <b>Monsell<\/b>.<\/p>\n<p>Desde la <b>AAAeIC<\/b> se\u00f1alaron que detectar el problema en forma temprana puede evitar complicaciones, mejorar la calidad de vida del ni\u00f1o y reducir la carga que recae sobre su entorno cotidiano. Tambi\u00e9n subrayaron que ofrecer una explicaci\u00f3n diagn\u00f3stica clara y un plan de manejo concreto contribuye a ordenar las decisiones de alimentaci\u00f3n y seguimiento m\u00e9dico.<\/p>\n","protected":false},"excerpt":{"rendered":"<p>En Argentina, la alergia a la prote\u00edna de la leche de vaca puede tardar meses en ser identificada, aun cuando se trata de una de las m\u00e1s frecuentes en los primeros meses de vida. El cuadro, conocido como APLV, concentra cerca de un tercio de las alergias alimentarias infantiles y motiv\u00f3 una campa\u00f1a nacional impulsada&#8230;<\/p>\n","protected":false},"author":1,"featured_media":96675,"comment_status":"open","ping_status":"closed","sticky":false,"template":"","format":"standard","meta":{"_jetpack_newsletter_access":"","_jetpack_dont_email_post_to_subs":false,"_jetpack_newsletter_tier_id":0,"_jetpack_memberships_contains_paywalled_content":false,"_jetpack_memberships_contains_paid_content":false,"footnotes":"","jetpack_post_was_ever_published":false},"categories":[81],"tags":[],"class_list":["post-96666","post","type-post","status-publish","format-standard","has-post-thumbnail","hentry","category-salud"],"magazineBlocksPostFeaturedMedia":{"thumbnail":"https:\/\/lobosnews.com.ar\/wp-content\/uploads\/2026\/09\/una-alergia-frecuente-en-bebes-puede-pasar-meses-sin-diagnostico-y-afectar-su-crecimiento-la-campana-nacional-para-detectarla-a-tiempo-12-150x150.jpg","medium":"https:\/\/lobosnews.com.ar\/wp-content\/uploads\/2026\/09\/una-alergia-frecuente-en-bebes-puede-pasar-meses-sin-diagnostico-y-afectar-su-crecimiento-la-campana-nacional-para-detectarla-a-tiempo-12-300x167.jpg","medium_large":"https:\/\/lobosnews.com.ar\/wp-content\/uploads\/2026\/09\/una-alergia-frecuente-en-bebes-puede-pasar-meses-sin-diagnostico-y-afectar-su-crecimiento-la-campana-nacional-para-detectarla-a-tiempo-12-768x429.jpg","large":"https:\/\/lobosnews.com.ar\/wp-content\/uploads\/2026\/09\/una-alergia-frecuente-en-bebes-puede-pasar-meses-sin-diagnostico-y-afectar-su-crecimiento-la-campana-nacional-para-detectarla-a-tiempo-12-1024x572.jpg","1536x1536":"https:\/\/lobosnews.com.ar\/wp-content\/uploads\/2026\/09\/una-alergia-frecuente-en-bebes-puede-pasar-meses-sin-diagnostico-y-afectar-su-crecimiento-la-campana-nacional-para-detectarla-a-tiempo-12-1536x857.jpg","2048x2048":"https:\/\/lobosnews.com.ar\/wp-content\/uploads\/2026\/09\/una-alergia-frecuente-en-bebes-puede-pasar-meses-sin-diagnostico-y-afectar-su-crecimiento-la-campana-nacional-para-detectarla-a-tiempo-12-2048x1143.jpg","newsmatic-featured":"https:\/\/lobosnews.com.ar\/wp-content\/uploads\/2026\/09\/una-alergia-frecuente-en-bebes-puede-pasar-meses-sin-diagnostico-y-afectar-su-crecimiento-la-campana-nacional-para-detectarla-a-tiempo-12-820x545.jpg","newsmatic-list":"https:\/\/lobosnews.com.ar\/wp-content\/uploads\/2026\/09\/una-alergia-frecuente-en-bebes-puede-pasar-meses-sin-diagnostico-y-afectar-su-crecimiento-la-campana-nacional-para-detectarla-a-tiempo-12-600x400.jpg","newsmatic-thumb":"https:\/\/lobosnews.com.ar\/wp-content\/uploads\/2026\/09\/una-alergia-frecuente-en-bebes-puede-pasar-meses-sin-diagnostico-y-afectar-su-crecimiento-la-campana-nacional-para-detectarla-a-tiempo-12-300x200.jpg","newsmatic-small":"https:\/\/lobosnews.com.ar\/wp-content\/uploads\/2026\/09\/una-alergia-frecuente-en-bebes-puede-pasar-meses-sin-diagnostico-y-afectar-su-crecimiento-la-campana-nacional-para-detectarla-a-tiempo-12-150x95.jpg","newsmatic-grid":"https:\/\/lobosnews.com.ar\/wp-content\/uploads\/2026\/09\/una-alergia-frecuente-en-bebes-puede-pasar-meses-sin-diagnostico-y-afectar-su-crecimiento-la-campana-nacional-para-detectarla-a-tiempo-12-400x250.jpg"},"magazineBlocksPostAuthor":{"name":"admin","avatar":"https:\/\/secure.gravatar.com\/avatar\/76e419471a2083bc3ceab22a763dbbf9b0c1bd15a6214cf3280e2c2dde4580f9?s=96&d=mm&r=g"},"magazineBlocksPostCommentsNumber":"0","magazineBlocksPostExcerpt":"En Argentina, la alergia a la prote\u00edna de la leche de vaca puede tardar meses en ser identificada, aun cuando se trata de una de las m\u00e1s frecuentes en los primeros meses de vida. El cuadro, conocido como APLV, concentra cerca de un tercio de las alergias alimentarias infantiles y motiv\u00f3 una campa\u00f1a nacional impulsada...","magazineBlocksPostCategories":["Salud"],"magazineBlocksPostViewCount":73,"magazineBlocksPostReadTime":9,"magazine_blocks_featured_image_url":{"full":["https:\/\/lobosnews.com.ar\/wp-content\/uploads\/2026\/09\/una-alergia-frecuente-en-bebes-puede-pasar-meses-sin-diagnostico-y-afectar-su-crecimiento-la-campana-nacional-para-detectarla-a-tiempo-12-scaled.jpg",2560,1429,false],"medium":["https:\/\/lobosnews.com.ar\/wp-content\/uploads\/2026\/09\/una-alergia-frecuente-en-bebes-puede-pasar-meses-sin-diagnostico-y-afectar-su-crecimiento-la-campana-nacional-para-detectarla-a-tiempo-12-300x167.jpg",300,167,true],"thumbnail":["https:\/\/lobosnews.com.ar\/wp-content\/uploads\/2026\/09\/una-alergia-frecuente-en-bebes-puede-pasar-meses-sin-diagnostico-y-afectar-su-crecimiento-la-campana-nacional-para-detectarla-a-tiempo-12-150x150.jpg",150,150,true]},"magazine_blocks_author":{"display_name":"admin","author_link":"https:\/\/lobosnews.com.ar\/index.php\/author\/lobos-news\/"},"magazine_blocks_comment":0,"magazine_blocks_author_image":"https:\/\/secure.gravatar.com\/avatar\/76e419471a2083bc3ceab22a763dbbf9b0c1bd15a6214cf3280e2c2dde4580f9?s=96&d=mm&r=g","magazine_blocks_category":"<a href=\"#\" class=\"category-link category-link-81\">Salud<\/a>","yoast_head":"<!-- This site is optimized with the Yoast SEO plugin v28.0 - https:\/\/yoast.com\/product\/yoast-seo-wordpress\/ -->\n<title>Una alergia frecuente en beb\u00e9s puede pasar meses sin diagn\u00f3stico y afectar su crecimiento: la campa\u00f1a nacional para detectarla a tiempo - Lobos News<\/title>\n<meta name=\"robots\" content=\"index, follow, max-snippet:-1, max-image-preview:large, max-video-preview:-1\" \/>\n<link rel=\"canonical\" href=\"https:\/\/lobosnews.com.ar\/index.php\/2026\/09\/02\/una-alergia-frecuente-en-bebes-puede-pasar-meses-sin-diagnostico-y-afectar-su-crecimiento-la-campana-nacional-para-detectarla-a-tiempo\/\" \/>\n<meta property=\"og:locale\" content=\"es_ES\" \/>\n<meta property=\"og:type\" content=\"article\" \/>\n<meta property=\"og:title\" content=\"Una alergia frecuente en beb\u00e9s puede pasar meses sin diagn\u00f3stico y afectar su crecimiento: la campa\u00f1a nacional para detectarla a tiempo - Lobos News\" \/>\n<meta property=\"og:description\" content=\"En Argentina, la alergia a la prote\u00edna de la leche de vaca puede tardar meses en ser identificada, aun cuando se trata de una de las m\u00e1s frecuentes en los primeros meses de vida. El cuadro, conocido como APLV, concentra cerca de un tercio de las alergias alimentarias infantiles y motiv\u00f3 una campa\u00f1a nacional impulsada...\" \/>\n<meta property=\"og:url\" content=\"https:\/\/lobosnews.com.ar\/index.php\/2026\/09\/02\/una-alergia-frecuente-en-bebes-puede-pasar-meses-sin-diagnostico-y-afectar-su-crecimiento-la-campana-nacional-para-detectarla-a-tiempo\/\" \/>\n<meta property=\"og:site_name\" content=\"Lobos News\" \/>\n<meta property=\"article:published_time\" content=\"2026-09-02T18:34:28+00:00\" \/>\n<meta property=\"article:modified_time\" content=\"2026-09-02T22:23:21+00:00\" \/>\n<meta property=\"og:image\" content=\"https:\/\/lobosnews.com.ar\/wp-content\/uploads\/2026\/09\/una-alergia-frecuente-en-bebes-puede-pasar-meses-sin-diagnostico-y-afectar-su-crecimiento-la-campana-nacional-para-detectarla-a-tiempo-12-scaled.jpg\" \/>\n\t<meta property=\"og:image:width\" content=\"2560\" \/>\n\t<meta property=\"og:image:height\" content=\"1429\" \/>\n\t<meta property=\"og:image:type\" content=\"image\/jpeg\" \/>\n<meta name=\"author\" content=\"admin\" \/>\n<meta name=\"twitter:card\" content=\"summary_large_image\" \/>\n<meta name=\"twitter:label1\" content=\"Escrito por\" \/>\n\t<meta name=\"twitter:data1\" content=\"admin\" \/>\n\t<meta name=\"twitter:label2\" content=\"Tiempo de lectura\" \/>\n\t<meta name=\"twitter:data2\" content=\"9 minutos\" \/>\n<script type=\"application\/ld+json\" class=\"yoast-schema-graph\">{\"@context\":\"https:\\\/\\\/schema.org\",\"@graph\":[{\"@type\":\"Article\",\"@id\":\"https:\\\/\\\/lobosnews.com.ar\\\/index.php\\\/2026\\\/09\\\/02\\\/una-alergia-frecuente-en-bebes-puede-pasar-meses-sin-diagnostico-y-afectar-su-crecimiento-la-campana-nacional-para-detectarla-a-tiempo\\\/#article\",\"isPartOf\":{\"@id\":\"https:\\\/\\\/lobosnews.com.ar\\\/index.php\\\/2026\\\/09\\\/02\\\/una-alergia-frecuente-en-bebes-puede-pasar-meses-sin-diagnostico-y-afectar-su-crecimiento-la-campana-nacional-para-detectarla-a-tiempo\\\/\"},\"author\":{\"name\":\"admin\",\"@id\":\"https:\\\/\\\/lobosnews.com.ar\\\/#\\\/schema\\\/person\\\/232422a593d5c541dd9aef6aaed10943\"},\"headline\":\"Una alergia frecuente en beb\u00e9s puede pasar meses sin diagn\u00f3stico y afectar su crecimiento: la campa\u00f1a nacional para detectarla a tiempo\",\"datePublished\":\"2026-09-02T18:34:28+00:00\",\"dateModified\":\"2026-09-02T22:23:21+00:00\",\"mainEntityOfPage\":{\"@id\":\"https:\\\/\\\/lobosnews.com.ar\\\/index.php\\\/2026\\\/09\\\/02\\\/una-alergia-frecuente-en-bebes-puede-pasar-meses-sin-diagnostico-y-afectar-su-crecimiento-la-campana-nacional-para-detectarla-a-tiempo\\\/\"},\"wordCount\":1811,\"commentCount\":0,\"publisher\":{\"@id\":\"https:\\\/\\\/lobosnews.com.ar\\\/#organization\"},\"image\":{\"@id\":\"https:\\\/\\\/lobosnews.com.ar\\\/index.php\\\/2026\\\/09\\\/02\\\/una-alergia-frecuente-en-bebes-puede-pasar-meses-sin-diagnostico-y-afectar-su-crecimiento-la-campana-nacional-para-detectarla-a-tiempo\\\/#primaryimage\"},\"thumbnailUrl\":\"https:\\\/\\\/lobosnews.com.ar\\\/wp-content\\\/uploads\\\/2026\\\/09\\\/una-alergia-frecuente-en-bebes-puede-pasar-meses-sin-diagnostico-y-afectar-su-crecimiento-la-campana-nacional-para-detectarla-a-tiempo-12-scaled.jpg\",\"articleSection\":[\"Salud\"],\"inLanguage\":\"es\",\"potentialAction\":[{\"@type\":\"CommentAction\",\"name\":\"Comment\",\"target\":[\"https:\\\/\\\/lobosnews.com.ar\\\/index.php\\\/2026\\\/09\\\/02\\\/una-alergia-frecuente-en-bebes-puede-pasar-meses-sin-diagnostico-y-afectar-su-crecimiento-la-campana-nacional-para-detectarla-a-tiempo\\\/#respond\"]}]},{\"@type\":\"WebPage\",\"@id\":\"https:\\\/\\\/lobosnews.com.ar\\\/index.php\\\/2026\\\/09\\\/02\\\/una-alergia-frecuente-en-bebes-puede-pasar-meses-sin-diagnostico-y-afectar-su-crecimiento-la-campana-nacional-para-detectarla-a-tiempo\\\/\",\"url\":\"https:\\\/\\\/lobosnews.com.ar\\\/index.php\\\/2026\\\/09\\\/02\\\/una-alergia-frecuente-en-bebes-puede-pasar-meses-sin-diagnostico-y-afectar-su-crecimiento-la-campana-nacional-para-detectarla-a-tiempo\\\/\",\"name\":\"Una alergia frecuente en beb\u00e9s puede pasar meses sin diagn\u00f3stico y afectar su crecimiento: la campa\u00f1a nacional para detectarla a tiempo - Lobos News\",\"isPartOf\":{\"@id\":\"https:\\\/\\\/lobosnews.com.ar\\\/#website\"},\"primaryImageOfPage\":{\"@id\":\"https:\\\/\\\/lobosnews.com.ar\\\/index.php\\\/2026\\\/09\\\/02\\\/una-alergia-frecuente-en-bebes-puede-pasar-meses-sin-diagnostico-y-afectar-su-crecimiento-la-campana-nacional-para-detectarla-a-tiempo\\\/#primaryimage\"},\"image\":{\"@id\":\"https:\\\/\\\/lobosnews.com.ar\\\/index.php\\\/2026\\\/09\\\/02\\\/una-alergia-frecuente-en-bebes-puede-pasar-meses-sin-diagnostico-y-afectar-su-crecimiento-la-campana-nacional-para-detectarla-a-tiempo\\\/#primaryimage\"},\"thumbnailUrl\":\"https:\\\/\\\/lobosnews.com.ar\\\/wp-content\\\/uploads\\\/2026\\\/09\\\/una-alergia-frecuente-en-bebes-puede-pasar-meses-sin-diagnostico-y-afectar-su-crecimiento-la-campana-nacional-para-detectarla-a-tiempo-12-scaled.jpg\",\"datePublished\":\"2026-09-02T18:34:28+00:00\",\"dateModified\":\"2026-09-02T22:23:21+00:00\",\"breadcrumb\":{\"@id\":\"https:\\\/\\\/lobosnews.com.ar\\\/index.php\\\/2026\\\/09\\\/02\\\/una-alergia-frecuente-en-bebes-puede-pasar-meses-sin-diagnostico-y-afectar-su-crecimiento-la-campana-nacional-para-detectarla-a-tiempo\\\/#breadcrumb\"},\"inLanguage\":\"es\",\"potentialAction\":[{\"@type\":\"ReadAction\",\"target\":[\"https:\\\/\\\/lobosnews.com.ar\\\/index.php\\\/2026\\\/09\\\/02\\\/una-alergia-frecuente-en-bebes-puede-pasar-meses-sin-diagnostico-y-afectar-su-crecimiento-la-campana-nacional-para-detectarla-a-tiempo\\\/\"]}]},{\"@type\":\"ImageObject\",\"inLanguage\":\"es\",\"@id\":\"https:\\\/\\\/lobosnews.com.ar\\\/index.php\\\/2026\\\/09\\\/02\\\/una-alergia-frecuente-en-bebes-puede-pasar-meses-sin-diagnostico-y-afectar-su-crecimiento-la-campana-nacional-para-detectarla-a-tiempo\\\/#primaryimage\",\"url\":\"https:\\\/\\\/lobosnews.com.ar\\\/wp-content\\\/uploads\\\/2026\\\/09\\\/una-alergia-frecuente-en-bebes-puede-pasar-meses-sin-diagnostico-y-afectar-su-crecimiento-la-campana-nacional-para-detectarla-a-tiempo-12-scaled.jpg\",\"contentUrl\":\"https:\\\/\\\/lobosnews.com.ar\\\/wp-content\\\/uploads\\\/2026\\\/09\\\/una-alergia-frecuente-en-bebes-puede-pasar-meses-sin-diagnostico-y-afectar-su-crecimiento-la-campana-nacional-para-detectarla-a-tiempo-12-scaled.jpg\",\"width\":2560,\"height\":1429,\"caption\":\"Una alergia frecuente en beb\u00e9s puede pasar meses sin diagn\u00f3stico y afectar su crecimiento: la campa\u00f1a nacional para detectarla a tiempo\"},{\"@type\":\"BreadcrumbList\",\"@id\":\"https:\\\/\\\/lobosnews.com.ar\\\/index.php\\\/2026\\\/09\\\/02\\\/una-alergia-frecuente-en-bebes-puede-pasar-meses-sin-diagnostico-y-afectar-su-crecimiento-la-campana-nacional-para-detectarla-a-tiempo\\\/#breadcrumb\",\"itemListElement\":[{\"@type\":\"ListItem\",\"position\":1,\"name\":\"Portada\",\"item\":\"https:\\\/\\\/lobosnews.com.ar\\\/\"},{\"@type\":\"ListItem\",\"position\":2,\"name\":\"Una alergia frecuente en beb\u00e9s puede pasar meses sin diagn\u00f3stico y afectar su crecimiento: la campa\u00f1a nacional para detectarla a tiempo\"}]},{\"@type\":\"WebSite\",\"@id\":\"https:\\\/\\\/lobosnews.com.ar\\\/#website\",\"url\":\"https:\\\/\\\/lobosnews.com.ar\\\/\",\"name\":\"Lobos News\",\"description\":\"Informaci\u00f3n a cada instante\",\"publisher\":{\"@id\":\"https:\\\/\\\/lobosnews.com.ar\\\/#organization\"},\"potentialAction\":[{\"@type\":\"SearchAction\",\"target\":{\"@type\":\"EntryPoint\",\"urlTemplate\":\"https:\\\/\\\/lobosnews.com.ar\\\/?s={search_term_string}\"},\"query-input\":{\"@type\":\"PropertyValueSpecification\",\"valueRequired\":true,\"valueName\":\"search_term_string\"}}],\"inLanguage\":\"es\"},{\"@type\":\"Organization\",\"@id\":\"https:\\\/\\\/lobosnews.com.ar\\\/#organization\",\"name\":\"Lobos News\",\"url\":\"https:\\\/\\\/lobosnews.com.ar\\\/\",\"logo\":{\"@type\":\"ImageObject\",\"inLanguage\":\"es\",\"@id\":\"https:\\\/\\\/lobosnews.com.ar\\\/#\\\/schema\\\/logo\\\/image\\\/\",\"url\":\"https:\\\/\\\/lobosnews.com.ar\\\/wp-content\\\/uploads\\\/2026\\\/01\\\/logo-lobosnews.png\",\"contentUrl\":\"https:\\\/\\\/lobosnews.com.ar\\\/wp-content\\\/uploads\\\/2026\\\/01\\\/logo-lobosnews.png\",\"width\":500,\"height\":200,\"caption\":\"Lobos News\"},\"image\":{\"@id\":\"https:\\\/\\\/lobosnews.com.ar\\\/#\\\/schema\\\/logo\\\/image\\\/\"}},{\"@type\":\"Person\",\"@id\":\"https:\\\/\\\/lobosnews.com.ar\\\/#\\\/schema\\\/person\\\/232422a593d5c541dd9aef6aaed10943\",\"name\":\"admin\",\"image\":{\"@type\":\"ImageObject\",\"inLanguage\":\"es\",\"@id\":\"https:\\\/\\\/secure.gravatar.com\\\/avatar\\\/76e419471a2083bc3ceab22a763dbbf9b0c1bd15a6214cf3280e2c2dde4580f9?s=96&d=mm&r=g\",\"url\":\"https:\\\/\\\/secure.gravatar.com\\\/avatar\\\/76e419471a2083bc3ceab22a763dbbf9b0c1bd15a6214cf3280e2c2dde4580f9?s=96&d=mm&r=g\",\"contentUrl\":\"https:\\\/\\\/secure.gravatar.com\\\/avatar\\\/76e419471a2083bc3ceab22a763dbbf9b0c1bd15a6214cf3280e2c2dde4580f9?s=96&d=mm&r=g\",\"caption\":\"admin\"},\"sameAs\":[\"https:\\\/\\\/lobosnews.com.ar\"],\"url\":\"https:\\\/\\\/lobosnews.com.ar\\\/index.php\\\/author\\\/lobos-news\\\/\"}]}<\/script>\n<!-- \/ Yoast SEO plugin. -->","yoast_head_json":{"title":"Una alergia frecuente en beb\u00e9s puede pasar meses sin diagn\u00f3stico y afectar su crecimiento: la campa\u00f1a nacional para detectarla a tiempo - Lobos News","robots":{"index":"index","follow":"follow","max-snippet":"max-snippet:-1","max-image-preview":"max-image-preview:large","max-video-preview":"max-video-preview:-1"},"canonical":"https:\/\/lobosnews.com.ar\/index.php\/2026\/09\/02\/una-alergia-frecuente-en-bebes-puede-pasar-meses-sin-diagnostico-y-afectar-su-crecimiento-la-campana-nacional-para-detectarla-a-tiempo\/","og_locale":"es_ES","og_type":"article","og_title":"Una alergia frecuente en beb\u00e9s puede pasar meses sin diagn\u00f3stico y afectar su crecimiento: la campa\u00f1a nacional para detectarla a tiempo - Lobos News","og_description":"En Argentina, la alergia a la prote\u00edna de la leche de vaca puede tardar meses en ser identificada, aun cuando se trata de una de las m\u00e1s frecuentes en los primeros meses de vida. El cuadro, conocido como APLV, concentra cerca de un tercio de las alergias alimentarias infantiles y motiv\u00f3 una campa\u00f1a nacional impulsada...","og_url":"https:\/\/lobosnews.com.ar\/index.php\/2026\/09\/02\/una-alergia-frecuente-en-bebes-puede-pasar-meses-sin-diagnostico-y-afectar-su-crecimiento-la-campana-nacional-para-detectarla-a-tiempo\/","og_site_name":"Lobos News","article_published_time":"2026-09-02T18:34:28+00:00","article_modified_time":"2026-09-02T22:23:21+00:00","og_image":[{"width":2560,"height":1429,"url":"https:\/\/lobosnews.com.ar\/wp-content\/uploads\/2026\/09\/una-alergia-frecuente-en-bebes-puede-pasar-meses-sin-diagnostico-y-afectar-su-crecimiento-la-campana-nacional-para-detectarla-a-tiempo-12-scaled.jpg","type":"image\/jpeg"}],"author":"admin","twitter_card":"summary_large_image","twitter_misc":{"Escrito por":"admin","Tiempo de lectura":"9 minutos"},"schema":{"@context":"https:\/\/schema.org","@graph":[{"@type":"Article","@id":"https:\/\/lobosnews.com.ar\/index.php\/2026\/09\/02\/una-alergia-frecuente-en-bebes-puede-pasar-meses-sin-diagnostico-y-afectar-su-crecimiento-la-campana-nacional-para-detectarla-a-tiempo\/#article","isPartOf":{"@id":"https:\/\/lobosnews.com.ar\/index.php\/2026\/09\/02\/una-alergia-frecuente-en-bebes-puede-pasar-meses-sin-diagnostico-y-afectar-su-crecimiento-la-campana-nacional-para-detectarla-a-tiempo\/"},"author":{"name":"admin","@id":"https:\/\/lobosnews.com.ar\/#\/schema\/person\/232422a593d5c541dd9aef6aaed10943"},"headline":"Una alergia frecuente en beb\u00e9s puede pasar meses sin diagn\u00f3stico y afectar su crecimiento: la campa\u00f1a nacional para detectarla a tiempo","datePublished":"2026-09-02T18:34:28+00:00","dateModified":"2026-09-02T22:23:21+00:00","mainEntityOfPage":{"@id":"https:\/\/lobosnews.com.ar\/index.php\/2026\/09\/02\/una-alergia-frecuente-en-bebes-puede-pasar-meses-sin-diagnostico-y-afectar-su-crecimiento-la-campana-nacional-para-detectarla-a-tiempo\/"},"wordCount":1811,"commentCount":0,"publisher":{"@id":"https:\/\/lobosnews.com.ar\/#organization"},"image":{"@id":"https:\/\/lobosnews.com.ar\/index.php\/2026\/09\/02\/una-alergia-frecuente-en-bebes-puede-pasar-meses-sin-diagnostico-y-afectar-su-crecimiento-la-campana-nacional-para-detectarla-a-tiempo\/#primaryimage"},"thumbnailUrl":"https:\/\/lobosnews.com.ar\/wp-content\/uploads\/2026\/09\/una-alergia-frecuente-en-bebes-puede-pasar-meses-sin-diagnostico-y-afectar-su-crecimiento-la-campana-nacional-para-detectarla-a-tiempo-12-scaled.jpg","articleSection":["Salud"],"inLanguage":"es","potentialAction":[{"@type":"CommentAction","name":"Comment","target":["https:\/\/lobosnews.com.ar\/index.php\/2026\/09\/02\/una-alergia-frecuente-en-bebes-puede-pasar-meses-sin-diagnostico-y-afectar-su-crecimiento-la-campana-nacional-para-detectarla-a-tiempo\/#respond"]}]},{"@type":"WebPage","@id":"https:\/\/lobosnews.com.ar\/index.php\/2026\/09\/02\/una-alergia-frecuente-en-bebes-puede-pasar-meses-sin-diagnostico-y-afectar-su-crecimiento-la-campana-nacional-para-detectarla-a-tiempo\/","url":"https:\/\/lobosnews.com.ar\/index.php\/2026\/09\/02\/una-alergia-frecuente-en-bebes-puede-pasar-meses-sin-diagnostico-y-afectar-su-crecimiento-la-campana-nacional-para-detectarla-a-tiempo\/","name":"Una alergia frecuente en beb\u00e9s puede pasar meses sin diagn\u00f3stico y afectar su crecimiento: la campa\u00f1a nacional para detectarla a tiempo - Lobos News","isPartOf":{"@id":"https:\/\/lobosnews.com.ar\/#website"},"primaryImageOfPage":{"@id":"https:\/\/lobosnews.com.ar\/index.php\/2026\/09\/02\/una-alergia-frecuente-en-bebes-puede-pasar-meses-sin-diagnostico-y-afectar-su-crecimiento-la-campana-nacional-para-detectarla-a-tiempo\/#primaryimage"},"image":{"@id":"https:\/\/lobosnews.com.ar\/index.php\/2026\/09\/02\/una-alergia-frecuente-en-bebes-puede-pasar-meses-sin-diagnostico-y-afectar-su-crecimiento-la-campana-nacional-para-detectarla-a-tiempo\/#primaryimage"},"thumbnailUrl":"https:\/\/lobosnews.com.ar\/wp-content\/uploads\/2026\/09\/una-alergia-frecuente-en-bebes-puede-pasar-meses-sin-diagnostico-y-afectar-su-crecimiento-la-campana-nacional-para-detectarla-a-tiempo-12-scaled.jpg","datePublished":"2026-09-02T18:34:28+00:00","dateModified":"2026-09-02T22:23:21+00:00","breadcrumb":{"@id":"https:\/\/lobosnews.com.ar\/index.php\/2026\/09\/02\/una-alergia-frecuente-en-bebes-puede-pasar-meses-sin-diagnostico-y-afectar-su-crecimiento-la-campana-nacional-para-detectarla-a-tiempo\/#breadcrumb"},"inLanguage":"es","potentialAction":[{"@type":"ReadAction","target":["https:\/\/lobosnews.com.ar\/index.php\/2026\/09\/02\/una-alergia-frecuente-en-bebes-puede-pasar-meses-sin-diagnostico-y-afectar-su-crecimiento-la-campana-nacional-para-detectarla-a-tiempo\/"]}]},{"@type":"ImageObject","inLanguage":"es","@id":"https:\/\/lobosnews.com.ar\/index.php\/2026\/09\/02\/una-alergia-frecuente-en-bebes-puede-pasar-meses-sin-diagnostico-y-afectar-su-crecimiento-la-campana-nacional-para-detectarla-a-tiempo\/#primaryimage","url":"https:\/\/lobosnews.com.ar\/wp-content\/uploads\/2026\/09\/una-alergia-frecuente-en-bebes-puede-pasar-meses-sin-diagnostico-y-afectar-su-crecimiento-la-campana-nacional-para-detectarla-a-tiempo-12-scaled.jpg","contentUrl":"https:\/\/lobosnews.com.ar\/wp-content\/uploads\/2026\/09\/una-alergia-frecuente-en-bebes-puede-pasar-meses-sin-diagnostico-y-afectar-su-crecimiento-la-campana-nacional-para-detectarla-a-tiempo-12-scaled.jpg","width":2560,"height":1429,"caption":"Una alergia frecuente en beb\u00e9s puede pasar meses sin diagn\u00f3stico y afectar su crecimiento: la campa\u00f1a nacional para detectarla a tiempo"},{"@type":"BreadcrumbList","@id":"https:\/\/lobosnews.com.ar\/index.php\/2026\/09\/02\/una-alergia-frecuente-en-bebes-puede-pasar-meses-sin-diagnostico-y-afectar-su-crecimiento-la-campana-nacional-para-detectarla-a-tiempo\/#breadcrumb","itemListElement":[{"@type":"ListItem","position":1,"name":"Portada","item":"https:\/\/lobosnews.com.ar\/"},{"@type":"ListItem","position":2,"name":"Una alergia frecuente en beb\u00e9s puede pasar meses sin diagn\u00f3stico y afectar su crecimiento: la campa\u00f1a nacional para detectarla a tiempo"}]},{"@type":"WebSite","@id":"https:\/\/lobosnews.com.ar\/#website","url":"https:\/\/lobosnews.com.ar\/","name":"Lobos News","description":"Informaci\u00f3n a cada instante","publisher":{"@id":"https:\/\/lobosnews.com.ar\/#organization"},"potentialAction":[{"@type":"SearchAction","target":{"@type":"EntryPoint","urlTemplate":"https:\/\/lobosnews.com.ar\/?s={search_term_string}"},"query-input":{"@type":"PropertyValueSpecification","valueRequired":true,"valueName":"search_term_string"}}],"inLanguage":"es"},{"@type":"Organization","@id":"https:\/\/lobosnews.com.ar\/#organization","name":"Lobos News","url":"https:\/\/lobosnews.com.ar\/","logo":{"@type":"ImageObject","inLanguage":"es","@id":"https:\/\/lobosnews.com.ar\/#\/schema\/logo\/image\/","url":"https:\/\/lobosnews.com.ar\/wp-content\/uploads\/2026\/01\/logo-lobosnews.png","contentUrl":"https:\/\/lobosnews.com.ar\/wp-content\/uploads\/2026\/01\/logo-lobosnews.png","width":500,"height":200,"caption":"Lobos News"},"image":{"@id":"https:\/\/lobosnews.com.ar\/#\/schema\/logo\/image\/"}},{"@type":"Person","@id":"https:\/\/lobosnews.com.ar\/#\/schema\/person\/232422a593d5c541dd9aef6aaed10943","name":"admin","image":{"@type":"ImageObject","inLanguage":"es","@id":"https:\/\/secure.gravatar.com\/avatar\/76e419471a2083bc3ceab22a763dbbf9b0c1bd15a6214cf3280e2c2dde4580f9?s=96&d=mm&r=g","url":"https:\/\/secure.gravatar.com\/avatar\/76e419471a2083bc3ceab22a763dbbf9b0c1bd15a6214cf3280e2c2dde4580f9?s=96&d=mm&r=g","contentUrl":"https:\/\/secure.gravatar.com\/avatar\/76e419471a2083bc3ceab22a763dbbf9b0c1bd15a6214cf3280e2c2dde4580f9?s=96&d=mm&r=g","caption":"admin"},"sameAs":["https:\/\/lobosnews.com.ar"],"url":"https:\/\/lobosnews.com.ar\/index.php\/author\/lobos-news\/"}]}},"jetpack_featured_media_url":"https:\/\/lobosnews.com.ar\/wp-content\/uploads\/2026\/09\/una-alergia-frecuente-en-bebes-puede-pasar-meses-sin-diagnostico-y-afectar-su-crecimiento-la-campana-nacional-para-detectarla-a-tiempo-12-scaled.jpg","jetpack_sharing_enabled":true,"_links":{"self":[{"href":"https:\/\/lobosnews.com.ar\/index.php\/wp-json\/wp\/v2\/posts\/96666","targetHints":{"allow":["GET"]}}],"collection":[{"href":"https:\/\/lobosnews.com.ar\/index.php\/wp-json\/wp\/v2\/posts"}],"about":[{"href":"https:\/\/lobosnews.com.ar\/index.php\/wp-json\/wp\/v2\/types\/post"}],"author":[{"embeddable":true,"href":"https:\/\/lobosnews.com.ar\/index.php\/wp-json\/wp\/v2\/users\/1"}],"replies":[{"embeddable":true,"href":"https:\/\/lobosnews.com.ar\/index.php\/wp-json\/wp\/v2\/comments?post=96666"}],"version-history":[{"count":1,"href":"https:\/\/lobosnews.com.ar\/index.php\/wp-json\/wp\/v2\/posts\/96666\/revisions"}],"predecessor-version":[{"id":96674,"href":"https:\/\/lobosnews.com.ar\/index.php\/wp-json\/wp\/v2\/posts\/96666\/revisions\/96674"}],"wp:featuredmedia":[{"embeddable":true,"href":"https:\/\/lobosnews.com.ar\/index.php\/wp-json\/wp\/v2\/media\/96675"}],"wp:attachment":[{"href":"https:\/\/lobosnews.com.ar\/index.php\/wp-json\/wp\/v2\/media?parent=96666"}],"wp:term":[{"taxonomy":"category","embeddable":true,"href":"https:\/\/lobosnews.com.ar\/index.php\/wp-json\/wp\/v2\/categories?post=96666"},{"taxonomy":"post_tag","embeddable":true,"href":"https:\/\/lobosnews.com.ar\/index.php\/wp-json\/wp\/v2\/tags?post=96666"}],"curies":[{"name":"wp","href":"https:\/\/api.w.org\/{rel}","templated":true}]}}