{"id":96660,"date":"2026-09-02T18:58:08","date_gmt":"2026-09-02T18:58:08","guid":{"rendered":"https:\/\/lobosnews.com.ar\/?p=96660"},"modified":"2026-09-02T22:22:03","modified_gmt":"2026-09-02T22:22:03","slug":"conrado-estol-explico-los-avances-y-limites-de-la-ciencia-sobre-la-regeneracion-de-organos-y-la-longevidad","status":"publish","type":"post","link":"https:\/\/lobosnews.com.ar\/index.php\/2026\/09\/02\/conrado-estol-explico-los-avances-y-limites-de-la-ciencia-sobre-la-regeneracion-de-organos-y-la-longevidad\/","title":{"rendered":"Conrado Estol explic\u00f3 los avances y l\u00edmites de la ciencia sobre la regeneraci\u00f3n de \u00f3rganos y la longevidad"},"content":{"rendered":"<p>El neur\u00f3logo <b>Conrado Estol<\/b> expuso en <span class=\"waslinkname\"><b>Infobae en Vivo<\/b><\/span> los l\u00edmites biol\u00f3gicos y avances de la ciencia en la <span class=\"waslinkname\"><b>longevidad<\/b> <\/span>humana, destacando la capacidad regenerativa de \u00f3rganos y el horizonte de la medicina de precisi\u00f3n.<\/p>\n<p>Durante su paso por el estudio de <b>Infobae al Mediod\u00eda<\/b>, donde dialog\u00f3 con <b>Maru Duffard<\/b>, <b>Andrei Serbin Pont<\/b>, <b>Fede Mayol<\/b> y <b>Facundo Kablan<\/b>, Estol contextualiz\u00f3 las hip\u00f3tesis de <b>longevidad extrema<\/b> citando la <b>apuesta cient\u00edfica<\/b> de <b>Steven Austad<\/b> y <b>S. Jay Olshansky<\/b> en <b>2000<\/b>: \u201cDijeron \u2018apostamos mucha plata a que<b> ya naci\u00f3 la persona que va a cumplir 150 a\u00f1os<\/b>\u2019\u201d, cit\u00f3 Estol.<\/p>\n<h2>La apuesta por la longevidad y el rol de la ciencia<\/h2>\n<p><img loading=\"lazy\" decoding=\"async\" src=\"https:\/\/lobosnews.com.ar\/wp-content\/uploads\/2026\/09\/conrado-estol-explico-los-avances-y-limites-de-la-ciencia-sobre-la-regeneracion-de-organos-y-la-longevidad.jpg\" alt=\"El neur\u00f3logo Conrado Estol explic\u00f3 c\u00f3mo la medicina personalizada, la prevenci\u00f3n y la investigaci\u00f3n biom\u00e9dica reconfiguran el abordaje del envejecimiento\" height=\"720\" width=\"1280\"\/><\/p>\n<p>El neur\u00f3logo repas\u00f3 los antecedentes de la <b>controversia internacional<\/b>: \u201cUn cient\u00edfico de <b>Harvard<\/b>, <b>David Sinclair<\/b>, lo dijo hace poco, les copi\u00f3 la frase. Pero en el <b>2000<\/b> fueron <b>Austad<\/b> y <b>Olshansky<\/b>, que dijeron: \u2018Ha nacido en el 2000, la persona que va a cumplir <b>150 a\u00f1os<\/b>\u2019. O sea, para el <b>2150<\/b> alguien ten\u00eda que estar vivo\u201d. Seg\u00fan relat\u00f3, invirtieron plata, que iban a ser <b>mil millones de d\u00f3lares<\/b> para el a\u00f1o <b>2150<\/b>.<\/p>\n<p>Aludiendo al <b>impacto medi\u00e1tico y cient\u00edfico<\/b>, sum\u00f3 referencias actuales: \u201c<b>Peter Diamandis<\/b> es una autoridad, un <b>ingeniero<\/b>, <b>m\u00e9dico <\/b>y cofundador de la <b>Universidad de Singularidad<\/b>. Es el fundador de una <b>XPRIZE<\/b>, el <b>premio X<\/b>, que es que van a darle <b>100 millones de d\u00f3lares <\/b>al grupo de personas que para el a\u00f1o <b>2030 <\/b>haya logrado <b>rejuvenecer 10 o 20 a\u00f1os<\/b> a un ser humano\u201d.<\/p>\n<p>Estol remarc\u00f3 que la <b>expectativa de vida centenaria<\/b> ya es un <b>fen\u00f3meno observable<\/b>: \u201cHace 20 a\u00f1os no ve\u00edamos tanta gente de <b>80, 90 y 100 a\u00f1os<\/b> como se ve hoy\u201d. Apel\u00f3 a la <b>evidencia emp\u00edrica<\/b>: \u201cUn amigo me mand\u00f3 un Instagram el otro d\u00eda en que hab\u00eda un grupo de <b>japoneses<\/b>, todos mayores de 95 en una competencia de <b>fisicoculturismo<\/b>. Te aseguro que vos los ves y son fisicoculturistas\u201d.<\/p>\n<h2>El h\u00edgado, el cerebro y los cuellos de botella biol\u00f3gicos<\/h2>\n<p><img loading=\"lazy\" decoding=\"async\" src=\"https:\/\/lobosnews.com.ar\/wp-content\/uploads\/2026\/09\/conrado-estol-explico-los-avances-y-limites-de-la-ciencia-sobre-la-regeneracion-de-organos-y-la-longevidad.png\" alt=\"De acuerdo con Estol, la regeneraci\u00f3n del h\u00edgado es uno de los ejemplos m\u00e1s claros de la capacidad de reparaci\u00f3n del organismo (Imagen Ilustrativa Infobae)\" height=\"1024\" width=\"1536\"\/><\/p>\n<p>En el terreno de la <b>biolog\u00eda<\/b>, el especialista abord\u00f3 los <b>l\u00edmites<\/b> y <b>posibilidades<\/b> de cada \u00f3rgano: \u201cEl <b>h\u00edgado<\/b> es el que m\u00e1s capacidad de <b>reproducci\u00f3n<\/b> tiene mediante <b>c\u00e9lulas progenitoras<\/b>. Vos sac\u00e1s una gran parte del h\u00edgado y se va a regenerar. El h\u00edgado podr\u00eda vivir por s\u00ed mismo <b>30.000 a\u00f1os<\/b>\u201d.<\/p>\n<p>Sin embargo, estableci\u00f3 el contraste con otros <b>sistemas<\/b>: \u201cEl <b>coraz\u00f3n<\/b>, los <b>miocitos<\/b>, las c\u00e9lulas del m\u00fasculo del coraz\u00f3n, el <b>cerebro<\/b>&#8230; hay experimentos, pero no tanto, muy lejos de lo del h\u00edgado. El <b>sistema inmune<\/b> no tiene esa capacidad. Entonces, esos \u00f3rganos son el <b>cuello de botella<\/b>\u201d.<\/p>\n<p>La <b>organizaci\u00f3n cerebral<\/b> atraviesa <b>etapas definidas<\/b>: \u201cEn la Revista <b>Nature<\/b> hay un <span class=\"waslinkname\">art\u00edculo <\/span>publicado en los \u00faltimos meses sobre los <i>epochs<\/i>, se llam\u00f3, de la <b>transformaci\u00f3n cerebral<\/b>. \u00bfC\u00f3mo se reorganiza el cerebro para que a los 70 vos puedas resolver los problemas? El cerebro no est\u00e1 igual que a los 30, entonces se va reorganizando\u201d.<\/p>\n<p>Estol puntualiz\u00f3 hitos de <b>reorganizaci\u00f3n<\/b>: \u201c<b>A los 9 a\u00f1os, a los 32, a los 76 y a los 83 ocurren grandes cambios<\/b>. El cerebro se reorganiza. No envejece progresivamente. Una persona de 70 que no tiene una enfermedad, tiene la velocidad de procesamiento mental y la capacidad de resolver una situaci\u00f3n igual que el de 30, pero con un cerebro que est\u00e1 organizado distinto\u201d.<\/p>\n<h2>Exposoma, factores ambientales y el futuro de la medicina personalizada<\/h2>\n<p><img loading=\"lazy\" decoding=\"async\" src=\"https:\/\/lobosnews.com.ar\/wp-content\/uploads\/2026\/09\/conrado-estol-explico-los-avances-y-limites-de-la-ciencia-sobre-la-regeneracion-de-organos-y-la-longevidad-1.jpg\" alt=\"Seg\u00fan Estol, la medicina personalizada permite ajustar la prevenci\u00f3n y los tratamientos a las caracter\u00edsticas de cada persona (Imagen Ilustrativa Infobae)\" height=\"768\" width=\"1408\"\/><\/p>\n<p>El neur\u00f3logo explic\u00f3 el concepto de <b>exposoma<\/b>: \u201cEs a lo que estamos expuestos. Todo lo que nos rodea nos influye mucho. La <b>poluci\u00f3n del aire<\/b>. En este aire transparente en que yo los veo a ustedes est\u00e1 lleno de part\u00edculas de micrones que respiramos.<b> La poluci\u00f3n produce 7 millones de muertes por a\u00f1o\u201d.<\/b><\/p>\n<p>En ese sentido, advirti\u00f3 sobre los efectos a largo plazo del ambiente: \u201c<b>El sol y la luz ultravioleta lastiman el ADN<\/b>, la \u201dbiblioteca\u00bb de la que habl\u00e1bamos, el material escrito. Se borronean p\u00e1ginas por la luz ultravioleta cuando te tomaste el sol y quedaste colorado como un camar\u00f3n&#8230; <b>Y esa boleta te la pasan 40 a\u00f1os despu\u00e9s.<\/b> Se altera el ADN y te enter\u00e1s 40 a\u00f1os despu\u00e9s que hiciste algo que te hizo da\u00f1o\u201d.<\/p>\n<p>Finalmente, Estol defini\u00f3 el horizonte de la <b>medicina de precisi\u00f3n<\/b>: \u201cYo aseguro 100 a\u00f1os de buena calidad de vida con el cerebro y el cuerpo preservado cuando hacemos lo que ya sabemos. Es <b>cuidar el estr\u00e9s, dormir bien, nutrici\u00f3n, ejercicio, no cigarrillo, m\u00ednimo alcohol, control de la presi\u00f3n, colesterol, obesidad y diabetes\u201d.<\/b><\/p>\n<p>\u201cNo es cualquier evaluaci\u00f3n, es una de las evaluaciones enfocadas a eso. Tiene que ser <b>individualizada<\/b>. Medicina de prevenci\u00f3n que se anticipa, pero es para vos\u201d, a\u00f1adi\u00f3.<\/p>\n<p>Y respald\u00f3 la singularidad de este enfoque: \u201c<b>Es la medicina de la ciencia de la longevidad<\/b>. Totalmente nueva, que no se est\u00e1 aplicando. Pero pasa con el ser humano. Conocemos cosas que pueden revolucionar lo que hacemos o c\u00f3mo vivimos y cu\u00e1nto tarda en trasladarse a la pr\u00e1ctica. Siempre pasa, pero va a ocurrir. <b>Soy optimista<\/b>\u201d.<\/p>\n<p><b>La entrevista completa del doctor Conrado Estol<\/b><\/p>\n<p><b>Infobae<\/b> te acompa\u00f1a cada d\u00eda en YouTube con entrevistas, an\u00e1lisis y la informaci\u00f3n m\u00e1s destacada, en un formato cercano y din\u00e1mico.<\/p>\n<p>\u2022 De 7 a 9: <b>Infobae al Amanecer<\/b>: Nacho Gir\u00f3n, Luciana Rubinska y Bel\u00e9n Escobar<\/p>\n<p>\u2022 De 9 a 12: <b>Infobae a las Nueve<\/b>: Gonzalo S\u00e1nchez, Tatiana Schapiro, Ram\u00f3n Indart y Cecilia Boufflet<\/p>\n<p>\u2022 De 12 a 15: <b>Infobae al Mediodia<\/b>: Maru Duffard, Andrei Serbin Pont, Fede Mayol y Facundo Kablan<\/p>\n<p>\u2022 De 15 a 18: <b>Infobae a la Tarde<\/b>: Manu Jove, Maia Jastreblansky y Paula Guardia Bourdin; rotan en la semana Marcos Shaw, Federico Cristofanelli, Rosendo Grobo, Lara L\u00f3pez Calvo y Tom\u00e1s Trap\u00e9.<\/p>\n<p>\u2022 De 18 a 21: <b>Infobae al Regreso<\/b>: Gonzalo Aziz, Diego Iglesias, Malena de los R\u00edos y Mat\u00edas Barber\u00eda; rotan en la semana Gustavo Lazzari, Mart\u00edn Tetaz y Mica Mendelevich<\/p>\n<p>Actualidad, charlas y protagonistas, en vivo. Seguinos en nuestro canal de <b>YouTube<\/b> <span class=\"waslinkname\">@infobae<\/span><\/p>\n","protected":false},"excerpt":{"rendered":"<p>El neur\u00f3logo Conrado Estol expuso en Infobae en Vivo los l\u00edmites biol\u00f3gicos y avances de la ciencia en la longevidad humana, destacando la capacidad regenerativa de \u00f3rganos y el horizonte de la medicina de precisi\u00f3n. Durante su paso por el estudio de Infobae al Mediod\u00eda, donde dialog\u00f3 con Maru Duffard, Andrei Serbin Pont, Fede Mayol&#8230;<\/p>\n","protected":false},"author":1,"featured_media":96665,"comment_status":"open","ping_status":"closed","sticky":false,"template":"","format":"standard","meta":{"_jetpack_newsletter_access":"","_jetpack_dont_email_post_to_subs":false,"_jetpack_newsletter_tier_id":0,"_jetpack_memberships_contains_paywalled_content":false,"_jetpack_memberships_contains_paid_content":false,"footnotes":"","jetpack_post_was_ever_published":false},"categories":[81],"tags":[],"class_list":["post-96660","post","type-post","status-publish","format-standard","has-post-thumbnail","hentry","category-salud"],"magazineBlocksPostFeaturedMedia":{"thumbnail":"https:\/\/lobosnews.com.ar\/wp-content\/uploads\/2026\/09\/conrado-estol-explico-los-avances-y-limites-de-la-ciencia-sobre-la-regeneracion-de-organos-y-la-longevidad-2-150x150.jpg","medium":"https:\/\/lobosnews.com.ar\/wp-content\/uploads\/2026\/09\/conrado-estol-explico-los-avances-y-limites-de-la-ciencia-sobre-la-regeneracion-de-organos-y-la-longevidad-2-300x164.jpg","medium_large":"https:\/\/lobosnews.com.ar\/wp-content\/uploads\/2026\/09\/conrado-estol-explico-los-avances-y-limites-de-la-ciencia-sobre-la-regeneracion-de-organos-y-la-longevidad-2-768x419.jpg","large":"https:\/\/lobosnews.com.ar\/wp-content\/uploads\/2026\/09\/conrado-estol-explico-los-avances-y-limites-de-la-ciencia-sobre-la-regeneracion-de-organos-y-la-longevidad-2-1024x559.jpg","1536x1536":"https:\/\/lobosnews.com.ar\/wp-content\/uploads\/2026\/09\/conrado-estol-explico-los-avances-y-limites-de-la-ciencia-sobre-la-regeneracion-de-organos-y-la-longevidad-2.jpg","2048x2048":"https:\/\/lobosnews.com.ar\/wp-content\/uploads\/2026\/09\/conrado-estol-explico-los-avances-y-limites-de-la-ciencia-sobre-la-regeneracion-de-organos-y-la-longevidad-2.jpg","newsmatic-featured":"https:\/\/lobosnews.com.ar\/wp-content\/uploads\/2026\/09\/conrado-estol-explico-los-avances-y-limites-de-la-ciencia-sobre-la-regeneracion-de-organos-y-la-longevidad-2-820x545.jpg","newsmatic-list":"https:\/\/lobosnews.com.ar\/wp-content\/uploads\/2026\/09\/conrado-estol-explico-los-avances-y-limites-de-la-ciencia-sobre-la-regeneracion-de-organos-y-la-longevidad-2-600x400.jpg","newsmatic-thumb":"https:\/\/lobosnews.com.ar\/wp-content\/uploads\/2026\/09\/conrado-estol-explico-los-avances-y-limites-de-la-ciencia-sobre-la-regeneracion-de-organos-y-la-longevidad-2-300x200.jpg","newsmatic-small":"https:\/\/lobosnews.com.ar\/wp-content\/uploads\/2026\/09\/conrado-estol-explico-los-avances-y-limites-de-la-ciencia-sobre-la-regeneracion-de-organos-y-la-longevidad-2-150x95.jpg","newsmatic-grid":"https:\/\/lobosnews.com.ar\/wp-content\/uploads\/2026\/09\/conrado-estol-explico-los-avances-y-limites-de-la-ciencia-sobre-la-regeneracion-de-organos-y-la-longevidad-2-400x250.jpg"},"magazineBlocksPostAuthor":{"name":"admin","avatar":"https:\/\/secure.gravatar.com\/avatar\/76e419471a2083bc3ceab22a763dbbf9b0c1bd15a6214cf3280e2c2dde4580f9?s=96&d=mm&r=g"},"magazineBlocksPostCommentsNumber":"0","magazineBlocksPostExcerpt":"El neur\u00f3logo Conrado Estol expuso en Infobae en Vivo los l\u00edmites biol\u00f3gicos y avances de la ciencia en la longevidad humana, destacando la capacidad regenerativa de \u00f3rganos y el horizonte de la medicina de precisi\u00f3n. Durante su paso por el estudio de Infobae al Mediod\u00eda, donde dialog\u00f3 con Maru Duffard, Andrei Serbin Pont, Fede Mayol...","magazineBlocksPostCategories":["Salud"],"magazineBlocksPostViewCount":50,"magazineBlocksPostReadTime":6,"magazine_blocks_featured_image_url":{"full":["https:\/\/lobosnews.com.ar\/wp-content\/uploads\/2026\/09\/conrado-estol-explico-los-avances-y-limites-de-la-ciencia-sobre-la-regeneracion-de-organos-y-la-longevidad-2.jpg",1408,768,false],"medium":["https:\/\/lobosnews.com.ar\/wp-content\/uploads\/2026\/09\/conrado-estol-explico-los-avances-y-limites-de-la-ciencia-sobre-la-regeneracion-de-organos-y-la-longevidad-2-300x164.jpg",300,164,true],"thumbnail":["https:\/\/lobosnews.com.ar\/wp-content\/uploads\/2026\/09\/conrado-estol-explico-los-avances-y-limites-de-la-ciencia-sobre-la-regeneracion-de-organos-y-la-longevidad-2-150x150.jpg",150,150,true]},"magazine_blocks_author":{"display_name":"admin","author_link":"https:\/\/lobosnews.com.ar\/index.php\/author\/lobos-news\/"},"magazine_blocks_comment":0,"magazine_blocks_author_image":"https:\/\/secure.gravatar.com\/avatar\/76e419471a2083bc3ceab22a763dbbf9b0c1bd15a6214cf3280e2c2dde4580f9?s=96&d=mm&r=g","magazine_blocks_category":"<a href=\"#\" class=\"category-link category-link-81\">Salud<\/a>","yoast_head":"<!-- This site is optimized with the Yoast SEO plugin v28.0 - https:\/\/yoast.com\/product\/yoast-seo-wordpress\/ -->\n<title>Conrado Estol explic\u00f3 los avances y l\u00edmites de la ciencia sobre la regeneraci\u00f3n de \u00f3rganos y la longevidad - Lobos News<\/title>\n<meta name=\"robots\" content=\"index, follow, max-snippet:-1, max-image-preview:large, max-video-preview:-1\" \/>\n<link rel=\"canonical\" href=\"https:\/\/lobosnews.com.ar\/index.php\/2026\/09\/02\/conrado-estol-explico-los-avances-y-limites-de-la-ciencia-sobre-la-regeneracion-de-organos-y-la-longevidad\/\" \/>\n<meta property=\"og:locale\" content=\"es_ES\" \/>\n<meta property=\"og:type\" content=\"article\" \/>\n<meta property=\"og:title\" content=\"Conrado Estol explic\u00f3 los avances y l\u00edmites de la ciencia sobre la regeneraci\u00f3n de \u00f3rganos y la longevidad - Lobos News\" \/>\n<meta property=\"og:description\" content=\"El neur\u00f3logo Conrado Estol expuso en Infobae en Vivo los l\u00edmites biol\u00f3gicos y avances de la ciencia en la longevidad humana, destacando la capacidad regenerativa de \u00f3rganos y el horizonte de la medicina de precisi\u00f3n. Durante su paso por el estudio de Infobae al Mediod\u00eda, donde dialog\u00f3 con Maru Duffard, Andrei Serbin Pont, Fede Mayol...\" \/>\n<meta property=\"og:url\" content=\"https:\/\/lobosnews.com.ar\/index.php\/2026\/09\/02\/conrado-estol-explico-los-avances-y-limites-de-la-ciencia-sobre-la-regeneracion-de-organos-y-la-longevidad\/\" \/>\n<meta property=\"og:site_name\" content=\"Lobos News\" \/>\n<meta property=\"article:published_time\" content=\"2026-09-02T18:58:08+00:00\" \/>\n<meta property=\"article:modified_time\" content=\"2026-09-02T22:22:03+00:00\" \/>\n<meta property=\"og:image\" content=\"https:\/\/lobosnews.com.ar\/wp-content\/uploads\/2026\/09\/conrado-estol-explico-los-avances-y-limites-de-la-ciencia-sobre-la-regeneracion-de-organos-y-la-longevidad-2.jpg\" \/>\n\t<meta property=\"og:image:width\" content=\"1408\" \/>\n\t<meta property=\"og:image:height\" content=\"768\" \/>\n\t<meta property=\"og:image:type\" content=\"image\/jpeg\" \/>\n<meta name=\"author\" content=\"admin\" \/>\n<meta name=\"twitter:card\" content=\"summary_large_image\" \/>\n<meta name=\"twitter:label1\" content=\"Escrito por\" \/>\n\t<meta name=\"twitter:data1\" content=\"admin\" \/>\n\t<meta name=\"twitter:label2\" content=\"Tiempo de lectura\" \/>\n\t<meta name=\"twitter:data2\" content=\"5 minutos\" \/>\n<script type=\"application\/ld+json\" class=\"yoast-schema-graph\">{\"@context\":\"https:\\\/\\\/schema.org\",\"@graph\":[{\"@type\":\"Article\",\"@id\":\"https:\\\/\\\/lobosnews.com.ar\\\/index.php\\\/2026\\\/09\\\/02\\\/conrado-estol-explico-los-avances-y-limites-de-la-ciencia-sobre-la-regeneracion-de-organos-y-la-longevidad\\\/#article\",\"isPartOf\":{\"@id\":\"https:\\\/\\\/lobosnews.com.ar\\\/index.php\\\/2026\\\/09\\\/02\\\/conrado-estol-explico-los-avances-y-limites-de-la-ciencia-sobre-la-regeneracion-de-organos-y-la-longevidad\\\/\"},\"author\":{\"name\":\"admin\",\"@id\":\"https:\\\/\\\/lobosnews.com.ar\\\/#\\\/schema\\\/person\\\/232422a593d5c541dd9aef6aaed10943\"},\"headline\":\"Conrado Estol explic\u00f3 los avances y l\u00edmites de la ciencia sobre la regeneraci\u00f3n de \u00f3rganos y la longevidad\",\"datePublished\":\"2026-09-02T18:58:08+00:00\",\"dateModified\":\"2026-09-02T22:22:03+00:00\",\"mainEntityOfPage\":{\"@id\":\"https:\\\/\\\/lobosnews.com.ar\\\/index.php\\\/2026\\\/09\\\/02\\\/conrado-estol-explico-los-avances-y-limites-de-la-ciencia-sobre-la-regeneracion-de-organos-y-la-longevidad\\\/\"},\"wordCount\":1034,\"commentCount\":0,\"publisher\":{\"@id\":\"https:\\\/\\\/lobosnews.com.ar\\\/#organization\"},\"image\":{\"@id\":\"https:\\\/\\\/lobosnews.com.ar\\\/index.php\\\/2026\\\/09\\\/02\\\/conrado-estol-explico-los-avances-y-limites-de-la-ciencia-sobre-la-regeneracion-de-organos-y-la-longevidad\\\/#primaryimage\"},\"thumbnailUrl\":\"https:\\\/\\\/lobosnews.com.ar\\\/wp-content\\\/uploads\\\/2026\\\/09\\\/conrado-estol-explico-los-avances-y-limites-de-la-ciencia-sobre-la-regeneracion-de-organos-y-la-longevidad-2.jpg\",\"articleSection\":[\"Salud\"],\"inLanguage\":\"es\",\"potentialAction\":[{\"@type\":\"CommentAction\",\"name\":\"Comment\",\"target\":[\"https:\\\/\\\/lobosnews.com.ar\\\/index.php\\\/2026\\\/09\\\/02\\\/conrado-estol-explico-los-avances-y-limites-de-la-ciencia-sobre-la-regeneracion-de-organos-y-la-longevidad\\\/#respond\"]}]},{\"@type\":\"WebPage\",\"@id\":\"https:\\\/\\\/lobosnews.com.ar\\\/index.php\\\/2026\\\/09\\\/02\\\/conrado-estol-explico-los-avances-y-limites-de-la-ciencia-sobre-la-regeneracion-de-organos-y-la-longevidad\\\/\",\"url\":\"https:\\\/\\\/lobosnews.com.ar\\\/index.php\\\/2026\\\/09\\\/02\\\/conrado-estol-explico-los-avances-y-limites-de-la-ciencia-sobre-la-regeneracion-de-organos-y-la-longevidad\\\/\",\"name\":\"Conrado Estol explic\u00f3 los avances y l\u00edmites de la ciencia sobre la regeneraci\u00f3n de \u00f3rganos y la longevidad - Lobos News\",\"isPartOf\":{\"@id\":\"https:\\\/\\\/lobosnews.com.ar\\\/#website\"},\"primaryImageOfPage\":{\"@id\":\"https:\\\/\\\/lobosnews.com.ar\\\/index.php\\\/2026\\\/09\\\/02\\\/conrado-estol-explico-los-avances-y-limites-de-la-ciencia-sobre-la-regeneracion-de-organos-y-la-longevidad\\\/#primaryimage\"},\"image\":{\"@id\":\"https:\\\/\\\/lobosnews.com.ar\\\/index.php\\\/2026\\\/09\\\/02\\\/conrado-estol-explico-los-avances-y-limites-de-la-ciencia-sobre-la-regeneracion-de-organos-y-la-longevidad\\\/#primaryimage\"},\"thumbnailUrl\":\"https:\\\/\\\/lobosnews.com.ar\\\/wp-content\\\/uploads\\\/2026\\\/09\\\/conrado-estol-explico-los-avances-y-limites-de-la-ciencia-sobre-la-regeneracion-de-organos-y-la-longevidad-2.jpg\",\"datePublished\":\"2026-09-02T18:58:08+00:00\",\"dateModified\":\"2026-09-02T22:22:03+00:00\",\"breadcrumb\":{\"@id\":\"https:\\\/\\\/lobosnews.com.ar\\\/index.php\\\/2026\\\/09\\\/02\\\/conrado-estol-explico-los-avances-y-limites-de-la-ciencia-sobre-la-regeneracion-de-organos-y-la-longevidad\\\/#breadcrumb\"},\"inLanguage\":\"es\",\"potentialAction\":[{\"@type\":\"ReadAction\",\"target\":[\"https:\\\/\\\/lobosnews.com.ar\\\/index.php\\\/2026\\\/09\\\/02\\\/conrado-estol-explico-los-avances-y-limites-de-la-ciencia-sobre-la-regeneracion-de-organos-y-la-longevidad\\\/\"]}]},{\"@type\":\"ImageObject\",\"inLanguage\":\"es\",\"@id\":\"https:\\\/\\\/lobosnews.com.ar\\\/index.php\\\/2026\\\/09\\\/02\\\/conrado-estol-explico-los-avances-y-limites-de-la-ciencia-sobre-la-regeneracion-de-organos-y-la-longevidad\\\/#primaryimage\",\"url\":\"https:\\\/\\\/lobosnews.com.ar\\\/wp-content\\\/uploads\\\/2026\\\/09\\\/conrado-estol-explico-los-avances-y-limites-de-la-ciencia-sobre-la-regeneracion-de-organos-y-la-longevidad-2.jpg\",\"contentUrl\":\"https:\\\/\\\/lobosnews.com.ar\\\/wp-content\\\/uploads\\\/2026\\\/09\\\/conrado-estol-explico-los-avances-y-limites-de-la-ciencia-sobre-la-regeneracion-de-organos-y-la-longevidad-2.jpg\",\"width\":1408,\"height\":768,\"caption\":\"Conrado Estol explic\u00f3 los avances y l\u00edmites de la ciencia sobre la regeneraci\u00f3n de \u00f3rganos y la longevidad\"},{\"@type\":\"BreadcrumbList\",\"@id\":\"https:\\\/\\\/lobosnews.com.ar\\\/index.php\\\/2026\\\/09\\\/02\\\/conrado-estol-explico-los-avances-y-limites-de-la-ciencia-sobre-la-regeneracion-de-organos-y-la-longevidad\\\/#breadcrumb\",\"itemListElement\":[{\"@type\":\"ListItem\",\"position\":1,\"name\":\"Portada\",\"item\":\"https:\\\/\\\/lobosnews.com.ar\\\/\"},{\"@type\":\"ListItem\",\"position\":2,\"name\":\"Conrado Estol explic\u00f3 los avances y l\u00edmites de la ciencia sobre la regeneraci\u00f3n de \u00f3rganos y la longevidad\"}]},{\"@type\":\"WebSite\",\"@id\":\"https:\\\/\\\/lobosnews.com.ar\\\/#website\",\"url\":\"https:\\\/\\\/lobosnews.com.ar\\\/\",\"name\":\"Lobos News\",\"description\":\"Informaci\u00f3n a cada instante\",\"publisher\":{\"@id\":\"https:\\\/\\\/lobosnews.com.ar\\\/#organization\"},\"potentialAction\":[{\"@type\":\"SearchAction\",\"target\":{\"@type\":\"EntryPoint\",\"urlTemplate\":\"https:\\\/\\\/lobosnews.com.ar\\\/?s={search_term_string}\"},\"query-input\":{\"@type\":\"PropertyValueSpecification\",\"valueRequired\":true,\"valueName\":\"search_term_string\"}}],\"inLanguage\":\"es\"},{\"@type\":\"Organization\",\"@id\":\"https:\\\/\\\/lobosnews.com.ar\\\/#organization\",\"name\":\"Lobos News\",\"url\":\"https:\\\/\\\/lobosnews.com.ar\\\/\",\"logo\":{\"@type\":\"ImageObject\",\"inLanguage\":\"es\",\"@id\":\"https:\\\/\\\/lobosnews.com.ar\\\/#\\\/schema\\\/logo\\\/image\\\/\",\"url\":\"https:\\\/\\\/lobosnews.com.ar\\\/wp-content\\\/uploads\\\/2026\\\/01\\\/logo-lobosnews.png\",\"contentUrl\":\"https:\\\/\\\/lobosnews.com.ar\\\/wp-content\\\/uploads\\\/2026\\\/01\\\/logo-lobosnews.png\",\"width\":500,\"height\":200,\"caption\":\"Lobos News\"},\"image\":{\"@id\":\"https:\\\/\\\/lobosnews.com.ar\\\/#\\\/schema\\\/logo\\\/image\\\/\"}},{\"@type\":\"Person\",\"@id\":\"https:\\\/\\\/lobosnews.com.ar\\\/#\\\/schema\\\/person\\\/232422a593d5c541dd9aef6aaed10943\",\"name\":\"admin\",\"image\":{\"@type\":\"ImageObject\",\"inLanguage\":\"es\",\"@id\":\"https:\\\/\\\/secure.gravatar.com\\\/avatar\\\/76e419471a2083bc3ceab22a763dbbf9b0c1bd15a6214cf3280e2c2dde4580f9?s=96&d=mm&r=g\",\"url\":\"https:\\\/\\\/secure.gravatar.com\\\/avatar\\\/76e419471a2083bc3ceab22a763dbbf9b0c1bd15a6214cf3280e2c2dde4580f9?s=96&d=mm&r=g\",\"contentUrl\":\"https:\\\/\\\/secure.gravatar.com\\\/avatar\\\/76e419471a2083bc3ceab22a763dbbf9b0c1bd15a6214cf3280e2c2dde4580f9?s=96&d=mm&r=g\",\"caption\":\"admin\"},\"sameAs\":[\"https:\\\/\\\/lobosnews.com.ar\"],\"url\":\"https:\\\/\\\/lobosnews.com.ar\\\/index.php\\\/author\\\/lobos-news\\\/\"}]}<\/script>\n<!-- \/ Yoast SEO plugin. -->","yoast_head_json":{"title":"Conrado Estol explic\u00f3 los avances y l\u00edmites de la ciencia sobre la regeneraci\u00f3n de \u00f3rganos y la longevidad - Lobos News","robots":{"index":"index","follow":"follow","max-snippet":"max-snippet:-1","max-image-preview":"max-image-preview:large","max-video-preview":"max-video-preview:-1"},"canonical":"https:\/\/lobosnews.com.ar\/index.php\/2026\/09\/02\/conrado-estol-explico-los-avances-y-limites-de-la-ciencia-sobre-la-regeneracion-de-organos-y-la-longevidad\/","og_locale":"es_ES","og_type":"article","og_title":"Conrado Estol explic\u00f3 los avances y l\u00edmites de la ciencia sobre la regeneraci\u00f3n de \u00f3rganos y la longevidad - Lobos News","og_description":"El neur\u00f3logo Conrado Estol expuso en Infobae en Vivo los l\u00edmites biol\u00f3gicos y avances de la ciencia en la longevidad humana, destacando la capacidad regenerativa de \u00f3rganos y el horizonte de la medicina de precisi\u00f3n. Durante su paso por el estudio de Infobae al Mediod\u00eda, donde dialog\u00f3 con Maru Duffard, Andrei Serbin Pont, Fede Mayol...","og_url":"https:\/\/lobosnews.com.ar\/index.php\/2026\/09\/02\/conrado-estol-explico-los-avances-y-limites-de-la-ciencia-sobre-la-regeneracion-de-organos-y-la-longevidad\/","og_site_name":"Lobos News","article_published_time":"2026-09-02T18:58:08+00:00","article_modified_time":"2026-09-02T22:22:03+00:00","og_image":[{"width":1408,"height":768,"url":"https:\/\/lobosnews.com.ar\/wp-content\/uploads\/2026\/09\/conrado-estol-explico-los-avances-y-limites-de-la-ciencia-sobre-la-regeneracion-de-organos-y-la-longevidad-2.jpg","type":"image\/jpeg"}],"author":"admin","twitter_card":"summary_large_image","twitter_misc":{"Escrito por":"admin","Tiempo de lectura":"5 minutos"},"schema":{"@context":"https:\/\/schema.org","@graph":[{"@type":"Article","@id":"https:\/\/lobosnews.com.ar\/index.php\/2026\/09\/02\/conrado-estol-explico-los-avances-y-limites-de-la-ciencia-sobre-la-regeneracion-de-organos-y-la-longevidad\/#article","isPartOf":{"@id":"https:\/\/lobosnews.com.ar\/index.php\/2026\/09\/02\/conrado-estol-explico-los-avances-y-limites-de-la-ciencia-sobre-la-regeneracion-de-organos-y-la-longevidad\/"},"author":{"name":"admin","@id":"https:\/\/lobosnews.com.ar\/#\/schema\/person\/232422a593d5c541dd9aef6aaed10943"},"headline":"Conrado Estol explic\u00f3 los avances y l\u00edmites de la ciencia sobre la regeneraci\u00f3n de \u00f3rganos y la longevidad","datePublished":"2026-09-02T18:58:08+00:00","dateModified":"2026-09-02T22:22:03+00:00","mainEntityOfPage":{"@id":"https:\/\/lobosnews.com.ar\/index.php\/2026\/09\/02\/conrado-estol-explico-los-avances-y-limites-de-la-ciencia-sobre-la-regeneracion-de-organos-y-la-longevidad\/"},"wordCount":1034,"commentCount":0,"publisher":{"@id":"https:\/\/lobosnews.com.ar\/#organization"},"image":{"@id":"https:\/\/lobosnews.com.ar\/index.php\/2026\/09\/02\/conrado-estol-explico-los-avances-y-limites-de-la-ciencia-sobre-la-regeneracion-de-organos-y-la-longevidad\/#primaryimage"},"thumbnailUrl":"https:\/\/lobosnews.com.ar\/wp-content\/uploads\/2026\/09\/conrado-estol-explico-los-avances-y-limites-de-la-ciencia-sobre-la-regeneracion-de-organos-y-la-longevidad-2.jpg","articleSection":["Salud"],"inLanguage":"es","potentialAction":[{"@type":"CommentAction","name":"Comment","target":["https:\/\/lobosnews.com.ar\/index.php\/2026\/09\/02\/conrado-estol-explico-los-avances-y-limites-de-la-ciencia-sobre-la-regeneracion-de-organos-y-la-longevidad\/#respond"]}]},{"@type":"WebPage","@id":"https:\/\/lobosnews.com.ar\/index.php\/2026\/09\/02\/conrado-estol-explico-los-avances-y-limites-de-la-ciencia-sobre-la-regeneracion-de-organos-y-la-longevidad\/","url":"https:\/\/lobosnews.com.ar\/index.php\/2026\/09\/02\/conrado-estol-explico-los-avances-y-limites-de-la-ciencia-sobre-la-regeneracion-de-organos-y-la-longevidad\/","name":"Conrado Estol explic\u00f3 los avances y l\u00edmites de la ciencia sobre la regeneraci\u00f3n de \u00f3rganos y la longevidad - Lobos News","isPartOf":{"@id":"https:\/\/lobosnews.com.ar\/#website"},"primaryImageOfPage":{"@id":"https:\/\/lobosnews.com.ar\/index.php\/2026\/09\/02\/conrado-estol-explico-los-avances-y-limites-de-la-ciencia-sobre-la-regeneracion-de-organos-y-la-longevidad\/#primaryimage"},"image":{"@id":"https:\/\/lobosnews.com.ar\/index.php\/2026\/09\/02\/conrado-estol-explico-los-avances-y-limites-de-la-ciencia-sobre-la-regeneracion-de-organos-y-la-longevidad\/#primaryimage"},"thumbnailUrl":"https:\/\/lobosnews.com.ar\/wp-content\/uploads\/2026\/09\/conrado-estol-explico-los-avances-y-limites-de-la-ciencia-sobre-la-regeneracion-de-organos-y-la-longevidad-2.jpg","datePublished":"2026-09-02T18:58:08+00:00","dateModified":"2026-09-02T22:22:03+00:00","breadcrumb":{"@id":"https:\/\/lobosnews.com.ar\/index.php\/2026\/09\/02\/conrado-estol-explico-los-avances-y-limites-de-la-ciencia-sobre-la-regeneracion-de-organos-y-la-longevidad\/#breadcrumb"},"inLanguage":"es","potentialAction":[{"@type":"ReadAction","target":["https:\/\/lobosnews.com.ar\/index.php\/2026\/09\/02\/conrado-estol-explico-los-avances-y-limites-de-la-ciencia-sobre-la-regeneracion-de-organos-y-la-longevidad\/"]}]},{"@type":"ImageObject","inLanguage":"es","@id":"https:\/\/lobosnews.com.ar\/index.php\/2026\/09\/02\/conrado-estol-explico-los-avances-y-limites-de-la-ciencia-sobre-la-regeneracion-de-organos-y-la-longevidad\/#primaryimage","url":"https:\/\/lobosnews.com.ar\/wp-content\/uploads\/2026\/09\/conrado-estol-explico-los-avances-y-limites-de-la-ciencia-sobre-la-regeneracion-de-organos-y-la-longevidad-2.jpg","contentUrl":"https:\/\/lobosnews.com.ar\/wp-content\/uploads\/2026\/09\/conrado-estol-explico-los-avances-y-limites-de-la-ciencia-sobre-la-regeneracion-de-organos-y-la-longevidad-2.jpg","width":1408,"height":768,"caption":"Conrado Estol explic\u00f3 los avances y l\u00edmites de la ciencia sobre la regeneraci\u00f3n de \u00f3rganos y la longevidad"},{"@type":"BreadcrumbList","@id":"https:\/\/lobosnews.com.ar\/index.php\/2026\/09\/02\/conrado-estol-explico-los-avances-y-limites-de-la-ciencia-sobre-la-regeneracion-de-organos-y-la-longevidad\/#breadcrumb","itemListElement":[{"@type":"ListItem","position":1,"name":"Portada","item":"https:\/\/lobosnews.com.ar\/"},{"@type":"ListItem","position":2,"name":"Conrado Estol explic\u00f3 los avances y l\u00edmites de la ciencia sobre la regeneraci\u00f3n de \u00f3rganos y la longevidad"}]},{"@type":"WebSite","@id":"https:\/\/lobosnews.com.ar\/#website","url":"https:\/\/lobosnews.com.ar\/","name":"Lobos News","description":"Informaci\u00f3n a cada instante","publisher":{"@id":"https:\/\/lobosnews.com.ar\/#organization"},"potentialAction":[{"@type":"SearchAction","target":{"@type":"EntryPoint","urlTemplate":"https:\/\/lobosnews.com.ar\/?s={search_term_string}"},"query-input":{"@type":"PropertyValueSpecification","valueRequired":true,"valueName":"search_term_string"}}],"inLanguage":"es"},{"@type":"Organization","@id":"https:\/\/lobosnews.com.ar\/#organization","name":"Lobos News","url":"https:\/\/lobosnews.com.ar\/","logo":{"@type":"ImageObject","inLanguage":"es","@id":"https:\/\/lobosnews.com.ar\/#\/schema\/logo\/image\/","url":"https:\/\/lobosnews.com.ar\/wp-content\/uploads\/2026\/01\/logo-lobosnews.png","contentUrl":"https:\/\/lobosnews.com.ar\/wp-content\/uploads\/2026\/01\/logo-lobosnews.png","width":500,"height":200,"caption":"Lobos News"},"image":{"@id":"https:\/\/lobosnews.com.ar\/#\/schema\/logo\/image\/"}},{"@type":"Person","@id":"https:\/\/lobosnews.com.ar\/#\/schema\/person\/232422a593d5c541dd9aef6aaed10943","name":"admin","image":{"@type":"ImageObject","inLanguage":"es","@id":"https:\/\/secure.gravatar.com\/avatar\/76e419471a2083bc3ceab22a763dbbf9b0c1bd15a6214cf3280e2c2dde4580f9?s=96&d=mm&r=g","url":"https:\/\/secure.gravatar.com\/avatar\/76e419471a2083bc3ceab22a763dbbf9b0c1bd15a6214cf3280e2c2dde4580f9?s=96&d=mm&r=g","contentUrl":"https:\/\/secure.gravatar.com\/avatar\/76e419471a2083bc3ceab22a763dbbf9b0c1bd15a6214cf3280e2c2dde4580f9?s=96&d=mm&r=g","caption":"admin"},"sameAs":["https:\/\/lobosnews.com.ar"],"url":"https:\/\/lobosnews.com.ar\/index.php\/author\/lobos-news\/"}]}},"jetpack_featured_media_url":"https:\/\/lobosnews.com.ar\/wp-content\/uploads\/2026\/09\/conrado-estol-explico-los-avances-y-limites-de-la-ciencia-sobre-la-regeneracion-de-organos-y-la-longevidad-2.jpg","jetpack_sharing_enabled":true,"_links":{"self":[{"href":"https:\/\/lobosnews.com.ar\/index.php\/wp-json\/wp\/v2\/posts\/96660","targetHints":{"allow":["GET"]}}],"collection":[{"href":"https:\/\/lobosnews.com.ar\/index.php\/wp-json\/wp\/v2\/posts"}],"about":[{"href":"https:\/\/lobosnews.com.ar\/index.php\/wp-json\/wp\/v2\/types\/post"}],"author":[{"embeddable":true,"href":"https:\/\/lobosnews.com.ar\/index.php\/wp-json\/wp\/v2\/users\/1"}],"replies":[{"embeddable":true,"href":"https:\/\/lobosnews.com.ar\/index.php\/wp-json\/wp\/v2\/comments?post=96660"}],"version-history":[{"count":1,"href":"https:\/\/lobosnews.com.ar\/index.php\/wp-json\/wp\/v2\/posts\/96660\/revisions"}],"predecessor-version":[{"id":96664,"href":"https:\/\/lobosnews.com.ar\/index.php\/wp-json\/wp\/v2\/posts\/96660\/revisions\/96664"}],"wp:featuredmedia":[{"embeddable":true,"href":"https:\/\/lobosnews.com.ar\/index.php\/wp-json\/wp\/v2\/media\/96665"}],"wp:attachment":[{"href":"https:\/\/lobosnews.com.ar\/index.php\/wp-json\/wp\/v2\/media?parent=96660"}],"wp:term":[{"taxonomy":"category","embeddable":true,"href":"https:\/\/lobosnews.com.ar\/index.php\/wp-json\/wp\/v2\/categories?post=96660"},{"taxonomy":"post_tag","embeddable":true,"href":"https:\/\/lobosnews.com.ar\/index.php\/wp-json\/wp\/v2\/tags?post=96660"}],"curies":[{"name":"wp","href":"https:\/\/api.w.org\/{rel}","templated":true}]}}