{"id":96627,"date":"2026-09-02T18:59:20","date_gmt":"2026-09-02T18:59:20","guid":{"rendered":"https:\/\/lobosnews.com.ar\/?p=96627"},"modified":"2026-09-02T22:21:06","modified_gmt":"2026-09-02T22:21:06","slug":"la-reaccion-de-evangelina-anderson-ante-la-incorporacion-de-ian-lucas-a-masterchef-junior","status":"publish","type":"post","link":"https:\/\/lobosnews.com.ar\/index.php\/2026\/09\/02\/la-reaccion-de-evangelina-anderson-ante-la-incorporacion-de-ian-lucas-a-masterchef-junior\/","title":{"rendered":"La reacci\u00f3n de Evangelina Anderson ante la incorporaci\u00f3n de Ian Lucas a MasterChef Junior"},"content":{"rendered":"<p><b>Mientras la expectativa por el regreso de<\/b><span class=\"waslinkname\"><i><b> MasterChef Junior<\/b><\/i><\/span><b> crece en la pantalla de Telefe<\/b>, los primeros nombres confirmados ya generan revuelo. <b>Una de las sorpresas m\u00e1s comentadas es<\/b><span class=\"waslinkname\"><b> la presencia protag\u00f3nica de <\/b><\/span><span class=\"waslinkname\"><b>Ian Lucas<\/b><\/span>, figura que salt\u00f3 a la popularidad en el universo de las redes y que ahora dar\u00e1 el salto definitivo como parte del jurado del reality gastron\u00f3mico infantil. Sin embargo, lo que m\u00e1s llam\u00f3 la atenci\u00f3n no fue solo la confirmaci\u00f3n del influencer, sino<b> la reacci\u00f3n en vivo de <\/b><span class=\"waslinkname\"><b>Evangelina Anderson<\/b><\/span>, quien comparti\u00f3 certamen con Lucas en la edici\u00f3n Celebrity y no pudo evitar dejar entrever cierta incomodidad ante las c\u00e1maras.<\/p>\n<p>La escena se vivi\u00f3 en la \u00faltima emisi\u00f3n de <i><b>Cort\u00e1 por Lozano <\/b><\/i>(Telefe), cuando <span class=\"waslinkname\"><b>Ver\u00f3nica Lozano <\/b><\/span>anunci\u00f3 a los integrantes del jurado de la nueva temporada. \u201c<b>\u00a1Ian Lucas!<\/b>\u201d, exclam\u00f3 la conductora, mientras los aplausos inundaban el estudio. Lozano no tard\u00f3 en recordar que Eva y el influencer compartieron competencia en el pasado. \u201cUstedes compartieron certamen\u201d, remarc\u00f3, abriendo la puerta a recuerdos y comentarios cruzados. <span class=\"waslinkname\"><b>Ceferino Reato<\/b><\/span>, panelista del ciclo, sum\u00f3: \u201cEstuvieron en el mismo programa\u201d. Anderson, por su parte, respondi\u00f3 con una sonrisa medida: \u201cS\u00ed,<b> estuvimos los dos<\/b>\u201d.<\/p>\n<p>La conversaci\u00f3n avanz\u00f3 entre bromas y gui\u00f1os, pero el clima se tens\u00f3 cuando los panelistas comenzaron a indagar sobre la relaci\u00f3n entre ambos. Lozano consult\u00f3 c\u00f3mo imagina Eva a Ian Lucas como jurado y, ante el silencio de la modelo, la pregunta qued\u00f3 flotando en el aire. Cuando se la interrog\u00f3 sobre si Ian cocinaba bien, Anderson evit\u00f3 profundizar: \u201c<b>S\u00ed, claro&#8230;<\/b>\u201d.<\/p>\n<p><img loading=\"lazy\" decoding=\"async\" src=\"https:\/\/lobosnews.com.ar\/wp-content\/uploads\/2026\/09\/la-reaccion-de-evangelina-anderson-ante-la-incorporacion-de-ian-lucas-a-masterchef-junior.jpg\" alt=\"La modelo fue consultada sobre la incorporaci\u00f3n de su excompa\u00f1erodel reality tras meses de tensiones \" height=\"1090\" width=\"1980\"\/><\/p>\n<p>La charla gir\u00f3 entonces hacia la nueva etapa de Ian Lucas como jurado, poniendo el foco en el desaf\u00edo de evaluar a chicos en la cocina. \u201c<b>Que disfrute mucho, porque trabajar con chicos debe ser lo m\u00e1s lindo del mundo y \u00e9l tiene un <\/b><i><b>feeling <\/b><\/i><b>especial<\/b>. A \u00e9l lo aman\u201d, opin\u00f3 Lozano. Ceferino Reato coincidi\u00f3 en que Lucas tiene su propio p\u00fablico, lo que podr\u00eda facilitar su adaptaci\u00f3n al nuevo rol. Evangelina Anderson, sin embargo, apunt\u00f3 a la dificultad de la tarea: \u201c\u00bfC\u00f3mo le dec\u00eds a un chico que no te gusta el plato, qu\u00e9 dif\u00edcil?\u201d. <\/p>\n<p>Pero detr\u00e1s de la cordialidad televisiva se esconde una historia reciente marcada por cortocircuitos y rumores. Vale recordar que Anderson y Lucas protagonizaron uno de los v\u00ednculos m\u00e1s comentados de la edici\u00f3n Celebrity.<span class=\"waslinkname\"><b> Entre versiones de romance y fotos<\/b><\/span> que alimentaron las especulaciones, la relaci\u00f3n termin\u00f3 de manera abrupta y, seg\u00fan trascendi\u00f3, en malos t\u00e9rminos. En marzo pasado, <span class=\"waslinkname\"><b>Ian Lucas sorprendi\u00f3 al dejar de seguir a Evangelina en redes sociales<\/b><\/span>, movimiento que no pas\u00f3 inadvertido en el mundo del espect\u00e1culo. Poco despu\u00e9s, el influencer public\u00f3 un descargo en sus cuentas, aclarando que la decisi\u00f3n respond\u00eda a motivos personales y a la necesidad de poner fin a una exposici\u00f3n medi\u00e1tica que, seg\u00fan \u00e9l, lo hab\u00eda superado.<\/p>\n<p>El gesto digital aviv\u00f3 el debate sobre c\u00f3mo los v\u00ednculos creados en la televisi\u00f3n trascienden la pantalla y se trasladan a la vida real, incluso cuando parece que todo qued\u00f3 en el pasado. Para Anderson, la situaci\u00f3n signific\u00f3 un cierre inc\u00f3modo, pero decidi\u00f3 mantener la compostura y evitar declaraciones pol\u00e9micas. En cada aparici\u00f3n p\u00fablica, <b>la modelo decidi\u00f3 apostr a la diplomacia, aunque las miradas atentas no dejan pasar los detalles<\/b>: las respuestas breves, las pausas y los silencios dicen tanto como cualquier declaraci\u00f3n.<\/p>\n<p>Con el regreso inminente de MasterChef Junior y la confirmaci\u00f3n de Ian Lucas en un rol protag\u00f3nico, la atenci\u00f3n vuelve a posarse sobre los v\u00ednculos y los desaf\u00edos de la exposici\u00f3n medi\u00e1tica. La nueva etapa del reality promete cocina, emoci\u00f3n y tambi\u00e9n la posibilidad de ver a viejos conocidos enfrentando nuevos retos, cada uno desde su lugar. Y aunque Evangelina Anderson prefiere mantener la distancia, su presencia y sus gestos siguen siendo materia de an\u00e1lisis para quienes leen entre l\u00edneas la trastienda del show.<\/p>\n","protected":false},"excerpt":{"rendered":"<p>Mientras la expectativa por el regreso de MasterChef Junior crece en la pantalla de Telefe, los primeros nombres confirmados ya generan revuelo. Una de las sorpresas m\u00e1s comentadas es la presencia protag\u00f3nica de Ian Lucas, figura que salt\u00f3 a la popularidad en el universo de las redes y que ahora dar\u00e1 el salto definitivo como&#8230;<\/p>\n","protected":false},"author":1,"featured_media":96630,"comment_status":"open","ping_status":"closed","sticky":false,"template":"","format":"standard","meta":{"_jetpack_newsletter_access":"","_jetpack_dont_email_post_to_subs":false,"_jetpack_newsletter_tier_id":0,"_jetpack_memberships_contains_paywalled_content":false,"_jetpack_memberships_contains_paid_content":false,"footnotes":"","jetpack_post_was_ever_published":false},"categories":[79],"tags":[],"class_list":["post-96627","post","type-post","status-publish","format-standard","has-post-thumbnail","hentry","category-cine-y-series"],"magazineBlocksPostFeaturedMedia":{"thumbnail":"https:\/\/lobosnews.com.ar\/wp-content\/uploads\/2026\/09\/la-reaccion-de-evangelina-anderson-ante-la-incorporacion-de-ian-lucas-a-masterchef-junior-150x150.jpg","medium":"https:\/\/lobosnews.com.ar\/wp-content\/uploads\/2026\/09\/la-reaccion-de-evangelina-anderson-ante-la-incorporacion-de-ian-lucas-a-masterchef-junior-300x165.jpg","medium_large":"https:\/\/lobosnews.com.ar\/wp-content\/uploads\/2026\/09\/la-reaccion-de-evangelina-anderson-ante-la-incorporacion-de-ian-lucas-a-masterchef-junior-768x423.jpg","large":"https:\/\/lobosnews.com.ar\/wp-content\/uploads\/2026\/09\/la-reaccion-de-evangelina-anderson-ante-la-incorporacion-de-ian-lucas-a-masterchef-junior-1024x564.jpg","1536x1536":"https:\/\/lobosnews.com.ar\/wp-content\/uploads\/2026\/09\/la-reaccion-de-evangelina-anderson-ante-la-incorporacion-de-ian-lucas-a-masterchef-junior-1536x846.jpg","2048x2048":"https:\/\/lobosnews.com.ar\/wp-content\/uploads\/2026\/09\/la-reaccion-de-evangelina-anderson-ante-la-incorporacion-de-ian-lucas-a-masterchef-junior.jpg","newsmatic-featured":"https:\/\/lobosnews.com.ar\/wp-content\/uploads\/2026\/09\/la-reaccion-de-evangelina-anderson-ante-la-incorporacion-de-ian-lucas-a-masterchef-junior-820x545.jpg","newsmatic-list":"https:\/\/lobosnews.com.ar\/wp-content\/uploads\/2026\/09\/la-reaccion-de-evangelina-anderson-ante-la-incorporacion-de-ian-lucas-a-masterchef-junior-600x400.jpg","newsmatic-thumb":"https:\/\/lobosnews.com.ar\/wp-content\/uploads\/2026\/09\/la-reaccion-de-evangelina-anderson-ante-la-incorporacion-de-ian-lucas-a-masterchef-junior-300x200.jpg","newsmatic-small":"https:\/\/lobosnews.com.ar\/wp-content\/uploads\/2026\/09\/la-reaccion-de-evangelina-anderson-ante-la-incorporacion-de-ian-lucas-a-masterchef-junior-150x95.jpg","newsmatic-grid":"https:\/\/lobosnews.com.ar\/wp-content\/uploads\/2026\/09\/la-reaccion-de-evangelina-anderson-ante-la-incorporacion-de-ian-lucas-a-masterchef-junior-400x250.jpg"},"magazineBlocksPostAuthor":{"name":"admin","avatar":"https:\/\/secure.gravatar.com\/avatar\/76e419471a2083bc3ceab22a763dbbf9b0c1bd15a6214cf3280e2c2dde4580f9?s=96&d=mm&r=g"},"magazineBlocksPostCommentsNumber":"0","magazineBlocksPostExcerpt":"Mientras la expectativa por el regreso de MasterChef Junior crece en la pantalla de Telefe, los primeros nombres confirmados ya generan revuelo. Una de las sorpresas m\u00e1s comentadas es la presencia protag\u00f3nica de Ian Lucas, figura que salt\u00f3 a la popularidad en el universo de las redes y que ahora dar\u00e1 el salto definitivo como...","magazineBlocksPostCategories":["Cine y Series"],"magazineBlocksPostViewCount":55,"magazineBlocksPostReadTime":4,"magazine_blocks_featured_image_url":{"full":["https:\/\/lobosnews.com.ar\/wp-content\/uploads\/2026\/09\/la-reaccion-de-evangelina-anderson-ante-la-incorporacion-de-ian-lucas-a-masterchef-junior.jpg",1980,1090,false],"medium":["https:\/\/lobosnews.com.ar\/wp-content\/uploads\/2026\/09\/la-reaccion-de-evangelina-anderson-ante-la-incorporacion-de-ian-lucas-a-masterchef-junior-300x165.jpg",300,165,true],"thumbnail":["https:\/\/lobosnews.com.ar\/wp-content\/uploads\/2026\/09\/la-reaccion-de-evangelina-anderson-ante-la-incorporacion-de-ian-lucas-a-masterchef-junior-150x150.jpg",150,150,true]},"magazine_blocks_author":{"display_name":"admin","author_link":"https:\/\/lobosnews.com.ar\/index.php\/author\/lobos-news\/"},"magazine_blocks_comment":0,"magazine_blocks_author_image":"https:\/\/secure.gravatar.com\/avatar\/76e419471a2083bc3ceab22a763dbbf9b0c1bd15a6214cf3280e2c2dde4580f9?s=96&d=mm&r=g","magazine_blocks_category":"<a href=\"#\" class=\"category-link category-link-79\">Cine y Series<\/a>","yoast_head":"<!-- This site is optimized with the Yoast SEO plugin v28.0 - https:\/\/yoast.com\/product\/yoast-seo-wordpress\/ -->\n<title>La reacci\u00f3n de Evangelina Anderson ante la incorporaci\u00f3n de Ian Lucas a MasterChef Junior - Lobos News<\/title>\n<meta name=\"robots\" content=\"index, follow, max-snippet:-1, max-image-preview:large, max-video-preview:-1\" \/>\n<link rel=\"canonical\" href=\"https:\/\/lobosnews.com.ar\/index.php\/2026\/09\/02\/la-reaccion-de-evangelina-anderson-ante-la-incorporacion-de-ian-lucas-a-masterchef-junior\/\" \/>\n<meta property=\"og:locale\" content=\"es_ES\" \/>\n<meta property=\"og:type\" content=\"article\" \/>\n<meta property=\"og:title\" content=\"La reacci\u00f3n de Evangelina Anderson ante la incorporaci\u00f3n de Ian Lucas a MasterChef Junior - Lobos News\" \/>\n<meta property=\"og:description\" content=\"Mientras la expectativa por el regreso de MasterChef Junior crece en la pantalla de Telefe, los primeros nombres confirmados ya generan revuelo. Una de las sorpresas m\u00e1s comentadas es la presencia protag\u00f3nica de Ian Lucas, figura que salt\u00f3 a la popularidad en el universo de las redes y que ahora dar\u00e1 el salto definitivo como...\" \/>\n<meta property=\"og:url\" content=\"https:\/\/lobosnews.com.ar\/index.php\/2026\/09\/02\/la-reaccion-de-evangelina-anderson-ante-la-incorporacion-de-ian-lucas-a-masterchef-junior\/\" \/>\n<meta property=\"og:site_name\" content=\"Lobos News\" \/>\n<meta property=\"article:published_time\" content=\"2026-09-02T18:59:20+00:00\" \/>\n<meta property=\"article:modified_time\" content=\"2026-09-02T22:21:06+00:00\" \/>\n<meta property=\"og:image\" content=\"https:\/\/lobosnews.com.ar\/wp-content\/uploads\/2026\/09\/la-reaccion-de-evangelina-anderson-ante-la-incorporacion-de-ian-lucas-a-masterchef-junior.jpg\" \/>\n\t<meta property=\"og:image:width\" content=\"1980\" \/>\n\t<meta property=\"og:image:height\" content=\"1090\" \/>\n\t<meta property=\"og:image:type\" content=\"image\/jpeg\" \/>\n<meta name=\"author\" content=\"admin\" \/>\n<meta name=\"twitter:card\" content=\"summary_large_image\" \/>\n<meta name=\"twitter:label1\" content=\"Escrito por\" \/>\n\t<meta name=\"twitter:data1\" content=\"admin\" \/>\n\t<meta name=\"twitter:label2\" content=\"Tiempo de lectura\" \/>\n\t<meta name=\"twitter:data2\" content=\"3 minutos\" \/>\n<script type=\"application\/ld+json\" class=\"yoast-schema-graph\">{\"@context\":\"https:\\\/\\\/schema.org\",\"@graph\":[{\"@type\":\"Article\",\"@id\":\"https:\\\/\\\/lobosnews.com.ar\\\/index.php\\\/2026\\\/09\\\/02\\\/la-reaccion-de-evangelina-anderson-ante-la-incorporacion-de-ian-lucas-a-masterchef-junior\\\/#article\",\"isPartOf\":{\"@id\":\"https:\\\/\\\/lobosnews.com.ar\\\/index.php\\\/2026\\\/09\\\/02\\\/la-reaccion-de-evangelina-anderson-ante-la-incorporacion-de-ian-lucas-a-masterchef-junior\\\/\"},\"author\":{\"name\":\"admin\",\"@id\":\"https:\\\/\\\/lobosnews.com.ar\\\/#\\\/schema\\\/person\\\/232422a593d5c541dd9aef6aaed10943\"},\"headline\":\"La reacci\u00f3n de Evangelina Anderson ante la incorporaci\u00f3n de Ian Lucas a MasterChef Junior\",\"datePublished\":\"2026-09-02T18:59:20+00:00\",\"dateModified\":\"2026-09-02T22:21:06+00:00\",\"mainEntityOfPage\":{\"@id\":\"https:\\\/\\\/lobosnews.com.ar\\\/index.php\\\/2026\\\/09\\\/02\\\/la-reaccion-de-evangelina-anderson-ante-la-incorporacion-de-ian-lucas-a-masterchef-junior\\\/\"},\"wordCount\":706,\"commentCount\":0,\"publisher\":{\"@id\":\"https:\\\/\\\/lobosnews.com.ar\\\/#organization\"},\"image\":{\"@id\":\"https:\\\/\\\/lobosnews.com.ar\\\/index.php\\\/2026\\\/09\\\/02\\\/la-reaccion-de-evangelina-anderson-ante-la-incorporacion-de-ian-lucas-a-masterchef-junior\\\/#primaryimage\"},\"thumbnailUrl\":\"https:\\\/\\\/lobosnews.com.ar\\\/wp-content\\\/uploads\\\/2026\\\/09\\\/la-reaccion-de-evangelina-anderson-ante-la-incorporacion-de-ian-lucas-a-masterchef-junior.jpg\",\"articleSection\":[\"Cine y Series\"],\"inLanguage\":\"es\",\"potentialAction\":[{\"@type\":\"CommentAction\",\"name\":\"Comment\",\"target\":[\"https:\\\/\\\/lobosnews.com.ar\\\/index.php\\\/2026\\\/09\\\/02\\\/la-reaccion-de-evangelina-anderson-ante-la-incorporacion-de-ian-lucas-a-masterchef-junior\\\/#respond\"]}]},{\"@type\":\"WebPage\",\"@id\":\"https:\\\/\\\/lobosnews.com.ar\\\/index.php\\\/2026\\\/09\\\/02\\\/la-reaccion-de-evangelina-anderson-ante-la-incorporacion-de-ian-lucas-a-masterchef-junior\\\/\",\"url\":\"https:\\\/\\\/lobosnews.com.ar\\\/index.php\\\/2026\\\/09\\\/02\\\/la-reaccion-de-evangelina-anderson-ante-la-incorporacion-de-ian-lucas-a-masterchef-junior\\\/\",\"name\":\"La reacci\u00f3n de Evangelina Anderson ante la incorporaci\u00f3n de Ian Lucas a MasterChef Junior - Lobos News\",\"isPartOf\":{\"@id\":\"https:\\\/\\\/lobosnews.com.ar\\\/#website\"},\"primaryImageOfPage\":{\"@id\":\"https:\\\/\\\/lobosnews.com.ar\\\/index.php\\\/2026\\\/09\\\/02\\\/la-reaccion-de-evangelina-anderson-ante-la-incorporacion-de-ian-lucas-a-masterchef-junior\\\/#primaryimage\"},\"image\":{\"@id\":\"https:\\\/\\\/lobosnews.com.ar\\\/index.php\\\/2026\\\/09\\\/02\\\/la-reaccion-de-evangelina-anderson-ante-la-incorporacion-de-ian-lucas-a-masterchef-junior\\\/#primaryimage\"},\"thumbnailUrl\":\"https:\\\/\\\/lobosnews.com.ar\\\/wp-content\\\/uploads\\\/2026\\\/09\\\/la-reaccion-de-evangelina-anderson-ante-la-incorporacion-de-ian-lucas-a-masterchef-junior.jpg\",\"datePublished\":\"2026-09-02T18:59:20+00:00\",\"dateModified\":\"2026-09-02T22:21:06+00:00\",\"breadcrumb\":{\"@id\":\"https:\\\/\\\/lobosnews.com.ar\\\/index.php\\\/2026\\\/09\\\/02\\\/la-reaccion-de-evangelina-anderson-ante-la-incorporacion-de-ian-lucas-a-masterchef-junior\\\/#breadcrumb\"},\"inLanguage\":\"es\",\"potentialAction\":[{\"@type\":\"ReadAction\",\"target\":[\"https:\\\/\\\/lobosnews.com.ar\\\/index.php\\\/2026\\\/09\\\/02\\\/la-reaccion-de-evangelina-anderson-ante-la-incorporacion-de-ian-lucas-a-masterchef-junior\\\/\"]}]},{\"@type\":\"ImageObject\",\"inLanguage\":\"es\",\"@id\":\"https:\\\/\\\/lobosnews.com.ar\\\/index.php\\\/2026\\\/09\\\/02\\\/la-reaccion-de-evangelina-anderson-ante-la-incorporacion-de-ian-lucas-a-masterchef-junior\\\/#primaryimage\",\"url\":\"https:\\\/\\\/lobosnews.com.ar\\\/wp-content\\\/uploads\\\/2026\\\/09\\\/la-reaccion-de-evangelina-anderson-ante-la-incorporacion-de-ian-lucas-a-masterchef-junior.jpg\",\"contentUrl\":\"https:\\\/\\\/lobosnews.com.ar\\\/wp-content\\\/uploads\\\/2026\\\/09\\\/la-reaccion-de-evangelina-anderson-ante-la-incorporacion-de-ian-lucas-a-masterchef-junior.jpg\",\"width\":1980,\"height\":1090,\"caption\":\"La reacci\u00f3n de Evangelina Anderson ante la incorporaci\u00f3n de Ian Lucas a MasterChef Junior\"},{\"@type\":\"BreadcrumbList\",\"@id\":\"https:\\\/\\\/lobosnews.com.ar\\\/index.php\\\/2026\\\/09\\\/02\\\/la-reaccion-de-evangelina-anderson-ante-la-incorporacion-de-ian-lucas-a-masterchef-junior\\\/#breadcrumb\",\"itemListElement\":[{\"@type\":\"ListItem\",\"position\":1,\"name\":\"Portada\",\"item\":\"https:\\\/\\\/lobosnews.com.ar\\\/\"},{\"@type\":\"ListItem\",\"position\":2,\"name\":\"La reacci\u00f3n de Evangelina Anderson ante la incorporaci\u00f3n de Ian Lucas a MasterChef Junior\"}]},{\"@type\":\"WebSite\",\"@id\":\"https:\\\/\\\/lobosnews.com.ar\\\/#website\",\"url\":\"https:\\\/\\\/lobosnews.com.ar\\\/\",\"name\":\"Lobos News\",\"description\":\"Informaci\u00f3n a cada instante\",\"publisher\":{\"@id\":\"https:\\\/\\\/lobosnews.com.ar\\\/#organization\"},\"potentialAction\":[{\"@type\":\"SearchAction\",\"target\":{\"@type\":\"EntryPoint\",\"urlTemplate\":\"https:\\\/\\\/lobosnews.com.ar\\\/?s={search_term_string}\"},\"query-input\":{\"@type\":\"PropertyValueSpecification\",\"valueRequired\":true,\"valueName\":\"search_term_string\"}}],\"inLanguage\":\"es\"},{\"@type\":\"Organization\",\"@id\":\"https:\\\/\\\/lobosnews.com.ar\\\/#organization\",\"name\":\"Lobos News\",\"url\":\"https:\\\/\\\/lobosnews.com.ar\\\/\",\"logo\":{\"@type\":\"ImageObject\",\"inLanguage\":\"es\",\"@id\":\"https:\\\/\\\/lobosnews.com.ar\\\/#\\\/schema\\\/logo\\\/image\\\/\",\"url\":\"https:\\\/\\\/lobosnews.com.ar\\\/wp-content\\\/uploads\\\/2026\\\/01\\\/logo-lobosnews.png\",\"contentUrl\":\"https:\\\/\\\/lobosnews.com.ar\\\/wp-content\\\/uploads\\\/2026\\\/01\\\/logo-lobosnews.png\",\"width\":500,\"height\":200,\"caption\":\"Lobos News\"},\"image\":{\"@id\":\"https:\\\/\\\/lobosnews.com.ar\\\/#\\\/schema\\\/logo\\\/image\\\/\"}},{\"@type\":\"Person\",\"@id\":\"https:\\\/\\\/lobosnews.com.ar\\\/#\\\/schema\\\/person\\\/232422a593d5c541dd9aef6aaed10943\",\"name\":\"admin\",\"image\":{\"@type\":\"ImageObject\",\"inLanguage\":\"es\",\"@id\":\"https:\\\/\\\/secure.gravatar.com\\\/avatar\\\/76e419471a2083bc3ceab22a763dbbf9b0c1bd15a6214cf3280e2c2dde4580f9?s=96&d=mm&r=g\",\"url\":\"https:\\\/\\\/secure.gravatar.com\\\/avatar\\\/76e419471a2083bc3ceab22a763dbbf9b0c1bd15a6214cf3280e2c2dde4580f9?s=96&d=mm&r=g\",\"contentUrl\":\"https:\\\/\\\/secure.gravatar.com\\\/avatar\\\/76e419471a2083bc3ceab22a763dbbf9b0c1bd15a6214cf3280e2c2dde4580f9?s=96&d=mm&r=g\",\"caption\":\"admin\"},\"sameAs\":[\"https:\\\/\\\/lobosnews.com.ar\"],\"url\":\"https:\\\/\\\/lobosnews.com.ar\\\/index.php\\\/author\\\/lobos-news\\\/\"}]}<\/script>\n<!-- \/ Yoast SEO plugin. -->","yoast_head_json":{"title":"La reacci\u00f3n de Evangelina Anderson ante la incorporaci\u00f3n de Ian Lucas a MasterChef Junior - Lobos News","robots":{"index":"index","follow":"follow","max-snippet":"max-snippet:-1","max-image-preview":"max-image-preview:large","max-video-preview":"max-video-preview:-1"},"canonical":"https:\/\/lobosnews.com.ar\/index.php\/2026\/09\/02\/la-reaccion-de-evangelina-anderson-ante-la-incorporacion-de-ian-lucas-a-masterchef-junior\/","og_locale":"es_ES","og_type":"article","og_title":"La reacci\u00f3n de Evangelina Anderson ante la incorporaci\u00f3n de Ian Lucas a MasterChef Junior - Lobos News","og_description":"Mientras la expectativa por el regreso de MasterChef Junior crece en la pantalla de Telefe, los primeros nombres confirmados ya generan revuelo. Una de las sorpresas m\u00e1s comentadas es la presencia protag\u00f3nica de Ian Lucas, figura que salt\u00f3 a la popularidad en el universo de las redes y que ahora dar\u00e1 el salto definitivo como...","og_url":"https:\/\/lobosnews.com.ar\/index.php\/2026\/09\/02\/la-reaccion-de-evangelina-anderson-ante-la-incorporacion-de-ian-lucas-a-masterchef-junior\/","og_site_name":"Lobos News","article_published_time":"2026-09-02T18:59:20+00:00","article_modified_time":"2026-09-02T22:21:06+00:00","og_image":[{"width":1980,"height":1090,"url":"https:\/\/lobosnews.com.ar\/wp-content\/uploads\/2026\/09\/la-reaccion-de-evangelina-anderson-ante-la-incorporacion-de-ian-lucas-a-masterchef-junior.jpg","type":"image\/jpeg"}],"author":"admin","twitter_card":"summary_large_image","twitter_misc":{"Escrito por":"admin","Tiempo de lectura":"3 minutos"},"schema":{"@context":"https:\/\/schema.org","@graph":[{"@type":"Article","@id":"https:\/\/lobosnews.com.ar\/index.php\/2026\/09\/02\/la-reaccion-de-evangelina-anderson-ante-la-incorporacion-de-ian-lucas-a-masterchef-junior\/#article","isPartOf":{"@id":"https:\/\/lobosnews.com.ar\/index.php\/2026\/09\/02\/la-reaccion-de-evangelina-anderson-ante-la-incorporacion-de-ian-lucas-a-masterchef-junior\/"},"author":{"name":"admin","@id":"https:\/\/lobosnews.com.ar\/#\/schema\/person\/232422a593d5c541dd9aef6aaed10943"},"headline":"La reacci\u00f3n de Evangelina Anderson ante la incorporaci\u00f3n de Ian Lucas a MasterChef Junior","datePublished":"2026-09-02T18:59:20+00:00","dateModified":"2026-09-02T22:21:06+00:00","mainEntityOfPage":{"@id":"https:\/\/lobosnews.com.ar\/index.php\/2026\/09\/02\/la-reaccion-de-evangelina-anderson-ante-la-incorporacion-de-ian-lucas-a-masterchef-junior\/"},"wordCount":706,"commentCount":0,"publisher":{"@id":"https:\/\/lobosnews.com.ar\/#organization"},"image":{"@id":"https:\/\/lobosnews.com.ar\/index.php\/2026\/09\/02\/la-reaccion-de-evangelina-anderson-ante-la-incorporacion-de-ian-lucas-a-masterchef-junior\/#primaryimage"},"thumbnailUrl":"https:\/\/lobosnews.com.ar\/wp-content\/uploads\/2026\/09\/la-reaccion-de-evangelina-anderson-ante-la-incorporacion-de-ian-lucas-a-masterchef-junior.jpg","articleSection":["Cine y Series"],"inLanguage":"es","potentialAction":[{"@type":"CommentAction","name":"Comment","target":["https:\/\/lobosnews.com.ar\/index.php\/2026\/09\/02\/la-reaccion-de-evangelina-anderson-ante-la-incorporacion-de-ian-lucas-a-masterchef-junior\/#respond"]}]},{"@type":"WebPage","@id":"https:\/\/lobosnews.com.ar\/index.php\/2026\/09\/02\/la-reaccion-de-evangelina-anderson-ante-la-incorporacion-de-ian-lucas-a-masterchef-junior\/","url":"https:\/\/lobosnews.com.ar\/index.php\/2026\/09\/02\/la-reaccion-de-evangelina-anderson-ante-la-incorporacion-de-ian-lucas-a-masterchef-junior\/","name":"La reacci\u00f3n de Evangelina Anderson ante la incorporaci\u00f3n de Ian Lucas a MasterChef Junior - Lobos News","isPartOf":{"@id":"https:\/\/lobosnews.com.ar\/#website"},"primaryImageOfPage":{"@id":"https:\/\/lobosnews.com.ar\/index.php\/2026\/09\/02\/la-reaccion-de-evangelina-anderson-ante-la-incorporacion-de-ian-lucas-a-masterchef-junior\/#primaryimage"},"image":{"@id":"https:\/\/lobosnews.com.ar\/index.php\/2026\/09\/02\/la-reaccion-de-evangelina-anderson-ante-la-incorporacion-de-ian-lucas-a-masterchef-junior\/#primaryimage"},"thumbnailUrl":"https:\/\/lobosnews.com.ar\/wp-content\/uploads\/2026\/09\/la-reaccion-de-evangelina-anderson-ante-la-incorporacion-de-ian-lucas-a-masterchef-junior.jpg","datePublished":"2026-09-02T18:59:20+00:00","dateModified":"2026-09-02T22:21:06+00:00","breadcrumb":{"@id":"https:\/\/lobosnews.com.ar\/index.php\/2026\/09\/02\/la-reaccion-de-evangelina-anderson-ante-la-incorporacion-de-ian-lucas-a-masterchef-junior\/#breadcrumb"},"inLanguage":"es","potentialAction":[{"@type":"ReadAction","target":["https:\/\/lobosnews.com.ar\/index.php\/2026\/09\/02\/la-reaccion-de-evangelina-anderson-ante-la-incorporacion-de-ian-lucas-a-masterchef-junior\/"]}]},{"@type":"ImageObject","inLanguage":"es","@id":"https:\/\/lobosnews.com.ar\/index.php\/2026\/09\/02\/la-reaccion-de-evangelina-anderson-ante-la-incorporacion-de-ian-lucas-a-masterchef-junior\/#primaryimage","url":"https:\/\/lobosnews.com.ar\/wp-content\/uploads\/2026\/09\/la-reaccion-de-evangelina-anderson-ante-la-incorporacion-de-ian-lucas-a-masterchef-junior.jpg","contentUrl":"https:\/\/lobosnews.com.ar\/wp-content\/uploads\/2026\/09\/la-reaccion-de-evangelina-anderson-ante-la-incorporacion-de-ian-lucas-a-masterchef-junior.jpg","width":1980,"height":1090,"caption":"La reacci\u00f3n de Evangelina Anderson ante la incorporaci\u00f3n de Ian Lucas a MasterChef Junior"},{"@type":"BreadcrumbList","@id":"https:\/\/lobosnews.com.ar\/index.php\/2026\/09\/02\/la-reaccion-de-evangelina-anderson-ante-la-incorporacion-de-ian-lucas-a-masterchef-junior\/#breadcrumb","itemListElement":[{"@type":"ListItem","position":1,"name":"Portada","item":"https:\/\/lobosnews.com.ar\/"},{"@type":"ListItem","position":2,"name":"La reacci\u00f3n de Evangelina Anderson ante la incorporaci\u00f3n de Ian Lucas a MasterChef Junior"}]},{"@type":"WebSite","@id":"https:\/\/lobosnews.com.ar\/#website","url":"https:\/\/lobosnews.com.ar\/","name":"Lobos News","description":"Informaci\u00f3n a cada instante","publisher":{"@id":"https:\/\/lobosnews.com.ar\/#organization"},"potentialAction":[{"@type":"SearchAction","target":{"@type":"EntryPoint","urlTemplate":"https:\/\/lobosnews.com.ar\/?s={search_term_string}"},"query-input":{"@type":"PropertyValueSpecification","valueRequired":true,"valueName":"search_term_string"}}],"inLanguage":"es"},{"@type":"Organization","@id":"https:\/\/lobosnews.com.ar\/#organization","name":"Lobos News","url":"https:\/\/lobosnews.com.ar\/","logo":{"@type":"ImageObject","inLanguage":"es","@id":"https:\/\/lobosnews.com.ar\/#\/schema\/logo\/image\/","url":"https:\/\/lobosnews.com.ar\/wp-content\/uploads\/2026\/01\/logo-lobosnews.png","contentUrl":"https:\/\/lobosnews.com.ar\/wp-content\/uploads\/2026\/01\/logo-lobosnews.png","width":500,"height":200,"caption":"Lobos News"},"image":{"@id":"https:\/\/lobosnews.com.ar\/#\/schema\/logo\/image\/"}},{"@type":"Person","@id":"https:\/\/lobosnews.com.ar\/#\/schema\/person\/232422a593d5c541dd9aef6aaed10943","name":"admin","image":{"@type":"ImageObject","inLanguage":"es","@id":"https:\/\/secure.gravatar.com\/avatar\/76e419471a2083bc3ceab22a763dbbf9b0c1bd15a6214cf3280e2c2dde4580f9?s=96&d=mm&r=g","url":"https:\/\/secure.gravatar.com\/avatar\/76e419471a2083bc3ceab22a763dbbf9b0c1bd15a6214cf3280e2c2dde4580f9?s=96&d=mm&r=g","contentUrl":"https:\/\/secure.gravatar.com\/avatar\/76e419471a2083bc3ceab22a763dbbf9b0c1bd15a6214cf3280e2c2dde4580f9?s=96&d=mm&r=g","caption":"admin"},"sameAs":["https:\/\/lobosnews.com.ar"],"url":"https:\/\/lobosnews.com.ar\/index.php\/author\/lobos-news\/"}]}},"jetpack_featured_media_url":"https:\/\/lobosnews.com.ar\/wp-content\/uploads\/2026\/09\/la-reaccion-de-evangelina-anderson-ante-la-incorporacion-de-ian-lucas-a-masterchef-junior.jpg","jetpack_sharing_enabled":true,"_links":{"self":[{"href":"https:\/\/lobosnews.com.ar\/index.php\/wp-json\/wp\/v2\/posts\/96627","targetHints":{"allow":["GET"]}}],"collection":[{"href":"https:\/\/lobosnews.com.ar\/index.php\/wp-json\/wp\/v2\/posts"}],"about":[{"href":"https:\/\/lobosnews.com.ar\/index.php\/wp-json\/wp\/v2\/types\/post"}],"author":[{"embeddable":true,"href":"https:\/\/lobosnews.com.ar\/index.php\/wp-json\/wp\/v2\/users\/1"}],"replies":[{"embeddable":true,"href":"https:\/\/lobosnews.com.ar\/index.php\/wp-json\/wp\/v2\/comments?post=96627"}],"version-history":[{"count":1,"href":"https:\/\/lobosnews.com.ar\/index.php\/wp-json\/wp\/v2\/posts\/96627\/revisions"}],"predecessor-version":[{"id":96629,"href":"https:\/\/lobosnews.com.ar\/index.php\/wp-json\/wp\/v2\/posts\/96627\/revisions\/96629"}],"wp:featuredmedia":[{"embeddable":true,"href":"https:\/\/lobosnews.com.ar\/index.php\/wp-json\/wp\/v2\/media\/96630"}],"wp:attachment":[{"href":"https:\/\/lobosnews.com.ar\/index.php\/wp-json\/wp\/v2\/media?parent=96627"}],"wp:term":[{"taxonomy":"category","embeddable":true,"href":"https:\/\/lobosnews.com.ar\/index.php\/wp-json\/wp\/v2\/categories?post=96627"},{"taxonomy":"post_tag","embeddable":true,"href":"https:\/\/lobosnews.com.ar\/index.php\/wp-json\/wp\/v2\/tags?post=96627"}],"curies":[{"name":"wp","href":"https:\/\/api.w.org\/{rel}","templated":true}]}}