{"id":96512,"date":"2026-09-02T03:44:24","date_gmt":"2026-09-02T03:44:24","guid":{"rendered":"https:\/\/lobosnews.com.ar\/?p=96512"},"modified":"2026-09-02T13:16:25","modified_gmt":"2026-09-02T13:16:25","slug":"el-emotivo-reencuentro-de-charlotte-caniggia-con-mariana-nannis-en-gran-hermano-generacion-dorada-trae-la-copa-a-marbella","status":"publish","type":"post","link":"https:\/\/lobosnews.com.ar\/index.php\/2026\/09\/02\/el-emotivo-reencuentro-de-charlotte-caniggia-con-mariana-nannis-en-gran-hermano-generacion-dorada-trae-la-copa-a-marbella\/","title":{"rendered":"El emotivo reencuentro de Charlotte Caniggia con Mariana Nannis en Gran Hermano Generaci\u00f3n Dorada: \u201cTra\u00e9 la copa a Marbella\u201d"},"content":{"rendered":"<p><span class=\"waslinkname\"><b>Charlotte Caniggia<\/b><\/span> recibi\u00f3 una videollamada de su madre, <span class=\"waslinkname\"><b>Mariana Nannis<\/b><\/span>, durante su participaci\u00f3n en <b>Gran Hermano: Generaci\u00f3n Dorada<\/b>, en el marco de una serie de sorpresas que el reality de <b>Telefe<\/b> prepar\u00f3 para la influencer antes de la final del certamen. El encuentro, cargado de emoci\u00f3n, se produjo luego de que la medi asegurara su lugar entre las \u00faltimas participantes de la temporada.<\/p>\n<p>La comunicaci\u00f3n comenz\u00f3 con Nannis del otro lado de la pantalla, quien salud\u00f3 a su hija con familiaridad. \u201cHola, Charli. \u00bfQu\u00e9 est\u00e1s haciendo?\u201d, pregunt\u00f3. Charlotte describi\u00f3 el clima dentro de la casa:<b> \u201cAc\u00e1 en la casa de las locas, aguantando, me est\u00e1n volviendo loca\u201d<\/b>, relat\u00f3, mientras su madre bromeaba sobre las din\u00e1micas de convivencia dentro del reality. \u201c\u00bfTe comen toda la comida\u201d, indag\u00f3 Nannis, en un intercambio distendido entre ambas.<\/p>\n<p>La conversaci\u00f3n gir\u00f3 r\u00e1pidamente hacia el formato de la competencia, en un contexto en el que Charlotte qued\u00f3 como una de las \u00faltimas concursantes junto a un grupo de mujeres. \u201cSomos solo mujeres ahora, m\u00e1s locas todav\u00eda\u201d, cont\u00f3 la influencer, mientras su madre celebraba la noticia y le ped\u00eda que se mantuviera firme hasta el cierre del certamen. <b>\u201cTen\u00e9s que ganar, Charlotte\u201d<\/b>, insisti\u00f3 Nannis en distintos pasajes del di\u00e1logo, en una postura que se repiti\u00f3 a lo largo de todo el llamado.<\/p>\n<p><img loading=\"lazy\" decoding=\"async\" src=\"https:\/\/lobosnews.com.ar\/wp-content\/uploads\/2026\/09\/el-emotivo-reencuentro-de-charlotte-caniggia-con-mariana-nannis-en-gran-hermano-generacion-dorada-trae-la-copa-a-marbella.jpg\" alt=\"La charla entre Charlotte Caniggia y Mariana Nannis se produjo despu\u00e9s de que la participante asegurara su lugar entre las \u00faltimas concursantes del certamen\" height=\"810\" width=\"1440\"\/><\/p>\n<p>Mariana Nannis, que se encuentra en Marbella, Espa\u00f1a,<b> invit\u00f3 a su hija a reencontrarse una vez terminada su participaci\u00f3n en el reality.<\/b> \u201cVenite y hacemos pijamada en el Hotel Palace, en Madrid\u201d, propuso, en una escena que combin\u00f3 el tono \u00edntimo del v\u00ednculo materno con las referencias habituales al estilo de vida que ambas suelen mostrar en sus redes sociales. Charlotte respondi\u00f3 con entusiasmo a la idea y proyect\u00f3, entre risas, un plan de salidas y comidas para despu\u00e9s de su paso por el certamen.<\/p>\n<p>El pedido de la madre se sostuvo en un mensaje que se repiti\u00f3 como eje de la charla, la exigencia de no bajar los brazos frente a la convivencia con el resto de las participantes. \u201cAguant\u00e1telas, aguantate todas las locas y gan\u00e1, Charlotte, vamos, si vos pod\u00e9s\u201d, le dijo la ex botinera, en un tramo en el que adem\u00e1s le record\u00f3 una frase que, seg\u00fan remarc\u00f3, forma parte de su propia ense\u00f1anza. <b>\u201cSiempre ganadora, mam\u00e1, como vos me ense\u00f1aste\u201d<\/b>, respondi\u00f3 la participante, entre risas y llanto contenido.<\/p>\n<p>Antes de finalizar la videollamada, madre e hija coincidieron en la idea de trasladar el trofeo del certamen hasta Espa\u00f1a, en una broma que retom\u00f3 el clima festivo de la conversaci\u00f3n. <b>\u201cTra\u00e9 la copa a Marbella\u201d<\/b>, pidi\u00f3 Nannis, y Charlotte le asegur\u00f3 que cumplir\u00eda con el pedido apenas terminara su recorrido dentro del reality.<\/p>\n<p><img loading=\"lazy\" decoding=\"async\" src=\"https:\/\/lobosnews.com.ar\/wp-content\/uploads\/2026\/09\/el-emotivo-reencuentro-de-charlotte-caniggia-con-mariana-nannis-en-gran-hermano-generacion-dorada-trae-la-copa-a-marbella-1.jpg\" alt=\"Al finalizar los DAR con su mam\u00e1 y su hermano, la participante se larg\u00f3 a llorar\" height=\"810\" width=\"1440\"\/><\/p>\n<p>La videollamada con su madre se dio en el mismo bloque de sorpresas en el que <b>Alex Caniggia<\/b>, hermano de la participante, le envi\u00f3 un mensaje grabado desde Europa. \u201cHermana m\u00eda de mi vida, estoy tan orgulloso de vos. Sos una guerrera de la vida, una luchadora\u201d, expres\u00f3 Alex, quien remarc\u00f3 el esfuerzo de su hermana durante los meses de competencia y la inst\u00f3 a disfrutar de la instancia final, m\u00e1s all\u00e1 del resultado. <b>\u201cEl pueblo argentino te ama, estamos con vos\u201d<\/b>, agreg\u00f3, en un mensaje que Charlotte recibi\u00f3 entre l\u00e1grimas.<\/p>\n<p>El momento se dio pocos d\u00edas despu\u00e9s de que la participante protagonizara una charla \u00edntima dentro de la casa, en la que habl\u00f3 sobre la falta de expresiones de afecto por parte de sus padres durante su infancia. En esa oportunidad, Charlotte relat\u00f3 que nunca escuch\u00f3 de boca de su madre una frase de reconocimiento expl\u00edcito. \u201cNunca en la vida mi mam\u00e1 me dir\u00eda, hija, estoy orgullosa de vos, te amo\u201d, hab\u00eda se\u00f1alado la influencer en una conversaci\u00f3n grupal con otros participantes del reality, <b>un contraste que se dio en simult\u00e1neo con la emoci\u00f3n que mostr\u00f3 durante la videollamada previa a la final del certamen.<\/b><\/p>\n","protected":false},"excerpt":{"rendered":"<p>Charlotte Caniggia recibi\u00f3 una videollamada de su madre, Mariana Nannis, durante su participaci\u00f3n en Gran Hermano: Generaci\u00f3n Dorada, en el marco de una serie de sorpresas que el reality de Telefe prepar\u00f3 para la influencer antes de la final del certamen. El encuentro, cargado de emoci\u00f3n, se produjo luego de que la medi asegurara su&#8230;<\/p>\n","protected":false},"author":1,"featured_media":96516,"comment_status":"open","ping_status":"closed","sticky":false,"template":"","format":"standard","meta":{"_jetpack_newsletter_access":"","_jetpack_dont_email_post_to_subs":false,"_jetpack_newsletter_tier_id":0,"_jetpack_memberships_contains_paywalled_content":false,"_jetpack_memberships_contains_paid_content":false,"footnotes":"","jetpack_post_was_ever_published":false},"categories":[79],"tags":[],"class_list":["post-96512","post","type-post","status-publish","format-standard","has-post-thumbnail","hentry","category-cine-y-series"],"magazineBlocksPostFeaturedMedia":{"thumbnail":"https:\/\/lobosnews.com.ar\/wp-content\/uploads\/2026\/09\/el-emotivo-reencuentro-de-charlotte-caniggia-con-mariana-nannis-en-gran-hermano-generacion-dorada-trae-la-copa-a-marbella-2-150x150.jpg","medium":"https:\/\/lobosnews.com.ar\/wp-content\/uploads\/2026\/09\/el-emotivo-reencuentro-de-charlotte-caniggia-con-mariana-nannis-en-gran-hermano-generacion-dorada-trae-la-copa-a-marbella-2-300x169.jpg","medium_large":"https:\/\/lobosnews.com.ar\/wp-content\/uploads\/2026\/09\/el-emotivo-reencuentro-de-charlotte-caniggia-con-mariana-nannis-en-gran-hermano-generacion-dorada-trae-la-copa-a-marbella-2-768x432.jpg","large":"https:\/\/lobosnews.com.ar\/wp-content\/uploads\/2026\/09\/el-emotivo-reencuentro-de-charlotte-caniggia-con-mariana-nannis-en-gran-hermano-generacion-dorada-trae-la-copa-a-marbella-2-1024x576.jpg","1536x1536":"https:\/\/lobosnews.com.ar\/wp-content\/uploads\/2026\/09\/el-emotivo-reencuentro-de-charlotte-caniggia-con-mariana-nannis-en-gran-hermano-generacion-dorada-trae-la-copa-a-marbella-2.jpg","2048x2048":"https:\/\/lobosnews.com.ar\/wp-content\/uploads\/2026\/09\/el-emotivo-reencuentro-de-charlotte-caniggia-con-mariana-nannis-en-gran-hermano-generacion-dorada-trae-la-copa-a-marbella-2.jpg","newsmatic-featured":"https:\/\/lobosnews.com.ar\/wp-content\/uploads\/2026\/09\/el-emotivo-reencuentro-de-charlotte-caniggia-con-mariana-nannis-en-gran-hermano-generacion-dorada-trae-la-copa-a-marbella-2-820x545.jpg","newsmatic-list":"https:\/\/lobosnews.com.ar\/wp-content\/uploads\/2026\/09\/el-emotivo-reencuentro-de-charlotte-caniggia-con-mariana-nannis-en-gran-hermano-generacion-dorada-trae-la-copa-a-marbella-2-600x400.jpg","newsmatic-thumb":"https:\/\/lobosnews.com.ar\/wp-content\/uploads\/2026\/09\/el-emotivo-reencuentro-de-charlotte-caniggia-con-mariana-nannis-en-gran-hermano-generacion-dorada-trae-la-copa-a-marbella-2-300x200.jpg","newsmatic-small":"https:\/\/lobosnews.com.ar\/wp-content\/uploads\/2026\/09\/el-emotivo-reencuentro-de-charlotte-caniggia-con-mariana-nannis-en-gran-hermano-generacion-dorada-trae-la-copa-a-marbella-2-150x95.jpg","newsmatic-grid":"https:\/\/lobosnews.com.ar\/wp-content\/uploads\/2026\/09\/el-emotivo-reencuentro-de-charlotte-caniggia-con-mariana-nannis-en-gran-hermano-generacion-dorada-trae-la-copa-a-marbella-2-400x250.jpg"},"magazineBlocksPostAuthor":{"name":"admin","avatar":"https:\/\/secure.gravatar.com\/avatar\/76e419471a2083bc3ceab22a763dbbf9b0c1bd15a6214cf3280e2c2dde4580f9?s=96&d=mm&r=g"},"magazineBlocksPostCommentsNumber":"0","magazineBlocksPostExcerpt":"Charlotte Caniggia recibi\u00f3 una videollamada de su madre, Mariana Nannis, durante su participaci\u00f3n en Gran Hermano: Generaci\u00f3n Dorada, en el marco de una serie de sorpresas que el reality de Telefe prepar\u00f3 para la influencer antes de la final del certamen. El encuentro, cargado de emoci\u00f3n, se produjo luego de que la medi asegurara su...","magazineBlocksPostCategories":["Cine y Series"],"magazineBlocksPostViewCount":63,"magazineBlocksPostReadTime":4,"magazine_blocks_featured_image_url":{"full":["https:\/\/lobosnews.com.ar\/wp-content\/uploads\/2026\/09\/el-emotivo-reencuentro-de-charlotte-caniggia-con-mariana-nannis-en-gran-hermano-generacion-dorada-trae-la-copa-a-marbella-2.jpg",1440,810,false],"medium":["https:\/\/lobosnews.com.ar\/wp-content\/uploads\/2026\/09\/el-emotivo-reencuentro-de-charlotte-caniggia-con-mariana-nannis-en-gran-hermano-generacion-dorada-trae-la-copa-a-marbella-2-300x169.jpg",300,169,true],"thumbnail":["https:\/\/lobosnews.com.ar\/wp-content\/uploads\/2026\/09\/el-emotivo-reencuentro-de-charlotte-caniggia-con-mariana-nannis-en-gran-hermano-generacion-dorada-trae-la-copa-a-marbella-2-150x150.jpg",150,150,true]},"magazine_blocks_author":{"display_name":"admin","author_link":"https:\/\/lobosnews.com.ar\/index.php\/author\/lobos-news\/"},"magazine_blocks_comment":0,"magazine_blocks_author_image":"https:\/\/secure.gravatar.com\/avatar\/76e419471a2083bc3ceab22a763dbbf9b0c1bd15a6214cf3280e2c2dde4580f9?s=96&d=mm&r=g","magazine_blocks_category":"<a href=\"#\" class=\"category-link category-link-79\">Cine y Series<\/a>","yoast_head":"<!-- This site is optimized with the Yoast SEO plugin v28.0 - https:\/\/yoast.com\/product\/yoast-seo-wordpress\/ -->\n<title>El emotivo reencuentro de Charlotte Caniggia con Mariana Nannis en Gran Hermano Generaci\u00f3n Dorada: \u201cTra\u00e9 la copa a Marbella\u201d - Lobos News<\/title>\n<meta name=\"robots\" content=\"index, follow, max-snippet:-1, max-image-preview:large, max-video-preview:-1\" \/>\n<link rel=\"canonical\" href=\"https:\/\/lobosnews.com.ar\/index.php\/2026\/09\/02\/el-emotivo-reencuentro-de-charlotte-caniggia-con-mariana-nannis-en-gran-hermano-generacion-dorada-trae-la-copa-a-marbella\/\" \/>\n<meta property=\"og:locale\" content=\"es_ES\" \/>\n<meta property=\"og:type\" content=\"article\" \/>\n<meta property=\"og:title\" content=\"El emotivo reencuentro de Charlotte Caniggia con Mariana Nannis en Gran Hermano Generaci\u00f3n Dorada: \u201cTra\u00e9 la copa a Marbella\u201d - Lobos News\" \/>\n<meta property=\"og:description\" content=\"Charlotte Caniggia recibi\u00f3 una videollamada de su madre, Mariana Nannis, durante su participaci\u00f3n en Gran Hermano: Generaci\u00f3n Dorada, en el marco de una serie de sorpresas que el reality de Telefe prepar\u00f3 para la influencer antes de la final del certamen. El encuentro, cargado de emoci\u00f3n, se produjo luego de que la medi asegurara su...\" \/>\n<meta property=\"og:url\" content=\"https:\/\/lobosnews.com.ar\/index.php\/2026\/09\/02\/el-emotivo-reencuentro-de-charlotte-caniggia-con-mariana-nannis-en-gran-hermano-generacion-dorada-trae-la-copa-a-marbella\/\" \/>\n<meta property=\"og:site_name\" content=\"Lobos News\" \/>\n<meta property=\"article:published_time\" content=\"2026-09-02T03:44:24+00:00\" \/>\n<meta property=\"article:modified_time\" content=\"2026-09-02T13:16:25+00:00\" \/>\n<meta property=\"og:image\" content=\"https:\/\/lobosnews.com.ar\/wp-content\/uploads\/2026\/09\/el-emotivo-reencuentro-de-charlotte-caniggia-con-mariana-nannis-en-gran-hermano-generacion-dorada-trae-la-copa-a-marbella-2.jpg\" \/>\n\t<meta property=\"og:image:width\" content=\"1440\" \/>\n\t<meta property=\"og:image:height\" content=\"810\" \/>\n\t<meta property=\"og:image:type\" content=\"image\/jpeg\" \/>\n<meta name=\"author\" content=\"admin\" \/>\n<meta name=\"twitter:card\" content=\"summary_large_image\" \/>\n<meta name=\"twitter:label1\" content=\"Escrito por\" \/>\n\t<meta name=\"twitter:data1\" content=\"admin\" \/>\n\t<meta name=\"twitter:label2\" content=\"Tiempo de lectura\" \/>\n\t<meta name=\"twitter:data2\" content=\"3 minutos\" \/>\n<script type=\"application\/ld+json\" class=\"yoast-schema-graph\">{\"@context\":\"https:\\\/\\\/schema.org\",\"@graph\":[{\"@type\":\"Article\",\"@id\":\"https:\\\/\\\/lobosnews.com.ar\\\/index.php\\\/2026\\\/09\\\/02\\\/el-emotivo-reencuentro-de-charlotte-caniggia-con-mariana-nannis-en-gran-hermano-generacion-dorada-trae-la-copa-a-marbella\\\/#article\",\"isPartOf\":{\"@id\":\"https:\\\/\\\/lobosnews.com.ar\\\/index.php\\\/2026\\\/09\\\/02\\\/el-emotivo-reencuentro-de-charlotte-caniggia-con-mariana-nannis-en-gran-hermano-generacion-dorada-trae-la-copa-a-marbella\\\/\"},\"author\":{\"name\":\"admin\",\"@id\":\"https:\\\/\\\/lobosnews.com.ar\\\/#\\\/schema\\\/person\\\/232422a593d5c541dd9aef6aaed10943\"},\"headline\":\"El emotivo reencuentro de Charlotte Caniggia con Mariana Nannis en Gran Hermano Generaci\u00f3n Dorada: \u201cTra\u00e9 la copa a Marbella\u201d\",\"datePublished\":\"2026-09-02T03:44:24+00:00\",\"dateModified\":\"2026-09-02T13:16:25+00:00\",\"mainEntityOfPage\":{\"@id\":\"https:\\\/\\\/lobosnews.com.ar\\\/index.php\\\/2026\\\/09\\\/02\\\/el-emotivo-reencuentro-de-charlotte-caniggia-con-mariana-nannis-en-gran-hermano-generacion-dorada-trae-la-copa-a-marbella\\\/\"},\"wordCount\":696,\"commentCount\":0,\"publisher\":{\"@id\":\"https:\\\/\\\/lobosnews.com.ar\\\/#organization\"},\"image\":{\"@id\":\"https:\\\/\\\/lobosnews.com.ar\\\/index.php\\\/2026\\\/09\\\/02\\\/el-emotivo-reencuentro-de-charlotte-caniggia-con-mariana-nannis-en-gran-hermano-generacion-dorada-trae-la-copa-a-marbella\\\/#primaryimage\"},\"thumbnailUrl\":\"https:\\\/\\\/lobosnews.com.ar\\\/wp-content\\\/uploads\\\/2026\\\/09\\\/el-emotivo-reencuentro-de-charlotte-caniggia-con-mariana-nannis-en-gran-hermano-generacion-dorada-trae-la-copa-a-marbella-2.jpg\",\"articleSection\":[\"Cine y Series\"],\"inLanguage\":\"es\",\"potentialAction\":[{\"@type\":\"CommentAction\",\"name\":\"Comment\",\"target\":[\"https:\\\/\\\/lobosnews.com.ar\\\/index.php\\\/2026\\\/09\\\/02\\\/el-emotivo-reencuentro-de-charlotte-caniggia-con-mariana-nannis-en-gran-hermano-generacion-dorada-trae-la-copa-a-marbella\\\/#respond\"]}]},{\"@type\":\"WebPage\",\"@id\":\"https:\\\/\\\/lobosnews.com.ar\\\/index.php\\\/2026\\\/09\\\/02\\\/el-emotivo-reencuentro-de-charlotte-caniggia-con-mariana-nannis-en-gran-hermano-generacion-dorada-trae-la-copa-a-marbella\\\/\",\"url\":\"https:\\\/\\\/lobosnews.com.ar\\\/index.php\\\/2026\\\/09\\\/02\\\/el-emotivo-reencuentro-de-charlotte-caniggia-con-mariana-nannis-en-gran-hermano-generacion-dorada-trae-la-copa-a-marbella\\\/\",\"name\":\"El emotivo reencuentro de Charlotte Caniggia con Mariana Nannis en Gran Hermano Generaci\u00f3n Dorada: \u201cTra\u00e9 la copa a Marbella\u201d - Lobos News\",\"isPartOf\":{\"@id\":\"https:\\\/\\\/lobosnews.com.ar\\\/#website\"},\"primaryImageOfPage\":{\"@id\":\"https:\\\/\\\/lobosnews.com.ar\\\/index.php\\\/2026\\\/09\\\/02\\\/el-emotivo-reencuentro-de-charlotte-caniggia-con-mariana-nannis-en-gran-hermano-generacion-dorada-trae-la-copa-a-marbella\\\/#primaryimage\"},\"image\":{\"@id\":\"https:\\\/\\\/lobosnews.com.ar\\\/index.php\\\/2026\\\/09\\\/02\\\/el-emotivo-reencuentro-de-charlotte-caniggia-con-mariana-nannis-en-gran-hermano-generacion-dorada-trae-la-copa-a-marbella\\\/#primaryimage\"},\"thumbnailUrl\":\"https:\\\/\\\/lobosnews.com.ar\\\/wp-content\\\/uploads\\\/2026\\\/09\\\/el-emotivo-reencuentro-de-charlotte-caniggia-con-mariana-nannis-en-gran-hermano-generacion-dorada-trae-la-copa-a-marbella-2.jpg\",\"datePublished\":\"2026-09-02T03:44:24+00:00\",\"dateModified\":\"2026-09-02T13:16:25+00:00\",\"breadcrumb\":{\"@id\":\"https:\\\/\\\/lobosnews.com.ar\\\/index.php\\\/2026\\\/09\\\/02\\\/el-emotivo-reencuentro-de-charlotte-caniggia-con-mariana-nannis-en-gran-hermano-generacion-dorada-trae-la-copa-a-marbella\\\/#breadcrumb\"},\"inLanguage\":\"es\",\"potentialAction\":[{\"@type\":\"ReadAction\",\"target\":[\"https:\\\/\\\/lobosnews.com.ar\\\/index.php\\\/2026\\\/09\\\/02\\\/el-emotivo-reencuentro-de-charlotte-caniggia-con-mariana-nannis-en-gran-hermano-generacion-dorada-trae-la-copa-a-marbella\\\/\"]}]},{\"@type\":\"ImageObject\",\"inLanguage\":\"es\",\"@id\":\"https:\\\/\\\/lobosnews.com.ar\\\/index.php\\\/2026\\\/09\\\/02\\\/el-emotivo-reencuentro-de-charlotte-caniggia-con-mariana-nannis-en-gran-hermano-generacion-dorada-trae-la-copa-a-marbella\\\/#primaryimage\",\"url\":\"https:\\\/\\\/lobosnews.com.ar\\\/wp-content\\\/uploads\\\/2026\\\/09\\\/el-emotivo-reencuentro-de-charlotte-caniggia-con-mariana-nannis-en-gran-hermano-generacion-dorada-trae-la-copa-a-marbella-2.jpg\",\"contentUrl\":\"https:\\\/\\\/lobosnews.com.ar\\\/wp-content\\\/uploads\\\/2026\\\/09\\\/el-emotivo-reencuentro-de-charlotte-caniggia-con-mariana-nannis-en-gran-hermano-generacion-dorada-trae-la-copa-a-marbella-2.jpg\",\"width\":1440,\"height\":810,\"caption\":\"El emotivo reencuentro de Charlotte Caniggia con Mariana Nannis en Gran Hermano Generaci\u00f3n Dorada: \u201cTra\u00e9 la copa a Marbella\u201d\"},{\"@type\":\"BreadcrumbList\",\"@id\":\"https:\\\/\\\/lobosnews.com.ar\\\/index.php\\\/2026\\\/09\\\/02\\\/el-emotivo-reencuentro-de-charlotte-caniggia-con-mariana-nannis-en-gran-hermano-generacion-dorada-trae-la-copa-a-marbella\\\/#breadcrumb\",\"itemListElement\":[{\"@type\":\"ListItem\",\"position\":1,\"name\":\"Portada\",\"item\":\"https:\\\/\\\/lobosnews.com.ar\\\/\"},{\"@type\":\"ListItem\",\"position\":2,\"name\":\"El emotivo reencuentro de Charlotte Caniggia con Mariana Nannis en Gran Hermano Generaci\u00f3n Dorada: \u201cTra\u00e9 la copa a Marbella\u201d\"}]},{\"@type\":\"WebSite\",\"@id\":\"https:\\\/\\\/lobosnews.com.ar\\\/#website\",\"url\":\"https:\\\/\\\/lobosnews.com.ar\\\/\",\"name\":\"Lobos News\",\"description\":\"Informaci\u00f3n a cada instante\",\"publisher\":{\"@id\":\"https:\\\/\\\/lobosnews.com.ar\\\/#organization\"},\"potentialAction\":[{\"@type\":\"SearchAction\",\"target\":{\"@type\":\"EntryPoint\",\"urlTemplate\":\"https:\\\/\\\/lobosnews.com.ar\\\/?s={search_term_string}\"},\"query-input\":{\"@type\":\"PropertyValueSpecification\",\"valueRequired\":true,\"valueName\":\"search_term_string\"}}],\"inLanguage\":\"es\"},{\"@type\":\"Organization\",\"@id\":\"https:\\\/\\\/lobosnews.com.ar\\\/#organization\",\"name\":\"Lobos News\",\"url\":\"https:\\\/\\\/lobosnews.com.ar\\\/\",\"logo\":{\"@type\":\"ImageObject\",\"inLanguage\":\"es\",\"@id\":\"https:\\\/\\\/lobosnews.com.ar\\\/#\\\/schema\\\/logo\\\/image\\\/\",\"url\":\"https:\\\/\\\/lobosnews.com.ar\\\/wp-content\\\/uploads\\\/2026\\\/01\\\/logo-lobosnews.png\",\"contentUrl\":\"https:\\\/\\\/lobosnews.com.ar\\\/wp-content\\\/uploads\\\/2026\\\/01\\\/logo-lobosnews.png\",\"width\":500,\"height\":200,\"caption\":\"Lobos News\"},\"image\":{\"@id\":\"https:\\\/\\\/lobosnews.com.ar\\\/#\\\/schema\\\/logo\\\/image\\\/\"}},{\"@type\":\"Person\",\"@id\":\"https:\\\/\\\/lobosnews.com.ar\\\/#\\\/schema\\\/person\\\/232422a593d5c541dd9aef6aaed10943\",\"name\":\"admin\",\"image\":{\"@type\":\"ImageObject\",\"inLanguage\":\"es\",\"@id\":\"https:\\\/\\\/secure.gravatar.com\\\/avatar\\\/76e419471a2083bc3ceab22a763dbbf9b0c1bd15a6214cf3280e2c2dde4580f9?s=96&d=mm&r=g\",\"url\":\"https:\\\/\\\/secure.gravatar.com\\\/avatar\\\/76e419471a2083bc3ceab22a763dbbf9b0c1bd15a6214cf3280e2c2dde4580f9?s=96&d=mm&r=g\",\"contentUrl\":\"https:\\\/\\\/secure.gravatar.com\\\/avatar\\\/76e419471a2083bc3ceab22a763dbbf9b0c1bd15a6214cf3280e2c2dde4580f9?s=96&d=mm&r=g\",\"caption\":\"admin\"},\"sameAs\":[\"https:\\\/\\\/lobosnews.com.ar\"],\"url\":\"https:\\\/\\\/lobosnews.com.ar\\\/index.php\\\/author\\\/lobos-news\\\/\"}]}<\/script>\n<!-- \/ Yoast SEO plugin. -->","yoast_head_json":{"title":"El emotivo reencuentro de Charlotte Caniggia con Mariana Nannis en Gran Hermano Generaci\u00f3n Dorada: \u201cTra\u00e9 la copa a Marbella\u201d - Lobos News","robots":{"index":"index","follow":"follow","max-snippet":"max-snippet:-1","max-image-preview":"max-image-preview:large","max-video-preview":"max-video-preview:-1"},"canonical":"https:\/\/lobosnews.com.ar\/index.php\/2026\/09\/02\/el-emotivo-reencuentro-de-charlotte-caniggia-con-mariana-nannis-en-gran-hermano-generacion-dorada-trae-la-copa-a-marbella\/","og_locale":"es_ES","og_type":"article","og_title":"El emotivo reencuentro de Charlotte Caniggia con Mariana Nannis en Gran Hermano Generaci\u00f3n Dorada: \u201cTra\u00e9 la copa a Marbella\u201d - Lobos News","og_description":"Charlotte Caniggia recibi\u00f3 una videollamada de su madre, Mariana Nannis, durante su participaci\u00f3n en Gran Hermano: Generaci\u00f3n Dorada, en el marco de una serie de sorpresas que el reality de Telefe prepar\u00f3 para la influencer antes de la final del certamen. El encuentro, cargado de emoci\u00f3n, se produjo luego de que la medi asegurara su...","og_url":"https:\/\/lobosnews.com.ar\/index.php\/2026\/09\/02\/el-emotivo-reencuentro-de-charlotte-caniggia-con-mariana-nannis-en-gran-hermano-generacion-dorada-trae-la-copa-a-marbella\/","og_site_name":"Lobos News","article_published_time":"2026-09-02T03:44:24+00:00","article_modified_time":"2026-09-02T13:16:25+00:00","og_image":[{"width":1440,"height":810,"url":"https:\/\/lobosnews.com.ar\/wp-content\/uploads\/2026\/09\/el-emotivo-reencuentro-de-charlotte-caniggia-con-mariana-nannis-en-gran-hermano-generacion-dorada-trae-la-copa-a-marbella-2.jpg","type":"image\/jpeg"}],"author":"admin","twitter_card":"summary_large_image","twitter_misc":{"Escrito por":"admin","Tiempo de lectura":"3 minutos"},"schema":{"@context":"https:\/\/schema.org","@graph":[{"@type":"Article","@id":"https:\/\/lobosnews.com.ar\/index.php\/2026\/09\/02\/el-emotivo-reencuentro-de-charlotte-caniggia-con-mariana-nannis-en-gran-hermano-generacion-dorada-trae-la-copa-a-marbella\/#article","isPartOf":{"@id":"https:\/\/lobosnews.com.ar\/index.php\/2026\/09\/02\/el-emotivo-reencuentro-de-charlotte-caniggia-con-mariana-nannis-en-gran-hermano-generacion-dorada-trae-la-copa-a-marbella\/"},"author":{"name":"admin","@id":"https:\/\/lobosnews.com.ar\/#\/schema\/person\/232422a593d5c541dd9aef6aaed10943"},"headline":"El emotivo reencuentro de Charlotte Caniggia con Mariana Nannis en Gran Hermano Generaci\u00f3n Dorada: \u201cTra\u00e9 la copa a Marbella\u201d","datePublished":"2026-09-02T03:44:24+00:00","dateModified":"2026-09-02T13:16:25+00:00","mainEntityOfPage":{"@id":"https:\/\/lobosnews.com.ar\/index.php\/2026\/09\/02\/el-emotivo-reencuentro-de-charlotte-caniggia-con-mariana-nannis-en-gran-hermano-generacion-dorada-trae-la-copa-a-marbella\/"},"wordCount":696,"commentCount":0,"publisher":{"@id":"https:\/\/lobosnews.com.ar\/#organization"},"image":{"@id":"https:\/\/lobosnews.com.ar\/index.php\/2026\/09\/02\/el-emotivo-reencuentro-de-charlotte-caniggia-con-mariana-nannis-en-gran-hermano-generacion-dorada-trae-la-copa-a-marbella\/#primaryimage"},"thumbnailUrl":"https:\/\/lobosnews.com.ar\/wp-content\/uploads\/2026\/09\/el-emotivo-reencuentro-de-charlotte-caniggia-con-mariana-nannis-en-gran-hermano-generacion-dorada-trae-la-copa-a-marbella-2.jpg","articleSection":["Cine y Series"],"inLanguage":"es","potentialAction":[{"@type":"CommentAction","name":"Comment","target":["https:\/\/lobosnews.com.ar\/index.php\/2026\/09\/02\/el-emotivo-reencuentro-de-charlotte-caniggia-con-mariana-nannis-en-gran-hermano-generacion-dorada-trae-la-copa-a-marbella\/#respond"]}]},{"@type":"WebPage","@id":"https:\/\/lobosnews.com.ar\/index.php\/2026\/09\/02\/el-emotivo-reencuentro-de-charlotte-caniggia-con-mariana-nannis-en-gran-hermano-generacion-dorada-trae-la-copa-a-marbella\/","url":"https:\/\/lobosnews.com.ar\/index.php\/2026\/09\/02\/el-emotivo-reencuentro-de-charlotte-caniggia-con-mariana-nannis-en-gran-hermano-generacion-dorada-trae-la-copa-a-marbella\/","name":"El emotivo reencuentro de Charlotte Caniggia con Mariana Nannis en Gran Hermano Generaci\u00f3n Dorada: \u201cTra\u00e9 la copa a Marbella\u201d - Lobos News","isPartOf":{"@id":"https:\/\/lobosnews.com.ar\/#website"},"primaryImageOfPage":{"@id":"https:\/\/lobosnews.com.ar\/index.php\/2026\/09\/02\/el-emotivo-reencuentro-de-charlotte-caniggia-con-mariana-nannis-en-gran-hermano-generacion-dorada-trae-la-copa-a-marbella\/#primaryimage"},"image":{"@id":"https:\/\/lobosnews.com.ar\/index.php\/2026\/09\/02\/el-emotivo-reencuentro-de-charlotte-caniggia-con-mariana-nannis-en-gran-hermano-generacion-dorada-trae-la-copa-a-marbella\/#primaryimage"},"thumbnailUrl":"https:\/\/lobosnews.com.ar\/wp-content\/uploads\/2026\/09\/el-emotivo-reencuentro-de-charlotte-caniggia-con-mariana-nannis-en-gran-hermano-generacion-dorada-trae-la-copa-a-marbella-2.jpg","datePublished":"2026-09-02T03:44:24+00:00","dateModified":"2026-09-02T13:16:25+00:00","breadcrumb":{"@id":"https:\/\/lobosnews.com.ar\/index.php\/2026\/09\/02\/el-emotivo-reencuentro-de-charlotte-caniggia-con-mariana-nannis-en-gran-hermano-generacion-dorada-trae-la-copa-a-marbella\/#breadcrumb"},"inLanguage":"es","potentialAction":[{"@type":"ReadAction","target":["https:\/\/lobosnews.com.ar\/index.php\/2026\/09\/02\/el-emotivo-reencuentro-de-charlotte-caniggia-con-mariana-nannis-en-gran-hermano-generacion-dorada-trae-la-copa-a-marbella\/"]}]},{"@type":"ImageObject","inLanguage":"es","@id":"https:\/\/lobosnews.com.ar\/index.php\/2026\/09\/02\/el-emotivo-reencuentro-de-charlotte-caniggia-con-mariana-nannis-en-gran-hermano-generacion-dorada-trae-la-copa-a-marbella\/#primaryimage","url":"https:\/\/lobosnews.com.ar\/wp-content\/uploads\/2026\/09\/el-emotivo-reencuentro-de-charlotte-caniggia-con-mariana-nannis-en-gran-hermano-generacion-dorada-trae-la-copa-a-marbella-2.jpg","contentUrl":"https:\/\/lobosnews.com.ar\/wp-content\/uploads\/2026\/09\/el-emotivo-reencuentro-de-charlotte-caniggia-con-mariana-nannis-en-gran-hermano-generacion-dorada-trae-la-copa-a-marbella-2.jpg","width":1440,"height":810,"caption":"El emotivo reencuentro de Charlotte Caniggia con Mariana Nannis en Gran Hermano Generaci\u00f3n Dorada: \u201cTra\u00e9 la copa a Marbella\u201d"},{"@type":"BreadcrumbList","@id":"https:\/\/lobosnews.com.ar\/index.php\/2026\/09\/02\/el-emotivo-reencuentro-de-charlotte-caniggia-con-mariana-nannis-en-gran-hermano-generacion-dorada-trae-la-copa-a-marbella\/#breadcrumb","itemListElement":[{"@type":"ListItem","position":1,"name":"Portada","item":"https:\/\/lobosnews.com.ar\/"},{"@type":"ListItem","position":2,"name":"El emotivo reencuentro de Charlotte Caniggia con Mariana Nannis en Gran Hermano Generaci\u00f3n Dorada: \u201cTra\u00e9 la copa a Marbella\u201d"}]},{"@type":"WebSite","@id":"https:\/\/lobosnews.com.ar\/#website","url":"https:\/\/lobosnews.com.ar\/","name":"Lobos News","description":"Informaci\u00f3n a cada instante","publisher":{"@id":"https:\/\/lobosnews.com.ar\/#organization"},"potentialAction":[{"@type":"SearchAction","target":{"@type":"EntryPoint","urlTemplate":"https:\/\/lobosnews.com.ar\/?s={search_term_string}"},"query-input":{"@type":"PropertyValueSpecification","valueRequired":true,"valueName":"search_term_string"}}],"inLanguage":"es"},{"@type":"Organization","@id":"https:\/\/lobosnews.com.ar\/#organization","name":"Lobos News","url":"https:\/\/lobosnews.com.ar\/","logo":{"@type":"ImageObject","inLanguage":"es","@id":"https:\/\/lobosnews.com.ar\/#\/schema\/logo\/image\/","url":"https:\/\/lobosnews.com.ar\/wp-content\/uploads\/2026\/01\/logo-lobosnews.png","contentUrl":"https:\/\/lobosnews.com.ar\/wp-content\/uploads\/2026\/01\/logo-lobosnews.png","width":500,"height":200,"caption":"Lobos News"},"image":{"@id":"https:\/\/lobosnews.com.ar\/#\/schema\/logo\/image\/"}},{"@type":"Person","@id":"https:\/\/lobosnews.com.ar\/#\/schema\/person\/232422a593d5c541dd9aef6aaed10943","name":"admin","image":{"@type":"ImageObject","inLanguage":"es","@id":"https:\/\/secure.gravatar.com\/avatar\/76e419471a2083bc3ceab22a763dbbf9b0c1bd15a6214cf3280e2c2dde4580f9?s=96&d=mm&r=g","url":"https:\/\/secure.gravatar.com\/avatar\/76e419471a2083bc3ceab22a763dbbf9b0c1bd15a6214cf3280e2c2dde4580f9?s=96&d=mm&r=g","contentUrl":"https:\/\/secure.gravatar.com\/avatar\/76e419471a2083bc3ceab22a763dbbf9b0c1bd15a6214cf3280e2c2dde4580f9?s=96&d=mm&r=g","caption":"admin"},"sameAs":["https:\/\/lobosnews.com.ar"],"url":"https:\/\/lobosnews.com.ar\/index.php\/author\/lobos-news\/"}]}},"jetpack_featured_media_url":"https:\/\/lobosnews.com.ar\/wp-content\/uploads\/2026\/09\/el-emotivo-reencuentro-de-charlotte-caniggia-con-mariana-nannis-en-gran-hermano-generacion-dorada-trae-la-copa-a-marbella-2.jpg","jetpack_sharing_enabled":true,"_links":{"self":[{"href":"https:\/\/lobosnews.com.ar\/index.php\/wp-json\/wp\/v2\/posts\/96512","targetHints":{"allow":["GET"]}}],"collection":[{"href":"https:\/\/lobosnews.com.ar\/index.php\/wp-json\/wp\/v2\/posts"}],"about":[{"href":"https:\/\/lobosnews.com.ar\/index.php\/wp-json\/wp\/v2\/types\/post"}],"author":[{"embeddable":true,"href":"https:\/\/lobosnews.com.ar\/index.php\/wp-json\/wp\/v2\/users\/1"}],"replies":[{"embeddable":true,"href":"https:\/\/lobosnews.com.ar\/index.php\/wp-json\/wp\/v2\/comments?post=96512"}],"version-history":[{"count":1,"href":"https:\/\/lobosnews.com.ar\/index.php\/wp-json\/wp\/v2\/posts\/96512\/revisions"}],"predecessor-version":[{"id":96515,"href":"https:\/\/lobosnews.com.ar\/index.php\/wp-json\/wp\/v2\/posts\/96512\/revisions\/96515"}],"wp:featuredmedia":[{"embeddable":true,"href":"https:\/\/lobosnews.com.ar\/index.php\/wp-json\/wp\/v2\/media\/96516"}],"wp:attachment":[{"href":"https:\/\/lobosnews.com.ar\/index.php\/wp-json\/wp\/v2\/media?parent=96512"}],"wp:term":[{"taxonomy":"category","embeddable":true,"href":"https:\/\/lobosnews.com.ar\/index.php\/wp-json\/wp\/v2\/categories?post=96512"},{"taxonomy":"post_tag","embeddable":true,"href":"https:\/\/lobosnews.com.ar\/index.php\/wp-json\/wp\/v2\/tags?post=96512"}],"curies":[{"name":"wp","href":"https:\/\/api.w.org\/{rel}","templated":true}]}}