{"id":96485,"date":"2026-09-02T09:42:20","date_gmt":"2026-09-02T09:42:20","guid":{"rendered":"https:\/\/lobosnews.com.ar\/?p=96485"},"modified":"2026-09-02T13:16:05","modified_gmt":"2026-09-02T13:16:05","slug":"segunda-caceria-de-osos-en-florida-el-estado-amplia-los-permisos-y-esta-vez-no-escuchara-al-publico","status":"publish","type":"post","link":"https:\/\/lobosnews.com.ar\/index.php\/2026\/09\/02\/segunda-caceria-de-osos-en-florida-el-estado-amplia-los-permisos-y-esta-vez-no-escuchara-al-publico\/","title":{"rendered":"Segunda cacer\u00eda de osos en Florida: el Estado ampl\u00eda los permisos y esta vez no escuchar\u00e1 al p\u00fablico"},"content":{"rendered":"<p><img loading=\"lazy\" decoding=\"async\" src=\"https:\/\/lobosnews.com.ar\/wp-content\/uploads\/2026\/09\/segunda-caceria-de-osos-en-florida-el-estado-amplia-los-permisos-y-esta-vez-no-escuchara-al-publico.jpg\" alt=\"Florida volver\u00e1 a habilitar la caza de osos negros en diciembre bajo un esquema que ya no contempla instancias de discusi\u00f3n p\u00fablica (Florida Fish and Wildlife Conservation Commission)\" height=\"569\" width=\"858\"\/><\/p>\n<p><span class=\"waslinkname\"><b>Florida<\/b><\/span><b> <\/b>est\u00e1 a punto de abrir<b> su segunda temporada consecutiva de <\/b><span class=\"waslinkname\"><b>caza<\/b><\/span><b> de <\/b><span class=\"waslinkname\"><b>osos negros<\/b><\/span>, los mam\u00edferos terrestres m\u00e1s grandes del estado.<\/p>\n<p>La <span class=\"waslinkname\"><b>Comisi\u00f3n de Pesca y Vida Silvestre de Florida<\/b><\/span> (<b>FWC<\/b>) fij\u00f3 la temporada para <b>diciembre de 2026<\/b> y, por primera vez, lo hizo sin convocar ninguna audiencia p\u00fablica.<\/p>\n<p>Eso es una novedad. El a\u00f1o pasado, <b>los debates fueron extensos y frecuentemente tensos<\/b>.<\/p>\n<p><img loading=\"lazy\" decoding=\"async\" src=\"https:\/\/lobosnews.com.ar\/wp-content\/uploads\/2026\/09\/segunda-caceria-de-osos-en-florida-el-estado-amplia-los-permisos-y-esta-vez-no-escuchara-al-publico-1.jpg\" alt=\"Los comisionados designados por Ron DeSantis dejaron encaminado un mecanismo que reduce al m\u00ednimo la intervenci\u00f3n p\u00fablica (EFE\/Giorgio Viera\/Archivo)\" height=\"1985\" width=\"3528\"\/><\/p>\n<p>Esta vez, una reforma reglamentaria aprobada en 2025 por los comisionados de la FWC \u2014todos designados por el gobernador <b>Ron DeSantis<\/b>\u2014 transfiri\u00f3 al director ejecutivo de la agencia, <b>Roger Young<\/b>, la facultad de activar temporadas y fijar cuotas<b> sin consulta ciudadana ni aprobaci\u00f3n del directorio<\/b>.<\/p>\n<p>La cacer\u00eda arrancar\u00e1 el <b>5 de diciembre<\/b> y se extender\u00e1 hasta el 28 de ese mes, inform\u00f3 el <i>Orlando Sentinel<\/i>. El portal de solicitudes abrir\u00e1 el 11 de septiembre y cerrar\u00e1 el 21.<\/p>\n<p>Los permisos son intransferibles y cuestan USD 100 para residentes de <b>Florida<\/b> y USD 300 para no residentes, con un tope del 10% para estos \u00faltimos.<\/p>\n<p><img loading=\"lazy\" decoding=\"async\" src=\"https:\/\/lobosnews.com.ar\/wp-content\/uploads\/2026\/09\/segunda-caceria-de-osos-en-florida-el-estado-amplia-los-permisos-y-esta-vez-no-escuchara-al-publico-2.jpg\" alt=\"La FWC, encabezada en su gesti\u00f3n operativa por Roger Young, aplicar\u00e1 este a\u00f1o un mecanismo que evita una nueva discusi\u00f3n ante el p\u00fablico (@Attorney General James Uthmeier)\" height=\"734\" width=\"1316\"\/><\/p>\n<h2>Florida ofrecer\u00e1 215 permisos tras una temporada anterior con solo 52 osos abatidos<\/h2>\n<p>La agencia pondr\u00e1 a disposici\u00f3n <b>215 permisos<\/b>, frente a los <b>172 de 2025<\/b>. De ese total, <b>193 se asignar\u00e1n por sorteo con una entrada de USD 5<\/b>; los 22 restantes <b>quedar\u00e1n reservados<\/b> para due\u00f1os de grandes propiedades privadas donde circulan osos, que podr\u00e1n cazar desde el<b> 1 de octubre<\/b>.<\/p>\n<p>La temporada pasada, los cazadores <b>abatieron apenas 52 osos de una cuota de 172<\/b>. La FWC toma ese \u00edndice de \u00e9xito como uno de los criterios para <b>calcular futuros permisos<\/b>: a menos capturas, m\u00e1s cupos al a\u00f1o siguiente.<\/p>\n<p><img loading=\"lazy\" decoding=\"async\" src=\"https:\/\/lobosnews.com.ar\/wp-content\/uploads\/2026\/09\/segunda-caceria-de-osos-en-florida-el-estado-amplia-los-permisos-y-esta-vez-no-escuchara-al-publico-3.jpg\" alt=\"La nueva cifra supera la del a\u00f1o pasado, cuando la cuota oficial fue m\u00e1s alta que el resultado final de la temporada (Luis Santana\/Tampa Bay Times v\u00eda AP, archivo)\" height=\"2883\" width=\"4044\"\/><\/p>\n<h2>Los grupos opositores intentar\u00e1n frenar la temporada desde el propio sorteo<\/h2>\n<p>El <i>Sierra Club<\/i> reactiv\u00f3 su campa\u00f1a <i>Bag A Tag, Spare A Bear<\/i> para que sus miembros participen del sorteo sin intenci\u00f3n de cazar.<\/p>\n<p>En un mensaje interno citado por el diario, la organizaci\u00f3n fue directa: <b>\u201ccomprar todos los cupos para mantenerlos fuera de las manos de los cazadores\u201d<\/b>.<\/p>\n<p><i>Bear Warriors United<\/i> apostar\u00e1 por otra t\u00e1ctica. Su directora, <b>Katrina Shadix<\/b>, confirm\u00f3 que volver\u00e1n a pagarles a los cazadores que ganen un permiso para que no lo usen. \u201cCreo que salvamos a innumerables osos de la cacer\u00eda\u201d, asegur\u00f3 en declaraciones recogidas por el <i>Orlando Sentinel<\/i>.<\/p>\n<p><img loading=\"lazy\" decoding=\"async\" src=\"https:\/\/lobosnews.com.ar\/wp-content\/uploads\/2026\/09\/segunda-caceria-de-osos-en-florida-el-estado-amplia-los-permisos-y-esta-vez-no-escuchara-al-publico-4.jpg\" alt=\"Las organizaciones contrarias a la caza preparan otra ofensiva para quitar permisos del circuito antes del inicio de la temporada (AP Foto\/John Raoux)\" height=\"3492\" width=\"5238\"\/><\/p>\n<p>Desde el sector cazador, <b>Maria Davidson<\/b>, gerente del <b>Programa de Grandes Carn\u00edvoros<\/b> de la <i>Safari Club International Foundation<\/i> (<b>SCIF<\/b>), defendi\u00f3 la medida como \u201cuna herramienta respaldada por la ciencia para mantener una poblaci\u00f3n sostenible\u201d.<\/p>\n<p>Tambi\u00e9n advirti\u00f3 que acaparar permisos sin usarlos tiene efecto contrario: reduce el \u00e9xito de los cazadores y presiona al alza las cuotas del a\u00f1o siguiente.<\/p>\n<p><img loading=\"lazy\" decoding=\"async\" src=\"https:\/\/lobosnews.com.ar\/wp-content\/uploads\/2026\/09\/segunda-caceria-de-osos-en-florida-el-estado-amplia-los-permisos-y-esta-vez-no-escuchara-al-publico-5.jpg\" alt=\"Los sectores vinculados a la caza sostienen que la medida forma parte del manejo de la poblaci\u00f3n de osos en Florida (Magnific)\" height=\"596\" width=\"899\"\/><\/p>\n<h2>La comisi\u00f3n transfiri\u00f3 en 2025 las decisiones de caza al director ejecutivo<\/h2>\n<p><b>Chuck O\u2019Neal<\/b>, fundador del grupo ambiental <i>Speak Up Wekiva<\/i>, lo resumi\u00f3 con precisi\u00f3n: \u201cTodas las decisiones se trasladaron a la oficina del director ejecutivo\u201d, dijo al diario. \u201cPero el p\u00fablico sigue siendo mayoritariamente contrario a esto\u201d, a\u00f1adi\u00f3.<\/p>\n<p>Los 215 permisos se distribuir\u00e1n en cuatro zonas: <b>31 en el norte<\/b>, sobre la frontera con <b>Georgia<\/b>; <b>78 en el este del Panhandle<\/b>, que incluye el \u00e1rea de gesti\u00f3n de <b>Apalachicola<\/b>; <b>63 en el sur<\/b>, en los condados de <b>Collier<\/b>, <b>Hendry y Lee<\/b> \u2014donde en mayo de 2025 un oso mat\u00f3 a un hombre mayor y a su perro\u2014; y <b>21 en la zona central<\/b>, que abarca <b>Ocala<\/b> y partes de los condados de <b>Lake<\/b>, <b>Marion<\/b>, <b>Orange<\/b>, <b>Seminole<\/b>, <b>St. Johns y Volusia<\/b>.<\/p>\n<p><img loading=\"lazy\" decoding=\"async\" src=\"https:\/\/lobosnews.com.ar\/wp-content\/uploads\/2026\/09\/segunda-caceria-de-osos-en-florida-el-estado-amplia-los-permisos-y-esta-vez-no-escuchara-al-publico-6.jpg\" alt=\"Un cambio reglamentario aprobado el a\u00f1o pasado dej\u00f3 en manos del director ejecutivo la definici\u00f3n de futuras temporadas (Imagen Ilustrativa Infobae)\" height=\"1536\" width=\"2752\"\/><\/p>\n<p>En esa regi\u00f3n central, la mayor amenaza para los osos <b>no proviene de los cazadores<\/b>. En la \u00faltima d\u00e9cada, <b>1.545 osos murieron por atropellamientos<\/b>, sobre un total de cerca de <b>1.900 bajas por todas las causas combinadas<\/b>.<\/p>\n<p>Solo en 2025 se registraron <b>219 muertes en rutas<\/b>, la cifra m\u00e1s alta desde 2021, tal y como inform\u00f3 el diario.<\/p>\n","protected":false},"excerpt":{"rendered":"<p>Florida est\u00e1 a punto de abrir su segunda temporada consecutiva de caza de osos negros, los mam\u00edferos terrestres m\u00e1s grandes del estado. La Comisi\u00f3n de Pesca y Vida Silvestre de Florida (FWC) fij\u00f3 la temporada para diciembre de 2026 y, por primera vez, lo hizo sin convocar ninguna audiencia p\u00fablica. Eso es una novedad. El&#8230;<\/p>\n","protected":false},"author":1,"featured_media":96494,"comment_status":"open","ping_status":"closed","sticky":false,"template":"","format":"standard","meta":{"_jetpack_newsletter_access":"","_jetpack_dont_email_post_to_subs":false,"_jetpack_newsletter_tier_id":0,"_jetpack_memberships_contains_paywalled_content":false,"_jetpack_memberships_contains_paid_content":false,"footnotes":"","jetpack_post_was_ever_published":false},"categories":[31],"tags":[],"class_list":["post-96485","post","type-post","status-publish","format-standard","has-post-thumbnail","hentry","category-actualidad"],"magazineBlocksPostFeaturedMedia":{"thumbnail":"https:\/\/lobosnews.com.ar\/wp-content\/uploads\/2026\/09\/segunda-caceria-de-osos-en-florida-el-estado-amplia-los-permisos-y-esta-vez-no-escuchara-al-publico-12-150x150.jpg","medium":"https:\/\/lobosnews.com.ar\/wp-content\/uploads\/2026\/09\/segunda-caceria-de-osos-en-florida-el-estado-amplia-los-permisos-y-esta-vez-no-escuchara-al-publico-12-300x167.jpg","medium_large":"https:\/\/lobosnews.com.ar\/wp-content\/uploads\/2026\/09\/segunda-caceria-de-osos-en-florida-el-estado-amplia-los-permisos-y-esta-vez-no-escuchara-al-publico-12-768x429.jpg","large":"https:\/\/lobosnews.com.ar\/wp-content\/uploads\/2026\/09\/segunda-caceria-de-osos-en-florida-el-estado-amplia-los-permisos-y-esta-vez-no-escuchara-al-publico-12-1024x572.jpg","1536x1536":"https:\/\/lobosnews.com.ar\/wp-content\/uploads\/2026\/09\/segunda-caceria-de-osos-en-florida-el-estado-amplia-los-permisos-y-esta-vez-no-escuchara-al-publico-12-1536x857.jpg","2048x2048":"https:\/\/lobosnews.com.ar\/wp-content\/uploads\/2026\/09\/segunda-caceria-de-osos-en-florida-el-estado-amplia-los-permisos-y-esta-vez-no-escuchara-al-publico-12-2048x1143.jpg","newsmatic-featured":"https:\/\/lobosnews.com.ar\/wp-content\/uploads\/2026\/09\/segunda-caceria-de-osos-en-florida-el-estado-amplia-los-permisos-y-esta-vez-no-escuchara-al-publico-12-820x545.jpg","newsmatic-list":"https:\/\/lobosnews.com.ar\/wp-content\/uploads\/2026\/09\/segunda-caceria-de-osos-en-florida-el-estado-amplia-los-permisos-y-esta-vez-no-escuchara-al-publico-12-600x400.jpg","newsmatic-thumb":"https:\/\/lobosnews.com.ar\/wp-content\/uploads\/2026\/09\/segunda-caceria-de-osos-en-florida-el-estado-amplia-los-permisos-y-esta-vez-no-escuchara-al-publico-12-300x200.jpg","newsmatic-small":"https:\/\/lobosnews.com.ar\/wp-content\/uploads\/2026\/09\/segunda-caceria-de-osos-en-florida-el-estado-amplia-los-permisos-y-esta-vez-no-escuchara-al-publico-12-150x95.jpg","newsmatic-grid":"https:\/\/lobosnews.com.ar\/wp-content\/uploads\/2026\/09\/segunda-caceria-de-osos-en-florida-el-estado-amplia-los-permisos-y-esta-vez-no-escuchara-al-publico-12-400x250.jpg"},"magazineBlocksPostAuthor":{"name":"admin","avatar":"https:\/\/secure.gravatar.com\/avatar\/76e419471a2083bc3ceab22a763dbbf9b0c1bd15a6214cf3280e2c2dde4580f9?s=96&d=mm&r=g"},"magazineBlocksPostCommentsNumber":"0","magazineBlocksPostExcerpt":"Florida est\u00e1 a punto de abrir su segunda temporada consecutiva de caza de osos negros, los mam\u00edferos terrestres m\u00e1s grandes del estado. La Comisi\u00f3n de Pesca y Vida Silvestre de Florida (FWC) fij\u00f3 la temporada para diciembre de 2026 y, por primera vez, lo hizo sin convocar ninguna audiencia p\u00fablica. Eso es una novedad. El...","magazineBlocksPostCategories":["Actualidad"],"magazineBlocksPostViewCount":83,"magazineBlocksPostReadTime":4,"magazine_blocks_featured_image_url":{"full":["https:\/\/lobosnews.com.ar\/wp-content\/uploads\/2026\/09\/segunda-caceria-de-osos-en-florida-el-estado-amplia-los-permisos-y-esta-vez-no-escuchara-al-publico-12-scaled.jpg",2560,1429,false],"medium":["https:\/\/lobosnews.com.ar\/wp-content\/uploads\/2026\/09\/segunda-caceria-de-osos-en-florida-el-estado-amplia-los-permisos-y-esta-vez-no-escuchara-al-publico-12-300x167.jpg",300,167,true],"thumbnail":["https:\/\/lobosnews.com.ar\/wp-content\/uploads\/2026\/09\/segunda-caceria-de-osos-en-florida-el-estado-amplia-los-permisos-y-esta-vez-no-escuchara-al-publico-12-150x150.jpg",150,150,true]},"magazine_blocks_author":{"display_name":"admin","author_link":"https:\/\/lobosnews.com.ar\/index.php\/author\/lobos-news\/"},"magazine_blocks_comment":0,"magazine_blocks_author_image":"https:\/\/secure.gravatar.com\/avatar\/76e419471a2083bc3ceab22a763dbbf9b0c1bd15a6214cf3280e2c2dde4580f9?s=96&d=mm&r=g","magazine_blocks_category":"<a href=\"#\" class=\"category-link category-link-31\">Actualidad<\/a>","yoast_head":"<!-- This site is optimized with the Yoast SEO plugin v28.0 - https:\/\/yoast.com\/product\/yoast-seo-wordpress\/ -->\n<title>Segunda cacer\u00eda de osos en Florida: el Estado ampl\u00eda los permisos y esta vez no escuchar\u00e1 al p\u00fablico - Lobos News<\/title>\n<meta name=\"robots\" content=\"index, follow, max-snippet:-1, max-image-preview:large, max-video-preview:-1\" \/>\n<link rel=\"canonical\" href=\"https:\/\/lobosnews.com.ar\/index.php\/2026\/09\/02\/segunda-caceria-de-osos-en-florida-el-estado-amplia-los-permisos-y-esta-vez-no-escuchara-al-publico\/\" \/>\n<meta property=\"og:locale\" content=\"es_ES\" \/>\n<meta property=\"og:type\" content=\"article\" \/>\n<meta property=\"og:title\" content=\"Segunda cacer\u00eda de osos en Florida: el Estado ampl\u00eda los permisos y esta vez no escuchar\u00e1 al p\u00fablico - Lobos News\" \/>\n<meta property=\"og:description\" content=\"Florida est\u00e1 a punto de abrir su segunda temporada consecutiva de caza de osos negros, los mam\u00edferos terrestres m\u00e1s grandes del estado. La Comisi\u00f3n de Pesca y Vida Silvestre de Florida (FWC) fij\u00f3 la temporada para diciembre de 2026 y, por primera vez, lo hizo sin convocar ninguna audiencia p\u00fablica. Eso es una novedad. El...\" \/>\n<meta property=\"og:url\" content=\"https:\/\/lobosnews.com.ar\/index.php\/2026\/09\/02\/segunda-caceria-de-osos-en-florida-el-estado-amplia-los-permisos-y-esta-vez-no-escuchara-al-publico\/\" \/>\n<meta property=\"og:site_name\" content=\"Lobos News\" \/>\n<meta property=\"article:published_time\" content=\"2026-09-02T09:42:20+00:00\" \/>\n<meta property=\"article:modified_time\" content=\"2026-09-02T13:16:05+00:00\" \/>\n<meta property=\"og:image\" content=\"https:\/\/lobosnews.com.ar\/wp-content\/uploads\/2026\/09\/segunda-caceria-de-osos-en-florida-el-estado-amplia-los-permisos-y-esta-vez-no-escuchara-al-publico-12-scaled.jpg\" \/>\n\t<meta property=\"og:image:width\" content=\"2560\" \/>\n\t<meta property=\"og:image:height\" content=\"1429\" \/>\n\t<meta property=\"og:image:type\" content=\"image\/jpeg\" \/>\n<meta name=\"author\" content=\"admin\" \/>\n<meta name=\"twitter:card\" content=\"summary_large_image\" \/>\n<meta name=\"twitter:label1\" content=\"Escrito por\" \/>\n\t<meta name=\"twitter:data1\" content=\"admin\" \/>\n\t<meta name=\"twitter:label2\" content=\"Tiempo de lectura\" \/>\n\t<meta name=\"twitter:data2\" content=\"3 minutos\" \/>\n<script type=\"application\/ld+json\" class=\"yoast-schema-graph\">{\"@context\":\"https:\\\/\\\/schema.org\",\"@graph\":[{\"@type\":\"Article\",\"@id\":\"https:\\\/\\\/lobosnews.com.ar\\\/index.php\\\/2026\\\/09\\\/02\\\/segunda-caceria-de-osos-en-florida-el-estado-amplia-los-permisos-y-esta-vez-no-escuchara-al-publico\\\/#article\",\"isPartOf\":{\"@id\":\"https:\\\/\\\/lobosnews.com.ar\\\/index.php\\\/2026\\\/09\\\/02\\\/segunda-caceria-de-osos-en-florida-el-estado-amplia-los-permisos-y-esta-vez-no-escuchara-al-publico\\\/\"},\"author\":{\"name\":\"admin\",\"@id\":\"https:\\\/\\\/lobosnews.com.ar\\\/#\\\/schema\\\/person\\\/232422a593d5c541dd9aef6aaed10943\"},\"headline\":\"Segunda cacer\u00eda de osos en Florida: el Estado ampl\u00eda los permisos y esta vez no escuchar\u00e1 al p\u00fablico\",\"datePublished\":\"2026-09-02T09:42:20+00:00\",\"dateModified\":\"2026-09-02T13:16:05+00:00\",\"mainEntityOfPage\":{\"@id\":\"https:\\\/\\\/lobosnews.com.ar\\\/index.php\\\/2026\\\/09\\\/02\\\/segunda-caceria-de-osos-en-florida-el-estado-amplia-los-permisos-y-esta-vez-no-escuchara-al-publico\\\/\"},\"wordCount\":644,\"commentCount\":0,\"publisher\":{\"@id\":\"https:\\\/\\\/lobosnews.com.ar\\\/#organization\"},\"image\":{\"@id\":\"https:\\\/\\\/lobosnews.com.ar\\\/index.php\\\/2026\\\/09\\\/02\\\/segunda-caceria-de-osos-en-florida-el-estado-amplia-los-permisos-y-esta-vez-no-escuchara-al-publico\\\/#primaryimage\"},\"thumbnailUrl\":\"https:\\\/\\\/lobosnews.com.ar\\\/wp-content\\\/uploads\\\/2026\\\/09\\\/segunda-caceria-de-osos-en-florida-el-estado-amplia-los-permisos-y-esta-vez-no-escuchara-al-publico-12-scaled.jpg\",\"articleSection\":[\"Actualidad\"],\"inLanguage\":\"es\",\"potentialAction\":[{\"@type\":\"CommentAction\",\"name\":\"Comment\",\"target\":[\"https:\\\/\\\/lobosnews.com.ar\\\/index.php\\\/2026\\\/09\\\/02\\\/segunda-caceria-de-osos-en-florida-el-estado-amplia-los-permisos-y-esta-vez-no-escuchara-al-publico\\\/#respond\"]}]},{\"@type\":\"WebPage\",\"@id\":\"https:\\\/\\\/lobosnews.com.ar\\\/index.php\\\/2026\\\/09\\\/02\\\/segunda-caceria-de-osos-en-florida-el-estado-amplia-los-permisos-y-esta-vez-no-escuchara-al-publico\\\/\",\"url\":\"https:\\\/\\\/lobosnews.com.ar\\\/index.php\\\/2026\\\/09\\\/02\\\/segunda-caceria-de-osos-en-florida-el-estado-amplia-los-permisos-y-esta-vez-no-escuchara-al-publico\\\/\",\"name\":\"Segunda cacer\u00eda de osos en Florida: el Estado ampl\u00eda los permisos y esta vez no escuchar\u00e1 al p\u00fablico - Lobos News\",\"isPartOf\":{\"@id\":\"https:\\\/\\\/lobosnews.com.ar\\\/#website\"},\"primaryImageOfPage\":{\"@id\":\"https:\\\/\\\/lobosnews.com.ar\\\/index.php\\\/2026\\\/09\\\/02\\\/segunda-caceria-de-osos-en-florida-el-estado-amplia-los-permisos-y-esta-vez-no-escuchara-al-publico\\\/#primaryimage\"},\"image\":{\"@id\":\"https:\\\/\\\/lobosnews.com.ar\\\/index.php\\\/2026\\\/09\\\/02\\\/segunda-caceria-de-osos-en-florida-el-estado-amplia-los-permisos-y-esta-vez-no-escuchara-al-publico\\\/#primaryimage\"},\"thumbnailUrl\":\"https:\\\/\\\/lobosnews.com.ar\\\/wp-content\\\/uploads\\\/2026\\\/09\\\/segunda-caceria-de-osos-en-florida-el-estado-amplia-los-permisos-y-esta-vez-no-escuchara-al-publico-12-scaled.jpg\",\"datePublished\":\"2026-09-02T09:42:20+00:00\",\"dateModified\":\"2026-09-02T13:16:05+00:00\",\"breadcrumb\":{\"@id\":\"https:\\\/\\\/lobosnews.com.ar\\\/index.php\\\/2026\\\/09\\\/02\\\/segunda-caceria-de-osos-en-florida-el-estado-amplia-los-permisos-y-esta-vez-no-escuchara-al-publico\\\/#breadcrumb\"},\"inLanguage\":\"es\",\"potentialAction\":[{\"@type\":\"ReadAction\",\"target\":[\"https:\\\/\\\/lobosnews.com.ar\\\/index.php\\\/2026\\\/09\\\/02\\\/segunda-caceria-de-osos-en-florida-el-estado-amplia-los-permisos-y-esta-vez-no-escuchara-al-publico\\\/\"]}]},{\"@type\":\"ImageObject\",\"inLanguage\":\"es\",\"@id\":\"https:\\\/\\\/lobosnews.com.ar\\\/index.php\\\/2026\\\/09\\\/02\\\/segunda-caceria-de-osos-en-florida-el-estado-amplia-los-permisos-y-esta-vez-no-escuchara-al-publico\\\/#primaryimage\",\"url\":\"https:\\\/\\\/lobosnews.com.ar\\\/wp-content\\\/uploads\\\/2026\\\/09\\\/segunda-caceria-de-osos-en-florida-el-estado-amplia-los-permisos-y-esta-vez-no-escuchara-al-publico-12-scaled.jpg\",\"contentUrl\":\"https:\\\/\\\/lobosnews.com.ar\\\/wp-content\\\/uploads\\\/2026\\\/09\\\/segunda-caceria-de-osos-en-florida-el-estado-amplia-los-permisos-y-esta-vez-no-escuchara-al-publico-12-scaled.jpg\",\"width\":2560,\"height\":1429,\"caption\":\"Segunda cacer\u00eda de osos en Florida: el Estado ampl\u00eda los permisos y esta vez no escuchar\u00e1 al p\u00fablico\"},{\"@type\":\"BreadcrumbList\",\"@id\":\"https:\\\/\\\/lobosnews.com.ar\\\/index.php\\\/2026\\\/09\\\/02\\\/segunda-caceria-de-osos-en-florida-el-estado-amplia-los-permisos-y-esta-vez-no-escuchara-al-publico\\\/#breadcrumb\",\"itemListElement\":[{\"@type\":\"ListItem\",\"position\":1,\"name\":\"Portada\",\"item\":\"https:\\\/\\\/lobosnews.com.ar\\\/\"},{\"@type\":\"ListItem\",\"position\":2,\"name\":\"Segunda cacer\u00eda de osos en Florida: el Estado ampl\u00eda los permisos y esta vez no escuchar\u00e1 al p\u00fablico\"}]},{\"@type\":\"WebSite\",\"@id\":\"https:\\\/\\\/lobosnews.com.ar\\\/#website\",\"url\":\"https:\\\/\\\/lobosnews.com.ar\\\/\",\"name\":\"Lobos News\",\"description\":\"Informaci\u00f3n a cada instante\",\"publisher\":{\"@id\":\"https:\\\/\\\/lobosnews.com.ar\\\/#organization\"},\"potentialAction\":[{\"@type\":\"SearchAction\",\"target\":{\"@type\":\"EntryPoint\",\"urlTemplate\":\"https:\\\/\\\/lobosnews.com.ar\\\/?s={search_term_string}\"},\"query-input\":{\"@type\":\"PropertyValueSpecification\",\"valueRequired\":true,\"valueName\":\"search_term_string\"}}],\"inLanguage\":\"es\"},{\"@type\":\"Organization\",\"@id\":\"https:\\\/\\\/lobosnews.com.ar\\\/#organization\",\"name\":\"Lobos News\",\"url\":\"https:\\\/\\\/lobosnews.com.ar\\\/\",\"logo\":{\"@type\":\"ImageObject\",\"inLanguage\":\"es\",\"@id\":\"https:\\\/\\\/lobosnews.com.ar\\\/#\\\/schema\\\/logo\\\/image\\\/\",\"url\":\"https:\\\/\\\/lobosnews.com.ar\\\/wp-content\\\/uploads\\\/2026\\\/01\\\/logo-lobosnews.png\",\"contentUrl\":\"https:\\\/\\\/lobosnews.com.ar\\\/wp-content\\\/uploads\\\/2026\\\/01\\\/logo-lobosnews.png\",\"width\":500,\"height\":200,\"caption\":\"Lobos News\"},\"image\":{\"@id\":\"https:\\\/\\\/lobosnews.com.ar\\\/#\\\/schema\\\/logo\\\/image\\\/\"}},{\"@type\":\"Person\",\"@id\":\"https:\\\/\\\/lobosnews.com.ar\\\/#\\\/schema\\\/person\\\/232422a593d5c541dd9aef6aaed10943\",\"name\":\"admin\",\"image\":{\"@type\":\"ImageObject\",\"inLanguage\":\"es\",\"@id\":\"https:\\\/\\\/secure.gravatar.com\\\/avatar\\\/76e419471a2083bc3ceab22a763dbbf9b0c1bd15a6214cf3280e2c2dde4580f9?s=96&d=mm&r=g\",\"url\":\"https:\\\/\\\/secure.gravatar.com\\\/avatar\\\/76e419471a2083bc3ceab22a763dbbf9b0c1bd15a6214cf3280e2c2dde4580f9?s=96&d=mm&r=g\",\"contentUrl\":\"https:\\\/\\\/secure.gravatar.com\\\/avatar\\\/76e419471a2083bc3ceab22a763dbbf9b0c1bd15a6214cf3280e2c2dde4580f9?s=96&d=mm&r=g\",\"caption\":\"admin\"},\"sameAs\":[\"https:\\\/\\\/lobosnews.com.ar\"],\"url\":\"https:\\\/\\\/lobosnews.com.ar\\\/index.php\\\/author\\\/lobos-news\\\/\"}]}<\/script>\n<!-- \/ Yoast SEO plugin. -->","yoast_head_json":{"title":"Segunda cacer\u00eda de osos en Florida: el Estado ampl\u00eda los permisos y esta vez no escuchar\u00e1 al p\u00fablico - Lobos News","robots":{"index":"index","follow":"follow","max-snippet":"max-snippet:-1","max-image-preview":"max-image-preview:large","max-video-preview":"max-video-preview:-1"},"canonical":"https:\/\/lobosnews.com.ar\/index.php\/2026\/09\/02\/segunda-caceria-de-osos-en-florida-el-estado-amplia-los-permisos-y-esta-vez-no-escuchara-al-publico\/","og_locale":"es_ES","og_type":"article","og_title":"Segunda cacer\u00eda de osos en Florida: el Estado ampl\u00eda los permisos y esta vez no escuchar\u00e1 al p\u00fablico - Lobos News","og_description":"Florida est\u00e1 a punto de abrir su segunda temporada consecutiva de caza de osos negros, los mam\u00edferos terrestres m\u00e1s grandes del estado. La Comisi\u00f3n de Pesca y Vida Silvestre de Florida (FWC) fij\u00f3 la temporada para diciembre de 2026 y, por primera vez, lo hizo sin convocar ninguna audiencia p\u00fablica. Eso es una novedad. El...","og_url":"https:\/\/lobosnews.com.ar\/index.php\/2026\/09\/02\/segunda-caceria-de-osos-en-florida-el-estado-amplia-los-permisos-y-esta-vez-no-escuchara-al-publico\/","og_site_name":"Lobos News","article_published_time":"2026-09-02T09:42:20+00:00","article_modified_time":"2026-09-02T13:16:05+00:00","og_image":[{"width":2560,"height":1429,"url":"https:\/\/lobosnews.com.ar\/wp-content\/uploads\/2026\/09\/segunda-caceria-de-osos-en-florida-el-estado-amplia-los-permisos-y-esta-vez-no-escuchara-al-publico-12-scaled.jpg","type":"image\/jpeg"}],"author":"admin","twitter_card":"summary_large_image","twitter_misc":{"Escrito por":"admin","Tiempo de lectura":"3 minutos"},"schema":{"@context":"https:\/\/schema.org","@graph":[{"@type":"Article","@id":"https:\/\/lobosnews.com.ar\/index.php\/2026\/09\/02\/segunda-caceria-de-osos-en-florida-el-estado-amplia-los-permisos-y-esta-vez-no-escuchara-al-publico\/#article","isPartOf":{"@id":"https:\/\/lobosnews.com.ar\/index.php\/2026\/09\/02\/segunda-caceria-de-osos-en-florida-el-estado-amplia-los-permisos-y-esta-vez-no-escuchara-al-publico\/"},"author":{"name":"admin","@id":"https:\/\/lobosnews.com.ar\/#\/schema\/person\/232422a593d5c541dd9aef6aaed10943"},"headline":"Segunda cacer\u00eda de osos en Florida: el Estado ampl\u00eda los permisos y esta vez no escuchar\u00e1 al p\u00fablico","datePublished":"2026-09-02T09:42:20+00:00","dateModified":"2026-09-02T13:16:05+00:00","mainEntityOfPage":{"@id":"https:\/\/lobosnews.com.ar\/index.php\/2026\/09\/02\/segunda-caceria-de-osos-en-florida-el-estado-amplia-los-permisos-y-esta-vez-no-escuchara-al-publico\/"},"wordCount":644,"commentCount":0,"publisher":{"@id":"https:\/\/lobosnews.com.ar\/#organization"},"image":{"@id":"https:\/\/lobosnews.com.ar\/index.php\/2026\/09\/02\/segunda-caceria-de-osos-en-florida-el-estado-amplia-los-permisos-y-esta-vez-no-escuchara-al-publico\/#primaryimage"},"thumbnailUrl":"https:\/\/lobosnews.com.ar\/wp-content\/uploads\/2026\/09\/segunda-caceria-de-osos-en-florida-el-estado-amplia-los-permisos-y-esta-vez-no-escuchara-al-publico-12-scaled.jpg","articleSection":["Actualidad"],"inLanguage":"es","potentialAction":[{"@type":"CommentAction","name":"Comment","target":["https:\/\/lobosnews.com.ar\/index.php\/2026\/09\/02\/segunda-caceria-de-osos-en-florida-el-estado-amplia-los-permisos-y-esta-vez-no-escuchara-al-publico\/#respond"]}]},{"@type":"WebPage","@id":"https:\/\/lobosnews.com.ar\/index.php\/2026\/09\/02\/segunda-caceria-de-osos-en-florida-el-estado-amplia-los-permisos-y-esta-vez-no-escuchara-al-publico\/","url":"https:\/\/lobosnews.com.ar\/index.php\/2026\/09\/02\/segunda-caceria-de-osos-en-florida-el-estado-amplia-los-permisos-y-esta-vez-no-escuchara-al-publico\/","name":"Segunda cacer\u00eda de osos en Florida: el Estado ampl\u00eda los permisos y esta vez no escuchar\u00e1 al p\u00fablico - Lobos News","isPartOf":{"@id":"https:\/\/lobosnews.com.ar\/#website"},"primaryImageOfPage":{"@id":"https:\/\/lobosnews.com.ar\/index.php\/2026\/09\/02\/segunda-caceria-de-osos-en-florida-el-estado-amplia-los-permisos-y-esta-vez-no-escuchara-al-publico\/#primaryimage"},"image":{"@id":"https:\/\/lobosnews.com.ar\/index.php\/2026\/09\/02\/segunda-caceria-de-osos-en-florida-el-estado-amplia-los-permisos-y-esta-vez-no-escuchara-al-publico\/#primaryimage"},"thumbnailUrl":"https:\/\/lobosnews.com.ar\/wp-content\/uploads\/2026\/09\/segunda-caceria-de-osos-en-florida-el-estado-amplia-los-permisos-y-esta-vez-no-escuchara-al-publico-12-scaled.jpg","datePublished":"2026-09-02T09:42:20+00:00","dateModified":"2026-09-02T13:16:05+00:00","breadcrumb":{"@id":"https:\/\/lobosnews.com.ar\/index.php\/2026\/09\/02\/segunda-caceria-de-osos-en-florida-el-estado-amplia-los-permisos-y-esta-vez-no-escuchara-al-publico\/#breadcrumb"},"inLanguage":"es","potentialAction":[{"@type":"ReadAction","target":["https:\/\/lobosnews.com.ar\/index.php\/2026\/09\/02\/segunda-caceria-de-osos-en-florida-el-estado-amplia-los-permisos-y-esta-vez-no-escuchara-al-publico\/"]}]},{"@type":"ImageObject","inLanguage":"es","@id":"https:\/\/lobosnews.com.ar\/index.php\/2026\/09\/02\/segunda-caceria-de-osos-en-florida-el-estado-amplia-los-permisos-y-esta-vez-no-escuchara-al-publico\/#primaryimage","url":"https:\/\/lobosnews.com.ar\/wp-content\/uploads\/2026\/09\/segunda-caceria-de-osos-en-florida-el-estado-amplia-los-permisos-y-esta-vez-no-escuchara-al-publico-12-scaled.jpg","contentUrl":"https:\/\/lobosnews.com.ar\/wp-content\/uploads\/2026\/09\/segunda-caceria-de-osos-en-florida-el-estado-amplia-los-permisos-y-esta-vez-no-escuchara-al-publico-12-scaled.jpg","width":2560,"height":1429,"caption":"Segunda cacer\u00eda de osos en Florida: el Estado ampl\u00eda los permisos y esta vez no escuchar\u00e1 al p\u00fablico"},{"@type":"BreadcrumbList","@id":"https:\/\/lobosnews.com.ar\/index.php\/2026\/09\/02\/segunda-caceria-de-osos-en-florida-el-estado-amplia-los-permisos-y-esta-vez-no-escuchara-al-publico\/#breadcrumb","itemListElement":[{"@type":"ListItem","position":1,"name":"Portada","item":"https:\/\/lobosnews.com.ar\/"},{"@type":"ListItem","position":2,"name":"Segunda cacer\u00eda de osos en Florida: el Estado ampl\u00eda los permisos y esta vez no escuchar\u00e1 al p\u00fablico"}]},{"@type":"WebSite","@id":"https:\/\/lobosnews.com.ar\/#website","url":"https:\/\/lobosnews.com.ar\/","name":"Lobos News","description":"Informaci\u00f3n a cada instante","publisher":{"@id":"https:\/\/lobosnews.com.ar\/#organization"},"potentialAction":[{"@type":"SearchAction","target":{"@type":"EntryPoint","urlTemplate":"https:\/\/lobosnews.com.ar\/?s={search_term_string}"},"query-input":{"@type":"PropertyValueSpecification","valueRequired":true,"valueName":"search_term_string"}}],"inLanguage":"es"},{"@type":"Organization","@id":"https:\/\/lobosnews.com.ar\/#organization","name":"Lobos News","url":"https:\/\/lobosnews.com.ar\/","logo":{"@type":"ImageObject","inLanguage":"es","@id":"https:\/\/lobosnews.com.ar\/#\/schema\/logo\/image\/","url":"https:\/\/lobosnews.com.ar\/wp-content\/uploads\/2026\/01\/logo-lobosnews.png","contentUrl":"https:\/\/lobosnews.com.ar\/wp-content\/uploads\/2026\/01\/logo-lobosnews.png","width":500,"height":200,"caption":"Lobos News"},"image":{"@id":"https:\/\/lobosnews.com.ar\/#\/schema\/logo\/image\/"}},{"@type":"Person","@id":"https:\/\/lobosnews.com.ar\/#\/schema\/person\/232422a593d5c541dd9aef6aaed10943","name":"admin","image":{"@type":"ImageObject","inLanguage":"es","@id":"https:\/\/secure.gravatar.com\/avatar\/76e419471a2083bc3ceab22a763dbbf9b0c1bd15a6214cf3280e2c2dde4580f9?s=96&d=mm&r=g","url":"https:\/\/secure.gravatar.com\/avatar\/76e419471a2083bc3ceab22a763dbbf9b0c1bd15a6214cf3280e2c2dde4580f9?s=96&d=mm&r=g","contentUrl":"https:\/\/secure.gravatar.com\/avatar\/76e419471a2083bc3ceab22a763dbbf9b0c1bd15a6214cf3280e2c2dde4580f9?s=96&d=mm&r=g","caption":"admin"},"sameAs":["https:\/\/lobosnews.com.ar"],"url":"https:\/\/lobosnews.com.ar\/index.php\/author\/lobos-news\/"}]}},"jetpack_featured_media_url":"https:\/\/lobosnews.com.ar\/wp-content\/uploads\/2026\/09\/segunda-caceria-de-osos-en-florida-el-estado-amplia-los-permisos-y-esta-vez-no-escuchara-al-publico-12-scaled.jpg","jetpack_sharing_enabled":true,"_links":{"self":[{"href":"https:\/\/lobosnews.com.ar\/index.php\/wp-json\/wp\/v2\/posts\/96485","targetHints":{"allow":["GET"]}}],"collection":[{"href":"https:\/\/lobosnews.com.ar\/index.php\/wp-json\/wp\/v2\/posts"}],"about":[{"href":"https:\/\/lobosnews.com.ar\/index.php\/wp-json\/wp\/v2\/types\/post"}],"author":[{"embeddable":true,"href":"https:\/\/lobosnews.com.ar\/index.php\/wp-json\/wp\/v2\/users\/1"}],"replies":[{"embeddable":true,"href":"https:\/\/lobosnews.com.ar\/index.php\/wp-json\/wp\/v2\/comments?post=96485"}],"version-history":[{"count":1,"href":"https:\/\/lobosnews.com.ar\/index.php\/wp-json\/wp\/v2\/posts\/96485\/revisions"}],"predecessor-version":[{"id":96493,"href":"https:\/\/lobosnews.com.ar\/index.php\/wp-json\/wp\/v2\/posts\/96485\/revisions\/96493"}],"wp:featuredmedia":[{"embeddable":true,"href":"https:\/\/lobosnews.com.ar\/index.php\/wp-json\/wp\/v2\/media\/96494"}],"wp:attachment":[{"href":"https:\/\/lobosnews.com.ar\/index.php\/wp-json\/wp\/v2\/media?parent=96485"}],"wp:term":[{"taxonomy":"category","embeddable":true,"href":"https:\/\/lobosnews.com.ar\/index.php\/wp-json\/wp\/v2\/categories?post=96485"},{"taxonomy":"post_tag","embeddable":true,"href":"https:\/\/lobosnews.com.ar\/index.php\/wp-json\/wp\/v2\/tags?post=96485"}],"curies":[{"name":"wp","href":"https:\/\/api.w.org\/{rel}","templated":true}]}}