{"id":96477,"date":"2026-09-02T11:19:54","date_gmt":"2026-09-02T11:19:54","guid":{"rendered":"https:\/\/lobosnews.com.ar\/?p=96477"},"modified":"2026-09-02T13:15:52","modified_gmt":"2026-09-02T13:15:52","slug":"golpe-de-la-sequia-a-las-exportaciones-de-uruguay-cayeron-16-en-agosto-y-la-soja-se-hundio-70","status":"publish","type":"post","link":"https:\/\/lobosnews.com.ar\/index.php\/2026\/09\/02\/golpe-de-la-sequia-a-las-exportaciones-de-uruguay-cayeron-16-en-agosto-y-la-soja-se-hundio-70\/","title":{"rendered":"Golpe de la sequ\u00eda a las exportaciones de Uruguay: cayeron 16% en agosto y la soja se hundi\u00f3 70%"},"content":{"rendered":"<p><img loading=\"lazy\" decoding=\"async\" src=\"https:\/\/lobosnews.com.ar\/wp-content\/uploads\/2026\/09\/golpe-de-la-sequia-a-las-exportaciones-de-uruguay-cayeron-16-en-agosto-y-la-soja-se-hundio-70.jpg\" alt=\"El efecto de la sequ\u00eda en Uruguay se vio reflejado en las exportaciones del pa\u00eds (Captura Telenoche\/Canal 4)\" height=\"1248\" width=\"2046\"\/><\/p>\n<p>Las<b> exportaciones de bienes de Uruguay totalizaron los USD 1.121 millones en agosto<\/b>, una cifra que signific\u00f3 una<b> ca\u00edda del 16% <\/b>respecto al mismo mes del a\u00f1o anterior. As\u00ed, las ventas al exterior volvieron a terreno negativo despu\u00e9s de la <span class=\"waslinkname\"><i>recuperaci\u00f3n registrada en julio<\/i><\/span>. En lo que va del a\u00f1o, <b>el indicador ha tenido una baja del 1% sobre el 2025. <\/b><\/p>\n<p>En el gobierno se\u00f1alan que esta ca\u00edda est\u00e1 explicada por la sequ\u00eda que afect\u00f3 al pa\u00eds el a\u00f1o pasado. <\/p>\n<p>El informe de<b> Uruguay XXI<\/b>, publicado este martes, se\u00f1ala que las mayores ventas en el mes fueron la carne bovina, la celulosa y la soja. En el acumulado de 2026, las exportaciones de bienes, incluidas las zonas francas, totalizaron los USD 8.939 millones. <\/p>\n<p><img loading=\"lazy\" decoding=\"async\" src=\"https:\/\/lobosnews.com.ar\/wp-content\/uploads\/2026\/09\/golpe-de-la-sequia-a-las-exportaciones-de-uruguay-cayeron-16-en-agosto-y-la-soja-se-hundio-70-1.jpg\" alt=\"Fuerte ca\u00edda de las exportaciones en agosto en Uruguay (EFE\/Emilio Naranjo) \" height=\"1632\" width=\"2464\"\/><\/p>\n<p>En la comparaci\u00f3n mensual, dice el informe, los principales productos registraron ca\u00eddas interanuales (salvo concentrado de bebidas, que tuvo un crecimiento del 31%). <\/p>\n<p>Los c<b>inco productos m\u00e1s exportados de Uruguay son la carne bovina, la celulosa, los productos l\u00e1cteos y el concentrado de bebidas<\/b>. En el acumulado del a\u00f1o, en tanto, el panorama fue \u201cm\u00e1s favorable\u201d, seg\u00fan el documento. Tres de los cinco productos tuvieron variaciones positivas. <\/p>\n<p>\u201c<b>La ca\u00edda del acumulado se explic\u00f3 casi enteramente por la soja, que disminuy\u00f3 46% en lo que va de 2026 a ra\u00edz de la mala cosecha provocada por la sequ\u00eda<\/b>\u201d, dice el informe de Uruguay XXI, en una l\u00ednea similar a la que expres\u00f3 el ministro de Econom\u00eda, Gabriel Oddone, d\u00edas atr\u00e1s en el Parlamento. <\/p>\n<p><img loading=\"lazy\" decoding=\"async\" src=\"https:\/\/lobosnews.com.ar\/wp-content\/uploads\/2026\/09\/golpe-de-la-sequia-a-las-exportaciones-de-uruguay-cayeron-16-en-agosto-y-la-soja-se-hundio-70-2.jpg\" alt=\"Soja almacenada en un dep\u00f3sito de la ciudad de Montevideo (REUTERS\/Andres Stapff)\" height=\"2345\" width=\"3500\"\/><\/p>\n<h2>La fuerte ca\u00edda de la soja <\/h2>\n<p>La <b>carne bovina<\/b> fue el principal producto exportado en agosto, con ventas por USD 2.145 millones y una <b>ca\u00edda interanual del 12%<\/b>. China y la Uni\u00f3n Europea fueron los principales destinos: acumularon m\u00e1s de la mitad de las exportaciones de esta carne, aunque ambos mercados tuvieron una ca\u00edda. <\/p>\n<p>Las<b> ventas de celulosa disminuyeron un 9%<\/b>: fue el segundo producto m\u00e1s exportado por un total de USD 205 millones. <\/p>\n<p>La <b>soja<\/b> complet\u00f3 el podio de las ventas al exterior de soja, pero \u201cfue el producto que m\u00e1s incidencia negativa tuvo en la evoluci\u00f3n mensual\u201d. En agosto de 2026, se vendi\u00f3 por un total de USD 86 millones, lo que signific\u00f3 una<b> reducci\u00f3n del 70% en comparaci\u00f3n con el mismo a\u00f1o del a\u00f1o anterior. <\/b><\/p>\n<p><img loading=\"lazy\" decoding=\"async\" src=\"https:\/\/lobosnews.com.ar\/wp-content\/uploads\/2026\/09\/golpe-de-la-sequia-a-las-exportaciones-de-uruguay-cayeron-16-en-agosto-y-la-soja-se-hundio-70-3.jpg\" alt=\"Foto de archivo de un campo de soja. EFE\/Weimer Carvalho \" height=\"1160\" width=\"1720\"\/><\/p>\n<p>\u201cEsta ca\u00edda tan marcada fue prevista en las proyecciones del a\u00f1o y la explica la mala cosecha a ra\u00edz de la sequ\u00eda. Se estima que <b>la producci\u00f3n de soja fue 50% menor en esta temporada en comparaci\u00f3n con la anterior <\/b>. Todos los destinos estuvieron comprometidos por la disminuci\u00f3n, China represent\u00f3 80% del total y su reducci\u00f3n tambi\u00e9n rond\u00f3 en el 70%\u201d, explica el informe de Uruguay XXI. <\/p>\n<p>La semana pasada, el ministro Oddone estuvo en el Parlamento para hablar de la Rendici\u00f3n de Cuentas, el proyecto de ley en el que se explican los gastos del a\u00f1o pasado y se hacen ajustes para el siguiente. En esa instancia, el jerarca habl\u00f3 de que la econom\u00eda uruguaya estaba \u201cen movimiento\u201d pese al fen\u00f3meno de la sequ\u00eda. <\/p>\n<p>Oddone se\u00f1al\u00f3 que, <b>si se descuenta ese efecto, las exportaciones \u201cest\u00e1n teniendo un crecimiento en torno al 6,2%\u201d.<\/b><\/p>\n<p><img loading=\"lazy\" decoding=\"async\" src=\"https:\/\/lobosnews.com.ar\/wp-content\/uploads\/2026\/09\/golpe-de-la-sequia-a-las-exportaciones-de-uruguay-cayeron-16-en-agosto-y-la-soja-se-hundio-70-4.jpg\" alt=\"El ministro de Econom\u00eda de Uruguay, Gabriel Oddone (Presidencia)\" height=\"2191\" width=\"3286\"\/><\/p>\n<p>\u201cEl fen\u00f3meno global que est\u00e1n registrando nuestras exportaciones est\u00e1 fuertemente asociado a las consecuencias que el evento clim\u00e1tico del primer trimestre ha tenido sobre ellas y, por tanto, <b>el diagn\u00f3stico es que se trata de un fen\u00f3meno de naturaleza transitoria<\/b>\u201d, dijo ante los legisladores, seg\u00fan consta en la versi\u00f3n taquigr\u00e1fica.<\/p>\n<p>\u201c<b>Las exportaciones, si bien registran signos negativos, est\u00e1n fuertemente afectadas por la sequ\u00eda<\/b>, pero el resto de los rubros est\u00e1n mostrando un desempe\u00f1o favorable con crecimientos \u2013como se\u00f1alaba reci\u00e9n\u2013 superiores al 6 %. Estas son las razones por las cuales, s<b>i bien estamos lejos de tener un escenario econ\u00f3mico floreciente, estamos ante una econom\u00eda en movimiento<\/b>. Ese es nuestro mensaje principal\u201d, se\u00f1al\u00f3 el ministro de Econom\u00eda. <\/p>\n","protected":false},"excerpt":{"rendered":"<p>Las exportaciones de bienes de Uruguay totalizaron los USD 1.121 millones en agosto, una cifra que signific\u00f3 una ca\u00edda del 16% respecto al mismo mes del a\u00f1o anterior. As\u00ed, las ventas al exterior volvieron a terreno negativo despu\u00e9s de la recuperaci\u00f3n registrada en julio. En lo que va del a\u00f1o, el indicador ha tenido una&#8230;<\/p>\n","protected":false},"author":1,"featured_media":96484,"comment_status":"open","ping_status":"closed","sticky":false,"template":"","format":"standard","meta":{"_jetpack_newsletter_access":"","_jetpack_dont_email_post_to_subs":false,"_jetpack_newsletter_tier_id":0,"_jetpack_memberships_contains_paywalled_content":false,"_jetpack_memberships_contains_paid_content":false,"footnotes":"","jetpack_post_was_ever_published":false},"categories":[31],"tags":[],"class_list":["post-96477","post","type-post","status-publish","format-standard","has-post-thumbnail","hentry","category-actualidad"],"magazineBlocksPostFeaturedMedia":{"thumbnail":"https:\/\/lobosnews.com.ar\/wp-content\/uploads\/2026\/09\/golpe-de-la-sequia-a-las-exportaciones-de-uruguay-cayeron-16-en-agosto-y-la-soja-se-hundio-70-8-150x150.jpg","medium":"https:\/\/lobosnews.com.ar\/wp-content\/uploads\/2026\/09\/golpe-de-la-sequia-a-las-exportaciones-de-uruguay-cayeron-16-en-agosto-y-la-soja-se-hundio-70-8-300x200.jpg","medium_large":"https:\/\/lobosnews.com.ar\/wp-content\/uploads\/2026\/09\/golpe-de-la-sequia-a-las-exportaciones-de-uruguay-cayeron-16-en-agosto-y-la-soja-se-hundio-70-8-768x512.jpg","large":"https:\/\/lobosnews.com.ar\/wp-content\/uploads\/2026\/09\/golpe-de-la-sequia-a-las-exportaciones-de-uruguay-cayeron-16-en-agosto-y-la-soja-se-hundio-70-8-1024x683.jpg","1536x1536":"https:\/\/lobosnews.com.ar\/wp-content\/uploads\/2026\/09\/golpe-de-la-sequia-a-las-exportaciones-de-uruguay-cayeron-16-en-agosto-y-la-soja-se-hundio-70-8-1536x1024.jpg","2048x2048":"https:\/\/lobosnews.com.ar\/wp-content\/uploads\/2026\/09\/golpe-de-la-sequia-a-las-exportaciones-de-uruguay-cayeron-16-en-agosto-y-la-soja-se-hundio-70-8-2048x1366.jpg","newsmatic-featured":"https:\/\/lobosnews.com.ar\/wp-content\/uploads\/2026\/09\/golpe-de-la-sequia-a-las-exportaciones-de-uruguay-cayeron-16-en-agosto-y-la-soja-se-hundio-70-8-820x545.jpg","newsmatic-list":"https:\/\/lobosnews.com.ar\/wp-content\/uploads\/2026\/09\/golpe-de-la-sequia-a-las-exportaciones-de-uruguay-cayeron-16-en-agosto-y-la-soja-se-hundio-70-8-600x400.jpg","newsmatic-thumb":"https:\/\/lobosnews.com.ar\/wp-content\/uploads\/2026\/09\/golpe-de-la-sequia-a-las-exportaciones-de-uruguay-cayeron-16-en-agosto-y-la-soja-se-hundio-70-8-300x200.jpg","newsmatic-small":"https:\/\/lobosnews.com.ar\/wp-content\/uploads\/2026\/09\/golpe-de-la-sequia-a-las-exportaciones-de-uruguay-cayeron-16-en-agosto-y-la-soja-se-hundio-70-8-150x95.jpg","newsmatic-grid":"https:\/\/lobosnews.com.ar\/wp-content\/uploads\/2026\/09\/golpe-de-la-sequia-a-las-exportaciones-de-uruguay-cayeron-16-en-agosto-y-la-soja-se-hundio-70-8-400x250.jpg"},"magazineBlocksPostAuthor":{"name":"admin","avatar":"https:\/\/secure.gravatar.com\/avatar\/76e419471a2083bc3ceab22a763dbbf9b0c1bd15a6214cf3280e2c2dde4580f9?s=96&d=mm&r=g"},"magazineBlocksPostCommentsNumber":"0","magazineBlocksPostExcerpt":"Las exportaciones de bienes de Uruguay totalizaron los USD 1.121 millones en agosto, una cifra que signific\u00f3 una ca\u00edda del 16% respecto al mismo mes del a\u00f1o anterior. As\u00ed, las ventas al exterior volvieron a terreno negativo despu\u00e9s de la recuperaci\u00f3n registrada en julio. En lo que va del a\u00f1o, el indicador ha tenido una...","magazineBlocksPostCategories":["Actualidad"],"magazineBlocksPostViewCount":29,"magazineBlocksPostReadTime":4,"magazine_blocks_featured_image_url":{"full":["https:\/\/lobosnews.com.ar\/wp-content\/uploads\/2026\/09\/golpe-de-la-sequia-a-las-exportaciones-de-uruguay-cayeron-16-en-agosto-y-la-soja-se-hundio-70-8-scaled.jpg",2560,1707,false],"medium":["https:\/\/lobosnews.com.ar\/wp-content\/uploads\/2026\/09\/golpe-de-la-sequia-a-las-exportaciones-de-uruguay-cayeron-16-en-agosto-y-la-soja-se-hundio-70-8-300x200.jpg",300,200,true],"thumbnail":["https:\/\/lobosnews.com.ar\/wp-content\/uploads\/2026\/09\/golpe-de-la-sequia-a-las-exportaciones-de-uruguay-cayeron-16-en-agosto-y-la-soja-se-hundio-70-8-150x150.jpg",150,150,true]},"magazine_blocks_author":{"display_name":"admin","author_link":"https:\/\/lobosnews.com.ar\/index.php\/author\/lobos-news\/"},"magazine_blocks_comment":0,"magazine_blocks_author_image":"https:\/\/secure.gravatar.com\/avatar\/76e419471a2083bc3ceab22a763dbbf9b0c1bd15a6214cf3280e2c2dde4580f9?s=96&d=mm&r=g","magazine_blocks_category":"<a href=\"#\" class=\"category-link category-link-31\">Actualidad<\/a>","yoast_head":"<!-- This site is optimized with the Yoast SEO plugin v28.0 - https:\/\/yoast.com\/product\/yoast-seo-wordpress\/ -->\n<title>Golpe de la sequ\u00eda a las exportaciones de Uruguay: cayeron 16% en agosto y la soja se hundi\u00f3 70% - Lobos News<\/title>\n<meta name=\"robots\" content=\"index, follow, max-snippet:-1, max-image-preview:large, max-video-preview:-1\" \/>\n<link rel=\"canonical\" href=\"https:\/\/lobosnews.com.ar\/index.php\/2026\/09\/02\/golpe-de-la-sequia-a-las-exportaciones-de-uruguay-cayeron-16-en-agosto-y-la-soja-se-hundio-70\/\" \/>\n<meta property=\"og:locale\" content=\"es_ES\" \/>\n<meta property=\"og:type\" content=\"article\" \/>\n<meta property=\"og:title\" content=\"Golpe de la sequ\u00eda a las exportaciones de Uruguay: cayeron 16% en agosto y la soja se hundi\u00f3 70% - Lobos News\" \/>\n<meta property=\"og:description\" content=\"Las exportaciones de bienes de Uruguay totalizaron los USD 1.121 millones en agosto, una cifra que signific\u00f3 una ca\u00edda del 16% respecto al mismo mes del a\u00f1o anterior. As\u00ed, las ventas al exterior volvieron a terreno negativo despu\u00e9s de la recuperaci\u00f3n registrada en julio. En lo que va del a\u00f1o, el indicador ha tenido una...\" \/>\n<meta property=\"og:url\" content=\"https:\/\/lobosnews.com.ar\/index.php\/2026\/09\/02\/golpe-de-la-sequia-a-las-exportaciones-de-uruguay-cayeron-16-en-agosto-y-la-soja-se-hundio-70\/\" \/>\n<meta property=\"og:site_name\" content=\"Lobos News\" \/>\n<meta property=\"article:published_time\" content=\"2026-09-02T11:19:54+00:00\" \/>\n<meta property=\"article:modified_time\" content=\"2026-09-02T13:15:52+00:00\" \/>\n<meta property=\"og:image\" content=\"https:\/\/lobosnews.com.ar\/wp-content\/uploads\/2026\/09\/golpe-de-la-sequia-a-las-exportaciones-de-uruguay-cayeron-16-en-agosto-y-la-soja-se-hundio-70-8-scaled.jpg\" \/>\n\t<meta property=\"og:image:width\" content=\"2560\" \/>\n\t<meta property=\"og:image:height\" content=\"1707\" \/>\n\t<meta property=\"og:image:type\" content=\"image\/jpeg\" \/>\n<meta name=\"author\" content=\"admin\" \/>\n<meta name=\"twitter:card\" content=\"summary_large_image\" \/>\n<meta name=\"twitter:label1\" content=\"Escrito por\" \/>\n\t<meta name=\"twitter:data1\" content=\"admin\" \/>\n\t<meta name=\"twitter:label2\" content=\"Tiempo de lectura\" \/>\n\t<meta name=\"twitter:data2\" content=\"3 minutos\" \/>\n<script type=\"application\/ld+json\" class=\"yoast-schema-graph\">{\"@context\":\"https:\\\/\\\/schema.org\",\"@graph\":[{\"@type\":\"Article\",\"@id\":\"https:\\\/\\\/lobosnews.com.ar\\\/index.php\\\/2026\\\/09\\\/02\\\/golpe-de-la-sequia-a-las-exportaciones-de-uruguay-cayeron-16-en-agosto-y-la-soja-se-hundio-70\\\/#article\",\"isPartOf\":{\"@id\":\"https:\\\/\\\/lobosnews.com.ar\\\/index.php\\\/2026\\\/09\\\/02\\\/golpe-de-la-sequia-a-las-exportaciones-de-uruguay-cayeron-16-en-agosto-y-la-soja-se-hundio-70\\\/\"},\"author\":{\"name\":\"admin\",\"@id\":\"https:\\\/\\\/lobosnews.com.ar\\\/#\\\/schema\\\/person\\\/232422a593d5c541dd9aef6aaed10943\"},\"headline\":\"Golpe de la sequ\u00eda a las exportaciones de Uruguay: cayeron 16% en agosto y la soja se hundi\u00f3 70%\",\"datePublished\":\"2026-09-02T11:19:54+00:00\",\"dateModified\":\"2026-09-02T13:15:52+00:00\",\"mainEntityOfPage\":{\"@id\":\"https:\\\/\\\/lobosnews.com.ar\\\/index.php\\\/2026\\\/09\\\/02\\\/golpe-de-la-sequia-a-las-exportaciones-de-uruguay-cayeron-16-en-agosto-y-la-soja-se-hundio-70\\\/\"},\"wordCount\":699,\"commentCount\":0,\"publisher\":{\"@id\":\"https:\\\/\\\/lobosnews.com.ar\\\/#organization\"},\"image\":{\"@id\":\"https:\\\/\\\/lobosnews.com.ar\\\/index.php\\\/2026\\\/09\\\/02\\\/golpe-de-la-sequia-a-las-exportaciones-de-uruguay-cayeron-16-en-agosto-y-la-soja-se-hundio-70\\\/#primaryimage\"},\"thumbnailUrl\":\"https:\\\/\\\/lobosnews.com.ar\\\/wp-content\\\/uploads\\\/2026\\\/09\\\/golpe-de-la-sequia-a-las-exportaciones-de-uruguay-cayeron-16-en-agosto-y-la-soja-se-hundio-70-8-scaled.jpg\",\"articleSection\":[\"Actualidad\"],\"inLanguage\":\"es\",\"potentialAction\":[{\"@type\":\"CommentAction\",\"name\":\"Comment\",\"target\":[\"https:\\\/\\\/lobosnews.com.ar\\\/index.php\\\/2026\\\/09\\\/02\\\/golpe-de-la-sequia-a-las-exportaciones-de-uruguay-cayeron-16-en-agosto-y-la-soja-se-hundio-70\\\/#respond\"]}]},{\"@type\":\"WebPage\",\"@id\":\"https:\\\/\\\/lobosnews.com.ar\\\/index.php\\\/2026\\\/09\\\/02\\\/golpe-de-la-sequia-a-las-exportaciones-de-uruguay-cayeron-16-en-agosto-y-la-soja-se-hundio-70\\\/\",\"url\":\"https:\\\/\\\/lobosnews.com.ar\\\/index.php\\\/2026\\\/09\\\/02\\\/golpe-de-la-sequia-a-las-exportaciones-de-uruguay-cayeron-16-en-agosto-y-la-soja-se-hundio-70\\\/\",\"name\":\"Golpe de la sequ\u00eda a las exportaciones de Uruguay: cayeron 16% en agosto y la soja se hundi\u00f3 70% - Lobos News\",\"isPartOf\":{\"@id\":\"https:\\\/\\\/lobosnews.com.ar\\\/#website\"},\"primaryImageOfPage\":{\"@id\":\"https:\\\/\\\/lobosnews.com.ar\\\/index.php\\\/2026\\\/09\\\/02\\\/golpe-de-la-sequia-a-las-exportaciones-de-uruguay-cayeron-16-en-agosto-y-la-soja-se-hundio-70\\\/#primaryimage\"},\"image\":{\"@id\":\"https:\\\/\\\/lobosnews.com.ar\\\/index.php\\\/2026\\\/09\\\/02\\\/golpe-de-la-sequia-a-las-exportaciones-de-uruguay-cayeron-16-en-agosto-y-la-soja-se-hundio-70\\\/#primaryimage\"},\"thumbnailUrl\":\"https:\\\/\\\/lobosnews.com.ar\\\/wp-content\\\/uploads\\\/2026\\\/09\\\/golpe-de-la-sequia-a-las-exportaciones-de-uruguay-cayeron-16-en-agosto-y-la-soja-se-hundio-70-8-scaled.jpg\",\"datePublished\":\"2026-09-02T11:19:54+00:00\",\"dateModified\":\"2026-09-02T13:15:52+00:00\",\"breadcrumb\":{\"@id\":\"https:\\\/\\\/lobosnews.com.ar\\\/index.php\\\/2026\\\/09\\\/02\\\/golpe-de-la-sequia-a-las-exportaciones-de-uruguay-cayeron-16-en-agosto-y-la-soja-se-hundio-70\\\/#breadcrumb\"},\"inLanguage\":\"es\",\"potentialAction\":[{\"@type\":\"ReadAction\",\"target\":[\"https:\\\/\\\/lobosnews.com.ar\\\/index.php\\\/2026\\\/09\\\/02\\\/golpe-de-la-sequia-a-las-exportaciones-de-uruguay-cayeron-16-en-agosto-y-la-soja-se-hundio-70\\\/\"]}]},{\"@type\":\"ImageObject\",\"inLanguage\":\"es\",\"@id\":\"https:\\\/\\\/lobosnews.com.ar\\\/index.php\\\/2026\\\/09\\\/02\\\/golpe-de-la-sequia-a-las-exportaciones-de-uruguay-cayeron-16-en-agosto-y-la-soja-se-hundio-70\\\/#primaryimage\",\"url\":\"https:\\\/\\\/lobosnews.com.ar\\\/wp-content\\\/uploads\\\/2026\\\/09\\\/golpe-de-la-sequia-a-las-exportaciones-de-uruguay-cayeron-16-en-agosto-y-la-soja-se-hundio-70-8-scaled.jpg\",\"contentUrl\":\"https:\\\/\\\/lobosnews.com.ar\\\/wp-content\\\/uploads\\\/2026\\\/09\\\/golpe-de-la-sequia-a-las-exportaciones-de-uruguay-cayeron-16-en-agosto-y-la-soja-se-hundio-70-8-scaled.jpg\",\"width\":2560,\"height\":1707,\"caption\":\"Golpe de la sequ\u00eda a las exportaciones de Uruguay: cayeron 16% en agosto y la soja se hundi\u00f3 70%\"},{\"@type\":\"BreadcrumbList\",\"@id\":\"https:\\\/\\\/lobosnews.com.ar\\\/index.php\\\/2026\\\/09\\\/02\\\/golpe-de-la-sequia-a-las-exportaciones-de-uruguay-cayeron-16-en-agosto-y-la-soja-se-hundio-70\\\/#breadcrumb\",\"itemListElement\":[{\"@type\":\"ListItem\",\"position\":1,\"name\":\"Portada\",\"item\":\"https:\\\/\\\/lobosnews.com.ar\\\/\"},{\"@type\":\"ListItem\",\"position\":2,\"name\":\"Golpe de la sequ\u00eda a las exportaciones de Uruguay: cayeron 16% en agosto y la soja se hundi\u00f3 70%\"}]},{\"@type\":\"WebSite\",\"@id\":\"https:\\\/\\\/lobosnews.com.ar\\\/#website\",\"url\":\"https:\\\/\\\/lobosnews.com.ar\\\/\",\"name\":\"Lobos News\",\"description\":\"Informaci\u00f3n a cada instante\",\"publisher\":{\"@id\":\"https:\\\/\\\/lobosnews.com.ar\\\/#organization\"},\"potentialAction\":[{\"@type\":\"SearchAction\",\"target\":{\"@type\":\"EntryPoint\",\"urlTemplate\":\"https:\\\/\\\/lobosnews.com.ar\\\/?s={search_term_string}\"},\"query-input\":{\"@type\":\"PropertyValueSpecification\",\"valueRequired\":true,\"valueName\":\"search_term_string\"}}],\"inLanguage\":\"es\"},{\"@type\":\"Organization\",\"@id\":\"https:\\\/\\\/lobosnews.com.ar\\\/#organization\",\"name\":\"Lobos News\",\"url\":\"https:\\\/\\\/lobosnews.com.ar\\\/\",\"logo\":{\"@type\":\"ImageObject\",\"inLanguage\":\"es\",\"@id\":\"https:\\\/\\\/lobosnews.com.ar\\\/#\\\/schema\\\/logo\\\/image\\\/\",\"url\":\"https:\\\/\\\/lobosnews.com.ar\\\/wp-content\\\/uploads\\\/2026\\\/01\\\/logo-lobosnews.png\",\"contentUrl\":\"https:\\\/\\\/lobosnews.com.ar\\\/wp-content\\\/uploads\\\/2026\\\/01\\\/logo-lobosnews.png\",\"width\":500,\"height\":200,\"caption\":\"Lobos News\"},\"image\":{\"@id\":\"https:\\\/\\\/lobosnews.com.ar\\\/#\\\/schema\\\/logo\\\/image\\\/\"}},{\"@type\":\"Person\",\"@id\":\"https:\\\/\\\/lobosnews.com.ar\\\/#\\\/schema\\\/person\\\/232422a593d5c541dd9aef6aaed10943\",\"name\":\"admin\",\"image\":{\"@type\":\"ImageObject\",\"inLanguage\":\"es\",\"@id\":\"https:\\\/\\\/secure.gravatar.com\\\/avatar\\\/76e419471a2083bc3ceab22a763dbbf9b0c1bd15a6214cf3280e2c2dde4580f9?s=96&d=mm&r=g\",\"url\":\"https:\\\/\\\/secure.gravatar.com\\\/avatar\\\/76e419471a2083bc3ceab22a763dbbf9b0c1bd15a6214cf3280e2c2dde4580f9?s=96&d=mm&r=g\",\"contentUrl\":\"https:\\\/\\\/secure.gravatar.com\\\/avatar\\\/76e419471a2083bc3ceab22a763dbbf9b0c1bd15a6214cf3280e2c2dde4580f9?s=96&d=mm&r=g\",\"caption\":\"admin\"},\"sameAs\":[\"https:\\\/\\\/lobosnews.com.ar\"],\"url\":\"https:\\\/\\\/lobosnews.com.ar\\\/index.php\\\/author\\\/lobos-news\\\/\"}]}<\/script>\n<!-- \/ Yoast SEO plugin. -->","yoast_head_json":{"title":"Golpe de la sequ\u00eda a las exportaciones de Uruguay: cayeron 16% en agosto y la soja se hundi\u00f3 70% - Lobos News","robots":{"index":"index","follow":"follow","max-snippet":"max-snippet:-1","max-image-preview":"max-image-preview:large","max-video-preview":"max-video-preview:-1"},"canonical":"https:\/\/lobosnews.com.ar\/index.php\/2026\/09\/02\/golpe-de-la-sequia-a-las-exportaciones-de-uruguay-cayeron-16-en-agosto-y-la-soja-se-hundio-70\/","og_locale":"es_ES","og_type":"article","og_title":"Golpe de la sequ\u00eda a las exportaciones de Uruguay: cayeron 16% en agosto y la soja se hundi\u00f3 70% - Lobos News","og_description":"Las exportaciones de bienes de Uruguay totalizaron los USD 1.121 millones en agosto, una cifra que signific\u00f3 una ca\u00edda del 16% respecto al mismo mes del a\u00f1o anterior. As\u00ed, las ventas al exterior volvieron a terreno negativo despu\u00e9s de la recuperaci\u00f3n registrada en julio. En lo que va del a\u00f1o, el indicador ha tenido una...","og_url":"https:\/\/lobosnews.com.ar\/index.php\/2026\/09\/02\/golpe-de-la-sequia-a-las-exportaciones-de-uruguay-cayeron-16-en-agosto-y-la-soja-se-hundio-70\/","og_site_name":"Lobos News","article_published_time":"2026-09-02T11:19:54+00:00","article_modified_time":"2026-09-02T13:15:52+00:00","og_image":[{"width":2560,"height":1707,"url":"https:\/\/lobosnews.com.ar\/wp-content\/uploads\/2026\/09\/golpe-de-la-sequia-a-las-exportaciones-de-uruguay-cayeron-16-en-agosto-y-la-soja-se-hundio-70-8-scaled.jpg","type":"image\/jpeg"}],"author":"admin","twitter_card":"summary_large_image","twitter_misc":{"Escrito por":"admin","Tiempo de lectura":"3 minutos"},"schema":{"@context":"https:\/\/schema.org","@graph":[{"@type":"Article","@id":"https:\/\/lobosnews.com.ar\/index.php\/2026\/09\/02\/golpe-de-la-sequia-a-las-exportaciones-de-uruguay-cayeron-16-en-agosto-y-la-soja-se-hundio-70\/#article","isPartOf":{"@id":"https:\/\/lobosnews.com.ar\/index.php\/2026\/09\/02\/golpe-de-la-sequia-a-las-exportaciones-de-uruguay-cayeron-16-en-agosto-y-la-soja-se-hundio-70\/"},"author":{"name":"admin","@id":"https:\/\/lobosnews.com.ar\/#\/schema\/person\/232422a593d5c541dd9aef6aaed10943"},"headline":"Golpe de la sequ\u00eda a las exportaciones de Uruguay: cayeron 16% en agosto y la soja se hundi\u00f3 70%","datePublished":"2026-09-02T11:19:54+00:00","dateModified":"2026-09-02T13:15:52+00:00","mainEntityOfPage":{"@id":"https:\/\/lobosnews.com.ar\/index.php\/2026\/09\/02\/golpe-de-la-sequia-a-las-exportaciones-de-uruguay-cayeron-16-en-agosto-y-la-soja-se-hundio-70\/"},"wordCount":699,"commentCount":0,"publisher":{"@id":"https:\/\/lobosnews.com.ar\/#organization"},"image":{"@id":"https:\/\/lobosnews.com.ar\/index.php\/2026\/09\/02\/golpe-de-la-sequia-a-las-exportaciones-de-uruguay-cayeron-16-en-agosto-y-la-soja-se-hundio-70\/#primaryimage"},"thumbnailUrl":"https:\/\/lobosnews.com.ar\/wp-content\/uploads\/2026\/09\/golpe-de-la-sequia-a-las-exportaciones-de-uruguay-cayeron-16-en-agosto-y-la-soja-se-hundio-70-8-scaled.jpg","articleSection":["Actualidad"],"inLanguage":"es","potentialAction":[{"@type":"CommentAction","name":"Comment","target":["https:\/\/lobosnews.com.ar\/index.php\/2026\/09\/02\/golpe-de-la-sequia-a-las-exportaciones-de-uruguay-cayeron-16-en-agosto-y-la-soja-se-hundio-70\/#respond"]}]},{"@type":"WebPage","@id":"https:\/\/lobosnews.com.ar\/index.php\/2026\/09\/02\/golpe-de-la-sequia-a-las-exportaciones-de-uruguay-cayeron-16-en-agosto-y-la-soja-se-hundio-70\/","url":"https:\/\/lobosnews.com.ar\/index.php\/2026\/09\/02\/golpe-de-la-sequia-a-las-exportaciones-de-uruguay-cayeron-16-en-agosto-y-la-soja-se-hundio-70\/","name":"Golpe de la sequ\u00eda a las exportaciones de Uruguay: cayeron 16% en agosto y la soja se hundi\u00f3 70% - Lobos News","isPartOf":{"@id":"https:\/\/lobosnews.com.ar\/#website"},"primaryImageOfPage":{"@id":"https:\/\/lobosnews.com.ar\/index.php\/2026\/09\/02\/golpe-de-la-sequia-a-las-exportaciones-de-uruguay-cayeron-16-en-agosto-y-la-soja-se-hundio-70\/#primaryimage"},"image":{"@id":"https:\/\/lobosnews.com.ar\/index.php\/2026\/09\/02\/golpe-de-la-sequia-a-las-exportaciones-de-uruguay-cayeron-16-en-agosto-y-la-soja-se-hundio-70\/#primaryimage"},"thumbnailUrl":"https:\/\/lobosnews.com.ar\/wp-content\/uploads\/2026\/09\/golpe-de-la-sequia-a-las-exportaciones-de-uruguay-cayeron-16-en-agosto-y-la-soja-se-hundio-70-8-scaled.jpg","datePublished":"2026-09-02T11:19:54+00:00","dateModified":"2026-09-02T13:15:52+00:00","breadcrumb":{"@id":"https:\/\/lobosnews.com.ar\/index.php\/2026\/09\/02\/golpe-de-la-sequia-a-las-exportaciones-de-uruguay-cayeron-16-en-agosto-y-la-soja-se-hundio-70\/#breadcrumb"},"inLanguage":"es","potentialAction":[{"@type":"ReadAction","target":["https:\/\/lobosnews.com.ar\/index.php\/2026\/09\/02\/golpe-de-la-sequia-a-las-exportaciones-de-uruguay-cayeron-16-en-agosto-y-la-soja-se-hundio-70\/"]}]},{"@type":"ImageObject","inLanguage":"es","@id":"https:\/\/lobosnews.com.ar\/index.php\/2026\/09\/02\/golpe-de-la-sequia-a-las-exportaciones-de-uruguay-cayeron-16-en-agosto-y-la-soja-se-hundio-70\/#primaryimage","url":"https:\/\/lobosnews.com.ar\/wp-content\/uploads\/2026\/09\/golpe-de-la-sequia-a-las-exportaciones-de-uruguay-cayeron-16-en-agosto-y-la-soja-se-hundio-70-8-scaled.jpg","contentUrl":"https:\/\/lobosnews.com.ar\/wp-content\/uploads\/2026\/09\/golpe-de-la-sequia-a-las-exportaciones-de-uruguay-cayeron-16-en-agosto-y-la-soja-se-hundio-70-8-scaled.jpg","width":2560,"height":1707,"caption":"Golpe de la sequ\u00eda a las exportaciones de Uruguay: cayeron 16% en agosto y la soja se hundi\u00f3 70%"},{"@type":"BreadcrumbList","@id":"https:\/\/lobosnews.com.ar\/index.php\/2026\/09\/02\/golpe-de-la-sequia-a-las-exportaciones-de-uruguay-cayeron-16-en-agosto-y-la-soja-se-hundio-70\/#breadcrumb","itemListElement":[{"@type":"ListItem","position":1,"name":"Portada","item":"https:\/\/lobosnews.com.ar\/"},{"@type":"ListItem","position":2,"name":"Golpe de la sequ\u00eda a las exportaciones de Uruguay: cayeron 16% en agosto y la soja se hundi\u00f3 70%"}]},{"@type":"WebSite","@id":"https:\/\/lobosnews.com.ar\/#website","url":"https:\/\/lobosnews.com.ar\/","name":"Lobos News","description":"Informaci\u00f3n a cada instante","publisher":{"@id":"https:\/\/lobosnews.com.ar\/#organization"},"potentialAction":[{"@type":"SearchAction","target":{"@type":"EntryPoint","urlTemplate":"https:\/\/lobosnews.com.ar\/?s={search_term_string}"},"query-input":{"@type":"PropertyValueSpecification","valueRequired":true,"valueName":"search_term_string"}}],"inLanguage":"es"},{"@type":"Organization","@id":"https:\/\/lobosnews.com.ar\/#organization","name":"Lobos News","url":"https:\/\/lobosnews.com.ar\/","logo":{"@type":"ImageObject","inLanguage":"es","@id":"https:\/\/lobosnews.com.ar\/#\/schema\/logo\/image\/","url":"https:\/\/lobosnews.com.ar\/wp-content\/uploads\/2026\/01\/logo-lobosnews.png","contentUrl":"https:\/\/lobosnews.com.ar\/wp-content\/uploads\/2026\/01\/logo-lobosnews.png","width":500,"height":200,"caption":"Lobos News"},"image":{"@id":"https:\/\/lobosnews.com.ar\/#\/schema\/logo\/image\/"}},{"@type":"Person","@id":"https:\/\/lobosnews.com.ar\/#\/schema\/person\/232422a593d5c541dd9aef6aaed10943","name":"admin","image":{"@type":"ImageObject","inLanguage":"es","@id":"https:\/\/secure.gravatar.com\/avatar\/76e419471a2083bc3ceab22a763dbbf9b0c1bd15a6214cf3280e2c2dde4580f9?s=96&d=mm&r=g","url":"https:\/\/secure.gravatar.com\/avatar\/76e419471a2083bc3ceab22a763dbbf9b0c1bd15a6214cf3280e2c2dde4580f9?s=96&d=mm&r=g","contentUrl":"https:\/\/secure.gravatar.com\/avatar\/76e419471a2083bc3ceab22a763dbbf9b0c1bd15a6214cf3280e2c2dde4580f9?s=96&d=mm&r=g","caption":"admin"},"sameAs":["https:\/\/lobosnews.com.ar"],"url":"https:\/\/lobosnews.com.ar\/index.php\/author\/lobos-news\/"}]}},"jetpack_featured_media_url":"https:\/\/lobosnews.com.ar\/wp-content\/uploads\/2026\/09\/golpe-de-la-sequia-a-las-exportaciones-de-uruguay-cayeron-16-en-agosto-y-la-soja-se-hundio-70-8-scaled.jpg","jetpack_sharing_enabled":true,"_links":{"self":[{"href":"https:\/\/lobosnews.com.ar\/index.php\/wp-json\/wp\/v2\/posts\/96477","targetHints":{"allow":["GET"]}}],"collection":[{"href":"https:\/\/lobosnews.com.ar\/index.php\/wp-json\/wp\/v2\/posts"}],"about":[{"href":"https:\/\/lobosnews.com.ar\/index.php\/wp-json\/wp\/v2\/types\/post"}],"author":[{"embeddable":true,"href":"https:\/\/lobosnews.com.ar\/index.php\/wp-json\/wp\/v2\/users\/1"}],"replies":[{"embeddable":true,"href":"https:\/\/lobosnews.com.ar\/index.php\/wp-json\/wp\/v2\/comments?post=96477"}],"version-history":[{"count":1,"href":"https:\/\/lobosnews.com.ar\/index.php\/wp-json\/wp\/v2\/posts\/96477\/revisions"}],"predecessor-version":[{"id":96483,"href":"https:\/\/lobosnews.com.ar\/index.php\/wp-json\/wp\/v2\/posts\/96477\/revisions\/96483"}],"wp:featuredmedia":[{"embeddable":true,"href":"https:\/\/lobosnews.com.ar\/index.php\/wp-json\/wp\/v2\/media\/96484"}],"wp:attachment":[{"href":"https:\/\/lobosnews.com.ar\/index.php\/wp-json\/wp\/v2\/media?parent=96477"}],"wp:term":[{"taxonomy":"category","embeddable":true,"href":"https:\/\/lobosnews.com.ar\/index.php\/wp-json\/wp\/v2\/categories?post=96477"},{"taxonomy":"post_tag","embeddable":true,"href":"https:\/\/lobosnews.com.ar\/index.php\/wp-json\/wp\/v2\/tags?post=96477"}],"curies":[{"name":"wp","href":"https:\/\/api.w.org\/{rel}","templated":true}]}}