{"id":96463,"date":"2026-09-02T11:59:42","date_gmt":"2026-09-02T11:59:42","guid":{"rendered":"https:\/\/lobosnews.com.ar\/?p=96463"},"modified":"2026-09-02T13:15:38","modified_gmt":"2026-09-02T13:15:38","slug":"confeso-por-eso-hice-esto-tras-ser-detenido-por-el-ataque-que-mato-a-su-expareja-en-la-ciudad-de-guatemala","status":"publish","type":"post","link":"https:\/\/lobosnews.com.ar\/index.php\/2026\/09\/02\/confeso-por-eso-hice-esto-tras-ser-detenido-por-el-ataque-que-mato-a-su-expareja-en-la-ciudad-de-guatemala\/","title":{"rendered":"Confes\u00f3 \u201cpor eso hice esto\u201d tras ser detenido por el ataque que mat\u00f3 a su expareja en la Ciudad de Guatemala"},"content":{"rendered":"<p><img fetchpriority=\"high\" decoding=\"async\" src=\"https:\/\/lobosnews.com.ar\/wp-content\/uploads\/2026\/09\/confeso-por-eso-hice-esto-tras-ser-detenido-por-el-ataque-que-mato-a-su-expareja-en-la-ciudad-de-guatemala.jpg\" alt=\"Kener Josu\u00e9 L\u00f3pez Ruano fue capturado tras el ataque armado que mat\u00f3 a su expareja, Reina Violeta Herrarte L\u00f3pez, en la zona 21. (PNC de Guatemala)\" height=\"900\" width=\"1600\"\/><\/p>\n<p><b>Kener Josu\u00e9 L\u00f3pez Ruano<\/b>, de 28 a\u00f1os,<b> fue capturado<\/b> tras el <span class=\"waslinkname\"><b>ataque armado<\/b><\/span> que caus\u00f3 la muerte de su expareja, <b>Reina Violeta Herrarte L\u00f3pez<\/b>, aparentemente por un caso de celos.<\/p>\n<p>El hecho ocurri\u00f3 este martes 1 de septiembre en el ingreso de campos de f\u00fatbol ubicados en la 33 avenida y 10a. calle de la colonia Justo Rufino Barrios, e la zona 21<\/p>\n<p>La v\u00edctima, de nacionalidad <b>hondure\u00f1a<\/b>, sufri\u00f3 heridas de proyectil de arma de fuego en la <b>cabeza y el pecho<\/b>, por lo que param\u00e9dicos de Bomberos Voluntarios nada pudieron hacer para salvarle la vida.<\/p>\n<p>La Polic\u00eda Nacional Civil (PNC) inform\u00f3 que el detenido, ambos de 28 a\u00f1os, presuntamente <span class=\"waslinkname\">intentaba escapar<\/span> cuando agentes lo interceptaron. Durante el procedimiento, los polic\u00edas le incautaron una pistola <b>calibre 9 mil\u00edmetros<\/b> que, se presume, fue utilizada para cometer el feminicidio.<\/p>\n<p><img loading=\"lazy\" decoding=\"async\" src=\"https:\/\/lobosnews.com.ar\/wp-content\/uploads\/2026\/09\/confeso-por-eso-hice-esto-tras-ser-detenido-por-el-ataque-que-mato-a-su-expareja-en-la-ciudad-de-guatemala-1.jpg\" alt=\"La PNC intercept\u00f3 a L\u00f3pez Ruano cuando presuntamente intentaba escapar y le incaut\u00f3 una pistola calibre 9 mil\u00edmetros. (PNC de Guatemala)\" height=\"1599\" width=\"899\"\/><\/p>\n<h2>La PNC investiga una discusi\u00f3n previa entre la v\u00edctima y el detenido<\/h2>\n<p>\u201cYo la cach\u00e9 hablando con otro y no respet\u00f3, lo que ten\u00edamos. Por eso hice esto\u201d, afirm\u00f3 L\u00f3pez Ruano cuando era detenido por agentes de la Comisar\u00eda 14.<\/p>\n<p>Las pesquisas preliminares indican que Herrarte L\u00f3pez y L\u00f3pez Ruano, ambos trabajadores de una empresa de seguridad privada, hab\u00edan mantenido una <b>relaci\u00f3n sentimental<\/b> y cada tarde se reun\u00edan en el campo de f\u00fatbol durante su hora de descanso.<\/p>\n<p>La pareja hab\u00eda acordado <b>distanciarse<\/b>, pero quedaron que juntarse en el mismo lugar para hablar al respecto. Seg\u00fan afirm\u00f3 el detenido a los agentes, cuando lleg\u00f3 al campo <b>encontr\u00f3 a Herrarte L\u00f3pez hablando con otro hombre<\/b>, lo que provoc\u00f3 un<b> arranque de celos<\/b> y le dispar\u00f3, narr\u00f3 el victimario.<\/p>\n<p>No obstante, esa hip\u00f3tesis debe de ser confirmada durante la investigaci\u00f3n que realicen los fiscales del Ministerio P\u00fablico (MP).<\/p>\n<p><img loading=\"lazy\" decoding=\"async\" src=\"https:\/\/lobosnews.com.ar\/wp-content\/uploads\/2026\/09\/confeso-por-eso-hice-esto-tras-ser-detenido-por-el-ataque-que-mato-a-su-expareja-en-la-ciudad-de-guatemala-2.jpg\" alt=\"Reina Violeta Herrarte L\u00f3pez, de nacionalidad hondure\u00f1a, recibi\u00f3 disparos en la cabeza y el pecho y muri\u00f3 en el lugar. (Redes Sociales)\" height=\"1360\" width=\"1263\"\/><\/p>\n<p>Los agentes localizaron a la mujer a unos 100 metros del punto en el que detuvieron al se\u00f1alado. El arma decomisada qued\u00f3 bajo resguardo como parte de los indicios que deber\u00e1n ser analizados dentro del expediente.<\/p>\n<p>El hombre fue puesto a disposici\u00f3n del juzgado correspondiente, donde deber\u00e1 solventar su situaci\u00f3n legal. La investigaci\u00f3n busca determinar la secuencia de los hechos y establecer las responsabilidades penales que correspondan.<\/p>\n<p><img loading=\"lazy\" decoding=\"async\" src=\"https:\/\/lobosnews.com.ar\/wp-content\/uploads\/2026\/09\/confeso-por-eso-hice-esto-tras-ser-detenido-por-el-ataque-que-mato-a-su-expareja-en-la-ciudad-de-guatemala-3.jpg\" alt=\"El feminicidio ocurri\u00f3 el 1 de septiembre en el ingreso a campos de f\u00fatbol de la colonia Justo Rufino Barrios, en la zona 21. (PNC de Guatemala)\" height=\"591\" width=\"1280\"\/><\/p>\n<h2>La zona 21 acumula al menos tres cuerpos localizados en costales<\/h2>\n<p>La colonia <b>Cerro Gordo<\/b>, tambi\u00e9n ubicada en la <b>zona 21<\/b>, fue escenario de dos hallazgos de cad\u00e1veres durante agosto. El primero ocurri\u00f3 el 2 de agosto, cuando las autoridades localizaron <span class=\"waslinkname\"><b>un cuerpo dentro de costales<\/b><\/span>.<\/p>\n<p>El 18 de agosto, los Bomberos Voluntarios encontraron <b>otros dos cad\u00e1veres envueltos en bolsas pl\u00e1sticas<\/b> en la 3a. avenida y 7a. calle tambi\u00e9n de Cerro Gordo. En ese momento no se conoc\u00edan la identidad, el sexo ni la edad aproximada de las v\u00edctimas.<\/p>\n<p>Dos d\u00edas despu\u00e9s, la PNC captur\u00f3 a Elder \u201cN\u201d, alias El Chino, un presunto integrante del <span class=\"waslinkname\"><b>Barrio 18<\/b><\/span> requerido por asesinato. La investigaci\u00f3n policial lo vincul\u00f3 de manera preliminar con el <b>abandono de cuerpos en distintos puntos de la capital<\/b>, incluido el caso registrado en Cerro Gordo el 2 de agosto.<\/p>\n<p>Las autoridades mantienen abiertas las indagaciones sobre esos hallazgos. La informaci\u00f3n disponible no establece una conexi\u00f3n entre los cr\u00edmenes de Cerro Gordo y el ataque contra Herrarte L\u00f3pez en la colonia Justo Rufino Barrios.<\/p>\n","protected":false},"excerpt":{"rendered":"<p>Kener Josu\u00e9 L\u00f3pez Ruano, de 28 a\u00f1os, fue capturado tras el ataque armado que caus\u00f3 la muerte de su expareja, Reina Violeta Herrarte L\u00f3pez, aparentemente por un caso de celos. El hecho ocurri\u00f3 este martes 1 de septiembre en el ingreso de campos de f\u00fatbol ubicados en la 33 avenida y 10a. calle de la&#8230;<\/p>\n","protected":false},"author":1,"featured_media":96469,"comment_status":"open","ping_status":"closed","sticky":false,"template":"","format":"standard","meta":{"_jetpack_newsletter_access":"","_jetpack_dont_email_post_to_subs":false,"_jetpack_newsletter_tier_id":0,"_jetpack_memberships_contains_paywalled_content":false,"_jetpack_memberships_contains_paid_content":false,"footnotes":"","jetpack_post_was_ever_published":false},"categories":[31],"tags":[],"class_list":["post-96463","post","type-post","status-publish","format-standard","has-post-thumbnail","hentry","category-actualidad"],"magazineBlocksPostFeaturedMedia":{"thumbnail":"https:\/\/lobosnews.com.ar\/wp-content\/uploads\/2026\/09\/confeso-por-eso-hice-esto-tras-ser-detenido-por-el-ataque-que-mato-a-su-expareja-en-la-ciudad-de-guatemala-6-150x150.jpg","medium":"https:\/\/lobosnews.com.ar\/wp-content\/uploads\/2026\/09\/confeso-por-eso-hice-esto-tras-ser-detenido-por-el-ataque-que-mato-a-su-expareja-en-la-ciudad-de-guatemala-6-300x139.jpg","medium_large":"https:\/\/lobosnews.com.ar\/wp-content\/uploads\/2026\/09\/confeso-por-eso-hice-esto-tras-ser-detenido-por-el-ataque-que-mato-a-su-expareja-en-la-ciudad-de-guatemala-6-768x355.jpg","large":"https:\/\/lobosnews.com.ar\/wp-content\/uploads\/2026\/09\/confeso-por-eso-hice-esto-tras-ser-detenido-por-el-ataque-que-mato-a-su-expareja-en-la-ciudad-de-guatemala-6-1024x473.jpg","1536x1536":"https:\/\/lobosnews.com.ar\/wp-content\/uploads\/2026\/09\/confeso-por-eso-hice-esto-tras-ser-detenido-por-el-ataque-que-mato-a-su-expareja-en-la-ciudad-de-guatemala-6.jpg","2048x2048":"https:\/\/lobosnews.com.ar\/wp-content\/uploads\/2026\/09\/confeso-por-eso-hice-esto-tras-ser-detenido-por-el-ataque-que-mato-a-su-expareja-en-la-ciudad-de-guatemala-6.jpg","newsmatic-featured":"https:\/\/lobosnews.com.ar\/wp-content\/uploads\/2026\/09\/confeso-por-eso-hice-esto-tras-ser-detenido-por-el-ataque-que-mato-a-su-expareja-en-la-ciudad-de-guatemala-6-820x545.jpg","newsmatic-list":"https:\/\/lobosnews.com.ar\/wp-content\/uploads\/2026\/09\/confeso-por-eso-hice-esto-tras-ser-detenido-por-el-ataque-que-mato-a-su-expareja-en-la-ciudad-de-guatemala-6-600x400.jpg","newsmatic-thumb":"https:\/\/lobosnews.com.ar\/wp-content\/uploads\/2026\/09\/confeso-por-eso-hice-esto-tras-ser-detenido-por-el-ataque-que-mato-a-su-expareja-en-la-ciudad-de-guatemala-6-300x200.jpg","newsmatic-small":"https:\/\/lobosnews.com.ar\/wp-content\/uploads\/2026\/09\/confeso-por-eso-hice-esto-tras-ser-detenido-por-el-ataque-que-mato-a-su-expareja-en-la-ciudad-de-guatemala-6-150x95.jpg","newsmatic-grid":"https:\/\/lobosnews.com.ar\/wp-content\/uploads\/2026\/09\/confeso-por-eso-hice-esto-tras-ser-detenido-por-el-ataque-que-mato-a-su-expareja-en-la-ciudad-de-guatemala-6-400x250.jpg"},"magazineBlocksPostAuthor":{"name":"admin","avatar":"https:\/\/secure.gravatar.com\/avatar\/76e419471a2083bc3ceab22a763dbbf9b0c1bd15a6214cf3280e2c2dde4580f9?s=96&d=mm&r=g"},"magazineBlocksPostCommentsNumber":"0","magazineBlocksPostExcerpt":"Kener Josu\u00e9 L\u00f3pez Ruano, de 28 a\u00f1os, fue capturado tras el ataque armado que caus\u00f3 la muerte de su expareja, Reina Violeta Herrarte L\u00f3pez, aparentemente por un caso de celos. El hecho ocurri\u00f3 este martes 1 de septiembre en el ingreso de campos de f\u00fatbol ubicados en la 33 avenida y 10a. calle de la...","magazineBlocksPostCategories":["Actualidad"],"magazineBlocksPostViewCount":87,"magazineBlocksPostReadTime":3,"magazine_blocks_featured_image_url":{"full":["https:\/\/lobosnews.com.ar\/wp-content\/uploads\/2026\/09\/confeso-por-eso-hice-esto-tras-ser-detenido-por-el-ataque-que-mato-a-su-expareja-en-la-ciudad-de-guatemala-6.jpg",1280,591,false],"medium":["https:\/\/lobosnews.com.ar\/wp-content\/uploads\/2026\/09\/confeso-por-eso-hice-esto-tras-ser-detenido-por-el-ataque-que-mato-a-su-expareja-en-la-ciudad-de-guatemala-6-300x139.jpg",300,139,true],"thumbnail":["https:\/\/lobosnews.com.ar\/wp-content\/uploads\/2026\/09\/confeso-por-eso-hice-esto-tras-ser-detenido-por-el-ataque-que-mato-a-su-expareja-en-la-ciudad-de-guatemala-6-150x150.jpg",150,150,true]},"magazine_blocks_author":{"display_name":"admin","author_link":"https:\/\/lobosnews.com.ar\/index.php\/author\/lobos-news\/"},"magazine_blocks_comment":0,"magazine_blocks_author_image":"https:\/\/secure.gravatar.com\/avatar\/76e419471a2083bc3ceab22a763dbbf9b0c1bd15a6214cf3280e2c2dde4580f9?s=96&d=mm&r=g","magazine_blocks_category":"<a href=\"#\" class=\"category-link category-link-31\">Actualidad<\/a>","yoast_head":"<!-- This site is optimized with the Yoast SEO plugin v28.0 - https:\/\/yoast.com\/product\/yoast-seo-wordpress\/ -->\n<title>Confes\u00f3 \u201cpor eso hice esto\u201d tras ser detenido por el ataque que mat\u00f3 a su expareja en la Ciudad de Guatemala - Lobos News<\/title>\n<meta name=\"robots\" content=\"index, follow, max-snippet:-1, max-image-preview:large, max-video-preview:-1\" \/>\n<link rel=\"canonical\" href=\"https:\/\/lobosnews.com.ar\/index.php\/2026\/09\/02\/confeso-por-eso-hice-esto-tras-ser-detenido-por-el-ataque-que-mato-a-su-expareja-en-la-ciudad-de-guatemala\/\" \/>\n<meta property=\"og:locale\" content=\"es_ES\" \/>\n<meta property=\"og:type\" content=\"article\" \/>\n<meta property=\"og:title\" content=\"Confes\u00f3 \u201cpor eso hice esto\u201d tras ser detenido por el ataque que mat\u00f3 a su expareja en la Ciudad de Guatemala - Lobos News\" \/>\n<meta property=\"og:description\" content=\"Kener Josu\u00e9 L\u00f3pez Ruano, de 28 a\u00f1os, fue capturado tras el ataque armado que caus\u00f3 la muerte de su expareja, Reina Violeta Herrarte L\u00f3pez, aparentemente por un caso de celos. El hecho ocurri\u00f3 este martes 1 de septiembre en el ingreso de campos de f\u00fatbol ubicados en la 33 avenida y 10a. calle de la...\" \/>\n<meta property=\"og:url\" content=\"https:\/\/lobosnews.com.ar\/index.php\/2026\/09\/02\/confeso-por-eso-hice-esto-tras-ser-detenido-por-el-ataque-que-mato-a-su-expareja-en-la-ciudad-de-guatemala\/\" \/>\n<meta property=\"og:site_name\" content=\"Lobos News\" \/>\n<meta property=\"article:published_time\" content=\"2026-09-02T11:59:42+00:00\" \/>\n<meta property=\"article:modified_time\" content=\"2026-09-02T13:15:38+00:00\" \/>\n<meta property=\"og:image\" content=\"https:\/\/lobosnews.com.ar\/wp-content\/uploads\/2026\/09\/confeso-por-eso-hice-esto-tras-ser-detenido-por-el-ataque-que-mato-a-su-expareja-en-la-ciudad-de-guatemala-6.jpg\" \/>\n\t<meta property=\"og:image:width\" content=\"1280\" \/>\n\t<meta property=\"og:image:height\" content=\"591\" \/>\n\t<meta property=\"og:image:type\" content=\"image\/jpeg\" \/>\n<meta name=\"author\" content=\"admin\" \/>\n<meta name=\"twitter:card\" content=\"summary_large_image\" \/>\n<meta name=\"twitter:label1\" content=\"Escrito por\" \/>\n\t<meta name=\"twitter:data1\" content=\"admin\" \/>\n\t<meta name=\"twitter:label2\" content=\"Tiempo de lectura\" \/>\n\t<meta name=\"twitter:data2\" content=\"3 minutos\" \/>\n<script type=\"application\/ld+json\" class=\"yoast-schema-graph\">{\"@context\":\"https:\\\/\\\/schema.org\",\"@graph\":[{\"@type\":\"Article\",\"@id\":\"https:\\\/\\\/lobosnews.com.ar\\\/index.php\\\/2026\\\/09\\\/02\\\/confeso-por-eso-hice-esto-tras-ser-detenido-por-el-ataque-que-mato-a-su-expareja-en-la-ciudad-de-guatemala\\\/#article\",\"isPartOf\":{\"@id\":\"https:\\\/\\\/lobosnews.com.ar\\\/index.php\\\/2026\\\/09\\\/02\\\/confeso-por-eso-hice-esto-tras-ser-detenido-por-el-ataque-que-mato-a-su-expareja-en-la-ciudad-de-guatemala\\\/\"},\"author\":{\"name\":\"admin\",\"@id\":\"https:\\\/\\\/lobosnews.com.ar\\\/#\\\/schema\\\/person\\\/232422a593d5c541dd9aef6aaed10943\"},\"headline\":\"Confes\u00f3 \u201cpor eso hice esto\u201d tras ser detenido por el ataque que mat\u00f3 a su expareja en la Ciudad de Guatemala\",\"datePublished\":\"2026-09-02T11:59:42+00:00\",\"dateModified\":\"2026-09-02T13:15:38+00:00\",\"mainEntityOfPage\":{\"@id\":\"https:\\\/\\\/lobosnews.com.ar\\\/index.php\\\/2026\\\/09\\\/02\\\/confeso-por-eso-hice-esto-tras-ser-detenido-por-el-ataque-que-mato-a-su-expareja-en-la-ciudad-de-guatemala\\\/\"},\"wordCount\":578,\"commentCount\":0,\"publisher\":{\"@id\":\"https:\\\/\\\/lobosnews.com.ar\\\/#organization\"},\"image\":{\"@id\":\"https:\\\/\\\/lobosnews.com.ar\\\/index.php\\\/2026\\\/09\\\/02\\\/confeso-por-eso-hice-esto-tras-ser-detenido-por-el-ataque-que-mato-a-su-expareja-en-la-ciudad-de-guatemala\\\/#primaryimage\"},\"thumbnailUrl\":\"https:\\\/\\\/lobosnews.com.ar\\\/wp-content\\\/uploads\\\/2026\\\/09\\\/confeso-por-eso-hice-esto-tras-ser-detenido-por-el-ataque-que-mato-a-su-expareja-en-la-ciudad-de-guatemala-6.jpg\",\"articleSection\":[\"Actualidad\"],\"inLanguage\":\"es\",\"potentialAction\":[{\"@type\":\"CommentAction\",\"name\":\"Comment\",\"target\":[\"https:\\\/\\\/lobosnews.com.ar\\\/index.php\\\/2026\\\/09\\\/02\\\/confeso-por-eso-hice-esto-tras-ser-detenido-por-el-ataque-que-mato-a-su-expareja-en-la-ciudad-de-guatemala\\\/#respond\"]}]},{\"@type\":\"WebPage\",\"@id\":\"https:\\\/\\\/lobosnews.com.ar\\\/index.php\\\/2026\\\/09\\\/02\\\/confeso-por-eso-hice-esto-tras-ser-detenido-por-el-ataque-que-mato-a-su-expareja-en-la-ciudad-de-guatemala\\\/\",\"url\":\"https:\\\/\\\/lobosnews.com.ar\\\/index.php\\\/2026\\\/09\\\/02\\\/confeso-por-eso-hice-esto-tras-ser-detenido-por-el-ataque-que-mato-a-su-expareja-en-la-ciudad-de-guatemala\\\/\",\"name\":\"Confes\u00f3 \u201cpor eso hice esto\u201d tras ser detenido por el ataque que mat\u00f3 a su expareja en la Ciudad de Guatemala - Lobos News\",\"isPartOf\":{\"@id\":\"https:\\\/\\\/lobosnews.com.ar\\\/#website\"},\"primaryImageOfPage\":{\"@id\":\"https:\\\/\\\/lobosnews.com.ar\\\/index.php\\\/2026\\\/09\\\/02\\\/confeso-por-eso-hice-esto-tras-ser-detenido-por-el-ataque-que-mato-a-su-expareja-en-la-ciudad-de-guatemala\\\/#primaryimage\"},\"image\":{\"@id\":\"https:\\\/\\\/lobosnews.com.ar\\\/index.php\\\/2026\\\/09\\\/02\\\/confeso-por-eso-hice-esto-tras-ser-detenido-por-el-ataque-que-mato-a-su-expareja-en-la-ciudad-de-guatemala\\\/#primaryimage\"},\"thumbnailUrl\":\"https:\\\/\\\/lobosnews.com.ar\\\/wp-content\\\/uploads\\\/2026\\\/09\\\/confeso-por-eso-hice-esto-tras-ser-detenido-por-el-ataque-que-mato-a-su-expareja-en-la-ciudad-de-guatemala-6.jpg\",\"datePublished\":\"2026-09-02T11:59:42+00:00\",\"dateModified\":\"2026-09-02T13:15:38+00:00\",\"breadcrumb\":{\"@id\":\"https:\\\/\\\/lobosnews.com.ar\\\/index.php\\\/2026\\\/09\\\/02\\\/confeso-por-eso-hice-esto-tras-ser-detenido-por-el-ataque-que-mato-a-su-expareja-en-la-ciudad-de-guatemala\\\/#breadcrumb\"},\"inLanguage\":\"es\",\"potentialAction\":[{\"@type\":\"ReadAction\",\"target\":[\"https:\\\/\\\/lobosnews.com.ar\\\/index.php\\\/2026\\\/09\\\/02\\\/confeso-por-eso-hice-esto-tras-ser-detenido-por-el-ataque-que-mato-a-su-expareja-en-la-ciudad-de-guatemala\\\/\"]}]},{\"@type\":\"ImageObject\",\"inLanguage\":\"es\",\"@id\":\"https:\\\/\\\/lobosnews.com.ar\\\/index.php\\\/2026\\\/09\\\/02\\\/confeso-por-eso-hice-esto-tras-ser-detenido-por-el-ataque-que-mato-a-su-expareja-en-la-ciudad-de-guatemala\\\/#primaryimage\",\"url\":\"https:\\\/\\\/lobosnews.com.ar\\\/wp-content\\\/uploads\\\/2026\\\/09\\\/confeso-por-eso-hice-esto-tras-ser-detenido-por-el-ataque-que-mato-a-su-expareja-en-la-ciudad-de-guatemala-6.jpg\",\"contentUrl\":\"https:\\\/\\\/lobosnews.com.ar\\\/wp-content\\\/uploads\\\/2026\\\/09\\\/confeso-por-eso-hice-esto-tras-ser-detenido-por-el-ataque-que-mato-a-su-expareja-en-la-ciudad-de-guatemala-6.jpg\",\"width\":1280,\"height\":591,\"caption\":\"Confes\u00f3 \u201cpor eso hice esto\u201d tras ser detenido por el ataque que mat\u00f3 a su expareja en la Ciudad de Guatemala\"},{\"@type\":\"BreadcrumbList\",\"@id\":\"https:\\\/\\\/lobosnews.com.ar\\\/index.php\\\/2026\\\/09\\\/02\\\/confeso-por-eso-hice-esto-tras-ser-detenido-por-el-ataque-que-mato-a-su-expareja-en-la-ciudad-de-guatemala\\\/#breadcrumb\",\"itemListElement\":[{\"@type\":\"ListItem\",\"position\":1,\"name\":\"Portada\",\"item\":\"https:\\\/\\\/lobosnews.com.ar\\\/\"},{\"@type\":\"ListItem\",\"position\":2,\"name\":\"Confes\u00f3 \u201cpor eso hice esto\u201d tras ser detenido por el ataque que mat\u00f3 a su expareja en la Ciudad de Guatemala\"}]},{\"@type\":\"WebSite\",\"@id\":\"https:\\\/\\\/lobosnews.com.ar\\\/#website\",\"url\":\"https:\\\/\\\/lobosnews.com.ar\\\/\",\"name\":\"Lobos News\",\"description\":\"Informaci\u00f3n a cada instante\",\"publisher\":{\"@id\":\"https:\\\/\\\/lobosnews.com.ar\\\/#organization\"},\"potentialAction\":[{\"@type\":\"SearchAction\",\"target\":{\"@type\":\"EntryPoint\",\"urlTemplate\":\"https:\\\/\\\/lobosnews.com.ar\\\/?s={search_term_string}\"},\"query-input\":{\"@type\":\"PropertyValueSpecification\",\"valueRequired\":true,\"valueName\":\"search_term_string\"}}],\"inLanguage\":\"es\"},{\"@type\":\"Organization\",\"@id\":\"https:\\\/\\\/lobosnews.com.ar\\\/#organization\",\"name\":\"Lobos News\",\"url\":\"https:\\\/\\\/lobosnews.com.ar\\\/\",\"logo\":{\"@type\":\"ImageObject\",\"inLanguage\":\"es\",\"@id\":\"https:\\\/\\\/lobosnews.com.ar\\\/#\\\/schema\\\/logo\\\/image\\\/\",\"url\":\"https:\\\/\\\/lobosnews.com.ar\\\/wp-content\\\/uploads\\\/2026\\\/01\\\/logo-lobosnews.png\",\"contentUrl\":\"https:\\\/\\\/lobosnews.com.ar\\\/wp-content\\\/uploads\\\/2026\\\/01\\\/logo-lobosnews.png\",\"width\":500,\"height\":200,\"caption\":\"Lobos News\"},\"image\":{\"@id\":\"https:\\\/\\\/lobosnews.com.ar\\\/#\\\/schema\\\/logo\\\/image\\\/\"}},{\"@type\":\"Person\",\"@id\":\"https:\\\/\\\/lobosnews.com.ar\\\/#\\\/schema\\\/person\\\/232422a593d5c541dd9aef6aaed10943\",\"name\":\"admin\",\"image\":{\"@type\":\"ImageObject\",\"inLanguage\":\"es\",\"@id\":\"https:\\\/\\\/secure.gravatar.com\\\/avatar\\\/76e419471a2083bc3ceab22a763dbbf9b0c1bd15a6214cf3280e2c2dde4580f9?s=96&d=mm&r=g\",\"url\":\"https:\\\/\\\/secure.gravatar.com\\\/avatar\\\/76e419471a2083bc3ceab22a763dbbf9b0c1bd15a6214cf3280e2c2dde4580f9?s=96&d=mm&r=g\",\"contentUrl\":\"https:\\\/\\\/secure.gravatar.com\\\/avatar\\\/76e419471a2083bc3ceab22a763dbbf9b0c1bd15a6214cf3280e2c2dde4580f9?s=96&d=mm&r=g\",\"caption\":\"admin\"},\"sameAs\":[\"https:\\\/\\\/lobosnews.com.ar\"],\"url\":\"https:\\\/\\\/lobosnews.com.ar\\\/index.php\\\/author\\\/lobos-news\\\/\"}]}<\/script>\n<!-- \/ Yoast SEO plugin. -->","yoast_head_json":{"title":"Confes\u00f3 \u201cpor eso hice esto\u201d tras ser detenido por el ataque que mat\u00f3 a su expareja en la Ciudad de Guatemala - Lobos News","robots":{"index":"index","follow":"follow","max-snippet":"max-snippet:-1","max-image-preview":"max-image-preview:large","max-video-preview":"max-video-preview:-1"},"canonical":"https:\/\/lobosnews.com.ar\/index.php\/2026\/09\/02\/confeso-por-eso-hice-esto-tras-ser-detenido-por-el-ataque-que-mato-a-su-expareja-en-la-ciudad-de-guatemala\/","og_locale":"es_ES","og_type":"article","og_title":"Confes\u00f3 \u201cpor eso hice esto\u201d tras ser detenido por el ataque que mat\u00f3 a su expareja en la Ciudad de Guatemala - Lobos News","og_description":"Kener Josu\u00e9 L\u00f3pez Ruano, de 28 a\u00f1os, fue capturado tras el ataque armado que caus\u00f3 la muerte de su expareja, Reina Violeta Herrarte L\u00f3pez, aparentemente por un caso de celos. El hecho ocurri\u00f3 este martes 1 de septiembre en el ingreso de campos de f\u00fatbol ubicados en la 33 avenida y 10a. calle de la...","og_url":"https:\/\/lobosnews.com.ar\/index.php\/2026\/09\/02\/confeso-por-eso-hice-esto-tras-ser-detenido-por-el-ataque-que-mato-a-su-expareja-en-la-ciudad-de-guatemala\/","og_site_name":"Lobos News","article_published_time":"2026-09-02T11:59:42+00:00","article_modified_time":"2026-09-02T13:15:38+00:00","og_image":[{"width":1280,"height":591,"url":"https:\/\/lobosnews.com.ar\/wp-content\/uploads\/2026\/09\/confeso-por-eso-hice-esto-tras-ser-detenido-por-el-ataque-que-mato-a-su-expareja-en-la-ciudad-de-guatemala-6.jpg","type":"image\/jpeg"}],"author":"admin","twitter_card":"summary_large_image","twitter_misc":{"Escrito por":"admin","Tiempo de lectura":"3 minutos"},"schema":{"@context":"https:\/\/schema.org","@graph":[{"@type":"Article","@id":"https:\/\/lobosnews.com.ar\/index.php\/2026\/09\/02\/confeso-por-eso-hice-esto-tras-ser-detenido-por-el-ataque-que-mato-a-su-expareja-en-la-ciudad-de-guatemala\/#article","isPartOf":{"@id":"https:\/\/lobosnews.com.ar\/index.php\/2026\/09\/02\/confeso-por-eso-hice-esto-tras-ser-detenido-por-el-ataque-que-mato-a-su-expareja-en-la-ciudad-de-guatemala\/"},"author":{"name":"admin","@id":"https:\/\/lobosnews.com.ar\/#\/schema\/person\/232422a593d5c541dd9aef6aaed10943"},"headline":"Confes\u00f3 \u201cpor eso hice esto\u201d tras ser detenido por el ataque que mat\u00f3 a su expareja en la Ciudad de Guatemala","datePublished":"2026-09-02T11:59:42+00:00","dateModified":"2026-09-02T13:15:38+00:00","mainEntityOfPage":{"@id":"https:\/\/lobosnews.com.ar\/index.php\/2026\/09\/02\/confeso-por-eso-hice-esto-tras-ser-detenido-por-el-ataque-que-mato-a-su-expareja-en-la-ciudad-de-guatemala\/"},"wordCount":578,"commentCount":0,"publisher":{"@id":"https:\/\/lobosnews.com.ar\/#organization"},"image":{"@id":"https:\/\/lobosnews.com.ar\/index.php\/2026\/09\/02\/confeso-por-eso-hice-esto-tras-ser-detenido-por-el-ataque-que-mato-a-su-expareja-en-la-ciudad-de-guatemala\/#primaryimage"},"thumbnailUrl":"https:\/\/lobosnews.com.ar\/wp-content\/uploads\/2026\/09\/confeso-por-eso-hice-esto-tras-ser-detenido-por-el-ataque-que-mato-a-su-expareja-en-la-ciudad-de-guatemala-6.jpg","articleSection":["Actualidad"],"inLanguage":"es","potentialAction":[{"@type":"CommentAction","name":"Comment","target":["https:\/\/lobosnews.com.ar\/index.php\/2026\/09\/02\/confeso-por-eso-hice-esto-tras-ser-detenido-por-el-ataque-que-mato-a-su-expareja-en-la-ciudad-de-guatemala\/#respond"]}]},{"@type":"WebPage","@id":"https:\/\/lobosnews.com.ar\/index.php\/2026\/09\/02\/confeso-por-eso-hice-esto-tras-ser-detenido-por-el-ataque-que-mato-a-su-expareja-en-la-ciudad-de-guatemala\/","url":"https:\/\/lobosnews.com.ar\/index.php\/2026\/09\/02\/confeso-por-eso-hice-esto-tras-ser-detenido-por-el-ataque-que-mato-a-su-expareja-en-la-ciudad-de-guatemala\/","name":"Confes\u00f3 \u201cpor eso hice esto\u201d tras ser detenido por el ataque que mat\u00f3 a su expareja en la Ciudad de Guatemala - Lobos News","isPartOf":{"@id":"https:\/\/lobosnews.com.ar\/#website"},"primaryImageOfPage":{"@id":"https:\/\/lobosnews.com.ar\/index.php\/2026\/09\/02\/confeso-por-eso-hice-esto-tras-ser-detenido-por-el-ataque-que-mato-a-su-expareja-en-la-ciudad-de-guatemala\/#primaryimage"},"image":{"@id":"https:\/\/lobosnews.com.ar\/index.php\/2026\/09\/02\/confeso-por-eso-hice-esto-tras-ser-detenido-por-el-ataque-que-mato-a-su-expareja-en-la-ciudad-de-guatemala\/#primaryimage"},"thumbnailUrl":"https:\/\/lobosnews.com.ar\/wp-content\/uploads\/2026\/09\/confeso-por-eso-hice-esto-tras-ser-detenido-por-el-ataque-que-mato-a-su-expareja-en-la-ciudad-de-guatemala-6.jpg","datePublished":"2026-09-02T11:59:42+00:00","dateModified":"2026-09-02T13:15:38+00:00","breadcrumb":{"@id":"https:\/\/lobosnews.com.ar\/index.php\/2026\/09\/02\/confeso-por-eso-hice-esto-tras-ser-detenido-por-el-ataque-que-mato-a-su-expareja-en-la-ciudad-de-guatemala\/#breadcrumb"},"inLanguage":"es","potentialAction":[{"@type":"ReadAction","target":["https:\/\/lobosnews.com.ar\/index.php\/2026\/09\/02\/confeso-por-eso-hice-esto-tras-ser-detenido-por-el-ataque-que-mato-a-su-expareja-en-la-ciudad-de-guatemala\/"]}]},{"@type":"ImageObject","inLanguage":"es","@id":"https:\/\/lobosnews.com.ar\/index.php\/2026\/09\/02\/confeso-por-eso-hice-esto-tras-ser-detenido-por-el-ataque-que-mato-a-su-expareja-en-la-ciudad-de-guatemala\/#primaryimage","url":"https:\/\/lobosnews.com.ar\/wp-content\/uploads\/2026\/09\/confeso-por-eso-hice-esto-tras-ser-detenido-por-el-ataque-que-mato-a-su-expareja-en-la-ciudad-de-guatemala-6.jpg","contentUrl":"https:\/\/lobosnews.com.ar\/wp-content\/uploads\/2026\/09\/confeso-por-eso-hice-esto-tras-ser-detenido-por-el-ataque-que-mato-a-su-expareja-en-la-ciudad-de-guatemala-6.jpg","width":1280,"height":591,"caption":"Confes\u00f3 \u201cpor eso hice esto\u201d tras ser detenido por el ataque que mat\u00f3 a su expareja en la Ciudad de Guatemala"},{"@type":"BreadcrumbList","@id":"https:\/\/lobosnews.com.ar\/index.php\/2026\/09\/02\/confeso-por-eso-hice-esto-tras-ser-detenido-por-el-ataque-que-mato-a-su-expareja-en-la-ciudad-de-guatemala\/#breadcrumb","itemListElement":[{"@type":"ListItem","position":1,"name":"Portada","item":"https:\/\/lobosnews.com.ar\/"},{"@type":"ListItem","position":2,"name":"Confes\u00f3 \u201cpor eso hice esto\u201d tras ser detenido por el ataque que mat\u00f3 a su expareja en la Ciudad de Guatemala"}]},{"@type":"WebSite","@id":"https:\/\/lobosnews.com.ar\/#website","url":"https:\/\/lobosnews.com.ar\/","name":"Lobos News","description":"Informaci\u00f3n a cada instante","publisher":{"@id":"https:\/\/lobosnews.com.ar\/#organization"},"potentialAction":[{"@type":"SearchAction","target":{"@type":"EntryPoint","urlTemplate":"https:\/\/lobosnews.com.ar\/?s={search_term_string}"},"query-input":{"@type":"PropertyValueSpecification","valueRequired":true,"valueName":"search_term_string"}}],"inLanguage":"es"},{"@type":"Organization","@id":"https:\/\/lobosnews.com.ar\/#organization","name":"Lobos News","url":"https:\/\/lobosnews.com.ar\/","logo":{"@type":"ImageObject","inLanguage":"es","@id":"https:\/\/lobosnews.com.ar\/#\/schema\/logo\/image\/","url":"https:\/\/lobosnews.com.ar\/wp-content\/uploads\/2026\/01\/logo-lobosnews.png","contentUrl":"https:\/\/lobosnews.com.ar\/wp-content\/uploads\/2026\/01\/logo-lobosnews.png","width":500,"height":200,"caption":"Lobos News"},"image":{"@id":"https:\/\/lobosnews.com.ar\/#\/schema\/logo\/image\/"}},{"@type":"Person","@id":"https:\/\/lobosnews.com.ar\/#\/schema\/person\/232422a593d5c541dd9aef6aaed10943","name":"admin","image":{"@type":"ImageObject","inLanguage":"es","@id":"https:\/\/secure.gravatar.com\/avatar\/76e419471a2083bc3ceab22a763dbbf9b0c1bd15a6214cf3280e2c2dde4580f9?s=96&d=mm&r=g","url":"https:\/\/secure.gravatar.com\/avatar\/76e419471a2083bc3ceab22a763dbbf9b0c1bd15a6214cf3280e2c2dde4580f9?s=96&d=mm&r=g","contentUrl":"https:\/\/secure.gravatar.com\/avatar\/76e419471a2083bc3ceab22a763dbbf9b0c1bd15a6214cf3280e2c2dde4580f9?s=96&d=mm&r=g","caption":"admin"},"sameAs":["https:\/\/lobosnews.com.ar"],"url":"https:\/\/lobosnews.com.ar\/index.php\/author\/lobos-news\/"}]}},"jetpack_featured_media_url":"https:\/\/lobosnews.com.ar\/wp-content\/uploads\/2026\/09\/confeso-por-eso-hice-esto-tras-ser-detenido-por-el-ataque-que-mato-a-su-expareja-en-la-ciudad-de-guatemala-6.jpg","jetpack_sharing_enabled":true,"_links":{"self":[{"href":"https:\/\/lobosnews.com.ar\/index.php\/wp-json\/wp\/v2\/posts\/96463","targetHints":{"allow":["GET"]}}],"collection":[{"href":"https:\/\/lobosnews.com.ar\/index.php\/wp-json\/wp\/v2\/posts"}],"about":[{"href":"https:\/\/lobosnews.com.ar\/index.php\/wp-json\/wp\/v2\/types\/post"}],"author":[{"embeddable":true,"href":"https:\/\/lobosnews.com.ar\/index.php\/wp-json\/wp\/v2\/users\/1"}],"replies":[{"embeddable":true,"href":"https:\/\/lobosnews.com.ar\/index.php\/wp-json\/wp\/v2\/comments?post=96463"}],"version-history":[{"count":1,"href":"https:\/\/lobosnews.com.ar\/index.php\/wp-json\/wp\/v2\/posts\/96463\/revisions"}],"predecessor-version":[{"id":96468,"href":"https:\/\/lobosnews.com.ar\/index.php\/wp-json\/wp\/v2\/posts\/96463\/revisions\/96468"}],"wp:featuredmedia":[{"embeddable":true,"href":"https:\/\/lobosnews.com.ar\/index.php\/wp-json\/wp\/v2\/media\/96469"}],"wp:attachment":[{"href":"https:\/\/lobosnews.com.ar\/index.php\/wp-json\/wp\/v2\/media?parent=96463"}],"wp:term":[{"taxonomy":"category","embeddable":true,"href":"https:\/\/lobosnews.com.ar\/index.php\/wp-json\/wp\/v2\/categories?post=96463"},{"taxonomy":"post_tag","embeddable":true,"href":"https:\/\/lobosnews.com.ar\/index.php\/wp-json\/wp\/v2\/tags?post=96463"}],"curies":[{"name":"wp","href":"https:\/\/api.w.org\/{rel}","templated":true}]}}