{"id":96417,"date":"2026-09-01T22:08:53","date_gmt":"2026-09-01T22:08:53","guid":{"rendered":"https:\/\/lobosnews.com.ar\/?p=96417"},"modified":"2026-09-01T23:26:05","modified_gmt":"2026-09-01T23:26:05","slug":"caos-en-santa-fe-un-patrullero-perdio-el-control-se-incrusto-en-la-guardia-de-un-hospital-y-hubo-cuatro-heridos","status":"publish","type":"post","link":"https:\/\/lobosnews.com.ar\/index.php\/2026\/09\/01\/caos-en-santa-fe-un-patrullero-perdio-el-control-se-incrusto-en-la-guardia-de-un-hospital-y-hubo-cuatro-heridos\/","title":{"rendered":"Caos en Santa Fe: un patrullero perdi\u00f3 el control, se incrust\u00f3 en la guardia de un hospital y hubo cuatro heridos"},"content":{"rendered":"<p><img loading=\"lazy\" decoding=\"async\" src=\"https:\/\/lobosnews.com.ar\/wp-content\/uploads\/2026\/09\/caos-en-santa-fe-un-patrullero-perdio-el-control-se-incrusto-en-la-guardia-de-un-hospital-y-hubo-cuatro-heridos.jpg\" alt=\"El episodio en el hospital Jos\u00e9 Mar\u00eda Cullen ocurri\u00f3 mientras la Polic\u00eda de Santa Fe interven\u00eda en una pelea entre cuidacoches en la avenida Freyre.\" height=\"848\" width=\"1285\"\/><\/p>\n<p>Un <b>patrullero de la Polic\u00eda de <\/b><span class=\"waslinkname\"><b>Santa Fe<\/b><\/span> perdi\u00f3 el control y termin\u00f3 <b>atravesando el port\u00f3n de acceso a la guardia del hospital Jos\u00e9 Mar\u00eda Cullen<\/b> este martes al mediod\u00eda. El episodio dej\u00f3 cuatro personas heridas y oblig\u00f3 a las autoridades del nosocomio a implementar un esquema alternativo de ingreso mientras se realizan las pericias correspondientes. El hecho ocurri\u00f3 sobre la <b>avenida Freyre<\/b> de la ciudad de <b>Santa Fe<\/b>, en circunstancias que todav\u00eda se investigan.<\/p>\n<p>Todo comenz\u00f3, seg\u00fan los primeros datos conocidos, durante la atenci\u00f3n de una pelea entre <b>cuidacoches<\/b> que trabajan en las inmediaciones del hospital. Personal del <b>Comando Radioel\u00e9ctrico<\/b> lleg\u00f3 al lugar con varios efectivos y uno de los patrulleros qued\u00f3 detenido sobre el sector destinado al ingreso de ambulancias. En ese momento, una ambulancia llegaba al hospital en <b>c\u00f3digo rojo<\/b> y el veh\u00edculo policial obstru\u00eda la maniobra. <b>\u201cLe tocaban bocina los propios compa\u00f1eros\u201d<\/b>, relat\u00f3 un testigo ante las c\u00e1maras de <i>Aire de Santa Fe<\/i>.<\/p>\n<p>La situaci\u00f3n deriv\u00f3 en un intento de mover el m\u00f3vil que termin\u00f3. Seg\u00fan el mismo testigo, que afirm\u00f3 haber presenciado toda la secuencia, el conductor del patrullero se neg\u00f3 a ceder el volante y asegur\u00f3 que pod\u00eda moverlo por sus propios medios. El veh\u00edculo comenz\u00f3 a avanzar, subi\u00f3 al cantero central y, lejos de detenerse, impact\u00f3 contra el enrejado de acceso y la rampa de ingreso a la guardia. <b>\u201cNunca solt\u00f3 el acelerador\u201d<\/b>, asegur\u00f3 el testigo, quien describi\u00f3 la escena como <b>\u201cde pel\u00edcula\u201d<\/b>. Esa versi\u00f3n no fue confirmada por las autoridades.<\/p>\n<p>El impacto derrib\u00f3 parte de la estructura de ingreso y el veh\u00edculo policial termin\u00f3 dentro del sector de admisi\u00f3n, donde <b>hab\u00eda pacientes y acompa\u00f1antes aguardando atenci\u00f3n<\/b>. La escena gener\u00f3 momentos de conmoci\u00f3n y el personal del propio hospital debi\u00f3 desplegarse para asistir a los heridos. De acuerdo con la informaci\u00f3n policial, <b>cuatro personas fueron asistidas como consecuencia del choque<\/b>: tres civiles y el efectivo que conduc\u00eda el m\u00f3vil.<\/p>\n<p><img loading=\"lazy\" decoding=\"async\" src=\"https:\/\/lobosnews.com.ar\/wp-content\/uploads\/2026\/09\/caos-en-santa-fe-un-patrullero-perdio-el-control-se-incrusto-en-la-guardia-de-un-hospital-y-hubo-cuatro-heridos-1.jpg\" alt=\"Las autoridades del hospital Cullen informaron que los pacientes heridos se encontraban estables y que las causas del siniestro en Santa Fe siguen bajo investigaci\u00f3n.\" height=\"740\" width=\"1200\"\/><\/p>\n<p>Entre los heridos, uno de los casos concentr\u00f3 especial atenci\u00f3n. Se trata de un <b>joven de 20 a\u00f1os<\/b> que <b>acababa de recibir el alta m\u00e9dica tras una cirug\u00eda<\/b> de pierna con colocaci\u00f3n de un clavo intramedular y que se encontraba en silla de ruedas en el sector de la guardia, esperando que lo fueran a buscar. El impacto del patrullero lo alcanz\u00f3 y debi\u00f3 reingresar al hospital para ser evaluado por su servicio de cabecera. Su <b>acompa\u00f1ante, de 21 a\u00f1os<\/b>, tambi\u00e9n registr\u00f3 traumatismos en las piernas y qued\u00f3 en observaci\u00f3n.<\/p>\n<p>A ellos se sum\u00f3 una <b>mujer de 57 a\u00f1os<\/b> que, al ver el veh\u00edculo avanzar, se arroj\u00f3 al suelo para evitar ser embestida; fue revisada y no present\u00f3 lesiones de gravedad, por lo que decidi\u00f3 regresar a su localidad de origen. El <b>conductor del patrullero sufri\u00f3 contusiones leves<\/b> propias del impacto y qued\u00f3 bajo revisi\u00f3n m\u00e9dica. Adem\u00e1s, un cuidacoches que se encontraba detenido dentro del m\u00f3vil al momento del choque result\u00f3 ileso.<\/p>\n<p>La subdirectora del hospital Jos\u00e9 Mar\u00eda Cullen, Amanda Z\u00e1rate, brind\u00f3 precisiones sobre el estado de salud de los involucrados. <b>\u201cProducto del accidente tenemos tres pacientes que se encuentran al momento en la guardia del hospital, se encuentran estables, sin ninguna herida de gravedad hasta el momento y siendo controlados por el equipo de salud\u201d<\/b>, sostuvo en <i>El Litoral<\/i>. Sobre el joven que hab\u00eda recibido el alta, agreg\u00f3: \u201cS\u00ed, uno de los pacientes hab\u00eda sido dado de alta, pero se encuentra estable y siendo evaluado por el equipo de la guardia y por el servicio de cabecera que lo ven\u00eda atendiendo\u201d.<\/p>\n<p>Respecto de las circunstancias del siniestro, la subdirectora fue cautelosa. \u201cPor supuesto que eso va a ser materia de investigaci\u00f3n, pero bueno, mientras ingresaba una ambulancia con un c\u00f3digo rojo, hab\u00eda un patrullero que se encontraba obstaculizando el paso y cuando se decide mover ese m\u00f3vil, bueno, ocurre el accidente. Todo lo dem\u00e1s est\u00e1 siendo investigado\u201d, se\u00f1al\u00f3.<\/p>\n","protected":false},"excerpt":{"rendered":"<p>Un patrullero de la Polic\u00eda de Santa Fe perdi\u00f3 el control y termin\u00f3 atravesando el port\u00f3n de acceso a la guardia del hospital Jos\u00e9 Mar\u00eda Cullen este martes al mediod\u00eda. El episodio dej\u00f3 cuatro personas heridas y oblig\u00f3 a las autoridades del nosocomio a implementar un esquema alternativo de ingreso mientras se realizan las pericias&#8230;<\/p>\n","protected":false},"author":1,"featured_media":96421,"comment_status":"open","ping_status":"closed","sticky":false,"template":"","format":"standard","meta":{"_jetpack_newsletter_access":"","_jetpack_dont_email_post_to_subs":false,"_jetpack_newsletter_tier_id":0,"_jetpack_memberships_contains_paywalled_content":false,"_jetpack_memberships_contains_paid_content":false,"footnotes":"","jetpack_post_was_ever_published":false},"categories":[31,30,32,77,84,35,36,37],"tags":[],"class_list":["post-96417","post","type-post","status-publish","format-standard","has-post-thumbnail","hentry","category-actualidad","category-argentina","category-economia","category-inseguridad","category-masradios-com","category-nacionales","category-seguridad","category-sociedad"],"magazineBlocksPostFeaturedMedia":{"thumbnail":"https:\/\/lobosnews.com.ar\/wp-content\/uploads\/2026\/09\/caos-en-santa-fe-un-patrullero-perdio-el-control-se-incrusto-en-la-guardia-de-un-hospital-y-hubo-cuatro-heridos-2-150x150.jpg","medium":"https:\/\/lobosnews.com.ar\/wp-content\/uploads\/2026\/09\/caos-en-santa-fe-un-patrullero-perdio-el-control-se-incrusto-en-la-guardia-de-un-hospital-y-hubo-cuatro-heridos-2-300x185.jpg","medium_large":"https:\/\/lobosnews.com.ar\/wp-content\/uploads\/2026\/09\/caos-en-santa-fe-un-patrullero-perdio-el-control-se-incrusto-en-la-guardia-de-un-hospital-y-hubo-cuatro-heridos-2-768x474.jpg","large":"https:\/\/lobosnews.com.ar\/wp-content\/uploads\/2026\/09\/caos-en-santa-fe-un-patrullero-perdio-el-control-se-incrusto-en-la-guardia-de-un-hospital-y-hubo-cuatro-heridos-2-1024x631.jpg","1536x1536":"https:\/\/lobosnews.com.ar\/wp-content\/uploads\/2026\/09\/caos-en-santa-fe-un-patrullero-perdio-el-control-se-incrusto-en-la-guardia-de-un-hospital-y-hubo-cuatro-heridos-2.jpg","2048x2048":"https:\/\/lobosnews.com.ar\/wp-content\/uploads\/2026\/09\/caos-en-santa-fe-un-patrullero-perdio-el-control-se-incrusto-en-la-guardia-de-un-hospital-y-hubo-cuatro-heridos-2.jpg","newsmatic-featured":"https:\/\/lobosnews.com.ar\/wp-content\/uploads\/2026\/09\/caos-en-santa-fe-un-patrullero-perdio-el-control-se-incrusto-en-la-guardia-de-un-hospital-y-hubo-cuatro-heridos-2-820x545.jpg","newsmatic-list":"https:\/\/lobosnews.com.ar\/wp-content\/uploads\/2026\/09\/caos-en-santa-fe-un-patrullero-perdio-el-control-se-incrusto-en-la-guardia-de-un-hospital-y-hubo-cuatro-heridos-2-600x400.jpg","newsmatic-thumb":"https:\/\/lobosnews.com.ar\/wp-content\/uploads\/2026\/09\/caos-en-santa-fe-un-patrullero-perdio-el-control-se-incrusto-en-la-guardia-de-un-hospital-y-hubo-cuatro-heridos-2-300x200.jpg","newsmatic-small":"https:\/\/lobosnews.com.ar\/wp-content\/uploads\/2026\/09\/caos-en-santa-fe-un-patrullero-perdio-el-control-se-incrusto-en-la-guardia-de-un-hospital-y-hubo-cuatro-heridos-2-150x95.jpg","newsmatic-grid":"https:\/\/lobosnews.com.ar\/wp-content\/uploads\/2026\/09\/caos-en-santa-fe-un-patrullero-perdio-el-control-se-incrusto-en-la-guardia-de-un-hospital-y-hubo-cuatro-heridos-2-400x250.jpg"},"magazineBlocksPostAuthor":{"name":"admin","avatar":"https:\/\/secure.gravatar.com\/avatar\/76e419471a2083bc3ceab22a763dbbf9b0c1bd15a6214cf3280e2c2dde4580f9?s=96&d=mm&r=g"},"magazineBlocksPostCommentsNumber":"0","magazineBlocksPostExcerpt":"Un patrullero de la Polic\u00eda de Santa Fe perdi\u00f3 el control y termin\u00f3 atravesando el port\u00f3n de acceso a la guardia del hospital Jos\u00e9 Mar\u00eda Cullen este martes al mediod\u00eda. El episodio dej\u00f3 cuatro personas heridas y oblig\u00f3 a las autoridades del nosocomio a implementar un esquema alternativo de ingreso mientras se realizan las pericias...","magazineBlocksPostCategories":["Actualidad","Argentina","econom\u00eda","inseguridad","masradios.com","nacionales","seguridad","sociedad"],"magazineBlocksPostViewCount":92,"magazineBlocksPostReadTime":4,"magazine_blocks_featured_image_url":{"full":["https:\/\/lobosnews.com.ar\/wp-content\/uploads\/2026\/09\/caos-en-santa-fe-un-patrullero-perdio-el-control-se-incrusto-en-la-guardia-de-un-hospital-y-hubo-cuatro-heridos-2.jpg",1200,740,false],"medium":["https:\/\/lobosnews.com.ar\/wp-content\/uploads\/2026\/09\/caos-en-santa-fe-un-patrullero-perdio-el-control-se-incrusto-en-la-guardia-de-un-hospital-y-hubo-cuatro-heridos-2-300x185.jpg",300,185,true],"thumbnail":["https:\/\/lobosnews.com.ar\/wp-content\/uploads\/2026\/09\/caos-en-santa-fe-un-patrullero-perdio-el-control-se-incrusto-en-la-guardia-de-un-hospital-y-hubo-cuatro-heridos-2-150x150.jpg",150,150,true]},"magazine_blocks_author":{"display_name":"admin","author_link":"https:\/\/lobosnews.com.ar\/index.php\/author\/lobos-news\/"},"magazine_blocks_comment":0,"magazine_blocks_author_image":"https:\/\/secure.gravatar.com\/avatar\/76e419471a2083bc3ceab22a763dbbf9b0c1bd15a6214cf3280e2c2dde4580f9?s=96&d=mm&r=g","magazine_blocks_category":"<a href=\"#\" class=\"category-link category-link-31\">Actualidad<\/a> <a href=\"#\" class=\"category-link category-link-30\">Argentina<\/a> <a href=\"#\" class=\"category-link category-link-32\">econom\u00eda<\/a> <a href=\"#\" class=\"category-link category-link-77\">inseguridad<\/a> <a href=\"#\" class=\"category-link category-link-84\">masradios.com<\/a> <a href=\"#\" class=\"category-link category-link-35\">nacionales<\/a> <a href=\"#\" class=\"category-link category-link-36\">seguridad<\/a> <a href=\"#\" class=\"category-link category-link-37\">sociedad<\/a>","yoast_head":"<!-- This site is optimized with the Yoast SEO plugin v28.0 - https:\/\/yoast.com\/product\/yoast-seo-wordpress\/ -->\n<title>Caos en Santa Fe: un patrullero perdi\u00f3 el control, se incrust\u00f3 en la guardia de un hospital y hubo cuatro heridos - Lobos News<\/title>\n<meta name=\"robots\" content=\"index, follow, max-snippet:-1, max-image-preview:large, max-video-preview:-1\" \/>\n<link rel=\"canonical\" href=\"https:\/\/lobosnews.com.ar\/index.php\/2026\/09\/01\/caos-en-santa-fe-un-patrullero-perdio-el-control-se-incrusto-en-la-guardia-de-un-hospital-y-hubo-cuatro-heridos\/\" \/>\n<meta property=\"og:locale\" content=\"es_ES\" \/>\n<meta property=\"og:type\" content=\"article\" \/>\n<meta property=\"og:title\" content=\"Caos en Santa Fe: un patrullero perdi\u00f3 el control, se incrust\u00f3 en la guardia de un hospital y hubo cuatro heridos - Lobos News\" \/>\n<meta property=\"og:description\" content=\"Un patrullero de la Polic\u00eda de Santa Fe perdi\u00f3 el control y termin\u00f3 atravesando el port\u00f3n de acceso a la guardia del hospital Jos\u00e9 Mar\u00eda Cullen este martes al mediod\u00eda. El episodio dej\u00f3 cuatro personas heridas y oblig\u00f3 a las autoridades del nosocomio a implementar un esquema alternativo de ingreso mientras se realizan las pericias...\" \/>\n<meta property=\"og:url\" content=\"https:\/\/lobosnews.com.ar\/index.php\/2026\/09\/01\/caos-en-santa-fe-un-patrullero-perdio-el-control-se-incrusto-en-la-guardia-de-un-hospital-y-hubo-cuatro-heridos\/\" \/>\n<meta property=\"og:site_name\" content=\"Lobos News\" \/>\n<meta property=\"article:published_time\" content=\"2026-09-01T22:08:53+00:00\" \/>\n<meta property=\"article:modified_time\" content=\"2026-09-01T23:26:05+00:00\" \/>\n<meta property=\"og:image\" content=\"https:\/\/lobosnews.com.ar\/wp-content\/uploads\/2026\/09\/caos-en-santa-fe-un-patrullero-perdio-el-control-se-incrusto-en-la-guardia-de-un-hospital-y-hubo-cuatro-heridos-2.jpg\" \/>\n\t<meta property=\"og:image:width\" content=\"1200\" \/>\n\t<meta property=\"og:image:height\" content=\"740\" \/>\n\t<meta property=\"og:image:type\" content=\"image\/jpeg\" \/>\n<meta name=\"author\" content=\"admin\" \/>\n<meta name=\"twitter:card\" content=\"summary_large_image\" \/>\n<meta name=\"twitter:label1\" content=\"Escrito por\" \/>\n\t<meta name=\"twitter:data1\" content=\"admin\" \/>\n\t<meta name=\"twitter:label2\" content=\"Tiempo de lectura\" \/>\n\t<meta name=\"twitter:data2\" content=\"3 minutos\" \/>\n<script type=\"application\/ld+json\" class=\"yoast-schema-graph\">{\"@context\":\"https:\\\/\\\/schema.org\",\"@graph\":[{\"@type\":\"Article\",\"@id\":\"https:\\\/\\\/lobosnews.com.ar\\\/index.php\\\/2026\\\/09\\\/01\\\/caos-en-santa-fe-un-patrullero-perdio-el-control-se-incrusto-en-la-guardia-de-un-hospital-y-hubo-cuatro-heridos\\\/#article\",\"isPartOf\":{\"@id\":\"https:\\\/\\\/lobosnews.com.ar\\\/index.php\\\/2026\\\/09\\\/01\\\/caos-en-santa-fe-un-patrullero-perdio-el-control-se-incrusto-en-la-guardia-de-un-hospital-y-hubo-cuatro-heridos\\\/\"},\"author\":{\"name\":\"admin\",\"@id\":\"https:\\\/\\\/lobosnews.com.ar\\\/#\\\/schema\\\/person\\\/232422a593d5c541dd9aef6aaed10943\"},\"headline\":\"Caos en Santa Fe: un patrullero perdi\u00f3 el control, se incrust\u00f3 en la guardia de un hospital y hubo cuatro heridos\",\"datePublished\":\"2026-09-01T22:08:53+00:00\",\"dateModified\":\"2026-09-01T23:26:05+00:00\",\"mainEntityOfPage\":{\"@id\":\"https:\\\/\\\/lobosnews.com.ar\\\/index.php\\\/2026\\\/09\\\/01\\\/caos-en-santa-fe-un-patrullero-perdio-el-control-se-incrusto-en-la-guardia-de-un-hospital-y-hubo-cuatro-heridos\\\/\"},\"wordCount\":708,\"commentCount\":0,\"publisher\":{\"@id\":\"https:\\\/\\\/lobosnews.com.ar\\\/#organization\"},\"image\":{\"@id\":\"https:\\\/\\\/lobosnews.com.ar\\\/index.php\\\/2026\\\/09\\\/01\\\/caos-en-santa-fe-un-patrullero-perdio-el-control-se-incrusto-en-la-guardia-de-un-hospital-y-hubo-cuatro-heridos\\\/#primaryimage\"},\"thumbnailUrl\":\"https:\\\/\\\/lobosnews.com.ar\\\/wp-content\\\/uploads\\\/2026\\\/09\\\/caos-en-santa-fe-un-patrullero-perdio-el-control-se-incrusto-en-la-guardia-de-un-hospital-y-hubo-cuatro-heridos-2.jpg\",\"articleSection\":[\"Actualidad\",\"Argentina\",\"econom\u00eda\",\"inseguridad\",\"masradios.com\",\"nacionales\",\"seguridad\",\"sociedad\"],\"inLanguage\":\"es\",\"potentialAction\":[{\"@type\":\"CommentAction\",\"name\":\"Comment\",\"target\":[\"https:\\\/\\\/lobosnews.com.ar\\\/index.php\\\/2026\\\/09\\\/01\\\/caos-en-santa-fe-un-patrullero-perdio-el-control-se-incrusto-en-la-guardia-de-un-hospital-y-hubo-cuatro-heridos\\\/#respond\"]}]},{\"@type\":\"WebPage\",\"@id\":\"https:\\\/\\\/lobosnews.com.ar\\\/index.php\\\/2026\\\/09\\\/01\\\/caos-en-santa-fe-un-patrullero-perdio-el-control-se-incrusto-en-la-guardia-de-un-hospital-y-hubo-cuatro-heridos\\\/\",\"url\":\"https:\\\/\\\/lobosnews.com.ar\\\/index.php\\\/2026\\\/09\\\/01\\\/caos-en-santa-fe-un-patrullero-perdio-el-control-se-incrusto-en-la-guardia-de-un-hospital-y-hubo-cuatro-heridos\\\/\",\"name\":\"Caos en Santa Fe: un patrullero perdi\u00f3 el control, se incrust\u00f3 en la guardia de un hospital y hubo cuatro heridos - Lobos News\",\"isPartOf\":{\"@id\":\"https:\\\/\\\/lobosnews.com.ar\\\/#website\"},\"primaryImageOfPage\":{\"@id\":\"https:\\\/\\\/lobosnews.com.ar\\\/index.php\\\/2026\\\/09\\\/01\\\/caos-en-santa-fe-un-patrullero-perdio-el-control-se-incrusto-en-la-guardia-de-un-hospital-y-hubo-cuatro-heridos\\\/#primaryimage\"},\"image\":{\"@id\":\"https:\\\/\\\/lobosnews.com.ar\\\/index.php\\\/2026\\\/09\\\/01\\\/caos-en-santa-fe-un-patrullero-perdio-el-control-se-incrusto-en-la-guardia-de-un-hospital-y-hubo-cuatro-heridos\\\/#primaryimage\"},\"thumbnailUrl\":\"https:\\\/\\\/lobosnews.com.ar\\\/wp-content\\\/uploads\\\/2026\\\/09\\\/caos-en-santa-fe-un-patrullero-perdio-el-control-se-incrusto-en-la-guardia-de-un-hospital-y-hubo-cuatro-heridos-2.jpg\",\"datePublished\":\"2026-09-01T22:08:53+00:00\",\"dateModified\":\"2026-09-01T23:26:05+00:00\",\"breadcrumb\":{\"@id\":\"https:\\\/\\\/lobosnews.com.ar\\\/index.php\\\/2026\\\/09\\\/01\\\/caos-en-santa-fe-un-patrullero-perdio-el-control-se-incrusto-en-la-guardia-de-un-hospital-y-hubo-cuatro-heridos\\\/#breadcrumb\"},\"inLanguage\":\"es\",\"potentialAction\":[{\"@type\":\"ReadAction\",\"target\":[\"https:\\\/\\\/lobosnews.com.ar\\\/index.php\\\/2026\\\/09\\\/01\\\/caos-en-santa-fe-un-patrullero-perdio-el-control-se-incrusto-en-la-guardia-de-un-hospital-y-hubo-cuatro-heridos\\\/\"]}]},{\"@type\":\"ImageObject\",\"inLanguage\":\"es\",\"@id\":\"https:\\\/\\\/lobosnews.com.ar\\\/index.php\\\/2026\\\/09\\\/01\\\/caos-en-santa-fe-un-patrullero-perdio-el-control-se-incrusto-en-la-guardia-de-un-hospital-y-hubo-cuatro-heridos\\\/#primaryimage\",\"url\":\"https:\\\/\\\/lobosnews.com.ar\\\/wp-content\\\/uploads\\\/2026\\\/09\\\/caos-en-santa-fe-un-patrullero-perdio-el-control-se-incrusto-en-la-guardia-de-un-hospital-y-hubo-cuatro-heridos-2.jpg\",\"contentUrl\":\"https:\\\/\\\/lobosnews.com.ar\\\/wp-content\\\/uploads\\\/2026\\\/09\\\/caos-en-santa-fe-un-patrullero-perdio-el-control-se-incrusto-en-la-guardia-de-un-hospital-y-hubo-cuatro-heridos-2.jpg\",\"width\":1200,\"height\":740,\"caption\":\"Caos en Santa Fe: un patrullero perdi\u00f3 el control, se incrust\u00f3 en la guardia de un hospital y hubo cuatro heridos\"},{\"@type\":\"BreadcrumbList\",\"@id\":\"https:\\\/\\\/lobosnews.com.ar\\\/index.php\\\/2026\\\/09\\\/01\\\/caos-en-santa-fe-un-patrullero-perdio-el-control-se-incrusto-en-la-guardia-de-un-hospital-y-hubo-cuatro-heridos\\\/#breadcrumb\",\"itemListElement\":[{\"@type\":\"ListItem\",\"position\":1,\"name\":\"Portada\",\"item\":\"https:\\\/\\\/lobosnews.com.ar\\\/\"},{\"@type\":\"ListItem\",\"position\":2,\"name\":\"Caos en Santa Fe: un patrullero perdi\u00f3 el control, se incrust\u00f3 en la guardia de un hospital y hubo cuatro heridos\"}]},{\"@type\":\"WebSite\",\"@id\":\"https:\\\/\\\/lobosnews.com.ar\\\/#website\",\"url\":\"https:\\\/\\\/lobosnews.com.ar\\\/\",\"name\":\"Lobos News\",\"description\":\"Informaci\u00f3n a cada instante\",\"publisher\":{\"@id\":\"https:\\\/\\\/lobosnews.com.ar\\\/#organization\"},\"potentialAction\":[{\"@type\":\"SearchAction\",\"target\":{\"@type\":\"EntryPoint\",\"urlTemplate\":\"https:\\\/\\\/lobosnews.com.ar\\\/?s={search_term_string}\"},\"query-input\":{\"@type\":\"PropertyValueSpecification\",\"valueRequired\":true,\"valueName\":\"search_term_string\"}}],\"inLanguage\":\"es\"},{\"@type\":\"Organization\",\"@id\":\"https:\\\/\\\/lobosnews.com.ar\\\/#organization\",\"name\":\"Lobos News\",\"url\":\"https:\\\/\\\/lobosnews.com.ar\\\/\",\"logo\":{\"@type\":\"ImageObject\",\"inLanguage\":\"es\",\"@id\":\"https:\\\/\\\/lobosnews.com.ar\\\/#\\\/schema\\\/logo\\\/image\\\/\",\"url\":\"https:\\\/\\\/lobosnews.com.ar\\\/wp-content\\\/uploads\\\/2026\\\/01\\\/logo-lobosnews.png\",\"contentUrl\":\"https:\\\/\\\/lobosnews.com.ar\\\/wp-content\\\/uploads\\\/2026\\\/01\\\/logo-lobosnews.png\",\"width\":500,\"height\":200,\"caption\":\"Lobos News\"},\"image\":{\"@id\":\"https:\\\/\\\/lobosnews.com.ar\\\/#\\\/schema\\\/logo\\\/image\\\/\"}},{\"@type\":\"Person\",\"@id\":\"https:\\\/\\\/lobosnews.com.ar\\\/#\\\/schema\\\/person\\\/232422a593d5c541dd9aef6aaed10943\",\"name\":\"admin\",\"image\":{\"@type\":\"ImageObject\",\"inLanguage\":\"es\",\"@id\":\"https:\\\/\\\/secure.gravatar.com\\\/avatar\\\/76e419471a2083bc3ceab22a763dbbf9b0c1bd15a6214cf3280e2c2dde4580f9?s=96&d=mm&r=g\",\"url\":\"https:\\\/\\\/secure.gravatar.com\\\/avatar\\\/76e419471a2083bc3ceab22a763dbbf9b0c1bd15a6214cf3280e2c2dde4580f9?s=96&d=mm&r=g\",\"contentUrl\":\"https:\\\/\\\/secure.gravatar.com\\\/avatar\\\/76e419471a2083bc3ceab22a763dbbf9b0c1bd15a6214cf3280e2c2dde4580f9?s=96&d=mm&r=g\",\"caption\":\"admin\"},\"sameAs\":[\"https:\\\/\\\/lobosnews.com.ar\"],\"url\":\"https:\\\/\\\/lobosnews.com.ar\\\/index.php\\\/author\\\/lobos-news\\\/\"}]}<\/script>\n<!-- \/ Yoast SEO plugin. -->","yoast_head_json":{"title":"Caos en Santa Fe: un patrullero perdi\u00f3 el control, se incrust\u00f3 en la guardia de un hospital y hubo cuatro heridos - Lobos News","robots":{"index":"index","follow":"follow","max-snippet":"max-snippet:-1","max-image-preview":"max-image-preview:large","max-video-preview":"max-video-preview:-1"},"canonical":"https:\/\/lobosnews.com.ar\/index.php\/2026\/09\/01\/caos-en-santa-fe-un-patrullero-perdio-el-control-se-incrusto-en-la-guardia-de-un-hospital-y-hubo-cuatro-heridos\/","og_locale":"es_ES","og_type":"article","og_title":"Caos en Santa Fe: un patrullero perdi\u00f3 el control, se incrust\u00f3 en la guardia de un hospital y hubo cuatro heridos - Lobos News","og_description":"Un patrullero de la Polic\u00eda de Santa Fe perdi\u00f3 el control y termin\u00f3 atravesando el port\u00f3n de acceso a la guardia del hospital Jos\u00e9 Mar\u00eda Cullen este martes al mediod\u00eda. El episodio dej\u00f3 cuatro personas heridas y oblig\u00f3 a las autoridades del nosocomio a implementar un esquema alternativo de ingreso mientras se realizan las pericias...","og_url":"https:\/\/lobosnews.com.ar\/index.php\/2026\/09\/01\/caos-en-santa-fe-un-patrullero-perdio-el-control-se-incrusto-en-la-guardia-de-un-hospital-y-hubo-cuatro-heridos\/","og_site_name":"Lobos News","article_published_time":"2026-09-01T22:08:53+00:00","article_modified_time":"2026-09-01T23:26:05+00:00","og_image":[{"width":1200,"height":740,"url":"https:\/\/lobosnews.com.ar\/wp-content\/uploads\/2026\/09\/caos-en-santa-fe-un-patrullero-perdio-el-control-se-incrusto-en-la-guardia-de-un-hospital-y-hubo-cuatro-heridos-2.jpg","type":"image\/jpeg"}],"author":"admin","twitter_card":"summary_large_image","twitter_misc":{"Escrito por":"admin","Tiempo de lectura":"3 minutos"},"schema":{"@context":"https:\/\/schema.org","@graph":[{"@type":"Article","@id":"https:\/\/lobosnews.com.ar\/index.php\/2026\/09\/01\/caos-en-santa-fe-un-patrullero-perdio-el-control-se-incrusto-en-la-guardia-de-un-hospital-y-hubo-cuatro-heridos\/#article","isPartOf":{"@id":"https:\/\/lobosnews.com.ar\/index.php\/2026\/09\/01\/caos-en-santa-fe-un-patrullero-perdio-el-control-se-incrusto-en-la-guardia-de-un-hospital-y-hubo-cuatro-heridos\/"},"author":{"name":"admin","@id":"https:\/\/lobosnews.com.ar\/#\/schema\/person\/232422a593d5c541dd9aef6aaed10943"},"headline":"Caos en Santa Fe: un patrullero perdi\u00f3 el control, se incrust\u00f3 en la guardia de un hospital y hubo cuatro heridos","datePublished":"2026-09-01T22:08:53+00:00","dateModified":"2026-09-01T23:26:05+00:00","mainEntityOfPage":{"@id":"https:\/\/lobosnews.com.ar\/index.php\/2026\/09\/01\/caos-en-santa-fe-un-patrullero-perdio-el-control-se-incrusto-en-la-guardia-de-un-hospital-y-hubo-cuatro-heridos\/"},"wordCount":708,"commentCount":0,"publisher":{"@id":"https:\/\/lobosnews.com.ar\/#organization"},"image":{"@id":"https:\/\/lobosnews.com.ar\/index.php\/2026\/09\/01\/caos-en-santa-fe-un-patrullero-perdio-el-control-se-incrusto-en-la-guardia-de-un-hospital-y-hubo-cuatro-heridos\/#primaryimage"},"thumbnailUrl":"https:\/\/lobosnews.com.ar\/wp-content\/uploads\/2026\/09\/caos-en-santa-fe-un-patrullero-perdio-el-control-se-incrusto-en-la-guardia-de-un-hospital-y-hubo-cuatro-heridos-2.jpg","articleSection":["Actualidad","Argentina","econom\u00eda","inseguridad","masradios.com","nacionales","seguridad","sociedad"],"inLanguage":"es","potentialAction":[{"@type":"CommentAction","name":"Comment","target":["https:\/\/lobosnews.com.ar\/index.php\/2026\/09\/01\/caos-en-santa-fe-un-patrullero-perdio-el-control-se-incrusto-en-la-guardia-de-un-hospital-y-hubo-cuatro-heridos\/#respond"]}]},{"@type":"WebPage","@id":"https:\/\/lobosnews.com.ar\/index.php\/2026\/09\/01\/caos-en-santa-fe-un-patrullero-perdio-el-control-se-incrusto-en-la-guardia-de-un-hospital-y-hubo-cuatro-heridos\/","url":"https:\/\/lobosnews.com.ar\/index.php\/2026\/09\/01\/caos-en-santa-fe-un-patrullero-perdio-el-control-se-incrusto-en-la-guardia-de-un-hospital-y-hubo-cuatro-heridos\/","name":"Caos en Santa Fe: un patrullero perdi\u00f3 el control, se incrust\u00f3 en la guardia de un hospital y hubo cuatro heridos - Lobos News","isPartOf":{"@id":"https:\/\/lobosnews.com.ar\/#website"},"primaryImageOfPage":{"@id":"https:\/\/lobosnews.com.ar\/index.php\/2026\/09\/01\/caos-en-santa-fe-un-patrullero-perdio-el-control-se-incrusto-en-la-guardia-de-un-hospital-y-hubo-cuatro-heridos\/#primaryimage"},"image":{"@id":"https:\/\/lobosnews.com.ar\/index.php\/2026\/09\/01\/caos-en-santa-fe-un-patrullero-perdio-el-control-se-incrusto-en-la-guardia-de-un-hospital-y-hubo-cuatro-heridos\/#primaryimage"},"thumbnailUrl":"https:\/\/lobosnews.com.ar\/wp-content\/uploads\/2026\/09\/caos-en-santa-fe-un-patrullero-perdio-el-control-se-incrusto-en-la-guardia-de-un-hospital-y-hubo-cuatro-heridos-2.jpg","datePublished":"2026-09-01T22:08:53+00:00","dateModified":"2026-09-01T23:26:05+00:00","breadcrumb":{"@id":"https:\/\/lobosnews.com.ar\/index.php\/2026\/09\/01\/caos-en-santa-fe-un-patrullero-perdio-el-control-se-incrusto-en-la-guardia-de-un-hospital-y-hubo-cuatro-heridos\/#breadcrumb"},"inLanguage":"es","potentialAction":[{"@type":"ReadAction","target":["https:\/\/lobosnews.com.ar\/index.php\/2026\/09\/01\/caos-en-santa-fe-un-patrullero-perdio-el-control-se-incrusto-en-la-guardia-de-un-hospital-y-hubo-cuatro-heridos\/"]}]},{"@type":"ImageObject","inLanguage":"es","@id":"https:\/\/lobosnews.com.ar\/index.php\/2026\/09\/01\/caos-en-santa-fe-un-patrullero-perdio-el-control-se-incrusto-en-la-guardia-de-un-hospital-y-hubo-cuatro-heridos\/#primaryimage","url":"https:\/\/lobosnews.com.ar\/wp-content\/uploads\/2026\/09\/caos-en-santa-fe-un-patrullero-perdio-el-control-se-incrusto-en-la-guardia-de-un-hospital-y-hubo-cuatro-heridos-2.jpg","contentUrl":"https:\/\/lobosnews.com.ar\/wp-content\/uploads\/2026\/09\/caos-en-santa-fe-un-patrullero-perdio-el-control-se-incrusto-en-la-guardia-de-un-hospital-y-hubo-cuatro-heridos-2.jpg","width":1200,"height":740,"caption":"Caos en Santa Fe: un patrullero perdi\u00f3 el control, se incrust\u00f3 en la guardia de un hospital y hubo cuatro heridos"},{"@type":"BreadcrumbList","@id":"https:\/\/lobosnews.com.ar\/index.php\/2026\/09\/01\/caos-en-santa-fe-un-patrullero-perdio-el-control-se-incrusto-en-la-guardia-de-un-hospital-y-hubo-cuatro-heridos\/#breadcrumb","itemListElement":[{"@type":"ListItem","position":1,"name":"Portada","item":"https:\/\/lobosnews.com.ar\/"},{"@type":"ListItem","position":2,"name":"Caos en Santa Fe: un patrullero perdi\u00f3 el control, se incrust\u00f3 en la guardia de un hospital y hubo cuatro heridos"}]},{"@type":"WebSite","@id":"https:\/\/lobosnews.com.ar\/#website","url":"https:\/\/lobosnews.com.ar\/","name":"Lobos News","description":"Informaci\u00f3n a cada instante","publisher":{"@id":"https:\/\/lobosnews.com.ar\/#organization"},"potentialAction":[{"@type":"SearchAction","target":{"@type":"EntryPoint","urlTemplate":"https:\/\/lobosnews.com.ar\/?s={search_term_string}"},"query-input":{"@type":"PropertyValueSpecification","valueRequired":true,"valueName":"search_term_string"}}],"inLanguage":"es"},{"@type":"Organization","@id":"https:\/\/lobosnews.com.ar\/#organization","name":"Lobos News","url":"https:\/\/lobosnews.com.ar\/","logo":{"@type":"ImageObject","inLanguage":"es","@id":"https:\/\/lobosnews.com.ar\/#\/schema\/logo\/image\/","url":"https:\/\/lobosnews.com.ar\/wp-content\/uploads\/2026\/01\/logo-lobosnews.png","contentUrl":"https:\/\/lobosnews.com.ar\/wp-content\/uploads\/2026\/01\/logo-lobosnews.png","width":500,"height":200,"caption":"Lobos News"},"image":{"@id":"https:\/\/lobosnews.com.ar\/#\/schema\/logo\/image\/"}},{"@type":"Person","@id":"https:\/\/lobosnews.com.ar\/#\/schema\/person\/232422a593d5c541dd9aef6aaed10943","name":"admin","image":{"@type":"ImageObject","inLanguage":"es","@id":"https:\/\/secure.gravatar.com\/avatar\/76e419471a2083bc3ceab22a763dbbf9b0c1bd15a6214cf3280e2c2dde4580f9?s=96&d=mm&r=g","url":"https:\/\/secure.gravatar.com\/avatar\/76e419471a2083bc3ceab22a763dbbf9b0c1bd15a6214cf3280e2c2dde4580f9?s=96&d=mm&r=g","contentUrl":"https:\/\/secure.gravatar.com\/avatar\/76e419471a2083bc3ceab22a763dbbf9b0c1bd15a6214cf3280e2c2dde4580f9?s=96&d=mm&r=g","caption":"admin"},"sameAs":["https:\/\/lobosnews.com.ar"],"url":"https:\/\/lobosnews.com.ar\/index.php\/author\/lobos-news\/"}]}},"jetpack_featured_media_url":"https:\/\/lobosnews.com.ar\/wp-content\/uploads\/2026\/09\/caos-en-santa-fe-un-patrullero-perdio-el-control-se-incrusto-en-la-guardia-de-un-hospital-y-hubo-cuatro-heridos-2.jpg","jetpack_sharing_enabled":true,"_links":{"self":[{"href":"https:\/\/lobosnews.com.ar\/index.php\/wp-json\/wp\/v2\/posts\/96417","targetHints":{"allow":["GET"]}}],"collection":[{"href":"https:\/\/lobosnews.com.ar\/index.php\/wp-json\/wp\/v2\/posts"}],"about":[{"href":"https:\/\/lobosnews.com.ar\/index.php\/wp-json\/wp\/v2\/types\/post"}],"author":[{"embeddable":true,"href":"https:\/\/lobosnews.com.ar\/index.php\/wp-json\/wp\/v2\/users\/1"}],"replies":[{"embeddable":true,"href":"https:\/\/lobosnews.com.ar\/index.php\/wp-json\/wp\/v2\/comments?post=96417"}],"version-history":[{"count":1,"href":"https:\/\/lobosnews.com.ar\/index.php\/wp-json\/wp\/v2\/posts\/96417\/revisions"}],"predecessor-version":[{"id":96420,"href":"https:\/\/lobosnews.com.ar\/index.php\/wp-json\/wp\/v2\/posts\/96417\/revisions\/96420"}],"wp:featuredmedia":[{"embeddable":true,"href":"https:\/\/lobosnews.com.ar\/index.php\/wp-json\/wp\/v2\/media\/96421"}],"wp:attachment":[{"href":"https:\/\/lobosnews.com.ar\/index.php\/wp-json\/wp\/v2\/media?parent=96417"}],"wp:term":[{"taxonomy":"category","embeddable":true,"href":"https:\/\/lobosnews.com.ar\/index.php\/wp-json\/wp\/v2\/categories?post=96417"},{"taxonomy":"post_tag","embeddable":true,"href":"https:\/\/lobosnews.com.ar\/index.php\/wp-json\/wp\/v2\/tags?post=96417"}],"curies":[{"name":"wp","href":"https:\/\/api.w.org\/{rel}","templated":true}]}}