{"id":96385,"date":"2026-09-01T18:19:13","date_gmt":"2026-09-01T18:19:13","guid":{"rendered":"https:\/\/lobosnews.com.ar\/?p=96385"},"modified":"2026-09-01T23:24:57","modified_gmt":"2026-09-01T23:24:57","slug":"el-detras-de-las-ulceras-por-presion-como-tratar-las-heridas-y-claves-para-su-prevencion","status":"publish","type":"post","link":"https:\/\/lobosnews.com.ar\/index.php\/2026\/09\/01\/el-detras-de-las-ulceras-por-presion-como-tratar-las-heridas-y-claves-para-su-prevencion\/","title":{"rendered":"El detr\u00e1s de las \u00falceras por presi\u00f3n: c\u00f3mo tratar las heridas y claves para su prevenci\u00f3n"},"content":{"rendered":"<p><img loading=\"lazy\" decoding=\"async\" src=\"https:\/\/lobosnews.com.ar\/wp-content\/uploads\/2026\/09\/el-detras-de-las-ulceras-por-presion-como-tratar-las-heridas-y-claves-para-su-prevencion.jpg\" alt=\"Las \u00falceras por presi\u00f3n son lesiones en la piel y los tejidos que aparecen por presi\u00f3n prolongada sobre zonas como el sacro, los gl\u00fateos, los talones y las caderas (Imagen Ilustrativa Infobae)\" height=\"1536\" width=\"2752\"\/><\/p>\n<p>Las <span class=\"waslinkname\"><b>\u00falceras<\/b><\/span><b> por presi\u00f3n<\/b> son lesiones en la <span class=\"waslinkname\">piel<\/span> y en los tejidos que se producen cuando una zona del cuerpo permanece sometida a presi\u00f3n durante un tiempo prolongado. Suelen aparecer sobre prominencias \u00f3seas, como el sacro, los gl\u00fateos, los talones, las caderas o los codos, donde hay menos tejido que amortig\u00fce el contacto. Tambi\u00e9n pueden desarrollarse debajo de dispositivos m\u00e9dicos o en \u00e1reas expuestas a fricci\u00f3n.<\/p>\n<p>El problema afecta sobre todo a personas con movilidad reducida, que pasan muchas horas en cama o en una silla, aunque no se trata de una consecuencia autom\u00e1tica de la inmovilidad. La aparici\u00f3n tambi\u00e9n <b>se relaciona con factores como la desnutrici\u00f3n, la deshidrataci\u00f3n, la diabetes, la incontinencia, la edad avanzada o el deterioro cognitivo<\/b>. De acuerdo con <i>Johns Hopkins Medicine<\/i>, pueden desarrollarse con rapidez y, si no se detectan a tiempo, avanzar hacia cuadros m\u00e1s profundos y complejos.<\/p>\n<h2>La prevenci\u00f3n y la detecci\u00f3n temprana de las \u00falceras por presi\u00f3n<\/h2>\n<p>Seg\u00fan un <span class=\"waslinkname\">estudio<\/span> de <i>StatPearls<\/i>, este proceso puede comenzar en capas profundas antes de que la lesi\u00f3n sea visible en la superficie, por lo que <b>la observaci\u00f3n cl\u00ednica temprana resulta decisiva<\/b>. El sacro, la tuberosidad isqui\u00e1tica y el troc\u00e1nter mayor concentran cerca del <b>70% de las lesiones por presi\u00f3n<\/b>, aunque tambi\u00e9n son frecuentes en talones, esc\u00e1pulas, tobillos, hombros y orejas.<\/p>\n<p>Entre los <b>signos iniciales<\/b> se describen <b>enrojecimiento que no desaparece al aliviar la presi\u00f3n<\/b>, cambios de color, aumento o descenso de la temperatura local, sensibilidad, endurecimiento o ampollas. <i>Mayo Clinic<\/i> indic\u00f3 que, <b>si una zona no mejora entre<\/b> <b>24 y 48 horas<\/b> despu\u00e9s de quitar la presi\u00f3n, <b>corresponde consultar con un profesional de salud<\/b>. Cuando hay fiebre, mal olor, secreci\u00f3n, hinchaz\u00f3n o calor alrededor de la herida, el riesgo de infecci\u00f3n exige atenci\u00f3n inmediata.<\/p>\n<p><img loading=\"lazy\" decoding=\"async\" src=\"https:\/\/lobosnews.com.ar\/wp-content\/uploads\/2026\/09\/el-detras-de-las-ulceras-por-presion-como-tratar-las-heridas-y-claves-para-su-prevencion-1.jpg\" alt=\"La prevenci\u00f3n de las \u00falceras por presi\u00f3n incluye cambios de posici\u00f3n, superficies que redistribuyen la presi\u00f3n, revisi\u00f3n diaria de la piel y control de la humedad (Imagen Ilustrativa Infobae)\" height=\"1536\" width=\"2752\"\/><\/p>\n<p>La prevenci\u00f3n se apoya, en primer lugar, en reducir la tensi\u00f3n sostenida. <i>Johns Hopkins Medicine<\/i> recomend\u00f3 <b>cambiar de posici\u00f3n al menos cada 2 horas<\/b> en personas que permanecen en cama y <b>cada 10 a 15 minutos<\/b> <b>en quienes usan silla de ruedas<\/b>, siempre que sea posible. Sin embargo, una <span class=\"waslinkname\">investigaci\u00f3n<\/span> indic\u00f3 que las estrategias m\u00e1s recientes tienden a personalizar esos intervalos seg\u00fan el estado cl\u00ednico, la superficie de apoyo y el riesgo individual, en lugar de aplicar una rutina id\u00e9ntica para todos.<\/p>\n<p>Ese enfoque m\u00e1s individualizado tambi\u00e9n incluye colchones y almohadones que redistribuyen la presi\u00f3n, revisi\u00f3n diaria de la piel, reducci\u00f3n de la humedad por sudor, orina o heces, y cuidado durante las transferencias para evitar arrastrar el cuerpo sobre las s\u00e1banas. La <i>Universidad de Michigan<\/i> agreg\u00f3 que <b>la fricci\u00f3n y la fuerza de corte aumentan el da\u00f1o en la piel<\/b>, sobre todo cuando la persona se desliza en la cama o en la silla.<\/p>\n<p>Cuando la lesi\u00f3n ya apareci\u00f3, <b>el tratamiento depende de la profundidad<\/b>, del nivel de exudado y de si hay alguna infecci\u00f3n. <i>StatPearls<\/i> explic\u00f3 que las medidas clave son descargar la zona afectada, mantener un equilibrio adecuado de humedad en la herida, retirar el tejido desvitalizado cuando corresponde y utilizar ap\u00f3sitos acordes con la etapa de la lesi\u00f3n. En cuadros m\u00e1s avanzados <b>puede ser necesario recurrir a terapia de presi\u00f3n negativa<\/b>, <b>antibi\u00f3ticos<\/b> o <b>cirug\u00eda <\/b>reconstructiva.<\/p>\n<p>La recuperaci\u00f3n var\u00eda de manera importante. Seg\u00fan el trabajo, las lesiones tempranas pueden cerrar en meses si reciben alivio de presi\u00f3n y cuidados adecuados, mientras que las \u00falceras profundas pueden permanecer abiertas durante un a\u00f1o o m\u00e1s, especialmente en personas con otras condiciones.<\/p>\n<p><img loading=\"lazy\" decoding=\"async\" src=\"https:\/\/lobosnews.com.ar\/wp-content\/uploads\/2026\/09\/el-detras-de-las-ulceras-por-presion-como-tratar-las-heridas-y-claves-para-su-prevencion-2.jpg\" alt=\"La detecci\u00f3n temprana de las \u00falceras por presi\u00f3n resulta clave porque el da\u00f1o puede comenzar en capas profundas antes de hacerse visible en la piel (Imagen Ilustrativa Infobae)\" height=\"1536\" width=\"2752\"\/><\/p>\n<h2>El papel de la alimentaci\u00f3n y la hidrataci\u00f3n<\/h2>\n<p>La <i>British Dietetic Association<\/i> se\u00f1al\u00f3 que <b>una mala alimentaci\u00f3n y una hidrataci\u00f3n insuficiente aumentan la probabilidad de desarrollar estas lesiones<\/b>, mientras que una ingesta adecuada contribuye tanto a la prevenci\u00f3n como a la cicatrizaci\u00f3n.<\/p>\n<p>La explicaci\u00f3n es fisiol\u00f3gica. <b>La piel necesita energ\u00eda, prote\u00ednas, vitaminas, minerales y l\u00edquidos<\/b> para conservar su integridad y reparar el tejido da\u00f1ado. Seg\u00fan <i>StatPearls<\/i>, la desnutrici\u00f3n, la anemia, la deshidrataci\u00f3n y enfermedades como la diabetes incrementan la susceptibilidad al da\u00f1o tisular y dificultan la recuperaci\u00f3n. Otro <span class=\"waslinkname\">estudio<\/span> agreg\u00f3 que la desnutrici\u00f3n proteico-energ\u00e9tica compromete la s\u00edntesis de col\u00e1geno, la angiog\u00e9nesis (formaci\u00f3n de vasos sangu\u00edneos) y la actividad de los fibroblastos. En la pr\u00e1ctica, esto significa que <b>el organismo pierde capacidad para reparar una herida de forma eficiente<\/b>.<\/p>\n<p>La <i>British Dietetic Association<\/i> recomend\u00f3 <b>sostener una alimentaci\u00f3n regular y equilibrada con presencia de prote\u00ednas en cada comida<\/b>, a partir de alimentos como carne, pescado, huevos, queso, legumbres, tofu, frutos secos o alternativas similares. Tambi\u00e9n propusieron <b>incluir fuentes de carbohidratos<\/b> como arroz, pasta, pan, papas o cereales, adem\u00e1s de l\u00e1cteos o bebidas de soja enriquecidas y al menos cinco porciones diarias de frutas y verduras variadas. <\/p>\n<p>En personas con bajo peso o p\u00e9rdida involuntaria de peso, el organismo puede necesitar comidas peque\u00f1as y frecuentes, colaciones nutritivas y bebidas con mayor aporte energ\u00e9tico.<\/p>\n<p><img loading=\"lazy\" decoding=\"async\" src=\"https:\/\/lobosnews.com.ar\/wp-content\/uploads\/2026\/09\/el-detras-de-las-ulceras-por-presion-como-tratar-las-heridas-y-claves-para-su-prevencion-3.jpg\" alt=\"La nutrici\u00f3n adecuada ayuda a prevenir las \u00falceras por presi\u00f3n y favorece la cicatrizaci\u00f3n porque la piel necesita prote\u00ednas, energ\u00eda, vitaminas, minerales y l\u00edquidos (Imagen Ilustrativa Infobae)\" height=\"1536\" width=\"2752\"\/><\/p>\n<p><b>El peso corporal tambi\u00e9n influye en el riesgo<\/b>. La entidad brit\u00e1nica advirti\u00f3 que pueden ser m\u00e1s probables tanto en personas muy delgadas, por la menor protecci\u00f3n sobre las prominencias \u00f3seas, como en quienes tienen sobrepeso, por el aumento de presi\u00f3n en determinadas zonas al estar sentadas o acostadas.<\/p>\n<p>En cuanto a la hidrataci\u00f3n, los expertos indican que <b>las mujeres deber\u00edan ingerir alrededor de<\/b> <b>1600 mililitros<\/b> diarios y los <b>hombres cerca de<\/b> <b>2000 mililitros<\/b>. La hidrataci\u00f3n adecuada no reemplaza otras medidas preventivas, pero forma parte de las <b>condiciones b\u00e1sicas para conservar la piel en mejor estado<\/b> y apoyar la cicatrizaci\u00f3n.<\/p>\n<p>Por otro lado, <b>los suplementos no deben asumirse como una soluci\u00f3n universal<\/b>. La <i>British Dietetic Association<\/i> indic\u00f3 que, si la dieta es variada, probablemente no sea necesario sumar vitaminas o minerales. En cambio, un profesional puede recetar suplementos orales cuando la ingesta resulta insuficiente. <i>StatPearls<\/i> a\u00f1adi\u00f3 que algunos estudios observaron beneficios con antioxidantes, arginina y zinc.<\/p>\n<p>En ese marco, la prevenci\u00f3n de las <b>\u00falceras por presi\u00f3n<\/b> <b>exige mirar m\u00e1s all\u00e1 de la herida visible<\/b>. El control de la presi\u00f3n, la vigilancia de la piel, el manejo de la humedad y una nutrici\u00f3n suficiente forman parte del mismo problema cl\u00ednico y del mismo objetivo: reducir el riesgo de lesi\u00f3n y mejorar la capacidad de recuperaci\u00f3n cuando el da\u00f1o ya apareci\u00f3.<\/p>\n","protected":false},"excerpt":{"rendered":"<p>Las \u00falceras por presi\u00f3n son lesiones en la piel y en los tejidos que se producen cuando una zona del cuerpo permanece sometida a presi\u00f3n durante un tiempo prolongado. Suelen aparecer sobre prominencias \u00f3seas, como el sacro, los gl\u00fateos, los talones, las caderas o los codos, donde hay menos tejido que amortig\u00fce el contacto. Tambi\u00e9n&#8230;<\/p>\n","protected":false},"author":1,"featured_media":96391,"comment_status":"open","ping_status":"closed","sticky":false,"template":"","format":"standard","meta":{"_jetpack_newsletter_access":"","_jetpack_dont_email_post_to_subs":false,"_jetpack_newsletter_tier_id":0,"_jetpack_memberships_contains_paywalled_content":false,"_jetpack_memberships_contains_paid_content":false,"footnotes":"","jetpack_post_was_ever_published":false},"categories":[81],"tags":[],"class_list":["post-96385","post","type-post","status-publish","format-standard","has-post-thumbnail","hentry","category-salud"],"magazineBlocksPostFeaturedMedia":{"thumbnail":"https:\/\/lobosnews.com.ar\/wp-content\/uploads\/2026\/09\/el-detras-de-las-ulceras-por-presion-como-tratar-las-heridas-y-claves-para-su-prevencion-6-150x150.jpg","medium":"https:\/\/lobosnews.com.ar\/wp-content\/uploads\/2026\/09\/el-detras-de-las-ulceras-por-presion-como-tratar-las-heridas-y-claves-para-su-prevencion-6-300x167.jpg","medium_large":"https:\/\/lobosnews.com.ar\/wp-content\/uploads\/2026\/09\/el-detras-de-las-ulceras-por-presion-como-tratar-las-heridas-y-claves-para-su-prevencion-6-768x429.jpg","large":"https:\/\/lobosnews.com.ar\/wp-content\/uploads\/2026\/09\/el-detras-de-las-ulceras-por-presion-como-tratar-las-heridas-y-claves-para-su-prevencion-6-1024x572.jpg","1536x1536":"https:\/\/lobosnews.com.ar\/wp-content\/uploads\/2026\/09\/el-detras-de-las-ulceras-por-presion-como-tratar-las-heridas-y-claves-para-su-prevencion-6-1536x857.jpg","2048x2048":"https:\/\/lobosnews.com.ar\/wp-content\/uploads\/2026\/09\/el-detras-de-las-ulceras-por-presion-como-tratar-las-heridas-y-claves-para-su-prevencion-6-2048x1143.jpg","newsmatic-featured":"https:\/\/lobosnews.com.ar\/wp-content\/uploads\/2026\/09\/el-detras-de-las-ulceras-por-presion-como-tratar-las-heridas-y-claves-para-su-prevencion-6-820x545.jpg","newsmatic-list":"https:\/\/lobosnews.com.ar\/wp-content\/uploads\/2026\/09\/el-detras-de-las-ulceras-por-presion-como-tratar-las-heridas-y-claves-para-su-prevencion-6-600x400.jpg","newsmatic-thumb":"https:\/\/lobosnews.com.ar\/wp-content\/uploads\/2026\/09\/el-detras-de-las-ulceras-por-presion-como-tratar-las-heridas-y-claves-para-su-prevencion-6-300x200.jpg","newsmatic-small":"https:\/\/lobosnews.com.ar\/wp-content\/uploads\/2026\/09\/el-detras-de-las-ulceras-por-presion-como-tratar-las-heridas-y-claves-para-su-prevencion-6-150x95.jpg","newsmatic-grid":"https:\/\/lobosnews.com.ar\/wp-content\/uploads\/2026\/09\/el-detras-de-las-ulceras-por-presion-como-tratar-las-heridas-y-claves-para-su-prevencion-6-400x250.jpg"},"magazineBlocksPostAuthor":{"name":"admin","avatar":"https:\/\/secure.gravatar.com\/avatar\/76e419471a2083bc3ceab22a763dbbf9b0c1bd15a6214cf3280e2c2dde4580f9?s=96&d=mm&r=g"},"magazineBlocksPostCommentsNumber":"0","magazineBlocksPostExcerpt":"Las \u00falceras por presi\u00f3n son lesiones en la piel y en los tejidos que se producen cuando una zona del cuerpo permanece sometida a presi\u00f3n durante un tiempo prolongado. Suelen aparecer sobre prominencias \u00f3seas, como el sacro, los gl\u00fateos, los talones, las caderas o los codos, donde hay menos tejido que amortig\u00fce el contacto. Tambi\u00e9n...","magazineBlocksPostCategories":["Salud"],"magazineBlocksPostViewCount":49,"magazineBlocksPostReadTime":6,"magazine_blocks_featured_image_url":{"full":["https:\/\/lobosnews.com.ar\/wp-content\/uploads\/2026\/09\/el-detras-de-las-ulceras-por-presion-como-tratar-las-heridas-y-claves-para-su-prevencion-6-scaled.jpg",2560,1429,false],"medium":["https:\/\/lobosnews.com.ar\/wp-content\/uploads\/2026\/09\/el-detras-de-las-ulceras-por-presion-como-tratar-las-heridas-y-claves-para-su-prevencion-6-300x167.jpg",300,167,true],"thumbnail":["https:\/\/lobosnews.com.ar\/wp-content\/uploads\/2026\/09\/el-detras-de-las-ulceras-por-presion-como-tratar-las-heridas-y-claves-para-su-prevencion-6-150x150.jpg",150,150,true]},"magazine_blocks_author":{"display_name":"admin","author_link":"https:\/\/lobosnews.com.ar\/index.php\/author\/lobos-news\/"},"magazine_blocks_comment":0,"magazine_blocks_author_image":"https:\/\/secure.gravatar.com\/avatar\/76e419471a2083bc3ceab22a763dbbf9b0c1bd15a6214cf3280e2c2dde4580f9?s=96&d=mm&r=g","magazine_blocks_category":"<a href=\"#\" class=\"category-link category-link-81\">Salud<\/a>","yoast_head":"<!-- This site is optimized with the Yoast SEO plugin v28.0 - https:\/\/yoast.com\/product\/yoast-seo-wordpress\/ -->\n<title>El detr\u00e1s de las \u00falceras por presi\u00f3n: c\u00f3mo tratar las heridas y claves para su prevenci\u00f3n - Lobos News<\/title>\n<meta name=\"robots\" content=\"index, follow, max-snippet:-1, max-image-preview:large, max-video-preview:-1\" \/>\n<link rel=\"canonical\" href=\"https:\/\/lobosnews.com.ar\/index.php\/2026\/09\/01\/el-detras-de-las-ulceras-por-presion-como-tratar-las-heridas-y-claves-para-su-prevencion\/\" \/>\n<meta property=\"og:locale\" content=\"es_ES\" \/>\n<meta property=\"og:type\" content=\"article\" \/>\n<meta property=\"og:title\" content=\"El detr\u00e1s de las \u00falceras por presi\u00f3n: c\u00f3mo tratar las heridas y claves para su prevenci\u00f3n - Lobos News\" \/>\n<meta property=\"og:description\" content=\"Las \u00falceras por presi\u00f3n son lesiones en la piel y en los tejidos que se producen cuando una zona del cuerpo permanece sometida a presi\u00f3n durante un tiempo prolongado. Suelen aparecer sobre prominencias \u00f3seas, como el sacro, los gl\u00fateos, los talones, las caderas o los codos, donde hay menos tejido que amortig\u00fce el contacto. Tambi\u00e9n...\" \/>\n<meta property=\"og:url\" content=\"https:\/\/lobosnews.com.ar\/index.php\/2026\/09\/01\/el-detras-de-las-ulceras-por-presion-como-tratar-las-heridas-y-claves-para-su-prevencion\/\" \/>\n<meta property=\"og:site_name\" content=\"Lobos News\" \/>\n<meta property=\"article:published_time\" content=\"2026-09-01T18:19:13+00:00\" \/>\n<meta property=\"article:modified_time\" content=\"2026-09-01T23:24:57+00:00\" \/>\n<meta property=\"og:image\" content=\"https:\/\/lobosnews.com.ar\/wp-content\/uploads\/2026\/09\/el-detras-de-las-ulceras-por-presion-como-tratar-las-heridas-y-claves-para-su-prevencion-6-scaled.jpg\" \/>\n\t<meta property=\"og:image:width\" content=\"2560\" \/>\n\t<meta property=\"og:image:height\" content=\"1429\" \/>\n\t<meta property=\"og:image:type\" content=\"image\/jpeg\" \/>\n<meta name=\"author\" content=\"admin\" \/>\n<meta name=\"twitter:card\" content=\"summary_large_image\" \/>\n<meta name=\"twitter:label1\" content=\"Escrito por\" \/>\n\t<meta name=\"twitter:data1\" content=\"admin\" \/>\n\t<meta name=\"twitter:label2\" content=\"Tiempo de lectura\" \/>\n\t<meta name=\"twitter:data2\" content=\"6 minutos\" \/>\n<script type=\"application\/ld+json\" class=\"yoast-schema-graph\">{\"@context\":\"https:\\\/\\\/schema.org\",\"@graph\":[{\"@type\":\"Article\",\"@id\":\"https:\\\/\\\/lobosnews.com.ar\\\/index.php\\\/2026\\\/09\\\/01\\\/el-detras-de-las-ulceras-por-presion-como-tratar-las-heridas-y-claves-para-su-prevencion\\\/#article\",\"isPartOf\":{\"@id\":\"https:\\\/\\\/lobosnews.com.ar\\\/index.php\\\/2026\\\/09\\\/01\\\/el-detras-de-las-ulceras-por-presion-como-tratar-las-heridas-y-claves-para-su-prevencion\\\/\"},\"author\":{\"name\":\"admin\",\"@id\":\"https:\\\/\\\/lobosnews.com.ar\\\/#\\\/schema\\\/person\\\/232422a593d5c541dd9aef6aaed10943\"},\"headline\":\"El detr\u00e1s de las \u00falceras por presi\u00f3n: c\u00f3mo tratar las heridas y claves para su prevenci\u00f3n\",\"datePublished\":\"2026-09-01T18:19:13+00:00\",\"dateModified\":\"2026-09-01T23:24:57+00:00\",\"mainEntityOfPage\":{\"@id\":\"https:\\\/\\\/lobosnews.com.ar\\\/index.php\\\/2026\\\/09\\\/01\\\/el-detras-de-las-ulceras-por-presion-como-tratar-las-heridas-y-claves-para-su-prevencion\\\/\"},\"wordCount\":1129,\"commentCount\":0,\"publisher\":{\"@id\":\"https:\\\/\\\/lobosnews.com.ar\\\/#organization\"},\"image\":{\"@id\":\"https:\\\/\\\/lobosnews.com.ar\\\/index.php\\\/2026\\\/09\\\/01\\\/el-detras-de-las-ulceras-por-presion-como-tratar-las-heridas-y-claves-para-su-prevencion\\\/#primaryimage\"},\"thumbnailUrl\":\"https:\\\/\\\/lobosnews.com.ar\\\/wp-content\\\/uploads\\\/2026\\\/09\\\/el-detras-de-las-ulceras-por-presion-como-tratar-las-heridas-y-claves-para-su-prevencion-6-scaled.jpg\",\"articleSection\":[\"Salud\"],\"inLanguage\":\"es\",\"potentialAction\":[{\"@type\":\"CommentAction\",\"name\":\"Comment\",\"target\":[\"https:\\\/\\\/lobosnews.com.ar\\\/index.php\\\/2026\\\/09\\\/01\\\/el-detras-de-las-ulceras-por-presion-como-tratar-las-heridas-y-claves-para-su-prevencion\\\/#respond\"]}]},{\"@type\":\"WebPage\",\"@id\":\"https:\\\/\\\/lobosnews.com.ar\\\/index.php\\\/2026\\\/09\\\/01\\\/el-detras-de-las-ulceras-por-presion-como-tratar-las-heridas-y-claves-para-su-prevencion\\\/\",\"url\":\"https:\\\/\\\/lobosnews.com.ar\\\/index.php\\\/2026\\\/09\\\/01\\\/el-detras-de-las-ulceras-por-presion-como-tratar-las-heridas-y-claves-para-su-prevencion\\\/\",\"name\":\"El detr\u00e1s de las \u00falceras por presi\u00f3n: c\u00f3mo tratar las heridas y claves para su prevenci\u00f3n - Lobos News\",\"isPartOf\":{\"@id\":\"https:\\\/\\\/lobosnews.com.ar\\\/#website\"},\"primaryImageOfPage\":{\"@id\":\"https:\\\/\\\/lobosnews.com.ar\\\/index.php\\\/2026\\\/09\\\/01\\\/el-detras-de-las-ulceras-por-presion-como-tratar-las-heridas-y-claves-para-su-prevencion\\\/#primaryimage\"},\"image\":{\"@id\":\"https:\\\/\\\/lobosnews.com.ar\\\/index.php\\\/2026\\\/09\\\/01\\\/el-detras-de-las-ulceras-por-presion-como-tratar-las-heridas-y-claves-para-su-prevencion\\\/#primaryimage\"},\"thumbnailUrl\":\"https:\\\/\\\/lobosnews.com.ar\\\/wp-content\\\/uploads\\\/2026\\\/09\\\/el-detras-de-las-ulceras-por-presion-como-tratar-las-heridas-y-claves-para-su-prevencion-6-scaled.jpg\",\"datePublished\":\"2026-09-01T18:19:13+00:00\",\"dateModified\":\"2026-09-01T23:24:57+00:00\",\"breadcrumb\":{\"@id\":\"https:\\\/\\\/lobosnews.com.ar\\\/index.php\\\/2026\\\/09\\\/01\\\/el-detras-de-las-ulceras-por-presion-como-tratar-las-heridas-y-claves-para-su-prevencion\\\/#breadcrumb\"},\"inLanguage\":\"es\",\"potentialAction\":[{\"@type\":\"ReadAction\",\"target\":[\"https:\\\/\\\/lobosnews.com.ar\\\/index.php\\\/2026\\\/09\\\/01\\\/el-detras-de-las-ulceras-por-presion-como-tratar-las-heridas-y-claves-para-su-prevencion\\\/\"]}]},{\"@type\":\"ImageObject\",\"inLanguage\":\"es\",\"@id\":\"https:\\\/\\\/lobosnews.com.ar\\\/index.php\\\/2026\\\/09\\\/01\\\/el-detras-de-las-ulceras-por-presion-como-tratar-las-heridas-y-claves-para-su-prevencion\\\/#primaryimage\",\"url\":\"https:\\\/\\\/lobosnews.com.ar\\\/wp-content\\\/uploads\\\/2026\\\/09\\\/el-detras-de-las-ulceras-por-presion-como-tratar-las-heridas-y-claves-para-su-prevencion-6-scaled.jpg\",\"contentUrl\":\"https:\\\/\\\/lobosnews.com.ar\\\/wp-content\\\/uploads\\\/2026\\\/09\\\/el-detras-de-las-ulceras-por-presion-como-tratar-las-heridas-y-claves-para-su-prevencion-6-scaled.jpg\",\"width\":2560,\"height\":1429,\"caption\":\"El detr\u00e1s de las \u00falceras por presi\u00f3n: c\u00f3mo tratar las heridas y claves para su prevenci\u00f3n\"},{\"@type\":\"BreadcrumbList\",\"@id\":\"https:\\\/\\\/lobosnews.com.ar\\\/index.php\\\/2026\\\/09\\\/01\\\/el-detras-de-las-ulceras-por-presion-como-tratar-las-heridas-y-claves-para-su-prevencion\\\/#breadcrumb\",\"itemListElement\":[{\"@type\":\"ListItem\",\"position\":1,\"name\":\"Portada\",\"item\":\"https:\\\/\\\/lobosnews.com.ar\\\/\"},{\"@type\":\"ListItem\",\"position\":2,\"name\":\"El detr\u00e1s de las \u00falceras por presi\u00f3n: c\u00f3mo tratar las heridas y claves para su prevenci\u00f3n\"}]},{\"@type\":\"WebSite\",\"@id\":\"https:\\\/\\\/lobosnews.com.ar\\\/#website\",\"url\":\"https:\\\/\\\/lobosnews.com.ar\\\/\",\"name\":\"Lobos News\",\"description\":\"Informaci\u00f3n a cada instante\",\"publisher\":{\"@id\":\"https:\\\/\\\/lobosnews.com.ar\\\/#organization\"},\"potentialAction\":[{\"@type\":\"SearchAction\",\"target\":{\"@type\":\"EntryPoint\",\"urlTemplate\":\"https:\\\/\\\/lobosnews.com.ar\\\/?s={search_term_string}\"},\"query-input\":{\"@type\":\"PropertyValueSpecification\",\"valueRequired\":true,\"valueName\":\"search_term_string\"}}],\"inLanguage\":\"es\"},{\"@type\":\"Organization\",\"@id\":\"https:\\\/\\\/lobosnews.com.ar\\\/#organization\",\"name\":\"Lobos News\",\"url\":\"https:\\\/\\\/lobosnews.com.ar\\\/\",\"logo\":{\"@type\":\"ImageObject\",\"inLanguage\":\"es\",\"@id\":\"https:\\\/\\\/lobosnews.com.ar\\\/#\\\/schema\\\/logo\\\/image\\\/\",\"url\":\"https:\\\/\\\/lobosnews.com.ar\\\/wp-content\\\/uploads\\\/2026\\\/01\\\/logo-lobosnews.png\",\"contentUrl\":\"https:\\\/\\\/lobosnews.com.ar\\\/wp-content\\\/uploads\\\/2026\\\/01\\\/logo-lobosnews.png\",\"width\":500,\"height\":200,\"caption\":\"Lobos News\"},\"image\":{\"@id\":\"https:\\\/\\\/lobosnews.com.ar\\\/#\\\/schema\\\/logo\\\/image\\\/\"}},{\"@type\":\"Person\",\"@id\":\"https:\\\/\\\/lobosnews.com.ar\\\/#\\\/schema\\\/person\\\/232422a593d5c541dd9aef6aaed10943\",\"name\":\"admin\",\"image\":{\"@type\":\"ImageObject\",\"inLanguage\":\"es\",\"@id\":\"https:\\\/\\\/secure.gravatar.com\\\/avatar\\\/76e419471a2083bc3ceab22a763dbbf9b0c1bd15a6214cf3280e2c2dde4580f9?s=96&d=mm&r=g\",\"url\":\"https:\\\/\\\/secure.gravatar.com\\\/avatar\\\/76e419471a2083bc3ceab22a763dbbf9b0c1bd15a6214cf3280e2c2dde4580f9?s=96&d=mm&r=g\",\"contentUrl\":\"https:\\\/\\\/secure.gravatar.com\\\/avatar\\\/76e419471a2083bc3ceab22a763dbbf9b0c1bd15a6214cf3280e2c2dde4580f9?s=96&d=mm&r=g\",\"caption\":\"admin\"},\"sameAs\":[\"https:\\\/\\\/lobosnews.com.ar\"],\"url\":\"https:\\\/\\\/lobosnews.com.ar\\\/index.php\\\/author\\\/lobos-news\\\/\"}]}<\/script>\n<!-- \/ Yoast SEO plugin. -->","yoast_head_json":{"title":"El detr\u00e1s de las \u00falceras por presi\u00f3n: c\u00f3mo tratar las heridas y claves para su prevenci\u00f3n - Lobos News","robots":{"index":"index","follow":"follow","max-snippet":"max-snippet:-1","max-image-preview":"max-image-preview:large","max-video-preview":"max-video-preview:-1"},"canonical":"https:\/\/lobosnews.com.ar\/index.php\/2026\/09\/01\/el-detras-de-las-ulceras-por-presion-como-tratar-las-heridas-y-claves-para-su-prevencion\/","og_locale":"es_ES","og_type":"article","og_title":"El detr\u00e1s de las \u00falceras por presi\u00f3n: c\u00f3mo tratar las heridas y claves para su prevenci\u00f3n - Lobos News","og_description":"Las \u00falceras por presi\u00f3n son lesiones en la piel y en los tejidos que se producen cuando una zona del cuerpo permanece sometida a presi\u00f3n durante un tiempo prolongado. Suelen aparecer sobre prominencias \u00f3seas, como el sacro, los gl\u00fateos, los talones, las caderas o los codos, donde hay menos tejido que amortig\u00fce el contacto. Tambi\u00e9n...","og_url":"https:\/\/lobosnews.com.ar\/index.php\/2026\/09\/01\/el-detras-de-las-ulceras-por-presion-como-tratar-las-heridas-y-claves-para-su-prevencion\/","og_site_name":"Lobos News","article_published_time":"2026-09-01T18:19:13+00:00","article_modified_time":"2026-09-01T23:24:57+00:00","og_image":[{"width":2560,"height":1429,"url":"https:\/\/lobosnews.com.ar\/wp-content\/uploads\/2026\/09\/el-detras-de-las-ulceras-por-presion-como-tratar-las-heridas-y-claves-para-su-prevencion-6-scaled.jpg","type":"image\/jpeg"}],"author":"admin","twitter_card":"summary_large_image","twitter_misc":{"Escrito por":"admin","Tiempo de lectura":"6 minutos"},"schema":{"@context":"https:\/\/schema.org","@graph":[{"@type":"Article","@id":"https:\/\/lobosnews.com.ar\/index.php\/2026\/09\/01\/el-detras-de-las-ulceras-por-presion-como-tratar-las-heridas-y-claves-para-su-prevencion\/#article","isPartOf":{"@id":"https:\/\/lobosnews.com.ar\/index.php\/2026\/09\/01\/el-detras-de-las-ulceras-por-presion-como-tratar-las-heridas-y-claves-para-su-prevencion\/"},"author":{"name":"admin","@id":"https:\/\/lobosnews.com.ar\/#\/schema\/person\/232422a593d5c541dd9aef6aaed10943"},"headline":"El detr\u00e1s de las \u00falceras por presi\u00f3n: c\u00f3mo tratar las heridas y claves para su prevenci\u00f3n","datePublished":"2026-09-01T18:19:13+00:00","dateModified":"2026-09-01T23:24:57+00:00","mainEntityOfPage":{"@id":"https:\/\/lobosnews.com.ar\/index.php\/2026\/09\/01\/el-detras-de-las-ulceras-por-presion-como-tratar-las-heridas-y-claves-para-su-prevencion\/"},"wordCount":1129,"commentCount":0,"publisher":{"@id":"https:\/\/lobosnews.com.ar\/#organization"},"image":{"@id":"https:\/\/lobosnews.com.ar\/index.php\/2026\/09\/01\/el-detras-de-las-ulceras-por-presion-como-tratar-las-heridas-y-claves-para-su-prevencion\/#primaryimage"},"thumbnailUrl":"https:\/\/lobosnews.com.ar\/wp-content\/uploads\/2026\/09\/el-detras-de-las-ulceras-por-presion-como-tratar-las-heridas-y-claves-para-su-prevencion-6-scaled.jpg","articleSection":["Salud"],"inLanguage":"es","potentialAction":[{"@type":"CommentAction","name":"Comment","target":["https:\/\/lobosnews.com.ar\/index.php\/2026\/09\/01\/el-detras-de-las-ulceras-por-presion-como-tratar-las-heridas-y-claves-para-su-prevencion\/#respond"]}]},{"@type":"WebPage","@id":"https:\/\/lobosnews.com.ar\/index.php\/2026\/09\/01\/el-detras-de-las-ulceras-por-presion-como-tratar-las-heridas-y-claves-para-su-prevencion\/","url":"https:\/\/lobosnews.com.ar\/index.php\/2026\/09\/01\/el-detras-de-las-ulceras-por-presion-como-tratar-las-heridas-y-claves-para-su-prevencion\/","name":"El detr\u00e1s de las \u00falceras por presi\u00f3n: c\u00f3mo tratar las heridas y claves para su prevenci\u00f3n - Lobos News","isPartOf":{"@id":"https:\/\/lobosnews.com.ar\/#website"},"primaryImageOfPage":{"@id":"https:\/\/lobosnews.com.ar\/index.php\/2026\/09\/01\/el-detras-de-las-ulceras-por-presion-como-tratar-las-heridas-y-claves-para-su-prevencion\/#primaryimage"},"image":{"@id":"https:\/\/lobosnews.com.ar\/index.php\/2026\/09\/01\/el-detras-de-las-ulceras-por-presion-como-tratar-las-heridas-y-claves-para-su-prevencion\/#primaryimage"},"thumbnailUrl":"https:\/\/lobosnews.com.ar\/wp-content\/uploads\/2026\/09\/el-detras-de-las-ulceras-por-presion-como-tratar-las-heridas-y-claves-para-su-prevencion-6-scaled.jpg","datePublished":"2026-09-01T18:19:13+00:00","dateModified":"2026-09-01T23:24:57+00:00","breadcrumb":{"@id":"https:\/\/lobosnews.com.ar\/index.php\/2026\/09\/01\/el-detras-de-las-ulceras-por-presion-como-tratar-las-heridas-y-claves-para-su-prevencion\/#breadcrumb"},"inLanguage":"es","potentialAction":[{"@type":"ReadAction","target":["https:\/\/lobosnews.com.ar\/index.php\/2026\/09\/01\/el-detras-de-las-ulceras-por-presion-como-tratar-las-heridas-y-claves-para-su-prevencion\/"]}]},{"@type":"ImageObject","inLanguage":"es","@id":"https:\/\/lobosnews.com.ar\/index.php\/2026\/09\/01\/el-detras-de-las-ulceras-por-presion-como-tratar-las-heridas-y-claves-para-su-prevencion\/#primaryimage","url":"https:\/\/lobosnews.com.ar\/wp-content\/uploads\/2026\/09\/el-detras-de-las-ulceras-por-presion-como-tratar-las-heridas-y-claves-para-su-prevencion-6-scaled.jpg","contentUrl":"https:\/\/lobosnews.com.ar\/wp-content\/uploads\/2026\/09\/el-detras-de-las-ulceras-por-presion-como-tratar-las-heridas-y-claves-para-su-prevencion-6-scaled.jpg","width":2560,"height":1429,"caption":"El detr\u00e1s de las \u00falceras por presi\u00f3n: c\u00f3mo tratar las heridas y claves para su prevenci\u00f3n"},{"@type":"BreadcrumbList","@id":"https:\/\/lobosnews.com.ar\/index.php\/2026\/09\/01\/el-detras-de-las-ulceras-por-presion-como-tratar-las-heridas-y-claves-para-su-prevencion\/#breadcrumb","itemListElement":[{"@type":"ListItem","position":1,"name":"Portada","item":"https:\/\/lobosnews.com.ar\/"},{"@type":"ListItem","position":2,"name":"El detr\u00e1s de las \u00falceras por presi\u00f3n: c\u00f3mo tratar las heridas y claves para su prevenci\u00f3n"}]},{"@type":"WebSite","@id":"https:\/\/lobosnews.com.ar\/#website","url":"https:\/\/lobosnews.com.ar\/","name":"Lobos News","description":"Informaci\u00f3n a cada instante","publisher":{"@id":"https:\/\/lobosnews.com.ar\/#organization"},"potentialAction":[{"@type":"SearchAction","target":{"@type":"EntryPoint","urlTemplate":"https:\/\/lobosnews.com.ar\/?s={search_term_string}"},"query-input":{"@type":"PropertyValueSpecification","valueRequired":true,"valueName":"search_term_string"}}],"inLanguage":"es"},{"@type":"Organization","@id":"https:\/\/lobosnews.com.ar\/#organization","name":"Lobos News","url":"https:\/\/lobosnews.com.ar\/","logo":{"@type":"ImageObject","inLanguage":"es","@id":"https:\/\/lobosnews.com.ar\/#\/schema\/logo\/image\/","url":"https:\/\/lobosnews.com.ar\/wp-content\/uploads\/2026\/01\/logo-lobosnews.png","contentUrl":"https:\/\/lobosnews.com.ar\/wp-content\/uploads\/2026\/01\/logo-lobosnews.png","width":500,"height":200,"caption":"Lobos News"},"image":{"@id":"https:\/\/lobosnews.com.ar\/#\/schema\/logo\/image\/"}},{"@type":"Person","@id":"https:\/\/lobosnews.com.ar\/#\/schema\/person\/232422a593d5c541dd9aef6aaed10943","name":"admin","image":{"@type":"ImageObject","inLanguage":"es","@id":"https:\/\/secure.gravatar.com\/avatar\/76e419471a2083bc3ceab22a763dbbf9b0c1bd15a6214cf3280e2c2dde4580f9?s=96&d=mm&r=g","url":"https:\/\/secure.gravatar.com\/avatar\/76e419471a2083bc3ceab22a763dbbf9b0c1bd15a6214cf3280e2c2dde4580f9?s=96&d=mm&r=g","contentUrl":"https:\/\/secure.gravatar.com\/avatar\/76e419471a2083bc3ceab22a763dbbf9b0c1bd15a6214cf3280e2c2dde4580f9?s=96&d=mm&r=g","caption":"admin"},"sameAs":["https:\/\/lobosnews.com.ar"],"url":"https:\/\/lobosnews.com.ar\/index.php\/author\/lobos-news\/"}]}},"jetpack_featured_media_url":"https:\/\/lobosnews.com.ar\/wp-content\/uploads\/2026\/09\/el-detras-de-las-ulceras-por-presion-como-tratar-las-heridas-y-claves-para-su-prevencion-6-scaled.jpg","jetpack_sharing_enabled":true,"_links":{"self":[{"href":"https:\/\/lobosnews.com.ar\/index.php\/wp-json\/wp\/v2\/posts\/96385","targetHints":{"allow":["GET"]}}],"collection":[{"href":"https:\/\/lobosnews.com.ar\/index.php\/wp-json\/wp\/v2\/posts"}],"about":[{"href":"https:\/\/lobosnews.com.ar\/index.php\/wp-json\/wp\/v2\/types\/post"}],"author":[{"embeddable":true,"href":"https:\/\/lobosnews.com.ar\/index.php\/wp-json\/wp\/v2\/users\/1"}],"replies":[{"embeddable":true,"href":"https:\/\/lobosnews.com.ar\/index.php\/wp-json\/wp\/v2\/comments?post=96385"}],"version-history":[{"count":1,"href":"https:\/\/lobosnews.com.ar\/index.php\/wp-json\/wp\/v2\/posts\/96385\/revisions"}],"predecessor-version":[{"id":96390,"href":"https:\/\/lobosnews.com.ar\/index.php\/wp-json\/wp\/v2\/posts\/96385\/revisions\/96390"}],"wp:featuredmedia":[{"embeddable":true,"href":"https:\/\/lobosnews.com.ar\/index.php\/wp-json\/wp\/v2\/media\/96391"}],"wp:attachment":[{"href":"https:\/\/lobosnews.com.ar\/index.php\/wp-json\/wp\/v2\/media?parent=96385"}],"wp:term":[{"taxonomy":"category","embeddable":true,"href":"https:\/\/lobosnews.com.ar\/index.php\/wp-json\/wp\/v2\/categories?post=96385"},{"taxonomy":"post_tag","embeddable":true,"href":"https:\/\/lobosnews.com.ar\/index.php\/wp-json\/wp\/v2\/tags?post=96385"}],"curies":[{"name":"wp","href":"https:\/\/api.w.org\/{rel}","templated":true}]}}