{"id":96378,"date":"2026-09-01T19:55:35","date_gmt":"2026-09-01T19:55:35","guid":{"rendered":"https:\/\/lobosnews.com.ar\/?p=96378"},"modified":"2026-09-01T23:24:49","modified_gmt":"2026-09-01T23:24:49","slug":"el-inicio-temprano-en-redes-sociales-se-vincula-con-peor-salud-mental-en-adolescentes-segun-un-estudio","status":"publish","type":"post","link":"https:\/\/lobosnews.com.ar\/index.php\/2026\/09\/01\/el-inicio-temprano-en-redes-sociales-se-vincula-con-peor-salud-mental-en-adolescentes-segun-un-estudio\/","title":{"rendered":"El inicio temprano en redes sociales se vincula con peor salud mental en adolescentes, seg\u00fan un estudio"},"content":{"rendered":"<p><img fetchpriority=\"high\" decoding=\"async\" src=\"https:\/\/lobosnews.com.ar\/wp-content\/uploads\/2026\/09\/el-inicio-temprano-en-redes-sociales-se-vincula-con-peor-salud-mental-en-adolescentes-segun-un-estudio.jpg\" alt=\"Los expertos advierten sobre el impacto global del uso excesivo de plataformas digitales en adolescentes y ni\u00f1os (Imagen Ilustrativa Infobae)\" height=\"1080\" width=\"1920\"\/><\/p>\n<p>Un nuevo estudio en <b>Australia<\/b> sum\u00f3 datos a una l\u00ednea de investigaci\u00f3n que creci\u00f3 en los \u00faltimos a\u00f1os: <b>el uso de <\/b><span class=\"waslinkname\"><b>redes sociales <\/b><\/span><b>a edades tempranas <\/b>se relacion\u00f3 con m\u00e1s <b>s\u00edntomas de ansiedad y depresi\u00f3n en adolescentes<\/b>.<\/p>\n<p>El trabajo analiz\u00f3 a <b>365 j\u00f3venes de entre 10 y 15 a\u00f1os<\/b> antes de la entrada en vigor de la <span class=\"waslinkname\">prohibici\u00f3n para menores de 16<\/span> en ese pa\u00eds, uno de los pioneros en restringir el acceso de menores a plataformas digitales como <b>Facebook, Instagram, Snapchat y TikTok.<\/b><\/p>\n<p>El hallazgo se inserta en un marco m\u00e1s amplio. Hace pocos meses, un <span class=\"waslinkname\">metaan\u00e1lisis internacional <\/span>revis\u00f3 datos de m\u00e1s de <b>363.000 ni\u00f1os y adolescentes<\/b> y encontr\u00f3 asociaciones persistentes entre el <b>uso de redes sociales y mayores riesgos de depresi\u00f3n, ansiedad y autolesiones<\/b>. Por su escala, ese trabajo ofrece una base m\u00e1s robusta, mientras que el nuevo estudio australiano aporta un recorte puntual que cobra relevancia por la edad analizada y por el contexto regulatorio del pa\u00eds.<\/p>\n<p>La investigaci\u00f3n fue publicada en<span class=\"waslinkname\"> <i>JAMA Network Open<\/i>.<\/span> Su principal aporte no est\u00e1 en el tama\u00f1o de la muestra, sino en que permite mirar con m\u00e1s detalle qu\u00e9 ocurr\u00eda en una poblaci\u00f3n espec\u00edfica justo antes de la aplicaci\u00f3n de una de las restricciones m\u00e1s estrictas del mundo para menores de 16 a\u00f1os.<\/p>\n<h3>Un metaan\u00e1lisis de m\u00e1s de 360.000 chicos ubic\u00f3 el problema en una escala mucho mayor<\/h3>\n<p><img loading=\"lazy\" decoding=\"async\" src=\"https:\/\/lobosnews.com.ar\/wp-content\/uploads\/2026\/09\/el-inicio-temprano-en-redes-sociales-se-vincula-con-peor-salud-mental-en-adolescentes-segun-un-estudio-1.jpg\" alt=\"Un estudio en Australia vincul\u00f3 el uso temprano de redes sociales con m\u00e1s s\u00edntomas de ansiedad y depresi\u00f3n en adolescentes de 10 a 15 a\u00f1os. (Imagen Ilustrativa Infobae)\" height=\"1024\" width=\"1536\"\/><\/p>\n<p>El estudio australiano no apareci\u00f3 en un vac\u00edo. En meses previos, un metaan\u00e1lisis internacional hab\u00eda reunido resultados de <b>153 estudios longitudinales<\/b> y datos de m\u00e1s de <b>363.000 ni\u00f1os y adolescentes<\/b> de distintas regiones. Ese trabajo detect\u00f3 asociaciones consistentes entre el uso de redes sociales y m\u00e1s depresi\u00f3n, ansiedad, autolesiones y dificultades socioemocionales.<\/p>\n<p>Los resultados tambi\u00e9n se\u00f1alaron que la relaci\u00f3n era m\u00e1s clara en la franja de <b>12 a 15 a\u00f1os<\/b>, una etapa que varios investigadores consideran especialmente sensible por los<b> cambios del neurodesarrollo<\/b>. Ese antecedente es importante para valorar el nuevo estudio: aunque trabaja con una muestra mucho m\u00e1s peque\u00f1a, va en la misma direcci\u00f3n y agrega una observaci\u00f3n puntual sobre la edad de inicio.<\/p>\n<h3>En adolescentes de 10 a 15 a\u00f1os, cuanto menor era la edad de inicio, mayores eran los s\u00edntomas<\/h3>\n<p>Los autores del trabajo australiano evaluaron a <b>365 adolescentes<\/b> de entre 10 y 15 a\u00f1os, con una edad media de <b>12,8 a\u00f1os<\/b>. Los datos fueron relevados entre el <b>25 de octubre y el 9 de diciembre de 2025<\/b>, en las seis semanas previas a la entrada en vigor de la norma que comenz\u00f3 a aplicarse en <span class=\"waslinkname\">Australia <\/span>en <b>diciembre de 2025<\/b>.<\/p>\n<p>Entre los adolescentes relevados <b>el 70%<\/b>, dijo haber usado redes sociales alguna vez. Cerca de la mitad ten\u00eda su propia cuenta y la <b>edad media del primer uso fue de 11 a\u00f1os<\/b>.<\/p>\n<p>Al analizar las respuestas, los investigadores observaron que <b>haber usado redes sociales alguna vez<\/b> se vincul\u00f3 con mayores s\u00edntomas de ansiedad y depresi\u00f3n. Pero el dato m\u00e1s consistente fue otro: <b>cuanto menor era la edad de inicio, mayores eran los s\u00edntomas en ambos indicadores<\/b>.<\/p>\n<p>En ansiedad, el estudio mostr\u00f3 que <b>los adolescentes que ya hab\u00edan usado redes sociales presentaban m\u00e1s s\u00edntomas<\/b> que quienes nunca las hab\u00edan usado. Tambi\u00e9n encontr\u00f3 que <b>tener una cuenta propia se vincul\u00f3 con m\u00e1s ansiedad<\/b>. En depresi\u00f3n, en cambio, la relaci\u00f3n con tener cuenta propia no apareci\u00f3 con la misma claridad.<\/p>\n<h3>Australia avanz\u00f3 con una prohibici\u00f3n para menores de 16 a\u00f1os y abri\u00f3 un debate global<\/h3>\n<p><img loading=\"lazy\" decoding=\"async\" src=\"https:\/\/lobosnews.com.ar\/wp-content\/uploads\/2026\/09\/el-inicio-temprano-en-redes-sociales-se-vincula-con-peor-salud-mental-en-adolescentes-segun-un-estudio-2.jpg\" alt=\"Un metaan\u00e1lisis internacional de m\u00e1s de 363.000 ni\u00f1os y adolescentes encontr\u00f3 asociaciones persistentes entre redes sociales, depresi\u00f3n, ansiedad y autolesiones. (Imagen Ilustrativa Infobae)\" height=\"1536\" width=\"2752\"\/><\/p>\n<p>La regulaci\u00f3n australiana exige a las empresas de redes sociales que adopten medidas razonables para impedir que los menores de 16 a\u00f1os tengan una cuenta. La discusi\u00f3n p\u00fablica en el pa\u00eds se apoy\u00f3 en la preocupaci\u00f3n por el deterioro de la salud mental adolescente y por ciertos rasgos de estas plataformas, como la <b>comparaci\u00f3n social y la exposici\u00f3n a contenidos inapropiados.<\/b><\/p>\n<p>Al mismo tiempo, muchos adolescentes consideran que las redes sociales forman parte central de su vida cotidiana y de sus v\u00ednculos. Esa tensi\u00f3n ayuda a explicar por qu\u00e9 las restricciones de edad generan apoyos divididos y por qu\u00e9 su cumplimiento no depende solo de que exista una ley.<\/p>\n<h3>En Australia, tres de cada cuatro usuarios planeaban seguir en las plataformas pese a la restricci\u00f3n<\/h3>\n<p>Uno de los datos m\u00e1s llamativos del estudio fue que <b>solo el 25%<\/b> de los participantes dijeron que dejar\u00edan de usar redes sociales por completo despu\u00e9s de la entrada en vigor de la norma. El <b>75%<\/b>, manifest\u00f3 que planeaba seguir us\u00e1ndolas de alguna forma. <\/p>\n<p>Adem\u00e1s, los investigadores no encontraron una relaci\u00f3n clara entre los niveles de ansiedad o depresi\u00f3n y la intenci\u00f3n de cumplir con la norma. Es decir, esos s\u00edntomas no parecieron influir de manera decisiva en si los adolescentes pensaban acatar la restricci\u00f3n o buscar una forma de seguir usando las plataformas.<\/p>\n<p><img loading=\"lazy\" decoding=\"async\" src=\"https:\/\/lobosnews.com.ar\/wp-content\/uploads\/2026\/09\/el-inicio-temprano-en-redes-sociales-se-vincula-con-peor-salud-mental-en-adolescentes-segun-un-estudio-3.jpg\" alt=\"el tiempo frente a pantallas se asocia de manera significativa con mayor riesgo de depresi\u00f3n, ansiedad, dolor f\u00edsico, fatiga visual y deterioro de la calidad del sue\u00f1o (Imagen Ilustrativa Infobae)\" height=\"1536\" width=\"2752\"\/><\/p>\n<p>Frente a trabajos mucho m\u00e1s grandes, este estudio australiano ofrece una mirada m\u00e1s acotada, pero \u00fatil. Su valor pasa por dos aspectos. Por un lado, pone el foco en <b>adolescentes de 10 a 15 a\u00f1os, una franja clave para discutir a qu\u00e9 edad empieza la exposici\u00f3n<\/b>. Por otro, permite observar el problema en un pa\u00eds que avanz\u00f3 con una regulaci\u00f3n pionera para limitar el acceso formal de menores.<\/p>\n<p>Ese contexto le da un peso particular para mostrar c\u00f3mo ese debate toma forma en una sociedad que ya intent\u00f3 intervenir con una ley concreta.<\/p>\n<p><b>El trabajo tiene varias limitaciones<\/b>. Fue realizado con adolescentes urbanos de nivel socioecon\u00f3mico relativamente alto, lo que reduce la posibilidad de generalizar los hallazgos al conjunto de la poblaci\u00f3n. Adem\u00e1s, el estudio midi\u00f3 intenciones y no comportamientos observados despu\u00e9s de la puesta en marcha de la norma.<\/p>\n<p>Los autores tambi\u00e9n se\u00f1alaron que la aceptaci\u00f3n social de nuevas leyes puede cambiar con el tiempo. Por eso, plantearon que ser\u00e1 clave seguir evaluando qu\u00e9 ocurre una vez que la regulaci\u00f3n est\u00e9 m\u00e1s asentada y si esa pol\u00edtica modifica de manera efectiva la exposici\u00f3n a redes sociales y los indicadores de salud mental en grupos m\u00e1s diversos. <\/p>\n<p>M\u00e1s all\u00e1 de las diferencias entre estudios, el punto que empieza a repetirse es que la discusi\u00f3n ya no gira solo alrededor del tiempo de uso o de la posesi\u00f3n de una cuenta. Cada vez aparece con m\u00e1s fuerza<b> la pregunta por la edad de inicio de la exposici\u00f3n<\/b> y por el efecto que eso puede tener sobre la salud mental en una etapa sensible del desarrollo adolescente.<\/p>\n","protected":false},"excerpt":{"rendered":"<p>Un nuevo estudio en Australia sum\u00f3 datos a una l\u00ednea de investigaci\u00f3n que creci\u00f3 en los \u00faltimos a\u00f1os: el uso de redes sociales a edades tempranas se relacion\u00f3 con m\u00e1s s\u00edntomas de ansiedad y depresi\u00f3n en adolescentes. El trabajo analiz\u00f3 a 365 j\u00f3venes de entre 10 y 15 a\u00f1os antes de la entrada en vigor&#8230;<\/p>\n","protected":false},"author":1,"featured_media":96384,"comment_status":"open","ping_status":"closed","sticky":false,"template":"","format":"standard","meta":{"_jetpack_newsletter_access":"","_jetpack_dont_email_post_to_subs":false,"_jetpack_newsletter_tier_id":0,"_jetpack_memberships_contains_paywalled_content":false,"_jetpack_memberships_contains_paid_content":false,"footnotes":"","jetpack_post_was_ever_published":false},"categories":[81],"tags":[],"class_list":["post-96378","post","type-post","status-publish","format-standard","has-post-thumbnail","hentry","category-salud"],"magazineBlocksPostFeaturedMedia":{"thumbnail":"https:\/\/lobosnews.com.ar\/wp-content\/uploads\/2026\/09\/el-inicio-temprano-en-redes-sociales-se-vincula-con-peor-salud-mental-en-adolescentes-segun-un-estudio-6-150x150.jpg","medium":"https:\/\/lobosnews.com.ar\/wp-content\/uploads\/2026\/09\/el-inicio-temprano-en-redes-sociales-se-vincula-con-peor-salud-mental-en-adolescentes-segun-un-estudio-6-300x167.jpg","medium_large":"https:\/\/lobosnews.com.ar\/wp-content\/uploads\/2026\/09\/el-inicio-temprano-en-redes-sociales-se-vincula-con-peor-salud-mental-en-adolescentes-segun-un-estudio-6-768x429.jpg","large":"https:\/\/lobosnews.com.ar\/wp-content\/uploads\/2026\/09\/el-inicio-temprano-en-redes-sociales-se-vincula-con-peor-salud-mental-en-adolescentes-segun-un-estudio-6-1024x572.jpg","1536x1536":"https:\/\/lobosnews.com.ar\/wp-content\/uploads\/2026\/09\/el-inicio-temprano-en-redes-sociales-se-vincula-con-peor-salud-mental-en-adolescentes-segun-un-estudio-6-1536x857.jpg","2048x2048":"https:\/\/lobosnews.com.ar\/wp-content\/uploads\/2026\/09\/el-inicio-temprano-en-redes-sociales-se-vincula-con-peor-salud-mental-en-adolescentes-segun-un-estudio-6-2048x1143.jpg","newsmatic-featured":"https:\/\/lobosnews.com.ar\/wp-content\/uploads\/2026\/09\/el-inicio-temprano-en-redes-sociales-se-vincula-con-peor-salud-mental-en-adolescentes-segun-un-estudio-6-820x545.jpg","newsmatic-list":"https:\/\/lobosnews.com.ar\/wp-content\/uploads\/2026\/09\/el-inicio-temprano-en-redes-sociales-se-vincula-con-peor-salud-mental-en-adolescentes-segun-un-estudio-6-600x400.jpg","newsmatic-thumb":"https:\/\/lobosnews.com.ar\/wp-content\/uploads\/2026\/09\/el-inicio-temprano-en-redes-sociales-se-vincula-con-peor-salud-mental-en-adolescentes-segun-un-estudio-6-300x200.jpg","newsmatic-small":"https:\/\/lobosnews.com.ar\/wp-content\/uploads\/2026\/09\/el-inicio-temprano-en-redes-sociales-se-vincula-con-peor-salud-mental-en-adolescentes-segun-un-estudio-6-150x95.jpg","newsmatic-grid":"https:\/\/lobosnews.com.ar\/wp-content\/uploads\/2026\/09\/el-inicio-temprano-en-redes-sociales-se-vincula-con-peor-salud-mental-en-adolescentes-segun-un-estudio-6-400x250.jpg"},"magazineBlocksPostAuthor":{"name":"admin","avatar":"https:\/\/secure.gravatar.com\/avatar\/76e419471a2083bc3ceab22a763dbbf9b0c1bd15a6214cf3280e2c2dde4580f9?s=96&d=mm&r=g"},"magazineBlocksPostCommentsNumber":"0","magazineBlocksPostExcerpt":"Un nuevo estudio en Australia sum\u00f3 datos a una l\u00ednea de investigaci\u00f3n que creci\u00f3 en los \u00faltimos a\u00f1os: el uso de redes sociales a edades tempranas se relacion\u00f3 con m\u00e1s s\u00edntomas de ansiedad y depresi\u00f3n en adolescentes. El trabajo analiz\u00f3 a 365 j\u00f3venes de entre 10 y 15 a\u00f1os antes de la entrada en vigor...","magazineBlocksPostCategories":["Salud"],"magazineBlocksPostViewCount":82,"magazineBlocksPostReadTime":6,"magazine_blocks_featured_image_url":{"full":["https:\/\/lobosnews.com.ar\/wp-content\/uploads\/2026\/09\/el-inicio-temprano-en-redes-sociales-se-vincula-con-peor-salud-mental-en-adolescentes-segun-un-estudio-6-scaled.jpg",2560,1429,false],"medium":["https:\/\/lobosnews.com.ar\/wp-content\/uploads\/2026\/09\/el-inicio-temprano-en-redes-sociales-se-vincula-con-peor-salud-mental-en-adolescentes-segun-un-estudio-6-300x167.jpg",300,167,true],"thumbnail":["https:\/\/lobosnews.com.ar\/wp-content\/uploads\/2026\/09\/el-inicio-temprano-en-redes-sociales-se-vincula-con-peor-salud-mental-en-adolescentes-segun-un-estudio-6-150x150.jpg",150,150,true]},"magazine_blocks_author":{"display_name":"admin","author_link":"https:\/\/lobosnews.com.ar\/index.php\/author\/lobos-news\/"},"magazine_blocks_comment":0,"magazine_blocks_author_image":"https:\/\/secure.gravatar.com\/avatar\/76e419471a2083bc3ceab22a763dbbf9b0c1bd15a6214cf3280e2c2dde4580f9?s=96&d=mm&r=g","magazine_blocks_category":"<a href=\"#\" class=\"category-link category-link-81\">Salud<\/a>","yoast_head":"<!-- This site is optimized with the Yoast SEO plugin v28.0 - https:\/\/yoast.com\/product\/yoast-seo-wordpress\/ -->\n<title>El inicio temprano en redes sociales se vincula con peor salud mental en adolescentes, seg\u00fan un estudio - Lobos News<\/title>\n<meta name=\"robots\" content=\"index, follow, max-snippet:-1, max-image-preview:large, max-video-preview:-1\" \/>\n<link rel=\"canonical\" href=\"https:\/\/lobosnews.com.ar\/index.php\/2026\/09\/01\/el-inicio-temprano-en-redes-sociales-se-vincula-con-peor-salud-mental-en-adolescentes-segun-un-estudio\/\" \/>\n<meta property=\"og:locale\" content=\"es_ES\" \/>\n<meta property=\"og:type\" content=\"article\" \/>\n<meta property=\"og:title\" content=\"El inicio temprano en redes sociales se vincula con peor salud mental en adolescentes, seg\u00fan un estudio - Lobos News\" \/>\n<meta property=\"og:description\" content=\"Un nuevo estudio en Australia sum\u00f3 datos a una l\u00ednea de investigaci\u00f3n que creci\u00f3 en los \u00faltimos a\u00f1os: el uso de redes sociales a edades tempranas se relacion\u00f3 con m\u00e1s s\u00edntomas de ansiedad y depresi\u00f3n en adolescentes. El trabajo analiz\u00f3 a 365 j\u00f3venes de entre 10 y 15 a\u00f1os antes de la entrada en vigor...\" \/>\n<meta property=\"og:url\" content=\"https:\/\/lobosnews.com.ar\/index.php\/2026\/09\/01\/el-inicio-temprano-en-redes-sociales-se-vincula-con-peor-salud-mental-en-adolescentes-segun-un-estudio\/\" \/>\n<meta property=\"og:site_name\" content=\"Lobos News\" \/>\n<meta property=\"article:published_time\" content=\"2026-09-01T19:55:35+00:00\" \/>\n<meta property=\"article:modified_time\" content=\"2026-09-01T23:24:49+00:00\" \/>\n<meta property=\"og:image\" content=\"https:\/\/lobosnews.com.ar\/wp-content\/uploads\/2026\/09\/el-inicio-temprano-en-redes-sociales-se-vincula-con-peor-salud-mental-en-adolescentes-segun-un-estudio-6-scaled.jpg\" \/>\n\t<meta property=\"og:image:width\" content=\"2560\" \/>\n\t<meta property=\"og:image:height\" content=\"1429\" \/>\n\t<meta property=\"og:image:type\" content=\"image\/jpeg\" \/>\n<meta name=\"author\" content=\"admin\" \/>\n<meta name=\"twitter:card\" content=\"summary_large_image\" \/>\n<meta name=\"twitter:label1\" content=\"Escrito por\" \/>\n\t<meta name=\"twitter:data1\" content=\"admin\" \/>\n\t<meta name=\"twitter:label2\" content=\"Tiempo de lectura\" \/>\n\t<meta name=\"twitter:data2\" content=\"6 minutos\" \/>\n<script type=\"application\/ld+json\" class=\"yoast-schema-graph\">{\"@context\":\"https:\\\/\\\/schema.org\",\"@graph\":[{\"@type\":\"Article\",\"@id\":\"https:\\\/\\\/lobosnews.com.ar\\\/index.php\\\/2026\\\/09\\\/01\\\/el-inicio-temprano-en-redes-sociales-se-vincula-con-peor-salud-mental-en-adolescentes-segun-un-estudio\\\/#article\",\"isPartOf\":{\"@id\":\"https:\\\/\\\/lobosnews.com.ar\\\/index.php\\\/2026\\\/09\\\/01\\\/el-inicio-temprano-en-redes-sociales-se-vincula-con-peor-salud-mental-en-adolescentes-segun-un-estudio\\\/\"},\"author\":{\"name\":\"admin\",\"@id\":\"https:\\\/\\\/lobosnews.com.ar\\\/#\\\/schema\\\/person\\\/232422a593d5c541dd9aef6aaed10943\"},\"headline\":\"El inicio temprano en redes sociales se vincula con peor salud mental en adolescentes, seg\u00fan un estudio\",\"datePublished\":\"2026-09-01T19:55:35+00:00\",\"dateModified\":\"2026-09-01T23:24:49+00:00\",\"mainEntityOfPage\":{\"@id\":\"https:\\\/\\\/lobosnews.com.ar\\\/index.php\\\/2026\\\/09\\\/01\\\/el-inicio-temprano-en-redes-sociales-se-vincula-con-peor-salud-mental-en-adolescentes-segun-un-estudio\\\/\"},\"wordCount\":1145,\"commentCount\":0,\"publisher\":{\"@id\":\"https:\\\/\\\/lobosnews.com.ar\\\/#organization\"},\"image\":{\"@id\":\"https:\\\/\\\/lobosnews.com.ar\\\/index.php\\\/2026\\\/09\\\/01\\\/el-inicio-temprano-en-redes-sociales-se-vincula-con-peor-salud-mental-en-adolescentes-segun-un-estudio\\\/#primaryimage\"},\"thumbnailUrl\":\"https:\\\/\\\/lobosnews.com.ar\\\/wp-content\\\/uploads\\\/2026\\\/09\\\/el-inicio-temprano-en-redes-sociales-se-vincula-con-peor-salud-mental-en-adolescentes-segun-un-estudio-6-scaled.jpg\",\"articleSection\":[\"Salud\"],\"inLanguage\":\"es\",\"potentialAction\":[{\"@type\":\"CommentAction\",\"name\":\"Comment\",\"target\":[\"https:\\\/\\\/lobosnews.com.ar\\\/index.php\\\/2026\\\/09\\\/01\\\/el-inicio-temprano-en-redes-sociales-se-vincula-con-peor-salud-mental-en-adolescentes-segun-un-estudio\\\/#respond\"]}]},{\"@type\":\"WebPage\",\"@id\":\"https:\\\/\\\/lobosnews.com.ar\\\/index.php\\\/2026\\\/09\\\/01\\\/el-inicio-temprano-en-redes-sociales-se-vincula-con-peor-salud-mental-en-adolescentes-segun-un-estudio\\\/\",\"url\":\"https:\\\/\\\/lobosnews.com.ar\\\/index.php\\\/2026\\\/09\\\/01\\\/el-inicio-temprano-en-redes-sociales-se-vincula-con-peor-salud-mental-en-adolescentes-segun-un-estudio\\\/\",\"name\":\"El inicio temprano en redes sociales se vincula con peor salud mental en adolescentes, seg\u00fan un estudio - Lobos News\",\"isPartOf\":{\"@id\":\"https:\\\/\\\/lobosnews.com.ar\\\/#website\"},\"primaryImageOfPage\":{\"@id\":\"https:\\\/\\\/lobosnews.com.ar\\\/index.php\\\/2026\\\/09\\\/01\\\/el-inicio-temprano-en-redes-sociales-se-vincula-con-peor-salud-mental-en-adolescentes-segun-un-estudio\\\/#primaryimage\"},\"image\":{\"@id\":\"https:\\\/\\\/lobosnews.com.ar\\\/index.php\\\/2026\\\/09\\\/01\\\/el-inicio-temprano-en-redes-sociales-se-vincula-con-peor-salud-mental-en-adolescentes-segun-un-estudio\\\/#primaryimage\"},\"thumbnailUrl\":\"https:\\\/\\\/lobosnews.com.ar\\\/wp-content\\\/uploads\\\/2026\\\/09\\\/el-inicio-temprano-en-redes-sociales-se-vincula-con-peor-salud-mental-en-adolescentes-segun-un-estudio-6-scaled.jpg\",\"datePublished\":\"2026-09-01T19:55:35+00:00\",\"dateModified\":\"2026-09-01T23:24:49+00:00\",\"breadcrumb\":{\"@id\":\"https:\\\/\\\/lobosnews.com.ar\\\/index.php\\\/2026\\\/09\\\/01\\\/el-inicio-temprano-en-redes-sociales-se-vincula-con-peor-salud-mental-en-adolescentes-segun-un-estudio\\\/#breadcrumb\"},\"inLanguage\":\"es\",\"potentialAction\":[{\"@type\":\"ReadAction\",\"target\":[\"https:\\\/\\\/lobosnews.com.ar\\\/index.php\\\/2026\\\/09\\\/01\\\/el-inicio-temprano-en-redes-sociales-se-vincula-con-peor-salud-mental-en-adolescentes-segun-un-estudio\\\/\"]}]},{\"@type\":\"ImageObject\",\"inLanguage\":\"es\",\"@id\":\"https:\\\/\\\/lobosnews.com.ar\\\/index.php\\\/2026\\\/09\\\/01\\\/el-inicio-temprano-en-redes-sociales-se-vincula-con-peor-salud-mental-en-adolescentes-segun-un-estudio\\\/#primaryimage\",\"url\":\"https:\\\/\\\/lobosnews.com.ar\\\/wp-content\\\/uploads\\\/2026\\\/09\\\/el-inicio-temprano-en-redes-sociales-se-vincula-con-peor-salud-mental-en-adolescentes-segun-un-estudio-6-scaled.jpg\",\"contentUrl\":\"https:\\\/\\\/lobosnews.com.ar\\\/wp-content\\\/uploads\\\/2026\\\/09\\\/el-inicio-temprano-en-redes-sociales-se-vincula-con-peor-salud-mental-en-adolescentes-segun-un-estudio-6-scaled.jpg\",\"width\":2560,\"height\":1429,\"caption\":\"El inicio temprano en redes sociales se vincula con peor salud mental en adolescentes, seg\u00fan un estudio\"},{\"@type\":\"BreadcrumbList\",\"@id\":\"https:\\\/\\\/lobosnews.com.ar\\\/index.php\\\/2026\\\/09\\\/01\\\/el-inicio-temprano-en-redes-sociales-se-vincula-con-peor-salud-mental-en-adolescentes-segun-un-estudio\\\/#breadcrumb\",\"itemListElement\":[{\"@type\":\"ListItem\",\"position\":1,\"name\":\"Portada\",\"item\":\"https:\\\/\\\/lobosnews.com.ar\\\/\"},{\"@type\":\"ListItem\",\"position\":2,\"name\":\"El inicio temprano en redes sociales se vincula con peor salud mental en adolescentes, seg\u00fan un estudio\"}]},{\"@type\":\"WebSite\",\"@id\":\"https:\\\/\\\/lobosnews.com.ar\\\/#website\",\"url\":\"https:\\\/\\\/lobosnews.com.ar\\\/\",\"name\":\"Lobos News\",\"description\":\"Informaci\u00f3n a cada instante\",\"publisher\":{\"@id\":\"https:\\\/\\\/lobosnews.com.ar\\\/#organization\"},\"potentialAction\":[{\"@type\":\"SearchAction\",\"target\":{\"@type\":\"EntryPoint\",\"urlTemplate\":\"https:\\\/\\\/lobosnews.com.ar\\\/?s={search_term_string}\"},\"query-input\":{\"@type\":\"PropertyValueSpecification\",\"valueRequired\":true,\"valueName\":\"search_term_string\"}}],\"inLanguage\":\"es\"},{\"@type\":\"Organization\",\"@id\":\"https:\\\/\\\/lobosnews.com.ar\\\/#organization\",\"name\":\"Lobos News\",\"url\":\"https:\\\/\\\/lobosnews.com.ar\\\/\",\"logo\":{\"@type\":\"ImageObject\",\"inLanguage\":\"es\",\"@id\":\"https:\\\/\\\/lobosnews.com.ar\\\/#\\\/schema\\\/logo\\\/image\\\/\",\"url\":\"https:\\\/\\\/lobosnews.com.ar\\\/wp-content\\\/uploads\\\/2026\\\/01\\\/logo-lobosnews.png\",\"contentUrl\":\"https:\\\/\\\/lobosnews.com.ar\\\/wp-content\\\/uploads\\\/2026\\\/01\\\/logo-lobosnews.png\",\"width\":500,\"height\":200,\"caption\":\"Lobos News\"},\"image\":{\"@id\":\"https:\\\/\\\/lobosnews.com.ar\\\/#\\\/schema\\\/logo\\\/image\\\/\"}},{\"@type\":\"Person\",\"@id\":\"https:\\\/\\\/lobosnews.com.ar\\\/#\\\/schema\\\/person\\\/232422a593d5c541dd9aef6aaed10943\",\"name\":\"admin\",\"image\":{\"@type\":\"ImageObject\",\"inLanguage\":\"es\",\"@id\":\"https:\\\/\\\/secure.gravatar.com\\\/avatar\\\/76e419471a2083bc3ceab22a763dbbf9b0c1bd15a6214cf3280e2c2dde4580f9?s=96&d=mm&r=g\",\"url\":\"https:\\\/\\\/secure.gravatar.com\\\/avatar\\\/76e419471a2083bc3ceab22a763dbbf9b0c1bd15a6214cf3280e2c2dde4580f9?s=96&d=mm&r=g\",\"contentUrl\":\"https:\\\/\\\/secure.gravatar.com\\\/avatar\\\/76e419471a2083bc3ceab22a763dbbf9b0c1bd15a6214cf3280e2c2dde4580f9?s=96&d=mm&r=g\",\"caption\":\"admin\"},\"sameAs\":[\"https:\\\/\\\/lobosnews.com.ar\"],\"url\":\"https:\\\/\\\/lobosnews.com.ar\\\/index.php\\\/author\\\/lobos-news\\\/\"}]}<\/script>\n<!-- \/ Yoast SEO plugin. -->","yoast_head_json":{"title":"El inicio temprano en redes sociales se vincula con peor salud mental en adolescentes, seg\u00fan un estudio - Lobos News","robots":{"index":"index","follow":"follow","max-snippet":"max-snippet:-1","max-image-preview":"max-image-preview:large","max-video-preview":"max-video-preview:-1"},"canonical":"https:\/\/lobosnews.com.ar\/index.php\/2026\/09\/01\/el-inicio-temprano-en-redes-sociales-se-vincula-con-peor-salud-mental-en-adolescentes-segun-un-estudio\/","og_locale":"es_ES","og_type":"article","og_title":"El inicio temprano en redes sociales se vincula con peor salud mental en adolescentes, seg\u00fan un estudio - Lobos News","og_description":"Un nuevo estudio en Australia sum\u00f3 datos a una l\u00ednea de investigaci\u00f3n que creci\u00f3 en los \u00faltimos a\u00f1os: el uso de redes sociales a edades tempranas se relacion\u00f3 con m\u00e1s s\u00edntomas de ansiedad y depresi\u00f3n en adolescentes. El trabajo analiz\u00f3 a 365 j\u00f3venes de entre 10 y 15 a\u00f1os antes de la entrada en vigor...","og_url":"https:\/\/lobosnews.com.ar\/index.php\/2026\/09\/01\/el-inicio-temprano-en-redes-sociales-se-vincula-con-peor-salud-mental-en-adolescentes-segun-un-estudio\/","og_site_name":"Lobos News","article_published_time":"2026-09-01T19:55:35+00:00","article_modified_time":"2026-09-01T23:24:49+00:00","og_image":[{"width":2560,"height":1429,"url":"https:\/\/lobosnews.com.ar\/wp-content\/uploads\/2026\/09\/el-inicio-temprano-en-redes-sociales-se-vincula-con-peor-salud-mental-en-adolescentes-segun-un-estudio-6-scaled.jpg","type":"image\/jpeg"}],"author":"admin","twitter_card":"summary_large_image","twitter_misc":{"Escrito por":"admin","Tiempo de lectura":"6 minutos"},"schema":{"@context":"https:\/\/schema.org","@graph":[{"@type":"Article","@id":"https:\/\/lobosnews.com.ar\/index.php\/2026\/09\/01\/el-inicio-temprano-en-redes-sociales-se-vincula-con-peor-salud-mental-en-adolescentes-segun-un-estudio\/#article","isPartOf":{"@id":"https:\/\/lobosnews.com.ar\/index.php\/2026\/09\/01\/el-inicio-temprano-en-redes-sociales-se-vincula-con-peor-salud-mental-en-adolescentes-segun-un-estudio\/"},"author":{"name":"admin","@id":"https:\/\/lobosnews.com.ar\/#\/schema\/person\/232422a593d5c541dd9aef6aaed10943"},"headline":"El inicio temprano en redes sociales se vincula con peor salud mental en adolescentes, seg\u00fan un estudio","datePublished":"2026-09-01T19:55:35+00:00","dateModified":"2026-09-01T23:24:49+00:00","mainEntityOfPage":{"@id":"https:\/\/lobosnews.com.ar\/index.php\/2026\/09\/01\/el-inicio-temprano-en-redes-sociales-se-vincula-con-peor-salud-mental-en-adolescentes-segun-un-estudio\/"},"wordCount":1145,"commentCount":0,"publisher":{"@id":"https:\/\/lobosnews.com.ar\/#organization"},"image":{"@id":"https:\/\/lobosnews.com.ar\/index.php\/2026\/09\/01\/el-inicio-temprano-en-redes-sociales-se-vincula-con-peor-salud-mental-en-adolescentes-segun-un-estudio\/#primaryimage"},"thumbnailUrl":"https:\/\/lobosnews.com.ar\/wp-content\/uploads\/2026\/09\/el-inicio-temprano-en-redes-sociales-se-vincula-con-peor-salud-mental-en-adolescentes-segun-un-estudio-6-scaled.jpg","articleSection":["Salud"],"inLanguage":"es","potentialAction":[{"@type":"CommentAction","name":"Comment","target":["https:\/\/lobosnews.com.ar\/index.php\/2026\/09\/01\/el-inicio-temprano-en-redes-sociales-se-vincula-con-peor-salud-mental-en-adolescentes-segun-un-estudio\/#respond"]}]},{"@type":"WebPage","@id":"https:\/\/lobosnews.com.ar\/index.php\/2026\/09\/01\/el-inicio-temprano-en-redes-sociales-se-vincula-con-peor-salud-mental-en-adolescentes-segun-un-estudio\/","url":"https:\/\/lobosnews.com.ar\/index.php\/2026\/09\/01\/el-inicio-temprano-en-redes-sociales-se-vincula-con-peor-salud-mental-en-adolescentes-segun-un-estudio\/","name":"El inicio temprano en redes sociales se vincula con peor salud mental en adolescentes, seg\u00fan un estudio - Lobos News","isPartOf":{"@id":"https:\/\/lobosnews.com.ar\/#website"},"primaryImageOfPage":{"@id":"https:\/\/lobosnews.com.ar\/index.php\/2026\/09\/01\/el-inicio-temprano-en-redes-sociales-se-vincula-con-peor-salud-mental-en-adolescentes-segun-un-estudio\/#primaryimage"},"image":{"@id":"https:\/\/lobosnews.com.ar\/index.php\/2026\/09\/01\/el-inicio-temprano-en-redes-sociales-se-vincula-con-peor-salud-mental-en-adolescentes-segun-un-estudio\/#primaryimage"},"thumbnailUrl":"https:\/\/lobosnews.com.ar\/wp-content\/uploads\/2026\/09\/el-inicio-temprano-en-redes-sociales-se-vincula-con-peor-salud-mental-en-adolescentes-segun-un-estudio-6-scaled.jpg","datePublished":"2026-09-01T19:55:35+00:00","dateModified":"2026-09-01T23:24:49+00:00","breadcrumb":{"@id":"https:\/\/lobosnews.com.ar\/index.php\/2026\/09\/01\/el-inicio-temprano-en-redes-sociales-se-vincula-con-peor-salud-mental-en-adolescentes-segun-un-estudio\/#breadcrumb"},"inLanguage":"es","potentialAction":[{"@type":"ReadAction","target":["https:\/\/lobosnews.com.ar\/index.php\/2026\/09\/01\/el-inicio-temprano-en-redes-sociales-se-vincula-con-peor-salud-mental-en-adolescentes-segun-un-estudio\/"]}]},{"@type":"ImageObject","inLanguage":"es","@id":"https:\/\/lobosnews.com.ar\/index.php\/2026\/09\/01\/el-inicio-temprano-en-redes-sociales-se-vincula-con-peor-salud-mental-en-adolescentes-segun-un-estudio\/#primaryimage","url":"https:\/\/lobosnews.com.ar\/wp-content\/uploads\/2026\/09\/el-inicio-temprano-en-redes-sociales-se-vincula-con-peor-salud-mental-en-adolescentes-segun-un-estudio-6-scaled.jpg","contentUrl":"https:\/\/lobosnews.com.ar\/wp-content\/uploads\/2026\/09\/el-inicio-temprano-en-redes-sociales-se-vincula-con-peor-salud-mental-en-adolescentes-segun-un-estudio-6-scaled.jpg","width":2560,"height":1429,"caption":"El inicio temprano en redes sociales se vincula con peor salud mental en adolescentes, seg\u00fan un estudio"},{"@type":"BreadcrumbList","@id":"https:\/\/lobosnews.com.ar\/index.php\/2026\/09\/01\/el-inicio-temprano-en-redes-sociales-se-vincula-con-peor-salud-mental-en-adolescentes-segun-un-estudio\/#breadcrumb","itemListElement":[{"@type":"ListItem","position":1,"name":"Portada","item":"https:\/\/lobosnews.com.ar\/"},{"@type":"ListItem","position":2,"name":"El inicio temprano en redes sociales se vincula con peor salud mental en adolescentes, seg\u00fan un estudio"}]},{"@type":"WebSite","@id":"https:\/\/lobosnews.com.ar\/#website","url":"https:\/\/lobosnews.com.ar\/","name":"Lobos News","description":"Informaci\u00f3n a cada instante","publisher":{"@id":"https:\/\/lobosnews.com.ar\/#organization"},"potentialAction":[{"@type":"SearchAction","target":{"@type":"EntryPoint","urlTemplate":"https:\/\/lobosnews.com.ar\/?s={search_term_string}"},"query-input":{"@type":"PropertyValueSpecification","valueRequired":true,"valueName":"search_term_string"}}],"inLanguage":"es"},{"@type":"Organization","@id":"https:\/\/lobosnews.com.ar\/#organization","name":"Lobos News","url":"https:\/\/lobosnews.com.ar\/","logo":{"@type":"ImageObject","inLanguage":"es","@id":"https:\/\/lobosnews.com.ar\/#\/schema\/logo\/image\/","url":"https:\/\/lobosnews.com.ar\/wp-content\/uploads\/2026\/01\/logo-lobosnews.png","contentUrl":"https:\/\/lobosnews.com.ar\/wp-content\/uploads\/2026\/01\/logo-lobosnews.png","width":500,"height":200,"caption":"Lobos News"},"image":{"@id":"https:\/\/lobosnews.com.ar\/#\/schema\/logo\/image\/"}},{"@type":"Person","@id":"https:\/\/lobosnews.com.ar\/#\/schema\/person\/232422a593d5c541dd9aef6aaed10943","name":"admin","image":{"@type":"ImageObject","inLanguage":"es","@id":"https:\/\/secure.gravatar.com\/avatar\/76e419471a2083bc3ceab22a763dbbf9b0c1bd15a6214cf3280e2c2dde4580f9?s=96&d=mm&r=g","url":"https:\/\/secure.gravatar.com\/avatar\/76e419471a2083bc3ceab22a763dbbf9b0c1bd15a6214cf3280e2c2dde4580f9?s=96&d=mm&r=g","contentUrl":"https:\/\/secure.gravatar.com\/avatar\/76e419471a2083bc3ceab22a763dbbf9b0c1bd15a6214cf3280e2c2dde4580f9?s=96&d=mm&r=g","caption":"admin"},"sameAs":["https:\/\/lobosnews.com.ar"],"url":"https:\/\/lobosnews.com.ar\/index.php\/author\/lobos-news\/"}]}},"jetpack_featured_media_url":"https:\/\/lobosnews.com.ar\/wp-content\/uploads\/2026\/09\/el-inicio-temprano-en-redes-sociales-se-vincula-con-peor-salud-mental-en-adolescentes-segun-un-estudio-6-scaled.jpg","jetpack_sharing_enabled":true,"_links":{"self":[{"href":"https:\/\/lobosnews.com.ar\/index.php\/wp-json\/wp\/v2\/posts\/96378","targetHints":{"allow":["GET"]}}],"collection":[{"href":"https:\/\/lobosnews.com.ar\/index.php\/wp-json\/wp\/v2\/posts"}],"about":[{"href":"https:\/\/lobosnews.com.ar\/index.php\/wp-json\/wp\/v2\/types\/post"}],"author":[{"embeddable":true,"href":"https:\/\/lobosnews.com.ar\/index.php\/wp-json\/wp\/v2\/users\/1"}],"replies":[{"embeddable":true,"href":"https:\/\/lobosnews.com.ar\/index.php\/wp-json\/wp\/v2\/comments?post=96378"}],"version-history":[{"count":1,"href":"https:\/\/lobosnews.com.ar\/index.php\/wp-json\/wp\/v2\/posts\/96378\/revisions"}],"predecessor-version":[{"id":96383,"href":"https:\/\/lobosnews.com.ar\/index.php\/wp-json\/wp\/v2\/posts\/96378\/revisions\/96383"}],"wp:featuredmedia":[{"embeddable":true,"href":"https:\/\/lobosnews.com.ar\/index.php\/wp-json\/wp\/v2\/media\/96384"}],"wp:attachment":[{"href":"https:\/\/lobosnews.com.ar\/index.php\/wp-json\/wp\/v2\/media?parent=96378"}],"wp:term":[{"taxonomy":"category","embeddable":true,"href":"https:\/\/lobosnews.com.ar\/index.php\/wp-json\/wp\/v2\/categories?post=96378"},{"taxonomy":"post_tag","embeddable":true,"href":"https:\/\/lobosnews.com.ar\/index.php\/wp-json\/wp\/v2\/tags?post=96378"}],"curies":[{"name":"wp","href":"https:\/\/api.w.org\/{rel}","templated":true}]}}