{"id":96374,"date":"2026-09-01T17:23:05","date_gmt":"2026-09-01T17:23:05","guid":{"rendered":"https:\/\/lobosnews.com.ar\/?p=96374"},"modified":"2026-09-01T23:24:43","modified_gmt":"2026-09-01T23:24:43","slug":"la-dura-decision-laboral-de-caro-trippar-en-medio-de-su-tratamiento-por-cancer-de-mama","status":"publish","type":"post","link":"https:\/\/lobosnews.com.ar\/index.php\/2026\/09\/01\/la-dura-decision-laboral-de-caro-trippar-en-medio-de-su-tratamiento-por-cancer-de-mama\/","title":{"rendered":"La dura decisi\u00f3n laboral de Caro Trippar en medio de su tratamiento por c\u00e1ncer de mama"},"content":{"rendered":"<p><span class=\"waslinkname\"><b>Caro Trippar<\/b><\/span> atraviesa una de las etapas m\u00e1s desafiantes de su vida y lo hace con una honestidad que la volvi\u00f3 referente en el mundo digital argentino. A sus 35 a\u00f1os, la youtuber y creadora de contenido<span class=\"waslinkname\"><b> decidi\u00f3 llevar su historia personal a la esfera p\u00fablica<\/b><\/span>, compartiendo con su comunidad<span class=\"waslinkname\"><b> el diagn\u00f3stico de c\u00e1ncer de mama con met\u00e1stasis <\/b><\/span>que recibi\u00f3 a mediados de a\u00f1o. En medio de ese proceso, y mientras multiplicaba la llegada de sus mensajes, Caro <b>tom\u00f3 una de las decisiones m\u00e1s dif\u00edciles de su carrera: dejar su lugar como parte de <\/b><i><b>Todo lo contrario<\/b><\/i><b>,<\/b> el ciclo de streaming que realiza en Telefe junto a <span class=\"waslinkname\"><b>Boffe <\/b><\/span>y <b>Leandro Saifir<\/b>.<\/p>\n<p>\u201c<b>Hoy es mi \u00faltimo programa. La decisi\u00f3n la tom\u00e9 yo, me cost\u00f3 tomarla<\/b>. Saben que estoy pasando por un c\u00e1ncer y me aparecieron un mont\u00f3n de cosas y estudios y yo medio que segu\u00ed con todo, sum\u00e1ndole que ir al gimnasio, que esto, que lo otro, que la tomograf\u00eda y eso, y <b>llega un momento que ya no lo puedo sostener<\/b>\u201d, explic\u00f3 Caro frente a c\u00e1mara, rodeada de sus compa\u00f1eros de equipo.<\/p>\n<p>Entre aplausos y gestos de cari\u00f1o, agreg\u00f3: \u201c<b>Obviamente hay muchas razones, pero necesito estar m\u00e1s tiempo en casa<\/b>. Me lleva mucho tiempo venir ac\u00e1. Estoy muy cansada. Gran parte cuando tom\u00e9 este proyecto era que yo quer\u00eda trabajar en equipo. Nunca hab\u00eda trabajado en equipo, chicos. Me toc\u00f3 el mejor equipo. Yo los amo. Ay, los voy a extra\u00f1ar un mont\u00f3n. Prometo venir a visitarlos\u201d.<\/p>\n<p><img loading=\"lazy\" decoding=\"async\" src=\"https:\/\/lobosnews.com.ar\/wp-content\/uploads\/2026\/09\/la-dura-decision-laboral-de-caro-trippar-en-medio-de-su-tratamiento-por-cancer-de-mama.jpg\" alt=\"A m\u00e1s de un mes de dar a conocer su diagn\u00f3stico, la influencer fue compartiendo los cambios en su vida (Instagram)\" height=\"1280\" width=\"720\"\/><\/p>\n<p><b>El ciclo de despedida de Caro estuvo marcado por la emoci\u00f3n,<\/b> pero tambi\u00e9n por la honestidad con la que viene llevando su diagn\u00f3stico. A mediados de agosto, la influencer comparti\u00f3, a coraz\u00f3n abierto, c\u00f3mo fue el proceso que la llev\u00f3 a recibir la noticia y los sentimientos contradictorios que experiment\u00f3 a lo largo de los meses. Uno de los relatos que m\u00e1s impacto caus\u00f3 en redes fue <b>el que ocurri\u00f3 durante su embarazo<\/b> \u201cHay algo que no cont\u00e9 jam\u00e1s y la realidad es que te voy a dar la primicia\u201d, comenz\u00f3, antes de relatar c\u00f3mo fue aquel control m\u00e9dico. \u201cCuando estaba embarazada de siete meses,<span class=\"waslinkname\"><b> fui a hacerme una ecograf\u00eda y me dio que ten\u00eda un bulto<\/b><\/span>. La ecografista me dijo: \u2018Todo indica que es leche. Est\u00e1s de siete meses, esto seguramente se te va a disolver cuando est\u00e9s dando la teta, ya est\u00e1s produciendo leche\u2019\u201d.<\/p>\n<p>Sin estudios complementarios ni una biopsia que confirmara el diagn\u00f3stico, el caso qued\u00f3 archivado. \u201c<b>En vez de mandarme a hacer un examen o una biopsia, o hacer m\u00e1s estudios para corroborar que sea leche, asumi\u00f3 que lo era y qued\u00f3 ah\u00ed<\/b>. Yo me acuerdo que fui al obstetra, (mi pareja) Sebas ven\u00eda conmigo a todo, ecograf\u00eda, obstetra. Entonces, no s\u00e9 por qu\u00e9 le pregunt\u00e9, yo flash\u00e9 demencia y escuch\u00e9 y me dijo: \u2018No. En ning\u00fan momento a vos te dijeron que esto pod\u00eda ser algo m\u00e1s\u2019. Yo estaba ah\u00ed, yo te hubiera roto las bol&#8230; como para que te hagas estudios. De hecho, te hubiera estado encima, tipo: \u2018Che, no te olvides de esto\u2019\u201d, repas\u00f3 Caro, dejando en claro la vulnerabilidad de ese momento y el peso de no haber insistido m\u00e1s en su propio control.<\/p>\n<p>En di\u00e1logo con Mart\u00edn Cirio, Caro puso el foco en la confianza que muchas veces se deposita en los profesionales de la salud y lo dif\u00edcil que resulta, en ciertas etapas, advertir se\u00f1ales de alerta. Cirio intervino: \u201cCuando vas a un m\u00e9dico y el m\u00e9dico te dice: \u2018No te preocupes, este lunar es no s\u00e9 qu\u00e9\u2019, pues confi\u00e1s, obvio\u201d. Caro asinti\u00f3: \u201cEs que claro, no te lo vas a chequear de vuelta\u201d. Adem\u00e1s, admiti\u00f3: \u201c<b>Mientras vos est\u00e1s dando la teta es muy dif\u00edcil poder ver qu\u00e9 es, porque est\u00e1n pasando muchas cosas<\/b>. La embarazada pasa por muchas cosas\u201d.<\/p>\n<p>La autocr\u00edtica, el arrepentimiento y la b\u00fasqueda de respuestas tambi\u00e9n son parte de su proceso. \u201c<b>Ya me culp\u00e9 mucho por esto igual tambi\u00e9n<\/b>. Porque esa es la otra, es tipo llanto de c\u00f3mo no me di cuenta, c\u00f3mo soy tan pelot&#8230;, c\u00f3mo dej\u00e9 que esto avance tan r\u00e1pido, c\u00f3mo dej\u00e9 que avance&#8230; Yo soy muy prolija con hacerme todos los estudios, pero bueno, ya est\u00e1\u201d, se sincer\u00f3, mostrando la complejidad emocional que acompa\u00f1a al diagn\u00f3stico.<\/p>\n<p>Desde su lugar, Caro Trippar eligi\u00f3 no callar ni ocultar. Por el contrario, decidi\u00f3 ponerle palabras a lo que muchas veces se calla. Su despedida de Todo lo contrario fue un nuevo cap\u00edtulo en este camino, marcado por la honestidad, la vulnerabilidad y el deseo de priorizar su salud y el tiempo con su familia. \u201c<b>Estoy muy cansada. Necesito estar m\u00e1s tiempo en casa<\/b>\u201d, dijo, y sus seguidores no tardaron en mostrarle su apoyo, con mensajes de aliento y agradecimiento por animarse a contar su historia sin disfraces ni filtros.<\/p>\n","protected":false},"excerpt":{"rendered":"<p>Caro Trippar atraviesa una de las etapas m\u00e1s desafiantes de su vida y lo hace con una honestidad que la volvi\u00f3 referente en el mundo digital argentino. A sus 35 a\u00f1os, la youtuber y creadora de contenido decidi\u00f3 llevar su historia personal a la esfera p\u00fablica, compartiendo con su comunidad el diagn\u00f3stico de c\u00e1ncer de&#8230;<\/p>\n","protected":false},"author":1,"featured_media":96377,"comment_status":"open","ping_status":"closed","sticky":false,"template":"","format":"standard","meta":{"_jetpack_newsletter_access":"","_jetpack_dont_email_post_to_subs":false,"_jetpack_newsletter_tier_id":0,"_jetpack_memberships_contains_paywalled_content":false,"_jetpack_memberships_contains_paid_content":false,"footnotes":"","jetpack_post_was_ever_published":false},"categories":[79],"tags":[],"class_list":["post-96374","post","type-post","status-publish","format-standard","has-post-thumbnail","hentry","category-cine-y-series"],"magazineBlocksPostFeaturedMedia":{"thumbnail":"https:\/\/lobosnews.com.ar\/wp-content\/uploads\/2026\/09\/la-dura-decision-laboral-de-caro-trippar-en-medio-de-su-tratamiento-por-cancer-de-mama-150x150.jpg","medium":"https:\/\/lobosnews.com.ar\/wp-content\/uploads\/2026\/09\/la-dura-decision-laboral-de-caro-trippar-en-medio-de-su-tratamiento-por-cancer-de-mama-169x300.jpg","medium_large":"https:\/\/lobosnews.com.ar\/wp-content\/uploads\/2026\/09\/la-dura-decision-laboral-de-caro-trippar-en-medio-de-su-tratamiento-por-cancer-de-mama.jpg","large":"https:\/\/lobosnews.com.ar\/wp-content\/uploads\/2026\/09\/la-dura-decision-laboral-de-caro-trippar-en-medio-de-su-tratamiento-por-cancer-de-mama-576x1024.jpg","1536x1536":"https:\/\/lobosnews.com.ar\/wp-content\/uploads\/2026\/09\/la-dura-decision-laboral-de-caro-trippar-en-medio-de-su-tratamiento-por-cancer-de-mama.jpg","2048x2048":"https:\/\/lobosnews.com.ar\/wp-content\/uploads\/2026\/09\/la-dura-decision-laboral-de-caro-trippar-en-medio-de-su-tratamiento-por-cancer-de-mama.jpg","newsmatic-featured":"https:\/\/lobosnews.com.ar\/wp-content\/uploads\/2026\/09\/la-dura-decision-laboral-de-caro-trippar-en-medio-de-su-tratamiento-por-cancer-de-mama-720x545.jpg","newsmatic-list":"https:\/\/lobosnews.com.ar\/wp-content\/uploads\/2026\/09\/la-dura-decision-laboral-de-caro-trippar-en-medio-de-su-tratamiento-por-cancer-de-mama-600x400.jpg","newsmatic-thumb":"https:\/\/lobosnews.com.ar\/wp-content\/uploads\/2026\/09\/la-dura-decision-laboral-de-caro-trippar-en-medio-de-su-tratamiento-por-cancer-de-mama-300x200.jpg","newsmatic-small":"https:\/\/lobosnews.com.ar\/wp-content\/uploads\/2026\/09\/la-dura-decision-laboral-de-caro-trippar-en-medio-de-su-tratamiento-por-cancer-de-mama-150x95.jpg","newsmatic-grid":"https:\/\/lobosnews.com.ar\/wp-content\/uploads\/2026\/09\/la-dura-decision-laboral-de-caro-trippar-en-medio-de-su-tratamiento-por-cancer-de-mama-400x250.jpg"},"magazineBlocksPostAuthor":{"name":"admin","avatar":"https:\/\/secure.gravatar.com\/avatar\/76e419471a2083bc3ceab22a763dbbf9b0c1bd15a6214cf3280e2c2dde4580f9?s=96&d=mm&r=g"},"magazineBlocksPostCommentsNumber":"0","magazineBlocksPostExcerpt":"Caro Trippar atraviesa una de las etapas m\u00e1s desafiantes de su vida y lo hace con una honestidad que la volvi\u00f3 referente en el mundo digital argentino. A sus 35 a\u00f1os, la youtuber y creadora de contenido decidi\u00f3 llevar su historia personal a la esfera p\u00fablica, compartiendo con su comunidad el diagn\u00f3stico de c\u00e1ncer de...","magazineBlocksPostCategories":["Cine y Series"],"magazineBlocksPostViewCount":88,"magazineBlocksPostReadTime":5,"magazine_blocks_featured_image_url":{"full":["https:\/\/lobosnews.com.ar\/wp-content\/uploads\/2026\/09\/la-dura-decision-laboral-de-caro-trippar-en-medio-de-su-tratamiento-por-cancer-de-mama.jpg",720,1280,false],"medium":["https:\/\/lobosnews.com.ar\/wp-content\/uploads\/2026\/09\/la-dura-decision-laboral-de-caro-trippar-en-medio-de-su-tratamiento-por-cancer-de-mama-169x300.jpg",169,300,true],"thumbnail":["https:\/\/lobosnews.com.ar\/wp-content\/uploads\/2026\/09\/la-dura-decision-laboral-de-caro-trippar-en-medio-de-su-tratamiento-por-cancer-de-mama-150x150.jpg",150,150,true]},"magazine_blocks_author":{"display_name":"admin","author_link":"https:\/\/lobosnews.com.ar\/index.php\/author\/lobos-news\/"},"magazine_blocks_comment":0,"magazine_blocks_author_image":"https:\/\/secure.gravatar.com\/avatar\/76e419471a2083bc3ceab22a763dbbf9b0c1bd15a6214cf3280e2c2dde4580f9?s=96&d=mm&r=g","magazine_blocks_category":"<a href=\"#\" class=\"category-link category-link-79\">Cine y Series<\/a>","yoast_head":"<!-- This site is optimized with the Yoast SEO plugin v28.0 - https:\/\/yoast.com\/product\/yoast-seo-wordpress\/ -->\n<title>La dura decisi\u00f3n laboral de Caro Trippar en medio de su tratamiento por c\u00e1ncer de mama - Lobos News<\/title>\n<meta name=\"robots\" content=\"index, follow, max-snippet:-1, max-image-preview:large, max-video-preview:-1\" \/>\n<link rel=\"canonical\" href=\"https:\/\/lobosnews.com.ar\/index.php\/2026\/09\/01\/la-dura-decision-laboral-de-caro-trippar-en-medio-de-su-tratamiento-por-cancer-de-mama\/\" \/>\n<meta property=\"og:locale\" content=\"es_ES\" \/>\n<meta property=\"og:type\" content=\"article\" \/>\n<meta property=\"og:title\" content=\"La dura decisi\u00f3n laboral de Caro Trippar en medio de su tratamiento por c\u00e1ncer de mama - Lobos News\" \/>\n<meta property=\"og:description\" content=\"Caro Trippar atraviesa una de las etapas m\u00e1s desafiantes de su vida y lo hace con una honestidad que la volvi\u00f3 referente en el mundo digital argentino. A sus 35 a\u00f1os, la youtuber y creadora de contenido decidi\u00f3 llevar su historia personal a la esfera p\u00fablica, compartiendo con su comunidad el diagn\u00f3stico de c\u00e1ncer de...\" \/>\n<meta property=\"og:url\" content=\"https:\/\/lobosnews.com.ar\/index.php\/2026\/09\/01\/la-dura-decision-laboral-de-caro-trippar-en-medio-de-su-tratamiento-por-cancer-de-mama\/\" \/>\n<meta property=\"og:site_name\" content=\"Lobos News\" \/>\n<meta property=\"article:published_time\" content=\"2026-09-01T17:23:05+00:00\" \/>\n<meta property=\"article:modified_time\" content=\"2026-09-01T23:24:43+00:00\" \/>\n<meta property=\"og:image\" content=\"https:\/\/lobosnews.com.ar\/wp-content\/uploads\/2026\/09\/la-dura-decision-laboral-de-caro-trippar-en-medio-de-su-tratamiento-por-cancer-de-mama.jpg\" \/>\n\t<meta property=\"og:image:width\" content=\"720\" \/>\n\t<meta property=\"og:image:height\" content=\"1280\" \/>\n\t<meta property=\"og:image:type\" content=\"image\/jpeg\" \/>\n<meta name=\"author\" content=\"admin\" \/>\n<meta name=\"twitter:card\" content=\"summary_large_image\" \/>\n<meta name=\"twitter:label1\" content=\"Escrito por\" \/>\n\t<meta name=\"twitter:data1\" content=\"admin\" \/>\n\t<meta name=\"twitter:label2\" content=\"Tiempo de lectura\" \/>\n\t<meta name=\"twitter:data2\" content=\"4 minutos\" \/>\n<script type=\"application\/ld+json\" class=\"yoast-schema-graph\">{\"@context\":\"https:\\\/\\\/schema.org\",\"@graph\":[{\"@type\":\"Article\",\"@id\":\"https:\\\/\\\/lobosnews.com.ar\\\/index.php\\\/2026\\\/09\\\/01\\\/la-dura-decision-laboral-de-caro-trippar-en-medio-de-su-tratamiento-por-cancer-de-mama\\\/#article\",\"isPartOf\":{\"@id\":\"https:\\\/\\\/lobosnews.com.ar\\\/index.php\\\/2026\\\/09\\\/01\\\/la-dura-decision-laboral-de-caro-trippar-en-medio-de-su-tratamiento-por-cancer-de-mama\\\/\"},\"author\":{\"name\":\"admin\",\"@id\":\"https:\\\/\\\/lobosnews.com.ar\\\/#\\\/schema\\\/person\\\/232422a593d5c541dd9aef6aaed10943\"},\"headline\":\"La dura decisi\u00f3n laboral de Caro Trippar en medio de su tratamiento por c\u00e1ncer de mama\",\"datePublished\":\"2026-09-01T17:23:05+00:00\",\"dateModified\":\"2026-09-01T23:24:43+00:00\",\"mainEntityOfPage\":{\"@id\":\"https:\\\/\\\/lobosnews.com.ar\\\/index.php\\\/2026\\\/09\\\/01\\\/la-dura-decision-laboral-de-caro-trippar-en-medio-de-su-tratamiento-por-cancer-de-mama\\\/\"},\"wordCount\":878,\"commentCount\":0,\"publisher\":{\"@id\":\"https:\\\/\\\/lobosnews.com.ar\\\/#organization\"},\"image\":{\"@id\":\"https:\\\/\\\/lobosnews.com.ar\\\/index.php\\\/2026\\\/09\\\/01\\\/la-dura-decision-laboral-de-caro-trippar-en-medio-de-su-tratamiento-por-cancer-de-mama\\\/#primaryimage\"},\"thumbnailUrl\":\"https:\\\/\\\/lobosnews.com.ar\\\/wp-content\\\/uploads\\\/2026\\\/09\\\/la-dura-decision-laboral-de-caro-trippar-en-medio-de-su-tratamiento-por-cancer-de-mama.jpg\",\"articleSection\":[\"Cine y Series\"],\"inLanguage\":\"es\",\"potentialAction\":[{\"@type\":\"CommentAction\",\"name\":\"Comment\",\"target\":[\"https:\\\/\\\/lobosnews.com.ar\\\/index.php\\\/2026\\\/09\\\/01\\\/la-dura-decision-laboral-de-caro-trippar-en-medio-de-su-tratamiento-por-cancer-de-mama\\\/#respond\"]}]},{\"@type\":\"WebPage\",\"@id\":\"https:\\\/\\\/lobosnews.com.ar\\\/index.php\\\/2026\\\/09\\\/01\\\/la-dura-decision-laboral-de-caro-trippar-en-medio-de-su-tratamiento-por-cancer-de-mama\\\/\",\"url\":\"https:\\\/\\\/lobosnews.com.ar\\\/index.php\\\/2026\\\/09\\\/01\\\/la-dura-decision-laboral-de-caro-trippar-en-medio-de-su-tratamiento-por-cancer-de-mama\\\/\",\"name\":\"La dura decisi\u00f3n laboral de Caro Trippar en medio de su tratamiento por c\u00e1ncer de mama - Lobos News\",\"isPartOf\":{\"@id\":\"https:\\\/\\\/lobosnews.com.ar\\\/#website\"},\"primaryImageOfPage\":{\"@id\":\"https:\\\/\\\/lobosnews.com.ar\\\/index.php\\\/2026\\\/09\\\/01\\\/la-dura-decision-laboral-de-caro-trippar-en-medio-de-su-tratamiento-por-cancer-de-mama\\\/#primaryimage\"},\"image\":{\"@id\":\"https:\\\/\\\/lobosnews.com.ar\\\/index.php\\\/2026\\\/09\\\/01\\\/la-dura-decision-laboral-de-caro-trippar-en-medio-de-su-tratamiento-por-cancer-de-mama\\\/#primaryimage\"},\"thumbnailUrl\":\"https:\\\/\\\/lobosnews.com.ar\\\/wp-content\\\/uploads\\\/2026\\\/09\\\/la-dura-decision-laboral-de-caro-trippar-en-medio-de-su-tratamiento-por-cancer-de-mama.jpg\",\"datePublished\":\"2026-09-01T17:23:05+00:00\",\"dateModified\":\"2026-09-01T23:24:43+00:00\",\"breadcrumb\":{\"@id\":\"https:\\\/\\\/lobosnews.com.ar\\\/index.php\\\/2026\\\/09\\\/01\\\/la-dura-decision-laboral-de-caro-trippar-en-medio-de-su-tratamiento-por-cancer-de-mama\\\/#breadcrumb\"},\"inLanguage\":\"es\",\"potentialAction\":[{\"@type\":\"ReadAction\",\"target\":[\"https:\\\/\\\/lobosnews.com.ar\\\/index.php\\\/2026\\\/09\\\/01\\\/la-dura-decision-laboral-de-caro-trippar-en-medio-de-su-tratamiento-por-cancer-de-mama\\\/\"]}]},{\"@type\":\"ImageObject\",\"inLanguage\":\"es\",\"@id\":\"https:\\\/\\\/lobosnews.com.ar\\\/index.php\\\/2026\\\/09\\\/01\\\/la-dura-decision-laboral-de-caro-trippar-en-medio-de-su-tratamiento-por-cancer-de-mama\\\/#primaryimage\",\"url\":\"https:\\\/\\\/lobosnews.com.ar\\\/wp-content\\\/uploads\\\/2026\\\/09\\\/la-dura-decision-laboral-de-caro-trippar-en-medio-de-su-tratamiento-por-cancer-de-mama.jpg\",\"contentUrl\":\"https:\\\/\\\/lobosnews.com.ar\\\/wp-content\\\/uploads\\\/2026\\\/09\\\/la-dura-decision-laboral-de-caro-trippar-en-medio-de-su-tratamiento-por-cancer-de-mama.jpg\",\"width\":720,\"height\":1280,\"caption\":\"La dura decisi\u00f3n laboral de Caro Trippar en medio de su tratamiento por c\u00e1ncer de mama\"},{\"@type\":\"BreadcrumbList\",\"@id\":\"https:\\\/\\\/lobosnews.com.ar\\\/index.php\\\/2026\\\/09\\\/01\\\/la-dura-decision-laboral-de-caro-trippar-en-medio-de-su-tratamiento-por-cancer-de-mama\\\/#breadcrumb\",\"itemListElement\":[{\"@type\":\"ListItem\",\"position\":1,\"name\":\"Portada\",\"item\":\"https:\\\/\\\/lobosnews.com.ar\\\/\"},{\"@type\":\"ListItem\",\"position\":2,\"name\":\"La dura decisi\u00f3n laboral de Caro Trippar en medio de su tratamiento por c\u00e1ncer de mama\"}]},{\"@type\":\"WebSite\",\"@id\":\"https:\\\/\\\/lobosnews.com.ar\\\/#website\",\"url\":\"https:\\\/\\\/lobosnews.com.ar\\\/\",\"name\":\"Lobos News\",\"description\":\"Informaci\u00f3n a cada instante\",\"publisher\":{\"@id\":\"https:\\\/\\\/lobosnews.com.ar\\\/#organization\"},\"potentialAction\":[{\"@type\":\"SearchAction\",\"target\":{\"@type\":\"EntryPoint\",\"urlTemplate\":\"https:\\\/\\\/lobosnews.com.ar\\\/?s={search_term_string}\"},\"query-input\":{\"@type\":\"PropertyValueSpecification\",\"valueRequired\":true,\"valueName\":\"search_term_string\"}}],\"inLanguage\":\"es\"},{\"@type\":\"Organization\",\"@id\":\"https:\\\/\\\/lobosnews.com.ar\\\/#organization\",\"name\":\"Lobos News\",\"url\":\"https:\\\/\\\/lobosnews.com.ar\\\/\",\"logo\":{\"@type\":\"ImageObject\",\"inLanguage\":\"es\",\"@id\":\"https:\\\/\\\/lobosnews.com.ar\\\/#\\\/schema\\\/logo\\\/image\\\/\",\"url\":\"https:\\\/\\\/lobosnews.com.ar\\\/wp-content\\\/uploads\\\/2026\\\/01\\\/logo-lobosnews.png\",\"contentUrl\":\"https:\\\/\\\/lobosnews.com.ar\\\/wp-content\\\/uploads\\\/2026\\\/01\\\/logo-lobosnews.png\",\"width\":500,\"height\":200,\"caption\":\"Lobos News\"},\"image\":{\"@id\":\"https:\\\/\\\/lobosnews.com.ar\\\/#\\\/schema\\\/logo\\\/image\\\/\"}},{\"@type\":\"Person\",\"@id\":\"https:\\\/\\\/lobosnews.com.ar\\\/#\\\/schema\\\/person\\\/232422a593d5c541dd9aef6aaed10943\",\"name\":\"admin\",\"image\":{\"@type\":\"ImageObject\",\"inLanguage\":\"es\",\"@id\":\"https:\\\/\\\/secure.gravatar.com\\\/avatar\\\/76e419471a2083bc3ceab22a763dbbf9b0c1bd15a6214cf3280e2c2dde4580f9?s=96&d=mm&r=g\",\"url\":\"https:\\\/\\\/secure.gravatar.com\\\/avatar\\\/76e419471a2083bc3ceab22a763dbbf9b0c1bd15a6214cf3280e2c2dde4580f9?s=96&d=mm&r=g\",\"contentUrl\":\"https:\\\/\\\/secure.gravatar.com\\\/avatar\\\/76e419471a2083bc3ceab22a763dbbf9b0c1bd15a6214cf3280e2c2dde4580f9?s=96&d=mm&r=g\",\"caption\":\"admin\"},\"sameAs\":[\"https:\\\/\\\/lobosnews.com.ar\"],\"url\":\"https:\\\/\\\/lobosnews.com.ar\\\/index.php\\\/author\\\/lobos-news\\\/\"}]}<\/script>\n<!-- \/ Yoast SEO plugin. -->","yoast_head_json":{"title":"La dura decisi\u00f3n laboral de Caro Trippar en medio de su tratamiento por c\u00e1ncer de mama - Lobos News","robots":{"index":"index","follow":"follow","max-snippet":"max-snippet:-1","max-image-preview":"max-image-preview:large","max-video-preview":"max-video-preview:-1"},"canonical":"https:\/\/lobosnews.com.ar\/index.php\/2026\/09\/01\/la-dura-decision-laboral-de-caro-trippar-en-medio-de-su-tratamiento-por-cancer-de-mama\/","og_locale":"es_ES","og_type":"article","og_title":"La dura decisi\u00f3n laboral de Caro Trippar en medio de su tratamiento por c\u00e1ncer de mama - Lobos News","og_description":"Caro Trippar atraviesa una de las etapas m\u00e1s desafiantes de su vida y lo hace con una honestidad que la volvi\u00f3 referente en el mundo digital argentino. A sus 35 a\u00f1os, la youtuber y creadora de contenido decidi\u00f3 llevar su historia personal a la esfera p\u00fablica, compartiendo con su comunidad el diagn\u00f3stico de c\u00e1ncer de...","og_url":"https:\/\/lobosnews.com.ar\/index.php\/2026\/09\/01\/la-dura-decision-laboral-de-caro-trippar-en-medio-de-su-tratamiento-por-cancer-de-mama\/","og_site_name":"Lobos News","article_published_time":"2026-09-01T17:23:05+00:00","article_modified_time":"2026-09-01T23:24:43+00:00","og_image":[{"width":720,"height":1280,"url":"https:\/\/lobosnews.com.ar\/wp-content\/uploads\/2026\/09\/la-dura-decision-laboral-de-caro-trippar-en-medio-de-su-tratamiento-por-cancer-de-mama.jpg","type":"image\/jpeg"}],"author":"admin","twitter_card":"summary_large_image","twitter_misc":{"Escrito por":"admin","Tiempo de lectura":"4 minutos"},"schema":{"@context":"https:\/\/schema.org","@graph":[{"@type":"Article","@id":"https:\/\/lobosnews.com.ar\/index.php\/2026\/09\/01\/la-dura-decision-laboral-de-caro-trippar-en-medio-de-su-tratamiento-por-cancer-de-mama\/#article","isPartOf":{"@id":"https:\/\/lobosnews.com.ar\/index.php\/2026\/09\/01\/la-dura-decision-laboral-de-caro-trippar-en-medio-de-su-tratamiento-por-cancer-de-mama\/"},"author":{"name":"admin","@id":"https:\/\/lobosnews.com.ar\/#\/schema\/person\/232422a593d5c541dd9aef6aaed10943"},"headline":"La dura decisi\u00f3n laboral de Caro Trippar en medio de su tratamiento por c\u00e1ncer de mama","datePublished":"2026-09-01T17:23:05+00:00","dateModified":"2026-09-01T23:24:43+00:00","mainEntityOfPage":{"@id":"https:\/\/lobosnews.com.ar\/index.php\/2026\/09\/01\/la-dura-decision-laboral-de-caro-trippar-en-medio-de-su-tratamiento-por-cancer-de-mama\/"},"wordCount":878,"commentCount":0,"publisher":{"@id":"https:\/\/lobosnews.com.ar\/#organization"},"image":{"@id":"https:\/\/lobosnews.com.ar\/index.php\/2026\/09\/01\/la-dura-decision-laboral-de-caro-trippar-en-medio-de-su-tratamiento-por-cancer-de-mama\/#primaryimage"},"thumbnailUrl":"https:\/\/lobosnews.com.ar\/wp-content\/uploads\/2026\/09\/la-dura-decision-laboral-de-caro-trippar-en-medio-de-su-tratamiento-por-cancer-de-mama.jpg","articleSection":["Cine y Series"],"inLanguage":"es","potentialAction":[{"@type":"CommentAction","name":"Comment","target":["https:\/\/lobosnews.com.ar\/index.php\/2026\/09\/01\/la-dura-decision-laboral-de-caro-trippar-en-medio-de-su-tratamiento-por-cancer-de-mama\/#respond"]}]},{"@type":"WebPage","@id":"https:\/\/lobosnews.com.ar\/index.php\/2026\/09\/01\/la-dura-decision-laboral-de-caro-trippar-en-medio-de-su-tratamiento-por-cancer-de-mama\/","url":"https:\/\/lobosnews.com.ar\/index.php\/2026\/09\/01\/la-dura-decision-laboral-de-caro-trippar-en-medio-de-su-tratamiento-por-cancer-de-mama\/","name":"La dura decisi\u00f3n laboral de Caro Trippar en medio de su tratamiento por c\u00e1ncer de mama - Lobos News","isPartOf":{"@id":"https:\/\/lobosnews.com.ar\/#website"},"primaryImageOfPage":{"@id":"https:\/\/lobosnews.com.ar\/index.php\/2026\/09\/01\/la-dura-decision-laboral-de-caro-trippar-en-medio-de-su-tratamiento-por-cancer-de-mama\/#primaryimage"},"image":{"@id":"https:\/\/lobosnews.com.ar\/index.php\/2026\/09\/01\/la-dura-decision-laboral-de-caro-trippar-en-medio-de-su-tratamiento-por-cancer-de-mama\/#primaryimage"},"thumbnailUrl":"https:\/\/lobosnews.com.ar\/wp-content\/uploads\/2026\/09\/la-dura-decision-laboral-de-caro-trippar-en-medio-de-su-tratamiento-por-cancer-de-mama.jpg","datePublished":"2026-09-01T17:23:05+00:00","dateModified":"2026-09-01T23:24:43+00:00","breadcrumb":{"@id":"https:\/\/lobosnews.com.ar\/index.php\/2026\/09\/01\/la-dura-decision-laboral-de-caro-trippar-en-medio-de-su-tratamiento-por-cancer-de-mama\/#breadcrumb"},"inLanguage":"es","potentialAction":[{"@type":"ReadAction","target":["https:\/\/lobosnews.com.ar\/index.php\/2026\/09\/01\/la-dura-decision-laboral-de-caro-trippar-en-medio-de-su-tratamiento-por-cancer-de-mama\/"]}]},{"@type":"ImageObject","inLanguage":"es","@id":"https:\/\/lobosnews.com.ar\/index.php\/2026\/09\/01\/la-dura-decision-laboral-de-caro-trippar-en-medio-de-su-tratamiento-por-cancer-de-mama\/#primaryimage","url":"https:\/\/lobosnews.com.ar\/wp-content\/uploads\/2026\/09\/la-dura-decision-laboral-de-caro-trippar-en-medio-de-su-tratamiento-por-cancer-de-mama.jpg","contentUrl":"https:\/\/lobosnews.com.ar\/wp-content\/uploads\/2026\/09\/la-dura-decision-laboral-de-caro-trippar-en-medio-de-su-tratamiento-por-cancer-de-mama.jpg","width":720,"height":1280,"caption":"La dura decisi\u00f3n laboral de Caro Trippar en medio de su tratamiento por c\u00e1ncer de mama"},{"@type":"BreadcrumbList","@id":"https:\/\/lobosnews.com.ar\/index.php\/2026\/09\/01\/la-dura-decision-laboral-de-caro-trippar-en-medio-de-su-tratamiento-por-cancer-de-mama\/#breadcrumb","itemListElement":[{"@type":"ListItem","position":1,"name":"Portada","item":"https:\/\/lobosnews.com.ar\/"},{"@type":"ListItem","position":2,"name":"La dura decisi\u00f3n laboral de Caro Trippar en medio de su tratamiento por c\u00e1ncer de mama"}]},{"@type":"WebSite","@id":"https:\/\/lobosnews.com.ar\/#website","url":"https:\/\/lobosnews.com.ar\/","name":"Lobos News","description":"Informaci\u00f3n a cada instante","publisher":{"@id":"https:\/\/lobosnews.com.ar\/#organization"},"potentialAction":[{"@type":"SearchAction","target":{"@type":"EntryPoint","urlTemplate":"https:\/\/lobosnews.com.ar\/?s={search_term_string}"},"query-input":{"@type":"PropertyValueSpecification","valueRequired":true,"valueName":"search_term_string"}}],"inLanguage":"es"},{"@type":"Organization","@id":"https:\/\/lobosnews.com.ar\/#organization","name":"Lobos News","url":"https:\/\/lobosnews.com.ar\/","logo":{"@type":"ImageObject","inLanguage":"es","@id":"https:\/\/lobosnews.com.ar\/#\/schema\/logo\/image\/","url":"https:\/\/lobosnews.com.ar\/wp-content\/uploads\/2026\/01\/logo-lobosnews.png","contentUrl":"https:\/\/lobosnews.com.ar\/wp-content\/uploads\/2026\/01\/logo-lobosnews.png","width":500,"height":200,"caption":"Lobos News"},"image":{"@id":"https:\/\/lobosnews.com.ar\/#\/schema\/logo\/image\/"}},{"@type":"Person","@id":"https:\/\/lobosnews.com.ar\/#\/schema\/person\/232422a593d5c541dd9aef6aaed10943","name":"admin","image":{"@type":"ImageObject","inLanguage":"es","@id":"https:\/\/secure.gravatar.com\/avatar\/76e419471a2083bc3ceab22a763dbbf9b0c1bd15a6214cf3280e2c2dde4580f9?s=96&d=mm&r=g","url":"https:\/\/secure.gravatar.com\/avatar\/76e419471a2083bc3ceab22a763dbbf9b0c1bd15a6214cf3280e2c2dde4580f9?s=96&d=mm&r=g","contentUrl":"https:\/\/secure.gravatar.com\/avatar\/76e419471a2083bc3ceab22a763dbbf9b0c1bd15a6214cf3280e2c2dde4580f9?s=96&d=mm&r=g","caption":"admin"},"sameAs":["https:\/\/lobosnews.com.ar"],"url":"https:\/\/lobosnews.com.ar\/index.php\/author\/lobos-news\/"}]}},"jetpack_featured_media_url":"https:\/\/lobosnews.com.ar\/wp-content\/uploads\/2026\/09\/la-dura-decision-laboral-de-caro-trippar-en-medio-de-su-tratamiento-por-cancer-de-mama.jpg","jetpack_sharing_enabled":true,"_links":{"self":[{"href":"https:\/\/lobosnews.com.ar\/index.php\/wp-json\/wp\/v2\/posts\/96374","targetHints":{"allow":["GET"]}}],"collection":[{"href":"https:\/\/lobosnews.com.ar\/index.php\/wp-json\/wp\/v2\/posts"}],"about":[{"href":"https:\/\/lobosnews.com.ar\/index.php\/wp-json\/wp\/v2\/types\/post"}],"author":[{"embeddable":true,"href":"https:\/\/lobosnews.com.ar\/index.php\/wp-json\/wp\/v2\/users\/1"}],"replies":[{"embeddable":true,"href":"https:\/\/lobosnews.com.ar\/index.php\/wp-json\/wp\/v2\/comments?post=96374"}],"version-history":[{"count":1,"href":"https:\/\/lobosnews.com.ar\/index.php\/wp-json\/wp\/v2\/posts\/96374\/revisions"}],"predecessor-version":[{"id":96376,"href":"https:\/\/lobosnews.com.ar\/index.php\/wp-json\/wp\/v2\/posts\/96374\/revisions\/96376"}],"wp:featuredmedia":[{"embeddable":true,"href":"https:\/\/lobosnews.com.ar\/index.php\/wp-json\/wp\/v2\/media\/96377"}],"wp:attachment":[{"href":"https:\/\/lobosnews.com.ar\/index.php\/wp-json\/wp\/v2\/media?parent=96374"}],"wp:term":[{"taxonomy":"category","embeddable":true,"href":"https:\/\/lobosnews.com.ar\/index.php\/wp-json\/wp\/v2\/categories?post=96374"},{"taxonomy":"post_tag","embeddable":true,"href":"https:\/\/lobosnews.com.ar\/index.php\/wp-json\/wp\/v2\/tags?post=96374"}],"curies":[{"name":"wp","href":"https:\/\/api.w.org\/{rel}","templated":true}]}}