{"id":96353,"date":"2026-09-01T19:00:19","date_gmt":"2026-09-01T19:00:19","guid":{"rendered":"https:\/\/lobosnews.com.ar\/?p=96353"},"modified":"2026-09-01T23:24:39","modified_gmt":"2026-09-01T23:24:39","slug":"el-ultimo-adios-a-miguel-zavaleta-familiares-y-amigos-del-rock-se-reunieron-para-despedir-al-cantante","status":"publish","type":"post","link":"https:\/\/lobosnews.com.ar\/index.php\/2026\/09\/01\/el-ultimo-adios-a-miguel-zavaleta-familiares-y-amigos-del-rock-se-reunieron-para-despedir-al-cantante\/","title":{"rendered":"El \u00faltimo adi\u00f3s a Miguel Zavaleta: familiares y amigos del rock se reunieron para despedir al cantante"},"content":{"rendered":"<p><img loading=\"lazy\" decoding=\"async\" src=\"https:\/\/lobosnews.com.ar\/wp-content\/uploads\/2026\/09\/el-ultimo-adios-a-miguel-zavaleta-familiares-y-amigos-del-rock-se-reunieron-para-despedir-al-cantante.jpg\" alt=\"Cachorro L\u00f3pez fue uno de los que llev\u00f3 el ata\u00fad de Miguel Zavaleta (RSFotos)\" height=\"2713\" width=\"4069\"\/><\/p>\n<p>El <b>Cementerio de la Chacarita<\/b> fue el martes el \u00faltimo escenario para <b>Miguel Zavaleta<\/b>, el l\u00edder de <b>Su\u00e9ter<\/b> que <b>muri\u00f3 el lunes 31 de agosto a los 71 a\u00f1os<\/b> tras una larga batalla contra el c\u00e1ncer. Familiares, amigos y compa\u00f1eros de ruta lo despidieron con un responso en la capilla ardiente antes de que sus restos fueran trasladados al pante\u00f3n de m\u00fasicos de SADAIC, el lugar que la historia del rock argentino reserva para sus figuras m\u00e1s fundamentales.<\/p>\n<p><img loading=\"lazy\" decoding=\"async\" src=\"https:\/\/lobosnews.com.ar\/wp-content\/uploads\/2026\/09\/el-ultimo-adios-a-miguel-zavaleta-familiares-y-amigos-del-rock-se-reunieron-para-despedir-al-cantante-1.jpg\" alt=\"El comienzo del trayecto desde la capilla de la Chacarita al Pante\u00f3n de SADAIC (RSFotos)\" height=\"3297\" width=\"4946\"\/><\/p>\n<h2>La familia convoc\u00f3 a la despedida en Guzm\u00e1n 680<\/h2>\n<p>La ceremonia comenz\u00f3 a las 11:30 en el predio de Guzm\u00e1n 680, en la Ciudad Aut\u00f3noma de Buenos Aires. Fue la propia <b>Familia Zavaleta<\/b> la que, horas antes, public\u00f3 en la cuenta de Instagram del m\u00fasico el comunicado en el que convoc\u00f3 a quienes quisieran dar el \u00faltimo adi\u00f3s a \u201cnuestro querido padre, amigo y artista\u201d. El mensaje, compartido tambi\u00e9n por el periodista <b>Sergio Marchi<\/b>, lleg\u00f3 a sus seguidores con la misma sencillez con la que Zavaleta sol\u00eda moverse por el mundo: sin protocolos innecesarios, con el afecto como \u00fanica regla.<\/p>\n<p><img loading=\"lazy\" decoding=\"async\" src=\"https:\/\/lobosnews.com.ar\/wp-content\/uploads\/2026\/09\/el-ultimo-adios-a-miguel-zavaleta-familiares-y-amigos-del-rock-se-reunieron-para-despedir-al-cantante-2.jpg\" alt=\"El Zorrito Von Quintieron junto a la fot\u00f3grafa Andy Cherniavsly (RSFotos)\" height=\"3592\" width=\"2395\"\/><img loading=\"lazy\" decoding=\"async\" src=\"https:\/\/lobosnews.com.ar\/wp-content\/uploads\/2026\/09\/el-ultimo-adios-a-miguel-zavaleta-familiares-y-amigos-del-rock-se-reunieron-para-despedir-al-cantante-3.jpg\" alt=\"Andy Cherniavsky junto a la tambi\u00e9n fot\u00f3grafa y cantante Hilda Lizarazu (RSFotos)\" height=\"1583\" width=\"2374\"\/><img loading=\"lazy\" decoding=\"async\" src=\"https:\/\/lobosnews.com.ar\/wp-content\/uploads\/2026\/09\/el-ultimo-adios-a-miguel-zavaleta-familiares-y-amigos-del-rock-se-reunieron-para-despedir-al-cantante-4.jpg\" alt=\"La cantante Claudia Puy\u00f3 (RSFotos)\" height=\"2059\" width=\"1373\"\/><\/p>\n<h2>M\u00fasicos, periodistas y amigos se reunieron en el velorio<\/h2>\n<p>El velorio reuni\u00f3 a figuras del rock argentino que hab\u00edan compartido con Zavaleta escenarios, estudios de grabaci\u00f3n y d\u00e9cadas de amistad. <b>Cachorro L\u00f3pez<\/b>, bajista y productor de trayectoria inobjetable dentro del g\u00e9nero, estuvo presente junto al trompetista <b>Miguel \u00c1ngel Tallarita<\/b> y al baterista <b>Willy Iturri<\/b>. Tambi\u00e9n lleg\u00f3 <b>Zorrito Von Quintiero<\/b>, el tecladista que el propio Zavaleta hab\u00eda bautizado con ese apellido art\u00edstico \u2014\u201cporque a mi apellido calabr\u00e9s le faltaba glamour\u201d, record\u00f3 Von Quintiero\u2014 cuando lo incorpor\u00f3 a Su\u00e9ter en 1984 y le permiti\u00f3 firmar sus primeras dos canciones.<\/p>\n<p>La cantante <b>Claudia Puy\u00f3<\/b> y <b>Hilda Lizarazu<\/b> tambi\u00e9n se acercaron a despedirlo, igual que <b>Gustavo Lutteral<\/b>, conductor y figura ligada al universo de la m\u00fasica argentina. Completaron la lista la fot\u00f3grafa <b>Andy Chiernavsky, la productora de Artes Group Candela Booth<\/b> y <b>Norman<\/b>, due\u00f1o del bar Mamita, uno de los reductos porte\u00f1os que durante a\u00f1os funcion\u00f3 como punto de encuentro para m\u00fasicos y artistas.<\/p>\n<p><img loading=\"lazy\" decoding=\"async\" src=\"https:\/\/lobosnews.com.ar\/wp-content\/uploads\/2026\/09\/el-ultimo-adios-a-miguel-zavaleta-familiares-y-amigos-del-rock-se-reunieron-para-despedir-al-cantante-5.jpg\" alt=\"El trayecto hacia el Pante\u00f3n de SADAIC (RSFotos)\" height=\"2790\" width=\"4185\"\/><img loading=\"lazy\" decoding=\"async\" src=\"https:\/\/lobosnews.com.ar\/wp-content\/uploads\/2026\/09\/el-ultimo-adios-a-miguel-zavaleta-familiares-y-amigos-del-rock-se-reunieron-para-despedir-al-cantante-6.jpg\" alt=\"Abril Cantilo, entre quienes se acercaron a la Chacarita para un \u00faltimo adi\u00f3s a Miguel Zavaleta (RSFotos)\" height=\"2837\" width=\"4255\"\/><img loading=\"lazy\" decoding=\"async\" src=\"https:\/\/lobosnews.com.ar\/wp-content\/uploads\/2026\/09\/el-ultimo-adios-a-miguel-zavaleta-familiares-y-amigos-del-rock-se-reunieron-para-despedir-al-cantante-7.jpg\" alt=\"El baterista Willy Iturri estuvo presente en el \u00faltimo adi\u00f3s a Zavaleta (RSFotos)\" height=\"1709\" width=\"2564\"\/><\/p>\n<h2>Von Quintiero lo visit\u00f3 en sus \u00faltimos d\u00edas con comida \u00e1rabe y helado de dulce de leche<\/h2>\n<p>Zorrito Von Quintiero fue uno de los que estuvo con Zavaleta antes del final. En un texto publicado en su cuenta de Instagram, el tecladista describi\u00f3 una visita a la habitaci\u00f3n de su amigo y mentor en los \u00faltimos d\u00edas de vida. <b>\u201cLe digo qu\u00e9 quisieras que te traiga, rico y que pegue. Ri\u00e9ndonos, me dice algo de comida \u00e1rabe y helado de dulce de leche\u201d<\/b>, escribi\u00f3. Al d\u00eda siguiente, cuando lleg\u00f3 con las cosas, Zavaleta dorm\u00eda. Casi sin fuerzas, alcanz\u00f3 a enterarse de que hab\u00edan llegado y lo prob\u00f3. \u201cUna sonrisa bien de \u00e9l vuelve a aparecer en su cara\u201d, relat\u00f3 Von Quintiero.<\/p>\n<p><img loading=\"lazy\" decoding=\"async\" src=\"https:\/\/lobosnews.com.ar\/wp-content\/uploads\/2026\/09\/el-ultimo-adios-a-miguel-zavaleta-familiares-y-amigos-del-rock-se-reunieron-para-despedir-al-cantante-8.jpg\" alt=\"Willy Iturri, en La Chacarita (RSFotos)\" height=\"3201\" width=\"4802\"\/><img loading=\"lazy\" decoding=\"async\" src=\"https:\/\/lobosnews.com.ar\/wp-content\/uploads\/2026\/09\/el-ultimo-adios-a-miguel-zavaleta-familiares-y-amigos-del-rock-se-reunieron-para-despedir-al-cantante-9.jpg\" alt=\"El conductor radial Gustavo Lutteral (RSFotos)\" height=\"4512\" width=\"3008\"\/><img loading=\"lazy\" decoding=\"async\" src=\"https:\/\/lobosnews.com.ar\/wp-content\/uploads\/2026\/09\/el-ultimo-adios-a-miguel-zavaleta-familiares-y-amigos-del-rock-se-reunieron-para-despedir-al-cantante-10.jpg\" alt=\"El trompetista Miguel \u00c1ngel Tallarita (RSFotos)\" height=\"4613\" width=\"3075\"\/><img loading=\"lazy\" decoding=\"async\" src=\"https:\/\/lobosnews.com.ar\/wp-content\/uploads\/2026\/09\/el-ultimo-adios-a-miguel-zavaleta-familiares-y-amigos-del-rock-se-reunieron-para-despedir-al-cantante-11.jpg\" alt=\"El periodista Sergio Marchi, muy cercano a Zavaleta y su familia (RSFotos)\" height=\"2570\" width=\"1713\"\/><\/p>\n<p>La despedida que public\u00f3 el tecladista recorre cuatro d\u00e9cadas de v\u00ednculo: desde aquel momento en que Zavaleta le abri\u00f3 las puertas de Su\u00e9ter hasta el instante final en que pudo decirle, en persona, cu\u00e1nto le agradec\u00eda. <b>\u201cSin vos ni Su\u00e9ter, no hubiera llegado yo hasta ac\u00e1\u201d<\/b>, escribi\u00f3. El texto cierra con una imagen tomada de las propias canciones del m\u00fasico: \u201cAhora ya atardece en la ruta, te has dormido viajando\u201d.<\/p>\n<p><img loading=\"lazy\" decoding=\"async\" src=\"https:\/\/lobosnews.com.ar\/wp-content\/uploads\/2026\/09\/el-ultimo-adios-a-miguel-zavaleta-familiares-y-amigos-del-rock-se-reunieron-para-despedir-al-cantante-12.jpg\" alt=\"La productora Candela Booth (RSFotos)\" height=\"2472\" width=\"3708\"\/><img loading=\"lazy\" decoding=\"async\" src=\"https:\/\/lobosnews.com.ar\/wp-content\/uploads\/2026\/09\/el-ultimo-adios-a-miguel-zavaleta-familiares-y-amigos-del-rock-se-reunieron-para-despedir-al-cantante-13.jpg\" alt=\"El Zorrito Von Quintiero y su saludo a Abril Cantilo (RSFotos)\" height=\"2876\" width=\"1917\"\/><img loading=\"lazy\" decoding=\"async\" src=\"https:\/\/lobosnews.com.ar\/wp-content\/uploads\/2026\/09\/el-ultimo-adios-a-miguel-zavaleta-familiares-y-amigos-del-rock-se-reunieron-para-despedir-al-cantante-14.jpg\" alt=\"Norman, el due\u00f1o del bar Mamita, donde sol\u00edan reunirse los rockeros (RSFotos)\" height=\"2615\" width=\"3923\"\/><\/p>\n<h2>Zavaleta fund\u00f3 Su\u00e9ter en 1981 y se convirti\u00f3 en voz de una generaci\u00f3n<\/h2>\n<p><b>Miguel Zavaleta<\/b> naci\u00f3 en febrero de 1955. Antes de Su\u00e9ter pas\u00f3 por <b>Bubu<\/b>, una experiencia del circuito under de fines de los setenta que combinaba m\u00fasica, teatralidad y b\u00fasqueda art\u00edstica. En 1981 fund\u00f3 Su\u00e9ter junto a Gustavo Don\u00e9s, Juan del Barrio y Jorge Minissale, en plena efervescencia de lo que ser\u00eda la gran explosi\u00f3n del rock nacional. La banda encontr\u00f3 un lugar propio dentro de una camada que inclu\u00eda a Los Abuelos de la Nada, Virus, Soda Stereo y Los Redondos, entre otros.<\/p>\n<p>Canciones como \u201cElefantes en el techo\u201d, \u201cAmanece en la ruta\u201d, \u201cV\u00eda M\u00e9xico\u201d y \u201cExtra\u00f1o ser\u201d quedaron como parte de la banda de sonido de toda una generaci\u00f3n. Marchi, que hab\u00eda acompa\u00f1ado de cerca los \u00faltimos d\u00edas del m\u00fasico, sintetiz\u00f3 su partida con una frase que circul\u00f3 entre los primeros en difundir la noticia: <b>\u201cSe fue tranquilo pero a rega\u00f1adientes, porque quer\u00eda vencer a ese c\u00e1ncer cruel\u201d<\/b>.<\/p>\n<p><img loading=\"lazy\" decoding=\"async\" src=\"https:\/\/lobosnews.com.ar\/wp-content\/uploads\/2026\/09\/el-ultimo-adios-a-miguel-zavaleta-familiares-y-amigos-del-rock-se-reunieron-para-despedir-al-cantante-15.jpg\" alt=\"El m\u00fasico y productor Cachorro L\u00f3pez (RSFotos)\" height=\"2287\" width=\"3430\"\/><img loading=\"lazy\" decoding=\"async\" src=\"https:\/\/lobosnews.com.ar\/wp-content\/uploads\/2026\/09\/el-ultimo-adios-a-miguel-zavaleta-familiares-y-amigos-del-rock-se-reunieron-para-despedir-al-cantante-16.jpg\" alt=\"El Zorrito Von Quintiero public\u00f3 una conmovedora despedida a Zavaleta (RSFotos)\" height=\"3648\" width=\"5472\"\/><img loading=\"lazy\" decoding=\"async\" src=\"https:\/\/lobosnews.com.ar\/wp-content\/uploads\/2026\/09\/el-ultimo-adios-a-miguel-zavaleta-familiares-y-amigos-del-rock-se-reunieron-para-despedir-al-cantante-17.jpg\" alt=\"El aplauso final para Miguel Zavaleta, el cantante y fundador de Sueter, frente al Pante\u00f3n de SADAIC (RSFotos)\" height=\"3648\" width=\"5472\"\/><\/p>\n<h2>En 2024 volvi\u00f3 al escenario con Su\u00e9ter en La Trastienda<\/h2>\n<p>Uno de sus \u00faltimos actos p\u00fablicos fue la reuni\u00f3n de <b>Su\u00e9ter<\/b> en <b>La Trastienda<\/b> en 2024, donde volvi\u00f3 a compartir escenario con <b>Tito Losavio<\/b>, <b>Beno Guelbert<\/b> y <b>Ale de Silvestre<\/b>. Aquella noche, que entonces fue una celebraci\u00f3n y un reencuentro, qued\u00f3 como una de las \u00faltimas im\u00e1genes de Zavaleta frente a un p\u00fablico. Sus restos descansan ahora en el <b>pante\u00f3n de m\u00fasicos de SADAIC<\/b>, en el Cementerio de la Chacarita, junto a otras figuras que marcaron la historia de la m\u00fasica argentina.<\/p>\n","protected":false},"excerpt":{"rendered":"<p>El Cementerio de la Chacarita fue el martes el \u00faltimo escenario para Miguel Zavaleta, el l\u00edder de Su\u00e9ter que muri\u00f3 el lunes 31 de agosto a los 71 a\u00f1os tras una larga batalla contra el c\u00e1ncer. Familiares, amigos y compa\u00f1eros de ruta lo despidieron con un responso en la capilla ardiente antes de que sus&#8230;<\/p>\n","protected":false},"author":1,"featured_media":96373,"comment_status":"open","ping_status":"closed","sticky":false,"template":"","format":"standard","meta":{"_jetpack_newsletter_access":"","_jetpack_dont_email_post_to_subs":false,"_jetpack_newsletter_tier_id":0,"_jetpack_memberships_contains_paywalled_content":false,"_jetpack_memberships_contains_paid_content":false,"footnotes":"","jetpack_post_was_ever_published":false},"categories":[79],"tags":[],"class_list":["post-96353","post","type-post","status-publish","format-standard","has-post-thumbnail","hentry","category-cine-y-series"],"magazineBlocksPostFeaturedMedia":{"thumbnail":"https:\/\/lobosnews.com.ar\/wp-content\/uploads\/2026\/09\/el-ultimo-adios-a-miguel-zavaleta-familiares-y-amigos-del-rock-se-reunieron-para-despedir-al-cantante-34-150x150.jpg","medium":"https:\/\/lobosnews.com.ar\/wp-content\/uploads\/2026\/09\/el-ultimo-adios-a-miguel-zavaleta-familiares-y-amigos-del-rock-se-reunieron-para-despedir-al-cantante-34-300x200.jpg","medium_large":"https:\/\/lobosnews.com.ar\/wp-content\/uploads\/2026\/09\/el-ultimo-adios-a-miguel-zavaleta-familiares-y-amigos-del-rock-se-reunieron-para-despedir-al-cantante-34-768x512.jpg","large":"https:\/\/lobosnews.com.ar\/wp-content\/uploads\/2026\/09\/el-ultimo-adios-a-miguel-zavaleta-familiares-y-amigos-del-rock-se-reunieron-para-despedir-al-cantante-34-1024x683.jpg","1536x1536":"https:\/\/lobosnews.com.ar\/wp-content\/uploads\/2026\/09\/el-ultimo-adios-a-miguel-zavaleta-familiares-y-amigos-del-rock-se-reunieron-para-despedir-al-cantante-34-1536x1024.jpg","2048x2048":"https:\/\/lobosnews.com.ar\/wp-content\/uploads\/2026\/09\/el-ultimo-adios-a-miguel-zavaleta-familiares-y-amigos-del-rock-se-reunieron-para-despedir-al-cantante-34-2048x1365.jpg","newsmatic-featured":"https:\/\/lobosnews.com.ar\/wp-content\/uploads\/2026\/09\/el-ultimo-adios-a-miguel-zavaleta-familiares-y-amigos-del-rock-se-reunieron-para-despedir-al-cantante-34-820x545.jpg","newsmatic-list":"https:\/\/lobosnews.com.ar\/wp-content\/uploads\/2026\/09\/el-ultimo-adios-a-miguel-zavaleta-familiares-y-amigos-del-rock-se-reunieron-para-despedir-al-cantante-34-600x400.jpg","newsmatic-thumb":"https:\/\/lobosnews.com.ar\/wp-content\/uploads\/2026\/09\/el-ultimo-adios-a-miguel-zavaleta-familiares-y-amigos-del-rock-se-reunieron-para-despedir-al-cantante-34-300x200.jpg","newsmatic-small":"https:\/\/lobosnews.com.ar\/wp-content\/uploads\/2026\/09\/el-ultimo-adios-a-miguel-zavaleta-familiares-y-amigos-del-rock-se-reunieron-para-despedir-al-cantante-34-150x95.jpg","newsmatic-grid":"https:\/\/lobosnews.com.ar\/wp-content\/uploads\/2026\/09\/el-ultimo-adios-a-miguel-zavaleta-familiares-y-amigos-del-rock-se-reunieron-para-despedir-al-cantante-34-400x250.jpg"},"magazineBlocksPostAuthor":{"name":"admin","avatar":"https:\/\/secure.gravatar.com\/avatar\/76e419471a2083bc3ceab22a763dbbf9b0c1bd15a6214cf3280e2c2dde4580f9?s=96&d=mm&r=g"},"magazineBlocksPostCommentsNumber":"0","magazineBlocksPostExcerpt":"El Cementerio de la Chacarita fue el martes el \u00faltimo escenario para Miguel Zavaleta, el l\u00edder de Su\u00e9ter que muri\u00f3 el lunes 31 de agosto a los 71 a\u00f1os tras una larga batalla contra el c\u00e1ncer. Familiares, amigos y compa\u00f1eros de ruta lo despidieron con un responso en la capilla ardiente antes de que sus...","magazineBlocksPostCategories":["Cine y Series"],"magazineBlocksPostViewCount":98,"magazineBlocksPostReadTime":5,"magazine_blocks_featured_image_url":{"full":["https:\/\/lobosnews.com.ar\/wp-content\/uploads\/2026\/09\/el-ultimo-adios-a-miguel-zavaleta-familiares-y-amigos-del-rock-se-reunieron-para-despedir-al-cantante-34-scaled.jpg",2560,1706,false],"medium":["https:\/\/lobosnews.com.ar\/wp-content\/uploads\/2026\/09\/el-ultimo-adios-a-miguel-zavaleta-familiares-y-amigos-del-rock-se-reunieron-para-despedir-al-cantante-34-300x200.jpg",300,200,true],"thumbnail":["https:\/\/lobosnews.com.ar\/wp-content\/uploads\/2026\/09\/el-ultimo-adios-a-miguel-zavaleta-familiares-y-amigos-del-rock-se-reunieron-para-despedir-al-cantante-34-150x150.jpg",150,150,true]},"magazine_blocks_author":{"display_name":"admin","author_link":"https:\/\/lobosnews.com.ar\/index.php\/author\/lobos-news\/"},"magazine_blocks_comment":0,"magazine_blocks_author_image":"https:\/\/secure.gravatar.com\/avatar\/76e419471a2083bc3ceab22a763dbbf9b0c1bd15a6214cf3280e2c2dde4580f9?s=96&d=mm&r=g","magazine_blocks_category":"<a href=\"#\" class=\"category-link category-link-79\">Cine y Series<\/a>","yoast_head":"<!-- This site is optimized with the Yoast SEO plugin v28.0 - https:\/\/yoast.com\/product\/yoast-seo-wordpress\/ -->\n<title>El \u00faltimo adi\u00f3s a Miguel Zavaleta: familiares y amigos del rock se reunieron para despedir al cantante - Lobos News<\/title>\n<meta name=\"robots\" content=\"index, follow, max-snippet:-1, max-image-preview:large, max-video-preview:-1\" \/>\n<link rel=\"canonical\" href=\"https:\/\/lobosnews.com.ar\/index.php\/2026\/09\/01\/el-ultimo-adios-a-miguel-zavaleta-familiares-y-amigos-del-rock-se-reunieron-para-despedir-al-cantante\/\" \/>\n<meta property=\"og:locale\" content=\"es_ES\" \/>\n<meta property=\"og:type\" content=\"article\" \/>\n<meta property=\"og:title\" content=\"El \u00faltimo adi\u00f3s a Miguel Zavaleta: familiares y amigos del rock se reunieron para despedir al cantante - Lobos News\" \/>\n<meta property=\"og:description\" content=\"El Cementerio de la Chacarita fue el martes el \u00faltimo escenario para Miguel Zavaleta, el l\u00edder de Su\u00e9ter que muri\u00f3 el lunes 31 de agosto a los 71 a\u00f1os tras una larga batalla contra el c\u00e1ncer. Familiares, amigos y compa\u00f1eros de ruta lo despidieron con un responso en la capilla ardiente antes de que sus...\" \/>\n<meta property=\"og:url\" content=\"https:\/\/lobosnews.com.ar\/index.php\/2026\/09\/01\/el-ultimo-adios-a-miguel-zavaleta-familiares-y-amigos-del-rock-se-reunieron-para-despedir-al-cantante\/\" \/>\n<meta property=\"og:site_name\" content=\"Lobos News\" \/>\n<meta property=\"article:published_time\" content=\"2026-09-01T19:00:19+00:00\" \/>\n<meta property=\"article:modified_time\" content=\"2026-09-01T23:24:39+00:00\" \/>\n<meta property=\"og:image\" content=\"https:\/\/lobosnews.com.ar\/wp-content\/uploads\/2026\/09\/el-ultimo-adios-a-miguel-zavaleta-familiares-y-amigos-del-rock-se-reunieron-para-despedir-al-cantante-34-scaled.jpg\" \/>\n\t<meta property=\"og:image:width\" content=\"2560\" \/>\n\t<meta property=\"og:image:height\" content=\"1706\" \/>\n\t<meta property=\"og:image:type\" content=\"image\/jpeg\" \/>\n<meta name=\"author\" content=\"admin\" \/>\n<meta name=\"twitter:card\" content=\"summary_large_image\" \/>\n<meta name=\"twitter:label1\" content=\"Escrito por\" \/>\n\t<meta name=\"twitter:data1\" content=\"admin\" \/>\n\t<meta name=\"twitter:label2\" content=\"Tiempo de lectura\" \/>\n\t<meta name=\"twitter:data2\" content=\"4 minutos\" \/>\n<script type=\"application\/ld+json\" class=\"yoast-schema-graph\">{\"@context\":\"https:\\\/\\\/schema.org\",\"@graph\":[{\"@type\":\"Article\",\"@id\":\"https:\\\/\\\/lobosnews.com.ar\\\/index.php\\\/2026\\\/09\\\/01\\\/el-ultimo-adios-a-miguel-zavaleta-familiares-y-amigos-del-rock-se-reunieron-para-despedir-al-cantante\\\/#article\",\"isPartOf\":{\"@id\":\"https:\\\/\\\/lobosnews.com.ar\\\/index.php\\\/2026\\\/09\\\/01\\\/el-ultimo-adios-a-miguel-zavaleta-familiares-y-amigos-del-rock-se-reunieron-para-despedir-al-cantante\\\/\"},\"author\":{\"name\":\"admin\",\"@id\":\"https:\\\/\\\/lobosnews.com.ar\\\/#\\\/schema\\\/person\\\/232422a593d5c541dd9aef6aaed10943\"},\"headline\":\"El \u00faltimo adi\u00f3s a Miguel Zavaleta: familiares y amigos del rock se reunieron para despedir al cantante\",\"datePublished\":\"2026-09-01T19:00:19+00:00\",\"dateModified\":\"2026-09-01T23:24:39+00:00\",\"mainEntityOfPage\":{\"@id\":\"https:\\\/\\\/lobosnews.com.ar\\\/index.php\\\/2026\\\/09\\\/01\\\/el-ultimo-adios-a-miguel-zavaleta-familiares-y-amigos-del-rock-se-reunieron-para-despedir-al-cantante\\\/\"},\"wordCount\":869,\"commentCount\":0,\"publisher\":{\"@id\":\"https:\\\/\\\/lobosnews.com.ar\\\/#organization\"},\"image\":{\"@id\":\"https:\\\/\\\/lobosnews.com.ar\\\/index.php\\\/2026\\\/09\\\/01\\\/el-ultimo-adios-a-miguel-zavaleta-familiares-y-amigos-del-rock-se-reunieron-para-despedir-al-cantante\\\/#primaryimage\"},\"thumbnailUrl\":\"https:\\\/\\\/lobosnews.com.ar\\\/wp-content\\\/uploads\\\/2026\\\/09\\\/el-ultimo-adios-a-miguel-zavaleta-familiares-y-amigos-del-rock-se-reunieron-para-despedir-al-cantante-34-scaled.jpg\",\"articleSection\":[\"Cine y Series\"],\"inLanguage\":\"es\",\"potentialAction\":[{\"@type\":\"CommentAction\",\"name\":\"Comment\",\"target\":[\"https:\\\/\\\/lobosnews.com.ar\\\/index.php\\\/2026\\\/09\\\/01\\\/el-ultimo-adios-a-miguel-zavaleta-familiares-y-amigos-del-rock-se-reunieron-para-despedir-al-cantante\\\/#respond\"]}]},{\"@type\":\"WebPage\",\"@id\":\"https:\\\/\\\/lobosnews.com.ar\\\/index.php\\\/2026\\\/09\\\/01\\\/el-ultimo-adios-a-miguel-zavaleta-familiares-y-amigos-del-rock-se-reunieron-para-despedir-al-cantante\\\/\",\"url\":\"https:\\\/\\\/lobosnews.com.ar\\\/index.php\\\/2026\\\/09\\\/01\\\/el-ultimo-adios-a-miguel-zavaleta-familiares-y-amigos-del-rock-se-reunieron-para-despedir-al-cantante\\\/\",\"name\":\"El \u00faltimo adi\u00f3s a Miguel Zavaleta: familiares y amigos del rock se reunieron para despedir al cantante - Lobos News\",\"isPartOf\":{\"@id\":\"https:\\\/\\\/lobosnews.com.ar\\\/#website\"},\"primaryImageOfPage\":{\"@id\":\"https:\\\/\\\/lobosnews.com.ar\\\/index.php\\\/2026\\\/09\\\/01\\\/el-ultimo-adios-a-miguel-zavaleta-familiares-y-amigos-del-rock-se-reunieron-para-despedir-al-cantante\\\/#primaryimage\"},\"image\":{\"@id\":\"https:\\\/\\\/lobosnews.com.ar\\\/index.php\\\/2026\\\/09\\\/01\\\/el-ultimo-adios-a-miguel-zavaleta-familiares-y-amigos-del-rock-se-reunieron-para-despedir-al-cantante\\\/#primaryimage\"},\"thumbnailUrl\":\"https:\\\/\\\/lobosnews.com.ar\\\/wp-content\\\/uploads\\\/2026\\\/09\\\/el-ultimo-adios-a-miguel-zavaleta-familiares-y-amigos-del-rock-se-reunieron-para-despedir-al-cantante-34-scaled.jpg\",\"datePublished\":\"2026-09-01T19:00:19+00:00\",\"dateModified\":\"2026-09-01T23:24:39+00:00\",\"breadcrumb\":{\"@id\":\"https:\\\/\\\/lobosnews.com.ar\\\/index.php\\\/2026\\\/09\\\/01\\\/el-ultimo-adios-a-miguel-zavaleta-familiares-y-amigos-del-rock-se-reunieron-para-despedir-al-cantante\\\/#breadcrumb\"},\"inLanguage\":\"es\",\"potentialAction\":[{\"@type\":\"ReadAction\",\"target\":[\"https:\\\/\\\/lobosnews.com.ar\\\/index.php\\\/2026\\\/09\\\/01\\\/el-ultimo-adios-a-miguel-zavaleta-familiares-y-amigos-del-rock-se-reunieron-para-despedir-al-cantante\\\/\"]}]},{\"@type\":\"ImageObject\",\"inLanguage\":\"es\",\"@id\":\"https:\\\/\\\/lobosnews.com.ar\\\/index.php\\\/2026\\\/09\\\/01\\\/el-ultimo-adios-a-miguel-zavaleta-familiares-y-amigos-del-rock-se-reunieron-para-despedir-al-cantante\\\/#primaryimage\",\"url\":\"https:\\\/\\\/lobosnews.com.ar\\\/wp-content\\\/uploads\\\/2026\\\/09\\\/el-ultimo-adios-a-miguel-zavaleta-familiares-y-amigos-del-rock-se-reunieron-para-despedir-al-cantante-34-scaled.jpg\",\"contentUrl\":\"https:\\\/\\\/lobosnews.com.ar\\\/wp-content\\\/uploads\\\/2026\\\/09\\\/el-ultimo-adios-a-miguel-zavaleta-familiares-y-amigos-del-rock-se-reunieron-para-despedir-al-cantante-34-scaled.jpg\",\"width\":2560,\"height\":1706,\"caption\":\"El \u00faltimo adi\u00f3s a Miguel Zavaleta: familiares y amigos del rock se reunieron para despedir al cantante\"},{\"@type\":\"BreadcrumbList\",\"@id\":\"https:\\\/\\\/lobosnews.com.ar\\\/index.php\\\/2026\\\/09\\\/01\\\/el-ultimo-adios-a-miguel-zavaleta-familiares-y-amigos-del-rock-se-reunieron-para-despedir-al-cantante\\\/#breadcrumb\",\"itemListElement\":[{\"@type\":\"ListItem\",\"position\":1,\"name\":\"Portada\",\"item\":\"https:\\\/\\\/lobosnews.com.ar\\\/\"},{\"@type\":\"ListItem\",\"position\":2,\"name\":\"El \u00faltimo adi\u00f3s a Miguel Zavaleta: familiares y amigos del rock se reunieron para despedir al cantante\"}]},{\"@type\":\"WebSite\",\"@id\":\"https:\\\/\\\/lobosnews.com.ar\\\/#website\",\"url\":\"https:\\\/\\\/lobosnews.com.ar\\\/\",\"name\":\"Lobos News\",\"description\":\"Informaci\u00f3n a cada instante\",\"publisher\":{\"@id\":\"https:\\\/\\\/lobosnews.com.ar\\\/#organization\"},\"potentialAction\":[{\"@type\":\"SearchAction\",\"target\":{\"@type\":\"EntryPoint\",\"urlTemplate\":\"https:\\\/\\\/lobosnews.com.ar\\\/?s={search_term_string}\"},\"query-input\":{\"@type\":\"PropertyValueSpecification\",\"valueRequired\":true,\"valueName\":\"search_term_string\"}}],\"inLanguage\":\"es\"},{\"@type\":\"Organization\",\"@id\":\"https:\\\/\\\/lobosnews.com.ar\\\/#organization\",\"name\":\"Lobos News\",\"url\":\"https:\\\/\\\/lobosnews.com.ar\\\/\",\"logo\":{\"@type\":\"ImageObject\",\"inLanguage\":\"es\",\"@id\":\"https:\\\/\\\/lobosnews.com.ar\\\/#\\\/schema\\\/logo\\\/image\\\/\",\"url\":\"https:\\\/\\\/lobosnews.com.ar\\\/wp-content\\\/uploads\\\/2026\\\/01\\\/logo-lobosnews.png\",\"contentUrl\":\"https:\\\/\\\/lobosnews.com.ar\\\/wp-content\\\/uploads\\\/2026\\\/01\\\/logo-lobosnews.png\",\"width\":500,\"height\":200,\"caption\":\"Lobos News\"},\"image\":{\"@id\":\"https:\\\/\\\/lobosnews.com.ar\\\/#\\\/schema\\\/logo\\\/image\\\/\"}},{\"@type\":\"Person\",\"@id\":\"https:\\\/\\\/lobosnews.com.ar\\\/#\\\/schema\\\/person\\\/232422a593d5c541dd9aef6aaed10943\",\"name\":\"admin\",\"image\":{\"@type\":\"ImageObject\",\"inLanguage\":\"es\",\"@id\":\"https:\\\/\\\/secure.gravatar.com\\\/avatar\\\/76e419471a2083bc3ceab22a763dbbf9b0c1bd15a6214cf3280e2c2dde4580f9?s=96&d=mm&r=g\",\"url\":\"https:\\\/\\\/secure.gravatar.com\\\/avatar\\\/76e419471a2083bc3ceab22a763dbbf9b0c1bd15a6214cf3280e2c2dde4580f9?s=96&d=mm&r=g\",\"contentUrl\":\"https:\\\/\\\/secure.gravatar.com\\\/avatar\\\/76e419471a2083bc3ceab22a763dbbf9b0c1bd15a6214cf3280e2c2dde4580f9?s=96&d=mm&r=g\",\"caption\":\"admin\"},\"sameAs\":[\"https:\\\/\\\/lobosnews.com.ar\"],\"url\":\"https:\\\/\\\/lobosnews.com.ar\\\/index.php\\\/author\\\/lobos-news\\\/\"}]}<\/script>\n<!-- \/ Yoast SEO plugin. -->","yoast_head_json":{"title":"El \u00faltimo adi\u00f3s a Miguel Zavaleta: familiares y amigos del rock se reunieron para despedir al cantante - Lobos News","robots":{"index":"index","follow":"follow","max-snippet":"max-snippet:-1","max-image-preview":"max-image-preview:large","max-video-preview":"max-video-preview:-1"},"canonical":"https:\/\/lobosnews.com.ar\/index.php\/2026\/09\/01\/el-ultimo-adios-a-miguel-zavaleta-familiares-y-amigos-del-rock-se-reunieron-para-despedir-al-cantante\/","og_locale":"es_ES","og_type":"article","og_title":"El \u00faltimo adi\u00f3s a Miguel Zavaleta: familiares y amigos del rock se reunieron para despedir al cantante - Lobos News","og_description":"El Cementerio de la Chacarita fue el martes el \u00faltimo escenario para Miguel Zavaleta, el l\u00edder de Su\u00e9ter que muri\u00f3 el lunes 31 de agosto a los 71 a\u00f1os tras una larga batalla contra el c\u00e1ncer. Familiares, amigos y compa\u00f1eros de ruta lo despidieron con un responso en la capilla ardiente antes de que sus...","og_url":"https:\/\/lobosnews.com.ar\/index.php\/2026\/09\/01\/el-ultimo-adios-a-miguel-zavaleta-familiares-y-amigos-del-rock-se-reunieron-para-despedir-al-cantante\/","og_site_name":"Lobos News","article_published_time":"2026-09-01T19:00:19+00:00","article_modified_time":"2026-09-01T23:24:39+00:00","og_image":[{"width":2560,"height":1706,"url":"https:\/\/lobosnews.com.ar\/wp-content\/uploads\/2026\/09\/el-ultimo-adios-a-miguel-zavaleta-familiares-y-amigos-del-rock-se-reunieron-para-despedir-al-cantante-34-scaled.jpg","type":"image\/jpeg"}],"author":"admin","twitter_card":"summary_large_image","twitter_misc":{"Escrito por":"admin","Tiempo de lectura":"4 minutos"},"schema":{"@context":"https:\/\/schema.org","@graph":[{"@type":"Article","@id":"https:\/\/lobosnews.com.ar\/index.php\/2026\/09\/01\/el-ultimo-adios-a-miguel-zavaleta-familiares-y-amigos-del-rock-se-reunieron-para-despedir-al-cantante\/#article","isPartOf":{"@id":"https:\/\/lobosnews.com.ar\/index.php\/2026\/09\/01\/el-ultimo-adios-a-miguel-zavaleta-familiares-y-amigos-del-rock-se-reunieron-para-despedir-al-cantante\/"},"author":{"name":"admin","@id":"https:\/\/lobosnews.com.ar\/#\/schema\/person\/232422a593d5c541dd9aef6aaed10943"},"headline":"El \u00faltimo adi\u00f3s a Miguel Zavaleta: familiares y amigos del rock se reunieron para despedir al cantante","datePublished":"2026-09-01T19:00:19+00:00","dateModified":"2026-09-01T23:24:39+00:00","mainEntityOfPage":{"@id":"https:\/\/lobosnews.com.ar\/index.php\/2026\/09\/01\/el-ultimo-adios-a-miguel-zavaleta-familiares-y-amigos-del-rock-se-reunieron-para-despedir-al-cantante\/"},"wordCount":869,"commentCount":0,"publisher":{"@id":"https:\/\/lobosnews.com.ar\/#organization"},"image":{"@id":"https:\/\/lobosnews.com.ar\/index.php\/2026\/09\/01\/el-ultimo-adios-a-miguel-zavaleta-familiares-y-amigos-del-rock-se-reunieron-para-despedir-al-cantante\/#primaryimage"},"thumbnailUrl":"https:\/\/lobosnews.com.ar\/wp-content\/uploads\/2026\/09\/el-ultimo-adios-a-miguel-zavaleta-familiares-y-amigos-del-rock-se-reunieron-para-despedir-al-cantante-34-scaled.jpg","articleSection":["Cine y Series"],"inLanguage":"es","potentialAction":[{"@type":"CommentAction","name":"Comment","target":["https:\/\/lobosnews.com.ar\/index.php\/2026\/09\/01\/el-ultimo-adios-a-miguel-zavaleta-familiares-y-amigos-del-rock-se-reunieron-para-despedir-al-cantante\/#respond"]}]},{"@type":"WebPage","@id":"https:\/\/lobosnews.com.ar\/index.php\/2026\/09\/01\/el-ultimo-adios-a-miguel-zavaleta-familiares-y-amigos-del-rock-se-reunieron-para-despedir-al-cantante\/","url":"https:\/\/lobosnews.com.ar\/index.php\/2026\/09\/01\/el-ultimo-adios-a-miguel-zavaleta-familiares-y-amigos-del-rock-se-reunieron-para-despedir-al-cantante\/","name":"El \u00faltimo adi\u00f3s a Miguel Zavaleta: familiares y amigos del rock se reunieron para despedir al cantante - Lobos News","isPartOf":{"@id":"https:\/\/lobosnews.com.ar\/#website"},"primaryImageOfPage":{"@id":"https:\/\/lobosnews.com.ar\/index.php\/2026\/09\/01\/el-ultimo-adios-a-miguel-zavaleta-familiares-y-amigos-del-rock-se-reunieron-para-despedir-al-cantante\/#primaryimage"},"image":{"@id":"https:\/\/lobosnews.com.ar\/index.php\/2026\/09\/01\/el-ultimo-adios-a-miguel-zavaleta-familiares-y-amigos-del-rock-se-reunieron-para-despedir-al-cantante\/#primaryimage"},"thumbnailUrl":"https:\/\/lobosnews.com.ar\/wp-content\/uploads\/2026\/09\/el-ultimo-adios-a-miguel-zavaleta-familiares-y-amigos-del-rock-se-reunieron-para-despedir-al-cantante-34-scaled.jpg","datePublished":"2026-09-01T19:00:19+00:00","dateModified":"2026-09-01T23:24:39+00:00","breadcrumb":{"@id":"https:\/\/lobosnews.com.ar\/index.php\/2026\/09\/01\/el-ultimo-adios-a-miguel-zavaleta-familiares-y-amigos-del-rock-se-reunieron-para-despedir-al-cantante\/#breadcrumb"},"inLanguage":"es","potentialAction":[{"@type":"ReadAction","target":["https:\/\/lobosnews.com.ar\/index.php\/2026\/09\/01\/el-ultimo-adios-a-miguel-zavaleta-familiares-y-amigos-del-rock-se-reunieron-para-despedir-al-cantante\/"]}]},{"@type":"ImageObject","inLanguage":"es","@id":"https:\/\/lobosnews.com.ar\/index.php\/2026\/09\/01\/el-ultimo-adios-a-miguel-zavaleta-familiares-y-amigos-del-rock-se-reunieron-para-despedir-al-cantante\/#primaryimage","url":"https:\/\/lobosnews.com.ar\/wp-content\/uploads\/2026\/09\/el-ultimo-adios-a-miguel-zavaleta-familiares-y-amigos-del-rock-se-reunieron-para-despedir-al-cantante-34-scaled.jpg","contentUrl":"https:\/\/lobosnews.com.ar\/wp-content\/uploads\/2026\/09\/el-ultimo-adios-a-miguel-zavaleta-familiares-y-amigos-del-rock-se-reunieron-para-despedir-al-cantante-34-scaled.jpg","width":2560,"height":1706,"caption":"El \u00faltimo adi\u00f3s a Miguel Zavaleta: familiares y amigos del rock se reunieron para despedir al cantante"},{"@type":"BreadcrumbList","@id":"https:\/\/lobosnews.com.ar\/index.php\/2026\/09\/01\/el-ultimo-adios-a-miguel-zavaleta-familiares-y-amigos-del-rock-se-reunieron-para-despedir-al-cantante\/#breadcrumb","itemListElement":[{"@type":"ListItem","position":1,"name":"Portada","item":"https:\/\/lobosnews.com.ar\/"},{"@type":"ListItem","position":2,"name":"El \u00faltimo adi\u00f3s a Miguel Zavaleta: familiares y amigos del rock se reunieron para despedir al cantante"}]},{"@type":"WebSite","@id":"https:\/\/lobosnews.com.ar\/#website","url":"https:\/\/lobosnews.com.ar\/","name":"Lobos News","description":"Informaci\u00f3n a cada instante","publisher":{"@id":"https:\/\/lobosnews.com.ar\/#organization"},"potentialAction":[{"@type":"SearchAction","target":{"@type":"EntryPoint","urlTemplate":"https:\/\/lobosnews.com.ar\/?s={search_term_string}"},"query-input":{"@type":"PropertyValueSpecification","valueRequired":true,"valueName":"search_term_string"}}],"inLanguage":"es"},{"@type":"Organization","@id":"https:\/\/lobosnews.com.ar\/#organization","name":"Lobos News","url":"https:\/\/lobosnews.com.ar\/","logo":{"@type":"ImageObject","inLanguage":"es","@id":"https:\/\/lobosnews.com.ar\/#\/schema\/logo\/image\/","url":"https:\/\/lobosnews.com.ar\/wp-content\/uploads\/2026\/01\/logo-lobosnews.png","contentUrl":"https:\/\/lobosnews.com.ar\/wp-content\/uploads\/2026\/01\/logo-lobosnews.png","width":500,"height":200,"caption":"Lobos News"},"image":{"@id":"https:\/\/lobosnews.com.ar\/#\/schema\/logo\/image\/"}},{"@type":"Person","@id":"https:\/\/lobosnews.com.ar\/#\/schema\/person\/232422a593d5c541dd9aef6aaed10943","name":"admin","image":{"@type":"ImageObject","inLanguage":"es","@id":"https:\/\/secure.gravatar.com\/avatar\/76e419471a2083bc3ceab22a763dbbf9b0c1bd15a6214cf3280e2c2dde4580f9?s=96&d=mm&r=g","url":"https:\/\/secure.gravatar.com\/avatar\/76e419471a2083bc3ceab22a763dbbf9b0c1bd15a6214cf3280e2c2dde4580f9?s=96&d=mm&r=g","contentUrl":"https:\/\/secure.gravatar.com\/avatar\/76e419471a2083bc3ceab22a763dbbf9b0c1bd15a6214cf3280e2c2dde4580f9?s=96&d=mm&r=g","caption":"admin"},"sameAs":["https:\/\/lobosnews.com.ar"],"url":"https:\/\/lobosnews.com.ar\/index.php\/author\/lobos-news\/"}]}},"jetpack_featured_media_url":"https:\/\/lobosnews.com.ar\/wp-content\/uploads\/2026\/09\/el-ultimo-adios-a-miguel-zavaleta-familiares-y-amigos-del-rock-se-reunieron-para-despedir-al-cantante-34-scaled.jpg","jetpack_sharing_enabled":true,"_links":{"self":[{"href":"https:\/\/lobosnews.com.ar\/index.php\/wp-json\/wp\/v2\/posts\/96353","targetHints":{"allow":["GET"]}}],"collection":[{"href":"https:\/\/lobosnews.com.ar\/index.php\/wp-json\/wp\/v2\/posts"}],"about":[{"href":"https:\/\/lobosnews.com.ar\/index.php\/wp-json\/wp\/v2\/types\/post"}],"author":[{"embeddable":true,"href":"https:\/\/lobosnews.com.ar\/index.php\/wp-json\/wp\/v2\/users\/1"}],"replies":[{"embeddable":true,"href":"https:\/\/lobosnews.com.ar\/index.php\/wp-json\/wp\/v2\/comments?post=96353"}],"version-history":[{"count":1,"href":"https:\/\/lobosnews.com.ar\/index.php\/wp-json\/wp\/v2\/posts\/96353\/revisions"}],"predecessor-version":[{"id":96372,"href":"https:\/\/lobosnews.com.ar\/index.php\/wp-json\/wp\/v2\/posts\/96353\/revisions\/96372"}],"wp:featuredmedia":[{"embeddable":true,"href":"https:\/\/lobosnews.com.ar\/index.php\/wp-json\/wp\/v2\/media\/96373"}],"wp:attachment":[{"href":"https:\/\/lobosnews.com.ar\/index.php\/wp-json\/wp\/v2\/media?parent=96353"}],"wp:term":[{"taxonomy":"category","embeddable":true,"href":"https:\/\/lobosnews.com.ar\/index.php\/wp-json\/wp\/v2\/categories?post=96353"},{"taxonomy":"post_tag","embeddable":true,"href":"https:\/\/lobosnews.com.ar\/index.php\/wp-json\/wp\/v2\/tags?post=96353"}],"curies":[{"name":"wp","href":"https:\/\/api.w.org\/{rel}","templated":true}]}}