{"id":96326,"date":"2026-09-01T21:44:10","date_gmt":"2026-09-01T21:44:10","guid":{"rendered":"https:\/\/lobosnews.com.ar\/?p=96326"},"modified":"2026-09-01T23:23:51","modified_gmt":"2026-09-01T23:23:51","slug":"emprendimientos-privados-buscan-espacio-en-cuba-frente-a-la-escasez-y-las-restricciones","status":"publish","type":"post","link":"https:\/\/lobosnews.com.ar\/index.php\/2026\/09\/01\/emprendimientos-privados-buscan-espacio-en-cuba-frente-a-la-escasez-y-las-restricciones\/","title":{"rendered":"Emprendimientos privados buscan espacio en Cuba frente a la escasez y las restricciones"},"content":{"rendered":"<p><img loading=\"lazy\" decoding=\"async\" src=\"https:\/\/lobosnews.com.ar\/wp-content\/uploads\/2026\/09\/emprendimientos-privados-buscan-espacio-en-cuba-frente-a-la-escasez-y-las-restricciones.jpg\" alt=\"Varias personas caminan bajo el cartel que anuncia la existencia de una tienda de comestibles privada en La Habana, Cuba, el 11 de noviembre de 2023. En los \u00faltimos meses, en toda la isla han surgido decenas de negocios bautizados como \u201cmipymes\u201d, que ofrecen verdaderos tesoros, aunque a precios elevados para la mayor\u00eda de la poblaci\u00f3n. (AP Foto\/Ram\u00f3n Espinosa)\" height=\"1080\" width=\"1920\"\/><\/p>\n<p>La ciudad Ciego de \u00c1vila,<b> <\/b>en el centro de <b>Cuba<\/b>,<b> contar\u00e1 desde este lunes con un emprendimiento privado que reunir\u00e1 servicios \u00f3pticos, gastronom\u00eda y comercio de art\u00edculos religiosos<\/b>, en medio de la crisis econ\u00f3mica que atraviesa la isla y de las reformas que ampliaron el margen de acci\u00f3n para las micro, peque\u00f1as y medianas empresas privadas.<\/p>\n<p>La entidad fue constituida como una Sociedad Unipersonal de Responsabilidad Limitada (SURL) y tendr\u00e1 sucursales en los municipios de Mor\u00f3n y Ciro Redondo. Su actividad principal ser\u00e1 la atenci\u00f3n \u00f3ptica, aunque sumar\u00e1 otros servicios que hasta hace poco enfrentaban mayores restricciones para los actores no estatales.<\/p>\n<p>El emprendimiento surge en un escenario marcado por <b>escasez de bienes b\u00e1sicos, inflaci\u00f3n, apagones prolongados y dificultades de acceso a insumos<\/b>, seg\u00fan informes de medios internacionales y cubanos. Esa situaci\u00f3n tambi\u00e9n afecta a los servicios de salud visual, de acuerdo con Jos\u00e9 Antonio Herrera Porro, socio principal de Avilea y especialista en Oftalmolog\u00eda.<\/p>\n<p>\u201cNos percatamos que hab\u00eda mucha debilidad en ese sentido por las condiciones que todos conocemos\u201d, afirm\u00f3 Herrera Porro a la Agencia Cubana de Noticias (ACN), en alusi\u00f3n a la falta de recursos para responder a la demanda de la poblaci\u00f3n.<\/p>\n<p><img loading=\"lazy\" decoding=\"async\" src=\"https:\/\/lobosnews.com.ar\/wp-content\/uploads\/2026\/09\/emprendimientos-privados-buscan-espacio-en-cuba-frente-a-la-escasez-y-las-restricciones-1.jpg\" alt=\"El establecimiento Avilea \u00d3ptica ofrece servicios de atenci\u00f3n visual y venta de monturas en la ciudad de Ciego de \u00c1vila, Cuba. (Agencia Cubana de Noticias: foto de Dami\u00e1n Betanzos Hern\u00e1ndez))\" height=\"466\" width=\"720\"\/><\/p>\n<h2>Las 176 medidas abrieron nuevas opciones para las mipymes<\/h2>\n<p>La apertura de Avilea coincide con la puesta en marcha de parte de las <b>176 medidas econ\u00f3micas y sociales<\/b> aprobadas por el r\u00e9gimen cubano en junio. El paquete busca reordenar sectores productivos, facilitar tr\u00e1mites y dar mayor espacio a las formas de gesti\u00f3n no estatal, aunque bajo supervisi\u00f3n oficial y con l\u00edmites regulatorios.<\/p>\n<p>La medida 26 permite que cooperativas, mipymes y otras formas de gesti\u00f3n no estatal incorporen actividades productivas y de servicios adicionales sin abandonar su objeto social principal. En este caso, la empresa mantendr\u00e1 la \u00f3ptica como eje de su operaci\u00f3n y a\u00f1adir\u00e1 propuestas comerciales y culturales.<\/p>\n<p>Las medidas 19 y 27 tambi\u00e9n resultaron centrales para el proyecto. La primera reduce requisitos, plazos y tr\u00e1mites vinculados con la creaci\u00f3n y funcionamiento de negocios privados. La segunda acorta la lista de actividades vedadas a los actores econ\u00f3micos no estatales.<\/p>\n<p><img loading=\"lazy\" decoding=\"async\" src=\"https:\/\/lobosnews.com.ar\/wp-content\/uploads\/2026\/09\/emprendimientos-privados-buscan-espacio-en-cuba-frente-a-la-escasez-y-las-restricciones-2.jpg\" alt=\"El establecimiento Avilea \u00d3ptica ofrece servicios de atenci\u00f3n visual y venta de monturas en la ciudad de Ciego de \u00c1vila, Cuba. (Agencia Cubana de Noticias: foto de Dami\u00e1n Betanzos Hern\u00e1ndez))\" height=\"466\" width=\"720\"\/><\/p>\n<p>El r\u00e9gimen de <b>Miguel D\u00edaz-Canel<\/b> present\u00f3 esas disposiciones como una v\u00eda para tratar de aumentar la producci\u00f3n, incorporar inversiones y aliviar obst\u00e1culos administrativos. Un despacho de <span class=\"waslinkname\">UPI sobre la autorizaci\u00f3n de cadenas privadas de comercios y restaurantes en Cuba<\/span> se\u00f1al\u00f3 que las reformas llegan mientras la isla enfrenta una crisis con desabastecimiento, aumento de precios y fallas en el sistema el\u00e9ctrico.<\/p>\n<p>El paquete incluye medidas que habilitan una mayor expansi\u00f3n de los negocios privados, como la operaci\u00f3n de varias sedes bajo una misma marca y el arrendamiento de espacios estatales. Las nuevas normas prev\u00e9n cambios en las reglas para las mipymes, el comercio exterior y el sistema financiero.<\/p>\n<h2>Servicios \u00f3pticos, cafeter\u00eda y un proyecto para ceremonias religiosas<\/h2>\n<p>En el caso de Avilea, el comercio recibir\u00e1 recetas emitidas por policl\u00ednicos y hospitales del Sistema Nacional de Salud. Ofrecer\u00e1 espejuelos y lentes de contacto personalizados, con asesoramiento para cada cliente, de acuerdo con la informaci\u00f3n divulgada por ACN.<\/p>\n<p>La empresa tambi\u00e9n vender\u00e1 bebidas, refrescos y productos empaquetados para quienes esperen la atenci\u00f3n \u00f3ptica. Sus responsables prev\u00e9n ampliar esa oferta hacia una cafeter\u00eda, aunque no precisaron una fecha para esa etapa.<\/p>\n<p>El proyecto incluye la apertura de una tienda de art\u00edculos religiosos en la ciudad y gestiones ante el Consejo Provincial de las Artes Esc\u00e9nicas para alquilar el espacio conocido como Palenque Pose\u00eddo, junto al Teatro Iriondo. All\u00ed planean instalar un sal\u00f3n para ceremonias religiosas, con asesor\u00eda cultural y folcl\u00f3rica.<\/p>\n<p><img loading=\"lazy\" decoding=\"async\" src=\"https:\/\/lobosnews.com.ar\/wp-content\/uploads\/2026\/09\/emprendimientos-privados-buscan-espacio-en-cuba-frente-a-la-escasez-y-las-restricciones-3.jpg\" alt=\"Foto de archivo ilustrativa de una comerciante con una m\u00e1scara protectora en un negocio en La Habana. Mar 13, 2020. REUTERS\/Stringer PROHIBIDA SU REVENTA O SU USO COMO ARCHIVO\" height=\"485\" width=\"728\"\/><\/p>\n<p>Herrera Porro defini\u00f3 la iniciativa como un negocio con \u201cun abanico de actividades sociales\u201d. La propuesta condensa el nuevo marco que promueven las autoridades: negocios privados con actividades diversas, presencia en varios municipios y uso de locales estatales, dentro de una econom\u00eda que conserva el control del r\u00e9gimen sobre \u00e1reas estrat\u00e9gicas.<\/p>\n","protected":false},"excerpt":{"rendered":"<p>La ciudad Ciego de \u00c1vila, en el centro de Cuba, contar\u00e1 desde este lunes con un emprendimiento privado que reunir\u00e1 servicios \u00f3pticos, gastronom\u00eda y comercio de art\u00edculos religiosos, en medio de la crisis econ\u00f3mica que atraviesa la isla y de las reformas que ampliaron el margen de acci\u00f3n para las micro, peque\u00f1as y medianas empresas&#8230;<\/p>\n","protected":false},"author":1,"featured_media":96332,"comment_status":"open","ping_status":"closed","sticky":false,"template":"","format":"standard","meta":{"_jetpack_newsletter_access":"","_jetpack_dont_email_post_to_subs":false,"_jetpack_newsletter_tier_id":0,"_jetpack_memberships_contains_paywalled_content":false,"_jetpack_memberships_contains_paid_content":false,"footnotes":"","jetpack_post_was_ever_published":false},"categories":[31],"tags":[],"class_list":["post-96326","post","type-post","status-publish","format-standard","has-post-thumbnail","hentry","category-actualidad"],"magazineBlocksPostFeaturedMedia":{"thumbnail":"https:\/\/lobosnews.com.ar\/wp-content\/uploads\/2026\/09\/emprendimientos-privados-buscan-espacio-en-cuba-frente-a-la-escasez-y-las-restricciones-6-150x150.jpg","medium":"https:\/\/lobosnews.com.ar\/wp-content\/uploads\/2026\/09\/emprendimientos-privados-buscan-espacio-en-cuba-frente-a-la-escasez-y-las-restricciones-6-300x200.jpg","medium_large":"https:\/\/lobosnews.com.ar\/wp-content\/uploads\/2026\/09\/emprendimientos-privados-buscan-espacio-en-cuba-frente-a-la-escasez-y-las-restricciones-6.jpg","large":"https:\/\/lobosnews.com.ar\/wp-content\/uploads\/2026\/09\/emprendimientos-privados-buscan-espacio-en-cuba-frente-a-la-escasez-y-las-restricciones-6.jpg","1536x1536":"https:\/\/lobosnews.com.ar\/wp-content\/uploads\/2026\/09\/emprendimientos-privados-buscan-espacio-en-cuba-frente-a-la-escasez-y-las-restricciones-6.jpg","2048x2048":"https:\/\/lobosnews.com.ar\/wp-content\/uploads\/2026\/09\/emprendimientos-privados-buscan-espacio-en-cuba-frente-a-la-escasez-y-las-restricciones-6.jpg","newsmatic-featured":"https:\/\/lobosnews.com.ar\/wp-content\/uploads\/2026\/09\/emprendimientos-privados-buscan-espacio-en-cuba-frente-a-la-escasez-y-las-restricciones-6.jpg","newsmatic-list":"https:\/\/lobosnews.com.ar\/wp-content\/uploads\/2026\/09\/emprendimientos-privados-buscan-espacio-en-cuba-frente-a-la-escasez-y-las-restricciones-6-600x400.jpg","newsmatic-thumb":"https:\/\/lobosnews.com.ar\/wp-content\/uploads\/2026\/09\/emprendimientos-privados-buscan-espacio-en-cuba-frente-a-la-escasez-y-las-restricciones-6-300x200.jpg","newsmatic-small":"https:\/\/lobosnews.com.ar\/wp-content\/uploads\/2026\/09\/emprendimientos-privados-buscan-espacio-en-cuba-frente-a-la-escasez-y-las-restricciones-6-150x95.jpg","newsmatic-grid":"https:\/\/lobosnews.com.ar\/wp-content\/uploads\/2026\/09\/emprendimientos-privados-buscan-espacio-en-cuba-frente-a-la-escasez-y-las-restricciones-6-400x250.jpg"},"magazineBlocksPostAuthor":{"name":"admin","avatar":"https:\/\/secure.gravatar.com\/avatar\/76e419471a2083bc3ceab22a763dbbf9b0c1bd15a6214cf3280e2c2dde4580f9?s=96&d=mm&r=g"},"magazineBlocksPostCommentsNumber":"0","magazineBlocksPostExcerpt":"La ciudad Ciego de \u00c1vila, en el centro de Cuba, contar\u00e1 desde este lunes con un emprendimiento privado que reunir\u00e1 servicios \u00f3pticos, gastronom\u00eda y comercio de art\u00edculos religiosos, en medio de la crisis econ\u00f3mica que atraviesa la isla y de las reformas que ampliaron el margen de acci\u00f3n para las micro, peque\u00f1as y medianas empresas...","magazineBlocksPostCategories":["Actualidad"],"magazineBlocksPostViewCount":84,"magazineBlocksPostReadTime":4,"magazine_blocks_featured_image_url":{"full":["https:\/\/lobosnews.com.ar\/wp-content\/uploads\/2026\/09\/emprendimientos-privados-buscan-espacio-en-cuba-frente-a-la-escasez-y-las-restricciones-6.jpg",728,485,false],"medium":["https:\/\/lobosnews.com.ar\/wp-content\/uploads\/2026\/09\/emprendimientos-privados-buscan-espacio-en-cuba-frente-a-la-escasez-y-las-restricciones-6-300x200.jpg",300,200,true],"thumbnail":["https:\/\/lobosnews.com.ar\/wp-content\/uploads\/2026\/09\/emprendimientos-privados-buscan-espacio-en-cuba-frente-a-la-escasez-y-las-restricciones-6-150x150.jpg",150,150,true]},"magazine_blocks_author":{"display_name":"admin","author_link":"https:\/\/lobosnews.com.ar\/index.php\/author\/lobos-news\/"},"magazine_blocks_comment":0,"magazine_blocks_author_image":"https:\/\/secure.gravatar.com\/avatar\/76e419471a2083bc3ceab22a763dbbf9b0c1bd15a6214cf3280e2c2dde4580f9?s=96&d=mm&r=g","magazine_blocks_category":"<a href=\"#\" class=\"category-link category-link-31\">Actualidad<\/a>","yoast_head":"<!-- This site is optimized with the Yoast SEO plugin v28.0 - https:\/\/yoast.com\/product\/yoast-seo-wordpress\/ -->\n<title>Emprendimientos privados buscan espacio en Cuba frente a la escasez y las restricciones - Lobos News<\/title>\n<meta name=\"robots\" content=\"index, follow, max-snippet:-1, max-image-preview:large, max-video-preview:-1\" \/>\n<link rel=\"canonical\" href=\"https:\/\/lobosnews.com.ar\/index.php\/2026\/09\/01\/emprendimientos-privados-buscan-espacio-en-cuba-frente-a-la-escasez-y-las-restricciones\/\" \/>\n<meta property=\"og:locale\" content=\"es_ES\" \/>\n<meta property=\"og:type\" content=\"article\" \/>\n<meta property=\"og:title\" content=\"Emprendimientos privados buscan espacio en Cuba frente a la escasez y las restricciones - Lobos News\" \/>\n<meta property=\"og:description\" content=\"La ciudad Ciego de \u00c1vila, en el centro de Cuba, contar\u00e1 desde este lunes con un emprendimiento privado que reunir\u00e1 servicios \u00f3pticos, gastronom\u00eda y comercio de art\u00edculos religiosos, en medio de la crisis econ\u00f3mica que atraviesa la isla y de las reformas que ampliaron el margen de acci\u00f3n para las micro, peque\u00f1as y medianas empresas...\" \/>\n<meta property=\"og:url\" content=\"https:\/\/lobosnews.com.ar\/index.php\/2026\/09\/01\/emprendimientos-privados-buscan-espacio-en-cuba-frente-a-la-escasez-y-las-restricciones\/\" \/>\n<meta property=\"og:site_name\" content=\"Lobos News\" \/>\n<meta property=\"article:published_time\" content=\"2026-09-01T21:44:10+00:00\" \/>\n<meta property=\"article:modified_time\" content=\"2026-09-01T23:23:51+00:00\" \/>\n<meta property=\"og:image\" content=\"https:\/\/lobosnews.com.ar\/wp-content\/uploads\/2026\/09\/emprendimientos-privados-buscan-espacio-en-cuba-frente-a-la-escasez-y-las-restricciones-6.jpg\" \/>\n\t<meta property=\"og:image:width\" content=\"728\" \/>\n\t<meta property=\"og:image:height\" content=\"485\" \/>\n\t<meta property=\"og:image:type\" content=\"image\/jpeg\" \/>\n<meta name=\"author\" content=\"admin\" \/>\n<meta name=\"twitter:card\" content=\"summary_large_image\" \/>\n<meta name=\"twitter:label1\" content=\"Escrito por\" \/>\n\t<meta name=\"twitter:data1\" content=\"admin\" \/>\n\t<meta name=\"twitter:label2\" content=\"Tiempo de lectura\" \/>\n\t<meta name=\"twitter:data2\" content=\"3 minutos\" \/>\n<script type=\"application\/ld+json\" class=\"yoast-schema-graph\">{\"@context\":\"https:\\\/\\\/schema.org\",\"@graph\":[{\"@type\":\"Article\",\"@id\":\"https:\\\/\\\/lobosnews.com.ar\\\/index.php\\\/2026\\\/09\\\/01\\\/emprendimientos-privados-buscan-espacio-en-cuba-frente-a-la-escasez-y-las-restricciones\\\/#article\",\"isPartOf\":{\"@id\":\"https:\\\/\\\/lobosnews.com.ar\\\/index.php\\\/2026\\\/09\\\/01\\\/emprendimientos-privados-buscan-espacio-en-cuba-frente-a-la-escasez-y-las-restricciones\\\/\"},\"author\":{\"name\":\"admin\",\"@id\":\"https:\\\/\\\/lobosnews.com.ar\\\/#\\\/schema\\\/person\\\/232422a593d5c541dd9aef6aaed10943\"},\"headline\":\"Emprendimientos privados buscan espacio en Cuba frente a la escasez y las restricciones\",\"datePublished\":\"2026-09-01T21:44:10+00:00\",\"dateModified\":\"2026-09-01T23:23:51+00:00\",\"mainEntityOfPage\":{\"@id\":\"https:\\\/\\\/lobosnews.com.ar\\\/index.php\\\/2026\\\/09\\\/01\\\/emprendimientos-privados-buscan-espacio-en-cuba-frente-a-la-escasez-y-las-restricciones\\\/\"},\"wordCount\":696,\"commentCount\":0,\"publisher\":{\"@id\":\"https:\\\/\\\/lobosnews.com.ar\\\/#organization\"},\"image\":{\"@id\":\"https:\\\/\\\/lobosnews.com.ar\\\/index.php\\\/2026\\\/09\\\/01\\\/emprendimientos-privados-buscan-espacio-en-cuba-frente-a-la-escasez-y-las-restricciones\\\/#primaryimage\"},\"thumbnailUrl\":\"https:\\\/\\\/lobosnews.com.ar\\\/wp-content\\\/uploads\\\/2026\\\/09\\\/emprendimientos-privados-buscan-espacio-en-cuba-frente-a-la-escasez-y-las-restricciones-6.jpg\",\"articleSection\":[\"Actualidad\"],\"inLanguage\":\"es\",\"potentialAction\":[{\"@type\":\"CommentAction\",\"name\":\"Comment\",\"target\":[\"https:\\\/\\\/lobosnews.com.ar\\\/index.php\\\/2026\\\/09\\\/01\\\/emprendimientos-privados-buscan-espacio-en-cuba-frente-a-la-escasez-y-las-restricciones\\\/#respond\"]}]},{\"@type\":\"WebPage\",\"@id\":\"https:\\\/\\\/lobosnews.com.ar\\\/index.php\\\/2026\\\/09\\\/01\\\/emprendimientos-privados-buscan-espacio-en-cuba-frente-a-la-escasez-y-las-restricciones\\\/\",\"url\":\"https:\\\/\\\/lobosnews.com.ar\\\/index.php\\\/2026\\\/09\\\/01\\\/emprendimientos-privados-buscan-espacio-en-cuba-frente-a-la-escasez-y-las-restricciones\\\/\",\"name\":\"Emprendimientos privados buscan espacio en Cuba frente a la escasez y las restricciones - Lobos News\",\"isPartOf\":{\"@id\":\"https:\\\/\\\/lobosnews.com.ar\\\/#website\"},\"primaryImageOfPage\":{\"@id\":\"https:\\\/\\\/lobosnews.com.ar\\\/index.php\\\/2026\\\/09\\\/01\\\/emprendimientos-privados-buscan-espacio-en-cuba-frente-a-la-escasez-y-las-restricciones\\\/#primaryimage\"},\"image\":{\"@id\":\"https:\\\/\\\/lobosnews.com.ar\\\/index.php\\\/2026\\\/09\\\/01\\\/emprendimientos-privados-buscan-espacio-en-cuba-frente-a-la-escasez-y-las-restricciones\\\/#primaryimage\"},\"thumbnailUrl\":\"https:\\\/\\\/lobosnews.com.ar\\\/wp-content\\\/uploads\\\/2026\\\/09\\\/emprendimientos-privados-buscan-espacio-en-cuba-frente-a-la-escasez-y-las-restricciones-6.jpg\",\"datePublished\":\"2026-09-01T21:44:10+00:00\",\"dateModified\":\"2026-09-01T23:23:51+00:00\",\"breadcrumb\":{\"@id\":\"https:\\\/\\\/lobosnews.com.ar\\\/index.php\\\/2026\\\/09\\\/01\\\/emprendimientos-privados-buscan-espacio-en-cuba-frente-a-la-escasez-y-las-restricciones\\\/#breadcrumb\"},\"inLanguage\":\"es\",\"potentialAction\":[{\"@type\":\"ReadAction\",\"target\":[\"https:\\\/\\\/lobosnews.com.ar\\\/index.php\\\/2026\\\/09\\\/01\\\/emprendimientos-privados-buscan-espacio-en-cuba-frente-a-la-escasez-y-las-restricciones\\\/\"]}]},{\"@type\":\"ImageObject\",\"inLanguage\":\"es\",\"@id\":\"https:\\\/\\\/lobosnews.com.ar\\\/index.php\\\/2026\\\/09\\\/01\\\/emprendimientos-privados-buscan-espacio-en-cuba-frente-a-la-escasez-y-las-restricciones\\\/#primaryimage\",\"url\":\"https:\\\/\\\/lobosnews.com.ar\\\/wp-content\\\/uploads\\\/2026\\\/09\\\/emprendimientos-privados-buscan-espacio-en-cuba-frente-a-la-escasez-y-las-restricciones-6.jpg\",\"contentUrl\":\"https:\\\/\\\/lobosnews.com.ar\\\/wp-content\\\/uploads\\\/2026\\\/09\\\/emprendimientos-privados-buscan-espacio-en-cuba-frente-a-la-escasez-y-las-restricciones-6.jpg\",\"width\":728,\"height\":485,\"caption\":\"Emprendimientos privados buscan espacio en Cuba frente a la escasez y las restricciones\"},{\"@type\":\"BreadcrumbList\",\"@id\":\"https:\\\/\\\/lobosnews.com.ar\\\/index.php\\\/2026\\\/09\\\/01\\\/emprendimientos-privados-buscan-espacio-en-cuba-frente-a-la-escasez-y-las-restricciones\\\/#breadcrumb\",\"itemListElement\":[{\"@type\":\"ListItem\",\"position\":1,\"name\":\"Portada\",\"item\":\"https:\\\/\\\/lobosnews.com.ar\\\/\"},{\"@type\":\"ListItem\",\"position\":2,\"name\":\"Emprendimientos privados buscan espacio en Cuba frente a la escasez y las restricciones\"}]},{\"@type\":\"WebSite\",\"@id\":\"https:\\\/\\\/lobosnews.com.ar\\\/#website\",\"url\":\"https:\\\/\\\/lobosnews.com.ar\\\/\",\"name\":\"Lobos News\",\"description\":\"Informaci\u00f3n a cada instante\",\"publisher\":{\"@id\":\"https:\\\/\\\/lobosnews.com.ar\\\/#organization\"},\"potentialAction\":[{\"@type\":\"SearchAction\",\"target\":{\"@type\":\"EntryPoint\",\"urlTemplate\":\"https:\\\/\\\/lobosnews.com.ar\\\/?s={search_term_string}\"},\"query-input\":{\"@type\":\"PropertyValueSpecification\",\"valueRequired\":true,\"valueName\":\"search_term_string\"}}],\"inLanguage\":\"es\"},{\"@type\":\"Organization\",\"@id\":\"https:\\\/\\\/lobosnews.com.ar\\\/#organization\",\"name\":\"Lobos News\",\"url\":\"https:\\\/\\\/lobosnews.com.ar\\\/\",\"logo\":{\"@type\":\"ImageObject\",\"inLanguage\":\"es\",\"@id\":\"https:\\\/\\\/lobosnews.com.ar\\\/#\\\/schema\\\/logo\\\/image\\\/\",\"url\":\"https:\\\/\\\/lobosnews.com.ar\\\/wp-content\\\/uploads\\\/2026\\\/01\\\/logo-lobosnews.png\",\"contentUrl\":\"https:\\\/\\\/lobosnews.com.ar\\\/wp-content\\\/uploads\\\/2026\\\/01\\\/logo-lobosnews.png\",\"width\":500,\"height\":200,\"caption\":\"Lobos News\"},\"image\":{\"@id\":\"https:\\\/\\\/lobosnews.com.ar\\\/#\\\/schema\\\/logo\\\/image\\\/\"}},{\"@type\":\"Person\",\"@id\":\"https:\\\/\\\/lobosnews.com.ar\\\/#\\\/schema\\\/person\\\/232422a593d5c541dd9aef6aaed10943\",\"name\":\"admin\",\"image\":{\"@type\":\"ImageObject\",\"inLanguage\":\"es\",\"@id\":\"https:\\\/\\\/secure.gravatar.com\\\/avatar\\\/76e419471a2083bc3ceab22a763dbbf9b0c1bd15a6214cf3280e2c2dde4580f9?s=96&d=mm&r=g\",\"url\":\"https:\\\/\\\/secure.gravatar.com\\\/avatar\\\/76e419471a2083bc3ceab22a763dbbf9b0c1bd15a6214cf3280e2c2dde4580f9?s=96&d=mm&r=g\",\"contentUrl\":\"https:\\\/\\\/secure.gravatar.com\\\/avatar\\\/76e419471a2083bc3ceab22a763dbbf9b0c1bd15a6214cf3280e2c2dde4580f9?s=96&d=mm&r=g\",\"caption\":\"admin\"},\"sameAs\":[\"https:\\\/\\\/lobosnews.com.ar\"],\"url\":\"https:\\\/\\\/lobosnews.com.ar\\\/index.php\\\/author\\\/lobos-news\\\/\"}]}<\/script>\n<!-- \/ Yoast SEO plugin. -->","yoast_head_json":{"title":"Emprendimientos privados buscan espacio en Cuba frente a la escasez y las restricciones - Lobos News","robots":{"index":"index","follow":"follow","max-snippet":"max-snippet:-1","max-image-preview":"max-image-preview:large","max-video-preview":"max-video-preview:-1"},"canonical":"https:\/\/lobosnews.com.ar\/index.php\/2026\/09\/01\/emprendimientos-privados-buscan-espacio-en-cuba-frente-a-la-escasez-y-las-restricciones\/","og_locale":"es_ES","og_type":"article","og_title":"Emprendimientos privados buscan espacio en Cuba frente a la escasez y las restricciones - Lobos News","og_description":"La ciudad Ciego de \u00c1vila, en el centro de Cuba, contar\u00e1 desde este lunes con un emprendimiento privado que reunir\u00e1 servicios \u00f3pticos, gastronom\u00eda y comercio de art\u00edculos religiosos, en medio de la crisis econ\u00f3mica que atraviesa la isla y de las reformas que ampliaron el margen de acci\u00f3n para las micro, peque\u00f1as y medianas empresas...","og_url":"https:\/\/lobosnews.com.ar\/index.php\/2026\/09\/01\/emprendimientos-privados-buscan-espacio-en-cuba-frente-a-la-escasez-y-las-restricciones\/","og_site_name":"Lobos News","article_published_time":"2026-09-01T21:44:10+00:00","article_modified_time":"2026-09-01T23:23:51+00:00","og_image":[{"width":728,"height":485,"url":"https:\/\/lobosnews.com.ar\/wp-content\/uploads\/2026\/09\/emprendimientos-privados-buscan-espacio-en-cuba-frente-a-la-escasez-y-las-restricciones-6.jpg","type":"image\/jpeg"}],"author":"admin","twitter_card":"summary_large_image","twitter_misc":{"Escrito por":"admin","Tiempo de lectura":"3 minutos"},"schema":{"@context":"https:\/\/schema.org","@graph":[{"@type":"Article","@id":"https:\/\/lobosnews.com.ar\/index.php\/2026\/09\/01\/emprendimientos-privados-buscan-espacio-en-cuba-frente-a-la-escasez-y-las-restricciones\/#article","isPartOf":{"@id":"https:\/\/lobosnews.com.ar\/index.php\/2026\/09\/01\/emprendimientos-privados-buscan-espacio-en-cuba-frente-a-la-escasez-y-las-restricciones\/"},"author":{"name":"admin","@id":"https:\/\/lobosnews.com.ar\/#\/schema\/person\/232422a593d5c541dd9aef6aaed10943"},"headline":"Emprendimientos privados buscan espacio en Cuba frente a la escasez y las restricciones","datePublished":"2026-09-01T21:44:10+00:00","dateModified":"2026-09-01T23:23:51+00:00","mainEntityOfPage":{"@id":"https:\/\/lobosnews.com.ar\/index.php\/2026\/09\/01\/emprendimientos-privados-buscan-espacio-en-cuba-frente-a-la-escasez-y-las-restricciones\/"},"wordCount":696,"commentCount":0,"publisher":{"@id":"https:\/\/lobosnews.com.ar\/#organization"},"image":{"@id":"https:\/\/lobosnews.com.ar\/index.php\/2026\/09\/01\/emprendimientos-privados-buscan-espacio-en-cuba-frente-a-la-escasez-y-las-restricciones\/#primaryimage"},"thumbnailUrl":"https:\/\/lobosnews.com.ar\/wp-content\/uploads\/2026\/09\/emprendimientos-privados-buscan-espacio-en-cuba-frente-a-la-escasez-y-las-restricciones-6.jpg","articleSection":["Actualidad"],"inLanguage":"es","potentialAction":[{"@type":"CommentAction","name":"Comment","target":["https:\/\/lobosnews.com.ar\/index.php\/2026\/09\/01\/emprendimientos-privados-buscan-espacio-en-cuba-frente-a-la-escasez-y-las-restricciones\/#respond"]}]},{"@type":"WebPage","@id":"https:\/\/lobosnews.com.ar\/index.php\/2026\/09\/01\/emprendimientos-privados-buscan-espacio-en-cuba-frente-a-la-escasez-y-las-restricciones\/","url":"https:\/\/lobosnews.com.ar\/index.php\/2026\/09\/01\/emprendimientos-privados-buscan-espacio-en-cuba-frente-a-la-escasez-y-las-restricciones\/","name":"Emprendimientos privados buscan espacio en Cuba frente a la escasez y las restricciones - Lobos News","isPartOf":{"@id":"https:\/\/lobosnews.com.ar\/#website"},"primaryImageOfPage":{"@id":"https:\/\/lobosnews.com.ar\/index.php\/2026\/09\/01\/emprendimientos-privados-buscan-espacio-en-cuba-frente-a-la-escasez-y-las-restricciones\/#primaryimage"},"image":{"@id":"https:\/\/lobosnews.com.ar\/index.php\/2026\/09\/01\/emprendimientos-privados-buscan-espacio-en-cuba-frente-a-la-escasez-y-las-restricciones\/#primaryimage"},"thumbnailUrl":"https:\/\/lobosnews.com.ar\/wp-content\/uploads\/2026\/09\/emprendimientos-privados-buscan-espacio-en-cuba-frente-a-la-escasez-y-las-restricciones-6.jpg","datePublished":"2026-09-01T21:44:10+00:00","dateModified":"2026-09-01T23:23:51+00:00","breadcrumb":{"@id":"https:\/\/lobosnews.com.ar\/index.php\/2026\/09\/01\/emprendimientos-privados-buscan-espacio-en-cuba-frente-a-la-escasez-y-las-restricciones\/#breadcrumb"},"inLanguage":"es","potentialAction":[{"@type":"ReadAction","target":["https:\/\/lobosnews.com.ar\/index.php\/2026\/09\/01\/emprendimientos-privados-buscan-espacio-en-cuba-frente-a-la-escasez-y-las-restricciones\/"]}]},{"@type":"ImageObject","inLanguage":"es","@id":"https:\/\/lobosnews.com.ar\/index.php\/2026\/09\/01\/emprendimientos-privados-buscan-espacio-en-cuba-frente-a-la-escasez-y-las-restricciones\/#primaryimage","url":"https:\/\/lobosnews.com.ar\/wp-content\/uploads\/2026\/09\/emprendimientos-privados-buscan-espacio-en-cuba-frente-a-la-escasez-y-las-restricciones-6.jpg","contentUrl":"https:\/\/lobosnews.com.ar\/wp-content\/uploads\/2026\/09\/emprendimientos-privados-buscan-espacio-en-cuba-frente-a-la-escasez-y-las-restricciones-6.jpg","width":728,"height":485,"caption":"Emprendimientos privados buscan espacio en Cuba frente a la escasez y las restricciones"},{"@type":"BreadcrumbList","@id":"https:\/\/lobosnews.com.ar\/index.php\/2026\/09\/01\/emprendimientos-privados-buscan-espacio-en-cuba-frente-a-la-escasez-y-las-restricciones\/#breadcrumb","itemListElement":[{"@type":"ListItem","position":1,"name":"Portada","item":"https:\/\/lobosnews.com.ar\/"},{"@type":"ListItem","position":2,"name":"Emprendimientos privados buscan espacio en Cuba frente a la escasez y las restricciones"}]},{"@type":"WebSite","@id":"https:\/\/lobosnews.com.ar\/#website","url":"https:\/\/lobosnews.com.ar\/","name":"Lobos News","description":"Informaci\u00f3n a cada instante","publisher":{"@id":"https:\/\/lobosnews.com.ar\/#organization"},"potentialAction":[{"@type":"SearchAction","target":{"@type":"EntryPoint","urlTemplate":"https:\/\/lobosnews.com.ar\/?s={search_term_string}"},"query-input":{"@type":"PropertyValueSpecification","valueRequired":true,"valueName":"search_term_string"}}],"inLanguage":"es"},{"@type":"Organization","@id":"https:\/\/lobosnews.com.ar\/#organization","name":"Lobos News","url":"https:\/\/lobosnews.com.ar\/","logo":{"@type":"ImageObject","inLanguage":"es","@id":"https:\/\/lobosnews.com.ar\/#\/schema\/logo\/image\/","url":"https:\/\/lobosnews.com.ar\/wp-content\/uploads\/2026\/01\/logo-lobosnews.png","contentUrl":"https:\/\/lobosnews.com.ar\/wp-content\/uploads\/2026\/01\/logo-lobosnews.png","width":500,"height":200,"caption":"Lobos News"},"image":{"@id":"https:\/\/lobosnews.com.ar\/#\/schema\/logo\/image\/"}},{"@type":"Person","@id":"https:\/\/lobosnews.com.ar\/#\/schema\/person\/232422a593d5c541dd9aef6aaed10943","name":"admin","image":{"@type":"ImageObject","inLanguage":"es","@id":"https:\/\/secure.gravatar.com\/avatar\/76e419471a2083bc3ceab22a763dbbf9b0c1bd15a6214cf3280e2c2dde4580f9?s=96&d=mm&r=g","url":"https:\/\/secure.gravatar.com\/avatar\/76e419471a2083bc3ceab22a763dbbf9b0c1bd15a6214cf3280e2c2dde4580f9?s=96&d=mm&r=g","contentUrl":"https:\/\/secure.gravatar.com\/avatar\/76e419471a2083bc3ceab22a763dbbf9b0c1bd15a6214cf3280e2c2dde4580f9?s=96&d=mm&r=g","caption":"admin"},"sameAs":["https:\/\/lobosnews.com.ar"],"url":"https:\/\/lobosnews.com.ar\/index.php\/author\/lobos-news\/"}]}},"jetpack_featured_media_url":"https:\/\/lobosnews.com.ar\/wp-content\/uploads\/2026\/09\/emprendimientos-privados-buscan-espacio-en-cuba-frente-a-la-escasez-y-las-restricciones-6.jpg","jetpack_sharing_enabled":true,"_links":{"self":[{"href":"https:\/\/lobosnews.com.ar\/index.php\/wp-json\/wp\/v2\/posts\/96326","targetHints":{"allow":["GET"]}}],"collection":[{"href":"https:\/\/lobosnews.com.ar\/index.php\/wp-json\/wp\/v2\/posts"}],"about":[{"href":"https:\/\/lobosnews.com.ar\/index.php\/wp-json\/wp\/v2\/types\/post"}],"author":[{"embeddable":true,"href":"https:\/\/lobosnews.com.ar\/index.php\/wp-json\/wp\/v2\/users\/1"}],"replies":[{"embeddable":true,"href":"https:\/\/lobosnews.com.ar\/index.php\/wp-json\/wp\/v2\/comments?post=96326"}],"version-history":[{"count":1,"href":"https:\/\/lobosnews.com.ar\/index.php\/wp-json\/wp\/v2\/posts\/96326\/revisions"}],"predecessor-version":[{"id":96331,"href":"https:\/\/lobosnews.com.ar\/index.php\/wp-json\/wp\/v2\/posts\/96326\/revisions\/96331"}],"wp:featuredmedia":[{"embeddable":true,"href":"https:\/\/lobosnews.com.ar\/index.php\/wp-json\/wp\/v2\/media\/96332"}],"wp:attachment":[{"href":"https:\/\/lobosnews.com.ar\/index.php\/wp-json\/wp\/v2\/media?parent=96326"}],"wp:term":[{"taxonomy":"category","embeddable":true,"href":"https:\/\/lobosnews.com.ar\/index.php\/wp-json\/wp\/v2\/categories?post=96326"},{"taxonomy":"post_tag","embeddable":true,"href":"https:\/\/lobosnews.com.ar\/index.php\/wp-json\/wp\/v2\/tags?post=96326"}],"curies":[{"name":"wp","href":"https:\/\/api.w.org\/{rel}","templated":true}]}}