{"id":96312,"date":"2026-09-01T21:19:48","date_gmt":"2026-09-01T21:19:48","guid":{"rendered":"https:\/\/lobosnews.com.ar\/?p=96312"},"modified":"2026-09-01T23:23:43","modified_gmt":"2026-09-01T23:23:43","slug":"giro-inesperado-en-el-futuro-de-mauro-icardi-la-oferta-que-puso-en-pausa-sobre-el-cierre-del-mercado-de-pases","status":"publish","type":"post","link":"https:\/\/lobosnews.com.ar\/index.php\/2026\/09\/01\/giro-inesperado-en-el-futuro-de-mauro-icardi-la-oferta-que-puso-en-pausa-sobre-el-cierre-del-mercado-de-pases\/","title":{"rendered":"Giro inesperado en el futuro de Mauro Icardi: la oferta que puso en pausa sobre el cierre del mercado de pases"},"content":{"rendered":"<p><img loading=\"lazy\" decoding=\"async\" src=\"https:\/\/lobosnews.com.ar\/wp-content\/uploads\/2026\/09\/giro-inesperado-en-el-futuro-de-mauro-icardi-la-oferta-que-puso-en-pausa-sobre-el-cierre-del-mercado-de-pases.jpg\" alt=\"Icardi, en su \u00faltima temporada con el Galatasaray (Grosby)\" height=\"1080\" width=\"1920\"\/><\/p>\n<p><b>Mauro Icardi rechaz\u00f3 la oferta de la Lazio<\/b> en el \u00faltimo d\u00eda del mercado europeo. El delantero argentino, libre desde su salida del <b>Galatasaray<\/b>, declin\u00f3 <span class=\"waslinkname\">la propuesta que el club romano hab\u00eda puesto sobre la mesa<\/span> \u2014un contrato de tres a\u00f1os a 3 millones de euros por temporada\u2014 y dej\u00f3 al director deportivo <b>Angelo Fabiani<\/b> con las manos vac\u00edas en el cierre de la ventana, seg\u00fan inform\u00f3 el periodista <b>Nicol\u00f2 Schira<\/b>, especializado en el mercado de pases. Sin embargo, el v\u00ednculo entre ambas partes no est\u00e1 roto: Fabiani podr\u00eda retomar el contacto con el entorno del jugador, dado que tiene un margen extra de decisi\u00f3n porque se trata de un agente libre. <\/p>\n<p>Las palabras del agente <b>Letterio Pino<\/b> ante los micr\u00f3fonos de <i>Sky Sport<\/i> alimentaron esa lectura. Ambiguas, pero no terminantes: \u201cEstamos considerando seriamente a la Lazio porque ser\u00eda la elecci\u00f3n de un club incre\u00edble\u201d, afirm\u00f3 el lunes el representante. El margen es estrecho, pero la puerta sigue entreabierta.<\/p>\n<p>Las dudas del rosarino se vinculan con la ausencia del club en competiciones europeas y el nivel del plantel. Sin embargo, la <b>Lazio<\/b> incorpor\u00f3 a <b>Davide Frattesi<\/b>, <b>Josip Sutalo<\/b> y <b>Andrea Pinamonti<\/b>, tres refuerzos que modificaron la ecuaci\u00f3n deportiva del equipo de <b>Rino Gattuso<\/b>. El debut con victoria ante el <b>Bologna<\/b> en la primera fecha de la Serie A acompa\u00f1\u00f3 esa mejora.<\/p>\n<h2>Icardi sigue sin club y la Serie A es su destino preferido<\/h2>\n<p>El factor que mantiene viva cualquier posibilidad es que el delantero, de 33 a\u00f1os, a\u00fan no lleg\u00f3 a un acuerdo con ning\u00fan equipo. Nunca ocult\u00f3 su preferencia por volver a <b>Italia<\/b>, y la Lazio, pese al rechazo de este martes, sigue siendo la plaza m\u00e1s concreta para cumplir ese objetivo. Al tratarse de un <b>agente libre<\/b>, puede firmar m\u00e1s all\u00e1 del cierre formal del mercado, lo que le da tiempo a ambas partes para seguir negociando.<\/p>\n<p>El elenco romano fue uno de los que m\u00e1s se interes\u00f3 por el punta. Hace un par de semanas, hab\u00eda ofertado dos millones y medio de d\u00f3lares por un contrato por un a\u00f1o. Ahora, ampli\u00f3 la propuesta a dos a\u00f1os y tres millones por temporada. Vale recordar que el argentino, de 33 a\u00f1os, percib\u00eda USD 10 millones por per\u00edodo en<b> Galatasaray<\/b>.<\/p>\n<p>Las variantes en el Viejo Continente se fueron acotando para el rosarino. La <b>Fiorentina<\/b> lo ten\u00eda en carpeta: su director deportivo,<b> Fabio Paratici<\/b>, lo quer\u00eda como reemplazante de <b>Moise Kean<\/b>, quien se marcha al <b>Como<\/b> por 35 millones de euros. El directivo ya lo hab\u00eda querido llevar a la Juventus. No obstante, el club eligi\u00f3 otros nombres. El <b>Olympiacos<\/b>, el <b>Besiktas<\/b> y el<b> Real Betis<\/b> tambi\u00e9n fueron opci\u00f3n, pero no avanzaron. <\/p>\n<p>En Sudam\u00e9rica lo sondearon <b>Vasco da Gama y<\/b> <b>San Pablo<\/b>. Tambi\u00e9n fue ofrecido en <b>Boca Juniors<\/b> y <b>River Plate<\/b>. Platense so\u00f1\u00f3 con sus servicios. La mira de Icardi permaneci\u00f3 en Europa. De hecho, las pertenencias de su mansi\u00f3n en Estambul las traslad\u00f3 a Italia.<\/p>\n<p>La salida del <b>Galatasaray<\/b> result\u00f3 agitada. Seg\u00fan el portal turco <i>Fanatik<\/i>, el propio jugador confes\u00f3 ante su entorno que \u201cno merec\u00eda lo que le hicieron\u201d y que estaba \u201cmuy decepcionado con el presidente y el entrenador\u201d del club. El detonante fue la propuesta de renovaci\u00f3n que le acercaron: una reducci\u00f3n del 50% de su salario y apenas un a\u00f1o de contrato. Icardi, que en <b>Turqu\u00eda<\/b> marc\u00f3 77 goles, reparti\u00f3 25 asistencias y levant\u00f3 seis t\u00edtulos de liga en 134 partidos, se march\u00f3 en silencio y hasta rechaz\u00f3 la idea de un cotejo despedida.<\/p>\n<p>Hoy, el ex <b>Inter<\/b>, <b>Sampdoria<\/b> y<b> PSG<\/b> espera por su pr\u00f3ximo destino. \u00bfSer\u00e1 la<b> Lazio<\/b>? \u00bfO tendr\u00e1 otra chance en carpeta que a\u00fan no sali\u00f3 a la superficie?<\/p>\n","protected":false},"excerpt":{"rendered":"<p>Mauro Icardi rechaz\u00f3 la oferta de la Lazio en el \u00faltimo d\u00eda del mercado europeo. El delantero argentino, libre desde su salida del Galatasaray, declin\u00f3 la propuesta que el club romano hab\u00eda puesto sobre la mesa \u2014un contrato de tres a\u00f1os a 3 millones de euros por temporada\u2014 y dej\u00f3 al director deportivo Angelo Fabiani&#8230;<\/p>\n","protected":false},"author":1,"featured_media":0,"comment_status":"open","ping_status":"closed","sticky":false,"template":"","format":"standard","meta":{"_jetpack_newsletter_access":"","_jetpack_dont_email_post_to_subs":false,"_jetpack_newsletter_tier_id":0,"_jetpack_memberships_contains_paywalled_content":false,"_jetpack_memberships_contains_paid_content":false,"footnotes":"","jetpack_post_was_ever_published":false},"categories":[30],"tags":[39],"class_list":["post-96312","post","type-post","status-publish","format-standard","hentry","category-argentina","tag-deportes"],"magazineBlocksPostFeaturedMedia":{"thumbnail":false,"medium":false,"medium_large":false,"large":false,"1536x1536":false,"2048x2048":false,"newsmatic-featured":false,"newsmatic-list":false,"newsmatic-thumb":false,"newsmatic-small":false,"newsmatic-grid":false},"magazineBlocksPostAuthor":{"name":"admin","avatar":"https:\/\/secure.gravatar.com\/avatar\/76e419471a2083bc3ceab22a763dbbf9b0c1bd15a6214cf3280e2c2dde4580f9?s=96&d=mm&r=g"},"magazineBlocksPostCommentsNumber":"0","magazineBlocksPostExcerpt":"Mauro Icardi rechaz\u00f3 la oferta de la Lazio en el \u00faltimo d\u00eda del mercado europeo. El delantero argentino, libre desde su salida del Galatasaray, declin\u00f3 la propuesta que el club romano hab\u00eda puesto sobre la mesa \u2014un contrato de tres a\u00f1os a 3 millones de euros por temporada\u2014 y dej\u00f3 al director deportivo Angelo Fabiani...","magazineBlocksPostCategories":["Argentina"],"magazineBlocksPostViewCount":77,"magazineBlocksPostReadTime":4,"magazine_blocks_featured_image_url":{"full":false,"medium":false,"thumbnail":false},"magazine_blocks_author":{"display_name":"admin","author_link":"https:\/\/lobosnews.com.ar\/index.php\/author\/lobos-news\/"},"magazine_blocks_comment":0,"magazine_blocks_author_image":"https:\/\/secure.gravatar.com\/avatar\/76e419471a2083bc3ceab22a763dbbf9b0c1bd15a6214cf3280e2c2dde4580f9?s=96&d=mm&r=g","magazine_blocks_category":"<a href=\"#\" class=\"category-link category-link-30\">Argentina<\/a>","yoast_head":"<!-- This site is optimized with the Yoast SEO plugin v28.0 - https:\/\/yoast.com\/product\/yoast-seo-wordpress\/ -->\n<title>Giro inesperado en el futuro de Mauro Icardi: la oferta que puso en pausa sobre el cierre del mercado de pases - Lobos News<\/title>\n<meta name=\"robots\" content=\"index, follow, max-snippet:-1, max-image-preview:large, max-video-preview:-1\" \/>\n<link rel=\"canonical\" href=\"https:\/\/lobosnews.com.ar\/index.php\/2026\/09\/01\/giro-inesperado-en-el-futuro-de-mauro-icardi-la-oferta-que-puso-en-pausa-sobre-el-cierre-del-mercado-de-pases\/\" \/>\n<meta property=\"og:locale\" content=\"es_ES\" \/>\n<meta property=\"og:type\" content=\"article\" \/>\n<meta property=\"og:title\" content=\"Giro inesperado en el futuro de Mauro Icardi: la oferta que puso en pausa sobre el cierre del mercado de pases - Lobos News\" \/>\n<meta property=\"og:description\" content=\"Mauro Icardi rechaz\u00f3 la oferta de la Lazio en el \u00faltimo d\u00eda del mercado europeo. El delantero argentino, libre desde su salida del Galatasaray, declin\u00f3 la propuesta que el club romano hab\u00eda puesto sobre la mesa \u2014un contrato de tres a\u00f1os a 3 millones de euros por temporada\u2014 y dej\u00f3 al director deportivo Angelo Fabiani...\" \/>\n<meta property=\"og:url\" content=\"https:\/\/lobosnews.com.ar\/index.php\/2026\/09\/01\/giro-inesperado-en-el-futuro-de-mauro-icardi-la-oferta-que-puso-en-pausa-sobre-el-cierre-del-mercado-de-pases\/\" \/>\n<meta property=\"og:site_name\" content=\"Lobos News\" \/>\n<meta property=\"article:published_time\" content=\"2026-09-01T21:19:48+00:00\" \/>\n<meta property=\"article:modified_time\" content=\"2026-09-01T23:23:43+00:00\" \/>\n<meta property=\"og:image\" content=\"https:\/\/lobosnews.com.ar\/wp-content\/uploads\/2026\/09\/giro-inesperado-en-el-futuro-de-mauro-icardi-la-oferta-que-puso-en-pausa-sobre-el-cierre-del-mercado-de-pases.jpg\" \/>\n<meta name=\"author\" content=\"admin\" \/>\n<meta name=\"twitter:card\" content=\"summary_large_image\" \/>\n<meta name=\"twitter:label1\" content=\"Escrito por\" \/>\n\t<meta name=\"twitter:data1\" content=\"admin\" \/>\n\t<meta name=\"twitter:label2\" content=\"Tiempo de lectura\" \/>\n\t<meta name=\"twitter:data2\" content=\"3 minutos\" \/>\n<script type=\"application\/ld+json\" class=\"yoast-schema-graph\">{\"@context\":\"https:\\\/\\\/schema.org\",\"@graph\":[{\"@type\":\"Article\",\"@id\":\"https:\\\/\\\/lobosnews.com.ar\\\/index.php\\\/2026\\\/09\\\/01\\\/giro-inesperado-en-el-futuro-de-mauro-icardi-la-oferta-que-puso-en-pausa-sobre-el-cierre-del-mercado-de-pases\\\/#article\",\"isPartOf\":{\"@id\":\"https:\\\/\\\/lobosnews.com.ar\\\/index.php\\\/2026\\\/09\\\/01\\\/giro-inesperado-en-el-futuro-de-mauro-icardi-la-oferta-que-puso-en-pausa-sobre-el-cierre-del-mercado-de-pases\\\/\"},\"author\":{\"name\":\"admin\",\"@id\":\"https:\\\/\\\/lobosnews.com.ar\\\/#\\\/schema\\\/person\\\/232422a593d5c541dd9aef6aaed10943\"},\"headline\":\"Giro inesperado en el futuro de Mauro Icardi: la oferta que puso en pausa sobre el cierre del mercado de pases\",\"datePublished\":\"2026-09-01T21:19:48+00:00\",\"dateModified\":\"2026-09-01T23:23:43+00:00\",\"mainEntityOfPage\":{\"@id\":\"https:\\\/\\\/lobosnews.com.ar\\\/index.php\\\/2026\\\/09\\\/01\\\/giro-inesperado-en-el-futuro-de-mauro-icardi-la-oferta-que-puso-en-pausa-sobre-el-cierre-del-mercado-de-pases\\\/\"},\"wordCount\":661,\"commentCount\":0,\"publisher\":{\"@id\":\"https:\\\/\\\/lobosnews.com.ar\\\/#organization\"},\"image\":{\"@id\":\"https:\\\/\\\/lobosnews.com.ar\\\/index.php\\\/2026\\\/09\\\/01\\\/giro-inesperado-en-el-futuro-de-mauro-icardi-la-oferta-que-puso-en-pausa-sobre-el-cierre-del-mercado-de-pases\\\/#primaryimage\"},\"thumbnailUrl\":\"https:\\\/\\\/lobosnews.com.ar\\\/wp-content\\\/uploads\\\/2026\\\/09\\\/giro-inesperado-en-el-futuro-de-mauro-icardi-la-oferta-que-puso-en-pausa-sobre-el-cierre-del-mercado-de-pases.jpg\",\"keywords\":[\"Deportes\"],\"articleSection\":[\"Argentina\"],\"inLanguage\":\"es\",\"potentialAction\":[{\"@type\":\"CommentAction\",\"name\":\"Comment\",\"target\":[\"https:\\\/\\\/lobosnews.com.ar\\\/index.php\\\/2026\\\/09\\\/01\\\/giro-inesperado-en-el-futuro-de-mauro-icardi-la-oferta-que-puso-en-pausa-sobre-el-cierre-del-mercado-de-pases\\\/#respond\"]}]},{\"@type\":\"WebPage\",\"@id\":\"https:\\\/\\\/lobosnews.com.ar\\\/index.php\\\/2026\\\/09\\\/01\\\/giro-inesperado-en-el-futuro-de-mauro-icardi-la-oferta-que-puso-en-pausa-sobre-el-cierre-del-mercado-de-pases\\\/\",\"url\":\"https:\\\/\\\/lobosnews.com.ar\\\/index.php\\\/2026\\\/09\\\/01\\\/giro-inesperado-en-el-futuro-de-mauro-icardi-la-oferta-que-puso-en-pausa-sobre-el-cierre-del-mercado-de-pases\\\/\",\"name\":\"Giro inesperado en el futuro de Mauro Icardi: la oferta que puso en pausa sobre el cierre del mercado de pases - Lobos News\",\"isPartOf\":{\"@id\":\"https:\\\/\\\/lobosnews.com.ar\\\/#website\"},\"primaryImageOfPage\":{\"@id\":\"https:\\\/\\\/lobosnews.com.ar\\\/index.php\\\/2026\\\/09\\\/01\\\/giro-inesperado-en-el-futuro-de-mauro-icardi-la-oferta-que-puso-en-pausa-sobre-el-cierre-del-mercado-de-pases\\\/#primaryimage\"},\"image\":{\"@id\":\"https:\\\/\\\/lobosnews.com.ar\\\/index.php\\\/2026\\\/09\\\/01\\\/giro-inesperado-en-el-futuro-de-mauro-icardi-la-oferta-que-puso-en-pausa-sobre-el-cierre-del-mercado-de-pases\\\/#primaryimage\"},\"thumbnailUrl\":\"https:\\\/\\\/lobosnews.com.ar\\\/wp-content\\\/uploads\\\/2026\\\/09\\\/giro-inesperado-en-el-futuro-de-mauro-icardi-la-oferta-que-puso-en-pausa-sobre-el-cierre-del-mercado-de-pases.jpg\",\"datePublished\":\"2026-09-01T21:19:48+00:00\",\"dateModified\":\"2026-09-01T23:23:43+00:00\",\"breadcrumb\":{\"@id\":\"https:\\\/\\\/lobosnews.com.ar\\\/index.php\\\/2026\\\/09\\\/01\\\/giro-inesperado-en-el-futuro-de-mauro-icardi-la-oferta-que-puso-en-pausa-sobre-el-cierre-del-mercado-de-pases\\\/#breadcrumb\"},\"inLanguage\":\"es\",\"potentialAction\":[{\"@type\":\"ReadAction\",\"target\":[\"https:\\\/\\\/lobosnews.com.ar\\\/index.php\\\/2026\\\/09\\\/01\\\/giro-inesperado-en-el-futuro-de-mauro-icardi-la-oferta-que-puso-en-pausa-sobre-el-cierre-del-mercado-de-pases\\\/\"]}]},{\"@type\":\"ImageObject\",\"inLanguage\":\"es\",\"@id\":\"https:\\\/\\\/lobosnews.com.ar\\\/index.php\\\/2026\\\/09\\\/01\\\/giro-inesperado-en-el-futuro-de-mauro-icardi-la-oferta-que-puso-en-pausa-sobre-el-cierre-del-mercado-de-pases\\\/#primaryimage\",\"url\":\"https:\\\/\\\/lobosnews.com.ar\\\/wp-content\\\/uploads\\\/2026\\\/09\\\/giro-inesperado-en-el-futuro-de-mauro-icardi-la-oferta-que-puso-en-pausa-sobre-el-cierre-del-mercado-de-pases.jpg\",\"contentUrl\":\"https:\\\/\\\/lobosnews.com.ar\\\/wp-content\\\/uploads\\\/2026\\\/09\\\/giro-inesperado-en-el-futuro-de-mauro-icardi-la-oferta-que-puso-en-pausa-sobre-el-cierre-del-mercado-de-pases.jpg\",\"width\":1920,\"height\":1080},{\"@type\":\"BreadcrumbList\",\"@id\":\"https:\\\/\\\/lobosnews.com.ar\\\/index.php\\\/2026\\\/09\\\/01\\\/giro-inesperado-en-el-futuro-de-mauro-icardi-la-oferta-que-puso-en-pausa-sobre-el-cierre-del-mercado-de-pases\\\/#breadcrumb\",\"itemListElement\":[{\"@type\":\"ListItem\",\"position\":1,\"name\":\"Portada\",\"item\":\"https:\\\/\\\/lobosnews.com.ar\\\/\"},{\"@type\":\"ListItem\",\"position\":2,\"name\":\"Giro inesperado en el futuro de Mauro Icardi: la oferta que puso en pausa sobre el cierre del mercado de pases\"}]},{\"@type\":\"WebSite\",\"@id\":\"https:\\\/\\\/lobosnews.com.ar\\\/#website\",\"url\":\"https:\\\/\\\/lobosnews.com.ar\\\/\",\"name\":\"Lobos News\",\"description\":\"Informaci\u00f3n a cada instante\",\"publisher\":{\"@id\":\"https:\\\/\\\/lobosnews.com.ar\\\/#organization\"},\"potentialAction\":[{\"@type\":\"SearchAction\",\"target\":{\"@type\":\"EntryPoint\",\"urlTemplate\":\"https:\\\/\\\/lobosnews.com.ar\\\/?s={search_term_string}\"},\"query-input\":{\"@type\":\"PropertyValueSpecification\",\"valueRequired\":true,\"valueName\":\"search_term_string\"}}],\"inLanguage\":\"es\"},{\"@type\":\"Organization\",\"@id\":\"https:\\\/\\\/lobosnews.com.ar\\\/#organization\",\"name\":\"Lobos News\",\"url\":\"https:\\\/\\\/lobosnews.com.ar\\\/\",\"logo\":{\"@type\":\"ImageObject\",\"inLanguage\":\"es\",\"@id\":\"https:\\\/\\\/lobosnews.com.ar\\\/#\\\/schema\\\/logo\\\/image\\\/\",\"url\":\"https:\\\/\\\/lobosnews.com.ar\\\/wp-content\\\/uploads\\\/2026\\\/01\\\/logo-lobosnews.png\",\"contentUrl\":\"https:\\\/\\\/lobosnews.com.ar\\\/wp-content\\\/uploads\\\/2026\\\/01\\\/logo-lobosnews.png\",\"width\":500,\"height\":200,\"caption\":\"Lobos News\"},\"image\":{\"@id\":\"https:\\\/\\\/lobosnews.com.ar\\\/#\\\/schema\\\/logo\\\/image\\\/\"}},{\"@type\":\"Person\",\"@id\":\"https:\\\/\\\/lobosnews.com.ar\\\/#\\\/schema\\\/person\\\/232422a593d5c541dd9aef6aaed10943\",\"name\":\"admin\",\"image\":{\"@type\":\"ImageObject\",\"inLanguage\":\"es\",\"@id\":\"https:\\\/\\\/secure.gravatar.com\\\/avatar\\\/76e419471a2083bc3ceab22a763dbbf9b0c1bd15a6214cf3280e2c2dde4580f9?s=96&d=mm&r=g\",\"url\":\"https:\\\/\\\/secure.gravatar.com\\\/avatar\\\/76e419471a2083bc3ceab22a763dbbf9b0c1bd15a6214cf3280e2c2dde4580f9?s=96&d=mm&r=g\",\"contentUrl\":\"https:\\\/\\\/secure.gravatar.com\\\/avatar\\\/76e419471a2083bc3ceab22a763dbbf9b0c1bd15a6214cf3280e2c2dde4580f9?s=96&d=mm&r=g\",\"caption\":\"admin\"},\"sameAs\":[\"https:\\\/\\\/lobosnews.com.ar\"],\"url\":\"https:\\\/\\\/lobosnews.com.ar\\\/index.php\\\/author\\\/lobos-news\\\/\"}]}<\/script>\n<!-- \/ Yoast SEO plugin. -->","yoast_head_json":{"title":"Giro inesperado en el futuro de Mauro Icardi: la oferta que puso en pausa sobre el cierre del mercado de pases - Lobos News","robots":{"index":"index","follow":"follow","max-snippet":"max-snippet:-1","max-image-preview":"max-image-preview:large","max-video-preview":"max-video-preview:-1"},"canonical":"https:\/\/lobosnews.com.ar\/index.php\/2026\/09\/01\/giro-inesperado-en-el-futuro-de-mauro-icardi-la-oferta-que-puso-en-pausa-sobre-el-cierre-del-mercado-de-pases\/","og_locale":"es_ES","og_type":"article","og_title":"Giro inesperado en el futuro de Mauro Icardi: la oferta que puso en pausa sobre el cierre del mercado de pases - Lobos News","og_description":"Mauro Icardi rechaz\u00f3 la oferta de la Lazio en el \u00faltimo d\u00eda del mercado europeo. El delantero argentino, libre desde su salida del Galatasaray, declin\u00f3 la propuesta que el club romano hab\u00eda puesto sobre la mesa \u2014un contrato de tres a\u00f1os a 3 millones de euros por temporada\u2014 y dej\u00f3 al director deportivo Angelo Fabiani...","og_url":"https:\/\/lobosnews.com.ar\/index.php\/2026\/09\/01\/giro-inesperado-en-el-futuro-de-mauro-icardi-la-oferta-que-puso-en-pausa-sobre-el-cierre-del-mercado-de-pases\/","og_site_name":"Lobos News","article_published_time":"2026-09-01T21:19:48+00:00","article_modified_time":"2026-09-01T23:23:43+00:00","og_image":[{"url":"https:\/\/lobosnews.com.ar\/wp-content\/uploads\/2026\/09\/giro-inesperado-en-el-futuro-de-mauro-icardi-la-oferta-que-puso-en-pausa-sobre-el-cierre-del-mercado-de-pases.jpg","type":"","width":"","height":""}],"author":"admin","twitter_card":"summary_large_image","twitter_misc":{"Escrito por":"admin","Tiempo de lectura":"3 minutos"},"schema":{"@context":"https:\/\/schema.org","@graph":[{"@type":"Article","@id":"https:\/\/lobosnews.com.ar\/index.php\/2026\/09\/01\/giro-inesperado-en-el-futuro-de-mauro-icardi-la-oferta-que-puso-en-pausa-sobre-el-cierre-del-mercado-de-pases\/#article","isPartOf":{"@id":"https:\/\/lobosnews.com.ar\/index.php\/2026\/09\/01\/giro-inesperado-en-el-futuro-de-mauro-icardi-la-oferta-que-puso-en-pausa-sobre-el-cierre-del-mercado-de-pases\/"},"author":{"name":"admin","@id":"https:\/\/lobosnews.com.ar\/#\/schema\/person\/232422a593d5c541dd9aef6aaed10943"},"headline":"Giro inesperado en el futuro de Mauro Icardi: la oferta que puso en pausa sobre el cierre del mercado de pases","datePublished":"2026-09-01T21:19:48+00:00","dateModified":"2026-09-01T23:23:43+00:00","mainEntityOfPage":{"@id":"https:\/\/lobosnews.com.ar\/index.php\/2026\/09\/01\/giro-inesperado-en-el-futuro-de-mauro-icardi-la-oferta-que-puso-en-pausa-sobre-el-cierre-del-mercado-de-pases\/"},"wordCount":661,"commentCount":0,"publisher":{"@id":"https:\/\/lobosnews.com.ar\/#organization"},"image":{"@id":"https:\/\/lobosnews.com.ar\/index.php\/2026\/09\/01\/giro-inesperado-en-el-futuro-de-mauro-icardi-la-oferta-que-puso-en-pausa-sobre-el-cierre-del-mercado-de-pases\/#primaryimage"},"thumbnailUrl":"https:\/\/lobosnews.com.ar\/wp-content\/uploads\/2026\/09\/giro-inesperado-en-el-futuro-de-mauro-icardi-la-oferta-que-puso-en-pausa-sobre-el-cierre-del-mercado-de-pases.jpg","keywords":["Deportes"],"articleSection":["Argentina"],"inLanguage":"es","potentialAction":[{"@type":"CommentAction","name":"Comment","target":["https:\/\/lobosnews.com.ar\/index.php\/2026\/09\/01\/giro-inesperado-en-el-futuro-de-mauro-icardi-la-oferta-que-puso-en-pausa-sobre-el-cierre-del-mercado-de-pases\/#respond"]}]},{"@type":"WebPage","@id":"https:\/\/lobosnews.com.ar\/index.php\/2026\/09\/01\/giro-inesperado-en-el-futuro-de-mauro-icardi-la-oferta-que-puso-en-pausa-sobre-el-cierre-del-mercado-de-pases\/","url":"https:\/\/lobosnews.com.ar\/index.php\/2026\/09\/01\/giro-inesperado-en-el-futuro-de-mauro-icardi-la-oferta-que-puso-en-pausa-sobre-el-cierre-del-mercado-de-pases\/","name":"Giro inesperado en el futuro de Mauro Icardi: la oferta que puso en pausa sobre el cierre del mercado de pases - Lobos News","isPartOf":{"@id":"https:\/\/lobosnews.com.ar\/#website"},"primaryImageOfPage":{"@id":"https:\/\/lobosnews.com.ar\/index.php\/2026\/09\/01\/giro-inesperado-en-el-futuro-de-mauro-icardi-la-oferta-que-puso-en-pausa-sobre-el-cierre-del-mercado-de-pases\/#primaryimage"},"image":{"@id":"https:\/\/lobosnews.com.ar\/index.php\/2026\/09\/01\/giro-inesperado-en-el-futuro-de-mauro-icardi-la-oferta-que-puso-en-pausa-sobre-el-cierre-del-mercado-de-pases\/#primaryimage"},"thumbnailUrl":"https:\/\/lobosnews.com.ar\/wp-content\/uploads\/2026\/09\/giro-inesperado-en-el-futuro-de-mauro-icardi-la-oferta-que-puso-en-pausa-sobre-el-cierre-del-mercado-de-pases.jpg","datePublished":"2026-09-01T21:19:48+00:00","dateModified":"2026-09-01T23:23:43+00:00","breadcrumb":{"@id":"https:\/\/lobosnews.com.ar\/index.php\/2026\/09\/01\/giro-inesperado-en-el-futuro-de-mauro-icardi-la-oferta-que-puso-en-pausa-sobre-el-cierre-del-mercado-de-pases\/#breadcrumb"},"inLanguage":"es","potentialAction":[{"@type":"ReadAction","target":["https:\/\/lobosnews.com.ar\/index.php\/2026\/09\/01\/giro-inesperado-en-el-futuro-de-mauro-icardi-la-oferta-que-puso-en-pausa-sobre-el-cierre-del-mercado-de-pases\/"]}]},{"@type":"ImageObject","inLanguage":"es","@id":"https:\/\/lobosnews.com.ar\/index.php\/2026\/09\/01\/giro-inesperado-en-el-futuro-de-mauro-icardi-la-oferta-que-puso-en-pausa-sobre-el-cierre-del-mercado-de-pases\/#primaryimage","url":"https:\/\/lobosnews.com.ar\/wp-content\/uploads\/2026\/09\/giro-inesperado-en-el-futuro-de-mauro-icardi-la-oferta-que-puso-en-pausa-sobre-el-cierre-del-mercado-de-pases.jpg","contentUrl":"https:\/\/lobosnews.com.ar\/wp-content\/uploads\/2026\/09\/giro-inesperado-en-el-futuro-de-mauro-icardi-la-oferta-que-puso-en-pausa-sobre-el-cierre-del-mercado-de-pases.jpg","width":1920,"height":1080},{"@type":"BreadcrumbList","@id":"https:\/\/lobosnews.com.ar\/index.php\/2026\/09\/01\/giro-inesperado-en-el-futuro-de-mauro-icardi-la-oferta-que-puso-en-pausa-sobre-el-cierre-del-mercado-de-pases\/#breadcrumb","itemListElement":[{"@type":"ListItem","position":1,"name":"Portada","item":"https:\/\/lobosnews.com.ar\/"},{"@type":"ListItem","position":2,"name":"Giro inesperado en el futuro de Mauro Icardi: la oferta que puso en pausa sobre el cierre del mercado de pases"}]},{"@type":"WebSite","@id":"https:\/\/lobosnews.com.ar\/#website","url":"https:\/\/lobosnews.com.ar\/","name":"Lobos News","description":"Informaci\u00f3n a cada instante","publisher":{"@id":"https:\/\/lobosnews.com.ar\/#organization"},"potentialAction":[{"@type":"SearchAction","target":{"@type":"EntryPoint","urlTemplate":"https:\/\/lobosnews.com.ar\/?s={search_term_string}"},"query-input":{"@type":"PropertyValueSpecification","valueRequired":true,"valueName":"search_term_string"}}],"inLanguage":"es"},{"@type":"Organization","@id":"https:\/\/lobosnews.com.ar\/#organization","name":"Lobos News","url":"https:\/\/lobosnews.com.ar\/","logo":{"@type":"ImageObject","inLanguage":"es","@id":"https:\/\/lobosnews.com.ar\/#\/schema\/logo\/image\/","url":"https:\/\/lobosnews.com.ar\/wp-content\/uploads\/2026\/01\/logo-lobosnews.png","contentUrl":"https:\/\/lobosnews.com.ar\/wp-content\/uploads\/2026\/01\/logo-lobosnews.png","width":500,"height":200,"caption":"Lobos News"},"image":{"@id":"https:\/\/lobosnews.com.ar\/#\/schema\/logo\/image\/"}},{"@type":"Person","@id":"https:\/\/lobosnews.com.ar\/#\/schema\/person\/232422a593d5c541dd9aef6aaed10943","name":"admin","image":{"@type":"ImageObject","inLanguage":"es","@id":"https:\/\/secure.gravatar.com\/avatar\/76e419471a2083bc3ceab22a763dbbf9b0c1bd15a6214cf3280e2c2dde4580f9?s=96&d=mm&r=g","url":"https:\/\/secure.gravatar.com\/avatar\/76e419471a2083bc3ceab22a763dbbf9b0c1bd15a6214cf3280e2c2dde4580f9?s=96&d=mm&r=g","contentUrl":"https:\/\/secure.gravatar.com\/avatar\/76e419471a2083bc3ceab22a763dbbf9b0c1bd15a6214cf3280e2c2dde4580f9?s=96&d=mm&r=g","caption":"admin"},"sameAs":["https:\/\/lobosnews.com.ar"],"url":"https:\/\/lobosnews.com.ar\/index.php\/author\/lobos-news\/"}]}},"jetpack_featured_media_url":"","jetpack_sharing_enabled":true,"_links":{"self":[{"href":"https:\/\/lobosnews.com.ar\/index.php\/wp-json\/wp\/v2\/posts\/96312","targetHints":{"allow":["GET"]}}],"collection":[{"href":"https:\/\/lobosnews.com.ar\/index.php\/wp-json\/wp\/v2\/posts"}],"about":[{"href":"https:\/\/lobosnews.com.ar\/index.php\/wp-json\/wp\/v2\/types\/post"}],"author":[{"embeddable":true,"href":"https:\/\/lobosnews.com.ar\/index.php\/wp-json\/wp\/v2\/users\/1"}],"replies":[{"embeddable":true,"href":"https:\/\/lobosnews.com.ar\/index.php\/wp-json\/wp\/v2\/comments?post=96312"}],"version-history":[{"count":1,"href":"https:\/\/lobosnews.com.ar\/index.php\/wp-json\/wp\/v2\/posts\/96312\/revisions"}],"predecessor-version":[{"id":96314,"href":"https:\/\/lobosnews.com.ar\/index.php\/wp-json\/wp\/v2\/posts\/96312\/revisions\/96314"}],"wp:attachment":[{"href":"https:\/\/lobosnews.com.ar\/index.php\/wp-json\/wp\/v2\/media?parent=96312"}],"wp:term":[{"taxonomy":"category","embeddable":true,"href":"https:\/\/lobosnews.com.ar\/index.php\/wp-json\/wp\/v2\/categories?post=96312"},{"taxonomy":"post_tag","embeddable":true,"href":"https:\/\/lobosnews.com.ar\/index.php\/wp-json\/wp\/v2\/tags?post=96312"}],"curies":[{"name":"wp","href":"https:\/\/api.w.org\/{rel}","templated":true}]}}