{"id":96309,"date":"2026-09-01T21:52:35","date_gmt":"2026-09-01T21:52:35","guid":{"rendered":"https:\/\/lobosnews.com.ar\/?p=96309"},"modified":"2026-09-01T23:23:42","modified_gmt":"2026-09-01T23:23:42","slug":"las-primeras-imagenes-de-lionel-messi-tras-anunciar-su-retiro-en-la-seleccion-argentina-cuando-volvera-a-jugar-el-inter-miami","status":"publish","type":"post","link":"https:\/\/lobosnews.com.ar\/index.php\/2026\/09\/01\/las-primeras-imagenes-de-lionel-messi-tras-anunciar-su-retiro-en-la-seleccion-argentina-cuando-volvera-a-jugar-el-inter-miami\/","title":{"rendered":"Las primeras im\u00e1genes de Lionel Messi tras anunciar su retiro en la selecci\u00f3n argentina: cu\u00e1ndo volver\u00e1 a jugar el Inter Miami"},"content":{"rendered":"<p><b>Lionel Messi<\/b> se mostr\u00f3 por primera vez despu\u00e9s de anunciar <span class=\"waslinkname\">su retiro de la selecci\u00f3n argentina<\/span>. El mejor jugador del mundo fue filmado durante algunas partes del entrenamiento del <b>Inter Miami<\/b> desarrollado este martes, a 24 horas de la realizaci\u00f3n de una comunicaci\u00f3n que revolucion\u00f3 el mundo y motiv\u00f3 mensajes de diferentes protagonistas de todo el universo del f\u00fatbol. M\u00e1s all\u00e1 de esto, la <i>Pulga<\/i> elige enfocarse en su presente y volver\u00e1 a jugar en los pr\u00f3ximos d\u00edas por la <b>MLS<\/b>.<\/p>\n<p>El ocho veces ganador del <b>Bal\u00f3n de Oro<\/b> particip\u00f3 de la pr\u00e1ctica de las <i>Garzas<\/i>, luego del triunfo de este s\u00e1bado <span class=\"waslinkname\">por 7-1 a <b>Montreal <\/b>por la MLS<\/span>, que incluy\u00f3 la autor\u00eda de <span class=\"waslinkname\">cuatro goles<\/span> y una asistencia dentro de una fabulosa presentaci\u00f3n. Fue el 19\u00b0 futbolista en marcar esa cantidad de tantos en un partido de la liga, sumado a treparse a la cima de los m\u00e1ximos artilleros del torneo con 18 celebraciones.<\/p>\n<p>Luego de esa presentaci\u00f3n, el futbolista de 39 a\u00f1os podr\u00eda reaparecer con el elenco de los Estados Unidos este s\u00e1bado desde las 20:30, cuando la franquicia reciba a <b>Atlanta United<\/b> en una nueva presentaci\u00f3n de la <b>MLS<\/b>, en la que marcha en el segundo escal\u00f3n de la <i>Conferencia Este<\/i> con 42 puntos, a 10 del l\u00edder <b>Nashville<\/b>, y con una holgada ventaja con respecto a sus competidores en la lucha por la clasificaci\u00f3n a los <i>playoffs<\/i>.<\/p>\n<p>D\u00edas despu\u00e9s, el mi\u00e9rcoles 9 de septiembre, se medir\u00e1 a Chicago Fire (21:30), que marcha tercero en su zona, y el s\u00e1bado 12 a partir de las 20:30 afrontar\u00e1 un duelo clave ante el propio <b>Nashville<\/b>, que se estar\u00eda quedando con el <b>Supporters\u2019 Shield <\/b>por ser el cuadro con m\u00e1s puntos en la <i>Temporada Regular<\/i>. Esta seguidilla que se le viene a los de Florida ser\u00e1 determinante para saber si podr\u00e1n pelear por uno de los t\u00edtulos que le quedan en 2026. El vigente campe\u00f3n del certamen dom\u00e9stico tambi\u00e9n buscar\u00e1 mantener esa corona y el 16 de septiembre tiene por delante el cruce con <b>Cruz Azul<\/b> por la <b>Campeones Cup<\/b><i>, <\/i>que re\u00fane a los campeones de Estados Unidos y M\u00e9xico.<\/p>\n<p><!DOCTYPE html><br \/>\n<html><br \/>\n<head><br \/>\n<meta name=\"viewport\" content=\"width=device-width, initial-scale=1\"><\/p>\n<style>\n.container-video { position: relative; width: 100%; overflow: hidden; padding-top: 56.25%;\n}\n.responsive-iframe-video { position: absolute; top: 0; left: 0; bottom: 0; right: 0; width: 100%; height: 100%; border: none;\n}\n<\/style>\n<p><\/head><br \/>\n<body><\/p>\n<div class=\"container-video\"> <iframe title=\"video-espn\" class=\"responsive-iframe-video\" src=\"https:\/\/www.espn.com.ar\/core\/video\/iframe?id=17186101&#038;endcard=false&#038;omniReportSuite=wdgespge\" allowfullscreen><\/iframe>\n<\/div>\n<p><\/body><br \/>\n<\/html><\/p>\n<p><i>*Con cuatro goles de Messi: el resumen de la goleada de Inter Miami a Montreal<\/i><\/p>\n<p>Luego de ese encuentro, al <b>Inter Miami<\/b> se le vienen dos compromisos ante <b>San Diego<\/b> y <b>Columbus Crew<\/b> previos a la fecha FIFA de selecciones, y a\u00fan se desconoce si el <i>10<\/i> tendr\u00e1 un partido despedida con Argentina, luego de su sentida carta publicada en redes sociales.<\/p>\n<p><b>\u201cDespu\u00e9s de este tiempo que pas\u00f3 desde la final, pens\u00e1ndolo mucho, quiero comunicarles a todos que me retiro de la Selecci\u00f3n\u201d<\/b>, escribi\u00f3 <i>Leo<\/i> el 21 de julio, dos d\u00edas despu\u00e9s de perder la final contra Espa\u00f1a en el Mundial 2026, pero el escrito reci\u00e9n lo hizo p\u00fablico el 31 de agosto. <b>\u201cHoy, despu\u00e9s de lo de mi pap\u00e1, <\/b><span class=\"waslinkname\"><b>estoy m\u00e1s convencido que antes<\/b><\/span><b>\u201d<\/b>, asegur\u00f3 a pocos d\u00edas del fallecimiento de Jorge.<\/p>\n<p>M\u00e1s tarde, su esposa, <b>Antonela Roccuzzo<\/b>, <span class=\"waslinkname\">le dedic\u00f3 un sentido mensaje<\/span> al padre de Thiago, Mateo y Ciro: \u201cHay algo de toda esta historia que me emociona especialmente: <b>que nuestros hijos hayan crecido vi\u00e9ndola de cerca. Que hayan visto a su pap\u00e1 luchar por lo que quer\u00eda, no rendirse y seguir creyendo hasta el final<\/b>. Y que despu\u00e9s hayan podido estar ah\u00ed para verte conseguirlo todo y levantar la Copa del Mundo\u201d.<\/p>\n<p>Su salida de la <i>Albiceleste<\/i> abre un interrogante sobre qui\u00e9n llevar\u00e1 la camiseta n\u00famero <i>10<\/i> del tricampe\u00f3n del mundo con <span class=\"waslinkname\">varios candidatos en danza<\/span>, como Nico Paz, Alexis Mac Allister, Thiago Almada, Lautaro Mart\u00ednez y Franco Mastantuono.<\/p>\n<h2>La carta de Lionel Messi:<\/h2>\n<p><img loading=\"lazy\" decoding=\"async\" src=\"https:\/\/lobosnews.com.ar\/wp-content\/uploads\/2026\/09\/las-primeras-imagenes-de-lionel-messi-tras-anunciar-su-retiro-en-la-seleccion-argentina-cuando-volvera-a-jugar-el-inter-miami.jpg\" alt=\"La carta que public\u00f3 Messi para anunciar su retiro de la Selecci\u00f3n\" height=\"887\" width=\"1215\"\/><\/p>\n<p><i>Despu\u00e9s de este tiempo que pas\u00f3 desde la final, pens\u00e1ndolo mucho, quiero comunicarles a todos que me retiro de la Selecci\u00f3n\u2026<\/i><\/p>\n<p><i>Fue una decisi\u00f3n que doli\u00f3 y duele en el alma pero entiendo que es el momento. Les juro que siempre dej\u00e9 todo, no solo los \u00faltimos a\u00f1os que se gan\u00f3 todo antes tambi\u00e9n y siempre pele\u00e9 y me dej\u00e9 todo por esta camiseta, por darles alegr\u00edas y hacer que se sientan orgullosos de ser argentinos a trav\u00e9s del f\u00fatbol.<\/i><\/p>\n<p><i>Queda poco y se van cerrando etapas y esta es una que me duele mucho. Amo, am\u00e9 y amar\u00e9 siempre estar en la Selecci\u00f3n. Me vaci\u00e9, ya no tengo m\u00e1s para dar y aparte vienen chicos muy grandes atr\u00e1s que merecen estar.<\/i><\/p>\n<p><i>Gracias por todo el cari\u00f1o de estos 20 a\u00f1os. Voy a extra\u00f1ar mucho escucharlos desde adentro. Ahora voy a ser uno m\u00e1s de ustedes, alentando y bancando siempre desde afuera (en las buenas y en las malas, mucho m\u00e1s).<\/i><\/p>\n<p><i>Gracias a mi familia por estar siempre, por acompa\u00f1arme en este viaje tan hermoso pero dif\u00edcil. Gracias a cada uno de entrenadores, compa\u00f1eros y dirigentes que me toc\u00f3 compartir. Me llevo recuerdos y momentos inolvidables vividos.<\/i><\/p>\n<p><i>Me voy con la tranquilidad y el orgullo de haberles regalado, juntos con mis compa\u00f1eros, momentos so\u00f1ados. Fue una locura haberlo vivido con ustedes. \u00a1Los quiero!<\/i><\/p>\n<p><i>Gracias Dios por hacerme argentino.<\/i><\/p>\n<p><i>\u00a1Vamos Argentina!<\/i><\/p>\n<p><i>*Estas palabras las escrib\u00ed el 21 de julio, dos d\u00edas despu\u00e9s de la final. Hoy despu\u00e9s de lo de mi pap\u00e1, estoy m\u00e1s convencido que antes.<\/i><\/p>\n<h2>La tabla de posiciones de la MLS<\/h2>\n","protected":false},"excerpt":{"rendered":"<p>Lionel Messi se mostr\u00f3 por primera vez despu\u00e9s de anunciar su retiro de la selecci\u00f3n argentina. El mejor jugador del mundo fue filmado durante algunas partes del entrenamiento del Inter Miami desarrollado este martes, a 24 horas de la realizaci\u00f3n de una comunicaci\u00f3n que revolucion\u00f3 el mundo y motiv\u00f3 mensajes de diferentes protagonistas de todo&#8230;<\/p>\n","protected":false},"author":1,"featured_media":0,"comment_status":"open","ping_status":"closed","sticky":false,"template":"","format":"standard","meta":{"_jetpack_newsletter_access":"","_jetpack_dont_email_post_to_subs":false,"_jetpack_newsletter_tier_id":0,"_jetpack_memberships_contains_paywalled_content":false,"_jetpack_memberships_contains_paid_content":false,"footnotes":"","jetpack_post_was_ever_published":false},"categories":[30],"tags":[39],"class_list":["post-96309","post","type-post","status-publish","format-standard","hentry","category-argentina","tag-deportes"],"magazineBlocksPostFeaturedMedia":{"thumbnail":false,"medium":false,"medium_large":false,"large":false,"1536x1536":false,"2048x2048":false,"newsmatic-featured":false,"newsmatic-list":false,"newsmatic-thumb":false,"newsmatic-small":false,"newsmatic-grid":false},"magazineBlocksPostAuthor":{"name":"admin","avatar":"https:\/\/secure.gravatar.com\/avatar\/76e419471a2083bc3ceab22a763dbbf9b0c1bd15a6214cf3280e2c2dde4580f9?s=96&d=mm&r=g"},"magazineBlocksPostCommentsNumber":"0","magazineBlocksPostExcerpt":"Lionel Messi se mostr\u00f3 por primera vez despu\u00e9s de anunciar su retiro de la selecci\u00f3n argentina. El mejor jugador del mundo fue filmado durante algunas partes del entrenamiento del Inter Miami desarrollado este martes, a 24 horas de la realizaci\u00f3n de una comunicaci\u00f3n que revolucion\u00f3 el mundo y motiv\u00f3 mensajes de diferentes protagonistas de todo...","magazineBlocksPostCategories":["Argentina"],"magazineBlocksPostViewCount":48,"magazineBlocksPostReadTime":5,"magazine_blocks_featured_image_url":{"full":false,"medium":false,"thumbnail":false},"magazine_blocks_author":{"display_name":"admin","author_link":"https:\/\/lobosnews.com.ar\/index.php\/author\/lobos-news\/"},"magazine_blocks_comment":0,"magazine_blocks_author_image":"https:\/\/secure.gravatar.com\/avatar\/76e419471a2083bc3ceab22a763dbbf9b0c1bd15a6214cf3280e2c2dde4580f9?s=96&d=mm&r=g","magazine_blocks_category":"<a href=\"#\" class=\"category-link category-link-30\">Argentina<\/a>","yoast_head":"<!-- This site is optimized with the Yoast SEO plugin v28.0 - https:\/\/yoast.com\/product\/yoast-seo-wordpress\/ -->\n<title>Las primeras im\u00e1genes de Lionel Messi tras anunciar su retiro en la selecci\u00f3n argentina: cu\u00e1ndo volver\u00e1 a jugar el Inter Miami - Lobos News<\/title>\n<meta name=\"robots\" content=\"index, follow, max-snippet:-1, max-image-preview:large, max-video-preview:-1\" \/>\n<link rel=\"canonical\" href=\"https:\/\/lobosnews.com.ar\/index.php\/2026\/09\/01\/las-primeras-imagenes-de-lionel-messi-tras-anunciar-su-retiro-en-la-seleccion-argentina-cuando-volvera-a-jugar-el-inter-miami\/\" \/>\n<meta property=\"og:locale\" content=\"es_ES\" \/>\n<meta property=\"og:type\" content=\"article\" \/>\n<meta property=\"og:title\" content=\"Las primeras im\u00e1genes de Lionel Messi tras anunciar su retiro en la selecci\u00f3n argentina: cu\u00e1ndo volver\u00e1 a jugar el Inter Miami - Lobos News\" \/>\n<meta property=\"og:description\" content=\"Lionel Messi se mostr\u00f3 por primera vez despu\u00e9s de anunciar su retiro de la selecci\u00f3n argentina. El mejor jugador del mundo fue filmado durante algunas partes del entrenamiento del Inter Miami desarrollado este martes, a 24 horas de la realizaci\u00f3n de una comunicaci\u00f3n que revolucion\u00f3 el mundo y motiv\u00f3 mensajes de diferentes protagonistas de todo...\" \/>\n<meta property=\"og:url\" content=\"https:\/\/lobosnews.com.ar\/index.php\/2026\/09\/01\/las-primeras-imagenes-de-lionel-messi-tras-anunciar-su-retiro-en-la-seleccion-argentina-cuando-volvera-a-jugar-el-inter-miami\/\" \/>\n<meta property=\"og:site_name\" content=\"Lobos News\" \/>\n<meta property=\"article:published_time\" content=\"2026-09-01T21:52:35+00:00\" \/>\n<meta property=\"article:modified_time\" content=\"2026-09-01T23:23:42+00:00\" \/>\n<meta property=\"og:image\" content=\"https:\/\/lobosnews.com.ar\/wp-content\/uploads\/2026\/09\/las-primeras-imagenes-de-lionel-messi-tras-anunciar-su-retiro-en-la-seleccion-argentina-cuando-volvera-a-jugar-el-inter-miami.jpg\" \/>\n<meta name=\"author\" content=\"admin\" \/>\n<meta name=\"twitter:card\" content=\"summary_large_image\" \/>\n<meta name=\"twitter:label1\" content=\"Escrito por\" \/>\n\t<meta name=\"twitter:data1\" content=\"admin\" \/>\n\t<meta name=\"twitter:label2\" content=\"Tiempo de lectura\" \/>\n\t<meta name=\"twitter:data2\" content=\"5 minutos\" \/>\n<script type=\"application\/ld+json\" class=\"yoast-schema-graph\">{\"@context\":\"https:\\\/\\\/schema.org\",\"@graph\":[{\"@type\":\"Article\",\"@id\":\"https:\\\/\\\/lobosnews.com.ar\\\/index.php\\\/2026\\\/09\\\/01\\\/las-primeras-imagenes-de-lionel-messi-tras-anunciar-su-retiro-en-la-seleccion-argentina-cuando-volvera-a-jugar-el-inter-miami\\\/#article\",\"isPartOf\":{\"@id\":\"https:\\\/\\\/lobosnews.com.ar\\\/index.php\\\/2026\\\/09\\\/01\\\/las-primeras-imagenes-de-lionel-messi-tras-anunciar-su-retiro-en-la-seleccion-argentina-cuando-volvera-a-jugar-el-inter-miami\\\/\"},\"author\":{\"name\":\"admin\",\"@id\":\"https:\\\/\\\/lobosnews.com.ar\\\/#\\\/schema\\\/person\\\/232422a593d5c541dd9aef6aaed10943\"},\"headline\":\"Las primeras im\u00e1genes de Lionel Messi tras anunciar su retiro en la selecci\u00f3n argentina: cu\u00e1ndo volver\u00e1 a jugar el Inter Miami\",\"datePublished\":\"2026-09-01T21:52:35+00:00\",\"dateModified\":\"2026-09-01T23:23:42+00:00\",\"mainEntityOfPage\":{\"@id\":\"https:\\\/\\\/lobosnews.com.ar\\\/index.php\\\/2026\\\/09\\\/01\\\/las-primeras-imagenes-de-lionel-messi-tras-anunciar-su-retiro-en-la-seleccion-argentina-cuando-volvera-a-jugar-el-inter-miami\\\/\"},\"wordCount\":946,\"commentCount\":0,\"publisher\":{\"@id\":\"https:\\\/\\\/lobosnews.com.ar\\\/#organization\"},\"image\":{\"@id\":\"https:\\\/\\\/lobosnews.com.ar\\\/index.php\\\/2026\\\/09\\\/01\\\/las-primeras-imagenes-de-lionel-messi-tras-anunciar-su-retiro-en-la-seleccion-argentina-cuando-volvera-a-jugar-el-inter-miami\\\/#primaryimage\"},\"thumbnailUrl\":\"https:\\\/\\\/lobosnews.com.ar\\\/wp-content\\\/uploads\\\/2026\\\/09\\\/las-primeras-imagenes-de-lionel-messi-tras-anunciar-su-retiro-en-la-seleccion-argentina-cuando-volvera-a-jugar-el-inter-miami.jpg\",\"keywords\":[\"Deportes\"],\"articleSection\":[\"Argentina\"],\"inLanguage\":\"es\",\"potentialAction\":[{\"@type\":\"CommentAction\",\"name\":\"Comment\",\"target\":[\"https:\\\/\\\/lobosnews.com.ar\\\/index.php\\\/2026\\\/09\\\/01\\\/las-primeras-imagenes-de-lionel-messi-tras-anunciar-su-retiro-en-la-seleccion-argentina-cuando-volvera-a-jugar-el-inter-miami\\\/#respond\"]}]},{\"@type\":\"WebPage\",\"@id\":\"https:\\\/\\\/lobosnews.com.ar\\\/index.php\\\/2026\\\/09\\\/01\\\/las-primeras-imagenes-de-lionel-messi-tras-anunciar-su-retiro-en-la-seleccion-argentina-cuando-volvera-a-jugar-el-inter-miami\\\/\",\"url\":\"https:\\\/\\\/lobosnews.com.ar\\\/index.php\\\/2026\\\/09\\\/01\\\/las-primeras-imagenes-de-lionel-messi-tras-anunciar-su-retiro-en-la-seleccion-argentina-cuando-volvera-a-jugar-el-inter-miami\\\/\",\"name\":\"Las primeras im\u00e1genes de Lionel Messi tras anunciar su retiro en la selecci\u00f3n argentina: cu\u00e1ndo volver\u00e1 a jugar el Inter Miami - Lobos News\",\"isPartOf\":{\"@id\":\"https:\\\/\\\/lobosnews.com.ar\\\/#website\"},\"primaryImageOfPage\":{\"@id\":\"https:\\\/\\\/lobosnews.com.ar\\\/index.php\\\/2026\\\/09\\\/01\\\/las-primeras-imagenes-de-lionel-messi-tras-anunciar-su-retiro-en-la-seleccion-argentina-cuando-volvera-a-jugar-el-inter-miami\\\/#primaryimage\"},\"image\":{\"@id\":\"https:\\\/\\\/lobosnews.com.ar\\\/index.php\\\/2026\\\/09\\\/01\\\/las-primeras-imagenes-de-lionel-messi-tras-anunciar-su-retiro-en-la-seleccion-argentina-cuando-volvera-a-jugar-el-inter-miami\\\/#primaryimage\"},\"thumbnailUrl\":\"https:\\\/\\\/lobosnews.com.ar\\\/wp-content\\\/uploads\\\/2026\\\/09\\\/las-primeras-imagenes-de-lionel-messi-tras-anunciar-su-retiro-en-la-seleccion-argentina-cuando-volvera-a-jugar-el-inter-miami.jpg\",\"datePublished\":\"2026-09-01T21:52:35+00:00\",\"dateModified\":\"2026-09-01T23:23:42+00:00\",\"breadcrumb\":{\"@id\":\"https:\\\/\\\/lobosnews.com.ar\\\/index.php\\\/2026\\\/09\\\/01\\\/las-primeras-imagenes-de-lionel-messi-tras-anunciar-su-retiro-en-la-seleccion-argentina-cuando-volvera-a-jugar-el-inter-miami\\\/#breadcrumb\"},\"inLanguage\":\"es\",\"potentialAction\":[{\"@type\":\"ReadAction\",\"target\":[\"https:\\\/\\\/lobosnews.com.ar\\\/index.php\\\/2026\\\/09\\\/01\\\/las-primeras-imagenes-de-lionel-messi-tras-anunciar-su-retiro-en-la-seleccion-argentina-cuando-volvera-a-jugar-el-inter-miami\\\/\"]}]},{\"@type\":\"ImageObject\",\"inLanguage\":\"es\",\"@id\":\"https:\\\/\\\/lobosnews.com.ar\\\/index.php\\\/2026\\\/09\\\/01\\\/las-primeras-imagenes-de-lionel-messi-tras-anunciar-su-retiro-en-la-seleccion-argentina-cuando-volvera-a-jugar-el-inter-miami\\\/#primaryimage\",\"url\":\"https:\\\/\\\/lobosnews.com.ar\\\/wp-content\\\/uploads\\\/2026\\\/09\\\/las-primeras-imagenes-de-lionel-messi-tras-anunciar-su-retiro-en-la-seleccion-argentina-cuando-volvera-a-jugar-el-inter-miami.jpg\",\"contentUrl\":\"https:\\\/\\\/lobosnews.com.ar\\\/wp-content\\\/uploads\\\/2026\\\/09\\\/las-primeras-imagenes-de-lionel-messi-tras-anunciar-su-retiro-en-la-seleccion-argentina-cuando-volvera-a-jugar-el-inter-miami.jpg\",\"width\":1215,\"height\":887},{\"@type\":\"BreadcrumbList\",\"@id\":\"https:\\\/\\\/lobosnews.com.ar\\\/index.php\\\/2026\\\/09\\\/01\\\/las-primeras-imagenes-de-lionel-messi-tras-anunciar-su-retiro-en-la-seleccion-argentina-cuando-volvera-a-jugar-el-inter-miami\\\/#breadcrumb\",\"itemListElement\":[{\"@type\":\"ListItem\",\"position\":1,\"name\":\"Portada\",\"item\":\"https:\\\/\\\/lobosnews.com.ar\\\/\"},{\"@type\":\"ListItem\",\"position\":2,\"name\":\"Las primeras im\u00e1genes de Lionel Messi tras anunciar su retiro en la selecci\u00f3n argentina: cu\u00e1ndo volver\u00e1 a jugar el Inter Miami\"}]},{\"@type\":\"WebSite\",\"@id\":\"https:\\\/\\\/lobosnews.com.ar\\\/#website\",\"url\":\"https:\\\/\\\/lobosnews.com.ar\\\/\",\"name\":\"Lobos News\",\"description\":\"Informaci\u00f3n a cada instante\",\"publisher\":{\"@id\":\"https:\\\/\\\/lobosnews.com.ar\\\/#organization\"},\"potentialAction\":[{\"@type\":\"SearchAction\",\"target\":{\"@type\":\"EntryPoint\",\"urlTemplate\":\"https:\\\/\\\/lobosnews.com.ar\\\/?s={search_term_string}\"},\"query-input\":{\"@type\":\"PropertyValueSpecification\",\"valueRequired\":true,\"valueName\":\"search_term_string\"}}],\"inLanguage\":\"es\"},{\"@type\":\"Organization\",\"@id\":\"https:\\\/\\\/lobosnews.com.ar\\\/#organization\",\"name\":\"Lobos News\",\"url\":\"https:\\\/\\\/lobosnews.com.ar\\\/\",\"logo\":{\"@type\":\"ImageObject\",\"inLanguage\":\"es\",\"@id\":\"https:\\\/\\\/lobosnews.com.ar\\\/#\\\/schema\\\/logo\\\/image\\\/\",\"url\":\"https:\\\/\\\/lobosnews.com.ar\\\/wp-content\\\/uploads\\\/2026\\\/01\\\/logo-lobosnews.png\",\"contentUrl\":\"https:\\\/\\\/lobosnews.com.ar\\\/wp-content\\\/uploads\\\/2026\\\/01\\\/logo-lobosnews.png\",\"width\":500,\"height\":200,\"caption\":\"Lobos News\"},\"image\":{\"@id\":\"https:\\\/\\\/lobosnews.com.ar\\\/#\\\/schema\\\/logo\\\/image\\\/\"}},{\"@type\":\"Person\",\"@id\":\"https:\\\/\\\/lobosnews.com.ar\\\/#\\\/schema\\\/person\\\/232422a593d5c541dd9aef6aaed10943\",\"name\":\"admin\",\"image\":{\"@type\":\"ImageObject\",\"inLanguage\":\"es\",\"@id\":\"https:\\\/\\\/secure.gravatar.com\\\/avatar\\\/76e419471a2083bc3ceab22a763dbbf9b0c1bd15a6214cf3280e2c2dde4580f9?s=96&d=mm&r=g\",\"url\":\"https:\\\/\\\/secure.gravatar.com\\\/avatar\\\/76e419471a2083bc3ceab22a763dbbf9b0c1bd15a6214cf3280e2c2dde4580f9?s=96&d=mm&r=g\",\"contentUrl\":\"https:\\\/\\\/secure.gravatar.com\\\/avatar\\\/76e419471a2083bc3ceab22a763dbbf9b0c1bd15a6214cf3280e2c2dde4580f9?s=96&d=mm&r=g\",\"caption\":\"admin\"},\"sameAs\":[\"https:\\\/\\\/lobosnews.com.ar\"],\"url\":\"https:\\\/\\\/lobosnews.com.ar\\\/index.php\\\/author\\\/lobos-news\\\/\"}]}<\/script>\n<!-- \/ Yoast SEO plugin. -->","yoast_head_json":{"title":"Las primeras im\u00e1genes de Lionel Messi tras anunciar su retiro en la selecci\u00f3n argentina: cu\u00e1ndo volver\u00e1 a jugar el Inter Miami - Lobos News","robots":{"index":"index","follow":"follow","max-snippet":"max-snippet:-1","max-image-preview":"max-image-preview:large","max-video-preview":"max-video-preview:-1"},"canonical":"https:\/\/lobosnews.com.ar\/index.php\/2026\/09\/01\/las-primeras-imagenes-de-lionel-messi-tras-anunciar-su-retiro-en-la-seleccion-argentina-cuando-volvera-a-jugar-el-inter-miami\/","og_locale":"es_ES","og_type":"article","og_title":"Las primeras im\u00e1genes de Lionel Messi tras anunciar su retiro en la selecci\u00f3n argentina: cu\u00e1ndo volver\u00e1 a jugar el Inter Miami - Lobos News","og_description":"Lionel Messi se mostr\u00f3 por primera vez despu\u00e9s de anunciar su retiro de la selecci\u00f3n argentina. El mejor jugador del mundo fue filmado durante algunas partes del entrenamiento del Inter Miami desarrollado este martes, a 24 horas de la realizaci\u00f3n de una comunicaci\u00f3n que revolucion\u00f3 el mundo y motiv\u00f3 mensajes de diferentes protagonistas de todo...","og_url":"https:\/\/lobosnews.com.ar\/index.php\/2026\/09\/01\/las-primeras-imagenes-de-lionel-messi-tras-anunciar-su-retiro-en-la-seleccion-argentina-cuando-volvera-a-jugar-el-inter-miami\/","og_site_name":"Lobos News","article_published_time":"2026-09-01T21:52:35+00:00","article_modified_time":"2026-09-01T23:23:42+00:00","og_image":[{"url":"https:\/\/lobosnews.com.ar\/wp-content\/uploads\/2026\/09\/las-primeras-imagenes-de-lionel-messi-tras-anunciar-su-retiro-en-la-seleccion-argentina-cuando-volvera-a-jugar-el-inter-miami.jpg","type":"","width":"","height":""}],"author":"admin","twitter_card":"summary_large_image","twitter_misc":{"Escrito por":"admin","Tiempo de lectura":"5 minutos"},"schema":{"@context":"https:\/\/schema.org","@graph":[{"@type":"Article","@id":"https:\/\/lobosnews.com.ar\/index.php\/2026\/09\/01\/las-primeras-imagenes-de-lionel-messi-tras-anunciar-su-retiro-en-la-seleccion-argentina-cuando-volvera-a-jugar-el-inter-miami\/#article","isPartOf":{"@id":"https:\/\/lobosnews.com.ar\/index.php\/2026\/09\/01\/las-primeras-imagenes-de-lionel-messi-tras-anunciar-su-retiro-en-la-seleccion-argentina-cuando-volvera-a-jugar-el-inter-miami\/"},"author":{"name":"admin","@id":"https:\/\/lobosnews.com.ar\/#\/schema\/person\/232422a593d5c541dd9aef6aaed10943"},"headline":"Las primeras im\u00e1genes de Lionel Messi tras anunciar su retiro en la selecci\u00f3n argentina: cu\u00e1ndo volver\u00e1 a jugar el Inter Miami","datePublished":"2026-09-01T21:52:35+00:00","dateModified":"2026-09-01T23:23:42+00:00","mainEntityOfPage":{"@id":"https:\/\/lobosnews.com.ar\/index.php\/2026\/09\/01\/las-primeras-imagenes-de-lionel-messi-tras-anunciar-su-retiro-en-la-seleccion-argentina-cuando-volvera-a-jugar-el-inter-miami\/"},"wordCount":946,"commentCount":0,"publisher":{"@id":"https:\/\/lobosnews.com.ar\/#organization"},"image":{"@id":"https:\/\/lobosnews.com.ar\/index.php\/2026\/09\/01\/las-primeras-imagenes-de-lionel-messi-tras-anunciar-su-retiro-en-la-seleccion-argentina-cuando-volvera-a-jugar-el-inter-miami\/#primaryimage"},"thumbnailUrl":"https:\/\/lobosnews.com.ar\/wp-content\/uploads\/2026\/09\/las-primeras-imagenes-de-lionel-messi-tras-anunciar-su-retiro-en-la-seleccion-argentina-cuando-volvera-a-jugar-el-inter-miami.jpg","keywords":["Deportes"],"articleSection":["Argentina"],"inLanguage":"es","potentialAction":[{"@type":"CommentAction","name":"Comment","target":["https:\/\/lobosnews.com.ar\/index.php\/2026\/09\/01\/las-primeras-imagenes-de-lionel-messi-tras-anunciar-su-retiro-en-la-seleccion-argentina-cuando-volvera-a-jugar-el-inter-miami\/#respond"]}]},{"@type":"WebPage","@id":"https:\/\/lobosnews.com.ar\/index.php\/2026\/09\/01\/las-primeras-imagenes-de-lionel-messi-tras-anunciar-su-retiro-en-la-seleccion-argentina-cuando-volvera-a-jugar-el-inter-miami\/","url":"https:\/\/lobosnews.com.ar\/index.php\/2026\/09\/01\/las-primeras-imagenes-de-lionel-messi-tras-anunciar-su-retiro-en-la-seleccion-argentina-cuando-volvera-a-jugar-el-inter-miami\/","name":"Las primeras im\u00e1genes de Lionel Messi tras anunciar su retiro en la selecci\u00f3n argentina: cu\u00e1ndo volver\u00e1 a jugar el Inter Miami - Lobos News","isPartOf":{"@id":"https:\/\/lobosnews.com.ar\/#website"},"primaryImageOfPage":{"@id":"https:\/\/lobosnews.com.ar\/index.php\/2026\/09\/01\/las-primeras-imagenes-de-lionel-messi-tras-anunciar-su-retiro-en-la-seleccion-argentina-cuando-volvera-a-jugar-el-inter-miami\/#primaryimage"},"image":{"@id":"https:\/\/lobosnews.com.ar\/index.php\/2026\/09\/01\/las-primeras-imagenes-de-lionel-messi-tras-anunciar-su-retiro-en-la-seleccion-argentina-cuando-volvera-a-jugar-el-inter-miami\/#primaryimage"},"thumbnailUrl":"https:\/\/lobosnews.com.ar\/wp-content\/uploads\/2026\/09\/las-primeras-imagenes-de-lionel-messi-tras-anunciar-su-retiro-en-la-seleccion-argentina-cuando-volvera-a-jugar-el-inter-miami.jpg","datePublished":"2026-09-01T21:52:35+00:00","dateModified":"2026-09-01T23:23:42+00:00","breadcrumb":{"@id":"https:\/\/lobosnews.com.ar\/index.php\/2026\/09\/01\/las-primeras-imagenes-de-lionel-messi-tras-anunciar-su-retiro-en-la-seleccion-argentina-cuando-volvera-a-jugar-el-inter-miami\/#breadcrumb"},"inLanguage":"es","potentialAction":[{"@type":"ReadAction","target":["https:\/\/lobosnews.com.ar\/index.php\/2026\/09\/01\/las-primeras-imagenes-de-lionel-messi-tras-anunciar-su-retiro-en-la-seleccion-argentina-cuando-volvera-a-jugar-el-inter-miami\/"]}]},{"@type":"ImageObject","inLanguage":"es","@id":"https:\/\/lobosnews.com.ar\/index.php\/2026\/09\/01\/las-primeras-imagenes-de-lionel-messi-tras-anunciar-su-retiro-en-la-seleccion-argentina-cuando-volvera-a-jugar-el-inter-miami\/#primaryimage","url":"https:\/\/lobosnews.com.ar\/wp-content\/uploads\/2026\/09\/las-primeras-imagenes-de-lionel-messi-tras-anunciar-su-retiro-en-la-seleccion-argentina-cuando-volvera-a-jugar-el-inter-miami.jpg","contentUrl":"https:\/\/lobosnews.com.ar\/wp-content\/uploads\/2026\/09\/las-primeras-imagenes-de-lionel-messi-tras-anunciar-su-retiro-en-la-seleccion-argentina-cuando-volvera-a-jugar-el-inter-miami.jpg","width":1215,"height":887},{"@type":"BreadcrumbList","@id":"https:\/\/lobosnews.com.ar\/index.php\/2026\/09\/01\/las-primeras-imagenes-de-lionel-messi-tras-anunciar-su-retiro-en-la-seleccion-argentina-cuando-volvera-a-jugar-el-inter-miami\/#breadcrumb","itemListElement":[{"@type":"ListItem","position":1,"name":"Portada","item":"https:\/\/lobosnews.com.ar\/"},{"@type":"ListItem","position":2,"name":"Las primeras im\u00e1genes de Lionel Messi tras anunciar su retiro en la selecci\u00f3n argentina: cu\u00e1ndo volver\u00e1 a jugar el Inter Miami"}]},{"@type":"WebSite","@id":"https:\/\/lobosnews.com.ar\/#website","url":"https:\/\/lobosnews.com.ar\/","name":"Lobos News","description":"Informaci\u00f3n a cada instante","publisher":{"@id":"https:\/\/lobosnews.com.ar\/#organization"},"potentialAction":[{"@type":"SearchAction","target":{"@type":"EntryPoint","urlTemplate":"https:\/\/lobosnews.com.ar\/?s={search_term_string}"},"query-input":{"@type":"PropertyValueSpecification","valueRequired":true,"valueName":"search_term_string"}}],"inLanguage":"es"},{"@type":"Organization","@id":"https:\/\/lobosnews.com.ar\/#organization","name":"Lobos News","url":"https:\/\/lobosnews.com.ar\/","logo":{"@type":"ImageObject","inLanguage":"es","@id":"https:\/\/lobosnews.com.ar\/#\/schema\/logo\/image\/","url":"https:\/\/lobosnews.com.ar\/wp-content\/uploads\/2026\/01\/logo-lobosnews.png","contentUrl":"https:\/\/lobosnews.com.ar\/wp-content\/uploads\/2026\/01\/logo-lobosnews.png","width":500,"height":200,"caption":"Lobos News"},"image":{"@id":"https:\/\/lobosnews.com.ar\/#\/schema\/logo\/image\/"}},{"@type":"Person","@id":"https:\/\/lobosnews.com.ar\/#\/schema\/person\/232422a593d5c541dd9aef6aaed10943","name":"admin","image":{"@type":"ImageObject","inLanguage":"es","@id":"https:\/\/secure.gravatar.com\/avatar\/76e419471a2083bc3ceab22a763dbbf9b0c1bd15a6214cf3280e2c2dde4580f9?s=96&d=mm&r=g","url":"https:\/\/secure.gravatar.com\/avatar\/76e419471a2083bc3ceab22a763dbbf9b0c1bd15a6214cf3280e2c2dde4580f9?s=96&d=mm&r=g","contentUrl":"https:\/\/secure.gravatar.com\/avatar\/76e419471a2083bc3ceab22a763dbbf9b0c1bd15a6214cf3280e2c2dde4580f9?s=96&d=mm&r=g","caption":"admin"},"sameAs":["https:\/\/lobosnews.com.ar"],"url":"https:\/\/lobosnews.com.ar\/index.php\/author\/lobos-news\/"}]}},"jetpack_featured_media_url":"","jetpack_sharing_enabled":true,"_links":{"self":[{"href":"https:\/\/lobosnews.com.ar\/index.php\/wp-json\/wp\/v2\/posts\/96309","targetHints":{"allow":["GET"]}}],"collection":[{"href":"https:\/\/lobosnews.com.ar\/index.php\/wp-json\/wp\/v2\/posts"}],"about":[{"href":"https:\/\/lobosnews.com.ar\/index.php\/wp-json\/wp\/v2\/types\/post"}],"author":[{"embeddable":true,"href":"https:\/\/lobosnews.com.ar\/index.php\/wp-json\/wp\/v2\/users\/1"}],"replies":[{"embeddable":true,"href":"https:\/\/lobosnews.com.ar\/index.php\/wp-json\/wp\/v2\/comments?post=96309"}],"version-history":[{"count":1,"href":"https:\/\/lobosnews.com.ar\/index.php\/wp-json\/wp\/v2\/posts\/96309\/revisions"}],"predecessor-version":[{"id":96311,"href":"https:\/\/lobosnews.com.ar\/index.php\/wp-json\/wp\/v2\/posts\/96309\/revisions\/96311"}],"wp:attachment":[{"href":"https:\/\/lobosnews.com.ar\/index.php\/wp-json\/wp\/v2\/media?parent=96309"}],"wp:term":[{"taxonomy":"category","embeddable":true,"href":"https:\/\/lobosnews.com.ar\/index.php\/wp-json\/wp\/v2\/categories?post=96309"},{"taxonomy":"post_tag","embeddable":true,"href":"https:\/\/lobosnews.com.ar\/index.php\/wp-json\/wp\/v2\/tags?post=96309"}],"curies":[{"name":"wp","href":"https:\/\/api.w.org\/{rel}","templated":true}]}}