{"id":96303,"date":"2026-09-01T22:18:06","date_gmt":"2026-09-01T22:18:06","guid":{"rendered":"https:\/\/lobosnews.com.ar\/?p=96303"},"modified":"2026-09-01T23:23:41","modified_gmt":"2026-09-01T23:23:41","slug":"la-sentida-carta-con-la-que-enzo-fernandez-confirmo-su-pase-al-manchester-city-no-han-sido-dias-faciles","status":"publish","type":"post","link":"https:\/\/lobosnews.com.ar\/index.php\/2026\/09\/01\/la-sentida-carta-con-la-que-enzo-fernandez-confirmo-su-pase-al-manchester-city-no-han-sido-dias-faciles\/","title":{"rendered":"La sentida carta con la que Enzo Fern\u00e1ndez confirm\u00f3 su pase al Manchester City: \u201cNo han sido d\u00edas f\u00e1ciles\u201d"},"content":{"rendered":"<p>El mercado de pases de Europa cierra con el movimiento m\u00e1s impactante del a\u00f1o. El <b>Manchester City<\/b> oficializ\u00f3 la contrataci\u00f3n del mediocampista argentino <b>Enzo Fern\u00e1ndez<\/b> tras alcanzar un acuerdo total con el <b>Chelsea<\/b> por <span class=\"waslinkname\">una cifra astron\u00f3mica de <b>140 millones de euros<\/b><\/span> fijos, que con variables adicionales podr\u00eda escalar hasta los <b>160 millones<\/b>. El volante de 25 a\u00f1os firm\u00f3 un contrato a largo plazo por <b>6 temporadas<\/b>, comprometi\u00e9ndose con la instituci\u00f3n de los <i>Citizens<\/i> hasta <b>junio de 2032<\/b>.<\/p>\n<p>El futbolista se despidi\u00f3 de la afici\u00f3n <i>Blue<\/i> con una sentida carta en redes sociales, en la que revel\u00f3 las sensaciones que atraves\u00f3 en las \u00faltimas horas antes de confirmar el traspaso: \u201c<b>Quiero que sepan que estos no han sido d\u00edas f\u00e1ciles para m\u00ed. Escribir esto tampoco lo es. La verdad es que no he estado en un buen momento<\/b>. Hace tres a\u00f1os, Cobham y Stamford Bridge se convirtieron en el hogar de mi familia y m\u00edo. Me encari\u00f1\u00e9 con la gente, con la camiseta y con el escudo de este incre\u00edble club\u201d.<\/p>\n<p>\u201c<b>Pero la vida implica tomar decisiones y ahora me encuentro ante una de esas decisiones dif\u00edciles.<\/b> Ya lo dije antes, pero quiero repetirlo: le he tomado un cari\u00f1o enorme a este club. Chelsea siempre tendr\u00e1 un lugar en mis pensamientos y, sobre todo, en mi coraz\u00f3n\u201d, manifest\u00f3 en un posteo acompa\u00f1ado de un video con sus mejores momentos con esta camiseta.<i> <\/i>A continuaci\u00f3n, concluy\u00f3 su misiva: \u201c<b>Gracias por todo el amor y el apoyo que le brindaron a mi familia y a m\u00ed durante estos a\u00f1os. Nunca lo olvidar\u00e9<\/b>\u201d.<\/p>\n<p>El fichaje del campe\u00f3n del mundo en Qatar 2022 sacudi\u00f3 por completo los libros de historia del f\u00fatbol ingl\u00e9s. Con los n\u00fameros acordados entre los directivos de Manchester y Londres, la operaci\u00f3n se posiciona formalmente como la <b>segunda transferencia m\u00e1s cara en la historia de la Premier League<\/b>, solo superada por el propio mercado interno brit\u00e1nico, y la m\u00e1s alta en lo que va del a\u00f1o 2026.<\/p>\n<p><img fetchpriority=\"high\" decoding=\"async\" src=\"https:\/\/lobosnews.com.ar\/wp-content\/uploads\/2026\/09\/la-sentida-carta-con-la-que-enzo-fernandez-confirmo-su-pase-al-manchester-city-no-han-sido-dias-faciles.jpg\" alt=\"Su nuevo contrato con el Manchester City es hasta junio de 2032 (Cr\u00e9ditos: EFE\/ DAVID CLIFF) \" height=\"2536\" width=\"4508\"\/><\/p>\n<p>En relaci\u00f3n con esto, el pase de <b>Neymar <\/b>del <b>Barcelona <\/b>al <b>PSG <\/b>se concret\u00f3 en agosto de 2017 por <b>222 millones <\/b>de euros, en una transferencia que se convirti\u00f3 en la m\u00e1s cara del f\u00fatbol. El <b>Paris Saint Germain <\/b>tambi\u00e9n protagoniz\u00f3 otro de los grandes movimientos del mercado con <b>Kylian Mbapp\u00e9<\/b>, que pas\u00f3 del <b>M\u00f3naco <\/b>al club parisino por <b>180 millones de euros<\/b>. El fichaje se hizo en dos etapas: el delantero lleg\u00f3 a mediados de 2017 mediante una cesi\u00f3n con obligaci\u00f3n de compra que se ejecut\u00f3 en 2018.<\/p>\n<p>Tras la salida de Neymar, el <b>Barcelona <\/b>respondi\u00f3 con la compra de <b>Ousmane Demb\u00e9l\u00e9 <\/b>al <b>Borussia Dortmund <\/b>por <b>148 millones de euros <\/b>en 2017 en un acuerdo que se convirti\u00f3 en el tercer pase m\u00e1s caro de todos los tiempos. Y el que qued\u00f3 por encima del de Enzo, por ahora, sucedi\u00f3 el a\u00f1o pasado cuando el <b>Liverpool <\/b>cerr\u00f3 la llegada del delantero sueco <b>Alexander Isak <\/b>desde el <b>Newcastle <\/b>por <b>145 millones de euros<\/b>.<\/p>\n<p>La llegada de Fern\u00e1ndez al Etihad Stadium no es casualidad; fue una petici\u00f3n expresa y prioritaria del director t\u00e9cnico <b>Enzo Maresca<\/b>. El entrenador italiano, quien asumi\u00f3 las riendas del City este verano tras la salida de <b>Pep Guardiola<\/b>, ya dirigi\u00f3 al argentino en Stamford Bridge y lo considera <b>la pieza perfecta para liderar la mitad de la cancha.<\/b><\/p>\n<p>La urgencia del City por cerrar un volante de \u00e9lite se increment\u00f3 tras <b>la reestructuraci\u00f3n de su plantilla <\/b>en esta ventana de pases, donde se concret\u00f3 la venta de <b>Rodri al Barcelona por 60 millones de euros. <\/b>Enzo Fern\u00e1ndez llega para tomar ese rol de organizador y abanderado del nuevo proyecto de los <i>Sky Blues<\/i>.<\/p>\n<p><img loading=\"lazy\" decoding=\"async\" src=\"https:\/\/lobosnews.com.ar\/wp-content\/uploads\/2026\/09\/la-sentida-carta-con-la-que-enzo-fernandez-confirmo-su-pase-al-manchester-city-no-han-sido-dias-faciles-1.jpg\" alt=\"Enzo Fern\u00e1ndez se convirti\u00f3 en uno de los fichajes m\u00e1s caros del f\u00fatbol mundial (Reuters)\" height=\"2246\" width=\"3199\"\/><\/p>\n<p>El mediocampista argentino cierra as\u00ed su ciclo en el Chelsea, club al que <b>lleg\u00f3 en enero de 2023<\/b> desde el Benfica por <b>121 millones de euros.<\/b> Durante sus tres a\u00f1os y medio con la camiseta de los <i>Blues<\/i>, el mediocampista sum\u00f3 un total de <b>169 partidos y 31 goles<\/b>, conquistando adem\u00e1s la UEFA Conference League 2025 y el Mundial de Clubes 2025. A pesar de haber portado la cinta de capit\u00e1n, la relaci\u00f3n tirante con un sector de la afici\u00f3n tras el reciente Mundial y la salida de Maresca a principios de a\u00f1o aceleraron su deseo de cambiar de aire.<\/p>\n<p>Hay que recordar que en el estreno de la Premier League, Fern\u00e1ndez <span class=\"waslinkname\"><b>fue abucheado constantemente cada vez que toc\u00f3 la pelota<\/b><\/span> desde que ingres\u00f3 como suplente a los 65 minutos del partido ante Fulham en <i>Craven Cottage<\/i>. El duelo termin\u00f3 3-2 en favor de <i>los Blues<\/i>. <b>La reacci\u00f3n del p\u00fablico se repiti\u00f3 durante todo el tramo final del partido <\/b>desde que Enzo ingres\u00f3 en reemplazo de Romeo Lavia y prolong\u00f3 una secuencia que hab\u00eda ocurrido d\u00edas atr\u00e1s en Stamford Bridge, cuando tambi\u00e9n fue abucheado por hinchas de su propio equipo.<\/p>\n<p>Con esta incorporaci\u00f3n, el Manchester City da el golpe definitivo del mercado, sumando<b> la jerarqu\u00eda de un futbolista consolidado <\/b>en el plano internacional y listo para pelear por la corona de la Premier y la Champions League.<\/p>\n<h2>Los 10 fichajes m\u00e1s caros de la historia<\/h2>\n<p>1- Neymar: 222 millones de euros (de Barcelona a PSG)<\/p>\n<p>2- Kylian Mbapp\u00e9: 180 millones de euros (de M\u00f3naco a PSG)<\/p>\n<p>3- Ousmane Demb\u00e9l\u00e9: 148 millones de euros (de Borussia Dortmund a Barcelona)<\/p>\n<p>4- Alexander Isak: 145 millones de euros de Newcastle a Liverpool)<\/p>\n<p><b>5- Enzo Fern\u00e1ndez: 140 millones de euros (de Chelsea a Manchester City)<\/b><\/p>\n<p>6- Morgan Rogers: 138 millones de euros (de Aston Villa a Chelsea)<\/p>\n<p>7- Elliot Anderson: 135 millones de euros (de Nottingham Forest a Manchester City)<\/p>\n<p>8- Philippe Coutinho: 135 millones de euros (de Liverpool a Barcelona)<\/p>\n<p>9- Joao F\u00e9lix: 127 millones de euros (de Benfica a Atl\u00e9tico Madrid)<\/p>\n<p>10- Jude Bellingham: 127 millones de euros (de Borussia Dortmund a Real Madrid)<\/p>\n<h2>El mensaje de despedida de Enzo Fern\u00e1ndez<\/h2>\n<p><img loading=\"lazy\" decoding=\"async\" src=\"https:\/\/lobosnews.com.ar\/wp-content\/uploads\/2026\/09\/la-sentida-carta-con-la-que-enzo-fernandez-confirmo-su-pase-al-manchester-city-no-han-sido-dias-faciles-2.jpg\" alt=\"El mediocampista public\u00f3 este martes una extensa carta en redes sociales\" height=\"796\" width=\"1165\"\/><\/p>\n<p><i>Querido Chelsea:<\/i><\/p>\n<p><i>Quiero que sepan que estos no han sido d\u00edas f\u00e1ciles para m\u00ed. Escribir esto tampoco lo es. La verdad es que no he estado en un buen momento.<\/i><\/p>\n<p><i>Hace tres a\u00f1os, Cobham y Stamford Bridge se convirtieron en el hogar de mi familia y m\u00edo. Me encari\u00f1\u00e9 con la gente, con la camiseta y con el escudo de este incre\u00edble club.<\/i><\/p>\n<p><i>Cr\u00e9anme cuando les digo que, desde el momento en que llegu\u00e9, me obsesion\u00e9 con ganar y con darle a este club cada trofeo que su historia merece. Sufrimos, lloramos, me enoj\u00e9 muchas veces, pero tambi\u00e9n celebramos t\u00edtulos y victorias inolvidables. Juntos, en los buenos momentos y en los m\u00e1s dif\u00edciles.<\/i><\/p>\n<p><i>Vivo el f\u00fatbol de la misma manera en que vivo mi vida: con pasi\u00f3n y con todo mi coraz\u00f3n. Por eso quiero que sepan que los entiendo. Los entiendo de verdad, desde lo m\u00e1s profundo de mi coraz\u00f3n.<\/i><\/p>\n<p><i>Pero la vida implica tomar decisiones y ahora me encuentro ante una de esas decisiones dif\u00edciles. Ya lo dije antes, pero quiero repetirlo: le he tomado un cari\u00f1o enorme a este club. Chelsea siempre tendr\u00e1 un lugar en mis pensamientos y, sobre todo, en mi coraz\u00f3n.<\/i><\/p>\n<p><i>Tambi\u00e9n entiendo c\u00f3mo funciona el f\u00fatbol. S\u00e9 lo apasionados que son, porque yo soy igual. Y si estuviera en su lugar, probablemente pensar\u00eda de la misma manera.<\/i><\/p>\n<p><i>Quiero agradecerle a cada uno de ustedes: al personal, al cuerpo t\u00e9cnico, al equipo m\u00e9dico, a los fisioterapeutas y a todos los que trabajan en Cobham y en esta gran instituci\u00f3n.<\/i><\/p>\n<p><i>A todos mis compa\u00f1eros de estos a\u00f1os, gracias de coraz\u00f3n por compartir tantos momentos conmigo. Fui muy feliz aqu\u00ed y les deseo lo mejor para el futuro.<\/i><\/p>\n<p><i>Gracias por todo el amor y el apoyo que le brindaron a mi familia y a m\u00ed durante estos a\u00f1os. Nunca lo olvidar\u00e9.<\/i><\/p>\n<p><i>Este grupo les dar\u00e1 muchas m\u00e1s razones para estar felices, y yo tambi\u00e9n me alegrar\u00e9 por ustedes. Nunca lo duden.<\/i><\/p>\n<p><i>Siempre estar\u00e1n en mi coraz\u00f3n, Blues. Siempre les desear\u00e9, siempre, lo mejor.<\/i><\/p>\n<p><i>Siempre Blue.<\/i><\/p>\n<p><i>Gracias, Chelsea. <img decoding=\"async\" src=\"https:\/\/lobosnews.com.ar\/wp-content\/uploads\/2026\/09\/la-sentida-carta-con-la-que-enzo-fernandez-confirmo-su-pase-al-manchester-city-no-han-sido-dias-faciles.png\" alt=\"\ud83d\udc99\" class=\"wp-smiley\" style=\"height: 1em; max-height: 1em;\" \/><\/i><\/p>\n<p><i>Enzo.<\/i><\/p>\n","protected":false},"excerpt":{"rendered":"<p>El mercado de pases de Europa cierra con el movimiento m\u00e1s impactante del a\u00f1o. El Manchester City oficializ\u00f3 la contrataci\u00f3n del mediocampista argentino Enzo Fern\u00e1ndez tras alcanzar un acuerdo total con el Chelsea por una cifra astron\u00f3mica de 140 millones de euros fijos, que con variables adicionales podr\u00eda escalar hasta los 160 millones. El volante&#8230;<\/p>\n","protected":false},"author":1,"featured_media":0,"comment_status":"open","ping_status":"closed","sticky":false,"template":"","format":"standard","meta":{"_jetpack_newsletter_access":"","_jetpack_dont_email_post_to_subs":false,"_jetpack_newsletter_tier_id":0,"_jetpack_memberships_contains_paywalled_content":false,"_jetpack_memberships_contains_paid_content":false,"footnotes":"","jetpack_post_was_ever_published":false},"categories":[30],"tags":[39],"class_list":["post-96303","post","type-post","status-publish","format-standard","hentry","category-argentina","tag-deportes"],"magazineBlocksPostFeaturedMedia":{"thumbnail":false,"medium":false,"medium_large":false,"large":false,"1536x1536":false,"2048x2048":false,"newsmatic-featured":false,"newsmatic-list":false,"newsmatic-thumb":false,"newsmatic-small":false,"newsmatic-grid":false},"magazineBlocksPostAuthor":{"name":"admin","avatar":"https:\/\/secure.gravatar.com\/avatar\/76e419471a2083bc3ceab22a763dbbf9b0c1bd15a6214cf3280e2c2dde4580f9?s=96&d=mm&r=g"},"magazineBlocksPostCommentsNumber":"0","magazineBlocksPostExcerpt":"El mercado de pases de Europa cierra con el movimiento m\u00e1s impactante del a\u00f1o. El Manchester City oficializ\u00f3 la contrataci\u00f3n del mediocampista argentino Enzo Fern\u00e1ndez tras alcanzar un acuerdo total con el Chelsea por una cifra astron\u00f3mica de 140 millones de euros fijos, que con variables adicionales podr\u00eda escalar hasta los 160 millones. El volante...","magazineBlocksPostCategories":["Argentina"],"magazineBlocksPostViewCount":58,"magazineBlocksPostReadTime":7,"magazine_blocks_featured_image_url":{"full":false,"medium":false,"thumbnail":false},"magazine_blocks_author":{"display_name":"admin","author_link":"https:\/\/lobosnews.com.ar\/index.php\/author\/lobos-news\/"},"magazine_blocks_comment":0,"magazine_blocks_author_image":"https:\/\/secure.gravatar.com\/avatar\/76e419471a2083bc3ceab22a763dbbf9b0c1bd15a6214cf3280e2c2dde4580f9?s=96&d=mm&r=g","magazine_blocks_category":"<a href=\"#\" class=\"category-link category-link-30\">Argentina<\/a>","yoast_head":"<!-- This site is optimized with the Yoast SEO plugin v28.0 - https:\/\/yoast.com\/product\/yoast-seo-wordpress\/ -->\n<title>La sentida carta con la que Enzo Fern\u00e1ndez confirm\u00f3 su pase al Manchester City: \u201cNo han sido d\u00edas f\u00e1ciles\u201d - Lobos News<\/title>\n<meta name=\"robots\" content=\"index, follow, max-snippet:-1, max-image-preview:large, max-video-preview:-1\" \/>\n<link rel=\"canonical\" href=\"https:\/\/lobosnews.com.ar\/index.php\/2026\/09\/01\/la-sentida-carta-con-la-que-enzo-fernandez-confirmo-su-pase-al-manchester-city-no-han-sido-dias-faciles\/\" \/>\n<meta property=\"og:locale\" content=\"es_ES\" \/>\n<meta property=\"og:type\" content=\"article\" \/>\n<meta property=\"og:title\" content=\"La sentida carta con la que Enzo Fern\u00e1ndez confirm\u00f3 su pase al Manchester City: \u201cNo han sido d\u00edas f\u00e1ciles\u201d - Lobos News\" \/>\n<meta property=\"og:description\" content=\"El mercado de pases de Europa cierra con el movimiento m\u00e1s impactante del a\u00f1o. El Manchester City oficializ\u00f3 la contrataci\u00f3n del mediocampista argentino Enzo Fern\u00e1ndez tras alcanzar un acuerdo total con el Chelsea por una cifra astron\u00f3mica de 140 millones de euros fijos, que con variables adicionales podr\u00eda escalar hasta los 160 millones. El volante...\" \/>\n<meta property=\"og:url\" content=\"https:\/\/lobosnews.com.ar\/index.php\/2026\/09\/01\/la-sentida-carta-con-la-que-enzo-fernandez-confirmo-su-pase-al-manchester-city-no-han-sido-dias-faciles\/\" \/>\n<meta property=\"og:site_name\" content=\"Lobos News\" \/>\n<meta property=\"article:published_time\" content=\"2026-09-01T22:18:06+00:00\" \/>\n<meta property=\"article:modified_time\" content=\"2026-09-01T23:23:41+00:00\" \/>\n<meta property=\"og:image\" content=\"https:\/\/lobosnews.com.ar\/wp-content\/uploads\/2026\/09\/la-sentida-carta-con-la-que-enzo-fernandez-confirmo-su-pase-al-manchester-city-no-han-sido-dias-faciles.jpg\" \/>\n<meta name=\"author\" content=\"admin\" \/>\n<meta name=\"twitter:card\" content=\"summary_large_image\" \/>\n<meta name=\"twitter:label1\" content=\"Escrito por\" \/>\n\t<meta name=\"twitter:data1\" content=\"admin\" \/>\n\t<meta name=\"twitter:label2\" content=\"Tiempo de lectura\" \/>\n\t<meta name=\"twitter:data2\" content=\"7 minutos\" \/>\n<script type=\"application\/ld+json\" class=\"yoast-schema-graph\">{\"@context\":\"https:\\\/\\\/schema.org\",\"@graph\":[{\"@type\":\"Article\",\"@id\":\"https:\\\/\\\/lobosnews.com.ar\\\/index.php\\\/2026\\\/09\\\/01\\\/la-sentida-carta-con-la-que-enzo-fernandez-confirmo-su-pase-al-manchester-city-no-han-sido-dias-faciles\\\/#article\",\"isPartOf\":{\"@id\":\"https:\\\/\\\/lobosnews.com.ar\\\/index.php\\\/2026\\\/09\\\/01\\\/la-sentida-carta-con-la-que-enzo-fernandez-confirmo-su-pase-al-manchester-city-no-han-sido-dias-faciles\\\/\"},\"author\":{\"name\":\"admin\",\"@id\":\"https:\\\/\\\/lobosnews.com.ar\\\/#\\\/schema\\\/person\\\/232422a593d5c541dd9aef6aaed10943\"},\"headline\":\"La sentida carta con la que Enzo Fern\u00e1ndez confirm\u00f3 su pase al Manchester City: \u201cNo han sido d\u00edas f\u00e1ciles\u201d\",\"datePublished\":\"2026-09-01T22:18:06+00:00\",\"dateModified\":\"2026-09-01T23:23:41+00:00\",\"mainEntityOfPage\":{\"@id\":\"https:\\\/\\\/lobosnews.com.ar\\\/index.php\\\/2026\\\/09\\\/01\\\/la-sentida-carta-con-la-que-enzo-fernandez-confirmo-su-pase-al-manchester-city-no-han-sido-dias-faciles\\\/\"},\"wordCount\":1392,\"commentCount\":0,\"publisher\":{\"@id\":\"https:\\\/\\\/lobosnews.com.ar\\\/#organization\"},\"image\":{\"@id\":\"https:\\\/\\\/lobosnews.com.ar\\\/index.php\\\/2026\\\/09\\\/01\\\/la-sentida-carta-con-la-que-enzo-fernandez-confirmo-su-pase-al-manchester-city-no-han-sido-dias-faciles\\\/#primaryimage\"},\"thumbnailUrl\":\"https:\\\/\\\/lobosnews.com.ar\\\/wp-content\\\/uploads\\\/2026\\\/09\\\/la-sentida-carta-con-la-que-enzo-fernandez-confirmo-su-pase-al-manchester-city-no-han-sido-dias-faciles.jpg\",\"keywords\":[\"Deportes\"],\"articleSection\":[\"Argentina\"],\"inLanguage\":\"es\",\"potentialAction\":[{\"@type\":\"CommentAction\",\"name\":\"Comment\",\"target\":[\"https:\\\/\\\/lobosnews.com.ar\\\/index.php\\\/2026\\\/09\\\/01\\\/la-sentida-carta-con-la-que-enzo-fernandez-confirmo-su-pase-al-manchester-city-no-han-sido-dias-faciles\\\/#respond\"]}]},{\"@type\":\"WebPage\",\"@id\":\"https:\\\/\\\/lobosnews.com.ar\\\/index.php\\\/2026\\\/09\\\/01\\\/la-sentida-carta-con-la-que-enzo-fernandez-confirmo-su-pase-al-manchester-city-no-han-sido-dias-faciles\\\/\",\"url\":\"https:\\\/\\\/lobosnews.com.ar\\\/index.php\\\/2026\\\/09\\\/01\\\/la-sentida-carta-con-la-que-enzo-fernandez-confirmo-su-pase-al-manchester-city-no-han-sido-dias-faciles\\\/\",\"name\":\"La sentida carta con la que Enzo Fern\u00e1ndez confirm\u00f3 su pase al Manchester City: \u201cNo han sido d\u00edas f\u00e1ciles\u201d - Lobos News\",\"isPartOf\":{\"@id\":\"https:\\\/\\\/lobosnews.com.ar\\\/#website\"},\"primaryImageOfPage\":{\"@id\":\"https:\\\/\\\/lobosnews.com.ar\\\/index.php\\\/2026\\\/09\\\/01\\\/la-sentida-carta-con-la-que-enzo-fernandez-confirmo-su-pase-al-manchester-city-no-han-sido-dias-faciles\\\/#primaryimage\"},\"image\":{\"@id\":\"https:\\\/\\\/lobosnews.com.ar\\\/index.php\\\/2026\\\/09\\\/01\\\/la-sentida-carta-con-la-que-enzo-fernandez-confirmo-su-pase-al-manchester-city-no-han-sido-dias-faciles\\\/#primaryimage\"},\"thumbnailUrl\":\"https:\\\/\\\/lobosnews.com.ar\\\/wp-content\\\/uploads\\\/2026\\\/09\\\/la-sentida-carta-con-la-que-enzo-fernandez-confirmo-su-pase-al-manchester-city-no-han-sido-dias-faciles.jpg\",\"datePublished\":\"2026-09-01T22:18:06+00:00\",\"dateModified\":\"2026-09-01T23:23:41+00:00\",\"breadcrumb\":{\"@id\":\"https:\\\/\\\/lobosnews.com.ar\\\/index.php\\\/2026\\\/09\\\/01\\\/la-sentida-carta-con-la-que-enzo-fernandez-confirmo-su-pase-al-manchester-city-no-han-sido-dias-faciles\\\/#breadcrumb\"},\"inLanguage\":\"es\",\"potentialAction\":[{\"@type\":\"ReadAction\",\"target\":[\"https:\\\/\\\/lobosnews.com.ar\\\/index.php\\\/2026\\\/09\\\/01\\\/la-sentida-carta-con-la-que-enzo-fernandez-confirmo-su-pase-al-manchester-city-no-han-sido-dias-faciles\\\/\"]}]},{\"@type\":\"ImageObject\",\"inLanguage\":\"es\",\"@id\":\"https:\\\/\\\/lobosnews.com.ar\\\/index.php\\\/2026\\\/09\\\/01\\\/la-sentida-carta-con-la-que-enzo-fernandez-confirmo-su-pase-al-manchester-city-no-han-sido-dias-faciles\\\/#primaryimage\",\"url\":\"https:\\\/\\\/lobosnews.com.ar\\\/wp-content\\\/uploads\\\/2026\\\/09\\\/la-sentida-carta-con-la-que-enzo-fernandez-confirmo-su-pase-al-manchester-city-no-han-sido-dias-faciles-scaled.jpg\",\"contentUrl\":\"https:\\\/\\\/lobosnews.com.ar\\\/wp-content\\\/uploads\\\/2026\\\/09\\\/la-sentida-carta-con-la-que-enzo-fernandez-confirmo-su-pase-al-manchester-city-no-han-sido-dias-faciles-scaled.jpg\",\"width\":2560,\"height\":1440},{\"@type\":\"BreadcrumbList\",\"@id\":\"https:\\\/\\\/lobosnews.com.ar\\\/index.php\\\/2026\\\/09\\\/01\\\/la-sentida-carta-con-la-que-enzo-fernandez-confirmo-su-pase-al-manchester-city-no-han-sido-dias-faciles\\\/#breadcrumb\",\"itemListElement\":[{\"@type\":\"ListItem\",\"position\":1,\"name\":\"Portada\",\"item\":\"https:\\\/\\\/lobosnews.com.ar\\\/\"},{\"@type\":\"ListItem\",\"position\":2,\"name\":\"La sentida carta con la que Enzo Fern\u00e1ndez confirm\u00f3 su pase al Manchester City: \u201cNo han sido d\u00edas f\u00e1ciles\u201d\"}]},{\"@type\":\"WebSite\",\"@id\":\"https:\\\/\\\/lobosnews.com.ar\\\/#website\",\"url\":\"https:\\\/\\\/lobosnews.com.ar\\\/\",\"name\":\"Lobos News\",\"description\":\"Informaci\u00f3n a cada instante\",\"publisher\":{\"@id\":\"https:\\\/\\\/lobosnews.com.ar\\\/#organization\"},\"potentialAction\":[{\"@type\":\"SearchAction\",\"target\":{\"@type\":\"EntryPoint\",\"urlTemplate\":\"https:\\\/\\\/lobosnews.com.ar\\\/?s={search_term_string}\"},\"query-input\":{\"@type\":\"PropertyValueSpecification\",\"valueRequired\":true,\"valueName\":\"search_term_string\"}}],\"inLanguage\":\"es\"},{\"@type\":\"Organization\",\"@id\":\"https:\\\/\\\/lobosnews.com.ar\\\/#organization\",\"name\":\"Lobos News\",\"url\":\"https:\\\/\\\/lobosnews.com.ar\\\/\",\"logo\":{\"@type\":\"ImageObject\",\"inLanguage\":\"es\",\"@id\":\"https:\\\/\\\/lobosnews.com.ar\\\/#\\\/schema\\\/logo\\\/image\\\/\",\"url\":\"https:\\\/\\\/lobosnews.com.ar\\\/wp-content\\\/uploads\\\/2026\\\/01\\\/logo-lobosnews.png\",\"contentUrl\":\"https:\\\/\\\/lobosnews.com.ar\\\/wp-content\\\/uploads\\\/2026\\\/01\\\/logo-lobosnews.png\",\"width\":500,\"height\":200,\"caption\":\"Lobos News\"},\"image\":{\"@id\":\"https:\\\/\\\/lobosnews.com.ar\\\/#\\\/schema\\\/logo\\\/image\\\/\"}},{\"@type\":\"Person\",\"@id\":\"https:\\\/\\\/lobosnews.com.ar\\\/#\\\/schema\\\/person\\\/232422a593d5c541dd9aef6aaed10943\",\"name\":\"admin\",\"image\":{\"@type\":\"ImageObject\",\"inLanguage\":\"es\",\"@id\":\"https:\\\/\\\/secure.gravatar.com\\\/avatar\\\/76e419471a2083bc3ceab22a763dbbf9b0c1bd15a6214cf3280e2c2dde4580f9?s=96&d=mm&r=g\",\"url\":\"https:\\\/\\\/secure.gravatar.com\\\/avatar\\\/76e419471a2083bc3ceab22a763dbbf9b0c1bd15a6214cf3280e2c2dde4580f9?s=96&d=mm&r=g\",\"contentUrl\":\"https:\\\/\\\/secure.gravatar.com\\\/avatar\\\/76e419471a2083bc3ceab22a763dbbf9b0c1bd15a6214cf3280e2c2dde4580f9?s=96&d=mm&r=g\",\"caption\":\"admin\"},\"sameAs\":[\"https:\\\/\\\/lobosnews.com.ar\"],\"url\":\"https:\\\/\\\/lobosnews.com.ar\\\/index.php\\\/author\\\/lobos-news\\\/\"}]}<\/script>\n<!-- \/ Yoast SEO plugin. -->","yoast_head_json":{"title":"La sentida carta con la que Enzo Fern\u00e1ndez confirm\u00f3 su pase al Manchester City: \u201cNo han sido d\u00edas f\u00e1ciles\u201d - Lobos News","robots":{"index":"index","follow":"follow","max-snippet":"max-snippet:-1","max-image-preview":"max-image-preview:large","max-video-preview":"max-video-preview:-1"},"canonical":"https:\/\/lobosnews.com.ar\/index.php\/2026\/09\/01\/la-sentida-carta-con-la-que-enzo-fernandez-confirmo-su-pase-al-manchester-city-no-han-sido-dias-faciles\/","og_locale":"es_ES","og_type":"article","og_title":"La sentida carta con la que Enzo Fern\u00e1ndez confirm\u00f3 su pase al Manchester City: \u201cNo han sido d\u00edas f\u00e1ciles\u201d - Lobos News","og_description":"El mercado de pases de Europa cierra con el movimiento m\u00e1s impactante del a\u00f1o. El Manchester City oficializ\u00f3 la contrataci\u00f3n del mediocampista argentino Enzo Fern\u00e1ndez tras alcanzar un acuerdo total con el Chelsea por una cifra astron\u00f3mica de 140 millones de euros fijos, que con variables adicionales podr\u00eda escalar hasta los 160 millones. El volante...","og_url":"https:\/\/lobosnews.com.ar\/index.php\/2026\/09\/01\/la-sentida-carta-con-la-que-enzo-fernandez-confirmo-su-pase-al-manchester-city-no-han-sido-dias-faciles\/","og_site_name":"Lobos News","article_published_time":"2026-09-01T22:18:06+00:00","article_modified_time":"2026-09-01T23:23:41+00:00","og_image":[{"url":"https:\/\/lobosnews.com.ar\/wp-content\/uploads\/2026\/09\/la-sentida-carta-con-la-que-enzo-fernandez-confirmo-su-pase-al-manchester-city-no-han-sido-dias-faciles.jpg","type":"","width":"","height":""}],"author":"admin","twitter_card":"summary_large_image","twitter_misc":{"Escrito por":"admin","Tiempo de lectura":"7 minutos"},"schema":{"@context":"https:\/\/schema.org","@graph":[{"@type":"Article","@id":"https:\/\/lobosnews.com.ar\/index.php\/2026\/09\/01\/la-sentida-carta-con-la-que-enzo-fernandez-confirmo-su-pase-al-manchester-city-no-han-sido-dias-faciles\/#article","isPartOf":{"@id":"https:\/\/lobosnews.com.ar\/index.php\/2026\/09\/01\/la-sentida-carta-con-la-que-enzo-fernandez-confirmo-su-pase-al-manchester-city-no-han-sido-dias-faciles\/"},"author":{"name":"admin","@id":"https:\/\/lobosnews.com.ar\/#\/schema\/person\/232422a593d5c541dd9aef6aaed10943"},"headline":"La sentida carta con la que Enzo Fern\u00e1ndez confirm\u00f3 su pase al Manchester City: \u201cNo han sido d\u00edas f\u00e1ciles\u201d","datePublished":"2026-09-01T22:18:06+00:00","dateModified":"2026-09-01T23:23:41+00:00","mainEntityOfPage":{"@id":"https:\/\/lobosnews.com.ar\/index.php\/2026\/09\/01\/la-sentida-carta-con-la-que-enzo-fernandez-confirmo-su-pase-al-manchester-city-no-han-sido-dias-faciles\/"},"wordCount":1392,"commentCount":0,"publisher":{"@id":"https:\/\/lobosnews.com.ar\/#organization"},"image":{"@id":"https:\/\/lobosnews.com.ar\/index.php\/2026\/09\/01\/la-sentida-carta-con-la-que-enzo-fernandez-confirmo-su-pase-al-manchester-city-no-han-sido-dias-faciles\/#primaryimage"},"thumbnailUrl":"https:\/\/lobosnews.com.ar\/wp-content\/uploads\/2026\/09\/la-sentida-carta-con-la-que-enzo-fernandez-confirmo-su-pase-al-manchester-city-no-han-sido-dias-faciles.jpg","keywords":["Deportes"],"articleSection":["Argentina"],"inLanguage":"es","potentialAction":[{"@type":"CommentAction","name":"Comment","target":["https:\/\/lobosnews.com.ar\/index.php\/2026\/09\/01\/la-sentida-carta-con-la-que-enzo-fernandez-confirmo-su-pase-al-manchester-city-no-han-sido-dias-faciles\/#respond"]}]},{"@type":"WebPage","@id":"https:\/\/lobosnews.com.ar\/index.php\/2026\/09\/01\/la-sentida-carta-con-la-que-enzo-fernandez-confirmo-su-pase-al-manchester-city-no-han-sido-dias-faciles\/","url":"https:\/\/lobosnews.com.ar\/index.php\/2026\/09\/01\/la-sentida-carta-con-la-que-enzo-fernandez-confirmo-su-pase-al-manchester-city-no-han-sido-dias-faciles\/","name":"La sentida carta con la que Enzo Fern\u00e1ndez confirm\u00f3 su pase al Manchester City: \u201cNo han sido d\u00edas f\u00e1ciles\u201d - Lobos News","isPartOf":{"@id":"https:\/\/lobosnews.com.ar\/#website"},"primaryImageOfPage":{"@id":"https:\/\/lobosnews.com.ar\/index.php\/2026\/09\/01\/la-sentida-carta-con-la-que-enzo-fernandez-confirmo-su-pase-al-manchester-city-no-han-sido-dias-faciles\/#primaryimage"},"image":{"@id":"https:\/\/lobosnews.com.ar\/index.php\/2026\/09\/01\/la-sentida-carta-con-la-que-enzo-fernandez-confirmo-su-pase-al-manchester-city-no-han-sido-dias-faciles\/#primaryimage"},"thumbnailUrl":"https:\/\/lobosnews.com.ar\/wp-content\/uploads\/2026\/09\/la-sentida-carta-con-la-que-enzo-fernandez-confirmo-su-pase-al-manchester-city-no-han-sido-dias-faciles.jpg","datePublished":"2026-09-01T22:18:06+00:00","dateModified":"2026-09-01T23:23:41+00:00","breadcrumb":{"@id":"https:\/\/lobosnews.com.ar\/index.php\/2026\/09\/01\/la-sentida-carta-con-la-que-enzo-fernandez-confirmo-su-pase-al-manchester-city-no-han-sido-dias-faciles\/#breadcrumb"},"inLanguage":"es","potentialAction":[{"@type":"ReadAction","target":["https:\/\/lobosnews.com.ar\/index.php\/2026\/09\/01\/la-sentida-carta-con-la-que-enzo-fernandez-confirmo-su-pase-al-manchester-city-no-han-sido-dias-faciles\/"]}]},{"@type":"ImageObject","inLanguage":"es","@id":"https:\/\/lobosnews.com.ar\/index.php\/2026\/09\/01\/la-sentida-carta-con-la-que-enzo-fernandez-confirmo-su-pase-al-manchester-city-no-han-sido-dias-faciles\/#primaryimage","url":"https:\/\/lobosnews.com.ar\/wp-content\/uploads\/2026\/09\/la-sentida-carta-con-la-que-enzo-fernandez-confirmo-su-pase-al-manchester-city-no-han-sido-dias-faciles-scaled.jpg","contentUrl":"https:\/\/lobosnews.com.ar\/wp-content\/uploads\/2026\/09\/la-sentida-carta-con-la-que-enzo-fernandez-confirmo-su-pase-al-manchester-city-no-han-sido-dias-faciles-scaled.jpg","width":2560,"height":1440},{"@type":"BreadcrumbList","@id":"https:\/\/lobosnews.com.ar\/index.php\/2026\/09\/01\/la-sentida-carta-con-la-que-enzo-fernandez-confirmo-su-pase-al-manchester-city-no-han-sido-dias-faciles\/#breadcrumb","itemListElement":[{"@type":"ListItem","position":1,"name":"Portada","item":"https:\/\/lobosnews.com.ar\/"},{"@type":"ListItem","position":2,"name":"La sentida carta con la que Enzo Fern\u00e1ndez confirm\u00f3 su pase al Manchester City: \u201cNo han sido d\u00edas f\u00e1ciles\u201d"}]},{"@type":"WebSite","@id":"https:\/\/lobosnews.com.ar\/#website","url":"https:\/\/lobosnews.com.ar\/","name":"Lobos News","description":"Informaci\u00f3n a cada instante","publisher":{"@id":"https:\/\/lobosnews.com.ar\/#organization"},"potentialAction":[{"@type":"SearchAction","target":{"@type":"EntryPoint","urlTemplate":"https:\/\/lobosnews.com.ar\/?s={search_term_string}"},"query-input":{"@type":"PropertyValueSpecification","valueRequired":true,"valueName":"search_term_string"}}],"inLanguage":"es"},{"@type":"Organization","@id":"https:\/\/lobosnews.com.ar\/#organization","name":"Lobos News","url":"https:\/\/lobosnews.com.ar\/","logo":{"@type":"ImageObject","inLanguage":"es","@id":"https:\/\/lobosnews.com.ar\/#\/schema\/logo\/image\/","url":"https:\/\/lobosnews.com.ar\/wp-content\/uploads\/2026\/01\/logo-lobosnews.png","contentUrl":"https:\/\/lobosnews.com.ar\/wp-content\/uploads\/2026\/01\/logo-lobosnews.png","width":500,"height":200,"caption":"Lobos News"},"image":{"@id":"https:\/\/lobosnews.com.ar\/#\/schema\/logo\/image\/"}},{"@type":"Person","@id":"https:\/\/lobosnews.com.ar\/#\/schema\/person\/232422a593d5c541dd9aef6aaed10943","name":"admin","image":{"@type":"ImageObject","inLanguage":"es","@id":"https:\/\/secure.gravatar.com\/avatar\/76e419471a2083bc3ceab22a763dbbf9b0c1bd15a6214cf3280e2c2dde4580f9?s=96&d=mm&r=g","url":"https:\/\/secure.gravatar.com\/avatar\/76e419471a2083bc3ceab22a763dbbf9b0c1bd15a6214cf3280e2c2dde4580f9?s=96&d=mm&r=g","contentUrl":"https:\/\/secure.gravatar.com\/avatar\/76e419471a2083bc3ceab22a763dbbf9b0c1bd15a6214cf3280e2c2dde4580f9?s=96&d=mm&r=g","caption":"admin"},"sameAs":["https:\/\/lobosnews.com.ar"],"url":"https:\/\/lobosnews.com.ar\/index.php\/author\/lobos-news\/"}]}},"jetpack_featured_media_url":"","jetpack_sharing_enabled":true,"_links":{"self":[{"href":"https:\/\/lobosnews.com.ar\/index.php\/wp-json\/wp\/v2\/posts\/96303","targetHints":{"allow":["GET"]}}],"collection":[{"href":"https:\/\/lobosnews.com.ar\/index.php\/wp-json\/wp\/v2\/posts"}],"about":[{"href":"https:\/\/lobosnews.com.ar\/index.php\/wp-json\/wp\/v2\/types\/post"}],"author":[{"embeddable":true,"href":"https:\/\/lobosnews.com.ar\/index.php\/wp-json\/wp\/v2\/users\/1"}],"replies":[{"embeddable":true,"href":"https:\/\/lobosnews.com.ar\/index.php\/wp-json\/wp\/v2\/comments?post=96303"}],"version-history":[{"count":1,"href":"https:\/\/lobosnews.com.ar\/index.php\/wp-json\/wp\/v2\/posts\/96303\/revisions"}],"predecessor-version":[{"id":96308,"href":"https:\/\/lobosnews.com.ar\/index.php\/wp-json\/wp\/v2\/posts\/96303\/revisions\/96308"}],"wp:attachment":[{"href":"https:\/\/lobosnews.com.ar\/index.php\/wp-json\/wp\/v2\/media?parent=96303"}],"wp:term":[{"taxonomy":"category","embeddable":true,"href":"https:\/\/lobosnews.com.ar\/index.php\/wp-json\/wp\/v2\/categories?post=96303"},{"taxonomy":"post_tag","embeddable":true,"href":"https:\/\/lobosnews.com.ar\/index.php\/wp-json\/wp\/v2\/tags?post=96303"}],"curies":[{"name":"wp","href":"https:\/\/api.w.org\/{rel}","templated":true}]}}