{"id":96271,"date":"2026-09-01T13:33:46","date_gmt":"2026-09-01T13:33:46","guid":{"rendered":"https:\/\/lobosnews.com.ar\/?p=96271"},"modified":"2026-09-01T16:59:27","modified_gmt":"2026-09-01T16:59:27","slug":"un-brote-de-una-enfermedad-transmitida-por-mosquitos-causo-dos-muertes-y-concentro-el-97-de-los-casos-en-el-noa","status":"publish","type":"post","link":"https:\/\/lobosnews.com.ar\/index.php\/2026\/09\/01\/un-brote-de-una-enfermedad-transmitida-por-mosquitos-causo-dos-muertes-y-concentro-el-97-de-los-casos-en-el-noa\/","title":{"rendered":"Un brote de una enfermedad transmitida por mosquitos caus\u00f3 dos muertes y concentr\u00f3 el 97% de los casos en el NOA"},"content":{"rendered":"<p><img loading=\"lazy\" decoding=\"async\" src=\"https:\/\/lobosnews.com.ar\/wp-content\/uploads\/2026\/09\/un-brote-de-una-enfermedad-transmitida-por-mosquitos-causo-dos-muertes-y-concentro-el-97-de-los-casos-en-el-noa.jpg\" alt=\"La chikungunya concentr\u00f3 el principal brote de arbovirosis de la temporada 2025-2026 en Argentina, con foco en el noroeste del pa\u00eds. (Imagen Ilustrativa Infobae)\" height=\"1536\" width=\"2752\"\/><\/p>\n<p>La <span class=\"waslinkname\"><b>fiebre chikungunya<\/b><\/span><b> concentr\u00f3 el principal brote de arbovirosis de la temporada 2025-2026 en Argentina<\/b>, en un escenario sanitario que mostr\u00f3 al mismo tiempo una circulaci\u00f3n de <b>dengue<\/b> muy por debajo de los a\u00f1os previos, vigilancia sostenida sobre otros cuadros febriles y una temporada respiratoria con predominio de <b>virus sincicial respiratorio (VSR)<\/b> entre los pacientes internados. El \u00faltimo <b>Bolet\u00edn Epidemiol\u00f3gico Nacional (BEN)<\/b>, correspondiente a la semana epidemiol\u00f3gica 33, ubic\u00f3 al brote con eje en el <span class=\"waslinkname\">noroeste del pa\u00eds<\/span> y lo distingui\u00f3 como el evento m\u00e1s relevante entre las enfermedades transmitidas por mosquitos durante el \u00faltimo ciclo.<\/p>\n<p>Seg\u00fan el cierre de temporada incluido en el BEN, se notificaron <b>3.730 casos confirmados o probables de <\/b><span class=\"waslinkname\"><b>chikungunya<\/b><\/span> sobre un total de 13.308 sospechosos. La curva alcanz\u00f3 su m\u00e1ximo en la <b>semana epidemiol\u00f3gica 16 de 2026<\/b>, con <b>614 casos notificados<\/b>, y luego mostr\u00f3 una ca\u00edda progresiva hasta el final del per\u00edodo analizado.<\/p>\n<p>La concentraci\u00f3n territorial fue marcada. El <b>97% de los casos<\/b> se localiz\u00f3 en la regi\u00f3n <b>NOA<\/b>, sobre todo en <b>Salta<\/b>, <span class=\"waslinkname\"><b>Tucum\u00e1n<\/b><\/span> y <b>Jujuy<\/b>. El informe indic\u00f3 adem\u00e1s que <b>el 83% de los afectados no ten\u00eda antecedente de viaje<\/b>, un dato que apunt\u00f3 a un predominio de la transmisi\u00f3n local. Tambi\u00e9n se registraron brotes o casos en <b>Catamarca<\/b>, <b>Santiago del Estero<\/b>, <b>provincia de Buenos Aires<\/b>, <b>Ciudad Aut\u00f3noma de Buenos Aires<\/b> y <b>C\u00f3rdoba<\/b>.<\/p>\n<p>El evento tuvo su origen en la detecci\u00f3n de casos importados desde <b>Bolivia<\/b>, con posterior expansi\u00f3n local. La vigilancia gen\u00f3mica identific\u00f3 en las muestras estudiadas el genotipo <b>ECSA<\/b>, vinculado con virus circulantes en <b>Brasil<\/b> y <b>Bolivia<\/b>. El BEN precis\u00f3, adem\u00e1s, que no se detect\u00f3 la mutaci\u00f3n <b>E1-A226V<\/b>, asociada con una mayor adaptaci\u00f3n del virus al mosquito <i>Aedes albopictus<\/i>.<\/p>\n<p><img loading=\"lazy\" decoding=\"async\" src=\"https:\/\/lobosnews.com.ar\/wp-content\/uploads\/2026\/09\/un-brote-de-una-enfermedad-transmitida-por-mosquitos-causo-dos-muertes-y-concentro-el-97-de-los-casos-en-el-noa-1.jpg\" alt=\"El 97% de los casos de chikungunya se localiz\u00f3 en el NOA y el 83% de los afectados no tuvo antecedente de viaje, lo que indic\u00f3 transmisi\u00f3n local. (Imagen Ilustrativa Infobae)\" height=\"816\" width=\"1456\"\/><\/p>\n<p>La caracterizaci\u00f3n cl\u00ednica del brote agreg\u00f3 una dimensi\u00f3n de gravedad. La mediana de edad de los casos fue de <b>31 a\u00f1os<\/b> y el mayor n\u00famero se concentr\u00f3 en el grupo de <b>10 a 19 a\u00f1os<\/b>. Del total, <b>239 pacientes requirieron hospitalizaci\u00f3n<\/b>, se notificaron <b>9 casos graves<\/b> y se confirmaron <b>2 fallecimientos<\/b>, ambos en la provincia de <b>Salta<\/b>. Entre los cuadros graves se incluyeron neonatos en cuidados intensivos, una mujer de 33 a\u00f1os con encefalitis, una lactante de cuatro meses con asistencia respiratoria mec\u00e1nica y un hombre de 81 a\u00f1os con compromiso sist\u00e9mico, seg\u00fan el BEN.<\/p>\n<h2>El dengue cerr\u00f3 una temporada de circulaci\u00f3n baja, sin casos graves y con 71 confirmados<\/h2>\n<p>En contraste con la magnitud del brote de chikungunya, la temporada de dengue 2025-2026 mostr\u00f3 una circulaci\u00f3n baja y sin transmisi\u00f3n sostenida. El informe oficial consign\u00f3 <b>71 casos confirmados<\/b> de un total de <b>28.028 sospechosos<\/b> y <b>189 probables<\/b>. Entre los confirmados, <b>39 fueron aut\u00f3ctonos<\/b> y <b>32 importados<\/b>, con antecedentes de viaje a pa\u00edses de <b>Am\u00e9rica Latina y el Caribe<\/b>, <b>\u00c1frica<\/b> y <b>Asia<\/b>.<\/p>\n<p>El BEN remarc\u00f3 que no se registraron casos graves y que la mayor parte de los confirmados se concentr\u00f3 en la primera parte del a\u00f1o. <b>El 79% de los casos confirmados se notific\u00f3 entre las semanas 1 y 22 de 2026<\/b>, mientras que el mayor n\u00famero semanal fue de <b>8 casos en la semana 10<\/b>.<\/p>\n<p><img loading=\"lazy\" decoding=\"async\" src=\"https:\/\/lobosnews.com.ar\/wp-content\/uploads\/2026\/09\/un-brote-de-una-enfermedad-transmitida-por-mosquitos-causo-dos-muertes-y-concentro-el-97-de-los-casos-en-el-noa-2.jpg\" alt=\"La infograf\u00eda detalla m\u00e9todos esenciales para el control de mosquitos, incluyendo el manejo del agua en macetas y la elecci\u00f3n de plantas aliadas para un hogar seguro. (Imagen Ilustrativa Infobae)\" height=\"2752\" width=\"1536\"\/><\/p>\n<p>La regi\u00f3n <b>Centro<\/b> concentr\u00f3 el <b>83% de los casos<\/b>, en especial en <b>CABA<\/b> y la <b>provincia de Buenos Aires<\/b>, un dato que consolid\u00f3 el desplazamiento del principal escenario de circulaci\u00f3n hacia esa zona del pa\u00eds. Entre las semanas 9 y 17 se detect\u00f3 un peque\u00f1o conglomerado en <b>Villa Real<\/b>, en la ciudad de Buenos Aires, que luego fue controlado. En las regiones <b>Sur<\/b> y <b>Cuyo<\/b> no se registraron casos aut\u00f3ctonos, mientras que en <b>Jujuy<\/b> se detect\u00f3 el primer y \u00fanico caso de <b>DENV-3<\/b> sin antecedente de viaje de toda la temporada.<\/p>\n<h2>La aparici\u00f3n de DENV-3 qued\u00f3 bajo seguimiento en un contexto de positividad de 0,25%<\/h2>\n<p>Entre las <b>34 muestras<\/b> en las que fue posible identificar el serotipo, predomin\u00f3 <b>DENV-2<\/b>, con <b>61,8%<\/b>, seguido por <b>DENV-3<\/b>, con <b>26,5%<\/b>, y <b>DENV-1<\/b>, con <b>11,8%<\/b>. En las muestras de DENV-3, la vigilancia gen\u00f3mica detect\u00f3 el <b>genotipo III, linaje B3<\/b>, relacionado con virus circulantes en <b>Brasil<\/b> y el <b>Caribe<\/b>.<\/p>\n<p>Ese hallazgo qued\u00f3 bajo seguimiento por la expansi\u00f3n regional de ese serotipo. Durante la temporada, adem\u00e1s, <b>29 casos<\/b> presentaron antecedente de <b>vacunaci\u00f3n contra el dengue dentro de los 30 d\u00edas previos al inicio de s\u00edntomas<\/b>, un dato incorporado en el an\u00e1lisis epidemiol\u00f3gico de la vigilancia.<\/p>\n<p>La magnitud de la circulaci\u00f3n viral fue baja en t\u00e9rminos nacionales. La positividad se ubic\u00f3 en <b>0,25%<\/b> y la incidencia acumulada en <b>0,15 casos cada 100.000 habitantes<\/b>, muy por debajo de los <b>1.239 casos cada 100.000<\/b> registrados durante la epidemia de 2023-2024.<\/p>\n<p><img loading=\"lazy\" decoding=\"async\" src=\"https:\/\/lobosnews.com.ar\/wp-content\/uploads\/2026\/09\/un-brote-de-una-enfermedad-transmitida-por-mosquitos-causo-dos-muertes-y-concentro-el-97-de-los-casos-en-el-noa-3.jpg\" alt=\"La vacunaci\u00f3n contra el dengue sum\u00f3 428.607 dosis aplicadas en el pa\u00eds entre 2025 y 2026, con mayor concentraci\u00f3n en la regi\u00f3n Centro.\" height=\"1080\" width=\"1920\"\/><\/p>\n<p>En paralelo, el informe incorpor\u00f3 el balance de la <b>vacunaci\u00f3n contra el dengue<\/b>. Entre la semana 31 de 2025 y la semana 30 de 2026 se aplicaron <b>428.607 dosis<\/b> en todo el pa\u00eds, de las cuales <b>274.092<\/b> correspondieron a primeras dosis y <b>154.515<\/b> a segundas. La mayor cantidad de aplicaciones se concentr\u00f3 en la regi\u00f3n <b>Centro<\/b>, en especial en la <b>provincia de Buenos Aires<\/b>, seguida por <b>C\u00f3rdoba<\/b> y <b>CABA<\/b>, mientras que fuera de esa regi\u00f3n se destac\u00f3 <b>Tucum\u00e1n<\/b>.<\/p>\n<h2>El sistema de vigilancia sostuvo la notificaci\u00f3n y permiti\u00f3 confirmar otros diagn\u00f3sticos<\/h2>\n<p>El BEN vincul\u00f3 ese cuadro con la escasa circulaci\u00f3n del virus, aunque tambi\u00e9n destac\u00f3 la capacidad del sistema de salud para mantener la sospecha cl\u00ednica, la notificaci\u00f3n y el estudio de personas con s\u00edndrome febril. <b>El 91% de los casos notificados tuvo estudios de laboratorio<\/b> y <b>el 70% fue analizado mediante m\u00e9todos directos<\/b>. La mediana entre la consulta y la notificaci\u00f3n fue de <b>dos d\u00edas<\/b>, mientras que el tiempo promedio entre el inicio de s\u00edntomas y la consulta fue de <b>un d\u00eda<\/b>.<\/p>\n<p>Esa vigilancia permiti\u00f3 identificar diagn\u00f3sticos alternativos entre personas inicialmente estudiadas por dengue. En <b>940 pacientes<\/b> con dengue descartado se confirmaron otros eventos de notificaci\u00f3n obligatoria. Los m\u00e1s frecuentes fueron <b>fiebre chikungunya<\/b>, con <b>327 casos<\/b>, e <b>infecciones respiratorias<\/b>, con <b>259<\/b>.<\/p>\n<p>En ese mismo grupo tambi\u00e9n se confirmaron <b>leptospirosis<\/b>, <b>fiebre hemorr\u00e1gica argentina<\/b>, <b>hantavirosis<\/b>, <b>rickettsiosis<\/b>, <b>psitacosis<\/b>, <b>meningoencefalitis<\/b>, <b>paludismo<\/b> e <b>infecciones bacterianas invasivas<\/b>, entre otras enfermedades sometidas a vigilancia nacional.<\/p>\n<p><img loading=\"lazy\" decoding=\"async\" src=\"https:\/\/lobosnews.com.ar\/wp-content\/uploads\/2026\/09\/un-brote-de-una-enfermedad-transmitida-por-mosquitos-causo-dos-muertes-y-concentro-el-97-de-los-casos-en-el-noa-4.jpg\" alt=\"El Bolet\u00edn Epidemiol\u00f3gico Nacional se\u00f1al\u00f3 que el VSR predomin\u00f3 entre los pacientes internados por infecci\u00f3n respiratoria aguda grave durante 2026.\" height=\"1280\" width=\"1920\"\/><\/p>\n<p>Para la temporada <b>2026-2027<\/b>, el BEN inform\u00f3 que se mantienen <b>2 casos confirmados de dengue<\/b> detectados en la <b>semana 32<\/b>, ambos con antecedente de viaje a <b>Brasil<\/b>. Los casos correspondieron a la <b>provincia de Buenos Aires<\/b> y presentaron <b>serotipo DENV-3<\/b>.<\/p>\n<p>El bolet\u00edn detall\u00f3 que en la semana 33 se hab\u00edan notificado <b>243 casos sospechosos de dengue<\/b>, con <b>134 descartados<\/b>, <b>102 en estudio<\/b> y <b>5 probables<\/b>. En el caso de chikungunya, todav\u00eda no se confirmaron casos en la nueva temporada, pero s\u00ed se notificaron <b>55 sospechosos<\/b> y <b>5 probables en Salta<\/b>, localizados en los departamentos de <b>Or\u00e1n<\/b>, <b>General Jos\u00e9 de San Mart\u00edn<\/b> y <b>Anta<\/b>.<\/p>\n<p>Frente a ese cuadro, el Ministerio de Salud mantuvo la recomendaci\u00f3n de sostener una vigilancia intensificada por la posibilidad de circulaci\u00f3n en \u00e1reas con condiciones ambientales, sociales y epidemiol\u00f3gicas favorables para la transmisi\u00f3n, adem\u00e1s del ingreso de serotipos a trav\u00e9s de casos importados. En el caso de chikungunya, el seguimiento contin\u00faa orientado a la b\u00fasqueda activa entre los cuadros de s\u00edndrome febril agudo inespec\u00edfico.<\/p>\n<h2>Otras alertas sanitarias<\/h2>\n<p>El peso que tuvo la <b>chikungunya<\/b> en la temporada 2025-2026 no fue la \u00fanica se\u00f1al que dej\u00f3 el <b>Bolet\u00edn Epidemiol\u00f3gico Nacional<\/b>. Junto con el brote concentrado en el NOA y el retroceso del <b>dengue<\/b>, el informe mostr\u00f3 que la vigilancia epidemiol\u00f3gica sigue captando otros eventos con comportamiento por encima de los valores hist\u00f3ricos. En esa lista aparecen la <b>coqueluche<\/b>, que acumul\u00f3 <b>362 casos<\/b> frente a una mediana hist\u00f3rica de <b>176<\/b> y qued\u00f3 en aumento en las \u00faltimas cuatro semanas; la <b>triquinosis<\/b>, con <b>460 casos<\/b> contra una mediana de <b>274<\/b>; la <b>hantavirosis<\/b>, con <b>56<\/b> frente a <b>39<\/b>; la <b>leptospirosis<\/b>, con <b>190<\/b> contra <b>106<\/b>; y la <b>hepatitis A<\/b>, con <b>62<\/b> frente a <b>39<\/b>.<\/p>\n<p><img loading=\"lazy\" decoding=\"async\" src=\"https:\/\/lobosnews.com.ar\/wp-content\/uploads\/2026\/09\/un-brote-de-una-enfermedad-transmitida-por-mosquitos-causo-dos-muertes-y-concentro-el-97-de-los-casos-en-el-noa-5.jpg\" alt=\"\" height=\"1280\" width=\"1920\"\/><\/p>\n<p>Ese mapa tambi\u00e9n incluy\u00f3 eventos de transmisi\u00f3n sexual y salud mental. La <b>s\u00edfilis en poblaci\u00f3n general<\/b> lleg\u00f3 a <b>2.377 casos acumulados<\/b>, por encima de la mediana hist\u00f3rica de <b>1.810<\/b>, mientras que la <b>s\u00edfilis en embarazadas<\/b> sum\u00f3 <b>2.296 casos<\/b> frente a <b>1.779<\/b>, con una clasificaci\u00f3n de aumento en el acumulado anual. En paralelo, el BEN ubic\u00f3 por encima de lo esperado los <b>intentos de suicidio<\/b>, con <b>8.096 episodios sin resultado mortal<\/b> y <b>362 con resultado mortal<\/b>, este \u00faltimo adem\u00e1s con un comportamiento por encima de lo esperado en las \u00faltimas cuatro semanas. As\u00ed, el cierre de la temporada no solo dej\u00f3 a la chikungunya como principal brote de arbovirosis, sino tambi\u00e9n un conjunto m\u00e1s amplio de alertas sanitarias que van desde zoonosis e infecciones inmunoprevenibles hasta eventos ligados a la salud mental.<\/p>\n<p>En paralelo, el bolet\u00edn actualiz\u00f3 la situaci\u00f3n de los virus respiratorios y se\u00f1al\u00f3 que el escenario se mantuvo <b>sin cambios significativos y dentro de lo esperado<\/b> para esta \u00e9poca del a\u00f1o, aunque con un volumen elevado de cuadros gripales y una circulaci\u00f3n sostenida de influenza y <b>VSR<\/b>. En consultas ambulatorias se notificaron <b>14 casos de influenza<\/b> en la \u00faltima semana analizada y la positividad se ubic\u00f3 en <b>26,4%<\/b>.<\/p>\n<p>La vigilancia nacional mostr\u00f3 que en 2026 las detecciones de influenza aumentaron desde la <b>semana 10<\/b>, con predominio de <b>influenza A(H3N2)<\/b> y un m\u00e1ximo entre las semanas <b>21 y 22<\/b>, tras lo cual comenz\u00f3 un descenso. Entre las semanas 31 y 32 se notificaron <b>416 casos de influenza<\/b>, mientras que entre personas hospitalizadas se registraron <b>8.247 casos<\/b> en lo que va del a\u00f1o, con predominio de influenza A y <b>149 fallecimientos con diagn\u00f3stico de influenza<\/b>.<\/p>\n<p><img loading=\"lazy\" decoding=\"async\" src=\"https:\/\/lobosnews.com.ar\/wp-content\/uploads\/2026\/09\/un-brote-de-una-enfermedad-transmitida-por-mosquitos-causo-dos-muertes-y-concentro-el-97-de-los-casos-en-el-noa-6.jpg\" alt=\"Infograf\u00eda detallada que explica la naturaleza de la influenza, sus v\u00edas de transmisi\u00f3n como el aire y superficies, y los s\u00edntomas principales como fiebre alta, dolores y cansancio extremo para su reconocimiento temprano. (Imagen Ilustrativa Infobae)\" height=\"1536\" width=\"2752\"\/><\/p>\n<p>En cuanto al <b>VSR<\/b>, el ascenso se observa desde la <b>semana 13<\/b>. En las \u00faltimas cuatro semanas analizadas se detectaron <b>31 casos positivos entre 338 muestras ambulatorias estudiadas<\/b>. Entre pacientes internados, durante las primeras 33 semanas de 2026 se registraron <b>5.222 internaciones por infecci\u00f3n respiratoria aguda grave<\/b>, y en las \u00faltimas cuatro semanas predominaron las detecciones de <b>VSR<\/b>, con <b>302 positivos entre 819 casos estudiados<\/b>, por encima de influenza (<b>34 casos<\/b>). Adem\u00e1s, en lo que va del a\u00f1o se notificaron <b>4.338 casos hospitalizados con detecci\u00f3n de VSR<\/b>, con <b>652 detecciones en las semanas 32 y 33<\/b>.<\/p>\n<p>El informe record\u00f3 que los mayores porcentajes de positividad de VSR se observan en menores de 2 a\u00f1os y destac\u00f3 la estrategia de prevenci\u00f3n incorporada al <b>Calendario Nacional de Vacunaci\u00f3n<\/b> para embarazadas entre las semanas 32 y 36 de gestaci\u00f3n, con el objetivo de transferir anticuerpos al beb\u00e9 antes del nacimiento. En paralelo, <b>SARS-CoV-2<\/b> se mantuvo en niveles bajos durante 2026, con <b>710 casos en personas internadas<\/b> y sin fallecimientos notificados en la semana 33.<\/p>\n<h2>El a\u00f1o acumula 853.798 cuadros gripales y una tendencia descendente desde la semana 22<\/h2>\n<p>En lo que va de <b>2026<\/b>, el <b>Sistema Nacional de Vigilancia de la Salud (SNVS 2.0)<\/b> recibi\u00f3 <b>853.798 notificaciones de enfermedad tipo influenza (ETI)<\/b>. Aunque los registros hasta la semana 32 superaron los de a\u00f1os previos, el BEN indic\u00f3 que se mantuvieron en niveles de seguridad y alerta y que desde la <b>semana 22<\/b> se observa una tendencia descendente.<\/p>\n<p>En el caso de la <b>neumon\u00eda<\/b>, las tasas de incidencia de este a\u00f1o fueron similares a las de los a\u00f1os anteriores, con valores levemente inferiores. El m\u00e1ximo se registr\u00f3 en las semanas 21 y 22, seguido por una baja en las semanas posteriores. Para la <b>bronquiolitis<\/b>, el comportamiento de 2026 tambi\u00e9n mostr\u00f3 un descenso respecto de los valores hist\u00f3ricos, mientras que para ambas enfermedades el pico de la serie sigue ubicado en <b>2016<\/b>.<\/p>\n","protected":false},"excerpt":{"rendered":"<p>La fiebre chikungunya concentr\u00f3 el principal brote de arbovirosis de la temporada 2025-2026 en Argentina, en un escenario sanitario que mostr\u00f3 al mismo tiempo una circulaci\u00f3n de dengue muy por debajo de los a\u00f1os previos, vigilancia sostenida sobre otros cuadros febriles y una temporada respiratoria con predominio de virus sincicial respiratorio (VSR) entre los pacientes&#8230;<\/p>\n","protected":false},"author":1,"featured_media":96280,"comment_status":"open","ping_status":"closed","sticky":false,"template":"","format":"standard","meta":{"_jetpack_newsletter_access":"","_jetpack_dont_email_post_to_subs":false,"_jetpack_newsletter_tier_id":0,"_jetpack_memberships_contains_paywalled_content":false,"_jetpack_memberships_contains_paid_content":false,"footnotes":"","jetpack_post_was_ever_published":false},"categories":[81],"tags":[],"class_list":["post-96271","post","type-post","status-publish","format-standard","has-post-thumbnail","hentry","category-salud"],"magazineBlocksPostFeaturedMedia":{"thumbnail":"https:\/\/lobosnews.com.ar\/wp-content\/uploads\/2026\/09\/un-brote-de-una-enfermedad-transmitida-por-mosquitos-causo-dos-muertes-y-concentro-el-97-de-los-casos-en-el-noa-12-150x150.jpg","medium":"https:\/\/lobosnews.com.ar\/wp-content\/uploads\/2026\/09\/un-brote-de-una-enfermedad-transmitida-por-mosquitos-causo-dos-muertes-y-concentro-el-97-de-los-casos-en-el-noa-12-300x167.jpg","medium_large":"https:\/\/lobosnews.com.ar\/wp-content\/uploads\/2026\/09\/un-brote-de-una-enfermedad-transmitida-por-mosquitos-causo-dos-muertes-y-concentro-el-97-de-los-casos-en-el-noa-12-768x429.jpg","large":"https:\/\/lobosnews.com.ar\/wp-content\/uploads\/2026\/09\/un-brote-de-una-enfermedad-transmitida-por-mosquitos-causo-dos-muertes-y-concentro-el-97-de-los-casos-en-el-noa-12-1024x572.jpg","1536x1536":"https:\/\/lobosnews.com.ar\/wp-content\/uploads\/2026\/09\/un-brote-de-una-enfermedad-transmitida-por-mosquitos-causo-dos-muertes-y-concentro-el-97-de-los-casos-en-el-noa-12-1536x857.jpg","2048x2048":"https:\/\/lobosnews.com.ar\/wp-content\/uploads\/2026\/09\/un-brote-de-una-enfermedad-transmitida-por-mosquitos-causo-dos-muertes-y-concentro-el-97-de-los-casos-en-el-noa-12-2048x1143.jpg","newsmatic-featured":"https:\/\/lobosnews.com.ar\/wp-content\/uploads\/2026\/09\/un-brote-de-una-enfermedad-transmitida-por-mosquitos-causo-dos-muertes-y-concentro-el-97-de-los-casos-en-el-noa-12-820x545.jpg","newsmatic-list":"https:\/\/lobosnews.com.ar\/wp-content\/uploads\/2026\/09\/un-brote-de-una-enfermedad-transmitida-por-mosquitos-causo-dos-muertes-y-concentro-el-97-de-los-casos-en-el-noa-12-600x400.jpg","newsmatic-thumb":"https:\/\/lobosnews.com.ar\/wp-content\/uploads\/2026\/09\/un-brote-de-una-enfermedad-transmitida-por-mosquitos-causo-dos-muertes-y-concentro-el-97-de-los-casos-en-el-noa-12-300x200.jpg","newsmatic-small":"https:\/\/lobosnews.com.ar\/wp-content\/uploads\/2026\/09\/un-brote-de-una-enfermedad-transmitida-por-mosquitos-causo-dos-muertes-y-concentro-el-97-de-los-casos-en-el-noa-12-150x95.jpg","newsmatic-grid":"https:\/\/lobosnews.com.ar\/wp-content\/uploads\/2026\/09\/un-brote-de-una-enfermedad-transmitida-por-mosquitos-causo-dos-muertes-y-concentro-el-97-de-los-casos-en-el-noa-12-400x250.jpg"},"magazineBlocksPostAuthor":{"name":"admin","avatar":"https:\/\/secure.gravatar.com\/avatar\/76e419471a2083bc3ceab22a763dbbf9b0c1bd15a6214cf3280e2c2dde4580f9?s=96&d=mm&r=g"},"magazineBlocksPostCommentsNumber":"0","magazineBlocksPostExcerpt":"La fiebre chikungunya concentr\u00f3 el principal brote de arbovirosis de la temporada 2025-2026 en Argentina, en un escenario sanitario que mostr\u00f3 al mismo tiempo una circulaci\u00f3n de dengue muy por debajo de los a\u00f1os previos, vigilancia sostenida sobre otros cuadros febriles y una temporada respiratoria con predominio de virus sincicial respiratorio (VSR) entre los pacientes...","magazineBlocksPostCategories":["Salud"],"magazineBlocksPostViewCount":58,"magazineBlocksPostReadTime":10,"magazine_blocks_featured_image_url":{"full":["https:\/\/lobosnews.com.ar\/wp-content\/uploads\/2026\/09\/un-brote-de-una-enfermedad-transmitida-por-mosquitos-causo-dos-muertes-y-concentro-el-97-de-los-casos-en-el-noa-12-scaled.jpg",2560,1429,false],"medium":["https:\/\/lobosnews.com.ar\/wp-content\/uploads\/2026\/09\/un-brote-de-una-enfermedad-transmitida-por-mosquitos-causo-dos-muertes-y-concentro-el-97-de-los-casos-en-el-noa-12-300x167.jpg",300,167,true],"thumbnail":["https:\/\/lobosnews.com.ar\/wp-content\/uploads\/2026\/09\/un-brote-de-una-enfermedad-transmitida-por-mosquitos-causo-dos-muertes-y-concentro-el-97-de-los-casos-en-el-noa-12-150x150.jpg",150,150,true]},"magazine_blocks_author":{"display_name":"admin","author_link":"https:\/\/lobosnews.com.ar\/index.php\/author\/lobos-news\/"},"magazine_blocks_comment":0,"magazine_blocks_author_image":"https:\/\/secure.gravatar.com\/avatar\/76e419471a2083bc3ceab22a763dbbf9b0c1bd15a6214cf3280e2c2dde4580f9?s=96&d=mm&r=g","magazine_blocks_category":"<a href=\"#\" class=\"category-link category-link-81\">Salud<\/a>","yoast_head":"<!-- This site is optimized with the Yoast SEO plugin v28.0 - https:\/\/yoast.com\/product\/yoast-seo-wordpress\/ -->\n<title>Un brote de una enfermedad transmitida por mosquitos caus\u00f3 dos muertes y concentr\u00f3 el 97% de los casos en el NOA - Lobos News<\/title>\n<meta name=\"robots\" content=\"index, follow, max-snippet:-1, max-image-preview:large, max-video-preview:-1\" \/>\n<link rel=\"canonical\" href=\"https:\/\/lobosnews.com.ar\/index.php\/2026\/09\/01\/un-brote-de-una-enfermedad-transmitida-por-mosquitos-causo-dos-muertes-y-concentro-el-97-de-los-casos-en-el-noa\/\" \/>\n<meta property=\"og:locale\" content=\"es_ES\" \/>\n<meta property=\"og:type\" content=\"article\" \/>\n<meta property=\"og:title\" content=\"Un brote de una enfermedad transmitida por mosquitos caus\u00f3 dos muertes y concentr\u00f3 el 97% de los casos en el NOA - Lobos News\" \/>\n<meta property=\"og:description\" content=\"La fiebre chikungunya concentr\u00f3 el principal brote de arbovirosis de la temporada 2025-2026 en Argentina, en un escenario sanitario que mostr\u00f3 al mismo tiempo una circulaci\u00f3n de dengue muy por debajo de los a\u00f1os previos, vigilancia sostenida sobre otros cuadros febriles y una temporada respiratoria con predominio de virus sincicial respiratorio (VSR) entre los pacientes...\" \/>\n<meta property=\"og:url\" content=\"https:\/\/lobosnews.com.ar\/index.php\/2026\/09\/01\/un-brote-de-una-enfermedad-transmitida-por-mosquitos-causo-dos-muertes-y-concentro-el-97-de-los-casos-en-el-noa\/\" \/>\n<meta property=\"og:site_name\" content=\"Lobos News\" \/>\n<meta property=\"article:published_time\" content=\"2026-09-01T13:33:46+00:00\" \/>\n<meta property=\"article:modified_time\" content=\"2026-09-01T16:59:27+00:00\" \/>\n<meta property=\"og:image\" content=\"https:\/\/lobosnews.com.ar\/wp-content\/uploads\/2026\/09\/un-brote-de-una-enfermedad-transmitida-por-mosquitos-causo-dos-muertes-y-concentro-el-97-de-los-casos-en-el-noa-12-scaled.jpg\" \/>\n\t<meta property=\"og:image:width\" content=\"2560\" \/>\n\t<meta property=\"og:image:height\" content=\"1429\" \/>\n\t<meta property=\"og:image:type\" content=\"image\/jpeg\" \/>\n<meta name=\"author\" content=\"admin\" \/>\n<meta name=\"twitter:card\" content=\"summary_large_image\" \/>\n<meta name=\"twitter:label1\" content=\"Escrito por\" \/>\n\t<meta name=\"twitter:data1\" content=\"admin\" \/>\n\t<meta name=\"twitter:label2\" content=\"Tiempo de lectura\" \/>\n\t<meta name=\"twitter:data2\" content=\"9 minutos\" \/>\n<script type=\"application\/ld+json\" class=\"yoast-schema-graph\">{\"@context\":\"https:\\\/\\\/schema.org\",\"@graph\":[{\"@type\":\"Article\",\"@id\":\"https:\\\/\\\/lobosnews.com.ar\\\/index.php\\\/2026\\\/09\\\/01\\\/un-brote-de-una-enfermedad-transmitida-por-mosquitos-causo-dos-muertes-y-concentro-el-97-de-los-casos-en-el-noa\\\/#article\",\"isPartOf\":{\"@id\":\"https:\\\/\\\/lobosnews.com.ar\\\/index.php\\\/2026\\\/09\\\/01\\\/un-brote-de-una-enfermedad-transmitida-por-mosquitos-causo-dos-muertes-y-concentro-el-97-de-los-casos-en-el-noa\\\/\"},\"author\":{\"name\":\"admin\",\"@id\":\"https:\\\/\\\/lobosnews.com.ar\\\/#\\\/schema\\\/person\\\/232422a593d5c541dd9aef6aaed10943\"},\"headline\":\"Un brote de una enfermedad transmitida por mosquitos caus\u00f3 dos muertes y concentr\u00f3 el 97% de los casos en el NOA\",\"datePublished\":\"2026-09-01T13:33:46+00:00\",\"dateModified\":\"2026-09-01T16:59:27+00:00\",\"mainEntityOfPage\":{\"@id\":\"https:\\\/\\\/lobosnews.com.ar\\\/index.php\\\/2026\\\/09\\\/01\\\/un-brote-de-una-enfermedad-transmitida-por-mosquitos-causo-dos-muertes-y-concentro-el-97-de-los-casos-en-el-noa\\\/\"},\"wordCount\":1898,\"commentCount\":0,\"publisher\":{\"@id\":\"https:\\\/\\\/lobosnews.com.ar\\\/#organization\"},\"image\":{\"@id\":\"https:\\\/\\\/lobosnews.com.ar\\\/index.php\\\/2026\\\/09\\\/01\\\/un-brote-de-una-enfermedad-transmitida-por-mosquitos-causo-dos-muertes-y-concentro-el-97-de-los-casos-en-el-noa\\\/#primaryimage\"},\"thumbnailUrl\":\"https:\\\/\\\/lobosnews.com.ar\\\/wp-content\\\/uploads\\\/2026\\\/09\\\/un-brote-de-una-enfermedad-transmitida-por-mosquitos-causo-dos-muertes-y-concentro-el-97-de-los-casos-en-el-noa-12-scaled.jpg\",\"articleSection\":[\"Salud\"],\"inLanguage\":\"es\",\"potentialAction\":[{\"@type\":\"CommentAction\",\"name\":\"Comment\",\"target\":[\"https:\\\/\\\/lobosnews.com.ar\\\/index.php\\\/2026\\\/09\\\/01\\\/un-brote-de-una-enfermedad-transmitida-por-mosquitos-causo-dos-muertes-y-concentro-el-97-de-los-casos-en-el-noa\\\/#respond\"]}]},{\"@type\":\"WebPage\",\"@id\":\"https:\\\/\\\/lobosnews.com.ar\\\/index.php\\\/2026\\\/09\\\/01\\\/un-brote-de-una-enfermedad-transmitida-por-mosquitos-causo-dos-muertes-y-concentro-el-97-de-los-casos-en-el-noa\\\/\",\"url\":\"https:\\\/\\\/lobosnews.com.ar\\\/index.php\\\/2026\\\/09\\\/01\\\/un-brote-de-una-enfermedad-transmitida-por-mosquitos-causo-dos-muertes-y-concentro-el-97-de-los-casos-en-el-noa\\\/\",\"name\":\"Un brote de una enfermedad transmitida por mosquitos caus\u00f3 dos muertes y concentr\u00f3 el 97% de los casos en el NOA - Lobos News\",\"isPartOf\":{\"@id\":\"https:\\\/\\\/lobosnews.com.ar\\\/#website\"},\"primaryImageOfPage\":{\"@id\":\"https:\\\/\\\/lobosnews.com.ar\\\/index.php\\\/2026\\\/09\\\/01\\\/un-brote-de-una-enfermedad-transmitida-por-mosquitos-causo-dos-muertes-y-concentro-el-97-de-los-casos-en-el-noa\\\/#primaryimage\"},\"image\":{\"@id\":\"https:\\\/\\\/lobosnews.com.ar\\\/index.php\\\/2026\\\/09\\\/01\\\/un-brote-de-una-enfermedad-transmitida-por-mosquitos-causo-dos-muertes-y-concentro-el-97-de-los-casos-en-el-noa\\\/#primaryimage\"},\"thumbnailUrl\":\"https:\\\/\\\/lobosnews.com.ar\\\/wp-content\\\/uploads\\\/2026\\\/09\\\/un-brote-de-una-enfermedad-transmitida-por-mosquitos-causo-dos-muertes-y-concentro-el-97-de-los-casos-en-el-noa-12-scaled.jpg\",\"datePublished\":\"2026-09-01T13:33:46+00:00\",\"dateModified\":\"2026-09-01T16:59:27+00:00\",\"breadcrumb\":{\"@id\":\"https:\\\/\\\/lobosnews.com.ar\\\/index.php\\\/2026\\\/09\\\/01\\\/un-brote-de-una-enfermedad-transmitida-por-mosquitos-causo-dos-muertes-y-concentro-el-97-de-los-casos-en-el-noa\\\/#breadcrumb\"},\"inLanguage\":\"es\",\"potentialAction\":[{\"@type\":\"ReadAction\",\"target\":[\"https:\\\/\\\/lobosnews.com.ar\\\/index.php\\\/2026\\\/09\\\/01\\\/un-brote-de-una-enfermedad-transmitida-por-mosquitos-causo-dos-muertes-y-concentro-el-97-de-los-casos-en-el-noa\\\/\"]}]},{\"@type\":\"ImageObject\",\"inLanguage\":\"es\",\"@id\":\"https:\\\/\\\/lobosnews.com.ar\\\/index.php\\\/2026\\\/09\\\/01\\\/un-brote-de-una-enfermedad-transmitida-por-mosquitos-causo-dos-muertes-y-concentro-el-97-de-los-casos-en-el-noa\\\/#primaryimage\",\"url\":\"https:\\\/\\\/lobosnews.com.ar\\\/wp-content\\\/uploads\\\/2026\\\/09\\\/un-brote-de-una-enfermedad-transmitida-por-mosquitos-causo-dos-muertes-y-concentro-el-97-de-los-casos-en-el-noa-12-scaled.jpg\",\"contentUrl\":\"https:\\\/\\\/lobosnews.com.ar\\\/wp-content\\\/uploads\\\/2026\\\/09\\\/un-brote-de-una-enfermedad-transmitida-por-mosquitos-causo-dos-muertes-y-concentro-el-97-de-los-casos-en-el-noa-12-scaled.jpg\",\"width\":2560,\"height\":1429,\"caption\":\"Un brote de una enfermedad transmitida por mosquitos caus\u00f3 dos muertes y concentr\u00f3 el 97% de los casos en el NOA\"},{\"@type\":\"BreadcrumbList\",\"@id\":\"https:\\\/\\\/lobosnews.com.ar\\\/index.php\\\/2026\\\/09\\\/01\\\/un-brote-de-una-enfermedad-transmitida-por-mosquitos-causo-dos-muertes-y-concentro-el-97-de-los-casos-en-el-noa\\\/#breadcrumb\",\"itemListElement\":[{\"@type\":\"ListItem\",\"position\":1,\"name\":\"Portada\",\"item\":\"https:\\\/\\\/lobosnews.com.ar\\\/\"},{\"@type\":\"ListItem\",\"position\":2,\"name\":\"Un brote de una enfermedad transmitida por mosquitos caus\u00f3 dos muertes y concentr\u00f3 el 97% de los casos en el NOA\"}]},{\"@type\":\"WebSite\",\"@id\":\"https:\\\/\\\/lobosnews.com.ar\\\/#website\",\"url\":\"https:\\\/\\\/lobosnews.com.ar\\\/\",\"name\":\"Lobos News\",\"description\":\"Informaci\u00f3n a cada instante\",\"publisher\":{\"@id\":\"https:\\\/\\\/lobosnews.com.ar\\\/#organization\"},\"potentialAction\":[{\"@type\":\"SearchAction\",\"target\":{\"@type\":\"EntryPoint\",\"urlTemplate\":\"https:\\\/\\\/lobosnews.com.ar\\\/?s={search_term_string}\"},\"query-input\":{\"@type\":\"PropertyValueSpecification\",\"valueRequired\":true,\"valueName\":\"search_term_string\"}}],\"inLanguage\":\"es\"},{\"@type\":\"Organization\",\"@id\":\"https:\\\/\\\/lobosnews.com.ar\\\/#organization\",\"name\":\"Lobos News\",\"url\":\"https:\\\/\\\/lobosnews.com.ar\\\/\",\"logo\":{\"@type\":\"ImageObject\",\"inLanguage\":\"es\",\"@id\":\"https:\\\/\\\/lobosnews.com.ar\\\/#\\\/schema\\\/logo\\\/image\\\/\",\"url\":\"https:\\\/\\\/lobosnews.com.ar\\\/wp-content\\\/uploads\\\/2026\\\/01\\\/logo-lobosnews.png\",\"contentUrl\":\"https:\\\/\\\/lobosnews.com.ar\\\/wp-content\\\/uploads\\\/2026\\\/01\\\/logo-lobosnews.png\",\"width\":500,\"height\":200,\"caption\":\"Lobos News\"},\"image\":{\"@id\":\"https:\\\/\\\/lobosnews.com.ar\\\/#\\\/schema\\\/logo\\\/image\\\/\"}},{\"@type\":\"Person\",\"@id\":\"https:\\\/\\\/lobosnews.com.ar\\\/#\\\/schema\\\/person\\\/232422a593d5c541dd9aef6aaed10943\",\"name\":\"admin\",\"image\":{\"@type\":\"ImageObject\",\"inLanguage\":\"es\",\"@id\":\"https:\\\/\\\/secure.gravatar.com\\\/avatar\\\/76e419471a2083bc3ceab22a763dbbf9b0c1bd15a6214cf3280e2c2dde4580f9?s=96&d=mm&r=g\",\"url\":\"https:\\\/\\\/secure.gravatar.com\\\/avatar\\\/76e419471a2083bc3ceab22a763dbbf9b0c1bd15a6214cf3280e2c2dde4580f9?s=96&d=mm&r=g\",\"contentUrl\":\"https:\\\/\\\/secure.gravatar.com\\\/avatar\\\/76e419471a2083bc3ceab22a763dbbf9b0c1bd15a6214cf3280e2c2dde4580f9?s=96&d=mm&r=g\",\"caption\":\"admin\"},\"sameAs\":[\"https:\\\/\\\/lobosnews.com.ar\"],\"url\":\"https:\\\/\\\/lobosnews.com.ar\\\/index.php\\\/author\\\/lobos-news\\\/\"}]}<\/script>\n<!-- \/ Yoast SEO plugin. -->","yoast_head_json":{"title":"Un brote de una enfermedad transmitida por mosquitos caus\u00f3 dos muertes y concentr\u00f3 el 97% de los casos en el NOA - Lobos News","robots":{"index":"index","follow":"follow","max-snippet":"max-snippet:-1","max-image-preview":"max-image-preview:large","max-video-preview":"max-video-preview:-1"},"canonical":"https:\/\/lobosnews.com.ar\/index.php\/2026\/09\/01\/un-brote-de-una-enfermedad-transmitida-por-mosquitos-causo-dos-muertes-y-concentro-el-97-de-los-casos-en-el-noa\/","og_locale":"es_ES","og_type":"article","og_title":"Un brote de una enfermedad transmitida por mosquitos caus\u00f3 dos muertes y concentr\u00f3 el 97% de los casos en el NOA - Lobos News","og_description":"La fiebre chikungunya concentr\u00f3 el principal brote de arbovirosis de la temporada 2025-2026 en Argentina, en un escenario sanitario que mostr\u00f3 al mismo tiempo una circulaci\u00f3n de dengue muy por debajo de los a\u00f1os previos, vigilancia sostenida sobre otros cuadros febriles y una temporada respiratoria con predominio de virus sincicial respiratorio (VSR) entre los pacientes...","og_url":"https:\/\/lobosnews.com.ar\/index.php\/2026\/09\/01\/un-brote-de-una-enfermedad-transmitida-por-mosquitos-causo-dos-muertes-y-concentro-el-97-de-los-casos-en-el-noa\/","og_site_name":"Lobos News","article_published_time":"2026-09-01T13:33:46+00:00","article_modified_time":"2026-09-01T16:59:27+00:00","og_image":[{"width":2560,"height":1429,"url":"https:\/\/lobosnews.com.ar\/wp-content\/uploads\/2026\/09\/un-brote-de-una-enfermedad-transmitida-por-mosquitos-causo-dos-muertes-y-concentro-el-97-de-los-casos-en-el-noa-12-scaled.jpg","type":"image\/jpeg"}],"author":"admin","twitter_card":"summary_large_image","twitter_misc":{"Escrito por":"admin","Tiempo de lectura":"9 minutos"},"schema":{"@context":"https:\/\/schema.org","@graph":[{"@type":"Article","@id":"https:\/\/lobosnews.com.ar\/index.php\/2026\/09\/01\/un-brote-de-una-enfermedad-transmitida-por-mosquitos-causo-dos-muertes-y-concentro-el-97-de-los-casos-en-el-noa\/#article","isPartOf":{"@id":"https:\/\/lobosnews.com.ar\/index.php\/2026\/09\/01\/un-brote-de-una-enfermedad-transmitida-por-mosquitos-causo-dos-muertes-y-concentro-el-97-de-los-casos-en-el-noa\/"},"author":{"name":"admin","@id":"https:\/\/lobosnews.com.ar\/#\/schema\/person\/232422a593d5c541dd9aef6aaed10943"},"headline":"Un brote de una enfermedad transmitida por mosquitos caus\u00f3 dos muertes y concentr\u00f3 el 97% de los casos en el NOA","datePublished":"2026-09-01T13:33:46+00:00","dateModified":"2026-09-01T16:59:27+00:00","mainEntityOfPage":{"@id":"https:\/\/lobosnews.com.ar\/index.php\/2026\/09\/01\/un-brote-de-una-enfermedad-transmitida-por-mosquitos-causo-dos-muertes-y-concentro-el-97-de-los-casos-en-el-noa\/"},"wordCount":1898,"commentCount":0,"publisher":{"@id":"https:\/\/lobosnews.com.ar\/#organization"},"image":{"@id":"https:\/\/lobosnews.com.ar\/index.php\/2026\/09\/01\/un-brote-de-una-enfermedad-transmitida-por-mosquitos-causo-dos-muertes-y-concentro-el-97-de-los-casos-en-el-noa\/#primaryimage"},"thumbnailUrl":"https:\/\/lobosnews.com.ar\/wp-content\/uploads\/2026\/09\/un-brote-de-una-enfermedad-transmitida-por-mosquitos-causo-dos-muertes-y-concentro-el-97-de-los-casos-en-el-noa-12-scaled.jpg","articleSection":["Salud"],"inLanguage":"es","potentialAction":[{"@type":"CommentAction","name":"Comment","target":["https:\/\/lobosnews.com.ar\/index.php\/2026\/09\/01\/un-brote-de-una-enfermedad-transmitida-por-mosquitos-causo-dos-muertes-y-concentro-el-97-de-los-casos-en-el-noa\/#respond"]}]},{"@type":"WebPage","@id":"https:\/\/lobosnews.com.ar\/index.php\/2026\/09\/01\/un-brote-de-una-enfermedad-transmitida-por-mosquitos-causo-dos-muertes-y-concentro-el-97-de-los-casos-en-el-noa\/","url":"https:\/\/lobosnews.com.ar\/index.php\/2026\/09\/01\/un-brote-de-una-enfermedad-transmitida-por-mosquitos-causo-dos-muertes-y-concentro-el-97-de-los-casos-en-el-noa\/","name":"Un brote de una enfermedad transmitida por mosquitos caus\u00f3 dos muertes y concentr\u00f3 el 97% de los casos en el NOA - Lobos News","isPartOf":{"@id":"https:\/\/lobosnews.com.ar\/#website"},"primaryImageOfPage":{"@id":"https:\/\/lobosnews.com.ar\/index.php\/2026\/09\/01\/un-brote-de-una-enfermedad-transmitida-por-mosquitos-causo-dos-muertes-y-concentro-el-97-de-los-casos-en-el-noa\/#primaryimage"},"image":{"@id":"https:\/\/lobosnews.com.ar\/index.php\/2026\/09\/01\/un-brote-de-una-enfermedad-transmitida-por-mosquitos-causo-dos-muertes-y-concentro-el-97-de-los-casos-en-el-noa\/#primaryimage"},"thumbnailUrl":"https:\/\/lobosnews.com.ar\/wp-content\/uploads\/2026\/09\/un-brote-de-una-enfermedad-transmitida-por-mosquitos-causo-dos-muertes-y-concentro-el-97-de-los-casos-en-el-noa-12-scaled.jpg","datePublished":"2026-09-01T13:33:46+00:00","dateModified":"2026-09-01T16:59:27+00:00","breadcrumb":{"@id":"https:\/\/lobosnews.com.ar\/index.php\/2026\/09\/01\/un-brote-de-una-enfermedad-transmitida-por-mosquitos-causo-dos-muertes-y-concentro-el-97-de-los-casos-en-el-noa\/#breadcrumb"},"inLanguage":"es","potentialAction":[{"@type":"ReadAction","target":["https:\/\/lobosnews.com.ar\/index.php\/2026\/09\/01\/un-brote-de-una-enfermedad-transmitida-por-mosquitos-causo-dos-muertes-y-concentro-el-97-de-los-casos-en-el-noa\/"]}]},{"@type":"ImageObject","inLanguage":"es","@id":"https:\/\/lobosnews.com.ar\/index.php\/2026\/09\/01\/un-brote-de-una-enfermedad-transmitida-por-mosquitos-causo-dos-muertes-y-concentro-el-97-de-los-casos-en-el-noa\/#primaryimage","url":"https:\/\/lobosnews.com.ar\/wp-content\/uploads\/2026\/09\/un-brote-de-una-enfermedad-transmitida-por-mosquitos-causo-dos-muertes-y-concentro-el-97-de-los-casos-en-el-noa-12-scaled.jpg","contentUrl":"https:\/\/lobosnews.com.ar\/wp-content\/uploads\/2026\/09\/un-brote-de-una-enfermedad-transmitida-por-mosquitos-causo-dos-muertes-y-concentro-el-97-de-los-casos-en-el-noa-12-scaled.jpg","width":2560,"height":1429,"caption":"Un brote de una enfermedad transmitida por mosquitos caus\u00f3 dos muertes y concentr\u00f3 el 97% de los casos en el NOA"},{"@type":"BreadcrumbList","@id":"https:\/\/lobosnews.com.ar\/index.php\/2026\/09\/01\/un-brote-de-una-enfermedad-transmitida-por-mosquitos-causo-dos-muertes-y-concentro-el-97-de-los-casos-en-el-noa\/#breadcrumb","itemListElement":[{"@type":"ListItem","position":1,"name":"Portada","item":"https:\/\/lobosnews.com.ar\/"},{"@type":"ListItem","position":2,"name":"Un brote de una enfermedad transmitida por mosquitos caus\u00f3 dos muertes y concentr\u00f3 el 97% de los casos en el NOA"}]},{"@type":"WebSite","@id":"https:\/\/lobosnews.com.ar\/#website","url":"https:\/\/lobosnews.com.ar\/","name":"Lobos News","description":"Informaci\u00f3n a cada instante","publisher":{"@id":"https:\/\/lobosnews.com.ar\/#organization"},"potentialAction":[{"@type":"SearchAction","target":{"@type":"EntryPoint","urlTemplate":"https:\/\/lobosnews.com.ar\/?s={search_term_string}"},"query-input":{"@type":"PropertyValueSpecification","valueRequired":true,"valueName":"search_term_string"}}],"inLanguage":"es"},{"@type":"Organization","@id":"https:\/\/lobosnews.com.ar\/#organization","name":"Lobos News","url":"https:\/\/lobosnews.com.ar\/","logo":{"@type":"ImageObject","inLanguage":"es","@id":"https:\/\/lobosnews.com.ar\/#\/schema\/logo\/image\/","url":"https:\/\/lobosnews.com.ar\/wp-content\/uploads\/2026\/01\/logo-lobosnews.png","contentUrl":"https:\/\/lobosnews.com.ar\/wp-content\/uploads\/2026\/01\/logo-lobosnews.png","width":500,"height":200,"caption":"Lobos News"},"image":{"@id":"https:\/\/lobosnews.com.ar\/#\/schema\/logo\/image\/"}},{"@type":"Person","@id":"https:\/\/lobosnews.com.ar\/#\/schema\/person\/232422a593d5c541dd9aef6aaed10943","name":"admin","image":{"@type":"ImageObject","inLanguage":"es","@id":"https:\/\/secure.gravatar.com\/avatar\/76e419471a2083bc3ceab22a763dbbf9b0c1bd15a6214cf3280e2c2dde4580f9?s=96&d=mm&r=g","url":"https:\/\/secure.gravatar.com\/avatar\/76e419471a2083bc3ceab22a763dbbf9b0c1bd15a6214cf3280e2c2dde4580f9?s=96&d=mm&r=g","contentUrl":"https:\/\/secure.gravatar.com\/avatar\/76e419471a2083bc3ceab22a763dbbf9b0c1bd15a6214cf3280e2c2dde4580f9?s=96&d=mm&r=g","caption":"admin"},"sameAs":["https:\/\/lobosnews.com.ar"],"url":"https:\/\/lobosnews.com.ar\/index.php\/author\/lobos-news\/"}]}},"jetpack_featured_media_url":"https:\/\/lobosnews.com.ar\/wp-content\/uploads\/2026\/09\/un-brote-de-una-enfermedad-transmitida-por-mosquitos-causo-dos-muertes-y-concentro-el-97-de-los-casos-en-el-noa-12-scaled.jpg","jetpack_sharing_enabled":true,"_links":{"self":[{"href":"https:\/\/lobosnews.com.ar\/index.php\/wp-json\/wp\/v2\/posts\/96271","targetHints":{"allow":["GET"]}}],"collection":[{"href":"https:\/\/lobosnews.com.ar\/index.php\/wp-json\/wp\/v2\/posts"}],"about":[{"href":"https:\/\/lobosnews.com.ar\/index.php\/wp-json\/wp\/v2\/types\/post"}],"author":[{"embeddable":true,"href":"https:\/\/lobosnews.com.ar\/index.php\/wp-json\/wp\/v2\/users\/1"}],"replies":[{"embeddable":true,"href":"https:\/\/lobosnews.com.ar\/index.php\/wp-json\/wp\/v2\/comments?post=96271"}],"version-history":[{"count":1,"href":"https:\/\/lobosnews.com.ar\/index.php\/wp-json\/wp\/v2\/posts\/96271\/revisions"}],"predecessor-version":[{"id":96279,"href":"https:\/\/lobosnews.com.ar\/index.php\/wp-json\/wp\/v2\/posts\/96271\/revisions\/96279"}],"wp:featuredmedia":[{"embeddable":true,"href":"https:\/\/lobosnews.com.ar\/index.php\/wp-json\/wp\/v2\/media\/96280"}],"wp:attachment":[{"href":"https:\/\/lobosnews.com.ar\/index.php\/wp-json\/wp\/v2\/media?parent=96271"}],"wp:term":[{"taxonomy":"category","embeddable":true,"href":"https:\/\/lobosnews.com.ar\/index.php\/wp-json\/wp\/v2\/categories?post=96271"},{"taxonomy":"post_tag","embeddable":true,"href":"https:\/\/lobosnews.com.ar\/index.php\/wp-json\/wp\/v2\/tags?post=96271"}],"curies":[{"name":"wp","href":"https:\/\/api.w.org\/{rel}","templated":true}]}}