{"id":96240,"date":"2026-09-01T10:58:26","date_gmt":"2026-09-01T10:58:26","guid":{"rendered":"https:\/\/lobosnews.com.ar\/?p=96240"},"modified":"2026-09-01T16:58:46","modified_gmt":"2026-09-01T16:58:46","slug":"mario-pergolini-hablo-del-retiro-de-lionel-messi-de-la-seleccion-alguien-pensaba-que-iba-a-seguir","status":"publish","type":"post","link":"https:\/\/lobosnews.com.ar\/index.php\/2026\/09\/01\/mario-pergolini-hablo-del-retiro-de-lionel-messi-de-la-seleccion-alguien-pensaba-que-iba-a-seguir\/","title":{"rendered":"Mario Pergolini habl\u00f3 del retiro de Lionel Messi de la Selecci\u00f3n: \u201c\u00bfAlguien pensaba que iba a seguir?\u201d"},"content":{"rendered":"<p>El mediod\u00eda del 31 de agosto, la noticia del retiro de <span class=\"waslinkname\"><b>Lionel Messi<\/b><\/span> deton\u00f3 una ola instant\u00e1nea de repercusiones en<span class=\"waslinkname\"> medios y redes sociales de todo el planeta<\/span>. Cadenas internacionales, portales deportivos y programas de televisi\u00f3n reconfiguraron su agenda para abordar el tema que domin\u00f3 la conversaci\u00f3n global. <\/p>\n<p>En la Argentina,<span class=\"waslinkname\"> la pantalla chica estuvo casi exclusivamente dedicada al impacto de la despedida<\/span> del astro. Por caso, el ciclo televisivo <i><b>Otro D\u00eda Perdido<\/b><\/i>, conducido por <b>Mario Pergolini<\/b> junto a <b>Soy<\/b> <b>Rada<\/b> y <b>Evelyn Botto<\/b>, abri\u00f3 su emisi\u00f3n y fue directo al n\u00facleo de la conmoci\u00f3n: <b>\u201cEn el d\u00eda de hoy sali\u00f3 un posteo de Messi diciendo que se desped\u00eda de la selecci\u00f3n nacional, que ya no va a jugar m\u00e1s en la selecci\u00f3n nacional. En todos los diarios lo pusieron como una noticia tipo\u2026\u201d<\/b>, plante\u00f3 el conductor.<b> <\/b>La intervenci\u00f3n de Rada aport\u00f3 el matiz de asombro: <b>\u201cSorprendente\u201d.<\/b><\/p>\n<p>Pergolini, con su estilo caracter\u00edstico, compar\u00f3 el tratamiento medi\u00e1tico con los rituales ante un hecho trascendente: <b>\u201cS\u00ed, s\u00ed, como un apartado, como cuando muere alguien importante\u201d. <\/b>Evelyn Botto sum\u00f3 una visi\u00f3n personal: <b>\u201cY, pero empieza un duelo tambi\u00e9n\u201d.<\/b><\/p>\n<p>El equipo oscil\u00f3 entre la seriedad y la iron\u00eda. Pergolini plante\u00f3: <b>\u201c\u00bfAlguien pensaba que iba a seguir con la selecci\u00f3n?\u201d. <\/b>A lo que Rada respondi\u00f3:<b> \u201cEra medio cantado, \u00bfno?\u201d.<\/b><\/p>\n<p>La oficializaci\u00f3n de la noticia, coincidieron, fue el punto de ruptura emocional para muchos hinchas: <b>\u201cParece como que te deja una novia, como que un hijo se va de casa, \u00bfno?\u201d, <\/b>coment\u00f3 Pergolini, al reflejar el clima de p\u00e9rdida que se instal\u00f3 en miles de hogares.<\/p>\n<p>La charla se torn\u00f3 \u00e1cida y humor\u00edstica en torno al futuro del \u00eddolo. <b>\u201cOjal\u00e1 consiga laburo Messi, \u00bfno? Pobre tipo\u201d,<\/b> ironiz\u00f3 Pergolini. Rada sugiri\u00f3: <b>\u201cCreo que va a manejar un auto\u201d.<\/b> El conductor continu\u00f3 con el tono sarc\u00e1stico: <b>\u201cDe golpe se va a encontrar con cuarenta a\u00f1os sin laburo\u201d.<\/b> La din\u00e1mica grupal oscil\u00f3 entre la broma y la autocr\u00edtica, como en la frase de Pergolini: <b>\u201cNo hay nadie en la familia Messi al que le caiga bien yo\u201d.<\/b> <\/p>\n<p>El intercambio, aunque te\u00f1ido de humor, transmiti\u00f3 la magnitud del acontecimiento: la salida de Messi de la selecci\u00f3n fue vivida como el cierre de una era por parte de la audiencia y los propios comunicadores. El espacio televisivo funcion\u00f3 como catalizador de la reacci\u00f3n social, donde el duelo por el retiro se mezcl\u00f3 con la nostalgia y la incertidumbre sobre el futuro del astro.<\/p>\n<p>La conmoci\u00f3n en el estudio y en los medios tuvo un origen concreto: <b>el mensaje publicado por Lionel Messi en sus redes sociales<\/b>, en el que comunic\u00f3 su retiro definitivo del f\u00fatbol. El texto detall\u00f3 que la decisi\u00f3n hab\u00eda sido tomada el 21 de julio, poco despu\u00e9s de la derrota frente a Espa\u00f1a en la final del Mundial y d\u00edas antes del fallecimiento de su padre.<\/p>\n<p>El impacto de la carta se amplific\u00f3 por la franqueza de sus palabras. Messi escribi\u00f3: <b>\u201cQueda poco y se van cerrando etapas y esta es una que me duele mucho. Amo, am\u00e9 y amar\u00e9 siempre estar en la Selecci\u00f3n. Me vaci\u00e9, ya no tengo m\u00e1s para dar y aparte vienen chicos muy grandes atr\u00e1s que merecen estar\u201d.<\/b><\/p>\n<p><img loading=\"lazy\" decoding=\"async\" src=\"https:\/\/lobosnews.com.ar\/wp-content\/uploads\/2026\/09\/mario-pergolini-hablo-del-retiro-de-lionel-messi-de-la-seleccion-alguien-pensaba-que-iba-a-seguir.jpg\" alt=\"Lionel Messi anunci\u00f3 su adi\u00f3s a la Selecci\u00f3n Argentina y las figuras del espect\u00e1culo llenaron las redes de mensajes\" height=\"616\" width=\"936\"\/><\/p>\n<p>El trasfondo familiar y emocional, sumado al contexto deportivo \u2014tres finales mundiales, los t\u00edtulos en las Copas Am\u00e9rica 2021 y 2024\u2014, dot\u00f3 a la carta de un car\u00e1cter \u00edntimo y solemne. La sinceridad de Messi tuvo eco inmediato: en minutos, su nombre fue tendencia global y la carta circul\u00f3 en todos los formatos, replicada y comentada por figuras del deporte, la pol\u00edtica y la cultura.<\/p>\n<p>La reacci\u00f3n del p\u00fablico fue instant\u00e1nea. <b>Redes sociales y medios digitales se plagaron de mensajes de admiraci\u00f3n, agradecimiento y sorpresa<\/b>. Los usuarios compartieron extractos de la carta y revivieron momentos clave de la carrera de Messi, mientras periodistas y especialistas analizaban la trascendencia de la noticia.<\/p>\n<p>En la Argentina, la despedida del capit\u00e1n fue recibida como un duelo nacional. El tono de los mensajes reflej\u00f3 la dimensi\u00f3n generacional del acontecimiento. En el resto del mundo, la noticia reabri\u00f3 el debate sobre el legado de Messi y su lugar en la historia del f\u00fatbol.<\/p>\n<p>El formato elegido por el futbolista \u2014una carta \u00edntima publicada en redes sociales\u2014 amplific\u00f3 la cercan\u00eda con los hinchas y la prensa. El propio Messi ofreci\u00f3 una explicaci\u00f3n directa en el texto: <b>se sent\u00eda \u201cvaciado\u201d, sin nada m\u00e1s para dar<\/b>, y consider\u00f3 justo dar paso a la nueva camada de futbolistas argentinos. La decisi\u00f3n fue interpretada tanto como un acto de generosidad hacia el equipo como una muestra de autopercepci\u00f3n l\u00facida sobre el final del ciclo.<\/p>\n","protected":false},"excerpt":{"rendered":"<p>El mediod\u00eda del 31 de agosto, la noticia del retiro de Lionel Messi deton\u00f3 una ola instant\u00e1nea de repercusiones en medios y redes sociales de todo el planeta. Cadenas internacionales, portales deportivos y programas de televisi\u00f3n reconfiguraron su agenda para abordar el tema que domin\u00f3 la conversaci\u00f3n global. En la Argentina, la pantalla chica estuvo&#8230;<\/p>\n","protected":false},"author":1,"featured_media":96243,"comment_status":"open","ping_status":"closed","sticky":false,"template":"","format":"standard","meta":{"_jetpack_newsletter_access":"","_jetpack_dont_email_post_to_subs":false,"_jetpack_newsletter_tier_id":0,"_jetpack_memberships_contains_paywalled_content":false,"_jetpack_memberships_contains_paid_content":false,"footnotes":"","jetpack_post_was_ever_published":false},"categories":[79],"tags":[],"class_list":["post-96240","post","type-post","status-publish","format-standard","has-post-thumbnail","hentry","category-cine-y-series"],"magazineBlocksPostFeaturedMedia":{"thumbnail":"https:\/\/lobosnews.com.ar\/wp-content\/uploads\/2026\/09\/mario-pergolini-hablo-del-retiro-de-lionel-messi-de-la-seleccion-alguien-pensaba-que-iba-a-seguir-150x150.jpg","medium":"https:\/\/lobosnews.com.ar\/wp-content\/uploads\/2026\/09\/mario-pergolini-hablo-del-retiro-de-lionel-messi-de-la-seleccion-alguien-pensaba-que-iba-a-seguir-300x197.jpg","medium_large":"https:\/\/lobosnews.com.ar\/wp-content\/uploads\/2026\/09\/mario-pergolini-hablo-del-retiro-de-lionel-messi-de-la-seleccion-alguien-pensaba-que-iba-a-seguir-768x505.jpg","large":"https:\/\/lobosnews.com.ar\/wp-content\/uploads\/2026\/09\/mario-pergolini-hablo-del-retiro-de-lionel-messi-de-la-seleccion-alguien-pensaba-que-iba-a-seguir.jpg","1536x1536":"https:\/\/lobosnews.com.ar\/wp-content\/uploads\/2026\/09\/mario-pergolini-hablo-del-retiro-de-lionel-messi-de-la-seleccion-alguien-pensaba-que-iba-a-seguir.jpg","2048x2048":"https:\/\/lobosnews.com.ar\/wp-content\/uploads\/2026\/09\/mario-pergolini-hablo-del-retiro-de-lionel-messi-de-la-seleccion-alguien-pensaba-que-iba-a-seguir.jpg","newsmatic-featured":"https:\/\/lobosnews.com.ar\/wp-content\/uploads\/2026\/09\/mario-pergolini-hablo-del-retiro-de-lionel-messi-de-la-seleccion-alguien-pensaba-que-iba-a-seguir-820x545.jpg","newsmatic-list":"https:\/\/lobosnews.com.ar\/wp-content\/uploads\/2026\/09\/mario-pergolini-hablo-del-retiro-de-lionel-messi-de-la-seleccion-alguien-pensaba-que-iba-a-seguir-600x400.jpg","newsmatic-thumb":"https:\/\/lobosnews.com.ar\/wp-content\/uploads\/2026\/09\/mario-pergolini-hablo-del-retiro-de-lionel-messi-de-la-seleccion-alguien-pensaba-que-iba-a-seguir-300x200.jpg","newsmatic-small":"https:\/\/lobosnews.com.ar\/wp-content\/uploads\/2026\/09\/mario-pergolini-hablo-del-retiro-de-lionel-messi-de-la-seleccion-alguien-pensaba-que-iba-a-seguir-150x95.jpg","newsmatic-grid":"https:\/\/lobosnews.com.ar\/wp-content\/uploads\/2026\/09\/mario-pergolini-hablo-del-retiro-de-lionel-messi-de-la-seleccion-alguien-pensaba-que-iba-a-seguir-400x250.jpg"},"magazineBlocksPostAuthor":{"name":"admin","avatar":"https:\/\/secure.gravatar.com\/avatar\/76e419471a2083bc3ceab22a763dbbf9b0c1bd15a6214cf3280e2c2dde4580f9?s=96&d=mm&r=g"},"magazineBlocksPostCommentsNumber":"0","magazineBlocksPostExcerpt":"El mediod\u00eda del 31 de agosto, la noticia del retiro de Lionel Messi deton\u00f3 una ola instant\u00e1nea de repercusiones en medios y redes sociales de todo el planeta. Cadenas internacionales, portales deportivos y programas de televisi\u00f3n reconfiguraron su agenda para abordar el tema que domin\u00f3 la conversaci\u00f3n global. En la Argentina, la pantalla chica estuvo...","magazineBlocksPostCategories":["Cine y Series"],"magazineBlocksPostViewCount":63,"magazineBlocksPostReadTime":5,"magazine_blocks_featured_image_url":{"full":["https:\/\/lobosnews.com.ar\/wp-content\/uploads\/2026\/09\/mario-pergolini-hablo-del-retiro-de-lionel-messi-de-la-seleccion-alguien-pensaba-que-iba-a-seguir.jpg",936,616,false],"medium":["https:\/\/lobosnews.com.ar\/wp-content\/uploads\/2026\/09\/mario-pergolini-hablo-del-retiro-de-lionel-messi-de-la-seleccion-alguien-pensaba-que-iba-a-seguir-300x197.jpg",300,197,true],"thumbnail":["https:\/\/lobosnews.com.ar\/wp-content\/uploads\/2026\/09\/mario-pergolini-hablo-del-retiro-de-lionel-messi-de-la-seleccion-alguien-pensaba-que-iba-a-seguir-150x150.jpg",150,150,true]},"magazine_blocks_author":{"display_name":"admin","author_link":"https:\/\/lobosnews.com.ar\/index.php\/author\/lobos-news\/"},"magazine_blocks_comment":0,"magazine_blocks_author_image":"https:\/\/secure.gravatar.com\/avatar\/76e419471a2083bc3ceab22a763dbbf9b0c1bd15a6214cf3280e2c2dde4580f9?s=96&d=mm&r=g","magazine_blocks_category":"<a href=\"#\" class=\"category-link category-link-79\">Cine y Series<\/a>","yoast_head":"<!-- This site is optimized with the Yoast SEO plugin v28.0 - https:\/\/yoast.com\/product\/yoast-seo-wordpress\/ -->\n<title>Mario Pergolini habl\u00f3 del retiro de Lionel Messi de la Selecci\u00f3n: \u201c\u00bfAlguien pensaba que iba a seguir?\u201d - Lobos News<\/title>\n<meta name=\"robots\" content=\"index, follow, max-snippet:-1, max-image-preview:large, max-video-preview:-1\" \/>\n<link rel=\"canonical\" href=\"https:\/\/lobosnews.com.ar\/index.php\/2026\/09\/01\/mario-pergolini-hablo-del-retiro-de-lionel-messi-de-la-seleccion-alguien-pensaba-que-iba-a-seguir\/\" \/>\n<meta property=\"og:locale\" content=\"es_ES\" \/>\n<meta property=\"og:type\" content=\"article\" \/>\n<meta property=\"og:title\" content=\"Mario Pergolini habl\u00f3 del retiro de Lionel Messi de la Selecci\u00f3n: \u201c\u00bfAlguien pensaba que iba a seguir?\u201d - Lobos News\" \/>\n<meta property=\"og:description\" content=\"El mediod\u00eda del 31 de agosto, la noticia del retiro de Lionel Messi deton\u00f3 una ola instant\u00e1nea de repercusiones en medios y redes sociales de todo el planeta. Cadenas internacionales, portales deportivos y programas de televisi\u00f3n reconfiguraron su agenda para abordar el tema que domin\u00f3 la conversaci\u00f3n global. En la Argentina, la pantalla chica estuvo...\" \/>\n<meta property=\"og:url\" content=\"https:\/\/lobosnews.com.ar\/index.php\/2026\/09\/01\/mario-pergolini-hablo-del-retiro-de-lionel-messi-de-la-seleccion-alguien-pensaba-que-iba-a-seguir\/\" \/>\n<meta property=\"og:site_name\" content=\"Lobos News\" \/>\n<meta property=\"article:published_time\" content=\"2026-09-01T10:58:26+00:00\" \/>\n<meta property=\"article:modified_time\" content=\"2026-09-01T16:58:46+00:00\" \/>\n<meta property=\"og:image\" content=\"https:\/\/lobosnews.com.ar\/wp-content\/uploads\/2026\/09\/mario-pergolini-hablo-del-retiro-de-lionel-messi-de-la-seleccion-alguien-pensaba-que-iba-a-seguir.jpg\" \/>\n\t<meta property=\"og:image:width\" content=\"936\" \/>\n\t<meta property=\"og:image:height\" content=\"616\" \/>\n\t<meta property=\"og:image:type\" content=\"image\/jpeg\" \/>\n<meta name=\"author\" content=\"admin\" \/>\n<meta name=\"twitter:card\" content=\"summary_large_image\" \/>\n<meta name=\"twitter:label1\" content=\"Escrito por\" \/>\n\t<meta name=\"twitter:data1\" content=\"admin\" \/>\n\t<meta name=\"twitter:label2\" content=\"Tiempo de lectura\" \/>\n\t<meta name=\"twitter:data2\" content=\"4 minutos\" \/>\n<script type=\"application\/ld+json\" class=\"yoast-schema-graph\">{\"@context\":\"https:\\\/\\\/schema.org\",\"@graph\":[{\"@type\":\"Article\",\"@id\":\"https:\\\/\\\/lobosnews.com.ar\\\/index.php\\\/2026\\\/09\\\/01\\\/mario-pergolini-hablo-del-retiro-de-lionel-messi-de-la-seleccion-alguien-pensaba-que-iba-a-seguir\\\/#article\",\"isPartOf\":{\"@id\":\"https:\\\/\\\/lobosnews.com.ar\\\/index.php\\\/2026\\\/09\\\/01\\\/mario-pergolini-hablo-del-retiro-de-lionel-messi-de-la-seleccion-alguien-pensaba-que-iba-a-seguir\\\/\"},\"author\":{\"name\":\"admin\",\"@id\":\"https:\\\/\\\/lobosnews.com.ar\\\/#\\\/schema\\\/person\\\/232422a593d5c541dd9aef6aaed10943\"},\"headline\":\"Mario Pergolini habl\u00f3 del retiro de Lionel Messi de la Selecci\u00f3n: \u201c\u00bfAlguien pensaba que iba a seguir?\u201d\",\"datePublished\":\"2026-09-01T10:58:26+00:00\",\"dateModified\":\"2026-09-01T16:58:46+00:00\",\"mainEntityOfPage\":{\"@id\":\"https:\\\/\\\/lobosnews.com.ar\\\/index.php\\\/2026\\\/09\\\/01\\\/mario-pergolini-hablo-del-retiro-de-lionel-messi-de-la-seleccion-alguien-pensaba-que-iba-a-seguir\\\/\"},\"wordCount\":831,\"commentCount\":0,\"publisher\":{\"@id\":\"https:\\\/\\\/lobosnews.com.ar\\\/#organization\"},\"image\":{\"@id\":\"https:\\\/\\\/lobosnews.com.ar\\\/index.php\\\/2026\\\/09\\\/01\\\/mario-pergolini-hablo-del-retiro-de-lionel-messi-de-la-seleccion-alguien-pensaba-que-iba-a-seguir\\\/#primaryimage\"},\"thumbnailUrl\":\"https:\\\/\\\/lobosnews.com.ar\\\/wp-content\\\/uploads\\\/2026\\\/09\\\/mario-pergolini-hablo-del-retiro-de-lionel-messi-de-la-seleccion-alguien-pensaba-que-iba-a-seguir.jpg\",\"articleSection\":[\"Cine y Series\"],\"inLanguage\":\"es\",\"potentialAction\":[{\"@type\":\"CommentAction\",\"name\":\"Comment\",\"target\":[\"https:\\\/\\\/lobosnews.com.ar\\\/index.php\\\/2026\\\/09\\\/01\\\/mario-pergolini-hablo-del-retiro-de-lionel-messi-de-la-seleccion-alguien-pensaba-que-iba-a-seguir\\\/#respond\"]}]},{\"@type\":\"WebPage\",\"@id\":\"https:\\\/\\\/lobosnews.com.ar\\\/index.php\\\/2026\\\/09\\\/01\\\/mario-pergolini-hablo-del-retiro-de-lionel-messi-de-la-seleccion-alguien-pensaba-que-iba-a-seguir\\\/\",\"url\":\"https:\\\/\\\/lobosnews.com.ar\\\/index.php\\\/2026\\\/09\\\/01\\\/mario-pergolini-hablo-del-retiro-de-lionel-messi-de-la-seleccion-alguien-pensaba-que-iba-a-seguir\\\/\",\"name\":\"Mario Pergolini habl\u00f3 del retiro de Lionel Messi de la Selecci\u00f3n: \u201c\u00bfAlguien pensaba que iba a seguir?\u201d - Lobos News\",\"isPartOf\":{\"@id\":\"https:\\\/\\\/lobosnews.com.ar\\\/#website\"},\"primaryImageOfPage\":{\"@id\":\"https:\\\/\\\/lobosnews.com.ar\\\/index.php\\\/2026\\\/09\\\/01\\\/mario-pergolini-hablo-del-retiro-de-lionel-messi-de-la-seleccion-alguien-pensaba-que-iba-a-seguir\\\/#primaryimage\"},\"image\":{\"@id\":\"https:\\\/\\\/lobosnews.com.ar\\\/index.php\\\/2026\\\/09\\\/01\\\/mario-pergolini-hablo-del-retiro-de-lionel-messi-de-la-seleccion-alguien-pensaba-que-iba-a-seguir\\\/#primaryimage\"},\"thumbnailUrl\":\"https:\\\/\\\/lobosnews.com.ar\\\/wp-content\\\/uploads\\\/2026\\\/09\\\/mario-pergolini-hablo-del-retiro-de-lionel-messi-de-la-seleccion-alguien-pensaba-que-iba-a-seguir.jpg\",\"datePublished\":\"2026-09-01T10:58:26+00:00\",\"dateModified\":\"2026-09-01T16:58:46+00:00\",\"breadcrumb\":{\"@id\":\"https:\\\/\\\/lobosnews.com.ar\\\/index.php\\\/2026\\\/09\\\/01\\\/mario-pergolini-hablo-del-retiro-de-lionel-messi-de-la-seleccion-alguien-pensaba-que-iba-a-seguir\\\/#breadcrumb\"},\"inLanguage\":\"es\",\"potentialAction\":[{\"@type\":\"ReadAction\",\"target\":[\"https:\\\/\\\/lobosnews.com.ar\\\/index.php\\\/2026\\\/09\\\/01\\\/mario-pergolini-hablo-del-retiro-de-lionel-messi-de-la-seleccion-alguien-pensaba-que-iba-a-seguir\\\/\"]}]},{\"@type\":\"ImageObject\",\"inLanguage\":\"es\",\"@id\":\"https:\\\/\\\/lobosnews.com.ar\\\/index.php\\\/2026\\\/09\\\/01\\\/mario-pergolini-hablo-del-retiro-de-lionel-messi-de-la-seleccion-alguien-pensaba-que-iba-a-seguir\\\/#primaryimage\",\"url\":\"https:\\\/\\\/lobosnews.com.ar\\\/wp-content\\\/uploads\\\/2026\\\/09\\\/mario-pergolini-hablo-del-retiro-de-lionel-messi-de-la-seleccion-alguien-pensaba-que-iba-a-seguir.jpg\",\"contentUrl\":\"https:\\\/\\\/lobosnews.com.ar\\\/wp-content\\\/uploads\\\/2026\\\/09\\\/mario-pergolini-hablo-del-retiro-de-lionel-messi-de-la-seleccion-alguien-pensaba-que-iba-a-seguir.jpg\",\"width\":936,\"height\":616,\"caption\":\"Mario Pergolini habl\u00f3 del retiro de Lionel Messi de la Selecci\u00f3n: \u201c\u00bfAlguien pensaba que iba a seguir?\u201d\"},{\"@type\":\"BreadcrumbList\",\"@id\":\"https:\\\/\\\/lobosnews.com.ar\\\/index.php\\\/2026\\\/09\\\/01\\\/mario-pergolini-hablo-del-retiro-de-lionel-messi-de-la-seleccion-alguien-pensaba-que-iba-a-seguir\\\/#breadcrumb\",\"itemListElement\":[{\"@type\":\"ListItem\",\"position\":1,\"name\":\"Portada\",\"item\":\"https:\\\/\\\/lobosnews.com.ar\\\/\"},{\"@type\":\"ListItem\",\"position\":2,\"name\":\"Mario Pergolini habl\u00f3 del retiro de Lionel Messi de la Selecci\u00f3n: \u201c\u00bfAlguien pensaba que iba a seguir?\u201d\"}]},{\"@type\":\"WebSite\",\"@id\":\"https:\\\/\\\/lobosnews.com.ar\\\/#website\",\"url\":\"https:\\\/\\\/lobosnews.com.ar\\\/\",\"name\":\"Lobos News\",\"description\":\"Informaci\u00f3n a cada instante\",\"publisher\":{\"@id\":\"https:\\\/\\\/lobosnews.com.ar\\\/#organization\"},\"potentialAction\":[{\"@type\":\"SearchAction\",\"target\":{\"@type\":\"EntryPoint\",\"urlTemplate\":\"https:\\\/\\\/lobosnews.com.ar\\\/?s={search_term_string}\"},\"query-input\":{\"@type\":\"PropertyValueSpecification\",\"valueRequired\":true,\"valueName\":\"search_term_string\"}}],\"inLanguage\":\"es\"},{\"@type\":\"Organization\",\"@id\":\"https:\\\/\\\/lobosnews.com.ar\\\/#organization\",\"name\":\"Lobos News\",\"url\":\"https:\\\/\\\/lobosnews.com.ar\\\/\",\"logo\":{\"@type\":\"ImageObject\",\"inLanguage\":\"es\",\"@id\":\"https:\\\/\\\/lobosnews.com.ar\\\/#\\\/schema\\\/logo\\\/image\\\/\",\"url\":\"https:\\\/\\\/lobosnews.com.ar\\\/wp-content\\\/uploads\\\/2026\\\/01\\\/logo-lobosnews.png\",\"contentUrl\":\"https:\\\/\\\/lobosnews.com.ar\\\/wp-content\\\/uploads\\\/2026\\\/01\\\/logo-lobosnews.png\",\"width\":500,\"height\":200,\"caption\":\"Lobos News\"},\"image\":{\"@id\":\"https:\\\/\\\/lobosnews.com.ar\\\/#\\\/schema\\\/logo\\\/image\\\/\"}},{\"@type\":\"Person\",\"@id\":\"https:\\\/\\\/lobosnews.com.ar\\\/#\\\/schema\\\/person\\\/232422a593d5c541dd9aef6aaed10943\",\"name\":\"admin\",\"image\":{\"@type\":\"ImageObject\",\"inLanguage\":\"es\",\"@id\":\"https:\\\/\\\/secure.gravatar.com\\\/avatar\\\/76e419471a2083bc3ceab22a763dbbf9b0c1bd15a6214cf3280e2c2dde4580f9?s=96&d=mm&r=g\",\"url\":\"https:\\\/\\\/secure.gravatar.com\\\/avatar\\\/76e419471a2083bc3ceab22a763dbbf9b0c1bd15a6214cf3280e2c2dde4580f9?s=96&d=mm&r=g\",\"contentUrl\":\"https:\\\/\\\/secure.gravatar.com\\\/avatar\\\/76e419471a2083bc3ceab22a763dbbf9b0c1bd15a6214cf3280e2c2dde4580f9?s=96&d=mm&r=g\",\"caption\":\"admin\"},\"sameAs\":[\"https:\\\/\\\/lobosnews.com.ar\"],\"url\":\"https:\\\/\\\/lobosnews.com.ar\\\/index.php\\\/author\\\/lobos-news\\\/\"}]}<\/script>\n<!-- \/ Yoast SEO plugin. -->","yoast_head_json":{"title":"Mario Pergolini habl\u00f3 del retiro de Lionel Messi de la Selecci\u00f3n: \u201c\u00bfAlguien pensaba que iba a seguir?\u201d - Lobos News","robots":{"index":"index","follow":"follow","max-snippet":"max-snippet:-1","max-image-preview":"max-image-preview:large","max-video-preview":"max-video-preview:-1"},"canonical":"https:\/\/lobosnews.com.ar\/index.php\/2026\/09\/01\/mario-pergolini-hablo-del-retiro-de-lionel-messi-de-la-seleccion-alguien-pensaba-que-iba-a-seguir\/","og_locale":"es_ES","og_type":"article","og_title":"Mario Pergolini habl\u00f3 del retiro de Lionel Messi de la Selecci\u00f3n: \u201c\u00bfAlguien pensaba que iba a seguir?\u201d - Lobos News","og_description":"El mediod\u00eda del 31 de agosto, la noticia del retiro de Lionel Messi deton\u00f3 una ola instant\u00e1nea de repercusiones en medios y redes sociales de todo el planeta. Cadenas internacionales, portales deportivos y programas de televisi\u00f3n reconfiguraron su agenda para abordar el tema que domin\u00f3 la conversaci\u00f3n global. En la Argentina, la pantalla chica estuvo...","og_url":"https:\/\/lobosnews.com.ar\/index.php\/2026\/09\/01\/mario-pergolini-hablo-del-retiro-de-lionel-messi-de-la-seleccion-alguien-pensaba-que-iba-a-seguir\/","og_site_name":"Lobos News","article_published_time":"2026-09-01T10:58:26+00:00","article_modified_time":"2026-09-01T16:58:46+00:00","og_image":[{"width":936,"height":616,"url":"https:\/\/lobosnews.com.ar\/wp-content\/uploads\/2026\/09\/mario-pergolini-hablo-del-retiro-de-lionel-messi-de-la-seleccion-alguien-pensaba-que-iba-a-seguir.jpg","type":"image\/jpeg"}],"author":"admin","twitter_card":"summary_large_image","twitter_misc":{"Escrito por":"admin","Tiempo de lectura":"4 minutos"},"schema":{"@context":"https:\/\/schema.org","@graph":[{"@type":"Article","@id":"https:\/\/lobosnews.com.ar\/index.php\/2026\/09\/01\/mario-pergolini-hablo-del-retiro-de-lionel-messi-de-la-seleccion-alguien-pensaba-que-iba-a-seguir\/#article","isPartOf":{"@id":"https:\/\/lobosnews.com.ar\/index.php\/2026\/09\/01\/mario-pergolini-hablo-del-retiro-de-lionel-messi-de-la-seleccion-alguien-pensaba-que-iba-a-seguir\/"},"author":{"name":"admin","@id":"https:\/\/lobosnews.com.ar\/#\/schema\/person\/232422a593d5c541dd9aef6aaed10943"},"headline":"Mario Pergolini habl\u00f3 del retiro de Lionel Messi de la Selecci\u00f3n: \u201c\u00bfAlguien pensaba que iba a seguir?\u201d","datePublished":"2026-09-01T10:58:26+00:00","dateModified":"2026-09-01T16:58:46+00:00","mainEntityOfPage":{"@id":"https:\/\/lobosnews.com.ar\/index.php\/2026\/09\/01\/mario-pergolini-hablo-del-retiro-de-lionel-messi-de-la-seleccion-alguien-pensaba-que-iba-a-seguir\/"},"wordCount":831,"commentCount":0,"publisher":{"@id":"https:\/\/lobosnews.com.ar\/#organization"},"image":{"@id":"https:\/\/lobosnews.com.ar\/index.php\/2026\/09\/01\/mario-pergolini-hablo-del-retiro-de-lionel-messi-de-la-seleccion-alguien-pensaba-que-iba-a-seguir\/#primaryimage"},"thumbnailUrl":"https:\/\/lobosnews.com.ar\/wp-content\/uploads\/2026\/09\/mario-pergolini-hablo-del-retiro-de-lionel-messi-de-la-seleccion-alguien-pensaba-que-iba-a-seguir.jpg","articleSection":["Cine y Series"],"inLanguage":"es","potentialAction":[{"@type":"CommentAction","name":"Comment","target":["https:\/\/lobosnews.com.ar\/index.php\/2026\/09\/01\/mario-pergolini-hablo-del-retiro-de-lionel-messi-de-la-seleccion-alguien-pensaba-que-iba-a-seguir\/#respond"]}]},{"@type":"WebPage","@id":"https:\/\/lobosnews.com.ar\/index.php\/2026\/09\/01\/mario-pergolini-hablo-del-retiro-de-lionel-messi-de-la-seleccion-alguien-pensaba-que-iba-a-seguir\/","url":"https:\/\/lobosnews.com.ar\/index.php\/2026\/09\/01\/mario-pergolini-hablo-del-retiro-de-lionel-messi-de-la-seleccion-alguien-pensaba-que-iba-a-seguir\/","name":"Mario Pergolini habl\u00f3 del retiro de Lionel Messi de la Selecci\u00f3n: \u201c\u00bfAlguien pensaba que iba a seguir?\u201d - Lobos News","isPartOf":{"@id":"https:\/\/lobosnews.com.ar\/#website"},"primaryImageOfPage":{"@id":"https:\/\/lobosnews.com.ar\/index.php\/2026\/09\/01\/mario-pergolini-hablo-del-retiro-de-lionel-messi-de-la-seleccion-alguien-pensaba-que-iba-a-seguir\/#primaryimage"},"image":{"@id":"https:\/\/lobosnews.com.ar\/index.php\/2026\/09\/01\/mario-pergolini-hablo-del-retiro-de-lionel-messi-de-la-seleccion-alguien-pensaba-que-iba-a-seguir\/#primaryimage"},"thumbnailUrl":"https:\/\/lobosnews.com.ar\/wp-content\/uploads\/2026\/09\/mario-pergolini-hablo-del-retiro-de-lionel-messi-de-la-seleccion-alguien-pensaba-que-iba-a-seguir.jpg","datePublished":"2026-09-01T10:58:26+00:00","dateModified":"2026-09-01T16:58:46+00:00","breadcrumb":{"@id":"https:\/\/lobosnews.com.ar\/index.php\/2026\/09\/01\/mario-pergolini-hablo-del-retiro-de-lionel-messi-de-la-seleccion-alguien-pensaba-que-iba-a-seguir\/#breadcrumb"},"inLanguage":"es","potentialAction":[{"@type":"ReadAction","target":["https:\/\/lobosnews.com.ar\/index.php\/2026\/09\/01\/mario-pergolini-hablo-del-retiro-de-lionel-messi-de-la-seleccion-alguien-pensaba-que-iba-a-seguir\/"]}]},{"@type":"ImageObject","inLanguage":"es","@id":"https:\/\/lobosnews.com.ar\/index.php\/2026\/09\/01\/mario-pergolini-hablo-del-retiro-de-lionel-messi-de-la-seleccion-alguien-pensaba-que-iba-a-seguir\/#primaryimage","url":"https:\/\/lobosnews.com.ar\/wp-content\/uploads\/2026\/09\/mario-pergolini-hablo-del-retiro-de-lionel-messi-de-la-seleccion-alguien-pensaba-que-iba-a-seguir.jpg","contentUrl":"https:\/\/lobosnews.com.ar\/wp-content\/uploads\/2026\/09\/mario-pergolini-hablo-del-retiro-de-lionel-messi-de-la-seleccion-alguien-pensaba-que-iba-a-seguir.jpg","width":936,"height":616,"caption":"Mario Pergolini habl\u00f3 del retiro de Lionel Messi de la Selecci\u00f3n: \u201c\u00bfAlguien pensaba que iba a seguir?\u201d"},{"@type":"BreadcrumbList","@id":"https:\/\/lobosnews.com.ar\/index.php\/2026\/09\/01\/mario-pergolini-hablo-del-retiro-de-lionel-messi-de-la-seleccion-alguien-pensaba-que-iba-a-seguir\/#breadcrumb","itemListElement":[{"@type":"ListItem","position":1,"name":"Portada","item":"https:\/\/lobosnews.com.ar\/"},{"@type":"ListItem","position":2,"name":"Mario Pergolini habl\u00f3 del retiro de Lionel Messi de la Selecci\u00f3n: \u201c\u00bfAlguien pensaba que iba a seguir?\u201d"}]},{"@type":"WebSite","@id":"https:\/\/lobosnews.com.ar\/#website","url":"https:\/\/lobosnews.com.ar\/","name":"Lobos News","description":"Informaci\u00f3n a cada instante","publisher":{"@id":"https:\/\/lobosnews.com.ar\/#organization"},"potentialAction":[{"@type":"SearchAction","target":{"@type":"EntryPoint","urlTemplate":"https:\/\/lobosnews.com.ar\/?s={search_term_string}"},"query-input":{"@type":"PropertyValueSpecification","valueRequired":true,"valueName":"search_term_string"}}],"inLanguage":"es"},{"@type":"Organization","@id":"https:\/\/lobosnews.com.ar\/#organization","name":"Lobos News","url":"https:\/\/lobosnews.com.ar\/","logo":{"@type":"ImageObject","inLanguage":"es","@id":"https:\/\/lobosnews.com.ar\/#\/schema\/logo\/image\/","url":"https:\/\/lobosnews.com.ar\/wp-content\/uploads\/2026\/01\/logo-lobosnews.png","contentUrl":"https:\/\/lobosnews.com.ar\/wp-content\/uploads\/2026\/01\/logo-lobosnews.png","width":500,"height":200,"caption":"Lobos News"},"image":{"@id":"https:\/\/lobosnews.com.ar\/#\/schema\/logo\/image\/"}},{"@type":"Person","@id":"https:\/\/lobosnews.com.ar\/#\/schema\/person\/232422a593d5c541dd9aef6aaed10943","name":"admin","image":{"@type":"ImageObject","inLanguage":"es","@id":"https:\/\/secure.gravatar.com\/avatar\/76e419471a2083bc3ceab22a763dbbf9b0c1bd15a6214cf3280e2c2dde4580f9?s=96&d=mm&r=g","url":"https:\/\/secure.gravatar.com\/avatar\/76e419471a2083bc3ceab22a763dbbf9b0c1bd15a6214cf3280e2c2dde4580f9?s=96&d=mm&r=g","contentUrl":"https:\/\/secure.gravatar.com\/avatar\/76e419471a2083bc3ceab22a763dbbf9b0c1bd15a6214cf3280e2c2dde4580f9?s=96&d=mm&r=g","caption":"admin"},"sameAs":["https:\/\/lobosnews.com.ar"],"url":"https:\/\/lobosnews.com.ar\/index.php\/author\/lobos-news\/"}]}},"jetpack_featured_media_url":"https:\/\/lobosnews.com.ar\/wp-content\/uploads\/2026\/09\/mario-pergolini-hablo-del-retiro-de-lionel-messi-de-la-seleccion-alguien-pensaba-que-iba-a-seguir.jpg","jetpack_sharing_enabled":true,"_links":{"self":[{"href":"https:\/\/lobosnews.com.ar\/index.php\/wp-json\/wp\/v2\/posts\/96240","targetHints":{"allow":["GET"]}}],"collection":[{"href":"https:\/\/lobosnews.com.ar\/index.php\/wp-json\/wp\/v2\/posts"}],"about":[{"href":"https:\/\/lobosnews.com.ar\/index.php\/wp-json\/wp\/v2\/types\/post"}],"author":[{"embeddable":true,"href":"https:\/\/lobosnews.com.ar\/index.php\/wp-json\/wp\/v2\/users\/1"}],"replies":[{"embeddable":true,"href":"https:\/\/lobosnews.com.ar\/index.php\/wp-json\/wp\/v2\/comments?post=96240"}],"version-history":[{"count":1,"href":"https:\/\/lobosnews.com.ar\/index.php\/wp-json\/wp\/v2\/posts\/96240\/revisions"}],"predecessor-version":[{"id":96242,"href":"https:\/\/lobosnews.com.ar\/index.php\/wp-json\/wp\/v2\/posts\/96240\/revisions\/96242"}],"wp:featuredmedia":[{"embeddable":true,"href":"https:\/\/lobosnews.com.ar\/index.php\/wp-json\/wp\/v2\/media\/96243"}],"wp:attachment":[{"href":"https:\/\/lobosnews.com.ar\/index.php\/wp-json\/wp\/v2\/media?parent=96240"}],"wp:term":[{"taxonomy":"category","embeddable":true,"href":"https:\/\/lobosnews.com.ar\/index.php\/wp-json\/wp\/v2\/categories?post=96240"},{"taxonomy":"post_tag","embeddable":true,"href":"https:\/\/lobosnews.com.ar\/index.php\/wp-json\/wp\/v2\/tags?post=96240"}],"curies":[{"name":"wp","href":"https:\/\/api.w.org\/{rel}","templated":true}]}}