{"id":96194,"date":"2026-09-01T15:19:38","date_gmt":"2026-09-01T15:19:38","guid":{"rendered":"https:\/\/lobosnews.com.ar\/?p=96194"},"modified":"2026-09-01T16:55:55","modified_gmt":"2026-09-01T16:55:55","slug":"diablito-echeverri-dejara-el-manchester-city-y-tiene-cerrado-su-nuevo-destino-a-horas-del-cierre-del-mercado-de-pases","status":"publish","type":"post","link":"https:\/\/lobosnews.com.ar\/index.php\/2026\/09\/01\/diablito-echeverri-dejara-el-manchester-city-y-tiene-cerrado-su-nuevo-destino-a-horas-del-cierre-del-mercado-de-pases\/","title":{"rendered":"Diablito Echeverri dejar\u00e1 el Manchester City y tiene cerrado su nuevo destino a horas del cierre del mercado de pases"},"content":{"rendered":"<p><img loading=\"lazy\" decoding=\"async\" src=\"https:\/\/lobosnews.com.ar\/wp-content\/uploads\/2026\/09\/diablito-echeverri-dejara-el-manchester-city-y-tiene-cerrado-su-nuevo-destino-a-horas-del-cierre-del-mercado-de-pases.jpg\" alt=\"Tras realizar la pretemporada con Manchester City, el Diablito Echeverri fue cedido a pr\u00e9stamo al Benfica de Portugal (REUTERS\/Tyrone Siu)\" height=\"2193\" width=\"3080\"\/><\/p>\n<p><b>La llegada al Benfica de Portugal abrir\u00e1 una nueva etapa para Claudio Echeverri<\/b>, quien todav\u00eda busca continuidad desde que dej\u00f3 River Plate para sumarse a Manchester City. El club ingl\u00e9s apost\u00f3 por su proyecci\u00f3n, aunque hasta el momento opt\u00f3 por cederlo en m\u00e1s de una oportunidad para que acumule partidos y se adapte al f\u00fatbol europeo.<\/p>\n<p>Durante la temporada pasada, el chaque\u00f1o tuvo pasos por Bayer Leverkusen de Alemania y Girona de Espa\u00f1a. Disput\u00f3 11 encuentros con el conjunto alem\u00e1n y 17 con el equipo espa\u00f1ol. El volante solamente lleg\u00f3 a acumular 28 partidos entre ambos pr\u00e9stamos, aunque solo fue titular en ocho oportunidades.<\/p>\n<p>Echeverri tuvo participaci\u00f3n, pero no logr\u00f3 consolidarse como una pieza habitual en ninguno de los dos destinos. En Girona, adem\u00e1s, form\u00f3 parte de un plantel que perdi\u00f3 la categor\u00eda en la liga espa\u00f1ola y descendi\u00f3 a la Segunda Divisi\u00f3n.<\/p>\n<p><b>La cesi\u00f3n a Benfica aparece como una oportunidad para recuperar regularidad en un equipo que suele disputar los principales torneos de Portugal y que compite a nivel internacional.<\/b> El club de Lisboa tambi\u00e9n representa una vidriera habitual para futbolistas sudamericanos que buscan dar el salto hacia las grandes ligas de Europa.<\/p>\n<p>El futuro del Diablito hab\u00eda quedado bajo observaci\u00f3n durante la pretemporada de Manchester City, que lo incluy\u00f3 en su gira asi\u00e1tica. El argentino integr\u00f3 el plantel que viaj\u00f3 para ser evaluado por el entrenador Enzo Maresca, quien asumi\u00f3 tras la salida de Josep Guardiola. En el amistoso ante Inter de Italia, disputado en Hong Kong, Echeverri ingres\u00f3 en el segundo tiempo y dej\u00f3 una imagen que llam\u00f3 la atenci\u00f3n durante la definici\u00f3n por penales. El partido hab\u00eda terminado 1 a 1 y el volante fue el \u00fanico jugador del City que convirti\u00f3 en la tanda: <span class=\"waslinkname\">eligi\u00f3 picar su remate y super\u00f3 al arquero rival.<\/span><\/p>\n<p><img loading=\"lazy\" decoding=\"async\" src=\"https:\/\/lobosnews.com.ar\/wp-content\/uploads\/2026\/09\/diablito-echeverri-dejara-el-manchester-city-y-tiene-cerrado-su-nuevo-destino-a-horas-del-cierre-del-mercado-de-pases-1.jpg\" alt=\"El Diablito Echeverri viene de estar a pr\u00e9stamo en Bayer Leverkusen y Girona la pasada temporad (REUTERS\/Kim Soo-Hyeon)\" height=\"2648\" width=\"3813\"\/><\/p>\n<p>A pesar de esa aparici\u00f3n, la competencia interna en el plantel ingl\u00e9s y su escasa continuidad en los pr\u00e9stamos anteriores llevaron al club a considerar otra salida temporal. Benfica gan\u00f3 terreno en las \u00faltimas horas del mercado europeo y se impuso como el destino elegido. El acuerdo le permitir\u00e1 al jugador competir por un lugar en un nuevo contexto y, a la vez, le dar\u00e1 al Manchester City la posibilidad de seguir su evoluci\u00f3n sin desprenderse de inmediato de su ficha.<\/p>\n<p>Seg\u00fan ahond\u00f3 <i>R\u00e9cord<\/i>, el conjunto luso \u201cpagar\u00e1 el salario \u00edntegro del mediapunta argentino\u201d. Adem\u00e1s, asever\u00f3 que \u201cel acuerdo incluye una opci\u00f3n de compra al final de la temporada\u201d. Aunque el monto no fue informado, sostienen que \u201cel coste total de la operaci\u00f3n podr\u00eda rondar los 15 millones de euros\u201d.<\/p>\n<p><i>A Bola<\/i>, por su parte, sum\u00f3 que \u201cel Benfica ha llegado a un acuerdo con el Manchester City, propietario de los derechos del jugador, y el centrocampista ofensivo ya est\u00e1 autorizado a viajar\u201d. En su reporte se\u00f1alaron que en su momento los Ciudadanos adquirieron la ficha del joven talento albiceleste surgido de la cantera millonaria en una cifra cercana a los 18.5 millones de euros.<\/p>\n<p>En Las \u00c1guilas, dirigidas por Marco Silva, compartir\u00e1 plantel con otros futbolistas albicelestes, como el mediocampista Enzo Barrenechea y el atacante Gianluca Prestianni, con quien comparti\u00f3 plantel en las selecciones juveniles de la selecci\u00f3n argentina. <\/p>\n<p>Vale destacar que en la carrera por contratar al futbolista tambi\u00e9n se encontraban Betis de Espa\u00f1a, Sheffield United de la Segunda Divisi\u00f3n de Inglaterra y River Plate. Seg\u00fan lo que pudo averiguar <b>Infobae<\/b>, el Millonario realiz\u00f3 un intento al enterarse de la decisi\u00f3n del City de cederlo a pr\u00e9stamo nuevamente. Aunque en N\u00fa\u00f1ez catalogaron de \u201cmuy, muy dif\u00edcil\u201d la operaci\u00f3n, recalcan que el intento \u201csiempre se hace porque \u00e9l quiere volver\u201d, pero el conjunto de Manchester no est\u00e1 muy abierto a prestarlo al f\u00fatbol argentino. <\/p>\n<p>Con la banda roja cruzada en el pecho disput\u00f3 un total de 48 partidos, en los que marc\u00f3 cuatro goles y aport\u00f3 ocho asistencias. Levant\u00f3 un torneo de Primera Divisi\u00f3n, el Trofeo de Campeones y la Supercopa Argentina.<\/p><\/p>\n","protected":false},"excerpt":{"rendered":"<p>La llegada al Benfica de Portugal abrir\u00e1 una nueva etapa para Claudio Echeverri, quien todav\u00eda busca continuidad desde que dej\u00f3 River Plate para sumarse a Manchester City. El club ingl\u00e9s apost\u00f3 por su proyecci\u00f3n, aunque hasta el momento opt\u00f3 por cederlo en m\u00e1s de una oportunidad para que acumule partidos y se adapte al f\u00fatbol&#8230;<\/p>\n","protected":false},"author":1,"featured_media":0,"comment_status":"open","ping_status":"closed","sticky":false,"template":"","format":"standard","meta":{"_jetpack_newsletter_access":"","_jetpack_dont_email_post_to_subs":false,"_jetpack_newsletter_tier_id":0,"_jetpack_memberships_contains_paywalled_content":false,"_jetpack_memberships_contains_paid_content":false,"footnotes":"","jetpack_post_was_ever_published":false},"categories":[30],"tags":[39],"class_list":["post-96194","post","type-post","status-publish","format-standard","hentry","category-argentina","tag-deportes"],"magazineBlocksPostFeaturedMedia":{"thumbnail":false,"medium":false,"medium_large":false,"large":false,"1536x1536":false,"2048x2048":false,"newsmatic-featured":false,"newsmatic-list":false,"newsmatic-thumb":false,"newsmatic-small":false,"newsmatic-grid":false},"magazineBlocksPostAuthor":{"name":"admin","avatar":"https:\/\/secure.gravatar.com\/avatar\/76e419471a2083bc3ceab22a763dbbf9b0c1bd15a6214cf3280e2c2dde4580f9?s=96&d=mm&r=g"},"magazineBlocksPostCommentsNumber":"0","magazineBlocksPostExcerpt":"La llegada al Benfica de Portugal abrir\u00e1 una nueva etapa para Claudio Echeverri, quien todav\u00eda busca continuidad desde que dej\u00f3 River Plate para sumarse a Manchester City. El club ingl\u00e9s apost\u00f3 por su proyecci\u00f3n, aunque hasta el momento opt\u00f3 por cederlo en m\u00e1s de una oportunidad para que acumule partidos y se adapte al f\u00fatbol...","magazineBlocksPostCategories":["Argentina"],"magazineBlocksPostViewCount":64,"magazineBlocksPostReadTime":4,"magazine_blocks_featured_image_url":{"full":false,"medium":false,"thumbnail":false},"magazine_blocks_author":{"display_name":"admin","author_link":"https:\/\/lobosnews.com.ar\/index.php\/author\/lobos-news\/"},"magazine_blocks_comment":0,"magazine_blocks_author_image":"https:\/\/secure.gravatar.com\/avatar\/76e419471a2083bc3ceab22a763dbbf9b0c1bd15a6214cf3280e2c2dde4580f9?s=96&d=mm&r=g","magazine_blocks_category":"<a href=\"#\" class=\"category-link category-link-30\">Argentina<\/a>","yoast_head":"<!-- This site is optimized with the Yoast SEO plugin v28.0 - https:\/\/yoast.com\/product\/yoast-seo-wordpress\/ -->\n<title>Diablito Echeverri dejar\u00e1 el Manchester City y tiene cerrado su nuevo destino a horas del cierre del mercado de pases - Lobos News<\/title>\n<meta name=\"robots\" content=\"index, follow, max-snippet:-1, max-image-preview:large, max-video-preview:-1\" \/>\n<link rel=\"canonical\" href=\"https:\/\/lobosnews.com.ar\/index.php\/2026\/09\/01\/diablito-echeverri-dejara-el-manchester-city-y-tiene-cerrado-su-nuevo-destino-a-horas-del-cierre-del-mercado-de-pases\/\" \/>\n<meta property=\"og:locale\" content=\"es_ES\" \/>\n<meta property=\"og:type\" content=\"article\" \/>\n<meta property=\"og:title\" content=\"Diablito Echeverri dejar\u00e1 el Manchester City y tiene cerrado su nuevo destino a horas del cierre del mercado de pases - Lobos News\" \/>\n<meta property=\"og:description\" content=\"La llegada al Benfica de Portugal abrir\u00e1 una nueva etapa para Claudio Echeverri, quien todav\u00eda busca continuidad desde que dej\u00f3 River Plate para sumarse a Manchester City. El club ingl\u00e9s apost\u00f3 por su proyecci\u00f3n, aunque hasta el momento opt\u00f3 por cederlo en m\u00e1s de una oportunidad para que acumule partidos y se adapte al f\u00fatbol...\" \/>\n<meta property=\"og:url\" content=\"https:\/\/lobosnews.com.ar\/index.php\/2026\/09\/01\/diablito-echeverri-dejara-el-manchester-city-y-tiene-cerrado-su-nuevo-destino-a-horas-del-cierre-del-mercado-de-pases\/\" \/>\n<meta property=\"og:site_name\" content=\"Lobos News\" \/>\n<meta property=\"article:published_time\" content=\"2026-09-01T15:19:38+00:00\" \/>\n<meta property=\"article:modified_time\" content=\"2026-09-01T16:55:55+00:00\" \/>\n<meta property=\"og:image\" content=\"https:\/\/lobosnews.com.ar\/wp-content\/uploads\/2026\/09\/diablito-echeverri-dejara-el-manchester-city-y-tiene-cerrado-su-nuevo-destino-a-horas-del-cierre-del-mercado-de-pases.jpg\" \/>\n<meta name=\"author\" content=\"admin\" \/>\n<meta name=\"twitter:card\" content=\"summary_large_image\" \/>\n<meta name=\"twitter:label1\" content=\"Escrito por\" \/>\n\t<meta name=\"twitter:data1\" content=\"admin\" \/>\n\t<meta name=\"twitter:label2\" content=\"Tiempo de lectura\" \/>\n\t<meta name=\"twitter:data2\" content=\"3 minutos\" \/>\n<script type=\"application\/ld+json\" class=\"yoast-schema-graph\">{\"@context\":\"https:\\\/\\\/schema.org\",\"@graph\":[{\"@type\":\"Article\",\"@id\":\"https:\\\/\\\/lobosnews.com.ar\\\/index.php\\\/2026\\\/09\\\/01\\\/diablito-echeverri-dejara-el-manchester-city-y-tiene-cerrado-su-nuevo-destino-a-horas-del-cierre-del-mercado-de-pases\\\/#article\",\"isPartOf\":{\"@id\":\"https:\\\/\\\/lobosnews.com.ar\\\/index.php\\\/2026\\\/09\\\/01\\\/diablito-echeverri-dejara-el-manchester-city-y-tiene-cerrado-su-nuevo-destino-a-horas-del-cierre-del-mercado-de-pases\\\/\"},\"author\":{\"name\":\"admin\",\"@id\":\"https:\\\/\\\/lobosnews.com.ar\\\/#\\\/schema\\\/person\\\/232422a593d5c541dd9aef6aaed10943\"},\"headline\":\"Diablito Echeverri dejar\u00e1 el Manchester City y tiene cerrado su nuevo destino a horas del cierre del mercado de pases\",\"datePublished\":\"2026-09-01T15:19:38+00:00\",\"dateModified\":\"2026-09-01T16:55:55+00:00\",\"mainEntityOfPage\":{\"@id\":\"https:\\\/\\\/lobosnews.com.ar\\\/index.php\\\/2026\\\/09\\\/01\\\/diablito-echeverri-dejara-el-manchester-city-y-tiene-cerrado-su-nuevo-destino-a-horas-del-cierre-del-mercado-de-pases\\\/\"},\"wordCount\":709,\"commentCount\":0,\"publisher\":{\"@id\":\"https:\\\/\\\/lobosnews.com.ar\\\/#organization\"},\"image\":{\"@id\":\"https:\\\/\\\/lobosnews.com.ar\\\/index.php\\\/2026\\\/09\\\/01\\\/diablito-echeverri-dejara-el-manchester-city-y-tiene-cerrado-su-nuevo-destino-a-horas-del-cierre-del-mercado-de-pases\\\/#primaryimage\"},\"thumbnailUrl\":\"https:\\\/\\\/lobosnews.com.ar\\\/wp-content\\\/uploads\\\/2026\\\/09\\\/diablito-echeverri-dejara-el-manchester-city-y-tiene-cerrado-su-nuevo-destino-a-horas-del-cierre-del-mercado-de-pases.jpg\",\"keywords\":[\"Deportes\"],\"articleSection\":[\"Argentina\"],\"inLanguage\":\"es\",\"potentialAction\":[{\"@type\":\"CommentAction\",\"name\":\"Comment\",\"target\":[\"https:\\\/\\\/lobosnews.com.ar\\\/index.php\\\/2026\\\/09\\\/01\\\/diablito-echeverri-dejara-el-manchester-city-y-tiene-cerrado-su-nuevo-destino-a-horas-del-cierre-del-mercado-de-pases\\\/#respond\"]}]},{\"@type\":\"WebPage\",\"@id\":\"https:\\\/\\\/lobosnews.com.ar\\\/index.php\\\/2026\\\/09\\\/01\\\/diablito-echeverri-dejara-el-manchester-city-y-tiene-cerrado-su-nuevo-destino-a-horas-del-cierre-del-mercado-de-pases\\\/\",\"url\":\"https:\\\/\\\/lobosnews.com.ar\\\/index.php\\\/2026\\\/09\\\/01\\\/diablito-echeverri-dejara-el-manchester-city-y-tiene-cerrado-su-nuevo-destino-a-horas-del-cierre-del-mercado-de-pases\\\/\",\"name\":\"Diablito Echeverri dejar\u00e1 el Manchester City y tiene cerrado su nuevo destino a horas del cierre del mercado de pases - Lobos News\",\"isPartOf\":{\"@id\":\"https:\\\/\\\/lobosnews.com.ar\\\/#website\"},\"primaryImageOfPage\":{\"@id\":\"https:\\\/\\\/lobosnews.com.ar\\\/index.php\\\/2026\\\/09\\\/01\\\/diablito-echeverri-dejara-el-manchester-city-y-tiene-cerrado-su-nuevo-destino-a-horas-del-cierre-del-mercado-de-pases\\\/#primaryimage\"},\"image\":{\"@id\":\"https:\\\/\\\/lobosnews.com.ar\\\/index.php\\\/2026\\\/09\\\/01\\\/diablito-echeverri-dejara-el-manchester-city-y-tiene-cerrado-su-nuevo-destino-a-horas-del-cierre-del-mercado-de-pases\\\/#primaryimage\"},\"thumbnailUrl\":\"https:\\\/\\\/lobosnews.com.ar\\\/wp-content\\\/uploads\\\/2026\\\/09\\\/diablito-echeverri-dejara-el-manchester-city-y-tiene-cerrado-su-nuevo-destino-a-horas-del-cierre-del-mercado-de-pases.jpg\",\"datePublished\":\"2026-09-01T15:19:38+00:00\",\"dateModified\":\"2026-09-01T16:55:55+00:00\",\"breadcrumb\":{\"@id\":\"https:\\\/\\\/lobosnews.com.ar\\\/index.php\\\/2026\\\/09\\\/01\\\/diablito-echeverri-dejara-el-manchester-city-y-tiene-cerrado-su-nuevo-destino-a-horas-del-cierre-del-mercado-de-pases\\\/#breadcrumb\"},\"inLanguage\":\"es\",\"potentialAction\":[{\"@type\":\"ReadAction\",\"target\":[\"https:\\\/\\\/lobosnews.com.ar\\\/index.php\\\/2026\\\/09\\\/01\\\/diablito-echeverri-dejara-el-manchester-city-y-tiene-cerrado-su-nuevo-destino-a-horas-del-cierre-del-mercado-de-pases\\\/\"]}]},{\"@type\":\"ImageObject\",\"inLanguage\":\"es\",\"@id\":\"https:\\\/\\\/lobosnews.com.ar\\\/index.php\\\/2026\\\/09\\\/01\\\/diablito-echeverri-dejara-el-manchester-city-y-tiene-cerrado-su-nuevo-destino-a-horas-del-cierre-del-mercado-de-pases\\\/#primaryimage\",\"url\":\"https:\\\/\\\/lobosnews.com.ar\\\/wp-content\\\/uploads\\\/2026\\\/09\\\/diablito-echeverri-dejara-el-manchester-city-y-tiene-cerrado-su-nuevo-destino-a-horas-del-cierre-del-mercado-de-pases-scaled.jpg\",\"contentUrl\":\"https:\\\/\\\/lobosnews.com.ar\\\/wp-content\\\/uploads\\\/2026\\\/09\\\/diablito-echeverri-dejara-el-manchester-city-y-tiene-cerrado-su-nuevo-destino-a-horas-del-cierre-del-mercado-de-pases-scaled.jpg\",\"width\":2560,\"height\":1823},{\"@type\":\"BreadcrumbList\",\"@id\":\"https:\\\/\\\/lobosnews.com.ar\\\/index.php\\\/2026\\\/09\\\/01\\\/diablito-echeverri-dejara-el-manchester-city-y-tiene-cerrado-su-nuevo-destino-a-horas-del-cierre-del-mercado-de-pases\\\/#breadcrumb\",\"itemListElement\":[{\"@type\":\"ListItem\",\"position\":1,\"name\":\"Portada\",\"item\":\"https:\\\/\\\/lobosnews.com.ar\\\/\"},{\"@type\":\"ListItem\",\"position\":2,\"name\":\"Diablito Echeverri dejar\u00e1 el Manchester City y tiene cerrado su nuevo destino a horas del cierre del mercado de pases\"}]},{\"@type\":\"WebSite\",\"@id\":\"https:\\\/\\\/lobosnews.com.ar\\\/#website\",\"url\":\"https:\\\/\\\/lobosnews.com.ar\\\/\",\"name\":\"Lobos News\",\"description\":\"Informaci\u00f3n a cada instante\",\"publisher\":{\"@id\":\"https:\\\/\\\/lobosnews.com.ar\\\/#organization\"},\"potentialAction\":[{\"@type\":\"SearchAction\",\"target\":{\"@type\":\"EntryPoint\",\"urlTemplate\":\"https:\\\/\\\/lobosnews.com.ar\\\/?s={search_term_string}\"},\"query-input\":{\"@type\":\"PropertyValueSpecification\",\"valueRequired\":true,\"valueName\":\"search_term_string\"}}],\"inLanguage\":\"es\"},{\"@type\":\"Organization\",\"@id\":\"https:\\\/\\\/lobosnews.com.ar\\\/#organization\",\"name\":\"Lobos News\",\"url\":\"https:\\\/\\\/lobosnews.com.ar\\\/\",\"logo\":{\"@type\":\"ImageObject\",\"inLanguage\":\"es\",\"@id\":\"https:\\\/\\\/lobosnews.com.ar\\\/#\\\/schema\\\/logo\\\/image\\\/\",\"url\":\"https:\\\/\\\/lobosnews.com.ar\\\/wp-content\\\/uploads\\\/2026\\\/01\\\/logo-lobosnews.png\",\"contentUrl\":\"https:\\\/\\\/lobosnews.com.ar\\\/wp-content\\\/uploads\\\/2026\\\/01\\\/logo-lobosnews.png\",\"width\":500,\"height\":200,\"caption\":\"Lobos News\"},\"image\":{\"@id\":\"https:\\\/\\\/lobosnews.com.ar\\\/#\\\/schema\\\/logo\\\/image\\\/\"}},{\"@type\":\"Person\",\"@id\":\"https:\\\/\\\/lobosnews.com.ar\\\/#\\\/schema\\\/person\\\/232422a593d5c541dd9aef6aaed10943\",\"name\":\"admin\",\"image\":{\"@type\":\"ImageObject\",\"inLanguage\":\"es\",\"@id\":\"https:\\\/\\\/secure.gravatar.com\\\/avatar\\\/76e419471a2083bc3ceab22a763dbbf9b0c1bd15a6214cf3280e2c2dde4580f9?s=96&d=mm&r=g\",\"url\":\"https:\\\/\\\/secure.gravatar.com\\\/avatar\\\/76e419471a2083bc3ceab22a763dbbf9b0c1bd15a6214cf3280e2c2dde4580f9?s=96&d=mm&r=g\",\"contentUrl\":\"https:\\\/\\\/secure.gravatar.com\\\/avatar\\\/76e419471a2083bc3ceab22a763dbbf9b0c1bd15a6214cf3280e2c2dde4580f9?s=96&d=mm&r=g\",\"caption\":\"admin\"},\"sameAs\":[\"https:\\\/\\\/lobosnews.com.ar\"],\"url\":\"https:\\\/\\\/lobosnews.com.ar\\\/index.php\\\/author\\\/lobos-news\\\/\"}]}<\/script>\n<!-- \/ Yoast SEO plugin. -->","yoast_head_json":{"title":"Diablito Echeverri dejar\u00e1 el Manchester City y tiene cerrado su nuevo destino a horas del cierre del mercado de pases - Lobos News","robots":{"index":"index","follow":"follow","max-snippet":"max-snippet:-1","max-image-preview":"max-image-preview:large","max-video-preview":"max-video-preview:-1"},"canonical":"https:\/\/lobosnews.com.ar\/index.php\/2026\/09\/01\/diablito-echeverri-dejara-el-manchester-city-y-tiene-cerrado-su-nuevo-destino-a-horas-del-cierre-del-mercado-de-pases\/","og_locale":"es_ES","og_type":"article","og_title":"Diablito Echeverri dejar\u00e1 el Manchester City y tiene cerrado su nuevo destino a horas del cierre del mercado de pases - Lobos News","og_description":"La llegada al Benfica de Portugal abrir\u00e1 una nueva etapa para Claudio Echeverri, quien todav\u00eda busca continuidad desde que dej\u00f3 River Plate para sumarse a Manchester City. El club ingl\u00e9s apost\u00f3 por su proyecci\u00f3n, aunque hasta el momento opt\u00f3 por cederlo en m\u00e1s de una oportunidad para que acumule partidos y se adapte al f\u00fatbol...","og_url":"https:\/\/lobosnews.com.ar\/index.php\/2026\/09\/01\/diablito-echeverri-dejara-el-manchester-city-y-tiene-cerrado-su-nuevo-destino-a-horas-del-cierre-del-mercado-de-pases\/","og_site_name":"Lobos News","article_published_time":"2026-09-01T15:19:38+00:00","article_modified_time":"2026-09-01T16:55:55+00:00","og_image":[{"url":"https:\/\/lobosnews.com.ar\/wp-content\/uploads\/2026\/09\/diablito-echeverri-dejara-el-manchester-city-y-tiene-cerrado-su-nuevo-destino-a-horas-del-cierre-del-mercado-de-pases.jpg","type":"","width":"","height":""}],"author":"admin","twitter_card":"summary_large_image","twitter_misc":{"Escrito por":"admin","Tiempo de lectura":"3 minutos"},"schema":{"@context":"https:\/\/schema.org","@graph":[{"@type":"Article","@id":"https:\/\/lobosnews.com.ar\/index.php\/2026\/09\/01\/diablito-echeverri-dejara-el-manchester-city-y-tiene-cerrado-su-nuevo-destino-a-horas-del-cierre-del-mercado-de-pases\/#article","isPartOf":{"@id":"https:\/\/lobosnews.com.ar\/index.php\/2026\/09\/01\/diablito-echeverri-dejara-el-manchester-city-y-tiene-cerrado-su-nuevo-destino-a-horas-del-cierre-del-mercado-de-pases\/"},"author":{"name":"admin","@id":"https:\/\/lobosnews.com.ar\/#\/schema\/person\/232422a593d5c541dd9aef6aaed10943"},"headline":"Diablito Echeverri dejar\u00e1 el Manchester City y tiene cerrado su nuevo destino a horas del cierre del mercado de pases","datePublished":"2026-09-01T15:19:38+00:00","dateModified":"2026-09-01T16:55:55+00:00","mainEntityOfPage":{"@id":"https:\/\/lobosnews.com.ar\/index.php\/2026\/09\/01\/diablito-echeverri-dejara-el-manchester-city-y-tiene-cerrado-su-nuevo-destino-a-horas-del-cierre-del-mercado-de-pases\/"},"wordCount":709,"commentCount":0,"publisher":{"@id":"https:\/\/lobosnews.com.ar\/#organization"},"image":{"@id":"https:\/\/lobosnews.com.ar\/index.php\/2026\/09\/01\/diablito-echeverri-dejara-el-manchester-city-y-tiene-cerrado-su-nuevo-destino-a-horas-del-cierre-del-mercado-de-pases\/#primaryimage"},"thumbnailUrl":"https:\/\/lobosnews.com.ar\/wp-content\/uploads\/2026\/09\/diablito-echeverri-dejara-el-manchester-city-y-tiene-cerrado-su-nuevo-destino-a-horas-del-cierre-del-mercado-de-pases.jpg","keywords":["Deportes"],"articleSection":["Argentina"],"inLanguage":"es","potentialAction":[{"@type":"CommentAction","name":"Comment","target":["https:\/\/lobosnews.com.ar\/index.php\/2026\/09\/01\/diablito-echeverri-dejara-el-manchester-city-y-tiene-cerrado-su-nuevo-destino-a-horas-del-cierre-del-mercado-de-pases\/#respond"]}]},{"@type":"WebPage","@id":"https:\/\/lobosnews.com.ar\/index.php\/2026\/09\/01\/diablito-echeverri-dejara-el-manchester-city-y-tiene-cerrado-su-nuevo-destino-a-horas-del-cierre-del-mercado-de-pases\/","url":"https:\/\/lobosnews.com.ar\/index.php\/2026\/09\/01\/diablito-echeverri-dejara-el-manchester-city-y-tiene-cerrado-su-nuevo-destino-a-horas-del-cierre-del-mercado-de-pases\/","name":"Diablito Echeverri dejar\u00e1 el Manchester City y tiene cerrado su nuevo destino a horas del cierre del mercado de pases - Lobos News","isPartOf":{"@id":"https:\/\/lobosnews.com.ar\/#website"},"primaryImageOfPage":{"@id":"https:\/\/lobosnews.com.ar\/index.php\/2026\/09\/01\/diablito-echeverri-dejara-el-manchester-city-y-tiene-cerrado-su-nuevo-destino-a-horas-del-cierre-del-mercado-de-pases\/#primaryimage"},"image":{"@id":"https:\/\/lobosnews.com.ar\/index.php\/2026\/09\/01\/diablito-echeverri-dejara-el-manchester-city-y-tiene-cerrado-su-nuevo-destino-a-horas-del-cierre-del-mercado-de-pases\/#primaryimage"},"thumbnailUrl":"https:\/\/lobosnews.com.ar\/wp-content\/uploads\/2026\/09\/diablito-echeverri-dejara-el-manchester-city-y-tiene-cerrado-su-nuevo-destino-a-horas-del-cierre-del-mercado-de-pases.jpg","datePublished":"2026-09-01T15:19:38+00:00","dateModified":"2026-09-01T16:55:55+00:00","breadcrumb":{"@id":"https:\/\/lobosnews.com.ar\/index.php\/2026\/09\/01\/diablito-echeverri-dejara-el-manchester-city-y-tiene-cerrado-su-nuevo-destino-a-horas-del-cierre-del-mercado-de-pases\/#breadcrumb"},"inLanguage":"es","potentialAction":[{"@type":"ReadAction","target":["https:\/\/lobosnews.com.ar\/index.php\/2026\/09\/01\/diablito-echeverri-dejara-el-manchester-city-y-tiene-cerrado-su-nuevo-destino-a-horas-del-cierre-del-mercado-de-pases\/"]}]},{"@type":"ImageObject","inLanguage":"es","@id":"https:\/\/lobosnews.com.ar\/index.php\/2026\/09\/01\/diablito-echeverri-dejara-el-manchester-city-y-tiene-cerrado-su-nuevo-destino-a-horas-del-cierre-del-mercado-de-pases\/#primaryimage","url":"https:\/\/lobosnews.com.ar\/wp-content\/uploads\/2026\/09\/diablito-echeverri-dejara-el-manchester-city-y-tiene-cerrado-su-nuevo-destino-a-horas-del-cierre-del-mercado-de-pases-scaled.jpg","contentUrl":"https:\/\/lobosnews.com.ar\/wp-content\/uploads\/2026\/09\/diablito-echeverri-dejara-el-manchester-city-y-tiene-cerrado-su-nuevo-destino-a-horas-del-cierre-del-mercado-de-pases-scaled.jpg","width":2560,"height":1823},{"@type":"BreadcrumbList","@id":"https:\/\/lobosnews.com.ar\/index.php\/2026\/09\/01\/diablito-echeverri-dejara-el-manchester-city-y-tiene-cerrado-su-nuevo-destino-a-horas-del-cierre-del-mercado-de-pases\/#breadcrumb","itemListElement":[{"@type":"ListItem","position":1,"name":"Portada","item":"https:\/\/lobosnews.com.ar\/"},{"@type":"ListItem","position":2,"name":"Diablito Echeverri dejar\u00e1 el Manchester City y tiene cerrado su nuevo destino a horas del cierre del mercado de pases"}]},{"@type":"WebSite","@id":"https:\/\/lobosnews.com.ar\/#website","url":"https:\/\/lobosnews.com.ar\/","name":"Lobos News","description":"Informaci\u00f3n a cada instante","publisher":{"@id":"https:\/\/lobosnews.com.ar\/#organization"},"potentialAction":[{"@type":"SearchAction","target":{"@type":"EntryPoint","urlTemplate":"https:\/\/lobosnews.com.ar\/?s={search_term_string}"},"query-input":{"@type":"PropertyValueSpecification","valueRequired":true,"valueName":"search_term_string"}}],"inLanguage":"es"},{"@type":"Organization","@id":"https:\/\/lobosnews.com.ar\/#organization","name":"Lobos News","url":"https:\/\/lobosnews.com.ar\/","logo":{"@type":"ImageObject","inLanguage":"es","@id":"https:\/\/lobosnews.com.ar\/#\/schema\/logo\/image\/","url":"https:\/\/lobosnews.com.ar\/wp-content\/uploads\/2026\/01\/logo-lobosnews.png","contentUrl":"https:\/\/lobosnews.com.ar\/wp-content\/uploads\/2026\/01\/logo-lobosnews.png","width":500,"height":200,"caption":"Lobos News"},"image":{"@id":"https:\/\/lobosnews.com.ar\/#\/schema\/logo\/image\/"}},{"@type":"Person","@id":"https:\/\/lobosnews.com.ar\/#\/schema\/person\/232422a593d5c541dd9aef6aaed10943","name":"admin","image":{"@type":"ImageObject","inLanguage":"es","@id":"https:\/\/secure.gravatar.com\/avatar\/76e419471a2083bc3ceab22a763dbbf9b0c1bd15a6214cf3280e2c2dde4580f9?s=96&d=mm&r=g","url":"https:\/\/secure.gravatar.com\/avatar\/76e419471a2083bc3ceab22a763dbbf9b0c1bd15a6214cf3280e2c2dde4580f9?s=96&d=mm&r=g","contentUrl":"https:\/\/secure.gravatar.com\/avatar\/76e419471a2083bc3ceab22a763dbbf9b0c1bd15a6214cf3280e2c2dde4580f9?s=96&d=mm&r=g","caption":"admin"},"sameAs":["https:\/\/lobosnews.com.ar"],"url":"https:\/\/lobosnews.com.ar\/index.php\/author\/lobos-news\/"}]}},"jetpack_featured_media_url":"","jetpack_sharing_enabled":true,"_links":{"self":[{"href":"https:\/\/lobosnews.com.ar\/index.php\/wp-json\/wp\/v2\/posts\/96194","targetHints":{"allow":["GET"]}}],"collection":[{"href":"https:\/\/lobosnews.com.ar\/index.php\/wp-json\/wp\/v2\/posts"}],"about":[{"href":"https:\/\/lobosnews.com.ar\/index.php\/wp-json\/wp\/v2\/types\/post"}],"author":[{"embeddable":true,"href":"https:\/\/lobosnews.com.ar\/index.php\/wp-json\/wp\/v2\/users\/1"}],"replies":[{"embeddable":true,"href":"https:\/\/lobosnews.com.ar\/index.php\/wp-json\/wp\/v2\/comments?post=96194"}],"version-history":[{"count":1,"href":"https:\/\/lobosnews.com.ar\/index.php\/wp-json\/wp\/v2\/posts\/96194\/revisions"}],"predecessor-version":[{"id":96197,"href":"https:\/\/lobosnews.com.ar\/index.php\/wp-json\/wp\/v2\/posts\/96194\/revisions\/96197"}],"wp:attachment":[{"href":"https:\/\/lobosnews.com.ar\/index.php\/wp-json\/wp\/v2\/media?parent=96194"}],"wp:term":[{"taxonomy":"category","embeddable":true,"href":"https:\/\/lobosnews.com.ar\/index.php\/wp-json\/wp\/v2\/categories?post=96194"},{"taxonomy":"post_tag","embeddable":true,"href":"https:\/\/lobosnews.com.ar\/index.php\/wp-json\/wp\/v2\/tags?post=96194"}],"curies":[{"name":"wp","href":"https:\/\/api.w.org\/{rel}","templated":true}]}}