{"id":96189,"date":"2026-09-01T15:25:28","date_gmt":"2026-09-01T15:25:28","guid":{"rendered":"https:\/\/lobosnews.com.ar\/?p=96189"},"modified":"2026-09-01T16:55:52","modified_gmt":"2026-09-01T16:55:52","slug":"la-novedad-que-tendra-el-alpine-de-franco-colapinto-en-el-gp-de-italia-de-f1-y-la-decision-del-equipo-con-pierre-gasly","status":"publish","type":"post","link":"https:\/\/lobosnews.com.ar\/index.php\/2026\/09\/01\/la-novedad-que-tendra-el-alpine-de-franco-colapinto-en-el-gp-de-italia-de-f1-y-la-decision-del-equipo-con-pierre-gasly\/","title":{"rendered":"La novedad que tendr\u00e1 el Alpine de Franco Colapinto en el GP de Italia de F1 y la decisi\u00f3n del equipo con Pierre Gasly"},"content":{"rendered":"<p><img loading=\"lazy\" decoding=\"async\" src=\"https:\/\/lobosnews.com.ar\/wp-content\/uploads\/2026\/09\/la-novedad-que-tendra-el-alpine-de-franco-colapinto-en-el-gp-de-italia-de-f1-y-la-decision-del-equipo-con-pierre-gasly.jpg\" alt=\"Franco Colapinto saldr\u00e1 a pista en Monza con las actualizaciones que tuvo Gasly en Zandvoort (REUTERS\/Jakub Porzycki)\" height=\"1872\" width=\"2816\"\/><\/p>\n<p>De cara al <span class=\"waslinkname\"><b>Gran Premio de Italia<\/b><\/span><b> <\/b>en el m\u00edtico circuito de Monza, <b>Alpine hizo oficial que Franco Colapinto correr\u00e1 en el <\/b><i><b>Templo de la Velocidad<\/b><\/i><b> con el mismo paquete de actualizaciones que estren\u00f3 Pierre Gasly en Zandvoort<\/b>. Una decisi\u00f3n con la que el equipo con sede en Enstone buscar\u00e1 que sus dos autos queden en igualdad t\u00e9cnica y puedan pelear por la zona de puntos en el trazado italiano en la nueva fecha de la <b>F\u00f3rmula 1<\/b>.<\/p>\n<p>La mejora que ahora recibir\u00e1 el argentino incluye ocho elementos y representa <b>la intervenci\u00f3n t\u00e9cnica m\u00e1s importante de la escuder\u00eda en los \u00faltimos meses<\/b>. El objetivo con estas actualizaci\u00f3n en el A526 del argentino es corregir la p\u00e9rdida de competitividad que ven\u00eda mostrando el monoplaza ya en el cierre de la primera parte de la temporada.<\/p>\n<p>Alpine llegar\u00e1 a la cita en el circuito despu\u00e9s de introducir en el Gran Premio de los Pa\u00edses Bajos el nuevo paquete en el auto de Gasly. El equipo consider\u00f3 que ese estreno fue <b>un paso adelante en rendimiento y ahora decidi\u00f3 trasladarlo ahora al coche de Colapinto<\/b>.<\/p>\n<p>El director de Alpine F1 explic\u00f3 que la evaluaci\u00f3n interna fue positiva pese al resultado final no fue el esperado, m\u00e1s all\u00e1 que <span class=\"waslinkname\"><b>el piloto franc\u00e9s acab\u00f3 en el puesto 10 y sum\u00f3 un punto para el Campeonato de Constructores<\/b><\/span>. \u201cVolvemos a Monza tras un retorno positivo a las carreras en Zandvoort. De hecho, al final nos quedamos un poco decepcionados por habernos llevado solo dos puntos ya que, viendo las circunstancias del domingo, probablemente era posible algo m\u00e1s\u201d, explic\u00f3 <b>Steve Nielsen<\/b>.<\/p>\n<p>Nielsen tambi\u00e9n detall\u00f3 el efecto que el equipo espera de las piezas que ahora montar\u00e1 Colapinto. <b>\u201cLa actualizaci\u00f3n que llevamos al auto de Pierre fue buena y funcion\u00f3 seg\u00fan lo esperado, y estamos encantados de llevarla al auto de Franco este fin de semana en Monza\u201d<\/b>.<\/p>\n<p><img loading=\"lazy\" decoding=\"async\" src=\"https:\/\/lobosnews.com.ar\/wp-content\/uploads\/2026\/09\/la-novedad-que-tendra-el-alpine-de-franco-colapinto-en-el-gp-de-italia-de-f1-y-la-decision-del-equipo-con-pierre-gasly-1.jpg\" alt=\"Franco Colapinto junto a Gasly, Flavio Briatore y Nielsen (Alpine)\" height=\"1080\" width=\"1920\"\/><\/p>\n<p>Con ambos monoplazas bajo las mismas condiciones t\u00e9cnicas, la escuder\u00eda conf\u00eda en dar un salto de rendimiento en el trazado italiano. \u201cEsto deber\u00eda darnos la plataforma para tener a ambos autos ah\u00ed arriba y compitiendo por puntos, pero sabemos que tenemos m\u00e1s trabajo por hacer para extraer el m\u00e1ximo de nuestro paquete\u201d.<\/p>\n<p>\u201cHan sido un par de semanas bastante ocupadas para m\u00ed desde que volvimos a competir en Zandvoort tras el par\u00f3n veraniego.<span class=\"waslinkname\"><b> Estoy encantado de que, en el intervalo antes de Monza, el equipo haya confirmado que me quedar\u00e9 el pr\u00f3ximo a\u00f1o, junto a Pierre<\/b><\/span>. Quiero reiterar mi agradecimiento a Flavio y Steve por la confianza, y es incre\u00edble seguir en este equipo una temporada m\u00e1s. Hemos logrado muchos progresos importantes este a\u00f1o, tanto con el coche como con mi pilotaje, as\u00ed que me alegra mucho que eso haya sido reconocido y continuar\u00e9 dando lo mejor de m\u00ed para este equipo. Pero, por ahora, toda nuestra atenci\u00f3n est\u00e1 en Monza y nuestra posici\u00f3n en el campeonato\u201d, mencion\u00f3 el n\u00famero 43 en un comunicado que difundi\u00f3 el equipo.<\/p>\n<p>\u201cHice mi debut en F1 en este circuito y siempre es un placer correr aqu\u00ed frente a los aficionados italianos. Este fin de semana ser\u00e1 el primero en el que utilice nuestro nuevo paquete de mejoras, que Pierre us\u00f3 la \u00faltima vez, y espero con ansias probarlo desde el viernes y correr con \u00e9l este fin de semana. <b>El avance parec\u00eda prometedor y trabajaremos arduamente para adaptarnos lo m\u00e1s r\u00e1pido posible a los cambios<\/b>. Monza ser\u00e1 una carrera muy interesante con esta generaci\u00f3n de coches, las largas rectas combinadas con zonas de frenada muy fuertes podr\u00edan generar mucha acci\u00f3n, as\u00ed que nos aseguraremos de prepararnos lo mejor posible para lograr un resultado positivo en el \u00faltimo doblete europeo\u201d, agreg\u00f3 Colapinto en relaci\u00f3n a tener las nuevas actualizaciones en su coche.<\/p>\n<p>La otra novedad que tendr\u00e1 Alpine durante el fin de semana en Monza es que <b>Gasly ceder\u00e1 su asiento a Paul Aron en la primera pr\u00e1ctica libre<\/b> para que la escuder\u00eda siga cumpliendo con la reglamentaci\u00f3n vinculada a los pilotos novatos. \u201cTengo muchas ganas de volver a pilotar con el equipo. Estoy agradecido al equipo por darme la oportunidad de volver al volante tan pronto. Qued\u00e9 muy satisfecho con mi sesi\u00f3n en Budapest y espero poder aprovecharla en esta ocasi\u00f3n, especialmente ayudando al equipo a comparar nuestro \u00faltimo paquete de mejoras, que ya he probado en el simulador\u201d, dijo el estonio.<\/p>\n<p><img loading=\"lazy\" decoding=\"async\" src=\"https:\/\/lobosnews.com.ar\/wp-content\/uploads\/2026\/09\/la-novedad-que-tendra-el-alpine-de-franco-colapinto-en-el-gp-de-italia-de-f1-y-la-decision-del-equipo-con-pierre-gasly-2.jpg\" alt=\"Colapinto buscar\u00e1 volver a pelear por los puntos en Monza (AP Foto\/Darko Bandic)\" height=\"3642\" width=\"5463\"\/><\/p>\n<p><b>El n\u00facleo de la evoluci\u00f3n en el paquete est\u00e1 en el suelo del auto<\/b>, que fue redise\u00f1ado con cambios integrales en la superficie inferior, la tabla central y los bordes laterales. Esa modificaci\u00f3n busca generar m\u00e1s carga aerodin\u00e1mica y encauzar con mayor eficiencia el flujo de aire. Entre las otras actualizaciones, el difusor tambi\u00e9n fue retocado para trabajar en conjunto con la nueva plataforma inferior. A la vez, los pontones y la parte posterior del chasis, adoptaron un perfil nuevo para funcionar en sinton\u00eda con el suelo.<\/p>\n<p>La actualizaci\u00f3n incluy\u00f3 adem\u00e1s <b>cambios en la geometr\u00eda de los tambores de las ruedas traseras y en la estructura de impacto posterior<\/b>. Esas modificaciones fueron pensadas para coordinar la salida del aire en la parte final del auto. El paquete se completa con ajustes en los flaps del aler\u00f3n trasero para optimizar la eficiencia aerodin\u00e1mica tanto en recta como en curvas r\u00e1pidas.<\/p>\n<h2>D\u00cdAS Y HORARIOS DE LA ACTIVIDAD DE FRANCO COLAPINTO EN LA F\u00d3RMULA 1<\/h2>\n<p><i>Viernes 4 de septiembre<\/i><\/p>\n<p><b>Pr\u00e1ctica libre 1<\/b>: 7.30 (Argentina) \/ 12.30 (Italia)<\/p>\n<p><b>Pr\u00e1ctica libre 2<\/b>: 11.00 (Argentina) \/ 16.00 (Italia)<\/p>\n<p><i>S\u00e1bado 5 de septiembre<\/i><\/p>\n<p><b>Pr\u00e1ctica libre 3<\/b>: 7.30 (Argentina) \/ 12.30 (Italia)<\/p>\n<p><b>Clasificaci\u00f3n<\/b>: 11.00 (Argentina) \/ 16.00 (Italia)<\/p>\n<p><i>Domingo 6 de septiembre<\/i><\/p>\n<p><b>Carrera a 53 vueltas<\/b>: 10.00 (Argentina) \/ 15.00 (Italia)<\/p>\n<p><b>TV<\/b>: Fox Sports (Argentina) \/ Disney+ (Sudam\u00e9rica) \/ DAZN (Espa\u00f1a) \/ Apple TV (EEUU) \/ F1TV<\/p>\n","protected":false},"excerpt":{"rendered":"<p>De cara al Gran Premio de Italia en el m\u00edtico circuito de Monza, Alpine hizo oficial que Franco Colapinto correr\u00e1 en el Templo de la Velocidad con el mismo paquete de actualizaciones que estren\u00f3 Pierre Gasly en Zandvoort. Una decisi\u00f3n con la que el equipo con sede en Enstone buscar\u00e1 que sus dos autos queden&#8230;<\/p>\n","protected":false},"author":1,"featured_media":0,"comment_status":"open","ping_status":"closed","sticky":false,"template":"","format":"standard","meta":{"_jetpack_newsletter_access":"","_jetpack_dont_email_post_to_subs":false,"_jetpack_newsletter_tier_id":0,"_jetpack_memberships_contains_paywalled_content":false,"_jetpack_memberships_contains_paid_content":false,"footnotes":"","jetpack_post_was_ever_published":false},"categories":[30],"tags":[39],"class_list":["post-96189","post","type-post","status-publish","format-standard","hentry","category-argentina","tag-deportes"],"magazineBlocksPostFeaturedMedia":{"thumbnail":false,"medium":false,"medium_large":false,"large":false,"1536x1536":false,"2048x2048":false,"newsmatic-featured":false,"newsmatic-list":false,"newsmatic-thumb":false,"newsmatic-small":false,"newsmatic-grid":false},"magazineBlocksPostAuthor":{"name":"admin","avatar":"https:\/\/secure.gravatar.com\/avatar\/76e419471a2083bc3ceab22a763dbbf9b0c1bd15a6214cf3280e2c2dde4580f9?s=96&d=mm&r=g"},"magazineBlocksPostCommentsNumber":"0","magazineBlocksPostExcerpt":"De cara al Gran Premio de Italia en el m\u00edtico circuito de Monza, Alpine hizo oficial que Franco Colapinto correr\u00e1 en el Templo de la Velocidad con el mismo paquete de actualizaciones que estren\u00f3 Pierre Gasly en Zandvoort. Una decisi\u00f3n con la que el equipo con sede en Enstone buscar\u00e1 que sus dos autos queden...","magazineBlocksPostCategories":["Argentina"],"magazineBlocksPostViewCount":75,"magazineBlocksPostReadTime":5,"magazine_blocks_featured_image_url":{"full":false,"medium":false,"thumbnail":false},"magazine_blocks_author":{"display_name":"admin","author_link":"https:\/\/lobosnews.com.ar\/index.php\/author\/lobos-news\/"},"magazine_blocks_comment":0,"magazine_blocks_author_image":"https:\/\/secure.gravatar.com\/avatar\/76e419471a2083bc3ceab22a763dbbf9b0c1bd15a6214cf3280e2c2dde4580f9?s=96&d=mm&r=g","magazine_blocks_category":"<a href=\"#\" class=\"category-link category-link-30\">Argentina<\/a>","yoast_head":"<!-- This site is optimized with the Yoast SEO plugin v28.0 - https:\/\/yoast.com\/product\/yoast-seo-wordpress\/ -->\n<title>La novedad que tendr\u00e1 el Alpine de Franco Colapinto en el GP de Italia de F1 y la decisi\u00f3n del equipo con Pierre Gasly - Lobos News<\/title>\n<meta name=\"robots\" content=\"index, follow, max-snippet:-1, max-image-preview:large, max-video-preview:-1\" \/>\n<link rel=\"canonical\" href=\"https:\/\/lobosnews.com.ar\/index.php\/2026\/09\/01\/la-novedad-que-tendra-el-alpine-de-franco-colapinto-en-el-gp-de-italia-de-f1-y-la-decision-del-equipo-con-pierre-gasly\/\" \/>\n<meta property=\"og:locale\" content=\"es_ES\" \/>\n<meta property=\"og:type\" content=\"article\" \/>\n<meta property=\"og:title\" content=\"La novedad que tendr\u00e1 el Alpine de Franco Colapinto en el GP de Italia de F1 y la decisi\u00f3n del equipo con Pierre Gasly - Lobos News\" \/>\n<meta property=\"og:description\" content=\"De cara al Gran Premio de Italia en el m\u00edtico circuito de Monza, Alpine hizo oficial que Franco Colapinto correr\u00e1 en el Templo de la Velocidad con el mismo paquete de actualizaciones que estren\u00f3 Pierre Gasly en Zandvoort. Una decisi\u00f3n con la que el equipo con sede en Enstone buscar\u00e1 que sus dos autos queden...\" \/>\n<meta property=\"og:url\" content=\"https:\/\/lobosnews.com.ar\/index.php\/2026\/09\/01\/la-novedad-que-tendra-el-alpine-de-franco-colapinto-en-el-gp-de-italia-de-f1-y-la-decision-del-equipo-con-pierre-gasly\/\" \/>\n<meta property=\"og:site_name\" content=\"Lobos News\" \/>\n<meta property=\"article:published_time\" content=\"2026-09-01T15:25:28+00:00\" \/>\n<meta property=\"article:modified_time\" content=\"2026-09-01T16:55:52+00:00\" \/>\n<meta property=\"og:image\" content=\"https:\/\/lobosnews.com.ar\/wp-content\/uploads\/2026\/09\/la-novedad-que-tendra-el-alpine-de-franco-colapinto-en-el-gp-de-italia-de-f1-y-la-decision-del-equipo-con-pierre-gasly.jpg\" \/>\n<meta name=\"author\" content=\"admin\" \/>\n<meta name=\"twitter:card\" content=\"summary_large_image\" \/>\n<meta name=\"twitter:label1\" content=\"Escrito por\" \/>\n\t<meta name=\"twitter:data1\" content=\"admin\" \/>\n\t<meta name=\"twitter:label2\" content=\"Tiempo de lectura\" \/>\n\t<meta name=\"twitter:data2\" content=\"5 minutos\" \/>\n<script type=\"application\/ld+json\" class=\"yoast-schema-graph\">{\"@context\":\"https:\\\/\\\/schema.org\",\"@graph\":[{\"@type\":\"Article\",\"@id\":\"https:\\\/\\\/lobosnews.com.ar\\\/index.php\\\/2026\\\/09\\\/01\\\/la-novedad-que-tendra-el-alpine-de-franco-colapinto-en-el-gp-de-italia-de-f1-y-la-decision-del-equipo-con-pierre-gasly\\\/#article\",\"isPartOf\":{\"@id\":\"https:\\\/\\\/lobosnews.com.ar\\\/index.php\\\/2026\\\/09\\\/01\\\/la-novedad-que-tendra-el-alpine-de-franco-colapinto-en-el-gp-de-italia-de-f1-y-la-decision-del-equipo-con-pierre-gasly\\\/\"},\"author\":{\"name\":\"admin\",\"@id\":\"https:\\\/\\\/lobosnews.com.ar\\\/#\\\/schema\\\/person\\\/232422a593d5c541dd9aef6aaed10943\"},\"headline\":\"La novedad que tendr\u00e1 el Alpine de Franco Colapinto en el GP de Italia de F1 y la decisi\u00f3n del equipo con Pierre Gasly\",\"datePublished\":\"2026-09-01T15:25:28+00:00\",\"dateModified\":\"2026-09-01T16:55:52+00:00\",\"mainEntityOfPage\":{\"@id\":\"https:\\\/\\\/lobosnews.com.ar\\\/index.php\\\/2026\\\/09\\\/01\\\/la-novedad-que-tendra-el-alpine-de-franco-colapinto-en-el-gp-de-italia-de-f1-y-la-decision-del-equipo-con-pierre-gasly\\\/\"},\"wordCount\":1014,\"commentCount\":0,\"publisher\":{\"@id\":\"https:\\\/\\\/lobosnews.com.ar\\\/#organization\"},\"image\":{\"@id\":\"https:\\\/\\\/lobosnews.com.ar\\\/index.php\\\/2026\\\/09\\\/01\\\/la-novedad-que-tendra-el-alpine-de-franco-colapinto-en-el-gp-de-italia-de-f1-y-la-decision-del-equipo-con-pierre-gasly\\\/#primaryimage\"},\"thumbnailUrl\":\"https:\\\/\\\/lobosnews.com.ar\\\/wp-content\\\/uploads\\\/2026\\\/09\\\/la-novedad-que-tendra-el-alpine-de-franco-colapinto-en-el-gp-de-italia-de-f1-y-la-decision-del-equipo-con-pierre-gasly.jpg\",\"keywords\":[\"Deportes\"],\"articleSection\":[\"Argentina\"],\"inLanguage\":\"es\",\"potentialAction\":[{\"@type\":\"CommentAction\",\"name\":\"Comment\",\"target\":[\"https:\\\/\\\/lobosnews.com.ar\\\/index.php\\\/2026\\\/09\\\/01\\\/la-novedad-que-tendra-el-alpine-de-franco-colapinto-en-el-gp-de-italia-de-f1-y-la-decision-del-equipo-con-pierre-gasly\\\/#respond\"]}]},{\"@type\":\"WebPage\",\"@id\":\"https:\\\/\\\/lobosnews.com.ar\\\/index.php\\\/2026\\\/09\\\/01\\\/la-novedad-que-tendra-el-alpine-de-franco-colapinto-en-el-gp-de-italia-de-f1-y-la-decision-del-equipo-con-pierre-gasly\\\/\",\"url\":\"https:\\\/\\\/lobosnews.com.ar\\\/index.php\\\/2026\\\/09\\\/01\\\/la-novedad-que-tendra-el-alpine-de-franco-colapinto-en-el-gp-de-italia-de-f1-y-la-decision-del-equipo-con-pierre-gasly\\\/\",\"name\":\"La novedad que tendr\u00e1 el Alpine de Franco Colapinto en el GP de Italia de F1 y la decisi\u00f3n del equipo con Pierre Gasly - Lobos News\",\"isPartOf\":{\"@id\":\"https:\\\/\\\/lobosnews.com.ar\\\/#website\"},\"primaryImageOfPage\":{\"@id\":\"https:\\\/\\\/lobosnews.com.ar\\\/index.php\\\/2026\\\/09\\\/01\\\/la-novedad-que-tendra-el-alpine-de-franco-colapinto-en-el-gp-de-italia-de-f1-y-la-decision-del-equipo-con-pierre-gasly\\\/#primaryimage\"},\"image\":{\"@id\":\"https:\\\/\\\/lobosnews.com.ar\\\/index.php\\\/2026\\\/09\\\/01\\\/la-novedad-que-tendra-el-alpine-de-franco-colapinto-en-el-gp-de-italia-de-f1-y-la-decision-del-equipo-con-pierre-gasly\\\/#primaryimage\"},\"thumbnailUrl\":\"https:\\\/\\\/lobosnews.com.ar\\\/wp-content\\\/uploads\\\/2026\\\/09\\\/la-novedad-que-tendra-el-alpine-de-franco-colapinto-en-el-gp-de-italia-de-f1-y-la-decision-del-equipo-con-pierre-gasly.jpg\",\"datePublished\":\"2026-09-01T15:25:28+00:00\",\"dateModified\":\"2026-09-01T16:55:52+00:00\",\"breadcrumb\":{\"@id\":\"https:\\\/\\\/lobosnews.com.ar\\\/index.php\\\/2026\\\/09\\\/01\\\/la-novedad-que-tendra-el-alpine-de-franco-colapinto-en-el-gp-de-italia-de-f1-y-la-decision-del-equipo-con-pierre-gasly\\\/#breadcrumb\"},\"inLanguage\":\"es\",\"potentialAction\":[{\"@type\":\"ReadAction\",\"target\":[\"https:\\\/\\\/lobosnews.com.ar\\\/index.php\\\/2026\\\/09\\\/01\\\/la-novedad-que-tendra-el-alpine-de-franco-colapinto-en-el-gp-de-italia-de-f1-y-la-decision-del-equipo-con-pierre-gasly\\\/\"]}]},{\"@type\":\"ImageObject\",\"inLanguage\":\"es\",\"@id\":\"https:\\\/\\\/lobosnews.com.ar\\\/index.php\\\/2026\\\/09\\\/01\\\/la-novedad-que-tendra-el-alpine-de-franco-colapinto-en-el-gp-de-italia-de-f1-y-la-decision-del-equipo-con-pierre-gasly\\\/#primaryimage\",\"url\":\"https:\\\/\\\/lobosnews.com.ar\\\/wp-content\\\/uploads\\\/2026\\\/09\\\/la-novedad-que-tendra-el-alpine-de-franco-colapinto-en-el-gp-de-italia-de-f1-y-la-decision-del-equipo-con-pierre-gasly-scaled.jpg\",\"contentUrl\":\"https:\\\/\\\/lobosnews.com.ar\\\/wp-content\\\/uploads\\\/2026\\\/09\\\/la-novedad-que-tendra-el-alpine-de-franco-colapinto-en-el-gp-de-italia-de-f1-y-la-decision-del-equipo-con-pierre-gasly-scaled.jpg\",\"width\":2560,\"height\":1702},{\"@type\":\"BreadcrumbList\",\"@id\":\"https:\\\/\\\/lobosnews.com.ar\\\/index.php\\\/2026\\\/09\\\/01\\\/la-novedad-que-tendra-el-alpine-de-franco-colapinto-en-el-gp-de-italia-de-f1-y-la-decision-del-equipo-con-pierre-gasly\\\/#breadcrumb\",\"itemListElement\":[{\"@type\":\"ListItem\",\"position\":1,\"name\":\"Portada\",\"item\":\"https:\\\/\\\/lobosnews.com.ar\\\/\"},{\"@type\":\"ListItem\",\"position\":2,\"name\":\"La novedad que tendr\u00e1 el Alpine de Franco Colapinto en el GP de Italia de F1 y la decisi\u00f3n del equipo con Pierre Gasly\"}]},{\"@type\":\"WebSite\",\"@id\":\"https:\\\/\\\/lobosnews.com.ar\\\/#website\",\"url\":\"https:\\\/\\\/lobosnews.com.ar\\\/\",\"name\":\"Lobos News\",\"description\":\"Informaci\u00f3n a cada instante\",\"publisher\":{\"@id\":\"https:\\\/\\\/lobosnews.com.ar\\\/#organization\"},\"potentialAction\":[{\"@type\":\"SearchAction\",\"target\":{\"@type\":\"EntryPoint\",\"urlTemplate\":\"https:\\\/\\\/lobosnews.com.ar\\\/?s={search_term_string}\"},\"query-input\":{\"@type\":\"PropertyValueSpecification\",\"valueRequired\":true,\"valueName\":\"search_term_string\"}}],\"inLanguage\":\"es\"},{\"@type\":\"Organization\",\"@id\":\"https:\\\/\\\/lobosnews.com.ar\\\/#organization\",\"name\":\"Lobos News\",\"url\":\"https:\\\/\\\/lobosnews.com.ar\\\/\",\"logo\":{\"@type\":\"ImageObject\",\"inLanguage\":\"es\",\"@id\":\"https:\\\/\\\/lobosnews.com.ar\\\/#\\\/schema\\\/logo\\\/image\\\/\",\"url\":\"https:\\\/\\\/lobosnews.com.ar\\\/wp-content\\\/uploads\\\/2026\\\/01\\\/logo-lobosnews.png\",\"contentUrl\":\"https:\\\/\\\/lobosnews.com.ar\\\/wp-content\\\/uploads\\\/2026\\\/01\\\/logo-lobosnews.png\",\"width\":500,\"height\":200,\"caption\":\"Lobos News\"},\"image\":{\"@id\":\"https:\\\/\\\/lobosnews.com.ar\\\/#\\\/schema\\\/logo\\\/image\\\/\"}},{\"@type\":\"Person\",\"@id\":\"https:\\\/\\\/lobosnews.com.ar\\\/#\\\/schema\\\/person\\\/232422a593d5c541dd9aef6aaed10943\",\"name\":\"admin\",\"image\":{\"@type\":\"ImageObject\",\"inLanguage\":\"es\",\"@id\":\"https:\\\/\\\/secure.gravatar.com\\\/avatar\\\/76e419471a2083bc3ceab22a763dbbf9b0c1bd15a6214cf3280e2c2dde4580f9?s=96&d=mm&r=g\",\"url\":\"https:\\\/\\\/secure.gravatar.com\\\/avatar\\\/76e419471a2083bc3ceab22a763dbbf9b0c1bd15a6214cf3280e2c2dde4580f9?s=96&d=mm&r=g\",\"contentUrl\":\"https:\\\/\\\/secure.gravatar.com\\\/avatar\\\/76e419471a2083bc3ceab22a763dbbf9b0c1bd15a6214cf3280e2c2dde4580f9?s=96&d=mm&r=g\",\"caption\":\"admin\"},\"sameAs\":[\"https:\\\/\\\/lobosnews.com.ar\"],\"url\":\"https:\\\/\\\/lobosnews.com.ar\\\/index.php\\\/author\\\/lobos-news\\\/\"}]}<\/script>\n<!-- \/ Yoast SEO plugin. -->","yoast_head_json":{"title":"La novedad que tendr\u00e1 el Alpine de Franco Colapinto en el GP de Italia de F1 y la decisi\u00f3n del equipo con Pierre Gasly - Lobos News","robots":{"index":"index","follow":"follow","max-snippet":"max-snippet:-1","max-image-preview":"max-image-preview:large","max-video-preview":"max-video-preview:-1"},"canonical":"https:\/\/lobosnews.com.ar\/index.php\/2026\/09\/01\/la-novedad-que-tendra-el-alpine-de-franco-colapinto-en-el-gp-de-italia-de-f1-y-la-decision-del-equipo-con-pierre-gasly\/","og_locale":"es_ES","og_type":"article","og_title":"La novedad que tendr\u00e1 el Alpine de Franco Colapinto en el GP de Italia de F1 y la decisi\u00f3n del equipo con Pierre Gasly - Lobos News","og_description":"De cara al Gran Premio de Italia en el m\u00edtico circuito de Monza, Alpine hizo oficial que Franco Colapinto correr\u00e1 en el Templo de la Velocidad con el mismo paquete de actualizaciones que estren\u00f3 Pierre Gasly en Zandvoort. Una decisi\u00f3n con la que el equipo con sede en Enstone buscar\u00e1 que sus dos autos queden...","og_url":"https:\/\/lobosnews.com.ar\/index.php\/2026\/09\/01\/la-novedad-que-tendra-el-alpine-de-franco-colapinto-en-el-gp-de-italia-de-f1-y-la-decision-del-equipo-con-pierre-gasly\/","og_site_name":"Lobos News","article_published_time":"2026-09-01T15:25:28+00:00","article_modified_time":"2026-09-01T16:55:52+00:00","og_image":[{"url":"https:\/\/lobosnews.com.ar\/wp-content\/uploads\/2026\/09\/la-novedad-que-tendra-el-alpine-de-franco-colapinto-en-el-gp-de-italia-de-f1-y-la-decision-del-equipo-con-pierre-gasly.jpg","type":"","width":"","height":""}],"author":"admin","twitter_card":"summary_large_image","twitter_misc":{"Escrito por":"admin","Tiempo de lectura":"5 minutos"},"schema":{"@context":"https:\/\/schema.org","@graph":[{"@type":"Article","@id":"https:\/\/lobosnews.com.ar\/index.php\/2026\/09\/01\/la-novedad-que-tendra-el-alpine-de-franco-colapinto-en-el-gp-de-italia-de-f1-y-la-decision-del-equipo-con-pierre-gasly\/#article","isPartOf":{"@id":"https:\/\/lobosnews.com.ar\/index.php\/2026\/09\/01\/la-novedad-que-tendra-el-alpine-de-franco-colapinto-en-el-gp-de-italia-de-f1-y-la-decision-del-equipo-con-pierre-gasly\/"},"author":{"name":"admin","@id":"https:\/\/lobosnews.com.ar\/#\/schema\/person\/232422a593d5c541dd9aef6aaed10943"},"headline":"La novedad que tendr\u00e1 el Alpine de Franco Colapinto en el GP de Italia de F1 y la decisi\u00f3n del equipo con Pierre Gasly","datePublished":"2026-09-01T15:25:28+00:00","dateModified":"2026-09-01T16:55:52+00:00","mainEntityOfPage":{"@id":"https:\/\/lobosnews.com.ar\/index.php\/2026\/09\/01\/la-novedad-que-tendra-el-alpine-de-franco-colapinto-en-el-gp-de-italia-de-f1-y-la-decision-del-equipo-con-pierre-gasly\/"},"wordCount":1014,"commentCount":0,"publisher":{"@id":"https:\/\/lobosnews.com.ar\/#organization"},"image":{"@id":"https:\/\/lobosnews.com.ar\/index.php\/2026\/09\/01\/la-novedad-que-tendra-el-alpine-de-franco-colapinto-en-el-gp-de-italia-de-f1-y-la-decision-del-equipo-con-pierre-gasly\/#primaryimage"},"thumbnailUrl":"https:\/\/lobosnews.com.ar\/wp-content\/uploads\/2026\/09\/la-novedad-que-tendra-el-alpine-de-franco-colapinto-en-el-gp-de-italia-de-f1-y-la-decision-del-equipo-con-pierre-gasly.jpg","keywords":["Deportes"],"articleSection":["Argentina"],"inLanguage":"es","potentialAction":[{"@type":"CommentAction","name":"Comment","target":["https:\/\/lobosnews.com.ar\/index.php\/2026\/09\/01\/la-novedad-que-tendra-el-alpine-de-franco-colapinto-en-el-gp-de-italia-de-f1-y-la-decision-del-equipo-con-pierre-gasly\/#respond"]}]},{"@type":"WebPage","@id":"https:\/\/lobosnews.com.ar\/index.php\/2026\/09\/01\/la-novedad-que-tendra-el-alpine-de-franco-colapinto-en-el-gp-de-italia-de-f1-y-la-decision-del-equipo-con-pierre-gasly\/","url":"https:\/\/lobosnews.com.ar\/index.php\/2026\/09\/01\/la-novedad-que-tendra-el-alpine-de-franco-colapinto-en-el-gp-de-italia-de-f1-y-la-decision-del-equipo-con-pierre-gasly\/","name":"La novedad que tendr\u00e1 el Alpine de Franco Colapinto en el GP de Italia de F1 y la decisi\u00f3n del equipo con Pierre Gasly - Lobos News","isPartOf":{"@id":"https:\/\/lobosnews.com.ar\/#website"},"primaryImageOfPage":{"@id":"https:\/\/lobosnews.com.ar\/index.php\/2026\/09\/01\/la-novedad-que-tendra-el-alpine-de-franco-colapinto-en-el-gp-de-italia-de-f1-y-la-decision-del-equipo-con-pierre-gasly\/#primaryimage"},"image":{"@id":"https:\/\/lobosnews.com.ar\/index.php\/2026\/09\/01\/la-novedad-que-tendra-el-alpine-de-franco-colapinto-en-el-gp-de-italia-de-f1-y-la-decision-del-equipo-con-pierre-gasly\/#primaryimage"},"thumbnailUrl":"https:\/\/lobosnews.com.ar\/wp-content\/uploads\/2026\/09\/la-novedad-que-tendra-el-alpine-de-franco-colapinto-en-el-gp-de-italia-de-f1-y-la-decision-del-equipo-con-pierre-gasly.jpg","datePublished":"2026-09-01T15:25:28+00:00","dateModified":"2026-09-01T16:55:52+00:00","breadcrumb":{"@id":"https:\/\/lobosnews.com.ar\/index.php\/2026\/09\/01\/la-novedad-que-tendra-el-alpine-de-franco-colapinto-en-el-gp-de-italia-de-f1-y-la-decision-del-equipo-con-pierre-gasly\/#breadcrumb"},"inLanguage":"es","potentialAction":[{"@type":"ReadAction","target":["https:\/\/lobosnews.com.ar\/index.php\/2026\/09\/01\/la-novedad-que-tendra-el-alpine-de-franco-colapinto-en-el-gp-de-italia-de-f1-y-la-decision-del-equipo-con-pierre-gasly\/"]}]},{"@type":"ImageObject","inLanguage":"es","@id":"https:\/\/lobosnews.com.ar\/index.php\/2026\/09\/01\/la-novedad-que-tendra-el-alpine-de-franco-colapinto-en-el-gp-de-italia-de-f1-y-la-decision-del-equipo-con-pierre-gasly\/#primaryimage","url":"https:\/\/lobosnews.com.ar\/wp-content\/uploads\/2026\/09\/la-novedad-que-tendra-el-alpine-de-franco-colapinto-en-el-gp-de-italia-de-f1-y-la-decision-del-equipo-con-pierre-gasly-scaled.jpg","contentUrl":"https:\/\/lobosnews.com.ar\/wp-content\/uploads\/2026\/09\/la-novedad-que-tendra-el-alpine-de-franco-colapinto-en-el-gp-de-italia-de-f1-y-la-decision-del-equipo-con-pierre-gasly-scaled.jpg","width":2560,"height":1702},{"@type":"BreadcrumbList","@id":"https:\/\/lobosnews.com.ar\/index.php\/2026\/09\/01\/la-novedad-que-tendra-el-alpine-de-franco-colapinto-en-el-gp-de-italia-de-f1-y-la-decision-del-equipo-con-pierre-gasly\/#breadcrumb","itemListElement":[{"@type":"ListItem","position":1,"name":"Portada","item":"https:\/\/lobosnews.com.ar\/"},{"@type":"ListItem","position":2,"name":"La novedad que tendr\u00e1 el Alpine de Franco Colapinto en el GP de Italia de F1 y la decisi\u00f3n del equipo con Pierre Gasly"}]},{"@type":"WebSite","@id":"https:\/\/lobosnews.com.ar\/#website","url":"https:\/\/lobosnews.com.ar\/","name":"Lobos News","description":"Informaci\u00f3n a cada instante","publisher":{"@id":"https:\/\/lobosnews.com.ar\/#organization"},"potentialAction":[{"@type":"SearchAction","target":{"@type":"EntryPoint","urlTemplate":"https:\/\/lobosnews.com.ar\/?s={search_term_string}"},"query-input":{"@type":"PropertyValueSpecification","valueRequired":true,"valueName":"search_term_string"}}],"inLanguage":"es"},{"@type":"Organization","@id":"https:\/\/lobosnews.com.ar\/#organization","name":"Lobos News","url":"https:\/\/lobosnews.com.ar\/","logo":{"@type":"ImageObject","inLanguage":"es","@id":"https:\/\/lobosnews.com.ar\/#\/schema\/logo\/image\/","url":"https:\/\/lobosnews.com.ar\/wp-content\/uploads\/2026\/01\/logo-lobosnews.png","contentUrl":"https:\/\/lobosnews.com.ar\/wp-content\/uploads\/2026\/01\/logo-lobosnews.png","width":500,"height":200,"caption":"Lobos News"},"image":{"@id":"https:\/\/lobosnews.com.ar\/#\/schema\/logo\/image\/"}},{"@type":"Person","@id":"https:\/\/lobosnews.com.ar\/#\/schema\/person\/232422a593d5c541dd9aef6aaed10943","name":"admin","image":{"@type":"ImageObject","inLanguage":"es","@id":"https:\/\/secure.gravatar.com\/avatar\/76e419471a2083bc3ceab22a763dbbf9b0c1bd15a6214cf3280e2c2dde4580f9?s=96&d=mm&r=g","url":"https:\/\/secure.gravatar.com\/avatar\/76e419471a2083bc3ceab22a763dbbf9b0c1bd15a6214cf3280e2c2dde4580f9?s=96&d=mm&r=g","contentUrl":"https:\/\/secure.gravatar.com\/avatar\/76e419471a2083bc3ceab22a763dbbf9b0c1bd15a6214cf3280e2c2dde4580f9?s=96&d=mm&r=g","caption":"admin"},"sameAs":["https:\/\/lobosnews.com.ar"],"url":"https:\/\/lobosnews.com.ar\/index.php\/author\/lobos-news\/"}]}},"jetpack_featured_media_url":"","jetpack_sharing_enabled":true,"_links":{"self":[{"href":"https:\/\/lobosnews.com.ar\/index.php\/wp-json\/wp\/v2\/posts\/96189","targetHints":{"allow":["GET"]}}],"collection":[{"href":"https:\/\/lobosnews.com.ar\/index.php\/wp-json\/wp\/v2\/posts"}],"about":[{"href":"https:\/\/lobosnews.com.ar\/index.php\/wp-json\/wp\/v2\/types\/post"}],"author":[{"embeddable":true,"href":"https:\/\/lobosnews.com.ar\/index.php\/wp-json\/wp\/v2\/users\/1"}],"replies":[{"embeddable":true,"href":"https:\/\/lobosnews.com.ar\/index.php\/wp-json\/wp\/v2\/comments?post=96189"}],"version-history":[{"count":1,"href":"https:\/\/lobosnews.com.ar\/index.php\/wp-json\/wp\/v2\/posts\/96189\/revisions"}],"predecessor-version":[{"id":96193,"href":"https:\/\/lobosnews.com.ar\/index.php\/wp-json\/wp\/v2\/posts\/96189\/revisions\/96193"}],"wp:attachment":[{"href":"https:\/\/lobosnews.com.ar\/index.php\/wp-json\/wp\/v2\/media?parent=96189"}],"wp:term":[{"taxonomy":"category","embeddable":true,"href":"https:\/\/lobosnews.com.ar\/index.php\/wp-json\/wp\/v2\/categories?post=96189"},{"taxonomy":"post_tag","embeddable":true,"href":"https:\/\/lobosnews.com.ar\/index.php\/wp-json\/wp\/v2\/tags?post=96189"}],"curies":[{"name":"wp","href":"https:\/\/api.w.org\/{rel}","templated":true}]}}