{"id":96184,"date":"2026-09-01T15:35:35","date_gmt":"2026-09-01T15:35:35","guid":{"rendered":"https:\/\/lobosnews.com.ar\/?p=96184"},"modified":"2026-09-01T16:55:49","modified_gmt":"2026-09-01T16:55:49","slug":"la-fia-aprobo-las-obras-en-el-autodromo-para-que-la-f1-vuelva-a-la-argentina","status":"publish","type":"post","link":"https:\/\/lobosnews.com.ar\/index.php\/2026\/09\/01\/la-fia-aprobo-las-obras-en-el-autodromo-para-que-la-f1-vuelva-a-la-argentina\/","title":{"rendered":"La FIA aprob\u00f3 las obras en el Aut\u00f3dromo para que la F1 vuelva a la Argentina"},"content":{"rendered":"<p><img fetchpriority=\"high\" decoding=\"async\" src=\"https:\/\/lobosnews.com.ar\/wp-content\/uploads\/2026\/09\/la-fia-aprobo-las-obras-en-el-autodromo-para-que-la-f1-vuelva-a-la-argentina.jpg\" alt=\"Jorge Macri y Mohammed Ben Sulayem\" height=\"1080\" width=\"1920\"\/><\/p>\n<p>La visita del presidente de la <b>Federaci\u00f3n Internacional del Autom\u00f3vil (FIA)<\/b> a <b>Buenos Aires<\/b> dej\u00f3 una se\u00f1al pol\u00edtica y t\u00e9cnica para el proyecto local: <b>la Ciudad busca reabrirle la puerta a la F\u00f3rmula 1 en el Aut\u00f3dromo Aut\u00f3dromo Oscar y Juan G\u00e1lvez<\/b>, con una obra de renovaci\u00f3n integral que ya alcanz\u00f3 <b>un 60% de avance<\/b>.<\/p>\n<p>En este sentido, el jefe de Gobierno, <b>Jorge Macri<\/b>, present\u00f3 el plan ante <b>Mohammed Ben Sulayem<\/b>, m\u00e1xima autoridad del organismo que homologa los circuitos donde compite la m\u00e1xima categor\u00eda del automovilismo.<\/p>\n<p>El proyecto en marcha contempla <b>una inversi\u00f3n de 150 millones de d\u00f3lares<\/b>, la mayor desde la inauguraci\u00f3n del circuito, con el objetivo de adecuar el predio a las exigencias internacionales de seguridad y rendimiento. Seg\u00fan inform\u00f3 el Gobierno porte\u00f1o, cuando finalicen los trabajos, <b>el aut\u00f3dromo quedar\u00e1 en condiciones de aspirar a recibir a la F\u00f3rmula 1<\/b>.<\/p>\n<p>Durante la presentaci\u00f3n, Macri sostuvo:<b> \u201cEstamos haciendo la inversi\u00f3n m\u00e1s importante en la historia del Aut\u00f3dromo de la Ciudad. So\u00f1amos con la vuelta de la F\u00f3rmula 1 y por eso estamos transformando por completo la pista y las instalaciones para que cumpla con todas las exigencias y sea un \u00edcono de Buenos Aires en el mundo\u201d<\/b>. El mandatario estuvo acompa\u00f1ado por el jefe de Gabinete, <b>Gabriel S\u00e1nchez Zinny<\/b>, y por el secretario de Deportes, <b>Fabi\u00e1n \u201cChino\u201d Turnes<\/b>.<\/p>\n<h2>Las obras y las modificaciones<\/h2>\n<p><img loading=\"lazy\" decoding=\"async\" src=\"https:\/\/lobosnews.com.ar\/wp-content\/uploads\/2026\/09\/la-fia-aprobo-las-obras-en-el-autodromo-para-que-la-f1-vuelva-a-la-argentina-1.jpg\" alt=\"El Aut\u00f3dromo Oscar y Juan G\u00e1lvez tendr\u00e1 una remodelaci\u00f3n y un redise\u00f1o profundos de la pista, con 4,87 kil\u00f3metros, 15 curvas y permitir\u00e1 velocidades de m\u00e1s de 340 kil\u00f3metros por hora (Foto: Gobierno de la Ciudad de Buenos Aires)\" height=\"900\" width=\"1600\"\/><\/p>\n<p>La remodelaci\u00f3n incluye un redise\u00f1o profundo de la pista. El nuevo circuito tendr\u00e1 <b>4,87 kil\u00f3metros<\/b>, contar\u00e1 con <b>15 curvas<\/b> y permitir\u00e1 velocidades de <b>m\u00e1s de 340 kil\u00f3metros por hora<\/b> en la recta principal. Adem\u00e1s, el complejo ser\u00e1 preparado para recibir a <b>m\u00e1s de 150.000 personas<\/b>.<\/p>\n<p>Entre las tareas en ejecuci\u00f3n figuran la colocaci\u00f3n de pianos de hormig\u00f3n, una nueva carpeta asf\u00e1ltica, movimiento de suelos, adecuaci\u00f3n de calles de servicio, hormigonado de muros de contenci\u00f3n, zanjas y conductos pluviales, adem\u00e1s de <b>un nuevo t\u00fanel de paso por debajo de la pista<\/b>.<\/p>\n<p>A su vez, uno de los avances recientes fue la demolici\u00f3n de la tribuna ubicada en la horquilla, una intervenci\u00f3n considerada necesaria para extender el trazado y ajustarlo a los par\u00e1metros de velocidad y seguridad requeridos para competencias de primer nivel. De acuerdo con los datos difundidos por la Ciudad, <b>la pista ya est\u00e1 a nivel en un 98%<\/b>.<\/p>\n<p>Las obras tambi\u00e9n abarcan la renovaci\u00f3n total del sector de paddock, la construcci\u00f3n de nuevas tribunas, mejoras de infraestructura general y un nuevo kart\u00f3dromo. El cronograma oficial prev\u00e9 que esos trabajos est\u00e9n terminados en 2027, a\u00f1o en que <b>Buenos Aires<\/b> tendr\u00e1 el reconocimiento de <b>Capital Mundial del Deporte<\/b>.<\/p>\n<h2>La prueba internacional en 2027 con el MotoGP<\/h2>\n<p><img loading=\"lazy\" decoding=\"async\" src=\"https:\/\/lobosnews.com.ar\/wp-content\/uploads\/2026\/09\/la-fia-aprobo-las-obras-en-el-autodromo-para-que-la-f1-vuelva-a-la-argentina-2.jpg\" alt=\"La demolici\u00f3n de la tribuna ubicada en la horquilla (Foto: Gobierno de la Ciudad de Buenos Aires)\" height=\"900\" width=\"1600\"\/><\/p>\n<p>Antes de una eventual candidatura para la <b>F\u00f3rmula 1<\/b>, el aut\u00f3dromo ya tiene confirmada otra cita de alcance global. En abril de 2027 se correr\u00e1 en la capital argentina el <b>Gran Premio de MotoGP<\/b>, que regresar\u00e1 a la ciudad despu\u00e9s de <b>28 a\u00f1os<\/b>. La competencia funciona como una referencia relevante para medir capacidad operativa, log\u00edstica y de recepci\u00f3n de p\u00fablico en un predio en plena transformaci\u00f3n.<\/p>\n<p>El Gobierno porte\u00f1o vincula esa agenda deportiva con una estrategia m\u00e1s amplia de posicionamiento internacional. \u201c<b>El \u00fanico Aut\u00f3dromo del pa\u00eds que puede recibir a la F\u00f3rmula 1 es el de la Ciudad<\/b>\u201d, afirm\u00f3 Macri. En la misma l\u00ednea, plante\u00f3: \u201cNuestro posicionamiento global, alejado de centros de conflicto, nos vuelve a\u00fan m\u00e1s competitivos. Un ecosistema p\u00fablico-privado virtuoso que se encuentra con algo que no se puede fabricar: la pasi\u00f3n\u201d.<\/p>\n<p>La transformaci\u00f3n del predio no est\u00e1 pensada solo para el calendario motor. El plan oficial busca convertir al aut\u00f3dromo en un polo para actividades de entretenimiento, turismo y desarrollo econ\u00f3mico, con capacidad para albergar tambi\u00e9n recitales, congresos y maratones, como ocurre en otros circuitos internacionales.<\/p>\n<p>Seg\u00fan las estimaciones difundidas por la administraci\u00f3n porte\u00f1a, <b>una carrera de F\u00f3rmula 1 puede generar en promedio US$ 150 millones<\/b> para una ciudad en sectores como turismo, hoteler\u00eda y gastronom\u00eda. La expectativa oficial es que el <b>MotoGP<\/b> produzca un movimiento de magnitud similar durante los tres d\u00edas de competencia previstos para abril del pr\u00f3ximo a\u00f1o.<\/p>\n","protected":false},"excerpt":{"rendered":"<p>La visita del presidente de la Federaci\u00f3n Internacional del Autom\u00f3vil (FIA) a Buenos Aires dej\u00f3 una se\u00f1al pol\u00edtica y t\u00e9cnica para el proyecto local: la Ciudad busca reabrirle la puerta a la F\u00f3rmula 1 en el Aut\u00f3dromo Aut\u00f3dromo Oscar y Juan G\u00e1lvez, con una obra de renovaci\u00f3n integral que ya alcanz\u00f3 un 60% de avance&#8230;.<\/p>\n","protected":false},"author":1,"featured_media":0,"comment_status":"open","ping_status":"closed","sticky":false,"template":"","format":"standard","meta":{"_jetpack_newsletter_access":"","_jetpack_dont_email_post_to_subs":false,"_jetpack_newsletter_tier_id":0,"_jetpack_memberships_contains_paywalled_content":false,"_jetpack_memberships_contains_paid_content":false,"footnotes":"","jetpack_post_was_ever_published":false},"categories":[30],"tags":[39],"class_list":["post-96184","post","type-post","status-publish","format-standard","hentry","category-argentina","tag-deportes"],"magazineBlocksPostFeaturedMedia":{"thumbnail":false,"medium":false,"medium_large":false,"large":false,"1536x1536":false,"2048x2048":false,"newsmatic-featured":false,"newsmatic-list":false,"newsmatic-thumb":false,"newsmatic-small":false,"newsmatic-grid":false},"magazineBlocksPostAuthor":{"name":"admin","avatar":"https:\/\/secure.gravatar.com\/avatar\/76e419471a2083bc3ceab22a763dbbf9b0c1bd15a6214cf3280e2c2dde4580f9?s=96&d=mm&r=g"},"magazineBlocksPostCommentsNumber":"0","magazineBlocksPostExcerpt":"La visita del presidente de la Federaci\u00f3n Internacional del Autom\u00f3vil (FIA) a Buenos Aires dej\u00f3 una se\u00f1al pol\u00edtica y t\u00e9cnica para el proyecto local: la Ciudad busca reabrirle la puerta a la F\u00f3rmula 1 en el Aut\u00f3dromo Aut\u00f3dromo Oscar y Juan G\u00e1lvez, con una obra de renovaci\u00f3n integral que ya alcanz\u00f3 un 60% de avance....","magazineBlocksPostCategories":["Argentina"],"magazineBlocksPostViewCount":161,"magazineBlocksPostReadTime":4,"magazine_blocks_featured_image_url":{"full":false,"medium":false,"thumbnail":false},"magazine_blocks_author":{"display_name":"admin","author_link":"https:\/\/lobosnews.com.ar\/index.php\/author\/lobos-news\/"},"magazine_blocks_comment":0,"magazine_blocks_author_image":"https:\/\/secure.gravatar.com\/avatar\/76e419471a2083bc3ceab22a763dbbf9b0c1bd15a6214cf3280e2c2dde4580f9?s=96&d=mm&r=g","magazine_blocks_category":"<a href=\"#\" class=\"category-link category-link-30\">Argentina<\/a>","yoast_head":"<!-- This site is optimized with the Yoast SEO plugin v28.0 - https:\/\/yoast.com\/product\/yoast-seo-wordpress\/ -->\n<title>La FIA aprob\u00f3 las obras en el Aut\u00f3dromo para que la F1 vuelva a la Argentina - Lobos News<\/title>\n<meta name=\"robots\" content=\"index, follow, max-snippet:-1, max-image-preview:large, max-video-preview:-1\" \/>\n<link rel=\"canonical\" href=\"https:\/\/lobosnews.com.ar\/index.php\/2026\/09\/01\/la-fia-aprobo-las-obras-en-el-autodromo-para-que-la-f1-vuelva-a-la-argentina\/\" \/>\n<meta property=\"og:locale\" content=\"es_ES\" \/>\n<meta property=\"og:type\" content=\"article\" \/>\n<meta property=\"og:title\" content=\"La FIA aprob\u00f3 las obras en el Aut\u00f3dromo para que la F1 vuelva a la Argentina - Lobos News\" \/>\n<meta property=\"og:description\" content=\"La visita del presidente de la Federaci\u00f3n Internacional del Autom\u00f3vil (FIA) a Buenos Aires dej\u00f3 una se\u00f1al pol\u00edtica y t\u00e9cnica para el proyecto local: la Ciudad busca reabrirle la puerta a la F\u00f3rmula 1 en el Aut\u00f3dromo Aut\u00f3dromo Oscar y Juan G\u00e1lvez, con una obra de renovaci\u00f3n integral que ya alcanz\u00f3 un 60% de avance....\" \/>\n<meta property=\"og:url\" content=\"https:\/\/lobosnews.com.ar\/index.php\/2026\/09\/01\/la-fia-aprobo-las-obras-en-el-autodromo-para-que-la-f1-vuelva-a-la-argentina\/\" \/>\n<meta property=\"og:site_name\" content=\"Lobos News\" \/>\n<meta property=\"article:published_time\" content=\"2026-09-01T15:35:35+00:00\" \/>\n<meta property=\"article:modified_time\" content=\"2026-09-01T16:55:49+00:00\" \/>\n<meta property=\"og:image\" content=\"https:\/\/lobosnews.com.ar\/wp-content\/uploads\/2026\/09\/la-fia-aprobo-las-obras-en-el-autodromo-para-que-la-f1-vuelva-a-la-argentina.jpg\" \/>\n<meta name=\"author\" content=\"admin\" \/>\n<meta name=\"twitter:card\" content=\"summary_large_image\" \/>\n<meta name=\"twitter:label1\" content=\"Escrito por\" \/>\n\t<meta name=\"twitter:data1\" content=\"admin\" \/>\n\t<meta name=\"twitter:label2\" content=\"Tiempo de lectura\" \/>\n\t<meta name=\"twitter:data2\" content=\"4 minutos\" \/>\n<script type=\"application\/ld+json\" class=\"yoast-schema-graph\">{\"@context\":\"https:\\\/\\\/schema.org\",\"@graph\":[{\"@type\":\"Article\",\"@id\":\"https:\\\/\\\/lobosnews.com.ar\\\/index.php\\\/2026\\\/09\\\/01\\\/la-fia-aprobo-las-obras-en-el-autodromo-para-que-la-f1-vuelva-a-la-argentina\\\/#article\",\"isPartOf\":{\"@id\":\"https:\\\/\\\/lobosnews.com.ar\\\/index.php\\\/2026\\\/09\\\/01\\\/la-fia-aprobo-las-obras-en-el-autodromo-para-que-la-f1-vuelva-a-la-argentina\\\/\"},\"author\":{\"name\":\"admin\",\"@id\":\"https:\\\/\\\/lobosnews.com.ar\\\/#\\\/schema\\\/person\\\/232422a593d5c541dd9aef6aaed10943\"},\"headline\":\"La FIA aprob\u00f3 las obras en el Aut\u00f3dromo para que la F1 vuelva a la Argentina\",\"datePublished\":\"2026-09-01T15:35:35+00:00\",\"dateModified\":\"2026-09-01T16:55:49+00:00\",\"mainEntityOfPage\":{\"@id\":\"https:\\\/\\\/lobosnews.com.ar\\\/index.php\\\/2026\\\/09\\\/01\\\/la-fia-aprobo-las-obras-en-el-autodromo-para-que-la-f1-vuelva-a-la-argentina\\\/\"},\"wordCount\":746,\"commentCount\":0,\"publisher\":{\"@id\":\"https:\\\/\\\/lobosnews.com.ar\\\/#organization\"},\"image\":{\"@id\":\"https:\\\/\\\/lobosnews.com.ar\\\/index.php\\\/2026\\\/09\\\/01\\\/la-fia-aprobo-las-obras-en-el-autodromo-para-que-la-f1-vuelva-a-la-argentina\\\/#primaryimage\"},\"thumbnailUrl\":\"https:\\\/\\\/lobosnews.com.ar\\\/wp-content\\\/uploads\\\/2026\\\/09\\\/la-fia-aprobo-las-obras-en-el-autodromo-para-que-la-f1-vuelva-a-la-argentina.jpg\",\"keywords\":[\"Deportes\"],\"articleSection\":[\"Argentina\"],\"inLanguage\":\"es\",\"potentialAction\":[{\"@type\":\"CommentAction\",\"name\":\"Comment\",\"target\":[\"https:\\\/\\\/lobosnews.com.ar\\\/index.php\\\/2026\\\/09\\\/01\\\/la-fia-aprobo-las-obras-en-el-autodromo-para-que-la-f1-vuelva-a-la-argentina\\\/#respond\"]}]},{\"@type\":\"WebPage\",\"@id\":\"https:\\\/\\\/lobosnews.com.ar\\\/index.php\\\/2026\\\/09\\\/01\\\/la-fia-aprobo-las-obras-en-el-autodromo-para-que-la-f1-vuelva-a-la-argentina\\\/\",\"url\":\"https:\\\/\\\/lobosnews.com.ar\\\/index.php\\\/2026\\\/09\\\/01\\\/la-fia-aprobo-las-obras-en-el-autodromo-para-que-la-f1-vuelva-a-la-argentina\\\/\",\"name\":\"La FIA aprob\u00f3 las obras en el Aut\u00f3dromo para que la F1 vuelva a la Argentina - Lobos News\",\"isPartOf\":{\"@id\":\"https:\\\/\\\/lobosnews.com.ar\\\/#website\"},\"primaryImageOfPage\":{\"@id\":\"https:\\\/\\\/lobosnews.com.ar\\\/index.php\\\/2026\\\/09\\\/01\\\/la-fia-aprobo-las-obras-en-el-autodromo-para-que-la-f1-vuelva-a-la-argentina\\\/#primaryimage\"},\"image\":{\"@id\":\"https:\\\/\\\/lobosnews.com.ar\\\/index.php\\\/2026\\\/09\\\/01\\\/la-fia-aprobo-las-obras-en-el-autodromo-para-que-la-f1-vuelva-a-la-argentina\\\/#primaryimage\"},\"thumbnailUrl\":\"https:\\\/\\\/lobosnews.com.ar\\\/wp-content\\\/uploads\\\/2026\\\/09\\\/la-fia-aprobo-las-obras-en-el-autodromo-para-que-la-f1-vuelva-a-la-argentina.jpg\",\"datePublished\":\"2026-09-01T15:35:35+00:00\",\"dateModified\":\"2026-09-01T16:55:49+00:00\",\"breadcrumb\":{\"@id\":\"https:\\\/\\\/lobosnews.com.ar\\\/index.php\\\/2026\\\/09\\\/01\\\/la-fia-aprobo-las-obras-en-el-autodromo-para-que-la-f1-vuelva-a-la-argentina\\\/#breadcrumb\"},\"inLanguage\":\"es\",\"potentialAction\":[{\"@type\":\"ReadAction\",\"target\":[\"https:\\\/\\\/lobosnews.com.ar\\\/index.php\\\/2026\\\/09\\\/01\\\/la-fia-aprobo-las-obras-en-el-autodromo-para-que-la-f1-vuelva-a-la-argentina\\\/\"]}]},{\"@type\":\"ImageObject\",\"inLanguage\":\"es\",\"@id\":\"https:\\\/\\\/lobosnews.com.ar\\\/index.php\\\/2026\\\/09\\\/01\\\/la-fia-aprobo-las-obras-en-el-autodromo-para-que-la-f1-vuelva-a-la-argentina\\\/#primaryimage\",\"url\":\"https:\\\/\\\/lobosnews.com.ar\\\/wp-content\\\/uploads\\\/2026\\\/09\\\/la-fia-aprobo-las-obras-en-el-autodromo-para-que-la-f1-vuelva-a-la-argentina.jpg\",\"contentUrl\":\"https:\\\/\\\/lobosnews.com.ar\\\/wp-content\\\/uploads\\\/2026\\\/09\\\/la-fia-aprobo-las-obras-en-el-autodromo-para-que-la-f1-vuelva-a-la-argentina.jpg\",\"width\":1920,\"height\":1080},{\"@type\":\"BreadcrumbList\",\"@id\":\"https:\\\/\\\/lobosnews.com.ar\\\/index.php\\\/2026\\\/09\\\/01\\\/la-fia-aprobo-las-obras-en-el-autodromo-para-que-la-f1-vuelva-a-la-argentina\\\/#breadcrumb\",\"itemListElement\":[{\"@type\":\"ListItem\",\"position\":1,\"name\":\"Portada\",\"item\":\"https:\\\/\\\/lobosnews.com.ar\\\/\"},{\"@type\":\"ListItem\",\"position\":2,\"name\":\"La FIA aprob\u00f3 las obras en el Aut\u00f3dromo para que la F1 vuelva a la Argentina\"}]},{\"@type\":\"WebSite\",\"@id\":\"https:\\\/\\\/lobosnews.com.ar\\\/#website\",\"url\":\"https:\\\/\\\/lobosnews.com.ar\\\/\",\"name\":\"Lobos News\",\"description\":\"Informaci\u00f3n a cada instante\",\"publisher\":{\"@id\":\"https:\\\/\\\/lobosnews.com.ar\\\/#organization\"},\"potentialAction\":[{\"@type\":\"SearchAction\",\"target\":{\"@type\":\"EntryPoint\",\"urlTemplate\":\"https:\\\/\\\/lobosnews.com.ar\\\/?s={search_term_string}\"},\"query-input\":{\"@type\":\"PropertyValueSpecification\",\"valueRequired\":true,\"valueName\":\"search_term_string\"}}],\"inLanguage\":\"es\"},{\"@type\":\"Organization\",\"@id\":\"https:\\\/\\\/lobosnews.com.ar\\\/#organization\",\"name\":\"Lobos News\",\"url\":\"https:\\\/\\\/lobosnews.com.ar\\\/\",\"logo\":{\"@type\":\"ImageObject\",\"inLanguage\":\"es\",\"@id\":\"https:\\\/\\\/lobosnews.com.ar\\\/#\\\/schema\\\/logo\\\/image\\\/\",\"url\":\"https:\\\/\\\/lobosnews.com.ar\\\/wp-content\\\/uploads\\\/2026\\\/01\\\/logo-lobosnews.png\",\"contentUrl\":\"https:\\\/\\\/lobosnews.com.ar\\\/wp-content\\\/uploads\\\/2026\\\/01\\\/logo-lobosnews.png\",\"width\":500,\"height\":200,\"caption\":\"Lobos News\"},\"image\":{\"@id\":\"https:\\\/\\\/lobosnews.com.ar\\\/#\\\/schema\\\/logo\\\/image\\\/\"}},{\"@type\":\"Person\",\"@id\":\"https:\\\/\\\/lobosnews.com.ar\\\/#\\\/schema\\\/person\\\/232422a593d5c541dd9aef6aaed10943\",\"name\":\"admin\",\"image\":{\"@type\":\"ImageObject\",\"inLanguage\":\"es\",\"@id\":\"https:\\\/\\\/secure.gravatar.com\\\/avatar\\\/76e419471a2083bc3ceab22a763dbbf9b0c1bd15a6214cf3280e2c2dde4580f9?s=96&d=mm&r=g\",\"url\":\"https:\\\/\\\/secure.gravatar.com\\\/avatar\\\/76e419471a2083bc3ceab22a763dbbf9b0c1bd15a6214cf3280e2c2dde4580f9?s=96&d=mm&r=g\",\"contentUrl\":\"https:\\\/\\\/secure.gravatar.com\\\/avatar\\\/76e419471a2083bc3ceab22a763dbbf9b0c1bd15a6214cf3280e2c2dde4580f9?s=96&d=mm&r=g\",\"caption\":\"admin\"},\"sameAs\":[\"https:\\\/\\\/lobosnews.com.ar\"],\"url\":\"https:\\\/\\\/lobosnews.com.ar\\\/index.php\\\/author\\\/lobos-news\\\/\"}]}<\/script>\n<!-- \/ Yoast SEO plugin. -->","yoast_head_json":{"title":"La FIA aprob\u00f3 las obras en el Aut\u00f3dromo para que la F1 vuelva a la Argentina - Lobos News","robots":{"index":"index","follow":"follow","max-snippet":"max-snippet:-1","max-image-preview":"max-image-preview:large","max-video-preview":"max-video-preview:-1"},"canonical":"https:\/\/lobosnews.com.ar\/index.php\/2026\/09\/01\/la-fia-aprobo-las-obras-en-el-autodromo-para-que-la-f1-vuelva-a-la-argentina\/","og_locale":"es_ES","og_type":"article","og_title":"La FIA aprob\u00f3 las obras en el Aut\u00f3dromo para que la F1 vuelva a la Argentina - Lobos News","og_description":"La visita del presidente de la Federaci\u00f3n Internacional del Autom\u00f3vil (FIA) a Buenos Aires dej\u00f3 una se\u00f1al pol\u00edtica y t\u00e9cnica para el proyecto local: la Ciudad busca reabrirle la puerta a la F\u00f3rmula 1 en el Aut\u00f3dromo Aut\u00f3dromo Oscar y Juan G\u00e1lvez, con una obra de renovaci\u00f3n integral que ya alcanz\u00f3 un 60% de avance....","og_url":"https:\/\/lobosnews.com.ar\/index.php\/2026\/09\/01\/la-fia-aprobo-las-obras-en-el-autodromo-para-que-la-f1-vuelva-a-la-argentina\/","og_site_name":"Lobos News","article_published_time":"2026-09-01T15:35:35+00:00","article_modified_time":"2026-09-01T16:55:49+00:00","og_image":[{"url":"https:\/\/lobosnews.com.ar\/wp-content\/uploads\/2026\/09\/la-fia-aprobo-las-obras-en-el-autodromo-para-que-la-f1-vuelva-a-la-argentina.jpg","type":"","width":"","height":""}],"author":"admin","twitter_card":"summary_large_image","twitter_misc":{"Escrito por":"admin","Tiempo de lectura":"4 minutos"},"schema":{"@context":"https:\/\/schema.org","@graph":[{"@type":"Article","@id":"https:\/\/lobosnews.com.ar\/index.php\/2026\/09\/01\/la-fia-aprobo-las-obras-en-el-autodromo-para-que-la-f1-vuelva-a-la-argentina\/#article","isPartOf":{"@id":"https:\/\/lobosnews.com.ar\/index.php\/2026\/09\/01\/la-fia-aprobo-las-obras-en-el-autodromo-para-que-la-f1-vuelva-a-la-argentina\/"},"author":{"name":"admin","@id":"https:\/\/lobosnews.com.ar\/#\/schema\/person\/232422a593d5c541dd9aef6aaed10943"},"headline":"La FIA aprob\u00f3 las obras en el Aut\u00f3dromo para que la F1 vuelva a la Argentina","datePublished":"2026-09-01T15:35:35+00:00","dateModified":"2026-09-01T16:55:49+00:00","mainEntityOfPage":{"@id":"https:\/\/lobosnews.com.ar\/index.php\/2026\/09\/01\/la-fia-aprobo-las-obras-en-el-autodromo-para-que-la-f1-vuelva-a-la-argentina\/"},"wordCount":746,"commentCount":0,"publisher":{"@id":"https:\/\/lobosnews.com.ar\/#organization"},"image":{"@id":"https:\/\/lobosnews.com.ar\/index.php\/2026\/09\/01\/la-fia-aprobo-las-obras-en-el-autodromo-para-que-la-f1-vuelva-a-la-argentina\/#primaryimage"},"thumbnailUrl":"https:\/\/lobosnews.com.ar\/wp-content\/uploads\/2026\/09\/la-fia-aprobo-las-obras-en-el-autodromo-para-que-la-f1-vuelva-a-la-argentina.jpg","keywords":["Deportes"],"articleSection":["Argentina"],"inLanguage":"es","potentialAction":[{"@type":"CommentAction","name":"Comment","target":["https:\/\/lobosnews.com.ar\/index.php\/2026\/09\/01\/la-fia-aprobo-las-obras-en-el-autodromo-para-que-la-f1-vuelva-a-la-argentina\/#respond"]}]},{"@type":"WebPage","@id":"https:\/\/lobosnews.com.ar\/index.php\/2026\/09\/01\/la-fia-aprobo-las-obras-en-el-autodromo-para-que-la-f1-vuelva-a-la-argentina\/","url":"https:\/\/lobosnews.com.ar\/index.php\/2026\/09\/01\/la-fia-aprobo-las-obras-en-el-autodromo-para-que-la-f1-vuelva-a-la-argentina\/","name":"La FIA aprob\u00f3 las obras en el Aut\u00f3dromo para que la F1 vuelva a la Argentina - Lobos News","isPartOf":{"@id":"https:\/\/lobosnews.com.ar\/#website"},"primaryImageOfPage":{"@id":"https:\/\/lobosnews.com.ar\/index.php\/2026\/09\/01\/la-fia-aprobo-las-obras-en-el-autodromo-para-que-la-f1-vuelva-a-la-argentina\/#primaryimage"},"image":{"@id":"https:\/\/lobosnews.com.ar\/index.php\/2026\/09\/01\/la-fia-aprobo-las-obras-en-el-autodromo-para-que-la-f1-vuelva-a-la-argentina\/#primaryimage"},"thumbnailUrl":"https:\/\/lobosnews.com.ar\/wp-content\/uploads\/2026\/09\/la-fia-aprobo-las-obras-en-el-autodromo-para-que-la-f1-vuelva-a-la-argentina.jpg","datePublished":"2026-09-01T15:35:35+00:00","dateModified":"2026-09-01T16:55:49+00:00","breadcrumb":{"@id":"https:\/\/lobosnews.com.ar\/index.php\/2026\/09\/01\/la-fia-aprobo-las-obras-en-el-autodromo-para-que-la-f1-vuelva-a-la-argentina\/#breadcrumb"},"inLanguage":"es","potentialAction":[{"@type":"ReadAction","target":["https:\/\/lobosnews.com.ar\/index.php\/2026\/09\/01\/la-fia-aprobo-las-obras-en-el-autodromo-para-que-la-f1-vuelva-a-la-argentina\/"]}]},{"@type":"ImageObject","inLanguage":"es","@id":"https:\/\/lobosnews.com.ar\/index.php\/2026\/09\/01\/la-fia-aprobo-las-obras-en-el-autodromo-para-que-la-f1-vuelva-a-la-argentina\/#primaryimage","url":"https:\/\/lobosnews.com.ar\/wp-content\/uploads\/2026\/09\/la-fia-aprobo-las-obras-en-el-autodromo-para-que-la-f1-vuelva-a-la-argentina.jpg","contentUrl":"https:\/\/lobosnews.com.ar\/wp-content\/uploads\/2026\/09\/la-fia-aprobo-las-obras-en-el-autodromo-para-que-la-f1-vuelva-a-la-argentina.jpg","width":1920,"height":1080},{"@type":"BreadcrumbList","@id":"https:\/\/lobosnews.com.ar\/index.php\/2026\/09\/01\/la-fia-aprobo-las-obras-en-el-autodromo-para-que-la-f1-vuelva-a-la-argentina\/#breadcrumb","itemListElement":[{"@type":"ListItem","position":1,"name":"Portada","item":"https:\/\/lobosnews.com.ar\/"},{"@type":"ListItem","position":2,"name":"La FIA aprob\u00f3 las obras en el Aut\u00f3dromo para que la F1 vuelva a la Argentina"}]},{"@type":"WebSite","@id":"https:\/\/lobosnews.com.ar\/#website","url":"https:\/\/lobosnews.com.ar\/","name":"Lobos News","description":"Informaci\u00f3n a cada instante","publisher":{"@id":"https:\/\/lobosnews.com.ar\/#organization"},"potentialAction":[{"@type":"SearchAction","target":{"@type":"EntryPoint","urlTemplate":"https:\/\/lobosnews.com.ar\/?s={search_term_string}"},"query-input":{"@type":"PropertyValueSpecification","valueRequired":true,"valueName":"search_term_string"}}],"inLanguage":"es"},{"@type":"Organization","@id":"https:\/\/lobosnews.com.ar\/#organization","name":"Lobos News","url":"https:\/\/lobosnews.com.ar\/","logo":{"@type":"ImageObject","inLanguage":"es","@id":"https:\/\/lobosnews.com.ar\/#\/schema\/logo\/image\/","url":"https:\/\/lobosnews.com.ar\/wp-content\/uploads\/2026\/01\/logo-lobosnews.png","contentUrl":"https:\/\/lobosnews.com.ar\/wp-content\/uploads\/2026\/01\/logo-lobosnews.png","width":500,"height":200,"caption":"Lobos News"},"image":{"@id":"https:\/\/lobosnews.com.ar\/#\/schema\/logo\/image\/"}},{"@type":"Person","@id":"https:\/\/lobosnews.com.ar\/#\/schema\/person\/232422a593d5c541dd9aef6aaed10943","name":"admin","image":{"@type":"ImageObject","inLanguage":"es","@id":"https:\/\/secure.gravatar.com\/avatar\/76e419471a2083bc3ceab22a763dbbf9b0c1bd15a6214cf3280e2c2dde4580f9?s=96&d=mm&r=g","url":"https:\/\/secure.gravatar.com\/avatar\/76e419471a2083bc3ceab22a763dbbf9b0c1bd15a6214cf3280e2c2dde4580f9?s=96&d=mm&r=g","contentUrl":"https:\/\/secure.gravatar.com\/avatar\/76e419471a2083bc3ceab22a763dbbf9b0c1bd15a6214cf3280e2c2dde4580f9?s=96&d=mm&r=g","caption":"admin"},"sameAs":["https:\/\/lobosnews.com.ar"],"url":"https:\/\/lobosnews.com.ar\/index.php\/author\/lobos-news\/"}]}},"jetpack_featured_media_url":"","jetpack_sharing_enabled":true,"_links":{"self":[{"href":"https:\/\/lobosnews.com.ar\/index.php\/wp-json\/wp\/v2\/posts\/96184","targetHints":{"allow":["GET"]}}],"collection":[{"href":"https:\/\/lobosnews.com.ar\/index.php\/wp-json\/wp\/v2\/posts"}],"about":[{"href":"https:\/\/lobosnews.com.ar\/index.php\/wp-json\/wp\/v2\/types\/post"}],"author":[{"embeddable":true,"href":"https:\/\/lobosnews.com.ar\/index.php\/wp-json\/wp\/v2\/users\/1"}],"replies":[{"embeddable":true,"href":"https:\/\/lobosnews.com.ar\/index.php\/wp-json\/wp\/v2\/comments?post=96184"}],"version-history":[{"count":1,"href":"https:\/\/lobosnews.com.ar\/index.php\/wp-json\/wp\/v2\/posts\/96184\/revisions"}],"predecessor-version":[{"id":96188,"href":"https:\/\/lobosnews.com.ar\/index.php\/wp-json\/wp\/v2\/posts\/96184\/revisions\/96188"}],"wp:attachment":[{"href":"https:\/\/lobosnews.com.ar\/index.php\/wp-json\/wp\/v2\/media?parent=96184"}],"wp:term":[{"taxonomy":"category","embeddable":true,"href":"https:\/\/lobosnews.com.ar\/index.php\/wp-json\/wp\/v2\/categories?post=96184"},{"taxonomy":"post_tag","embeddable":true,"href":"https:\/\/lobosnews.com.ar\/index.php\/wp-json\/wp\/v2\/tags?post=96184"}],"curies":[{"name":"wp","href":"https:\/\/api.w.org\/{rel}","templated":true}]}}