{"id":96079,"date":"2026-09-01T07:00:00","date_gmt":"2026-09-01T07:00:00","guid":{"rendered":"https:\/\/lobosnews.com.ar\/?p=96079"},"modified":"2026-09-01T07:44:43","modified_gmt":"2026-09-01T07:44:43","slug":"una-educacion-rural-de-calidad-para-que-los-jovenes-elijan-quedarse-en-el-campo","status":"publish","type":"post","link":"https:\/\/lobosnews.com.ar\/index.php\/2026\/09\/01\/una-educacion-rural-de-calidad-para-que-los-jovenes-elijan-quedarse-en-el-campo\/","title":{"rendered":"Una educaci\u00f3n rural de calidad para que los j\u00f3venes elijan quedarse en el campo"},"content":{"rendered":"<p><img fetchpriority=\"high\" decoding=\"async\" src=\"https:\/\/lobosnews.com.ar\/wp-content\/uploads\/2026\/09\/una-educacion-rural-de-calidad-para-que-los-jovenes-elijan-quedarse-en-el-campo.jpg\" alt=\"Una educaci\u00f3n rural de calidad para que los j\u00f3venes elijan quedarse en el campo (Imagen Ilustrativa Infobae)\" height=\"1536\" width=\"2752\"\/><\/p>\n<p>Llevo d\u00e9cadas insistiendo con una idea: no habr\u00e1 desarrollo equilibrado en Am\u00e9rica Latina y el Caribe mientras la educaci\u00f3n rural siga trat\u00e1ndose como una versi\u00f3n achicada de la educaci\u00f3n impartida en \u00e1reas urbanas.<\/p>\n<p>En trabajos como<b> <\/b><i><b>Educaci\u00f3n Rural en el Tercer Mundo<\/b><\/i><b> y <\/b><i><b>Educaci\u00f3n de Adultos en los Procesos de Desarrollo Rural<\/b><\/i> analic\u00e9 experiencias que ya entonces mostraban algo simple: educaci\u00f3n, producci\u00f3n, comunidad y desarrollo territorial no se pueden pensar por separado. <\/p>\n<p>Mucho ha cambiado desde esos a\u00f1os \u2013los trabajos mencionados tienen d\u00e9cadas-, pero la pregunta de fondo sigue intacta:<b> \u00bfqu\u00e9 oportunidades creamos para quienes nacen y crecen en el campo?<\/b><\/p>\n<p>Durante demasiado tiempo se toler\u00f3 que una escuela rural tuviera menos docentes, materiales e instalaciones y pr\u00e1cticamente no ofreciera chances de seguir estudiando despu\u00e9s. Ahora se suma otra desigualdad: la falta de conectividad y de acceso a las tecnolog\u00edas que ya cambiaron la producci\u00f3n y la vida cotidiana en esos territorios.<\/p>\n<p>No podemos seguir formando a los j\u00f3venes rurales para un mundo que no existe. La agricultura de hoy usa sensores, sat\u00e9lites, drones, biotecnolog\u00eda, an\u00e1lisis de datos, inteligencia artificial: eso sirve para administrar el agua, vigilar la salud de cultivos y animales, anticipar riesgos clim\u00e1ticos y producir de manera m\u00e1s eficiente y sostenible. Si esas transformaciones llegan al campo pero no a la escuela estamos condenando a esos estudiantes a mirar desde afuera el futuro de su propio territorio.<\/p>\n<p><b>Una buena escuela rural tiene que dar la misma base que cualquier buena escuela: lectura, escritura, matem\u00e1tica, ciencias, historia, arte, ciudadan\u00eda<\/b>. Pero adem\u00e1s necesita incorporar programaci\u00f3n, electr\u00f3nica, rob\u00f3tica, manejo de informaci\u00f3n y aplicaci\u00f3n de tecnolog\u00eda a la producci\u00f3n local.<\/p>\n<p>Esto no significa convertir cada escuela en una facultad de ingenier\u00eda ni cambiar la formaci\u00f3n human\u00edstica por capacitaci\u00f3n instrumental. Se trata de algo m\u00e1s modesto y a la vez m\u00e1s ambicioso: que un chico del campo entienda y use las tecnolog\u00edas que ya modifican su entorno, sepa mirarlas con ojo cr\u00edtico y tenga voz en las decisiones sobre c\u00f3mo se usan.<\/p>\n<p>Para eso, la conectividad rural tiene que pensarse como infraestructura educativa b\u00e1sica, no como un extra. Una escuela sin internet decente hoy est\u00e1 tan limitada como una escuela sin electricidad, sin libros o sin maestros: la conectividad abre bibliotecas, laboratorios virtuales, cursos, especialistas, y permite que docentes aislados trabajen en red y compartan materiales entre s\u00ed.<\/p>\n<p><b>Repartir computadoras o instalar una antena no es, por s\u00ed solo, una pol\u00edtica educativa<\/b>. La tecnolog\u00eda rinde solamente cuando forma parte de un proyecto pedag\u00f3gico serio, con equipos que se mantengan, conexi\u00f3n estable, contenidos con sentido, y docentes capaces de integrar todo eso a su ense\u00f1anza cotidiana.<\/p>\n<p>Por eso la formaci\u00f3n de los maestros es el coraz\u00f3n de cualquier cambio real. No podemos pedirles que ense\u00f1en programaci\u00f3n, electr\u00f3nica o inteligencia artificial si antes no les damos una preparaci\u00f3n s\u00f3lida y un acompa\u00f1amiento que no se corte al mes siguiente. Universidades, institutos de formaci\u00f3n docente y empresas tecnol\u00f3gicas tienen que trabajar juntos para armar programas pensados espec\u00edficamente para maestros rurales, no adaptaciones apuradas de programas urbanos.<\/p>\n<p><b>Tambi\u00e9n hay que mejorar sus condiciones de vida y de trabajo<\/b>. Muchos recorren distancias largu\u00edsimas y atienden aulas con chicos de edades muy distintas, con recursos que no alcanzan. Reconocerles el esfuerzo con discursos no sirve de mucho: necesitan salarios dignos, vivienda cuando corresponda, transporte, conectividad y una carrera que valore lo que significa ense\u00f1ar en un territorio disperso.<\/p>\n<p>La escuela rural, adem\u00e1s, tendr\u00eda que funcionar como centro real de la comunidad: abierta m\u00e1s all\u00e1 del horario de clase, ofreciendo actividades educativas, culturales y de capacitaci\u00f3n para las familias. Una escuela conectada puede formar productores, apoyar emprendimientos y acercar servicios p\u00fablicos.<\/p>\n<p><b>Esto exige dejar atr\u00e1s la idea de que lo rural se reduce a lo agropecuario<\/b>. Tambi\u00e9n hay futuro en turismo, energ\u00edas renovables, bioeconom\u00eda, servicios ambientales, comercio electr\u00f3nico. Una educaci\u00f3n a la altura tiene que permitir que los j\u00f3venes vean esas oportunidades y, mejor todav\u00eda, que inventen otras nuevas.<\/p>\n<p><b>El objetivo no es obligarlos a quedarse en el campo<\/b>. Tienen derecho a estudiar, viajar, elegir d\u00f3nde armar su vida. Lo inaceptable es que emigrar sea la \u00fanica salida porque su comunidad no les da educaci\u00f3n, conectividad ni ninguna posibilidad real de desarrollo.<\/p>\n<p>Cuando un joven se va porque quiere vivir otra experiencia, ejerce una libertad. Cuando se va porque la escuela no le permiti\u00f3 seguir aprendiendo, lo que hay es un fracaso de pol\u00edtica p\u00fablica, no una elecci\u00f3n libre.<\/p>\n<p>La migraci\u00f3n juvenil debilita a las comunidades, acelera el envejecimiento del campo y le quita a la agricultura las capacidades que necesita para renovarse. Invertir en educaci\u00f3n rural no es un favor al campo: es una condici\u00f3n para el desarrollo equilibrado de un pa\u00eds.<\/p>\n<p><b>Am\u00e9rica Latina y el Caribe necesita una pol\u00edtica regional para sus juventudes rurales. Gobiernos, organismos internacionales, universidades y comunidades deber\u00edan acordar unos pocos objetivos concretos<\/b>: conectividad universal en las escuelas rurales, formaci\u00f3n tecnol\u00f3gica para los docentes, contenidos actualizados y una articulaci\u00f3n real entre educaci\u00f3n, producci\u00f3n y empleo.<\/p>\n<p>Las juventudes rurales no son solamente destinatarias de programas dise\u00f1ados por otros. Son protagonistas del presente y deben construir el futuro de sus territorios. Habr\u00eda que escucharlas de verdad e incluirlas en las decisiones sobre la educaci\u00f3n que reciben.<\/p>\n<p>Va, otra vez, mi reclamo de siempre: <b>que el lugar donde alguien nace no determine la calidad de la educaci\u00f3n que recibe<\/b>. Una escuela rural no puede ser una escuela de segunda; tiene que ser de las instituciones m\u00e1s modernas y vivas del territorio.<\/p>\n<p>Si les damos a los j\u00f3venes del campo educaci\u00f3n de calidad, buenos docentes, tecnolog\u00eda y oportunidades productivas, muchos van a poder elegir quedarse.<b> No por falta de alternativas, sino porque van a tener razones, capacidades y libertad real para hacerlo<\/b>.<\/p>\n<p><i>* Doctor en educaci\u00f3n (Universidad de Stanford). Ex Representante de la UNESCO en EEUU y Brasil.<\/i><\/p>\n","protected":false},"excerpt":{"rendered":"<p>Llevo d\u00e9cadas insistiendo con una idea: no habr\u00e1 desarrollo equilibrado en Am\u00e9rica Latina y el Caribe mientras la educaci\u00f3n rural siga trat\u00e1ndose como una versi\u00f3n achicada de la educaci\u00f3n impartida en \u00e1reas urbanas. En trabajos como Educaci\u00f3n Rural en el Tercer Mundo y Educaci\u00f3n de Adultos en los Procesos de Desarrollo Rural analic\u00e9 experiencias que&#8230;<\/p>\n","protected":false},"author":1,"featured_media":96082,"comment_status":"open","ping_status":"closed","sticky":false,"template":"","format":"standard","meta":{"_jetpack_newsletter_access":"","_jetpack_dont_email_post_to_subs":false,"_jetpack_newsletter_tier_id":0,"_jetpack_memberships_contains_paywalled_content":false,"_jetpack_memberships_contains_paid_content":false,"footnotes":"","jetpack_post_was_ever_published":false},"categories":[31],"tags":[],"class_list":["post-96079","post","type-post","status-publish","format-standard","has-post-thumbnail","hentry","category-actualidad"],"magazineBlocksPostFeaturedMedia":{"thumbnail":"https:\/\/lobosnews.com.ar\/wp-content\/uploads\/2026\/09\/una-educacion-rural-de-calidad-para-que-los-jovenes-elijan-quedarse-en-el-campo-150x150.jpg","medium":"https:\/\/lobosnews.com.ar\/wp-content\/uploads\/2026\/09\/una-educacion-rural-de-calidad-para-que-los-jovenes-elijan-quedarse-en-el-campo-300x167.jpg","medium_large":"https:\/\/lobosnews.com.ar\/wp-content\/uploads\/2026\/09\/una-educacion-rural-de-calidad-para-que-los-jovenes-elijan-quedarse-en-el-campo-768x429.jpg","large":"https:\/\/lobosnews.com.ar\/wp-content\/uploads\/2026\/09\/una-educacion-rural-de-calidad-para-que-los-jovenes-elijan-quedarse-en-el-campo-1024x572.jpg","1536x1536":"https:\/\/lobosnews.com.ar\/wp-content\/uploads\/2026\/09\/una-educacion-rural-de-calidad-para-que-los-jovenes-elijan-quedarse-en-el-campo-1536x857.jpg","2048x2048":"https:\/\/lobosnews.com.ar\/wp-content\/uploads\/2026\/09\/una-educacion-rural-de-calidad-para-que-los-jovenes-elijan-quedarse-en-el-campo-2048x1143.jpg","newsmatic-featured":"https:\/\/lobosnews.com.ar\/wp-content\/uploads\/2026\/09\/una-educacion-rural-de-calidad-para-que-los-jovenes-elijan-quedarse-en-el-campo-820x545.jpg","newsmatic-list":"https:\/\/lobosnews.com.ar\/wp-content\/uploads\/2026\/09\/una-educacion-rural-de-calidad-para-que-los-jovenes-elijan-quedarse-en-el-campo-600x400.jpg","newsmatic-thumb":"https:\/\/lobosnews.com.ar\/wp-content\/uploads\/2026\/09\/una-educacion-rural-de-calidad-para-que-los-jovenes-elijan-quedarse-en-el-campo-300x200.jpg","newsmatic-small":"https:\/\/lobosnews.com.ar\/wp-content\/uploads\/2026\/09\/una-educacion-rural-de-calidad-para-que-los-jovenes-elijan-quedarse-en-el-campo-150x95.jpg","newsmatic-grid":"https:\/\/lobosnews.com.ar\/wp-content\/uploads\/2026\/09\/una-educacion-rural-de-calidad-para-que-los-jovenes-elijan-quedarse-en-el-campo-400x250.jpg"},"magazineBlocksPostAuthor":{"name":"admin","avatar":"https:\/\/secure.gravatar.com\/avatar\/76e419471a2083bc3ceab22a763dbbf9b0c1bd15a6214cf3280e2c2dde4580f9?s=96&d=mm&r=g"},"magazineBlocksPostCommentsNumber":"0","magazineBlocksPostExcerpt":"Llevo d\u00e9cadas insistiendo con una idea: no habr\u00e1 desarrollo equilibrado en Am\u00e9rica Latina y el Caribe mientras la educaci\u00f3n rural siga trat\u00e1ndose como una versi\u00f3n achicada de la educaci\u00f3n impartida en \u00e1reas urbanas. En trabajos como Educaci\u00f3n Rural en el Tercer Mundo y Educaci\u00f3n de Adultos en los Procesos de Desarrollo Rural analic\u00e9 experiencias que...","magazineBlocksPostCategories":["Actualidad"],"magazineBlocksPostViewCount":109,"magazineBlocksPostReadTime":6,"magazine_blocks_featured_image_url":{"full":["https:\/\/lobosnews.com.ar\/wp-content\/uploads\/2026\/09\/una-educacion-rural-de-calidad-para-que-los-jovenes-elijan-quedarse-en-el-campo-scaled.jpg",2560,1429,false],"medium":["https:\/\/lobosnews.com.ar\/wp-content\/uploads\/2026\/09\/una-educacion-rural-de-calidad-para-que-los-jovenes-elijan-quedarse-en-el-campo-300x167.jpg",300,167,true],"thumbnail":["https:\/\/lobosnews.com.ar\/wp-content\/uploads\/2026\/09\/una-educacion-rural-de-calidad-para-que-los-jovenes-elijan-quedarse-en-el-campo-150x150.jpg",150,150,true]},"magazine_blocks_author":{"display_name":"admin","author_link":"https:\/\/lobosnews.com.ar\/index.php\/author\/lobos-news\/"},"magazine_blocks_comment":0,"magazine_blocks_author_image":"https:\/\/secure.gravatar.com\/avatar\/76e419471a2083bc3ceab22a763dbbf9b0c1bd15a6214cf3280e2c2dde4580f9?s=96&d=mm&r=g","magazine_blocks_category":"<a href=\"#\" class=\"category-link category-link-31\">Actualidad<\/a>","yoast_head":"<!-- This site is optimized with the Yoast SEO plugin v28.0 - https:\/\/yoast.com\/product\/yoast-seo-wordpress\/ -->\n<title>Una educaci\u00f3n rural de calidad para que los j\u00f3venes elijan quedarse en el campo - Lobos News<\/title>\n<meta name=\"robots\" content=\"index, follow, max-snippet:-1, max-image-preview:large, max-video-preview:-1\" \/>\n<link rel=\"canonical\" href=\"https:\/\/lobosnews.com.ar\/index.php\/2026\/09\/01\/una-educacion-rural-de-calidad-para-que-los-jovenes-elijan-quedarse-en-el-campo\/\" \/>\n<meta property=\"og:locale\" content=\"es_ES\" \/>\n<meta property=\"og:type\" content=\"article\" \/>\n<meta property=\"og:title\" content=\"Una educaci\u00f3n rural de calidad para que los j\u00f3venes elijan quedarse en el campo - Lobos News\" \/>\n<meta property=\"og:description\" content=\"Llevo d\u00e9cadas insistiendo con una idea: no habr\u00e1 desarrollo equilibrado en Am\u00e9rica Latina y el Caribe mientras la educaci\u00f3n rural siga trat\u00e1ndose como una versi\u00f3n achicada de la educaci\u00f3n impartida en \u00e1reas urbanas. En trabajos como Educaci\u00f3n Rural en el Tercer Mundo y Educaci\u00f3n de Adultos en los Procesos de Desarrollo Rural analic\u00e9 experiencias que...\" \/>\n<meta property=\"og:url\" content=\"https:\/\/lobosnews.com.ar\/index.php\/2026\/09\/01\/una-educacion-rural-de-calidad-para-que-los-jovenes-elijan-quedarse-en-el-campo\/\" \/>\n<meta property=\"og:site_name\" content=\"Lobos News\" \/>\n<meta property=\"article:published_time\" content=\"2026-09-01T07:00:00+00:00\" \/>\n<meta property=\"article:modified_time\" content=\"2026-09-01T07:44:43+00:00\" \/>\n<meta property=\"og:image\" content=\"https:\/\/lobosnews.com.ar\/wp-content\/uploads\/2026\/09\/una-educacion-rural-de-calidad-para-que-los-jovenes-elijan-quedarse-en-el-campo-scaled.jpg\" \/>\n\t<meta property=\"og:image:width\" content=\"2560\" \/>\n\t<meta property=\"og:image:height\" content=\"1429\" \/>\n\t<meta property=\"og:image:type\" content=\"image\/jpeg\" \/>\n<meta name=\"author\" content=\"admin\" \/>\n<meta name=\"twitter:card\" content=\"summary_large_image\" \/>\n<meta name=\"twitter:label1\" content=\"Escrito por\" \/>\n\t<meta name=\"twitter:data1\" content=\"admin\" \/>\n\t<meta name=\"twitter:label2\" content=\"Tiempo de lectura\" \/>\n\t<meta name=\"twitter:data2\" content=\"5 minutos\" \/>\n<script type=\"application\/ld+json\" class=\"yoast-schema-graph\">{\"@context\":\"https:\\\/\\\/schema.org\",\"@graph\":[{\"@type\":\"Article\",\"@id\":\"https:\\\/\\\/lobosnews.com.ar\\\/index.php\\\/2026\\\/09\\\/01\\\/una-educacion-rural-de-calidad-para-que-los-jovenes-elijan-quedarse-en-el-campo\\\/#article\",\"isPartOf\":{\"@id\":\"https:\\\/\\\/lobosnews.com.ar\\\/index.php\\\/2026\\\/09\\\/01\\\/una-educacion-rural-de-calidad-para-que-los-jovenes-elijan-quedarse-en-el-campo\\\/\"},\"author\":{\"name\":\"admin\",\"@id\":\"https:\\\/\\\/lobosnews.com.ar\\\/#\\\/schema\\\/person\\\/232422a593d5c541dd9aef6aaed10943\"},\"headline\":\"Una educaci\u00f3n rural de calidad para que los j\u00f3venes elijan quedarse en el campo\",\"datePublished\":\"2026-09-01T07:00:00+00:00\",\"dateModified\":\"2026-09-01T07:44:43+00:00\",\"mainEntityOfPage\":{\"@id\":\"https:\\\/\\\/lobosnews.com.ar\\\/index.php\\\/2026\\\/09\\\/01\\\/una-educacion-rural-de-calidad-para-que-los-jovenes-elijan-quedarse-en-el-campo\\\/\"},\"wordCount\":1075,\"commentCount\":0,\"publisher\":{\"@id\":\"https:\\\/\\\/lobosnews.com.ar\\\/#organization\"},\"image\":{\"@id\":\"https:\\\/\\\/lobosnews.com.ar\\\/index.php\\\/2026\\\/09\\\/01\\\/una-educacion-rural-de-calidad-para-que-los-jovenes-elijan-quedarse-en-el-campo\\\/#primaryimage\"},\"thumbnailUrl\":\"https:\\\/\\\/lobosnews.com.ar\\\/wp-content\\\/uploads\\\/2026\\\/09\\\/una-educacion-rural-de-calidad-para-que-los-jovenes-elijan-quedarse-en-el-campo-scaled.jpg\",\"articleSection\":[\"Actualidad\"],\"inLanguage\":\"es\",\"potentialAction\":[{\"@type\":\"CommentAction\",\"name\":\"Comment\",\"target\":[\"https:\\\/\\\/lobosnews.com.ar\\\/index.php\\\/2026\\\/09\\\/01\\\/una-educacion-rural-de-calidad-para-que-los-jovenes-elijan-quedarse-en-el-campo\\\/#respond\"]}]},{\"@type\":\"WebPage\",\"@id\":\"https:\\\/\\\/lobosnews.com.ar\\\/index.php\\\/2026\\\/09\\\/01\\\/una-educacion-rural-de-calidad-para-que-los-jovenes-elijan-quedarse-en-el-campo\\\/\",\"url\":\"https:\\\/\\\/lobosnews.com.ar\\\/index.php\\\/2026\\\/09\\\/01\\\/una-educacion-rural-de-calidad-para-que-los-jovenes-elijan-quedarse-en-el-campo\\\/\",\"name\":\"Una educaci\u00f3n rural de calidad para que los j\u00f3venes elijan quedarse en el campo - Lobos News\",\"isPartOf\":{\"@id\":\"https:\\\/\\\/lobosnews.com.ar\\\/#website\"},\"primaryImageOfPage\":{\"@id\":\"https:\\\/\\\/lobosnews.com.ar\\\/index.php\\\/2026\\\/09\\\/01\\\/una-educacion-rural-de-calidad-para-que-los-jovenes-elijan-quedarse-en-el-campo\\\/#primaryimage\"},\"image\":{\"@id\":\"https:\\\/\\\/lobosnews.com.ar\\\/index.php\\\/2026\\\/09\\\/01\\\/una-educacion-rural-de-calidad-para-que-los-jovenes-elijan-quedarse-en-el-campo\\\/#primaryimage\"},\"thumbnailUrl\":\"https:\\\/\\\/lobosnews.com.ar\\\/wp-content\\\/uploads\\\/2026\\\/09\\\/una-educacion-rural-de-calidad-para-que-los-jovenes-elijan-quedarse-en-el-campo-scaled.jpg\",\"datePublished\":\"2026-09-01T07:00:00+00:00\",\"dateModified\":\"2026-09-01T07:44:43+00:00\",\"breadcrumb\":{\"@id\":\"https:\\\/\\\/lobosnews.com.ar\\\/index.php\\\/2026\\\/09\\\/01\\\/una-educacion-rural-de-calidad-para-que-los-jovenes-elijan-quedarse-en-el-campo\\\/#breadcrumb\"},\"inLanguage\":\"es\",\"potentialAction\":[{\"@type\":\"ReadAction\",\"target\":[\"https:\\\/\\\/lobosnews.com.ar\\\/index.php\\\/2026\\\/09\\\/01\\\/una-educacion-rural-de-calidad-para-que-los-jovenes-elijan-quedarse-en-el-campo\\\/\"]}]},{\"@type\":\"ImageObject\",\"inLanguage\":\"es\",\"@id\":\"https:\\\/\\\/lobosnews.com.ar\\\/index.php\\\/2026\\\/09\\\/01\\\/una-educacion-rural-de-calidad-para-que-los-jovenes-elijan-quedarse-en-el-campo\\\/#primaryimage\",\"url\":\"https:\\\/\\\/lobosnews.com.ar\\\/wp-content\\\/uploads\\\/2026\\\/09\\\/una-educacion-rural-de-calidad-para-que-los-jovenes-elijan-quedarse-en-el-campo-scaled.jpg\",\"contentUrl\":\"https:\\\/\\\/lobosnews.com.ar\\\/wp-content\\\/uploads\\\/2026\\\/09\\\/una-educacion-rural-de-calidad-para-que-los-jovenes-elijan-quedarse-en-el-campo-scaled.jpg\",\"width\":2560,\"height\":1429,\"caption\":\"Una educaci\u00f3n rural de calidad para que los j\u00f3venes elijan quedarse en el campo\"},{\"@type\":\"BreadcrumbList\",\"@id\":\"https:\\\/\\\/lobosnews.com.ar\\\/index.php\\\/2026\\\/09\\\/01\\\/una-educacion-rural-de-calidad-para-que-los-jovenes-elijan-quedarse-en-el-campo\\\/#breadcrumb\",\"itemListElement\":[{\"@type\":\"ListItem\",\"position\":1,\"name\":\"Portada\",\"item\":\"https:\\\/\\\/lobosnews.com.ar\\\/\"},{\"@type\":\"ListItem\",\"position\":2,\"name\":\"Una educaci\u00f3n rural de calidad para que los j\u00f3venes elijan quedarse en el campo\"}]},{\"@type\":\"WebSite\",\"@id\":\"https:\\\/\\\/lobosnews.com.ar\\\/#website\",\"url\":\"https:\\\/\\\/lobosnews.com.ar\\\/\",\"name\":\"Lobos News\",\"description\":\"Informaci\u00f3n a cada instante\",\"publisher\":{\"@id\":\"https:\\\/\\\/lobosnews.com.ar\\\/#organization\"},\"potentialAction\":[{\"@type\":\"SearchAction\",\"target\":{\"@type\":\"EntryPoint\",\"urlTemplate\":\"https:\\\/\\\/lobosnews.com.ar\\\/?s={search_term_string}\"},\"query-input\":{\"@type\":\"PropertyValueSpecification\",\"valueRequired\":true,\"valueName\":\"search_term_string\"}}],\"inLanguage\":\"es\"},{\"@type\":\"Organization\",\"@id\":\"https:\\\/\\\/lobosnews.com.ar\\\/#organization\",\"name\":\"Lobos News\",\"url\":\"https:\\\/\\\/lobosnews.com.ar\\\/\",\"logo\":{\"@type\":\"ImageObject\",\"inLanguage\":\"es\",\"@id\":\"https:\\\/\\\/lobosnews.com.ar\\\/#\\\/schema\\\/logo\\\/image\\\/\",\"url\":\"https:\\\/\\\/lobosnews.com.ar\\\/wp-content\\\/uploads\\\/2026\\\/01\\\/logo-lobosnews.png\",\"contentUrl\":\"https:\\\/\\\/lobosnews.com.ar\\\/wp-content\\\/uploads\\\/2026\\\/01\\\/logo-lobosnews.png\",\"width\":500,\"height\":200,\"caption\":\"Lobos News\"},\"image\":{\"@id\":\"https:\\\/\\\/lobosnews.com.ar\\\/#\\\/schema\\\/logo\\\/image\\\/\"}},{\"@type\":\"Person\",\"@id\":\"https:\\\/\\\/lobosnews.com.ar\\\/#\\\/schema\\\/person\\\/232422a593d5c541dd9aef6aaed10943\",\"name\":\"admin\",\"image\":{\"@type\":\"ImageObject\",\"inLanguage\":\"es\",\"@id\":\"https:\\\/\\\/secure.gravatar.com\\\/avatar\\\/76e419471a2083bc3ceab22a763dbbf9b0c1bd15a6214cf3280e2c2dde4580f9?s=96&d=mm&r=g\",\"url\":\"https:\\\/\\\/secure.gravatar.com\\\/avatar\\\/76e419471a2083bc3ceab22a763dbbf9b0c1bd15a6214cf3280e2c2dde4580f9?s=96&d=mm&r=g\",\"contentUrl\":\"https:\\\/\\\/secure.gravatar.com\\\/avatar\\\/76e419471a2083bc3ceab22a763dbbf9b0c1bd15a6214cf3280e2c2dde4580f9?s=96&d=mm&r=g\",\"caption\":\"admin\"},\"sameAs\":[\"https:\\\/\\\/lobosnews.com.ar\"],\"url\":\"https:\\\/\\\/lobosnews.com.ar\\\/index.php\\\/author\\\/lobos-news\\\/\"}]}<\/script>\n<!-- \/ Yoast SEO plugin. -->","yoast_head_json":{"title":"Una educaci\u00f3n rural de calidad para que los j\u00f3venes elijan quedarse en el campo - Lobos News","robots":{"index":"index","follow":"follow","max-snippet":"max-snippet:-1","max-image-preview":"max-image-preview:large","max-video-preview":"max-video-preview:-1"},"canonical":"https:\/\/lobosnews.com.ar\/index.php\/2026\/09\/01\/una-educacion-rural-de-calidad-para-que-los-jovenes-elijan-quedarse-en-el-campo\/","og_locale":"es_ES","og_type":"article","og_title":"Una educaci\u00f3n rural de calidad para que los j\u00f3venes elijan quedarse en el campo - Lobos News","og_description":"Llevo d\u00e9cadas insistiendo con una idea: no habr\u00e1 desarrollo equilibrado en Am\u00e9rica Latina y el Caribe mientras la educaci\u00f3n rural siga trat\u00e1ndose como una versi\u00f3n achicada de la educaci\u00f3n impartida en \u00e1reas urbanas. En trabajos como Educaci\u00f3n Rural en el Tercer Mundo y Educaci\u00f3n de Adultos en los Procesos de Desarrollo Rural analic\u00e9 experiencias que...","og_url":"https:\/\/lobosnews.com.ar\/index.php\/2026\/09\/01\/una-educacion-rural-de-calidad-para-que-los-jovenes-elijan-quedarse-en-el-campo\/","og_site_name":"Lobos News","article_published_time":"2026-09-01T07:00:00+00:00","article_modified_time":"2026-09-01T07:44:43+00:00","og_image":[{"width":2560,"height":1429,"url":"https:\/\/lobosnews.com.ar\/wp-content\/uploads\/2026\/09\/una-educacion-rural-de-calidad-para-que-los-jovenes-elijan-quedarse-en-el-campo-scaled.jpg","type":"image\/jpeg"}],"author":"admin","twitter_card":"summary_large_image","twitter_misc":{"Escrito por":"admin","Tiempo de lectura":"5 minutos"},"schema":{"@context":"https:\/\/schema.org","@graph":[{"@type":"Article","@id":"https:\/\/lobosnews.com.ar\/index.php\/2026\/09\/01\/una-educacion-rural-de-calidad-para-que-los-jovenes-elijan-quedarse-en-el-campo\/#article","isPartOf":{"@id":"https:\/\/lobosnews.com.ar\/index.php\/2026\/09\/01\/una-educacion-rural-de-calidad-para-que-los-jovenes-elijan-quedarse-en-el-campo\/"},"author":{"name":"admin","@id":"https:\/\/lobosnews.com.ar\/#\/schema\/person\/232422a593d5c541dd9aef6aaed10943"},"headline":"Una educaci\u00f3n rural de calidad para que los j\u00f3venes elijan quedarse en el campo","datePublished":"2026-09-01T07:00:00+00:00","dateModified":"2026-09-01T07:44:43+00:00","mainEntityOfPage":{"@id":"https:\/\/lobosnews.com.ar\/index.php\/2026\/09\/01\/una-educacion-rural-de-calidad-para-que-los-jovenes-elijan-quedarse-en-el-campo\/"},"wordCount":1075,"commentCount":0,"publisher":{"@id":"https:\/\/lobosnews.com.ar\/#organization"},"image":{"@id":"https:\/\/lobosnews.com.ar\/index.php\/2026\/09\/01\/una-educacion-rural-de-calidad-para-que-los-jovenes-elijan-quedarse-en-el-campo\/#primaryimage"},"thumbnailUrl":"https:\/\/lobosnews.com.ar\/wp-content\/uploads\/2026\/09\/una-educacion-rural-de-calidad-para-que-los-jovenes-elijan-quedarse-en-el-campo-scaled.jpg","articleSection":["Actualidad"],"inLanguage":"es","potentialAction":[{"@type":"CommentAction","name":"Comment","target":["https:\/\/lobosnews.com.ar\/index.php\/2026\/09\/01\/una-educacion-rural-de-calidad-para-que-los-jovenes-elijan-quedarse-en-el-campo\/#respond"]}]},{"@type":"WebPage","@id":"https:\/\/lobosnews.com.ar\/index.php\/2026\/09\/01\/una-educacion-rural-de-calidad-para-que-los-jovenes-elijan-quedarse-en-el-campo\/","url":"https:\/\/lobosnews.com.ar\/index.php\/2026\/09\/01\/una-educacion-rural-de-calidad-para-que-los-jovenes-elijan-quedarse-en-el-campo\/","name":"Una educaci\u00f3n rural de calidad para que los j\u00f3venes elijan quedarse en el campo - Lobos News","isPartOf":{"@id":"https:\/\/lobosnews.com.ar\/#website"},"primaryImageOfPage":{"@id":"https:\/\/lobosnews.com.ar\/index.php\/2026\/09\/01\/una-educacion-rural-de-calidad-para-que-los-jovenes-elijan-quedarse-en-el-campo\/#primaryimage"},"image":{"@id":"https:\/\/lobosnews.com.ar\/index.php\/2026\/09\/01\/una-educacion-rural-de-calidad-para-que-los-jovenes-elijan-quedarse-en-el-campo\/#primaryimage"},"thumbnailUrl":"https:\/\/lobosnews.com.ar\/wp-content\/uploads\/2026\/09\/una-educacion-rural-de-calidad-para-que-los-jovenes-elijan-quedarse-en-el-campo-scaled.jpg","datePublished":"2026-09-01T07:00:00+00:00","dateModified":"2026-09-01T07:44:43+00:00","breadcrumb":{"@id":"https:\/\/lobosnews.com.ar\/index.php\/2026\/09\/01\/una-educacion-rural-de-calidad-para-que-los-jovenes-elijan-quedarse-en-el-campo\/#breadcrumb"},"inLanguage":"es","potentialAction":[{"@type":"ReadAction","target":["https:\/\/lobosnews.com.ar\/index.php\/2026\/09\/01\/una-educacion-rural-de-calidad-para-que-los-jovenes-elijan-quedarse-en-el-campo\/"]}]},{"@type":"ImageObject","inLanguage":"es","@id":"https:\/\/lobosnews.com.ar\/index.php\/2026\/09\/01\/una-educacion-rural-de-calidad-para-que-los-jovenes-elijan-quedarse-en-el-campo\/#primaryimage","url":"https:\/\/lobosnews.com.ar\/wp-content\/uploads\/2026\/09\/una-educacion-rural-de-calidad-para-que-los-jovenes-elijan-quedarse-en-el-campo-scaled.jpg","contentUrl":"https:\/\/lobosnews.com.ar\/wp-content\/uploads\/2026\/09\/una-educacion-rural-de-calidad-para-que-los-jovenes-elijan-quedarse-en-el-campo-scaled.jpg","width":2560,"height":1429,"caption":"Una educaci\u00f3n rural de calidad para que los j\u00f3venes elijan quedarse en el campo"},{"@type":"BreadcrumbList","@id":"https:\/\/lobosnews.com.ar\/index.php\/2026\/09\/01\/una-educacion-rural-de-calidad-para-que-los-jovenes-elijan-quedarse-en-el-campo\/#breadcrumb","itemListElement":[{"@type":"ListItem","position":1,"name":"Portada","item":"https:\/\/lobosnews.com.ar\/"},{"@type":"ListItem","position":2,"name":"Una educaci\u00f3n rural de calidad para que los j\u00f3venes elijan quedarse en el campo"}]},{"@type":"WebSite","@id":"https:\/\/lobosnews.com.ar\/#website","url":"https:\/\/lobosnews.com.ar\/","name":"Lobos News","description":"Informaci\u00f3n a cada instante","publisher":{"@id":"https:\/\/lobosnews.com.ar\/#organization"},"potentialAction":[{"@type":"SearchAction","target":{"@type":"EntryPoint","urlTemplate":"https:\/\/lobosnews.com.ar\/?s={search_term_string}"},"query-input":{"@type":"PropertyValueSpecification","valueRequired":true,"valueName":"search_term_string"}}],"inLanguage":"es"},{"@type":"Organization","@id":"https:\/\/lobosnews.com.ar\/#organization","name":"Lobos News","url":"https:\/\/lobosnews.com.ar\/","logo":{"@type":"ImageObject","inLanguage":"es","@id":"https:\/\/lobosnews.com.ar\/#\/schema\/logo\/image\/","url":"https:\/\/lobosnews.com.ar\/wp-content\/uploads\/2026\/01\/logo-lobosnews.png","contentUrl":"https:\/\/lobosnews.com.ar\/wp-content\/uploads\/2026\/01\/logo-lobosnews.png","width":500,"height":200,"caption":"Lobos News"},"image":{"@id":"https:\/\/lobosnews.com.ar\/#\/schema\/logo\/image\/"}},{"@type":"Person","@id":"https:\/\/lobosnews.com.ar\/#\/schema\/person\/232422a593d5c541dd9aef6aaed10943","name":"admin","image":{"@type":"ImageObject","inLanguage":"es","@id":"https:\/\/secure.gravatar.com\/avatar\/76e419471a2083bc3ceab22a763dbbf9b0c1bd15a6214cf3280e2c2dde4580f9?s=96&d=mm&r=g","url":"https:\/\/secure.gravatar.com\/avatar\/76e419471a2083bc3ceab22a763dbbf9b0c1bd15a6214cf3280e2c2dde4580f9?s=96&d=mm&r=g","contentUrl":"https:\/\/secure.gravatar.com\/avatar\/76e419471a2083bc3ceab22a763dbbf9b0c1bd15a6214cf3280e2c2dde4580f9?s=96&d=mm&r=g","caption":"admin"},"sameAs":["https:\/\/lobosnews.com.ar"],"url":"https:\/\/lobosnews.com.ar\/index.php\/author\/lobos-news\/"}]}},"jetpack_featured_media_url":"https:\/\/lobosnews.com.ar\/wp-content\/uploads\/2026\/09\/una-educacion-rural-de-calidad-para-que-los-jovenes-elijan-quedarse-en-el-campo-scaled.jpg","jetpack_sharing_enabled":true,"_links":{"self":[{"href":"https:\/\/lobosnews.com.ar\/index.php\/wp-json\/wp\/v2\/posts\/96079","targetHints":{"allow":["GET"]}}],"collection":[{"href":"https:\/\/lobosnews.com.ar\/index.php\/wp-json\/wp\/v2\/posts"}],"about":[{"href":"https:\/\/lobosnews.com.ar\/index.php\/wp-json\/wp\/v2\/types\/post"}],"author":[{"embeddable":true,"href":"https:\/\/lobosnews.com.ar\/index.php\/wp-json\/wp\/v2\/users\/1"}],"replies":[{"embeddable":true,"href":"https:\/\/lobosnews.com.ar\/index.php\/wp-json\/wp\/v2\/comments?post=96079"}],"version-history":[{"count":1,"href":"https:\/\/lobosnews.com.ar\/index.php\/wp-json\/wp\/v2\/posts\/96079\/revisions"}],"predecessor-version":[{"id":96081,"href":"https:\/\/lobosnews.com.ar\/index.php\/wp-json\/wp\/v2\/posts\/96079\/revisions\/96081"}],"wp:featuredmedia":[{"embeddable":true,"href":"https:\/\/lobosnews.com.ar\/index.php\/wp-json\/wp\/v2\/media\/96082"}],"wp:attachment":[{"href":"https:\/\/lobosnews.com.ar\/index.php\/wp-json\/wp\/v2\/media?parent=96079"}],"wp:term":[{"taxonomy":"category","embeddable":true,"href":"https:\/\/lobosnews.com.ar\/index.php\/wp-json\/wp\/v2\/categories?post=96079"},{"taxonomy":"post_tag","embeddable":true,"href":"https:\/\/lobosnews.com.ar\/index.php\/wp-json\/wp\/v2\/tags?post=96079"}],"curies":[{"name":"wp","href":"https:\/\/api.w.org\/{rel}","templated":true}]}}