{"id":96063,"date":"2026-09-01T06:17:41","date_gmt":"2026-09-01T06:17:41","guid":{"rendered":"https:\/\/lobosnews.com.ar\/?p=96063"},"modified":"2026-09-01T07:44:29","modified_gmt":"2026-09-01T07:44:29","slug":"el-dia-despues-de-messi-la-lista-de-futbolistas-que-asoman-como-la-renovacion-de-la-seleccion-en-el-proximo-mundial","status":"publish","type":"post","link":"https:\/\/lobosnews.com.ar\/index.php\/2026\/09\/01\/el-dia-despues-de-messi-la-lista-de-futbolistas-que-asoman-como-la-renovacion-de-la-seleccion-en-el-proximo-mundial\/","title":{"rendered":"El d\u00eda despu\u00e9s de Messi: la lista de futbolistas que asoman como la renovaci\u00f3n de la Selecci\u00f3n en el pr\u00f3ximo Mundial"},"content":{"rendered":"<p><img loading=\"lazy\" decoding=\"async\" src=\"https:\/\/lobosnews.com.ar\/wp-content\/uploads\/2026\/09\/el-dia-despues-de-messi-la-lista-de-futbolistas-que-asoman-como-la-renovacion-de-la-seleccion-en-el-proximo-mundial.jpg\" alt=\"Santiago Beltr\u00e1n, Agust\u00edn Giay, Franco Mastantuono, Gianluca Prestianni y Joaqu\u00edn Panichelli\" height=\"1080\" width=\"1920\"\/><\/p>\n<p>La <b>selecci\u00f3n argentina<\/b> se ve obligada a pulsar el bot\u00f3n de reinicio.<span class=\"waslinkname\"> <b>Lionel Messi<\/b>, capit\u00e1n y figura excluyente a los 39 a\u00f1os, anunci\u00f3 su retiro de la Albiceleste<\/span>. Y <b>Lionel Scaloni<\/b> sembr\u00f3 interrogantes respecto a su continuidad como entrenador m\u00e1s all\u00e1 del 2027. Adem\u00e1s, <b>Nicol\u00e1s Otamendi<\/b>, otro de los referentes, le puso fin a su etapa en el combinado nacional. <b>Leandro Paredes<\/b> fue suspendido por diez partidos por los incidentes en la final ante Espa\u00f1a. <b>Nahuel Molina<\/b>, por siete. En consecuencia, el predio de Ezeiza ve como lleg\u00f3 la hora de la renovaci\u00f3n. <\/p>\n<p>Sin embargo, existe un trabajo con proyecci\u00f3n desde las juveniles impulsadas por <b>Diego Placente<\/b>, as\u00ed como tambi\u00e9n jugadores que estar\u00e1n en perfectas condiciones de repetir otra Copa del Mundo por edad y otros que fueron recortados sobre la hora y es probable que tengan oportunidades en el pr\u00f3ximo lapso de cuatro a\u00f1os. <b>Infobae <\/b>arm\u00f3 una n\u00f3mina con 55 apellidos (cinco por puesto) que pueden ser importantes en el futuro a corto, mediano y largo plazo en la Selecci\u00f3n.<\/p>\n<p><img loading=\"lazy\" decoding=\"async\" src=\"https:\/\/lobosnews.com.ar\/wp-content\/uploads\/2026\/09\/el-dia-despues-de-messi-la-lista-de-futbolistas-que-asoman-como-la-renovacion-de-la-seleccion-en-el-proximo-mundial-1.jpg\" alt=\"Varios futbolistas que jugaron el Mundial 2026 podr\u00edan decir presente en la pr\u00f3xima Copa del Mundo (Dise\u00f1o: Cristian M\u00e9ndez \/ Infobae)\" height=\"1080\" width=\"1920\"\/><\/p>\n<p>Hay que tener en cuenta que para esta lista no se contemplaron jugadores que para el a\u00f1o 2030 hayan cumplido los 34 a\u00f1os o m\u00e1s aunque, l\u00f3gicamente, puedan llegar a tener chances de integrar la lista de buena fe seg\u00fan su rendimiento. La \u00fanica excepci\u00f3n fue con los arqueros <b>Emiliano Mart\u00ednez (tendr\u00e1 37), Juan Musso (36) y Agust\u00edn Rossi (34)<\/b>. As\u00ed es que quedaron afuera de este art\u00edculo los mundialistas Ger\u00f3nimo Rulli (tendr\u00e1 38), Nicol\u00e1s Tagliafico (37), Leandro Paredes (35), Rodrigo De Paul (36) y Giovani Lo Celso (34). <\/p>\n<p><img loading=\"lazy\" decoding=\"async\" src=\"https:\/\/lobosnews.com.ar\/wp-content\/uploads\/2026\/09\/el-dia-despues-de-messi-la-lista-de-futbolistas-que-asoman-como-la-renovacion-de-la-seleccion-en-el-proximo-mundial-2.jpg\" alt=\"Lionel Messi y Lionel Scaloni probablemente ya no est\u00e9n en Argentina para el Mundial 2030 (REUTERS\/Agustin Marcarian)\" height=\"2329\" width=\"3311\"\/><\/p>\n<p>Hay una importante lista de jugadores que formaron parte de la lista preliminar para esta Copa del Mundo 2026 y seguramente sean tenidos en cuenta a futuro. Est\u00e1n en ese radar los arqueros Facundo Cambeses y Santiago Beltr\u00e1n, los defensores Agust\u00edn Giay, Nicol\u00e1s Capaldo, Leonardo Balerdi (baja a \u00faltima hora por lesi\u00f3n), Zaid Romero y Gabriel Rojas, los mediocampistas M\u00e1ximo Perrone, Alan Varela, Equi Fern\u00e1ndez y Milton Delgado, y los atacantes Tom\u00e1s Aranda, Emiliano Buend\u00eda, Franco Mastantuono, Alejandro Garnacho, Mat\u00edas Soul\u00e9, Claudio Echeverri y Santiago Castro.<\/p>\n<p>Vale mencionar que existen varios proyectos de jugadores juveniles del Sub 20 y Sub 17 que no fueron considerados por una cuesti\u00f3n de cantidad, pero no causar\u00eda sorpresa si aparecen en futuras citaciones. Son los casos de <b>Tob\u00edas Ram\u00edrez (River), Tom\u00e1s P\u00e9rez (Porto), Jer\u00f3nimo G\u00f3mez Mattar (Newell\u2019s), Juan Cruz Meza (River), Mateo Silvetti (Inter Miami), Maher Carrizo (Ajax) y Alejo Sarco (Bayer Leverkusen)<\/b>, entre otros. En tanto, el departamento de selecciones nacionales tambi\u00e9n investiga a nuevas promesas con nacionalidad argentina que militan en otros pa\u00edses, m\u00e9todo que llev\u00f3 a hallar a Nico Paz. Por ejemplo, <span class=\"waslinkname\">el espa\u00f1ol <b>Carlos Diez<\/b>, del<b> Real Madrid<\/b><\/span>.<\/p>\n<p><img loading=\"lazy\" decoding=\"async\" src=\"https:\/\/lobosnews.com.ar\/wp-content\/uploads\/2026\/09\/el-dia-despues-de-messi-la-lista-de-futbolistas-que-asoman-como-la-renovacion-de-la-seleccion-en-el-proximo-mundial-3.jpg\" alt=\"Los futbolistas que podr\u00edan disputar el Mundial 2030 (Dise\u00f1o: Cristian M\u00e9ndez \/ Infobae)\" height=\"6888\" width=\"1920\"\/><\/p>\n<h2>La camada de jugadores proyectados para el Mundial 2030:<\/h2>\n<p><i>*El n\u00famero entre par\u00e9ntesis es la edad que tendr\u00e1n en la pr\u00f3xima Copa del Mundo<\/i><\/p>\n<ul>\n<li><b>Arqueros<\/b><\/li>\n<\/ul>\n<p>Emiliano Mart\u00ednez (37)<\/p>\n<p>Juan Musso (36)<\/p>\n<p>Agust\u00edn Rossi (34)<\/p>\n<p>Facundo Cambeses (33)<\/p>\n<p>Santiago Beltr\u00e1n (25)<\/p>\n<ul>\n<li><b>Laterales derechos<\/b><\/li>\n<\/ul>\n<p>Gonzalo Montiel (33)<\/p>\n<p>Nahuel Molina (32)<\/p>\n<p>Nicol\u00e1s Capaldo (31)<\/p>\n<p>Agust\u00edn Giay (26)<\/p>\n<p>Dylan Gorosito (24)<\/p>\n<ul>\n<li><b>Defensores centrales<\/b><\/li>\n<\/ul>\n<p>Cristian Romero (32)<\/p>\n<p>Leonardo Balerdi (31)<\/p>\n<p>Nehu\u00e9n P\u00e9rez (30)<\/p>\n<p>Aaron Anselmino (25)<\/p>\n<p>Ignacio Ovando (23)<\/p>\n<ul>\n<li><b>Defensores centrales<\/b><\/li>\n<\/ul>\n<p>Marcos Senesi (33)<\/p>\n<p>Lisandro Mart\u00ednez (32)<\/p>\n<p>Zaid Romero (30)<\/p>\n<p>Tom\u00e1s Palacios (27)<\/p>\n<p>Mariano Troilo (27)<\/p>\n<ul>\n<li><b>Laterales izquierdos<\/b><\/li>\n<\/ul>\n<p>Facundo Medina (31)<\/p>\n<p>Lucas Esquivel (28)<\/p>\n<p>Mateo Del Blanco (26)<\/p>\n<p>Rom\u00e1n Vega (26)<\/p>\n<p>Julio Soler (25)<\/p>\n<ul>\n<li><b>Volante interno<\/b><\/li>\n<\/ul>\n<p>Carlos Alcaraz (27)<\/p>\n<p>Nicol\u00e1s Paz (25)<\/p>\n<p>Facundo Buonanotte (25)<\/p>\n<p>Tom\u00e1s Aranda (23)<\/p>\n<p>Franco Mastantuono (22)<\/p>\n<ul>\n<li><b>Mediocampistas centrales<\/b><\/li>\n<\/ul>\n<p>Alexis Mac Allister (31)<\/p>\n<p>Exequiel Palacios (31)<\/p>\n<p>Alan Varela (29)<\/p>\n<p>M\u00e1ximo Perrone (27)<\/p>\n<p>Milton Delgado (25)<\/p>\n<ul>\n<li><b>Volante interno<\/b><\/li>\n<\/ul>\n<p>Enzo Fern\u00e1ndez (29)<\/p>\n<p>Enzo Barrenechea (29)<\/p>\n<p>Cristian Medina (28)<\/p>\n<p>Ezequiel Fern\u00e1ndez (27)<\/p>\n<p>Valent\u00edn Barco (25)<\/p>\n<p><b>Extremos<\/b><\/p>\n<p>Emiliano Buend\u00eda (33)<\/p>\n<p>Juli\u00e1n \u00c1lvarez (30)<\/p>\n<p>Giuliano Simeone (27)<\/p>\n<p>Gianluca Prestianni (24)<\/p>\n<p>Claudio Echeverri (24)<\/p>\n<ul>\n<li><b>Centrodelanteros<\/b><\/li>\n<\/ul>\n<p>Lautaro Mart\u00ednez (32)<\/p>\n<p>Valent\u00edn Castellanos (31)<\/p>\n<p>Jos\u00e9 Manuel L\u00f3pez (29)<\/p>\n<p>Santiago Castro (27)<\/p>\n<p>Joaqu\u00edn Panichelli (27)<\/p>\n<ul>\n<li><b>Extremos<\/b><\/li>\n<\/ul>\n<p>Nicol\u00e1s Gonz\u00e1lez (32)<\/p>\n<p>Thiago Almada (29)<\/p>\n<p>Mat\u00edas Soul\u00e9 (27)<\/p>\n<p>Alejandro Garnacho (26)<\/p>\n<p>Valent\u00edn Carboni (25)<\/p>\n<p>Leonel Flores (19)<\/p>\n","protected":false},"excerpt":{"rendered":"<p>La selecci\u00f3n argentina se ve obligada a pulsar el bot\u00f3n de reinicio. Lionel Messi, capit\u00e1n y figura excluyente a los 39 a\u00f1os, anunci\u00f3 su retiro de la Albiceleste. Y Lionel Scaloni sembr\u00f3 interrogantes respecto a su continuidad como entrenador m\u00e1s all\u00e1 del 2027. Adem\u00e1s, Nicol\u00e1s Otamendi, otro de los referentes, le puso fin a su&#8230;<\/p>\n","protected":false},"author":1,"featured_media":0,"comment_status":"open","ping_status":"closed","sticky":false,"template":"","format":"standard","meta":{"_jetpack_newsletter_access":"","_jetpack_dont_email_post_to_subs":false,"_jetpack_newsletter_tier_id":0,"_jetpack_memberships_contains_paywalled_content":false,"_jetpack_memberships_contains_paid_content":false,"footnotes":"","jetpack_post_was_ever_published":false},"categories":[30],"tags":[39],"class_list":["post-96063","post","type-post","status-publish","format-standard","hentry","category-argentina","tag-deportes"],"magazineBlocksPostFeaturedMedia":{"thumbnail":false,"medium":false,"medium_large":false,"large":false,"1536x1536":false,"2048x2048":false,"newsmatic-featured":false,"newsmatic-list":false,"newsmatic-thumb":false,"newsmatic-small":false,"newsmatic-grid":false},"magazineBlocksPostAuthor":{"name":"admin","avatar":"https:\/\/secure.gravatar.com\/avatar\/76e419471a2083bc3ceab22a763dbbf9b0c1bd15a6214cf3280e2c2dde4580f9?s=96&d=mm&r=g"},"magazineBlocksPostCommentsNumber":"0","magazineBlocksPostExcerpt":"La selecci\u00f3n argentina se ve obligada a pulsar el bot\u00f3n de reinicio. Lionel Messi, capit\u00e1n y figura excluyente a los 39 a\u00f1os, anunci\u00f3 su retiro de la Albiceleste. Y Lionel Scaloni sembr\u00f3 interrogantes respecto a su continuidad como entrenador m\u00e1s all\u00e1 del 2027. Adem\u00e1s, Nicol\u00e1s Otamendi, otro de los referentes, le puso fin a su...","magazineBlocksPostCategories":["Argentina"],"magazineBlocksPostViewCount":101,"magazineBlocksPostReadTime":4,"magazine_blocks_featured_image_url":{"full":false,"medium":false,"thumbnail":false},"magazine_blocks_author":{"display_name":"admin","author_link":"https:\/\/lobosnews.com.ar\/index.php\/author\/lobos-news\/"},"magazine_blocks_comment":0,"magazine_blocks_author_image":"https:\/\/secure.gravatar.com\/avatar\/76e419471a2083bc3ceab22a763dbbf9b0c1bd15a6214cf3280e2c2dde4580f9?s=96&d=mm&r=g","magazine_blocks_category":"<a href=\"#\" class=\"category-link category-link-30\">Argentina<\/a>","yoast_head":"<!-- This site is optimized with the Yoast SEO plugin v28.0 - https:\/\/yoast.com\/product\/yoast-seo-wordpress\/ -->\n<title>El d\u00eda despu\u00e9s de Messi: la lista de futbolistas que asoman como la renovaci\u00f3n de la Selecci\u00f3n en el pr\u00f3ximo Mundial - Lobos News<\/title>\n<meta name=\"robots\" content=\"index, follow, max-snippet:-1, max-image-preview:large, max-video-preview:-1\" \/>\n<link rel=\"canonical\" href=\"https:\/\/lobosnews.com.ar\/index.php\/2026\/09\/01\/el-dia-despues-de-messi-la-lista-de-futbolistas-que-asoman-como-la-renovacion-de-la-seleccion-en-el-proximo-mundial\/\" \/>\n<meta property=\"og:locale\" content=\"es_ES\" \/>\n<meta property=\"og:type\" content=\"article\" \/>\n<meta property=\"og:title\" content=\"El d\u00eda despu\u00e9s de Messi: la lista de futbolistas que asoman como la renovaci\u00f3n de la Selecci\u00f3n en el pr\u00f3ximo Mundial - Lobos News\" \/>\n<meta property=\"og:description\" content=\"La selecci\u00f3n argentina se ve obligada a pulsar el bot\u00f3n de reinicio. Lionel Messi, capit\u00e1n y figura excluyente a los 39 a\u00f1os, anunci\u00f3 su retiro de la Albiceleste. Y Lionel Scaloni sembr\u00f3 interrogantes respecto a su continuidad como entrenador m\u00e1s all\u00e1 del 2027. Adem\u00e1s, Nicol\u00e1s Otamendi, otro de los referentes, le puso fin a su...\" \/>\n<meta property=\"og:url\" content=\"https:\/\/lobosnews.com.ar\/index.php\/2026\/09\/01\/el-dia-despues-de-messi-la-lista-de-futbolistas-que-asoman-como-la-renovacion-de-la-seleccion-en-el-proximo-mundial\/\" \/>\n<meta property=\"og:site_name\" content=\"Lobos News\" \/>\n<meta property=\"article:published_time\" content=\"2026-09-01T06:17:41+00:00\" \/>\n<meta property=\"article:modified_time\" content=\"2026-09-01T07:44:29+00:00\" \/>\n<meta property=\"og:image\" content=\"https:\/\/lobosnews.com.ar\/wp-content\/uploads\/2026\/09\/el-dia-despues-de-messi-la-lista-de-futbolistas-que-asoman-como-la-renovacion-de-la-seleccion-en-el-proximo-mundial.jpg\" \/>\n<meta name=\"author\" content=\"admin\" \/>\n<meta name=\"twitter:card\" content=\"summary_large_image\" \/>\n<meta name=\"twitter:label1\" content=\"Escrito por\" \/>\n\t<meta name=\"twitter:data1\" content=\"admin\" \/>\n\t<meta name=\"twitter:label2\" content=\"Tiempo de lectura\" \/>\n\t<meta name=\"twitter:data2\" content=\"3 minutos\" \/>\n<script type=\"application\/ld+json\" class=\"yoast-schema-graph\">{\"@context\":\"https:\\\/\\\/schema.org\",\"@graph\":[{\"@type\":\"Article\",\"@id\":\"https:\\\/\\\/lobosnews.com.ar\\\/index.php\\\/2026\\\/09\\\/01\\\/el-dia-despues-de-messi-la-lista-de-futbolistas-que-asoman-como-la-renovacion-de-la-seleccion-en-el-proximo-mundial\\\/#article\",\"isPartOf\":{\"@id\":\"https:\\\/\\\/lobosnews.com.ar\\\/index.php\\\/2026\\\/09\\\/01\\\/el-dia-despues-de-messi-la-lista-de-futbolistas-que-asoman-como-la-renovacion-de-la-seleccion-en-el-proximo-mundial\\\/\"},\"author\":{\"name\":\"admin\",\"@id\":\"https:\\\/\\\/lobosnews.com.ar\\\/#\\\/schema\\\/person\\\/232422a593d5c541dd9aef6aaed10943\"},\"headline\":\"El d\u00eda despu\u00e9s de Messi: la lista de futbolistas que asoman como la renovaci\u00f3n de la Selecci\u00f3n en el pr\u00f3ximo Mundial\",\"datePublished\":\"2026-09-01T06:17:41+00:00\",\"dateModified\":\"2026-09-01T07:44:29+00:00\",\"mainEntityOfPage\":{\"@id\":\"https:\\\/\\\/lobosnews.com.ar\\\/index.php\\\/2026\\\/09\\\/01\\\/el-dia-despues-de-messi-la-lista-de-futbolistas-que-asoman-como-la-renovacion-de-la-seleccion-en-el-proximo-mundial\\\/\"},\"wordCount\":694,\"commentCount\":0,\"publisher\":{\"@id\":\"https:\\\/\\\/lobosnews.com.ar\\\/#organization\"},\"image\":{\"@id\":\"https:\\\/\\\/lobosnews.com.ar\\\/index.php\\\/2026\\\/09\\\/01\\\/el-dia-despues-de-messi-la-lista-de-futbolistas-que-asoman-como-la-renovacion-de-la-seleccion-en-el-proximo-mundial\\\/#primaryimage\"},\"thumbnailUrl\":\"https:\\\/\\\/lobosnews.com.ar\\\/wp-content\\\/uploads\\\/2026\\\/09\\\/el-dia-despues-de-messi-la-lista-de-futbolistas-que-asoman-como-la-renovacion-de-la-seleccion-en-el-proximo-mundial.jpg\",\"keywords\":[\"Deportes\"],\"articleSection\":[\"Argentina\"],\"inLanguage\":\"es\",\"potentialAction\":[{\"@type\":\"CommentAction\",\"name\":\"Comment\",\"target\":[\"https:\\\/\\\/lobosnews.com.ar\\\/index.php\\\/2026\\\/09\\\/01\\\/el-dia-despues-de-messi-la-lista-de-futbolistas-que-asoman-como-la-renovacion-de-la-seleccion-en-el-proximo-mundial\\\/#respond\"]}]},{\"@type\":\"WebPage\",\"@id\":\"https:\\\/\\\/lobosnews.com.ar\\\/index.php\\\/2026\\\/09\\\/01\\\/el-dia-despues-de-messi-la-lista-de-futbolistas-que-asoman-como-la-renovacion-de-la-seleccion-en-el-proximo-mundial\\\/\",\"url\":\"https:\\\/\\\/lobosnews.com.ar\\\/index.php\\\/2026\\\/09\\\/01\\\/el-dia-despues-de-messi-la-lista-de-futbolistas-que-asoman-como-la-renovacion-de-la-seleccion-en-el-proximo-mundial\\\/\",\"name\":\"El d\u00eda despu\u00e9s de Messi: la lista de futbolistas que asoman como la renovaci\u00f3n de la Selecci\u00f3n en el pr\u00f3ximo Mundial - Lobos News\",\"isPartOf\":{\"@id\":\"https:\\\/\\\/lobosnews.com.ar\\\/#website\"},\"primaryImageOfPage\":{\"@id\":\"https:\\\/\\\/lobosnews.com.ar\\\/index.php\\\/2026\\\/09\\\/01\\\/el-dia-despues-de-messi-la-lista-de-futbolistas-que-asoman-como-la-renovacion-de-la-seleccion-en-el-proximo-mundial\\\/#primaryimage\"},\"image\":{\"@id\":\"https:\\\/\\\/lobosnews.com.ar\\\/index.php\\\/2026\\\/09\\\/01\\\/el-dia-despues-de-messi-la-lista-de-futbolistas-que-asoman-como-la-renovacion-de-la-seleccion-en-el-proximo-mundial\\\/#primaryimage\"},\"thumbnailUrl\":\"https:\\\/\\\/lobosnews.com.ar\\\/wp-content\\\/uploads\\\/2026\\\/09\\\/el-dia-despues-de-messi-la-lista-de-futbolistas-que-asoman-como-la-renovacion-de-la-seleccion-en-el-proximo-mundial.jpg\",\"datePublished\":\"2026-09-01T06:17:41+00:00\",\"dateModified\":\"2026-09-01T07:44:29+00:00\",\"breadcrumb\":{\"@id\":\"https:\\\/\\\/lobosnews.com.ar\\\/index.php\\\/2026\\\/09\\\/01\\\/el-dia-despues-de-messi-la-lista-de-futbolistas-que-asoman-como-la-renovacion-de-la-seleccion-en-el-proximo-mundial\\\/#breadcrumb\"},\"inLanguage\":\"es\",\"potentialAction\":[{\"@type\":\"ReadAction\",\"target\":[\"https:\\\/\\\/lobosnews.com.ar\\\/index.php\\\/2026\\\/09\\\/01\\\/el-dia-despues-de-messi-la-lista-de-futbolistas-que-asoman-como-la-renovacion-de-la-seleccion-en-el-proximo-mundial\\\/\"]}]},{\"@type\":\"ImageObject\",\"inLanguage\":\"es\",\"@id\":\"https:\\\/\\\/lobosnews.com.ar\\\/index.php\\\/2026\\\/09\\\/01\\\/el-dia-despues-de-messi-la-lista-de-futbolistas-que-asoman-como-la-renovacion-de-la-seleccion-en-el-proximo-mundial\\\/#primaryimage\",\"url\":\"https:\\\/\\\/lobosnews.com.ar\\\/wp-content\\\/uploads\\\/2026\\\/09\\\/el-dia-despues-de-messi-la-lista-de-futbolistas-que-asoman-como-la-renovacion-de-la-seleccion-en-el-proximo-mundial.jpg\",\"contentUrl\":\"https:\\\/\\\/lobosnews.com.ar\\\/wp-content\\\/uploads\\\/2026\\\/09\\\/el-dia-despues-de-messi-la-lista-de-futbolistas-que-asoman-como-la-renovacion-de-la-seleccion-en-el-proximo-mundial.jpg\",\"width\":1920,\"height\":1080},{\"@type\":\"BreadcrumbList\",\"@id\":\"https:\\\/\\\/lobosnews.com.ar\\\/index.php\\\/2026\\\/09\\\/01\\\/el-dia-despues-de-messi-la-lista-de-futbolistas-que-asoman-como-la-renovacion-de-la-seleccion-en-el-proximo-mundial\\\/#breadcrumb\",\"itemListElement\":[{\"@type\":\"ListItem\",\"position\":1,\"name\":\"Portada\",\"item\":\"https:\\\/\\\/lobosnews.com.ar\\\/\"},{\"@type\":\"ListItem\",\"position\":2,\"name\":\"El d\u00eda despu\u00e9s de Messi: la lista de futbolistas que asoman como la renovaci\u00f3n de la Selecci\u00f3n en el pr\u00f3ximo Mundial\"}]},{\"@type\":\"WebSite\",\"@id\":\"https:\\\/\\\/lobosnews.com.ar\\\/#website\",\"url\":\"https:\\\/\\\/lobosnews.com.ar\\\/\",\"name\":\"Lobos News\",\"description\":\"Informaci\u00f3n a cada instante\",\"publisher\":{\"@id\":\"https:\\\/\\\/lobosnews.com.ar\\\/#organization\"},\"potentialAction\":[{\"@type\":\"SearchAction\",\"target\":{\"@type\":\"EntryPoint\",\"urlTemplate\":\"https:\\\/\\\/lobosnews.com.ar\\\/?s={search_term_string}\"},\"query-input\":{\"@type\":\"PropertyValueSpecification\",\"valueRequired\":true,\"valueName\":\"search_term_string\"}}],\"inLanguage\":\"es\"},{\"@type\":\"Organization\",\"@id\":\"https:\\\/\\\/lobosnews.com.ar\\\/#organization\",\"name\":\"Lobos News\",\"url\":\"https:\\\/\\\/lobosnews.com.ar\\\/\",\"logo\":{\"@type\":\"ImageObject\",\"inLanguage\":\"es\",\"@id\":\"https:\\\/\\\/lobosnews.com.ar\\\/#\\\/schema\\\/logo\\\/image\\\/\",\"url\":\"https:\\\/\\\/lobosnews.com.ar\\\/wp-content\\\/uploads\\\/2026\\\/01\\\/logo-lobosnews.png\",\"contentUrl\":\"https:\\\/\\\/lobosnews.com.ar\\\/wp-content\\\/uploads\\\/2026\\\/01\\\/logo-lobosnews.png\",\"width\":500,\"height\":200,\"caption\":\"Lobos News\"},\"image\":{\"@id\":\"https:\\\/\\\/lobosnews.com.ar\\\/#\\\/schema\\\/logo\\\/image\\\/\"}},{\"@type\":\"Person\",\"@id\":\"https:\\\/\\\/lobosnews.com.ar\\\/#\\\/schema\\\/person\\\/232422a593d5c541dd9aef6aaed10943\",\"name\":\"admin\",\"image\":{\"@type\":\"ImageObject\",\"inLanguage\":\"es\",\"@id\":\"https:\\\/\\\/secure.gravatar.com\\\/avatar\\\/76e419471a2083bc3ceab22a763dbbf9b0c1bd15a6214cf3280e2c2dde4580f9?s=96&d=mm&r=g\",\"url\":\"https:\\\/\\\/secure.gravatar.com\\\/avatar\\\/76e419471a2083bc3ceab22a763dbbf9b0c1bd15a6214cf3280e2c2dde4580f9?s=96&d=mm&r=g\",\"contentUrl\":\"https:\\\/\\\/secure.gravatar.com\\\/avatar\\\/76e419471a2083bc3ceab22a763dbbf9b0c1bd15a6214cf3280e2c2dde4580f9?s=96&d=mm&r=g\",\"caption\":\"admin\"},\"sameAs\":[\"https:\\\/\\\/lobosnews.com.ar\"],\"url\":\"https:\\\/\\\/lobosnews.com.ar\\\/index.php\\\/author\\\/lobos-news\\\/\"}]}<\/script>\n<!-- \/ Yoast SEO plugin. -->","yoast_head_json":{"title":"El d\u00eda despu\u00e9s de Messi: la lista de futbolistas que asoman como la renovaci\u00f3n de la Selecci\u00f3n en el pr\u00f3ximo Mundial - Lobos News","robots":{"index":"index","follow":"follow","max-snippet":"max-snippet:-1","max-image-preview":"max-image-preview:large","max-video-preview":"max-video-preview:-1"},"canonical":"https:\/\/lobosnews.com.ar\/index.php\/2026\/09\/01\/el-dia-despues-de-messi-la-lista-de-futbolistas-que-asoman-como-la-renovacion-de-la-seleccion-en-el-proximo-mundial\/","og_locale":"es_ES","og_type":"article","og_title":"El d\u00eda despu\u00e9s de Messi: la lista de futbolistas que asoman como la renovaci\u00f3n de la Selecci\u00f3n en el pr\u00f3ximo Mundial - Lobos News","og_description":"La selecci\u00f3n argentina se ve obligada a pulsar el bot\u00f3n de reinicio. Lionel Messi, capit\u00e1n y figura excluyente a los 39 a\u00f1os, anunci\u00f3 su retiro de la Albiceleste. Y Lionel Scaloni sembr\u00f3 interrogantes respecto a su continuidad como entrenador m\u00e1s all\u00e1 del 2027. Adem\u00e1s, Nicol\u00e1s Otamendi, otro de los referentes, le puso fin a su...","og_url":"https:\/\/lobosnews.com.ar\/index.php\/2026\/09\/01\/el-dia-despues-de-messi-la-lista-de-futbolistas-que-asoman-como-la-renovacion-de-la-seleccion-en-el-proximo-mundial\/","og_site_name":"Lobos News","article_published_time":"2026-09-01T06:17:41+00:00","article_modified_time":"2026-09-01T07:44:29+00:00","og_image":[{"url":"https:\/\/lobosnews.com.ar\/wp-content\/uploads\/2026\/09\/el-dia-despues-de-messi-la-lista-de-futbolistas-que-asoman-como-la-renovacion-de-la-seleccion-en-el-proximo-mundial.jpg","type":"","width":"","height":""}],"author":"admin","twitter_card":"summary_large_image","twitter_misc":{"Escrito por":"admin","Tiempo de lectura":"3 minutos"},"schema":{"@context":"https:\/\/schema.org","@graph":[{"@type":"Article","@id":"https:\/\/lobosnews.com.ar\/index.php\/2026\/09\/01\/el-dia-despues-de-messi-la-lista-de-futbolistas-que-asoman-como-la-renovacion-de-la-seleccion-en-el-proximo-mundial\/#article","isPartOf":{"@id":"https:\/\/lobosnews.com.ar\/index.php\/2026\/09\/01\/el-dia-despues-de-messi-la-lista-de-futbolistas-que-asoman-como-la-renovacion-de-la-seleccion-en-el-proximo-mundial\/"},"author":{"name":"admin","@id":"https:\/\/lobosnews.com.ar\/#\/schema\/person\/232422a593d5c541dd9aef6aaed10943"},"headline":"El d\u00eda despu\u00e9s de Messi: la lista de futbolistas que asoman como la renovaci\u00f3n de la Selecci\u00f3n en el pr\u00f3ximo Mundial","datePublished":"2026-09-01T06:17:41+00:00","dateModified":"2026-09-01T07:44:29+00:00","mainEntityOfPage":{"@id":"https:\/\/lobosnews.com.ar\/index.php\/2026\/09\/01\/el-dia-despues-de-messi-la-lista-de-futbolistas-que-asoman-como-la-renovacion-de-la-seleccion-en-el-proximo-mundial\/"},"wordCount":694,"commentCount":0,"publisher":{"@id":"https:\/\/lobosnews.com.ar\/#organization"},"image":{"@id":"https:\/\/lobosnews.com.ar\/index.php\/2026\/09\/01\/el-dia-despues-de-messi-la-lista-de-futbolistas-que-asoman-como-la-renovacion-de-la-seleccion-en-el-proximo-mundial\/#primaryimage"},"thumbnailUrl":"https:\/\/lobosnews.com.ar\/wp-content\/uploads\/2026\/09\/el-dia-despues-de-messi-la-lista-de-futbolistas-que-asoman-como-la-renovacion-de-la-seleccion-en-el-proximo-mundial.jpg","keywords":["Deportes"],"articleSection":["Argentina"],"inLanguage":"es","potentialAction":[{"@type":"CommentAction","name":"Comment","target":["https:\/\/lobosnews.com.ar\/index.php\/2026\/09\/01\/el-dia-despues-de-messi-la-lista-de-futbolistas-que-asoman-como-la-renovacion-de-la-seleccion-en-el-proximo-mundial\/#respond"]}]},{"@type":"WebPage","@id":"https:\/\/lobosnews.com.ar\/index.php\/2026\/09\/01\/el-dia-despues-de-messi-la-lista-de-futbolistas-que-asoman-como-la-renovacion-de-la-seleccion-en-el-proximo-mundial\/","url":"https:\/\/lobosnews.com.ar\/index.php\/2026\/09\/01\/el-dia-despues-de-messi-la-lista-de-futbolistas-que-asoman-como-la-renovacion-de-la-seleccion-en-el-proximo-mundial\/","name":"El d\u00eda despu\u00e9s de Messi: la lista de futbolistas que asoman como la renovaci\u00f3n de la Selecci\u00f3n en el pr\u00f3ximo Mundial - Lobos News","isPartOf":{"@id":"https:\/\/lobosnews.com.ar\/#website"},"primaryImageOfPage":{"@id":"https:\/\/lobosnews.com.ar\/index.php\/2026\/09\/01\/el-dia-despues-de-messi-la-lista-de-futbolistas-que-asoman-como-la-renovacion-de-la-seleccion-en-el-proximo-mundial\/#primaryimage"},"image":{"@id":"https:\/\/lobosnews.com.ar\/index.php\/2026\/09\/01\/el-dia-despues-de-messi-la-lista-de-futbolistas-que-asoman-como-la-renovacion-de-la-seleccion-en-el-proximo-mundial\/#primaryimage"},"thumbnailUrl":"https:\/\/lobosnews.com.ar\/wp-content\/uploads\/2026\/09\/el-dia-despues-de-messi-la-lista-de-futbolistas-que-asoman-como-la-renovacion-de-la-seleccion-en-el-proximo-mundial.jpg","datePublished":"2026-09-01T06:17:41+00:00","dateModified":"2026-09-01T07:44:29+00:00","breadcrumb":{"@id":"https:\/\/lobosnews.com.ar\/index.php\/2026\/09\/01\/el-dia-despues-de-messi-la-lista-de-futbolistas-que-asoman-como-la-renovacion-de-la-seleccion-en-el-proximo-mundial\/#breadcrumb"},"inLanguage":"es","potentialAction":[{"@type":"ReadAction","target":["https:\/\/lobosnews.com.ar\/index.php\/2026\/09\/01\/el-dia-despues-de-messi-la-lista-de-futbolistas-que-asoman-como-la-renovacion-de-la-seleccion-en-el-proximo-mundial\/"]}]},{"@type":"ImageObject","inLanguage":"es","@id":"https:\/\/lobosnews.com.ar\/index.php\/2026\/09\/01\/el-dia-despues-de-messi-la-lista-de-futbolistas-que-asoman-como-la-renovacion-de-la-seleccion-en-el-proximo-mundial\/#primaryimage","url":"https:\/\/lobosnews.com.ar\/wp-content\/uploads\/2026\/09\/el-dia-despues-de-messi-la-lista-de-futbolistas-que-asoman-como-la-renovacion-de-la-seleccion-en-el-proximo-mundial.jpg","contentUrl":"https:\/\/lobosnews.com.ar\/wp-content\/uploads\/2026\/09\/el-dia-despues-de-messi-la-lista-de-futbolistas-que-asoman-como-la-renovacion-de-la-seleccion-en-el-proximo-mundial.jpg","width":1920,"height":1080},{"@type":"BreadcrumbList","@id":"https:\/\/lobosnews.com.ar\/index.php\/2026\/09\/01\/el-dia-despues-de-messi-la-lista-de-futbolistas-que-asoman-como-la-renovacion-de-la-seleccion-en-el-proximo-mundial\/#breadcrumb","itemListElement":[{"@type":"ListItem","position":1,"name":"Portada","item":"https:\/\/lobosnews.com.ar\/"},{"@type":"ListItem","position":2,"name":"El d\u00eda despu\u00e9s de Messi: la lista de futbolistas que asoman como la renovaci\u00f3n de la Selecci\u00f3n en el pr\u00f3ximo Mundial"}]},{"@type":"WebSite","@id":"https:\/\/lobosnews.com.ar\/#website","url":"https:\/\/lobosnews.com.ar\/","name":"Lobos News","description":"Informaci\u00f3n a cada instante","publisher":{"@id":"https:\/\/lobosnews.com.ar\/#organization"},"potentialAction":[{"@type":"SearchAction","target":{"@type":"EntryPoint","urlTemplate":"https:\/\/lobosnews.com.ar\/?s={search_term_string}"},"query-input":{"@type":"PropertyValueSpecification","valueRequired":true,"valueName":"search_term_string"}}],"inLanguage":"es"},{"@type":"Organization","@id":"https:\/\/lobosnews.com.ar\/#organization","name":"Lobos News","url":"https:\/\/lobosnews.com.ar\/","logo":{"@type":"ImageObject","inLanguage":"es","@id":"https:\/\/lobosnews.com.ar\/#\/schema\/logo\/image\/","url":"https:\/\/lobosnews.com.ar\/wp-content\/uploads\/2026\/01\/logo-lobosnews.png","contentUrl":"https:\/\/lobosnews.com.ar\/wp-content\/uploads\/2026\/01\/logo-lobosnews.png","width":500,"height":200,"caption":"Lobos News"},"image":{"@id":"https:\/\/lobosnews.com.ar\/#\/schema\/logo\/image\/"}},{"@type":"Person","@id":"https:\/\/lobosnews.com.ar\/#\/schema\/person\/232422a593d5c541dd9aef6aaed10943","name":"admin","image":{"@type":"ImageObject","inLanguage":"es","@id":"https:\/\/secure.gravatar.com\/avatar\/76e419471a2083bc3ceab22a763dbbf9b0c1bd15a6214cf3280e2c2dde4580f9?s=96&d=mm&r=g","url":"https:\/\/secure.gravatar.com\/avatar\/76e419471a2083bc3ceab22a763dbbf9b0c1bd15a6214cf3280e2c2dde4580f9?s=96&d=mm&r=g","contentUrl":"https:\/\/secure.gravatar.com\/avatar\/76e419471a2083bc3ceab22a763dbbf9b0c1bd15a6214cf3280e2c2dde4580f9?s=96&d=mm&r=g","caption":"admin"},"sameAs":["https:\/\/lobosnews.com.ar"],"url":"https:\/\/lobosnews.com.ar\/index.php\/author\/lobos-news\/"}]}},"jetpack_featured_media_url":"","jetpack_sharing_enabled":true,"_links":{"self":[{"href":"https:\/\/lobosnews.com.ar\/index.php\/wp-json\/wp\/v2\/posts\/96063","targetHints":{"allow":["GET"]}}],"collection":[{"href":"https:\/\/lobosnews.com.ar\/index.php\/wp-json\/wp\/v2\/posts"}],"about":[{"href":"https:\/\/lobosnews.com.ar\/index.php\/wp-json\/wp\/v2\/types\/post"}],"author":[{"embeddable":true,"href":"https:\/\/lobosnews.com.ar\/index.php\/wp-json\/wp\/v2\/users\/1"}],"replies":[{"embeddable":true,"href":"https:\/\/lobosnews.com.ar\/index.php\/wp-json\/wp\/v2\/comments?post=96063"}],"version-history":[{"count":1,"href":"https:\/\/lobosnews.com.ar\/index.php\/wp-json\/wp\/v2\/posts\/96063\/revisions"}],"predecessor-version":[{"id":96068,"href":"https:\/\/lobosnews.com.ar\/index.php\/wp-json\/wp\/v2\/posts\/96063\/revisions\/96068"}],"wp:attachment":[{"href":"https:\/\/lobosnews.com.ar\/index.php\/wp-json\/wp\/v2\/media?parent=96063"}],"wp:term":[{"taxonomy":"category","embeddable":true,"href":"https:\/\/lobosnews.com.ar\/index.php\/wp-json\/wp\/v2\/categories?post=96063"},{"taxonomy":"post_tag","embeddable":true,"href":"https:\/\/lobosnews.com.ar\/index.php\/wp-json\/wp\/v2\/tags?post=96063"}],"curies":[{"name":"wp","href":"https:\/\/api.w.org\/{rel}","templated":true}]}}