{"id":96059,"date":"2026-09-01T06:34:45","date_gmt":"2026-09-01T06:34:45","guid":{"rendered":"https:\/\/lobosnews.com.ar\/?p=96059"},"modified":"2026-09-01T07:44:25","modified_gmt":"2026-09-01T07:44:25","slug":"como-esta-la-renovacion-de-scaloni-tras-la-despedida-de-messi-de-la-seleccion-y-la-baja-clave-que-puede-sufrir-el-cuerpo-tecnico","status":"publish","type":"post","link":"https:\/\/lobosnews.com.ar\/index.php\/2026\/09\/01\/como-esta-la-renovacion-de-scaloni-tras-la-despedida-de-messi-de-la-seleccion-y-la-baja-clave-que-puede-sufrir-el-cuerpo-tecnico\/","title":{"rendered":"C\u00f3mo est\u00e1 la renovaci\u00f3n de Scaloni tras la despedida de Messi de la Selecci\u00f3n y la baja clave que puede sufrir el cuerpo t\u00e9cnico"},"content":{"rendered":"<p><img fetchpriority=\"high\" decoding=\"async\" src=\"https:\/\/lobosnews.com.ar\/wp-content\/uploads\/2026\/09\/como-esta-la-renovacion-de-scaloni-tras-la-despedida-de-messi-de-la-seleccion-y-la-baja-clave-que-puede-sufrir-el-cuerpo-tecnico.jpg\" alt=\"Scaloni y Messi, durante el choque entre Argentina y Cabo Verde por el Mundial 2026 (REUTERS\/Amanda Perobelli)\" height=\"536\" width=\"952\"\/><\/p>\n<p>La derrota ante <b>Espa\u00f1a<\/b> en la final de la <b>Copa del Mundo 2026<\/b> no solo le cost\u00f3 a la <b>selecci\u00f3n argentina<\/b> el t\u00edtulo: tambi\u00e9n dej\u00f3 abiertas varias preguntas. La inc\u00f3gnita sobre el futuro de <b>Lionel Messi<\/b> la dilucid\u00f3 el propio capit\u00e1n, quien <span class=\"waslinkname\">este lunes 31 de agosto finaliz\u00f3 su etapa en la Albiceleste y lo anunci\u00f3 a trav\u00e9s de una carta en sus redes sociales<\/span>. La otra duda sigue en pie: <b>\u00bfcontinuar\u00e1 Lionel Scaloni al frente del equipo?<\/b><\/p>\n<p>El t\u00e9cnico de Pujato, cuyo contrato vence en diciembre de 2026, hab\u00eda acordado de palabra su extensi\u00f3n hasta el <b>Mundial 2030<\/b>, pero ese entendimiento qued\u00f3 en suspenso despu\u00e9s de la final en el estadio MetLife de <b>Nueva York<\/b>.<\/p>\n<p><b>\u201cSiento la necesidad de pensar, porque ya no s\u00e9 si se va a poder hacer algo tan grande como esto<\/b>. Para seguir se necesitan un mont\u00f3n de cosas, sobre todo volver a resetearse, volver a formar un grupo como este, que dif\u00edcilmente se vuelve a formar\u201d, hab\u00eda dicho el ex Newell\u2019s y Estudiantes en conferencia de prensa luego del tropiezo ante Espa\u00f1a. Y hab\u00eda dejado entrever que cumplir\u00eda los compromisos de 2026 y \u201cdespu\u00e9s ya est\u00e1\u201d.<\/p>\n<p>Luego, se dio el recibimiento multitudinario al plantel en Buenos Aires y el V\u00eda Crucis a su casa en Pujato por parte de los fan\u00e1ticos, que <span class=\"waslinkname\">le rindieron tributo y le dejaron los regalos m\u00e1s inveros\u00edmiles<\/span>. <\/p>\n<p>Seg\u00fan pudo saber <i>Infobae<\/i>, desde el predio de <b>Ezeiza<\/b> la sensaci\u00f3n predominante es que <b>Scaloni<\/b> puede llegar a seguir al frente del combinado mayor. Sin embargo, eso todav\u00eda no est\u00e1 confirmado; es una sensaci\u00f3n. Para que el acuerdo verbal se transforme en papel, el presidente de la AFA, <b>Claudio Chiqui Tapia<\/b>, deber\u00e1 sentarse a negociar con el t\u00e9cnico y su representante, <b>Mat\u00edas Aldao<\/b>. Esa reuni\u00f3n no ocurri\u00f3 todav\u00eda, aunque se espera que pueda ocurrir en los pr\u00f3ximos d\u00edas.<\/p>\n<p>Incluso si Scaloni resuelve continuar, el cuerpo t\u00e9cnico que lo acompa\u00f1\u00f3 durante los \u00faltimos a\u00f1os podr\u00eda no llegar intacto al pr\u00f3ximo ciclo. La figura que gener\u00f3 mayor incertidumbre es la de <b>Walter Samuel<\/b>, el ex defensor central de <b>Boca Juniors<\/b> e <b>Inter de Mil\u00e1n<\/b> que desde hace tiempo cumple funciones como ayudante de campo y descoll\u00f3 en el \u00faltimo Mundial con sus variantes en la pelota parada.<\/p>\n<p>Seg\u00fan informaci\u00f3n a la que accedi\u00f3<b> <\/b><i><b>Infobae<\/b><\/i>, Samuel habr\u00eda tomado la decisi\u00f3n de dar el salto a la direcci\u00f3n t\u00e9cnica en forma independiente. El ex zaguero estar\u00eda atravesando los \u00faltimos tramos de su etapa dentro del seleccionado y buscar\u00eda asumir su propio proyecto como entrenador principal. Si eso se confirma, <b>la AFA<\/b> y Scaloni deber\u00e1n poner en la mesa de negociaciones la reorganizaci\u00f3n del cuerpo t\u00e9cnico antes de que comience el camino hacia el torneo de 2030.<\/p>\n<p><img loading=\"lazy\" decoding=\"async\" src=\"https:\/\/lobosnews.com.ar\/wp-content\/uploads\/2026\/09\/como-esta-la-renovacion-de-scaloni-tras-la-despedida-de-messi-de-la-seleccion-y-la-baja-clave-que-puede-sufrir-el-cuerpo-tecnico-1.jpg\" alt=\"La carta con la que Messi se despidi\u00f3 de la Selecci\u00f3n (@leomessi)\" height=\"759\" width=\"1350\"\/><\/p>\n<p>En paralelo a la incertidumbre sobre el cuerpo t\u00e9cnico, la instituci\u00f3n todav\u00eda digiere el impacto del anuncio m\u00e1s resonante de las \u00faltimas semanas: <b>el retiro de Lionel Messi de la Selecci\u00f3n Argentina<\/b>. A sus 39 a\u00f1os, el capit\u00e1n hist\u00f3rico comunic\u00f3 su decisi\u00f3n despu\u00e9s de que la Albiceleste cayera en la final del <b>Mundial 2026<\/b>, un torneo en el que marc\u00f3 ocho goles y protagoniz\u00f3 actuaciones para la historia.<\/p>\n<p>Messi eligi\u00f3 las redes para despedirse con una carta que combin\u00f3 gratitud, nostalgia y una certeza final: <b>\u201cMe vaci\u00e9, ya no tengo m\u00e1s para dar\u201d<\/b>. El mensaje estuvo precedido por una se\u00f1al que algunos integrantes del plantel ya hab\u00edan percibido: <b>tres jugadores que estaban en el vestuario del estadio MetLife la noche de la final contaron que el rosarino hab\u00eda deslizado que pod\u00eda ser su \u00faltimo partido con la camiseta celeste y blanca<\/b>.<\/p>\n<p>\u201cFue una decisi\u00f3n que doli\u00f3 y duele en el alma, pero entiendo que es el momento. Les juro que siempre dej\u00e9 todo, no solo los \u00faltimos a\u00f1os: que se gan\u00f3 todo antes tambi\u00e9n, y siempre pele\u00e9 y dej\u00e9 todo por esta camiseta\u201d, escribi\u00f3 en su despedida, publicada el 31 de agosto de 2026, a la que agreg\u00f3 que la decisi\u00f3n se la reforz\u00f3 el fallecimiento de su padre, <b>Jorge Messi<\/b>.<\/p>\n<h2>La AFA quiere darle una despedida en el Monumental<\/h2>\n<p>Desde la c\u00fapula de la AFA existe la intenci\u00f3n de que Messi tenga su partido despedida en el <b>estadio Monumental<\/b> de <b>River Plate<\/b>. No obstante, la concreci\u00f3n de ese homenaje depende, en primera instancia, de la voluntad del propio jugador, quien todav\u00eda no se pronunci\u00f3 sobre la posibilidad. La primera ventana de amistosos tras el Mundial se desarrollar\u00e1 entre el <b>21 de septiembre y el 6 de octubre de 2026<\/b>, y representa la oportunidad m\u00e1s inmediata para organizar ese encuentro. En ese lapso, la idea de la entidad es que se disputen tres encuentros.<\/p>\n<p>Los rivales del seleccionado para esa fecha todav\u00eda no est\u00e1n confirmados. Un viaje a <b>China<\/b> aparec\u00eda como una posibilidad en las conversaciones internas, pero qued\u00f3 sin definici\u00f3n. Lo que s\u00ed est\u00e1 sobre la mesa es que Tapia deber\u00e1 resolver en paralelo dos frentes: el acuerdo con Scaloni y la organizaci\u00f3n del evento de despedida para el jugador m\u00e1s importante de la historia del f\u00fatbol argentino.<\/p>\n<p>La \u00faltima ventana de amistosos de 2026 ser\u00e1 del 9 al 17 de noviembre. All\u00ed, la Selecci\u00f3n tendr\u00e1 la posibilidad de jugar dos partidos. \u00bfLos \u00faltimos del ciclo Scaloni? \u00bfO dos eslabones dentro de la reconstrucci\u00f3n de La Scaloneta despu\u00e9s de la era Messi?<\/p>\n","protected":false},"excerpt":{"rendered":"<p>La derrota ante Espa\u00f1a en la final de la Copa del Mundo 2026 no solo le cost\u00f3 a la selecci\u00f3n argentina el t\u00edtulo: tambi\u00e9n dej\u00f3 abiertas varias preguntas. La inc\u00f3gnita sobre el futuro de Lionel Messi la dilucid\u00f3 el propio capit\u00e1n, quien este lunes 31 de agosto finaliz\u00f3 su etapa en la Albiceleste y lo&#8230;<\/p>\n","protected":false},"author":1,"featured_media":0,"comment_status":"open","ping_status":"closed","sticky":false,"template":"","format":"standard","meta":{"_jetpack_newsletter_access":"","_jetpack_dont_email_post_to_subs":false,"_jetpack_newsletter_tier_id":0,"_jetpack_memberships_contains_paywalled_content":false,"_jetpack_memberships_contains_paid_content":false,"footnotes":"","jetpack_post_was_ever_published":false},"categories":[30],"tags":[39],"class_list":["post-96059","post","type-post","status-publish","format-standard","hentry","category-argentina","tag-deportes"],"magazineBlocksPostFeaturedMedia":{"thumbnail":false,"medium":false,"medium_large":false,"large":false,"1536x1536":false,"2048x2048":false,"newsmatic-featured":false,"newsmatic-list":false,"newsmatic-thumb":false,"newsmatic-small":false,"newsmatic-grid":false},"magazineBlocksPostAuthor":{"name":"admin","avatar":"https:\/\/secure.gravatar.com\/avatar\/76e419471a2083bc3ceab22a763dbbf9b0c1bd15a6214cf3280e2c2dde4580f9?s=96&d=mm&r=g"},"magazineBlocksPostCommentsNumber":"0","magazineBlocksPostExcerpt":"La derrota ante Espa\u00f1a en la final de la Copa del Mundo 2026 no solo le cost\u00f3 a la selecci\u00f3n argentina el t\u00edtulo: tambi\u00e9n dej\u00f3 abiertas varias preguntas. La inc\u00f3gnita sobre el futuro de Lionel Messi la dilucid\u00f3 el propio capit\u00e1n, quien este lunes 31 de agosto finaliz\u00f3 su etapa en la Albiceleste y lo...","magazineBlocksPostCategories":["Argentina"],"magazineBlocksPostViewCount":101,"magazineBlocksPostReadTime":5,"magazine_blocks_featured_image_url":{"full":false,"medium":false,"thumbnail":false},"magazine_blocks_author":{"display_name":"admin","author_link":"https:\/\/lobosnews.com.ar\/index.php\/author\/lobos-news\/"},"magazine_blocks_comment":0,"magazine_blocks_author_image":"https:\/\/secure.gravatar.com\/avatar\/76e419471a2083bc3ceab22a763dbbf9b0c1bd15a6214cf3280e2c2dde4580f9?s=96&d=mm&r=g","magazine_blocks_category":"<a href=\"#\" class=\"category-link category-link-30\">Argentina<\/a>","yoast_head":"<!-- This site is optimized with the Yoast SEO plugin v28.0 - https:\/\/yoast.com\/product\/yoast-seo-wordpress\/ -->\n<title>C\u00f3mo est\u00e1 la renovaci\u00f3n de Scaloni tras la despedida de Messi de la Selecci\u00f3n y la baja clave que puede sufrir el cuerpo t\u00e9cnico - Lobos News<\/title>\n<meta name=\"robots\" content=\"index, follow, max-snippet:-1, max-image-preview:large, max-video-preview:-1\" \/>\n<link rel=\"canonical\" href=\"https:\/\/lobosnews.com.ar\/index.php\/2026\/09\/01\/como-esta-la-renovacion-de-scaloni-tras-la-despedida-de-messi-de-la-seleccion-y-la-baja-clave-que-puede-sufrir-el-cuerpo-tecnico\/\" \/>\n<meta property=\"og:locale\" content=\"es_ES\" \/>\n<meta property=\"og:type\" content=\"article\" \/>\n<meta property=\"og:title\" content=\"C\u00f3mo est\u00e1 la renovaci\u00f3n de Scaloni tras la despedida de Messi de la Selecci\u00f3n y la baja clave que puede sufrir el cuerpo t\u00e9cnico - Lobos News\" \/>\n<meta property=\"og:description\" content=\"La derrota ante Espa\u00f1a en la final de la Copa del Mundo 2026 no solo le cost\u00f3 a la selecci\u00f3n argentina el t\u00edtulo: tambi\u00e9n dej\u00f3 abiertas varias preguntas. La inc\u00f3gnita sobre el futuro de Lionel Messi la dilucid\u00f3 el propio capit\u00e1n, quien este lunes 31 de agosto finaliz\u00f3 su etapa en la Albiceleste y lo...\" \/>\n<meta property=\"og:url\" content=\"https:\/\/lobosnews.com.ar\/index.php\/2026\/09\/01\/como-esta-la-renovacion-de-scaloni-tras-la-despedida-de-messi-de-la-seleccion-y-la-baja-clave-que-puede-sufrir-el-cuerpo-tecnico\/\" \/>\n<meta property=\"og:site_name\" content=\"Lobos News\" \/>\n<meta property=\"article:published_time\" content=\"2026-09-01T06:34:45+00:00\" \/>\n<meta property=\"article:modified_time\" content=\"2026-09-01T07:44:25+00:00\" \/>\n<meta property=\"og:image\" content=\"https:\/\/lobosnews.com.ar\/wp-content\/uploads\/2026\/09\/como-esta-la-renovacion-de-scaloni-tras-la-despedida-de-messi-de-la-seleccion-y-la-baja-clave-que-puede-sufrir-el-cuerpo-tecnico.jpg\" \/>\n<meta name=\"author\" content=\"admin\" \/>\n<meta name=\"twitter:card\" content=\"summary_large_image\" \/>\n<meta name=\"twitter:label1\" content=\"Escrito por\" \/>\n\t<meta name=\"twitter:data1\" content=\"admin\" \/>\n\t<meta name=\"twitter:label2\" content=\"Tiempo de lectura\" \/>\n\t<meta name=\"twitter:data2\" content=\"5 minutos\" \/>\n<script type=\"application\/ld+json\" class=\"yoast-schema-graph\">{\"@context\":\"https:\\\/\\\/schema.org\",\"@graph\":[{\"@type\":\"Article\",\"@id\":\"https:\\\/\\\/lobosnews.com.ar\\\/index.php\\\/2026\\\/09\\\/01\\\/como-esta-la-renovacion-de-scaloni-tras-la-despedida-de-messi-de-la-seleccion-y-la-baja-clave-que-puede-sufrir-el-cuerpo-tecnico\\\/#article\",\"isPartOf\":{\"@id\":\"https:\\\/\\\/lobosnews.com.ar\\\/index.php\\\/2026\\\/09\\\/01\\\/como-esta-la-renovacion-de-scaloni-tras-la-despedida-de-messi-de-la-seleccion-y-la-baja-clave-que-puede-sufrir-el-cuerpo-tecnico\\\/\"},\"author\":{\"name\":\"admin\",\"@id\":\"https:\\\/\\\/lobosnews.com.ar\\\/#\\\/schema\\\/person\\\/232422a593d5c541dd9aef6aaed10943\"},\"headline\":\"C\u00f3mo est\u00e1 la renovaci\u00f3n de Scaloni tras la despedida de Messi de la Selecci\u00f3n y la baja clave que puede sufrir el cuerpo t\u00e9cnico\",\"datePublished\":\"2026-09-01T06:34:45+00:00\",\"dateModified\":\"2026-09-01T07:44:25+00:00\",\"mainEntityOfPage\":{\"@id\":\"https:\\\/\\\/lobosnews.com.ar\\\/index.php\\\/2026\\\/09\\\/01\\\/como-esta-la-renovacion-de-scaloni-tras-la-despedida-de-messi-de-la-seleccion-y-la-baja-clave-que-puede-sufrir-el-cuerpo-tecnico\\\/\"},\"wordCount\":968,\"commentCount\":0,\"publisher\":{\"@id\":\"https:\\\/\\\/lobosnews.com.ar\\\/#organization\"},\"image\":{\"@id\":\"https:\\\/\\\/lobosnews.com.ar\\\/index.php\\\/2026\\\/09\\\/01\\\/como-esta-la-renovacion-de-scaloni-tras-la-despedida-de-messi-de-la-seleccion-y-la-baja-clave-que-puede-sufrir-el-cuerpo-tecnico\\\/#primaryimage\"},\"thumbnailUrl\":\"https:\\\/\\\/lobosnews.com.ar\\\/wp-content\\\/uploads\\\/2026\\\/09\\\/como-esta-la-renovacion-de-scaloni-tras-la-despedida-de-messi-de-la-seleccion-y-la-baja-clave-que-puede-sufrir-el-cuerpo-tecnico.jpg\",\"keywords\":[\"Deportes\"],\"articleSection\":[\"Argentina\"],\"inLanguage\":\"es\",\"potentialAction\":[{\"@type\":\"CommentAction\",\"name\":\"Comment\",\"target\":[\"https:\\\/\\\/lobosnews.com.ar\\\/index.php\\\/2026\\\/09\\\/01\\\/como-esta-la-renovacion-de-scaloni-tras-la-despedida-de-messi-de-la-seleccion-y-la-baja-clave-que-puede-sufrir-el-cuerpo-tecnico\\\/#respond\"]}]},{\"@type\":\"WebPage\",\"@id\":\"https:\\\/\\\/lobosnews.com.ar\\\/index.php\\\/2026\\\/09\\\/01\\\/como-esta-la-renovacion-de-scaloni-tras-la-despedida-de-messi-de-la-seleccion-y-la-baja-clave-que-puede-sufrir-el-cuerpo-tecnico\\\/\",\"url\":\"https:\\\/\\\/lobosnews.com.ar\\\/index.php\\\/2026\\\/09\\\/01\\\/como-esta-la-renovacion-de-scaloni-tras-la-despedida-de-messi-de-la-seleccion-y-la-baja-clave-que-puede-sufrir-el-cuerpo-tecnico\\\/\",\"name\":\"C\u00f3mo est\u00e1 la renovaci\u00f3n de Scaloni tras la despedida de Messi de la Selecci\u00f3n y la baja clave que puede sufrir el cuerpo t\u00e9cnico - Lobos News\",\"isPartOf\":{\"@id\":\"https:\\\/\\\/lobosnews.com.ar\\\/#website\"},\"primaryImageOfPage\":{\"@id\":\"https:\\\/\\\/lobosnews.com.ar\\\/index.php\\\/2026\\\/09\\\/01\\\/como-esta-la-renovacion-de-scaloni-tras-la-despedida-de-messi-de-la-seleccion-y-la-baja-clave-que-puede-sufrir-el-cuerpo-tecnico\\\/#primaryimage\"},\"image\":{\"@id\":\"https:\\\/\\\/lobosnews.com.ar\\\/index.php\\\/2026\\\/09\\\/01\\\/como-esta-la-renovacion-de-scaloni-tras-la-despedida-de-messi-de-la-seleccion-y-la-baja-clave-que-puede-sufrir-el-cuerpo-tecnico\\\/#primaryimage\"},\"thumbnailUrl\":\"https:\\\/\\\/lobosnews.com.ar\\\/wp-content\\\/uploads\\\/2026\\\/09\\\/como-esta-la-renovacion-de-scaloni-tras-la-despedida-de-messi-de-la-seleccion-y-la-baja-clave-que-puede-sufrir-el-cuerpo-tecnico.jpg\",\"datePublished\":\"2026-09-01T06:34:45+00:00\",\"dateModified\":\"2026-09-01T07:44:25+00:00\",\"breadcrumb\":{\"@id\":\"https:\\\/\\\/lobosnews.com.ar\\\/index.php\\\/2026\\\/09\\\/01\\\/como-esta-la-renovacion-de-scaloni-tras-la-despedida-de-messi-de-la-seleccion-y-la-baja-clave-que-puede-sufrir-el-cuerpo-tecnico\\\/#breadcrumb\"},\"inLanguage\":\"es\",\"potentialAction\":[{\"@type\":\"ReadAction\",\"target\":[\"https:\\\/\\\/lobosnews.com.ar\\\/index.php\\\/2026\\\/09\\\/01\\\/como-esta-la-renovacion-de-scaloni-tras-la-despedida-de-messi-de-la-seleccion-y-la-baja-clave-que-puede-sufrir-el-cuerpo-tecnico\\\/\"]}]},{\"@type\":\"ImageObject\",\"inLanguage\":\"es\",\"@id\":\"https:\\\/\\\/lobosnews.com.ar\\\/index.php\\\/2026\\\/09\\\/01\\\/como-esta-la-renovacion-de-scaloni-tras-la-despedida-de-messi-de-la-seleccion-y-la-baja-clave-que-puede-sufrir-el-cuerpo-tecnico\\\/#primaryimage\",\"url\":\"https:\\\/\\\/lobosnews.com.ar\\\/wp-content\\\/uploads\\\/2026\\\/09\\\/como-esta-la-renovacion-de-scaloni-tras-la-despedida-de-messi-de-la-seleccion-y-la-baja-clave-que-puede-sufrir-el-cuerpo-tecnico.jpg\",\"contentUrl\":\"https:\\\/\\\/lobosnews.com.ar\\\/wp-content\\\/uploads\\\/2026\\\/09\\\/como-esta-la-renovacion-de-scaloni-tras-la-despedida-de-messi-de-la-seleccion-y-la-baja-clave-que-puede-sufrir-el-cuerpo-tecnico.jpg\",\"width\":952,\"height\":536},{\"@type\":\"BreadcrumbList\",\"@id\":\"https:\\\/\\\/lobosnews.com.ar\\\/index.php\\\/2026\\\/09\\\/01\\\/como-esta-la-renovacion-de-scaloni-tras-la-despedida-de-messi-de-la-seleccion-y-la-baja-clave-que-puede-sufrir-el-cuerpo-tecnico\\\/#breadcrumb\",\"itemListElement\":[{\"@type\":\"ListItem\",\"position\":1,\"name\":\"Portada\",\"item\":\"https:\\\/\\\/lobosnews.com.ar\\\/\"},{\"@type\":\"ListItem\",\"position\":2,\"name\":\"C\u00f3mo est\u00e1 la renovaci\u00f3n de Scaloni tras la despedida de Messi de la Selecci\u00f3n y la baja clave que puede sufrir el cuerpo t\u00e9cnico\"}]},{\"@type\":\"WebSite\",\"@id\":\"https:\\\/\\\/lobosnews.com.ar\\\/#website\",\"url\":\"https:\\\/\\\/lobosnews.com.ar\\\/\",\"name\":\"Lobos News\",\"description\":\"Informaci\u00f3n a cada instante\",\"publisher\":{\"@id\":\"https:\\\/\\\/lobosnews.com.ar\\\/#organization\"},\"potentialAction\":[{\"@type\":\"SearchAction\",\"target\":{\"@type\":\"EntryPoint\",\"urlTemplate\":\"https:\\\/\\\/lobosnews.com.ar\\\/?s={search_term_string}\"},\"query-input\":{\"@type\":\"PropertyValueSpecification\",\"valueRequired\":true,\"valueName\":\"search_term_string\"}}],\"inLanguage\":\"es\"},{\"@type\":\"Organization\",\"@id\":\"https:\\\/\\\/lobosnews.com.ar\\\/#organization\",\"name\":\"Lobos News\",\"url\":\"https:\\\/\\\/lobosnews.com.ar\\\/\",\"logo\":{\"@type\":\"ImageObject\",\"inLanguage\":\"es\",\"@id\":\"https:\\\/\\\/lobosnews.com.ar\\\/#\\\/schema\\\/logo\\\/image\\\/\",\"url\":\"https:\\\/\\\/lobosnews.com.ar\\\/wp-content\\\/uploads\\\/2026\\\/01\\\/logo-lobosnews.png\",\"contentUrl\":\"https:\\\/\\\/lobosnews.com.ar\\\/wp-content\\\/uploads\\\/2026\\\/01\\\/logo-lobosnews.png\",\"width\":500,\"height\":200,\"caption\":\"Lobos News\"},\"image\":{\"@id\":\"https:\\\/\\\/lobosnews.com.ar\\\/#\\\/schema\\\/logo\\\/image\\\/\"}},{\"@type\":\"Person\",\"@id\":\"https:\\\/\\\/lobosnews.com.ar\\\/#\\\/schema\\\/person\\\/232422a593d5c541dd9aef6aaed10943\",\"name\":\"admin\",\"image\":{\"@type\":\"ImageObject\",\"inLanguage\":\"es\",\"@id\":\"https:\\\/\\\/secure.gravatar.com\\\/avatar\\\/76e419471a2083bc3ceab22a763dbbf9b0c1bd15a6214cf3280e2c2dde4580f9?s=96&d=mm&r=g\",\"url\":\"https:\\\/\\\/secure.gravatar.com\\\/avatar\\\/76e419471a2083bc3ceab22a763dbbf9b0c1bd15a6214cf3280e2c2dde4580f9?s=96&d=mm&r=g\",\"contentUrl\":\"https:\\\/\\\/secure.gravatar.com\\\/avatar\\\/76e419471a2083bc3ceab22a763dbbf9b0c1bd15a6214cf3280e2c2dde4580f9?s=96&d=mm&r=g\",\"caption\":\"admin\"},\"sameAs\":[\"https:\\\/\\\/lobosnews.com.ar\"],\"url\":\"https:\\\/\\\/lobosnews.com.ar\\\/index.php\\\/author\\\/lobos-news\\\/\"}]}<\/script>\n<!-- \/ Yoast SEO plugin. -->","yoast_head_json":{"title":"C\u00f3mo est\u00e1 la renovaci\u00f3n de Scaloni tras la despedida de Messi de la Selecci\u00f3n y la baja clave que puede sufrir el cuerpo t\u00e9cnico - Lobos News","robots":{"index":"index","follow":"follow","max-snippet":"max-snippet:-1","max-image-preview":"max-image-preview:large","max-video-preview":"max-video-preview:-1"},"canonical":"https:\/\/lobosnews.com.ar\/index.php\/2026\/09\/01\/como-esta-la-renovacion-de-scaloni-tras-la-despedida-de-messi-de-la-seleccion-y-la-baja-clave-que-puede-sufrir-el-cuerpo-tecnico\/","og_locale":"es_ES","og_type":"article","og_title":"C\u00f3mo est\u00e1 la renovaci\u00f3n de Scaloni tras la despedida de Messi de la Selecci\u00f3n y la baja clave que puede sufrir el cuerpo t\u00e9cnico - Lobos News","og_description":"La derrota ante Espa\u00f1a en la final de la Copa del Mundo 2026 no solo le cost\u00f3 a la selecci\u00f3n argentina el t\u00edtulo: tambi\u00e9n dej\u00f3 abiertas varias preguntas. La inc\u00f3gnita sobre el futuro de Lionel Messi la dilucid\u00f3 el propio capit\u00e1n, quien este lunes 31 de agosto finaliz\u00f3 su etapa en la Albiceleste y lo...","og_url":"https:\/\/lobosnews.com.ar\/index.php\/2026\/09\/01\/como-esta-la-renovacion-de-scaloni-tras-la-despedida-de-messi-de-la-seleccion-y-la-baja-clave-que-puede-sufrir-el-cuerpo-tecnico\/","og_site_name":"Lobos News","article_published_time":"2026-09-01T06:34:45+00:00","article_modified_time":"2026-09-01T07:44:25+00:00","og_image":[{"url":"https:\/\/lobosnews.com.ar\/wp-content\/uploads\/2026\/09\/como-esta-la-renovacion-de-scaloni-tras-la-despedida-de-messi-de-la-seleccion-y-la-baja-clave-que-puede-sufrir-el-cuerpo-tecnico.jpg","type":"","width":"","height":""}],"author":"admin","twitter_card":"summary_large_image","twitter_misc":{"Escrito por":"admin","Tiempo de lectura":"5 minutos"},"schema":{"@context":"https:\/\/schema.org","@graph":[{"@type":"Article","@id":"https:\/\/lobosnews.com.ar\/index.php\/2026\/09\/01\/como-esta-la-renovacion-de-scaloni-tras-la-despedida-de-messi-de-la-seleccion-y-la-baja-clave-que-puede-sufrir-el-cuerpo-tecnico\/#article","isPartOf":{"@id":"https:\/\/lobosnews.com.ar\/index.php\/2026\/09\/01\/como-esta-la-renovacion-de-scaloni-tras-la-despedida-de-messi-de-la-seleccion-y-la-baja-clave-que-puede-sufrir-el-cuerpo-tecnico\/"},"author":{"name":"admin","@id":"https:\/\/lobosnews.com.ar\/#\/schema\/person\/232422a593d5c541dd9aef6aaed10943"},"headline":"C\u00f3mo est\u00e1 la renovaci\u00f3n de Scaloni tras la despedida de Messi de la Selecci\u00f3n y la baja clave que puede sufrir el cuerpo t\u00e9cnico","datePublished":"2026-09-01T06:34:45+00:00","dateModified":"2026-09-01T07:44:25+00:00","mainEntityOfPage":{"@id":"https:\/\/lobosnews.com.ar\/index.php\/2026\/09\/01\/como-esta-la-renovacion-de-scaloni-tras-la-despedida-de-messi-de-la-seleccion-y-la-baja-clave-que-puede-sufrir-el-cuerpo-tecnico\/"},"wordCount":968,"commentCount":0,"publisher":{"@id":"https:\/\/lobosnews.com.ar\/#organization"},"image":{"@id":"https:\/\/lobosnews.com.ar\/index.php\/2026\/09\/01\/como-esta-la-renovacion-de-scaloni-tras-la-despedida-de-messi-de-la-seleccion-y-la-baja-clave-que-puede-sufrir-el-cuerpo-tecnico\/#primaryimage"},"thumbnailUrl":"https:\/\/lobosnews.com.ar\/wp-content\/uploads\/2026\/09\/como-esta-la-renovacion-de-scaloni-tras-la-despedida-de-messi-de-la-seleccion-y-la-baja-clave-que-puede-sufrir-el-cuerpo-tecnico.jpg","keywords":["Deportes"],"articleSection":["Argentina"],"inLanguage":"es","potentialAction":[{"@type":"CommentAction","name":"Comment","target":["https:\/\/lobosnews.com.ar\/index.php\/2026\/09\/01\/como-esta-la-renovacion-de-scaloni-tras-la-despedida-de-messi-de-la-seleccion-y-la-baja-clave-que-puede-sufrir-el-cuerpo-tecnico\/#respond"]}]},{"@type":"WebPage","@id":"https:\/\/lobosnews.com.ar\/index.php\/2026\/09\/01\/como-esta-la-renovacion-de-scaloni-tras-la-despedida-de-messi-de-la-seleccion-y-la-baja-clave-que-puede-sufrir-el-cuerpo-tecnico\/","url":"https:\/\/lobosnews.com.ar\/index.php\/2026\/09\/01\/como-esta-la-renovacion-de-scaloni-tras-la-despedida-de-messi-de-la-seleccion-y-la-baja-clave-que-puede-sufrir-el-cuerpo-tecnico\/","name":"C\u00f3mo est\u00e1 la renovaci\u00f3n de Scaloni tras la despedida de Messi de la Selecci\u00f3n y la baja clave que puede sufrir el cuerpo t\u00e9cnico - Lobos News","isPartOf":{"@id":"https:\/\/lobosnews.com.ar\/#website"},"primaryImageOfPage":{"@id":"https:\/\/lobosnews.com.ar\/index.php\/2026\/09\/01\/como-esta-la-renovacion-de-scaloni-tras-la-despedida-de-messi-de-la-seleccion-y-la-baja-clave-que-puede-sufrir-el-cuerpo-tecnico\/#primaryimage"},"image":{"@id":"https:\/\/lobosnews.com.ar\/index.php\/2026\/09\/01\/como-esta-la-renovacion-de-scaloni-tras-la-despedida-de-messi-de-la-seleccion-y-la-baja-clave-que-puede-sufrir-el-cuerpo-tecnico\/#primaryimage"},"thumbnailUrl":"https:\/\/lobosnews.com.ar\/wp-content\/uploads\/2026\/09\/como-esta-la-renovacion-de-scaloni-tras-la-despedida-de-messi-de-la-seleccion-y-la-baja-clave-que-puede-sufrir-el-cuerpo-tecnico.jpg","datePublished":"2026-09-01T06:34:45+00:00","dateModified":"2026-09-01T07:44:25+00:00","breadcrumb":{"@id":"https:\/\/lobosnews.com.ar\/index.php\/2026\/09\/01\/como-esta-la-renovacion-de-scaloni-tras-la-despedida-de-messi-de-la-seleccion-y-la-baja-clave-que-puede-sufrir-el-cuerpo-tecnico\/#breadcrumb"},"inLanguage":"es","potentialAction":[{"@type":"ReadAction","target":["https:\/\/lobosnews.com.ar\/index.php\/2026\/09\/01\/como-esta-la-renovacion-de-scaloni-tras-la-despedida-de-messi-de-la-seleccion-y-la-baja-clave-que-puede-sufrir-el-cuerpo-tecnico\/"]}]},{"@type":"ImageObject","inLanguage":"es","@id":"https:\/\/lobosnews.com.ar\/index.php\/2026\/09\/01\/como-esta-la-renovacion-de-scaloni-tras-la-despedida-de-messi-de-la-seleccion-y-la-baja-clave-que-puede-sufrir-el-cuerpo-tecnico\/#primaryimage","url":"https:\/\/lobosnews.com.ar\/wp-content\/uploads\/2026\/09\/como-esta-la-renovacion-de-scaloni-tras-la-despedida-de-messi-de-la-seleccion-y-la-baja-clave-que-puede-sufrir-el-cuerpo-tecnico.jpg","contentUrl":"https:\/\/lobosnews.com.ar\/wp-content\/uploads\/2026\/09\/como-esta-la-renovacion-de-scaloni-tras-la-despedida-de-messi-de-la-seleccion-y-la-baja-clave-que-puede-sufrir-el-cuerpo-tecnico.jpg","width":952,"height":536},{"@type":"BreadcrumbList","@id":"https:\/\/lobosnews.com.ar\/index.php\/2026\/09\/01\/como-esta-la-renovacion-de-scaloni-tras-la-despedida-de-messi-de-la-seleccion-y-la-baja-clave-que-puede-sufrir-el-cuerpo-tecnico\/#breadcrumb","itemListElement":[{"@type":"ListItem","position":1,"name":"Portada","item":"https:\/\/lobosnews.com.ar\/"},{"@type":"ListItem","position":2,"name":"C\u00f3mo est\u00e1 la renovaci\u00f3n de Scaloni tras la despedida de Messi de la Selecci\u00f3n y la baja clave que puede sufrir el cuerpo t\u00e9cnico"}]},{"@type":"WebSite","@id":"https:\/\/lobosnews.com.ar\/#website","url":"https:\/\/lobosnews.com.ar\/","name":"Lobos News","description":"Informaci\u00f3n a cada instante","publisher":{"@id":"https:\/\/lobosnews.com.ar\/#organization"},"potentialAction":[{"@type":"SearchAction","target":{"@type":"EntryPoint","urlTemplate":"https:\/\/lobosnews.com.ar\/?s={search_term_string}"},"query-input":{"@type":"PropertyValueSpecification","valueRequired":true,"valueName":"search_term_string"}}],"inLanguage":"es"},{"@type":"Organization","@id":"https:\/\/lobosnews.com.ar\/#organization","name":"Lobos News","url":"https:\/\/lobosnews.com.ar\/","logo":{"@type":"ImageObject","inLanguage":"es","@id":"https:\/\/lobosnews.com.ar\/#\/schema\/logo\/image\/","url":"https:\/\/lobosnews.com.ar\/wp-content\/uploads\/2026\/01\/logo-lobosnews.png","contentUrl":"https:\/\/lobosnews.com.ar\/wp-content\/uploads\/2026\/01\/logo-lobosnews.png","width":500,"height":200,"caption":"Lobos News"},"image":{"@id":"https:\/\/lobosnews.com.ar\/#\/schema\/logo\/image\/"}},{"@type":"Person","@id":"https:\/\/lobosnews.com.ar\/#\/schema\/person\/232422a593d5c541dd9aef6aaed10943","name":"admin","image":{"@type":"ImageObject","inLanguage":"es","@id":"https:\/\/secure.gravatar.com\/avatar\/76e419471a2083bc3ceab22a763dbbf9b0c1bd15a6214cf3280e2c2dde4580f9?s=96&d=mm&r=g","url":"https:\/\/secure.gravatar.com\/avatar\/76e419471a2083bc3ceab22a763dbbf9b0c1bd15a6214cf3280e2c2dde4580f9?s=96&d=mm&r=g","contentUrl":"https:\/\/secure.gravatar.com\/avatar\/76e419471a2083bc3ceab22a763dbbf9b0c1bd15a6214cf3280e2c2dde4580f9?s=96&d=mm&r=g","caption":"admin"},"sameAs":["https:\/\/lobosnews.com.ar"],"url":"https:\/\/lobosnews.com.ar\/index.php\/author\/lobos-news\/"}]}},"jetpack_featured_media_url":"","jetpack_sharing_enabled":true,"_links":{"self":[{"href":"https:\/\/lobosnews.com.ar\/index.php\/wp-json\/wp\/v2\/posts\/96059","targetHints":{"allow":["GET"]}}],"collection":[{"href":"https:\/\/lobosnews.com.ar\/index.php\/wp-json\/wp\/v2\/posts"}],"about":[{"href":"https:\/\/lobosnews.com.ar\/index.php\/wp-json\/wp\/v2\/types\/post"}],"author":[{"embeddable":true,"href":"https:\/\/lobosnews.com.ar\/index.php\/wp-json\/wp\/v2\/users\/1"}],"replies":[{"embeddable":true,"href":"https:\/\/lobosnews.com.ar\/index.php\/wp-json\/wp\/v2\/comments?post=96059"}],"version-history":[{"count":1,"href":"https:\/\/lobosnews.com.ar\/index.php\/wp-json\/wp\/v2\/posts\/96059\/revisions"}],"predecessor-version":[{"id":96062,"href":"https:\/\/lobosnews.com.ar\/index.php\/wp-json\/wp\/v2\/posts\/96059\/revisions\/96062"}],"wp:attachment":[{"href":"https:\/\/lobosnews.com.ar\/index.php\/wp-json\/wp\/v2\/media?parent=96059"}],"wp:term":[{"taxonomy":"category","embeddable":true,"href":"https:\/\/lobosnews.com.ar\/index.php\/wp-json\/wp\/v2\/categories?post=96059"},{"taxonomy":"post_tag","embeddable":true,"href":"https:\/\/lobosnews.com.ar\/index.php\/wp-json\/wp\/v2\/tags?post=96059"}],"curies":[{"name":"wp","href":"https:\/\/api.w.org\/{rel}","templated":true}]}}