{"id":96040,"date":"2026-08-31T18:06:21","date_gmt":"2026-08-31T18:06:21","guid":{"rendered":"https:\/\/lobosnews.com.ar\/?p=96040"},"modified":"2026-08-31T19:24:07","modified_gmt":"2026-08-31T19:24:07","slug":"la-tragedia-de-lapa-paso-a-paso-asi-fue-el-recorrido-judicial-del-caso","status":"publish","type":"post","link":"https:\/\/lobosnews.com.ar\/index.php\/2026\/08\/31\/la-tragedia-de-lapa-paso-a-paso-asi-fue-el-recorrido-judicial-del-caso\/","title":{"rendered":"La tragedia de LAPA: paso a paso, as\u00ed fue el recorrido judicial del caso"},"content":{"rendered":"<p><img fetchpriority=\"high\" decoding=\"async\" src=\"https:\/\/lobosnews.com.ar\/wp-content\/uploads\/2026\/08\/la-tragedia-de-lapa-paso-a-paso-asi-fue-el-recorrido-judicial-del-caso.jpg\" alt=\"La tragedia de LAPA: paso a paso, as\u00ed fue el recorrido judicial del caso\" height=\"1080\" width=\"1920\"\/><\/p>\n<p><span class=\"waslinkname\">A <b>25 a\u00f1os<\/b> de la tragedia de <b>LAPA<\/b>, la mayor cat\u00e1strofe a\u00e9rea de la Argentina, solo quedaron <b>dos<\/b> condenados con penas de <b>tres a\u00f1os<\/b> de prisi\u00f3n en suspenso por el accidente del 31 de agosto de 1999<\/span>, cuando un avi\u00f3n atraves\u00f3 la reja de Aeroparque, cruz\u00f3 la avenida Costanera y termin\u00f3 envuelto en fuego.<\/p>\n<p>El cierre judicial del caso dej\u00f3 fuera de una condena firme a los m\u00e1ximos responsables empresariales que hab\u00edan llegado al proceso. El 5 de agosto de 2014, la <b>Corte Suprema<\/b> declar\u00f3 abstracto el recurso extraordinario presentado por la querella y qued\u00f3 firme la prescripci\u00f3n de la acci\u00f3n penal respecto de Gustavo Andr\u00e9s Deutsch y Ronaldo Patricio Boyd.<\/p>\n<p>La causa hab\u00eda tenido su sentencia principal el 2 de febrero de 2010, cuando el Tribunal Oral Federal N\u00ba 4 de la Capital conden\u00f3 a Valerio Francisco Diehl, ex gerente de operaciones de LAPA, y a Gabriel Mar\u00eda Borsani, ex jefe de l\u00ednea de Boeing 737-200, como autores penalmente responsables del delito de estrago culposo agravado. La pena fue de tres a\u00f1os de prisi\u00f3n en suspenso, sin cumplimiento efectivo en la c\u00e1rcel.<\/p>\n<p>Ese mismo fallo absolvi\u00f3 a Nora Silvina Arzeno, Fabi\u00e1n Mario Chionetti, Boyd y Deutsch. Tambi\u00e9n sobresey\u00f3 por extinci\u00f3n de la acci\u00f3n penal por prescripci\u00f3n a Dami\u00e1n Carlos Peterson y Diego Alfonso Lentino.<\/p>\n<h2>La instancia de casaci\u00f3n confirm\u00f3 solo dos condenas y diluy\u00f3 el resto del caso<\/h2>\n<p>El 3 de mayo de 2011, por mayor\u00eda, la Sala IV de la C\u00e1mara Federal de Casaci\u00f3n Penal confirm\u00f3 \u00fanicamente las condenas contra Diehl y <b>Borsani<\/b>. Al mismo tiempo, suspendi\u00f3 el tr\u00e1mite de los recursos de casaci\u00f3n interpuestos por los acusadores sobre las absoluciones de Deutsch, presidente de la empresa, y Boyd, director general, y remiti\u00f3 esa parte del expediente al tribunal oral para que resolviera si la causa estaba prescripta.<\/p>\n<p>Esa decisi\u00f3n redujo la posibilidad de que ambos fueran condenados. M\u00e1s adelante, el tribunal declar\u00f3 prescripta la acci\u00f3n penal contra los dos como consecuencia de lo resuelto por la mayor\u00eda de la Sala IV.<\/p>\n<p>En esa discusi\u00f3n qued\u00f3 en minor\u00eda el juez <b>Gustavo Hornos<\/b>, que vot\u00f3 por elevar las penas impuestas a Diehl y Borsani hasta el m\u00e1ximo previsto para el delito y por revocar las absoluciones de Deutsch y Boyd para condenarlos como coautores de estrago a <b>4 a\u00f1os<\/b> de prisi\u00f3n. Tambi\u00e9n sostuvo que la acci\u00f3n penal no estaba prescripta y propuso rechazar el planteo de las defensas.<\/p>\n<p><img loading=\"lazy\" decoding=\"async\" src=\"https:\/\/lobosnews.com.ar\/wp-content\/uploads\/2026\/08\/la-tragedia-de-lapa-paso-a-paso-asi-fue-el-recorrido-judicial-del-caso-1.jpg\" alt=\"Tragedia de LAPA\" height=\"1080\" width=\"1920\"\/><\/p>\n<p>Seg\u00fan ese voto, si la postura minoritaria hubiera prevalecido, se habr\u00eda dictado la primera condena en la instancia de casaci\u00f3n de la historia judicial argentina. Hornos tambi\u00e9n consider\u00f3 que, por la gravedad del episodio, correspond\u00eda una pena de cumplimiento efectivo.<\/p>\n<p>El magistrado sostuvo: \u201cHay que insistir en el derecho de las v\u00edctimas a obtener una estricta justicia en los casos en que fueron damnificadas. Porque, adem\u00e1s, ocurre que la comunidad toda se intranquiliza, cuando se entera, en gran medida por fallos que deben dictarse como en la especie aqu\u00ed examinada, que el Estado no cumple adecuadamente y con el rigor necesario y pertinente a la naturaleza de un hecho como el que se juzga en estas actuaciones, con su principal misi\u00f3n protectora a trav\u00e9s del derecho, ni asegura la inalterabilidad del orden jur\u00eddico, ni crea una conciencia de seguridad general que haga posible a todos los habitantes del pa\u00eds el libre desarrollo de su personalidad y de su accionar, en nuestro caso, con las elementales garant\u00edas de seguridad que el transporte, en particular el a\u00e9reo, exige. Lo que implica, en definitiva, el debido control de esa actividad, y, cuando suceden tragedias como la aqu\u00ed investigada, el serio y legal juicio a los responsables penales con las consiguientes penas de prisi\u00f3n que correspondan\u201d.<\/p>\n<h2>La prescripci\u00f3n cerr\u00f3 la posibilidad de juzgar a Deutsch y Boyd<\/h2>\n<p>La discusi\u00f3n sobre la prescripci\u00f3n qued\u00f3 atravesada por nuevos pronunciamientos judiciales. La declaraci\u00f3n de prescripci\u00f3n respecto de <b>Deutsch<\/b> y Boyd fue confirmada por los jueces subrogantes Gemignani y Figueroa, mientras Borinsky se inclin\u00f3 por esperar que la Corte Suprema resolviera un planteo de la Asociaci\u00f3n Civil de V\u00edctimas A\u00e9reas.<\/p>\n<p>La resoluci\u00f3n final del m\u00e1ximo tribunal, en 2014, dej\u00f3 firme esa salida procesal. Desde entonces, el expediente qued\u00f3 con solo dos condenas, ambas sin prisi\u00f3n efectiva, pese a que el caso correspond\u00eda a la mayor tragedia a\u00e9rea ocurrida en el pa\u00eds.<\/p>\n<p>El hecho que dio origen a la causa ocurri\u00f3 el 31 de agosto de 1999. Aquel d\u00eda, un avi\u00f3n de LAPA atraves\u00f3 la reja de Aeroparque, cruz\u00f3 la avenida Costanera y se convirti\u00f3 en una bola de fuego.<\/p>\n","protected":false},"excerpt":{"rendered":"<p>A 25 a\u00f1os de la tragedia de LAPA, la mayor cat\u00e1strofe a\u00e9rea de la Argentina, solo quedaron dos condenados con penas de tres a\u00f1os de prisi\u00f3n en suspenso por el accidente del 31 de agosto de 1999, cuando un avi\u00f3n atraves\u00f3 la reja de Aeroparque, cruz\u00f3 la avenida Costanera y termin\u00f3 envuelto en fuego. El&#8230;<\/p>\n","protected":false},"author":1,"featured_media":96044,"comment_status":"open","ping_status":"closed","sticky":false,"template":"","format":"standard","meta":{"_jetpack_newsletter_access":"","_jetpack_dont_email_post_to_subs":false,"_jetpack_newsletter_tier_id":0,"_jetpack_memberships_contains_paywalled_content":false,"_jetpack_memberships_contains_paid_content":false,"footnotes":"","jetpack_post_was_ever_published":false},"categories":[31,30,32,77,84,35,36,37],"tags":[],"class_list":["post-96040","post","type-post","status-publish","format-standard","has-post-thumbnail","hentry","category-actualidad","category-argentina","category-economia","category-inseguridad","category-masradios-com","category-nacionales","category-seguridad","category-sociedad"],"magazineBlocksPostFeaturedMedia":{"thumbnail":"https:\/\/lobosnews.com.ar\/wp-content\/uploads\/2026\/08\/la-tragedia-de-lapa-paso-a-paso-asi-fue-el-recorrido-judicial-del-caso-2-150x150.jpg","medium":"https:\/\/lobosnews.com.ar\/wp-content\/uploads\/2026\/08\/la-tragedia-de-lapa-paso-a-paso-asi-fue-el-recorrido-judicial-del-caso-2-300x169.jpg","medium_large":"https:\/\/lobosnews.com.ar\/wp-content\/uploads\/2026\/08\/la-tragedia-de-lapa-paso-a-paso-asi-fue-el-recorrido-judicial-del-caso-2-768x432.jpg","large":"https:\/\/lobosnews.com.ar\/wp-content\/uploads\/2026\/08\/la-tragedia-de-lapa-paso-a-paso-asi-fue-el-recorrido-judicial-del-caso-2-1024x576.jpg","1536x1536":"https:\/\/lobosnews.com.ar\/wp-content\/uploads\/2026\/08\/la-tragedia-de-lapa-paso-a-paso-asi-fue-el-recorrido-judicial-del-caso-2-1536x864.jpg","2048x2048":"https:\/\/lobosnews.com.ar\/wp-content\/uploads\/2026\/08\/la-tragedia-de-lapa-paso-a-paso-asi-fue-el-recorrido-judicial-del-caso-2.jpg","newsmatic-featured":"https:\/\/lobosnews.com.ar\/wp-content\/uploads\/2026\/08\/la-tragedia-de-lapa-paso-a-paso-asi-fue-el-recorrido-judicial-del-caso-2-820x545.jpg","newsmatic-list":"https:\/\/lobosnews.com.ar\/wp-content\/uploads\/2026\/08\/la-tragedia-de-lapa-paso-a-paso-asi-fue-el-recorrido-judicial-del-caso-2-600x400.jpg","newsmatic-thumb":"https:\/\/lobosnews.com.ar\/wp-content\/uploads\/2026\/08\/la-tragedia-de-lapa-paso-a-paso-asi-fue-el-recorrido-judicial-del-caso-2-300x200.jpg","newsmatic-small":"https:\/\/lobosnews.com.ar\/wp-content\/uploads\/2026\/08\/la-tragedia-de-lapa-paso-a-paso-asi-fue-el-recorrido-judicial-del-caso-2-150x95.jpg","newsmatic-grid":"https:\/\/lobosnews.com.ar\/wp-content\/uploads\/2026\/08\/la-tragedia-de-lapa-paso-a-paso-asi-fue-el-recorrido-judicial-del-caso-2-400x250.jpg"},"magazineBlocksPostAuthor":{"name":"admin","avatar":"https:\/\/secure.gravatar.com\/avatar\/76e419471a2083bc3ceab22a763dbbf9b0c1bd15a6214cf3280e2c2dde4580f9?s=96&d=mm&r=g"},"magazineBlocksPostCommentsNumber":"0","magazineBlocksPostExcerpt":"A 25 a\u00f1os de la tragedia de LAPA, la mayor cat\u00e1strofe a\u00e9rea de la Argentina, solo quedaron dos condenados con penas de tres a\u00f1os de prisi\u00f3n en suspenso por el accidente del 31 de agosto de 1999, cuando un avi\u00f3n atraves\u00f3 la reja de Aeroparque, cruz\u00f3 la avenida Costanera y termin\u00f3 envuelto en fuego. El...","magazineBlocksPostCategories":["Actualidad","Argentina","econom\u00eda","inseguridad","masradios.com","nacionales","seguridad","sociedad"],"magazineBlocksPostViewCount":39,"magazineBlocksPostReadTime":5,"magazine_blocks_featured_image_url":{"full":["https:\/\/lobosnews.com.ar\/wp-content\/uploads\/2026\/08\/la-tragedia-de-lapa-paso-a-paso-asi-fue-el-recorrido-judicial-del-caso-2.jpg",1920,1080,false],"medium":["https:\/\/lobosnews.com.ar\/wp-content\/uploads\/2026\/08\/la-tragedia-de-lapa-paso-a-paso-asi-fue-el-recorrido-judicial-del-caso-2-300x169.jpg",300,169,true],"thumbnail":["https:\/\/lobosnews.com.ar\/wp-content\/uploads\/2026\/08\/la-tragedia-de-lapa-paso-a-paso-asi-fue-el-recorrido-judicial-del-caso-2-150x150.jpg",150,150,true]},"magazine_blocks_author":{"display_name":"admin","author_link":"https:\/\/lobosnews.com.ar\/index.php\/author\/lobos-news\/"},"magazine_blocks_comment":0,"magazine_blocks_author_image":"https:\/\/secure.gravatar.com\/avatar\/76e419471a2083bc3ceab22a763dbbf9b0c1bd15a6214cf3280e2c2dde4580f9?s=96&d=mm&r=g","magazine_blocks_category":"<a href=\"#\" class=\"category-link category-link-31\">Actualidad<\/a> <a href=\"#\" class=\"category-link category-link-30\">Argentina<\/a> <a href=\"#\" class=\"category-link category-link-32\">econom\u00eda<\/a> <a href=\"#\" class=\"category-link category-link-77\">inseguridad<\/a> <a href=\"#\" class=\"category-link category-link-84\">masradios.com<\/a> <a href=\"#\" class=\"category-link category-link-35\">nacionales<\/a> <a href=\"#\" class=\"category-link category-link-36\">seguridad<\/a> <a href=\"#\" class=\"category-link category-link-37\">sociedad<\/a>","yoast_head":"<!-- This site is optimized with the Yoast SEO plugin v28.0 - https:\/\/yoast.com\/product\/yoast-seo-wordpress\/ -->\n<title>La tragedia de LAPA: paso a paso, as\u00ed fue el recorrido judicial del caso - Lobos News<\/title>\n<meta name=\"robots\" content=\"index, follow, max-snippet:-1, max-image-preview:large, max-video-preview:-1\" \/>\n<link rel=\"canonical\" href=\"https:\/\/lobosnews.com.ar\/index.php\/2026\/08\/31\/la-tragedia-de-lapa-paso-a-paso-asi-fue-el-recorrido-judicial-del-caso\/\" \/>\n<meta property=\"og:locale\" content=\"es_ES\" \/>\n<meta property=\"og:type\" content=\"article\" \/>\n<meta property=\"og:title\" content=\"La tragedia de LAPA: paso a paso, as\u00ed fue el recorrido judicial del caso - Lobos News\" \/>\n<meta property=\"og:description\" content=\"A 25 a\u00f1os de la tragedia de LAPA, la mayor cat\u00e1strofe a\u00e9rea de la Argentina, solo quedaron dos condenados con penas de tres a\u00f1os de prisi\u00f3n en suspenso por el accidente del 31 de agosto de 1999, cuando un avi\u00f3n atraves\u00f3 la reja de Aeroparque, cruz\u00f3 la avenida Costanera y termin\u00f3 envuelto en fuego. El...\" \/>\n<meta property=\"og:url\" content=\"https:\/\/lobosnews.com.ar\/index.php\/2026\/08\/31\/la-tragedia-de-lapa-paso-a-paso-asi-fue-el-recorrido-judicial-del-caso\/\" \/>\n<meta property=\"og:site_name\" content=\"Lobos News\" \/>\n<meta property=\"article:published_time\" content=\"2026-08-31T18:06:21+00:00\" \/>\n<meta property=\"article:modified_time\" content=\"2026-08-31T19:24:07+00:00\" \/>\n<meta property=\"og:image\" content=\"https:\/\/lobosnews.com.ar\/wp-content\/uploads\/2026\/08\/la-tragedia-de-lapa-paso-a-paso-asi-fue-el-recorrido-judicial-del-caso-2.jpg\" \/>\n\t<meta property=\"og:image:width\" content=\"1920\" \/>\n\t<meta property=\"og:image:height\" content=\"1080\" \/>\n\t<meta property=\"og:image:type\" content=\"image\/jpeg\" \/>\n<meta name=\"author\" content=\"admin\" \/>\n<meta name=\"twitter:card\" content=\"summary_large_image\" \/>\n<meta name=\"twitter:label1\" content=\"Escrito por\" \/>\n\t<meta name=\"twitter:data1\" content=\"admin\" \/>\n\t<meta name=\"twitter:label2\" content=\"Tiempo de lectura\" \/>\n\t<meta name=\"twitter:data2\" content=\"4 minutos\" \/>\n<script type=\"application\/ld+json\" class=\"yoast-schema-graph\">{\"@context\":\"https:\\\/\\\/schema.org\",\"@graph\":[{\"@type\":\"Article\",\"@id\":\"https:\\\/\\\/lobosnews.com.ar\\\/index.php\\\/2026\\\/08\\\/31\\\/la-tragedia-de-lapa-paso-a-paso-asi-fue-el-recorrido-judicial-del-caso\\\/#article\",\"isPartOf\":{\"@id\":\"https:\\\/\\\/lobosnews.com.ar\\\/index.php\\\/2026\\\/08\\\/31\\\/la-tragedia-de-lapa-paso-a-paso-asi-fue-el-recorrido-judicial-del-caso\\\/\"},\"author\":{\"name\":\"admin\",\"@id\":\"https:\\\/\\\/lobosnews.com.ar\\\/#\\\/schema\\\/person\\\/232422a593d5c541dd9aef6aaed10943\"},\"headline\":\"La tragedia de LAPA: paso a paso, as\u00ed fue el recorrido judicial del caso\",\"datePublished\":\"2026-08-31T18:06:21+00:00\",\"dateModified\":\"2026-08-31T19:24:07+00:00\",\"mainEntityOfPage\":{\"@id\":\"https:\\\/\\\/lobosnews.com.ar\\\/index.php\\\/2026\\\/08\\\/31\\\/la-tragedia-de-lapa-paso-a-paso-asi-fue-el-recorrido-judicial-del-caso\\\/\"},\"wordCount\":820,\"commentCount\":0,\"publisher\":{\"@id\":\"https:\\\/\\\/lobosnews.com.ar\\\/#organization\"},\"image\":{\"@id\":\"https:\\\/\\\/lobosnews.com.ar\\\/index.php\\\/2026\\\/08\\\/31\\\/la-tragedia-de-lapa-paso-a-paso-asi-fue-el-recorrido-judicial-del-caso\\\/#primaryimage\"},\"thumbnailUrl\":\"https:\\\/\\\/lobosnews.com.ar\\\/wp-content\\\/uploads\\\/2026\\\/08\\\/la-tragedia-de-lapa-paso-a-paso-asi-fue-el-recorrido-judicial-del-caso-2.jpg\",\"articleSection\":[\"Actualidad\",\"Argentina\",\"econom\u00eda\",\"inseguridad\",\"masradios.com\",\"nacionales\",\"seguridad\",\"sociedad\"],\"inLanguage\":\"es\",\"potentialAction\":[{\"@type\":\"CommentAction\",\"name\":\"Comment\",\"target\":[\"https:\\\/\\\/lobosnews.com.ar\\\/index.php\\\/2026\\\/08\\\/31\\\/la-tragedia-de-lapa-paso-a-paso-asi-fue-el-recorrido-judicial-del-caso\\\/#respond\"]}]},{\"@type\":\"WebPage\",\"@id\":\"https:\\\/\\\/lobosnews.com.ar\\\/index.php\\\/2026\\\/08\\\/31\\\/la-tragedia-de-lapa-paso-a-paso-asi-fue-el-recorrido-judicial-del-caso\\\/\",\"url\":\"https:\\\/\\\/lobosnews.com.ar\\\/index.php\\\/2026\\\/08\\\/31\\\/la-tragedia-de-lapa-paso-a-paso-asi-fue-el-recorrido-judicial-del-caso\\\/\",\"name\":\"La tragedia de LAPA: paso a paso, as\u00ed fue el recorrido judicial del caso - Lobos News\",\"isPartOf\":{\"@id\":\"https:\\\/\\\/lobosnews.com.ar\\\/#website\"},\"primaryImageOfPage\":{\"@id\":\"https:\\\/\\\/lobosnews.com.ar\\\/index.php\\\/2026\\\/08\\\/31\\\/la-tragedia-de-lapa-paso-a-paso-asi-fue-el-recorrido-judicial-del-caso\\\/#primaryimage\"},\"image\":{\"@id\":\"https:\\\/\\\/lobosnews.com.ar\\\/index.php\\\/2026\\\/08\\\/31\\\/la-tragedia-de-lapa-paso-a-paso-asi-fue-el-recorrido-judicial-del-caso\\\/#primaryimage\"},\"thumbnailUrl\":\"https:\\\/\\\/lobosnews.com.ar\\\/wp-content\\\/uploads\\\/2026\\\/08\\\/la-tragedia-de-lapa-paso-a-paso-asi-fue-el-recorrido-judicial-del-caso-2.jpg\",\"datePublished\":\"2026-08-31T18:06:21+00:00\",\"dateModified\":\"2026-08-31T19:24:07+00:00\",\"breadcrumb\":{\"@id\":\"https:\\\/\\\/lobosnews.com.ar\\\/index.php\\\/2026\\\/08\\\/31\\\/la-tragedia-de-lapa-paso-a-paso-asi-fue-el-recorrido-judicial-del-caso\\\/#breadcrumb\"},\"inLanguage\":\"es\",\"potentialAction\":[{\"@type\":\"ReadAction\",\"target\":[\"https:\\\/\\\/lobosnews.com.ar\\\/index.php\\\/2026\\\/08\\\/31\\\/la-tragedia-de-lapa-paso-a-paso-asi-fue-el-recorrido-judicial-del-caso\\\/\"]}]},{\"@type\":\"ImageObject\",\"inLanguage\":\"es\",\"@id\":\"https:\\\/\\\/lobosnews.com.ar\\\/index.php\\\/2026\\\/08\\\/31\\\/la-tragedia-de-lapa-paso-a-paso-asi-fue-el-recorrido-judicial-del-caso\\\/#primaryimage\",\"url\":\"https:\\\/\\\/lobosnews.com.ar\\\/wp-content\\\/uploads\\\/2026\\\/08\\\/la-tragedia-de-lapa-paso-a-paso-asi-fue-el-recorrido-judicial-del-caso-2.jpg\",\"contentUrl\":\"https:\\\/\\\/lobosnews.com.ar\\\/wp-content\\\/uploads\\\/2026\\\/08\\\/la-tragedia-de-lapa-paso-a-paso-asi-fue-el-recorrido-judicial-del-caso-2.jpg\",\"width\":1920,\"height\":1080,\"caption\":\"La tragedia de LAPA: paso a paso, as\u00ed fue el recorrido judicial del caso\"},{\"@type\":\"BreadcrumbList\",\"@id\":\"https:\\\/\\\/lobosnews.com.ar\\\/index.php\\\/2026\\\/08\\\/31\\\/la-tragedia-de-lapa-paso-a-paso-asi-fue-el-recorrido-judicial-del-caso\\\/#breadcrumb\",\"itemListElement\":[{\"@type\":\"ListItem\",\"position\":1,\"name\":\"Portada\",\"item\":\"https:\\\/\\\/lobosnews.com.ar\\\/\"},{\"@type\":\"ListItem\",\"position\":2,\"name\":\"La tragedia de LAPA: paso a paso, as\u00ed fue el recorrido judicial del caso\"}]},{\"@type\":\"WebSite\",\"@id\":\"https:\\\/\\\/lobosnews.com.ar\\\/#website\",\"url\":\"https:\\\/\\\/lobosnews.com.ar\\\/\",\"name\":\"Lobos News\",\"description\":\"Informaci\u00f3n a cada instante\",\"publisher\":{\"@id\":\"https:\\\/\\\/lobosnews.com.ar\\\/#organization\"},\"potentialAction\":[{\"@type\":\"SearchAction\",\"target\":{\"@type\":\"EntryPoint\",\"urlTemplate\":\"https:\\\/\\\/lobosnews.com.ar\\\/?s={search_term_string}\"},\"query-input\":{\"@type\":\"PropertyValueSpecification\",\"valueRequired\":true,\"valueName\":\"search_term_string\"}}],\"inLanguage\":\"es\"},{\"@type\":\"Organization\",\"@id\":\"https:\\\/\\\/lobosnews.com.ar\\\/#organization\",\"name\":\"Lobos News\",\"url\":\"https:\\\/\\\/lobosnews.com.ar\\\/\",\"logo\":{\"@type\":\"ImageObject\",\"inLanguage\":\"es\",\"@id\":\"https:\\\/\\\/lobosnews.com.ar\\\/#\\\/schema\\\/logo\\\/image\\\/\",\"url\":\"https:\\\/\\\/lobosnews.com.ar\\\/wp-content\\\/uploads\\\/2026\\\/01\\\/logo-lobosnews.png\",\"contentUrl\":\"https:\\\/\\\/lobosnews.com.ar\\\/wp-content\\\/uploads\\\/2026\\\/01\\\/logo-lobosnews.png\",\"width\":500,\"height\":200,\"caption\":\"Lobos News\"},\"image\":{\"@id\":\"https:\\\/\\\/lobosnews.com.ar\\\/#\\\/schema\\\/logo\\\/image\\\/\"}},{\"@type\":\"Person\",\"@id\":\"https:\\\/\\\/lobosnews.com.ar\\\/#\\\/schema\\\/person\\\/232422a593d5c541dd9aef6aaed10943\",\"name\":\"admin\",\"image\":{\"@type\":\"ImageObject\",\"inLanguage\":\"es\",\"@id\":\"https:\\\/\\\/secure.gravatar.com\\\/avatar\\\/76e419471a2083bc3ceab22a763dbbf9b0c1bd15a6214cf3280e2c2dde4580f9?s=96&d=mm&r=g\",\"url\":\"https:\\\/\\\/secure.gravatar.com\\\/avatar\\\/76e419471a2083bc3ceab22a763dbbf9b0c1bd15a6214cf3280e2c2dde4580f9?s=96&d=mm&r=g\",\"contentUrl\":\"https:\\\/\\\/secure.gravatar.com\\\/avatar\\\/76e419471a2083bc3ceab22a763dbbf9b0c1bd15a6214cf3280e2c2dde4580f9?s=96&d=mm&r=g\",\"caption\":\"admin\"},\"sameAs\":[\"https:\\\/\\\/lobosnews.com.ar\"],\"url\":\"https:\\\/\\\/lobosnews.com.ar\\\/index.php\\\/author\\\/lobos-news\\\/\"}]}<\/script>\n<!-- \/ Yoast SEO plugin. -->","yoast_head_json":{"title":"La tragedia de LAPA: paso a paso, as\u00ed fue el recorrido judicial del caso - Lobos News","robots":{"index":"index","follow":"follow","max-snippet":"max-snippet:-1","max-image-preview":"max-image-preview:large","max-video-preview":"max-video-preview:-1"},"canonical":"https:\/\/lobosnews.com.ar\/index.php\/2026\/08\/31\/la-tragedia-de-lapa-paso-a-paso-asi-fue-el-recorrido-judicial-del-caso\/","og_locale":"es_ES","og_type":"article","og_title":"La tragedia de LAPA: paso a paso, as\u00ed fue el recorrido judicial del caso - Lobos News","og_description":"A 25 a\u00f1os de la tragedia de LAPA, la mayor cat\u00e1strofe a\u00e9rea de la Argentina, solo quedaron dos condenados con penas de tres a\u00f1os de prisi\u00f3n en suspenso por el accidente del 31 de agosto de 1999, cuando un avi\u00f3n atraves\u00f3 la reja de Aeroparque, cruz\u00f3 la avenida Costanera y termin\u00f3 envuelto en fuego. El...","og_url":"https:\/\/lobosnews.com.ar\/index.php\/2026\/08\/31\/la-tragedia-de-lapa-paso-a-paso-asi-fue-el-recorrido-judicial-del-caso\/","og_site_name":"Lobos News","article_published_time":"2026-08-31T18:06:21+00:00","article_modified_time":"2026-08-31T19:24:07+00:00","og_image":[{"width":1920,"height":1080,"url":"https:\/\/lobosnews.com.ar\/wp-content\/uploads\/2026\/08\/la-tragedia-de-lapa-paso-a-paso-asi-fue-el-recorrido-judicial-del-caso-2.jpg","type":"image\/jpeg"}],"author":"admin","twitter_card":"summary_large_image","twitter_misc":{"Escrito por":"admin","Tiempo de lectura":"4 minutos"},"schema":{"@context":"https:\/\/schema.org","@graph":[{"@type":"Article","@id":"https:\/\/lobosnews.com.ar\/index.php\/2026\/08\/31\/la-tragedia-de-lapa-paso-a-paso-asi-fue-el-recorrido-judicial-del-caso\/#article","isPartOf":{"@id":"https:\/\/lobosnews.com.ar\/index.php\/2026\/08\/31\/la-tragedia-de-lapa-paso-a-paso-asi-fue-el-recorrido-judicial-del-caso\/"},"author":{"name":"admin","@id":"https:\/\/lobosnews.com.ar\/#\/schema\/person\/232422a593d5c541dd9aef6aaed10943"},"headline":"La tragedia de LAPA: paso a paso, as\u00ed fue el recorrido judicial del caso","datePublished":"2026-08-31T18:06:21+00:00","dateModified":"2026-08-31T19:24:07+00:00","mainEntityOfPage":{"@id":"https:\/\/lobosnews.com.ar\/index.php\/2026\/08\/31\/la-tragedia-de-lapa-paso-a-paso-asi-fue-el-recorrido-judicial-del-caso\/"},"wordCount":820,"commentCount":0,"publisher":{"@id":"https:\/\/lobosnews.com.ar\/#organization"},"image":{"@id":"https:\/\/lobosnews.com.ar\/index.php\/2026\/08\/31\/la-tragedia-de-lapa-paso-a-paso-asi-fue-el-recorrido-judicial-del-caso\/#primaryimage"},"thumbnailUrl":"https:\/\/lobosnews.com.ar\/wp-content\/uploads\/2026\/08\/la-tragedia-de-lapa-paso-a-paso-asi-fue-el-recorrido-judicial-del-caso-2.jpg","articleSection":["Actualidad","Argentina","econom\u00eda","inseguridad","masradios.com","nacionales","seguridad","sociedad"],"inLanguage":"es","potentialAction":[{"@type":"CommentAction","name":"Comment","target":["https:\/\/lobosnews.com.ar\/index.php\/2026\/08\/31\/la-tragedia-de-lapa-paso-a-paso-asi-fue-el-recorrido-judicial-del-caso\/#respond"]}]},{"@type":"WebPage","@id":"https:\/\/lobosnews.com.ar\/index.php\/2026\/08\/31\/la-tragedia-de-lapa-paso-a-paso-asi-fue-el-recorrido-judicial-del-caso\/","url":"https:\/\/lobosnews.com.ar\/index.php\/2026\/08\/31\/la-tragedia-de-lapa-paso-a-paso-asi-fue-el-recorrido-judicial-del-caso\/","name":"La tragedia de LAPA: paso a paso, as\u00ed fue el recorrido judicial del caso - Lobos News","isPartOf":{"@id":"https:\/\/lobosnews.com.ar\/#website"},"primaryImageOfPage":{"@id":"https:\/\/lobosnews.com.ar\/index.php\/2026\/08\/31\/la-tragedia-de-lapa-paso-a-paso-asi-fue-el-recorrido-judicial-del-caso\/#primaryimage"},"image":{"@id":"https:\/\/lobosnews.com.ar\/index.php\/2026\/08\/31\/la-tragedia-de-lapa-paso-a-paso-asi-fue-el-recorrido-judicial-del-caso\/#primaryimage"},"thumbnailUrl":"https:\/\/lobosnews.com.ar\/wp-content\/uploads\/2026\/08\/la-tragedia-de-lapa-paso-a-paso-asi-fue-el-recorrido-judicial-del-caso-2.jpg","datePublished":"2026-08-31T18:06:21+00:00","dateModified":"2026-08-31T19:24:07+00:00","breadcrumb":{"@id":"https:\/\/lobosnews.com.ar\/index.php\/2026\/08\/31\/la-tragedia-de-lapa-paso-a-paso-asi-fue-el-recorrido-judicial-del-caso\/#breadcrumb"},"inLanguage":"es","potentialAction":[{"@type":"ReadAction","target":["https:\/\/lobosnews.com.ar\/index.php\/2026\/08\/31\/la-tragedia-de-lapa-paso-a-paso-asi-fue-el-recorrido-judicial-del-caso\/"]}]},{"@type":"ImageObject","inLanguage":"es","@id":"https:\/\/lobosnews.com.ar\/index.php\/2026\/08\/31\/la-tragedia-de-lapa-paso-a-paso-asi-fue-el-recorrido-judicial-del-caso\/#primaryimage","url":"https:\/\/lobosnews.com.ar\/wp-content\/uploads\/2026\/08\/la-tragedia-de-lapa-paso-a-paso-asi-fue-el-recorrido-judicial-del-caso-2.jpg","contentUrl":"https:\/\/lobosnews.com.ar\/wp-content\/uploads\/2026\/08\/la-tragedia-de-lapa-paso-a-paso-asi-fue-el-recorrido-judicial-del-caso-2.jpg","width":1920,"height":1080,"caption":"La tragedia de LAPA: paso a paso, as\u00ed fue el recorrido judicial del caso"},{"@type":"BreadcrumbList","@id":"https:\/\/lobosnews.com.ar\/index.php\/2026\/08\/31\/la-tragedia-de-lapa-paso-a-paso-asi-fue-el-recorrido-judicial-del-caso\/#breadcrumb","itemListElement":[{"@type":"ListItem","position":1,"name":"Portada","item":"https:\/\/lobosnews.com.ar\/"},{"@type":"ListItem","position":2,"name":"La tragedia de LAPA: paso a paso, as\u00ed fue el recorrido judicial del caso"}]},{"@type":"WebSite","@id":"https:\/\/lobosnews.com.ar\/#website","url":"https:\/\/lobosnews.com.ar\/","name":"Lobos News","description":"Informaci\u00f3n a cada instante","publisher":{"@id":"https:\/\/lobosnews.com.ar\/#organization"},"potentialAction":[{"@type":"SearchAction","target":{"@type":"EntryPoint","urlTemplate":"https:\/\/lobosnews.com.ar\/?s={search_term_string}"},"query-input":{"@type":"PropertyValueSpecification","valueRequired":true,"valueName":"search_term_string"}}],"inLanguage":"es"},{"@type":"Organization","@id":"https:\/\/lobosnews.com.ar\/#organization","name":"Lobos News","url":"https:\/\/lobosnews.com.ar\/","logo":{"@type":"ImageObject","inLanguage":"es","@id":"https:\/\/lobosnews.com.ar\/#\/schema\/logo\/image\/","url":"https:\/\/lobosnews.com.ar\/wp-content\/uploads\/2026\/01\/logo-lobosnews.png","contentUrl":"https:\/\/lobosnews.com.ar\/wp-content\/uploads\/2026\/01\/logo-lobosnews.png","width":500,"height":200,"caption":"Lobos News"},"image":{"@id":"https:\/\/lobosnews.com.ar\/#\/schema\/logo\/image\/"}},{"@type":"Person","@id":"https:\/\/lobosnews.com.ar\/#\/schema\/person\/232422a593d5c541dd9aef6aaed10943","name":"admin","image":{"@type":"ImageObject","inLanguage":"es","@id":"https:\/\/secure.gravatar.com\/avatar\/76e419471a2083bc3ceab22a763dbbf9b0c1bd15a6214cf3280e2c2dde4580f9?s=96&d=mm&r=g","url":"https:\/\/secure.gravatar.com\/avatar\/76e419471a2083bc3ceab22a763dbbf9b0c1bd15a6214cf3280e2c2dde4580f9?s=96&d=mm&r=g","contentUrl":"https:\/\/secure.gravatar.com\/avatar\/76e419471a2083bc3ceab22a763dbbf9b0c1bd15a6214cf3280e2c2dde4580f9?s=96&d=mm&r=g","caption":"admin"},"sameAs":["https:\/\/lobosnews.com.ar"],"url":"https:\/\/lobosnews.com.ar\/index.php\/author\/lobos-news\/"}]}},"jetpack_featured_media_url":"https:\/\/lobosnews.com.ar\/wp-content\/uploads\/2026\/08\/la-tragedia-de-lapa-paso-a-paso-asi-fue-el-recorrido-judicial-del-caso-2.jpg","jetpack_sharing_enabled":true,"_links":{"self":[{"href":"https:\/\/lobosnews.com.ar\/index.php\/wp-json\/wp\/v2\/posts\/96040","targetHints":{"allow":["GET"]}}],"collection":[{"href":"https:\/\/lobosnews.com.ar\/index.php\/wp-json\/wp\/v2\/posts"}],"about":[{"href":"https:\/\/lobosnews.com.ar\/index.php\/wp-json\/wp\/v2\/types\/post"}],"author":[{"embeddable":true,"href":"https:\/\/lobosnews.com.ar\/index.php\/wp-json\/wp\/v2\/users\/1"}],"replies":[{"embeddable":true,"href":"https:\/\/lobosnews.com.ar\/index.php\/wp-json\/wp\/v2\/comments?post=96040"}],"version-history":[{"count":1,"href":"https:\/\/lobosnews.com.ar\/index.php\/wp-json\/wp\/v2\/posts\/96040\/revisions"}],"predecessor-version":[{"id":96043,"href":"https:\/\/lobosnews.com.ar\/index.php\/wp-json\/wp\/v2\/posts\/96040\/revisions\/96043"}],"wp:featuredmedia":[{"embeddable":true,"href":"https:\/\/lobosnews.com.ar\/index.php\/wp-json\/wp\/v2\/media\/96044"}],"wp:attachment":[{"href":"https:\/\/lobosnews.com.ar\/index.php\/wp-json\/wp\/v2\/media?parent=96040"}],"wp:term":[{"taxonomy":"category","embeddable":true,"href":"https:\/\/lobosnews.com.ar\/index.php\/wp-json\/wp\/v2\/categories?post=96040"},{"taxonomy":"post_tag","embeddable":true,"href":"https:\/\/lobosnews.com.ar\/index.php\/wp-json\/wp\/v2\/tags?post=96040"}],"curies":[{"name":"wp","href":"https:\/\/api.w.org\/{rel}","templated":true}]}}