{"id":9601,"date":"2026-01-21T13:01:49","date_gmt":"2026-01-21T13:01:49","guid":{"rendered":"https:\/\/lobosnews.com.ar\/index.php\/2026\/01\/21\/nuevo-parte-bastian-paso-la-noche-sin-fiebre-y-con-respiraciones-espontaneas\/"},"modified":"2026-01-21T14:35:14","modified_gmt":"2026-01-21T14:35:14","slug":"nuevo-parte-bastian-paso-la-noche-sin-fiebre-y-con-respiraciones-espontaneas","status":"publish","type":"post","link":"https:\/\/lobosnews.com.ar\/index.php\/2026\/01\/21\/nuevo-parte-bastian-paso-la-noche-sin-fiebre-y-con-respiraciones-espontaneas\/","title":{"rendered":"Nuevo parte: Basti\u00e1n pas\u00f3 la noche sin fiebre y con respiraciones espont\u00e1neas"},"content":{"rendered":"<p><img fetchpriority=\"high\" decoding=\"async\" src=\"https:\/\/lobosnews.com.ar\/wp-content\/uploads\/2026\/01\/nuevo-parte-bastian-paso-la-noche-sin-fiebre-y-con-respiraciones-espontaneas.jpg\" alt=\"Bastian, el nene de 8 a\u00f1os que sigue en estado cr\u00edtico tras el accidente en La Frontera \" height=\"1080\" width=\"1920\"\/><\/p>\n<p>Un nuevo parte m\u00e9dico revel\u00f3 c\u00f3mo sigue la salud de <span class=\"waslinkname\"><b>Bastian<\/b><\/span>, el nene de 8 a\u00f1os que sufri\u00f3 <span class=\"waslinkname\"><b>graves heridas<\/b> tras un brutal choque en Pinamar<\/span>, contin\u00faa en estado cr\u00edtico, aunque present\u00f3 <b>una leve mejor\u00eda<\/b>. <\/p>\n<p>El Hospital Provincial Materno Infantil \u201cVictorio Tetamanti\u201d inform\u00f3 que, tras someterlo a una quinta operaci\u00f3n, el menor permanece estable en los aspectos cl\u00ednicos y hemodin\u00e1micos, con respiraci\u00f3n asistida y sin necesidad de medicaci\u00f3n para sostener la presi\u00f3n arterial.<\/p>\n<p>\u201cEst\u00e1 afebril, present\u00e1ndo respiraciones espont\u00e1neas y respuesta parcial a est\u00edmulos\u201d, detall\u00f3 en un comunicado el Ministerio de Salud de la provincia. <\/p>\n<p>Por \u00faltimo, precisaron que el nene contin\u00faa con antibi\u00f3tico e internado en la Unidad de Terapia Intensiva.<\/p>\n<p>Este martes fue intervenido por los m\u00e9dicos para colocar la v\u00e1lvula que permite medir la presi\u00f3n endocraneana, es decir, la presi\u00f3n dentro del cerebro. Seg\u00fan explicaron, se trata de un proceso necesario en este momento en el que se llevan a cabo pruebas de lo que tolera y lo que no. <\/p>\n<p>Seg\u00fan se\u00f1al\u00f3 <b>Mat\u00edas Morla<\/b>, abogado del pap\u00e1 del menor, la intervenci\u00f3n \u201cfue exitosa\u201d. El letrado se\u00f1al\u00f3 que con el correr de los d\u00edas se har\u00e1n pericias para determinar el estado de los involucrados en el siniestro. <\/p>\n<p>\u201c<b>El conductor de la Amarok pende de un hilo<\/b>. Si es como dice mi perito, va a ser grav\u00edsimo. Sostiene que el UTV est\u00e1 preparado para la arena y avanzar a una velocidad menor; sin embargo, la camioneta tiene si o si que tomar envi\u00f3n y hacer fuerza. As\u00ed que de esa manera entiende que se hizo una suerte de rampa y ah\u00ed est\u00e1 el accidente\u201d, agreg\u00f3. <\/p>\n<p>La situaci\u00f3n cr\u00edtica del menor se dio tras la brutal colisi\u00f3n entre una camioneta Volkswagen Amarok y un UTV en la zona de La Frontera, en Pinamar. Tras ser estabilizado en aquella localidad, el pasado 15 de enero fue trasladado al hospital de Mar del Plata.<\/p>\n<p><img loading=\"lazy\" decoding=\"async\" src=\"https:\/\/lobosnews.com.ar\/wp-content\/uploads\/2026\/01\/nuevo-parte-bastian-paso-la-noche-sin-fiebre-y-con-respiraciones-espontaneas-1.jpg\" alt=\"El menor permanece en estado cr\u00edtico, pero tuvo una leve mejor\u00eda\" height=\"2306\" width=\"1920\"\/><\/p>\n<p>El viernes pasado los m\u00e9dicos realizaron el cierre del abdomen, procedimiento que se realiz\u00f3 tras una evaluaci\u00f3n integral mediante estudios de alta complejidad, desde el ingreso del paciente hasta la ma\u00f1ana de la intervenci\u00f3n.<\/p>\n<p>La familia del ni\u00f1o, seg\u00fan inform\u00f3 el <b>Ministerio de Salud provincial<\/b>, cuenta con acompa\u00f1amiento de equipos de salud mental especializados. El abordaje interdisciplinario involucra a la <b>Red Provincial de Salud Mental en Incidente Cr\u00edtico<\/b>, profesionales del propio hospital y especialistas de la <b>Regi\u00f3n Sanitaria VIII<\/b>, quienes asisten a los allegados de <b>Basti\u00e1n<\/b> en este proceso.<\/p>\n<h2>C\u00f3mo sigue la investigaci\u00f3n<\/h2>\n<p>La causa judicial avanza en busca de pruebas que permitan esclarecer el hecho y atribuir responsabilidades.<\/p>\n<p>En ese sentido, este viernes <span class=\"waslinkname\">el padre de Basti\u00e1n fue imputado por <b>lesiones culposas<\/b><\/span><b>.<\/b> La Justicia aleg\u00f3 que fue responsable de que<b> el menor no estuviera atado con cintur\u00f3n de seguridad <\/b>al momento del hecho.<\/p>\n<p>Tambi\u00e9n acusaron del mismo delito a los conductores de la Amarok y el UTV que protagonizaron el accidente.<\/p>\n<p>Las imputaciones fueron notificadas este viernes, mientras las autoridades contin\u00faan realizando <b>peritajes sobre los dos veh\u00edculos<\/b> involucrados en el choque. Ambos quedaron secuestrados a fin de determinar c\u00f3mo fue la mec\u00e1nica del choque.<\/p>\n<p><img loading=\"lazy\" decoding=\"async\" src=\"https:\/\/lobosnews.com.ar\/wp-content\/uploads\/2026\/01\/nuevo-parte-bastian-paso-la-noche-sin-fiebre-y-con-respiraciones-espontaneas-2.jpg\" alt=\"El menor viajaba en un UTV con su pap\u00e1 cuando chocaron contra una camioneta \" height=\"1929\" width=\"1920\"\/><\/p>\n<p>El <b>conductor de la camioneta Amarok<\/b>, <span class=\"waslinkname\"><b>Manuel Molinari<\/b><\/span>, empresario de Jun\u00edn,<b> <\/b>se expres\u00f3 ayer p\u00fablicamente.<b> <\/b>A trav\u00e9s de su cuenta de Instagram, public\u00f3 un breve comunicado donde agradeci\u00f3 las muestras de apoyo y pidi\u00f3 respeto en este momento.<\/p>\n<p><b>\u201cQuiero agradecer de coraz\u00f3n a todos los que se han comunicado y manifestado su preocupaci\u00f3n por lo ocurrido\u201d<\/b>, escribi\u00f3 el conductor investigado por lesiones culposas.<\/p>\n<p>En el mismo mensaje, <b>Molinari<\/b> remarc\u00f3: \u201cEstamos atravesando un momento dif\u00edcil, y lo m\u00e1s importante es la salud del ni\u00f1o. Pido prudencia, respeto y sobre todo oraciones por \u00e9l y su familia\u201d. Cerr\u00f3 el texto con una frase que se volvi\u00f3 central en el caso: <b>\u201cConf\u00edo en que la verdad y la justicia van a aclarar las cosas. Gracias por el acompa\u00f1amiento y el cari\u00f1o\u201d<\/b>.<\/p>\n<p>La madre del ni\u00f1o, <span class=\"waslinkname\"><b>Macarena<\/b><\/span>, tambi\u00e9n se expres\u00f3 p\u00fablicamente y apunt\u00f3 contra el conductor de la camioneta como el responsable del siniestro.<\/p>\n","protected":false},"excerpt":{"rendered":"<p>Un nuevo parte m\u00e9dico revel\u00f3 c\u00f3mo sigue la salud de Bastian, el nene de 8 a\u00f1os que sufri\u00f3 graves heridas tras un brutal choque en Pinamar, contin\u00faa en estado cr\u00edtico, aunque present\u00f3 una leve mejor\u00eda. El Hospital Provincial Materno Infantil \u201cVictorio Tetamanti\u201d inform\u00f3 que, tras someterlo a una quinta operaci\u00f3n, el menor permanece estable en&#8230;<\/p>\n","protected":false},"author":1,"featured_media":9606,"comment_status":"open","ping_status":"closed","sticky":false,"template":"","format":"standard","meta":{"_jetpack_memberships_contains_paid_content":false,"footnotes":""},"categories":[31,30,32,77,84,35,36,37],"tags":[],"class_list":["post-9601","post","type-post","status-publish","format-standard","has-post-thumbnail","hentry","category-actualidad","category-argentina","category-economia","category-inseguridad","category-masradios-com","category-nacionales","category-seguridad","category-sociedad"],"magazineBlocksPostFeaturedMedia":{"thumbnail":"https:\/\/lobosnews.com.ar\/wp-content\/uploads\/2026\/01\/nuevo-parte-bastian-paso-la-noche-sin-fiebre-y-con-respiraciones-espontaneas-4-150x150.jpg","medium":"https:\/\/lobosnews.com.ar\/wp-content\/uploads\/2026\/01\/nuevo-parte-bastian-paso-la-noche-sin-fiebre-y-con-respiraciones-espontaneas-4-300x300.jpg","medium_large":"https:\/\/lobosnews.com.ar\/wp-content\/uploads\/2026\/01\/nuevo-parte-bastian-paso-la-noche-sin-fiebre-y-con-respiraciones-espontaneas-4-768x772.jpg","large":"https:\/\/lobosnews.com.ar\/wp-content\/uploads\/2026\/01\/nuevo-parte-bastian-paso-la-noche-sin-fiebre-y-con-respiraciones-espontaneas-4-1019x1024.jpg","1536x1536":"https:\/\/lobosnews.com.ar\/wp-content\/uploads\/2026\/01\/nuevo-parte-bastian-paso-la-noche-sin-fiebre-y-con-respiraciones-espontaneas-4-1529x1536.jpg","2048x2048":"https:\/\/lobosnews.com.ar\/wp-content\/uploads\/2026\/01\/nuevo-parte-bastian-paso-la-noche-sin-fiebre-y-con-respiraciones-espontaneas-4.jpg","newsmatic-featured":"https:\/\/lobosnews.com.ar\/wp-content\/uploads\/2026\/01\/nuevo-parte-bastian-paso-la-noche-sin-fiebre-y-con-respiraciones-espontaneas-4-820x545.jpg","newsmatic-list":"https:\/\/lobosnews.com.ar\/wp-content\/uploads\/2026\/01\/nuevo-parte-bastian-paso-la-noche-sin-fiebre-y-con-respiraciones-espontaneas-4-600x400.jpg","newsmatic-thumb":"https:\/\/lobosnews.com.ar\/wp-content\/uploads\/2026\/01\/nuevo-parte-bastian-paso-la-noche-sin-fiebre-y-con-respiraciones-espontaneas-4-300x200.jpg","newsmatic-small":"https:\/\/lobosnews.com.ar\/wp-content\/uploads\/2026\/01\/nuevo-parte-bastian-paso-la-noche-sin-fiebre-y-con-respiraciones-espontaneas-4-150x95.jpg","newsmatic-grid":"https:\/\/lobosnews.com.ar\/wp-content\/uploads\/2026\/01\/nuevo-parte-bastian-paso-la-noche-sin-fiebre-y-con-respiraciones-espontaneas-4-400x250.jpg"},"magazineBlocksPostAuthor":{"name":"admin","avatar":"https:\/\/secure.gravatar.com\/avatar\/76e419471a2083bc3ceab22a763dbbf9b0c1bd15a6214cf3280e2c2dde4580f9?s=96&d=mm&r=g"},"magazineBlocksPostCommentsNumber":"0","magazineBlocksPostExcerpt":"Un nuevo parte m\u00e9dico revel\u00f3 c\u00f3mo sigue la salud de Bastian, el nene de 8 a\u00f1os que sufri\u00f3 graves heridas tras un brutal choque en Pinamar, contin\u00faa en estado cr\u00edtico, aunque present\u00f3 una leve mejor\u00eda. El Hospital Provincial Materno Infantil \u201cVictorio Tetamanti\u201d inform\u00f3 que, tras someterlo a una quinta operaci\u00f3n, el menor permanece estable en...","magazineBlocksPostCategories":["Actualidad","Argentina","econom\u00eda","inseguridad","masradios.com","nacionales","seguridad","sociedad"],"magazineBlocksPostViewCount":159,"magazineBlocksPostReadTime":4,"magazine_blocks_featured_image_url":{"full":["https:\/\/lobosnews.com.ar\/wp-content\/uploads\/2026\/01\/nuevo-parte-bastian-paso-la-noche-sin-fiebre-y-con-respiraciones-espontaneas-4.jpg",1920,1929,false],"medium":["https:\/\/lobosnews.com.ar\/wp-content\/uploads\/2026\/01\/nuevo-parte-bastian-paso-la-noche-sin-fiebre-y-con-respiraciones-espontaneas-4-300x300.jpg",300,300,true],"thumbnail":["https:\/\/lobosnews.com.ar\/wp-content\/uploads\/2026\/01\/nuevo-parte-bastian-paso-la-noche-sin-fiebre-y-con-respiraciones-espontaneas-4-150x150.jpg",150,150,true]},"magazine_blocks_author":{"display_name":"admin","author_link":"https:\/\/lobosnews.com.ar\/index.php\/author\/lobos-news\/"},"magazine_blocks_comment":0,"magazine_blocks_author_image":"https:\/\/secure.gravatar.com\/avatar\/76e419471a2083bc3ceab22a763dbbf9b0c1bd15a6214cf3280e2c2dde4580f9?s=96&d=mm&r=g","magazine_blocks_category":"<a href=\"#\" class=\"category-link category-link-31\">Actualidad<\/a> <a href=\"#\" class=\"category-link category-link-30\">Argentina<\/a> <a href=\"#\" class=\"category-link category-link-32\">econom\u00eda<\/a> <a href=\"#\" class=\"category-link category-link-77\">inseguridad<\/a> <a href=\"#\" class=\"category-link category-link-84\">masradios.com<\/a> <a href=\"#\" class=\"category-link category-link-35\">nacionales<\/a> <a href=\"#\" class=\"category-link category-link-36\">seguridad<\/a> <a href=\"#\" class=\"category-link category-link-37\">sociedad<\/a>","yoast_head":"<!-- This site is optimized with the Yoast SEO plugin v26.6 - https:\/\/yoast.com\/wordpress\/plugins\/seo\/ -->\n<title>Nuevo parte: Basti\u00e1n pas\u00f3 la noche sin fiebre y con respiraciones espont\u00e1neas - Lobos News<\/title>\n<meta name=\"robots\" content=\"index, follow, max-snippet:-1, max-image-preview:large, max-video-preview:-1\" \/>\n<link rel=\"canonical\" href=\"https:\/\/lobosnews.com.ar\/index.php\/2026\/01\/21\/nuevo-parte-bastian-paso-la-noche-sin-fiebre-y-con-respiraciones-espontaneas\/\" \/>\n<meta property=\"og:locale\" content=\"es_ES\" \/>\n<meta property=\"og:type\" content=\"article\" \/>\n<meta property=\"og:title\" content=\"Nuevo parte: Basti\u00e1n pas\u00f3 la noche sin fiebre y con respiraciones espont\u00e1neas - Lobos News\" \/>\n<meta property=\"og:description\" content=\"Un nuevo parte m\u00e9dico revel\u00f3 c\u00f3mo sigue la salud de Bastian, el nene de 8 a\u00f1os que sufri\u00f3 graves heridas tras un brutal choque en Pinamar, contin\u00faa en estado cr\u00edtico, aunque present\u00f3 una leve mejor\u00eda. El Hospital Provincial Materno Infantil \u201cVictorio Tetamanti\u201d inform\u00f3 que, tras someterlo a una quinta operaci\u00f3n, el menor permanece estable en...\" \/>\n<meta property=\"og:url\" content=\"https:\/\/lobosnews.com.ar\/index.php\/2026\/01\/21\/nuevo-parte-bastian-paso-la-noche-sin-fiebre-y-con-respiraciones-espontaneas\/\" \/>\n<meta property=\"og:site_name\" content=\"Lobos News\" \/>\n<meta property=\"article:published_time\" content=\"2026-01-21T13:01:49+00:00\" \/>\n<meta property=\"article:modified_time\" content=\"2026-01-21T14:35:14+00:00\" \/>\n<meta property=\"og:image\" content=\"https:\/\/lobosnews.com.ar\/wp-content\/uploads\/2026\/01\/nuevo-parte-bastian-paso-la-noche-sin-fiebre-y-con-respiraciones-espontaneas.jpg\" \/>\n<meta name=\"author\" content=\"admin\" \/>\n<meta name=\"twitter:card\" content=\"summary_large_image\" \/>\n<meta name=\"twitter:label1\" content=\"Escrito por\" \/>\n\t<meta name=\"twitter:data1\" content=\"admin\" \/>\n\t<meta name=\"twitter:label2\" content=\"Tiempo de lectura\" \/>\n\t<meta name=\"twitter:data2\" content=\"4 minutos\" \/>\n<script type=\"application\/ld+json\" class=\"yoast-schema-graph\">{\"@context\":\"https:\/\/schema.org\",\"@graph\":[{\"@type\":\"Article\",\"@id\":\"https:\/\/lobosnews.com.ar\/index.php\/2026\/01\/21\/nuevo-parte-bastian-paso-la-noche-sin-fiebre-y-con-respiraciones-espontaneas\/#article\",\"isPartOf\":{\"@id\":\"https:\/\/lobosnews.com.ar\/index.php\/2026\/01\/21\/nuevo-parte-bastian-paso-la-noche-sin-fiebre-y-con-respiraciones-espontaneas\/\"},\"author\":{\"name\":\"admin\",\"@id\":\"https:\/\/lobosnews.com.ar\/#\/schema\/person\/232422a593d5c541dd9aef6aaed10943\"},\"headline\":\"Nuevo parte: Basti\u00e1n pas\u00f3 la noche sin fiebre y con respiraciones espont\u00e1neas\",\"datePublished\":\"2026-01-21T13:01:49+00:00\",\"dateModified\":\"2026-01-21T14:35:14+00:00\",\"mainEntityOfPage\":{\"@id\":\"https:\/\/lobosnews.com.ar\/index.php\/2026\/01\/21\/nuevo-parte-bastian-paso-la-noche-sin-fiebre-y-con-respiraciones-espontaneas\/\"},\"wordCount\":735,\"commentCount\":0,\"publisher\":{\"@id\":\"https:\/\/lobosnews.com.ar\/#organization\"},\"image\":{\"@id\":\"https:\/\/lobosnews.com.ar\/index.php\/2026\/01\/21\/nuevo-parte-bastian-paso-la-noche-sin-fiebre-y-con-respiraciones-espontaneas\/#primaryimage\"},\"thumbnailUrl\":\"https:\/\/lobosnews.com.ar\/wp-content\/uploads\/2026\/01\/nuevo-parte-bastian-paso-la-noche-sin-fiebre-y-con-respiraciones-espontaneas-4.jpg\",\"articleSection\":[\"Actualidad\",\"Argentina\",\"econom\u00eda\",\"inseguridad\",\"masradios.com\",\"nacionales\",\"seguridad\",\"sociedad\"],\"inLanguage\":\"es\",\"potentialAction\":[{\"@type\":\"CommentAction\",\"name\":\"Comment\",\"target\":[\"https:\/\/lobosnews.com.ar\/index.php\/2026\/01\/21\/nuevo-parte-bastian-paso-la-noche-sin-fiebre-y-con-respiraciones-espontaneas\/#respond\"]}]},{\"@type\":\"WebPage\",\"@id\":\"https:\/\/lobosnews.com.ar\/index.php\/2026\/01\/21\/nuevo-parte-bastian-paso-la-noche-sin-fiebre-y-con-respiraciones-espontaneas\/\",\"url\":\"https:\/\/lobosnews.com.ar\/index.php\/2026\/01\/21\/nuevo-parte-bastian-paso-la-noche-sin-fiebre-y-con-respiraciones-espontaneas\/\",\"name\":\"Nuevo parte: Basti\u00e1n pas\u00f3 la noche sin fiebre y con respiraciones espont\u00e1neas - Lobos News\",\"isPartOf\":{\"@id\":\"https:\/\/lobosnews.com.ar\/#website\"},\"primaryImageOfPage\":{\"@id\":\"https:\/\/lobosnews.com.ar\/index.php\/2026\/01\/21\/nuevo-parte-bastian-paso-la-noche-sin-fiebre-y-con-respiraciones-espontaneas\/#primaryimage\"},\"image\":{\"@id\":\"https:\/\/lobosnews.com.ar\/index.php\/2026\/01\/21\/nuevo-parte-bastian-paso-la-noche-sin-fiebre-y-con-respiraciones-espontaneas\/#primaryimage\"},\"thumbnailUrl\":\"https:\/\/lobosnews.com.ar\/wp-content\/uploads\/2026\/01\/nuevo-parte-bastian-paso-la-noche-sin-fiebre-y-con-respiraciones-espontaneas-4.jpg\",\"datePublished\":\"2026-01-21T13:01:49+00:00\",\"dateModified\":\"2026-01-21T14:35:14+00:00\",\"breadcrumb\":{\"@id\":\"https:\/\/lobosnews.com.ar\/index.php\/2026\/01\/21\/nuevo-parte-bastian-paso-la-noche-sin-fiebre-y-con-respiraciones-espontaneas\/#breadcrumb\"},\"inLanguage\":\"es\",\"potentialAction\":[{\"@type\":\"ReadAction\",\"target\":[\"https:\/\/lobosnews.com.ar\/index.php\/2026\/01\/21\/nuevo-parte-bastian-paso-la-noche-sin-fiebre-y-con-respiraciones-espontaneas\/\"]}]},{\"@type\":\"ImageObject\",\"inLanguage\":\"es\",\"@id\":\"https:\/\/lobosnews.com.ar\/index.php\/2026\/01\/21\/nuevo-parte-bastian-paso-la-noche-sin-fiebre-y-con-respiraciones-espontaneas\/#primaryimage\",\"url\":\"https:\/\/lobosnews.com.ar\/wp-content\/uploads\/2026\/01\/nuevo-parte-bastian-paso-la-noche-sin-fiebre-y-con-respiraciones-espontaneas-4.jpg\",\"contentUrl\":\"https:\/\/lobosnews.com.ar\/wp-content\/uploads\/2026\/01\/nuevo-parte-bastian-paso-la-noche-sin-fiebre-y-con-respiraciones-espontaneas-4.jpg\",\"width\":1920,\"height\":1929,\"caption\":\"Nuevo parte: Basti\u00e1n pas\u00f3 la noche sin fiebre y con respiraciones espont\u00e1neas\"},{\"@type\":\"BreadcrumbList\",\"@id\":\"https:\/\/lobosnews.com.ar\/index.php\/2026\/01\/21\/nuevo-parte-bastian-paso-la-noche-sin-fiebre-y-con-respiraciones-espontaneas\/#breadcrumb\",\"itemListElement\":[{\"@type\":\"ListItem\",\"position\":1,\"name\":\"Portada\",\"item\":\"https:\/\/lobosnews.com.ar\/\"},{\"@type\":\"ListItem\",\"position\":2,\"name\":\"Nuevo parte: Basti\u00e1n pas\u00f3 la noche sin fiebre y con respiraciones espont\u00e1neas\"}]},{\"@type\":\"WebSite\",\"@id\":\"https:\/\/lobosnews.com.ar\/#website\",\"url\":\"https:\/\/lobosnews.com.ar\/\",\"name\":\"Lobos News\",\"description\":\"Informaci\u00f3n a cada instante\",\"publisher\":{\"@id\":\"https:\/\/lobosnews.com.ar\/#organization\"},\"potentialAction\":[{\"@type\":\"SearchAction\",\"target\":{\"@type\":\"EntryPoint\",\"urlTemplate\":\"https:\/\/lobosnews.com.ar\/?s={search_term_string}\"},\"query-input\":{\"@type\":\"PropertyValueSpecification\",\"valueRequired\":true,\"valueName\":\"search_term_string\"}}],\"inLanguage\":\"es\"},{\"@type\":\"Organization\",\"@id\":\"https:\/\/lobosnews.com.ar\/#organization\",\"name\":\"Lobos News\",\"url\":\"https:\/\/lobosnews.com.ar\/\",\"logo\":{\"@type\":\"ImageObject\",\"inLanguage\":\"es\",\"@id\":\"https:\/\/lobosnews.com.ar\/#\/schema\/logo\/image\/\",\"url\":\"https:\/\/lobosnews.com.ar\/wp-content\/uploads\/2026\/01\/logo-lobosnews.png\",\"contentUrl\":\"https:\/\/lobosnews.com.ar\/wp-content\/uploads\/2026\/01\/logo-lobosnews.png\",\"width\":500,\"height\":200,\"caption\":\"Lobos News\"},\"image\":{\"@id\":\"https:\/\/lobosnews.com.ar\/#\/schema\/logo\/image\/\"}},{\"@type\":\"Person\",\"@id\":\"https:\/\/lobosnews.com.ar\/#\/schema\/person\/232422a593d5c541dd9aef6aaed10943\",\"name\":\"admin\",\"image\":{\"@type\":\"ImageObject\",\"inLanguage\":\"es\",\"@id\":\"https:\/\/lobosnews.com.ar\/#\/schema\/person\/image\/\",\"url\":\"https:\/\/secure.gravatar.com\/avatar\/76e419471a2083bc3ceab22a763dbbf9b0c1bd15a6214cf3280e2c2dde4580f9?s=96&d=mm&r=g\",\"contentUrl\":\"https:\/\/secure.gravatar.com\/avatar\/76e419471a2083bc3ceab22a763dbbf9b0c1bd15a6214cf3280e2c2dde4580f9?s=96&d=mm&r=g\",\"caption\":\"admin\"},\"sameAs\":[\"https:\/\/lobosnews.com.ar\"],\"url\":\"https:\/\/lobosnews.com.ar\/index.php\/author\/lobos-news\/\"}]}<\/script>\n<!-- \/ Yoast SEO plugin. -->","yoast_head_json":{"title":"Nuevo parte: Basti\u00e1n pas\u00f3 la noche sin fiebre y con respiraciones espont\u00e1neas - Lobos News","robots":{"index":"index","follow":"follow","max-snippet":"max-snippet:-1","max-image-preview":"max-image-preview:large","max-video-preview":"max-video-preview:-1"},"canonical":"https:\/\/lobosnews.com.ar\/index.php\/2026\/01\/21\/nuevo-parte-bastian-paso-la-noche-sin-fiebre-y-con-respiraciones-espontaneas\/","og_locale":"es_ES","og_type":"article","og_title":"Nuevo parte: Basti\u00e1n pas\u00f3 la noche sin fiebre y con respiraciones espont\u00e1neas - Lobos News","og_description":"Un nuevo parte m\u00e9dico revel\u00f3 c\u00f3mo sigue la salud de Bastian, el nene de 8 a\u00f1os que sufri\u00f3 graves heridas tras un brutal choque en Pinamar, contin\u00faa en estado cr\u00edtico, aunque present\u00f3 una leve mejor\u00eda. El Hospital Provincial Materno Infantil \u201cVictorio Tetamanti\u201d inform\u00f3 que, tras someterlo a una quinta operaci\u00f3n, el menor permanece estable en...","og_url":"https:\/\/lobosnews.com.ar\/index.php\/2026\/01\/21\/nuevo-parte-bastian-paso-la-noche-sin-fiebre-y-con-respiraciones-espontaneas\/","og_site_name":"Lobos News","article_published_time":"2026-01-21T13:01:49+00:00","article_modified_time":"2026-01-21T14:35:14+00:00","og_image":[{"url":"https:\/\/lobosnews.com.ar\/wp-content\/uploads\/2026\/01\/nuevo-parte-bastian-paso-la-noche-sin-fiebre-y-con-respiraciones-espontaneas.jpg","type":"","width":"","height":""}],"author":"admin","twitter_card":"summary_large_image","twitter_misc":{"Escrito por":"admin","Tiempo de lectura":"4 minutos"},"schema":{"@context":"https:\/\/schema.org","@graph":[{"@type":"Article","@id":"https:\/\/lobosnews.com.ar\/index.php\/2026\/01\/21\/nuevo-parte-bastian-paso-la-noche-sin-fiebre-y-con-respiraciones-espontaneas\/#article","isPartOf":{"@id":"https:\/\/lobosnews.com.ar\/index.php\/2026\/01\/21\/nuevo-parte-bastian-paso-la-noche-sin-fiebre-y-con-respiraciones-espontaneas\/"},"author":{"name":"admin","@id":"https:\/\/lobosnews.com.ar\/#\/schema\/person\/232422a593d5c541dd9aef6aaed10943"},"headline":"Nuevo parte: Basti\u00e1n pas\u00f3 la noche sin fiebre y con respiraciones espont\u00e1neas","datePublished":"2026-01-21T13:01:49+00:00","dateModified":"2026-01-21T14:35:14+00:00","mainEntityOfPage":{"@id":"https:\/\/lobosnews.com.ar\/index.php\/2026\/01\/21\/nuevo-parte-bastian-paso-la-noche-sin-fiebre-y-con-respiraciones-espontaneas\/"},"wordCount":735,"commentCount":0,"publisher":{"@id":"https:\/\/lobosnews.com.ar\/#organization"},"image":{"@id":"https:\/\/lobosnews.com.ar\/index.php\/2026\/01\/21\/nuevo-parte-bastian-paso-la-noche-sin-fiebre-y-con-respiraciones-espontaneas\/#primaryimage"},"thumbnailUrl":"https:\/\/lobosnews.com.ar\/wp-content\/uploads\/2026\/01\/nuevo-parte-bastian-paso-la-noche-sin-fiebre-y-con-respiraciones-espontaneas-4.jpg","articleSection":["Actualidad","Argentina","econom\u00eda","inseguridad","masradios.com","nacionales","seguridad","sociedad"],"inLanguage":"es","potentialAction":[{"@type":"CommentAction","name":"Comment","target":["https:\/\/lobosnews.com.ar\/index.php\/2026\/01\/21\/nuevo-parte-bastian-paso-la-noche-sin-fiebre-y-con-respiraciones-espontaneas\/#respond"]}]},{"@type":"WebPage","@id":"https:\/\/lobosnews.com.ar\/index.php\/2026\/01\/21\/nuevo-parte-bastian-paso-la-noche-sin-fiebre-y-con-respiraciones-espontaneas\/","url":"https:\/\/lobosnews.com.ar\/index.php\/2026\/01\/21\/nuevo-parte-bastian-paso-la-noche-sin-fiebre-y-con-respiraciones-espontaneas\/","name":"Nuevo parte: Basti\u00e1n pas\u00f3 la noche sin fiebre y con respiraciones espont\u00e1neas - Lobos News","isPartOf":{"@id":"https:\/\/lobosnews.com.ar\/#website"},"primaryImageOfPage":{"@id":"https:\/\/lobosnews.com.ar\/index.php\/2026\/01\/21\/nuevo-parte-bastian-paso-la-noche-sin-fiebre-y-con-respiraciones-espontaneas\/#primaryimage"},"image":{"@id":"https:\/\/lobosnews.com.ar\/index.php\/2026\/01\/21\/nuevo-parte-bastian-paso-la-noche-sin-fiebre-y-con-respiraciones-espontaneas\/#primaryimage"},"thumbnailUrl":"https:\/\/lobosnews.com.ar\/wp-content\/uploads\/2026\/01\/nuevo-parte-bastian-paso-la-noche-sin-fiebre-y-con-respiraciones-espontaneas-4.jpg","datePublished":"2026-01-21T13:01:49+00:00","dateModified":"2026-01-21T14:35:14+00:00","breadcrumb":{"@id":"https:\/\/lobosnews.com.ar\/index.php\/2026\/01\/21\/nuevo-parte-bastian-paso-la-noche-sin-fiebre-y-con-respiraciones-espontaneas\/#breadcrumb"},"inLanguage":"es","potentialAction":[{"@type":"ReadAction","target":["https:\/\/lobosnews.com.ar\/index.php\/2026\/01\/21\/nuevo-parte-bastian-paso-la-noche-sin-fiebre-y-con-respiraciones-espontaneas\/"]}]},{"@type":"ImageObject","inLanguage":"es","@id":"https:\/\/lobosnews.com.ar\/index.php\/2026\/01\/21\/nuevo-parte-bastian-paso-la-noche-sin-fiebre-y-con-respiraciones-espontaneas\/#primaryimage","url":"https:\/\/lobosnews.com.ar\/wp-content\/uploads\/2026\/01\/nuevo-parte-bastian-paso-la-noche-sin-fiebre-y-con-respiraciones-espontaneas-4.jpg","contentUrl":"https:\/\/lobosnews.com.ar\/wp-content\/uploads\/2026\/01\/nuevo-parte-bastian-paso-la-noche-sin-fiebre-y-con-respiraciones-espontaneas-4.jpg","width":1920,"height":1929,"caption":"Nuevo parte: Basti\u00e1n pas\u00f3 la noche sin fiebre y con respiraciones espont\u00e1neas"},{"@type":"BreadcrumbList","@id":"https:\/\/lobosnews.com.ar\/index.php\/2026\/01\/21\/nuevo-parte-bastian-paso-la-noche-sin-fiebre-y-con-respiraciones-espontaneas\/#breadcrumb","itemListElement":[{"@type":"ListItem","position":1,"name":"Portada","item":"https:\/\/lobosnews.com.ar\/"},{"@type":"ListItem","position":2,"name":"Nuevo parte: Basti\u00e1n pas\u00f3 la noche sin fiebre y con respiraciones espont\u00e1neas"}]},{"@type":"WebSite","@id":"https:\/\/lobosnews.com.ar\/#website","url":"https:\/\/lobosnews.com.ar\/","name":"Lobos News","description":"Informaci\u00f3n a cada instante","publisher":{"@id":"https:\/\/lobosnews.com.ar\/#organization"},"potentialAction":[{"@type":"SearchAction","target":{"@type":"EntryPoint","urlTemplate":"https:\/\/lobosnews.com.ar\/?s={search_term_string}"},"query-input":{"@type":"PropertyValueSpecification","valueRequired":true,"valueName":"search_term_string"}}],"inLanguage":"es"},{"@type":"Organization","@id":"https:\/\/lobosnews.com.ar\/#organization","name":"Lobos News","url":"https:\/\/lobosnews.com.ar\/","logo":{"@type":"ImageObject","inLanguage":"es","@id":"https:\/\/lobosnews.com.ar\/#\/schema\/logo\/image\/","url":"https:\/\/lobosnews.com.ar\/wp-content\/uploads\/2026\/01\/logo-lobosnews.png","contentUrl":"https:\/\/lobosnews.com.ar\/wp-content\/uploads\/2026\/01\/logo-lobosnews.png","width":500,"height":200,"caption":"Lobos News"},"image":{"@id":"https:\/\/lobosnews.com.ar\/#\/schema\/logo\/image\/"}},{"@type":"Person","@id":"https:\/\/lobosnews.com.ar\/#\/schema\/person\/232422a593d5c541dd9aef6aaed10943","name":"admin","image":{"@type":"ImageObject","inLanguage":"es","@id":"https:\/\/lobosnews.com.ar\/#\/schema\/person\/image\/","url":"https:\/\/secure.gravatar.com\/avatar\/76e419471a2083bc3ceab22a763dbbf9b0c1bd15a6214cf3280e2c2dde4580f9?s=96&d=mm&r=g","contentUrl":"https:\/\/secure.gravatar.com\/avatar\/76e419471a2083bc3ceab22a763dbbf9b0c1bd15a6214cf3280e2c2dde4580f9?s=96&d=mm&r=g","caption":"admin"},"sameAs":["https:\/\/lobosnews.com.ar"],"url":"https:\/\/lobosnews.com.ar\/index.php\/author\/lobos-news\/"}]}},"jetpack_featured_media_url":"https:\/\/lobosnews.com.ar\/wp-content\/uploads\/2026\/01\/nuevo-parte-bastian-paso-la-noche-sin-fiebre-y-con-respiraciones-espontaneas-4.jpg","jetpack_sharing_enabled":true,"_links":{"self":[{"href":"https:\/\/lobosnews.com.ar\/index.php\/wp-json\/wp\/v2\/posts\/9601","targetHints":{"allow":["GET"]}}],"collection":[{"href":"https:\/\/lobosnews.com.ar\/index.php\/wp-json\/wp\/v2\/posts"}],"about":[{"href":"https:\/\/lobosnews.com.ar\/index.php\/wp-json\/wp\/v2\/types\/post"}],"author":[{"embeddable":true,"href":"https:\/\/lobosnews.com.ar\/index.php\/wp-json\/wp\/v2\/users\/1"}],"replies":[{"embeddable":true,"href":"https:\/\/lobosnews.com.ar\/index.php\/wp-json\/wp\/v2\/comments?post=9601"}],"version-history":[{"count":1,"href":"https:\/\/lobosnews.com.ar\/index.php\/wp-json\/wp\/v2\/posts\/9601\/revisions"}],"predecessor-version":[{"id":9605,"href":"https:\/\/lobosnews.com.ar\/index.php\/wp-json\/wp\/v2\/posts\/9601\/revisions\/9605"}],"wp:featuredmedia":[{"embeddable":true,"href":"https:\/\/lobosnews.com.ar\/index.php\/wp-json\/wp\/v2\/media\/9606"}],"wp:attachment":[{"href":"https:\/\/lobosnews.com.ar\/index.php\/wp-json\/wp\/v2\/media?parent=9601"}],"wp:term":[{"taxonomy":"category","embeddable":true,"href":"https:\/\/lobosnews.com.ar\/index.php\/wp-json\/wp\/v2\/categories?post=9601"},{"taxonomy":"post_tag","embeddable":true,"href":"https:\/\/lobosnews.com.ar\/index.php\/wp-json\/wp\/v2\/tags?post=9601"}],"curies":[{"name":"wp","href":"https:\/\/api.w.org\/{rel}","templated":true}]}}