{"id":95957,"date":"2026-08-31T17:40:32","date_gmt":"2026-08-31T17:40:32","guid":{"rendered":"https:\/\/lobosnews.com.ar\/?p=95957"},"modified":"2026-08-31T19:21:28","modified_gmt":"2026-08-31T19:21:28","slug":"no-quiero-que-el-debate-por-mi-ponga-al-met-en-una-situacion-dificil-john-galliano-renuncia-a-la-muestra-en-su-honor-tras-la-presion-por-su-pasado-antisemita","status":"publish","type":"post","link":"https:\/\/lobosnews.com.ar\/index.php\/2026\/08\/31\/no-quiero-que-el-debate-por-mi-ponga-al-met-en-una-situacion-dificil-john-galliano-renuncia-a-la-muestra-en-su-honor-tras-la-presion-por-su-pasado-antisemita\/","title":{"rendered":"\u201cNo quiero que el debate por m\u00ed ponga al Met en una situaci\u00f3n dif\u00edcil\u201d: John Galliano renuncia a la muestra en su honor tras la presi\u00f3n por su pasado antisemita"},"content":{"rendered":"<p><img loading=\"lazy\" decoding=\"async\" src=\"https:\/\/lobosnews.com.ar\/wp-content\/uploads\/2026\/08\/no-quiero-que-el-debate-por-mi-ponga-al-met-en-una-situacion-dificil-john-galliano-renuncia-a-la-muestra-en-su-honor-tras-la-presion-por-su-pasado-antisemita.jpg\" alt=\"Algunos se han preguntado por qu\u00e9 el Museo Metropolitano de Arte ha decidido homenajear a John Galliano en un momento de creciente antisemitismo (Ryan Murphy para The New York Times)\" height=\"683\" width=\"1024\"\/><\/p>\n<p>Ante la fuerte reacci\u00f3n negativa, el influyente dise\u00f1ador de moda <b>John Galliano<\/b> ha tomado la medida sin precedentes de retirarse de una exposici\u00f3n prevista en su honor en el <b>Museo Metropolitano de Arte<\/b>.<\/p>\n<p>\u201cTras mucha reflexi\u00f3n y conversaciones con todos los implicados, he decidido, con gran tristeza, que lo mejor es que la exposici\u00f3n no se celebre en este momento\u201d, escribi\u00f3 <b>Galliano<\/b> en un comunicado publicado en su p\u00e1gina de <b>Instagram<\/b>.<\/p>\n<p>Tambi\u00e9n expres\u00f3 su \u201cprofunda y duradera\u201d gratitud a la direcci\u00f3n del museo y reconoci\u00f3 el dolor que hab\u00edan causado sus palabras pasadas.<\/p>\n<p>\u00abNo quiero que el debate en torno a m\u00ed ponga al <b>Met<\/b> en una situaci\u00f3n dif\u00edcil ni desv\u00ede la atenci\u00f3n del extraordinario trabajo del <b>Costume Institute<\/b>\u00bb, escribi\u00f3. \u00abTambi\u00e9n reconozco y respeto que una exposici\u00f3n en honor a mi obra resultar\u00eda dolorosa para algunos\u00bb.<\/p>\n<p>Su decisi\u00f3n se produjo en un momento en que varios donantes y l\u00edderes pol\u00edticos manifestaban su oposici\u00f3n a la exposici\u00f3n de nueve meses de duraci\u00f3n, cuyo inicio estaba previsto para la <b>Gala del Met<\/b> del pr\u00f3ximo a\u00f1o.<\/p>\n<p>En los \u00faltimos d\u00edas, se desat\u00f3 una gran pol\u00e9mica por la decisi\u00f3n del museo de homenajear a <b>Galliano<\/b>, quien fue condenado por un tribunal franc\u00e9s en 2011 por un delito de odio antisemita. De haber sido as\u00ed, habr\u00eda sido el tercer dise\u00f1ador vivo en tener una exposici\u00f3n individual en el <b>Costume Institute<\/b>, la secci\u00f3n de moda del <b>Met<\/b>.<\/p>\n<p>Dado que la <b>Met Gala<\/b> ha servido tradicionalmente como la noche de inauguraci\u00f3n de la exposici\u00f3n de primavera del <b>Costume Institute<\/b>, el plan corr\u00eda el riesgo de colocar al museo en la posici\u00f3n de parecer que santificaba a <b>Galliano<\/b> durante un evento que se ha convertido en el <b>Super Bowl<\/b> del glamour.<\/p>\n<p>La salida de <b>Galliano<\/b> se conoci\u00f3 el lunes, justo cuando miembros clave del consejo de administraci\u00f3n del <b>Met<\/b> ten\u00edan previsto reunirse por la ma\u00f1ana para debatir el futuro de la exposici\u00f3n. La direcci\u00f3n del museo tambi\u00e9n hab\u00eda convocado una reuni\u00f3n por <b>Zoom<\/b> del consejo para el lunes a las 16:00 para \u201ccentrarse en un debate sobre el <b>Instituto del Traje<\/b>\u201d, seg\u00fan una invitaci\u00f3n por correo electr\u00f3nico que fue compartida con <i><b>The New York Times<\/b><\/i>.<\/p>\n<p>El viernes, <i><b>The New York Times<\/b><\/i> cit\u00f3 a l\u00edderes jud\u00edos que se manifestaron en contra de la exposici\u00f3n prevista. Entre ellos figuraban <b>Arne Glimcher<\/b>, una figura clave del mundo del arte que amenaz\u00f3 con excluir al museo de su testamento; <b>Julie Menin<\/b>, presidenta del <b>Ayuntamiento<\/b>; y <b>Elisha Wiesel<\/b>, presidente de la <b>Fundaci\u00f3n Elie Wiesel<\/b>.<\/p>\n<p>El <b>Met<\/b> es una de las 39 instituciones art\u00edsticas que operan en terrenos municipales y recibe millones de d\u00f3lares anuales en apoyo del <b>Departamento de Asuntos Culturales de la Ciudad de Nueva York<\/b>. Sus v\u00ednculos con la ciudad convirtieron la decisi\u00f3n de homenajear a <b>Galliano<\/b> en una cuesti\u00f3n pol\u00edtica.<\/p>\n<p>En 2011, un tribunal franc\u00e9s dictamin\u00f3 que <b>Galliano<\/b> hab\u00eda proferido comentarios de odio contra jud\u00edos y asi\u00e1ticos en dos incidentes ocurridos en un bar cerca de su casa en <b>Par\u00eds<\/b>. Casi al mismo tiempo, circul\u00f3 un video en el que se ve\u00eda a <b>Galliano<\/b> diciendo \u201cAmo a <b>Hitler<\/b>\u201d y advirtiendo a los clientes, horrorizados, que \u201csus madres y sus antepasados\u201d ser\u00edan \u201cgaseados\u201d.<\/p>\n<p>Fue despedido de su puesto como director creativo de <b>Dior<\/b>, cargo que ocup\u00f3 durante 15 a\u00f1os, cuando sali\u00f3 a la luz el v\u00eddeo. En 2014, despu\u00e9s de que <b>Galliano<\/b> pasara por un periodo de rehabilitaci\u00f3n y hablara sobre el juda\u00edsmo y su historia con rabinos y el antiguo director de la <b>Liga Antidifamaci\u00f3n<\/b>, fue contratado como director creativo de <b>Maison Margiela<\/b>, puesto que desempe\u00f1\u00f3 durante 10 a\u00f1os, y fue readmitido en el mundo de la moda.<\/p>\n<p><b>Menin<\/b>, presidente del <b>Ayuntamiento<\/b>, envi\u00f3 una carta a la direcci\u00f3n del <b>Met<\/b> a finales de la semana pasada, convirti\u00e9ndose en el primer pol\u00edtico local en oponerse a la exposici\u00f3n de <b>Galliano<\/b> prevista. En una entrevista el domingo, <b>Menin<\/b>, dem\u00f3crata, calific\u00f3 la muestra, posteriormente cancelada, como \u00abun duro golpe para la comunidad jud\u00eda de nuestra ciudad, que ya est\u00e1 conmocionada\u00bb.<\/p>\n<p><b>Brad Lander<\/b>, candidato dem\u00f3crata al <b>Congreso<\/b> por <b>Brooklyn<\/b>, fue uno de los pol\u00edticos que en los \u00faltimos d\u00edas criticaron el plan del <b>Met<\/b> de homenajear a <b>Galliano<\/b>, calific\u00e1ndolo de \u201cun grave error\u201d.<\/p>\n<p>\u201cEsto me parece muy sencillo\u201d, dijo <b>Lander<\/b> el domingo. \u201cDeber\u00edan cancelar el evento y cambiar al homenajeado de la <b>Gala del Met<\/b>\u201d.<\/p>\n<p><img loading=\"lazy\" decoding=\"async\" src=\"https:\/\/lobosnews.com.ar\/wp-content\/uploads\/2026\/08\/no-quiero-que-el-debate-por-mi-ponga-al-met-en-una-situacion-dificil-john-galliano-renuncia-a-la-muestra-en-su-honor-tras-la-presion-por-su-pasado-antisemita-1.jpg\" alt=\"En 2011, un tribunal franc\u00e9s dictamin\u00f3 que John Galliano hab\u00eda proferido comentarios de odio contra jud\u00edos y asi\u00e1ticos en dos incidentes ocurridos en un bar cerca de su casa en Par\u00eds (Cr\u00e9dito: AP)\" height=\"1080\" width=\"1920\"\/><\/p>\n<p>A esos cr\u00edticos se uni\u00f3 <b>Alice Tisch<\/b>, una importante donante del museo. El viernes, ante el creciente rechazo, <b>Tisch<\/b> envi\u00f3 un correo electr\u00f3nico a <b>Max Hollein<\/b>, el director del museo.<\/p>\n<p>\u201cEsta exposici\u00f3n evidencia un fracaso de la gobernanza\u201d, escribi\u00f3 <b>Tisch<\/b>.<\/p>\n<p>A continuaci\u00f3n, calific\u00f3 la exposici\u00f3n prevista de \u201cencubrimiento\u201d, y a\u00f1adi\u00f3 que \u201cno le conviene al museo que exista esta percepci\u00f3n, y que contradice su rica trayectoria como curadores y su liderazgo fiscal y moral constante\u201d.<\/p>\n<p><b>Tisch<\/b> reenvi\u00f3 su correo electr\u00f3nico a algunas personas cercanas a ella, y este se difundi\u00f3 por la alta sociedad neoyorquina durante el fin de semana y fue le\u00eddo por <i><b>The Times<\/b><\/i>.<\/p>\n<p>Sus palabras tienen peso para el museo. A trav\u00e9s de una fundaci\u00f3n, ella y su esposo, <b>Thomas Tisch<\/b>, donaron cientos de miles de d\u00f3lares al <b>Met<\/b> entre 2020 y 2024, seg\u00fan consta en sus declaraciones de impuestos. (La hermana de <b>Thomas<\/b>, <b>Merryl<\/b>, es miembro de la junta directiva del <b>Met<\/b>, y su hija, <b>Jessica Tisch<\/b>, es la comisionada de polic\u00eda de la ciudad de <b>Nueva York<\/b>).<\/p>\n<p>Bajo la atenta mirada de <b>Anna Wintour<\/b>, directora de contenidos de <b>Cond\u00e9 Nast<\/b> y miembro del consejo de administraci\u00f3n de un museo, la <b>Met Gala<\/b> se ha convertido en un evento ben\u00e9fico repleto de estrellas, con celebridades sentadas entre multimillonarios en mesas que cuestan cientos de miles de d\u00f3lares.<\/p>\n<p>A medida que la presencia de <b>Wintour<\/b> en el museo ha ido en aumento, tambi\u00e9n lo ha hecho la de <b>Cond\u00e9 Nast<\/b>, patrocinador habitual de las exposiciones del <b>Costume Institute<\/b>. El a\u00f1o pasado, el espacio de 11.500 pies cuadrados contiguo al <b>Gran Sal\u00f3n<\/b> recibi\u00f3 un nuevo nombre: las <b>Galer\u00edas Cond\u00e9 M. Nast<\/b>. All\u00ed era donde estaba prevista la exposici\u00f3n de <b>Galliano<\/b>.<\/p>\n<p>El <b>Met<\/b> era consciente de que una exposici\u00f3n en honor del dise\u00f1ador, uno de los favoritos de <b>Wintour<\/b> desde hac\u00eda mucho tiempo, podr\u00eda provocar reacciones negativas. Antes de comprometerse con la exposici\u00f3n, <b>Galliano<\/b> se reuni\u00f3 con l\u00edderes jud\u00edos en encuentros organizados en parte por <b>Wintour<\/b> y <b>Andrew Bolton<\/b>, curador del <b>Costume Institute<\/b>.<\/p>\n<p>La mayor\u00eda de los l\u00edderes jud\u00edos se mostraron satisfechos de que <b>Galliano<\/b> se hubiera arrepentido lo suficiente de sus comentarios de odio. Sin embargo, otros cuestionaron por qu\u00e9 el museo hab\u00eda decidido homenajearlo en un momento de creciente antisemitismo. <b>Angela W. Buchdahl<\/b>, rabina principal de la <b>Sinagoga Central<\/b>, una sinagoga reformista de <b>Manhattan<\/b>, incluso fue invitada por <b>Wintour<\/b> a formar parte del comit\u00e9 organizador de la gala, pero declin\u00f3 la invitaci\u00f3n.<\/p>\n<p><img loading=\"lazy\" decoding=\"async\" src=\"https:\/\/lobosnews.com.ar\/wp-content\/uploads\/2026\/08\/no-quiero-que-el-debate-por-mi-ponga-al-met-en-una-situacion-dificil-john-galliano-renuncia-a-la-muestra-en-su-honor-tras-la-presion-por-su-pasado-antisemita-2.jpg\" alt=\"Anna Wintour en la Gala del Met en mayo. Antes de que el Met confirmara la exposici\u00f3n de Galliano, el dise\u00f1ador se reuni\u00f3 con l\u00edderes jud\u00edos en encuentros organizados en parte por Wintour y Andrew Bolton, curador del Costume Institute (Nina Westervelt para The New York Times)\" height=\"1024\" width=\"684\"\/><\/p>\n<p>La <b>Met Gala<\/b>, que se celebra el primer lunes de mayo, recauda decenas de millones de d\u00f3lares para el <b>Instituto del Traje<\/b> cada a\u00f1o. Desde 1999, est\u00e1 dirigida por <b>Wintour<\/b>, directora editorial global de <b>Vogue<\/b>. Los invitados son los primeros en ver la exposici\u00f3n del <b>Instituto del Traje<\/b>. Mientras la multitud espera fuera del museo entre los paparazzi, las celebridades desfilan por la exposici\u00f3n entre el c\u00f3ctel en el <b>Gran Sal\u00f3n<\/b> y la cena en el <b>Templo de Dendur<\/b>.<\/p>\n<p>La conexi\u00f3n entre la gala anual y la exposici\u00f3n se estrech\u00f3 a\u00fan m\u00e1s este a\u00f1o, cuando las galer\u00edas del <b>Instituto del Traje<\/b> se trasladaron cerca del <b>Gran Sal\u00f3n<\/b> y se rebautizaron como <b>Galer\u00edas Cond\u00e9 M. Nast<\/b>. Como resultado, la muestra del <b>Instituto del Traje<\/b> es una de las primeras exposiciones que ver\u00e1 cualquier visitante del museo.<\/p>\n<p><b>Micah Lasher<\/b>, asamble\u00edsta de <b>Nueva York<\/b> que representa al <b>Upper West Side<\/b> y que recientemente gan\u00f3 las primarias dem\u00f3cratas del <b>12\u00ba Distrito Congresional<\/b>, que incluye el emplazamiento del museo, se sum\u00f3 al coro de cr\u00edticas en una entrevista el domingo.<\/p>\n<p>\u00abEsto no es una cuesti\u00f3n de libertad de expresi\u00f3n\u00bb, dijo. \u00abEs una cuesti\u00f3n de criterio, y me desconcierta que alguien haya visto esto como algo distinto a una idea terrible que equivaldr\u00eda a la normalizaci\u00f3n del antisemitismo\u00bb.<\/p>\n<p><b>Sam Raskin<\/b>, portavoz del alcalde <b>Zohran Mamdani<\/b>, un socialista democr\u00e1tico que hasta ahora hab\u00eda guardado silencio sobre el plan del <b>Met<\/b>, emiti\u00f3 un comunicado el domingo: \u201cEl uso reiterado de lenguaje antisemita por parte de <b>John Galliano<\/b> es vil. La administraci\u00f3n <b>Mamdani<\/b> reconoce que la decisi\u00f3n del <b>Met<\/b> de homenajearlo ha causado dolor e indignaci\u00f3n entre muchos neoyorquinos jud\u00edos. El <b>Met<\/b> es una instituci\u00f3n independiente y sus decisiones \u2014y c\u00f3mo responde a los numerosos neoyorquinos jud\u00edos consternados por esta elecci\u00f3n\u2014 son, en \u00faltima instancia, suyas. Pero la independencia no significa estar exento de cr\u00edticas\u201d.<\/p>\n<p>Seg\u00fan un comunicado del museo, \u201cla informaci\u00f3n sobre una nueva exposici\u00f3n del <b>Costume Institute<\/b> en primavera y la <b>Met Gala<\/b> de 2027 se anunciar\u00e1 m\u00e1s adelante\u201d.<\/p>\n<p><i>Fuente: The New York Times<\/i><\/p>\n","protected":false},"excerpt":{"rendered":"<p>Ante la fuerte reacci\u00f3n negativa, el influyente dise\u00f1ador de moda John Galliano ha tomado la medida sin precedentes de retirarse de una exposici\u00f3n prevista en su honor en el Museo Metropolitano de Arte. \u201cTras mucha reflexi\u00f3n y conversaciones con todos los implicados, he decidido, con gran tristeza, que lo mejor es que la exposici\u00f3n no&#8230;<\/p>\n","protected":false},"author":1,"featured_media":95962,"comment_status":"open","ping_status":"closed","sticky":false,"template":"","format":"standard","meta":{"_jetpack_newsletter_access":"","_jetpack_dont_email_post_to_subs":false,"_jetpack_newsletter_tier_id":0,"_jetpack_memberships_contains_paywalled_content":false,"_jetpack_memberships_contains_paid_content":false,"footnotes":"","jetpack_post_was_ever_published":false},"categories":[31],"tags":[],"class_list":["post-95957","post","type-post","status-publish","format-standard","has-post-thumbnail","hentry","category-actualidad"],"magazineBlocksPostFeaturedMedia":{"thumbnail":"https:\/\/lobosnews.com.ar\/wp-content\/uploads\/2026\/08\/no-quiero-que-el-debate-por-mi-ponga-al-met-en-una-situacion-dificil-john-galliano-renuncia-a-la-muestra-en-su-honor-tras-la-presion-por-su-pasado-antisemita-4-150x150.jpg","medium":"https:\/\/lobosnews.com.ar\/wp-content\/uploads\/2026\/08\/no-quiero-que-el-debate-por-mi-ponga-al-met-en-una-situacion-dificil-john-galliano-renuncia-a-la-muestra-en-su-honor-tras-la-presion-por-su-pasado-antisemita-4-200x300.jpg","medium_large":"https:\/\/lobosnews.com.ar\/wp-content\/uploads\/2026\/08\/no-quiero-que-el-debate-por-mi-ponga-al-met-en-una-situacion-dificil-john-galliano-renuncia-a-la-muestra-en-su-honor-tras-la-presion-por-su-pasado-antisemita-4.jpg","large":"https:\/\/lobosnews.com.ar\/wp-content\/uploads\/2026\/08\/no-quiero-que-el-debate-por-mi-ponga-al-met-en-una-situacion-dificil-john-galliano-renuncia-a-la-muestra-en-su-honor-tras-la-presion-por-su-pasado-antisemita-4.jpg","1536x1536":"https:\/\/lobosnews.com.ar\/wp-content\/uploads\/2026\/08\/no-quiero-que-el-debate-por-mi-ponga-al-met-en-una-situacion-dificil-john-galliano-renuncia-a-la-muestra-en-su-honor-tras-la-presion-por-su-pasado-antisemita-4.jpg","2048x2048":"https:\/\/lobosnews.com.ar\/wp-content\/uploads\/2026\/08\/no-quiero-que-el-debate-por-mi-ponga-al-met-en-una-situacion-dificil-john-galliano-renuncia-a-la-muestra-en-su-honor-tras-la-presion-por-su-pasado-antisemita-4.jpg","newsmatic-featured":"https:\/\/lobosnews.com.ar\/wp-content\/uploads\/2026\/08\/no-quiero-que-el-debate-por-mi-ponga-al-met-en-una-situacion-dificil-john-galliano-renuncia-a-la-muestra-en-su-honor-tras-la-presion-por-su-pasado-antisemita-4-684x545.jpg","newsmatic-list":"https:\/\/lobosnews.com.ar\/wp-content\/uploads\/2026\/08\/no-quiero-que-el-debate-por-mi-ponga-al-met-en-una-situacion-dificil-john-galliano-renuncia-a-la-muestra-en-su-honor-tras-la-presion-por-su-pasado-antisemita-4-600x400.jpg","newsmatic-thumb":"https:\/\/lobosnews.com.ar\/wp-content\/uploads\/2026\/08\/no-quiero-que-el-debate-por-mi-ponga-al-met-en-una-situacion-dificil-john-galliano-renuncia-a-la-muestra-en-su-honor-tras-la-presion-por-su-pasado-antisemita-4-300x200.jpg","newsmatic-small":"https:\/\/lobosnews.com.ar\/wp-content\/uploads\/2026\/08\/no-quiero-que-el-debate-por-mi-ponga-al-met-en-una-situacion-dificil-john-galliano-renuncia-a-la-muestra-en-su-honor-tras-la-presion-por-su-pasado-antisemita-4-150x95.jpg","newsmatic-grid":"https:\/\/lobosnews.com.ar\/wp-content\/uploads\/2026\/08\/no-quiero-que-el-debate-por-mi-ponga-al-met-en-una-situacion-dificil-john-galliano-renuncia-a-la-muestra-en-su-honor-tras-la-presion-por-su-pasado-antisemita-4-400x250.jpg"},"magazineBlocksPostAuthor":{"name":"admin","avatar":"https:\/\/secure.gravatar.com\/avatar\/76e419471a2083bc3ceab22a763dbbf9b0c1bd15a6214cf3280e2c2dde4580f9?s=96&d=mm&r=g"},"magazineBlocksPostCommentsNumber":"0","magazineBlocksPostExcerpt":"Ante la fuerte reacci\u00f3n negativa, el influyente dise\u00f1ador de moda John Galliano ha tomado la medida sin precedentes de retirarse de una exposici\u00f3n prevista en su honor en el Museo Metropolitano de Arte. \u201cTras mucha reflexi\u00f3n y conversaciones con todos los implicados, he decidido, con gran tristeza, que lo mejor es que la exposici\u00f3n no...","magazineBlocksPostCategories":["Actualidad"],"magazineBlocksPostViewCount":47,"magazineBlocksPostReadTime":8,"magazine_blocks_featured_image_url":{"full":["https:\/\/lobosnews.com.ar\/wp-content\/uploads\/2026\/08\/no-quiero-que-el-debate-por-mi-ponga-al-met-en-una-situacion-dificil-john-galliano-renuncia-a-la-muestra-en-su-honor-tras-la-presion-por-su-pasado-antisemita-4.jpg",684,1024,false],"medium":["https:\/\/lobosnews.com.ar\/wp-content\/uploads\/2026\/08\/no-quiero-que-el-debate-por-mi-ponga-al-met-en-una-situacion-dificil-john-galliano-renuncia-a-la-muestra-en-su-honor-tras-la-presion-por-su-pasado-antisemita-4-200x300.jpg",200,300,true],"thumbnail":["https:\/\/lobosnews.com.ar\/wp-content\/uploads\/2026\/08\/no-quiero-que-el-debate-por-mi-ponga-al-met-en-una-situacion-dificil-john-galliano-renuncia-a-la-muestra-en-su-honor-tras-la-presion-por-su-pasado-antisemita-4-150x150.jpg",150,150,true]},"magazine_blocks_author":{"display_name":"admin","author_link":"https:\/\/lobosnews.com.ar\/index.php\/author\/lobos-news\/"},"magazine_blocks_comment":0,"magazine_blocks_author_image":"https:\/\/secure.gravatar.com\/avatar\/76e419471a2083bc3ceab22a763dbbf9b0c1bd15a6214cf3280e2c2dde4580f9?s=96&d=mm&r=g","magazine_blocks_category":"<a href=\"#\" class=\"category-link category-link-31\">Actualidad<\/a>","yoast_head":"<!-- This site is optimized with the Yoast SEO plugin v28.0 - https:\/\/yoast.com\/product\/yoast-seo-wordpress\/ -->\n<title>\u201cNo quiero que el debate por m\u00ed ponga al Met en una situaci\u00f3n dif\u00edcil\u201d: John Galliano renuncia a la muestra en su honor tras la presi\u00f3n por su pasado antisemita - Lobos News<\/title>\n<meta name=\"robots\" content=\"index, follow, max-snippet:-1, max-image-preview:large, max-video-preview:-1\" \/>\n<link rel=\"canonical\" href=\"https:\/\/lobosnews.com.ar\/index.php\/2026\/08\/31\/no-quiero-que-el-debate-por-mi-ponga-al-met-en-una-situacion-dificil-john-galliano-renuncia-a-la-muestra-en-su-honor-tras-la-presion-por-su-pasado-antisemita\/\" \/>\n<meta property=\"og:locale\" content=\"es_ES\" \/>\n<meta property=\"og:type\" content=\"article\" \/>\n<meta property=\"og:title\" content=\"\u201cNo quiero que el debate por m\u00ed ponga al Met en una situaci\u00f3n dif\u00edcil\u201d: John Galliano renuncia a la muestra en su honor tras la presi\u00f3n por su pasado antisemita - Lobos News\" \/>\n<meta property=\"og:description\" content=\"Ante la fuerte reacci\u00f3n negativa, el influyente dise\u00f1ador de moda John Galliano ha tomado la medida sin precedentes de retirarse de una exposici\u00f3n prevista en su honor en el Museo Metropolitano de Arte. \u201cTras mucha reflexi\u00f3n y conversaciones con todos los implicados, he decidido, con gran tristeza, que lo mejor es que la exposici\u00f3n no...\" \/>\n<meta property=\"og:url\" content=\"https:\/\/lobosnews.com.ar\/index.php\/2026\/08\/31\/no-quiero-que-el-debate-por-mi-ponga-al-met-en-una-situacion-dificil-john-galliano-renuncia-a-la-muestra-en-su-honor-tras-la-presion-por-su-pasado-antisemita\/\" \/>\n<meta property=\"og:site_name\" content=\"Lobos News\" \/>\n<meta property=\"article:published_time\" content=\"2026-08-31T17:40:32+00:00\" \/>\n<meta property=\"article:modified_time\" content=\"2026-08-31T19:21:28+00:00\" \/>\n<meta property=\"og:image\" content=\"https:\/\/lobosnews.com.ar\/wp-content\/uploads\/2026\/08\/no-quiero-que-el-debate-por-mi-ponga-al-met-en-una-situacion-dificil-john-galliano-renuncia-a-la-muestra-en-su-honor-tras-la-presion-por-su-pasado-antisemita-4.jpg\" \/>\n\t<meta property=\"og:image:width\" content=\"684\" \/>\n\t<meta property=\"og:image:height\" content=\"1024\" \/>\n\t<meta property=\"og:image:type\" content=\"image\/jpeg\" \/>\n<meta name=\"author\" content=\"admin\" \/>\n<meta name=\"twitter:card\" content=\"summary_large_image\" \/>\n<meta name=\"twitter:label1\" content=\"Escrito por\" \/>\n\t<meta name=\"twitter:data1\" content=\"admin\" \/>\n\t<meta name=\"twitter:label2\" content=\"Tiempo de lectura\" \/>\n\t<meta name=\"twitter:data2\" content=\"8 minutos\" \/>\n<script type=\"application\/ld+json\" class=\"yoast-schema-graph\">{\"@context\":\"https:\\\/\\\/schema.org\",\"@graph\":[{\"@type\":\"Article\",\"@id\":\"https:\\\/\\\/lobosnews.com.ar\\\/index.php\\\/2026\\\/08\\\/31\\\/no-quiero-que-el-debate-por-mi-ponga-al-met-en-una-situacion-dificil-john-galliano-renuncia-a-la-muestra-en-su-honor-tras-la-presion-por-su-pasado-antisemita\\\/#article\",\"isPartOf\":{\"@id\":\"https:\\\/\\\/lobosnews.com.ar\\\/index.php\\\/2026\\\/08\\\/31\\\/no-quiero-que-el-debate-por-mi-ponga-al-met-en-una-situacion-dificil-john-galliano-renuncia-a-la-muestra-en-su-honor-tras-la-presion-por-su-pasado-antisemita\\\/\"},\"author\":{\"name\":\"admin\",\"@id\":\"https:\\\/\\\/lobosnews.com.ar\\\/#\\\/schema\\\/person\\\/232422a593d5c541dd9aef6aaed10943\"},\"headline\":\"\u201cNo quiero que el debate por m\u00ed ponga al Met en una situaci\u00f3n dif\u00edcil\u201d: John Galliano renuncia a la muestra en su honor tras la presi\u00f3n por su pasado antisemita\",\"datePublished\":\"2026-08-31T17:40:32+00:00\",\"dateModified\":\"2026-08-31T19:21:28+00:00\",\"mainEntityOfPage\":{\"@id\":\"https:\\\/\\\/lobosnews.com.ar\\\/index.php\\\/2026\\\/08\\\/31\\\/no-quiero-que-el-debate-por-mi-ponga-al-met-en-una-situacion-dificil-john-galliano-renuncia-a-la-muestra-en-su-honor-tras-la-presion-por-su-pasado-antisemita\\\/\"},\"wordCount\":1626,\"commentCount\":0,\"publisher\":{\"@id\":\"https:\\\/\\\/lobosnews.com.ar\\\/#organization\"},\"image\":{\"@id\":\"https:\\\/\\\/lobosnews.com.ar\\\/index.php\\\/2026\\\/08\\\/31\\\/no-quiero-que-el-debate-por-mi-ponga-al-met-en-una-situacion-dificil-john-galliano-renuncia-a-la-muestra-en-su-honor-tras-la-presion-por-su-pasado-antisemita\\\/#primaryimage\"},\"thumbnailUrl\":\"https:\\\/\\\/lobosnews.com.ar\\\/wp-content\\\/uploads\\\/2026\\\/08\\\/no-quiero-que-el-debate-por-mi-ponga-al-met-en-una-situacion-dificil-john-galliano-renuncia-a-la-muestra-en-su-honor-tras-la-presion-por-su-pasado-antisemita-4.jpg\",\"articleSection\":[\"Actualidad\"],\"inLanguage\":\"es\",\"potentialAction\":[{\"@type\":\"CommentAction\",\"name\":\"Comment\",\"target\":[\"https:\\\/\\\/lobosnews.com.ar\\\/index.php\\\/2026\\\/08\\\/31\\\/no-quiero-que-el-debate-por-mi-ponga-al-met-en-una-situacion-dificil-john-galliano-renuncia-a-la-muestra-en-su-honor-tras-la-presion-por-su-pasado-antisemita\\\/#respond\"]}]},{\"@type\":\"WebPage\",\"@id\":\"https:\\\/\\\/lobosnews.com.ar\\\/index.php\\\/2026\\\/08\\\/31\\\/no-quiero-que-el-debate-por-mi-ponga-al-met-en-una-situacion-dificil-john-galliano-renuncia-a-la-muestra-en-su-honor-tras-la-presion-por-su-pasado-antisemita\\\/\",\"url\":\"https:\\\/\\\/lobosnews.com.ar\\\/index.php\\\/2026\\\/08\\\/31\\\/no-quiero-que-el-debate-por-mi-ponga-al-met-en-una-situacion-dificil-john-galliano-renuncia-a-la-muestra-en-su-honor-tras-la-presion-por-su-pasado-antisemita\\\/\",\"name\":\"\u201cNo quiero que el debate por m\u00ed ponga al Met en una situaci\u00f3n dif\u00edcil\u201d: John Galliano renuncia a la muestra en su honor tras la presi\u00f3n por su pasado antisemita - Lobos News\",\"isPartOf\":{\"@id\":\"https:\\\/\\\/lobosnews.com.ar\\\/#website\"},\"primaryImageOfPage\":{\"@id\":\"https:\\\/\\\/lobosnews.com.ar\\\/index.php\\\/2026\\\/08\\\/31\\\/no-quiero-que-el-debate-por-mi-ponga-al-met-en-una-situacion-dificil-john-galliano-renuncia-a-la-muestra-en-su-honor-tras-la-presion-por-su-pasado-antisemita\\\/#primaryimage\"},\"image\":{\"@id\":\"https:\\\/\\\/lobosnews.com.ar\\\/index.php\\\/2026\\\/08\\\/31\\\/no-quiero-que-el-debate-por-mi-ponga-al-met-en-una-situacion-dificil-john-galliano-renuncia-a-la-muestra-en-su-honor-tras-la-presion-por-su-pasado-antisemita\\\/#primaryimage\"},\"thumbnailUrl\":\"https:\\\/\\\/lobosnews.com.ar\\\/wp-content\\\/uploads\\\/2026\\\/08\\\/no-quiero-que-el-debate-por-mi-ponga-al-met-en-una-situacion-dificil-john-galliano-renuncia-a-la-muestra-en-su-honor-tras-la-presion-por-su-pasado-antisemita-4.jpg\",\"datePublished\":\"2026-08-31T17:40:32+00:00\",\"dateModified\":\"2026-08-31T19:21:28+00:00\",\"breadcrumb\":{\"@id\":\"https:\\\/\\\/lobosnews.com.ar\\\/index.php\\\/2026\\\/08\\\/31\\\/no-quiero-que-el-debate-por-mi-ponga-al-met-en-una-situacion-dificil-john-galliano-renuncia-a-la-muestra-en-su-honor-tras-la-presion-por-su-pasado-antisemita\\\/#breadcrumb\"},\"inLanguage\":\"es\",\"potentialAction\":[{\"@type\":\"ReadAction\",\"target\":[\"https:\\\/\\\/lobosnews.com.ar\\\/index.php\\\/2026\\\/08\\\/31\\\/no-quiero-que-el-debate-por-mi-ponga-al-met-en-una-situacion-dificil-john-galliano-renuncia-a-la-muestra-en-su-honor-tras-la-presion-por-su-pasado-antisemita\\\/\"]}]},{\"@type\":\"ImageObject\",\"inLanguage\":\"es\",\"@id\":\"https:\\\/\\\/lobosnews.com.ar\\\/index.php\\\/2026\\\/08\\\/31\\\/no-quiero-que-el-debate-por-mi-ponga-al-met-en-una-situacion-dificil-john-galliano-renuncia-a-la-muestra-en-su-honor-tras-la-presion-por-su-pasado-antisemita\\\/#primaryimage\",\"url\":\"https:\\\/\\\/lobosnews.com.ar\\\/wp-content\\\/uploads\\\/2026\\\/08\\\/no-quiero-que-el-debate-por-mi-ponga-al-met-en-una-situacion-dificil-john-galliano-renuncia-a-la-muestra-en-su-honor-tras-la-presion-por-su-pasado-antisemita-4.jpg\",\"contentUrl\":\"https:\\\/\\\/lobosnews.com.ar\\\/wp-content\\\/uploads\\\/2026\\\/08\\\/no-quiero-que-el-debate-por-mi-ponga-al-met-en-una-situacion-dificil-john-galliano-renuncia-a-la-muestra-en-su-honor-tras-la-presion-por-su-pasado-antisemita-4.jpg\",\"width\":684,\"height\":1024,\"caption\":\"\u201cNo quiero que el debate por m\u00ed ponga al Met en una situaci\u00f3n dif\u00edcil\u201d: John Galliano renuncia a la muestra en su honor tras la presi\u00f3n por su pasado antisemita\"},{\"@type\":\"BreadcrumbList\",\"@id\":\"https:\\\/\\\/lobosnews.com.ar\\\/index.php\\\/2026\\\/08\\\/31\\\/no-quiero-que-el-debate-por-mi-ponga-al-met-en-una-situacion-dificil-john-galliano-renuncia-a-la-muestra-en-su-honor-tras-la-presion-por-su-pasado-antisemita\\\/#breadcrumb\",\"itemListElement\":[{\"@type\":\"ListItem\",\"position\":1,\"name\":\"Portada\",\"item\":\"https:\\\/\\\/lobosnews.com.ar\\\/\"},{\"@type\":\"ListItem\",\"position\":2,\"name\":\"\u201cNo quiero que el debate por m\u00ed ponga al Met en una situaci\u00f3n dif\u00edcil\u201d: John Galliano renuncia a la muestra en su honor tras la presi\u00f3n por su pasado antisemita\"}]},{\"@type\":\"WebSite\",\"@id\":\"https:\\\/\\\/lobosnews.com.ar\\\/#website\",\"url\":\"https:\\\/\\\/lobosnews.com.ar\\\/\",\"name\":\"Lobos News\",\"description\":\"Informaci\u00f3n a cada instante\",\"publisher\":{\"@id\":\"https:\\\/\\\/lobosnews.com.ar\\\/#organization\"},\"potentialAction\":[{\"@type\":\"SearchAction\",\"target\":{\"@type\":\"EntryPoint\",\"urlTemplate\":\"https:\\\/\\\/lobosnews.com.ar\\\/?s={search_term_string}\"},\"query-input\":{\"@type\":\"PropertyValueSpecification\",\"valueRequired\":true,\"valueName\":\"search_term_string\"}}],\"inLanguage\":\"es\"},{\"@type\":\"Organization\",\"@id\":\"https:\\\/\\\/lobosnews.com.ar\\\/#organization\",\"name\":\"Lobos News\",\"url\":\"https:\\\/\\\/lobosnews.com.ar\\\/\",\"logo\":{\"@type\":\"ImageObject\",\"inLanguage\":\"es\",\"@id\":\"https:\\\/\\\/lobosnews.com.ar\\\/#\\\/schema\\\/logo\\\/image\\\/\",\"url\":\"https:\\\/\\\/lobosnews.com.ar\\\/wp-content\\\/uploads\\\/2026\\\/01\\\/logo-lobosnews.png\",\"contentUrl\":\"https:\\\/\\\/lobosnews.com.ar\\\/wp-content\\\/uploads\\\/2026\\\/01\\\/logo-lobosnews.png\",\"width\":500,\"height\":200,\"caption\":\"Lobos News\"},\"image\":{\"@id\":\"https:\\\/\\\/lobosnews.com.ar\\\/#\\\/schema\\\/logo\\\/image\\\/\"}},{\"@type\":\"Person\",\"@id\":\"https:\\\/\\\/lobosnews.com.ar\\\/#\\\/schema\\\/person\\\/232422a593d5c541dd9aef6aaed10943\",\"name\":\"admin\",\"image\":{\"@type\":\"ImageObject\",\"inLanguage\":\"es\",\"@id\":\"https:\\\/\\\/secure.gravatar.com\\\/avatar\\\/76e419471a2083bc3ceab22a763dbbf9b0c1bd15a6214cf3280e2c2dde4580f9?s=96&d=mm&r=g\",\"url\":\"https:\\\/\\\/secure.gravatar.com\\\/avatar\\\/76e419471a2083bc3ceab22a763dbbf9b0c1bd15a6214cf3280e2c2dde4580f9?s=96&d=mm&r=g\",\"contentUrl\":\"https:\\\/\\\/secure.gravatar.com\\\/avatar\\\/76e419471a2083bc3ceab22a763dbbf9b0c1bd15a6214cf3280e2c2dde4580f9?s=96&d=mm&r=g\",\"caption\":\"admin\"},\"sameAs\":[\"https:\\\/\\\/lobosnews.com.ar\"],\"url\":\"https:\\\/\\\/lobosnews.com.ar\\\/index.php\\\/author\\\/lobos-news\\\/\"}]}<\/script>\n<!-- \/ Yoast SEO plugin. -->","yoast_head_json":{"title":"\u201cNo quiero que el debate por m\u00ed ponga al Met en una situaci\u00f3n dif\u00edcil\u201d: John Galliano renuncia a la muestra en su honor tras la presi\u00f3n por su pasado antisemita - Lobos News","robots":{"index":"index","follow":"follow","max-snippet":"max-snippet:-1","max-image-preview":"max-image-preview:large","max-video-preview":"max-video-preview:-1"},"canonical":"https:\/\/lobosnews.com.ar\/index.php\/2026\/08\/31\/no-quiero-que-el-debate-por-mi-ponga-al-met-en-una-situacion-dificil-john-galliano-renuncia-a-la-muestra-en-su-honor-tras-la-presion-por-su-pasado-antisemita\/","og_locale":"es_ES","og_type":"article","og_title":"\u201cNo quiero que el debate por m\u00ed ponga al Met en una situaci\u00f3n dif\u00edcil\u201d: John Galliano renuncia a la muestra en su honor tras la presi\u00f3n por su pasado antisemita - Lobos News","og_description":"Ante la fuerte reacci\u00f3n negativa, el influyente dise\u00f1ador de moda John Galliano ha tomado la medida sin precedentes de retirarse de una exposici\u00f3n prevista en su honor en el Museo Metropolitano de Arte. \u201cTras mucha reflexi\u00f3n y conversaciones con todos los implicados, he decidido, con gran tristeza, que lo mejor es que la exposici\u00f3n no...","og_url":"https:\/\/lobosnews.com.ar\/index.php\/2026\/08\/31\/no-quiero-que-el-debate-por-mi-ponga-al-met-en-una-situacion-dificil-john-galliano-renuncia-a-la-muestra-en-su-honor-tras-la-presion-por-su-pasado-antisemita\/","og_site_name":"Lobos News","article_published_time":"2026-08-31T17:40:32+00:00","article_modified_time":"2026-08-31T19:21:28+00:00","og_image":[{"width":684,"height":1024,"url":"https:\/\/lobosnews.com.ar\/wp-content\/uploads\/2026\/08\/no-quiero-que-el-debate-por-mi-ponga-al-met-en-una-situacion-dificil-john-galliano-renuncia-a-la-muestra-en-su-honor-tras-la-presion-por-su-pasado-antisemita-4.jpg","type":"image\/jpeg"}],"author":"admin","twitter_card":"summary_large_image","twitter_misc":{"Escrito por":"admin","Tiempo de lectura":"8 minutos"},"schema":{"@context":"https:\/\/schema.org","@graph":[{"@type":"Article","@id":"https:\/\/lobosnews.com.ar\/index.php\/2026\/08\/31\/no-quiero-que-el-debate-por-mi-ponga-al-met-en-una-situacion-dificil-john-galliano-renuncia-a-la-muestra-en-su-honor-tras-la-presion-por-su-pasado-antisemita\/#article","isPartOf":{"@id":"https:\/\/lobosnews.com.ar\/index.php\/2026\/08\/31\/no-quiero-que-el-debate-por-mi-ponga-al-met-en-una-situacion-dificil-john-galliano-renuncia-a-la-muestra-en-su-honor-tras-la-presion-por-su-pasado-antisemita\/"},"author":{"name":"admin","@id":"https:\/\/lobosnews.com.ar\/#\/schema\/person\/232422a593d5c541dd9aef6aaed10943"},"headline":"\u201cNo quiero que el debate por m\u00ed ponga al Met en una situaci\u00f3n dif\u00edcil\u201d: John Galliano renuncia a la muestra en su honor tras la presi\u00f3n por su pasado antisemita","datePublished":"2026-08-31T17:40:32+00:00","dateModified":"2026-08-31T19:21:28+00:00","mainEntityOfPage":{"@id":"https:\/\/lobosnews.com.ar\/index.php\/2026\/08\/31\/no-quiero-que-el-debate-por-mi-ponga-al-met-en-una-situacion-dificil-john-galliano-renuncia-a-la-muestra-en-su-honor-tras-la-presion-por-su-pasado-antisemita\/"},"wordCount":1626,"commentCount":0,"publisher":{"@id":"https:\/\/lobosnews.com.ar\/#organization"},"image":{"@id":"https:\/\/lobosnews.com.ar\/index.php\/2026\/08\/31\/no-quiero-que-el-debate-por-mi-ponga-al-met-en-una-situacion-dificil-john-galliano-renuncia-a-la-muestra-en-su-honor-tras-la-presion-por-su-pasado-antisemita\/#primaryimage"},"thumbnailUrl":"https:\/\/lobosnews.com.ar\/wp-content\/uploads\/2026\/08\/no-quiero-que-el-debate-por-mi-ponga-al-met-en-una-situacion-dificil-john-galliano-renuncia-a-la-muestra-en-su-honor-tras-la-presion-por-su-pasado-antisemita-4.jpg","articleSection":["Actualidad"],"inLanguage":"es","potentialAction":[{"@type":"CommentAction","name":"Comment","target":["https:\/\/lobosnews.com.ar\/index.php\/2026\/08\/31\/no-quiero-que-el-debate-por-mi-ponga-al-met-en-una-situacion-dificil-john-galliano-renuncia-a-la-muestra-en-su-honor-tras-la-presion-por-su-pasado-antisemita\/#respond"]}]},{"@type":"WebPage","@id":"https:\/\/lobosnews.com.ar\/index.php\/2026\/08\/31\/no-quiero-que-el-debate-por-mi-ponga-al-met-en-una-situacion-dificil-john-galliano-renuncia-a-la-muestra-en-su-honor-tras-la-presion-por-su-pasado-antisemita\/","url":"https:\/\/lobosnews.com.ar\/index.php\/2026\/08\/31\/no-quiero-que-el-debate-por-mi-ponga-al-met-en-una-situacion-dificil-john-galliano-renuncia-a-la-muestra-en-su-honor-tras-la-presion-por-su-pasado-antisemita\/","name":"\u201cNo quiero que el debate por m\u00ed ponga al Met en una situaci\u00f3n dif\u00edcil\u201d: John Galliano renuncia a la muestra en su honor tras la presi\u00f3n por su pasado antisemita - Lobos News","isPartOf":{"@id":"https:\/\/lobosnews.com.ar\/#website"},"primaryImageOfPage":{"@id":"https:\/\/lobosnews.com.ar\/index.php\/2026\/08\/31\/no-quiero-que-el-debate-por-mi-ponga-al-met-en-una-situacion-dificil-john-galliano-renuncia-a-la-muestra-en-su-honor-tras-la-presion-por-su-pasado-antisemita\/#primaryimage"},"image":{"@id":"https:\/\/lobosnews.com.ar\/index.php\/2026\/08\/31\/no-quiero-que-el-debate-por-mi-ponga-al-met-en-una-situacion-dificil-john-galliano-renuncia-a-la-muestra-en-su-honor-tras-la-presion-por-su-pasado-antisemita\/#primaryimage"},"thumbnailUrl":"https:\/\/lobosnews.com.ar\/wp-content\/uploads\/2026\/08\/no-quiero-que-el-debate-por-mi-ponga-al-met-en-una-situacion-dificil-john-galliano-renuncia-a-la-muestra-en-su-honor-tras-la-presion-por-su-pasado-antisemita-4.jpg","datePublished":"2026-08-31T17:40:32+00:00","dateModified":"2026-08-31T19:21:28+00:00","breadcrumb":{"@id":"https:\/\/lobosnews.com.ar\/index.php\/2026\/08\/31\/no-quiero-que-el-debate-por-mi-ponga-al-met-en-una-situacion-dificil-john-galliano-renuncia-a-la-muestra-en-su-honor-tras-la-presion-por-su-pasado-antisemita\/#breadcrumb"},"inLanguage":"es","potentialAction":[{"@type":"ReadAction","target":["https:\/\/lobosnews.com.ar\/index.php\/2026\/08\/31\/no-quiero-que-el-debate-por-mi-ponga-al-met-en-una-situacion-dificil-john-galliano-renuncia-a-la-muestra-en-su-honor-tras-la-presion-por-su-pasado-antisemita\/"]}]},{"@type":"ImageObject","inLanguage":"es","@id":"https:\/\/lobosnews.com.ar\/index.php\/2026\/08\/31\/no-quiero-que-el-debate-por-mi-ponga-al-met-en-una-situacion-dificil-john-galliano-renuncia-a-la-muestra-en-su-honor-tras-la-presion-por-su-pasado-antisemita\/#primaryimage","url":"https:\/\/lobosnews.com.ar\/wp-content\/uploads\/2026\/08\/no-quiero-que-el-debate-por-mi-ponga-al-met-en-una-situacion-dificil-john-galliano-renuncia-a-la-muestra-en-su-honor-tras-la-presion-por-su-pasado-antisemita-4.jpg","contentUrl":"https:\/\/lobosnews.com.ar\/wp-content\/uploads\/2026\/08\/no-quiero-que-el-debate-por-mi-ponga-al-met-en-una-situacion-dificil-john-galliano-renuncia-a-la-muestra-en-su-honor-tras-la-presion-por-su-pasado-antisemita-4.jpg","width":684,"height":1024,"caption":"\u201cNo quiero que el debate por m\u00ed ponga al Met en una situaci\u00f3n dif\u00edcil\u201d: John Galliano renuncia a la muestra en su honor tras la presi\u00f3n por su pasado antisemita"},{"@type":"BreadcrumbList","@id":"https:\/\/lobosnews.com.ar\/index.php\/2026\/08\/31\/no-quiero-que-el-debate-por-mi-ponga-al-met-en-una-situacion-dificil-john-galliano-renuncia-a-la-muestra-en-su-honor-tras-la-presion-por-su-pasado-antisemita\/#breadcrumb","itemListElement":[{"@type":"ListItem","position":1,"name":"Portada","item":"https:\/\/lobosnews.com.ar\/"},{"@type":"ListItem","position":2,"name":"\u201cNo quiero que el debate por m\u00ed ponga al Met en una situaci\u00f3n dif\u00edcil\u201d: John Galliano renuncia a la muestra en su honor tras la presi\u00f3n por su pasado antisemita"}]},{"@type":"WebSite","@id":"https:\/\/lobosnews.com.ar\/#website","url":"https:\/\/lobosnews.com.ar\/","name":"Lobos News","description":"Informaci\u00f3n a cada instante","publisher":{"@id":"https:\/\/lobosnews.com.ar\/#organization"},"potentialAction":[{"@type":"SearchAction","target":{"@type":"EntryPoint","urlTemplate":"https:\/\/lobosnews.com.ar\/?s={search_term_string}"},"query-input":{"@type":"PropertyValueSpecification","valueRequired":true,"valueName":"search_term_string"}}],"inLanguage":"es"},{"@type":"Organization","@id":"https:\/\/lobosnews.com.ar\/#organization","name":"Lobos News","url":"https:\/\/lobosnews.com.ar\/","logo":{"@type":"ImageObject","inLanguage":"es","@id":"https:\/\/lobosnews.com.ar\/#\/schema\/logo\/image\/","url":"https:\/\/lobosnews.com.ar\/wp-content\/uploads\/2026\/01\/logo-lobosnews.png","contentUrl":"https:\/\/lobosnews.com.ar\/wp-content\/uploads\/2026\/01\/logo-lobosnews.png","width":500,"height":200,"caption":"Lobos News"},"image":{"@id":"https:\/\/lobosnews.com.ar\/#\/schema\/logo\/image\/"}},{"@type":"Person","@id":"https:\/\/lobosnews.com.ar\/#\/schema\/person\/232422a593d5c541dd9aef6aaed10943","name":"admin","image":{"@type":"ImageObject","inLanguage":"es","@id":"https:\/\/secure.gravatar.com\/avatar\/76e419471a2083bc3ceab22a763dbbf9b0c1bd15a6214cf3280e2c2dde4580f9?s=96&d=mm&r=g","url":"https:\/\/secure.gravatar.com\/avatar\/76e419471a2083bc3ceab22a763dbbf9b0c1bd15a6214cf3280e2c2dde4580f9?s=96&d=mm&r=g","contentUrl":"https:\/\/secure.gravatar.com\/avatar\/76e419471a2083bc3ceab22a763dbbf9b0c1bd15a6214cf3280e2c2dde4580f9?s=96&d=mm&r=g","caption":"admin"},"sameAs":["https:\/\/lobosnews.com.ar"],"url":"https:\/\/lobosnews.com.ar\/index.php\/author\/lobos-news\/"}]}},"jetpack_featured_media_url":"https:\/\/lobosnews.com.ar\/wp-content\/uploads\/2026\/08\/no-quiero-que-el-debate-por-mi-ponga-al-met-en-una-situacion-dificil-john-galliano-renuncia-a-la-muestra-en-su-honor-tras-la-presion-por-su-pasado-antisemita-4.jpg","jetpack_sharing_enabled":true,"_links":{"self":[{"href":"https:\/\/lobosnews.com.ar\/index.php\/wp-json\/wp\/v2\/posts\/95957","targetHints":{"allow":["GET"]}}],"collection":[{"href":"https:\/\/lobosnews.com.ar\/index.php\/wp-json\/wp\/v2\/posts"}],"about":[{"href":"https:\/\/lobosnews.com.ar\/index.php\/wp-json\/wp\/v2\/types\/post"}],"author":[{"embeddable":true,"href":"https:\/\/lobosnews.com.ar\/index.php\/wp-json\/wp\/v2\/users\/1"}],"replies":[{"embeddable":true,"href":"https:\/\/lobosnews.com.ar\/index.php\/wp-json\/wp\/v2\/comments?post=95957"}],"version-history":[{"count":1,"href":"https:\/\/lobosnews.com.ar\/index.php\/wp-json\/wp\/v2\/posts\/95957\/revisions"}],"predecessor-version":[{"id":95961,"href":"https:\/\/lobosnews.com.ar\/index.php\/wp-json\/wp\/v2\/posts\/95957\/revisions\/95961"}],"wp:featuredmedia":[{"embeddable":true,"href":"https:\/\/lobosnews.com.ar\/index.php\/wp-json\/wp\/v2\/media\/95962"}],"wp:attachment":[{"href":"https:\/\/lobosnews.com.ar\/index.php\/wp-json\/wp\/v2\/media?parent=95957"}],"wp:term":[{"taxonomy":"category","embeddable":true,"href":"https:\/\/lobosnews.com.ar\/index.php\/wp-json\/wp\/v2\/categories?post=95957"},{"taxonomy":"post_tag","embeddable":true,"href":"https:\/\/lobosnews.com.ar\/index.php\/wp-json\/wp\/v2\/tags?post=95957"}],"curies":[{"name":"wp","href":"https:\/\/api.w.org\/{rel}","templated":true}]}}