{"id":95894,"date":"2026-08-31T03:30:00","date_gmt":"2026-08-31T03:30:00","guid":{"rendered":"https:\/\/lobosnews.com.ar\/?p=95894"},"modified":"2026-08-31T05:18:14","modified_gmt":"2026-08-31T05:18:14","slug":"cayo-paranacito-en-un-megaoperativo-narco-en-florencio-varela-y-quilmes-lo-vinculan-con-el-crimen-del-sargento-facundo-gimenez-2","status":"publish","type":"post","link":"https:\/\/lobosnews.com.ar\/index.php\/2026\/08\/31\/cayo-paranacito-en-un-megaoperativo-narco-en-florencio-varela-y-quilmes-lo-vinculan-con-el-crimen-del-sargento-facundo-gimenez-2\/","title":{"rendered":"Cay\u00f3 \u201cParanacito\u201d en un megaoperativo narco en Florencio Varela y Quilmes: lo vinculan con el crimen del sargento Facundo Gim\u00e9nez"},"content":{"rendered":"<p>La <b>Polic\u00eda Bonaerense<\/b> llev\u00f3 a cabo un megaoperativo narco que incluy\u00f3 <b>30 allanamientos en Florencio Varela y Quilmes<\/b> y termin\u00f3 con 18 personas detenidas. Entre ellas se encuentra <b>N\u00e9stor Adri\u00e1n Prieto Grance<\/b>, de 24 a\u00f1os, alias <b>\u201cParan\u00e1\u201d o \u201cParanacito\u201d<\/b>, se\u00f1alado como el presunto jefe de la organizaci\u00f3n investigada.<\/p>\n<p>Seg\u00fan confiaron fuentes policiales a <b>Infobae<\/b>, el joven tambi\u00e9n aparece como <b>persona de inter\u00e9s en distintos hechos de homicidio y sicariato<\/b>, entre ellos <span class=\"waslinkname\"><i><b>el crimen del sargento Facundo Gim\u00e9nez, asesinado durante un allanamiento narco en Florencio Varela<\/b><\/i><\/span>. Su posible vinculaci\u00f3n con ese asesinato contin\u00faa bajo investigaci\u00f3n judicial.<\/p>\n<p>Los procedimientos estuvieron a cargo de personal de la <b>Direcci\u00f3n de Investigaciones de Delitos Federales<\/b>, dependiente de la Superintendencia de Investigaciones de Delitos Complejos y Crimen Organizado.<\/p>\n<p>La investigaci\u00f3n se llev\u00f3 adelante el <b>s\u00e1bado 29 de agosto<\/b> e incluy\u00f3 tareas de inteligencia criminal, vigilancias, seguimientos, relevamientos territoriales, filmaciones y an\u00e1lisis de comunicaciones.<\/p>\n<p><img loading=\"lazy\" decoding=\"async\" src=\"https:\/\/lobosnews.com.ar\/wp-content\/uploads\/2026\/08\/cayo-paranacito-en-un-megaoperativo-narco-en-florencio-varela-y-quilmes-lo-vinculan-con-el-crimen-del-sargento-facundo-gimenez.jpg\" alt=\"N\u00e9stor Adri\u00e1n Prieto Grance, alias \u201cParanacito\u201d, se\u00f1alado como el presunto jefe de la organizaci\u00f3n y vinculado al crimen del sargento Facundo Gim\u00e9nez\" height=\"1080\" width=\"1920\"\/><\/p>\n<p>A partir de esas medidas, los investigadores establecieron la existencia de <b>una estructura dedicada al abastecimiento, distribuci\u00f3n y comercializaci\u00f3n de estupefacientes<\/b> en distintos sectores de Florencio Varela y Quilmes. De acuerdo con la pesquisa, la organizaci\u00f3n funcionaba mediante vendedores, <b>\u201cbolseros\u201d, \u201csat\u00e9lites\u201d y distintos puntos de comercializaci\u00f3n o \u201cb\u00fankeres\u201d<\/b>.<\/p>\n<p>Con los elementos reunidos, y tras el pedido de la Ayudant\u00eda Fiscal de Estupefacientes de Florencio Varela y la UFI Descentralizada N\u00ba 1 del Departamento Judicial de Quilmes, a cargo del fiscal <b>Leonardo Valli<\/b>, el juez <b>Juli\u00e1n Bosteros<\/b>, titular del Juzgado de Garant\u00edas N.\u00ba 6, orden\u00f3 los <b>30 allanamientos<\/b>, entre ellos procedimientos en tres campos y tres b\u00fankeres, adem\u00e1s de un allanamiento de urgencia.<\/p>\n<p>El despliegue termin\u00f3 con <b>18 personas detenidas<\/b>, entre ellas \u201cParan\u00e1\u201d, considerado por los investigadores como el principal sospechoso y presunto l\u00edder de la organizaci\u00f3n narcocriminal.<\/p>\n<p>Tambi\u00e9n fue localizada <b>R.B.L.<\/b>, de 36 a\u00f1os, quien cumpl\u00eda <b>arresto domiciliario<\/b> en el marco de otra causa por tenencia y el tr\u00e1fico ilegal de estupefacientes. Asimismo, <b>M.D.R.<\/b>, de 40 a\u00f1os, fue aprehendido por disposici\u00f3n del fiscal interviniente por el delito de tenencia de estupefacientes con fines de comercializaci\u00f3n.<\/p>\n<p>Uno de los ejes que ahora deber\u00e1n profundizar los investigadores es <b>la posible vinculaci\u00f3n de Prieto Grance con distintos hechos violentos<\/b>. Seg\u00fan indicaron fuentes policiales, \u201cParanacito\u201d aparece como persona de inter\u00e9s en investigaciones por homicidios y sicariato y, entre ellas, en la causa por el asesinato del <b>sargento Facundo Gim\u00e9nez<\/b>.<\/p>\n<p>Como cont\u00f3 este medio, el polic\u00eda bonaerense fue atacado el <b>16 de junio pasado<\/b>, cuando participaba de un allanamiento en el barrio <b>La Colorada Oeste de Florencio Varela<\/b>, en el marco de otra investigaci\u00f3n por narcotr\u00e1fico. Durante el procedimiento, <b>Gim\u00e9nez recibi\u00f3 un disparo en la cabeza<\/b> y muri\u00f3 como consecuencia de la herida.<\/p>\n<p><img loading=\"lazy\" decoding=\"async\" src=\"https:\/\/www.infobae.com\/resizer\/v2\/EAME6SCUZZBWJLGVFMJHNNXPEM.jpg?auth=ac089346ee32359e257e6b632b597caa013421cfb00ef653565482c884ec704b&#038;smart=true&#038;width=1280&#038;height=591\" alt=\"Los operativos fueron llevados a cabo por personal de la Direcci\u00f3n de Investigaciones de Delitos Federales\" height=\"591\" width=\"1280\"\/><\/p>\n<p>En aquel operativo, la Polic\u00eda investigaba una estructura vinculada al narcomenudeo en la zona. <\/p>\n<p>En los allanamientos realizados este fin de semana, los polic\u00edas secuestraron <b>3.823,96 gramos de marihuana, 307,4 gramos de coca\u00edna y 204,8 gramos de pasta base <\/b>y distintos elementos presuntamente utilizados para el fraccionamiento de la droga.<\/p>\n<p>El operativo tambi\u00e9n permiti\u00f3 encontrar <b>seis armas de fuego<\/b>: cinco rev\u00f3lveres de calibres .38 S&amp;W, .38, .32 y .357 Magnum, y <b>una pistola Glock calibre 9 mil\u00edmetros<\/b>. Junto con ellas fueron incautadas 28 municiones y cartuchos.<\/p>\n<p>Adem\u00e1s, se hallaron <b>dos chalecos antibalas con funda policial y la numeraci\u00f3n suprimida<\/b>, uno de los elementos que ser\u00e1 analizado en el marco de la pesquisa.<\/p>\n<p><img loading=\"lazy\" decoding=\"async\" src=\"https:\/\/lobosnews.com.ar\/wp-content\/uploads\/2026\/08\/cayo-paranacito-en-un-megaoperativo-narco-en-florencio-varela-y-quilmes-lo-vinculan-con-el-crimen-del-sargento-facundo-gimenez-2.jpg\" alt=\"Los agentes secuestraron armas de fuego, estupefacientes, veh\u00edculos, dinero en efectivo y dem\u00e1s elementos de inter\u00e9s \" height=\"1080\" width=\"1920\"\/><\/p>\n<p>Los efectivos tambi\u00e9n secuestraron <b>2.900 d\u00f3lares, 621.500 pesos y 122.000 guaran\u00edes<\/b>, adem\u00e1s de 16 tel\u00e9fonos celulares, tres equipos de comunicaci\u00f3n tipo handy, bater\u00edas, auriculares, tarjetas SIM y tres balanzas digitales.<\/p>\n<p>Entre los rodados incautados se encuentran un autom\u00f3vil Geely Emgrand blanco sin la chapa patente colocada, una motocicleta Honda XR 125 cc y el cuadro de una moto Zanella con la numeraci\u00f3n suprimida.<\/p>\n<p>Una vez finalizados los procedimientos, efectivos policiales y personal del <b>Municipio de Florencio Varela derribaron los tres b\u00fankeres<\/b> identificados durante la investigaci\u00f3n como puntos de comercializaci\u00f3n de estupefacientes, con el objetivo de impedir que volvieran a ser utilizados para la venta de drogas.<\/p>\n<p>Los detenidos y aprehendidos, junto con los elementos secuestrados, quedaron a disposici\u00f3n de la Justicia en el marco de la causa por infracci\u00f3n a la Ley N.\u00ba 23.737. <\/p>\n","protected":false},"excerpt":{"rendered":"<p>La Polic\u00eda Bonaerense llev\u00f3 a cabo un megaoperativo narco que incluy\u00f3 30 allanamientos en Florencio Varela y Quilmes y termin\u00f3 con 18 personas detenidas. Entre ellas se encuentra N\u00e9stor Adri\u00e1n Prieto Grance, de 24 a\u00f1os, alias \u201cParan\u00e1\u201d o \u201cParanacito\u201d, se\u00f1alado como el presunto jefe de la organizaci\u00f3n investigada. Seg\u00fan confiaron fuentes policiales a Infobae, el&#8230;<\/p>\n","protected":false},"author":1,"featured_media":95901,"comment_status":"open","ping_status":"closed","sticky":false,"template":"","format":"standard","meta":{"_jetpack_newsletter_access":"","_jetpack_dont_email_post_to_subs":false,"_jetpack_newsletter_tier_id":0,"_jetpack_memberships_contains_paywalled_content":false,"_jetpack_memberships_contains_paid_content":false,"footnotes":"","jetpack_post_was_ever_published":false},"categories":[31,30,32,77,84,35,36,37],"tags":[],"class_list":["post-95894","post","type-post","status-publish","format-standard","has-post-thumbnail","hentry","category-actualidad","category-argentina","category-economia","category-inseguridad","category-masradios-com","category-nacionales","category-seguridad","category-sociedad"],"magazineBlocksPostFeaturedMedia":{"thumbnail":"https:\/\/lobosnews.com.ar\/wp-content\/uploads\/2026\/08\/cayo-paranacito-en-un-megaoperativo-narco-en-florencio-varela-y-quilmes-lo-vinculan-con-el-crimen-del-sargento-facundo-gimenez-6-150x150.jpg","medium":"https:\/\/lobosnews.com.ar\/wp-content\/uploads\/2026\/08\/cayo-paranacito-en-un-megaoperativo-narco-en-florencio-varela-y-quilmes-lo-vinculan-con-el-crimen-del-sargento-facundo-gimenez-6-300x169.jpg","medium_large":"https:\/\/lobosnews.com.ar\/wp-content\/uploads\/2026\/08\/cayo-paranacito-en-un-megaoperativo-narco-en-florencio-varela-y-quilmes-lo-vinculan-con-el-crimen-del-sargento-facundo-gimenez-6-768x432.jpg","large":"https:\/\/lobosnews.com.ar\/wp-content\/uploads\/2026\/08\/cayo-paranacito-en-un-megaoperativo-narco-en-florencio-varela-y-quilmes-lo-vinculan-con-el-crimen-del-sargento-facundo-gimenez-6-1024x576.jpg","1536x1536":"https:\/\/lobosnews.com.ar\/wp-content\/uploads\/2026\/08\/cayo-paranacito-en-un-megaoperativo-narco-en-florencio-varela-y-quilmes-lo-vinculan-con-el-crimen-del-sargento-facundo-gimenez-6-1536x864.jpg","2048x2048":"https:\/\/lobosnews.com.ar\/wp-content\/uploads\/2026\/08\/cayo-paranacito-en-un-megaoperativo-narco-en-florencio-varela-y-quilmes-lo-vinculan-con-el-crimen-del-sargento-facundo-gimenez-6.jpg","newsmatic-featured":"https:\/\/lobosnews.com.ar\/wp-content\/uploads\/2026\/08\/cayo-paranacito-en-un-megaoperativo-narco-en-florencio-varela-y-quilmes-lo-vinculan-con-el-crimen-del-sargento-facundo-gimenez-6-820x545.jpg","newsmatic-list":"https:\/\/lobosnews.com.ar\/wp-content\/uploads\/2026\/08\/cayo-paranacito-en-un-megaoperativo-narco-en-florencio-varela-y-quilmes-lo-vinculan-con-el-crimen-del-sargento-facundo-gimenez-6-600x400.jpg","newsmatic-thumb":"https:\/\/lobosnews.com.ar\/wp-content\/uploads\/2026\/08\/cayo-paranacito-en-un-megaoperativo-narco-en-florencio-varela-y-quilmes-lo-vinculan-con-el-crimen-del-sargento-facundo-gimenez-6-300x200.jpg","newsmatic-small":"https:\/\/lobosnews.com.ar\/wp-content\/uploads\/2026\/08\/cayo-paranacito-en-un-megaoperativo-narco-en-florencio-varela-y-quilmes-lo-vinculan-con-el-crimen-del-sargento-facundo-gimenez-6-150x95.jpg","newsmatic-grid":"https:\/\/lobosnews.com.ar\/wp-content\/uploads\/2026\/08\/cayo-paranacito-en-un-megaoperativo-narco-en-florencio-varela-y-quilmes-lo-vinculan-con-el-crimen-del-sargento-facundo-gimenez-6-400x250.jpg"},"magazineBlocksPostAuthor":{"name":"admin","avatar":"https:\/\/secure.gravatar.com\/avatar\/76e419471a2083bc3ceab22a763dbbf9b0c1bd15a6214cf3280e2c2dde4580f9?s=96&d=mm&r=g"},"magazineBlocksPostCommentsNumber":"0","magazineBlocksPostExcerpt":"La Polic\u00eda Bonaerense llev\u00f3 a cabo un megaoperativo narco que incluy\u00f3 30 allanamientos en Florencio Varela y Quilmes y termin\u00f3 con 18 personas detenidas. Entre ellas se encuentra N\u00e9stor Adri\u00e1n Prieto Grance, de 24 a\u00f1os, alias \u201cParan\u00e1\u201d o \u201cParanacito\u201d, se\u00f1alado como el presunto jefe de la organizaci\u00f3n investigada. Seg\u00fan confiaron fuentes policiales a Infobae, el...","magazineBlocksPostCategories":["Actualidad","Argentina","econom\u00eda","inseguridad","masradios.com","nacionales","seguridad","sociedad"],"magazineBlocksPostViewCount":46,"magazineBlocksPostReadTime":4,"magazine_blocks_featured_image_url":{"full":["https:\/\/lobosnews.com.ar\/wp-content\/uploads\/2026\/08\/cayo-paranacito-en-un-megaoperativo-narco-en-florencio-varela-y-quilmes-lo-vinculan-con-el-crimen-del-sargento-facundo-gimenez-6.jpg",1920,1080,false],"medium":["https:\/\/lobosnews.com.ar\/wp-content\/uploads\/2026\/08\/cayo-paranacito-en-un-megaoperativo-narco-en-florencio-varela-y-quilmes-lo-vinculan-con-el-crimen-del-sargento-facundo-gimenez-6-300x169.jpg",300,169,true],"thumbnail":["https:\/\/lobosnews.com.ar\/wp-content\/uploads\/2026\/08\/cayo-paranacito-en-un-megaoperativo-narco-en-florencio-varela-y-quilmes-lo-vinculan-con-el-crimen-del-sargento-facundo-gimenez-6-150x150.jpg",150,150,true]},"magazine_blocks_author":{"display_name":"admin","author_link":"https:\/\/lobosnews.com.ar\/index.php\/author\/lobos-news\/"},"magazine_blocks_comment":0,"magazine_blocks_author_image":"https:\/\/secure.gravatar.com\/avatar\/76e419471a2083bc3ceab22a763dbbf9b0c1bd15a6214cf3280e2c2dde4580f9?s=96&d=mm&r=g","magazine_blocks_category":"<a href=\"#\" class=\"category-link category-link-31\">Actualidad<\/a> <a href=\"#\" class=\"category-link category-link-30\">Argentina<\/a> <a href=\"#\" class=\"category-link category-link-32\">econom\u00eda<\/a> <a href=\"#\" class=\"category-link category-link-77\">inseguridad<\/a> <a href=\"#\" class=\"category-link category-link-84\">masradios.com<\/a> <a href=\"#\" class=\"category-link category-link-35\">nacionales<\/a> <a href=\"#\" class=\"category-link category-link-36\">seguridad<\/a> <a href=\"#\" class=\"category-link category-link-37\">sociedad<\/a>","yoast_head":"<!-- This site is optimized with the Yoast SEO plugin v28.0 - https:\/\/yoast.com\/product\/yoast-seo-wordpress\/ -->\n<title>Cay\u00f3 \u201cParanacito\u201d en un megaoperativo narco en Florencio Varela y Quilmes: lo vinculan con el crimen del sargento Facundo Gim\u00e9nez - Lobos News<\/title>\n<meta name=\"robots\" content=\"index, follow, max-snippet:-1, max-image-preview:large, max-video-preview:-1\" \/>\n<link rel=\"canonical\" href=\"https:\/\/lobosnews.com.ar\/index.php\/2026\/08\/31\/cayo-paranacito-en-un-megaoperativo-narco-en-florencio-varela-y-quilmes-lo-vinculan-con-el-crimen-del-sargento-facundo-gimenez-2\/\" \/>\n<meta property=\"og:locale\" content=\"es_ES\" \/>\n<meta property=\"og:type\" content=\"article\" \/>\n<meta property=\"og:title\" content=\"Cay\u00f3 \u201cParanacito\u201d en un megaoperativo narco en Florencio Varela y Quilmes: lo vinculan con el crimen del sargento Facundo Gim\u00e9nez - Lobos News\" \/>\n<meta property=\"og:description\" content=\"La Polic\u00eda Bonaerense llev\u00f3 a cabo un megaoperativo narco que incluy\u00f3 30 allanamientos en Florencio Varela y Quilmes y termin\u00f3 con 18 personas detenidas. Entre ellas se encuentra N\u00e9stor Adri\u00e1n Prieto Grance, de 24 a\u00f1os, alias \u201cParan\u00e1\u201d o \u201cParanacito\u201d, se\u00f1alado como el presunto jefe de la organizaci\u00f3n investigada. Seg\u00fan confiaron fuentes policiales a Infobae, el...\" \/>\n<meta property=\"og:url\" content=\"https:\/\/lobosnews.com.ar\/index.php\/2026\/08\/31\/cayo-paranacito-en-un-megaoperativo-narco-en-florencio-varela-y-quilmes-lo-vinculan-con-el-crimen-del-sargento-facundo-gimenez-2\/\" \/>\n<meta property=\"og:site_name\" content=\"Lobos News\" \/>\n<meta property=\"article:published_time\" content=\"2026-08-31T03:30:00+00:00\" \/>\n<meta property=\"article:modified_time\" content=\"2026-08-31T05:18:14+00:00\" \/>\n<meta property=\"og:image\" content=\"https:\/\/lobosnews.com.ar\/wp-content\/uploads\/2026\/08\/cayo-paranacito-en-un-megaoperativo-narco-en-florencio-varela-y-quilmes-lo-vinculan-con-el-crimen-del-sargento-facundo-gimenez-6.jpg\" \/>\n\t<meta property=\"og:image:width\" content=\"1920\" \/>\n\t<meta property=\"og:image:height\" content=\"1080\" \/>\n\t<meta property=\"og:image:type\" content=\"image\/jpeg\" \/>\n<meta name=\"author\" content=\"admin\" \/>\n<meta name=\"twitter:card\" content=\"summary_large_image\" \/>\n<meta name=\"twitter:label1\" content=\"Escrito por\" \/>\n\t<meta name=\"twitter:data1\" content=\"admin\" \/>\n\t<meta name=\"twitter:label2\" content=\"Tiempo de lectura\" \/>\n\t<meta name=\"twitter:data2\" content=\"4 minutos\" \/>\n<script type=\"application\/ld+json\" class=\"yoast-schema-graph\">{\"@context\":\"https:\\\/\\\/schema.org\",\"@graph\":[{\"@type\":\"Article\",\"@id\":\"https:\\\/\\\/lobosnews.com.ar\\\/index.php\\\/2026\\\/08\\\/31\\\/cayo-paranacito-en-un-megaoperativo-narco-en-florencio-varela-y-quilmes-lo-vinculan-con-el-crimen-del-sargento-facundo-gimenez-2\\\/#article\",\"isPartOf\":{\"@id\":\"https:\\\/\\\/lobosnews.com.ar\\\/index.php\\\/2026\\\/08\\\/31\\\/cayo-paranacito-en-un-megaoperativo-narco-en-florencio-varela-y-quilmes-lo-vinculan-con-el-crimen-del-sargento-facundo-gimenez-2\\\/\"},\"author\":{\"name\":\"admin\",\"@id\":\"https:\\\/\\\/lobosnews.com.ar\\\/#\\\/schema\\\/person\\\/232422a593d5c541dd9aef6aaed10943\"},\"headline\":\"Cay\u00f3 \u201cParanacito\u201d en un megaoperativo narco en Florencio Varela y Quilmes: lo vinculan con el crimen del sargento Facundo Gim\u00e9nez\",\"datePublished\":\"2026-08-31T03:30:00+00:00\",\"dateModified\":\"2026-08-31T05:18:14+00:00\",\"mainEntityOfPage\":{\"@id\":\"https:\\\/\\\/lobosnews.com.ar\\\/index.php\\\/2026\\\/08\\\/31\\\/cayo-paranacito-en-un-megaoperativo-narco-en-florencio-varela-y-quilmes-lo-vinculan-con-el-crimen-del-sargento-facundo-gimenez-2\\\/\"},\"wordCount\":750,\"commentCount\":0,\"publisher\":{\"@id\":\"https:\\\/\\\/lobosnews.com.ar\\\/#organization\"},\"image\":{\"@id\":\"https:\\\/\\\/lobosnews.com.ar\\\/index.php\\\/2026\\\/08\\\/31\\\/cayo-paranacito-en-un-megaoperativo-narco-en-florencio-varela-y-quilmes-lo-vinculan-con-el-crimen-del-sargento-facundo-gimenez-2\\\/#primaryimage\"},\"thumbnailUrl\":\"https:\\\/\\\/lobosnews.com.ar\\\/wp-content\\\/uploads\\\/2026\\\/08\\\/cayo-paranacito-en-un-megaoperativo-narco-en-florencio-varela-y-quilmes-lo-vinculan-con-el-crimen-del-sargento-facundo-gimenez-6.jpg\",\"articleSection\":[\"Actualidad\",\"Argentina\",\"econom\u00eda\",\"inseguridad\",\"masradios.com\",\"nacionales\",\"seguridad\",\"sociedad\"],\"inLanguage\":\"es\",\"potentialAction\":[{\"@type\":\"CommentAction\",\"name\":\"Comment\",\"target\":[\"https:\\\/\\\/lobosnews.com.ar\\\/index.php\\\/2026\\\/08\\\/31\\\/cayo-paranacito-en-un-megaoperativo-narco-en-florencio-varela-y-quilmes-lo-vinculan-con-el-crimen-del-sargento-facundo-gimenez-2\\\/#respond\"]}]},{\"@type\":\"WebPage\",\"@id\":\"https:\\\/\\\/lobosnews.com.ar\\\/index.php\\\/2026\\\/08\\\/31\\\/cayo-paranacito-en-un-megaoperativo-narco-en-florencio-varela-y-quilmes-lo-vinculan-con-el-crimen-del-sargento-facundo-gimenez-2\\\/\",\"url\":\"https:\\\/\\\/lobosnews.com.ar\\\/index.php\\\/2026\\\/08\\\/31\\\/cayo-paranacito-en-un-megaoperativo-narco-en-florencio-varela-y-quilmes-lo-vinculan-con-el-crimen-del-sargento-facundo-gimenez-2\\\/\",\"name\":\"Cay\u00f3 \u201cParanacito\u201d en un megaoperativo narco en Florencio Varela y Quilmes: lo vinculan con el crimen del sargento Facundo Gim\u00e9nez - Lobos News\",\"isPartOf\":{\"@id\":\"https:\\\/\\\/lobosnews.com.ar\\\/#website\"},\"primaryImageOfPage\":{\"@id\":\"https:\\\/\\\/lobosnews.com.ar\\\/index.php\\\/2026\\\/08\\\/31\\\/cayo-paranacito-en-un-megaoperativo-narco-en-florencio-varela-y-quilmes-lo-vinculan-con-el-crimen-del-sargento-facundo-gimenez-2\\\/#primaryimage\"},\"image\":{\"@id\":\"https:\\\/\\\/lobosnews.com.ar\\\/index.php\\\/2026\\\/08\\\/31\\\/cayo-paranacito-en-un-megaoperativo-narco-en-florencio-varela-y-quilmes-lo-vinculan-con-el-crimen-del-sargento-facundo-gimenez-2\\\/#primaryimage\"},\"thumbnailUrl\":\"https:\\\/\\\/lobosnews.com.ar\\\/wp-content\\\/uploads\\\/2026\\\/08\\\/cayo-paranacito-en-un-megaoperativo-narco-en-florencio-varela-y-quilmes-lo-vinculan-con-el-crimen-del-sargento-facundo-gimenez-6.jpg\",\"datePublished\":\"2026-08-31T03:30:00+00:00\",\"dateModified\":\"2026-08-31T05:18:14+00:00\",\"breadcrumb\":{\"@id\":\"https:\\\/\\\/lobosnews.com.ar\\\/index.php\\\/2026\\\/08\\\/31\\\/cayo-paranacito-en-un-megaoperativo-narco-en-florencio-varela-y-quilmes-lo-vinculan-con-el-crimen-del-sargento-facundo-gimenez-2\\\/#breadcrumb\"},\"inLanguage\":\"es\",\"potentialAction\":[{\"@type\":\"ReadAction\",\"target\":[\"https:\\\/\\\/lobosnews.com.ar\\\/index.php\\\/2026\\\/08\\\/31\\\/cayo-paranacito-en-un-megaoperativo-narco-en-florencio-varela-y-quilmes-lo-vinculan-con-el-crimen-del-sargento-facundo-gimenez-2\\\/\"]}]},{\"@type\":\"ImageObject\",\"inLanguage\":\"es\",\"@id\":\"https:\\\/\\\/lobosnews.com.ar\\\/index.php\\\/2026\\\/08\\\/31\\\/cayo-paranacito-en-un-megaoperativo-narco-en-florencio-varela-y-quilmes-lo-vinculan-con-el-crimen-del-sargento-facundo-gimenez-2\\\/#primaryimage\",\"url\":\"https:\\\/\\\/lobosnews.com.ar\\\/wp-content\\\/uploads\\\/2026\\\/08\\\/cayo-paranacito-en-un-megaoperativo-narco-en-florencio-varela-y-quilmes-lo-vinculan-con-el-crimen-del-sargento-facundo-gimenez-6.jpg\",\"contentUrl\":\"https:\\\/\\\/lobosnews.com.ar\\\/wp-content\\\/uploads\\\/2026\\\/08\\\/cayo-paranacito-en-un-megaoperativo-narco-en-florencio-varela-y-quilmes-lo-vinculan-con-el-crimen-del-sargento-facundo-gimenez-6.jpg\",\"width\":1920,\"height\":1080,\"caption\":\"Cay\u00f3 \u201cParanacito\u201d en un megaoperativo narco en Florencio Varela y Quilmes: lo vinculan con el crimen del sargento Facundo Gim\u00e9nez\"},{\"@type\":\"BreadcrumbList\",\"@id\":\"https:\\\/\\\/lobosnews.com.ar\\\/index.php\\\/2026\\\/08\\\/31\\\/cayo-paranacito-en-un-megaoperativo-narco-en-florencio-varela-y-quilmes-lo-vinculan-con-el-crimen-del-sargento-facundo-gimenez-2\\\/#breadcrumb\",\"itemListElement\":[{\"@type\":\"ListItem\",\"position\":1,\"name\":\"Portada\",\"item\":\"https:\\\/\\\/lobosnews.com.ar\\\/\"},{\"@type\":\"ListItem\",\"position\":2,\"name\":\"Cay\u00f3 \u201cParanacito\u201d en un megaoperativo narco en Florencio Varela y Quilmes: lo vinculan con el crimen del sargento Facundo Gim\u00e9nez\"}]},{\"@type\":\"WebSite\",\"@id\":\"https:\\\/\\\/lobosnews.com.ar\\\/#website\",\"url\":\"https:\\\/\\\/lobosnews.com.ar\\\/\",\"name\":\"Lobos News\",\"description\":\"Informaci\u00f3n a cada instante\",\"publisher\":{\"@id\":\"https:\\\/\\\/lobosnews.com.ar\\\/#organization\"},\"potentialAction\":[{\"@type\":\"SearchAction\",\"target\":{\"@type\":\"EntryPoint\",\"urlTemplate\":\"https:\\\/\\\/lobosnews.com.ar\\\/?s={search_term_string}\"},\"query-input\":{\"@type\":\"PropertyValueSpecification\",\"valueRequired\":true,\"valueName\":\"search_term_string\"}}],\"inLanguage\":\"es\"},{\"@type\":\"Organization\",\"@id\":\"https:\\\/\\\/lobosnews.com.ar\\\/#organization\",\"name\":\"Lobos News\",\"url\":\"https:\\\/\\\/lobosnews.com.ar\\\/\",\"logo\":{\"@type\":\"ImageObject\",\"inLanguage\":\"es\",\"@id\":\"https:\\\/\\\/lobosnews.com.ar\\\/#\\\/schema\\\/logo\\\/image\\\/\",\"url\":\"https:\\\/\\\/lobosnews.com.ar\\\/wp-content\\\/uploads\\\/2026\\\/01\\\/logo-lobosnews.png\",\"contentUrl\":\"https:\\\/\\\/lobosnews.com.ar\\\/wp-content\\\/uploads\\\/2026\\\/01\\\/logo-lobosnews.png\",\"width\":500,\"height\":200,\"caption\":\"Lobos News\"},\"image\":{\"@id\":\"https:\\\/\\\/lobosnews.com.ar\\\/#\\\/schema\\\/logo\\\/image\\\/\"}},{\"@type\":\"Person\",\"@id\":\"https:\\\/\\\/lobosnews.com.ar\\\/#\\\/schema\\\/person\\\/232422a593d5c541dd9aef6aaed10943\",\"name\":\"admin\",\"image\":{\"@type\":\"ImageObject\",\"inLanguage\":\"es\",\"@id\":\"https:\\\/\\\/secure.gravatar.com\\\/avatar\\\/76e419471a2083bc3ceab22a763dbbf9b0c1bd15a6214cf3280e2c2dde4580f9?s=96&d=mm&r=g\",\"url\":\"https:\\\/\\\/secure.gravatar.com\\\/avatar\\\/76e419471a2083bc3ceab22a763dbbf9b0c1bd15a6214cf3280e2c2dde4580f9?s=96&d=mm&r=g\",\"contentUrl\":\"https:\\\/\\\/secure.gravatar.com\\\/avatar\\\/76e419471a2083bc3ceab22a763dbbf9b0c1bd15a6214cf3280e2c2dde4580f9?s=96&d=mm&r=g\",\"caption\":\"admin\"},\"sameAs\":[\"https:\\\/\\\/lobosnews.com.ar\"],\"url\":\"https:\\\/\\\/lobosnews.com.ar\\\/index.php\\\/author\\\/lobos-news\\\/\"}]}<\/script>\n<!-- \/ Yoast SEO plugin. -->","yoast_head_json":{"title":"Cay\u00f3 \u201cParanacito\u201d en un megaoperativo narco en Florencio Varela y Quilmes: lo vinculan con el crimen del sargento Facundo Gim\u00e9nez - Lobos News","robots":{"index":"index","follow":"follow","max-snippet":"max-snippet:-1","max-image-preview":"max-image-preview:large","max-video-preview":"max-video-preview:-1"},"canonical":"https:\/\/lobosnews.com.ar\/index.php\/2026\/08\/31\/cayo-paranacito-en-un-megaoperativo-narco-en-florencio-varela-y-quilmes-lo-vinculan-con-el-crimen-del-sargento-facundo-gimenez-2\/","og_locale":"es_ES","og_type":"article","og_title":"Cay\u00f3 \u201cParanacito\u201d en un megaoperativo narco en Florencio Varela y Quilmes: lo vinculan con el crimen del sargento Facundo Gim\u00e9nez - Lobos News","og_description":"La Polic\u00eda Bonaerense llev\u00f3 a cabo un megaoperativo narco que incluy\u00f3 30 allanamientos en Florencio Varela y Quilmes y termin\u00f3 con 18 personas detenidas. Entre ellas se encuentra N\u00e9stor Adri\u00e1n Prieto Grance, de 24 a\u00f1os, alias \u201cParan\u00e1\u201d o \u201cParanacito\u201d, se\u00f1alado como el presunto jefe de la organizaci\u00f3n investigada. Seg\u00fan confiaron fuentes policiales a Infobae, el...","og_url":"https:\/\/lobosnews.com.ar\/index.php\/2026\/08\/31\/cayo-paranacito-en-un-megaoperativo-narco-en-florencio-varela-y-quilmes-lo-vinculan-con-el-crimen-del-sargento-facundo-gimenez-2\/","og_site_name":"Lobos News","article_published_time":"2026-08-31T03:30:00+00:00","article_modified_time":"2026-08-31T05:18:14+00:00","og_image":[{"width":1920,"height":1080,"url":"https:\/\/lobosnews.com.ar\/wp-content\/uploads\/2026\/08\/cayo-paranacito-en-un-megaoperativo-narco-en-florencio-varela-y-quilmes-lo-vinculan-con-el-crimen-del-sargento-facundo-gimenez-6.jpg","type":"image\/jpeg"}],"author":"admin","twitter_card":"summary_large_image","twitter_misc":{"Escrito por":"admin","Tiempo de lectura":"4 minutos"},"schema":{"@context":"https:\/\/schema.org","@graph":[{"@type":"Article","@id":"https:\/\/lobosnews.com.ar\/index.php\/2026\/08\/31\/cayo-paranacito-en-un-megaoperativo-narco-en-florencio-varela-y-quilmes-lo-vinculan-con-el-crimen-del-sargento-facundo-gimenez-2\/#article","isPartOf":{"@id":"https:\/\/lobosnews.com.ar\/index.php\/2026\/08\/31\/cayo-paranacito-en-un-megaoperativo-narco-en-florencio-varela-y-quilmes-lo-vinculan-con-el-crimen-del-sargento-facundo-gimenez-2\/"},"author":{"name":"admin","@id":"https:\/\/lobosnews.com.ar\/#\/schema\/person\/232422a593d5c541dd9aef6aaed10943"},"headline":"Cay\u00f3 \u201cParanacito\u201d en un megaoperativo narco en Florencio Varela y Quilmes: lo vinculan con el crimen del sargento Facundo Gim\u00e9nez","datePublished":"2026-08-31T03:30:00+00:00","dateModified":"2026-08-31T05:18:14+00:00","mainEntityOfPage":{"@id":"https:\/\/lobosnews.com.ar\/index.php\/2026\/08\/31\/cayo-paranacito-en-un-megaoperativo-narco-en-florencio-varela-y-quilmes-lo-vinculan-con-el-crimen-del-sargento-facundo-gimenez-2\/"},"wordCount":750,"commentCount":0,"publisher":{"@id":"https:\/\/lobosnews.com.ar\/#organization"},"image":{"@id":"https:\/\/lobosnews.com.ar\/index.php\/2026\/08\/31\/cayo-paranacito-en-un-megaoperativo-narco-en-florencio-varela-y-quilmes-lo-vinculan-con-el-crimen-del-sargento-facundo-gimenez-2\/#primaryimage"},"thumbnailUrl":"https:\/\/lobosnews.com.ar\/wp-content\/uploads\/2026\/08\/cayo-paranacito-en-un-megaoperativo-narco-en-florencio-varela-y-quilmes-lo-vinculan-con-el-crimen-del-sargento-facundo-gimenez-6.jpg","articleSection":["Actualidad","Argentina","econom\u00eda","inseguridad","masradios.com","nacionales","seguridad","sociedad"],"inLanguage":"es","potentialAction":[{"@type":"CommentAction","name":"Comment","target":["https:\/\/lobosnews.com.ar\/index.php\/2026\/08\/31\/cayo-paranacito-en-un-megaoperativo-narco-en-florencio-varela-y-quilmes-lo-vinculan-con-el-crimen-del-sargento-facundo-gimenez-2\/#respond"]}]},{"@type":"WebPage","@id":"https:\/\/lobosnews.com.ar\/index.php\/2026\/08\/31\/cayo-paranacito-en-un-megaoperativo-narco-en-florencio-varela-y-quilmes-lo-vinculan-con-el-crimen-del-sargento-facundo-gimenez-2\/","url":"https:\/\/lobosnews.com.ar\/index.php\/2026\/08\/31\/cayo-paranacito-en-un-megaoperativo-narco-en-florencio-varela-y-quilmes-lo-vinculan-con-el-crimen-del-sargento-facundo-gimenez-2\/","name":"Cay\u00f3 \u201cParanacito\u201d en un megaoperativo narco en Florencio Varela y Quilmes: lo vinculan con el crimen del sargento Facundo Gim\u00e9nez - Lobos News","isPartOf":{"@id":"https:\/\/lobosnews.com.ar\/#website"},"primaryImageOfPage":{"@id":"https:\/\/lobosnews.com.ar\/index.php\/2026\/08\/31\/cayo-paranacito-en-un-megaoperativo-narco-en-florencio-varela-y-quilmes-lo-vinculan-con-el-crimen-del-sargento-facundo-gimenez-2\/#primaryimage"},"image":{"@id":"https:\/\/lobosnews.com.ar\/index.php\/2026\/08\/31\/cayo-paranacito-en-un-megaoperativo-narco-en-florencio-varela-y-quilmes-lo-vinculan-con-el-crimen-del-sargento-facundo-gimenez-2\/#primaryimage"},"thumbnailUrl":"https:\/\/lobosnews.com.ar\/wp-content\/uploads\/2026\/08\/cayo-paranacito-en-un-megaoperativo-narco-en-florencio-varela-y-quilmes-lo-vinculan-con-el-crimen-del-sargento-facundo-gimenez-6.jpg","datePublished":"2026-08-31T03:30:00+00:00","dateModified":"2026-08-31T05:18:14+00:00","breadcrumb":{"@id":"https:\/\/lobosnews.com.ar\/index.php\/2026\/08\/31\/cayo-paranacito-en-un-megaoperativo-narco-en-florencio-varela-y-quilmes-lo-vinculan-con-el-crimen-del-sargento-facundo-gimenez-2\/#breadcrumb"},"inLanguage":"es","potentialAction":[{"@type":"ReadAction","target":["https:\/\/lobosnews.com.ar\/index.php\/2026\/08\/31\/cayo-paranacito-en-un-megaoperativo-narco-en-florencio-varela-y-quilmes-lo-vinculan-con-el-crimen-del-sargento-facundo-gimenez-2\/"]}]},{"@type":"ImageObject","inLanguage":"es","@id":"https:\/\/lobosnews.com.ar\/index.php\/2026\/08\/31\/cayo-paranacito-en-un-megaoperativo-narco-en-florencio-varela-y-quilmes-lo-vinculan-con-el-crimen-del-sargento-facundo-gimenez-2\/#primaryimage","url":"https:\/\/lobosnews.com.ar\/wp-content\/uploads\/2026\/08\/cayo-paranacito-en-un-megaoperativo-narco-en-florencio-varela-y-quilmes-lo-vinculan-con-el-crimen-del-sargento-facundo-gimenez-6.jpg","contentUrl":"https:\/\/lobosnews.com.ar\/wp-content\/uploads\/2026\/08\/cayo-paranacito-en-un-megaoperativo-narco-en-florencio-varela-y-quilmes-lo-vinculan-con-el-crimen-del-sargento-facundo-gimenez-6.jpg","width":1920,"height":1080,"caption":"Cay\u00f3 \u201cParanacito\u201d en un megaoperativo narco en Florencio Varela y Quilmes: lo vinculan con el crimen del sargento Facundo Gim\u00e9nez"},{"@type":"BreadcrumbList","@id":"https:\/\/lobosnews.com.ar\/index.php\/2026\/08\/31\/cayo-paranacito-en-un-megaoperativo-narco-en-florencio-varela-y-quilmes-lo-vinculan-con-el-crimen-del-sargento-facundo-gimenez-2\/#breadcrumb","itemListElement":[{"@type":"ListItem","position":1,"name":"Portada","item":"https:\/\/lobosnews.com.ar\/"},{"@type":"ListItem","position":2,"name":"Cay\u00f3 \u201cParanacito\u201d en un megaoperativo narco en Florencio Varela y Quilmes: lo vinculan con el crimen del sargento Facundo Gim\u00e9nez"}]},{"@type":"WebSite","@id":"https:\/\/lobosnews.com.ar\/#website","url":"https:\/\/lobosnews.com.ar\/","name":"Lobos News","description":"Informaci\u00f3n a cada instante","publisher":{"@id":"https:\/\/lobosnews.com.ar\/#organization"},"potentialAction":[{"@type":"SearchAction","target":{"@type":"EntryPoint","urlTemplate":"https:\/\/lobosnews.com.ar\/?s={search_term_string}"},"query-input":{"@type":"PropertyValueSpecification","valueRequired":true,"valueName":"search_term_string"}}],"inLanguage":"es"},{"@type":"Organization","@id":"https:\/\/lobosnews.com.ar\/#organization","name":"Lobos News","url":"https:\/\/lobosnews.com.ar\/","logo":{"@type":"ImageObject","inLanguage":"es","@id":"https:\/\/lobosnews.com.ar\/#\/schema\/logo\/image\/","url":"https:\/\/lobosnews.com.ar\/wp-content\/uploads\/2026\/01\/logo-lobosnews.png","contentUrl":"https:\/\/lobosnews.com.ar\/wp-content\/uploads\/2026\/01\/logo-lobosnews.png","width":500,"height":200,"caption":"Lobos News"},"image":{"@id":"https:\/\/lobosnews.com.ar\/#\/schema\/logo\/image\/"}},{"@type":"Person","@id":"https:\/\/lobosnews.com.ar\/#\/schema\/person\/232422a593d5c541dd9aef6aaed10943","name":"admin","image":{"@type":"ImageObject","inLanguage":"es","@id":"https:\/\/secure.gravatar.com\/avatar\/76e419471a2083bc3ceab22a763dbbf9b0c1bd15a6214cf3280e2c2dde4580f9?s=96&d=mm&r=g","url":"https:\/\/secure.gravatar.com\/avatar\/76e419471a2083bc3ceab22a763dbbf9b0c1bd15a6214cf3280e2c2dde4580f9?s=96&d=mm&r=g","contentUrl":"https:\/\/secure.gravatar.com\/avatar\/76e419471a2083bc3ceab22a763dbbf9b0c1bd15a6214cf3280e2c2dde4580f9?s=96&d=mm&r=g","caption":"admin"},"sameAs":["https:\/\/lobosnews.com.ar"],"url":"https:\/\/lobosnews.com.ar\/index.php\/author\/lobos-news\/"}]}},"jetpack_featured_media_url":"https:\/\/lobosnews.com.ar\/wp-content\/uploads\/2026\/08\/cayo-paranacito-en-un-megaoperativo-narco-en-florencio-varela-y-quilmes-lo-vinculan-con-el-crimen-del-sargento-facundo-gimenez-6.jpg","jetpack_sharing_enabled":true,"_links":{"self":[{"href":"https:\/\/lobosnews.com.ar\/index.php\/wp-json\/wp\/v2\/posts\/95894","targetHints":{"allow":["GET"]}}],"collection":[{"href":"https:\/\/lobosnews.com.ar\/index.php\/wp-json\/wp\/v2\/posts"}],"about":[{"href":"https:\/\/lobosnews.com.ar\/index.php\/wp-json\/wp\/v2\/types\/post"}],"author":[{"embeddable":true,"href":"https:\/\/lobosnews.com.ar\/index.php\/wp-json\/wp\/v2\/users\/1"}],"replies":[{"embeddable":true,"href":"https:\/\/lobosnews.com.ar\/index.php\/wp-json\/wp\/v2\/comments?post=95894"}],"version-history":[{"count":1,"href":"https:\/\/lobosnews.com.ar\/index.php\/wp-json\/wp\/v2\/posts\/95894\/revisions"}],"predecessor-version":[{"id":95900,"href":"https:\/\/lobosnews.com.ar\/index.php\/wp-json\/wp\/v2\/posts\/95894\/revisions\/95900"}],"wp:featuredmedia":[{"embeddable":true,"href":"https:\/\/lobosnews.com.ar\/index.php\/wp-json\/wp\/v2\/media\/95901"}],"wp:attachment":[{"href":"https:\/\/lobosnews.com.ar\/index.php\/wp-json\/wp\/v2\/media?parent=95894"}],"wp:term":[{"taxonomy":"category","embeddable":true,"href":"https:\/\/lobosnews.com.ar\/index.php\/wp-json\/wp\/v2\/categories?post=95894"},{"taxonomy":"post_tag","embeddable":true,"href":"https:\/\/lobosnews.com.ar\/index.php\/wp-json\/wp\/v2\/tags?post=95894"}],"curies":[{"name":"wp","href":"https:\/\/api.w.org\/{rel}","templated":true}]}}