{"id":95885,"date":"2026-08-31T03:30:00","date_gmt":"2026-08-31T03:30:00","guid":{"rendered":"https:\/\/lobosnews.com.ar\/?p=95885"},"modified":"2026-08-31T05:18:10","modified_gmt":"2026-08-31T05:18:10","slug":"declaran-la-madre-y-la-hermana-de-candela-arizaga-en-la-causa-contra-facundo-moyano-la-historia-de-instagram-que-quedo-bajo-la-lupa-2","status":"publish","type":"post","link":"https:\/\/lobosnews.com.ar\/index.php\/2026\/08\/31\/declaran-la-madre-y-la-hermana-de-candela-arizaga-en-la-causa-contra-facundo-moyano-la-historia-de-instagram-que-quedo-bajo-la-lupa-2\/","title":{"rendered":"Declaran la madre y la hermana de Candela Arizaga en la causa contra Facundo Moyano: la historia de Instagram que qued\u00f3 bajo la lupa"},"content":{"rendered":"<p>La causa que investiga a <span class=\"waslinkname\"><i><b>Facundo Moyano<\/b><\/i><\/span> por <b>lesiones leves y privaci\u00f3n ileg\u00edtima de la libertad en contexto de violencia de g\u00e9nero <\/b>tendr\u00e1 este lunes una nueva jornada de testimoniales. Esta vez, ante la fiscal\u00eda declarar\u00e1n <b>la madre y la hermana de <\/b><span class=\"waslinkname\"><i><b>Candela Arizaga<\/b><\/i><\/span>, dos testimonios que apuntar\u00e1n a reconstruir c\u00f3mo era la relaci\u00f3n entre la joven y el ex diputado y lo que saben acerca del episodio que dio origen a la investigaci\u00f3n.<\/p>\n<p>Seg\u00fan pudo saber <b>Infobae<\/b> de fuentes del caso, <b>ambas testigos sostendr\u00e1n que no ten\u00edan conocimiento de situaciones de violencia dentro de la pareja<\/b>. Las mismas fuentes anticiparon, adem\u00e1s, cu\u00e1les ser\u00e1n los puntos centrales de sus declaraciones.<\/p>\n<p><img fetchpriority=\"high\" decoding=\"async\" src=\"https:\/\/lobosnews.com.ar\/wp-content\/uploads\/2026\/08\/declaran-la-madre-y-la-hermana-de-candela-arizaga-en-la-causa-contra-facundo-moyano-la-historia-de-instagram-que-quedo-bajo-la-lupa.jpg\" alt=\"La publicaci\u00f3n de Victoria Arizaga\" height=\"1370\" width=\"904\"\/><\/p>\n<p>En el caso de la hermana de Arizaga, uno de los ejes tendr\u00e1 que ver con <b>una historia que public\u00f3 en su cuenta de Instagram <\/b>despu\u00e9s de que trascendieran los videos en los que se ve\u00eda a Candela corriendo por la calle. <\/p>\n<p>En uno de los posteos cuestion\u00f3 directamente a Moyano con la frase: <b>\u201cEstos son los pol\u00edticos que eligen, los mismos que despu\u00e9s hablan de los derechos de las mujeres\u201d<\/b>. La publicaci\u00f3n permaneci\u00f3 visible durante aproximadamente una hora y luego fue eliminada.<\/p>\n<p>Por su parte, <b>la madre de Arizaga<\/b> fue citada, entre otras razones, porque <b>fue la primera integrante de la familia que vio a Candela en el Hospital Pirovano<\/b> despu\u00e9s del episodio que dio origen a la investigaci\u00f3n.<\/p>\n<p><img loading=\"lazy\" decoding=\"async\" src=\"https:\/\/lobosnews.com.ar\/wp-content\/uploads\/2026\/08\/declaran-la-madre-y-la-hermana-de-candela-arizaga-en-la-causa-contra-facundo-moyano-la-historia-de-instagram-que-quedo-bajo-la-lupa-1.jpg\" alt=\"Moyano al momento de su detenci\u00f3n\" height=\"1168\" width=\"880\"\/><\/p>\n<h2>La \u00faltima declaraci\u00f3n de Candela<\/h2>\n<p>Los testimonios se producir\u00e1n una semana despu\u00e9s de que la propia Arizaga volviera a presentarse ante la fiscal <b>Florencia Nocerez<\/b> para ampliar y rectificar distintos puntos de su primera declaraci\u00f3n.<\/p>\n<p>En esa audiencia, la joven explic\u00f3 que decidi\u00f3 declarar nuevamente despu\u00e9s de reconstruir parte de lo sucedido junto a su familia. <b>\u201cQuer\u00eda modificar cosas que me fui acordando, mientras hablaba con mi familia\u201d<\/b>, se\u00f1al\u00f3 en la declaraci\u00f3n a la que accedi\u00f3 <b>Infobae<\/b>.<\/p>\n<p>Uno de los puntos que aclar\u00f3 estuvo relacionado con <b>c\u00f3mo recuper\u00f3 el celular que hab\u00eda quedado en el departamento de Moyano<\/b>. En su primera vez ante la Justicia hab\u00eda dicho que lo recibi\u00f3 en el hospital y que se lo hab\u00edan llevado sus amigas. Sin embargo, luego rectific\u00f3 esa versi\u00f3n: \u201c<b>En realidad me lo llevaron a mi edificio cuando me dieron el alta, me lo llev\u00f3 Diego \u2018Figa\u2019 Di Santo <\/b><i>(N.d.R.: un custodio de Moyano)<\/i>\u201d. Luego precis\u00f3 que recibi\u00f3 el tel\u00e9fono cuando ya se encontraba en su casa, poco despu\u00e9s de regresar del hospital. En el acta qued\u00f3 asentado adem\u00e1s que <b>fue su madre quien la ayud\u00f3 a recordar c\u00f3mo hab\u00eda recuperado el celular<\/b>.<\/p>\n<p>Arizaga tambi\u00e9n cuestion\u00f3 la versi\u00f3n del polic\u00eda que intervino aquella madrugada, quien hab\u00eda declarado que la joven manifest\u00f3 haber sido v\u00edctima de violencia. \u201cEso es falso\u201d, sostuvo.<b> \u201cEn ning\u00fan momento dije que me hab\u00edan golpeado, ni que me ten\u00edan secuestrada. Es imposible que le haya dicho eso\u201d<\/b>, agreg\u00f3.<\/p>\n<p>En ese sentido, relat\u00f3 que las primeras personas con las que habl\u00f3 fueron quienes estaban dentro de un colectivo y atribuy\u00f3 lo ocurrido al estado en el que se encontraba: \u201c<b>Ah\u00ed dije que hab\u00eda estado consumiendo y que estaba asustada, me di cuenta de que era algo producto de un delirio, psicosis<\/b>\u201d.<\/p>\n<p>La joven tambi\u00e9n dio precisiones sobre <b>el consumo de coca\u00edna durante las horas previas al episodio<\/b>. Al ser consultada por lo ocurrido el lunes, afirm\u00f3: \u201c<b>Yo no pude dormir y empec\u00e9 ese lunes a consumir, durante el d\u00eda dorm\u00ed un ratito y despu\u00e9s continu\u00e9<\/b>\u201d. Tambi\u00e9n asegur\u00f3 que no recuerda haber salido del departamento durante esa jornada.<\/p>\n<p>Por \u00faltimo, Arizaga cont\u00f3 que <b>comenz\u00f3 terapia dos veces por semana en Rosario<\/b> y volvi\u00f3 a expresar su intenci\u00f3n de retomar el v\u00ednculo con Moyano. Seg\u00fan qued\u00f3 asentado en el acta, <b>insisti\u00f3 en su voluntad de que se levanten las medidas de protecci\u00f3n para poder verlo<\/b>. La fiscal le explic\u00f3 entonces los motivos por los cuales consideraba que, por el momento, no correspond\u00eda dejar sin efecto las restricciones vigentes.<\/p>\n","protected":false},"excerpt":{"rendered":"<p>La causa que investiga a Facundo Moyano por lesiones leves y privaci\u00f3n ileg\u00edtima de la libertad en contexto de violencia de g\u00e9nero tendr\u00e1 este lunes una nueva jornada de testimoniales. Esta vez, ante la fiscal\u00eda declarar\u00e1n la madre y la hermana de Candela Arizaga, dos testimonios que apuntar\u00e1n a reconstruir c\u00f3mo era la relaci\u00f3n entre&#8230;<\/p>\n","protected":false},"author":1,"featured_media":95890,"comment_status":"open","ping_status":"closed","sticky":false,"template":"","format":"standard","meta":{"_jetpack_newsletter_access":"","_jetpack_dont_email_post_to_subs":false,"_jetpack_newsletter_tier_id":0,"_jetpack_memberships_contains_paywalled_content":false,"_jetpack_memberships_contains_paid_content":false,"footnotes":"","jetpack_post_was_ever_published":false},"categories":[31,30,32,77,84,35,36,37],"tags":[],"class_list":["post-95885","post","type-post","status-publish","format-standard","has-post-thumbnail","hentry","category-actualidad","category-argentina","category-economia","category-inseguridad","category-masradios-com","category-nacionales","category-seguridad","category-sociedad"],"magazineBlocksPostFeaturedMedia":{"thumbnail":"https:\/\/lobosnews.com.ar\/wp-content\/uploads\/2026\/08\/declaran-la-madre-y-la-hermana-de-candela-arizaga-en-la-causa-contra-facundo-moyano-la-historia-de-instagram-que-quedo-bajo-la-lupa-3-150x150.jpg","medium":"https:\/\/lobosnews.com.ar\/wp-content\/uploads\/2026\/08\/declaran-la-madre-y-la-hermana-de-candela-arizaga-en-la-causa-contra-facundo-moyano-la-historia-de-instagram-que-quedo-bajo-la-lupa-3-226x300.jpg","medium_large":"https:\/\/lobosnews.com.ar\/wp-content\/uploads\/2026\/08\/declaran-la-madre-y-la-hermana-de-candela-arizaga-en-la-causa-contra-facundo-moyano-la-historia-de-instagram-que-quedo-bajo-la-lupa-3-768x1019.jpg","large":"https:\/\/lobosnews.com.ar\/wp-content\/uploads\/2026\/08\/declaran-la-madre-y-la-hermana-de-candela-arizaga-en-la-causa-contra-facundo-moyano-la-historia-de-instagram-que-quedo-bajo-la-lupa-3-772x1024.jpg","1536x1536":"https:\/\/lobosnews.com.ar\/wp-content\/uploads\/2026\/08\/declaran-la-madre-y-la-hermana-de-candela-arizaga-en-la-causa-contra-facundo-moyano-la-historia-de-instagram-que-quedo-bajo-la-lupa-3.jpg","2048x2048":"https:\/\/lobosnews.com.ar\/wp-content\/uploads\/2026\/08\/declaran-la-madre-y-la-hermana-de-candela-arizaga-en-la-causa-contra-facundo-moyano-la-historia-de-instagram-que-quedo-bajo-la-lupa-3.jpg","newsmatic-featured":"https:\/\/lobosnews.com.ar\/wp-content\/uploads\/2026\/08\/declaran-la-madre-y-la-hermana-de-candela-arizaga-en-la-causa-contra-facundo-moyano-la-historia-de-instagram-que-quedo-bajo-la-lupa-3-820x545.jpg","newsmatic-list":"https:\/\/lobosnews.com.ar\/wp-content\/uploads\/2026\/08\/declaran-la-madre-y-la-hermana-de-candela-arizaga-en-la-causa-contra-facundo-moyano-la-historia-de-instagram-que-quedo-bajo-la-lupa-3-600x400.jpg","newsmatic-thumb":"https:\/\/lobosnews.com.ar\/wp-content\/uploads\/2026\/08\/declaran-la-madre-y-la-hermana-de-candela-arizaga-en-la-causa-contra-facundo-moyano-la-historia-de-instagram-que-quedo-bajo-la-lupa-3-300x200.jpg","newsmatic-small":"https:\/\/lobosnews.com.ar\/wp-content\/uploads\/2026\/08\/declaran-la-madre-y-la-hermana-de-candela-arizaga-en-la-causa-contra-facundo-moyano-la-historia-de-instagram-que-quedo-bajo-la-lupa-3-150x95.jpg","newsmatic-grid":"https:\/\/lobosnews.com.ar\/wp-content\/uploads\/2026\/08\/declaran-la-madre-y-la-hermana-de-candela-arizaga-en-la-causa-contra-facundo-moyano-la-historia-de-instagram-que-quedo-bajo-la-lupa-3-400x250.jpg"},"magazineBlocksPostAuthor":{"name":"admin","avatar":"https:\/\/secure.gravatar.com\/avatar\/76e419471a2083bc3ceab22a763dbbf9b0c1bd15a6214cf3280e2c2dde4580f9?s=96&d=mm&r=g"},"magazineBlocksPostCommentsNumber":"0","magazineBlocksPostExcerpt":"La causa que investiga a Facundo Moyano por lesiones leves y privaci\u00f3n ileg\u00edtima de la libertad en contexto de violencia de g\u00e9nero tendr\u00e1 este lunes una nueva jornada de testimoniales. Esta vez, ante la fiscal\u00eda declarar\u00e1n la madre y la hermana de Candela Arizaga, dos testimonios que apuntar\u00e1n a reconstruir c\u00f3mo era la relaci\u00f3n entre...","magazineBlocksPostCategories":["Actualidad","Argentina","econom\u00eda","inseguridad","masradios.com","nacionales","seguridad","sociedad"],"magazineBlocksPostViewCount":43,"magazineBlocksPostReadTime":4,"magazine_blocks_featured_image_url":{"full":["https:\/\/lobosnews.com.ar\/wp-content\/uploads\/2026\/08\/declaran-la-madre-y-la-hermana-de-candela-arizaga-en-la-causa-contra-facundo-moyano-la-historia-de-instagram-que-quedo-bajo-la-lupa-3.jpg",880,1168,false],"medium":["https:\/\/lobosnews.com.ar\/wp-content\/uploads\/2026\/08\/declaran-la-madre-y-la-hermana-de-candela-arizaga-en-la-causa-contra-facundo-moyano-la-historia-de-instagram-que-quedo-bajo-la-lupa-3-226x300.jpg",226,300,true],"thumbnail":["https:\/\/lobosnews.com.ar\/wp-content\/uploads\/2026\/08\/declaran-la-madre-y-la-hermana-de-candela-arizaga-en-la-causa-contra-facundo-moyano-la-historia-de-instagram-que-quedo-bajo-la-lupa-3-150x150.jpg",150,150,true]},"magazine_blocks_author":{"display_name":"admin","author_link":"https:\/\/lobosnews.com.ar\/index.php\/author\/lobos-news\/"},"magazine_blocks_comment":0,"magazine_blocks_author_image":"https:\/\/secure.gravatar.com\/avatar\/76e419471a2083bc3ceab22a763dbbf9b0c1bd15a6214cf3280e2c2dde4580f9?s=96&d=mm&r=g","magazine_blocks_category":"<a href=\"#\" class=\"category-link category-link-31\">Actualidad<\/a> <a href=\"#\" class=\"category-link category-link-30\">Argentina<\/a> <a href=\"#\" class=\"category-link category-link-32\">econom\u00eda<\/a> <a href=\"#\" class=\"category-link category-link-77\">inseguridad<\/a> <a href=\"#\" class=\"category-link category-link-84\">masradios.com<\/a> <a href=\"#\" class=\"category-link category-link-35\">nacionales<\/a> <a href=\"#\" class=\"category-link category-link-36\">seguridad<\/a> <a href=\"#\" class=\"category-link category-link-37\">sociedad<\/a>","yoast_head":"<!-- This site is optimized with the Yoast SEO plugin v28.0 - https:\/\/yoast.com\/product\/yoast-seo-wordpress\/ -->\n<title>Declaran la madre y la hermana de Candela Arizaga en la causa contra Facundo Moyano: la historia de Instagram que qued\u00f3 bajo la lupa - Lobos News<\/title>\n<meta name=\"robots\" content=\"index, follow, max-snippet:-1, max-image-preview:large, max-video-preview:-1\" \/>\n<link rel=\"canonical\" href=\"https:\/\/lobosnews.com.ar\/index.php\/2026\/08\/31\/declaran-la-madre-y-la-hermana-de-candela-arizaga-en-la-causa-contra-facundo-moyano-la-historia-de-instagram-que-quedo-bajo-la-lupa-2\/\" \/>\n<meta property=\"og:locale\" content=\"es_ES\" \/>\n<meta property=\"og:type\" content=\"article\" \/>\n<meta property=\"og:title\" content=\"Declaran la madre y la hermana de Candela Arizaga en la causa contra Facundo Moyano: la historia de Instagram que qued\u00f3 bajo la lupa - Lobos News\" \/>\n<meta property=\"og:description\" content=\"La causa que investiga a Facundo Moyano por lesiones leves y privaci\u00f3n ileg\u00edtima de la libertad en contexto de violencia de g\u00e9nero tendr\u00e1 este lunes una nueva jornada de testimoniales. Esta vez, ante la fiscal\u00eda declarar\u00e1n la madre y la hermana de Candela Arizaga, dos testimonios que apuntar\u00e1n a reconstruir c\u00f3mo era la relaci\u00f3n entre...\" \/>\n<meta property=\"og:url\" content=\"https:\/\/lobosnews.com.ar\/index.php\/2026\/08\/31\/declaran-la-madre-y-la-hermana-de-candela-arizaga-en-la-causa-contra-facundo-moyano-la-historia-de-instagram-que-quedo-bajo-la-lupa-2\/\" \/>\n<meta property=\"og:site_name\" content=\"Lobos News\" \/>\n<meta property=\"article:published_time\" content=\"2026-08-31T03:30:00+00:00\" \/>\n<meta property=\"article:modified_time\" content=\"2026-08-31T05:18:10+00:00\" \/>\n<meta property=\"og:image\" content=\"https:\/\/lobosnews.com.ar\/wp-content\/uploads\/2026\/08\/declaran-la-madre-y-la-hermana-de-candela-arizaga-en-la-causa-contra-facundo-moyano-la-historia-de-instagram-que-quedo-bajo-la-lupa-3.jpg\" \/>\n\t<meta property=\"og:image:width\" content=\"880\" \/>\n\t<meta property=\"og:image:height\" content=\"1168\" \/>\n\t<meta property=\"og:image:type\" content=\"image\/jpeg\" \/>\n<meta name=\"author\" content=\"admin\" \/>\n<meta name=\"twitter:card\" content=\"summary_large_image\" \/>\n<meta name=\"twitter:label1\" content=\"Escrito por\" \/>\n\t<meta name=\"twitter:data1\" content=\"admin\" \/>\n\t<meta name=\"twitter:label2\" content=\"Tiempo de lectura\" \/>\n\t<meta name=\"twitter:data2\" content=\"4 minutos\" \/>\n<script type=\"application\/ld+json\" class=\"yoast-schema-graph\">{\"@context\":\"https:\\\/\\\/schema.org\",\"@graph\":[{\"@type\":\"Article\",\"@id\":\"https:\\\/\\\/lobosnews.com.ar\\\/index.php\\\/2026\\\/08\\\/31\\\/declaran-la-madre-y-la-hermana-de-candela-arizaga-en-la-causa-contra-facundo-moyano-la-historia-de-instagram-que-quedo-bajo-la-lupa-2\\\/#article\",\"isPartOf\":{\"@id\":\"https:\\\/\\\/lobosnews.com.ar\\\/index.php\\\/2026\\\/08\\\/31\\\/declaran-la-madre-y-la-hermana-de-candela-arizaga-en-la-causa-contra-facundo-moyano-la-historia-de-instagram-que-quedo-bajo-la-lupa-2\\\/\"},\"author\":{\"name\":\"admin\",\"@id\":\"https:\\\/\\\/lobosnews.com.ar\\\/#\\\/schema\\\/person\\\/232422a593d5c541dd9aef6aaed10943\"},\"headline\":\"Declaran la madre y la hermana de Candela Arizaga en la causa contra Facundo Moyano: la historia de Instagram que qued\u00f3 bajo la lupa\",\"datePublished\":\"2026-08-31T03:30:00+00:00\",\"dateModified\":\"2026-08-31T05:18:10+00:00\",\"mainEntityOfPage\":{\"@id\":\"https:\\\/\\\/lobosnews.com.ar\\\/index.php\\\/2026\\\/08\\\/31\\\/declaran-la-madre-y-la-hermana-de-candela-arizaga-en-la-causa-contra-facundo-moyano-la-historia-de-instagram-que-quedo-bajo-la-lupa-2\\\/\"},\"wordCount\":731,\"commentCount\":0,\"publisher\":{\"@id\":\"https:\\\/\\\/lobosnews.com.ar\\\/#organization\"},\"image\":{\"@id\":\"https:\\\/\\\/lobosnews.com.ar\\\/index.php\\\/2026\\\/08\\\/31\\\/declaran-la-madre-y-la-hermana-de-candela-arizaga-en-la-causa-contra-facundo-moyano-la-historia-de-instagram-que-quedo-bajo-la-lupa-2\\\/#primaryimage\"},\"thumbnailUrl\":\"https:\\\/\\\/lobosnews.com.ar\\\/wp-content\\\/uploads\\\/2026\\\/08\\\/declaran-la-madre-y-la-hermana-de-candela-arizaga-en-la-causa-contra-facundo-moyano-la-historia-de-instagram-que-quedo-bajo-la-lupa-3.jpg\",\"articleSection\":[\"Actualidad\",\"Argentina\",\"econom\u00eda\",\"inseguridad\",\"masradios.com\",\"nacionales\",\"seguridad\",\"sociedad\"],\"inLanguage\":\"es\",\"potentialAction\":[{\"@type\":\"CommentAction\",\"name\":\"Comment\",\"target\":[\"https:\\\/\\\/lobosnews.com.ar\\\/index.php\\\/2026\\\/08\\\/31\\\/declaran-la-madre-y-la-hermana-de-candela-arizaga-en-la-causa-contra-facundo-moyano-la-historia-de-instagram-que-quedo-bajo-la-lupa-2\\\/#respond\"]}]},{\"@type\":\"WebPage\",\"@id\":\"https:\\\/\\\/lobosnews.com.ar\\\/index.php\\\/2026\\\/08\\\/31\\\/declaran-la-madre-y-la-hermana-de-candela-arizaga-en-la-causa-contra-facundo-moyano-la-historia-de-instagram-que-quedo-bajo-la-lupa-2\\\/\",\"url\":\"https:\\\/\\\/lobosnews.com.ar\\\/index.php\\\/2026\\\/08\\\/31\\\/declaran-la-madre-y-la-hermana-de-candela-arizaga-en-la-causa-contra-facundo-moyano-la-historia-de-instagram-que-quedo-bajo-la-lupa-2\\\/\",\"name\":\"Declaran la madre y la hermana de Candela Arizaga en la causa contra Facundo Moyano: la historia de Instagram que qued\u00f3 bajo la lupa - Lobos News\",\"isPartOf\":{\"@id\":\"https:\\\/\\\/lobosnews.com.ar\\\/#website\"},\"primaryImageOfPage\":{\"@id\":\"https:\\\/\\\/lobosnews.com.ar\\\/index.php\\\/2026\\\/08\\\/31\\\/declaran-la-madre-y-la-hermana-de-candela-arizaga-en-la-causa-contra-facundo-moyano-la-historia-de-instagram-que-quedo-bajo-la-lupa-2\\\/#primaryimage\"},\"image\":{\"@id\":\"https:\\\/\\\/lobosnews.com.ar\\\/index.php\\\/2026\\\/08\\\/31\\\/declaran-la-madre-y-la-hermana-de-candela-arizaga-en-la-causa-contra-facundo-moyano-la-historia-de-instagram-que-quedo-bajo-la-lupa-2\\\/#primaryimage\"},\"thumbnailUrl\":\"https:\\\/\\\/lobosnews.com.ar\\\/wp-content\\\/uploads\\\/2026\\\/08\\\/declaran-la-madre-y-la-hermana-de-candela-arizaga-en-la-causa-contra-facundo-moyano-la-historia-de-instagram-que-quedo-bajo-la-lupa-3.jpg\",\"datePublished\":\"2026-08-31T03:30:00+00:00\",\"dateModified\":\"2026-08-31T05:18:10+00:00\",\"breadcrumb\":{\"@id\":\"https:\\\/\\\/lobosnews.com.ar\\\/index.php\\\/2026\\\/08\\\/31\\\/declaran-la-madre-y-la-hermana-de-candela-arizaga-en-la-causa-contra-facundo-moyano-la-historia-de-instagram-que-quedo-bajo-la-lupa-2\\\/#breadcrumb\"},\"inLanguage\":\"es\",\"potentialAction\":[{\"@type\":\"ReadAction\",\"target\":[\"https:\\\/\\\/lobosnews.com.ar\\\/index.php\\\/2026\\\/08\\\/31\\\/declaran-la-madre-y-la-hermana-de-candela-arizaga-en-la-causa-contra-facundo-moyano-la-historia-de-instagram-que-quedo-bajo-la-lupa-2\\\/\"]}]},{\"@type\":\"ImageObject\",\"inLanguage\":\"es\",\"@id\":\"https:\\\/\\\/lobosnews.com.ar\\\/index.php\\\/2026\\\/08\\\/31\\\/declaran-la-madre-y-la-hermana-de-candela-arizaga-en-la-causa-contra-facundo-moyano-la-historia-de-instagram-que-quedo-bajo-la-lupa-2\\\/#primaryimage\",\"url\":\"https:\\\/\\\/lobosnews.com.ar\\\/wp-content\\\/uploads\\\/2026\\\/08\\\/declaran-la-madre-y-la-hermana-de-candela-arizaga-en-la-causa-contra-facundo-moyano-la-historia-de-instagram-que-quedo-bajo-la-lupa-3.jpg\",\"contentUrl\":\"https:\\\/\\\/lobosnews.com.ar\\\/wp-content\\\/uploads\\\/2026\\\/08\\\/declaran-la-madre-y-la-hermana-de-candela-arizaga-en-la-causa-contra-facundo-moyano-la-historia-de-instagram-que-quedo-bajo-la-lupa-3.jpg\",\"width\":880,\"height\":1168,\"caption\":\"Declaran la madre y la hermana de Candela Arizaga en la causa contra Facundo Moyano: la historia de Instagram que qued\u00f3 bajo la lupa\"},{\"@type\":\"BreadcrumbList\",\"@id\":\"https:\\\/\\\/lobosnews.com.ar\\\/index.php\\\/2026\\\/08\\\/31\\\/declaran-la-madre-y-la-hermana-de-candela-arizaga-en-la-causa-contra-facundo-moyano-la-historia-de-instagram-que-quedo-bajo-la-lupa-2\\\/#breadcrumb\",\"itemListElement\":[{\"@type\":\"ListItem\",\"position\":1,\"name\":\"Portada\",\"item\":\"https:\\\/\\\/lobosnews.com.ar\\\/\"},{\"@type\":\"ListItem\",\"position\":2,\"name\":\"Declaran la madre y la hermana de Candela Arizaga en la causa contra Facundo Moyano: la historia de Instagram que qued\u00f3 bajo la lupa\"}]},{\"@type\":\"WebSite\",\"@id\":\"https:\\\/\\\/lobosnews.com.ar\\\/#website\",\"url\":\"https:\\\/\\\/lobosnews.com.ar\\\/\",\"name\":\"Lobos News\",\"description\":\"Informaci\u00f3n a cada instante\",\"publisher\":{\"@id\":\"https:\\\/\\\/lobosnews.com.ar\\\/#organization\"},\"potentialAction\":[{\"@type\":\"SearchAction\",\"target\":{\"@type\":\"EntryPoint\",\"urlTemplate\":\"https:\\\/\\\/lobosnews.com.ar\\\/?s={search_term_string}\"},\"query-input\":{\"@type\":\"PropertyValueSpecification\",\"valueRequired\":true,\"valueName\":\"search_term_string\"}}],\"inLanguage\":\"es\"},{\"@type\":\"Organization\",\"@id\":\"https:\\\/\\\/lobosnews.com.ar\\\/#organization\",\"name\":\"Lobos News\",\"url\":\"https:\\\/\\\/lobosnews.com.ar\\\/\",\"logo\":{\"@type\":\"ImageObject\",\"inLanguage\":\"es\",\"@id\":\"https:\\\/\\\/lobosnews.com.ar\\\/#\\\/schema\\\/logo\\\/image\\\/\",\"url\":\"https:\\\/\\\/lobosnews.com.ar\\\/wp-content\\\/uploads\\\/2026\\\/01\\\/logo-lobosnews.png\",\"contentUrl\":\"https:\\\/\\\/lobosnews.com.ar\\\/wp-content\\\/uploads\\\/2026\\\/01\\\/logo-lobosnews.png\",\"width\":500,\"height\":200,\"caption\":\"Lobos News\"},\"image\":{\"@id\":\"https:\\\/\\\/lobosnews.com.ar\\\/#\\\/schema\\\/logo\\\/image\\\/\"}},{\"@type\":\"Person\",\"@id\":\"https:\\\/\\\/lobosnews.com.ar\\\/#\\\/schema\\\/person\\\/232422a593d5c541dd9aef6aaed10943\",\"name\":\"admin\",\"image\":{\"@type\":\"ImageObject\",\"inLanguage\":\"es\",\"@id\":\"https:\\\/\\\/secure.gravatar.com\\\/avatar\\\/76e419471a2083bc3ceab22a763dbbf9b0c1bd15a6214cf3280e2c2dde4580f9?s=96&d=mm&r=g\",\"url\":\"https:\\\/\\\/secure.gravatar.com\\\/avatar\\\/76e419471a2083bc3ceab22a763dbbf9b0c1bd15a6214cf3280e2c2dde4580f9?s=96&d=mm&r=g\",\"contentUrl\":\"https:\\\/\\\/secure.gravatar.com\\\/avatar\\\/76e419471a2083bc3ceab22a763dbbf9b0c1bd15a6214cf3280e2c2dde4580f9?s=96&d=mm&r=g\",\"caption\":\"admin\"},\"sameAs\":[\"https:\\\/\\\/lobosnews.com.ar\"],\"url\":\"https:\\\/\\\/lobosnews.com.ar\\\/index.php\\\/author\\\/lobos-news\\\/\"}]}<\/script>\n<!-- \/ Yoast SEO plugin. -->","yoast_head_json":{"title":"Declaran la madre y la hermana de Candela Arizaga en la causa contra Facundo Moyano: la historia de Instagram que qued\u00f3 bajo la lupa - Lobos News","robots":{"index":"index","follow":"follow","max-snippet":"max-snippet:-1","max-image-preview":"max-image-preview:large","max-video-preview":"max-video-preview:-1"},"canonical":"https:\/\/lobosnews.com.ar\/index.php\/2026\/08\/31\/declaran-la-madre-y-la-hermana-de-candela-arizaga-en-la-causa-contra-facundo-moyano-la-historia-de-instagram-que-quedo-bajo-la-lupa-2\/","og_locale":"es_ES","og_type":"article","og_title":"Declaran la madre y la hermana de Candela Arizaga en la causa contra Facundo Moyano: la historia de Instagram que qued\u00f3 bajo la lupa - Lobos News","og_description":"La causa que investiga a Facundo Moyano por lesiones leves y privaci\u00f3n ileg\u00edtima de la libertad en contexto de violencia de g\u00e9nero tendr\u00e1 este lunes una nueva jornada de testimoniales. Esta vez, ante la fiscal\u00eda declarar\u00e1n la madre y la hermana de Candela Arizaga, dos testimonios que apuntar\u00e1n a reconstruir c\u00f3mo era la relaci\u00f3n entre...","og_url":"https:\/\/lobosnews.com.ar\/index.php\/2026\/08\/31\/declaran-la-madre-y-la-hermana-de-candela-arizaga-en-la-causa-contra-facundo-moyano-la-historia-de-instagram-que-quedo-bajo-la-lupa-2\/","og_site_name":"Lobos News","article_published_time":"2026-08-31T03:30:00+00:00","article_modified_time":"2026-08-31T05:18:10+00:00","og_image":[{"width":880,"height":1168,"url":"https:\/\/lobosnews.com.ar\/wp-content\/uploads\/2026\/08\/declaran-la-madre-y-la-hermana-de-candela-arizaga-en-la-causa-contra-facundo-moyano-la-historia-de-instagram-que-quedo-bajo-la-lupa-3.jpg","type":"image\/jpeg"}],"author":"admin","twitter_card":"summary_large_image","twitter_misc":{"Escrito por":"admin","Tiempo de lectura":"4 minutos"},"schema":{"@context":"https:\/\/schema.org","@graph":[{"@type":"Article","@id":"https:\/\/lobosnews.com.ar\/index.php\/2026\/08\/31\/declaran-la-madre-y-la-hermana-de-candela-arizaga-en-la-causa-contra-facundo-moyano-la-historia-de-instagram-que-quedo-bajo-la-lupa-2\/#article","isPartOf":{"@id":"https:\/\/lobosnews.com.ar\/index.php\/2026\/08\/31\/declaran-la-madre-y-la-hermana-de-candela-arizaga-en-la-causa-contra-facundo-moyano-la-historia-de-instagram-que-quedo-bajo-la-lupa-2\/"},"author":{"name":"admin","@id":"https:\/\/lobosnews.com.ar\/#\/schema\/person\/232422a593d5c541dd9aef6aaed10943"},"headline":"Declaran la madre y la hermana de Candela Arizaga en la causa contra Facundo Moyano: la historia de Instagram que qued\u00f3 bajo la lupa","datePublished":"2026-08-31T03:30:00+00:00","dateModified":"2026-08-31T05:18:10+00:00","mainEntityOfPage":{"@id":"https:\/\/lobosnews.com.ar\/index.php\/2026\/08\/31\/declaran-la-madre-y-la-hermana-de-candela-arizaga-en-la-causa-contra-facundo-moyano-la-historia-de-instagram-que-quedo-bajo-la-lupa-2\/"},"wordCount":731,"commentCount":0,"publisher":{"@id":"https:\/\/lobosnews.com.ar\/#organization"},"image":{"@id":"https:\/\/lobosnews.com.ar\/index.php\/2026\/08\/31\/declaran-la-madre-y-la-hermana-de-candela-arizaga-en-la-causa-contra-facundo-moyano-la-historia-de-instagram-que-quedo-bajo-la-lupa-2\/#primaryimage"},"thumbnailUrl":"https:\/\/lobosnews.com.ar\/wp-content\/uploads\/2026\/08\/declaran-la-madre-y-la-hermana-de-candela-arizaga-en-la-causa-contra-facundo-moyano-la-historia-de-instagram-que-quedo-bajo-la-lupa-3.jpg","articleSection":["Actualidad","Argentina","econom\u00eda","inseguridad","masradios.com","nacionales","seguridad","sociedad"],"inLanguage":"es","potentialAction":[{"@type":"CommentAction","name":"Comment","target":["https:\/\/lobosnews.com.ar\/index.php\/2026\/08\/31\/declaran-la-madre-y-la-hermana-de-candela-arizaga-en-la-causa-contra-facundo-moyano-la-historia-de-instagram-que-quedo-bajo-la-lupa-2\/#respond"]}]},{"@type":"WebPage","@id":"https:\/\/lobosnews.com.ar\/index.php\/2026\/08\/31\/declaran-la-madre-y-la-hermana-de-candela-arizaga-en-la-causa-contra-facundo-moyano-la-historia-de-instagram-que-quedo-bajo-la-lupa-2\/","url":"https:\/\/lobosnews.com.ar\/index.php\/2026\/08\/31\/declaran-la-madre-y-la-hermana-de-candela-arizaga-en-la-causa-contra-facundo-moyano-la-historia-de-instagram-que-quedo-bajo-la-lupa-2\/","name":"Declaran la madre y la hermana de Candela Arizaga en la causa contra Facundo Moyano: la historia de Instagram que qued\u00f3 bajo la lupa - Lobos News","isPartOf":{"@id":"https:\/\/lobosnews.com.ar\/#website"},"primaryImageOfPage":{"@id":"https:\/\/lobosnews.com.ar\/index.php\/2026\/08\/31\/declaran-la-madre-y-la-hermana-de-candela-arizaga-en-la-causa-contra-facundo-moyano-la-historia-de-instagram-que-quedo-bajo-la-lupa-2\/#primaryimage"},"image":{"@id":"https:\/\/lobosnews.com.ar\/index.php\/2026\/08\/31\/declaran-la-madre-y-la-hermana-de-candela-arizaga-en-la-causa-contra-facundo-moyano-la-historia-de-instagram-que-quedo-bajo-la-lupa-2\/#primaryimage"},"thumbnailUrl":"https:\/\/lobosnews.com.ar\/wp-content\/uploads\/2026\/08\/declaran-la-madre-y-la-hermana-de-candela-arizaga-en-la-causa-contra-facundo-moyano-la-historia-de-instagram-que-quedo-bajo-la-lupa-3.jpg","datePublished":"2026-08-31T03:30:00+00:00","dateModified":"2026-08-31T05:18:10+00:00","breadcrumb":{"@id":"https:\/\/lobosnews.com.ar\/index.php\/2026\/08\/31\/declaran-la-madre-y-la-hermana-de-candela-arizaga-en-la-causa-contra-facundo-moyano-la-historia-de-instagram-que-quedo-bajo-la-lupa-2\/#breadcrumb"},"inLanguage":"es","potentialAction":[{"@type":"ReadAction","target":["https:\/\/lobosnews.com.ar\/index.php\/2026\/08\/31\/declaran-la-madre-y-la-hermana-de-candela-arizaga-en-la-causa-contra-facundo-moyano-la-historia-de-instagram-que-quedo-bajo-la-lupa-2\/"]}]},{"@type":"ImageObject","inLanguage":"es","@id":"https:\/\/lobosnews.com.ar\/index.php\/2026\/08\/31\/declaran-la-madre-y-la-hermana-de-candela-arizaga-en-la-causa-contra-facundo-moyano-la-historia-de-instagram-que-quedo-bajo-la-lupa-2\/#primaryimage","url":"https:\/\/lobosnews.com.ar\/wp-content\/uploads\/2026\/08\/declaran-la-madre-y-la-hermana-de-candela-arizaga-en-la-causa-contra-facundo-moyano-la-historia-de-instagram-que-quedo-bajo-la-lupa-3.jpg","contentUrl":"https:\/\/lobosnews.com.ar\/wp-content\/uploads\/2026\/08\/declaran-la-madre-y-la-hermana-de-candela-arizaga-en-la-causa-contra-facundo-moyano-la-historia-de-instagram-que-quedo-bajo-la-lupa-3.jpg","width":880,"height":1168,"caption":"Declaran la madre y la hermana de Candela Arizaga en la causa contra Facundo Moyano: la historia de Instagram que qued\u00f3 bajo la lupa"},{"@type":"BreadcrumbList","@id":"https:\/\/lobosnews.com.ar\/index.php\/2026\/08\/31\/declaran-la-madre-y-la-hermana-de-candela-arizaga-en-la-causa-contra-facundo-moyano-la-historia-de-instagram-que-quedo-bajo-la-lupa-2\/#breadcrumb","itemListElement":[{"@type":"ListItem","position":1,"name":"Portada","item":"https:\/\/lobosnews.com.ar\/"},{"@type":"ListItem","position":2,"name":"Declaran la madre y la hermana de Candela Arizaga en la causa contra Facundo Moyano: la historia de Instagram que qued\u00f3 bajo la lupa"}]},{"@type":"WebSite","@id":"https:\/\/lobosnews.com.ar\/#website","url":"https:\/\/lobosnews.com.ar\/","name":"Lobos News","description":"Informaci\u00f3n a cada instante","publisher":{"@id":"https:\/\/lobosnews.com.ar\/#organization"},"potentialAction":[{"@type":"SearchAction","target":{"@type":"EntryPoint","urlTemplate":"https:\/\/lobosnews.com.ar\/?s={search_term_string}"},"query-input":{"@type":"PropertyValueSpecification","valueRequired":true,"valueName":"search_term_string"}}],"inLanguage":"es"},{"@type":"Organization","@id":"https:\/\/lobosnews.com.ar\/#organization","name":"Lobos News","url":"https:\/\/lobosnews.com.ar\/","logo":{"@type":"ImageObject","inLanguage":"es","@id":"https:\/\/lobosnews.com.ar\/#\/schema\/logo\/image\/","url":"https:\/\/lobosnews.com.ar\/wp-content\/uploads\/2026\/01\/logo-lobosnews.png","contentUrl":"https:\/\/lobosnews.com.ar\/wp-content\/uploads\/2026\/01\/logo-lobosnews.png","width":500,"height":200,"caption":"Lobos News"},"image":{"@id":"https:\/\/lobosnews.com.ar\/#\/schema\/logo\/image\/"}},{"@type":"Person","@id":"https:\/\/lobosnews.com.ar\/#\/schema\/person\/232422a593d5c541dd9aef6aaed10943","name":"admin","image":{"@type":"ImageObject","inLanguage":"es","@id":"https:\/\/secure.gravatar.com\/avatar\/76e419471a2083bc3ceab22a763dbbf9b0c1bd15a6214cf3280e2c2dde4580f9?s=96&d=mm&r=g","url":"https:\/\/secure.gravatar.com\/avatar\/76e419471a2083bc3ceab22a763dbbf9b0c1bd15a6214cf3280e2c2dde4580f9?s=96&d=mm&r=g","contentUrl":"https:\/\/secure.gravatar.com\/avatar\/76e419471a2083bc3ceab22a763dbbf9b0c1bd15a6214cf3280e2c2dde4580f9?s=96&d=mm&r=g","caption":"admin"},"sameAs":["https:\/\/lobosnews.com.ar"],"url":"https:\/\/lobosnews.com.ar\/index.php\/author\/lobos-news\/"}]}},"jetpack_featured_media_url":"https:\/\/lobosnews.com.ar\/wp-content\/uploads\/2026\/08\/declaran-la-madre-y-la-hermana-de-candela-arizaga-en-la-causa-contra-facundo-moyano-la-historia-de-instagram-que-quedo-bajo-la-lupa-3.jpg","jetpack_sharing_enabled":true,"_links":{"self":[{"href":"https:\/\/lobosnews.com.ar\/index.php\/wp-json\/wp\/v2\/posts\/95885","targetHints":{"allow":["GET"]}}],"collection":[{"href":"https:\/\/lobosnews.com.ar\/index.php\/wp-json\/wp\/v2\/posts"}],"about":[{"href":"https:\/\/lobosnews.com.ar\/index.php\/wp-json\/wp\/v2\/types\/post"}],"author":[{"embeddable":true,"href":"https:\/\/lobosnews.com.ar\/index.php\/wp-json\/wp\/v2\/users\/1"}],"replies":[{"embeddable":true,"href":"https:\/\/lobosnews.com.ar\/index.php\/wp-json\/wp\/v2\/comments?post=95885"}],"version-history":[{"count":1,"href":"https:\/\/lobosnews.com.ar\/index.php\/wp-json\/wp\/v2\/posts\/95885\/revisions"}],"predecessor-version":[{"id":95889,"href":"https:\/\/lobosnews.com.ar\/index.php\/wp-json\/wp\/v2\/posts\/95885\/revisions\/95889"}],"wp:featuredmedia":[{"embeddable":true,"href":"https:\/\/lobosnews.com.ar\/index.php\/wp-json\/wp\/v2\/media\/95890"}],"wp:attachment":[{"href":"https:\/\/lobosnews.com.ar\/index.php\/wp-json\/wp\/v2\/media?parent=95885"}],"wp:term":[{"taxonomy":"category","embeddable":true,"href":"https:\/\/lobosnews.com.ar\/index.php\/wp-json\/wp\/v2\/categories?post=95885"},{"taxonomy":"post_tag","embeddable":true,"href":"https:\/\/lobosnews.com.ar\/index.php\/wp-json\/wp\/v2\/tags?post=95885"}],"curies":[{"name":"wp","href":"https:\/\/api.w.org\/{rel}","templated":true}]}}