{"id":95839,"date":"2026-08-30T21:24:02","date_gmt":"2026-08-30T21:24:02","guid":{"rendered":"https:\/\/lobosnews.com.ar\/?p=95839"},"modified":"2026-08-31T05:17:31","modified_gmt":"2026-08-31T05:17:31","slug":"el-vestido-por-el-que-aposto-la-china-suarez-desde-la-casa-de-los-suenos-en-la-previa-a-la-primavera","status":"publish","type":"post","link":"https:\/\/lobosnews.com.ar\/index.php\/2026\/08\/30\/el-vestido-por-el-que-aposto-la-china-suarez-desde-la-casa-de-los-suenos-en-la-previa-a-la-primavera\/","title":{"rendered":"El vestido por el que apost\u00f3 la China Su\u00e1rez, desde la \u201cCasa de los sue\u00f1os\u201d, en la previa a la Primavera"},"content":{"rendered":"<p><img loading=\"lazy\" decoding=\"async\" src=\"https:\/\/www.infobae.com\/resizer\/v2\/6AVRLBQL5NDOFE4BGUJLRZ23KE.png?auth=26d53cfda8d8f1ddd46c581a69608ff9e910b3ea3e20f6004e57336ee426a7ae&#038;smart=true&#038;width=1920&#038;height=1080\" alt=\"El vestido por el que apost\u00f3 la China Su\u00e1rez, desde la \u201cCasa de los sue\u00f1os\u201d, en la previa a la Primavera (Instagram)\" height=\"1080\" width=\"1920\"\/><\/p>\n<p>Desde la llamada \u201cCasa de los sue\u00f1os\u201d, la <span class=\"waslinkname\"><b>China Su\u00e1rez<\/b><\/span> siempre da que hablar y esta vez fue tras publicar una serie de fotos con un look primaveral. <b>La actriz mostr\u00f3 una apuesta est\u00e9tica apoyada en referencias rom\u00e1nticas y accesorios urbanos<\/b>, en una combinaci\u00f3n que volvi\u00f3 a ubicarla entre las figuras observadas por su estilo y su presencia en redes.<\/p>\n<p>La base del<i> outfit<\/i> fue un minivestido de lino en tono verde oliva. La prenda present\u00f3 una silueta de corte princesa, mangas largas, botones forrados al frente y un cuello corto con terminaci\u00f3n fruncida. A eso se sumaron peque\u00f1os volados en la zona de los hombros y un volumen leve en las mangas, recursos asociados a una l\u00ednea visual de aire <i>vintage<\/i>.<\/p>\n<p><img loading=\"lazy\" decoding=\"async\" src=\"https:\/\/lobosnews.com.ar\/wp-content\/uploads\/2026\/08\/el-vestido-por-el-que-aposto-la-china-suarez-desde-la-casa-de-los-suenos-en-la-previa-a-la-primavera-1.jpg\" alt=\"El look que eligi\u00f3 la actriz para lucir su vestido desde la \"Casa de los sue\u00f1os\" (Instagram)\" height=\"2346\" width=\"1320\"\/><\/p>\n<p>El protagonismo del lino reforz\u00f3 el v\u00ednculo del look con los meses de clima m\u00e1s templado. El color elegido, dentro de una paleta de verdes apagados, remiti\u00f3 a una est\u00e9tica ligada a lo natural. En esa misma l\u00ednea, la construcci\u00f3n del vestido y sus terminaciones artesanales consolidaron una imagen de impronta rom\u00e1ntica.<\/p>\n<p>La propuesta, de todos modos, no qued\u00f3 reducida a una lectura campestre. La falda de ca\u00edda suelta y el tono verde seco tambi\u00e9n acercaron el conjunto a un registro <i>boho chic<\/i>, con una traducci\u00f3n m\u00e1s apta para la ciudad. Esa combinaci\u00f3n permiti\u00f3 un equilibrio entre referencias nost\u00e1lgicas y una presentaci\u00f3n m\u00e1s actual.<\/p>\n<p>Para completar el estilismo, la actriz eligi\u00f3 botas negras de ca\u00f1a media y una cartera estructurada del mismo color, intervenida con una franja central roja y verde. Sum\u00f3 adem\u00e1s anteojos de sol peque\u00f1os, de inspiraci\u00f3n retro. <b>El contraste entre el vestido de lino y los accesorios oscuros defini\u00f3 el perfil urbano del conjunto<\/b>, y funcion\u00f3 como punto de cruce entre lo rom\u00e1ntico y lo contempor\u00e1neo.<\/p>\n<p><img loading=\"lazy\" decoding=\"async\" src=\"https:\/\/lobosnews.com.ar\/wp-content\/uploads\/2026\/08\/el-vestido-por-el-que-aposto-la-china-suarez-desde-la-casa-de-los-suenos-en-la-previa-a-la-primavera-3.jpg\" alt=\"La China Su\u00e1rez realiz\u00f3 diferentes pasos de una rutina de maquillaje \" height=\"1080\" width=\"1920\"\/><\/p>\n<p>Las im\u00e1genes publicadas por la actriz reforzaron, a su vez, la presencia del vestido de lino como una de las piezas con mayor circulaci\u00f3n en la temporada de primavera. La versatilidad del dise\u00f1o permiti\u00f3 enlazar c\u00f3digos diversos dentro de una misma propuesta, con elementos que remitieron tanto a una sensibilidad vintage como a un uso cotidiano m\u00e1s urbano.<\/p>\n<p>La reaparici\u00f3n de <b>la China Su\u00e1rez<\/b> en redes tambi\u00e9n qued\u00f3 atravesada por otro episodio que gener\u00f3 repercusi\u00f3n entre sus seguidores. En un video compartido tras su regreso a la actividad digital, la actriz prob\u00f3 productos virales de maquillaje y reaccion\u00f3 con humor ante un resultado que no la convenci\u00f3. \u201cEsta es una base que se la vi a un maquillador viral. No s\u00e9 si me gusta tanto, es un poco anaranjada\u201d, dijo durante el tutorial.<\/p>\n<p>En otro tramo del video, lanz\u00f3 un comentario en tono ir\u00f3nico sobre su delineado de labios: <b>\u201cSi quer\u00e9s que te digan que ten\u00e9s la boca pinchada como me lo dicen a m\u00ed todos los d\u00edas, te ten\u00e9s que delinear y perfilar por fuera\u201d<\/b>. La frase activ\u00f3 una r\u00e1pida respuesta en redes, con cr\u00edticas al resultado del maquillaje y menciones a supuestas intervenciones est\u00e9ticas.<\/p>\n<p><img loading=\"lazy\" decoding=\"async\" src=\"https:\/\/lobosnews.com.ar\/wp-content\/uploads\/2026\/08\/el-vestido-por-el-que-aposto-la-china-suarez-desde-la-casa-de-los-suenos-en-la-previa-a-la-primavera-5.jpg\" alt=\"La China Su\u00e1rez, siempre fashionista: su look vestida con un gorro de piel, un abrigo con detalles de piel y pantalones vaqueros azules\" height=\"1920\" width=\"1440\"\/><\/p>\n<p>Hace pocos d\u00edas <b>Lali Esp\u00f3sito<\/b> se refiri\u00f3 al v\u00ednculo actual con <b>la China Su\u00e1rez<\/b> y aclar\u00f3 que entre ambas ya no existe una relaci\u00f3n de amistad, aunque descart\u00f3 cualquier conflicto. Durante un stream con <b>Mart\u00edn Cirio<\/b>, la cantante explic\u00f3 que el distanciamiento no respondi\u00f3 a una pelea puntual, sino al paso del tiempo y a un cambio natural en la relaci\u00f3n.<b> \u201cNo es que pas\u00f3 algo, no es que nos hayamos peleado, simplemente hace much\u00edsimos a\u00f1os, much\u00edsimos, que no tenemos un v\u00ednculo de amistad\u201d<\/b>, expres\u00f3.<\/p>\n<p>Aun as\u00ed, <b>Lali<\/b> remarc\u00f3 el afecto que conserva por la actriz a partir de la historia compartida desde la adolescencia, cuando trabajaron juntas en televisi\u00f3n. La artista diferenci\u00f3 ese cari\u00f1o del concepto de amistad en el presente y sostuvo que ya no forman parte de la vida cotidiana de la otra. Tambi\u00e9n afirm\u00f3 que se alegra cuando recibe noticias positivas sobre su excompa\u00f1era de <i>Casi \u00c1ngeles<\/i> y que le desea bienestar en su vida personal, familiar y profesional.<\/p>\n","protected":false},"excerpt":{"rendered":"<p>Desde la llamada \u201cCasa de los sue\u00f1os\u201d, la China Su\u00e1rez siempre da que hablar y esta vez fue tras publicar una serie de fotos con un look primaveral. La actriz mostr\u00f3 una apuesta est\u00e9tica apoyada en referencias rom\u00e1nticas y accesorios urbanos, en una combinaci\u00f3n que volvi\u00f3 a ubicarla entre las figuras observadas por su estilo&#8230;<\/p>\n","protected":false},"author":1,"featured_media":95848,"comment_status":"open","ping_status":"closed","sticky":false,"template":"","format":"standard","meta":{"_jetpack_newsletter_access":"","_jetpack_dont_email_post_to_subs":false,"_jetpack_newsletter_tier_id":0,"_jetpack_memberships_contains_paywalled_content":false,"_jetpack_memberships_contains_paid_content":false,"footnotes":"","jetpack_post_was_ever_published":false},"categories":[79],"tags":[],"class_list":["post-95839","post","type-post","status-publish","format-standard","has-post-thumbnail","hentry","category-cine-y-series"],"magazineBlocksPostFeaturedMedia":{"thumbnail":"https:\/\/lobosnews.com.ar\/wp-content\/uploads\/2026\/08\/el-vestido-por-el-que-aposto-la-china-suarez-desde-la-casa-de-los-suenos-en-la-previa-a-la-primavera-9-150x150.jpg","medium":"https:\/\/lobosnews.com.ar\/wp-content\/uploads\/2026\/08\/el-vestido-por-el-que-aposto-la-china-suarez-desde-la-casa-de-los-suenos-en-la-previa-a-la-primavera-9-225x300.jpg","medium_large":"https:\/\/lobosnews.com.ar\/wp-content\/uploads\/2026\/08\/el-vestido-por-el-que-aposto-la-china-suarez-desde-la-casa-de-los-suenos-en-la-previa-a-la-primavera-9-768x1024.jpg","large":"https:\/\/lobosnews.com.ar\/wp-content\/uploads\/2026\/08\/el-vestido-por-el-que-aposto-la-china-suarez-desde-la-casa-de-los-suenos-en-la-previa-a-la-primavera-9-768x1024.jpg","1536x1536":"https:\/\/lobosnews.com.ar\/wp-content\/uploads\/2026\/08\/el-vestido-por-el-que-aposto-la-china-suarez-desde-la-casa-de-los-suenos-en-la-previa-a-la-primavera-9-1152x1536.jpg","2048x2048":"https:\/\/lobosnews.com.ar\/wp-content\/uploads\/2026\/08\/el-vestido-por-el-que-aposto-la-china-suarez-desde-la-casa-de-los-suenos-en-la-previa-a-la-primavera-9.jpg","newsmatic-featured":"https:\/\/lobosnews.com.ar\/wp-content\/uploads\/2026\/08\/el-vestido-por-el-que-aposto-la-china-suarez-desde-la-casa-de-los-suenos-en-la-previa-a-la-primavera-9-820x545.jpg","newsmatic-list":"https:\/\/lobosnews.com.ar\/wp-content\/uploads\/2026\/08\/el-vestido-por-el-que-aposto-la-china-suarez-desde-la-casa-de-los-suenos-en-la-previa-a-la-primavera-9-600x400.jpg","newsmatic-thumb":"https:\/\/lobosnews.com.ar\/wp-content\/uploads\/2026\/08\/el-vestido-por-el-que-aposto-la-china-suarez-desde-la-casa-de-los-suenos-en-la-previa-a-la-primavera-9-300x200.jpg","newsmatic-small":"https:\/\/lobosnews.com.ar\/wp-content\/uploads\/2026\/08\/el-vestido-por-el-que-aposto-la-china-suarez-desde-la-casa-de-los-suenos-en-la-previa-a-la-primavera-9-150x95.jpg","newsmatic-grid":"https:\/\/lobosnews.com.ar\/wp-content\/uploads\/2026\/08\/el-vestido-por-el-que-aposto-la-china-suarez-desde-la-casa-de-los-suenos-en-la-previa-a-la-primavera-9-400x250.jpg"},"magazineBlocksPostAuthor":{"name":"admin","avatar":"https:\/\/secure.gravatar.com\/avatar\/76e419471a2083bc3ceab22a763dbbf9b0c1bd15a6214cf3280e2c2dde4580f9?s=96&d=mm&r=g"},"magazineBlocksPostCommentsNumber":"0","magazineBlocksPostExcerpt":"Desde la llamada \u201cCasa de los sue\u00f1os\u201d, la China Su\u00e1rez siempre da que hablar y esta vez fue tras publicar una serie de fotos con un look primaveral. La actriz mostr\u00f3 una apuesta est\u00e9tica apoyada en referencias rom\u00e1nticas y accesorios urbanos, en una combinaci\u00f3n que volvi\u00f3 a ubicarla entre las figuras observadas por su estilo...","magazineBlocksPostCategories":["Cine y Series"],"magazineBlocksPostViewCount":30,"magazineBlocksPostReadTime":4,"magazine_blocks_featured_image_url":{"full":["https:\/\/lobosnews.com.ar\/wp-content\/uploads\/2026\/08\/el-vestido-por-el-que-aposto-la-china-suarez-desde-la-casa-de-los-suenos-en-la-previa-a-la-primavera-9.jpg",1440,1920,false],"medium":["https:\/\/lobosnews.com.ar\/wp-content\/uploads\/2026\/08\/el-vestido-por-el-que-aposto-la-china-suarez-desde-la-casa-de-los-suenos-en-la-previa-a-la-primavera-9-225x300.jpg",225,300,true],"thumbnail":["https:\/\/lobosnews.com.ar\/wp-content\/uploads\/2026\/08\/el-vestido-por-el-que-aposto-la-china-suarez-desde-la-casa-de-los-suenos-en-la-previa-a-la-primavera-9-150x150.jpg",150,150,true]},"magazine_blocks_author":{"display_name":"admin","author_link":"https:\/\/lobosnews.com.ar\/index.php\/author\/lobos-news\/"},"magazine_blocks_comment":0,"magazine_blocks_author_image":"https:\/\/secure.gravatar.com\/avatar\/76e419471a2083bc3ceab22a763dbbf9b0c1bd15a6214cf3280e2c2dde4580f9?s=96&d=mm&r=g","magazine_blocks_category":"<a href=\"#\" class=\"category-link category-link-79\">Cine y Series<\/a>","yoast_head":"<!-- This site is optimized with the Yoast SEO plugin v28.0 - https:\/\/yoast.com\/product\/yoast-seo-wordpress\/ -->\n<title>El vestido por el que apost\u00f3 la China Su\u00e1rez, desde la \u201cCasa de los sue\u00f1os\u201d, en la previa a la Primavera - Lobos News<\/title>\n<meta name=\"robots\" content=\"index, follow, max-snippet:-1, max-image-preview:large, max-video-preview:-1\" \/>\n<link rel=\"canonical\" href=\"https:\/\/lobosnews.com.ar\/index.php\/2026\/08\/30\/el-vestido-por-el-que-aposto-la-china-suarez-desde-la-casa-de-los-suenos-en-la-previa-a-la-primavera\/\" \/>\n<meta property=\"og:locale\" content=\"es_ES\" \/>\n<meta property=\"og:type\" content=\"article\" \/>\n<meta property=\"og:title\" content=\"El vestido por el que apost\u00f3 la China Su\u00e1rez, desde la \u201cCasa de los sue\u00f1os\u201d, en la previa a la Primavera - Lobos News\" \/>\n<meta property=\"og:description\" content=\"Desde la llamada \u201cCasa de los sue\u00f1os\u201d, la China Su\u00e1rez siempre da que hablar y esta vez fue tras publicar una serie de fotos con un look primaveral. La actriz mostr\u00f3 una apuesta est\u00e9tica apoyada en referencias rom\u00e1nticas y accesorios urbanos, en una combinaci\u00f3n que volvi\u00f3 a ubicarla entre las figuras observadas por su estilo...\" \/>\n<meta property=\"og:url\" content=\"https:\/\/lobosnews.com.ar\/index.php\/2026\/08\/30\/el-vestido-por-el-que-aposto-la-china-suarez-desde-la-casa-de-los-suenos-en-la-previa-a-la-primavera\/\" \/>\n<meta property=\"og:site_name\" content=\"Lobos News\" \/>\n<meta property=\"article:published_time\" content=\"2026-08-30T21:24:02+00:00\" \/>\n<meta property=\"article:modified_time\" content=\"2026-08-31T05:17:31+00:00\" \/>\n<meta property=\"og:image\" content=\"https:\/\/lobosnews.com.ar\/wp-content\/uploads\/2026\/08\/el-vestido-por-el-que-aposto-la-china-suarez-desde-la-casa-de-los-suenos-en-la-previa-a-la-primavera-9.jpg\" \/>\n\t<meta property=\"og:image:width\" content=\"1440\" \/>\n\t<meta property=\"og:image:height\" content=\"1920\" \/>\n\t<meta property=\"og:image:type\" content=\"image\/jpeg\" \/>\n<meta name=\"author\" content=\"admin\" \/>\n<meta name=\"twitter:card\" content=\"summary_large_image\" \/>\n<meta name=\"twitter:label1\" content=\"Escrito por\" \/>\n\t<meta name=\"twitter:data1\" content=\"admin\" \/>\n\t<meta name=\"twitter:label2\" content=\"Tiempo de lectura\" \/>\n\t<meta name=\"twitter:data2\" content=\"4 minutos\" \/>\n<script type=\"application\/ld+json\" class=\"yoast-schema-graph\">{\"@context\":\"https:\\\/\\\/schema.org\",\"@graph\":[{\"@type\":\"Article\",\"@id\":\"https:\\\/\\\/lobosnews.com.ar\\\/index.php\\\/2026\\\/08\\\/30\\\/el-vestido-por-el-que-aposto-la-china-suarez-desde-la-casa-de-los-suenos-en-la-previa-a-la-primavera\\\/#article\",\"isPartOf\":{\"@id\":\"https:\\\/\\\/lobosnews.com.ar\\\/index.php\\\/2026\\\/08\\\/30\\\/el-vestido-por-el-que-aposto-la-china-suarez-desde-la-casa-de-los-suenos-en-la-previa-a-la-primavera\\\/\"},\"author\":{\"name\":\"admin\",\"@id\":\"https:\\\/\\\/lobosnews.com.ar\\\/#\\\/schema\\\/person\\\/232422a593d5c541dd9aef6aaed10943\"},\"headline\":\"El vestido por el que apost\u00f3 la China Su\u00e1rez, desde la \u201cCasa de los sue\u00f1os\u201d, en la previa a la Primavera\",\"datePublished\":\"2026-08-30T21:24:02+00:00\",\"dateModified\":\"2026-08-31T05:17:31+00:00\",\"mainEntityOfPage\":{\"@id\":\"https:\\\/\\\/lobosnews.com.ar\\\/index.php\\\/2026\\\/08\\\/30\\\/el-vestido-por-el-que-aposto-la-china-suarez-desde-la-casa-de-los-suenos-en-la-previa-a-la-primavera\\\/\"},\"wordCount\":733,\"commentCount\":0,\"publisher\":{\"@id\":\"https:\\\/\\\/lobosnews.com.ar\\\/#organization\"},\"image\":{\"@id\":\"https:\\\/\\\/lobosnews.com.ar\\\/index.php\\\/2026\\\/08\\\/30\\\/el-vestido-por-el-que-aposto-la-china-suarez-desde-la-casa-de-los-suenos-en-la-previa-a-la-primavera\\\/#primaryimage\"},\"thumbnailUrl\":\"https:\\\/\\\/lobosnews.com.ar\\\/wp-content\\\/uploads\\\/2026\\\/08\\\/el-vestido-por-el-que-aposto-la-china-suarez-desde-la-casa-de-los-suenos-en-la-previa-a-la-primavera-9.jpg\",\"articleSection\":[\"Cine y Series\"],\"inLanguage\":\"es\",\"potentialAction\":[{\"@type\":\"CommentAction\",\"name\":\"Comment\",\"target\":[\"https:\\\/\\\/lobosnews.com.ar\\\/index.php\\\/2026\\\/08\\\/30\\\/el-vestido-por-el-que-aposto-la-china-suarez-desde-la-casa-de-los-suenos-en-la-previa-a-la-primavera\\\/#respond\"]}]},{\"@type\":\"WebPage\",\"@id\":\"https:\\\/\\\/lobosnews.com.ar\\\/index.php\\\/2026\\\/08\\\/30\\\/el-vestido-por-el-que-aposto-la-china-suarez-desde-la-casa-de-los-suenos-en-la-previa-a-la-primavera\\\/\",\"url\":\"https:\\\/\\\/lobosnews.com.ar\\\/index.php\\\/2026\\\/08\\\/30\\\/el-vestido-por-el-que-aposto-la-china-suarez-desde-la-casa-de-los-suenos-en-la-previa-a-la-primavera\\\/\",\"name\":\"El vestido por el que apost\u00f3 la China Su\u00e1rez, desde la \u201cCasa de los sue\u00f1os\u201d, en la previa a la Primavera - Lobos News\",\"isPartOf\":{\"@id\":\"https:\\\/\\\/lobosnews.com.ar\\\/#website\"},\"primaryImageOfPage\":{\"@id\":\"https:\\\/\\\/lobosnews.com.ar\\\/index.php\\\/2026\\\/08\\\/30\\\/el-vestido-por-el-que-aposto-la-china-suarez-desde-la-casa-de-los-suenos-en-la-previa-a-la-primavera\\\/#primaryimage\"},\"image\":{\"@id\":\"https:\\\/\\\/lobosnews.com.ar\\\/index.php\\\/2026\\\/08\\\/30\\\/el-vestido-por-el-que-aposto-la-china-suarez-desde-la-casa-de-los-suenos-en-la-previa-a-la-primavera\\\/#primaryimage\"},\"thumbnailUrl\":\"https:\\\/\\\/lobosnews.com.ar\\\/wp-content\\\/uploads\\\/2026\\\/08\\\/el-vestido-por-el-que-aposto-la-china-suarez-desde-la-casa-de-los-suenos-en-la-previa-a-la-primavera-9.jpg\",\"datePublished\":\"2026-08-30T21:24:02+00:00\",\"dateModified\":\"2026-08-31T05:17:31+00:00\",\"breadcrumb\":{\"@id\":\"https:\\\/\\\/lobosnews.com.ar\\\/index.php\\\/2026\\\/08\\\/30\\\/el-vestido-por-el-que-aposto-la-china-suarez-desde-la-casa-de-los-suenos-en-la-previa-a-la-primavera\\\/#breadcrumb\"},\"inLanguage\":\"es\",\"potentialAction\":[{\"@type\":\"ReadAction\",\"target\":[\"https:\\\/\\\/lobosnews.com.ar\\\/index.php\\\/2026\\\/08\\\/30\\\/el-vestido-por-el-que-aposto-la-china-suarez-desde-la-casa-de-los-suenos-en-la-previa-a-la-primavera\\\/\"]}]},{\"@type\":\"ImageObject\",\"inLanguage\":\"es\",\"@id\":\"https:\\\/\\\/lobosnews.com.ar\\\/index.php\\\/2026\\\/08\\\/30\\\/el-vestido-por-el-que-aposto-la-china-suarez-desde-la-casa-de-los-suenos-en-la-previa-a-la-primavera\\\/#primaryimage\",\"url\":\"https:\\\/\\\/lobosnews.com.ar\\\/wp-content\\\/uploads\\\/2026\\\/08\\\/el-vestido-por-el-que-aposto-la-china-suarez-desde-la-casa-de-los-suenos-en-la-previa-a-la-primavera-9.jpg\",\"contentUrl\":\"https:\\\/\\\/lobosnews.com.ar\\\/wp-content\\\/uploads\\\/2026\\\/08\\\/el-vestido-por-el-que-aposto-la-china-suarez-desde-la-casa-de-los-suenos-en-la-previa-a-la-primavera-9.jpg\",\"width\":1440,\"height\":1920,\"caption\":\"El vestido por el que apost\u00f3 la China Su\u00e1rez, desde la \u201cCasa de los sue\u00f1os\u201d, en la previa a la Primavera\"},{\"@type\":\"BreadcrumbList\",\"@id\":\"https:\\\/\\\/lobosnews.com.ar\\\/index.php\\\/2026\\\/08\\\/30\\\/el-vestido-por-el-que-aposto-la-china-suarez-desde-la-casa-de-los-suenos-en-la-previa-a-la-primavera\\\/#breadcrumb\",\"itemListElement\":[{\"@type\":\"ListItem\",\"position\":1,\"name\":\"Portada\",\"item\":\"https:\\\/\\\/lobosnews.com.ar\\\/\"},{\"@type\":\"ListItem\",\"position\":2,\"name\":\"El vestido por el que apost\u00f3 la China Su\u00e1rez, desde la \u201cCasa de los sue\u00f1os\u201d, en la previa a la Primavera\"}]},{\"@type\":\"WebSite\",\"@id\":\"https:\\\/\\\/lobosnews.com.ar\\\/#website\",\"url\":\"https:\\\/\\\/lobosnews.com.ar\\\/\",\"name\":\"Lobos News\",\"description\":\"Informaci\u00f3n a cada instante\",\"publisher\":{\"@id\":\"https:\\\/\\\/lobosnews.com.ar\\\/#organization\"},\"potentialAction\":[{\"@type\":\"SearchAction\",\"target\":{\"@type\":\"EntryPoint\",\"urlTemplate\":\"https:\\\/\\\/lobosnews.com.ar\\\/?s={search_term_string}\"},\"query-input\":{\"@type\":\"PropertyValueSpecification\",\"valueRequired\":true,\"valueName\":\"search_term_string\"}}],\"inLanguage\":\"es\"},{\"@type\":\"Organization\",\"@id\":\"https:\\\/\\\/lobosnews.com.ar\\\/#organization\",\"name\":\"Lobos News\",\"url\":\"https:\\\/\\\/lobosnews.com.ar\\\/\",\"logo\":{\"@type\":\"ImageObject\",\"inLanguage\":\"es\",\"@id\":\"https:\\\/\\\/lobosnews.com.ar\\\/#\\\/schema\\\/logo\\\/image\\\/\",\"url\":\"https:\\\/\\\/lobosnews.com.ar\\\/wp-content\\\/uploads\\\/2026\\\/01\\\/logo-lobosnews.png\",\"contentUrl\":\"https:\\\/\\\/lobosnews.com.ar\\\/wp-content\\\/uploads\\\/2026\\\/01\\\/logo-lobosnews.png\",\"width\":500,\"height\":200,\"caption\":\"Lobos News\"},\"image\":{\"@id\":\"https:\\\/\\\/lobosnews.com.ar\\\/#\\\/schema\\\/logo\\\/image\\\/\"}},{\"@type\":\"Person\",\"@id\":\"https:\\\/\\\/lobosnews.com.ar\\\/#\\\/schema\\\/person\\\/232422a593d5c541dd9aef6aaed10943\",\"name\":\"admin\",\"image\":{\"@type\":\"ImageObject\",\"inLanguage\":\"es\",\"@id\":\"https:\\\/\\\/secure.gravatar.com\\\/avatar\\\/76e419471a2083bc3ceab22a763dbbf9b0c1bd15a6214cf3280e2c2dde4580f9?s=96&d=mm&r=g\",\"url\":\"https:\\\/\\\/secure.gravatar.com\\\/avatar\\\/76e419471a2083bc3ceab22a763dbbf9b0c1bd15a6214cf3280e2c2dde4580f9?s=96&d=mm&r=g\",\"contentUrl\":\"https:\\\/\\\/secure.gravatar.com\\\/avatar\\\/76e419471a2083bc3ceab22a763dbbf9b0c1bd15a6214cf3280e2c2dde4580f9?s=96&d=mm&r=g\",\"caption\":\"admin\"},\"sameAs\":[\"https:\\\/\\\/lobosnews.com.ar\"],\"url\":\"https:\\\/\\\/lobosnews.com.ar\\\/index.php\\\/author\\\/lobos-news\\\/\"}]}<\/script>\n<!-- \/ Yoast SEO plugin. -->","yoast_head_json":{"title":"El vestido por el que apost\u00f3 la China Su\u00e1rez, desde la \u201cCasa de los sue\u00f1os\u201d, en la previa a la Primavera - Lobos News","robots":{"index":"index","follow":"follow","max-snippet":"max-snippet:-1","max-image-preview":"max-image-preview:large","max-video-preview":"max-video-preview:-1"},"canonical":"https:\/\/lobosnews.com.ar\/index.php\/2026\/08\/30\/el-vestido-por-el-que-aposto-la-china-suarez-desde-la-casa-de-los-suenos-en-la-previa-a-la-primavera\/","og_locale":"es_ES","og_type":"article","og_title":"El vestido por el que apost\u00f3 la China Su\u00e1rez, desde la \u201cCasa de los sue\u00f1os\u201d, en la previa a la Primavera - Lobos News","og_description":"Desde la llamada \u201cCasa de los sue\u00f1os\u201d, la China Su\u00e1rez siempre da que hablar y esta vez fue tras publicar una serie de fotos con un look primaveral. La actriz mostr\u00f3 una apuesta est\u00e9tica apoyada en referencias rom\u00e1nticas y accesorios urbanos, en una combinaci\u00f3n que volvi\u00f3 a ubicarla entre las figuras observadas por su estilo...","og_url":"https:\/\/lobosnews.com.ar\/index.php\/2026\/08\/30\/el-vestido-por-el-que-aposto-la-china-suarez-desde-la-casa-de-los-suenos-en-la-previa-a-la-primavera\/","og_site_name":"Lobos News","article_published_time":"2026-08-30T21:24:02+00:00","article_modified_time":"2026-08-31T05:17:31+00:00","og_image":[{"width":1440,"height":1920,"url":"https:\/\/lobosnews.com.ar\/wp-content\/uploads\/2026\/08\/el-vestido-por-el-que-aposto-la-china-suarez-desde-la-casa-de-los-suenos-en-la-previa-a-la-primavera-9.jpg","type":"image\/jpeg"}],"author":"admin","twitter_card":"summary_large_image","twitter_misc":{"Escrito por":"admin","Tiempo de lectura":"4 minutos"},"schema":{"@context":"https:\/\/schema.org","@graph":[{"@type":"Article","@id":"https:\/\/lobosnews.com.ar\/index.php\/2026\/08\/30\/el-vestido-por-el-que-aposto-la-china-suarez-desde-la-casa-de-los-suenos-en-la-previa-a-la-primavera\/#article","isPartOf":{"@id":"https:\/\/lobosnews.com.ar\/index.php\/2026\/08\/30\/el-vestido-por-el-que-aposto-la-china-suarez-desde-la-casa-de-los-suenos-en-la-previa-a-la-primavera\/"},"author":{"name":"admin","@id":"https:\/\/lobosnews.com.ar\/#\/schema\/person\/232422a593d5c541dd9aef6aaed10943"},"headline":"El vestido por el que apost\u00f3 la China Su\u00e1rez, desde la \u201cCasa de los sue\u00f1os\u201d, en la previa a la Primavera","datePublished":"2026-08-30T21:24:02+00:00","dateModified":"2026-08-31T05:17:31+00:00","mainEntityOfPage":{"@id":"https:\/\/lobosnews.com.ar\/index.php\/2026\/08\/30\/el-vestido-por-el-que-aposto-la-china-suarez-desde-la-casa-de-los-suenos-en-la-previa-a-la-primavera\/"},"wordCount":733,"commentCount":0,"publisher":{"@id":"https:\/\/lobosnews.com.ar\/#organization"},"image":{"@id":"https:\/\/lobosnews.com.ar\/index.php\/2026\/08\/30\/el-vestido-por-el-que-aposto-la-china-suarez-desde-la-casa-de-los-suenos-en-la-previa-a-la-primavera\/#primaryimage"},"thumbnailUrl":"https:\/\/lobosnews.com.ar\/wp-content\/uploads\/2026\/08\/el-vestido-por-el-que-aposto-la-china-suarez-desde-la-casa-de-los-suenos-en-la-previa-a-la-primavera-9.jpg","articleSection":["Cine y Series"],"inLanguage":"es","potentialAction":[{"@type":"CommentAction","name":"Comment","target":["https:\/\/lobosnews.com.ar\/index.php\/2026\/08\/30\/el-vestido-por-el-que-aposto-la-china-suarez-desde-la-casa-de-los-suenos-en-la-previa-a-la-primavera\/#respond"]}]},{"@type":"WebPage","@id":"https:\/\/lobosnews.com.ar\/index.php\/2026\/08\/30\/el-vestido-por-el-que-aposto-la-china-suarez-desde-la-casa-de-los-suenos-en-la-previa-a-la-primavera\/","url":"https:\/\/lobosnews.com.ar\/index.php\/2026\/08\/30\/el-vestido-por-el-que-aposto-la-china-suarez-desde-la-casa-de-los-suenos-en-la-previa-a-la-primavera\/","name":"El vestido por el que apost\u00f3 la China Su\u00e1rez, desde la \u201cCasa de los sue\u00f1os\u201d, en la previa a la Primavera - Lobos News","isPartOf":{"@id":"https:\/\/lobosnews.com.ar\/#website"},"primaryImageOfPage":{"@id":"https:\/\/lobosnews.com.ar\/index.php\/2026\/08\/30\/el-vestido-por-el-que-aposto-la-china-suarez-desde-la-casa-de-los-suenos-en-la-previa-a-la-primavera\/#primaryimage"},"image":{"@id":"https:\/\/lobosnews.com.ar\/index.php\/2026\/08\/30\/el-vestido-por-el-que-aposto-la-china-suarez-desde-la-casa-de-los-suenos-en-la-previa-a-la-primavera\/#primaryimage"},"thumbnailUrl":"https:\/\/lobosnews.com.ar\/wp-content\/uploads\/2026\/08\/el-vestido-por-el-que-aposto-la-china-suarez-desde-la-casa-de-los-suenos-en-la-previa-a-la-primavera-9.jpg","datePublished":"2026-08-30T21:24:02+00:00","dateModified":"2026-08-31T05:17:31+00:00","breadcrumb":{"@id":"https:\/\/lobosnews.com.ar\/index.php\/2026\/08\/30\/el-vestido-por-el-que-aposto-la-china-suarez-desde-la-casa-de-los-suenos-en-la-previa-a-la-primavera\/#breadcrumb"},"inLanguage":"es","potentialAction":[{"@type":"ReadAction","target":["https:\/\/lobosnews.com.ar\/index.php\/2026\/08\/30\/el-vestido-por-el-que-aposto-la-china-suarez-desde-la-casa-de-los-suenos-en-la-previa-a-la-primavera\/"]}]},{"@type":"ImageObject","inLanguage":"es","@id":"https:\/\/lobosnews.com.ar\/index.php\/2026\/08\/30\/el-vestido-por-el-que-aposto-la-china-suarez-desde-la-casa-de-los-suenos-en-la-previa-a-la-primavera\/#primaryimage","url":"https:\/\/lobosnews.com.ar\/wp-content\/uploads\/2026\/08\/el-vestido-por-el-que-aposto-la-china-suarez-desde-la-casa-de-los-suenos-en-la-previa-a-la-primavera-9.jpg","contentUrl":"https:\/\/lobosnews.com.ar\/wp-content\/uploads\/2026\/08\/el-vestido-por-el-que-aposto-la-china-suarez-desde-la-casa-de-los-suenos-en-la-previa-a-la-primavera-9.jpg","width":1440,"height":1920,"caption":"El vestido por el que apost\u00f3 la China Su\u00e1rez, desde la \u201cCasa de los sue\u00f1os\u201d, en la previa a la Primavera"},{"@type":"BreadcrumbList","@id":"https:\/\/lobosnews.com.ar\/index.php\/2026\/08\/30\/el-vestido-por-el-que-aposto-la-china-suarez-desde-la-casa-de-los-suenos-en-la-previa-a-la-primavera\/#breadcrumb","itemListElement":[{"@type":"ListItem","position":1,"name":"Portada","item":"https:\/\/lobosnews.com.ar\/"},{"@type":"ListItem","position":2,"name":"El vestido por el que apost\u00f3 la China Su\u00e1rez, desde la \u201cCasa de los sue\u00f1os\u201d, en la previa a la Primavera"}]},{"@type":"WebSite","@id":"https:\/\/lobosnews.com.ar\/#website","url":"https:\/\/lobosnews.com.ar\/","name":"Lobos News","description":"Informaci\u00f3n a cada instante","publisher":{"@id":"https:\/\/lobosnews.com.ar\/#organization"},"potentialAction":[{"@type":"SearchAction","target":{"@type":"EntryPoint","urlTemplate":"https:\/\/lobosnews.com.ar\/?s={search_term_string}"},"query-input":{"@type":"PropertyValueSpecification","valueRequired":true,"valueName":"search_term_string"}}],"inLanguage":"es"},{"@type":"Organization","@id":"https:\/\/lobosnews.com.ar\/#organization","name":"Lobos News","url":"https:\/\/lobosnews.com.ar\/","logo":{"@type":"ImageObject","inLanguage":"es","@id":"https:\/\/lobosnews.com.ar\/#\/schema\/logo\/image\/","url":"https:\/\/lobosnews.com.ar\/wp-content\/uploads\/2026\/01\/logo-lobosnews.png","contentUrl":"https:\/\/lobosnews.com.ar\/wp-content\/uploads\/2026\/01\/logo-lobosnews.png","width":500,"height":200,"caption":"Lobos News"},"image":{"@id":"https:\/\/lobosnews.com.ar\/#\/schema\/logo\/image\/"}},{"@type":"Person","@id":"https:\/\/lobosnews.com.ar\/#\/schema\/person\/232422a593d5c541dd9aef6aaed10943","name":"admin","image":{"@type":"ImageObject","inLanguage":"es","@id":"https:\/\/secure.gravatar.com\/avatar\/76e419471a2083bc3ceab22a763dbbf9b0c1bd15a6214cf3280e2c2dde4580f9?s=96&d=mm&r=g","url":"https:\/\/secure.gravatar.com\/avatar\/76e419471a2083bc3ceab22a763dbbf9b0c1bd15a6214cf3280e2c2dde4580f9?s=96&d=mm&r=g","contentUrl":"https:\/\/secure.gravatar.com\/avatar\/76e419471a2083bc3ceab22a763dbbf9b0c1bd15a6214cf3280e2c2dde4580f9?s=96&d=mm&r=g","caption":"admin"},"sameAs":["https:\/\/lobosnews.com.ar"],"url":"https:\/\/lobosnews.com.ar\/index.php\/author\/lobos-news\/"}]}},"jetpack_featured_media_url":"https:\/\/lobosnews.com.ar\/wp-content\/uploads\/2026\/08\/el-vestido-por-el-que-aposto-la-china-suarez-desde-la-casa-de-los-suenos-en-la-previa-a-la-primavera-9.jpg","jetpack_sharing_enabled":true,"_links":{"self":[{"href":"https:\/\/lobosnews.com.ar\/index.php\/wp-json\/wp\/v2\/posts\/95839","targetHints":{"allow":["GET"]}}],"collection":[{"href":"https:\/\/lobosnews.com.ar\/index.php\/wp-json\/wp\/v2\/posts"}],"about":[{"href":"https:\/\/lobosnews.com.ar\/index.php\/wp-json\/wp\/v2\/types\/post"}],"author":[{"embeddable":true,"href":"https:\/\/lobosnews.com.ar\/index.php\/wp-json\/wp\/v2\/users\/1"}],"replies":[{"embeddable":true,"href":"https:\/\/lobosnews.com.ar\/index.php\/wp-json\/wp\/v2\/comments?post=95839"}],"version-history":[{"count":1,"href":"https:\/\/lobosnews.com.ar\/index.php\/wp-json\/wp\/v2\/posts\/95839\/revisions"}],"predecessor-version":[{"id":95847,"href":"https:\/\/lobosnews.com.ar\/index.php\/wp-json\/wp\/v2\/posts\/95839\/revisions\/95847"}],"wp:featuredmedia":[{"embeddable":true,"href":"https:\/\/lobosnews.com.ar\/index.php\/wp-json\/wp\/v2\/media\/95848"}],"wp:attachment":[{"href":"https:\/\/lobosnews.com.ar\/index.php\/wp-json\/wp\/v2\/media?parent=95839"}],"wp:term":[{"taxonomy":"category","embeddable":true,"href":"https:\/\/lobosnews.com.ar\/index.php\/wp-json\/wp\/v2\/categories?post=95839"},{"taxonomy":"post_tag","embeddable":true,"href":"https:\/\/lobosnews.com.ar\/index.php\/wp-json\/wp\/v2\/tags?post=95839"}],"curies":[{"name":"wp","href":"https:\/\/api.w.org\/{rel}","templated":true}]}}