{"id":95712,"date":"2026-08-30T16:12:51","date_gmt":"2026-08-30T16:12:51","guid":{"rendered":"https:\/\/lobosnews.com.ar\/?p=95712"},"modified":"2026-08-30T18:18:34","modified_gmt":"2026-08-30T18:18:34","slug":"brutal-homicidio-en-merlo-cuatro-vecinos-de-la-victima-bajo-sospecha","status":"publish","type":"post","link":"https:\/\/lobosnews.com.ar\/index.php\/2026\/08\/30\/brutal-homicidio-en-merlo-cuatro-vecinos-de-la-victima-bajo-sospecha\/","title":{"rendered":"Brutal homicidio en Merlo: cuatro vecinos de la v\u00edctima bajo sospecha"},"content":{"rendered":"<p><img loading=\"lazy\" decoding=\"async\" src=\"https:\/\/lobosnews.com.ar\/wp-content\/uploads\/2026\/08\/brutal-homicidio-en-merlo-cuatro-vecinos-de-la-victima-bajo-sospecha.jpg\" alt=\"Cuatro personas permanecen bajo custodia policial tras ser aprehendidas por su presunta vinculaci\u00f3n con un ataque contra un jubilado en la localidad de Merlo.\" height=\"1080\" width=\"1920\"\/><\/p>\n<p>Un hombre de 74 a\u00f1os fue asesinado tras un violento ataque en su casa del partido bonaerense de <b>Merlo,<\/b> en lo que la fiscal\u00eda interviniente calific\u00f3 como un<b> homicidio con alevos\u00eda<\/b>. <\/p>\n<p>Las c\u00e1maras de seguridad de la cuadra registraron a los cuatro sospechosos \u2014<b>todos vecinos de la v\u00edctima<\/b>\u2014 entrar y salir del domicilio, lo que permiti\u00f3 su identificaci\u00f3n y detenci\u00f3n en pocas horas, indicaron fuentes del caso a <b>Infobae<\/b>.<\/p>\n<p>La v\u00edctima,<b> \u00c1ngel Rosendo Leguizam\u00f3n,<\/b> fue hallada sin vida en el dormitorio de su casa de la calle Isarra al 5400, entre Jos\u00e9 Miranda y avenida Echeverry. Un amigo lleg\u00f3 a visitarlo y encontr\u00f3 la puerta de entrada abierta y el interior de la vivienda completamente revuelto. <\/p>\n<p>Al ingresar, descubri\u00f3 el cuerpo con <b>un cable alrededor del cuello<\/b> y llam\u00f3 de inmediato al 911. Los primeros efectivos de la subcomisar\u00eda del Barrio Matera que llegaron al lugar constataron que se trataba de un homicidio; el m\u00e9dico de la ambulancia determin\u00f3 que la muerte se hab\u00eda producido entre seis y ocho horas antes.<\/p>\n<p>El examen del cuerpo revel\u00f3 la magnitud de la violencia ejercida: recibi\u00f3 golpes en distintas partes del cuerpo, fue asfixiada con un cable y sufri\u00f3 heridas de arma blanca en la zona intercostal. Ten\u00eda adem\u00e1s sus piernas atadas con un cable y presentaba lesiones defensivas en las manos y los brazos, lo que indic\u00f3 que estuvo consciente y maniatado durante parte del ataque. <\/p>\n<p>El personal de la Polic\u00eda Cient\u00edfica secuestr\u00f3 en el lugar<b> dos cuchillos de cocina<\/b> que se presume fueron utilizados en la agresi\u00f3n.<\/p>\n<p>Todo apunta a un robo. En principio, a simple vista, faltaba el celular del hombre asesinado. Por otro lado, las fuentes indicaron que la cerradura de la vivienda no presentaba signos de violaci\u00f3n, lo que sugiere que Leguizam\u00f3n conoc\u00eda a quienes lo agredieron o les abri\u00f3 la puerta voluntariamente. La hip\u00f3tesis que maneja la fiscal\u00eda es que le exigieron dinero mientras le inflig\u00edan las heridas.<\/p>\n<p>El fiscal<b> Mart\u00edn Schebes<\/b>, de la UFI N\u00b0 4 de Mor\u00f3n, trabaj\u00f3 en la escena junto a las instructoras Paula Salvo y Lorena Stratta. A partir de las im\u00e1genes obtenidas de las c\u00e1maras de seguridad instaladas en la cuadra, los investigadores pudieron establecer que cuatro personas ingresaron y salieron del domicilio de la v\u00edctima. Todos resid\u00edan en viviendas linderas.<\/p>\n<p>Tras una serie de allanamientos de urgencia, la justicia detuvo a V\u00edctor Rub\u00e9n Morganti (42), Ludmila Alejandra Montiel (26), Mar\u00eda Rosa Morganti (60) y Sergio Leonel S\u00e1nchez (38) en domicilios de las calles Isarra al 5400 y Miranda al 100. En los procedimientos se secuestraron tres tel\u00e9fonos celulares, las prendas de vestir que habr\u00edan utilizado al ingresar a la vivienda y dos cuchillas cuya relaci\u00f3n con el crimen se encuentra en proceso de verificaci\u00f3n pericial.<\/p>\n<p>Los cuatro imputados enfrentan cargos por homicidio agravado por alevos\u00eda, delito que prev\u00e9 pena de prisi\u00f3n perpetua. La investigaci\u00f3n contin\u00faa abierta: resta determinar el grado de participaci\u00f3n de cada uno de los detenidos.<\/p>\n","protected":false},"excerpt":{"rendered":"<p>Un hombre de 74 a\u00f1os fue asesinado tras un violento ataque en su casa del partido bonaerense de Merlo, en lo que la fiscal\u00eda interviniente calific\u00f3 como un homicidio con alevos\u00eda. Las c\u00e1maras de seguridad de la cuadra registraron a los cuatro sospechosos \u2014todos vecinos de la v\u00edctima\u2014 entrar y salir del domicilio, lo que&#8230;<\/p>\n","protected":false},"author":1,"featured_media":95715,"comment_status":"open","ping_status":"closed","sticky":false,"template":"","format":"standard","meta":{"_jetpack_newsletter_access":"","_jetpack_dont_email_post_to_subs":false,"_jetpack_newsletter_tier_id":0,"_jetpack_memberships_contains_paywalled_content":false,"_jetpack_memberships_contains_paid_content":false,"footnotes":"","jetpack_post_was_ever_published":false},"categories":[31,30,32,77,84,35,36,37],"tags":[],"class_list":["post-95712","post","type-post","status-publish","format-standard","has-post-thumbnail","hentry","category-actualidad","category-argentina","category-economia","category-inseguridad","category-masradios-com","category-nacionales","category-seguridad","category-sociedad"],"magazineBlocksPostFeaturedMedia":{"thumbnail":"https:\/\/lobosnews.com.ar\/wp-content\/uploads\/2026\/08\/brutal-homicidio-en-merlo-cuatro-vecinos-de-la-victima-bajo-sospecha-150x150.jpg","medium":"https:\/\/lobosnews.com.ar\/wp-content\/uploads\/2026\/08\/brutal-homicidio-en-merlo-cuatro-vecinos-de-la-victima-bajo-sospecha-300x169.jpg","medium_large":"https:\/\/lobosnews.com.ar\/wp-content\/uploads\/2026\/08\/brutal-homicidio-en-merlo-cuatro-vecinos-de-la-victima-bajo-sospecha-768x432.jpg","large":"https:\/\/lobosnews.com.ar\/wp-content\/uploads\/2026\/08\/brutal-homicidio-en-merlo-cuatro-vecinos-de-la-victima-bajo-sospecha-1024x576.jpg","1536x1536":"https:\/\/lobosnews.com.ar\/wp-content\/uploads\/2026\/08\/brutal-homicidio-en-merlo-cuatro-vecinos-de-la-victima-bajo-sospecha-1536x864.jpg","2048x2048":"https:\/\/lobosnews.com.ar\/wp-content\/uploads\/2026\/08\/brutal-homicidio-en-merlo-cuatro-vecinos-de-la-victima-bajo-sospecha.jpg","newsmatic-featured":"https:\/\/lobosnews.com.ar\/wp-content\/uploads\/2026\/08\/brutal-homicidio-en-merlo-cuatro-vecinos-de-la-victima-bajo-sospecha-820x545.jpg","newsmatic-list":"https:\/\/lobosnews.com.ar\/wp-content\/uploads\/2026\/08\/brutal-homicidio-en-merlo-cuatro-vecinos-de-la-victima-bajo-sospecha-600x400.jpg","newsmatic-thumb":"https:\/\/lobosnews.com.ar\/wp-content\/uploads\/2026\/08\/brutal-homicidio-en-merlo-cuatro-vecinos-de-la-victima-bajo-sospecha-300x200.jpg","newsmatic-small":"https:\/\/lobosnews.com.ar\/wp-content\/uploads\/2026\/08\/brutal-homicidio-en-merlo-cuatro-vecinos-de-la-victima-bajo-sospecha-150x95.jpg","newsmatic-grid":"https:\/\/lobosnews.com.ar\/wp-content\/uploads\/2026\/08\/brutal-homicidio-en-merlo-cuatro-vecinos-de-la-victima-bajo-sospecha-400x250.jpg"},"magazineBlocksPostAuthor":{"name":"admin","avatar":"https:\/\/secure.gravatar.com\/avatar\/76e419471a2083bc3ceab22a763dbbf9b0c1bd15a6214cf3280e2c2dde4580f9?s=96&d=mm&r=g"},"magazineBlocksPostCommentsNumber":"0","magazineBlocksPostExcerpt":"Un hombre de 74 a\u00f1os fue asesinado tras un violento ataque en su casa del partido bonaerense de Merlo, en lo que la fiscal\u00eda interviniente calific\u00f3 como un homicidio con alevos\u00eda. Las c\u00e1maras de seguridad de la cuadra registraron a los cuatro sospechosos \u2014todos vecinos de la v\u00edctima\u2014 entrar y salir del domicilio, lo que...","magazineBlocksPostCategories":["Actualidad","Argentina","econom\u00eda","inseguridad","masradios.com","nacionales","seguridad","sociedad"],"magazineBlocksPostViewCount":88,"magazineBlocksPostReadTime":3,"magazine_blocks_featured_image_url":{"full":["https:\/\/lobosnews.com.ar\/wp-content\/uploads\/2026\/08\/brutal-homicidio-en-merlo-cuatro-vecinos-de-la-victima-bajo-sospecha.jpg",1920,1080,false],"medium":["https:\/\/lobosnews.com.ar\/wp-content\/uploads\/2026\/08\/brutal-homicidio-en-merlo-cuatro-vecinos-de-la-victima-bajo-sospecha-300x169.jpg",300,169,true],"thumbnail":["https:\/\/lobosnews.com.ar\/wp-content\/uploads\/2026\/08\/brutal-homicidio-en-merlo-cuatro-vecinos-de-la-victima-bajo-sospecha-150x150.jpg",150,150,true]},"magazine_blocks_author":{"display_name":"admin","author_link":"https:\/\/lobosnews.com.ar\/index.php\/author\/lobos-news\/"},"magazine_blocks_comment":0,"magazine_blocks_author_image":"https:\/\/secure.gravatar.com\/avatar\/76e419471a2083bc3ceab22a763dbbf9b0c1bd15a6214cf3280e2c2dde4580f9?s=96&d=mm&r=g","magazine_blocks_category":"<a href=\"#\" class=\"category-link category-link-31\">Actualidad<\/a> <a href=\"#\" class=\"category-link category-link-30\">Argentina<\/a> <a href=\"#\" class=\"category-link category-link-32\">econom\u00eda<\/a> <a href=\"#\" class=\"category-link category-link-77\">inseguridad<\/a> <a href=\"#\" class=\"category-link category-link-84\">masradios.com<\/a> <a href=\"#\" class=\"category-link category-link-35\">nacionales<\/a> <a href=\"#\" class=\"category-link category-link-36\">seguridad<\/a> <a href=\"#\" class=\"category-link category-link-37\">sociedad<\/a>","yoast_head":"<!-- This site is optimized with the Yoast SEO plugin v28.0 - https:\/\/yoast.com\/product\/yoast-seo-wordpress\/ -->\n<title>Brutal homicidio en Merlo: cuatro vecinos de la v\u00edctima bajo sospecha - Lobos News<\/title>\n<meta name=\"robots\" content=\"index, follow, max-snippet:-1, max-image-preview:large, max-video-preview:-1\" \/>\n<link rel=\"canonical\" href=\"https:\/\/lobosnews.com.ar\/index.php\/2026\/08\/30\/brutal-homicidio-en-merlo-cuatro-vecinos-de-la-victima-bajo-sospecha\/\" \/>\n<meta property=\"og:locale\" content=\"es_ES\" \/>\n<meta property=\"og:type\" content=\"article\" \/>\n<meta property=\"og:title\" content=\"Brutal homicidio en Merlo: cuatro vecinos de la v\u00edctima bajo sospecha - Lobos News\" \/>\n<meta property=\"og:description\" content=\"Un hombre de 74 a\u00f1os fue asesinado tras un violento ataque en su casa del partido bonaerense de Merlo, en lo que la fiscal\u00eda interviniente calific\u00f3 como un homicidio con alevos\u00eda. Las c\u00e1maras de seguridad de la cuadra registraron a los cuatro sospechosos \u2014todos vecinos de la v\u00edctima\u2014 entrar y salir del domicilio, lo que...\" \/>\n<meta property=\"og:url\" content=\"https:\/\/lobosnews.com.ar\/index.php\/2026\/08\/30\/brutal-homicidio-en-merlo-cuatro-vecinos-de-la-victima-bajo-sospecha\/\" \/>\n<meta property=\"og:site_name\" content=\"Lobos News\" \/>\n<meta property=\"article:published_time\" content=\"2026-08-30T16:12:51+00:00\" \/>\n<meta property=\"article:modified_time\" content=\"2026-08-30T18:18:34+00:00\" \/>\n<meta property=\"og:image\" content=\"https:\/\/lobosnews.com.ar\/wp-content\/uploads\/2026\/08\/brutal-homicidio-en-merlo-cuatro-vecinos-de-la-victima-bajo-sospecha.jpg\" \/>\n\t<meta property=\"og:image:width\" content=\"1920\" \/>\n\t<meta property=\"og:image:height\" content=\"1080\" \/>\n\t<meta property=\"og:image:type\" content=\"image\/jpeg\" \/>\n<meta name=\"author\" content=\"admin\" \/>\n<meta name=\"twitter:card\" content=\"summary_large_image\" \/>\n<meta name=\"twitter:label1\" content=\"Escrito por\" \/>\n\t<meta name=\"twitter:data1\" content=\"admin\" \/>\n\t<meta name=\"twitter:label2\" content=\"Tiempo de lectura\" \/>\n\t<meta name=\"twitter:data2\" content=\"3 minutos\" \/>\n<script type=\"application\/ld+json\" class=\"yoast-schema-graph\">{\"@context\":\"https:\\\/\\\/schema.org\",\"@graph\":[{\"@type\":\"Article\",\"@id\":\"https:\\\/\\\/lobosnews.com.ar\\\/index.php\\\/2026\\\/08\\\/30\\\/brutal-homicidio-en-merlo-cuatro-vecinos-de-la-victima-bajo-sospecha\\\/#article\",\"isPartOf\":{\"@id\":\"https:\\\/\\\/lobosnews.com.ar\\\/index.php\\\/2026\\\/08\\\/30\\\/brutal-homicidio-en-merlo-cuatro-vecinos-de-la-victima-bajo-sospecha\\\/\"},\"author\":{\"name\":\"admin\",\"@id\":\"https:\\\/\\\/lobosnews.com.ar\\\/#\\\/schema\\\/person\\\/232422a593d5c541dd9aef6aaed10943\"},\"headline\":\"Brutal homicidio en Merlo: cuatro vecinos de la v\u00edctima bajo sospecha\",\"datePublished\":\"2026-08-30T16:12:51+00:00\",\"dateModified\":\"2026-08-30T18:18:34+00:00\",\"mainEntityOfPage\":{\"@id\":\"https:\\\/\\\/lobosnews.com.ar\\\/index.php\\\/2026\\\/08\\\/30\\\/brutal-homicidio-en-merlo-cuatro-vecinos-de-la-victima-bajo-sospecha\\\/\"},\"wordCount\":532,\"commentCount\":0,\"publisher\":{\"@id\":\"https:\\\/\\\/lobosnews.com.ar\\\/#organization\"},\"image\":{\"@id\":\"https:\\\/\\\/lobosnews.com.ar\\\/index.php\\\/2026\\\/08\\\/30\\\/brutal-homicidio-en-merlo-cuatro-vecinos-de-la-victima-bajo-sospecha\\\/#primaryimage\"},\"thumbnailUrl\":\"https:\\\/\\\/lobosnews.com.ar\\\/wp-content\\\/uploads\\\/2026\\\/08\\\/brutal-homicidio-en-merlo-cuatro-vecinos-de-la-victima-bajo-sospecha.jpg\",\"articleSection\":[\"Actualidad\",\"Argentina\",\"econom\u00eda\",\"inseguridad\",\"masradios.com\",\"nacionales\",\"seguridad\",\"sociedad\"],\"inLanguage\":\"es\",\"potentialAction\":[{\"@type\":\"CommentAction\",\"name\":\"Comment\",\"target\":[\"https:\\\/\\\/lobosnews.com.ar\\\/index.php\\\/2026\\\/08\\\/30\\\/brutal-homicidio-en-merlo-cuatro-vecinos-de-la-victima-bajo-sospecha\\\/#respond\"]}]},{\"@type\":\"WebPage\",\"@id\":\"https:\\\/\\\/lobosnews.com.ar\\\/index.php\\\/2026\\\/08\\\/30\\\/brutal-homicidio-en-merlo-cuatro-vecinos-de-la-victima-bajo-sospecha\\\/\",\"url\":\"https:\\\/\\\/lobosnews.com.ar\\\/index.php\\\/2026\\\/08\\\/30\\\/brutal-homicidio-en-merlo-cuatro-vecinos-de-la-victima-bajo-sospecha\\\/\",\"name\":\"Brutal homicidio en Merlo: cuatro vecinos de la v\u00edctima bajo sospecha - Lobos News\",\"isPartOf\":{\"@id\":\"https:\\\/\\\/lobosnews.com.ar\\\/#website\"},\"primaryImageOfPage\":{\"@id\":\"https:\\\/\\\/lobosnews.com.ar\\\/index.php\\\/2026\\\/08\\\/30\\\/brutal-homicidio-en-merlo-cuatro-vecinos-de-la-victima-bajo-sospecha\\\/#primaryimage\"},\"image\":{\"@id\":\"https:\\\/\\\/lobosnews.com.ar\\\/index.php\\\/2026\\\/08\\\/30\\\/brutal-homicidio-en-merlo-cuatro-vecinos-de-la-victima-bajo-sospecha\\\/#primaryimage\"},\"thumbnailUrl\":\"https:\\\/\\\/lobosnews.com.ar\\\/wp-content\\\/uploads\\\/2026\\\/08\\\/brutal-homicidio-en-merlo-cuatro-vecinos-de-la-victima-bajo-sospecha.jpg\",\"datePublished\":\"2026-08-30T16:12:51+00:00\",\"dateModified\":\"2026-08-30T18:18:34+00:00\",\"breadcrumb\":{\"@id\":\"https:\\\/\\\/lobosnews.com.ar\\\/index.php\\\/2026\\\/08\\\/30\\\/brutal-homicidio-en-merlo-cuatro-vecinos-de-la-victima-bajo-sospecha\\\/#breadcrumb\"},\"inLanguage\":\"es\",\"potentialAction\":[{\"@type\":\"ReadAction\",\"target\":[\"https:\\\/\\\/lobosnews.com.ar\\\/index.php\\\/2026\\\/08\\\/30\\\/brutal-homicidio-en-merlo-cuatro-vecinos-de-la-victima-bajo-sospecha\\\/\"]}]},{\"@type\":\"ImageObject\",\"inLanguage\":\"es\",\"@id\":\"https:\\\/\\\/lobosnews.com.ar\\\/index.php\\\/2026\\\/08\\\/30\\\/brutal-homicidio-en-merlo-cuatro-vecinos-de-la-victima-bajo-sospecha\\\/#primaryimage\",\"url\":\"https:\\\/\\\/lobosnews.com.ar\\\/wp-content\\\/uploads\\\/2026\\\/08\\\/brutal-homicidio-en-merlo-cuatro-vecinos-de-la-victima-bajo-sospecha.jpg\",\"contentUrl\":\"https:\\\/\\\/lobosnews.com.ar\\\/wp-content\\\/uploads\\\/2026\\\/08\\\/brutal-homicidio-en-merlo-cuatro-vecinos-de-la-victima-bajo-sospecha.jpg\",\"width\":1920,\"height\":1080,\"caption\":\"Brutal homicidio en Merlo: cuatro vecinos de la v\u00edctima bajo sospecha\"},{\"@type\":\"BreadcrumbList\",\"@id\":\"https:\\\/\\\/lobosnews.com.ar\\\/index.php\\\/2026\\\/08\\\/30\\\/brutal-homicidio-en-merlo-cuatro-vecinos-de-la-victima-bajo-sospecha\\\/#breadcrumb\",\"itemListElement\":[{\"@type\":\"ListItem\",\"position\":1,\"name\":\"Portada\",\"item\":\"https:\\\/\\\/lobosnews.com.ar\\\/\"},{\"@type\":\"ListItem\",\"position\":2,\"name\":\"Brutal homicidio en Merlo: cuatro vecinos de la v\u00edctima bajo sospecha\"}]},{\"@type\":\"WebSite\",\"@id\":\"https:\\\/\\\/lobosnews.com.ar\\\/#website\",\"url\":\"https:\\\/\\\/lobosnews.com.ar\\\/\",\"name\":\"Lobos News\",\"description\":\"Informaci\u00f3n a cada instante\",\"publisher\":{\"@id\":\"https:\\\/\\\/lobosnews.com.ar\\\/#organization\"},\"potentialAction\":[{\"@type\":\"SearchAction\",\"target\":{\"@type\":\"EntryPoint\",\"urlTemplate\":\"https:\\\/\\\/lobosnews.com.ar\\\/?s={search_term_string}\"},\"query-input\":{\"@type\":\"PropertyValueSpecification\",\"valueRequired\":true,\"valueName\":\"search_term_string\"}}],\"inLanguage\":\"es\"},{\"@type\":\"Organization\",\"@id\":\"https:\\\/\\\/lobosnews.com.ar\\\/#organization\",\"name\":\"Lobos News\",\"url\":\"https:\\\/\\\/lobosnews.com.ar\\\/\",\"logo\":{\"@type\":\"ImageObject\",\"inLanguage\":\"es\",\"@id\":\"https:\\\/\\\/lobosnews.com.ar\\\/#\\\/schema\\\/logo\\\/image\\\/\",\"url\":\"https:\\\/\\\/lobosnews.com.ar\\\/wp-content\\\/uploads\\\/2026\\\/01\\\/logo-lobosnews.png\",\"contentUrl\":\"https:\\\/\\\/lobosnews.com.ar\\\/wp-content\\\/uploads\\\/2026\\\/01\\\/logo-lobosnews.png\",\"width\":500,\"height\":200,\"caption\":\"Lobos News\"},\"image\":{\"@id\":\"https:\\\/\\\/lobosnews.com.ar\\\/#\\\/schema\\\/logo\\\/image\\\/\"}},{\"@type\":\"Person\",\"@id\":\"https:\\\/\\\/lobosnews.com.ar\\\/#\\\/schema\\\/person\\\/232422a593d5c541dd9aef6aaed10943\",\"name\":\"admin\",\"image\":{\"@type\":\"ImageObject\",\"inLanguage\":\"es\",\"@id\":\"https:\\\/\\\/secure.gravatar.com\\\/avatar\\\/76e419471a2083bc3ceab22a763dbbf9b0c1bd15a6214cf3280e2c2dde4580f9?s=96&d=mm&r=g\",\"url\":\"https:\\\/\\\/secure.gravatar.com\\\/avatar\\\/76e419471a2083bc3ceab22a763dbbf9b0c1bd15a6214cf3280e2c2dde4580f9?s=96&d=mm&r=g\",\"contentUrl\":\"https:\\\/\\\/secure.gravatar.com\\\/avatar\\\/76e419471a2083bc3ceab22a763dbbf9b0c1bd15a6214cf3280e2c2dde4580f9?s=96&d=mm&r=g\",\"caption\":\"admin\"},\"sameAs\":[\"https:\\\/\\\/lobosnews.com.ar\"],\"url\":\"https:\\\/\\\/lobosnews.com.ar\\\/index.php\\\/author\\\/lobos-news\\\/\"}]}<\/script>\n<!-- \/ Yoast SEO plugin. -->","yoast_head_json":{"title":"Brutal homicidio en Merlo: cuatro vecinos de la v\u00edctima bajo sospecha - Lobos News","robots":{"index":"index","follow":"follow","max-snippet":"max-snippet:-1","max-image-preview":"max-image-preview:large","max-video-preview":"max-video-preview:-1"},"canonical":"https:\/\/lobosnews.com.ar\/index.php\/2026\/08\/30\/brutal-homicidio-en-merlo-cuatro-vecinos-de-la-victima-bajo-sospecha\/","og_locale":"es_ES","og_type":"article","og_title":"Brutal homicidio en Merlo: cuatro vecinos de la v\u00edctima bajo sospecha - Lobos News","og_description":"Un hombre de 74 a\u00f1os fue asesinado tras un violento ataque en su casa del partido bonaerense de Merlo, en lo que la fiscal\u00eda interviniente calific\u00f3 como un homicidio con alevos\u00eda. Las c\u00e1maras de seguridad de la cuadra registraron a los cuatro sospechosos \u2014todos vecinos de la v\u00edctima\u2014 entrar y salir del domicilio, lo que...","og_url":"https:\/\/lobosnews.com.ar\/index.php\/2026\/08\/30\/brutal-homicidio-en-merlo-cuatro-vecinos-de-la-victima-bajo-sospecha\/","og_site_name":"Lobos News","article_published_time":"2026-08-30T16:12:51+00:00","article_modified_time":"2026-08-30T18:18:34+00:00","og_image":[{"width":1920,"height":1080,"url":"https:\/\/lobosnews.com.ar\/wp-content\/uploads\/2026\/08\/brutal-homicidio-en-merlo-cuatro-vecinos-de-la-victima-bajo-sospecha.jpg","type":"image\/jpeg"}],"author":"admin","twitter_card":"summary_large_image","twitter_misc":{"Escrito por":"admin","Tiempo de lectura":"3 minutos"},"schema":{"@context":"https:\/\/schema.org","@graph":[{"@type":"Article","@id":"https:\/\/lobosnews.com.ar\/index.php\/2026\/08\/30\/brutal-homicidio-en-merlo-cuatro-vecinos-de-la-victima-bajo-sospecha\/#article","isPartOf":{"@id":"https:\/\/lobosnews.com.ar\/index.php\/2026\/08\/30\/brutal-homicidio-en-merlo-cuatro-vecinos-de-la-victima-bajo-sospecha\/"},"author":{"name":"admin","@id":"https:\/\/lobosnews.com.ar\/#\/schema\/person\/232422a593d5c541dd9aef6aaed10943"},"headline":"Brutal homicidio en Merlo: cuatro vecinos de la v\u00edctima bajo sospecha","datePublished":"2026-08-30T16:12:51+00:00","dateModified":"2026-08-30T18:18:34+00:00","mainEntityOfPage":{"@id":"https:\/\/lobosnews.com.ar\/index.php\/2026\/08\/30\/brutal-homicidio-en-merlo-cuatro-vecinos-de-la-victima-bajo-sospecha\/"},"wordCount":532,"commentCount":0,"publisher":{"@id":"https:\/\/lobosnews.com.ar\/#organization"},"image":{"@id":"https:\/\/lobosnews.com.ar\/index.php\/2026\/08\/30\/brutal-homicidio-en-merlo-cuatro-vecinos-de-la-victima-bajo-sospecha\/#primaryimage"},"thumbnailUrl":"https:\/\/lobosnews.com.ar\/wp-content\/uploads\/2026\/08\/brutal-homicidio-en-merlo-cuatro-vecinos-de-la-victima-bajo-sospecha.jpg","articleSection":["Actualidad","Argentina","econom\u00eda","inseguridad","masradios.com","nacionales","seguridad","sociedad"],"inLanguage":"es","potentialAction":[{"@type":"CommentAction","name":"Comment","target":["https:\/\/lobosnews.com.ar\/index.php\/2026\/08\/30\/brutal-homicidio-en-merlo-cuatro-vecinos-de-la-victima-bajo-sospecha\/#respond"]}]},{"@type":"WebPage","@id":"https:\/\/lobosnews.com.ar\/index.php\/2026\/08\/30\/brutal-homicidio-en-merlo-cuatro-vecinos-de-la-victima-bajo-sospecha\/","url":"https:\/\/lobosnews.com.ar\/index.php\/2026\/08\/30\/brutal-homicidio-en-merlo-cuatro-vecinos-de-la-victima-bajo-sospecha\/","name":"Brutal homicidio en Merlo: cuatro vecinos de la v\u00edctima bajo sospecha - Lobos News","isPartOf":{"@id":"https:\/\/lobosnews.com.ar\/#website"},"primaryImageOfPage":{"@id":"https:\/\/lobosnews.com.ar\/index.php\/2026\/08\/30\/brutal-homicidio-en-merlo-cuatro-vecinos-de-la-victima-bajo-sospecha\/#primaryimage"},"image":{"@id":"https:\/\/lobosnews.com.ar\/index.php\/2026\/08\/30\/brutal-homicidio-en-merlo-cuatro-vecinos-de-la-victima-bajo-sospecha\/#primaryimage"},"thumbnailUrl":"https:\/\/lobosnews.com.ar\/wp-content\/uploads\/2026\/08\/brutal-homicidio-en-merlo-cuatro-vecinos-de-la-victima-bajo-sospecha.jpg","datePublished":"2026-08-30T16:12:51+00:00","dateModified":"2026-08-30T18:18:34+00:00","breadcrumb":{"@id":"https:\/\/lobosnews.com.ar\/index.php\/2026\/08\/30\/brutal-homicidio-en-merlo-cuatro-vecinos-de-la-victima-bajo-sospecha\/#breadcrumb"},"inLanguage":"es","potentialAction":[{"@type":"ReadAction","target":["https:\/\/lobosnews.com.ar\/index.php\/2026\/08\/30\/brutal-homicidio-en-merlo-cuatro-vecinos-de-la-victima-bajo-sospecha\/"]}]},{"@type":"ImageObject","inLanguage":"es","@id":"https:\/\/lobosnews.com.ar\/index.php\/2026\/08\/30\/brutal-homicidio-en-merlo-cuatro-vecinos-de-la-victima-bajo-sospecha\/#primaryimage","url":"https:\/\/lobosnews.com.ar\/wp-content\/uploads\/2026\/08\/brutal-homicidio-en-merlo-cuatro-vecinos-de-la-victima-bajo-sospecha.jpg","contentUrl":"https:\/\/lobosnews.com.ar\/wp-content\/uploads\/2026\/08\/brutal-homicidio-en-merlo-cuatro-vecinos-de-la-victima-bajo-sospecha.jpg","width":1920,"height":1080,"caption":"Brutal homicidio en Merlo: cuatro vecinos de la v\u00edctima bajo sospecha"},{"@type":"BreadcrumbList","@id":"https:\/\/lobosnews.com.ar\/index.php\/2026\/08\/30\/brutal-homicidio-en-merlo-cuatro-vecinos-de-la-victima-bajo-sospecha\/#breadcrumb","itemListElement":[{"@type":"ListItem","position":1,"name":"Portada","item":"https:\/\/lobosnews.com.ar\/"},{"@type":"ListItem","position":2,"name":"Brutal homicidio en Merlo: cuatro vecinos de la v\u00edctima bajo sospecha"}]},{"@type":"WebSite","@id":"https:\/\/lobosnews.com.ar\/#website","url":"https:\/\/lobosnews.com.ar\/","name":"Lobos News","description":"Informaci\u00f3n a cada instante","publisher":{"@id":"https:\/\/lobosnews.com.ar\/#organization"},"potentialAction":[{"@type":"SearchAction","target":{"@type":"EntryPoint","urlTemplate":"https:\/\/lobosnews.com.ar\/?s={search_term_string}"},"query-input":{"@type":"PropertyValueSpecification","valueRequired":true,"valueName":"search_term_string"}}],"inLanguage":"es"},{"@type":"Organization","@id":"https:\/\/lobosnews.com.ar\/#organization","name":"Lobos News","url":"https:\/\/lobosnews.com.ar\/","logo":{"@type":"ImageObject","inLanguage":"es","@id":"https:\/\/lobosnews.com.ar\/#\/schema\/logo\/image\/","url":"https:\/\/lobosnews.com.ar\/wp-content\/uploads\/2026\/01\/logo-lobosnews.png","contentUrl":"https:\/\/lobosnews.com.ar\/wp-content\/uploads\/2026\/01\/logo-lobosnews.png","width":500,"height":200,"caption":"Lobos News"},"image":{"@id":"https:\/\/lobosnews.com.ar\/#\/schema\/logo\/image\/"}},{"@type":"Person","@id":"https:\/\/lobosnews.com.ar\/#\/schema\/person\/232422a593d5c541dd9aef6aaed10943","name":"admin","image":{"@type":"ImageObject","inLanguage":"es","@id":"https:\/\/secure.gravatar.com\/avatar\/76e419471a2083bc3ceab22a763dbbf9b0c1bd15a6214cf3280e2c2dde4580f9?s=96&d=mm&r=g","url":"https:\/\/secure.gravatar.com\/avatar\/76e419471a2083bc3ceab22a763dbbf9b0c1bd15a6214cf3280e2c2dde4580f9?s=96&d=mm&r=g","contentUrl":"https:\/\/secure.gravatar.com\/avatar\/76e419471a2083bc3ceab22a763dbbf9b0c1bd15a6214cf3280e2c2dde4580f9?s=96&d=mm&r=g","caption":"admin"},"sameAs":["https:\/\/lobosnews.com.ar"],"url":"https:\/\/lobosnews.com.ar\/index.php\/author\/lobos-news\/"}]}},"jetpack_featured_media_url":"https:\/\/lobosnews.com.ar\/wp-content\/uploads\/2026\/08\/brutal-homicidio-en-merlo-cuatro-vecinos-de-la-victima-bajo-sospecha.jpg","jetpack_sharing_enabled":true,"_links":{"self":[{"href":"https:\/\/lobosnews.com.ar\/index.php\/wp-json\/wp\/v2\/posts\/95712","targetHints":{"allow":["GET"]}}],"collection":[{"href":"https:\/\/lobosnews.com.ar\/index.php\/wp-json\/wp\/v2\/posts"}],"about":[{"href":"https:\/\/lobosnews.com.ar\/index.php\/wp-json\/wp\/v2\/types\/post"}],"author":[{"embeddable":true,"href":"https:\/\/lobosnews.com.ar\/index.php\/wp-json\/wp\/v2\/users\/1"}],"replies":[{"embeddable":true,"href":"https:\/\/lobosnews.com.ar\/index.php\/wp-json\/wp\/v2\/comments?post=95712"}],"version-history":[{"count":1,"href":"https:\/\/lobosnews.com.ar\/index.php\/wp-json\/wp\/v2\/posts\/95712\/revisions"}],"predecessor-version":[{"id":95714,"href":"https:\/\/lobosnews.com.ar\/index.php\/wp-json\/wp\/v2\/posts\/95712\/revisions\/95714"}],"wp:featuredmedia":[{"embeddable":true,"href":"https:\/\/lobosnews.com.ar\/index.php\/wp-json\/wp\/v2\/media\/95715"}],"wp:attachment":[{"href":"https:\/\/lobosnews.com.ar\/index.php\/wp-json\/wp\/v2\/media?parent=95712"}],"wp:term":[{"taxonomy":"category","embeddable":true,"href":"https:\/\/lobosnews.com.ar\/index.php\/wp-json\/wp\/v2\/categories?post=95712"},{"taxonomy":"post_tag","embeddable":true,"href":"https:\/\/lobosnews.com.ar\/index.php\/wp-json\/wp\/v2\/tags?post=95712"}],"curies":[{"name":"wp","href":"https:\/\/api.w.org\/{rel}","templated":true}]}}