{"id":95657,"date":"2026-08-30T04:01:27","date_gmt":"2026-08-30T04:01:27","guid":{"rendered":"https:\/\/lobosnews.com.ar\/?p=95657"},"modified":"2026-08-30T18:17:35","modified_gmt":"2026-08-30T18:17:35","slug":"wanda-nara-compartio-un-sensual-resumen-de-fotos-de-sus-ultimas-semanas-de-los-lagos-italianos-a-la-visita-a-l-gante","status":"publish","type":"post","link":"https:\/\/lobosnews.com.ar\/index.php\/2026\/08\/30\/wanda-nara-compartio-un-sensual-resumen-de-fotos-de-sus-ultimas-semanas-de-los-lagos-italianos-a-la-visita-a-l-gante\/","title":{"rendered":"Wanda Nara comparti\u00f3 un sensual resumen de fotos de sus \u00faltimas semanas: de los lagos italianos a la visita a L-Gante"},"content":{"rendered":"<p><img loading=\"lazy\" decoding=\"async\" src=\"https:\/\/lobosnews.com.ar\/wp-content\/uploads\/2026\/08\/wanda-nara-compartio-un-sensual-resumen-de-fotos-de-sus-ultimas-semanas-de-los-lagos-italianos-a-la-visita-a-l-gante.jpg\" alt=\"Wanda Nara comparti\u00f3 las fotos de sus \u00faltimas semanas (Instagram)\" height=\"4096\" width=\"3072\"\/><\/p>\n<p>Durante varios d\u00edas consecutivos, <span class=\"waslinkname\"><b>Wanda Nara<\/b><\/span> eligi\u00f3 mantener una actitud calma y alejada de la exposici\u00f3n en sus cuentas sociales. En ese per\u00edodo, resolvi\u00f3 evitar compartir posteos o materiales relacionados con su vida personal o cuestiones \u00edntimas. Esa cautela, sin embargo, <span class=\"waslinkname\">se alter\u00f3 en la noche del viernes luego de que se mostrara con un hombre misterioso<\/span> y ahora con una publicaci\u00f3n que mostr\u00f3 c\u00f3mo fueron sus \u00faltimas semanas alejada de las redes.<\/p>\n<p>\u201cMis \u00faltimas semanas\u201d, escribi\u00f3 Wanda al pie de las im\u00e1genes, con emojis que codifican el recorrido: c\u00e1mara, avi\u00f3n, bandera de <b>Italia<\/b>, huella de pata, bandera argentina, y el hashtag <b>#amomivida<\/b>. El primer tramo del carrete transcurre en Italia. En la imagen de apertura, Wanda aparece recostada en la proa de una embarcaci\u00f3n cl\u00e1sica sobre las aguas verdes de un lago \u2014la bandera italiana al fondo no deja margen de duda sobre la geograf\u00eda\u2014, con anteojos Dolce &amp; Gabbana y un pa\u00f1uelo floreado en la cabeza. <\/p>\n<p>La escena siguiente la muestra caminando por las callejuelas empedradas de un pueblo de arquitectura lombarda, con una cartera Chanel de rafia y cuero negro cruzada al brazo y un pa\u00f1uelo de lunares blancos sobre negro anudado al cuello.<\/p>\n<p>El paso por Italia no se agota en las postales lacustres. Una selfie de interiores muestra a Wanda con un top de bikini negro y verde lima, el pelo suelto y el gesto directo a c\u00e1mara que caracteriza su producci\u00f3n de contenido m\u00e1s personal. Esa foto contrasta con la que le sigue: ella sentada durante una sesi\u00f3n de maquillaje y peinado, con su perro Pomerania en el regazo, el animal decorado con peque\u00f1as piedras de colores sobre el pelaje y una campera Prada sobre sus hombros.<\/p>\n<p><img loading=\"lazy\" decoding=\"async\" src=\"https:\/\/lobosnews.com.ar\/wp-content\/uploads\/2026\/08\/wanda-nara-compartio-un-sensual-resumen-de-fotos-de-sus-ultimas-semanas-de-los-lagos-italianos-a-la-visita-a-l-gante-1.jpg\" alt=\"Nara estuvo en Italia a principios del mes de agosto y viaj\u00f3 acompa\u00f1da de cuatro de sus cinco hijos\" height=\"4096\" width=\"3072\"\/><img loading=\"lazy\" decoding=\"async\" src=\"https:\/\/lobosnews.com.ar\/wp-content\/uploads\/2026\/08\/wanda-nara-compartio-un-sensual-resumen-de-fotos-de-sus-ultimas-semanas-de-los-lagos-italianos-a-la-visita-a-l-gante-2.jpg\" alt=\"El viaje a Italia lo hizo acompa\u00f1ada de Mart\u00edn Migueles, su pareja\" height=\"4096\" width=\"3072\"\/><img loading=\"lazy\" decoding=\"async\" src=\"https:\/\/lobosnews.com.ar\/wp-content\/uploads\/2026\/08\/wanda-nara-compartio-un-sensual-resumen-de-fotos-de-sus-ultimas-semanas-de-los-lagos-italianos-a-la-visita-a-l-gante-3.jpg\" alt=\"Wanda se mostr\u00f3 en pleno proceso de preparaci\u00f3n para salir\" height=\"4032\" width=\"3024\"\/><\/p>\n<p>El regreso a Argentina trae otro ritmo. Una de las im\u00e1genes m\u00e1s llamativas del carrete la muestra junto a su hermana <b>Zaira Nara<\/b> dentro del vestidor de su casa. Detr\u00e1s de las dos, una pared entera funciona como exhibidor de carteras: bolsos en rosa, fucsia, violeta y rojo de firmas como Chanel y <b>Herm\u00e8s<\/b> ordenados en estantes de m\u00e1rmol blanco. Las dos llevan anteojos de sol \u2014Zaira con montura roja, Wanda con negra\u2014 y posan sin mirar a la c\u00e1mara.<\/p>\n<p>La cotidianidad m\u00e1s descontracturada aparece en la foto con su hija menor. Las dos se fotograf\u00edan frente al espejo del vestidor: la nena completamente cubierta por un disfraz de oso marr\u00f3n con capucha y orejas, el tel\u00e9fono con funda de Hello Kitty en la mano; Wanda de pie detr\u00e1s, en jogging gris, con los brazos levantados imitando las garras del disfraz.<\/p>\n<p>Otro registro de Argentina la ubica en un estudio de grabaci\u00f3n junto a <b>Pablo Ini<\/b>, productor y hombre de confianza de su c\u00edrculo profesional. Ambos llevan auriculares de estudio y se fotograf\u00edan desde adentro de la cabina, con el panel de t\u00e9cnicos visible a trav\u00e9s del vidrio de separaci\u00f3n. Wanda viste la misma campera Prada de las fotos anteriores.<\/p>\n<p><img loading=\"lazy\" decoding=\"async\" src=\"https:\/\/lobosnews.com.ar\/wp-content\/uploads\/2026\/08\/wanda-nara-compartio-un-sensual-resumen-de-fotos-de-sus-ultimas-semanas-de-los-lagos-italianos-a-la-visita-a-l-gante-4.jpg\" alt=\"Las hermanas Nara en el vestidor que construyo Wanda en su nueva casa en Nordelta\" height=\"4096\" width=\"3072\"\/><img loading=\"lazy\" decoding=\"async\" src=\"https:\/\/lobosnews.com.ar\/wp-content\/uploads\/2026\/08\/wanda-nara-compartio-un-sensual-resumen-de-fotos-de-sus-ultimas-semanas-de-los-lagos-italianos-a-la-visita-a-l-gante-5.jpg\" alt=\"El s\u00e1bado por la ma\u00f1ana estuvo en el estudio haciendo el doblaje de la pel\u00edcula que grab\u00f3 en Uruguay\" height=\"4096\" width=\"3072\"\/><img loading=\"lazy\" decoding=\"async\" src=\"https:\/\/lobosnews.com.ar\/wp-content\/uploads\/2026\/08\/wanda-nara-compartio-un-sensual-resumen-de-fotos-de-sus-ultimas-semanas-de-los-lagos-italianos-a-la-visita-a-l-gante-6.jpg\" alt=\"La conductora comparti\u00f3 una tierna foto junto a su hija menor, fruto de su relaci\u00f3n con Mauro Icardi\" height=\"4096\" width=\"3072\"\/><\/p>\n<p>Cuatro im\u00e1genes del carrete tienen como escenario la propiedad que L-Gante tiene en General Rodr\u00edguez, y juntas arman una secuencia que va desde la llegada hasta el interior de la casa. La primera es una selfie desde el asiento del acompa\u00f1ante de un auto, con Wanda de campera <b>Adidas<\/b> negra con franjas verde fl\u00fao y anteojos de montura fina. La segunda, tomada desde arriba hacia abajo, encuadra sus pies \u2014con sandalias negras de tiras doradas\u2014 parados sobre el felpudo de entrada, donde se lee el logo personal del cantante.<\/p>\n<p>En el jard\u00edn, una foto nocturna muestra un oso de peluche gigante con un coraz\u00f3n rojo apoyado contra un tronco de palmera. Detr\u00e1s, la pared del fondo tiene pintado un graffiti con la leyenda \u201cLa Mafilia\u201d y motivos propios del universo visual del m\u00fasico. Sobre el coraz\u00f3n rojo que sostiene el oso hay una fotograf\u00eda de la pareja.<\/p>\n<p>Dentro de la casa, Wanda se fotografi\u00f3 frente al espejo del ba\u00f1o con el conjunto completo: campera Adidas negra y verde, top corto verde lima y pantal\u00f3n ancho a juego, cartera de pelo negro en la mano. La imagen deja ver la escalera interior y la decoraci\u00f3n minimalista de la propiedad. Un primer plano tomado en el mismo ambiente la muestra de cerca, con <b>una cadena dorada gruesa de eslabones al cuello<\/b> \u2014accesorio recurrente en el universo est\u00e9tico del trap y el RKT\u2014 y el gesto completamente serio, sin pose ni sonrisa.<\/p>\n<p><img loading=\"lazy\" decoding=\"async\" src=\"https:\/\/lobosnews.com.ar\/wp-content\/uploads\/2026\/08\/wanda-nara-compartio-un-sensual-resumen-de-fotos-de-sus-ultimas-semanas-de-los-lagos-italianos-a-la-visita-a-l-gante-7.jpg\" alt=\"La empresaria luci\u00f3 una de las cadenas de L-Gante\" height=\"3085\" width=\"2314\"\/><img loading=\"lazy\" decoding=\"async\" src=\"https:\/\/lobosnews.com.ar\/wp-content\/uploads\/2026\/08\/wanda-nara-compartio-un-sensual-resumen-de-fotos-de-sus-ultimas-semanas-de-los-lagos-italianos-a-la-visita-a-l-gante-8.jpg\" alt=\"El viernes por la noche, la empresaria se junt\u00f3 con su expareja, quien ahora formara parte de MasterChef Celebrity\" height=\"4032\" width=\"3024\"\/><img loading=\"lazy\" decoding=\"async\" src=\"https:\/\/lobosnews.com.ar\/wp-content\/uploads\/2026\/08\/wanda-nara-compartio-un-sensual-resumen-de-fotos-de-sus-ultimas-semanas-de-los-lagos-italianos-a-la-visita-a-l-gante-9.jpg\" alt=\"Wanda estuvo en la casa de L-Gante en General Rodr\u00edguez (Instagram)\" height=\"4096\" width=\"3072\"\/><\/p>\n<p>La pen\u00faltima imagen del carrete encuadra el volante de un <b>Lamborghini<\/b>: la mano de Wanda apoyada sobre el cuero negro, las u\u00f1as cortas en rosa nude, el anillo de brillantes en el dedo anular. El tablero digital marca las 19:40 del 11 de agosto de 2026 y registra 130 kW de potencia disponible, con el selector de modos en Sport, activado en rojo.<\/p>\n<p>Bajo el nombre de usuario <b>lgante_keloke<\/b>, el cantante dej\u00f3 un emoji de cara sonrojada en los comentarios a los pocos minutos de que el carrete apareciera en el feed, y su reacci\u00f3n reuni\u00f3 144 \u201cme gusta\u201d en ese lapso. La \u00faltima foto del \u00e1lbum es una selfie en el espejo, con mascarilla facial blanca sobre la piel, pelo h\u00famedo, ropa deportiva gris y el tel\u00e9fono con funda de Hello Kitty. A trav\u00e9s de un ventanal al fondo, entra luz natural y se ve verde exterior.<\/p>\n","protected":false},"excerpt":{"rendered":"<p>Durante varios d\u00edas consecutivos, Wanda Nara eligi\u00f3 mantener una actitud calma y alejada de la exposici\u00f3n en sus cuentas sociales. En ese per\u00edodo, resolvi\u00f3 evitar compartir posteos o materiales relacionados con su vida personal o cuestiones \u00edntimas. Esa cautela, sin embargo, se alter\u00f3 en la noche del viernes luego de que se mostrara con un&#8230;<\/p>\n","protected":false},"author":1,"featured_media":95669,"comment_status":"open","ping_status":"closed","sticky":false,"template":"","format":"standard","meta":{"_jetpack_newsletter_access":"","_jetpack_dont_email_post_to_subs":false,"_jetpack_newsletter_tier_id":0,"_jetpack_memberships_contains_paywalled_content":false,"_jetpack_memberships_contains_paid_content":false,"footnotes":"","jetpack_post_was_ever_published":false},"categories":[79],"tags":[],"class_list":["post-95657","post","type-post","status-publish","format-standard","has-post-thumbnail","hentry","category-cine-y-series"],"magazineBlocksPostFeaturedMedia":{"thumbnail":"https:\/\/lobosnews.com.ar\/wp-content\/uploads\/2026\/08\/wanda-nara-compartio-un-sensual-resumen-de-fotos-de-sus-ultimas-semanas-de-los-lagos-italianos-a-la-visita-a-l-gante-18-150x150.jpg","medium":"https:\/\/lobosnews.com.ar\/wp-content\/uploads\/2026\/08\/wanda-nara-compartio-un-sensual-resumen-de-fotos-de-sus-ultimas-semanas-de-los-lagos-italianos-a-la-visita-a-l-gante-18-225x300.jpg","medium_large":"https:\/\/lobosnews.com.ar\/wp-content\/uploads\/2026\/08\/wanda-nara-compartio-un-sensual-resumen-de-fotos-de-sus-ultimas-semanas-de-los-lagos-italianos-a-la-visita-a-l-gante-18-768x1024.jpg","large":"https:\/\/lobosnews.com.ar\/wp-content\/uploads\/2026\/08\/wanda-nara-compartio-un-sensual-resumen-de-fotos-de-sus-ultimas-semanas-de-los-lagos-italianos-a-la-visita-a-l-gante-18-768x1024.jpg","1536x1536":"https:\/\/lobosnews.com.ar\/wp-content\/uploads\/2026\/08\/wanda-nara-compartio-un-sensual-resumen-de-fotos-de-sus-ultimas-semanas-de-los-lagos-italianos-a-la-visita-a-l-gante-18-1152x1536.jpg","2048x2048":"https:\/\/lobosnews.com.ar\/wp-content\/uploads\/2026\/08\/wanda-nara-compartio-un-sensual-resumen-de-fotos-de-sus-ultimas-semanas-de-los-lagos-italianos-a-la-visita-a-l-gante-18-1536x2048.jpg","newsmatic-featured":"https:\/\/lobosnews.com.ar\/wp-content\/uploads\/2026\/08\/wanda-nara-compartio-un-sensual-resumen-de-fotos-de-sus-ultimas-semanas-de-los-lagos-italianos-a-la-visita-a-l-gante-18-820x545.jpg","newsmatic-list":"https:\/\/lobosnews.com.ar\/wp-content\/uploads\/2026\/08\/wanda-nara-compartio-un-sensual-resumen-de-fotos-de-sus-ultimas-semanas-de-los-lagos-italianos-a-la-visita-a-l-gante-18-600x400.jpg","newsmatic-thumb":"https:\/\/lobosnews.com.ar\/wp-content\/uploads\/2026\/08\/wanda-nara-compartio-un-sensual-resumen-de-fotos-de-sus-ultimas-semanas-de-los-lagos-italianos-a-la-visita-a-l-gante-18-300x200.jpg","newsmatic-small":"https:\/\/lobosnews.com.ar\/wp-content\/uploads\/2026\/08\/wanda-nara-compartio-un-sensual-resumen-de-fotos-de-sus-ultimas-semanas-de-los-lagos-italianos-a-la-visita-a-l-gante-18-150x95.jpg","newsmatic-grid":"https:\/\/lobosnews.com.ar\/wp-content\/uploads\/2026\/08\/wanda-nara-compartio-un-sensual-resumen-de-fotos-de-sus-ultimas-semanas-de-los-lagos-italianos-a-la-visita-a-l-gante-18-400x250.jpg"},"magazineBlocksPostAuthor":{"name":"admin","avatar":"https:\/\/secure.gravatar.com\/avatar\/76e419471a2083bc3ceab22a763dbbf9b0c1bd15a6214cf3280e2c2dde4580f9?s=96&d=mm&r=g"},"magazineBlocksPostCommentsNumber":"0","magazineBlocksPostExcerpt":"Durante varios d\u00edas consecutivos, Wanda Nara eligi\u00f3 mantener una actitud calma y alejada de la exposici\u00f3n en sus cuentas sociales. En ese per\u00edodo, resolvi\u00f3 evitar compartir posteos o materiales relacionados con su vida personal o cuestiones \u00edntimas. Esa cautela, sin embargo, se alter\u00f3 en la noche del viernes luego de que se mostrara con un...","magazineBlocksPostCategories":["Cine y Series"],"magazineBlocksPostViewCount":33,"magazineBlocksPostReadTime":5,"magazine_blocks_featured_image_url":{"full":["https:\/\/lobosnews.com.ar\/wp-content\/uploads\/2026\/08\/wanda-nara-compartio-un-sensual-resumen-de-fotos-de-sus-ultimas-semanas-de-los-lagos-italianos-a-la-visita-a-l-gante-18-scaled.jpg",1920,2560,false],"medium":["https:\/\/lobosnews.com.ar\/wp-content\/uploads\/2026\/08\/wanda-nara-compartio-un-sensual-resumen-de-fotos-de-sus-ultimas-semanas-de-los-lagos-italianos-a-la-visita-a-l-gante-18-225x300.jpg",225,300,true],"thumbnail":["https:\/\/lobosnews.com.ar\/wp-content\/uploads\/2026\/08\/wanda-nara-compartio-un-sensual-resumen-de-fotos-de-sus-ultimas-semanas-de-los-lagos-italianos-a-la-visita-a-l-gante-18-150x150.jpg",150,150,true]},"magazine_blocks_author":{"display_name":"admin","author_link":"https:\/\/lobosnews.com.ar\/index.php\/author\/lobos-news\/"},"magazine_blocks_comment":0,"magazine_blocks_author_image":"https:\/\/secure.gravatar.com\/avatar\/76e419471a2083bc3ceab22a763dbbf9b0c1bd15a6214cf3280e2c2dde4580f9?s=96&d=mm&r=g","magazine_blocks_category":"<a href=\"#\" class=\"category-link category-link-79\">Cine y Series<\/a>","yoast_head":"<!-- This site is optimized with the Yoast SEO plugin v28.0 - https:\/\/yoast.com\/product\/yoast-seo-wordpress\/ -->\n<title>Wanda Nara comparti\u00f3 un sensual resumen de fotos de sus \u00faltimas semanas: de los lagos italianos a la visita a L-Gante - Lobos News<\/title>\n<meta name=\"robots\" content=\"index, follow, max-snippet:-1, max-image-preview:large, max-video-preview:-1\" \/>\n<link rel=\"canonical\" href=\"https:\/\/lobosnews.com.ar\/index.php\/2026\/08\/30\/wanda-nara-compartio-un-sensual-resumen-de-fotos-de-sus-ultimas-semanas-de-los-lagos-italianos-a-la-visita-a-l-gante\/\" \/>\n<meta property=\"og:locale\" content=\"es_ES\" \/>\n<meta property=\"og:type\" content=\"article\" \/>\n<meta property=\"og:title\" content=\"Wanda Nara comparti\u00f3 un sensual resumen de fotos de sus \u00faltimas semanas: de los lagos italianos a la visita a L-Gante - Lobos News\" \/>\n<meta property=\"og:description\" content=\"Durante varios d\u00edas consecutivos, Wanda Nara eligi\u00f3 mantener una actitud calma y alejada de la exposici\u00f3n en sus cuentas sociales. En ese per\u00edodo, resolvi\u00f3 evitar compartir posteos o materiales relacionados con su vida personal o cuestiones \u00edntimas. Esa cautela, sin embargo, se alter\u00f3 en la noche del viernes luego de que se mostrara con un...\" \/>\n<meta property=\"og:url\" content=\"https:\/\/lobosnews.com.ar\/index.php\/2026\/08\/30\/wanda-nara-compartio-un-sensual-resumen-de-fotos-de-sus-ultimas-semanas-de-los-lagos-italianos-a-la-visita-a-l-gante\/\" \/>\n<meta property=\"og:site_name\" content=\"Lobos News\" \/>\n<meta property=\"article:published_time\" content=\"2026-08-30T04:01:27+00:00\" \/>\n<meta property=\"article:modified_time\" content=\"2026-08-30T18:17:35+00:00\" \/>\n<meta property=\"og:image\" content=\"https:\/\/lobosnews.com.ar\/wp-content\/uploads\/2026\/08\/wanda-nara-compartio-un-sensual-resumen-de-fotos-de-sus-ultimas-semanas-de-los-lagos-italianos-a-la-visita-a-l-gante-18-scaled.jpg\" \/>\n\t<meta property=\"og:image:width\" content=\"1920\" \/>\n\t<meta property=\"og:image:height\" content=\"2560\" \/>\n\t<meta property=\"og:image:type\" content=\"image\/jpeg\" \/>\n<meta name=\"author\" content=\"admin\" \/>\n<meta name=\"twitter:card\" content=\"summary_large_image\" \/>\n<meta name=\"twitter:label1\" content=\"Escrito por\" \/>\n\t<meta name=\"twitter:data1\" content=\"admin\" \/>\n\t<meta name=\"twitter:label2\" content=\"Tiempo de lectura\" \/>\n\t<meta name=\"twitter:data2\" content=\"5 minutos\" \/>\n<script type=\"application\/ld+json\" class=\"yoast-schema-graph\">{\"@context\":\"https:\\\/\\\/schema.org\",\"@graph\":[{\"@type\":\"Article\",\"@id\":\"https:\\\/\\\/lobosnews.com.ar\\\/index.php\\\/2026\\\/08\\\/30\\\/wanda-nara-compartio-un-sensual-resumen-de-fotos-de-sus-ultimas-semanas-de-los-lagos-italianos-a-la-visita-a-l-gante\\\/#article\",\"isPartOf\":{\"@id\":\"https:\\\/\\\/lobosnews.com.ar\\\/index.php\\\/2026\\\/08\\\/30\\\/wanda-nara-compartio-un-sensual-resumen-de-fotos-de-sus-ultimas-semanas-de-los-lagos-italianos-a-la-visita-a-l-gante\\\/\"},\"author\":{\"name\":\"admin\",\"@id\":\"https:\\\/\\\/lobosnews.com.ar\\\/#\\\/schema\\\/person\\\/232422a593d5c541dd9aef6aaed10943\"},\"headline\":\"Wanda Nara comparti\u00f3 un sensual resumen de fotos de sus \u00faltimas semanas: de los lagos italianos a la visita a L-Gante\",\"datePublished\":\"2026-08-30T04:01:27+00:00\",\"dateModified\":\"2026-08-30T18:17:35+00:00\",\"mainEntityOfPage\":{\"@id\":\"https:\\\/\\\/lobosnews.com.ar\\\/index.php\\\/2026\\\/08\\\/30\\\/wanda-nara-compartio-un-sensual-resumen-de-fotos-de-sus-ultimas-semanas-de-los-lagos-italianos-a-la-visita-a-l-gante\\\/\"},\"wordCount\":942,\"commentCount\":0,\"publisher\":{\"@id\":\"https:\\\/\\\/lobosnews.com.ar\\\/#organization\"},\"image\":{\"@id\":\"https:\\\/\\\/lobosnews.com.ar\\\/index.php\\\/2026\\\/08\\\/30\\\/wanda-nara-compartio-un-sensual-resumen-de-fotos-de-sus-ultimas-semanas-de-los-lagos-italianos-a-la-visita-a-l-gante\\\/#primaryimage\"},\"thumbnailUrl\":\"https:\\\/\\\/lobosnews.com.ar\\\/wp-content\\\/uploads\\\/2026\\\/08\\\/wanda-nara-compartio-un-sensual-resumen-de-fotos-de-sus-ultimas-semanas-de-los-lagos-italianos-a-la-visita-a-l-gante-18-scaled.jpg\",\"articleSection\":[\"Cine y Series\"],\"inLanguage\":\"es\",\"potentialAction\":[{\"@type\":\"CommentAction\",\"name\":\"Comment\",\"target\":[\"https:\\\/\\\/lobosnews.com.ar\\\/index.php\\\/2026\\\/08\\\/30\\\/wanda-nara-compartio-un-sensual-resumen-de-fotos-de-sus-ultimas-semanas-de-los-lagos-italianos-a-la-visita-a-l-gante\\\/#respond\"]}]},{\"@type\":\"WebPage\",\"@id\":\"https:\\\/\\\/lobosnews.com.ar\\\/index.php\\\/2026\\\/08\\\/30\\\/wanda-nara-compartio-un-sensual-resumen-de-fotos-de-sus-ultimas-semanas-de-los-lagos-italianos-a-la-visita-a-l-gante\\\/\",\"url\":\"https:\\\/\\\/lobosnews.com.ar\\\/index.php\\\/2026\\\/08\\\/30\\\/wanda-nara-compartio-un-sensual-resumen-de-fotos-de-sus-ultimas-semanas-de-los-lagos-italianos-a-la-visita-a-l-gante\\\/\",\"name\":\"Wanda Nara comparti\u00f3 un sensual resumen de fotos de sus \u00faltimas semanas: de los lagos italianos a la visita a L-Gante - Lobos News\",\"isPartOf\":{\"@id\":\"https:\\\/\\\/lobosnews.com.ar\\\/#website\"},\"primaryImageOfPage\":{\"@id\":\"https:\\\/\\\/lobosnews.com.ar\\\/index.php\\\/2026\\\/08\\\/30\\\/wanda-nara-compartio-un-sensual-resumen-de-fotos-de-sus-ultimas-semanas-de-los-lagos-italianos-a-la-visita-a-l-gante\\\/#primaryimage\"},\"image\":{\"@id\":\"https:\\\/\\\/lobosnews.com.ar\\\/index.php\\\/2026\\\/08\\\/30\\\/wanda-nara-compartio-un-sensual-resumen-de-fotos-de-sus-ultimas-semanas-de-los-lagos-italianos-a-la-visita-a-l-gante\\\/#primaryimage\"},\"thumbnailUrl\":\"https:\\\/\\\/lobosnews.com.ar\\\/wp-content\\\/uploads\\\/2026\\\/08\\\/wanda-nara-compartio-un-sensual-resumen-de-fotos-de-sus-ultimas-semanas-de-los-lagos-italianos-a-la-visita-a-l-gante-18-scaled.jpg\",\"datePublished\":\"2026-08-30T04:01:27+00:00\",\"dateModified\":\"2026-08-30T18:17:35+00:00\",\"breadcrumb\":{\"@id\":\"https:\\\/\\\/lobosnews.com.ar\\\/index.php\\\/2026\\\/08\\\/30\\\/wanda-nara-compartio-un-sensual-resumen-de-fotos-de-sus-ultimas-semanas-de-los-lagos-italianos-a-la-visita-a-l-gante\\\/#breadcrumb\"},\"inLanguage\":\"es\",\"potentialAction\":[{\"@type\":\"ReadAction\",\"target\":[\"https:\\\/\\\/lobosnews.com.ar\\\/index.php\\\/2026\\\/08\\\/30\\\/wanda-nara-compartio-un-sensual-resumen-de-fotos-de-sus-ultimas-semanas-de-los-lagos-italianos-a-la-visita-a-l-gante\\\/\"]}]},{\"@type\":\"ImageObject\",\"inLanguage\":\"es\",\"@id\":\"https:\\\/\\\/lobosnews.com.ar\\\/index.php\\\/2026\\\/08\\\/30\\\/wanda-nara-compartio-un-sensual-resumen-de-fotos-de-sus-ultimas-semanas-de-los-lagos-italianos-a-la-visita-a-l-gante\\\/#primaryimage\",\"url\":\"https:\\\/\\\/lobosnews.com.ar\\\/wp-content\\\/uploads\\\/2026\\\/08\\\/wanda-nara-compartio-un-sensual-resumen-de-fotos-de-sus-ultimas-semanas-de-los-lagos-italianos-a-la-visita-a-l-gante-18-scaled.jpg\",\"contentUrl\":\"https:\\\/\\\/lobosnews.com.ar\\\/wp-content\\\/uploads\\\/2026\\\/08\\\/wanda-nara-compartio-un-sensual-resumen-de-fotos-de-sus-ultimas-semanas-de-los-lagos-italianos-a-la-visita-a-l-gante-18-scaled.jpg\",\"width\":1920,\"height\":2560,\"caption\":\"Wanda Nara comparti\u00f3 un sensual resumen de fotos de sus \u00faltimas semanas: de los lagos italianos a la visita a L-Gante\"},{\"@type\":\"BreadcrumbList\",\"@id\":\"https:\\\/\\\/lobosnews.com.ar\\\/index.php\\\/2026\\\/08\\\/30\\\/wanda-nara-compartio-un-sensual-resumen-de-fotos-de-sus-ultimas-semanas-de-los-lagos-italianos-a-la-visita-a-l-gante\\\/#breadcrumb\",\"itemListElement\":[{\"@type\":\"ListItem\",\"position\":1,\"name\":\"Portada\",\"item\":\"https:\\\/\\\/lobosnews.com.ar\\\/\"},{\"@type\":\"ListItem\",\"position\":2,\"name\":\"Wanda Nara comparti\u00f3 un sensual resumen de fotos de sus \u00faltimas semanas: de los lagos italianos a la visita a L-Gante\"}]},{\"@type\":\"WebSite\",\"@id\":\"https:\\\/\\\/lobosnews.com.ar\\\/#website\",\"url\":\"https:\\\/\\\/lobosnews.com.ar\\\/\",\"name\":\"Lobos News\",\"description\":\"Informaci\u00f3n a cada instante\",\"publisher\":{\"@id\":\"https:\\\/\\\/lobosnews.com.ar\\\/#organization\"},\"potentialAction\":[{\"@type\":\"SearchAction\",\"target\":{\"@type\":\"EntryPoint\",\"urlTemplate\":\"https:\\\/\\\/lobosnews.com.ar\\\/?s={search_term_string}\"},\"query-input\":{\"@type\":\"PropertyValueSpecification\",\"valueRequired\":true,\"valueName\":\"search_term_string\"}}],\"inLanguage\":\"es\"},{\"@type\":\"Organization\",\"@id\":\"https:\\\/\\\/lobosnews.com.ar\\\/#organization\",\"name\":\"Lobos News\",\"url\":\"https:\\\/\\\/lobosnews.com.ar\\\/\",\"logo\":{\"@type\":\"ImageObject\",\"inLanguage\":\"es\",\"@id\":\"https:\\\/\\\/lobosnews.com.ar\\\/#\\\/schema\\\/logo\\\/image\\\/\",\"url\":\"https:\\\/\\\/lobosnews.com.ar\\\/wp-content\\\/uploads\\\/2026\\\/01\\\/logo-lobosnews.png\",\"contentUrl\":\"https:\\\/\\\/lobosnews.com.ar\\\/wp-content\\\/uploads\\\/2026\\\/01\\\/logo-lobosnews.png\",\"width\":500,\"height\":200,\"caption\":\"Lobos News\"},\"image\":{\"@id\":\"https:\\\/\\\/lobosnews.com.ar\\\/#\\\/schema\\\/logo\\\/image\\\/\"}},{\"@type\":\"Person\",\"@id\":\"https:\\\/\\\/lobosnews.com.ar\\\/#\\\/schema\\\/person\\\/232422a593d5c541dd9aef6aaed10943\",\"name\":\"admin\",\"image\":{\"@type\":\"ImageObject\",\"inLanguage\":\"es\",\"@id\":\"https:\\\/\\\/secure.gravatar.com\\\/avatar\\\/76e419471a2083bc3ceab22a763dbbf9b0c1bd15a6214cf3280e2c2dde4580f9?s=96&d=mm&r=g\",\"url\":\"https:\\\/\\\/secure.gravatar.com\\\/avatar\\\/76e419471a2083bc3ceab22a763dbbf9b0c1bd15a6214cf3280e2c2dde4580f9?s=96&d=mm&r=g\",\"contentUrl\":\"https:\\\/\\\/secure.gravatar.com\\\/avatar\\\/76e419471a2083bc3ceab22a763dbbf9b0c1bd15a6214cf3280e2c2dde4580f9?s=96&d=mm&r=g\",\"caption\":\"admin\"},\"sameAs\":[\"https:\\\/\\\/lobosnews.com.ar\"],\"url\":\"https:\\\/\\\/lobosnews.com.ar\\\/index.php\\\/author\\\/lobos-news\\\/\"}]}<\/script>\n<!-- \/ Yoast SEO plugin. -->","yoast_head_json":{"title":"Wanda Nara comparti\u00f3 un sensual resumen de fotos de sus \u00faltimas semanas: de los lagos italianos a la visita a L-Gante - Lobos News","robots":{"index":"index","follow":"follow","max-snippet":"max-snippet:-1","max-image-preview":"max-image-preview:large","max-video-preview":"max-video-preview:-1"},"canonical":"https:\/\/lobosnews.com.ar\/index.php\/2026\/08\/30\/wanda-nara-compartio-un-sensual-resumen-de-fotos-de-sus-ultimas-semanas-de-los-lagos-italianos-a-la-visita-a-l-gante\/","og_locale":"es_ES","og_type":"article","og_title":"Wanda Nara comparti\u00f3 un sensual resumen de fotos de sus \u00faltimas semanas: de los lagos italianos a la visita a L-Gante - Lobos News","og_description":"Durante varios d\u00edas consecutivos, Wanda Nara eligi\u00f3 mantener una actitud calma y alejada de la exposici\u00f3n en sus cuentas sociales. En ese per\u00edodo, resolvi\u00f3 evitar compartir posteos o materiales relacionados con su vida personal o cuestiones \u00edntimas. Esa cautela, sin embargo, se alter\u00f3 en la noche del viernes luego de que se mostrara con un...","og_url":"https:\/\/lobosnews.com.ar\/index.php\/2026\/08\/30\/wanda-nara-compartio-un-sensual-resumen-de-fotos-de-sus-ultimas-semanas-de-los-lagos-italianos-a-la-visita-a-l-gante\/","og_site_name":"Lobos News","article_published_time":"2026-08-30T04:01:27+00:00","article_modified_time":"2026-08-30T18:17:35+00:00","og_image":[{"width":1920,"height":2560,"url":"https:\/\/lobosnews.com.ar\/wp-content\/uploads\/2026\/08\/wanda-nara-compartio-un-sensual-resumen-de-fotos-de-sus-ultimas-semanas-de-los-lagos-italianos-a-la-visita-a-l-gante-18-scaled.jpg","type":"image\/jpeg"}],"author":"admin","twitter_card":"summary_large_image","twitter_misc":{"Escrito por":"admin","Tiempo de lectura":"5 minutos"},"schema":{"@context":"https:\/\/schema.org","@graph":[{"@type":"Article","@id":"https:\/\/lobosnews.com.ar\/index.php\/2026\/08\/30\/wanda-nara-compartio-un-sensual-resumen-de-fotos-de-sus-ultimas-semanas-de-los-lagos-italianos-a-la-visita-a-l-gante\/#article","isPartOf":{"@id":"https:\/\/lobosnews.com.ar\/index.php\/2026\/08\/30\/wanda-nara-compartio-un-sensual-resumen-de-fotos-de-sus-ultimas-semanas-de-los-lagos-italianos-a-la-visita-a-l-gante\/"},"author":{"name":"admin","@id":"https:\/\/lobosnews.com.ar\/#\/schema\/person\/232422a593d5c541dd9aef6aaed10943"},"headline":"Wanda Nara comparti\u00f3 un sensual resumen de fotos de sus \u00faltimas semanas: de los lagos italianos a la visita a L-Gante","datePublished":"2026-08-30T04:01:27+00:00","dateModified":"2026-08-30T18:17:35+00:00","mainEntityOfPage":{"@id":"https:\/\/lobosnews.com.ar\/index.php\/2026\/08\/30\/wanda-nara-compartio-un-sensual-resumen-de-fotos-de-sus-ultimas-semanas-de-los-lagos-italianos-a-la-visita-a-l-gante\/"},"wordCount":942,"commentCount":0,"publisher":{"@id":"https:\/\/lobosnews.com.ar\/#organization"},"image":{"@id":"https:\/\/lobosnews.com.ar\/index.php\/2026\/08\/30\/wanda-nara-compartio-un-sensual-resumen-de-fotos-de-sus-ultimas-semanas-de-los-lagos-italianos-a-la-visita-a-l-gante\/#primaryimage"},"thumbnailUrl":"https:\/\/lobosnews.com.ar\/wp-content\/uploads\/2026\/08\/wanda-nara-compartio-un-sensual-resumen-de-fotos-de-sus-ultimas-semanas-de-los-lagos-italianos-a-la-visita-a-l-gante-18-scaled.jpg","articleSection":["Cine y Series"],"inLanguage":"es","potentialAction":[{"@type":"CommentAction","name":"Comment","target":["https:\/\/lobosnews.com.ar\/index.php\/2026\/08\/30\/wanda-nara-compartio-un-sensual-resumen-de-fotos-de-sus-ultimas-semanas-de-los-lagos-italianos-a-la-visita-a-l-gante\/#respond"]}]},{"@type":"WebPage","@id":"https:\/\/lobosnews.com.ar\/index.php\/2026\/08\/30\/wanda-nara-compartio-un-sensual-resumen-de-fotos-de-sus-ultimas-semanas-de-los-lagos-italianos-a-la-visita-a-l-gante\/","url":"https:\/\/lobosnews.com.ar\/index.php\/2026\/08\/30\/wanda-nara-compartio-un-sensual-resumen-de-fotos-de-sus-ultimas-semanas-de-los-lagos-italianos-a-la-visita-a-l-gante\/","name":"Wanda Nara comparti\u00f3 un sensual resumen de fotos de sus \u00faltimas semanas: de los lagos italianos a la visita a L-Gante - Lobos News","isPartOf":{"@id":"https:\/\/lobosnews.com.ar\/#website"},"primaryImageOfPage":{"@id":"https:\/\/lobosnews.com.ar\/index.php\/2026\/08\/30\/wanda-nara-compartio-un-sensual-resumen-de-fotos-de-sus-ultimas-semanas-de-los-lagos-italianos-a-la-visita-a-l-gante\/#primaryimage"},"image":{"@id":"https:\/\/lobosnews.com.ar\/index.php\/2026\/08\/30\/wanda-nara-compartio-un-sensual-resumen-de-fotos-de-sus-ultimas-semanas-de-los-lagos-italianos-a-la-visita-a-l-gante\/#primaryimage"},"thumbnailUrl":"https:\/\/lobosnews.com.ar\/wp-content\/uploads\/2026\/08\/wanda-nara-compartio-un-sensual-resumen-de-fotos-de-sus-ultimas-semanas-de-los-lagos-italianos-a-la-visita-a-l-gante-18-scaled.jpg","datePublished":"2026-08-30T04:01:27+00:00","dateModified":"2026-08-30T18:17:35+00:00","breadcrumb":{"@id":"https:\/\/lobosnews.com.ar\/index.php\/2026\/08\/30\/wanda-nara-compartio-un-sensual-resumen-de-fotos-de-sus-ultimas-semanas-de-los-lagos-italianos-a-la-visita-a-l-gante\/#breadcrumb"},"inLanguage":"es","potentialAction":[{"@type":"ReadAction","target":["https:\/\/lobosnews.com.ar\/index.php\/2026\/08\/30\/wanda-nara-compartio-un-sensual-resumen-de-fotos-de-sus-ultimas-semanas-de-los-lagos-italianos-a-la-visita-a-l-gante\/"]}]},{"@type":"ImageObject","inLanguage":"es","@id":"https:\/\/lobosnews.com.ar\/index.php\/2026\/08\/30\/wanda-nara-compartio-un-sensual-resumen-de-fotos-de-sus-ultimas-semanas-de-los-lagos-italianos-a-la-visita-a-l-gante\/#primaryimage","url":"https:\/\/lobosnews.com.ar\/wp-content\/uploads\/2026\/08\/wanda-nara-compartio-un-sensual-resumen-de-fotos-de-sus-ultimas-semanas-de-los-lagos-italianos-a-la-visita-a-l-gante-18-scaled.jpg","contentUrl":"https:\/\/lobosnews.com.ar\/wp-content\/uploads\/2026\/08\/wanda-nara-compartio-un-sensual-resumen-de-fotos-de-sus-ultimas-semanas-de-los-lagos-italianos-a-la-visita-a-l-gante-18-scaled.jpg","width":1920,"height":2560,"caption":"Wanda Nara comparti\u00f3 un sensual resumen de fotos de sus \u00faltimas semanas: de los lagos italianos a la visita a L-Gante"},{"@type":"BreadcrumbList","@id":"https:\/\/lobosnews.com.ar\/index.php\/2026\/08\/30\/wanda-nara-compartio-un-sensual-resumen-de-fotos-de-sus-ultimas-semanas-de-los-lagos-italianos-a-la-visita-a-l-gante\/#breadcrumb","itemListElement":[{"@type":"ListItem","position":1,"name":"Portada","item":"https:\/\/lobosnews.com.ar\/"},{"@type":"ListItem","position":2,"name":"Wanda Nara comparti\u00f3 un sensual resumen de fotos de sus \u00faltimas semanas: de los lagos italianos a la visita a L-Gante"}]},{"@type":"WebSite","@id":"https:\/\/lobosnews.com.ar\/#website","url":"https:\/\/lobosnews.com.ar\/","name":"Lobos News","description":"Informaci\u00f3n a cada instante","publisher":{"@id":"https:\/\/lobosnews.com.ar\/#organization"},"potentialAction":[{"@type":"SearchAction","target":{"@type":"EntryPoint","urlTemplate":"https:\/\/lobosnews.com.ar\/?s={search_term_string}"},"query-input":{"@type":"PropertyValueSpecification","valueRequired":true,"valueName":"search_term_string"}}],"inLanguage":"es"},{"@type":"Organization","@id":"https:\/\/lobosnews.com.ar\/#organization","name":"Lobos News","url":"https:\/\/lobosnews.com.ar\/","logo":{"@type":"ImageObject","inLanguage":"es","@id":"https:\/\/lobosnews.com.ar\/#\/schema\/logo\/image\/","url":"https:\/\/lobosnews.com.ar\/wp-content\/uploads\/2026\/01\/logo-lobosnews.png","contentUrl":"https:\/\/lobosnews.com.ar\/wp-content\/uploads\/2026\/01\/logo-lobosnews.png","width":500,"height":200,"caption":"Lobos News"},"image":{"@id":"https:\/\/lobosnews.com.ar\/#\/schema\/logo\/image\/"}},{"@type":"Person","@id":"https:\/\/lobosnews.com.ar\/#\/schema\/person\/232422a593d5c541dd9aef6aaed10943","name":"admin","image":{"@type":"ImageObject","inLanguage":"es","@id":"https:\/\/secure.gravatar.com\/avatar\/76e419471a2083bc3ceab22a763dbbf9b0c1bd15a6214cf3280e2c2dde4580f9?s=96&d=mm&r=g","url":"https:\/\/secure.gravatar.com\/avatar\/76e419471a2083bc3ceab22a763dbbf9b0c1bd15a6214cf3280e2c2dde4580f9?s=96&d=mm&r=g","contentUrl":"https:\/\/secure.gravatar.com\/avatar\/76e419471a2083bc3ceab22a763dbbf9b0c1bd15a6214cf3280e2c2dde4580f9?s=96&d=mm&r=g","caption":"admin"},"sameAs":["https:\/\/lobosnews.com.ar"],"url":"https:\/\/lobosnews.com.ar\/index.php\/author\/lobos-news\/"}]}},"jetpack_featured_media_url":"https:\/\/lobosnews.com.ar\/wp-content\/uploads\/2026\/08\/wanda-nara-compartio-un-sensual-resumen-de-fotos-de-sus-ultimas-semanas-de-los-lagos-italianos-a-la-visita-a-l-gante-18-scaled.jpg","jetpack_sharing_enabled":true,"_links":{"self":[{"href":"https:\/\/lobosnews.com.ar\/index.php\/wp-json\/wp\/v2\/posts\/95657","targetHints":{"allow":["GET"]}}],"collection":[{"href":"https:\/\/lobosnews.com.ar\/index.php\/wp-json\/wp\/v2\/posts"}],"about":[{"href":"https:\/\/lobosnews.com.ar\/index.php\/wp-json\/wp\/v2\/types\/post"}],"author":[{"embeddable":true,"href":"https:\/\/lobosnews.com.ar\/index.php\/wp-json\/wp\/v2\/users\/1"}],"replies":[{"embeddable":true,"href":"https:\/\/lobosnews.com.ar\/index.php\/wp-json\/wp\/v2\/comments?post=95657"}],"version-history":[{"count":1,"href":"https:\/\/lobosnews.com.ar\/index.php\/wp-json\/wp\/v2\/posts\/95657\/revisions"}],"predecessor-version":[{"id":95668,"href":"https:\/\/lobosnews.com.ar\/index.php\/wp-json\/wp\/v2\/posts\/95657\/revisions\/95668"}],"wp:featuredmedia":[{"embeddable":true,"href":"https:\/\/lobosnews.com.ar\/index.php\/wp-json\/wp\/v2\/media\/95669"}],"wp:attachment":[{"href":"https:\/\/lobosnews.com.ar\/index.php\/wp-json\/wp\/v2\/media?parent=95657"}],"wp:term":[{"taxonomy":"category","embeddable":true,"href":"https:\/\/lobosnews.com.ar\/index.php\/wp-json\/wp\/v2\/categories?post=95657"},{"taxonomy":"post_tag","embeddable":true,"href":"https:\/\/lobosnews.com.ar\/index.php\/wp-json\/wp\/v2\/tags?post=95657"}],"curies":[{"name":"wp","href":"https:\/\/api.w.org\/{rel}","templated":true}]}}