{"id":95647,"date":"2026-08-30T05:00:00","date_gmt":"2026-08-30T05:00:00","guid":{"rendered":"https:\/\/lobosnews.com.ar\/?p=95647"},"modified":"2026-08-30T18:16:49","modified_gmt":"2026-08-30T18:16:49","slug":"armando-bo-el-productor-detras-de-moria-y-barreda-tengo-ocho-temporadas-para-contar-la-vida-de-isabel-sarli","status":"publish","type":"post","link":"https:\/\/lobosnews.com.ar\/index.php\/2026\/08\/30\/armando-bo-el-productor-detras-de-moria-y-barreda-tengo-ocho-temporadas-para-contar-la-vida-de-isabel-sarli\/","title":{"rendered":"Armando Bo, el productor detr\u00e1s de Moria y Barreda: \u201cTengo ocho temporadas para contar la vida de Isabel Sarli\u201d"},"content":{"rendered":"<p><b>\u201cLo espectacular de esta serie es que cuenta la esencia de Moria, cuenta el riesgo de Moria, cuenta todo lo que es ella, y no tiene miedo a contar nada. Eso habla de ella: que cuente la historia de verdad\u201d. <\/b>El que habla con <b>Teleshow <\/b>es <span class=\"waslinkname\"><b>Armando Bo<\/b><\/span>, director y productor, y elige hacerlo de uno de los proyectos que encara por estos d\u00edas. El nieto del hist\u00f3rico director cre\u00f3 su propio universo en el g\u00e9nero audiovisual con su productora About Entertainment, y su nombre est\u00e1 en algunos de los t\u00edtulos m\u00e1s importantes de la actualidad. <span class=\"waslinkname\">A la biopic de La One<\/span> se suma la pel\u00edcula <span class=\"waslinkname\">sobre el odont\u00f3logo femicida <b>Ricardo Barreda<\/b> <\/span>y la inminente llegada de <i><b>Las Malas<\/b><\/i>, la adaptaci\u00f3n cinematogr\u00e1fica del libro de<b> Camila Sosa Villada<\/b>. <\/p>\n<p>\u201cEstoy en un buen momento, obviamente en un pa\u00eds tan complejo como el nuestro\u201d, expresa el director, consciente del desaf\u00edo de tener una productora en un pa\u00eds tan propenso a los cambios y m\u00e1s all\u00e1 de la coyuntura pol\u00edtica. \u201cYo estoy orgulloso y contento con lo que estamos trabajando, y al mismo tiempo, tengo que entender que a veces es un desaf\u00edo\u201d, sentencia desde su productora ubicada en el barrio de N\u00fa\u00f1ez.<\/p>\n<p><img loading=\"lazy\" decoding=\"async\" src=\"https:\/\/lobosnews.com.ar\/wp-content\/uploads\/2026\/08\/armando-bo-el-productor-detras-de-moria-y-barreda-tengo-ocho-temporadas-para-contar-la-vida-de-isabel-sarli.jpg\" alt=\"Bo sostuvo que la pel\u00edcula sobre Barreda se construy\u00f3 desde una mirada femenina para recuperar la voz de las mujeres de su familia (RS Fotos)\" height=\"1280\" width=\"1920\"\/><\/p>\n<p><b>\u2014\u00bfQu\u00e9 significa para vos el \u00e9xito de la serie de Moria<\/b><\/p>\n<p>\u2014<b>Lo de Moria es incre\u00edble.<\/b> La verdad es que es espectacular cuando un proyecto explota de esta manera, y eso obviamente no lo puedo capitalizar solo. Hay algo en esa forma de estrenar de <b>Netflix<\/b>, en la historia de vida de <b>Moria<\/b> y en c\u00f3mo ella se la juega para contar su historia, y tambi\u00e9n en c\u00f3mo el equipo de <b>About<\/b> est\u00e1 a la altura de todas esas responsabilidades. Muy orgulloso y contento. Es una construcci\u00f3n de mucho tiempo poder hacer una serie as\u00ed.<\/p>\n<p><b>\u2014\u00bfC\u00f3mo fue el inicio del proyecto?<\/b><\/p>\n<p>\u2014Cuando me vinieron a contar de Netflix, aparecieron algunos miedos, pero al mismo tiempo reconozco que cuando hay miedo, siempre hay algo bueno. <b>Me pareci\u00f3 una idea fant\u00e1stica contar la historia de Moria<\/b>, meternos en todos esos mundos que recorre la serie. Y cuando me dijeron que <b>Javier Van de Couter<\/b> iba a estar en la direcci\u00f3n, a\u00fan m\u00e1s. Estoy muy contento con el trabajo que hizo \u00e9l y que hicieron todos como equipo.<\/p>\n<p><img loading=\"lazy\" decoding=\"async\" src=\"https:\/\/lobosnews.com.ar\/wp-content\/uploads\/2026\/08\/armando-bo-el-productor-detras-de-moria-y-barreda-tengo-ocho-temporadas-para-contar-la-vida-de-isabel-sarli-1.jpg\" alt=\"Netflix impuls\u00f3 la serie de Moria Cas\u00e1n junto con About en un lanzamiento que Bo vincul\u00f3 con a\u00f1os de trabajo del equipo\" height=\"1280\" width=\"1920\"\/><\/p>\n<p><b>\u2014\u00bfQu\u00e9 sent\u00eds al estar al frente del proyecto?<\/b><\/p>\n<p>\u2014La verdad es que sent\u00eds que hiciste algo bien. <b>Ser parte de este \u00e9xito, apoyar para que se cuente esta historia y empujar para que se cuente de esta manera<\/b>, asumiendo todos los riesgos que implica la serie, hecha a todo trapo productivamente, porque se ve espectacular: el vestuario, el maquillaje, el casting, la \u00e9poca.<\/p>\n<p><b>\u2014\u00bfC\u00f3mo fue la experiencia de trabajar en equipo para lograr este resultado?<\/b><\/p>\n<p>\u2014Creo que todos hicimos un laburo fant\u00e1stico. <b>Est\u00e1 buen\u00edsimo que al final del camino estemos lanzando una serie que es un \u00e9xito<\/b> y al mismo tiempo vivir el lanzamiento de <b>Barreda<\/b>, que es otra gran pel\u00edcula con otra gran directora, <b>Daniela Goggi<\/b>. Son dos temas muy diferentes, pero en alg\u00fan punto los dos garantizan un evento, una visi\u00f3n, una construcci\u00f3n. Parecer\u00eda que son proyectos primos y no tienen nada que ver.<\/p>\n<h2>La pel\u00edcula sobre Barreda y la mirada femenina<\/h2>\n<p><b>\u2014\u00bfPor qu\u00e9 era importante una mirada femenina en este proyecto?<\/b><\/p>\n<p>\u2014La pel\u00edcula la escribi\u00f3 <b>Josefina Licitra<\/b>, con las notas de <b>Daniela Goggi<\/b>. Es un proyecto bastante dif\u00edcil. <b>Yo empec\u00e9 con esta historia hace quince a\u00f1os<\/b>: ten\u00eda ganas de contarla y no le encontr\u00e9 la vuelta, as\u00ed que no lo desarroll\u00e9. Despu\u00e9s volvi\u00f3 este momento, que para m\u00ed era un pelicul\u00f3n, un tem\u00f3n, sobre todo por c\u00f3mo va cambiando el mundo, c\u00f3mo el machismo se va corriendo y <b>c\u00f3mo va cambiando el lugar del hombre en ese contexto<\/b>.<\/p>\n<p><b>\u2014\u00bfY c\u00f3mo influy\u00f3 ese enfoque en la historia<\/b><\/p>\n<p>\u2014En alg\u00fan punto, ese hombre se encarg\u00f3 de silenciar las voces de todas las mujeres de su vida. Era un proyecto que cost\u00f3 mucho que alguien creyera en \u00e9l. <b>Prime Video<\/b> y todo el equipo se la jugaron, porque es una historia que nadie quer\u00eda hacer.<\/p>\n<p><b>\u2014\u00bfPor qu\u00e9 cre\u00e9s que nadie la quer\u00eda hacer?<\/b><\/p>\n<p>\u2014Porque es un tema muy sensible, muy dif\u00edcil. Ah\u00ed es donde destaco el rol de la productora al asumir riesgos y decir: \u201cPara esta historia hay que contarla, y contarla de esta manera\u201d. <b>El punto de vista era claro: estas mujeres existieron.<\/b> Todo el mundo habla de Barreda, pero nadie habla de su familia.<\/p>\n<p><b>\u2014\u00bfQu\u00e9 te interesaba mostrar con la pel\u00edcula<\/b><\/p>\n<p>\u2014Hab\u00eda un lugar interesante para contar esta historia desde el punto de vista de las mujeres, contar otro tipo de historia \u2014que no quiero spoilearla, para eso hay que ver la pel\u00edcula\u2014. <b>Tener el estreno de <\/b><i><b>Moria <\/b><\/i><b>y de <\/b><i><b>Barreda<\/b><\/i><b> en el mismo mes<\/b> no es algo que hayamos buscado nosotros; cada plataforma tiene su propia estrategia. Pero que coincidan es una locura. Yo acabo de terminar de filmar <i><b>Las Malas<\/b><\/i> y ver estos dos proyectos que costaron tanto tiempo y tanto trabajo de todo el equipo nacer al mismo tiempo es una contradicci\u00f3n extra\u00f1a: todo se diluye r\u00e1pido.<\/p>\n<h2>Las Malas y los nuevos proyectos<\/h2>\n<p><img loading=\"lazy\" decoding=\"async\" src=\"https:\/\/lobosnews.com.ar\/wp-content\/uploads\/2026\/08\/armando-bo-el-productor-detras-de-moria-y-barreda-tengo-ocho-temporadas-para-contar-la-vida-de-isabel-sarli-2.jpg\" alt=\"Armando Bo: \"Yo lidero un equipo. La verdad es que esa pasi\u00f3n se contagia, esa pasi\u00f3n me la contagian a m\u00ed\"\" height=\"1280\" width=\"1920\"\/><\/p>\n<p><b>\u2014\u00bfC\u00f3mo fue el desaf\u00edo de llevar adelante Las Malas?<\/b><\/p>\n<p>\u2014<b>Despu\u00e9s de siete a\u00f1os de intentar hacer esta pel\u00edcula, estamos en edici\u00f3n.<\/b> Fue muy dif\u00edcil, pero siempre estuvo la convicci\u00f3n que da el libro de <b>Camila Sosa Villada<\/b>. Es incre\u00edble lo que ella escribi\u00f3, me parecen notables sus personajes y el mundo donde elige meterse. Para m\u00ed es un privilegio poder estar cerca de esa historia y contarla desde mi punto de vista, apoyando esta mezcla de realidad y ficci\u00f3n que construy\u00f3 la autora.<\/p>\n<p><b>\u2014\u00bfQu\u00e9 otros proyectos ten\u00e9s en marcha<\/b><\/p>\n<p>\u2014El a\u00f1o que viene se filma una pel\u00edcula que dirige y act\u00faa <b>Peter Lanzani<\/b>: la historia de <b>Luca Prodan<\/b>. Despu\u00e9s tenemos la historia de <b>Robert Cox<\/b>, el periodista del <i>Buenos Aires Herald<\/i>.<\/p>\n<p><img loading=\"lazy\" decoding=\"async\" src=\"https:\/\/lobosnews.com.ar\/wp-content\/uploads\/2026\/08\/armando-bo-el-productor-detras-de-moria-y-barreda-tengo-ocho-temporadas-para-contar-la-vida-de-isabel-sarli-3.jpg\" alt=\"Armando Bo se\u00f1al\u00f3 que la historia de Isabel Sarli sigue en evaluaci\u00f3n familiar y que su productora busca pel\u00edculas y series concebidas como eventos\" height=\"1280\" width=\"1920\"\/><\/p>\n<p><b>\u2014\u00bfPor qu\u00e9 te interesa la historia de Robert Cox?<\/b><\/p>\n<p>\u2014Es una gran historia. Pens\u00e9 que se iba a filmar antes, pero <b>cada vez se siente m\u00e1s actual<\/b>. Contar la historia de ese ingl\u00e9s que vino a abrir esa caja de Pandora de secretos que nadie mencionaba, en plena censura, y que tanta gente no conoce&#8230; Me parece muy interesante hablar sobre los medios.<\/p>\n<h2>La historia familiar y la posibilidad de contar la vida de Isabel Sarli<\/h2>\n<p><b>\u2014\u00bfNunca te animaste a contar la historia de Isabel Sarli?<\/b><\/p>\n<p>\u2014Siempre est\u00e1 dando vueltas. Lo que puedo confirmar es que hay ocho temporadas posibles: cambian los puntos de vista, uno desde la Coca, uno de mi abuelo, uno de mi viejo, otro de mis t\u00edas. Lo tengo, pero habr\u00eda que hablar con toda la familia.<\/p>\n<p><b>\u2014\u00bfHay oposici\u00f3n familiar para hacer esa historia<\/b><\/p>\n<p>\u2014No. <b>Por suerte, todos tenemos un mont\u00f3n de cosas para hacer.<\/b> En vez de aferrarnos a nuestra propia historia, siempre encontramos otro tipo de cosas para contar.<\/p>\n<p><img loading=\"lazy\" decoding=\"async\" src=\"https:\/\/lobosnews.com.ar\/wp-content\/uploads\/2026\/08\/armando-bo-el-productor-detras-de-moria-y-barreda-tengo-ocho-temporadas-para-contar-la-vida-de-isabel-sarli-4.jpg\" alt=\"Isabel Sarli y Armando Bo (Archivo)\" height=\"1419\" width=\"1920\"\/><\/p>\n<p><b>\u2014\u00bfConociste a Isabel Sarli?<\/b><\/p>\n<p>\u2014S\u00ed. Yo film\u00e9 con ella. A los 19 a\u00f1os la inclu\u00ed en un cortometraje y fue una cosa espectacular, un delirio.<\/p>\n<p><b>\u2014\u00bfC\u00f3mo era trabajar con ella<\/b><\/p>\n<p>\u2014Ten\u00eda una energ\u00eda espectacular. Una estrella, un personaje muy particular. <b>Entre mi abuelo y ella construyeron un \u00edcono<\/b>, hicieron una cantidad de pel\u00edculas, una manera de filmar. Eran socios al 50 y 50 en una productora, al mismo tiempo que mi abuelo segu\u00eda casado con mi abuela y nadie lo sab\u00eda. Todo muy extra\u00f1o, pero es una gran historia. En el momento que se quiera, esto se va a contar y bastante r\u00e1pido.<\/p>\n<p><img loading=\"lazy\" decoding=\"async\" src=\"https:\/\/lobosnews.com.ar\/wp-content\/uploads\/2026\/08\/armando-bo-el-productor-detras-de-moria-y-barreda-tengo-ocho-temporadas-para-contar-la-vida-de-isabel-sarli-5.jpg\" alt=\"Armando Bo en su productora del barrio de Nu\u00f1ez junto a Teleshow\" height=\"1280\" width=\"1920\"\/><\/p>\n<p><b>\u2014\u00bfC\u00f3mo eleg\u00eds los temas y las historias de tus proyectos?<\/b><\/p>\n<p>\u2014Hay un mundo en la elecci\u00f3n de temas que tiene que ver con la b\u00fasqueda del evento. Nos gusta hacer pel\u00edculas o series que sean un evento, y ese evento hay que empujarlo, remarlo, hasta que se logra. <b>La suerte es que, cuando las cosas suceden bien, explotan<\/b>: explot\u00f3 Moria, va a explotar Barreda, va a explotar <i>Las Malas<\/i>.<\/p>\n<p><img loading=\"lazy\" decoding=\"async\" src=\"https:\/\/lobosnews.com.ar\/wp-content\/uploads\/2026\/08\/armando-bo-el-productor-detras-de-moria-y-barreda-tengo-ocho-temporadas-para-contar-la-vida-de-isabel-sarli-6.jpg\" alt=\"Armando Bo sostuvo que tiene el proyecto en mente, sobre la historia de la Coca Sarli, y que conserva ideas sobre su desarrollo\" height=\"1280\" width=\"1920\"\/><\/p>\n<p><b>\u2014\u00bfQu\u00e9 rol tiene la pasi\u00f3n en tu trabajo y en el equipo?<\/b><\/p>\n<p>\u2014Yo lidero un equipo. Esa pasi\u00f3n se contagia y me la contagian a m\u00ed. <b>Lo interesante de About, por lo menos para m\u00ed y para todos los que la componemos, es que no es un trabajo.<\/b> No venimos a trabajar: venimos a hacer lo que queremos hacer, lo que queremos contar, a empujar todos estos proyectos. Somos obsesivos con que salgan. Todo el tiempo las cosas se oponen y uno va empujando.<\/p>\n<p><i>Fotos: RSFotos<\/i><\/p>\n","protected":false},"excerpt":{"rendered":"<p>\u201cLo espectacular de esta serie es que cuenta la esencia de Moria, cuenta el riesgo de Moria, cuenta todo lo que es ella, y no tiene miedo a contar nada. Eso habla de ella: que cuente la historia de verdad\u201d. El que habla con Teleshow es Armando Bo, director y productor, y elige hacerlo de&#8230;<\/p>\n","protected":false},"author":1,"featured_media":95656,"comment_status":"open","ping_status":"closed","sticky":false,"template":"","format":"standard","meta":{"_jetpack_newsletter_access":"","_jetpack_dont_email_post_to_subs":false,"_jetpack_newsletter_tier_id":0,"_jetpack_memberships_contains_paywalled_content":false,"_jetpack_memberships_contains_paid_content":false,"footnotes":"","jetpack_post_was_ever_published":false},"categories":[79],"tags":[],"class_list":["post-95647","post","type-post","status-publish","format-standard","has-post-thumbnail","hentry","category-cine-y-series"],"magazineBlocksPostFeaturedMedia":{"thumbnail":"https:\/\/lobosnews.com.ar\/wp-content\/uploads\/2026\/08\/armando-bo-el-productor-detras-de-moria-y-barreda-tengo-ocho-temporadas-para-contar-la-vida-de-isabel-sarli-12-150x150.jpg","medium":"https:\/\/lobosnews.com.ar\/wp-content\/uploads\/2026\/08\/armando-bo-el-productor-detras-de-moria-y-barreda-tengo-ocho-temporadas-para-contar-la-vida-de-isabel-sarli-12-300x200.jpg","medium_large":"https:\/\/lobosnews.com.ar\/wp-content\/uploads\/2026\/08\/armando-bo-el-productor-detras-de-moria-y-barreda-tengo-ocho-temporadas-para-contar-la-vida-de-isabel-sarli-12-768x512.jpg","large":"https:\/\/lobosnews.com.ar\/wp-content\/uploads\/2026\/08\/armando-bo-el-productor-detras-de-moria-y-barreda-tengo-ocho-temporadas-para-contar-la-vida-de-isabel-sarli-12-1024x683.jpg","1536x1536":"https:\/\/lobosnews.com.ar\/wp-content\/uploads\/2026\/08\/armando-bo-el-productor-detras-de-moria-y-barreda-tengo-ocho-temporadas-para-contar-la-vida-de-isabel-sarli-12-1536x1024.jpg","2048x2048":"https:\/\/lobosnews.com.ar\/wp-content\/uploads\/2026\/08\/armando-bo-el-productor-detras-de-moria-y-barreda-tengo-ocho-temporadas-para-contar-la-vida-de-isabel-sarli-12.jpg","newsmatic-featured":"https:\/\/lobosnews.com.ar\/wp-content\/uploads\/2026\/08\/armando-bo-el-productor-detras-de-moria-y-barreda-tengo-ocho-temporadas-para-contar-la-vida-de-isabel-sarli-12-820x545.jpg","newsmatic-list":"https:\/\/lobosnews.com.ar\/wp-content\/uploads\/2026\/08\/armando-bo-el-productor-detras-de-moria-y-barreda-tengo-ocho-temporadas-para-contar-la-vida-de-isabel-sarli-12-600x400.jpg","newsmatic-thumb":"https:\/\/lobosnews.com.ar\/wp-content\/uploads\/2026\/08\/armando-bo-el-productor-detras-de-moria-y-barreda-tengo-ocho-temporadas-para-contar-la-vida-de-isabel-sarli-12-300x200.jpg","newsmatic-small":"https:\/\/lobosnews.com.ar\/wp-content\/uploads\/2026\/08\/armando-bo-el-productor-detras-de-moria-y-barreda-tengo-ocho-temporadas-para-contar-la-vida-de-isabel-sarli-12-150x95.jpg","newsmatic-grid":"https:\/\/lobosnews.com.ar\/wp-content\/uploads\/2026\/08\/armando-bo-el-productor-detras-de-moria-y-barreda-tengo-ocho-temporadas-para-contar-la-vida-de-isabel-sarli-12-400x250.jpg"},"magazineBlocksPostAuthor":{"name":"admin","avatar":"https:\/\/secure.gravatar.com\/avatar\/76e419471a2083bc3ceab22a763dbbf9b0c1bd15a6214cf3280e2c2dde4580f9?s=96&d=mm&r=g"},"magazineBlocksPostCommentsNumber":"0","magazineBlocksPostExcerpt":"\u201cLo espectacular de esta serie es que cuenta la esencia de Moria, cuenta el riesgo de Moria, cuenta todo lo que es ella, y no tiene miedo a contar nada. Eso habla de ella: que cuente la historia de verdad\u201d. El que habla con Teleshow es Armando Bo, director y productor, y elige hacerlo de...","magazineBlocksPostCategories":["Cine y Series"],"magazineBlocksPostViewCount":37,"magazineBlocksPostReadTime":8,"magazine_blocks_featured_image_url":{"full":["https:\/\/lobosnews.com.ar\/wp-content\/uploads\/2026\/08\/armando-bo-el-productor-detras-de-moria-y-barreda-tengo-ocho-temporadas-para-contar-la-vida-de-isabel-sarli-12.jpg",1920,1280,false],"medium":["https:\/\/lobosnews.com.ar\/wp-content\/uploads\/2026\/08\/armando-bo-el-productor-detras-de-moria-y-barreda-tengo-ocho-temporadas-para-contar-la-vida-de-isabel-sarli-12-300x200.jpg",300,200,true],"thumbnail":["https:\/\/lobosnews.com.ar\/wp-content\/uploads\/2026\/08\/armando-bo-el-productor-detras-de-moria-y-barreda-tengo-ocho-temporadas-para-contar-la-vida-de-isabel-sarli-12-150x150.jpg",150,150,true]},"magazine_blocks_author":{"display_name":"admin","author_link":"https:\/\/lobosnews.com.ar\/index.php\/author\/lobos-news\/"},"magazine_blocks_comment":0,"magazine_blocks_author_image":"https:\/\/secure.gravatar.com\/avatar\/76e419471a2083bc3ceab22a763dbbf9b0c1bd15a6214cf3280e2c2dde4580f9?s=96&d=mm&r=g","magazine_blocks_category":"<a href=\"#\" class=\"category-link category-link-79\">Cine y Series<\/a>","yoast_head":"<!-- This site is optimized with the Yoast SEO plugin v28.0 - https:\/\/yoast.com\/product\/yoast-seo-wordpress\/ -->\n<title>Armando Bo, el productor detr\u00e1s de Moria y Barreda: \u201cTengo ocho temporadas para contar la vida de Isabel Sarli\u201d - Lobos News<\/title>\n<meta name=\"robots\" content=\"index, follow, max-snippet:-1, max-image-preview:large, max-video-preview:-1\" \/>\n<link rel=\"canonical\" href=\"https:\/\/lobosnews.com.ar\/index.php\/2026\/08\/30\/armando-bo-el-productor-detras-de-moria-y-barreda-tengo-ocho-temporadas-para-contar-la-vida-de-isabel-sarli\/\" \/>\n<meta property=\"og:locale\" content=\"es_ES\" \/>\n<meta property=\"og:type\" content=\"article\" \/>\n<meta property=\"og:title\" content=\"Armando Bo, el productor detr\u00e1s de Moria y Barreda: \u201cTengo ocho temporadas para contar la vida de Isabel Sarli\u201d - Lobos News\" \/>\n<meta property=\"og:description\" content=\"\u201cLo espectacular de esta serie es que cuenta la esencia de Moria, cuenta el riesgo de Moria, cuenta todo lo que es ella, y no tiene miedo a contar nada. Eso habla de ella: que cuente la historia de verdad\u201d. El que habla con Teleshow es Armando Bo, director y productor, y elige hacerlo de...\" \/>\n<meta property=\"og:url\" content=\"https:\/\/lobosnews.com.ar\/index.php\/2026\/08\/30\/armando-bo-el-productor-detras-de-moria-y-barreda-tengo-ocho-temporadas-para-contar-la-vida-de-isabel-sarli\/\" \/>\n<meta property=\"og:site_name\" content=\"Lobos News\" \/>\n<meta property=\"article:published_time\" content=\"2026-08-30T05:00:00+00:00\" \/>\n<meta property=\"article:modified_time\" content=\"2026-08-30T18:16:49+00:00\" \/>\n<meta property=\"og:image\" content=\"https:\/\/lobosnews.com.ar\/wp-content\/uploads\/2026\/08\/armando-bo-el-productor-detras-de-moria-y-barreda-tengo-ocho-temporadas-para-contar-la-vida-de-isabel-sarli-12.jpg\" \/>\n\t<meta property=\"og:image:width\" content=\"1920\" \/>\n\t<meta property=\"og:image:height\" content=\"1280\" \/>\n\t<meta property=\"og:image:type\" content=\"image\/jpeg\" \/>\n<meta name=\"author\" content=\"admin\" \/>\n<meta name=\"twitter:card\" content=\"summary_large_image\" \/>\n<meta name=\"twitter:label1\" content=\"Escrito por\" \/>\n\t<meta name=\"twitter:data1\" content=\"admin\" \/>\n\t<meta name=\"twitter:label2\" content=\"Tiempo de lectura\" \/>\n\t<meta name=\"twitter:data2\" content=\"7 minutos\" \/>\n<script type=\"application\/ld+json\" class=\"yoast-schema-graph\">{\"@context\":\"https:\\\/\\\/schema.org\",\"@graph\":[{\"@type\":\"Article\",\"@id\":\"https:\\\/\\\/lobosnews.com.ar\\\/index.php\\\/2026\\\/08\\\/30\\\/armando-bo-el-productor-detras-de-moria-y-barreda-tengo-ocho-temporadas-para-contar-la-vida-de-isabel-sarli\\\/#article\",\"isPartOf\":{\"@id\":\"https:\\\/\\\/lobosnews.com.ar\\\/index.php\\\/2026\\\/08\\\/30\\\/armando-bo-el-productor-detras-de-moria-y-barreda-tengo-ocho-temporadas-para-contar-la-vida-de-isabel-sarli\\\/\"},\"author\":{\"name\":\"admin\",\"@id\":\"https:\\\/\\\/lobosnews.com.ar\\\/#\\\/schema\\\/person\\\/232422a593d5c541dd9aef6aaed10943\"},\"headline\":\"Armando Bo, el productor detr\u00e1s de Moria y Barreda: \u201cTengo ocho temporadas para contar la vida de Isabel Sarli\u201d\",\"datePublished\":\"2026-08-30T05:00:00+00:00\",\"dateModified\":\"2026-08-30T18:16:49+00:00\",\"mainEntityOfPage\":{\"@id\":\"https:\\\/\\\/lobosnews.com.ar\\\/index.php\\\/2026\\\/08\\\/30\\\/armando-bo-el-productor-detras-de-moria-y-barreda-tengo-ocho-temporadas-para-contar-la-vida-de-isabel-sarli\\\/\"},\"wordCount\":1501,\"commentCount\":0,\"publisher\":{\"@id\":\"https:\\\/\\\/lobosnews.com.ar\\\/#organization\"},\"image\":{\"@id\":\"https:\\\/\\\/lobosnews.com.ar\\\/index.php\\\/2026\\\/08\\\/30\\\/armando-bo-el-productor-detras-de-moria-y-barreda-tengo-ocho-temporadas-para-contar-la-vida-de-isabel-sarli\\\/#primaryimage\"},\"thumbnailUrl\":\"https:\\\/\\\/lobosnews.com.ar\\\/wp-content\\\/uploads\\\/2026\\\/08\\\/armando-bo-el-productor-detras-de-moria-y-barreda-tengo-ocho-temporadas-para-contar-la-vida-de-isabel-sarli-12.jpg\",\"articleSection\":[\"Cine y Series\"],\"inLanguage\":\"es\",\"potentialAction\":[{\"@type\":\"CommentAction\",\"name\":\"Comment\",\"target\":[\"https:\\\/\\\/lobosnews.com.ar\\\/index.php\\\/2026\\\/08\\\/30\\\/armando-bo-el-productor-detras-de-moria-y-barreda-tengo-ocho-temporadas-para-contar-la-vida-de-isabel-sarli\\\/#respond\"]}]},{\"@type\":\"WebPage\",\"@id\":\"https:\\\/\\\/lobosnews.com.ar\\\/index.php\\\/2026\\\/08\\\/30\\\/armando-bo-el-productor-detras-de-moria-y-barreda-tengo-ocho-temporadas-para-contar-la-vida-de-isabel-sarli\\\/\",\"url\":\"https:\\\/\\\/lobosnews.com.ar\\\/index.php\\\/2026\\\/08\\\/30\\\/armando-bo-el-productor-detras-de-moria-y-barreda-tengo-ocho-temporadas-para-contar-la-vida-de-isabel-sarli\\\/\",\"name\":\"Armando Bo, el productor detr\u00e1s de Moria y Barreda: \u201cTengo ocho temporadas para contar la vida de Isabel Sarli\u201d - Lobos News\",\"isPartOf\":{\"@id\":\"https:\\\/\\\/lobosnews.com.ar\\\/#website\"},\"primaryImageOfPage\":{\"@id\":\"https:\\\/\\\/lobosnews.com.ar\\\/index.php\\\/2026\\\/08\\\/30\\\/armando-bo-el-productor-detras-de-moria-y-barreda-tengo-ocho-temporadas-para-contar-la-vida-de-isabel-sarli\\\/#primaryimage\"},\"image\":{\"@id\":\"https:\\\/\\\/lobosnews.com.ar\\\/index.php\\\/2026\\\/08\\\/30\\\/armando-bo-el-productor-detras-de-moria-y-barreda-tengo-ocho-temporadas-para-contar-la-vida-de-isabel-sarli\\\/#primaryimage\"},\"thumbnailUrl\":\"https:\\\/\\\/lobosnews.com.ar\\\/wp-content\\\/uploads\\\/2026\\\/08\\\/armando-bo-el-productor-detras-de-moria-y-barreda-tengo-ocho-temporadas-para-contar-la-vida-de-isabel-sarli-12.jpg\",\"datePublished\":\"2026-08-30T05:00:00+00:00\",\"dateModified\":\"2026-08-30T18:16:49+00:00\",\"breadcrumb\":{\"@id\":\"https:\\\/\\\/lobosnews.com.ar\\\/index.php\\\/2026\\\/08\\\/30\\\/armando-bo-el-productor-detras-de-moria-y-barreda-tengo-ocho-temporadas-para-contar-la-vida-de-isabel-sarli\\\/#breadcrumb\"},\"inLanguage\":\"es\",\"potentialAction\":[{\"@type\":\"ReadAction\",\"target\":[\"https:\\\/\\\/lobosnews.com.ar\\\/index.php\\\/2026\\\/08\\\/30\\\/armando-bo-el-productor-detras-de-moria-y-barreda-tengo-ocho-temporadas-para-contar-la-vida-de-isabel-sarli\\\/\"]}]},{\"@type\":\"ImageObject\",\"inLanguage\":\"es\",\"@id\":\"https:\\\/\\\/lobosnews.com.ar\\\/index.php\\\/2026\\\/08\\\/30\\\/armando-bo-el-productor-detras-de-moria-y-barreda-tengo-ocho-temporadas-para-contar-la-vida-de-isabel-sarli\\\/#primaryimage\",\"url\":\"https:\\\/\\\/lobosnews.com.ar\\\/wp-content\\\/uploads\\\/2026\\\/08\\\/armando-bo-el-productor-detras-de-moria-y-barreda-tengo-ocho-temporadas-para-contar-la-vida-de-isabel-sarli-12.jpg\",\"contentUrl\":\"https:\\\/\\\/lobosnews.com.ar\\\/wp-content\\\/uploads\\\/2026\\\/08\\\/armando-bo-el-productor-detras-de-moria-y-barreda-tengo-ocho-temporadas-para-contar-la-vida-de-isabel-sarli-12.jpg\",\"width\":1920,\"height\":1280,\"caption\":\"Armando Bo, el productor detr\u00e1s de Moria y Barreda: \u201cTengo ocho temporadas para contar la vida de Isabel Sarli\u201d\"},{\"@type\":\"BreadcrumbList\",\"@id\":\"https:\\\/\\\/lobosnews.com.ar\\\/index.php\\\/2026\\\/08\\\/30\\\/armando-bo-el-productor-detras-de-moria-y-barreda-tengo-ocho-temporadas-para-contar-la-vida-de-isabel-sarli\\\/#breadcrumb\",\"itemListElement\":[{\"@type\":\"ListItem\",\"position\":1,\"name\":\"Portada\",\"item\":\"https:\\\/\\\/lobosnews.com.ar\\\/\"},{\"@type\":\"ListItem\",\"position\":2,\"name\":\"Armando Bo, el productor detr\u00e1s de Moria y Barreda: \u201cTengo ocho temporadas para contar la vida de Isabel Sarli\u201d\"}]},{\"@type\":\"WebSite\",\"@id\":\"https:\\\/\\\/lobosnews.com.ar\\\/#website\",\"url\":\"https:\\\/\\\/lobosnews.com.ar\\\/\",\"name\":\"Lobos News\",\"description\":\"Informaci\u00f3n a cada instante\",\"publisher\":{\"@id\":\"https:\\\/\\\/lobosnews.com.ar\\\/#organization\"},\"potentialAction\":[{\"@type\":\"SearchAction\",\"target\":{\"@type\":\"EntryPoint\",\"urlTemplate\":\"https:\\\/\\\/lobosnews.com.ar\\\/?s={search_term_string}\"},\"query-input\":{\"@type\":\"PropertyValueSpecification\",\"valueRequired\":true,\"valueName\":\"search_term_string\"}}],\"inLanguage\":\"es\"},{\"@type\":\"Organization\",\"@id\":\"https:\\\/\\\/lobosnews.com.ar\\\/#organization\",\"name\":\"Lobos News\",\"url\":\"https:\\\/\\\/lobosnews.com.ar\\\/\",\"logo\":{\"@type\":\"ImageObject\",\"inLanguage\":\"es\",\"@id\":\"https:\\\/\\\/lobosnews.com.ar\\\/#\\\/schema\\\/logo\\\/image\\\/\",\"url\":\"https:\\\/\\\/lobosnews.com.ar\\\/wp-content\\\/uploads\\\/2026\\\/01\\\/logo-lobosnews.png\",\"contentUrl\":\"https:\\\/\\\/lobosnews.com.ar\\\/wp-content\\\/uploads\\\/2026\\\/01\\\/logo-lobosnews.png\",\"width\":500,\"height\":200,\"caption\":\"Lobos News\"},\"image\":{\"@id\":\"https:\\\/\\\/lobosnews.com.ar\\\/#\\\/schema\\\/logo\\\/image\\\/\"}},{\"@type\":\"Person\",\"@id\":\"https:\\\/\\\/lobosnews.com.ar\\\/#\\\/schema\\\/person\\\/232422a593d5c541dd9aef6aaed10943\",\"name\":\"admin\",\"image\":{\"@type\":\"ImageObject\",\"inLanguage\":\"es\",\"@id\":\"https:\\\/\\\/secure.gravatar.com\\\/avatar\\\/76e419471a2083bc3ceab22a763dbbf9b0c1bd15a6214cf3280e2c2dde4580f9?s=96&d=mm&r=g\",\"url\":\"https:\\\/\\\/secure.gravatar.com\\\/avatar\\\/76e419471a2083bc3ceab22a763dbbf9b0c1bd15a6214cf3280e2c2dde4580f9?s=96&d=mm&r=g\",\"contentUrl\":\"https:\\\/\\\/secure.gravatar.com\\\/avatar\\\/76e419471a2083bc3ceab22a763dbbf9b0c1bd15a6214cf3280e2c2dde4580f9?s=96&d=mm&r=g\",\"caption\":\"admin\"},\"sameAs\":[\"https:\\\/\\\/lobosnews.com.ar\"],\"url\":\"https:\\\/\\\/lobosnews.com.ar\\\/index.php\\\/author\\\/lobos-news\\\/\"}]}<\/script>\n<!-- \/ Yoast SEO plugin. -->","yoast_head_json":{"title":"Armando Bo, el productor detr\u00e1s de Moria y Barreda: \u201cTengo ocho temporadas para contar la vida de Isabel Sarli\u201d - Lobos News","robots":{"index":"index","follow":"follow","max-snippet":"max-snippet:-1","max-image-preview":"max-image-preview:large","max-video-preview":"max-video-preview:-1"},"canonical":"https:\/\/lobosnews.com.ar\/index.php\/2026\/08\/30\/armando-bo-el-productor-detras-de-moria-y-barreda-tengo-ocho-temporadas-para-contar-la-vida-de-isabel-sarli\/","og_locale":"es_ES","og_type":"article","og_title":"Armando Bo, el productor detr\u00e1s de Moria y Barreda: \u201cTengo ocho temporadas para contar la vida de Isabel Sarli\u201d - Lobos News","og_description":"\u201cLo espectacular de esta serie es que cuenta la esencia de Moria, cuenta el riesgo de Moria, cuenta todo lo que es ella, y no tiene miedo a contar nada. Eso habla de ella: que cuente la historia de verdad\u201d. El que habla con Teleshow es Armando Bo, director y productor, y elige hacerlo de...","og_url":"https:\/\/lobosnews.com.ar\/index.php\/2026\/08\/30\/armando-bo-el-productor-detras-de-moria-y-barreda-tengo-ocho-temporadas-para-contar-la-vida-de-isabel-sarli\/","og_site_name":"Lobos News","article_published_time":"2026-08-30T05:00:00+00:00","article_modified_time":"2026-08-30T18:16:49+00:00","og_image":[{"width":1920,"height":1280,"url":"https:\/\/lobosnews.com.ar\/wp-content\/uploads\/2026\/08\/armando-bo-el-productor-detras-de-moria-y-barreda-tengo-ocho-temporadas-para-contar-la-vida-de-isabel-sarli-12.jpg","type":"image\/jpeg"}],"author":"admin","twitter_card":"summary_large_image","twitter_misc":{"Escrito por":"admin","Tiempo de lectura":"7 minutos"},"schema":{"@context":"https:\/\/schema.org","@graph":[{"@type":"Article","@id":"https:\/\/lobosnews.com.ar\/index.php\/2026\/08\/30\/armando-bo-el-productor-detras-de-moria-y-barreda-tengo-ocho-temporadas-para-contar-la-vida-de-isabel-sarli\/#article","isPartOf":{"@id":"https:\/\/lobosnews.com.ar\/index.php\/2026\/08\/30\/armando-bo-el-productor-detras-de-moria-y-barreda-tengo-ocho-temporadas-para-contar-la-vida-de-isabel-sarli\/"},"author":{"name":"admin","@id":"https:\/\/lobosnews.com.ar\/#\/schema\/person\/232422a593d5c541dd9aef6aaed10943"},"headline":"Armando Bo, el productor detr\u00e1s de Moria y Barreda: \u201cTengo ocho temporadas para contar la vida de Isabel Sarli\u201d","datePublished":"2026-08-30T05:00:00+00:00","dateModified":"2026-08-30T18:16:49+00:00","mainEntityOfPage":{"@id":"https:\/\/lobosnews.com.ar\/index.php\/2026\/08\/30\/armando-bo-el-productor-detras-de-moria-y-barreda-tengo-ocho-temporadas-para-contar-la-vida-de-isabel-sarli\/"},"wordCount":1501,"commentCount":0,"publisher":{"@id":"https:\/\/lobosnews.com.ar\/#organization"},"image":{"@id":"https:\/\/lobosnews.com.ar\/index.php\/2026\/08\/30\/armando-bo-el-productor-detras-de-moria-y-barreda-tengo-ocho-temporadas-para-contar-la-vida-de-isabel-sarli\/#primaryimage"},"thumbnailUrl":"https:\/\/lobosnews.com.ar\/wp-content\/uploads\/2026\/08\/armando-bo-el-productor-detras-de-moria-y-barreda-tengo-ocho-temporadas-para-contar-la-vida-de-isabel-sarli-12.jpg","articleSection":["Cine y Series"],"inLanguage":"es","potentialAction":[{"@type":"CommentAction","name":"Comment","target":["https:\/\/lobosnews.com.ar\/index.php\/2026\/08\/30\/armando-bo-el-productor-detras-de-moria-y-barreda-tengo-ocho-temporadas-para-contar-la-vida-de-isabel-sarli\/#respond"]}]},{"@type":"WebPage","@id":"https:\/\/lobosnews.com.ar\/index.php\/2026\/08\/30\/armando-bo-el-productor-detras-de-moria-y-barreda-tengo-ocho-temporadas-para-contar-la-vida-de-isabel-sarli\/","url":"https:\/\/lobosnews.com.ar\/index.php\/2026\/08\/30\/armando-bo-el-productor-detras-de-moria-y-barreda-tengo-ocho-temporadas-para-contar-la-vida-de-isabel-sarli\/","name":"Armando Bo, el productor detr\u00e1s de Moria y Barreda: \u201cTengo ocho temporadas para contar la vida de Isabel Sarli\u201d - Lobos News","isPartOf":{"@id":"https:\/\/lobosnews.com.ar\/#website"},"primaryImageOfPage":{"@id":"https:\/\/lobosnews.com.ar\/index.php\/2026\/08\/30\/armando-bo-el-productor-detras-de-moria-y-barreda-tengo-ocho-temporadas-para-contar-la-vida-de-isabel-sarli\/#primaryimage"},"image":{"@id":"https:\/\/lobosnews.com.ar\/index.php\/2026\/08\/30\/armando-bo-el-productor-detras-de-moria-y-barreda-tengo-ocho-temporadas-para-contar-la-vida-de-isabel-sarli\/#primaryimage"},"thumbnailUrl":"https:\/\/lobosnews.com.ar\/wp-content\/uploads\/2026\/08\/armando-bo-el-productor-detras-de-moria-y-barreda-tengo-ocho-temporadas-para-contar-la-vida-de-isabel-sarli-12.jpg","datePublished":"2026-08-30T05:00:00+00:00","dateModified":"2026-08-30T18:16:49+00:00","breadcrumb":{"@id":"https:\/\/lobosnews.com.ar\/index.php\/2026\/08\/30\/armando-bo-el-productor-detras-de-moria-y-barreda-tengo-ocho-temporadas-para-contar-la-vida-de-isabel-sarli\/#breadcrumb"},"inLanguage":"es","potentialAction":[{"@type":"ReadAction","target":["https:\/\/lobosnews.com.ar\/index.php\/2026\/08\/30\/armando-bo-el-productor-detras-de-moria-y-barreda-tengo-ocho-temporadas-para-contar-la-vida-de-isabel-sarli\/"]}]},{"@type":"ImageObject","inLanguage":"es","@id":"https:\/\/lobosnews.com.ar\/index.php\/2026\/08\/30\/armando-bo-el-productor-detras-de-moria-y-barreda-tengo-ocho-temporadas-para-contar-la-vida-de-isabel-sarli\/#primaryimage","url":"https:\/\/lobosnews.com.ar\/wp-content\/uploads\/2026\/08\/armando-bo-el-productor-detras-de-moria-y-barreda-tengo-ocho-temporadas-para-contar-la-vida-de-isabel-sarli-12.jpg","contentUrl":"https:\/\/lobosnews.com.ar\/wp-content\/uploads\/2026\/08\/armando-bo-el-productor-detras-de-moria-y-barreda-tengo-ocho-temporadas-para-contar-la-vida-de-isabel-sarli-12.jpg","width":1920,"height":1280,"caption":"Armando Bo, el productor detr\u00e1s de Moria y Barreda: \u201cTengo ocho temporadas para contar la vida de Isabel Sarli\u201d"},{"@type":"BreadcrumbList","@id":"https:\/\/lobosnews.com.ar\/index.php\/2026\/08\/30\/armando-bo-el-productor-detras-de-moria-y-barreda-tengo-ocho-temporadas-para-contar-la-vida-de-isabel-sarli\/#breadcrumb","itemListElement":[{"@type":"ListItem","position":1,"name":"Portada","item":"https:\/\/lobosnews.com.ar\/"},{"@type":"ListItem","position":2,"name":"Armando Bo, el productor detr\u00e1s de Moria y Barreda: \u201cTengo ocho temporadas para contar la vida de Isabel Sarli\u201d"}]},{"@type":"WebSite","@id":"https:\/\/lobosnews.com.ar\/#website","url":"https:\/\/lobosnews.com.ar\/","name":"Lobos News","description":"Informaci\u00f3n a cada instante","publisher":{"@id":"https:\/\/lobosnews.com.ar\/#organization"},"potentialAction":[{"@type":"SearchAction","target":{"@type":"EntryPoint","urlTemplate":"https:\/\/lobosnews.com.ar\/?s={search_term_string}"},"query-input":{"@type":"PropertyValueSpecification","valueRequired":true,"valueName":"search_term_string"}}],"inLanguage":"es"},{"@type":"Organization","@id":"https:\/\/lobosnews.com.ar\/#organization","name":"Lobos News","url":"https:\/\/lobosnews.com.ar\/","logo":{"@type":"ImageObject","inLanguage":"es","@id":"https:\/\/lobosnews.com.ar\/#\/schema\/logo\/image\/","url":"https:\/\/lobosnews.com.ar\/wp-content\/uploads\/2026\/01\/logo-lobosnews.png","contentUrl":"https:\/\/lobosnews.com.ar\/wp-content\/uploads\/2026\/01\/logo-lobosnews.png","width":500,"height":200,"caption":"Lobos News"},"image":{"@id":"https:\/\/lobosnews.com.ar\/#\/schema\/logo\/image\/"}},{"@type":"Person","@id":"https:\/\/lobosnews.com.ar\/#\/schema\/person\/232422a593d5c541dd9aef6aaed10943","name":"admin","image":{"@type":"ImageObject","inLanguage":"es","@id":"https:\/\/secure.gravatar.com\/avatar\/76e419471a2083bc3ceab22a763dbbf9b0c1bd15a6214cf3280e2c2dde4580f9?s=96&d=mm&r=g","url":"https:\/\/secure.gravatar.com\/avatar\/76e419471a2083bc3ceab22a763dbbf9b0c1bd15a6214cf3280e2c2dde4580f9?s=96&d=mm&r=g","contentUrl":"https:\/\/secure.gravatar.com\/avatar\/76e419471a2083bc3ceab22a763dbbf9b0c1bd15a6214cf3280e2c2dde4580f9?s=96&d=mm&r=g","caption":"admin"},"sameAs":["https:\/\/lobosnews.com.ar"],"url":"https:\/\/lobosnews.com.ar\/index.php\/author\/lobos-news\/"}]}},"jetpack_featured_media_url":"https:\/\/lobosnews.com.ar\/wp-content\/uploads\/2026\/08\/armando-bo-el-productor-detras-de-moria-y-barreda-tengo-ocho-temporadas-para-contar-la-vida-de-isabel-sarli-12.jpg","jetpack_sharing_enabled":true,"_links":{"self":[{"href":"https:\/\/lobosnews.com.ar\/index.php\/wp-json\/wp\/v2\/posts\/95647","targetHints":{"allow":["GET"]}}],"collection":[{"href":"https:\/\/lobosnews.com.ar\/index.php\/wp-json\/wp\/v2\/posts"}],"about":[{"href":"https:\/\/lobosnews.com.ar\/index.php\/wp-json\/wp\/v2\/types\/post"}],"author":[{"embeddable":true,"href":"https:\/\/lobosnews.com.ar\/index.php\/wp-json\/wp\/v2\/users\/1"}],"replies":[{"embeddable":true,"href":"https:\/\/lobosnews.com.ar\/index.php\/wp-json\/wp\/v2\/comments?post=95647"}],"version-history":[{"count":1,"href":"https:\/\/lobosnews.com.ar\/index.php\/wp-json\/wp\/v2\/posts\/95647\/revisions"}],"predecessor-version":[{"id":95655,"href":"https:\/\/lobosnews.com.ar\/index.php\/wp-json\/wp\/v2\/posts\/95647\/revisions\/95655"}],"wp:featuredmedia":[{"embeddable":true,"href":"https:\/\/lobosnews.com.ar\/index.php\/wp-json\/wp\/v2\/media\/95656"}],"wp:attachment":[{"href":"https:\/\/lobosnews.com.ar\/index.php\/wp-json\/wp\/v2\/media?parent=95647"}],"wp:term":[{"taxonomy":"category","embeddable":true,"href":"https:\/\/lobosnews.com.ar\/index.php\/wp-json\/wp\/v2\/categories?post=95647"},{"taxonomy":"post_tag","embeddable":true,"href":"https:\/\/lobosnews.com.ar\/index.php\/wp-json\/wp\/v2\/tags?post=95647"}],"curies":[{"name":"wp","href":"https:\/\/api.w.org\/{rel}","templated":true}]}}