{"id":95623,"date":"2026-08-30T12:11:02","date_gmt":"2026-08-30T12:11:02","guid":{"rendered":"https:\/\/lobosnews.com.ar\/?p=95623"},"modified":"2026-08-30T14:11:04","modified_gmt":"2026-08-30T14:11:04","slug":"guatemala-un-choque-multiple-en-amatitlan-deja-varios-heridos-y-obliga-a-cerrar-los-carriles-hacia-el-sur-del-pais-en-la-ruta-al-pacifico","status":"publish","type":"post","link":"https:\/\/lobosnews.com.ar\/index.php\/2026\/08\/30\/guatemala-un-choque-multiple-en-amatitlan-deja-varios-heridos-y-obliga-a-cerrar-los-carriles-hacia-el-sur-del-pais-en-la-ruta-al-pacifico\/","title":{"rendered":"Guatemala: Un choque m\u00faltiple en Amatitl\u00e1n deja varios heridos y obliga a cerrar los carriles hacia el sur del pa\u00eds en la ruta al Pac\u00edfico"},"content":{"rendered":"<p>Un <b>accidente<\/b> m\u00faltiple en <b>Amatitl\u00e1n<\/b> oblig\u00f3 este s\u00e1bado al cierre total de los carriles hacia el sur en la <b>ruta<\/b> al Pac\u00edfico, a la altura del kil\u00f3metro <b>31<\/b>, donde un tr\u00e1iler, dos veh\u00edculos y varias motocicletas chocaron y dejaron al menos cuatro heridos trasladados al hospital, mientras reportes preliminares difundidos en el lugar tambi\u00e9n hablaban de posibles fallecidos a\u00fan sin confirmaci\u00f3n oficial.<\/p>\n<p>La circulaci\u00f3n qued\u00f3 paralizada en direcci\u00f3n a Pal\u00edn porque las v\u00edctimas permanec\u00edan sobre el asfalto y varias carrocer\u00edas destruidas obstru\u00edan ambos carriles. En el sector tambi\u00e9n se reportaron complicaciones de tr\u00e1nsito en uno de los principales corredores de conexi\u00f3n hacia el sur de Guatemala.<\/p>\n<p>Los Bomberos Voluntarios informaron que las compa\u00f1\u00edas 29 y 60 movilizaron unidades de emergencia al lugar. T\u00e9cnicos en Urgencias M\u00e9dicas brindaron atenci\u00f3n prehospitalaria a varios lesionados y trasladaron a <b>04 personas<\/b> al Hospital Nacional de Amatitl\u00e1n.<\/p>\n<p>Los heridos presentaban amputaci\u00f3n, fracturas expuestas, politraumatismo y golpes en distintas partes del cuerpo. La Polic\u00eda Municipal de Tr\u00e1nsito de <b>Villa Nueva<\/b> indic\u00f3 que la colisi\u00f3n se registr\u00f3 en el kil\u00f3metro 31 en jurisdicci\u00f3n de Amatitl\u00e1n.<\/p>\n<p><img loading=\"lazy\" decoding=\"async\" src=\"https:\/\/lobosnews.com.ar\/wp-content\/uploads\/2026\/08\/guatemala-un-choque-multiple-en-amatitlan-deja-varios-heridos-y-obliga-a-cerrar-los-carriles-hacia-el-sur-del-pais-en-la-ruta-al-pacifico.jpg\" alt=\"Integrantes de los Bomberos Voluntarios ingresan a un paciente en camilla a las instalaciones del Hospital Nacional de Amatitl\u00e1n. (Bomberos Voluntarios de Guatemala)\" height=\"899\" width=\"1599\"\/><\/p>\n<h2>El choque involucr\u00f3 un tr\u00e1iler, autom\u00f3viles y varias motocicletas<\/h2>\n<p>De acuerdo con los reportes iniciales, en el accidente estuvieron involucrados un tr\u00e1iler, dos autom\u00f3viles tipo sed\u00e1n y varias motocicletas. Tambi\u00e9n se difundieron im\u00e1genes y videos desde la zona en los que se observaba un veh\u00edculo de transporte pesado, una motocicleta y un autom\u00f3vil particular entre los restos del percance.<\/p>\n<p>La emergencia fue descrita en distintos reportes preliminares como una colisi\u00f3n de grandes proporciones. Brigadas de <b>Provial<\/b> y cuerpos de socorro acudieron al tramo para atender a los afectados y gestionar la obstrucci\u00f3n vial en la carretera CA-9 Sur.<\/p>\n<p>Uno de los puntos que segu\u00eda sin resoluci\u00f3n oficial era la cifra de v\u00edctimas mortales. En reportes difundidos durante las primeras horas se habl\u00f3 de cinco fallecidos de manera preliminar, mientras en otros avisos se mencion\u00f3 una persona fallecida, pero las autoridades y los cuerpos de socorro no hab\u00edan confirmado a\u00fan ni la identidad de las v\u00edctimas ni el n\u00famero definitivo.<\/p>\n<p>Ese contraste marc\u00f3 el desarrollo inicial de la cobertura: mientras se consolidaban los datos m\u00e9dicos sobre los heridos, la informaci\u00f3n sobre los fallecimientos segu\u00eda en verificaci\u00f3n. Por eso, el dato confirmado hasta ese momento era el traslado de los lesionados con heridas graves al centro asistencial de <b>Amatitl\u00e1n<\/b>.<\/p>\n<p><img loading=\"lazy\" decoding=\"async\" src=\"https:\/\/lobosnews.com.ar\/wp-content\/uploads\/2026\/08\/guatemala-un-choque-multiple-en-amatitlan-deja-varios-heridos-y-obliga-a-cerrar-los-carriles-hacia-el-sur-del-pais-en-la-ruta-al-pacifico-1.jpg\" alt=\"Bomberos voluntarios prestan primeros auxilios y trasladan en camilla a una persona herida en la v\u00eda p\u00fablica. (Imagen Ilustrativa Infobae)\" height=\"1024\" width=\"1536\"\/><\/p>\n<h2>Las causas del percance siguen bajo investigaci\u00f3n<\/h2>\n<p>La Polic\u00eda Nacional Civil mantiene abierta la investigaci\u00f3n para establecer qu\u00e9 origin\u00f3 el choque. Hasta ahora no se hab\u00eda informado de manera oficial si hubo exceso de velocidad, falla mec\u00e1nica, invasi\u00f3n de carril o cualquier otro factor desencadenante.<\/p>\n<p>El accidente ocurri\u00f3 en un tramo de alta circulaci\u00f3n hacia el Pac\u00edfico y produjo un impacto inmediato sobre la movilidad regional. Los reportes desde el lugar insist\u00edan en que el congestionamiento vehicular se hab\u00eda complicado por la presencia de unidades de emergencia, restos de veh\u00edculos y el cierre de la v\u00eda.<\/p>\n<p><img loading=\"lazy\" decoding=\"async\" src=\"https:\/\/lobosnews.com.ar\/wp-content\/uploads\/2026\/08\/guatemala-un-choque-multiple-en-amatitlan-deja-varios-heridos-y-obliga-a-cerrar-los-carriles-hacia-el-sur-del-pais-en-la-ruta-al-pacifico-2.jpg\" alt=\"Una motocicleta destruida y diversos fragmentos de veh\u00edculos yacen a un costado de la carretera tras un choque vial. (Redes Sociales)\" height=\"1600\" width=\"1200\"\/><\/p>\n<p>La recomendaci\u00f3n para los conductores fue extremar precauciones y considerar demoras mientras avanzaban las labores de auxilio y remoci\u00f3n. La afectaci\u00f3n se concentr\u00f3 entre los kil\u00f3metros 31 y <b>32.5<\/b> de la CA-9 Sur, en jurisdicci\u00f3n de <b>Guatemala<\/b> y con impacto directo en la ruta hacia Pal\u00edn. <\/p>\n","protected":false},"excerpt":{"rendered":"<p>Un accidente m\u00faltiple en Amatitl\u00e1n oblig\u00f3 este s\u00e1bado al cierre total de los carriles hacia el sur en la ruta al Pac\u00edfico, a la altura del kil\u00f3metro 31, donde un tr\u00e1iler, dos veh\u00edculos y varias motocicletas chocaron y dejaron al menos cuatro heridos trasladados al hospital, mientras reportes preliminares difundidos en el lugar tambi\u00e9n hablaban&#8230;<\/p>\n","protected":false},"author":1,"featured_media":95628,"comment_status":"open","ping_status":"closed","sticky":false,"template":"","format":"standard","meta":{"_jetpack_newsletter_access":"","_jetpack_dont_email_post_to_subs":false,"_jetpack_newsletter_tier_id":0,"_jetpack_memberships_contains_paywalled_content":false,"_jetpack_memberships_contains_paid_content":false,"footnotes":"","jetpack_post_was_ever_published":false},"categories":[31],"tags":[],"class_list":["post-95623","post","type-post","status-publish","format-standard","has-post-thumbnail","hentry","category-actualidad"],"magazineBlocksPostFeaturedMedia":{"thumbnail":"https:\/\/lobosnews.com.ar\/wp-content\/uploads\/2026\/08\/guatemala-un-choque-multiple-en-amatitlan-deja-varios-heridos-y-obliga-a-cerrar-los-carriles-hacia-el-sur-del-pais-en-la-ruta-al-pacifico-4-150x150.jpg","medium":"https:\/\/lobosnews.com.ar\/wp-content\/uploads\/2026\/08\/guatemala-un-choque-multiple-en-amatitlan-deja-varios-heridos-y-obliga-a-cerrar-los-carriles-hacia-el-sur-del-pais-en-la-ruta-al-pacifico-4-225x300.jpg","medium_large":"https:\/\/lobosnews.com.ar\/wp-content\/uploads\/2026\/08\/guatemala-un-choque-multiple-en-amatitlan-deja-varios-heridos-y-obliga-a-cerrar-los-carriles-hacia-el-sur-del-pais-en-la-ruta-al-pacifico-4-768x1024.jpg","large":"https:\/\/lobosnews.com.ar\/wp-content\/uploads\/2026\/08\/guatemala-un-choque-multiple-en-amatitlan-deja-varios-heridos-y-obliga-a-cerrar-los-carriles-hacia-el-sur-del-pais-en-la-ruta-al-pacifico-4-768x1024.jpg","1536x1536":"https:\/\/lobosnews.com.ar\/wp-content\/uploads\/2026\/08\/guatemala-un-choque-multiple-en-amatitlan-deja-varios-heridos-y-obliga-a-cerrar-los-carriles-hacia-el-sur-del-pais-en-la-ruta-al-pacifico-4-1152x1536.jpg","2048x2048":"https:\/\/lobosnews.com.ar\/wp-content\/uploads\/2026\/08\/guatemala-un-choque-multiple-en-amatitlan-deja-varios-heridos-y-obliga-a-cerrar-los-carriles-hacia-el-sur-del-pais-en-la-ruta-al-pacifico-4.jpg","newsmatic-featured":"https:\/\/lobosnews.com.ar\/wp-content\/uploads\/2026\/08\/guatemala-un-choque-multiple-en-amatitlan-deja-varios-heridos-y-obliga-a-cerrar-los-carriles-hacia-el-sur-del-pais-en-la-ruta-al-pacifico-4-820x545.jpg","newsmatic-list":"https:\/\/lobosnews.com.ar\/wp-content\/uploads\/2026\/08\/guatemala-un-choque-multiple-en-amatitlan-deja-varios-heridos-y-obliga-a-cerrar-los-carriles-hacia-el-sur-del-pais-en-la-ruta-al-pacifico-4-600x400.jpg","newsmatic-thumb":"https:\/\/lobosnews.com.ar\/wp-content\/uploads\/2026\/08\/guatemala-un-choque-multiple-en-amatitlan-deja-varios-heridos-y-obliga-a-cerrar-los-carriles-hacia-el-sur-del-pais-en-la-ruta-al-pacifico-4-300x200.jpg","newsmatic-small":"https:\/\/lobosnews.com.ar\/wp-content\/uploads\/2026\/08\/guatemala-un-choque-multiple-en-amatitlan-deja-varios-heridos-y-obliga-a-cerrar-los-carriles-hacia-el-sur-del-pais-en-la-ruta-al-pacifico-4-150x95.jpg","newsmatic-grid":"https:\/\/lobosnews.com.ar\/wp-content\/uploads\/2026\/08\/guatemala-un-choque-multiple-en-amatitlan-deja-varios-heridos-y-obliga-a-cerrar-los-carriles-hacia-el-sur-del-pais-en-la-ruta-al-pacifico-4-400x250.jpg"},"magazineBlocksPostAuthor":{"name":"admin","avatar":"https:\/\/secure.gravatar.com\/avatar\/76e419471a2083bc3ceab22a763dbbf9b0c1bd15a6214cf3280e2c2dde4580f9?s=96&d=mm&r=g"},"magazineBlocksPostCommentsNumber":"0","magazineBlocksPostExcerpt":"Un accidente m\u00faltiple en Amatitl\u00e1n oblig\u00f3 este s\u00e1bado al cierre total de los carriles hacia el sur en la ruta al Pac\u00edfico, a la altura del kil\u00f3metro 31, donde un tr\u00e1iler, dos veh\u00edculos y varias motocicletas chocaron y dejaron al menos cuatro heridos trasladados al hospital, mientras reportes preliminares difundidos en el lugar tambi\u00e9n hablaban...","magazineBlocksPostCategories":["Actualidad"],"magazineBlocksPostViewCount":74,"magazineBlocksPostReadTime":3,"magazine_blocks_featured_image_url":{"full":["https:\/\/lobosnews.com.ar\/wp-content\/uploads\/2026\/08\/guatemala-un-choque-multiple-en-amatitlan-deja-varios-heridos-y-obliga-a-cerrar-los-carriles-hacia-el-sur-del-pais-en-la-ruta-al-pacifico-4.jpg",1200,1600,false],"medium":["https:\/\/lobosnews.com.ar\/wp-content\/uploads\/2026\/08\/guatemala-un-choque-multiple-en-amatitlan-deja-varios-heridos-y-obliga-a-cerrar-los-carriles-hacia-el-sur-del-pais-en-la-ruta-al-pacifico-4-225x300.jpg",225,300,true],"thumbnail":["https:\/\/lobosnews.com.ar\/wp-content\/uploads\/2026\/08\/guatemala-un-choque-multiple-en-amatitlan-deja-varios-heridos-y-obliga-a-cerrar-los-carriles-hacia-el-sur-del-pais-en-la-ruta-al-pacifico-4-150x150.jpg",150,150,true]},"magazine_blocks_author":{"display_name":"admin","author_link":"https:\/\/lobosnews.com.ar\/index.php\/author\/lobos-news\/"},"magazine_blocks_comment":0,"magazine_blocks_author_image":"https:\/\/secure.gravatar.com\/avatar\/76e419471a2083bc3ceab22a763dbbf9b0c1bd15a6214cf3280e2c2dde4580f9?s=96&d=mm&r=g","magazine_blocks_category":"<a href=\"#\" class=\"category-link category-link-31\">Actualidad<\/a>","yoast_head":"<!-- This site is optimized with the Yoast SEO plugin v28.0 - https:\/\/yoast.com\/product\/yoast-seo-wordpress\/ -->\n<title>Guatemala: Un choque m\u00faltiple en Amatitl\u00e1n deja varios heridos y obliga a cerrar los carriles hacia el sur del pa\u00eds en la ruta al Pac\u00edfico - Lobos News<\/title>\n<meta name=\"robots\" content=\"index, follow, max-snippet:-1, max-image-preview:large, max-video-preview:-1\" \/>\n<link rel=\"canonical\" href=\"https:\/\/lobosnews.com.ar\/index.php\/2026\/08\/30\/guatemala-un-choque-multiple-en-amatitlan-deja-varios-heridos-y-obliga-a-cerrar-los-carriles-hacia-el-sur-del-pais-en-la-ruta-al-pacifico\/\" \/>\n<meta property=\"og:locale\" content=\"es_ES\" \/>\n<meta property=\"og:type\" content=\"article\" \/>\n<meta property=\"og:title\" content=\"Guatemala: Un choque m\u00faltiple en Amatitl\u00e1n deja varios heridos y obliga a cerrar los carriles hacia el sur del pa\u00eds en la ruta al Pac\u00edfico - Lobos News\" \/>\n<meta property=\"og:description\" content=\"Un accidente m\u00faltiple en Amatitl\u00e1n oblig\u00f3 este s\u00e1bado al cierre total de los carriles hacia el sur en la ruta al Pac\u00edfico, a la altura del kil\u00f3metro 31, donde un tr\u00e1iler, dos veh\u00edculos y varias motocicletas chocaron y dejaron al menos cuatro heridos trasladados al hospital, mientras reportes preliminares difundidos en el lugar tambi\u00e9n hablaban...\" \/>\n<meta property=\"og:url\" content=\"https:\/\/lobosnews.com.ar\/index.php\/2026\/08\/30\/guatemala-un-choque-multiple-en-amatitlan-deja-varios-heridos-y-obliga-a-cerrar-los-carriles-hacia-el-sur-del-pais-en-la-ruta-al-pacifico\/\" \/>\n<meta property=\"og:site_name\" content=\"Lobos News\" \/>\n<meta property=\"article:published_time\" content=\"2026-08-30T12:11:02+00:00\" \/>\n<meta property=\"article:modified_time\" content=\"2026-08-30T14:11:04+00:00\" \/>\n<meta property=\"og:image\" content=\"https:\/\/lobosnews.com.ar\/wp-content\/uploads\/2026\/08\/guatemala-un-choque-multiple-en-amatitlan-deja-varios-heridos-y-obliga-a-cerrar-los-carriles-hacia-el-sur-del-pais-en-la-ruta-al-pacifico-4.jpg\" \/>\n\t<meta property=\"og:image:width\" content=\"1200\" \/>\n\t<meta property=\"og:image:height\" content=\"1600\" \/>\n\t<meta property=\"og:image:type\" content=\"image\/jpeg\" \/>\n<meta name=\"author\" content=\"admin\" \/>\n<meta name=\"twitter:card\" content=\"summary_large_image\" \/>\n<meta name=\"twitter:label1\" content=\"Escrito por\" \/>\n\t<meta name=\"twitter:data1\" content=\"admin\" \/>\n\t<meta name=\"twitter:label2\" content=\"Tiempo de lectura\" \/>\n\t<meta name=\"twitter:data2\" content=\"3 minutos\" \/>\n<script type=\"application\/ld+json\" class=\"yoast-schema-graph\">{\"@context\":\"https:\\\/\\\/schema.org\",\"@graph\":[{\"@type\":\"Article\",\"@id\":\"https:\\\/\\\/lobosnews.com.ar\\\/index.php\\\/2026\\\/08\\\/30\\\/guatemala-un-choque-multiple-en-amatitlan-deja-varios-heridos-y-obliga-a-cerrar-los-carriles-hacia-el-sur-del-pais-en-la-ruta-al-pacifico\\\/#article\",\"isPartOf\":{\"@id\":\"https:\\\/\\\/lobosnews.com.ar\\\/index.php\\\/2026\\\/08\\\/30\\\/guatemala-un-choque-multiple-en-amatitlan-deja-varios-heridos-y-obliga-a-cerrar-los-carriles-hacia-el-sur-del-pais-en-la-ruta-al-pacifico\\\/\"},\"author\":{\"name\":\"admin\",\"@id\":\"https:\\\/\\\/lobosnews.com.ar\\\/#\\\/schema\\\/person\\\/232422a593d5c541dd9aef6aaed10943\"},\"headline\":\"Guatemala: Un choque m\u00faltiple en Amatitl\u00e1n deja varios heridos y obliga a cerrar los carriles hacia el sur del pa\u00eds en la ruta al Pac\u00edfico\",\"datePublished\":\"2026-08-30T12:11:02+00:00\",\"dateModified\":\"2026-08-30T14:11:04+00:00\",\"mainEntityOfPage\":{\"@id\":\"https:\\\/\\\/lobosnews.com.ar\\\/index.php\\\/2026\\\/08\\\/30\\\/guatemala-un-choque-multiple-en-amatitlan-deja-varios-heridos-y-obliga-a-cerrar-los-carriles-hacia-el-sur-del-pais-en-la-ruta-al-pacifico\\\/\"},\"wordCount\":622,\"commentCount\":0,\"publisher\":{\"@id\":\"https:\\\/\\\/lobosnews.com.ar\\\/#organization\"},\"image\":{\"@id\":\"https:\\\/\\\/lobosnews.com.ar\\\/index.php\\\/2026\\\/08\\\/30\\\/guatemala-un-choque-multiple-en-amatitlan-deja-varios-heridos-y-obliga-a-cerrar-los-carriles-hacia-el-sur-del-pais-en-la-ruta-al-pacifico\\\/#primaryimage\"},\"thumbnailUrl\":\"https:\\\/\\\/lobosnews.com.ar\\\/wp-content\\\/uploads\\\/2026\\\/08\\\/guatemala-un-choque-multiple-en-amatitlan-deja-varios-heridos-y-obliga-a-cerrar-los-carriles-hacia-el-sur-del-pais-en-la-ruta-al-pacifico-4.jpg\",\"articleSection\":[\"Actualidad\"],\"inLanguage\":\"es\",\"potentialAction\":[{\"@type\":\"CommentAction\",\"name\":\"Comment\",\"target\":[\"https:\\\/\\\/lobosnews.com.ar\\\/index.php\\\/2026\\\/08\\\/30\\\/guatemala-un-choque-multiple-en-amatitlan-deja-varios-heridos-y-obliga-a-cerrar-los-carriles-hacia-el-sur-del-pais-en-la-ruta-al-pacifico\\\/#respond\"]}]},{\"@type\":\"WebPage\",\"@id\":\"https:\\\/\\\/lobosnews.com.ar\\\/index.php\\\/2026\\\/08\\\/30\\\/guatemala-un-choque-multiple-en-amatitlan-deja-varios-heridos-y-obliga-a-cerrar-los-carriles-hacia-el-sur-del-pais-en-la-ruta-al-pacifico\\\/\",\"url\":\"https:\\\/\\\/lobosnews.com.ar\\\/index.php\\\/2026\\\/08\\\/30\\\/guatemala-un-choque-multiple-en-amatitlan-deja-varios-heridos-y-obliga-a-cerrar-los-carriles-hacia-el-sur-del-pais-en-la-ruta-al-pacifico\\\/\",\"name\":\"Guatemala: Un choque m\u00faltiple en Amatitl\u00e1n deja varios heridos y obliga a cerrar los carriles hacia el sur del pa\u00eds en la ruta al Pac\u00edfico - Lobos News\",\"isPartOf\":{\"@id\":\"https:\\\/\\\/lobosnews.com.ar\\\/#website\"},\"primaryImageOfPage\":{\"@id\":\"https:\\\/\\\/lobosnews.com.ar\\\/index.php\\\/2026\\\/08\\\/30\\\/guatemala-un-choque-multiple-en-amatitlan-deja-varios-heridos-y-obliga-a-cerrar-los-carriles-hacia-el-sur-del-pais-en-la-ruta-al-pacifico\\\/#primaryimage\"},\"image\":{\"@id\":\"https:\\\/\\\/lobosnews.com.ar\\\/index.php\\\/2026\\\/08\\\/30\\\/guatemala-un-choque-multiple-en-amatitlan-deja-varios-heridos-y-obliga-a-cerrar-los-carriles-hacia-el-sur-del-pais-en-la-ruta-al-pacifico\\\/#primaryimage\"},\"thumbnailUrl\":\"https:\\\/\\\/lobosnews.com.ar\\\/wp-content\\\/uploads\\\/2026\\\/08\\\/guatemala-un-choque-multiple-en-amatitlan-deja-varios-heridos-y-obliga-a-cerrar-los-carriles-hacia-el-sur-del-pais-en-la-ruta-al-pacifico-4.jpg\",\"datePublished\":\"2026-08-30T12:11:02+00:00\",\"dateModified\":\"2026-08-30T14:11:04+00:00\",\"breadcrumb\":{\"@id\":\"https:\\\/\\\/lobosnews.com.ar\\\/index.php\\\/2026\\\/08\\\/30\\\/guatemala-un-choque-multiple-en-amatitlan-deja-varios-heridos-y-obliga-a-cerrar-los-carriles-hacia-el-sur-del-pais-en-la-ruta-al-pacifico\\\/#breadcrumb\"},\"inLanguage\":\"es\",\"potentialAction\":[{\"@type\":\"ReadAction\",\"target\":[\"https:\\\/\\\/lobosnews.com.ar\\\/index.php\\\/2026\\\/08\\\/30\\\/guatemala-un-choque-multiple-en-amatitlan-deja-varios-heridos-y-obliga-a-cerrar-los-carriles-hacia-el-sur-del-pais-en-la-ruta-al-pacifico\\\/\"]}]},{\"@type\":\"ImageObject\",\"inLanguage\":\"es\",\"@id\":\"https:\\\/\\\/lobosnews.com.ar\\\/index.php\\\/2026\\\/08\\\/30\\\/guatemala-un-choque-multiple-en-amatitlan-deja-varios-heridos-y-obliga-a-cerrar-los-carriles-hacia-el-sur-del-pais-en-la-ruta-al-pacifico\\\/#primaryimage\",\"url\":\"https:\\\/\\\/lobosnews.com.ar\\\/wp-content\\\/uploads\\\/2026\\\/08\\\/guatemala-un-choque-multiple-en-amatitlan-deja-varios-heridos-y-obliga-a-cerrar-los-carriles-hacia-el-sur-del-pais-en-la-ruta-al-pacifico-4.jpg\",\"contentUrl\":\"https:\\\/\\\/lobosnews.com.ar\\\/wp-content\\\/uploads\\\/2026\\\/08\\\/guatemala-un-choque-multiple-en-amatitlan-deja-varios-heridos-y-obliga-a-cerrar-los-carriles-hacia-el-sur-del-pais-en-la-ruta-al-pacifico-4.jpg\",\"width\":1200,\"height\":1600,\"caption\":\"Guatemala: Un choque m\u00faltiple en Amatitl\u00e1n deja varios heridos y obliga a cerrar los carriles hacia el sur del pa\u00eds en la ruta al Pac\u00edfico\"},{\"@type\":\"BreadcrumbList\",\"@id\":\"https:\\\/\\\/lobosnews.com.ar\\\/index.php\\\/2026\\\/08\\\/30\\\/guatemala-un-choque-multiple-en-amatitlan-deja-varios-heridos-y-obliga-a-cerrar-los-carriles-hacia-el-sur-del-pais-en-la-ruta-al-pacifico\\\/#breadcrumb\",\"itemListElement\":[{\"@type\":\"ListItem\",\"position\":1,\"name\":\"Portada\",\"item\":\"https:\\\/\\\/lobosnews.com.ar\\\/\"},{\"@type\":\"ListItem\",\"position\":2,\"name\":\"Guatemala: Un choque m\u00faltiple en Amatitl\u00e1n deja varios heridos y obliga a cerrar los carriles hacia el sur del pa\u00eds en la ruta al Pac\u00edfico\"}]},{\"@type\":\"WebSite\",\"@id\":\"https:\\\/\\\/lobosnews.com.ar\\\/#website\",\"url\":\"https:\\\/\\\/lobosnews.com.ar\\\/\",\"name\":\"Lobos News\",\"description\":\"Informaci\u00f3n a cada instante\",\"publisher\":{\"@id\":\"https:\\\/\\\/lobosnews.com.ar\\\/#organization\"},\"potentialAction\":[{\"@type\":\"SearchAction\",\"target\":{\"@type\":\"EntryPoint\",\"urlTemplate\":\"https:\\\/\\\/lobosnews.com.ar\\\/?s={search_term_string}\"},\"query-input\":{\"@type\":\"PropertyValueSpecification\",\"valueRequired\":true,\"valueName\":\"search_term_string\"}}],\"inLanguage\":\"es\"},{\"@type\":\"Organization\",\"@id\":\"https:\\\/\\\/lobosnews.com.ar\\\/#organization\",\"name\":\"Lobos News\",\"url\":\"https:\\\/\\\/lobosnews.com.ar\\\/\",\"logo\":{\"@type\":\"ImageObject\",\"inLanguage\":\"es\",\"@id\":\"https:\\\/\\\/lobosnews.com.ar\\\/#\\\/schema\\\/logo\\\/image\\\/\",\"url\":\"https:\\\/\\\/lobosnews.com.ar\\\/wp-content\\\/uploads\\\/2026\\\/01\\\/logo-lobosnews.png\",\"contentUrl\":\"https:\\\/\\\/lobosnews.com.ar\\\/wp-content\\\/uploads\\\/2026\\\/01\\\/logo-lobosnews.png\",\"width\":500,\"height\":200,\"caption\":\"Lobos News\"},\"image\":{\"@id\":\"https:\\\/\\\/lobosnews.com.ar\\\/#\\\/schema\\\/logo\\\/image\\\/\"}},{\"@type\":\"Person\",\"@id\":\"https:\\\/\\\/lobosnews.com.ar\\\/#\\\/schema\\\/person\\\/232422a593d5c541dd9aef6aaed10943\",\"name\":\"admin\",\"image\":{\"@type\":\"ImageObject\",\"inLanguage\":\"es\",\"@id\":\"https:\\\/\\\/secure.gravatar.com\\\/avatar\\\/76e419471a2083bc3ceab22a763dbbf9b0c1bd15a6214cf3280e2c2dde4580f9?s=96&d=mm&r=g\",\"url\":\"https:\\\/\\\/secure.gravatar.com\\\/avatar\\\/76e419471a2083bc3ceab22a763dbbf9b0c1bd15a6214cf3280e2c2dde4580f9?s=96&d=mm&r=g\",\"contentUrl\":\"https:\\\/\\\/secure.gravatar.com\\\/avatar\\\/76e419471a2083bc3ceab22a763dbbf9b0c1bd15a6214cf3280e2c2dde4580f9?s=96&d=mm&r=g\",\"caption\":\"admin\"},\"sameAs\":[\"https:\\\/\\\/lobosnews.com.ar\"],\"url\":\"https:\\\/\\\/lobosnews.com.ar\\\/index.php\\\/author\\\/lobos-news\\\/\"}]}<\/script>\n<!-- \/ Yoast SEO plugin. -->","yoast_head_json":{"title":"Guatemala: Un choque m\u00faltiple en Amatitl\u00e1n deja varios heridos y obliga a cerrar los carriles hacia el sur del pa\u00eds en la ruta al Pac\u00edfico - Lobos News","robots":{"index":"index","follow":"follow","max-snippet":"max-snippet:-1","max-image-preview":"max-image-preview:large","max-video-preview":"max-video-preview:-1"},"canonical":"https:\/\/lobosnews.com.ar\/index.php\/2026\/08\/30\/guatemala-un-choque-multiple-en-amatitlan-deja-varios-heridos-y-obliga-a-cerrar-los-carriles-hacia-el-sur-del-pais-en-la-ruta-al-pacifico\/","og_locale":"es_ES","og_type":"article","og_title":"Guatemala: Un choque m\u00faltiple en Amatitl\u00e1n deja varios heridos y obliga a cerrar los carriles hacia el sur del pa\u00eds en la ruta al Pac\u00edfico - Lobos News","og_description":"Un accidente m\u00faltiple en Amatitl\u00e1n oblig\u00f3 este s\u00e1bado al cierre total de los carriles hacia el sur en la ruta al Pac\u00edfico, a la altura del kil\u00f3metro 31, donde un tr\u00e1iler, dos veh\u00edculos y varias motocicletas chocaron y dejaron al menos cuatro heridos trasladados al hospital, mientras reportes preliminares difundidos en el lugar tambi\u00e9n hablaban...","og_url":"https:\/\/lobosnews.com.ar\/index.php\/2026\/08\/30\/guatemala-un-choque-multiple-en-amatitlan-deja-varios-heridos-y-obliga-a-cerrar-los-carriles-hacia-el-sur-del-pais-en-la-ruta-al-pacifico\/","og_site_name":"Lobos News","article_published_time":"2026-08-30T12:11:02+00:00","article_modified_time":"2026-08-30T14:11:04+00:00","og_image":[{"width":1200,"height":1600,"url":"https:\/\/lobosnews.com.ar\/wp-content\/uploads\/2026\/08\/guatemala-un-choque-multiple-en-amatitlan-deja-varios-heridos-y-obliga-a-cerrar-los-carriles-hacia-el-sur-del-pais-en-la-ruta-al-pacifico-4.jpg","type":"image\/jpeg"}],"author":"admin","twitter_card":"summary_large_image","twitter_misc":{"Escrito por":"admin","Tiempo de lectura":"3 minutos"},"schema":{"@context":"https:\/\/schema.org","@graph":[{"@type":"Article","@id":"https:\/\/lobosnews.com.ar\/index.php\/2026\/08\/30\/guatemala-un-choque-multiple-en-amatitlan-deja-varios-heridos-y-obliga-a-cerrar-los-carriles-hacia-el-sur-del-pais-en-la-ruta-al-pacifico\/#article","isPartOf":{"@id":"https:\/\/lobosnews.com.ar\/index.php\/2026\/08\/30\/guatemala-un-choque-multiple-en-amatitlan-deja-varios-heridos-y-obliga-a-cerrar-los-carriles-hacia-el-sur-del-pais-en-la-ruta-al-pacifico\/"},"author":{"name":"admin","@id":"https:\/\/lobosnews.com.ar\/#\/schema\/person\/232422a593d5c541dd9aef6aaed10943"},"headline":"Guatemala: Un choque m\u00faltiple en Amatitl\u00e1n deja varios heridos y obliga a cerrar los carriles hacia el sur del pa\u00eds en la ruta al Pac\u00edfico","datePublished":"2026-08-30T12:11:02+00:00","dateModified":"2026-08-30T14:11:04+00:00","mainEntityOfPage":{"@id":"https:\/\/lobosnews.com.ar\/index.php\/2026\/08\/30\/guatemala-un-choque-multiple-en-amatitlan-deja-varios-heridos-y-obliga-a-cerrar-los-carriles-hacia-el-sur-del-pais-en-la-ruta-al-pacifico\/"},"wordCount":622,"commentCount":0,"publisher":{"@id":"https:\/\/lobosnews.com.ar\/#organization"},"image":{"@id":"https:\/\/lobosnews.com.ar\/index.php\/2026\/08\/30\/guatemala-un-choque-multiple-en-amatitlan-deja-varios-heridos-y-obliga-a-cerrar-los-carriles-hacia-el-sur-del-pais-en-la-ruta-al-pacifico\/#primaryimage"},"thumbnailUrl":"https:\/\/lobosnews.com.ar\/wp-content\/uploads\/2026\/08\/guatemala-un-choque-multiple-en-amatitlan-deja-varios-heridos-y-obliga-a-cerrar-los-carriles-hacia-el-sur-del-pais-en-la-ruta-al-pacifico-4.jpg","articleSection":["Actualidad"],"inLanguage":"es","potentialAction":[{"@type":"CommentAction","name":"Comment","target":["https:\/\/lobosnews.com.ar\/index.php\/2026\/08\/30\/guatemala-un-choque-multiple-en-amatitlan-deja-varios-heridos-y-obliga-a-cerrar-los-carriles-hacia-el-sur-del-pais-en-la-ruta-al-pacifico\/#respond"]}]},{"@type":"WebPage","@id":"https:\/\/lobosnews.com.ar\/index.php\/2026\/08\/30\/guatemala-un-choque-multiple-en-amatitlan-deja-varios-heridos-y-obliga-a-cerrar-los-carriles-hacia-el-sur-del-pais-en-la-ruta-al-pacifico\/","url":"https:\/\/lobosnews.com.ar\/index.php\/2026\/08\/30\/guatemala-un-choque-multiple-en-amatitlan-deja-varios-heridos-y-obliga-a-cerrar-los-carriles-hacia-el-sur-del-pais-en-la-ruta-al-pacifico\/","name":"Guatemala: Un choque m\u00faltiple en Amatitl\u00e1n deja varios heridos y obliga a cerrar los carriles hacia el sur del pa\u00eds en la ruta al Pac\u00edfico - Lobos News","isPartOf":{"@id":"https:\/\/lobosnews.com.ar\/#website"},"primaryImageOfPage":{"@id":"https:\/\/lobosnews.com.ar\/index.php\/2026\/08\/30\/guatemala-un-choque-multiple-en-amatitlan-deja-varios-heridos-y-obliga-a-cerrar-los-carriles-hacia-el-sur-del-pais-en-la-ruta-al-pacifico\/#primaryimage"},"image":{"@id":"https:\/\/lobosnews.com.ar\/index.php\/2026\/08\/30\/guatemala-un-choque-multiple-en-amatitlan-deja-varios-heridos-y-obliga-a-cerrar-los-carriles-hacia-el-sur-del-pais-en-la-ruta-al-pacifico\/#primaryimage"},"thumbnailUrl":"https:\/\/lobosnews.com.ar\/wp-content\/uploads\/2026\/08\/guatemala-un-choque-multiple-en-amatitlan-deja-varios-heridos-y-obliga-a-cerrar-los-carriles-hacia-el-sur-del-pais-en-la-ruta-al-pacifico-4.jpg","datePublished":"2026-08-30T12:11:02+00:00","dateModified":"2026-08-30T14:11:04+00:00","breadcrumb":{"@id":"https:\/\/lobosnews.com.ar\/index.php\/2026\/08\/30\/guatemala-un-choque-multiple-en-amatitlan-deja-varios-heridos-y-obliga-a-cerrar-los-carriles-hacia-el-sur-del-pais-en-la-ruta-al-pacifico\/#breadcrumb"},"inLanguage":"es","potentialAction":[{"@type":"ReadAction","target":["https:\/\/lobosnews.com.ar\/index.php\/2026\/08\/30\/guatemala-un-choque-multiple-en-amatitlan-deja-varios-heridos-y-obliga-a-cerrar-los-carriles-hacia-el-sur-del-pais-en-la-ruta-al-pacifico\/"]}]},{"@type":"ImageObject","inLanguage":"es","@id":"https:\/\/lobosnews.com.ar\/index.php\/2026\/08\/30\/guatemala-un-choque-multiple-en-amatitlan-deja-varios-heridos-y-obliga-a-cerrar-los-carriles-hacia-el-sur-del-pais-en-la-ruta-al-pacifico\/#primaryimage","url":"https:\/\/lobosnews.com.ar\/wp-content\/uploads\/2026\/08\/guatemala-un-choque-multiple-en-amatitlan-deja-varios-heridos-y-obliga-a-cerrar-los-carriles-hacia-el-sur-del-pais-en-la-ruta-al-pacifico-4.jpg","contentUrl":"https:\/\/lobosnews.com.ar\/wp-content\/uploads\/2026\/08\/guatemala-un-choque-multiple-en-amatitlan-deja-varios-heridos-y-obliga-a-cerrar-los-carriles-hacia-el-sur-del-pais-en-la-ruta-al-pacifico-4.jpg","width":1200,"height":1600,"caption":"Guatemala: Un choque m\u00faltiple en Amatitl\u00e1n deja varios heridos y obliga a cerrar los carriles hacia el sur del pa\u00eds en la ruta al Pac\u00edfico"},{"@type":"BreadcrumbList","@id":"https:\/\/lobosnews.com.ar\/index.php\/2026\/08\/30\/guatemala-un-choque-multiple-en-amatitlan-deja-varios-heridos-y-obliga-a-cerrar-los-carriles-hacia-el-sur-del-pais-en-la-ruta-al-pacifico\/#breadcrumb","itemListElement":[{"@type":"ListItem","position":1,"name":"Portada","item":"https:\/\/lobosnews.com.ar\/"},{"@type":"ListItem","position":2,"name":"Guatemala: Un choque m\u00faltiple en Amatitl\u00e1n deja varios heridos y obliga a cerrar los carriles hacia el sur del pa\u00eds en la ruta al Pac\u00edfico"}]},{"@type":"WebSite","@id":"https:\/\/lobosnews.com.ar\/#website","url":"https:\/\/lobosnews.com.ar\/","name":"Lobos News","description":"Informaci\u00f3n a cada instante","publisher":{"@id":"https:\/\/lobosnews.com.ar\/#organization"},"potentialAction":[{"@type":"SearchAction","target":{"@type":"EntryPoint","urlTemplate":"https:\/\/lobosnews.com.ar\/?s={search_term_string}"},"query-input":{"@type":"PropertyValueSpecification","valueRequired":true,"valueName":"search_term_string"}}],"inLanguage":"es"},{"@type":"Organization","@id":"https:\/\/lobosnews.com.ar\/#organization","name":"Lobos News","url":"https:\/\/lobosnews.com.ar\/","logo":{"@type":"ImageObject","inLanguage":"es","@id":"https:\/\/lobosnews.com.ar\/#\/schema\/logo\/image\/","url":"https:\/\/lobosnews.com.ar\/wp-content\/uploads\/2026\/01\/logo-lobosnews.png","contentUrl":"https:\/\/lobosnews.com.ar\/wp-content\/uploads\/2026\/01\/logo-lobosnews.png","width":500,"height":200,"caption":"Lobos News"},"image":{"@id":"https:\/\/lobosnews.com.ar\/#\/schema\/logo\/image\/"}},{"@type":"Person","@id":"https:\/\/lobosnews.com.ar\/#\/schema\/person\/232422a593d5c541dd9aef6aaed10943","name":"admin","image":{"@type":"ImageObject","inLanguage":"es","@id":"https:\/\/secure.gravatar.com\/avatar\/76e419471a2083bc3ceab22a763dbbf9b0c1bd15a6214cf3280e2c2dde4580f9?s=96&d=mm&r=g","url":"https:\/\/secure.gravatar.com\/avatar\/76e419471a2083bc3ceab22a763dbbf9b0c1bd15a6214cf3280e2c2dde4580f9?s=96&d=mm&r=g","contentUrl":"https:\/\/secure.gravatar.com\/avatar\/76e419471a2083bc3ceab22a763dbbf9b0c1bd15a6214cf3280e2c2dde4580f9?s=96&d=mm&r=g","caption":"admin"},"sameAs":["https:\/\/lobosnews.com.ar"],"url":"https:\/\/lobosnews.com.ar\/index.php\/author\/lobos-news\/"}]}},"jetpack_featured_media_url":"https:\/\/lobosnews.com.ar\/wp-content\/uploads\/2026\/08\/guatemala-un-choque-multiple-en-amatitlan-deja-varios-heridos-y-obliga-a-cerrar-los-carriles-hacia-el-sur-del-pais-en-la-ruta-al-pacifico-4.jpg","jetpack_sharing_enabled":true,"_links":{"self":[{"href":"https:\/\/lobosnews.com.ar\/index.php\/wp-json\/wp\/v2\/posts\/95623","targetHints":{"allow":["GET"]}}],"collection":[{"href":"https:\/\/lobosnews.com.ar\/index.php\/wp-json\/wp\/v2\/posts"}],"about":[{"href":"https:\/\/lobosnews.com.ar\/index.php\/wp-json\/wp\/v2\/types\/post"}],"author":[{"embeddable":true,"href":"https:\/\/lobosnews.com.ar\/index.php\/wp-json\/wp\/v2\/users\/1"}],"replies":[{"embeddable":true,"href":"https:\/\/lobosnews.com.ar\/index.php\/wp-json\/wp\/v2\/comments?post=95623"}],"version-history":[{"count":1,"href":"https:\/\/lobosnews.com.ar\/index.php\/wp-json\/wp\/v2\/posts\/95623\/revisions"}],"predecessor-version":[{"id":95627,"href":"https:\/\/lobosnews.com.ar\/index.php\/wp-json\/wp\/v2\/posts\/95623\/revisions\/95627"}],"wp:featuredmedia":[{"embeddable":true,"href":"https:\/\/lobosnews.com.ar\/index.php\/wp-json\/wp\/v2\/media\/95628"}],"wp:attachment":[{"href":"https:\/\/lobosnews.com.ar\/index.php\/wp-json\/wp\/v2\/media?parent=95623"}],"wp:term":[{"taxonomy":"category","embeddable":true,"href":"https:\/\/lobosnews.com.ar\/index.php\/wp-json\/wp\/v2\/categories?post=95623"},{"taxonomy":"post_tag","embeddable":true,"href":"https:\/\/lobosnews.com.ar\/index.php\/wp-json\/wp\/v2\/tags?post=95623"}],"curies":[{"name":"wp","href":"https:\/\/api.w.org\/{rel}","templated":true}]}}