{"id":95617,"date":"2026-08-30T12:30:31","date_gmt":"2026-08-30T12:30:31","guid":{"rendered":"https:\/\/lobosnews.com.ar\/?p=95617"},"modified":"2026-08-30T14:11:01","modified_gmt":"2026-08-30T14:11:01","slug":"el-reencuentro-inesperado-una-hija-checa-y-su-padre-cubano-logran-reunirse-tras-36-anos-separados","status":"publish","type":"post","link":"https:\/\/lobosnews.com.ar\/index.php\/2026\/08\/30\/el-reencuentro-inesperado-una-hija-checa-y-su-padre-cubano-logran-reunirse-tras-36-anos-separados\/","title":{"rendered":"El reencuentro inesperado: una hija checa y su padre cubano logran reunirse tras 36 a\u00f1os separados"},"content":{"rendered":"<p><img loading=\"lazy\" decoding=\"async\" src=\"https:\/\/lobosnews.com.ar\/wp-content\/uploads\/2026\/08\/el-reencuentro-inesperado-una-hija-checa-y-su-padre-cubano-logran-reunirse-tras-36-anos-separados.jpg\" alt=\"Veronika Nov\u00e1kov\u00e1 logr\u00f3 ubicar a su padre cubano, Leonel Gonz\u00e1lez Rodr\u00edguez, despu\u00e9s de 36 a\u00f1os sin contacto directo. Veronika con sus padres, Renata y Leonel. Imagen mejorada con IA (izquierda), foto origina (derecha). (Foto cortes\u00eda)\" height=\"441\" width=\"768\"\/><\/p>\n<p>La historia de <b>una joven checa que logr\u00f3 ubicar a su padre cubano despu\u00e9s de 36 a\u00f1os sin contacto directo<\/b> ha captado la atenci\u00f3n internacional por la complejidad y las dificultades que enfrent\u00f3 la familia en su b\u00fasqueda. El caso, difundido inicialmente por el medio digital elTOQUE, expone los desaf\u00edos de las relaciones personales marcadas por la distancia, el contexto pol\u00edtico y las barreras culturales.<\/p>\n<p>El drama familiar comenz\u00f3 en la d\u00e9cada de los ochenta, cuando <b>Leonel Gonz\u00e1lez Rodr\u00edguez<\/b>, originario de <b>Camajuan\u00ed, Cuba<\/b>, viaj\u00f3 a la entonces <b>Checoslovaquia<\/b> por motivos laborales. Durante su estancia, mantuvo una relaci\u00f3n con <b>Renata<\/b>, una ciudadana checa, con quien tuvo una hija: <b>Veronika Nov\u00e1kov\u00e1<\/b>. La relaci\u00f3n de la pareja enfrent\u00f3 obst\u00e1culos desde el inicio, en particular el rechazo del padre de <b>Renata<\/b> y los prejuicios raciales de la \u00e9poca. <\/p>\n<p>El propio <b>Leonel<\/b> relat\u00f3 a elTOQUE que fue testigo de agresiones verbales y f\u00edsicas hacia otros cubanos en ese pa\u00eds, lo que afect\u00f3 profundamente su experiencia y la estabilidad familiar.<\/p>\n<p>La hostilidad del entorno llev\u00f3 a que <b>Renata<\/b> fuera apartada de su casa y enviada a un internado, mientras <b>Leonel<\/b> buscaba refugio en viviendas colectivas para hombres. La pareja solo pod\u00eda verse en circunstancias precarias, y la presi\u00f3n social se sumaba a la dificultad de adaptarse a un pa\u00eds con idioma y costumbres distintas. A pesar de esas condiciones adversas, en la f\u00e1brica donde ambos trabajaban, <b>Leonel<\/b> logr\u00f3 obtener un peque\u00f1o espacio para vivir junto a su pareja y su hija, lo que les permiti\u00f3 un breve periodo de tranquilidad.<\/p>\n<p><img loading=\"lazy\" decoding=\"async\" src=\"https:\/\/lobosnews.com.ar\/wp-content\/uploads\/2026\/08\/el-reencuentro-inesperado-una-hija-checa-y-su-padre-cubano-logran-reunirse-tras-36-anos-separados-1.jpg\" alt=\"Leonel G\u00f3nzalez junto a sus hijos cubanos: Ver\u00f3nica y Miguel (Foto: cortes\u00eda de los entrevistados)\" height=\"459\" width=\"791\"\/><\/p>\n<p>El colapso del bloque socialista y los cambios pol\u00edticos en <b>Checoslovaquia<\/b> forzaron a <b>Leonel<\/b> a tomar la decisi\u00f3n de regresar a <b>Cuba<\/b>. El temor a perder sus pertenencias y la insistencia de su madre para que regresara, tras haber afrontado la guerra de Angola y el delicado estado de salud de ella, pesaron en su \u00e1nimo. Aunque su intenci\u00f3n era llevar a <b>Renata<\/b> y a <b>Veronika<\/b> a la isla, la situaci\u00f3n se torn\u00f3 insostenible y el contacto se perdi\u00f3 poco despu\u00e9s de su retorno.<\/p>\n<p>En los a\u00f1os siguientes, la familia intent\u00f3 mantener la comunicaci\u00f3n por correspondencia, pero las cartas comenzaron a ser devueltas y las v\u00edas de contacto se cerraron por completo. El aislamiento diplom\u00e1tico entre ambos pa\u00edses, sumado a la crisis econ\u00f3mica conocida como el <b>Per\u00edodo Especial<\/b> en <b>Cuba<\/b>, dificult\u00f3 a\u00fan m\u00e1s cualquier intento de reencuentro. <b>Leonel<\/b> busc\u00f3 ayuda en embajadas y dependencias oficiales, pero la falta de recursos y las limitaciones tecnol\u00f3gicas de la \u00e9poca impidieron avanzar.<\/p>\n<p>Mientras tanto, <b>Veronika Nov\u00e1kov\u00e1<\/b>, ya adulta y residente en la <b>Rep\u00fablica Checa<\/b>, inici\u00f3 una b\u00fasqueda persistente para encontrar a su padre. Durante m\u00e1s de tres d\u00e9cadas, utiliz\u00f3 todos los medios a su alcance, aunque la falta de informaci\u00f3n y los obst\u00e1culos idiom\u00e1ticos ralentizaron cada avance. La divulgaci\u00f3n de su historia por elTOQUE marc\u00f3 un punto de inflexi\u00f3n. En cuesti\u00f3n de horas, <b>Miguel<\/b>, el hijo cubano de <b>Leonel<\/b>, logr\u00f3 encontrarla en redes sociales, y el contacto se restableci\u00f3 por primera vez en 36 a\u00f1os.<\/p>\n<p><img loading=\"lazy\" decoding=\"async\" src=\"https:\/\/lobosnews.com.ar\/wp-content\/uploads\/2026\/08\/el-reencuentro-inesperado-una-hija-checa-y-su-padre-cubano-logran-reunirse-tras-36-anos-separados-2.jpg\" alt=\"Leonel, que vive en Cuba y trabaja como zapatero independiente, tramita la ciudadan\u00eda espa\u00f1ola para intentar un encuentro f\u00edsico con Veronika. (Foto cortes\u00eda)\" height=\"601\" width=\"635\"\/><\/p>\n<p>El impacto emocional fue inmediato en ambas familias. <b>Leonel<\/b> y sus hijos cubanos, <b>Miguel<\/b>, iniciaron una comunicaci\u00f3n constante con <b>Veronika<\/b>. La joven checa reconoci\u00f3 una fotograf\u00eda de su infancia enviada por su nuevo hermano, desde ese momento, intercambiaron mensajes y fotograf\u00edas. El reencuentro virtual permiti\u00f3 que <b>Veronika<\/b> descubriera la existencia de una familia cubana que nunca hab\u00eda imaginado, mientras que <b>Leonel<\/b> se conmovi\u00f3 al saber que su hija hab\u00eda pensado que \u00e9l la hab\u00eda olvidado.<\/p>\n<p>El proceso de adaptaci\u00f3n a la nueva realidad ha sido intenso para todos los involucrados. <b>Veronika<\/b> ha recibido mensajes de varios familiares cubanos, y la comunicaci\u00f3n diaria ha fortalecido los lazos que el tiempo y la distancia hab\u00edan debilitado. <b>Leonel<\/b>, quien actualmente vive en <b>Cuba<\/b> y trabaja como zapatero independiente, contin\u00faa tramitando la ciudadan\u00eda espa\u00f1ola con la esperanza de facilitar un encuentro f\u00edsico con su hija.<\/p>\n<p>El caso refleja las consecuencias de las divisiones pol\u00edticas y la migraci\u00f3n forzada en el seno de las familias. A trav\u00e9s de la tecnolog\u00eda y la colaboraci\u00f3n de terceros, los protagonistas han logrado superar obst\u00e1culos que parec\u00edan insalvables. El abrazo a\u00fan est\u00e1 pendiente, pero la historia de <b>Veronika Nov\u00e1kov\u00e1<\/b> y <b>Leonel Gonz\u00e1lez Rodr\u00edguez<\/b> ha permitido restituir una parte esencial de sus vidas al recuperar el contacto perdido durante d\u00e9cadas.<\/p>\n","protected":false},"excerpt":{"rendered":"<p>La historia de una joven checa que logr\u00f3 ubicar a su padre cubano despu\u00e9s de 36 a\u00f1os sin contacto directo ha captado la atenci\u00f3n internacional por la complejidad y las dificultades que enfrent\u00f3 la familia en su b\u00fasqueda. El caso, difundido inicialmente por el medio digital elTOQUE, expone los desaf\u00edos de las relaciones personales marcadas&#8230;<\/p>\n","protected":false},"author":1,"featured_media":95622,"comment_status":"open","ping_status":"closed","sticky":false,"template":"","format":"standard","meta":{"_jetpack_newsletter_access":"","_jetpack_dont_email_post_to_subs":false,"_jetpack_newsletter_tier_id":0,"_jetpack_memberships_contains_paywalled_content":false,"_jetpack_memberships_contains_paid_content":false,"footnotes":"","jetpack_post_was_ever_published":false},"categories":[31],"tags":[],"class_list":["post-95617","post","type-post","status-publish","format-standard","has-post-thumbnail","hentry","category-actualidad"],"magazineBlocksPostFeaturedMedia":{"thumbnail":"https:\/\/lobosnews.com.ar\/wp-content\/uploads\/2026\/08\/el-reencuentro-inesperado-una-hija-checa-y-su-padre-cubano-logran-reunirse-tras-36-anos-separados-4-150x150.jpg","medium":"https:\/\/lobosnews.com.ar\/wp-content\/uploads\/2026\/08\/el-reencuentro-inesperado-una-hija-checa-y-su-padre-cubano-logran-reunirse-tras-36-anos-separados-4-300x284.jpg","medium_large":"https:\/\/lobosnews.com.ar\/wp-content\/uploads\/2026\/08\/el-reencuentro-inesperado-una-hija-checa-y-su-padre-cubano-logran-reunirse-tras-36-anos-separados-4.jpg","large":"https:\/\/lobosnews.com.ar\/wp-content\/uploads\/2026\/08\/el-reencuentro-inesperado-una-hija-checa-y-su-padre-cubano-logran-reunirse-tras-36-anos-separados-4.jpg","1536x1536":"https:\/\/lobosnews.com.ar\/wp-content\/uploads\/2026\/08\/el-reencuentro-inesperado-una-hija-checa-y-su-padre-cubano-logran-reunirse-tras-36-anos-separados-4.jpg","2048x2048":"https:\/\/lobosnews.com.ar\/wp-content\/uploads\/2026\/08\/el-reencuentro-inesperado-una-hija-checa-y-su-padre-cubano-logran-reunirse-tras-36-anos-separados-4.jpg","newsmatic-featured":"https:\/\/lobosnews.com.ar\/wp-content\/uploads\/2026\/08\/el-reencuentro-inesperado-una-hija-checa-y-su-padre-cubano-logran-reunirse-tras-36-anos-separados-4-635x545.jpg","newsmatic-list":"https:\/\/lobosnews.com.ar\/wp-content\/uploads\/2026\/08\/el-reencuentro-inesperado-una-hija-checa-y-su-padre-cubano-logran-reunirse-tras-36-anos-separados-4-600x400.jpg","newsmatic-thumb":"https:\/\/lobosnews.com.ar\/wp-content\/uploads\/2026\/08\/el-reencuentro-inesperado-una-hija-checa-y-su-padre-cubano-logran-reunirse-tras-36-anos-separados-4-300x200.jpg","newsmatic-small":"https:\/\/lobosnews.com.ar\/wp-content\/uploads\/2026\/08\/el-reencuentro-inesperado-una-hija-checa-y-su-padre-cubano-logran-reunirse-tras-36-anos-separados-4-150x95.jpg","newsmatic-grid":"https:\/\/lobosnews.com.ar\/wp-content\/uploads\/2026\/08\/el-reencuentro-inesperado-una-hija-checa-y-su-padre-cubano-logran-reunirse-tras-36-anos-separados-4-400x250.jpg"},"magazineBlocksPostAuthor":{"name":"admin","avatar":"https:\/\/secure.gravatar.com\/avatar\/76e419471a2083bc3ceab22a763dbbf9b0c1bd15a6214cf3280e2c2dde4580f9?s=96&d=mm&r=g"},"magazineBlocksPostCommentsNumber":"0","magazineBlocksPostExcerpt":"La historia de una joven checa que logr\u00f3 ubicar a su padre cubano despu\u00e9s de 36 a\u00f1os sin contacto directo ha captado la atenci\u00f3n internacional por la complejidad y las dificultades que enfrent\u00f3 la familia en su b\u00fasqueda. El caso, difundido inicialmente por el medio digital elTOQUE, expone los desaf\u00edos de las relaciones personales marcadas...","magazineBlocksPostCategories":["Actualidad"],"magazineBlocksPostViewCount":88,"magazineBlocksPostReadTime":4,"magazine_blocks_featured_image_url":{"full":["https:\/\/lobosnews.com.ar\/wp-content\/uploads\/2026\/08\/el-reencuentro-inesperado-una-hija-checa-y-su-padre-cubano-logran-reunirse-tras-36-anos-separados-4.jpg",635,601,false],"medium":["https:\/\/lobosnews.com.ar\/wp-content\/uploads\/2026\/08\/el-reencuentro-inesperado-una-hija-checa-y-su-padre-cubano-logran-reunirse-tras-36-anos-separados-4-300x284.jpg",300,284,true],"thumbnail":["https:\/\/lobosnews.com.ar\/wp-content\/uploads\/2026\/08\/el-reencuentro-inesperado-una-hija-checa-y-su-padre-cubano-logran-reunirse-tras-36-anos-separados-4-150x150.jpg",150,150,true]},"magazine_blocks_author":{"display_name":"admin","author_link":"https:\/\/lobosnews.com.ar\/index.php\/author\/lobos-news\/"},"magazine_blocks_comment":0,"magazine_blocks_author_image":"https:\/\/secure.gravatar.com\/avatar\/76e419471a2083bc3ceab22a763dbbf9b0c1bd15a6214cf3280e2c2dde4580f9?s=96&d=mm&r=g","magazine_blocks_category":"<a href=\"#\" class=\"category-link category-link-31\">Actualidad<\/a>","yoast_head":"<!-- This site is optimized with the Yoast SEO plugin v28.0 - https:\/\/yoast.com\/product\/yoast-seo-wordpress\/ -->\n<title>El reencuentro inesperado: una hija checa y su padre cubano logran reunirse tras 36 a\u00f1os separados - Lobos News<\/title>\n<meta name=\"robots\" content=\"index, follow, max-snippet:-1, max-image-preview:large, max-video-preview:-1\" \/>\n<link rel=\"canonical\" href=\"https:\/\/lobosnews.com.ar\/index.php\/2026\/08\/30\/el-reencuentro-inesperado-una-hija-checa-y-su-padre-cubano-logran-reunirse-tras-36-anos-separados\/\" \/>\n<meta property=\"og:locale\" content=\"es_ES\" \/>\n<meta property=\"og:type\" content=\"article\" \/>\n<meta property=\"og:title\" content=\"El reencuentro inesperado: una hija checa y su padre cubano logran reunirse tras 36 a\u00f1os separados - Lobos News\" \/>\n<meta property=\"og:description\" content=\"La historia de una joven checa que logr\u00f3 ubicar a su padre cubano despu\u00e9s de 36 a\u00f1os sin contacto directo ha captado la atenci\u00f3n internacional por la complejidad y las dificultades que enfrent\u00f3 la familia en su b\u00fasqueda. El caso, difundido inicialmente por el medio digital elTOQUE, expone los desaf\u00edos de las relaciones personales marcadas...\" \/>\n<meta property=\"og:url\" content=\"https:\/\/lobosnews.com.ar\/index.php\/2026\/08\/30\/el-reencuentro-inesperado-una-hija-checa-y-su-padre-cubano-logran-reunirse-tras-36-anos-separados\/\" \/>\n<meta property=\"og:site_name\" content=\"Lobos News\" \/>\n<meta property=\"article:published_time\" content=\"2026-08-30T12:30:31+00:00\" \/>\n<meta property=\"article:modified_time\" content=\"2026-08-30T14:11:01+00:00\" \/>\n<meta property=\"og:image\" content=\"https:\/\/lobosnews.com.ar\/wp-content\/uploads\/2026\/08\/el-reencuentro-inesperado-una-hija-checa-y-su-padre-cubano-logran-reunirse-tras-36-anos-separados-4.jpg\" \/>\n\t<meta property=\"og:image:width\" content=\"635\" \/>\n\t<meta property=\"og:image:height\" content=\"601\" \/>\n\t<meta property=\"og:image:type\" content=\"image\/jpeg\" \/>\n<meta name=\"author\" content=\"admin\" \/>\n<meta name=\"twitter:card\" content=\"summary_large_image\" \/>\n<meta name=\"twitter:label1\" content=\"Escrito por\" \/>\n\t<meta name=\"twitter:data1\" content=\"admin\" \/>\n\t<meta name=\"twitter:label2\" content=\"Tiempo de lectura\" \/>\n\t<meta name=\"twitter:data2\" content=\"4 minutos\" \/>\n<script type=\"application\/ld+json\" class=\"yoast-schema-graph\">{\"@context\":\"https:\\\/\\\/schema.org\",\"@graph\":[{\"@type\":\"Article\",\"@id\":\"https:\\\/\\\/lobosnews.com.ar\\\/index.php\\\/2026\\\/08\\\/30\\\/el-reencuentro-inesperado-una-hija-checa-y-su-padre-cubano-logran-reunirse-tras-36-anos-separados\\\/#article\",\"isPartOf\":{\"@id\":\"https:\\\/\\\/lobosnews.com.ar\\\/index.php\\\/2026\\\/08\\\/30\\\/el-reencuentro-inesperado-una-hija-checa-y-su-padre-cubano-logran-reunirse-tras-36-anos-separados\\\/\"},\"author\":{\"name\":\"admin\",\"@id\":\"https:\\\/\\\/lobosnews.com.ar\\\/#\\\/schema\\\/person\\\/232422a593d5c541dd9aef6aaed10943\"},\"headline\":\"El reencuentro inesperado: una hija checa y su padre cubano logran reunirse tras 36 a\u00f1os separados\",\"datePublished\":\"2026-08-30T12:30:31+00:00\",\"dateModified\":\"2026-08-30T14:11:01+00:00\",\"mainEntityOfPage\":{\"@id\":\"https:\\\/\\\/lobosnews.com.ar\\\/index.php\\\/2026\\\/08\\\/30\\\/el-reencuentro-inesperado-una-hija-checa-y-su-padre-cubano-logran-reunirse-tras-36-anos-separados\\\/\"},\"wordCount\":792,\"commentCount\":0,\"publisher\":{\"@id\":\"https:\\\/\\\/lobosnews.com.ar\\\/#organization\"},\"image\":{\"@id\":\"https:\\\/\\\/lobosnews.com.ar\\\/index.php\\\/2026\\\/08\\\/30\\\/el-reencuentro-inesperado-una-hija-checa-y-su-padre-cubano-logran-reunirse-tras-36-anos-separados\\\/#primaryimage\"},\"thumbnailUrl\":\"https:\\\/\\\/lobosnews.com.ar\\\/wp-content\\\/uploads\\\/2026\\\/08\\\/el-reencuentro-inesperado-una-hija-checa-y-su-padre-cubano-logran-reunirse-tras-36-anos-separados-4.jpg\",\"articleSection\":[\"Actualidad\"],\"inLanguage\":\"es\",\"potentialAction\":[{\"@type\":\"CommentAction\",\"name\":\"Comment\",\"target\":[\"https:\\\/\\\/lobosnews.com.ar\\\/index.php\\\/2026\\\/08\\\/30\\\/el-reencuentro-inesperado-una-hija-checa-y-su-padre-cubano-logran-reunirse-tras-36-anos-separados\\\/#respond\"]}]},{\"@type\":\"WebPage\",\"@id\":\"https:\\\/\\\/lobosnews.com.ar\\\/index.php\\\/2026\\\/08\\\/30\\\/el-reencuentro-inesperado-una-hija-checa-y-su-padre-cubano-logran-reunirse-tras-36-anos-separados\\\/\",\"url\":\"https:\\\/\\\/lobosnews.com.ar\\\/index.php\\\/2026\\\/08\\\/30\\\/el-reencuentro-inesperado-una-hija-checa-y-su-padre-cubano-logran-reunirse-tras-36-anos-separados\\\/\",\"name\":\"El reencuentro inesperado: una hija checa y su padre cubano logran reunirse tras 36 a\u00f1os separados - Lobos News\",\"isPartOf\":{\"@id\":\"https:\\\/\\\/lobosnews.com.ar\\\/#website\"},\"primaryImageOfPage\":{\"@id\":\"https:\\\/\\\/lobosnews.com.ar\\\/index.php\\\/2026\\\/08\\\/30\\\/el-reencuentro-inesperado-una-hija-checa-y-su-padre-cubano-logran-reunirse-tras-36-anos-separados\\\/#primaryimage\"},\"image\":{\"@id\":\"https:\\\/\\\/lobosnews.com.ar\\\/index.php\\\/2026\\\/08\\\/30\\\/el-reencuentro-inesperado-una-hija-checa-y-su-padre-cubano-logran-reunirse-tras-36-anos-separados\\\/#primaryimage\"},\"thumbnailUrl\":\"https:\\\/\\\/lobosnews.com.ar\\\/wp-content\\\/uploads\\\/2026\\\/08\\\/el-reencuentro-inesperado-una-hija-checa-y-su-padre-cubano-logran-reunirse-tras-36-anos-separados-4.jpg\",\"datePublished\":\"2026-08-30T12:30:31+00:00\",\"dateModified\":\"2026-08-30T14:11:01+00:00\",\"breadcrumb\":{\"@id\":\"https:\\\/\\\/lobosnews.com.ar\\\/index.php\\\/2026\\\/08\\\/30\\\/el-reencuentro-inesperado-una-hija-checa-y-su-padre-cubano-logran-reunirse-tras-36-anos-separados\\\/#breadcrumb\"},\"inLanguage\":\"es\",\"potentialAction\":[{\"@type\":\"ReadAction\",\"target\":[\"https:\\\/\\\/lobosnews.com.ar\\\/index.php\\\/2026\\\/08\\\/30\\\/el-reencuentro-inesperado-una-hija-checa-y-su-padre-cubano-logran-reunirse-tras-36-anos-separados\\\/\"]}]},{\"@type\":\"ImageObject\",\"inLanguage\":\"es\",\"@id\":\"https:\\\/\\\/lobosnews.com.ar\\\/index.php\\\/2026\\\/08\\\/30\\\/el-reencuentro-inesperado-una-hija-checa-y-su-padre-cubano-logran-reunirse-tras-36-anos-separados\\\/#primaryimage\",\"url\":\"https:\\\/\\\/lobosnews.com.ar\\\/wp-content\\\/uploads\\\/2026\\\/08\\\/el-reencuentro-inesperado-una-hija-checa-y-su-padre-cubano-logran-reunirse-tras-36-anos-separados-4.jpg\",\"contentUrl\":\"https:\\\/\\\/lobosnews.com.ar\\\/wp-content\\\/uploads\\\/2026\\\/08\\\/el-reencuentro-inesperado-una-hija-checa-y-su-padre-cubano-logran-reunirse-tras-36-anos-separados-4.jpg\",\"width\":635,\"height\":601,\"caption\":\"El reencuentro inesperado: una hija checa y su padre cubano logran reunirse tras 36 a\u00f1os separados\"},{\"@type\":\"BreadcrumbList\",\"@id\":\"https:\\\/\\\/lobosnews.com.ar\\\/index.php\\\/2026\\\/08\\\/30\\\/el-reencuentro-inesperado-una-hija-checa-y-su-padre-cubano-logran-reunirse-tras-36-anos-separados\\\/#breadcrumb\",\"itemListElement\":[{\"@type\":\"ListItem\",\"position\":1,\"name\":\"Portada\",\"item\":\"https:\\\/\\\/lobosnews.com.ar\\\/\"},{\"@type\":\"ListItem\",\"position\":2,\"name\":\"El reencuentro inesperado: una hija checa y su padre cubano logran reunirse tras 36 a\u00f1os separados\"}]},{\"@type\":\"WebSite\",\"@id\":\"https:\\\/\\\/lobosnews.com.ar\\\/#website\",\"url\":\"https:\\\/\\\/lobosnews.com.ar\\\/\",\"name\":\"Lobos News\",\"description\":\"Informaci\u00f3n a cada instante\",\"publisher\":{\"@id\":\"https:\\\/\\\/lobosnews.com.ar\\\/#organization\"},\"potentialAction\":[{\"@type\":\"SearchAction\",\"target\":{\"@type\":\"EntryPoint\",\"urlTemplate\":\"https:\\\/\\\/lobosnews.com.ar\\\/?s={search_term_string}\"},\"query-input\":{\"@type\":\"PropertyValueSpecification\",\"valueRequired\":true,\"valueName\":\"search_term_string\"}}],\"inLanguage\":\"es\"},{\"@type\":\"Organization\",\"@id\":\"https:\\\/\\\/lobosnews.com.ar\\\/#organization\",\"name\":\"Lobos News\",\"url\":\"https:\\\/\\\/lobosnews.com.ar\\\/\",\"logo\":{\"@type\":\"ImageObject\",\"inLanguage\":\"es\",\"@id\":\"https:\\\/\\\/lobosnews.com.ar\\\/#\\\/schema\\\/logo\\\/image\\\/\",\"url\":\"https:\\\/\\\/lobosnews.com.ar\\\/wp-content\\\/uploads\\\/2026\\\/01\\\/logo-lobosnews.png\",\"contentUrl\":\"https:\\\/\\\/lobosnews.com.ar\\\/wp-content\\\/uploads\\\/2026\\\/01\\\/logo-lobosnews.png\",\"width\":500,\"height\":200,\"caption\":\"Lobos News\"},\"image\":{\"@id\":\"https:\\\/\\\/lobosnews.com.ar\\\/#\\\/schema\\\/logo\\\/image\\\/\"}},{\"@type\":\"Person\",\"@id\":\"https:\\\/\\\/lobosnews.com.ar\\\/#\\\/schema\\\/person\\\/232422a593d5c541dd9aef6aaed10943\",\"name\":\"admin\",\"image\":{\"@type\":\"ImageObject\",\"inLanguage\":\"es\",\"@id\":\"https:\\\/\\\/secure.gravatar.com\\\/avatar\\\/76e419471a2083bc3ceab22a763dbbf9b0c1bd15a6214cf3280e2c2dde4580f9?s=96&d=mm&r=g\",\"url\":\"https:\\\/\\\/secure.gravatar.com\\\/avatar\\\/76e419471a2083bc3ceab22a763dbbf9b0c1bd15a6214cf3280e2c2dde4580f9?s=96&d=mm&r=g\",\"contentUrl\":\"https:\\\/\\\/secure.gravatar.com\\\/avatar\\\/76e419471a2083bc3ceab22a763dbbf9b0c1bd15a6214cf3280e2c2dde4580f9?s=96&d=mm&r=g\",\"caption\":\"admin\"},\"sameAs\":[\"https:\\\/\\\/lobosnews.com.ar\"],\"url\":\"https:\\\/\\\/lobosnews.com.ar\\\/index.php\\\/author\\\/lobos-news\\\/\"}]}<\/script>\n<!-- \/ Yoast SEO plugin. -->","yoast_head_json":{"title":"El reencuentro inesperado: una hija checa y su padre cubano logran reunirse tras 36 a\u00f1os separados - Lobos News","robots":{"index":"index","follow":"follow","max-snippet":"max-snippet:-1","max-image-preview":"max-image-preview:large","max-video-preview":"max-video-preview:-1"},"canonical":"https:\/\/lobosnews.com.ar\/index.php\/2026\/08\/30\/el-reencuentro-inesperado-una-hija-checa-y-su-padre-cubano-logran-reunirse-tras-36-anos-separados\/","og_locale":"es_ES","og_type":"article","og_title":"El reencuentro inesperado: una hija checa y su padre cubano logran reunirse tras 36 a\u00f1os separados - Lobos News","og_description":"La historia de una joven checa que logr\u00f3 ubicar a su padre cubano despu\u00e9s de 36 a\u00f1os sin contacto directo ha captado la atenci\u00f3n internacional por la complejidad y las dificultades que enfrent\u00f3 la familia en su b\u00fasqueda. El caso, difundido inicialmente por el medio digital elTOQUE, expone los desaf\u00edos de las relaciones personales marcadas...","og_url":"https:\/\/lobosnews.com.ar\/index.php\/2026\/08\/30\/el-reencuentro-inesperado-una-hija-checa-y-su-padre-cubano-logran-reunirse-tras-36-anos-separados\/","og_site_name":"Lobos News","article_published_time":"2026-08-30T12:30:31+00:00","article_modified_time":"2026-08-30T14:11:01+00:00","og_image":[{"width":635,"height":601,"url":"https:\/\/lobosnews.com.ar\/wp-content\/uploads\/2026\/08\/el-reencuentro-inesperado-una-hija-checa-y-su-padre-cubano-logran-reunirse-tras-36-anos-separados-4.jpg","type":"image\/jpeg"}],"author":"admin","twitter_card":"summary_large_image","twitter_misc":{"Escrito por":"admin","Tiempo de lectura":"4 minutos"},"schema":{"@context":"https:\/\/schema.org","@graph":[{"@type":"Article","@id":"https:\/\/lobosnews.com.ar\/index.php\/2026\/08\/30\/el-reencuentro-inesperado-una-hija-checa-y-su-padre-cubano-logran-reunirse-tras-36-anos-separados\/#article","isPartOf":{"@id":"https:\/\/lobosnews.com.ar\/index.php\/2026\/08\/30\/el-reencuentro-inesperado-una-hija-checa-y-su-padre-cubano-logran-reunirse-tras-36-anos-separados\/"},"author":{"name":"admin","@id":"https:\/\/lobosnews.com.ar\/#\/schema\/person\/232422a593d5c541dd9aef6aaed10943"},"headline":"El reencuentro inesperado: una hija checa y su padre cubano logran reunirse tras 36 a\u00f1os separados","datePublished":"2026-08-30T12:30:31+00:00","dateModified":"2026-08-30T14:11:01+00:00","mainEntityOfPage":{"@id":"https:\/\/lobosnews.com.ar\/index.php\/2026\/08\/30\/el-reencuentro-inesperado-una-hija-checa-y-su-padre-cubano-logran-reunirse-tras-36-anos-separados\/"},"wordCount":792,"commentCount":0,"publisher":{"@id":"https:\/\/lobosnews.com.ar\/#organization"},"image":{"@id":"https:\/\/lobosnews.com.ar\/index.php\/2026\/08\/30\/el-reencuentro-inesperado-una-hija-checa-y-su-padre-cubano-logran-reunirse-tras-36-anos-separados\/#primaryimage"},"thumbnailUrl":"https:\/\/lobosnews.com.ar\/wp-content\/uploads\/2026\/08\/el-reencuentro-inesperado-una-hija-checa-y-su-padre-cubano-logran-reunirse-tras-36-anos-separados-4.jpg","articleSection":["Actualidad"],"inLanguage":"es","potentialAction":[{"@type":"CommentAction","name":"Comment","target":["https:\/\/lobosnews.com.ar\/index.php\/2026\/08\/30\/el-reencuentro-inesperado-una-hija-checa-y-su-padre-cubano-logran-reunirse-tras-36-anos-separados\/#respond"]}]},{"@type":"WebPage","@id":"https:\/\/lobosnews.com.ar\/index.php\/2026\/08\/30\/el-reencuentro-inesperado-una-hija-checa-y-su-padre-cubano-logran-reunirse-tras-36-anos-separados\/","url":"https:\/\/lobosnews.com.ar\/index.php\/2026\/08\/30\/el-reencuentro-inesperado-una-hija-checa-y-su-padre-cubano-logran-reunirse-tras-36-anos-separados\/","name":"El reencuentro inesperado: una hija checa y su padre cubano logran reunirse tras 36 a\u00f1os separados - Lobos News","isPartOf":{"@id":"https:\/\/lobosnews.com.ar\/#website"},"primaryImageOfPage":{"@id":"https:\/\/lobosnews.com.ar\/index.php\/2026\/08\/30\/el-reencuentro-inesperado-una-hija-checa-y-su-padre-cubano-logran-reunirse-tras-36-anos-separados\/#primaryimage"},"image":{"@id":"https:\/\/lobosnews.com.ar\/index.php\/2026\/08\/30\/el-reencuentro-inesperado-una-hija-checa-y-su-padre-cubano-logran-reunirse-tras-36-anos-separados\/#primaryimage"},"thumbnailUrl":"https:\/\/lobosnews.com.ar\/wp-content\/uploads\/2026\/08\/el-reencuentro-inesperado-una-hija-checa-y-su-padre-cubano-logran-reunirse-tras-36-anos-separados-4.jpg","datePublished":"2026-08-30T12:30:31+00:00","dateModified":"2026-08-30T14:11:01+00:00","breadcrumb":{"@id":"https:\/\/lobosnews.com.ar\/index.php\/2026\/08\/30\/el-reencuentro-inesperado-una-hija-checa-y-su-padre-cubano-logran-reunirse-tras-36-anos-separados\/#breadcrumb"},"inLanguage":"es","potentialAction":[{"@type":"ReadAction","target":["https:\/\/lobosnews.com.ar\/index.php\/2026\/08\/30\/el-reencuentro-inesperado-una-hija-checa-y-su-padre-cubano-logran-reunirse-tras-36-anos-separados\/"]}]},{"@type":"ImageObject","inLanguage":"es","@id":"https:\/\/lobosnews.com.ar\/index.php\/2026\/08\/30\/el-reencuentro-inesperado-una-hija-checa-y-su-padre-cubano-logran-reunirse-tras-36-anos-separados\/#primaryimage","url":"https:\/\/lobosnews.com.ar\/wp-content\/uploads\/2026\/08\/el-reencuentro-inesperado-una-hija-checa-y-su-padre-cubano-logran-reunirse-tras-36-anos-separados-4.jpg","contentUrl":"https:\/\/lobosnews.com.ar\/wp-content\/uploads\/2026\/08\/el-reencuentro-inesperado-una-hija-checa-y-su-padre-cubano-logran-reunirse-tras-36-anos-separados-4.jpg","width":635,"height":601,"caption":"El reencuentro inesperado: una hija checa y su padre cubano logran reunirse tras 36 a\u00f1os separados"},{"@type":"BreadcrumbList","@id":"https:\/\/lobosnews.com.ar\/index.php\/2026\/08\/30\/el-reencuentro-inesperado-una-hija-checa-y-su-padre-cubano-logran-reunirse-tras-36-anos-separados\/#breadcrumb","itemListElement":[{"@type":"ListItem","position":1,"name":"Portada","item":"https:\/\/lobosnews.com.ar\/"},{"@type":"ListItem","position":2,"name":"El reencuentro inesperado: una hija checa y su padre cubano logran reunirse tras 36 a\u00f1os separados"}]},{"@type":"WebSite","@id":"https:\/\/lobosnews.com.ar\/#website","url":"https:\/\/lobosnews.com.ar\/","name":"Lobos News","description":"Informaci\u00f3n a cada instante","publisher":{"@id":"https:\/\/lobosnews.com.ar\/#organization"},"potentialAction":[{"@type":"SearchAction","target":{"@type":"EntryPoint","urlTemplate":"https:\/\/lobosnews.com.ar\/?s={search_term_string}"},"query-input":{"@type":"PropertyValueSpecification","valueRequired":true,"valueName":"search_term_string"}}],"inLanguage":"es"},{"@type":"Organization","@id":"https:\/\/lobosnews.com.ar\/#organization","name":"Lobos News","url":"https:\/\/lobosnews.com.ar\/","logo":{"@type":"ImageObject","inLanguage":"es","@id":"https:\/\/lobosnews.com.ar\/#\/schema\/logo\/image\/","url":"https:\/\/lobosnews.com.ar\/wp-content\/uploads\/2026\/01\/logo-lobosnews.png","contentUrl":"https:\/\/lobosnews.com.ar\/wp-content\/uploads\/2026\/01\/logo-lobosnews.png","width":500,"height":200,"caption":"Lobos News"},"image":{"@id":"https:\/\/lobosnews.com.ar\/#\/schema\/logo\/image\/"}},{"@type":"Person","@id":"https:\/\/lobosnews.com.ar\/#\/schema\/person\/232422a593d5c541dd9aef6aaed10943","name":"admin","image":{"@type":"ImageObject","inLanguage":"es","@id":"https:\/\/secure.gravatar.com\/avatar\/76e419471a2083bc3ceab22a763dbbf9b0c1bd15a6214cf3280e2c2dde4580f9?s=96&d=mm&r=g","url":"https:\/\/secure.gravatar.com\/avatar\/76e419471a2083bc3ceab22a763dbbf9b0c1bd15a6214cf3280e2c2dde4580f9?s=96&d=mm&r=g","contentUrl":"https:\/\/secure.gravatar.com\/avatar\/76e419471a2083bc3ceab22a763dbbf9b0c1bd15a6214cf3280e2c2dde4580f9?s=96&d=mm&r=g","caption":"admin"},"sameAs":["https:\/\/lobosnews.com.ar"],"url":"https:\/\/lobosnews.com.ar\/index.php\/author\/lobos-news\/"}]}},"jetpack_featured_media_url":"https:\/\/lobosnews.com.ar\/wp-content\/uploads\/2026\/08\/el-reencuentro-inesperado-una-hija-checa-y-su-padre-cubano-logran-reunirse-tras-36-anos-separados-4.jpg","jetpack_sharing_enabled":true,"_links":{"self":[{"href":"https:\/\/lobosnews.com.ar\/index.php\/wp-json\/wp\/v2\/posts\/95617","targetHints":{"allow":["GET"]}}],"collection":[{"href":"https:\/\/lobosnews.com.ar\/index.php\/wp-json\/wp\/v2\/posts"}],"about":[{"href":"https:\/\/lobosnews.com.ar\/index.php\/wp-json\/wp\/v2\/types\/post"}],"author":[{"embeddable":true,"href":"https:\/\/lobosnews.com.ar\/index.php\/wp-json\/wp\/v2\/users\/1"}],"replies":[{"embeddable":true,"href":"https:\/\/lobosnews.com.ar\/index.php\/wp-json\/wp\/v2\/comments?post=95617"}],"version-history":[{"count":1,"href":"https:\/\/lobosnews.com.ar\/index.php\/wp-json\/wp\/v2\/posts\/95617\/revisions"}],"predecessor-version":[{"id":95621,"href":"https:\/\/lobosnews.com.ar\/index.php\/wp-json\/wp\/v2\/posts\/95617\/revisions\/95621"}],"wp:featuredmedia":[{"embeddable":true,"href":"https:\/\/lobosnews.com.ar\/index.php\/wp-json\/wp\/v2\/media\/95622"}],"wp:attachment":[{"href":"https:\/\/lobosnews.com.ar\/index.php\/wp-json\/wp\/v2\/media?parent=95617"}],"wp:term":[{"taxonomy":"category","embeddable":true,"href":"https:\/\/lobosnews.com.ar\/index.php\/wp-json\/wp\/v2\/categories?post=95617"},{"taxonomy":"post_tag","embeddable":true,"href":"https:\/\/lobosnews.com.ar\/index.php\/wp-json\/wp\/v2\/tags?post=95617"}],"curies":[{"name":"wp","href":"https:\/\/api.w.org\/{rel}","templated":true}]}}