{"id":95576,"date":"2026-08-30T07:21:08","date_gmt":"2026-08-30T07:21:08","guid":{"rendered":"https:\/\/lobosnews.com.ar\/?p=95576"},"modified":"2026-08-30T09:14:40","modified_gmt":"2026-08-30T09:14:40","slug":"se-espera-un-domingo-primaveral-en-el-amba-mientras-diez-provincias-estaran-bajo-alerta-por-tormentas-vientos-y-nevadas","status":"publish","type":"post","link":"https:\/\/lobosnews.com.ar\/index.php\/2026\/08\/30\/se-espera-un-domingo-primaveral-en-el-amba-mientras-diez-provincias-estaran-bajo-alerta-por-tormentas-vientos-y-nevadas\/","title":{"rendered":"Se espera un domingo primaveral en el AMBA, mientras diez provincias estar\u00e1n bajo alerta por tormentas, vientos y nevadas"},"content":{"rendered":"<p><img loading=\"lazy\" decoding=\"async\" src=\"https:\/\/lobosnews.com.ar\/wp-content\/uploads\/2026\/08\/se-espera-un-domingo-primaveral-en-el-amba-mientras-diez-provincias-estaran-bajo-alerta-por-tormentas-vientos-y-nevadas.jpg\" alt=\"Peatones transitan por una avenida del \u00c1rea Metropolitana de Buenos Aires arbolada con jacarand\u00e1s y lapachos en flor durante un d\u00eda de cielo nublado. (Imagen Ilustrativa Infobae)\" height=\"1536\" width=\"2752\"\/><\/p>\n<p>Mientras que el <span class=\"waslinkname\"><b>\u00c1rea Metropolitana de Buenos Aires (AMBA)<\/b><\/span><b> tendr\u00e1 un domingo con condiciones primaverales<\/b>, el interior del pa\u00eds estar\u00e1 marcado por condiciones inestables. De acuerdo con el <span class=\"waslinkname\"><b>Servicio Meteorol\u00f3gico Nacional (SMN)<\/b><\/span>, un total de <b>10 provincias<\/b> seguir\u00e1n bajo alerta por tormentas, vientos, viento zonda y nevadas.<\/p>\n<p>Con una temperatura m\u00ednima de <b>11 grados <\/b>y una m\u00e1xima de <b>19<\/b>, la Ciudad de Buenos Aires y el Conurbano bonaerense gozar\u00e1n de una<b> jornada primaveral<\/b>. Aunque el cielo estar\u00e1 parcialmente nublado, indicaron que habr\u00e1 presencia de viento del este de hasta <b>22 km\/h<\/b>.<\/p>\n<p>Ese escenario se mantendr\u00e1 durante el arranque de la semana. En este sentido, anticiparon que el comportamiento del tiempo no presentar\u00e1 cambios marcados entre el lunes y el mi\u00e9rcoles en el AMBA, ya que<b> las temperaturas m\u00e1ximas se ubicar\u00e1n entre los 18 y 19 grados<\/b>.<\/p>\n<p>Para el lunes, el Servicio Meteorol\u00f3gico Nacional prev\u00e9 una m\u00ednima de <b>12<\/b> y una m\u00e1xima de <b>19 grados<\/b>. El martes se presentar\u00eda una ma\u00f1ana m\u00e1s fresca, con una m\u00ednima de <b>8 grados<\/b>, que para la tarde alcanzar\u00e1 los <b>19 grados.<\/b> Finalmente, el mi\u00e9rcoles habr\u00e1 una m\u00ednima de <b>10<\/b> y una m\u00e1xima de <b>18 grados<\/b>.<\/p>\n<p><img loading=\"lazy\" decoding=\"async\" src=\"https:\/\/lobosnews.com.ar\/wp-content\/uploads\/2026\/08\/se-espera-un-domingo-primaveral-en-el-amba-mientras-diez-provincias-estaran-bajo-alerta-por-tormentas-vientos-y-nevadas.png\" alt=\"Un reporte del tiempo detalla las temperaturas m\u00e1ximas y m\u00ednimas previstas durante siete d\u00edas en la Ciudad Aut\u00f3noma de Buenos Aires\" height=\"301\" width=\"1005\"\/><\/p>\n<p>Aunque el cielo estar\u00e1 mayormente nublado, detalle que ser\u00e1 la caracter\u00edstica durante los primeros d\u00edas de la semana, desde el organismo meteorol\u00f3gico indicaron que <b>no se esperar\u00edan lluvias para el resto de la semana<\/b>. No obstante, no descartaron modificaciones en el clima con el paso de los d\u00edas.<\/p>\n<h2>Tormentas fuertes, zonda y nevadas, provincia por provincia, d\u00f3nde rigen los avisos<\/h2>\n<p>Mientras el centro del pa\u00eds mantendr\u00e1 condiciones estables, el mapa de alertas del SMN incluy\u00f3 este domingo a <b>10 provincias<\/b> con advertencias de distinto nivel. En el caso de las alertas por tormentas, estas alcanzar\u00e1n al sudeste de <b>Buenos Aires<\/b>, la totalidad de la provincia de <b>Misiones<\/b> y al noreste de <b>Corrientes<\/b>.<\/p>\n<p>En el sudeste bonaerense, la advertencia amarilla por tormentas abarcar\u00e1 localidades como <b>Pinamar<\/b>, <b>Villa Gesell<\/b>, <b>Mar del Plata<\/b>, <b>Balcarce<\/b>, <b>Miramar<\/b> y <b>Tres Arroyos<\/b>, mientras que en el noreste correntino, la misma alerta comprender\u00e1 zonas como <b>Paso de los Libres<\/b>, <b>Alvear<\/b>, <b>Ituzaing\u00f3<\/b> y <b>Santo Tom\u00e9<\/b>. Por este motivo, recomendaron:<\/p>\n<ul>\n<li>Evitar salir.<\/li>\n<li>No sacar la basura y limpiar desag\u00fces y sumideros.<\/li>\n<li>Desconectar los electrodom\u00e9sticos y cortar el suministro el\u00e9ctrico si ingresa agua.<\/li>\n<li>Cerrar y alejarse de puertas y ventanas.<\/li>\n<li>Retirar o asegurar objetos que puedan ser arrastrados por el viento.<\/li>\n<li>Si est\u00e1s al aire libre, busca refugio inmediato en un edificio, casa o veh\u00edculo cerrado.<\/li>\n<\/ul>\n<p><img loading=\"lazy\" decoding=\"async\" src=\"https:\/\/lobosnews.com.ar\/wp-content\/uploads\/2026\/08\/se-espera-un-domingo-primaveral-en-el-amba-mientras-diez-provincias-estaran-bajo-alerta-por-tormentas-vientos-y-nevadas-1.jpg\" alt=\"Un mapa del Servicio Meteorol\u00f3gico Nacional indica el nivel de alertas meteorol\u00f3gicas en distintas regiones de Argentina para el domingo 30\" height=\"762\" width=\"422\"\/><\/p>\n<p>El noroeste argentino se concentrar\u00e1 otro de los focos de atenci\u00f3n por la intensidad del <b>viento<\/b>. El oeste de <b>Jujuy<\/b>, <b>Salta<\/b> y <b>Catamarca<\/b> permanecer\u00e1 bajo <b>alerta naranja por vientos<\/b>, que representa un nivel superior de riesgo frente al aviso amarillo.<\/p>\n<p>A la vez, el centro de Jujuy y Salta, el noroeste de <b>Tucum\u00e1n<\/b>, el centro de Catamarca y el oeste de <b>La Rioja<\/b> estar\u00e1n bajo <b>alerta amarilla por viento zonda<\/b>. Ante el riesgo que podr\u00eda representar el fen\u00f3meno, aconsejaron:<\/p>\n<ul>\n<li>Seguir las instrucciones de las autoridades locales. La calma es fundamental en estas situaciones.<\/li>\n<li>Salir solo si es necesario.<\/li>\n<li>Cerrar y alejarse de puertas y ventanas.<\/li>\n<li>Retirar o asegurar objetos que puedan ser arrastrados por el viento, como macetas, sillas o toldos.<\/li>\n<li>No refugiarse debajo de marquesinas, carteles publicitarios, \u00e1rboles o postes.<\/li>\n<li>Evitar conducir si la visibilidad est\u00e1 reducida.<\/li>\n<li>Hidratarse y proteger los ojos y nariz del polvo con anteojos y barbijo.<\/li>\n<li>No encender fuego.<\/li>\n<li>Preparar un kit de emergencia con agua potable, alimentos, botiqu\u00edn de primeros auxilios, radio a pilas y linterna. Cargar los celulares con anticipaci\u00f3n.<\/li>\n<li>Agendar los n\u00fameros locales de Protecci\u00f3n Civil, Bomberos y Polic\u00eda.<\/li>\n<\/ul>\n<p><img loading=\"lazy\" decoding=\"async\" src=\"https:\/\/lobosnews.com.ar\/wp-content\/uploads\/2026\/08\/se-espera-un-domingo-primaveral-en-el-amba-mientras-diez-provincias-estaran-bajo-alerta-por-tormentas-vientos-y-nevadas-2.jpg\" alt=\"Las nevadas afectar\u00e1n a la zona de alta monta\u00f1a de R\u00edo Negro y del sur de Neuqu\u00e9n (Imagen Ilustrativa Infobae)\" height=\"768\" width=\"1408\"\/><\/p>\n<p>A ese esquema se sumar\u00e1n las nevadas en la zona cordillerana patag\u00f3nica. El SMN indic\u00f3 que la cordillera de <b>R\u00edo Negro<\/b> y el sur cordillerano de <b>Neuqu\u00e9n<\/b> estar\u00e1n bajo <b>alerta amarilla por nevadas<\/b> durante el domingo. Adem\u00e1s de recordar la importancia de contar con un kit de emergencia y quedarse en las casas, pidieron:<\/p>\n<ul>\n<li>Circular con veh\u00edculos adecuados y preparados para hielo y nieve. Llevar siempre una pala<\/li>\n<li>Revisar el estado de los techos, canaletas y desag\u00fces para asegurarte de que est\u00e9n en buen estado y puedan soportar la acumulaci\u00f3n de nieve.<\/li>\n<li>Ventilar para evitar acumulaci\u00f3n de mon\u00f3xido de carbono.<\/li>\n<li>Asegurarse de tener suficientes alimentos no perecederos y agua potable para al menos tres d\u00edas. Incluir alimentos f\u00e1ciles de preparar en caso de que haya cortes de energ\u00eda.<\/li>\n<\/ul>\n<p>Para el lunes, las advertencias perder\u00e1n alcance territorial, aunque seguir\u00e1n activas en varios sectores del pa\u00eds. Misiones mantendr\u00e1 la <b>alerta amarilla por tormentas<\/b>; el oeste de Jujuy, Salta y Catamarca continuar\u00e1 bajo <b>alerta amarilla por vientos<\/b>; y el este de <b>Formosa<\/b> quedar\u00e1 tambi\u00e9n bajo alerta amarilla por tormentas.<\/p>\n<p>De acuerdo con el pron\u00f3stico oficial del Servicio Meteorol\u00f3gico Nacional, el martes no habr\u00e1 provincias afectadas por alertas meteorol\u00f3gicas.<\/p>\n","protected":false},"excerpt":{"rendered":"<p>Mientras que el \u00c1rea Metropolitana de Buenos Aires (AMBA) tendr\u00e1 un domingo con condiciones primaverales, el interior del pa\u00eds estar\u00e1 marcado por condiciones inestables. De acuerdo con el Servicio Meteorol\u00f3gico Nacional (SMN), un total de 10 provincias seguir\u00e1n bajo alerta por tormentas, vientos, viento zonda y nevadas. Con una temperatura m\u00ednima de 11 grados y&#8230;<\/p>\n","protected":false},"author":1,"featured_media":95582,"comment_status":"open","ping_status":"closed","sticky":false,"template":"","format":"standard","meta":{"_jetpack_newsletter_access":"","_jetpack_dont_email_post_to_subs":false,"_jetpack_newsletter_tier_id":0,"_jetpack_memberships_contains_paywalled_content":false,"_jetpack_memberships_contains_paid_content":false,"footnotes":"","jetpack_post_was_ever_published":false},"categories":[31,30,32,77,84,35,36,37],"tags":[],"class_list":["post-95576","post","type-post","status-publish","format-standard","has-post-thumbnail","hentry","category-actualidad","category-argentina","category-economia","category-inseguridad","category-masradios-com","category-nacionales","category-seguridad","category-sociedad"],"magazineBlocksPostFeaturedMedia":{"thumbnail":"https:\/\/lobosnews.com.ar\/wp-content\/uploads\/2026\/08\/se-espera-un-domingo-primaveral-en-el-amba-mientras-diez-provincias-estaran-bajo-alerta-por-tormentas-vientos-y-nevadas-4-150x150.jpg","medium":"https:\/\/lobosnews.com.ar\/wp-content\/uploads\/2026\/08\/se-espera-un-domingo-primaveral-en-el-amba-mientras-diez-provincias-estaran-bajo-alerta-por-tormentas-vientos-y-nevadas-4-300x164.jpg","medium_large":"https:\/\/lobosnews.com.ar\/wp-content\/uploads\/2026\/08\/se-espera-un-domingo-primaveral-en-el-amba-mientras-diez-provincias-estaran-bajo-alerta-por-tormentas-vientos-y-nevadas-4-768x419.jpg","large":"https:\/\/lobosnews.com.ar\/wp-content\/uploads\/2026\/08\/se-espera-un-domingo-primaveral-en-el-amba-mientras-diez-provincias-estaran-bajo-alerta-por-tormentas-vientos-y-nevadas-4-1024x559.jpg","1536x1536":"https:\/\/lobosnews.com.ar\/wp-content\/uploads\/2026\/08\/se-espera-un-domingo-primaveral-en-el-amba-mientras-diez-provincias-estaran-bajo-alerta-por-tormentas-vientos-y-nevadas-4.jpg","2048x2048":"https:\/\/lobosnews.com.ar\/wp-content\/uploads\/2026\/08\/se-espera-un-domingo-primaveral-en-el-amba-mientras-diez-provincias-estaran-bajo-alerta-por-tormentas-vientos-y-nevadas-4.jpg","newsmatic-featured":"https:\/\/lobosnews.com.ar\/wp-content\/uploads\/2026\/08\/se-espera-un-domingo-primaveral-en-el-amba-mientras-diez-provincias-estaran-bajo-alerta-por-tormentas-vientos-y-nevadas-4-820x545.jpg","newsmatic-list":"https:\/\/lobosnews.com.ar\/wp-content\/uploads\/2026\/08\/se-espera-un-domingo-primaveral-en-el-amba-mientras-diez-provincias-estaran-bajo-alerta-por-tormentas-vientos-y-nevadas-4-600x400.jpg","newsmatic-thumb":"https:\/\/lobosnews.com.ar\/wp-content\/uploads\/2026\/08\/se-espera-un-domingo-primaveral-en-el-amba-mientras-diez-provincias-estaran-bajo-alerta-por-tormentas-vientos-y-nevadas-4-300x200.jpg","newsmatic-small":"https:\/\/lobosnews.com.ar\/wp-content\/uploads\/2026\/08\/se-espera-un-domingo-primaveral-en-el-amba-mientras-diez-provincias-estaran-bajo-alerta-por-tormentas-vientos-y-nevadas-4-150x95.jpg","newsmatic-grid":"https:\/\/lobosnews.com.ar\/wp-content\/uploads\/2026\/08\/se-espera-un-domingo-primaveral-en-el-amba-mientras-diez-provincias-estaran-bajo-alerta-por-tormentas-vientos-y-nevadas-4-400x250.jpg"},"magazineBlocksPostAuthor":{"name":"admin","avatar":"https:\/\/secure.gravatar.com\/avatar\/76e419471a2083bc3ceab22a763dbbf9b0c1bd15a6214cf3280e2c2dde4580f9?s=96&d=mm&r=g"},"magazineBlocksPostCommentsNumber":"0","magazineBlocksPostExcerpt":"Mientras que el \u00c1rea Metropolitana de Buenos Aires (AMBA) tendr\u00e1 un domingo con condiciones primaverales, el interior del pa\u00eds estar\u00e1 marcado por condiciones inestables. De acuerdo con el Servicio Meteorol\u00f3gico Nacional (SMN), un total de 10 provincias seguir\u00e1n bajo alerta por tormentas, vientos, viento zonda y nevadas. Con una temperatura m\u00ednima de 11 grados y...","magazineBlocksPostCategories":["Actualidad","Argentina","econom\u00eda","inseguridad","masradios.com","nacionales","seguridad","sociedad"],"magazineBlocksPostViewCount":88,"magazineBlocksPostReadTime":5,"magazine_blocks_featured_image_url":{"full":["https:\/\/lobosnews.com.ar\/wp-content\/uploads\/2026\/08\/se-espera-un-domingo-primaveral-en-el-amba-mientras-diez-provincias-estaran-bajo-alerta-por-tormentas-vientos-y-nevadas-4.jpg",1408,768,false],"medium":["https:\/\/lobosnews.com.ar\/wp-content\/uploads\/2026\/08\/se-espera-un-domingo-primaveral-en-el-amba-mientras-diez-provincias-estaran-bajo-alerta-por-tormentas-vientos-y-nevadas-4-300x164.jpg",300,164,true],"thumbnail":["https:\/\/lobosnews.com.ar\/wp-content\/uploads\/2026\/08\/se-espera-un-domingo-primaveral-en-el-amba-mientras-diez-provincias-estaran-bajo-alerta-por-tormentas-vientos-y-nevadas-4-150x150.jpg",150,150,true]},"magazine_blocks_author":{"display_name":"admin","author_link":"https:\/\/lobosnews.com.ar\/index.php\/author\/lobos-news\/"},"magazine_blocks_comment":0,"magazine_blocks_author_image":"https:\/\/secure.gravatar.com\/avatar\/76e419471a2083bc3ceab22a763dbbf9b0c1bd15a6214cf3280e2c2dde4580f9?s=96&d=mm&r=g","magazine_blocks_category":"<a href=\"#\" class=\"category-link category-link-31\">Actualidad<\/a> <a href=\"#\" class=\"category-link category-link-30\">Argentina<\/a> <a href=\"#\" class=\"category-link category-link-32\">econom\u00eda<\/a> <a href=\"#\" class=\"category-link category-link-77\">inseguridad<\/a> <a href=\"#\" class=\"category-link category-link-84\">masradios.com<\/a> <a href=\"#\" class=\"category-link category-link-35\">nacionales<\/a> <a href=\"#\" class=\"category-link category-link-36\">seguridad<\/a> <a href=\"#\" class=\"category-link category-link-37\">sociedad<\/a>","yoast_head":"<!-- This site is optimized with the Yoast SEO plugin v28.0 - https:\/\/yoast.com\/product\/yoast-seo-wordpress\/ -->\n<title>Se espera un domingo primaveral en el AMBA, mientras diez provincias estar\u00e1n bajo alerta por tormentas, vientos y nevadas - Lobos News<\/title>\n<meta name=\"robots\" content=\"index, follow, max-snippet:-1, max-image-preview:large, max-video-preview:-1\" \/>\n<link rel=\"canonical\" href=\"https:\/\/lobosnews.com.ar\/index.php\/2026\/08\/30\/se-espera-un-domingo-primaveral-en-el-amba-mientras-diez-provincias-estaran-bajo-alerta-por-tormentas-vientos-y-nevadas\/\" \/>\n<meta property=\"og:locale\" content=\"es_ES\" \/>\n<meta property=\"og:type\" content=\"article\" \/>\n<meta property=\"og:title\" content=\"Se espera un domingo primaveral en el AMBA, mientras diez provincias estar\u00e1n bajo alerta por tormentas, vientos y nevadas - Lobos News\" \/>\n<meta property=\"og:description\" content=\"Mientras que el \u00c1rea Metropolitana de Buenos Aires (AMBA) tendr\u00e1 un domingo con condiciones primaverales, el interior del pa\u00eds estar\u00e1 marcado por condiciones inestables. De acuerdo con el Servicio Meteorol\u00f3gico Nacional (SMN), un total de 10 provincias seguir\u00e1n bajo alerta por tormentas, vientos, viento zonda y nevadas. Con una temperatura m\u00ednima de 11 grados y...\" \/>\n<meta property=\"og:url\" content=\"https:\/\/lobosnews.com.ar\/index.php\/2026\/08\/30\/se-espera-un-domingo-primaveral-en-el-amba-mientras-diez-provincias-estaran-bajo-alerta-por-tormentas-vientos-y-nevadas\/\" \/>\n<meta property=\"og:site_name\" content=\"Lobos News\" \/>\n<meta property=\"article:published_time\" content=\"2026-08-30T07:21:08+00:00\" \/>\n<meta property=\"article:modified_time\" content=\"2026-08-30T09:14:40+00:00\" \/>\n<meta property=\"og:image\" content=\"https:\/\/lobosnews.com.ar\/wp-content\/uploads\/2026\/08\/se-espera-un-domingo-primaveral-en-el-amba-mientras-diez-provincias-estaran-bajo-alerta-por-tormentas-vientos-y-nevadas-4.jpg\" \/>\n\t<meta property=\"og:image:width\" content=\"1408\" \/>\n\t<meta property=\"og:image:height\" content=\"768\" \/>\n\t<meta property=\"og:image:type\" content=\"image\/jpeg\" \/>\n<meta name=\"author\" content=\"admin\" \/>\n<meta name=\"twitter:card\" content=\"summary_large_image\" \/>\n<meta name=\"twitter:label1\" content=\"Escrito por\" \/>\n\t<meta name=\"twitter:data1\" content=\"admin\" \/>\n\t<meta name=\"twitter:label2\" content=\"Tiempo de lectura\" \/>\n\t<meta name=\"twitter:data2\" content=\"4 minutos\" \/>\n<script type=\"application\/ld+json\" class=\"yoast-schema-graph\">{\"@context\":\"https:\\\/\\\/schema.org\",\"@graph\":[{\"@type\":\"Article\",\"@id\":\"https:\\\/\\\/lobosnews.com.ar\\\/index.php\\\/2026\\\/08\\\/30\\\/se-espera-un-domingo-primaveral-en-el-amba-mientras-diez-provincias-estaran-bajo-alerta-por-tormentas-vientos-y-nevadas\\\/#article\",\"isPartOf\":{\"@id\":\"https:\\\/\\\/lobosnews.com.ar\\\/index.php\\\/2026\\\/08\\\/30\\\/se-espera-un-domingo-primaveral-en-el-amba-mientras-diez-provincias-estaran-bajo-alerta-por-tormentas-vientos-y-nevadas\\\/\"},\"author\":{\"name\":\"admin\",\"@id\":\"https:\\\/\\\/lobosnews.com.ar\\\/#\\\/schema\\\/person\\\/232422a593d5c541dd9aef6aaed10943\"},\"headline\":\"Se espera un domingo primaveral en el AMBA, mientras diez provincias estar\u00e1n bajo alerta por tormentas, vientos y nevadas\",\"datePublished\":\"2026-08-30T07:21:08+00:00\",\"dateModified\":\"2026-08-30T09:14:40+00:00\",\"mainEntityOfPage\":{\"@id\":\"https:\\\/\\\/lobosnews.com.ar\\\/index.php\\\/2026\\\/08\\\/30\\\/se-espera-un-domingo-primaveral-en-el-amba-mientras-diez-provincias-estaran-bajo-alerta-por-tormentas-vientos-y-nevadas\\\/\"},\"wordCount\":859,\"commentCount\":0,\"publisher\":{\"@id\":\"https:\\\/\\\/lobosnews.com.ar\\\/#organization\"},\"image\":{\"@id\":\"https:\\\/\\\/lobosnews.com.ar\\\/index.php\\\/2026\\\/08\\\/30\\\/se-espera-un-domingo-primaveral-en-el-amba-mientras-diez-provincias-estaran-bajo-alerta-por-tormentas-vientos-y-nevadas\\\/#primaryimage\"},\"thumbnailUrl\":\"https:\\\/\\\/lobosnews.com.ar\\\/wp-content\\\/uploads\\\/2026\\\/08\\\/se-espera-un-domingo-primaveral-en-el-amba-mientras-diez-provincias-estaran-bajo-alerta-por-tormentas-vientos-y-nevadas-4.jpg\",\"articleSection\":[\"Actualidad\",\"Argentina\",\"econom\u00eda\",\"inseguridad\",\"masradios.com\",\"nacionales\",\"seguridad\",\"sociedad\"],\"inLanguage\":\"es\",\"potentialAction\":[{\"@type\":\"CommentAction\",\"name\":\"Comment\",\"target\":[\"https:\\\/\\\/lobosnews.com.ar\\\/index.php\\\/2026\\\/08\\\/30\\\/se-espera-un-domingo-primaveral-en-el-amba-mientras-diez-provincias-estaran-bajo-alerta-por-tormentas-vientos-y-nevadas\\\/#respond\"]}]},{\"@type\":\"WebPage\",\"@id\":\"https:\\\/\\\/lobosnews.com.ar\\\/index.php\\\/2026\\\/08\\\/30\\\/se-espera-un-domingo-primaveral-en-el-amba-mientras-diez-provincias-estaran-bajo-alerta-por-tormentas-vientos-y-nevadas\\\/\",\"url\":\"https:\\\/\\\/lobosnews.com.ar\\\/index.php\\\/2026\\\/08\\\/30\\\/se-espera-un-domingo-primaveral-en-el-amba-mientras-diez-provincias-estaran-bajo-alerta-por-tormentas-vientos-y-nevadas\\\/\",\"name\":\"Se espera un domingo primaveral en el AMBA, mientras diez provincias estar\u00e1n bajo alerta por tormentas, vientos y nevadas - Lobos News\",\"isPartOf\":{\"@id\":\"https:\\\/\\\/lobosnews.com.ar\\\/#website\"},\"primaryImageOfPage\":{\"@id\":\"https:\\\/\\\/lobosnews.com.ar\\\/index.php\\\/2026\\\/08\\\/30\\\/se-espera-un-domingo-primaveral-en-el-amba-mientras-diez-provincias-estaran-bajo-alerta-por-tormentas-vientos-y-nevadas\\\/#primaryimage\"},\"image\":{\"@id\":\"https:\\\/\\\/lobosnews.com.ar\\\/index.php\\\/2026\\\/08\\\/30\\\/se-espera-un-domingo-primaveral-en-el-amba-mientras-diez-provincias-estaran-bajo-alerta-por-tormentas-vientos-y-nevadas\\\/#primaryimage\"},\"thumbnailUrl\":\"https:\\\/\\\/lobosnews.com.ar\\\/wp-content\\\/uploads\\\/2026\\\/08\\\/se-espera-un-domingo-primaveral-en-el-amba-mientras-diez-provincias-estaran-bajo-alerta-por-tormentas-vientos-y-nevadas-4.jpg\",\"datePublished\":\"2026-08-30T07:21:08+00:00\",\"dateModified\":\"2026-08-30T09:14:40+00:00\",\"breadcrumb\":{\"@id\":\"https:\\\/\\\/lobosnews.com.ar\\\/index.php\\\/2026\\\/08\\\/30\\\/se-espera-un-domingo-primaveral-en-el-amba-mientras-diez-provincias-estaran-bajo-alerta-por-tormentas-vientos-y-nevadas\\\/#breadcrumb\"},\"inLanguage\":\"es\",\"potentialAction\":[{\"@type\":\"ReadAction\",\"target\":[\"https:\\\/\\\/lobosnews.com.ar\\\/index.php\\\/2026\\\/08\\\/30\\\/se-espera-un-domingo-primaveral-en-el-amba-mientras-diez-provincias-estaran-bajo-alerta-por-tormentas-vientos-y-nevadas\\\/\"]}]},{\"@type\":\"ImageObject\",\"inLanguage\":\"es\",\"@id\":\"https:\\\/\\\/lobosnews.com.ar\\\/index.php\\\/2026\\\/08\\\/30\\\/se-espera-un-domingo-primaveral-en-el-amba-mientras-diez-provincias-estaran-bajo-alerta-por-tormentas-vientos-y-nevadas\\\/#primaryimage\",\"url\":\"https:\\\/\\\/lobosnews.com.ar\\\/wp-content\\\/uploads\\\/2026\\\/08\\\/se-espera-un-domingo-primaveral-en-el-amba-mientras-diez-provincias-estaran-bajo-alerta-por-tormentas-vientos-y-nevadas-4.jpg\",\"contentUrl\":\"https:\\\/\\\/lobosnews.com.ar\\\/wp-content\\\/uploads\\\/2026\\\/08\\\/se-espera-un-domingo-primaveral-en-el-amba-mientras-diez-provincias-estaran-bajo-alerta-por-tormentas-vientos-y-nevadas-4.jpg\",\"width\":1408,\"height\":768,\"caption\":\"Se espera un domingo primaveral en el AMBA, mientras diez provincias estar\u00e1n bajo alerta por tormentas, vientos y nevadas\"},{\"@type\":\"BreadcrumbList\",\"@id\":\"https:\\\/\\\/lobosnews.com.ar\\\/index.php\\\/2026\\\/08\\\/30\\\/se-espera-un-domingo-primaveral-en-el-amba-mientras-diez-provincias-estaran-bajo-alerta-por-tormentas-vientos-y-nevadas\\\/#breadcrumb\",\"itemListElement\":[{\"@type\":\"ListItem\",\"position\":1,\"name\":\"Portada\",\"item\":\"https:\\\/\\\/lobosnews.com.ar\\\/\"},{\"@type\":\"ListItem\",\"position\":2,\"name\":\"Se espera un domingo primaveral en el AMBA, mientras diez provincias estar\u00e1n bajo alerta por tormentas, vientos y nevadas\"}]},{\"@type\":\"WebSite\",\"@id\":\"https:\\\/\\\/lobosnews.com.ar\\\/#website\",\"url\":\"https:\\\/\\\/lobosnews.com.ar\\\/\",\"name\":\"Lobos News\",\"description\":\"Informaci\u00f3n a cada instante\",\"publisher\":{\"@id\":\"https:\\\/\\\/lobosnews.com.ar\\\/#organization\"},\"potentialAction\":[{\"@type\":\"SearchAction\",\"target\":{\"@type\":\"EntryPoint\",\"urlTemplate\":\"https:\\\/\\\/lobosnews.com.ar\\\/?s={search_term_string}\"},\"query-input\":{\"@type\":\"PropertyValueSpecification\",\"valueRequired\":true,\"valueName\":\"search_term_string\"}}],\"inLanguage\":\"es\"},{\"@type\":\"Organization\",\"@id\":\"https:\\\/\\\/lobosnews.com.ar\\\/#organization\",\"name\":\"Lobos News\",\"url\":\"https:\\\/\\\/lobosnews.com.ar\\\/\",\"logo\":{\"@type\":\"ImageObject\",\"inLanguage\":\"es\",\"@id\":\"https:\\\/\\\/lobosnews.com.ar\\\/#\\\/schema\\\/logo\\\/image\\\/\",\"url\":\"https:\\\/\\\/lobosnews.com.ar\\\/wp-content\\\/uploads\\\/2026\\\/01\\\/logo-lobosnews.png\",\"contentUrl\":\"https:\\\/\\\/lobosnews.com.ar\\\/wp-content\\\/uploads\\\/2026\\\/01\\\/logo-lobosnews.png\",\"width\":500,\"height\":200,\"caption\":\"Lobos News\"},\"image\":{\"@id\":\"https:\\\/\\\/lobosnews.com.ar\\\/#\\\/schema\\\/logo\\\/image\\\/\"}},{\"@type\":\"Person\",\"@id\":\"https:\\\/\\\/lobosnews.com.ar\\\/#\\\/schema\\\/person\\\/232422a593d5c541dd9aef6aaed10943\",\"name\":\"admin\",\"image\":{\"@type\":\"ImageObject\",\"inLanguage\":\"es\",\"@id\":\"https:\\\/\\\/secure.gravatar.com\\\/avatar\\\/76e419471a2083bc3ceab22a763dbbf9b0c1bd15a6214cf3280e2c2dde4580f9?s=96&d=mm&r=g\",\"url\":\"https:\\\/\\\/secure.gravatar.com\\\/avatar\\\/76e419471a2083bc3ceab22a763dbbf9b0c1bd15a6214cf3280e2c2dde4580f9?s=96&d=mm&r=g\",\"contentUrl\":\"https:\\\/\\\/secure.gravatar.com\\\/avatar\\\/76e419471a2083bc3ceab22a763dbbf9b0c1bd15a6214cf3280e2c2dde4580f9?s=96&d=mm&r=g\",\"caption\":\"admin\"},\"sameAs\":[\"https:\\\/\\\/lobosnews.com.ar\"],\"url\":\"https:\\\/\\\/lobosnews.com.ar\\\/index.php\\\/author\\\/lobos-news\\\/\"}]}<\/script>\n<!-- \/ Yoast SEO plugin. -->","yoast_head_json":{"title":"Se espera un domingo primaveral en el AMBA, mientras diez provincias estar\u00e1n bajo alerta por tormentas, vientos y nevadas - Lobos News","robots":{"index":"index","follow":"follow","max-snippet":"max-snippet:-1","max-image-preview":"max-image-preview:large","max-video-preview":"max-video-preview:-1"},"canonical":"https:\/\/lobosnews.com.ar\/index.php\/2026\/08\/30\/se-espera-un-domingo-primaveral-en-el-amba-mientras-diez-provincias-estaran-bajo-alerta-por-tormentas-vientos-y-nevadas\/","og_locale":"es_ES","og_type":"article","og_title":"Se espera un domingo primaveral en el AMBA, mientras diez provincias estar\u00e1n bajo alerta por tormentas, vientos y nevadas - Lobos News","og_description":"Mientras que el \u00c1rea Metropolitana de Buenos Aires (AMBA) tendr\u00e1 un domingo con condiciones primaverales, el interior del pa\u00eds estar\u00e1 marcado por condiciones inestables. De acuerdo con el Servicio Meteorol\u00f3gico Nacional (SMN), un total de 10 provincias seguir\u00e1n bajo alerta por tormentas, vientos, viento zonda y nevadas. Con una temperatura m\u00ednima de 11 grados y...","og_url":"https:\/\/lobosnews.com.ar\/index.php\/2026\/08\/30\/se-espera-un-domingo-primaveral-en-el-amba-mientras-diez-provincias-estaran-bajo-alerta-por-tormentas-vientos-y-nevadas\/","og_site_name":"Lobos News","article_published_time":"2026-08-30T07:21:08+00:00","article_modified_time":"2026-08-30T09:14:40+00:00","og_image":[{"width":1408,"height":768,"url":"https:\/\/lobosnews.com.ar\/wp-content\/uploads\/2026\/08\/se-espera-un-domingo-primaveral-en-el-amba-mientras-diez-provincias-estaran-bajo-alerta-por-tormentas-vientos-y-nevadas-4.jpg","type":"image\/jpeg"}],"author":"admin","twitter_card":"summary_large_image","twitter_misc":{"Escrito por":"admin","Tiempo de lectura":"4 minutos"},"schema":{"@context":"https:\/\/schema.org","@graph":[{"@type":"Article","@id":"https:\/\/lobosnews.com.ar\/index.php\/2026\/08\/30\/se-espera-un-domingo-primaveral-en-el-amba-mientras-diez-provincias-estaran-bajo-alerta-por-tormentas-vientos-y-nevadas\/#article","isPartOf":{"@id":"https:\/\/lobosnews.com.ar\/index.php\/2026\/08\/30\/se-espera-un-domingo-primaveral-en-el-amba-mientras-diez-provincias-estaran-bajo-alerta-por-tormentas-vientos-y-nevadas\/"},"author":{"name":"admin","@id":"https:\/\/lobosnews.com.ar\/#\/schema\/person\/232422a593d5c541dd9aef6aaed10943"},"headline":"Se espera un domingo primaveral en el AMBA, mientras diez provincias estar\u00e1n bajo alerta por tormentas, vientos y nevadas","datePublished":"2026-08-30T07:21:08+00:00","dateModified":"2026-08-30T09:14:40+00:00","mainEntityOfPage":{"@id":"https:\/\/lobosnews.com.ar\/index.php\/2026\/08\/30\/se-espera-un-domingo-primaveral-en-el-amba-mientras-diez-provincias-estaran-bajo-alerta-por-tormentas-vientos-y-nevadas\/"},"wordCount":859,"commentCount":0,"publisher":{"@id":"https:\/\/lobosnews.com.ar\/#organization"},"image":{"@id":"https:\/\/lobosnews.com.ar\/index.php\/2026\/08\/30\/se-espera-un-domingo-primaveral-en-el-amba-mientras-diez-provincias-estaran-bajo-alerta-por-tormentas-vientos-y-nevadas\/#primaryimage"},"thumbnailUrl":"https:\/\/lobosnews.com.ar\/wp-content\/uploads\/2026\/08\/se-espera-un-domingo-primaveral-en-el-amba-mientras-diez-provincias-estaran-bajo-alerta-por-tormentas-vientos-y-nevadas-4.jpg","articleSection":["Actualidad","Argentina","econom\u00eda","inseguridad","masradios.com","nacionales","seguridad","sociedad"],"inLanguage":"es","potentialAction":[{"@type":"CommentAction","name":"Comment","target":["https:\/\/lobosnews.com.ar\/index.php\/2026\/08\/30\/se-espera-un-domingo-primaveral-en-el-amba-mientras-diez-provincias-estaran-bajo-alerta-por-tormentas-vientos-y-nevadas\/#respond"]}]},{"@type":"WebPage","@id":"https:\/\/lobosnews.com.ar\/index.php\/2026\/08\/30\/se-espera-un-domingo-primaveral-en-el-amba-mientras-diez-provincias-estaran-bajo-alerta-por-tormentas-vientos-y-nevadas\/","url":"https:\/\/lobosnews.com.ar\/index.php\/2026\/08\/30\/se-espera-un-domingo-primaveral-en-el-amba-mientras-diez-provincias-estaran-bajo-alerta-por-tormentas-vientos-y-nevadas\/","name":"Se espera un domingo primaveral en el AMBA, mientras diez provincias estar\u00e1n bajo alerta por tormentas, vientos y nevadas - Lobos News","isPartOf":{"@id":"https:\/\/lobosnews.com.ar\/#website"},"primaryImageOfPage":{"@id":"https:\/\/lobosnews.com.ar\/index.php\/2026\/08\/30\/se-espera-un-domingo-primaveral-en-el-amba-mientras-diez-provincias-estaran-bajo-alerta-por-tormentas-vientos-y-nevadas\/#primaryimage"},"image":{"@id":"https:\/\/lobosnews.com.ar\/index.php\/2026\/08\/30\/se-espera-un-domingo-primaveral-en-el-amba-mientras-diez-provincias-estaran-bajo-alerta-por-tormentas-vientos-y-nevadas\/#primaryimage"},"thumbnailUrl":"https:\/\/lobosnews.com.ar\/wp-content\/uploads\/2026\/08\/se-espera-un-domingo-primaveral-en-el-amba-mientras-diez-provincias-estaran-bajo-alerta-por-tormentas-vientos-y-nevadas-4.jpg","datePublished":"2026-08-30T07:21:08+00:00","dateModified":"2026-08-30T09:14:40+00:00","breadcrumb":{"@id":"https:\/\/lobosnews.com.ar\/index.php\/2026\/08\/30\/se-espera-un-domingo-primaveral-en-el-amba-mientras-diez-provincias-estaran-bajo-alerta-por-tormentas-vientos-y-nevadas\/#breadcrumb"},"inLanguage":"es","potentialAction":[{"@type":"ReadAction","target":["https:\/\/lobosnews.com.ar\/index.php\/2026\/08\/30\/se-espera-un-domingo-primaveral-en-el-amba-mientras-diez-provincias-estaran-bajo-alerta-por-tormentas-vientos-y-nevadas\/"]}]},{"@type":"ImageObject","inLanguage":"es","@id":"https:\/\/lobosnews.com.ar\/index.php\/2026\/08\/30\/se-espera-un-domingo-primaveral-en-el-amba-mientras-diez-provincias-estaran-bajo-alerta-por-tormentas-vientos-y-nevadas\/#primaryimage","url":"https:\/\/lobosnews.com.ar\/wp-content\/uploads\/2026\/08\/se-espera-un-domingo-primaveral-en-el-amba-mientras-diez-provincias-estaran-bajo-alerta-por-tormentas-vientos-y-nevadas-4.jpg","contentUrl":"https:\/\/lobosnews.com.ar\/wp-content\/uploads\/2026\/08\/se-espera-un-domingo-primaveral-en-el-amba-mientras-diez-provincias-estaran-bajo-alerta-por-tormentas-vientos-y-nevadas-4.jpg","width":1408,"height":768,"caption":"Se espera un domingo primaveral en el AMBA, mientras diez provincias estar\u00e1n bajo alerta por tormentas, vientos y nevadas"},{"@type":"BreadcrumbList","@id":"https:\/\/lobosnews.com.ar\/index.php\/2026\/08\/30\/se-espera-un-domingo-primaveral-en-el-amba-mientras-diez-provincias-estaran-bajo-alerta-por-tormentas-vientos-y-nevadas\/#breadcrumb","itemListElement":[{"@type":"ListItem","position":1,"name":"Portada","item":"https:\/\/lobosnews.com.ar\/"},{"@type":"ListItem","position":2,"name":"Se espera un domingo primaveral en el AMBA, mientras diez provincias estar\u00e1n bajo alerta por tormentas, vientos y nevadas"}]},{"@type":"WebSite","@id":"https:\/\/lobosnews.com.ar\/#website","url":"https:\/\/lobosnews.com.ar\/","name":"Lobos News","description":"Informaci\u00f3n a cada instante","publisher":{"@id":"https:\/\/lobosnews.com.ar\/#organization"},"potentialAction":[{"@type":"SearchAction","target":{"@type":"EntryPoint","urlTemplate":"https:\/\/lobosnews.com.ar\/?s={search_term_string}"},"query-input":{"@type":"PropertyValueSpecification","valueRequired":true,"valueName":"search_term_string"}}],"inLanguage":"es"},{"@type":"Organization","@id":"https:\/\/lobosnews.com.ar\/#organization","name":"Lobos News","url":"https:\/\/lobosnews.com.ar\/","logo":{"@type":"ImageObject","inLanguage":"es","@id":"https:\/\/lobosnews.com.ar\/#\/schema\/logo\/image\/","url":"https:\/\/lobosnews.com.ar\/wp-content\/uploads\/2026\/01\/logo-lobosnews.png","contentUrl":"https:\/\/lobosnews.com.ar\/wp-content\/uploads\/2026\/01\/logo-lobosnews.png","width":500,"height":200,"caption":"Lobos News"},"image":{"@id":"https:\/\/lobosnews.com.ar\/#\/schema\/logo\/image\/"}},{"@type":"Person","@id":"https:\/\/lobosnews.com.ar\/#\/schema\/person\/232422a593d5c541dd9aef6aaed10943","name":"admin","image":{"@type":"ImageObject","inLanguage":"es","@id":"https:\/\/secure.gravatar.com\/avatar\/76e419471a2083bc3ceab22a763dbbf9b0c1bd15a6214cf3280e2c2dde4580f9?s=96&d=mm&r=g","url":"https:\/\/secure.gravatar.com\/avatar\/76e419471a2083bc3ceab22a763dbbf9b0c1bd15a6214cf3280e2c2dde4580f9?s=96&d=mm&r=g","contentUrl":"https:\/\/secure.gravatar.com\/avatar\/76e419471a2083bc3ceab22a763dbbf9b0c1bd15a6214cf3280e2c2dde4580f9?s=96&d=mm&r=g","caption":"admin"},"sameAs":["https:\/\/lobosnews.com.ar"],"url":"https:\/\/lobosnews.com.ar\/index.php\/author\/lobos-news\/"}]}},"jetpack_featured_media_url":"https:\/\/lobosnews.com.ar\/wp-content\/uploads\/2026\/08\/se-espera-un-domingo-primaveral-en-el-amba-mientras-diez-provincias-estaran-bajo-alerta-por-tormentas-vientos-y-nevadas-4.jpg","jetpack_sharing_enabled":true,"_links":{"self":[{"href":"https:\/\/lobosnews.com.ar\/index.php\/wp-json\/wp\/v2\/posts\/95576","targetHints":{"allow":["GET"]}}],"collection":[{"href":"https:\/\/lobosnews.com.ar\/index.php\/wp-json\/wp\/v2\/posts"}],"about":[{"href":"https:\/\/lobosnews.com.ar\/index.php\/wp-json\/wp\/v2\/types\/post"}],"author":[{"embeddable":true,"href":"https:\/\/lobosnews.com.ar\/index.php\/wp-json\/wp\/v2\/users\/1"}],"replies":[{"embeddable":true,"href":"https:\/\/lobosnews.com.ar\/index.php\/wp-json\/wp\/v2\/comments?post=95576"}],"version-history":[{"count":1,"href":"https:\/\/lobosnews.com.ar\/index.php\/wp-json\/wp\/v2\/posts\/95576\/revisions"}],"predecessor-version":[{"id":95581,"href":"https:\/\/lobosnews.com.ar\/index.php\/wp-json\/wp\/v2\/posts\/95576\/revisions\/95581"}],"wp:featuredmedia":[{"embeddable":true,"href":"https:\/\/lobosnews.com.ar\/index.php\/wp-json\/wp\/v2\/media\/95582"}],"wp:attachment":[{"href":"https:\/\/lobosnews.com.ar\/index.php\/wp-json\/wp\/v2\/media?parent=95576"}],"wp:term":[{"taxonomy":"category","embeddable":true,"href":"https:\/\/lobosnews.com.ar\/index.php\/wp-json\/wp\/v2\/categories?post=95576"},{"taxonomy":"post_tag","embeddable":true,"href":"https:\/\/lobosnews.com.ar\/index.php\/wp-json\/wp\/v2\/tags?post=95576"}],"curies":[{"name":"wp","href":"https:\/\/api.w.org\/{rel}","templated":true}]}}