{"id":95513,"date":"2026-08-30T05:02:00","date_gmt":"2026-08-30T05:02:00","guid":{"rendered":"https:\/\/lobosnews.com.ar\/?p=95513"},"modified":"2026-08-30T09:12:35","modified_gmt":"2026-08-30T09:12:35","slug":"quiero-ser-una-estrella-un-dia-dentro-de-popstars-la-fabrica-que-pario-a-bandana-y-hace-sonar-a-una-nueva-generacion","status":"publish","type":"post","link":"https:\/\/lobosnews.com.ar\/index.php\/2026\/08\/30\/quiero-ser-una-estrella-un-dia-dentro-de-popstars-la-fabrica-que-pario-a-bandana-y-hace-sonar-a-una-nueva-generacion\/","title":{"rendered":"Quiero ser una estrella: un d\u00eda dentro de Popstars, la f\u00e1brica que pari\u00f3 a Bandana y hace so\u00f1ar a una nueva generaci\u00f3n"},"content":{"rendered":"<p>Junio de 2026 y todo vuelve a comenzar. <b>\u201cAyer grit\u00e9 un mont\u00f3n con el partido y me levant\u00e9 con la voz destruida\u201d<\/b>, comenta una de las cientos de <span class=\"waslinkname\">aspirantes de <b>Popstars<\/b><\/span>, bajita, de mechas rosas sobre la melena rubia y pesta\u00f1as arquead\u00edsimas, sobre la victoria que un d\u00eda antes obtuvo <b>Argentina<\/b> frente a <b>Inglaterra<\/b> en el <b>Mundial<\/b>. El viento en La Boca es como un cachetazo, muy cerca del r\u00edo, pero nada aplaca los minishorts, las musculosas y las faldas, en una jornada de la grabaci\u00f3n a la que accedi\u00f3 <b>Teleshow<\/b>. Abunda el <i>glitter<\/i>, las botas, los brillos como fuegos artificiales en vestidos, en p\u00e1rpados y en hebillas. <\/p>\n<p>Fue en el 2001 cuando un formato neozeland\u00e9s aterrizaba en Argentina en pleno boom de los <i>reality shows<\/i> de convivencia. <b>Telefe<\/b> hab\u00eda apostado y ganado con <b>Gran Hermano<\/b> y <b>El Bar <\/b>era el caballito de batalla de <b>Am\u00e9rica TV<\/b>. El extinto <b>Azul Televisi\u00f3n<\/b>, hoy <b>El Nueve<\/b>, fue por otro camino y puso<b> Popstars<\/b> en su<i> prime time<\/i>, un<i> docureality<\/i> que mostraba el detr\u00e1s de escena de la conformaci\u00f3n de un grupo musical de chicas. <\/p>\n<p><img fetchpriority=\"high\" decoding=\"async\" src=\"https:\/\/lobosnews.com.ar\/wp-content\/uploads\/2026\/08\/quiero-ser-una-estrella-un-dia-dentro-de-popstars-la-fabrica-que-pario-a-bandana-y-hace-sonar-a-una-nueva-generacion.jpg\" alt=\"Glitter en el aire: cientos de aspirantes llegaron a las audiciones de Popstars 2026 en busca de un lugar en la nueva banda (Adri\u00e1n D\u00edaz Bernini, Prensa Telefe)\" height=\"2896\" width=\"6530\"\/><\/p>\n<p>No bastaba con una personalidad explosiva o una historia personal con desgracias varias para contar a la hora de la cena. No bastaba con estar vivo. Se introduc\u00eda algo que desde el nacimiento del audiovisual emergi\u00f3: el baile y luego, el canto. As\u00ed un formato novedoso met\u00eda mano en lo de toda la vida y permit\u00eda el surgimiento de<b> Bandana<\/b>, paridas en plena crisis econ\u00f3mica, del estrepitoso fracaso del modelo menemista, al ritmo de <i>\u201cdance, dance, hoy tu sue\u00f1o es real\u201d<\/i>. <\/p>\n<p><img loading=\"lazy\" decoding=\"async\" src=\"https:\/\/lobosnews.com.ar\/wp-content\/uploads\/2026\/08\/quiero-ser-una-estrella-un-dia-dentro-de-popstars-la-fabrica-que-pario-a-bandana-y-hace-sonar-a-una-nueva-generacion-1.jpg\" alt=\"El regreso de Popstars reactiva la memoria de un formato que en 2001 convirti\u00f3 a Bandana en fen\u00f3meno adolescente\" height=\"1080\" width=\"1920\"\/><\/p>\n<p>R\u00e9cords de discos de oro y de platino, de multitudes en el Gran Rex, <b>Bandana<\/b> fue la histeria adolescente en un pa\u00eds que solo conoc\u00eda como <i>girl bands <\/i>a <b>Las Primas<\/b> (\u201cSaca la mano, Antonio\u201d y \u201cTocame el piripip\u00ed\u201d) en los 80 y a <b>Seducidas y abandonadas<\/b>, las \u201cSpice Girls vern\u00e1culas\u201d, en los 90. Bandana era la historia de <b>Cenicienta<\/b>, un cuento en clave de documental, donde no hab\u00eda pr\u00edncipe al final del camino sino un contrato discogr\u00e1fico y shows en toda Argentina y el exterior. <\/p>\n<p>Carrie, que no se llama Carrie, aprovech\u00f3 su entrada al espacio en el que las participantes esperan junto a sus familiares para ubicarse en un rinc\u00f3n frente a un gran espejo. Canta \u201cPero me acuerdo de t\u00ed\u201d, una y otra vez, una y otra vez, coronada por una tiara plateada. Viaj\u00f3 desde su pueblo en otra provincia, sola por primera vez, y no tiene d\u00f3nde dormir en Buenos Aires. Era 1978 cuando <b>Madonna<\/b> lleg\u00f3 con 35 d\u00f3lares en el bolsillo desde Michigan a Nueva York, parte de la mitolog\u00eda de la reina reinante del pop. Chicas buscando su camino. <\/p>\n<p><img loading=\"lazy\" decoding=\"async\" src=\"https:\/\/lobosnews.com.ar\/wp-content\/uploads\/2026\/08\/quiero-ser-una-estrella-un-dia-dentro-de-popstars-la-fabrica-que-pario-a-bandana-y-hace-sonar-a-una-nueva-generacion-2.jpg\" alt=\"\u00c1ngela Torres, Nicki Nicole y el productor mexicano Charlie Garc\u00eda, al frente de un jurado junto a Miranda!, invitados de las audiciones grupales (Adri\u00e1n D\u00edaz Bernini, Prensa Telefe)\" height=\"4608\" width=\"3072\"\/><\/p>\n<p><b>\u201cLos reality shows pueden ser profundamente serios o delirantemente tontos. Trabajan con lo \u2018ordinario\u2019 y lo \u2018extraordinario\u2019\u201d<\/b>, analiza la autora brit\u00e1nica <b>Ruth A. Deller<\/b> en su libro <i>Reality Television: The TV Phenomenon That Changed the World<\/i>. \u201cHan cubierto todo, desde el colonialismo hasta el riego por zanjas, y han mostrado desde estrellas porno hasta sacerdotes. \u00bfTe interesa la agricultura, el arte del tatuaje, la alfarer\u00eda, la vestimenta isl\u00e1mica, la cocteler\u00eda o dirigir una orquesta Los reality shows se han ocupado de eso. <b>\u00bfQuer\u00e9s una mirada sobre el nacimiento, la muerte, el matrimonio, el divorcio, la amistad, el trabajo y la comunidad? Tambi\u00e9n<\/b>\u201d, sostiene. <b>El reality show es el g\u00e9nero televisivo definitivo del siglo XXI<\/b>: \u201cLa telerrealidad re\u00fane t\u00e9cnicas del documental, del programa de juegos, de la telenovela, del melodrama y de la <i>sitcom<\/i>, pero <b>no se deja clasificar f\u00e1cilmente como ninguna de esas cosas<\/b>\u201d. <\/p>\n<p><img loading=\"lazy\" decoding=\"async\" src=\"https:\/\/lobosnews.com.ar\/wp-content\/uploads\/2026\/08\/quiero-ser-una-estrella-un-dia-dentro-de-popstars-la-fabrica-que-pario-a-bandana-y-hace-sonar-a-una-nueva-generacion-3.jpg\" alt=\"Entre power ballads, hits dosmileros y gui\u00f1os al pop actual, las participantes arman el mapa musical de una generaci\u00f3n criada entre Bandana y TikTok\" height=\"2832\" width=\"4240\"\/><\/p>\n<p>De un lado, en una mesa larga, <span class=\"waslinkname\">los jurados <b>\u00c1ngela Torres<\/b>, <b>Nicki Nicole<\/b> y el productor mexicano<b> Charlie Garc\u00eda<\/b><\/span>. Del otro lado, cinco muchachas sobre plataformas circulares, tipo pastillas. Dos hermanas con vestidos similares, uno en fucsia y el otro en turquesa, no ven como una opci\u00f3n que una quede en la banda sin que est\u00e9 la otra. Otra chica de look g\u00f3tico arroja una peluca rubia al suelo para entrar en personaje. Una cuenta que es empleada administrativa y que, entre tr\u00e1mites y papeleo, canta baladas. La otra, de melena de rulos y look como creado con porras metalizadas de cotill\u00f3n, transmite vibras de Tina Turner <i>teen<\/i>. <\/p>\n<p><span class=\"waslinkname\"><b>Nico V\u00e1zquez<\/b>, el conductor de esta temporada<\/span>, se preocupa por contener. Abraza a una concursante a la que los nervios le entumecieron la voz. Le dedica unas palabras de aliento a una participante que no qued\u00f3 y a la mam\u00e1 de ella, casi tan desmoralizada como su hija. Las jurados ofician de t\u00edas, como ellas mismas se definen. Cuando su \u201cno\u201d deja a alguna desbordada por las l\u00e1grimas, intervienen. <b>\u201cFue muy lindo c\u00f3mo cantaste, no dej\u00e9s de intentarlo\u201d<\/b>, le murmura \u00c1ngela a una de las muchachas, que es mam\u00e1 y viaj\u00f3 desde el interior de la provincia de Buenos Aires, sin c\u00e1maras cerca y en una peque\u00f1a intimidad de artistas. <\/p>\n<p><img loading=\"lazy\" decoding=\"async\" src=\"https:\/\/lobosnews.com.ar\/wp-content\/uploads\/2026\/08\/quiero-ser-una-estrella-un-dia-dentro-de-popstars-la-fabrica-que-pario-a-bandana-y-hace-sonar-a-una-nueva-generacion-4.jpg\" alt=\"Nico V\u00e1zquez conduce la nueva temporada y suma contenci\u00f3n en una instancia donde los nervios juegan tanto como la voz\" height=\"3072\" width=\"4608\"\/><\/p>\n<p>La nostalgia durante las audiciones es palpable con <b>Mariah Carey<\/b>, <b>Whitney Houston<\/b> y <b>Christina Aguilera <\/b>a la cabeza, pero aparecen hits de<b> Mon Laferte, Rihanna<\/b> y <b>Ariana Grande<\/b> y, en una proporci\u00f3n inferior a <b>Tini Stoessel <\/b>y <b>Mar\u00eda Becerra<\/b>, nuestras embajadoras albicelestes en el globo. \u201cLas chicas optan por lo retro, las canciones dosmileras. <b>Las pusimos como opci\u00f3n porque sab\u00edamos que las iban a elegir. Las chicas de hoy est\u00e1n nutridas del Popstars del 2001<\/b>. Eso es maravilloso. Las canciones de antes, en los 80, 90 y 2000, eran m\u00e1s aspiracionales, de mucho virtuosismo vocal\u201d, <span class=\"waslinkname\">analiza<b> Vir M\u00f3dica<\/b>, directora vocal del reality<\/span> y conocedora del engranaje del programa desde adentro cuando en 2001 fue una de las 15 finalistas de la primera temporada. <\/p>\n<p>La coach vocal, que trabaj\u00f3 con<b> Lali Esp\u00f3sito<\/b> y ahora es la maestra de las aspirantes, ten\u00eda 21 a\u00f1os cuando su mam\u00e1 lleg\u00f3 con un aviso en el diario que anunciaba la convocatoria. \u201cNosotras est\u00e1bamos menos preparadas, ten\u00edamos menos recursos para la conversaci\u00f3n, la c\u00e1mara y las devoluciones. <b>Ahora las veo m\u00e1s fuertes, m\u00e1s resilientes<\/b>, m\u00e1s entrenadas en danza y en canto, con m\u00e1s recursos en general\u201d, compara, sobre el proyecto al que siente como un <i>deja v\u00fa<\/i>. <\/p>\n<p><img loading=\"lazy\" decoding=\"async\" src=\"https:\/\/lobosnews.com.ar\/wp-content\/uploads\/2026\/08\/quiero-ser-una-estrella-un-dia-dentro-de-popstars-la-fabrica-que-pario-a-bandana-y-hace-sonar-a-una-nueva-generacion-5.jpg\" alt=\"Luces, c\u00e1maras y una producci\u00f3n de gran escala: el detr\u00e1s de escena de Popstars tiene tanto despliegue como su frente de pantalla\" height=\"4338\" width=\"2892\"\/><\/p>\n<p>Durante la grabaci\u00f3n las chicas reciben como sorpresa a<b> Miranda!<\/b>, otros de los grandes referentes de la m\u00fasica pop en Argentina, permitiendo que <b>Ale Sergi<\/b> y <b>Juliana Gattas<\/b> sean jurados invitados. Primer intento de una concursante, fallido. Le conceden un segundo intento que no desaprovecha y luego de una seguidilla de <i>power ballads<\/i>, irrumpe con uno de los \u00e9xitos efervescentes de la dupla. Comienzan los aplausos del equipo t\u00e9cnico, se suman los jurados, y al final, su capacidad para dar show le da el pasaporte para la pr\u00f3xima etapa. Cuando termina, la esperan <b>Juli Poggio<\/b> y <b>Sofi Gonet<\/b>, encargadas de las redes, YouTube y de <i>Mucho M\u00e1s Popstar<\/i> en Disney+. <b>Martin Cirio<\/b>, otro <i>influencer<\/i> de peso, es parte de la temporada como coach espiritual, un rol humor\u00edstico para amenizar tanta tensi\u00f3n entre esperas y deliberaciones. <\/p>\n<p><img loading=\"lazy\" decoding=\"async\" src=\"https:\/\/lobosnews.com.ar\/wp-content\/uploads\/2026\/08\/quiero-ser-una-estrella-un-dia-dentro-de-popstars-la-fabrica-que-pario-a-bandana-y-hace-sonar-a-una-nueva-generacion-6.jpg\" alt=\"Detr\u00e1s del brillo y las coreograf\u00edas, una maquinaria de unas 120 personas sostiene el detr\u00e1s de escena del programa\" height=\"2832\" width=\"4240\"\/><\/p>\n<p>Entre audiciones, aparecen los deseos que exceden lo personal. <b>\u201cYo quiero ser la primera popstar salte\u00f1a\u201d<\/b>, dice una, de pelo corto y voz cristalina. Otra, una suerte de Patricia Sosa en voz, actitud y look, cuenta que su padre es alba\u00f1il, que vive en un pueblo donde no es f\u00e1cil dedicarse al arte, y solloza al conocer que sigue en el certamen. Detr\u00e1s de las c\u00e1maras, la maquinaria de <i>Popstars<\/i> es ambiciosa. <b>120 personas conforman el equipo<\/b> entre la producci\u00f3n, el personal t\u00e9cnico y aquellos dedicados a la postproducci\u00f3n. <\/p>\n<p><img loading=\"lazy\" decoding=\"async\" src=\"https:\/\/lobosnews.com.ar\/wp-content\/uploads\/2026\/08\/quiero-ser-una-estrella-un-dia-dentro-de-popstars-la-fabrica-que-pario-a-bandana-y-hace-sonar-a-una-nueva-generacion-7.jpg\" alt=\"Sue\u00f1os, nervios, vestuarios y segundas oportunidades: las audiciones vuelven a poner en escena la vieja promesa de fabricar una estrella pop\" height=\"4162\" width=\"2775\"\/><\/p>\n<p>El germen brot\u00f3 en Jap\u00f3n. <b>Un programa de TV buscaba a la vocalista de una banda de rock<\/b> en 1997, pero se volvi\u00f3 tan popular que se desprendi\u00f3 un ciclo aparte que registr\u00f3 la conformaci\u00f3n de un grupo de chicas, sus sesiones de baile y sus largas horas de entrenamiento vocal. <b>Morning Musume<\/b> se transform\u00f3 en un fen\u00f3meno del <b>J-Pop<\/b> que, con diferentes integrantes sigue vigente hasta la actualidad, inspiraci\u00f3n futura para el <b>K-Pop <\/b>y <b>la base para el formato de <\/b><i><b>Popstars<\/b><\/i><b> que tom\u00f3 la misma idea: c\u00f3mo fabricar un grupo musical<\/b>. Con adaptaciones en 50 pa\u00edses y el nacimiento de m\u00e1s de 40 agrupaciones y solistas, el formato es uno de los m\u00e1s fruct\u00edferos del subg\u00e9nero. <b>Girls Aloud <\/b>(Reino Unido), <b>No Angels<\/b> (Alemania) y nuestras <b>Bandana<\/b> se consolidaron como las m\u00e1s exitosas de la franquicia, con shows, discos y fan\u00e1ticos en vigencia contradiciendo a quienes cre\u00edan que eran el <i>fast food<\/i> de la industria musical. <\/p>\n<p>Las melenas de mechones rosados y lilas vuelven a agitarse con el viento. Se termina la jornada y el cielo parece un acolchado de plomo. Hay madres pidiendo autos por aplicaci\u00f3n, chicas abrazadas entre camperones y alg\u00fan sue\u00f1o roto. <b>David Bowie<\/b>, o su \u00e1lter ego <b>Ziggy Stardust<\/b>, entre maquillaje teatral, pelucas y colores estallados, ya lo hab\u00eda intuido: <b>\u201cSoy una estrella instant\u00e1nea. Solo hay que a\u00f1adir agua y revolver\u201d<\/b>.<\/p>\n<p><b>Fotos: Adri\u00e1n D\u00edaz Bernini\/ Prensa Telefe<\/b><\/p>\n","protected":false},"excerpt":{"rendered":"<p>Junio de 2026 y todo vuelve a comenzar. \u201cAyer grit\u00e9 un mont\u00f3n con el partido y me levant\u00e9 con la voz destruida\u201d, comenta una de las cientos de aspirantes de Popstars, bajita, de mechas rosas sobre la melena rubia y pesta\u00f1as arquead\u00edsimas, sobre la victoria que un d\u00eda antes obtuvo Argentina frente a Inglaterra en&#8230;<\/p>\n","protected":false},"author":1,"featured_media":95523,"comment_status":"open","ping_status":"closed","sticky":false,"template":"","format":"standard","meta":{"_jetpack_newsletter_access":"","_jetpack_dont_email_post_to_subs":false,"_jetpack_newsletter_tier_id":0,"_jetpack_memberships_contains_paywalled_content":false,"_jetpack_memberships_contains_paid_content":false,"footnotes":"","jetpack_post_was_ever_published":false},"categories":[79],"tags":[],"class_list":["post-95513","post","type-post","status-publish","format-standard","has-post-thumbnail","hentry","category-cine-y-series"],"magazineBlocksPostFeaturedMedia":{"thumbnail":"https:\/\/lobosnews.com.ar\/wp-content\/uploads\/2026\/08\/quiero-ser-una-estrella-un-dia-dentro-de-popstars-la-fabrica-que-pario-a-bandana-y-hace-sonar-a-una-nueva-generacion-14-150x150.jpg","medium":"https:\/\/lobosnews.com.ar\/wp-content\/uploads\/2026\/08\/quiero-ser-una-estrella-un-dia-dentro-de-popstars-la-fabrica-que-pario-a-bandana-y-hace-sonar-a-una-nueva-generacion-14-200x300.jpg","medium_large":"https:\/\/lobosnews.com.ar\/wp-content\/uploads\/2026\/08\/quiero-ser-una-estrella-un-dia-dentro-de-popstars-la-fabrica-que-pario-a-bandana-y-hace-sonar-a-una-nueva-generacion-14-768x1152.jpg","large":"https:\/\/lobosnews.com.ar\/wp-content\/uploads\/2026\/08\/quiero-ser-una-estrella-un-dia-dentro-de-popstars-la-fabrica-que-pario-a-bandana-y-hace-sonar-a-una-nueva-generacion-14-683x1024.jpg","1536x1536":"https:\/\/lobosnews.com.ar\/wp-content\/uploads\/2026\/08\/quiero-ser-una-estrella-un-dia-dentro-de-popstars-la-fabrica-que-pario-a-bandana-y-hace-sonar-a-una-nueva-generacion-14-1024x1536.jpg","2048x2048":"https:\/\/lobosnews.com.ar\/wp-content\/uploads\/2026\/08\/quiero-ser-una-estrella-un-dia-dentro-de-popstars-la-fabrica-que-pario-a-bandana-y-hace-sonar-a-una-nueva-generacion-14-1365x2048.jpg","newsmatic-featured":"https:\/\/lobosnews.com.ar\/wp-content\/uploads\/2026\/08\/quiero-ser-una-estrella-un-dia-dentro-de-popstars-la-fabrica-que-pario-a-bandana-y-hace-sonar-a-una-nueva-generacion-14-820x545.jpg","newsmatic-list":"https:\/\/lobosnews.com.ar\/wp-content\/uploads\/2026\/08\/quiero-ser-una-estrella-un-dia-dentro-de-popstars-la-fabrica-que-pario-a-bandana-y-hace-sonar-a-una-nueva-generacion-14-600x400.jpg","newsmatic-thumb":"https:\/\/lobosnews.com.ar\/wp-content\/uploads\/2026\/08\/quiero-ser-una-estrella-un-dia-dentro-de-popstars-la-fabrica-que-pario-a-bandana-y-hace-sonar-a-una-nueva-generacion-14-300x200.jpg","newsmatic-small":"https:\/\/lobosnews.com.ar\/wp-content\/uploads\/2026\/08\/quiero-ser-una-estrella-un-dia-dentro-de-popstars-la-fabrica-que-pario-a-bandana-y-hace-sonar-a-una-nueva-generacion-14-150x95.jpg","newsmatic-grid":"https:\/\/lobosnews.com.ar\/wp-content\/uploads\/2026\/08\/quiero-ser-una-estrella-un-dia-dentro-de-popstars-la-fabrica-que-pario-a-bandana-y-hace-sonar-a-una-nueva-generacion-14-400x250.jpg"},"magazineBlocksPostAuthor":{"name":"admin","avatar":"https:\/\/secure.gravatar.com\/avatar\/76e419471a2083bc3ceab22a763dbbf9b0c1bd15a6214cf3280e2c2dde4580f9?s=96&d=mm&r=g"},"magazineBlocksPostCommentsNumber":"0","magazineBlocksPostExcerpt":"Junio de 2026 y todo vuelve a comenzar. \u201cAyer grit\u00e9 un mont\u00f3n con el partido y me levant\u00e9 con la voz destruida\u201d, comenta una de las cientos de aspirantes de Popstars, bajita, de mechas rosas sobre la melena rubia y pesta\u00f1as arquead\u00edsimas, sobre la victoria que un d\u00eda antes obtuvo Argentina frente a Inglaterra en...","magazineBlocksPostCategories":["Cine y Series"],"magazineBlocksPostViewCount":90,"magazineBlocksPostReadTime":8,"magazine_blocks_featured_image_url":{"full":["https:\/\/lobosnews.com.ar\/wp-content\/uploads\/2026\/08\/quiero-ser-una-estrella-un-dia-dentro-de-popstars-la-fabrica-que-pario-a-bandana-y-hace-sonar-a-una-nueva-generacion-14-scaled.jpg",1707,2560,false],"medium":["https:\/\/lobosnews.com.ar\/wp-content\/uploads\/2026\/08\/quiero-ser-una-estrella-un-dia-dentro-de-popstars-la-fabrica-que-pario-a-bandana-y-hace-sonar-a-una-nueva-generacion-14-200x300.jpg",200,300,true],"thumbnail":["https:\/\/lobosnews.com.ar\/wp-content\/uploads\/2026\/08\/quiero-ser-una-estrella-un-dia-dentro-de-popstars-la-fabrica-que-pario-a-bandana-y-hace-sonar-a-una-nueva-generacion-14-150x150.jpg",150,150,true]},"magazine_blocks_author":{"display_name":"admin","author_link":"https:\/\/lobosnews.com.ar\/index.php\/author\/lobos-news\/"},"magazine_blocks_comment":0,"magazine_blocks_author_image":"https:\/\/secure.gravatar.com\/avatar\/76e419471a2083bc3ceab22a763dbbf9b0c1bd15a6214cf3280e2c2dde4580f9?s=96&d=mm&r=g","magazine_blocks_category":"<a href=\"#\" class=\"category-link category-link-79\">Cine y Series<\/a>","yoast_head":"<!-- This site is optimized with the Yoast SEO plugin v28.0 - https:\/\/yoast.com\/product\/yoast-seo-wordpress\/ -->\n<title>Quiero ser una estrella: un d\u00eda dentro de Popstars, la f\u00e1brica que pari\u00f3 a Bandana y hace so\u00f1ar a una nueva generaci\u00f3n - Lobos News<\/title>\n<meta name=\"robots\" content=\"index, follow, max-snippet:-1, max-image-preview:large, max-video-preview:-1\" \/>\n<link rel=\"canonical\" href=\"https:\/\/lobosnews.com.ar\/index.php\/2026\/08\/30\/quiero-ser-una-estrella-un-dia-dentro-de-popstars-la-fabrica-que-pario-a-bandana-y-hace-sonar-a-una-nueva-generacion\/\" \/>\n<meta property=\"og:locale\" content=\"es_ES\" \/>\n<meta property=\"og:type\" content=\"article\" \/>\n<meta property=\"og:title\" content=\"Quiero ser una estrella: un d\u00eda dentro de Popstars, la f\u00e1brica que pari\u00f3 a Bandana y hace so\u00f1ar a una nueva generaci\u00f3n - Lobos News\" \/>\n<meta property=\"og:description\" content=\"Junio de 2026 y todo vuelve a comenzar. \u201cAyer grit\u00e9 un mont\u00f3n con el partido y me levant\u00e9 con la voz destruida\u201d, comenta una de las cientos de aspirantes de Popstars, bajita, de mechas rosas sobre la melena rubia y pesta\u00f1as arquead\u00edsimas, sobre la victoria que un d\u00eda antes obtuvo Argentina frente a Inglaterra en...\" \/>\n<meta property=\"og:url\" content=\"https:\/\/lobosnews.com.ar\/index.php\/2026\/08\/30\/quiero-ser-una-estrella-un-dia-dentro-de-popstars-la-fabrica-que-pario-a-bandana-y-hace-sonar-a-una-nueva-generacion\/\" \/>\n<meta property=\"og:site_name\" content=\"Lobos News\" \/>\n<meta property=\"article:published_time\" content=\"2026-08-30T05:02:00+00:00\" \/>\n<meta property=\"article:modified_time\" content=\"2026-08-30T09:12:35+00:00\" \/>\n<meta property=\"og:image\" content=\"https:\/\/lobosnews.com.ar\/wp-content\/uploads\/2026\/08\/quiero-ser-una-estrella-un-dia-dentro-de-popstars-la-fabrica-que-pario-a-bandana-y-hace-sonar-a-una-nueva-generacion-14-scaled.jpg\" \/>\n\t<meta property=\"og:image:width\" content=\"1707\" \/>\n\t<meta property=\"og:image:height\" content=\"2560\" \/>\n\t<meta property=\"og:image:type\" content=\"image\/jpeg\" \/>\n<meta name=\"author\" content=\"admin\" \/>\n<meta name=\"twitter:card\" content=\"summary_large_image\" \/>\n<meta name=\"twitter:label1\" content=\"Escrito por\" \/>\n\t<meta name=\"twitter:data1\" content=\"admin\" \/>\n\t<meta name=\"twitter:label2\" content=\"Tiempo de lectura\" \/>\n\t<meta name=\"twitter:data2\" content=\"8 minutos\" \/>\n<script type=\"application\/ld+json\" class=\"yoast-schema-graph\">{\"@context\":\"https:\\\/\\\/schema.org\",\"@graph\":[{\"@type\":\"Article\",\"@id\":\"https:\\\/\\\/lobosnews.com.ar\\\/index.php\\\/2026\\\/08\\\/30\\\/quiero-ser-una-estrella-un-dia-dentro-de-popstars-la-fabrica-que-pario-a-bandana-y-hace-sonar-a-una-nueva-generacion\\\/#article\",\"isPartOf\":{\"@id\":\"https:\\\/\\\/lobosnews.com.ar\\\/index.php\\\/2026\\\/08\\\/30\\\/quiero-ser-una-estrella-un-dia-dentro-de-popstars-la-fabrica-que-pario-a-bandana-y-hace-sonar-a-una-nueva-generacion\\\/\"},\"author\":{\"name\":\"admin\",\"@id\":\"https:\\\/\\\/lobosnews.com.ar\\\/#\\\/schema\\\/person\\\/232422a593d5c541dd9aef6aaed10943\"},\"headline\":\"Quiero ser una estrella: un d\u00eda dentro de Popstars, la f\u00e1brica que pari\u00f3 a Bandana y hace so\u00f1ar a una nueva generaci\u00f3n\",\"datePublished\":\"2026-08-30T05:02:00+00:00\",\"dateModified\":\"2026-08-30T09:12:35+00:00\",\"mainEntityOfPage\":{\"@id\":\"https:\\\/\\\/lobosnews.com.ar\\\/index.php\\\/2026\\\/08\\\/30\\\/quiero-ser-una-estrella-un-dia-dentro-de-popstars-la-fabrica-que-pario-a-bandana-y-hace-sonar-a-una-nueva-generacion\\\/\"},\"wordCount\":1580,\"commentCount\":0,\"publisher\":{\"@id\":\"https:\\\/\\\/lobosnews.com.ar\\\/#organization\"},\"image\":{\"@id\":\"https:\\\/\\\/lobosnews.com.ar\\\/index.php\\\/2026\\\/08\\\/30\\\/quiero-ser-una-estrella-un-dia-dentro-de-popstars-la-fabrica-que-pario-a-bandana-y-hace-sonar-a-una-nueva-generacion\\\/#primaryimage\"},\"thumbnailUrl\":\"https:\\\/\\\/lobosnews.com.ar\\\/wp-content\\\/uploads\\\/2026\\\/08\\\/quiero-ser-una-estrella-un-dia-dentro-de-popstars-la-fabrica-que-pario-a-bandana-y-hace-sonar-a-una-nueva-generacion-14-scaled.jpg\",\"articleSection\":[\"Cine y Series\"],\"inLanguage\":\"es\",\"potentialAction\":[{\"@type\":\"CommentAction\",\"name\":\"Comment\",\"target\":[\"https:\\\/\\\/lobosnews.com.ar\\\/index.php\\\/2026\\\/08\\\/30\\\/quiero-ser-una-estrella-un-dia-dentro-de-popstars-la-fabrica-que-pario-a-bandana-y-hace-sonar-a-una-nueva-generacion\\\/#respond\"]}]},{\"@type\":\"WebPage\",\"@id\":\"https:\\\/\\\/lobosnews.com.ar\\\/index.php\\\/2026\\\/08\\\/30\\\/quiero-ser-una-estrella-un-dia-dentro-de-popstars-la-fabrica-que-pario-a-bandana-y-hace-sonar-a-una-nueva-generacion\\\/\",\"url\":\"https:\\\/\\\/lobosnews.com.ar\\\/index.php\\\/2026\\\/08\\\/30\\\/quiero-ser-una-estrella-un-dia-dentro-de-popstars-la-fabrica-que-pario-a-bandana-y-hace-sonar-a-una-nueva-generacion\\\/\",\"name\":\"Quiero ser una estrella: un d\u00eda dentro de Popstars, la f\u00e1brica que pari\u00f3 a Bandana y hace so\u00f1ar a una nueva generaci\u00f3n - Lobos News\",\"isPartOf\":{\"@id\":\"https:\\\/\\\/lobosnews.com.ar\\\/#website\"},\"primaryImageOfPage\":{\"@id\":\"https:\\\/\\\/lobosnews.com.ar\\\/index.php\\\/2026\\\/08\\\/30\\\/quiero-ser-una-estrella-un-dia-dentro-de-popstars-la-fabrica-que-pario-a-bandana-y-hace-sonar-a-una-nueva-generacion\\\/#primaryimage\"},\"image\":{\"@id\":\"https:\\\/\\\/lobosnews.com.ar\\\/index.php\\\/2026\\\/08\\\/30\\\/quiero-ser-una-estrella-un-dia-dentro-de-popstars-la-fabrica-que-pario-a-bandana-y-hace-sonar-a-una-nueva-generacion\\\/#primaryimage\"},\"thumbnailUrl\":\"https:\\\/\\\/lobosnews.com.ar\\\/wp-content\\\/uploads\\\/2026\\\/08\\\/quiero-ser-una-estrella-un-dia-dentro-de-popstars-la-fabrica-que-pario-a-bandana-y-hace-sonar-a-una-nueva-generacion-14-scaled.jpg\",\"datePublished\":\"2026-08-30T05:02:00+00:00\",\"dateModified\":\"2026-08-30T09:12:35+00:00\",\"breadcrumb\":{\"@id\":\"https:\\\/\\\/lobosnews.com.ar\\\/index.php\\\/2026\\\/08\\\/30\\\/quiero-ser-una-estrella-un-dia-dentro-de-popstars-la-fabrica-que-pario-a-bandana-y-hace-sonar-a-una-nueva-generacion\\\/#breadcrumb\"},\"inLanguage\":\"es\",\"potentialAction\":[{\"@type\":\"ReadAction\",\"target\":[\"https:\\\/\\\/lobosnews.com.ar\\\/index.php\\\/2026\\\/08\\\/30\\\/quiero-ser-una-estrella-un-dia-dentro-de-popstars-la-fabrica-que-pario-a-bandana-y-hace-sonar-a-una-nueva-generacion\\\/\"]}]},{\"@type\":\"ImageObject\",\"inLanguage\":\"es\",\"@id\":\"https:\\\/\\\/lobosnews.com.ar\\\/index.php\\\/2026\\\/08\\\/30\\\/quiero-ser-una-estrella-un-dia-dentro-de-popstars-la-fabrica-que-pario-a-bandana-y-hace-sonar-a-una-nueva-generacion\\\/#primaryimage\",\"url\":\"https:\\\/\\\/lobosnews.com.ar\\\/wp-content\\\/uploads\\\/2026\\\/08\\\/quiero-ser-una-estrella-un-dia-dentro-de-popstars-la-fabrica-que-pario-a-bandana-y-hace-sonar-a-una-nueva-generacion-14-scaled.jpg\",\"contentUrl\":\"https:\\\/\\\/lobosnews.com.ar\\\/wp-content\\\/uploads\\\/2026\\\/08\\\/quiero-ser-una-estrella-un-dia-dentro-de-popstars-la-fabrica-que-pario-a-bandana-y-hace-sonar-a-una-nueva-generacion-14-scaled.jpg\",\"width\":1707,\"height\":2560,\"caption\":\"Quiero ser una estrella: un d\u00eda dentro de Popstars, la f\u00e1brica que pari\u00f3 a Bandana y hace so\u00f1ar a una nueva generaci\u00f3n\"},{\"@type\":\"BreadcrumbList\",\"@id\":\"https:\\\/\\\/lobosnews.com.ar\\\/index.php\\\/2026\\\/08\\\/30\\\/quiero-ser-una-estrella-un-dia-dentro-de-popstars-la-fabrica-que-pario-a-bandana-y-hace-sonar-a-una-nueva-generacion\\\/#breadcrumb\",\"itemListElement\":[{\"@type\":\"ListItem\",\"position\":1,\"name\":\"Portada\",\"item\":\"https:\\\/\\\/lobosnews.com.ar\\\/\"},{\"@type\":\"ListItem\",\"position\":2,\"name\":\"Quiero ser una estrella: un d\u00eda dentro de Popstars, la f\u00e1brica que pari\u00f3 a Bandana y hace so\u00f1ar a una nueva generaci\u00f3n\"}]},{\"@type\":\"WebSite\",\"@id\":\"https:\\\/\\\/lobosnews.com.ar\\\/#website\",\"url\":\"https:\\\/\\\/lobosnews.com.ar\\\/\",\"name\":\"Lobos News\",\"description\":\"Informaci\u00f3n a cada instante\",\"publisher\":{\"@id\":\"https:\\\/\\\/lobosnews.com.ar\\\/#organization\"},\"potentialAction\":[{\"@type\":\"SearchAction\",\"target\":{\"@type\":\"EntryPoint\",\"urlTemplate\":\"https:\\\/\\\/lobosnews.com.ar\\\/?s={search_term_string}\"},\"query-input\":{\"@type\":\"PropertyValueSpecification\",\"valueRequired\":true,\"valueName\":\"search_term_string\"}}],\"inLanguage\":\"es\"},{\"@type\":\"Organization\",\"@id\":\"https:\\\/\\\/lobosnews.com.ar\\\/#organization\",\"name\":\"Lobos News\",\"url\":\"https:\\\/\\\/lobosnews.com.ar\\\/\",\"logo\":{\"@type\":\"ImageObject\",\"inLanguage\":\"es\",\"@id\":\"https:\\\/\\\/lobosnews.com.ar\\\/#\\\/schema\\\/logo\\\/image\\\/\",\"url\":\"https:\\\/\\\/lobosnews.com.ar\\\/wp-content\\\/uploads\\\/2026\\\/01\\\/logo-lobosnews.png\",\"contentUrl\":\"https:\\\/\\\/lobosnews.com.ar\\\/wp-content\\\/uploads\\\/2026\\\/01\\\/logo-lobosnews.png\",\"width\":500,\"height\":200,\"caption\":\"Lobos News\"},\"image\":{\"@id\":\"https:\\\/\\\/lobosnews.com.ar\\\/#\\\/schema\\\/logo\\\/image\\\/\"}},{\"@type\":\"Person\",\"@id\":\"https:\\\/\\\/lobosnews.com.ar\\\/#\\\/schema\\\/person\\\/232422a593d5c541dd9aef6aaed10943\",\"name\":\"admin\",\"image\":{\"@type\":\"ImageObject\",\"inLanguage\":\"es\",\"@id\":\"https:\\\/\\\/secure.gravatar.com\\\/avatar\\\/76e419471a2083bc3ceab22a763dbbf9b0c1bd15a6214cf3280e2c2dde4580f9?s=96&d=mm&r=g\",\"url\":\"https:\\\/\\\/secure.gravatar.com\\\/avatar\\\/76e419471a2083bc3ceab22a763dbbf9b0c1bd15a6214cf3280e2c2dde4580f9?s=96&d=mm&r=g\",\"contentUrl\":\"https:\\\/\\\/secure.gravatar.com\\\/avatar\\\/76e419471a2083bc3ceab22a763dbbf9b0c1bd15a6214cf3280e2c2dde4580f9?s=96&d=mm&r=g\",\"caption\":\"admin\"},\"sameAs\":[\"https:\\\/\\\/lobosnews.com.ar\"],\"url\":\"https:\\\/\\\/lobosnews.com.ar\\\/index.php\\\/author\\\/lobos-news\\\/\"}]}<\/script>\n<!-- \/ Yoast SEO plugin. -->","yoast_head_json":{"title":"Quiero ser una estrella: un d\u00eda dentro de Popstars, la f\u00e1brica que pari\u00f3 a Bandana y hace so\u00f1ar a una nueva generaci\u00f3n - Lobos News","robots":{"index":"index","follow":"follow","max-snippet":"max-snippet:-1","max-image-preview":"max-image-preview:large","max-video-preview":"max-video-preview:-1"},"canonical":"https:\/\/lobosnews.com.ar\/index.php\/2026\/08\/30\/quiero-ser-una-estrella-un-dia-dentro-de-popstars-la-fabrica-que-pario-a-bandana-y-hace-sonar-a-una-nueva-generacion\/","og_locale":"es_ES","og_type":"article","og_title":"Quiero ser una estrella: un d\u00eda dentro de Popstars, la f\u00e1brica que pari\u00f3 a Bandana y hace so\u00f1ar a una nueva generaci\u00f3n - Lobos News","og_description":"Junio de 2026 y todo vuelve a comenzar. \u201cAyer grit\u00e9 un mont\u00f3n con el partido y me levant\u00e9 con la voz destruida\u201d, comenta una de las cientos de aspirantes de Popstars, bajita, de mechas rosas sobre la melena rubia y pesta\u00f1as arquead\u00edsimas, sobre la victoria que un d\u00eda antes obtuvo Argentina frente a Inglaterra en...","og_url":"https:\/\/lobosnews.com.ar\/index.php\/2026\/08\/30\/quiero-ser-una-estrella-un-dia-dentro-de-popstars-la-fabrica-que-pario-a-bandana-y-hace-sonar-a-una-nueva-generacion\/","og_site_name":"Lobos News","article_published_time":"2026-08-30T05:02:00+00:00","article_modified_time":"2026-08-30T09:12:35+00:00","og_image":[{"width":1707,"height":2560,"url":"https:\/\/lobosnews.com.ar\/wp-content\/uploads\/2026\/08\/quiero-ser-una-estrella-un-dia-dentro-de-popstars-la-fabrica-que-pario-a-bandana-y-hace-sonar-a-una-nueva-generacion-14-scaled.jpg","type":"image\/jpeg"}],"author":"admin","twitter_card":"summary_large_image","twitter_misc":{"Escrito por":"admin","Tiempo de lectura":"8 minutos"},"schema":{"@context":"https:\/\/schema.org","@graph":[{"@type":"Article","@id":"https:\/\/lobosnews.com.ar\/index.php\/2026\/08\/30\/quiero-ser-una-estrella-un-dia-dentro-de-popstars-la-fabrica-que-pario-a-bandana-y-hace-sonar-a-una-nueva-generacion\/#article","isPartOf":{"@id":"https:\/\/lobosnews.com.ar\/index.php\/2026\/08\/30\/quiero-ser-una-estrella-un-dia-dentro-de-popstars-la-fabrica-que-pario-a-bandana-y-hace-sonar-a-una-nueva-generacion\/"},"author":{"name":"admin","@id":"https:\/\/lobosnews.com.ar\/#\/schema\/person\/232422a593d5c541dd9aef6aaed10943"},"headline":"Quiero ser una estrella: un d\u00eda dentro de Popstars, la f\u00e1brica que pari\u00f3 a Bandana y hace so\u00f1ar a una nueva generaci\u00f3n","datePublished":"2026-08-30T05:02:00+00:00","dateModified":"2026-08-30T09:12:35+00:00","mainEntityOfPage":{"@id":"https:\/\/lobosnews.com.ar\/index.php\/2026\/08\/30\/quiero-ser-una-estrella-un-dia-dentro-de-popstars-la-fabrica-que-pario-a-bandana-y-hace-sonar-a-una-nueva-generacion\/"},"wordCount":1580,"commentCount":0,"publisher":{"@id":"https:\/\/lobosnews.com.ar\/#organization"},"image":{"@id":"https:\/\/lobosnews.com.ar\/index.php\/2026\/08\/30\/quiero-ser-una-estrella-un-dia-dentro-de-popstars-la-fabrica-que-pario-a-bandana-y-hace-sonar-a-una-nueva-generacion\/#primaryimage"},"thumbnailUrl":"https:\/\/lobosnews.com.ar\/wp-content\/uploads\/2026\/08\/quiero-ser-una-estrella-un-dia-dentro-de-popstars-la-fabrica-que-pario-a-bandana-y-hace-sonar-a-una-nueva-generacion-14-scaled.jpg","articleSection":["Cine y Series"],"inLanguage":"es","potentialAction":[{"@type":"CommentAction","name":"Comment","target":["https:\/\/lobosnews.com.ar\/index.php\/2026\/08\/30\/quiero-ser-una-estrella-un-dia-dentro-de-popstars-la-fabrica-que-pario-a-bandana-y-hace-sonar-a-una-nueva-generacion\/#respond"]}]},{"@type":"WebPage","@id":"https:\/\/lobosnews.com.ar\/index.php\/2026\/08\/30\/quiero-ser-una-estrella-un-dia-dentro-de-popstars-la-fabrica-que-pario-a-bandana-y-hace-sonar-a-una-nueva-generacion\/","url":"https:\/\/lobosnews.com.ar\/index.php\/2026\/08\/30\/quiero-ser-una-estrella-un-dia-dentro-de-popstars-la-fabrica-que-pario-a-bandana-y-hace-sonar-a-una-nueva-generacion\/","name":"Quiero ser una estrella: un d\u00eda dentro de Popstars, la f\u00e1brica que pari\u00f3 a Bandana y hace so\u00f1ar a una nueva generaci\u00f3n - Lobos News","isPartOf":{"@id":"https:\/\/lobosnews.com.ar\/#website"},"primaryImageOfPage":{"@id":"https:\/\/lobosnews.com.ar\/index.php\/2026\/08\/30\/quiero-ser-una-estrella-un-dia-dentro-de-popstars-la-fabrica-que-pario-a-bandana-y-hace-sonar-a-una-nueva-generacion\/#primaryimage"},"image":{"@id":"https:\/\/lobosnews.com.ar\/index.php\/2026\/08\/30\/quiero-ser-una-estrella-un-dia-dentro-de-popstars-la-fabrica-que-pario-a-bandana-y-hace-sonar-a-una-nueva-generacion\/#primaryimage"},"thumbnailUrl":"https:\/\/lobosnews.com.ar\/wp-content\/uploads\/2026\/08\/quiero-ser-una-estrella-un-dia-dentro-de-popstars-la-fabrica-que-pario-a-bandana-y-hace-sonar-a-una-nueva-generacion-14-scaled.jpg","datePublished":"2026-08-30T05:02:00+00:00","dateModified":"2026-08-30T09:12:35+00:00","breadcrumb":{"@id":"https:\/\/lobosnews.com.ar\/index.php\/2026\/08\/30\/quiero-ser-una-estrella-un-dia-dentro-de-popstars-la-fabrica-que-pario-a-bandana-y-hace-sonar-a-una-nueva-generacion\/#breadcrumb"},"inLanguage":"es","potentialAction":[{"@type":"ReadAction","target":["https:\/\/lobosnews.com.ar\/index.php\/2026\/08\/30\/quiero-ser-una-estrella-un-dia-dentro-de-popstars-la-fabrica-que-pario-a-bandana-y-hace-sonar-a-una-nueva-generacion\/"]}]},{"@type":"ImageObject","inLanguage":"es","@id":"https:\/\/lobosnews.com.ar\/index.php\/2026\/08\/30\/quiero-ser-una-estrella-un-dia-dentro-de-popstars-la-fabrica-que-pario-a-bandana-y-hace-sonar-a-una-nueva-generacion\/#primaryimage","url":"https:\/\/lobosnews.com.ar\/wp-content\/uploads\/2026\/08\/quiero-ser-una-estrella-un-dia-dentro-de-popstars-la-fabrica-que-pario-a-bandana-y-hace-sonar-a-una-nueva-generacion-14-scaled.jpg","contentUrl":"https:\/\/lobosnews.com.ar\/wp-content\/uploads\/2026\/08\/quiero-ser-una-estrella-un-dia-dentro-de-popstars-la-fabrica-que-pario-a-bandana-y-hace-sonar-a-una-nueva-generacion-14-scaled.jpg","width":1707,"height":2560,"caption":"Quiero ser una estrella: un d\u00eda dentro de Popstars, la f\u00e1brica que pari\u00f3 a Bandana y hace so\u00f1ar a una nueva generaci\u00f3n"},{"@type":"BreadcrumbList","@id":"https:\/\/lobosnews.com.ar\/index.php\/2026\/08\/30\/quiero-ser-una-estrella-un-dia-dentro-de-popstars-la-fabrica-que-pario-a-bandana-y-hace-sonar-a-una-nueva-generacion\/#breadcrumb","itemListElement":[{"@type":"ListItem","position":1,"name":"Portada","item":"https:\/\/lobosnews.com.ar\/"},{"@type":"ListItem","position":2,"name":"Quiero ser una estrella: un d\u00eda dentro de Popstars, la f\u00e1brica que pari\u00f3 a Bandana y hace so\u00f1ar a una nueva generaci\u00f3n"}]},{"@type":"WebSite","@id":"https:\/\/lobosnews.com.ar\/#website","url":"https:\/\/lobosnews.com.ar\/","name":"Lobos News","description":"Informaci\u00f3n a cada instante","publisher":{"@id":"https:\/\/lobosnews.com.ar\/#organization"},"potentialAction":[{"@type":"SearchAction","target":{"@type":"EntryPoint","urlTemplate":"https:\/\/lobosnews.com.ar\/?s={search_term_string}"},"query-input":{"@type":"PropertyValueSpecification","valueRequired":true,"valueName":"search_term_string"}}],"inLanguage":"es"},{"@type":"Organization","@id":"https:\/\/lobosnews.com.ar\/#organization","name":"Lobos News","url":"https:\/\/lobosnews.com.ar\/","logo":{"@type":"ImageObject","inLanguage":"es","@id":"https:\/\/lobosnews.com.ar\/#\/schema\/logo\/image\/","url":"https:\/\/lobosnews.com.ar\/wp-content\/uploads\/2026\/01\/logo-lobosnews.png","contentUrl":"https:\/\/lobosnews.com.ar\/wp-content\/uploads\/2026\/01\/logo-lobosnews.png","width":500,"height":200,"caption":"Lobos News"},"image":{"@id":"https:\/\/lobosnews.com.ar\/#\/schema\/logo\/image\/"}},{"@type":"Person","@id":"https:\/\/lobosnews.com.ar\/#\/schema\/person\/232422a593d5c541dd9aef6aaed10943","name":"admin","image":{"@type":"ImageObject","inLanguage":"es","@id":"https:\/\/secure.gravatar.com\/avatar\/76e419471a2083bc3ceab22a763dbbf9b0c1bd15a6214cf3280e2c2dde4580f9?s=96&d=mm&r=g","url":"https:\/\/secure.gravatar.com\/avatar\/76e419471a2083bc3ceab22a763dbbf9b0c1bd15a6214cf3280e2c2dde4580f9?s=96&d=mm&r=g","contentUrl":"https:\/\/secure.gravatar.com\/avatar\/76e419471a2083bc3ceab22a763dbbf9b0c1bd15a6214cf3280e2c2dde4580f9?s=96&d=mm&r=g","caption":"admin"},"sameAs":["https:\/\/lobosnews.com.ar"],"url":"https:\/\/lobosnews.com.ar\/index.php\/author\/lobos-news\/"}]}},"jetpack_featured_media_url":"https:\/\/lobosnews.com.ar\/wp-content\/uploads\/2026\/08\/quiero-ser-una-estrella-un-dia-dentro-de-popstars-la-fabrica-que-pario-a-bandana-y-hace-sonar-a-una-nueva-generacion-14-scaled.jpg","jetpack_sharing_enabled":true,"_links":{"self":[{"href":"https:\/\/lobosnews.com.ar\/index.php\/wp-json\/wp\/v2\/posts\/95513","targetHints":{"allow":["GET"]}}],"collection":[{"href":"https:\/\/lobosnews.com.ar\/index.php\/wp-json\/wp\/v2\/posts"}],"about":[{"href":"https:\/\/lobosnews.com.ar\/index.php\/wp-json\/wp\/v2\/types\/post"}],"author":[{"embeddable":true,"href":"https:\/\/lobosnews.com.ar\/index.php\/wp-json\/wp\/v2\/users\/1"}],"replies":[{"embeddable":true,"href":"https:\/\/lobosnews.com.ar\/index.php\/wp-json\/wp\/v2\/comments?post=95513"}],"version-history":[{"count":1,"href":"https:\/\/lobosnews.com.ar\/index.php\/wp-json\/wp\/v2\/posts\/95513\/revisions"}],"predecessor-version":[{"id":95522,"href":"https:\/\/lobosnews.com.ar\/index.php\/wp-json\/wp\/v2\/posts\/95513\/revisions\/95522"}],"wp:featuredmedia":[{"embeddable":true,"href":"https:\/\/lobosnews.com.ar\/index.php\/wp-json\/wp\/v2\/media\/95523"}],"wp:attachment":[{"href":"https:\/\/lobosnews.com.ar\/index.php\/wp-json\/wp\/v2\/media?parent=95513"}],"wp:term":[{"taxonomy":"category","embeddable":true,"href":"https:\/\/lobosnews.com.ar\/index.php\/wp-json\/wp\/v2\/categories?post=95513"},{"taxonomy":"post_tag","embeddable":true,"href":"https:\/\/lobosnews.com.ar\/index.php\/wp-json\/wp\/v2\/tags?post=95513"}],"curies":[{"name":"wp","href":"https:\/\/api.w.org\/{rel}","templated":true}]}}