{"id":95409,"date":"2026-08-29T22:16:11","date_gmt":"2026-08-29T22:16:11","guid":{"rendered":"https:\/\/lobosnews.com.ar\/?p=95409"},"modified":"2026-08-30T02:19:36","modified_gmt":"2026-08-30T02:19:36","slug":"muertes-subitas-en-lactantes-que-factores-vuelven-mas-riesgoso-el-colecho-segun-un-estudio","status":"publish","type":"post","link":"https:\/\/lobosnews.com.ar\/index.php\/2026\/08\/29\/muertes-subitas-en-lactantes-que-factores-vuelven-mas-riesgoso-el-colecho-segun-un-estudio\/","title":{"rendered":"Muertes s\u00fabitas en lactantes: qu\u00e9 factores vuelven m\u00e1s riesgoso el colecho, seg\u00fan un estudio"},"content":{"rendered":"<p><img fetchpriority=\"high\" decoding=\"async\" src=\"https:\/\/lobosnews.com.ar\/wp-content\/uploads\/2026\/08\/muertes-subitas-en-lactantes-que-factores-vuelven-mas-riesgoso-el-colecho-segun-un-estudio.jpg\" alt=\"Un estudio sobre 7.595 muertes s\u00fabitas e inesperadas de lactantes en Estados Unidos volvi\u00f3 a poner el foco en el colecho y en el entorno de sue\u00f1o del beb\u00e9 (Imagen Ilustrativa Infobae)\" height=\"1286\" width=\"2286\"\/><\/p>\n<p>Un an\u00e1lisis reciente sobre <b>7.595 <\/b><span class=\"waslinkname\"><b>muertes s\u00fabitas<\/b><\/span> e <b>inesperadas de lactantes<\/b> en <b>Estados Unidos<\/b> volvi\u00f3 a poner bajo la lupa una pr\u00e1ctica extendida en muchos hogares: <b>compartir la <\/b><span class=\"waslinkname\"><b>superficie de sue\u00f1o<\/b><\/span> con el beb\u00e9.<\/p>\n<p>Tal como inform\u00f3 <i>National Geographic<\/i> al abordar este debate, la costumbre de dormir cerca tiene<b> ra\u00edces profundas<\/b> en la <span class=\"waslinkname\">historia humana<\/span>. Sin embargo, en la actualidad, se da en entornos dom\u00e9sticos muy distintos, donde colchones blandos, almohadas y superficies elevadas pueden modificar la relaci\u00f3n entre proximidad y cuidado.<\/p>\n<p>La discusi\u00f3n no es solo cultural. Tambi\u00e9n plantea una pregunta sanitaria concreta: <b>\u00bfen qu\u00e9 condiciones dormir cerca del beb\u00e9 representa un peligro?<\/b> Un estudio reciente publicado en la revista <span class=\"waslinkname\"><i>Pediatrics<\/i><\/span> analiz\u00f3 entornos de sue\u00f1o en miles de muertes infantiles registradas en 23 jurisdicciones estadounidenses. El hallazgo central no ofrece una respuesta definitiva sobre el colecho, pero s\u00ed una advertencia precisa.<\/p>\n<p><img loading=\"lazy\" decoding=\"async\" src=\"https:\/\/lobosnews.com.ar\/wp-content\/uploads\/2026\/08\/muertes-subitas-en-lactantes-que-factores-vuelven-mas-riesgoso-el-colecho-segun-un-estudio-1.jpg\" alt=\"El an\u00e1lisis publicado en Pediatrics mostr\u00f3 que 59,5% de los casos ocurri\u00f3 cuando el lactante compart\u00eda la superficie para dormir (Imagen Ilustrativa Infobae)\" height=\"768\" width=\"1408\"\/><\/p>\n<p>Seg\u00fan se detalla en el estudio, <b>el 59,5% de los casos <\/b>ocurri\u00f3 mientras el lactante <b>compart\u00eda una superficie<\/b> para dormir y, adem\u00e1s, <b>al menos el 76% de todas las muertes analizadas<\/b> presentaba m\u00faltiples factores inseguros. Ese patr\u00f3n sugiere que el riesgo no suele concentrarse en un solo elemento, sino en una <b>combinaci\u00f3n de circunstancias<\/b>.<\/p>\n<h2>Qu\u00e9 encontr\u00f3 el estudio<\/h2>\n<p>El trabajo analiz\u00f3 <b>muertes s\u00fabitas<\/b> e <b>inesperadas de lactantes<\/b> ocurridas entre <b>2011 y 2020<\/b>. Su objetivo fue describir las <b>caracter\u00edsticas de los casos<\/b> sobre superficies compartidas y no compartidas, sin calcular por s\u00ed mismo cu\u00e1nto m\u00e1s frecuente es cada pr\u00e1ctica en la poblaci\u00f3n general.<\/p>\n<p><img loading=\"lazy\" decoding=\"async\" src=\"https:\/\/lobosnews.com.ar\/wp-content\/uploads\/2026\/08\/muertes-subitas-en-lactantes-que-factores-vuelven-mas-riesgoso-el-colecho-segun-un-estudio-2.jpg\" alt=\"El estudio sobre sue\u00f1o infantil indic\u00f3 que al menos 76% de las muertes analizadas presentaba m\u00faltiples factores inseguros en el entorno de sue\u00f1o (Imagen Ilustrativa Infobae)\" height=\"1536\" width=\"2752\"\/><\/p>\n<p>Por eso, sus resultados permiten retratar <b>contextos de muerte<\/b>, pero no establecer de manera aislada el <b>riesgo absoluto<\/b> de cada <b>modalidad de sue\u00f1o<\/b>. Dentro de los casos en que el beb\u00e9 compart\u00eda la superficie, predominaban los <b>menores de 3 meses<\/b>.<\/p>\n<p>Adem\u00e1s, el estudio se\u00f1al\u00f3 que estos lactantes eran hallados en <b>camas de adultos o sillones <\/b>y que la exposici\u00f3n prenatal al <b>humo del cigarrillo<\/b>, as\u00ed como el consumo de <b>alcohol <\/b>o <b>drogas <\/b>por parte del adulto a cargo, eran factores frecuentes.<\/p>\n<p>Entre los fallecimientos sobre superficies compartidas, <b>el 68,2% de los beb\u00e9s dorm\u00eda<\/b> con <b>adultos solamente<\/b>, <b>el 75,9% estaba en una cama de adulto<\/b> y <b>el 51,6% compart\u00eda con una sola persona<\/b>.<\/p>\n<p><img loading=\"lazy\" decoding=\"async\" src=\"https:\/\/lobosnews.com.ar\/wp-content\/uploads\/2026\/08\/muertes-subitas-en-lactantes-que-factores-vuelven-mas-riesgoso-el-colecho-segun-un-estudio-3.jpg\" alt=\"Entre los casos de colecho, predominaban los beb\u00e9s menores de 3 meses y los hallazgos en camas de adulto o sillones (Imagen Ilustrativa Infobae)\" height=\"1536\" width=\"2816\"\/><\/p>\n<h2>Qu\u00e9 aportan los especialistas al debate<\/h2>\n<p>La antrop\u00f3loga <b>Helen Ball<\/b>, de la <b>Universidad de Durham<\/b>, lleva d\u00e9cadas estudiando una distinci\u00f3n que suele perderse en la <b>discusi\u00f3n p\u00fablica<\/b>: no es lo mismo hablar de <b>compartir la cama<\/b> como categor\u00eda general que describir las <b>condiciones concretas<\/b> que pueden volver m\u00e1s riesgosa esa situaci\u00f3n.<\/p>\n<p>Seg\u00fan <i>National Geographic<\/i>, Ball considera esencial combinar la recomendaci\u00f3n m\u00e1s segura con la explicaci\u00f3n clara de qu\u00e9 escenarios elevan el peligro cuando el colecho ocurre de todas formas.<\/p>\n<p><img loading=\"lazy\" decoding=\"async\" src=\"https:\/\/lobosnews.com.ar\/wp-content\/uploads\/2026\/08\/muertes-subitas-en-lactantes-que-factores-vuelven-mas-riesgoso-el-colecho-segun-un-estudio-4.jpg\" alt=\"El trabajo registr\u00f3 con m\u00e1s frecuencia exposici\u00f3n prenatal al humo del cigarrillo y alteraci\u00f3n de la vigilancia del cuidador por alcohol o drogas (Imagen Ilustrativa Infobae)\" height=\"768\" width=\"1408\"\/><\/p>\n<p>El problema no aparece como una <b>decisi\u00f3n binaria<\/b> entre <b>cama compartida<\/b> o <b>cuna separada<\/b>, sino como una trama de variables que incluye la edad del beb\u00e9, el tipo de superficie, la presencia de ropa de cama blanda y el estado de alerta del adulto. As\u00ed, el estudio refuerza la idea de que el entorno completo importa tanto como la proximidad f\u00edsica.<\/p>\n<p>El antrop\u00f3logo biol\u00f3gico <b>James McKenna<\/b>, conocido por investigar la relaci\u00f3n entre <b>lactancia<\/b> y <b>sue\u00f1o infantil<\/b>, propuso junto con otros autores el t\u00e9rmino <i><b>breastsleeping<\/b><\/i>, una forma de nombrar la situaci\u00f3n en que una madre que amamanta duerme cerca de su beb\u00e9 sin otros peligros conocidos.<\/p>\n<p><img loading=\"lazy\" decoding=\"async\" src=\"https:\/\/lobosnews.com.ar\/wp-content\/uploads\/2026\/08\/muertes-subitas-en-lactantes-que-factores-vuelven-mas-riesgoso-el-colecho-segun-un-estudio-5.jpg\" alt=\"Los datos del estudio se\u00f1alaron que 75,9% de los fallecimientos sobre superficies compartidas ocurri\u00f3 en una cama de adulto y que 68,2% de los beb\u00e9s dorm\u00eda solo con adultos (Freepik)\" height=\"5327\" width=\"7990\"\/><\/p>\n<p><i>National Geographic<\/i> retoma ese concepto para mostrar que <b>alimentaci\u00f3n nocturna<\/b>, <b>respuesta materna<\/b> y <b>sue\u00f1o<\/b> forman parte de una misma <b>ecolog\u00eda biol\u00f3gica<\/b>. Aun as\u00ed, esa perspectiva no invalida la advertencia central de las gu\u00edas pedi\u00e1tricas actuales sobre los riesgos del entorno moderno.<\/p>\n<h2>Por qu\u00e9 las gu\u00edas siguen desaconsejando compartir la cama<\/h2>\n<p>Las recomendaciones de la <b>Academia Estadounidense de Pediatr\u00eda<\/b> mantienen que el <b>lugar m\u00e1s seguro<\/b> para dormir es una <b>superficie firme<\/b>, <b>plana y separada<\/b>, ubicada en la habitaci\u00f3n de los padres.<\/p>\n<p>El estudio reciente no modifica ese criterio. M\u00e1s bien ofrece una <b>radiograf\u00eda actualizada<\/b> de los <b>casos fatales<\/b> y muestra con mayor detalle d\u00f3nde se concentraban varias <b>condiciones inseguras<\/b> a la vez.<\/p>\n<p><img loading=\"lazy\" decoding=\"async\" src=\"https:\/\/lobosnews.com.ar\/wp-content\/uploads\/2026\/08\/muertes-subitas-en-lactantes-que-factores-vuelven-mas-riesgoso-el-colecho-segun-un-estudio-6.jpg\" alt=\"Helen Ball sostuvo que el debate sobre el colecho debe distinguir entre compartir la cama y las condiciones concretas que aumentan el riesgo para el beb\u00e9 (Imagen Ilustrativa Infobae)\" height=\"1536\" width=\"2752\"\/><\/p>\n<p>Seg\u00fan detalla el estudio, la mayor\u00eda de las muertes s\u00fabitas e inesperadas de lactantes analizadas presentaba m\u00faltiples factores de sue\u00f1o inseguros, sin importar si el beb\u00e9 dorm\u00eda sobre una superficie compartida o no. El n\u00facleo del hallazgo es que el riesgo del sue\u00f1o infantil rara vez depende de un \u00fanico h\u00e1bito aislado.<\/p>\n<p>En los primeros meses de vida, cuando la vulnerabilidad es mayor, las combinaciones entre cama de adulto, ropa blanda, humo de tabaco o alteraci\u00f3n del estado de alerta pueden volver m\u00e1s fr\u00e1gil al lactante.<\/p>\n<p><img loading=\"lazy\" decoding=\"async\" src=\"https:\/\/lobosnews.com.ar\/wp-content\/uploads\/2026\/08\/muertes-subitas-en-lactantes-que-factores-vuelven-mas-riesgoso-el-colecho-segun-un-estudio-7.jpg\" alt=\"La Academia Estadounidense de Pediatr\u00eda mantiene que el sue\u00f1o seguro del beb\u00e9 requiere una superficie firme, plana y separada, en la habitaci\u00f3n de los padres (Freepik)\" height=\"4912\" width=\"7360\"\/><\/p>\n<p>Por eso, la recomendaci\u00f3n sanitaria actual se mantiene sin cambios: que el beb\u00e9 duerma <b>boca arriba<\/b>, sobre una <b>superficie firme y separada<\/b>, sin almohadas ni mantas sueltas, cerca de sus cuidadores pero no en la misma cama.<\/p>\n<p>El nuevo an\u00e1lisis no clausura el debate cultural sobre la cercan\u00eda nocturna, pero s\u00ed aporta evidencia reciente para describir con m\u00e1s precisi\u00f3n en qu\u00e9 contextos se acumulan los riesgos.<\/p>\n","protected":false},"excerpt":{"rendered":"<p>Un an\u00e1lisis reciente sobre 7.595 muertes s\u00fabitas e inesperadas de lactantes en Estados Unidos volvi\u00f3 a poner bajo la lupa una pr\u00e1ctica extendida en muchos hogares: compartir la superficie de sue\u00f1o con el beb\u00e9. Tal como inform\u00f3 National Geographic al abordar este debate, la costumbre de dormir cerca tiene ra\u00edces profundas en la historia humana&#8230;.<\/p>\n","protected":false},"author":1,"featured_media":95419,"comment_status":"open","ping_status":"closed","sticky":false,"template":"","format":"standard","meta":{"_jetpack_newsletter_access":"","_jetpack_dont_email_post_to_subs":false,"_jetpack_newsletter_tier_id":0,"_jetpack_memberships_contains_paywalled_content":false,"_jetpack_memberships_contains_paid_content":false,"footnotes":"","jetpack_post_was_ever_published":false},"categories":[81],"tags":[],"class_list":["post-95409","post","type-post","status-publish","format-standard","has-post-thumbnail","hentry","category-salud"],"magazineBlocksPostFeaturedMedia":{"thumbnail":"https:\/\/lobosnews.com.ar\/wp-content\/uploads\/2026\/08\/muertes-subitas-en-lactantes-que-factores-vuelven-mas-riesgoso-el-colecho-segun-un-estudio-14-150x150.jpg","medium":"https:\/\/lobosnews.com.ar\/wp-content\/uploads\/2026\/08\/muertes-subitas-en-lactantes-que-factores-vuelven-mas-riesgoso-el-colecho-segun-un-estudio-14-300x200.jpg","medium_large":"https:\/\/lobosnews.com.ar\/wp-content\/uploads\/2026\/08\/muertes-subitas-en-lactantes-que-factores-vuelven-mas-riesgoso-el-colecho-segun-un-estudio-14-768x513.jpg","large":"https:\/\/lobosnews.com.ar\/wp-content\/uploads\/2026\/08\/muertes-subitas-en-lactantes-que-factores-vuelven-mas-riesgoso-el-colecho-segun-un-estudio-14-1024x683.jpg","1536x1536":"https:\/\/lobosnews.com.ar\/wp-content\/uploads\/2026\/08\/muertes-subitas-en-lactantes-que-factores-vuelven-mas-riesgoso-el-colecho-segun-un-estudio-14-1536x1025.jpg","2048x2048":"https:\/\/lobosnews.com.ar\/wp-content\/uploads\/2026\/08\/muertes-subitas-en-lactantes-que-factores-vuelven-mas-riesgoso-el-colecho-segun-un-estudio-14-2048x1367.jpg","newsmatic-featured":"https:\/\/lobosnews.com.ar\/wp-content\/uploads\/2026\/08\/muertes-subitas-en-lactantes-que-factores-vuelven-mas-riesgoso-el-colecho-segun-un-estudio-14-820x545.jpg","newsmatic-list":"https:\/\/lobosnews.com.ar\/wp-content\/uploads\/2026\/08\/muertes-subitas-en-lactantes-que-factores-vuelven-mas-riesgoso-el-colecho-segun-un-estudio-14-600x400.jpg","newsmatic-thumb":"https:\/\/lobosnews.com.ar\/wp-content\/uploads\/2026\/08\/muertes-subitas-en-lactantes-que-factores-vuelven-mas-riesgoso-el-colecho-segun-un-estudio-14-300x200.jpg","newsmatic-small":"https:\/\/lobosnews.com.ar\/wp-content\/uploads\/2026\/08\/muertes-subitas-en-lactantes-que-factores-vuelven-mas-riesgoso-el-colecho-segun-un-estudio-14-150x95.jpg","newsmatic-grid":"https:\/\/lobosnews.com.ar\/wp-content\/uploads\/2026\/08\/muertes-subitas-en-lactantes-que-factores-vuelven-mas-riesgoso-el-colecho-segun-un-estudio-14-400x250.jpg"},"magazineBlocksPostAuthor":{"name":"admin","avatar":"https:\/\/secure.gravatar.com\/avatar\/76e419471a2083bc3ceab22a763dbbf9b0c1bd15a6214cf3280e2c2dde4580f9?s=96&d=mm&r=g"},"magazineBlocksPostCommentsNumber":"0","magazineBlocksPostExcerpt":"Un an\u00e1lisis reciente sobre 7.595 muertes s\u00fabitas e inesperadas de lactantes en Estados Unidos volvi\u00f3 a poner bajo la lupa una pr\u00e1ctica extendida en muchos hogares: compartir la superficie de sue\u00f1o con el beb\u00e9. Tal como inform\u00f3 National Geographic al abordar este debate, la costumbre de dormir cerca tiene ra\u00edces profundas en la historia humana....","magazineBlocksPostCategories":["Salud"],"magazineBlocksPostViewCount":89,"magazineBlocksPostReadTime":5,"magazine_blocks_featured_image_url":{"full":["https:\/\/lobosnews.com.ar\/wp-content\/uploads\/2026\/08\/muertes-subitas-en-lactantes-que-factores-vuelven-mas-riesgoso-el-colecho-segun-un-estudio-14-scaled.jpg",2560,1709,false],"medium":["https:\/\/lobosnews.com.ar\/wp-content\/uploads\/2026\/08\/muertes-subitas-en-lactantes-que-factores-vuelven-mas-riesgoso-el-colecho-segun-un-estudio-14-300x200.jpg",300,200,true],"thumbnail":["https:\/\/lobosnews.com.ar\/wp-content\/uploads\/2026\/08\/muertes-subitas-en-lactantes-que-factores-vuelven-mas-riesgoso-el-colecho-segun-un-estudio-14-150x150.jpg",150,150,true]},"magazine_blocks_author":{"display_name":"admin","author_link":"https:\/\/lobosnews.com.ar\/index.php\/author\/lobos-news\/"},"magazine_blocks_comment":0,"magazine_blocks_author_image":"https:\/\/secure.gravatar.com\/avatar\/76e419471a2083bc3ceab22a763dbbf9b0c1bd15a6214cf3280e2c2dde4580f9?s=96&d=mm&r=g","magazine_blocks_category":"<a href=\"#\" class=\"category-link category-link-81\">Salud<\/a>","yoast_head":"<!-- This site is optimized with the Yoast SEO plugin v28.0 - https:\/\/yoast.com\/product\/yoast-seo-wordpress\/ -->\n<title>Muertes s\u00fabitas en lactantes: qu\u00e9 factores vuelven m\u00e1s riesgoso el colecho, seg\u00fan un estudio - Lobos News<\/title>\n<meta name=\"robots\" content=\"index, follow, max-snippet:-1, max-image-preview:large, max-video-preview:-1\" \/>\n<link rel=\"canonical\" href=\"https:\/\/lobosnews.com.ar\/index.php\/2026\/08\/29\/muertes-subitas-en-lactantes-que-factores-vuelven-mas-riesgoso-el-colecho-segun-un-estudio\/\" \/>\n<meta property=\"og:locale\" content=\"es_ES\" \/>\n<meta property=\"og:type\" content=\"article\" \/>\n<meta property=\"og:title\" content=\"Muertes s\u00fabitas en lactantes: qu\u00e9 factores vuelven m\u00e1s riesgoso el colecho, seg\u00fan un estudio - Lobos News\" \/>\n<meta property=\"og:description\" content=\"Un an\u00e1lisis reciente sobre 7.595 muertes s\u00fabitas e inesperadas de lactantes en Estados Unidos volvi\u00f3 a poner bajo la lupa una pr\u00e1ctica extendida en muchos hogares: compartir la superficie de sue\u00f1o con el beb\u00e9. Tal como inform\u00f3 National Geographic al abordar este debate, la costumbre de dormir cerca tiene ra\u00edces profundas en la historia humana....\" \/>\n<meta property=\"og:url\" content=\"https:\/\/lobosnews.com.ar\/index.php\/2026\/08\/29\/muertes-subitas-en-lactantes-que-factores-vuelven-mas-riesgoso-el-colecho-segun-un-estudio\/\" \/>\n<meta property=\"og:site_name\" content=\"Lobos News\" \/>\n<meta property=\"article:published_time\" content=\"2026-08-29T22:16:11+00:00\" \/>\n<meta property=\"article:modified_time\" content=\"2026-08-30T02:19:36+00:00\" \/>\n<meta property=\"og:image\" content=\"https:\/\/lobosnews.com.ar\/wp-content\/uploads\/2026\/08\/muertes-subitas-en-lactantes-que-factores-vuelven-mas-riesgoso-el-colecho-segun-un-estudio-14-scaled.jpg\" \/>\n\t<meta property=\"og:image:width\" content=\"2560\" \/>\n\t<meta property=\"og:image:height\" content=\"1709\" \/>\n\t<meta property=\"og:image:type\" content=\"image\/jpeg\" \/>\n<meta name=\"author\" content=\"admin\" \/>\n<meta name=\"twitter:card\" content=\"summary_large_image\" \/>\n<meta name=\"twitter:label1\" content=\"Escrito por\" \/>\n\t<meta name=\"twitter:data1\" content=\"admin\" \/>\n\t<meta name=\"twitter:label2\" content=\"Tiempo de lectura\" \/>\n\t<meta name=\"twitter:data2\" content=\"4 minutos\" \/>\n<script type=\"application\/ld+json\" class=\"yoast-schema-graph\">{\"@context\":\"https:\\\/\\\/schema.org\",\"@graph\":[{\"@type\":\"Article\",\"@id\":\"https:\\\/\\\/lobosnews.com.ar\\\/index.php\\\/2026\\\/08\\\/29\\\/muertes-subitas-en-lactantes-que-factores-vuelven-mas-riesgoso-el-colecho-segun-un-estudio\\\/#article\",\"isPartOf\":{\"@id\":\"https:\\\/\\\/lobosnews.com.ar\\\/index.php\\\/2026\\\/08\\\/29\\\/muertes-subitas-en-lactantes-que-factores-vuelven-mas-riesgoso-el-colecho-segun-un-estudio\\\/\"},\"author\":{\"name\":\"admin\",\"@id\":\"https:\\\/\\\/lobosnews.com.ar\\\/#\\\/schema\\\/person\\\/232422a593d5c541dd9aef6aaed10943\"},\"headline\":\"Muertes s\u00fabitas en lactantes: qu\u00e9 factores vuelven m\u00e1s riesgoso el colecho, seg\u00fan un estudio\",\"datePublished\":\"2026-08-29T22:16:11+00:00\",\"dateModified\":\"2026-08-30T02:19:36+00:00\",\"mainEntityOfPage\":{\"@id\":\"https:\\\/\\\/lobosnews.com.ar\\\/index.php\\\/2026\\\/08\\\/29\\\/muertes-subitas-en-lactantes-que-factores-vuelven-mas-riesgoso-el-colecho-segun-un-estudio\\\/\"},\"wordCount\":890,\"commentCount\":0,\"publisher\":{\"@id\":\"https:\\\/\\\/lobosnews.com.ar\\\/#organization\"},\"image\":{\"@id\":\"https:\\\/\\\/lobosnews.com.ar\\\/index.php\\\/2026\\\/08\\\/29\\\/muertes-subitas-en-lactantes-que-factores-vuelven-mas-riesgoso-el-colecho-segun-un-estudio\\\/#primaryimage\"},\"thumbnailUrl\":\"https:\\\/\\\/lobosnews.com.ar\\\/wp-content\\\/uploads\\\/2026\\\/08\\\/muertes-subitas-en-lactantes-que-factores-vuelven-mas-riesgoso-el-colecho-segun-un-estudio-14-scaled.jpg\",\"articleSection\":[\"Salud\"],\"inLanguage\":\"es\",\"potentialAction\":[{\"@type\":\"CommentAction\",\"name\":\"Comment\",\"target\":[\"https:\\\/\\\/lobosnews.com.ar\\\/index.php\\\/2026\\\/08\\\/29\\\/muertes-subitas-en-lactantes-que-factores-vuelven-mas-riesgoso-el-colecho-segun-un-estudio\\\/#respond\"]}]},{\"@type\":\"WebPage\",\"@id\":\"https:\\\/\\\/lobosnews.com.ar\\\/index.php\\\/2026\\\/08\\\/29\\\/muertes-subitas-en-lactantes-que-factores-vuelven-mas-riesgoso-el-colecho-segun-un-estudio\\\/\",\"url\":\"https:\\\/\\\/lobosnews.com.ar\\\/index.php\\\/2026\\\/08\\\/29\\\/muertes-subitas-en-lactantes-que-factores-vuelven-mas-riesgoso-el-colecho-segun-un-estudio\\\/\",\"name\":\"Muertes s\u00fabitas en lactantes: qu\u00e9 factores vuelven m\u00e1s riesgoso el colecho, seg\u00fan un estudio - Lobos News\",\"isPartOf\":{\"@id\":\"https:\\\/\\\/lobosnews.com.ar\\\/#website\"},\"primaryImageOfPage\":{\"@id\":\"https:\\\/\\\/lobosnews.com.ar\\\/index.php\\\/2026\\\/08\\\/29\\\/muertes-subitas-en-lactantes-que-factores-vuelven-mas-riesgoso-el-colecho-segun-un-estudio\\\/#primaryimage\"},\"image\":{\"@id\":\"https:\\\/\\\/lobosnews.com.ar\\\/index.php\\\/2026\\\/08\\\/29\\\/muertes-subitas-en-lactantes-que-factores-vuelven-mas-riesgoso-el-colecho-segun-un-estudio\\\/#primaryimage\"},\"thumbnailUrl\":\"https:\\\/\\\/lobosnews.com.ar\\\/wp-content\\\/uploads\\\/2026\\\/08\\\/muertes-subitas-en-lactantes-que-factores-vuelven-mas-riesgoso-el-colecho-segun-un-estudio-14-scaled.jpg\",\"datePublished\":\"2026-08-29T22:16:11+00:00\",\"dateModified\":\"2026-08-30T02:19:36+00:00\",\"breadcrumb\":{\"@id\":\"https:\\\/\\\/lobosnews.com.ar\\\/index.php\\\/2026\\\/08\\\/29\\\/muertes-subitas-en-lactantes-que-factores-vuelven-mas-riesgoso-el-colecho-segun-un-estudio\\\/#breadcrumb\"},\"inLanguage\":\"es\",\"potentialAction\":[{\"@type\":\"ReadAction\",\"target\":[\"https:\\\/\\\/lobosnews.com.ar\\\/index.php\\\/2026\\\/08\\\/29\\\/muertes-subitas-en-lactantes-que-factores-vuelven-mas-riesgoso-el-colecho-segun-un-estudio\\\/\"]}]},{\"@type\":\"ImageObject\",\"inLanguage\":\"es\",\"@id\":\"https:\\\/\\\/lobosnews.com.ar\\\/index.php\\\/2026\\\/08\\\/29\\\/muertes-subitas-en-lactantes-que-factores-vuelven-mas-riesgoso-el-colecho-segun-un-estudio\\\/#primaryimage\",\"url\":\"https:\\\/\\\/lobosnews.com.ar\\\/wp-content\\\/uploads\\\/2026\\\/08\\\/muertes-subitas-en-lactantes-que-factores-vuelven-mas-riesgoso-el-colecho-segun-un-estudio-14-scaled.jpg\",\"contentUrl\":\"https:\\\/\\\/lobosnews.com.ar\\\/wp-content\\\/uploads\\\/2026\\\/08\\\/muertes-subitas-en-lactantes-que-factores-vuelven-mas-riesgoso-el-colecho-segun-un-estudio-14-scaled.jpg\",\"width\":2560,\"height\":1709,\"caption\":\"Muertes s\u00fabitas en lactantes: qu\u00e9 factores vuelven m\u00e1s riesgoso el colecho, seg\u00fan un estudio\"},{\"@type\":\"BreadcrumbList\",\"@id\":\"https:\\\/\\\/lobosnews.com.ar\\\/index.php\\\/2026\\\/08\\\/29\\\/muertes-subitas-en-lactantes-que-factores-vuelven-mas-riesgoso-el-colecho-segun-un-estudio\\\/#breadcrumb\",\"itemListElement\":[{\"@type\":\"ListItem\",\"position\":1,\"name\":\"Portada\",\"item\":\"https:\\\/\\\/lobosnews.com.ar\\\/\"},{\"@type\":\"ListItem\",\"position\":2,\"name\":\"Muertes s\u00fabitas en lactantes: qu\u00e9 factores vuelven m\u00e1s riesgoso el colecho, seg\u00fan un estudio\"}]},{\"@type\":\"WebSite\",\"@id\":\"https:\\\/\\\/lobosnews.com.ar\\\/#website\",\"url\":\"https:\\\/\\\/lobosnews.com.ar\\\/\",\"name\":\"Lobos News\",\"description\":\"Informaci\u00f3n a cada instante\",\"publisher\":{\"@id\":\"https:\\\/\\\/lobosnews.com.ar\\\/#organization\"},\"potentialAction\":[{\"@type\":\"SearchAction\",\"target\":{\"@type\":\"EntryPoint\",\"urlTemplate\":\"https:\\\/\\\/lobosnews.com.ar\\\/?s={search_term_string}\"},\"query-input\":{\"@type\":\"PropertyValueSpecification\",\"valueRequired\":true,\"valueName\":\"search_term_string\"}}],\"inLanguage\":\"es\"},{\"@type\":\"Organization\",\"@id\":\"https:\\\/\\\/lobosnews.com.ar\\\/#organization\",\"name\":\"Lobos News\",\"url\":\"https:\\\/\\\/lobosnews.com.ar\\\/\",\"logo\":{\"@type\":\"ImageObject\",\"inLanguage\":\"es\",\"@id\":\"https:\\\/\\\/lobosnews.com.ar\\\/#\\\/schema\\\/logo\\\/image\\\/\",\"url\":\"https:\\\/\\\/lobosnews.com.ar\\\/wp-content\\\/uploads\\\/2026\\\/01\\\/logo-lobosnews.png\",\"contentUrl\":\"https:\\\/\\\/lobosnews.com.ar\\\/wp-content\\\/uploads\\\/2026\\\/01\\\/logo-lobosnews.png\",\"width\":500,\"height\":200,\"caption\":\"Lobos News\"},\"image\":{\"@id\":\"https:\\\/\\\/lobosnews.com.ar\\\/#\\\/schema\\\/logo\\\/image\\\/\"}},{\"@type\":\"Person\",\"@id\":\"https:\\\/\\\/lobosnews.com.ar\\\/#\\\/schema\\\/person\\\/232422a593d5c541dd9aef6aaed10943\",\"name\":\"admin\",\"image\":{\"@type\":\"ImageObject\",\"inLanguage\":\"es\",\"@id\":\"https:\\\/\\\/secure.gravatar.com\\\/avatar\\\/76e419471a2083bc3ceab22a763dbbf9b0c1bd15a6214cf3280e2c2dde4580f9?s=96&d=mm&r=g\",\"url\":\"https:\\\/\\\/secure.gravatar.com\\\/avatar\\\/76e419471a2083bc3ceab22a763dbbf9b0c1bd15a6214cf3280e2c2dde4580f9?s=96&d=mm&r=g\",\"contentUrl\":\"https:\\\/\\\/secure.gravatar.com\\\/avatar\\\/76e419471a2083bc3ceab22a763dbbf9b0c1bd15a6214cf3280e2c2dde4580f9?s=96&d=mm&r=g\",\"caption\":\"admin\"},\"sameAs\":[\"https:\\\/\\\/lobosnews.com.ar\"],\"url\":\"https:\\\/\\\/lobosnews.com.ar\\\/index.php\\\/author\\\/lobos-news\\\/\"}]}<\/script>\n<!-- \/ Yoast SEO plugin. -->","yoast_head_json":{"title":"Muertes s\u00fabitas en lactantes: qu\u00e9 factores vuelven m\u00e1s riesgoso el colecho, seg\u00fan un estudio - Lobos News","robots":{"index":"index","follow":"follow","max-snippet":"max-snippet:-1","max-image-preview":"max-image-preview:large","max-video-preview":"max-video-preview:-1"},"canonical":"https:\/\/lobosnews.com.ar\/index.php\/2026\/08\/29\/muertes-subitas-en-lactantes-que-factores-vuelven-mas-riesgoso-el-colecho-segun-un-estudio\/","og_locale":"es_ES","og_type":"article","og_title":"Muertes s\u00fabitas en lactantes: qu\u00e9 factores vuelven m\u00e1s riesgoso el colecho, seg\u00fan un estudio - Lobos News","og_description":"Un an\u00e1lisis reciente sobre 7.595 muertes s\u00fabitas e inesperadas de lactantes en Estados Unidos volvi\u00f3 a poner bajo la lupa una pr\u00e1ctica extendida en muchos hogares: compartir la superficie de sue\u00f1o con el beb\u00e9. Tal como inform\u00f3 National Geographic al abordar este debate, la costumbre de dormir cerca tiene ra\u00edces profundas en la historia humana....","og_url":"https:\/\/lobosnews.com.ar\/index.php\/2026\/08\/29\/muertes-subitas-en-lactantes-que-factores-vuelven-mas-riesgoso-el-colecho-segun-un-estudio\/","og_site_name":"Lobos News","article_published_time":"2026-08-29T22:16:11+00:00","article_modified_time":"2026-08-30T02:19:36+00:00","og_image":[{"width":2560,"height":1709,"url":"https:\/\/lobosnews.com.ar\/wp-content\/uploads\/2026\/08\/muertes-subitas-en-lactantes-que-factores-vuelven-mas-riesgoso-el-colecho-segun-un-estudio-14-scaled.jpg","type":"image\/jpeg"}],"author":"admin","twitter_card":"summary_large_image","twitter_misc":{"Escrito por":"admin","Tiempo de lectura":"4 minutos"},"schema":{"@context":"https:\/\/schema.org","@graph":[{"@type":"Article","@id":"https:\/\/lobosnews.com.ar\/index.php\/2026\/08\/29\/muertes-subitas-en-lactantes-que-factores-vuelven-mas-riesgoso-el-colecho-segun-un-estudio\/#article","isPartOf":{"@id":"https:\/\/lobosnews.com.ar\/index.php\/2026\/08\/29\/muertes-subitas-en-lactantes-que-factores-vuelven-mas-riesgoso-el-colecho-segun-un-estudio\/"},"author":{"name":"admin","@id":"https:\/\/lobosnews.com.ar\/#\/schema\/person\/232422a593d5c541dd9aef6aaed10943"},"headline":"Muertes s\u00fabitas en lactantes: qu\u00e9 factores vuelven m\u00e1s riesgoso el colecho, seg\u00fan un estudio","datePublished":"2026-08-29T22:16:11+00:00","dateModified":"2026-08-30T02:19:36+00:00","mainEntityOfPage":{"@id":"https:\/\/lobosnews.com.ar\/index.php\/2026\/08\/29\/muertes-subitas-en-lactantes-que-factores-vuelven-mas-riesgoso-el-colecho-segun-un-estudio\/"},"wordCount":890,"commentCount":0,"publisher":{"@id":"https:\/\/lobosnews.com.ar\/#organization"},"image":{"@id":"https:\/\/lobosnews.com.ar\/index.php\/2026\/08\/29\/muertes-subitas-en-lactantes-que-factores-vuelven-mas-riesgoso-el-colecho-segun-un-estudio\/#primaryimage"},"thumbnailUrl":"https:\/\/lobosnews.com.ar\/wp-content\/uploads\/2026\/08\/muertes-subitas-en-lactantes-que-factores-vuelven-mas-riesgoso-el-colecho-segun-un-estudio-14-scaled.jpg","articleSection":["Salud"],"inLanguage":"es","potentialAction":[{"@type":"CommentAction","name":"Comment","target":["https:\/\/lobosnews.com.ar\/index.php\/2026\/08\/29\/muertes-subitas-en-lactantes-que-factores-vuelven-mas-riesgoso-el-colecho-segun-un-estudio\/#respond"]}]},{"@type":"WebPage","@id":"https:\/\/lobosnews.com.ar\/index.php\/2026\/08\/29\/muertes-subitas-en-lactantes-que-factores-vuelven-mas-riesgoso-el-colecho-segun-un-estudio\/","url":"https:\/\/lobosnews.com.ar\/index.php\/2026\/08\/29\/muertes-subitas-en-lactantes-que-factores-vuelven-mas-riesgoso-el-colecho-segun-un-estudio\/","name":"Muertes s\u00fabitas en lactantes: qu\u00e9 factores vuelven m\u00e1s riesgoso el colecho, seg\u00fan un estudio - Lobos News","isPartOf":{"@id":"https:\/\/lobosnews.com.ar\/#website"},"primaryImageOfPage":{"@id":"https:\/\/lobosnews.com.ar\/index.php\/2026\/08\/29\/muertes-subitas-en-lactantes-que-factores-vuelven-mas-riesgoso-el-colecho-segun-un-estudio\/#primaryimage"},"image":{"@id":"https:\/\/lobosnews.com.ar\/index.php\/2026\/08\/29\/muertes-subitas-en-lactantes-que-factores-vuelven-mas-riesgoso-el-colecho-segun-un-estudio\/#primaryimage"},"thumbnailUrl":"https:\/\/lobosnews.com.ar\/wp-content\/uploads\/2026\/08\/muertes-subitas-en-lactantes-que-factores-vuelven-mas-riesgoso-el-colecho-segun-un-estudio-14-scaled.jpg","datePublished":"2026-08-29T22:16:11+00:00","dateModified":"2026-08-30T02:19:36+00:00","breadcrumb":{"@id":"https:\/\/lobosnews.com.ar\/index.php\/2026\/08\/29\/muertes-subitas-en-lactantes-que-factores-vuelven-mas-riesgoso-el-colecho-segun-un-estudio\/#breadcrumb"},"inLanguage":"es","potentialAction":[{"@type":"ReadAction","target":["https:\/\/lobosnews.com.ar\/index.php\/2026\/08\/29\/muertes-subitas-en-lactantes-que-factores-vuelven-mas-riesgoso-el-colecho-segun-un-estudio\/"]}]},{"@type":"ImageObject","inLanguage":"es","@id":"https:\/\/lobosnews.com.ar\/index.php\/2026\/08\/29\/muertes-subitas-en-lactantes-que-factores-vuelven-mas-riesgoso-el-colecho-segun-un-estudio\/#primaryimage","url":"https:\/\/lobosnews.com.ar\/wp-content\/uploads\/2026\/08\/muertes-subitas-en-lactantes-que-factores-vuelven-mas-riesgoso-el-colecho-segun-un-estudio-14-scaled.jpg","contentUrl":"https:\/\/lobosnews.com.ar\/wp-content\/uploads\/2026\/08\/muertes-subitas-en-lactantes-que-factores-vuelven-mas-riesgoso-el-colecho-segun-un-estudio-14-scaled.jpg","width":2560,"height":1709,"caption":"Muertes s\u00fabitas en lactantes: qu\u00e9 factores vuelven m\u00e1s riesgoso el colecho, seg\u00fan un estudio"},{"@type":"BreadcrumbList","@id":"https:\/\/lobosnews.com.ar\/index.php\/2026\/08\/29\/muertes-subitas-en-lactantes-que-factores-vuelven-mas-riesgoso-el-colecho-segun-un-estudio\/#breadcrumb","itemListElement":[{"@type":"ListItem","position":1,"name":"Portada","item":"https:\/\/lobosnews.com.ar\/"},{"@type":"ListItem","position":2,"name":"Muertes s\u00fabitas en lactantes: qu\u00e9 factores vuelven m\u00e1s riesgoso el colecho, seg\u00fan un estudio"}]},{"@type":"WebSite","@id":"https:\/\/lobosnews.com.ar\/#website","url":"https:\/\/lobosnews.com.ar\/","name":"Lobos News","description":"Informaci\u00f3n a cada instante","publisher":{"@id":"https:\/\/lobosnews.com.ar\/#organization"},"potentialAction":[{"@type":"SearchAction","target":{"@type":"EntryPoint","urlTemplate":"https:\/\/lobosnews.com.ar\/?s={search_term_string}"},"query-input":{"@type":"PropertyValueSpecification","valueRequired":true,"valueName":"search_term_string"}}],"inLanguage":"es"},{"@type":"Organization","@id":"https:\/\/lobosnews.com.ar\/#organization","name":"Lobos News","url":"https:\/\/lobosnews.com.ar\/","logo":{"@type":"ImageObject","inLanguage":"es","@id":"https:\/\/lobosnews.com.ar\/#\/schema\/logo\/image\/","url":"https:\/\/lobosnews.com.ar\/wp-content\/uploads\/2026\/01\/logo-lobosnews.png","contentUrl":"https:\/\/lobosnews.com.ar\/wp-content\/uploads\/2026\/01\/logo-lobosnews.png","width":500,"height":200,"caption":"Lobos News"},"image":{"@id":"https:\/\/lobosnews.com.ar\/#\/schema\/logo\/image\/"}},{"@type":"Person","@id":"https:\/\/lobosnews.com.ar\/#\/schema\/person\/232422a593d5c541dd9aef6aaed10943","name":"admin","image":{"@type":"ImageObject","inLanguage":"es","@id":"https:\/\/secure.gravatar.com\/avatar\/76e419471a2083bc3ceab22a763dbbf9b0c1bd15a6214cf3280e2c2dde4580f9?s=96&d=mm&r=g","url":"https:\/\/secure.gravatar.com\/avatar\/76e419471a2083bc3ceab22a763dbbf9b0c1bd15a6214cf3280e2c2dde4580f9?s=96&d=mm&r=g","contentUrl":"https:\/\/secure.gravatar.com\/avatar\/76e419471a2083bc3ceab22a763dbbf9b0c1bd15a6214cf3280e2c2dde4580f9?s=96&d=mm&r=g","caption":"admin"},"sameAs":["https:\/\/lobosnews.com.ar"],"url":"https:\/\/lobosnews.com.ar\/index.php\/author\/lobos-news\/"}]}},"jetpack_featured_media_url":"https:\/\/lobosnews.com.ar\/wp-content\/uploads\/2026\/08\/muertes-subitas-en-lactantes-que-factores-vuelven-mas-riesgoso-el-colecho-segun-un-estudio-14-scaled.jpg","jetpack_sharing_enabled":true,"_links":{"self":[{"href":"https:\/\/lobosnews.com.ar\/index.php\/wp-json\/wp\/v2\/posts\/95409","targetHints":{"allow":["GET"]}}],"collection":[{"href":"https:\/\/lobosnews.com.ar\/index.php\/wp-json\/wp\/v2\/posts"}],"about":[{"href":"https:\/\/lobosnews.com.ar\/index.php\/wp-json\/wp\/v2\/types\/post"}],"author":[{"embeddable":true,"href":"https:\/\/lobosnews.com.ar\/index.php\/wp-json\/wp\/v2\/users\/1"}],"replies":[{"embeddable":true,"href":"https:\/\/lobosnews.com.ar\/index.php\/wp-json\/wp\/v2\/comments?post=95409"}],"version-history":[{"count":1,"href":"https:\/\/lobosnews.com.ar\/index.php\/wp-json\/wp\/v2\/posts\/95409\/revisions"}],"predecessor-version":[{"id":95418,"href":"https:\/\/lobosnews.com.ar\/index.php\/wp-json\/wp\/v2\/posts\/95409\/revisions\/95418"}],"wp:featuredmedia":[{"embeddable":true,"href":"https:\/\/lobosnews.com.ar\/index.php\/wp-json\/wp\/v2\/media\/95419"}],"wp:attachment":[{"href":"https:\/\/lobosnews.com.ar\/index.php\/wp-json\/wp\/v2\/media?parent=95409"}],"wp:term":[{"taxonomy":"category","embeddable":true,"href":"https:\/\/lobosnews.com.ar\/index.php\/wp-json\/wp\/v2\/categories?post=95409"},{"taxonomy":"post_tag","embeddable":true,"href":"https:\/\/lobosnews.com.ar\/index.php\/wp-json\/wp\/v2\/tags?post=95409"}],"curies":[{"name":"wp","href":"https:\/\/api.w.org\/{rel}","templated":true}]}}