{"id":9531,"date":"2026-01-21T07:00:49","date_gmt":"2026-01-21T07:00:49","guid":{"rendered":"https:\/\/lobosnews.com.ar\/index.php\/2026\/01\/21\/condenaron-a-cadena-perpetua-al-asesino-del-ex-primer-ministro-japones-shinzo-abe\/"},"modified":"2026-01-21T10:51:23","modified_gmt":"2026-01-21T10:51:23","slug":"condenaron-a-cadena-perpetua-al-asesino-del-ex-primer-ministro-japones-shinzo-abe","status":"publish","type":"post","link":"https:\/\/lobosnews.com.ar\/index.php\/2026\/01\/21\/condenaron-a-cadena-perpetua-al-asesino-del-ex-primer-ministro-japones-shinzo-abe\/","title":{"rendered":"Condenaron a cadena perpetua al asesino del ex primer ministro japon\u00e9s Shinzo Abe"},"content":{"rendered":"<p><img loading=\"lazy\" decoding=\"async\" src=\"https:\/\/lobosnews.com.ar\/wp-content\/uploads\/2026\/01\/condenaron-a-cadena-perpetua-al-asesino-del-ex-primer-ministro-japones-shinzo-abe.jpg\" alt=\"El ex primer ministro japon\u00e9s Shinzo Abe muri\u00f3 en el hospital tras sufrir un ataque con arma de fuego durante un acto de campa\u00f1a en Nara (AFP)\" height=\"1080\" width=\"1920\"\/><\/p>\n<p>El hombre acusado de asesinar al ex primer ministro de Jap\u00f3n, <b>Shinzo Abe<\/b>, fue condenado este mi\u00e9rcoles a cadena perpetua, m\u00e1s de tres a\u00f1os despu\u00e9s del crimen que conmocion\u00f3 al pa\u00eds y gener\u00f3 repercusiones internacionales.<\/p>\n<p>El tribunal de la ciudad de <b>Nara<\/b>, presidido por el juez <b>Shinichi Tanaka<\/b>, dict\u00f3 la sentencia contra <b>Tetsuya Yamagami<\/b>, de 45 a\u00f1os, quien enfrent\u00f3 cargos por asesinato y violaciones a la ley de control de armas de fuego. El condenado utiliz\u00f3 un arma de fabricaci\u00f3n casera para disparar y matar a Abe durante un discurso de campa\u00f1a en julio de 2022.<\/p>\n<p><b>Decenas de personas hicieron fila desde la ma\u00f1ana para obtener un lugar en la sala del tribunal<\/b>, lo que reflej\u00f3 el inter\u00e9s social en el desenlace del proceso judicial.<\/p>\n<p>Durante el inicio del juicio en octubre, Yamagami admiti\u00f3 haber cometido el asesinato, aunque impugn\u00f3 algunos de los otros cargos, seg\u00fan informaron los medios japoneses. En el sistema jur\u00eddico japon\u00e9s, el juicio prosigue aun cuando el acusado reconoce su responsabilidad.<\/p>\n<p>El caso gener\u00f3 un debate nacional sobre la violencia armada en un pa\u00eds con bajas tasas de cr\u00edmenes de este tipo y puso bajo la lupa los presuntos v\u00ednculos entre figuras pol\u00edticas conservadoras y la <b>Iglesia de la Unificaci\u00f3n<\/b>, una organizaci\u00f3n considerada secta secreta por algunos sectores.<\/p>\n<p>El asesinato del ex primer ministro Shinzo Abe fue calificado por asistentes al tribunal como \u201c<b>el incidente del siglo<\/b>\u201d. Un joven de 31 a\u00f1os, entrevistado por la <i>AFP<\/i> mientras esperaba para ingresar a la sala, afirm\u00f3: <b>\u201cLo apreciaba mientras viv\u00eda. Su muerte fue impactante\u201d<\/b> y a\u00f1adi\u00f3 que su presencia en el lugar obedec\u00eda a su inter\u00e9s por \u201csaber sobre el hombre que mat\u00f3 a alguien que me importaba\u201d.<\/p>\n<p>A las puertas del tribunal, el trabajador de log\u00edstica <b>Manabu Kawashima<\/b> expres\u00f3 su inter\u00e9s en el caso y afirm\u00f3: <b>\u201cQuiero saber la verdad sobre Yamagami\u201d<\/b>. A las afueras del tribunal, otro ciudadano exhib\u00eda una pancarta pidiendo al juez que tomara \u201cen la m\u00e1s completa consideraci\u00f3n\u201d las dif\u00edciles circunstancias de vida de Tetsuya Yamagami.<\/p>\n<p>Durante el juicio, la fiscal\u00eda solicit\u00f3 la cadena perpetua, calificando el crimen como <b>\u201csin precedentes en nuestra historia de posguerra\u201d<\/b> y subrayando las <b>\u201cconsecuencias extremadamente graves\u201d<\/b> que tuvo para la sociedad japonesa. La versi\u00f3n local de la cadena perpetua contempla la posibilidad de libertad condicional, aunque en la pr\u00e1ctica muchos condenados permanecen encarcelados hasta su muerte, seg\u00fan expertos.<\/p>\n<p>El proceso judicial, que se extendi\u00f3 durante varios meses, revel\u00f3 que<b> el motivo del acusado estaba vinculado a una intenci\u00f3n de exponer y desacreditar a la Iglesia de la Unificaci\u00f3n<\/b>. Los fiscales explicaron que Yamagami actu\u00f3 luego de que donaciones realizadas por su madre a la organizaci\u00f3n provocaran la bancarrota de su familia, y que <b>el condenado lleg\u00f3 a creer que \u201cpol\u00edticos influyentes\u201d proteg\u00edan a la secta<\/b>.<\/p>\n<p><img loading=\"lazy\" decoding=\"async\" src=\"https:\/\/lobosnews.com.ar\/wp-content\/uploads\/2026\/01\/condenaron-a-cadena-perpetua-al-asesino-del-ex-primer-ministro-japones-shinzo-abe-1.jpg\" alt=\"Tetsuya Yamagami, condenado por el asesinato del ex primer ministro japon\u00e9s Shinzo Abe (REUTERS)\" height=\"1578\" width=\"2181\"\/><\/p>\n<p>Shinzo Abe<b> <\/b>hab\u00eda participado en eventos organizados por entidades relacionadas con la iglesia. Seg\u00fan la acusaci\u00f3n presentada en octubre, Yamagami \u201cpens\u00f3 que si mataba a alguien tan influyente como el ex primer ministro Abe, podr\u00eda atraer la atenci\u00f3n p\u00fablica hacia la Iglesia y alimentar la cr\u00edtica p\u00fablica hacia ella\u201d.<\/p>\n<p>La Iglesia de la Unificaci\u00f3n fue fundada en Corea del Sur en 1954 por <b>Sun Myung Moon<\/b>, y sus seguidores llegaron a ser conocidos como \u201cMoonies\u201d. En el juicio, el equipo de defensa de Yamagami present\u00f3 una petici\u00f3n de clemencia subrayando el \u201cabuso religioso\u201d que, seg\u00fan alegaron, sufri\u00f3 durante su crianza por la profunda fe de su madre en esta organizaci\u00f3n.<\/p>\n<p>Tras el suicidio de su esposo y con otro hijo gravemente enfermo, la madre de Yamagami destin\u00f3 todos sus bienes a la iglesia con la esperanza de \u201csalvar\u201d a su familia, seg\u00fan relat\u00f3 el abogado defensor. Las donaciones acumuladas llegaron a <b>100 millones de yenes<\/b> (1 mill\u00f3n de d\u00f3lares en ese momento). Estas circunstancias llevaron al acusado a abandonar sus estudios universitarios, en 2005 intent\u00f3 suicidarse y, poco despu\u00e9s, su hermano tambi\u00e9n falleci\u00f3 por suicidio.<\/p>\n<p>Las investigaciones posteriores al asesinato de Shinzo Abe revelaron una serie de conexiones entre la Iglesia de la Unificaci\u00f3n y numerosos legisladores conservadores del <b>Partido Liberal Democr\u00e1tico<\/b>, causando la renuncia de cuatro ministros del gabinete.<\/p>\n<p><img loading=\"lazy\" decoding=\"async\" src=\"https:\/\/lobosnews.com.ar\/wp-content\/uploads\/2026\/01\/condenaron-a-cadena-perpetua-al-asesino-del-ex-primer-ministro-japones-shinzo-abe-2.jpg\" alt=\"La l\u00edder de la Iglesia de la Unificaci\u00f3n, Han Hak-ja (esposa del fundador Moon Sun-myung), fue detenida en Corea del Sur el martes 23 de septiembre de 2025 (Europa Press)\" height=\"1280\" width=\"1920\"\/><\/p>\n<p>A partir de 2020, Yamagami comenz\u00f3 a fabricar manualmente un arma de fuego letal, que prob\u00f3 en una zona monta\u00f1osa apartada. Los fiscales consideraron que estas acciones demuestran la <b>alta premeditaci\u00f3n<\/b> del ataque contra Abe.<\/p>\n<p>El asesinato tambi\u00e9n puso en evidencia la situaci\u00f3n excepcional de <b>Jap\u00f3n<\/b> en materia de control de armas. La violencia armada es tan inusual que los funcionarios de seguridad no identificaron de inmediato el disparo inicial y acudieron en auxilio de Abe con retraso, de acuerdo con los informes policiales posteriores al ataque.<\/p>\n<p><i>(Con informaci\u00f3n de AFP)<\/i><\/p>\n","protected":false},"excerpt":{"rendered":"<p>El hombre acusado de asesinar al ex primer ministro de Jap\u00f3n, Shinzo Abe, fue condenado este mi\u00e9rcoles a cadena perpetua, m\u00e1s de tres a\u00f1os despu\u00e9s del crimen que conmocion\u00f3 al pa\u00eds y gener\u00f3 repercusiones internacionales. El tribunal de la ciudad de Nara, presidido por el juez Shinichi Tanaka, dict\u00f3 la sentencia contra Tetsuya Yamagami, de&#8230;<\/p>\n","protected":false},"author":1,"featured_media":9536,"comment_status":"open","ping_status":"closed","sticky":false,"template":"","format":"standard","meta":{"_jetpack_memberships_contains_paid_content":false,"footnotes":""},"categories":[31],"tags":[],"class_list":["post-9531","post","type-post","status-publish","format-standard","has-post-thumbnail","hentry","category-actualidad"],"magazineBlocksPostFeaturedMedia":{"thumbnail":"https:\/\/lobosnews.com.ar\/wp-content\/uploads\/2026\/01\/condenaron-a-cadena-perpetua-al-asesino-del-ex-primer-ministro-japones-shinzo-abe-4-150x150.jpg","medium":"https:\/\/lobosnews.com.ar\/wp-content\/uploads\/2026\/01\/condenaron-a-cadena-perpetua-al-asesino-del-ex-primer-ministro-japones-shinzo-abe-4-300x200.jpg","medium_large":"https:\/\/lobosnews.com.ar\/wp-content\/uploads\/2026\/01\/condenaron-a-cadena-perpetua-al-asesino-del-ex-primer-ministro-japones-shinzo-abe-4-768x512.jpg","large":"https:\/\/lobosnews.com.ar\/wp-content\/uploads\/2026\/01\/condenaron-a-cadena-perpetua-al-asesino-del-ex-primer-ministro-japones-shinzo-abe-4-1024x683.jpg","1536x1536":"https:\/\/lobosnews.com.ar\/wp-content\/uploads\/2026\/01\/condenaron-a-cadena-perpetua-al-asesino-del-ex-primer-ministro-japones-shinzo-abe-4-1536x1024.jpg","2048x2048":"https:\/\/lobosnews.com.ar\/wp-content\/uploads\/2026\/01\/condenaron-a-cadena-perpetua-al-asesino-del-ex-primer-ministro-japones-shinzo-abe-4.jpg","newsmatic-featured":"https:\/\/lobosnews.com.ar\/wp-content\/uploads\/2026\/01\/condenaron-a-cadena-perpetua-al-asesino-del-ex-primer-ministro-japones-shinzo-abe-4-820x545.jpg","newsmatic-list":"https:\/\/lobosnews.com.ar\/wp-content\/uploads\/2026\/01\/condenaron-a-cadena-perpetua-al-asesino-del-ex-primer-ministro-japones-shinzo-abe-4-600x400.jpg","newsmatic-thumb":"https:\/\/lobosnews.com.ar\/wp-content\/uploads\/2026\/01\/condenaron-a-cadena-perpetua-al-asesino-del-ex-primer-ministro-japones-shinzo-abe-4-300x200.jpg","newsmatic-small":"https:\/\/lobosnews.com.ar\/wp-content\/uploads\/2026\/01\/condenaron-a-cadena-perpetua-al-asesino-del-ex-primer-ministro-japones-shinzo-abe-4-150x95.jpg","newsmatic-grid":"https:\/\/lobosnews.com.ar\/wp-content\/uploads\/2026\/01\/condenaron-a-cadena-perpetua-al-asesino-del-ex-primer-ministro-japones-shinzo-abe-4-400x250.jpg"},"magazineBlocksPostAuthor":{"name":"admin","avatar":"https:\/\/secure.gravatar.com\/avatar\/76e419471a2083bc3ceab22a763dbbf9b0c1bd15a6214cf3280e2c2dde4580f9?s=96&d=mm&r=g"},"magazineBlocksPostCommentsNumber":"0","magazineBlocksPostExcerpt":"El hombre acusado de asesinar al ex primer ministro de Jap\u00f3n, Shinzo Abe, fue condenado este mi\u00e9rcoles a cadena perpetua, m\u00e1s de tres a\u00f1os despu\u00e9s del crimen que conmocion\u00f3 al pa\u00eds y gener\u00f3 repercusiones internacionales. El tribunal de la ciudad de Nara, presidido por el juez Shinichi Tanaka, dict\u00f3 la sentencia contra Tetsuya Yamagami, de...","magazineBlocksPostCategories":["Actualidad"],"magazineBlocksPostViewCount":128,"magazineBlocksPostReadTime":5,"magazine_blocks_featured_image_url":{"full":["https:\/\/lobosnews.com.ar\/wp-content\/uploads\/2026\/01\/condenaron-a-cadena-perpetua-al-asesino-del-ex-primer-ministro-japones-shinzo-abe-4.jpg",1920,1280,false],"medium":["https:\/\/lobosnews.com.ar\/wp-content\/uploads\/2026\/01\/condenaron-a-cadena-perpetua-al-asesino-del-ex-primer-ministro-japones-shinzo-abe-4-300x200.jpg",300,200,true],"thumbnail":["https:\/\/lobosnews.com.ar\/wp-content\/uploads\/2026\/01\/condenaron-a-cadena-perpetua-al-asesino-del-ex-primer-ministro-japones-shinzo-abe-4-150x150.jpg",150,150,true]},"magazine_blocks_author":{"display_name":"admin","author_link":"https:\/\/lobosnews.com.ar\/index.php\/author\/lobos-news\/"},"magazine_blocks_comment":0,"magazine_blocks_author_image":"https:\/\/secure.gravatar.com\/avatar\/76e419471a2083bc3ceab22a763dbbf9b0c1bd15a6214cf3280e2c2dde4580f9?s=96&d=mm&r=g","magazine_blocks_category":"<a href=\"#\" class=\"category-link category-link-31\">Actualidad<\/a>","yoast_head":"<!-- This site is optimized with the Yoast SEO plugin v26.6 - https:\/\/yoast.com\/wordpress\/plugins\/seo\/ -->\n<title>Condenaron a cadena perpetua al asesino del ex primer ministro japon\u00e9s Shinzo Abe - Lobos News<\/title>\n<meta name=\"robots\" content=\"index, follow, max-snippet:-1, max-image-preview:large, max-video-preview:-1\" \/>\n<link rel=\"canonical\" href=\"https:\/\/lobosnews.com.ar\/index.php\/2026\/01\/21\/condenaron-a-cadena-perpetua-al-asesino-del-ex-primer-ministro-japones-shinzo-abe\/\" \/>\n<meta property=\"og:locale\" content=\"es_ES\" \/>\n<meta property=\"og:type\" content=\"article\" \/>\n<meta property=\"og:title\" content=\"Condenaron a cadena perpetua al asesino del ex primer ministro japon\u00e9s Shinzo Abe - Lobos News\" \/>\n<meta property=\"og:description\" content=\"El hombre acusado de asesinar al ex primer ministro de Jap\u00f3n, Shinzo Abe, fue condenado este mi\u00e9rcoles a cadena perpetua, m\u00e1s de tres a\u00f1os despu\u00e9s del crimen que conmocion\u00f3 al pa\u00eds y gener\u00f3 repercusiones internacionales. El tribunal de la ciudad de Nara, presidido por el juez Shinichi Tanaka, dict\u00f3 la sentencia contra Tetsuya Yamagami, de...\" \/>\n<meta property=\"og:url\" content=\"https:\/\/lobosnews.com.ar\/index.php\/2026\/01\/21\/condenaron-a-cadena-perpetua-al-asesino-del-ex-primer-ministro-japones-shinzo-abe\/\" \/>\n<meta property=\"og:site_name\" content=\"Lobos News\" \/>\n<meta property=\"article:published_time\" content=\"2026-01-21T07:00:49+00:00\" \/>\n<meta property=\"article:modified_time\" content=\"2026-01-21T10:51:23+00:00\" \/>\n<meta property=\"og:image\" content=\"https:\/\/lobosnews.com.ar\/wp-content\/uploads\/2026\/01\/condenaron-a-cadena-perpetua-al-asesino-del-ex-primer-ministro-japones-shinzo-abe.jpg\" \/>\n<meta name=\"author\" content=\"admin\" \/>\n<meta name=\"twitter:card\" content=\"summary_large_image\" \/>\n<meta name=\"twitter:label1\" content=\"Escrito por\" \/>\n\t<meta name=\"twitter:data1\" content=\"admin\" \/>\n\t<meta name=\"twitter:label2\" content=\"Tiempo de lectura\" \/>\n\t<meta name=\"twitter:data2\" content=\"4 minutos\" \/>\n<script type=\"application\/ld+json\" class=\"yoast-schema-graph\">{\"@context\":\"https:\/\/schema.org\",\"@graph\":[{\"@type\":\"Article\",\"@id\":\"https:\/\/lobosnews.com.ar\/index.php\/2026\/01\/21\/condenaron-a-cadena-perpetua-al-asesino-del-ex-primer-ministro-japones-shinzo-abe\/#article\",\"isPartOf\":{\"@id\":\"https:\/\/lobosnews.com.ar\/index.php\/2026\/01\/21\/condenaron-a-cadena-perpetua-al-asesino-del-ex-primer-ministro-japones-shinzo-abe\/\"},\"author\":{\"name\":\"admin\",\"@id\":\"https:\/\/lobosnews.com.ar\/#\/schema\/person\/232422a593d5c541dd9aef6aaed10943\"},\"headline\":\"Condenaron a cadena perpetua al asesino del ex primer ministro japon\u00e9s Shinzo Abe\",\"datePublished\":\"2026-01-21T07:00:49+00:00\",\"dateModified\":\"2026-01-21T10:51:23+00:00\",\"mainEntityOfPage\":{\"@id\":\"https:\/\/lobosnews.com.ar\/index.php\/2026\/01\/21\/condenaron-a-cadena-perpetua-al-asesino-del-ex-primer-ministro-japones-shinzo-abe\/\"},\"wordCount\":840,\"commentCount\":0,\"publisher\":{\"@id\":\"https:\/\/lobosnews.com.ar\/#organization\"},\"image\":{\"@id\":\"https:\/\/lobosnews.com.ar\/index.php\/2026\/01\/21\/condenaron-a-cadena-perpetua-al-asesino-del-ex-primer-ministro-japones-shinzo-abe\/#primaryimage\"},\"thumbnailUrl\":\"https:\/\/lobosnews.com.ar\/wp-content\/uploads\/2026\/01\/condenaron-a-cadena-perpetua-al-asesino-del-ex-primer-ministro-japones-shinzo-abe-4.jpg\",\"articleSection\":[\"Actualidad\"],\"inLanguage\":\"es\",\"potentialAction\":[{\"@type\":\"CommentAction\",\"name\":\"Comment\",\"target\":[\"https:\/\/lobosnews.com.ar\/index.php\/2026\/01\/21\/condenaron-a-cadena-perpetua-al-asesino-del-ex-primer-ministro-japones-shinzo-abe\/#respond\"]}]},{\"@type\":\"WebPage\",\"@id\":\"https:\/\/lobosnews.com.ar\/index.php\/2026\/01\/21\/condenaron-a-cadena-perpetua-al-asesino-del-ex-primer-ministro-japones-shinzo-abe\/\",\"url\":\"https:\/\/lobosnews.com.ar\/index.php\/2026\/01\/21\/condenaron-a-cadena-perpetua-al-asesino-del-ex-primer-ministro-japones-shinzo-abe\/\",\"name\":\"Condenaron a cadena perpetua al asesino del ex primer ministro japon\u00e9s Shinzo Abe - Lobos News\",\"isPartOf\":{\"@id\":\"https:\/\/lobosnews.com.ar\/#website\"},\"primaryImageOfPage\":{\"@id\":\"https:\/\/lobosnews.com.ar\/index.php\/2026\/01\/21\/condenaron-a-cadena-perpetua-al-asesino-del-ex-primer-ministro-japones-shinzo-abe\/#primaryimage\"},\"image\":{\"@id\":\"https:\/\/lobosnews.com.ar\/index.php\/2026\/01\/21\/condenaron-a-cadena-perpetua-al-asesino-del-ex-primer-ministro-japones-shinzo-abe\/#primaryimage\"},\"thumbnailUrl\":\"https:\/\/lobosnews.com.ar\/wp-content\/uploads\/2026\/01\/condenaron-a-cadena-perpetua-al-asesino-del-ex-primer-ministro-japones-shinzo-abe-4.jpg\",\"datePublished\":\"2026-01-21T07:00:49+00:00\",\"dateModified\":\"2026-01-21T10:51:23+00:00\",\"breadcrumb\":{\"@id\":\"https:\/\/lobosnews.com.ar\/index.php\/2026\/01\/21\/condenaron-a-cadena-perpetua-al-asesino-del-ex-primer-ministro-japones-shinzo-abe\/#breadcrumb\"},\"inLanguage\":\"es\",\"potentialAction\":[{\"@type\":\"ReadAction\",\"target\":[\"https:\/\/lobosnews.com.ar\/index.php\/2026\/01\/21\/condenaron-a-cadena-perpetua-al-asesino-del-ex-primer-ministro-japones-shinzo-abe\/\"]}]},{\"@type\":\"ImageObject\",\"inLanguage\":\"es\",\"@id\":\"https:\/\/lobosnews.com.ar\/index.php\/2026\/01\/21\/condenaron-a-cadena-perpetua-al-asesino-del-ex-primer-ministro-japones-shinzo-abe\/#primaryimage\",\"url\":\"https:\/\/lobosnews.com.ar\/wp-content\/uploads\/2026\/01\/condenaron-a-cadena-perpetua-al-asesino-del-ex-primer-ministro-japones-shinzo-abe-4.jpg\",\"contentUrl\":\"https:\/\/lobosnews.com.ar\/wp-content\/uploads\/2026\/01\/condenaron-a-cadena-perpetua-al-asesino-del-ex-primer-ministro-japones-shinzo-abe-4.jpg\",\"width\":1920,\"height\":1280,\"caption\":\"Condenaron a cadena perpetua al asesino del ex primer ministro japon\u00e9s Shinzo Abe\"},{\"@type\":\"BreadcrumbList\",\"@id\":\"https:\/\/lobosnews.com.ar\/index.php\/2026\/01\/21\/condenaron-a-cadena-perpetua-al-asesino-del-ex-primer-ministro-japones-shinzo-abe\/#breadcrumb\",\"itemListElement\":[{\"@type\":\"ListItem\",\"position\":1,\"name\":\"Portada\",\"item\":\"https:\/\/lobosnews.com.ar\/\"},{\"@type\":\"ListItem\",\"position\":2,\"name\":\"Condenaron a cadena perpetua al asesino del ex primer ministro japon\u00e9s Shinzo Abe\"}]},{\"@type\":\"WebSite\",\"@id\":\"https:\/\/lobosnews.com.ar\/#website\",\"url\":\"https:\/\/lobosnews.com.ar\/\",\"name\":\"Lobos News\",\"description\":\"Informaci\u00f3n a cada instante\",\"publisher\":{\"@id\":\"https:\/\/lobosnews.com.ar\/#organization\"},\"potentialAction\":[{\"@type\":\"SearchAction\",\"target\":{\"@type\":\"EntryPoint\",\"urlTemplate\":\"https:\/\/lobosnews.com.ar\/?s={search_term_string}\"},\"query-input\":{\"@type\":\"PropertyValueSpecification\",\"valueRequired\":true,\"valueName\":\"search_term_string\"}}],\"inLanguage\":\"es\"},{\"@type\":\"Organization\",\"@id\":\"https:\/\/lobosnews.com.ar\/#organization\",\"name\":\"Lobos News\",\"url\":\"https:\/\/lobosnews.com.ar\/\",\"logo\":{\"@type\":\"ImageObject\",\"inLanguage\":\"es\",\"@id\":\"https:\/\/lobosnews.com.ar\/#\/schema\/logo\/image\/\",\"url\":\"https:\/\/lobosnews.com.ar\/wp-content\/uploads\/2026\/01\/logo-lobosnews.png\",\"contentUrl\":\"https:\/\/lobosnews.com.ar\/wp-content\/uploads\/2026\/01\/logo-lobosnews.png\",\"width\":500,\"height\":200,\"caption\":\"Lobos News\"},\"image\":{\"@id\":\"https:\/\/lobosnews.com.ar\/#\/schema\/logo\/image\/\"}},{\"@type\":\"Person\",\"@id\":\"https:\/\/lobosnews.com.ar\/#\/schema\/person\/232422a593d5c541dd9aef6aaed10943\",\"name\":\"admin\",\"image\":{\"@type\":\"ImageObject\",\"inLanguage\":\"es\",\"@id\":\"https:\/\/lobosnews.com.ar\/#\/schema\/person\/image\/\",\"url\":\"https:\/\/secure.gravatar.com\/avatar\/76e419471a2083bc3ceab22a763dbbf9b0c1bd15a6214cf3280e2c2dde4580f9?s=96&d=mm&r=g\",\"contentUrl\":\"https:\/\/secure.gravatar.com\/avatar\/76e419471a2083bc3ceab22a763dbbf9b0c1bd15a6214cf3280e2c2dde4580f9?s=96&d=mm&r=g\",\"caption\":\"admin\"},\"sameAs\":[\"https:\/\/lobosnews.com.ar\"],\"url\":\"https:\/\/lobosnews.com.ar\/index.php\/author\/lobos-news\/\"}]}<\/script>\n<!-- \/ Yoast SEO plugin. -->","yoast_head_json":{"title":"Condenaron a cadena perpetua al asesino del ex primer ministro japon\u00e9s Shinzo Abe - Lobos News","robots":{"index":"index","follow":"follow","max-snippet":"max-snippet:-1","max-image-preview":"max-image-preview:large","max-video-preview":"max-video-preview:-1"},"canonical":"https:\/\/lobosnews.com.ar\/index.php\/2026\/01\/21\/condenaron-a-cadena-perpetua-al-asesino-del-ex-primer-ministro-japones-shinzo-abe\/","og_locale":"es_ES","og_type":"article","og_title":"Condenaron a cadena perpetua al asesino del ex primer ministro japon\u00e9s Shinzo Abe - Lobos News","og_description":"El hombre acusado de asesinar al ex primer ministro de Jap\u00f3n, Shinzo Abe, fue condenado este mi\u00e9rcoles a cadena perpetua, m\u00e1s de tres a\u00f1os despu\u00e9s del crimen que conmocion\u00f3 al pa\u00eds y gener\u00f3 repercusiones internacionales. El tribunal de la ciudad de Nara, presidido por el juez Shinichi Tanaka, dict\u00f3 la sentencia contra Tetsuya Yamagami, de...","og_url":"https:\/\/lobosnews.com.ar\/index.php\/2026\/01\/21\/condenaron-a-cadena-perpetua-al-asesino-del-ex-primer-ministro-japones-shinzo-abe\/","og_site_name":"Lobos News","article_published_time":"2026-01-21T07:00:49+00:00","article_modified_time":"2026-01-21T10:51:23+00:00","og_image":[{"url":"https:\/\/lobosnews.com.ar\/wp-content\/uploads\/2026\/01\/condenaron-a-cadena-perpetua-al-asesino-del-ex-primer-ministro-japones-shinzo-abe.jpg","type":"","width":"","height":""}],"author":"admin","twitter_card":"summary_large_image","twitter_misc":{"Escrito por":"admin","Tiempo de lectura":"4 minutos"},"schema":{"@context":"https:\/\/schema.org","@graph":[{"@type":"Article","@id":"https:\/\/lobosnews.com.ar\/index.php\/2026\/01\/21\/condenaron-a-cadena-perpetua-al-asesino-del-ex-primer-ministro-japones-shinzo-abe\/#article","isPartOf":{"@id":"https:\/\/lobosnews.com.ar\/index.php\/2026\/01\/21\/condenaron-a-cadena-perpetua-al-asesino-del-ex-primer-ministro-japones-shinzo-abe\/"},"author":{"name":"admin","@id":"https:\/\/lobosnews.com.ar\/#\/schema\/person\/232422a593d5c541dd9aef6aaed10943"},"headline":"Condenaron a cadena perpetua al asesino del ex primer ministro japon\u00e9s Shinzo Abe","datePublished":"2026-01-21T07:00:49+00:00","dateModified":"2026-01-21T10:51:23+00:00","mainEntityOfPage":{"@id":"https:\/\/lobosnews.com.ar\/index.php\/2026\/01\/21\/condenaron-a-cadena-perpetua-al-asesino-del-ex-primer-ministro-japones-shinzo-abe\/"},"wordCount":840,"commentCount":0,"publisher":{"@id":"https:\/\/lobosnews.com.ar\/#organization"},"image":{"@id":"https:\/\/lobosnews.com.ar\/index.php\/2026\/01\/21\/condenaron-a-cadena-perpetua-al-asesino-del-ex-primer-ministro-japones-shinzo-abe\/#primaryimage"},"thumbnailUrl":"https:\/\/lobosnews.com.ar\/wp-content\/uploads\/2026\/01\/condenaron-a-cadena-perpetua-al-asesino-del-ex-primer-ministro-japones-shinzo-abe-4.jpg","articleSection":["Actualidad"],"inLanguage":"es","potentialAction":[{"@type":"CommentAction","name":"Comment","target":["https:\/\/lobosnews.com.ar\/index.php\/2026\/01\/21\/condenaron-a-cadena-perpetua-al-asesino-del-ex-primer-ministro-japones-shinzo-abe\/#respond"]}]},{"@type":"WebPage","@id":"https:\/\/lobosnews.com.ar\/index.php\/2026\/01\/21\/condenaron-a-cadena-perpetua-al-asesino-del-ex-primer-ministro-japones-shinzo-abe\/","url":"https:\/\/lobosnews.com.ar\/index.php\/2026\/01\/21\/condenaron-a-cadena-perpetua-al-asesino-del-ex-primer-ministro-japones-shinzo-abe\/","name":"Condenaron a cadena perpetua al asesino del ex primer ministro japon\u00e9s Shinzo Abe - Lobos News","isPartOf":{"@id":"https:\/\/lobosnews.com.ar\/#website"},"primaryImageOfPage":{"@id":"https:\/\/lobosnews.com.ar\/index.php\/2026\/01\/21\/condenaron-a-cadena-perpetua-al-asesino-del-ex-primer-ministro-japones-shinzo-abe\/#primaryimage"},"image":{"@id":"https:\/\/lobosnews.com.ar\/index.php\/2026\/01\/21\/condenaron-a-cadena-perpetua-al-asesino-del-ex-primer-ministro-japones-shinzo-abe\/#primaryimage"},"thumbnailUrl":"https:\/\/lobosnews.com.ar\/wp-content\/uploads\/2026\/01\/condenaron-a-cadena-perpetua-al-asesino-del-ex-primer-ministro-japones-shinzo-abe-4.jpg","datePublished":"2026-01-21T07:00:49+00:00","dateModified":"2026-01-21T10:51:23+00:00","breadcrumb":{"@id":"https:\/\/lobosnews.com.ar\/index.php\/2026\/01\/21\/condenaron-a-cadena-perpetua-al-asesino-del-ex-primer-ministro-japones-shinzo-abe\/#breadcrumb"},"inLanguage":"es","potentialAction":[{"@type":"ReadAction","target":["https:\/\/lobosnews.com.ar\/index.php\/2026\/01\/21\/condenaron-a-cadena-perpetua-al-asesino-del-ex-primer-ministro-japones-shinzo-abe\/"]}]},{"@type":"ImageObject","inLanguage":"es","@id":"https:\/\/lobosnews.com.ar\/index.php\/2026\/01\/21\/condenaron-a-cadena-perpetua-al-asesino-del-ex-primer-ministro-japones-shinzo-abe\/#primaryimage","url":"https:\/\/lobosnews.com.ar\/wp-content\/uploads\/2026\/01\/condenaron-a-cadena-perpetua-al-asesino-del-ex-primer-ministro-japones-shinzo-abe-4.jpg","contentUrl":"https:\/\/lobosnews.com.ar\/wp-content\/uploads\/2026\/01\/condenaron-a-cadena-perpetua-al-asesino-del-ex-primer-ministro-japones-shinzo-abe-4.jpg","width":1920,"height":1280,"caption":"Condenaron a cadena perpetua al asesino del ex primer ministro japon\u00e9s Shinzo Abe"},{"@type":"BreadcrumbList","@id":"https:\/\/lobosnews.com.ar\/index.php\/2026\/01\/21\/condenaron-a-cadena-perpetua-al-asesino-del-ex-primer-ministro-japones-shinzo-abe\/#breadcrumb","itemListElement":[{"@type":"ListItem","position":1,"name":"Portada","item":"https:\/\/lobosnews.com.ar\/"},{"@type":"ListItem","position":2,"name":"Condenaron a cadena perpetua al asesino del ex primer ministro japon\u00e9s Shinzo Abe"}]},{"@type":"WebSite","@id":"https:\/\/lobosnews.com.ar\/#website","url":"https:\/\/lobosnews.com.ar\/","name":"Lobos News","description":"Informaci\u00f3n a cada instante","publisher":{"@id":"https:\/\/lobosnews.com.ar\/#organization"},"potentialAction":[{"@type":"SearchAction","target":{"@type":"EntryPoint","urlTemplate":"https:\/\/lobosnews.com.ar\/?s={search_term_string}"},"query-input":{"@type":"PropertyValueSpecification","valueRequired":true,"valueName":"search_term_string"}}],"inLanguage":"es"},{"@type":"Organization","@id":"https:\/\/lobosnews.com.ar\/#organization","name":"Lobos News","url":"https:\/\/lobosnews.com.ar\/","logo":{"@type":"ImageObject","inLanguage":"es","@id":"https:\/\/lobosnews.com.ar\/#\/schema\/logo\/image\/","url":"https:\/\/lobosnews.com.ar\/wp-content\/uploads\/2026\/01\/logo-lobosnews.png","contentUrl":"https:\/\/lobosnews.com.ar\/wp-content\/uploads\/2026\/01\/logo-lobosnews.png","width":500,"height":200,"caption":"Lobos News"},"image":{"@id":"https:\/\/lobosnews.com.ar\/#\/schema\/logo\/image\/"}},{"@type":"Person","@id":"https:\/\/lobosnews.com.ar\/#\/schema\/person\/232422a593d5c541dd9aef6aaed10943","name":"admin","image":{"@type":"ImageObject","inLanguage":"es","@id":"https:\/\/lobosnews.com.ar\/#\/schema\/person\/image\/","url":"https:\/\/secure.gravatar.com\/avatar\/76e419471a2083bc3ceab22a763dbbf9b0c1bd15a6214cf3280e2c2dde4580f9?s=96&d=mm&r=g","contentUrl":"https:\/\/secure.gravatar.com\/avatar\/76e419471a2083bc3ceab22a763dbbf9b0c1bd15a6214cf3280e2c2dde4580f9?s=96&d=mm&r=g","caption":"admin"},"sameAs":["https:\/\/lobosnews.com.ar"],"url":"https:\/\/lobosnews.com.ar\/index.php\/author\/lobos-news\/"}]}},"jetpack_featured_media_url":"https:\/\/lobosnews.com.ar\/wp-content\/uploads\/2026\/01\/condenaron-a-cadena-perpetua-al-asesino-del-ex-primer-ministro-japones-shinzo-abe-4.jpg","jetpack_sharing_enabled":true,"_links":{"self":[{"href":"https:\/\/lobosnews.com.ar\/index.php\/wp-json\/wp\/v2\/posts\/9531","targetHints":{"allow":["GET"]}}],"collection":[{"href":"https:\/\/lobosnews.com.ar\/index.php\/wp-json\/wp\/v2\/posts"}],"about":[{"href":"https:\/\/lobosnews.com.ar\/index.php\/wp-json\/wp\/v2\/types\/post"}],"author":[{"embeddable":true,"href":"https:\/\/lobosnews.com.ar\/index.php\/wp-json\/wp\/v2\/users\/1"}],"replies":[{"embeddable":true,"href":"https:\/\/lobosnews.com.ar\/index.php\/wp-json\/wp\/v2\/comments?post=9531"}],"version-history":[{"count":1,"href":"https:\/\/lobosnews.com.ar\/index.php\/wp-json\/wp\/v2\/posts\/9531\/revisions"}],"predecessor-version":[{"id":9535,"href":"https:\/\/lobosnews.com.ar\/index.php\/wp-json\/wp\/v2\/posts\/9531\/revisions\/9535"}],"wp:featuredmedia":[{"embeddable":true,"href":"https:\/\/lobosnews.com.ar\/index.php\/wp-json\/wp\/v2\/media\/9536"}],"wp:attachment":[{"href":"https:\/\/lobosnews.com.ar\/index.php\/wp-json\/wp\/v2\/media?parent=9531"}],"wp:term":[{"taxonomy":"category","embeddable":true,"href":"https:\/\/lobosnews.com.ar\/index.php\/wp-json\/wp\/v2\/categories?post=9531"},{"taxonomy":"post_tag","embeddable":true,"href":"https:\/\/lobosnews.com.ar\/index.php\/wp-json\/wp\/v2\/tags?post=9531"}],"curies":[{"name":"wp","href":"https:\/\/api.w.org\/{rel}","templated":true}]}}