{"id":9513,"date":"2026-01-21T07:15:20","date_gmt":"2026-01-21T07:15:20","guid":{"rendered":"https:\/\/lobosnews.com.ar\/index.php\/2026\/01\/21\/el-primer-ministro-de-israel-benjamin-netanyahu-acepto-la-invitacion-de-trump-para-integrar-el-consejo-de-la-paz\/"},"modified":"2026-01-21T10:51:04","modified_gmt":"2026-01-21T10:51:04","slug":"el-primer-ministro-de-israel-benjamin-netanyahu-acepto-la-invitacion-de-trump-para-integrar-el-consejo-de-la-paz","status":"publish","type":"post","link":"https:\/\/lobosnews.com.ar\/index.php\/2026\/01\/21\/el-primer-ministro-de-israel-benjamin-netanyahu-acepto-la-invitacion-de-trump-para-integrar-el-consejo-de-la-paz\/","title":{"rendered":"El primer ministro de Israel, Benjam\u00edn Netanyahu, acept\u00f3 la invitaci\u00f3n de Trump para integrar el Consejo de la Paz"},"content":{"rendered":"<p><img fetchpriority=\"high\" decoding=\"async\" src=\"https:\/\/lobosnews.com.ar\/wp-content\/uploads\/2026\/01\/el-primer-ministro-de-israel-benjamin-netanyahu-acepto-la-invitacion-de-trump-para-integrar-el-consejo-de-la-paz.jpg\" alt=\"El presidente Donald Trump recibe al primer ministro israel\u00ed, Benjam\u00edn Netanyahu, en el Club Mar a Lago en Palm Beach, Florida\" height=\"1279\" width=\"1920\"\/><\/p>\n<p>El primer ministro de <b>Israel<\/b>, <b>Benjam\u00edn Netanyahu<\/b>, acept\u00f3 la invitaci\u00f3n del presidente estadounidense <b>Donald Trump<\/b> para integrarse al denominado <b>\u201cConsejo de Paz\u201d<\/b>, seg\u00fan inform\u00f3 este mi\u00e9rcoles la oficina del dirigente israel\u00ed.<\/p>\n<p>En un comunicado oficial, el despacho de Netanyahu anunci\u00f3 que el mandatario \u201cacept\u00f3 la invitaci\u00f3n del presidente estadounidense Donald Trump y se unir\u00e1 como miembro del Consejo de Paz, que estar\u00e1 compuesto por l\u00edderes mundiales\u201d.<\/p>\n<p>El consejo fue creado inicialmente para supervisar la reconstrucci\u00f3n de <b>Gaza<\/b> tras el conflicto, pero seg\u00fan el estatuto consultado por la agencia <i>AFP<\/i>, su funci\u00f3n no se limita \u00fanicamente al territorio palestino.<\/p>\n<p>Tras m\u00e1s de dos a\u00f1os de ofensiva militar y con tropas a\u00fan presentes en <b>Gaza<\/b>, el primer ministro<b> <\/b>Netanyahu pasar\u00e1 a integrar el \u00f3rgano encargado, seg\u00fan la descripci\u00f3n de la <b>Casa Blanca<\/b>, de \u201cproporcionar supervisi\u00f3n estrat\u00e9gica, movilizar recursos internacionales y garantizar la rendici\u00f3n de cuentas mientras Gaza pasa del conflicto a la paz y el desarrollo\u201d.<\/p>\n<p>L\u00edderes como el presidente de <b>Argentina<\/b>, <b>Javier Milei<\/b>; el de <b>Paraguay<\/b>, <b>Santiago Pe\u00f1a<\/b>; y el de <b>Turqu\u00eda<\/b>, <b>Recep Tayyip Erdogan<\/b>, ya hab\u00edan confirmado haber recibido una carta de <b>Donald Trump<\/b> invit\u00e1ndolos a unirse al Consejo.<\/p>\n<p><img loading=\"lazy\" decoding=\"async\" src=\"https:\/\/lobosnews.com.ar\/wp-content\/uploads\/2026\/01\/el-primer-ministro-de-israel-benjamin-netanyahu-acepto-la-invitacion-de-trump-para-integrar-el-consejo-de-la-paz-1.jpg\" alt=\"El anuncio publicado por la oficina del primer ministro israel\u00ed, Benjam\u00edn Netanyahu en X (@IsraelPM)\" height=\"1080\" width=\"1920\"\/><\/p>\n<p>El lunes, el <b>Kremlin<\/b> tambi\u00e9n inform\u00f3 que el presidente ruso <b>Vlad\u00edmir Putin<\/b> recibi\u00f3 formalmente, por canales diplom\u00e1ticos, la propuesta de incorporarse a la <b>Junta de la Paz<\/b>, seg\u00fan explic\u00f3 el portavoz presidencial <b>Dmitri Peskov<\/b>.<\/p>\n<p>Por otro lado, fuentes cercanas al presidente franc\u00e9s <b>Emmanuel Macron<\/b> se\u00f1alaron que <b>Francia<\/b> rechaz\u00f3 la invitaci\u00f3n, argumentando que la propuesta del Consejo de Paz excede la situaci\u00f3n en Gaza y plantea interrogantes respecto al respeto de los principios y la estructura de las <b>Naciones Unidas<\/b>.<\/p>\n<p>El pasado viernes,<b> Trump <\/b>design\u00f3 una Junta Ejecutiva para supervisar el nuevo gobierno de Gaza. integrada por el secretario de Estado de EEUU <b>Marco Rubio<\/b>, el enviado especial para Gaza <b>Steve Witkoff<\/b>, su yerno <b>Jared Kushner<\/b>, el ex primer ministro brit\u00e1nico <b>Tony Blair<\/b>, el director de Apollo Global Management <b>Marc Rowan<\/b>, el asesor <b>Roberto Gabriel<\/b> y el presidente del Banco Mundial <b>Ajay Banga<\/b>.<\/p>\n<p>El mandatario norteamericano estableci\u00f3 adem\u00e1s un Comit\u00e9 Ejecutivo para Gaza, en apoyo al Alto Representante para Gaza, el b\u00falgaro <b>Nickolay Mladenov<\/b>, y al comit\u00e9 de tecn\u00f3cratas palestinos que gestionar\u00e1 el enclave bajo el nombre de <b>Comit\u00e9 Nacional para la Administraci\u00f3n de Gaza<\/b>.<\/p>\n<p>La inclusi\u00f3n de representantes de <b>Catar<\/b> y <b>Turqu\u00eda<\/b> en este comit\u00e9 gener\u00f3 objeciones en el gobierno israel\u00ed, que cuestion\u00f3 la presencia de personas consideradas tolerantes con el grupo islamista <b>Ham\u00e1s<\/b>.<\/p>\n<p><i>Noticia en desarrollo&#8230;<\/i><\/p>\n","protected":false},"excerpt":{"rendered":"<p>El primer ministro de Israel, Benjam\u00edn Netanyahu, acept\u00f3 la invitaci\u00f3n del presidente estadounidense Donald Trump para integrarse al denominado \u201cConsejo de Paz\u201d, seg\u00fan inform\u00f3 este mi\u00e9rcoles la oficina del dirigente israel\u00ed. En un comunicado oficial, el despacho de Netanyahu anunci\u00f3 que el mandatario \u201cacept\u00f3 la invitaci\u00f3n del presidente estadounidense Donald Trump y se unir\u00e1 como&#8230;<\/p>\n","protected":false},"author":1,"featured_media":9517,"comment_status":"open","ping_status":"closed","sticky":false,"template":"","format":"standard","meta":{"_jetpack_memberships_contains_paid_content":false,"footnotes":""},"categories":[31],"tags":[],"class_list":["post-9513","post","type-post","status-publish","format-standard","has-post-thumbnail","hentry","category-actualidad"],"magazineBlocksPostFeaturedMedia":{"thumbnail":"https:\/\/lobosnews.com.ar\/wp-content\/uploads\/2026\/01\/el-primer-ministro-de-israel-benjamin-netanyahu-acepto-la-invitacion-de-trump-para-integrar-el-consejo-de-la-paz-2-150x150.jpg","medium":"https:\/\/lobosnews.com.ar\/wp-content\/uploads\/2026\/01\/el-primer-ministro-de-israel-benjamin-netanyahu-acepto-la-invitacion-de-trump-para-integrar-el-consejo-de-la-paz-2-300x169.jpg","medium_large":"https:\/\/lobosnews.com.ar\/wp-content\/uploads\/2026\/01\/el-primer-ministro-de-israel-benjamin-netanyahu-acepto-la-invitacion-de-trump-para-integrar-el-consejo-de-la-paz-2-768x432.jpg","large":"https:\/\/lobosnews.com.ar\/wp-content\/uploads\/2026\/01\/el-primer-ministro-de-israel-benjamin-netanyahu-acepto-la-invitacion-de-trump-para-integrar-el-consejo-de-la-paz-2-1024x576.jpg","1536x1536":"https:\/\/lobosnews.com.ar\/wp-content\/uploads\/2026\/01\/el-primer-ministro-de-israel-benjamin-netanyahu-acepto-la-invitacion-de-trump-para-integrar-el-consejo-de-la-paz-2-1536x864.jpg","2048x2048":"https:\/\/lobosnews.com.ar\/wp-content\/uploads\/2026\/01\/el-primer-ministro-de-israel-benjamin-netanyahu-acepto-la-invitacion-de-trump-para-integrar-el-consejo-de-la-paz-2.jpg","newsmatic-featured":"https:\/\/lobosnews.com.ar\/wp-content\/uploads\/2026\/01\/el-primer-ministro-de-israel-benjamin-netanyahu-acepto-la-invitacion-de-trump-para-integrar-el-consejo-de-la-paz-2-820x545.jpg","newsmatic-list":"https:\/\/lobosnews.com.ar\/wp-content\/uploads\/2026\/01\/el-primer-ministro-de-israel-benjamin-netanyahu-acepto-la-invitacion-de-trump-para-integrar-el-consejo-de-la-paz-2-600x400.jpg","newsmatic-thumb":"https:\/\/lobosnews.com.ar\/wp-content\/uploads\/2026\/01\/el-primer-ministro-de-israel-benjamin-netanyahu-acepto-la-invitacion-de-trump-para-integrar-el-consejo-de-la-paz-2-300x200.jpg","newsmatic-small":"https:\/\/lobosnews.com.ar\/wp-content\/uploads\/2026\/01\/el-primer-ministro-de-israel-benjamin-netanyahu-acepto-la-invitacion-de-trump-para-integrar-el-consejo-de-la-paz-2-150x95.jpg","newsmatic-grid":"https:\/\/lobosnews.com.ar\/wp-content\/uploads\/2026\/01\/el-primer-ministro-de-israel-benjamin-netanyahu-acepto-la-invitacion-de-trump-para-integrar-el-consejo-de-la-paz-2-400x250.jpg"},"magazineBlocksPostAuthor":{"name":"admin","avatar":"https:\/\/secure.gravatar.com\/avatar\/76e419471a2083bc3ceab22a763dbbf9b0c1bd15a6214cf3280e2c2dde4580f9?s=96&d=mm&r=g"},"magazineBlocksPostCommentsNumber":"0","magazineBlocksPostExcerpt":"El primer ministro de Israel, Benjam\u00edn Netanyahu, acept\u00f3 la invitaci\u00f3n del presidente estadounidense Donald Trump para integrarse al denominado \u201cConsejo de Paz\u201d, seg\u00fan inform\u00f3 este mi\u00e9rcoles la oficina del dirigente israel\u00ed. En un comunicado oficial, el despacho de Netanyahu anunci\u00f3 que el mandatario \u201cacept\u00f3 la invitaci\u00f3n del presidente estadounidense Donald Trump y se unir\u00e1 como...","magazineBlocksPostCategories":["Actualidad"],"magazineBlocksPostViewCount":163,"magazineBlocksPostReadTime":3,"magazine_blocks_featured_image_url":{"full":["https:\/\/lobosnews.com.ar\/wp-content\/uploads\/2026\/01\/el-primer-ministro-de-israel-benjamin-netanyahu-acepto-la-invitacion-de-trump-para-integrar-el-consejo-de-la-paz-2.jpg",1920,1080,false],"medium":["https:\/\/lobosnews.com.ar\/wp-content\/uploads\/2026\/01\/el-primer-ministro-de-israel-benjamin-netanyahu-acepto-la-invitacion-de-trump-para-integrar-el-consejo-de-la-paz-2-300x169.jpg",300,169,true],"thumbnail":["https:\/\/lobosnews.com.ar\/wp-content\/uploads\/2026\/01\/el-primer-ministro-de-israel-benjamin-netanyahu-acepto-la-invitacion-de-trump-para-integrar-el-consejo-de-la-paz-2-150x150.jpg",150,150,true]},"magazine_blocks_author":{"display_name":"admin","author_link":"https:\/\/lobosnews.com.ar\/index.php\/author\/lobos-news\/"},"magazine_blocks_comment":0,"magazine_blocks_author_image":"https:\/\/secure.gravatar.com\/avatar\/76e419471a2083bc3ceab22a763dbbf9b0c1bd15a6214cf3280e2c2dde4580f9?s=96&d=mm&r=g","magazine_blocks_category":"<a href=\"#\" class=\"category-link category-link-31\">Actualidad<\/a>","yoast_head":"<!-- This site is optimized with the Yoast SEO plugin v26.6 - https:\/\/yoast.com\/wordpress\/plugins\/seo\/ -->\n<title>El primer ministro de Israel, Benjam\u00edn Netanyahu, acept\u00f3 la invitaci\u00f3n de Trump para integrar el Consejo de la Paz - Lobos News<\/title>\n<meta name=\"robots\" content=\"index, follow, max-snippet:-1, max-image-preview:large, max-video-preview:-1\" \/>\n<link rel=\"canonical\" href=\"https:\/\/lobosnews.com.ar\/index.php\/2026\/01\/21\/el-primer-ministro-de-israel-benjamin-netanyahu-acepto-la-invitacion-de-trump-para-integrar-el-consejo-de-la-paz\/\" \/>\n<meta property=\"og:locale\" content=\"es_ES\" \/>\n<meta property=\"og:type\" content=\"article\" \/>\n<meta property=\"og:title\" content=\"El primer ministro de Israel, Benjam\u00edn Netanyahu, acept\u00f3 la invitaci\u00f3n de Trump para integrar el Consejo de la Paz - Lobos News\" \/>\n<meta property=\"og:description\" content=\"El primer ministro de Israel, Benjam\u00edn Netanyahu, acept\u00f3 la invitaci\u00f3n del presidente estadounidense Donald Trump para integrarse al denominado \u201cConsejo de Paz\u201d, seg\u00fan inform\u00f3 este mi\u00e9rcoles la oficina del dirigente israel\u00ed. En un comunicado oficial, el despacho de Netanyahu anunci\u00f3 que el mandatario \u201cacept\u00f3 la invitaci\u00f3n del presidente estadounidense Donald Trump y se unir\u00e1 como...\" \/>\n<meta property=\"og:url\" content=\"https:\/\/lobosnews.com.ar\/index.php\/2026\/01\/21\/el-primer-ministro-de-israel-benjamin-netanyahu-acepto-la-invitacion-de-trump-para-integrar-el-consejo-de-la-paz\/\" \/>\n<meta property=\"og:site_name\" content=\"Lobos News\" \/>\n<meta property=\"article:published_time\" content=\"2026-01-21T07:15:20+00:00\" \/>\n<meta property=\"article:modified_time\" content=\"2026-01-21T10:51:04+00:00\" \/>\n<meta property=\"og:image\" content=\"https:\/\/lobosnews.com.ar\/wp-content\/uploads\/2026\/01\/el-primer-ministro-de-israel-benjamin-netanyahu-acepto-la-invitacion-de-trump-para-integrar-el-consejo-de-la-paz.jpg\" \/>\n<meta name=\"author\" content=\"admin\" \/>\n<meta name=\"twitter:card\" content=\"summary_large_image\" \/>\n<meta name=\"twitter:label1\" content=\"Escrito por\" \/>\n\t<meta name=\"twitter:data1\" content=\"admin\" \/>\n\t<meta name=\"twitter:label2\" content=\"Tiempo de lectura\" \/>\n\t<meta name=\"twitter:data2\" content=\"2 minutos\" \/>\n<script type=\"application\/ld+json\" class=\"yoast-schema-graph\">{\"@context\":\"https:\/\/schema.org\",\"@graph\":[{\"@type\":\"Article\",\"@id\":\"https:\/\/lobosnews.com.ar\/index.php\/2026\/01\/21\/el-primer-ministro-de-israel-benjamin-netanyahu-acepto-la-invitacion-de-trump-para-integrar-el-consejo-de-la-paz\/#article\",\"isPartOf\":{\"@id\":\"https:\/\/lobosnews.com.ar\/index.php\/2026\/01\/21\/el-primer-ministro-de-israel-benjamin-netanyahu-acepto-la-invitacion-de-trump-para-integrar-el-consejo-de-la-paz\/\"},\"author\":{\"name\":\"admin\",\"@id\":\"https:\/\/lobosnews.com.ar\/#\/schema\/person\/232422a593d5c541dd9aef6aaed10943\"},\"headline\":\"El primer ministro de Israel, Benjam\u00edn Netanyahu, acept\u00f3 la invitaci\u00f3n de Trump para integrar el Consejo de la Paz\",\"datePublished\":\"2026-01-21T07:15:20+00:00\",\"dateModified\":\"2026-01-21T10:51:04+00:00\",\"mainEntityOfPage\":{\"@id\":\"https:\/\/lobosnews.com.ar\/index.php\/2026\/01\/21\/el-primer-ministro-de-israel-benjamin-netanyahu-acepto-la-invitacion-de-trump-para-integrar-el-consejo-de-la-paz\/\"},\"wordCount\":465,\"commentCount\":0,\"publisher\":{\"@id\":\"https:\/\/lobosnews.com.ar\/#organization\"},\"image\":{\"@id\":\"https:\/\/lobosnews.com.ar\/index.php\/2026\/01\/21\/el-primer-ministro-de-israel-benjamin-netanyahu-acepto-la-invitacion-de-trump-para-integrar-el-consejo-de-la-paz\/#primaryimage\"},\"thumbnailUrl\":\"https:\/\/lobosnews.com.ar\/wp-content\/uploads\/2026\/01\/el-primer-ministro-de-israel-benjamin-netanyahu-acepto-la-invitacion-de-trump-para-integrar-el-consejo-de-la-paz-2.jpg\",\"articleSection\":[\"Actualidad\"],\"inLanguage\":\"es\",\"potentialAction\":[{\"@type\":\"CommentAction\",\"name\":\"Comment\",\"target\":[\"https:\/\/lobosnews.com.ar\/index.php\/2026\/01\/21\/el-primer-ministro-de-israel-benjamin-netanyahu-acepto-la-invitacion-de-trump-para-integrar-el-consejo-de-la-paz\/#respond\"]}]},{\"@type\":\"WebPage\",\"@id\":\"https:\/\/lobosnews.com.ar\/index.php\/2026\/01\/21\/el-primer-ministro-de-israel-benjamin-netanyahu-acepto-la-invitacion-de-trump-para-integrar-el-consejo-de-la-paz\/\",\"url\":\"https:\/\/lobosnews.com.ar\/index.php\/2026\/01\/21\/el-primer-ministro-de-israel-benjamin-netanyahu-acepto-la-invitacion-de-trump-para-integrar-el-consejo-de-la-paz\/\",\"name\":\"El primer ministro de Israel, Benjam\u00edn Netanyahu, acept\u00f3 la invitaci\u00f3n de Trump para integrar el Consejo de la Paz - Lobos News\",\"isPartOf\":{\"@id\":\"https:\/\/lobosnews.com.ar\/#website\"},\"primaryImageOfPage\":{\"@id\":\"https:\/\/lobosnews.com.ar\/index.php\/2026\/01\/21\/el-primer-ministro-de-israel-benjamin-netanyahu-acepto-la-invitacion-de-trump-para-integrar-el-consejo-de-la-paz\/#primaryimage\"},\"image\":{\"@id\":\"https:\/\/lobosnews.com.ar\/index.php\/2026\/01\/21\/el-primer-ministro-de-israel-benjamin-netanyahu-acepto-la-invitacion-de-trump-para-integrar-el-consejo-de-la-paz\/#primaryimage\"},\"thumbnailUrl\":\"https:\/\/lobosnews.com.ar\/wp-content\/uploads\/2026\/01\/el-primer-ministro-de-israel-benjamin-netanyahu-acepto-la-invitacion-de-trump-para-integrar-el-consejo-de-la-paz-2.jpg\",\"datePublished\":\"2026-01-21T07:15:20+00:00\",\"dateModified\":\"2026-01-21T10:51:04+00:00\",\"breadcrumb\":{\"@id\":\"https:\/\/lobosnews.com.ar\/index.php\/2026\/01\/21\/el-primer-ministro-de-israel-benjamin-netanyahu-acepto-la-invitacion-de-trump-para-integrar-el-consejo-de-la-paz\/#breadcrumb\"},\"inLanguage\":\"es\",\"potentialAction\":[{\"@type\":\"ReadAction\",\"target\":[\"https:\/\/lobosnews.com.ar\/index.php\/2026\/01\/21\/el-primer-ministro-de-israel-benjamin-netanyahu-acepto-la-invitacion-de-trump-para-integrar-el-consejo-de-la-paz\/\"]}]},{\"@type\":\"ImageObject\",\"inLanguage\":\"es\",\"@id\":\"https:\/\/lobosnews.com.ar\/index.php\/2026\/01\/21\/el-primer-ministro-de-israel-benjamin-netanyahu-acepto-la-invitacion-de-trump-para-integrar-el-consejo-de-la-paz\/#primaryimage\",\"url\":\"https:\/\/lobosnews.com.ar\/wp-content\/uploads\/2026\/01\/el-primer-ministro-de-israel-benjamin-netanyahu-acepto-la-invitacion-de-trump-para-integrar-el-consejo-de-la-paz-2.jpg\",\"contentUrl\":\"https:\/\/lobosnews.com.ar\/wp-content\/uploads\/2026\/01\/el-primer-ministro-de-israel-benjamin-netanyahu-acepto-la-invitacion-de-trump-para-integrar-el-consejo-de-la-paz-2.jpg\",\"width\":1920,\"height\":1080,\"caption\":\"El primer ministro de Israel, Benjam\u00edn Netanyahu, acept\u00f3 la invitaci\u00f3n de Trump para integrar el Consejo de la Paz\"},{\"@type\":\"BreadcrumbList\",\"@id\":\"https:\/\/lobosnews.com.ar\/index.php\/2026\/01\/21\/el-primer-ministro-de-israel-benjamin-netanyahu-acepto-la-invitacion-de-trump-para-integrar-el-consejo-de-la-paz\/#breadcrumb\",\"itemListElement\":[{\"@type\":\"ListItem\",\"position\":1,\"name\":\"Portada\",\"item\":\"https:\/\/lobosnews.com.ar\/\"},{\"@type\":\"ListItem\",\"position\":2,\"name\":\"El primer ministro de Israel, Benjam\u00edn Netanyahu, acept\u00f3 la invitaci\u00f3n de Trump para integrar el Consejo de la Paz\"}]},{\"@type\":\"WebSite\",\"@id\":\"https:\/\/lobosnews.com.ar\/#website\",\"url\":\"https:\/\/lobosnews.com.ar\/\",\"name\":\"Lobos News\",\"description\":\"Informaci\u00f3n a cada instante\",\"publisher\":{\"@id\":\"https:\/\/lobosnews.com.ar\/#organization\"},\"potentialAction\":[{\"@type\":\"SearchAction\",\"target\":{\"@type\":\"EntryPoint\",\"urlTemplate\":\"https:\/\/lobosnews.com.ar\/?s={search_term_string}\"},\"query-input\":{\"@type\":\"PropertyValueSpecification\",\"valueRequired\":true,\"valueName\":\"search_term_string\"}}],\"inLanguage\":\"es\"},{\"@type\":\"Organization\",\"@id\":\"https:\/\/lobosnews.com.ar\/#organization\",\"name\":\"Lobos News\",\"url\":\"https:\/\/lobosnews.com.ar\/\",\"logo\":{\"@type\":\"ImageObject\",\"inLanguage\":\"es\",\"@id\":\"https:\/\/lobosnews.com.ar\/#\/schema\/logo\/image\/\",\"url\":\"https:\/\/lobosnews.com.ar\/wp-content\/uploads\/2026\/01\/logo-lobosnews.png\",\"contentUrl\":\"https:\/\/lobosnews.com.ar\/wp-content\/uploads\/2026\/01\/logo-lobosnews.png\",\"width\":500,\"height\":200,\"caption\":\"Lobos News\"},\"image\":{\"@id\":\"https:\/\/lobosnews.com.ar\/#\/schema\/logo\/image\/\"}},{\"@type\":\"Person\",\"@id\":\"https:\/\/lobosnews.com.ar\/#\/schema\/person\/232422a593d5c541dd9aef6aaed10943\",\"name\":\"admin\",\"image\":{\"@type\":\"ImageObject\",\"inLanguage\":\"es\",\"@id\":\"https:\/\/lobosnews.com.ar\/#\/schema\/person\/image\/\",\"url\":\"https:\/\/secure.gravatar.com\/avatar\/76e419471a2083bc3ceab22a763dbbf9b0c1bd15a6214cf3280e2c2dde4580f9?s=96&d=mm&r=g\",\"contentUrl\":\"https:\/\/secure.gravatar.com\/avatar\/76e419471a2083bc3ceab22a763dbbf9b0c1bd15a6214cf3280e2c2dde4580f9?s=96&d=mm&r=g\",\"caption\":\"admin\"},\"sameAs\":[\"https:\/\/lobosnews.com.ar\"],\"url\":\"https:\/\/lobosnews.com.ar\/index.php\/author\/lobos-news\/\"}]}<\/script>\n<!-- \/ Yoast SEO plugin. -->","yoast_head_json":{"title":"El primer ministro de Israel, Benjam\u00edn Netanyahu, acept\u00f3 la invitaci\u00f3n de Trump para integrar el Consejo de la Paz - Lobos News","robots":{"index":"index","follow":"follow","max-snippet":"max-snippet:-1","max-image-preview":"max-image-preview:large","max-video-preview":"max-video-preview:-1"},"canonical":"https:\/\/lobosnews.com.ar\/index.php\/2026\/01\/21\/el-primer-ministro-de-israel-benjamin-netanyahu-acepto-la-invitacion-de-trump-para-integrar-el-consejo-de-la-paz\/","og_locale":"es_ES","og_type":"article","og_title":"El primer ministro de Israel, Benjam\u00edn Netanyahu, acept\u00f3 la invitaci\u00f3n de Trump para integrar el Consejo de la Paz - Lobos News","og_description":"El primer ministro de Israel, Benjam\u00edn Netanyahu, acept\u00f3 la invitaci\u00f3n del presidente estadounidense Donald Trump para integrarse al denominado \u201cConsejo de Paz\u201d, seg\u00fan inform\u00f3 este mi\u00e9rcoles la oficina del dirigente israel\u00ed. En un comunicado oficial, el despacho de Netanyahu anunci\u00f3 que el mandatario \u201cacept\u00f3 la invitaci\u00f3n del presidente estadounidense Donald Trump y se unir\u00e1 como...","og_url":"https:\/\/lobosnews.com.ar\/index.php\/2026\/01\/21\/el-primer-ministro-de-israel-benjamin-netanyahu-acepto-la-invitacion-de-trump-para-integrar-el-consejo-de-la-paz\/","og_site_name":"Lobos News","article_published_time":"2026-01-21T07:15:20+00:00","article_modified_time":"2026-01-21T10:51:04+00:00","og_image":[{"url":"https:\/\/lobosnews.com.ar\/wp-content\/uploads\/2026\/01\/el-primer-ministro-de-israel-benjamin-netanyahu-acepto-la-invitacion-de-trump-para-integrar-el-consejo-de-la-paz.jpg","type":"","width":"","height":""}],"author":"admin","twitter_card":"summary_large_image","twitter_misc":{"Escrito por":"admin","Tiempo de lectura":"2 minutos"},"schema":{"@context":"https:\/\/schema.org","@graph":[{"@type":"Article","@id":"https:\/\/lobosnews.com.ar\/index.php\/2026\/01\/21\/el-primer-ministro-de-israel-benjamin-netanyahu-acepto-la-invitacion-de-trump-para-integrar-el-consejo-de-la-paz\/#article","isPartOf":{"@id":"https:\/\/lobosnews.com.ar\/index.php\/2026\/01\/21\/el-primer-ministro-de-israel-benjamin-netanyahu-acepto-la-invitacion-de-trump-para-integrar-el-consejo-de-la-paz\/"},"author":{"name":"admin","@id":"https:\/\/lobosnews.com.ar\/#\/schema\/person\/232422a593d5c541dd9aef6aaed10943"},"headline":"El primer ministro de Israel, Benjam\u00edn Netanyahu, acept\u00f3 la invitaci\u00f3n de Trump para integrar el Consejo de la Paz","datePublished":"2026-01-21T07:15:20+00:00","dateModified":"2026-01-21T10:51:04+00:00","mainEntityOfPage":{"@id":"https:\/\/lobosnews.com.ar\/index.php\/2026\/01\/21\/el-primer-ministro-de-israel-benjamin-netanyahu-acepto-la-invitacion-de-trump-para-integrar-el-consejo-de-la-paz\/"},"wordCount":465,"commentCount":0,"publisher":{"@id":"https:\/\/lobosnews.com.ar\/#organization"},"image":{"@id":"https:\/\/lobosnews.com.ar\/index.php\/2026\/01\/21\/el-primer-ministro-de-israel-benjamin-netanyahu-acepto-la-invitacion-de-trump-para-integrar-el-consejo-de-la-paz\/#primaryimage"},"thumbnailUrl":"https:\/\/lobosnews.com.ar\/wp-content\/uploads\/2026\/01\/el-primer-ministro-de-israel-benjamin-netanyahu-acepto-la-invitacion-de-trump-para-integrar-el-consejo-de-la-paz-2.jpg","articleSection":["Actualidad"],"inLanguage":"es","potentialAction":[{"@type":"CommentAction","name":"Comment","target":["https:\/\/lobosnews.com.ar\/index.php\/2026\/01\/21\/el-primer-ministro-de-israel-benjamin-netanyahu-acepto-la-invitacion-de-trump-para-integrar-el-consejo-de-la-paz\/#respond"]}]},{"@type":"WebPage","@id":"https:\/\/lobosnews.com.ar\/index.php\/2026\/01\/21\/el-primer-ministro-de-israel-benjamin-netanyahu-acepto-la-invitacion-de-trump-para-integrar-el-consejo-de-la-paz\/","url":"https:\/\/lobosnews.com.ar\/index.php\/2026\/01\/21\/el-primer-ministro-de-israel-benjamin-netanyahu-acepto-la-invitacion-de-trump-para-integrar-el-consejo-de-la-paz\/","name":"El primer ministro de Israel, Benjam\u00edn Netanyahu, acept\u00f3 la invitaci\u00f3n de Trump para integrar el Consejo de la Paz - Lobos News","isPartOf":{"@id":"https:\/\/lobosnews.com.ar\/#website"},"primaryImageOfPage":{"@id":"https:\/\/lobosnews.com.ar\/index.php\/2026\/01\/21\/el-primer-ministro-de-israel-benjamin-netanyahu-acepto-la-invitacion-de-trump-para-integrar-el-consejo-de-la-paz\/#primaryimage"},"image":{"@id":"https:\/\/lobosnews.com.ar\/index.php\/2026\/01\/21\/el-primer-ministro-de-israel-benjamin-netanyahu-acepto-la-invitacion-de-trump-para-integrar-el-consejo-de-la-paz\/#primaryimage"},"thumbnailUrl":"https:\/\/lobosnews.com.ar\/wp-content\/uploads\/2026\/01\/el-primer-ministro-de-israel-benjamin-netanyahu-acepto-la-invitacion-de-trump-para-integrar-el-consejo-de-la-paz-2.jpg","datePublished":"2026-01-21T07:15:20+00:00","dateModified":"2026-01-21T10:51:04+00:00","breadcrumb":{"@id":"https:\/\/lobosnews.com.ar\/index.php\/2026\/01\/21\/el-primer-ministro-de-israel-benjamin-netanyahu-acepto-la-invitacion-de-trump-para-integrar-el-consejo-de-la-paz\/#breadcrumb"},"inLanguage":"es","potentialAction":[{"@type":"ReadAction","target":["https:\/\/lobosnews.com.ar\/index.php\/2026\/01\/21\/el-primer-ministro-de-israel-benjamin-netanyahu-acepto-la-invitacion-de-trump-para-integrar-el-consejo-de-la-paz\/"]}]},{"@type":"ImageObject","inLanguage":"es","@id":"https:\/\/lobosnews.com.ar\/index.php\/2026\/01\/21\/el-primer-ministro-de-israel-benjamin-netanyahu-acepto-la-invitacion-de-trump-para-integrar-el-consejo-de-la-paz\/#primaryimage","url":"https:\/\/lobosnews.com.ar\/wp-content\/uploads\/2026\/01\/el-primer-ministro-de-israel-benjamin-netanyahu-acepto-la-invitacion-de-trump-para-integrar-el-consejo-de-la-paz-2.jpg","contentUrl":"https:\/\/lobosnews.com.ar\/wp-content\/uploads\/2026\/01\/el-primer-ministro-de-israel-benjamin-netanyahu-acepto-la-invitacion-de-trump-para-integrar-el-consejo-de-la-paz-2.jpg","width":1920,"height":1080,"caption":"El primer ministro de Israel, Benjam\u00edn Netanyahu, acept\u00f3 la invitaci\u00f3n de Trump para integrar el Consejo de la Paz"},{"@type":"BreadcrumbList","@id":"https:\/\/lobosnews.com.ar\/index.php\/2026\/01\/21\/el-primer-ministro-de-israel-benjamin-netanyahu-acepto-la-invitacion-de-trump-para-integrar-el-consejo-de-la-paz\/#breadcrumb","itemListElement":[{"@type":"ListItem","position":1,"name":"Portada","item":"https:\/\/lobosnews.com.ar\/"},{"@type":"ListItem","position":2,"name":"El primer ministro de Israel, Benjam\u00edn Netanyahu, acept\u00f3 la invitaci\u00f3n de Trump para integrar el Consejo de la Paz"}]},{"@type":"WebSite","@id":"https:\/\/lobosnews.com.ar\/#website","url":"https:\/\/lobosnews.com.ar\/","name":"Lobos News","description":"Informaci\u00f3n a cada instante","publisher":{"@id":"https:\/\/lobosnews.com.ar\/#organization"},"potentialAction":[{"@type":"SearchAction","target":{"@type":"EntryPoint","urlTemplate":"https:\/\/lobosnews.com.ar\/?s={search_term_string}"},"query-input":{"@type":"PropertyValueSpecification","valueRequired":true,"valueName":"search_term_string"}}],"inLanguage":"es"},{"@type":"Organization","@id":"https:\/\/lobosnews.com.ar\/#organization","name":"Lobos News","url":"https:\/\/lobosnews.com.ar\/","logo":{"@type":"ImageObject","inLanguage":"es","@id":"https:\/\/lobosnews.com.ar\/#\/schema\/logo\/image\/","url":"https:\/\/lobosnews.com.ar\/wp-content\/uploads\/2026\/01\/logo-lobosnews.png","contentUrl":"https:\/\/lobosnews.com.ar\/wp-content\/uploads\/2026\/01\/logo-lobosnews.png","width":500,"height":200,"caption":"Lobos News"},"image":{"@id":"https:\/\/lobosnews.com.ar\/#\/schema\/logo\/image\/"}},{"@type":"Person","@id":"https:\/\/lobosnews.com.ar\/#\/schema\/person\/232422a593d5c541dd9aef6aaed10943","name":"admin","image":{"@type":"ImageObject","inLanguage":"es","@id":"https:\/\/lobosnews.com.ar\/#\/schema\/person\/image\/","url":"https:\/\/secure.gravatar.com\/avatar\/76e419471a2083bc3ceab22a763dbbf9b0c1bd15a6214cf3280e2c2dde4580f9?s=96&d=mm&r=g","contentUrl":"https:\/\/secure.gravatar.com\/avatar\/76e419471a2083bc3ceab22a763dbbf9b0c1bd15a6214cf3280e2c2dde4580f9?s=96&d=mm&r=g","caption":"admin"},"sameAs":["https:\/\/lobosnews.com.ar"],"url":"https:\/\/lobosnews.com.ar\/index.php\/author\/lobos-news\/"}]}},"jetpack_featured_media_url":"https:\/\/lobosnews.com.ar\/wp-content\/uploads\/2026\/01\/el-primer-ministro-de-israel-benjamin-netanyahu-acepto-la-invitacion-de-trump-para-integrar-el-consejo-de-la-paz-2.jpg","jetpack_sharing_enabled":true,"_links":{"self":[{"href":"https:\/\/lobosnews.com.ar\/index.php\/wp-json\/wp\/v2\/posts\/9513","targetHints":{"allow":["GET"]}}],"collection":[{"href":"https:\/\/lobosnews.com.ar\/index.php\/wp-json\/wp\/v2\/posts"}],"about":[{"href":"https:\/\/lobosnews.com.ar\/index.php\/wp-json\/wp\/v2\/types\/post"}],"author":[{"embeddable":true,"href":"https:\/\/lobosnews.com.ar\/index.php\/wp-json\/wp\/v2\/users\/1"}],"replies":[{"embeddable":true,"href":"https:\/\/lobosnews.com.ar\/index.php\/wp-json\/wp\/v2\/comments?post=9513"}],"version-history":[{"count":1,"href":"https:\/\/lobosnews.com.ar\/index.php\/wp-json\/wp\/v2\/posts\/9513\/revisions"}],"predecessor-version":[{"id":9516,"href":"https:\/\/lobosnews.com.ar\/index.php\/wp-json\/wp\/v2\/posts\/9513\/revisions\/9516"}],"wp:featuredmedia":[{"embeddable":true,"href":"https:\/\/lobosnews.com.ar\/index.php\/wp-json\/wp\/v2\/media\/9517"}],"wp:attachment":[{"href":"https:\/\/lobosnews.com.ar\/index.php\/wp-json\/wp\/v2\/media?parent=9513"}],"wp:term":[{"taxonomy":"category","embeddable":true,"href":"https:\/\/lobosnews.com.ar\/index.php\/wp-json\/wp\/v2\/categories?post=9513"},{"taxonomy":"post_tag","embeddable":true,"href":"https:\/\/lobosnews.com.ar\/index.php\/wp-json\/wp\/v2\/tags?post=9513"}],"curies":[{"name":"wp","href":"https:\/\/api.w.org\/{rel}","templated":true}]}}