{"id":9505,"date":"2026-01-21T04:53:43","date_gmt":"2026-01-21T04:53:43","guid":{"rendered":"https:\/\/lobosnews.com.ar\/index.php\/2026\/01\/21\/colapinto-ya-salio-a-pista-los-detalles-exclusivos-de-los-primeros-test-y-el-particular-lugar-donde-se-presentara-su-nuevo-auto-de-f1\/"},"modified":"2026-01-21T09:45:23","modified_gmt":"2026-01-21T09:45:23","slug":"colapinto-ya-salio-a-pista-los-detalles-exclusivos-de-los-primeros-test-y-el-particular-lugar-donde-se-presentara-su-nuevo-auto-de-f1","status":"publish","type":"post","link":"https:\/\/lobosnews.com.ar\/index.php\/2026\/01\/21\/colapinto-ya-salio-a-pista-los-detalles-exclusivos-de-los-primeros-test-y-el-particular-lugar-donde-se-presentara-su-nuevo-auto-de-f1\/","title":{"rendered":"Colapinto ya sali\u00f3 a pista: los detalles exclusivos de los primeros test y el particular lugar donde se presentar\u00e1 su nuevo auto de F1"},"content":{"rendered":"<p>La <b>F\u00f3rmula 1<\/b> edici\u00f3n 2026 va tomando forma con las presentaciones de c\u00f3mo lucir\u00e1n los autos en esta temporada marcada por el dr\u00e1stico cambio de reglamento. Este viernes ser\u00e1 el turno del <b>Alpine A526<\/b>, el auto con el que el argentino <b>Franco Colapinto <\/b>espera poder reivindicarse y ser competitivo luego de un a\u00f1o de sinsabores. Las expectativas se renovaron, ya que los nuevos autos plantean un barajar y dar de nuevo para todos, en especial la escuder\u00eda francesa por su asociaci\u00f3n con <b>Mercedes<\/b> que la proveer\u00e1 de motores, suspensi\u00f3n y todo el sistema de transmisi\u00f3n (caja de cambios). El estreno de c\u00f3mo se ver\u00e1 el monoposto galo en este campeonato ser\u00e1 en un lugar particular en Barcelona, en la previa a la primera puesta en marcha y salida a pista. <\/p>\n<p><b>Infobae <\/b>puede confirmar que el evento en el que se mostrar\u00e1 la decoraci\u00f3n del flamante coche de <b>Alpine<\/b> ser\u00e1 en un crucero, debido a uno de los principales sponsors del equipo de Enstone. Este viernes en <b>Barcelona<\/b>, a las 12:30 hora local (8:30 de Argentina) y sobre una enorme embarcaci\u00f3n se expondr\u00e1 el flamante A526. Por eso, hay espacio limitado para poder recibir invitados y medios acreditados al evento. <\/p>\n<p>En cuanto a su decoraci\u00f3n, se especula que podr\u00eda tener m\u00e1s presencia del color azul y en un tono m\u00e1s fuerte debido a dicha firma que comercializa viajes en crucero. Adem\u00e1s, cabe recordar que, por reglamento, en la parte superior de los pontones los autos deber\u00e1n estar pintados y dejar el negro a la vista de la fibra de carbono para reducir el peso. <\/p>\n<p>Este medio tambi\u00e9n pudo saber que este jueves no ser\u00e1 el filming day (d\u00eda de filmaci\u00f3n), que es la jornada en la que las escuder\u00edas rompen el hielo y sacan por primera vez el coche a la pista. No obstante, <b>Alpine planea el bautismo del monoplaza antes del lunes 26<\/b>, cuando arrancar\u00e1n los test colectivos de todos los equipos en el <b>Circuito de Catalu\u00f1a<\/b>, en <b>Montmel\u00f3<\/b>, que es sede del <b>Gran Premio de Espa\u00f1a <\/b>desde 1991. Si el viernes es la presentaci\u00f3n del auto, la posibilidad se reducir\u00eda al s\u00e1bado o domingo, pero cu\u00e1ndo con exactitud es algo que en Enstone guardan bajo cuatro llaves. Lo mismo, si ser\u00e1 <b>Colapinto <\/b>o su compa\u00f1ero, <b>Pierre Gasly<\/b>, el que forme parte de ese primer contacto. <\/p>\n<p><img loading=\"lazy\" decoding=\"async\" src=\"https:\/\/lobosnews.com.ar\/wp-content\/uploads\/2026\/01\/colapinto-ya-salio-a-pista-los-detalles-exclusivos-de-los-primeros-test-y-el-particular-lugar-donde-se-presentara-su-nuevo-auto-de-f1.jpg\" alt=\"Un ensayo de c\u00f3mo podr\u00eda lucir la decoraci\u00f3n del Alpine A526. Es meramente ilustrativa, pero se apunta al posible azul m\u00e1s oscuro (Shaurya Nayar Design )\" height=\"1132\" width=\"2048\"\/><\/p>\n<p>Mientras que este martes circul\u00f3 en redes un video en el que se ve a un <b>Alpine<\/b> a fondo en la recta principal del Circuito de Catalu\u00f1a. Tambi\u00e9n <b>se pudo confirmar que el propio Colapinto estuvo al volante<\/b> y fue en un ensayo TPC (Test of Previous Cars), que son las pruebas privadas sobre autos de temporadas anteriores (al menos dos a\u00f1os de antig\u00fcedad) y sirven para que los corredores se entrenen o en este caso salgan por primera vez a pista. <\/p>\n<p>En tanto que <b>Infobae <\/b>pudo saber que es inminente el anuncio de c\u00f3mo estar\u00e1 dividida la actividad en las pruebas de Barcelona que comenzar\u00e1n este lunes y se extender\u00e1n hasta el viernes 30 en Montmel\u00f3. Ah\u00ed se sabr\u00e1 cu\u00e1ndo estar\u00e1n al volante <b>Colapinto <\/b>y <b>Gasly<\/b>, sobre el nuevo coche. Ser\u00e1n cinco jornadas seguidas y el objetivo es que los pilotos puedan sumar la mayor cantidad de kil\u00f3metros posibles. <\/p>\n<p>En esos cinco d\u00edas de ensayos la actividad comenzar\u00e1 entre las <b>9 y 10 de la ma\u00f1ana hora local (5:00 \u00f3 6:00 am de Argentina)<\/b> y se extender\u00e1n hasta que la luz del d\u00eda lo permita. Al tratarse del estreno de un reglamento, los equipos apuntan a exprimir al m\u00e1ximo los datos que los pilotos arrojen arriba y debajo de los coches, que este a\u00f1o son m\u00e1s chicos que los de 2025. En el circuito catal\u00e1n los autos se mostrar\u00e1n sin sus decoraciones y se espera que tengan un aspecto de \u201ccebra\u201d para evitar exhibir los detalles aerodin\u00e1micos y de la carrocer\u00eda. La actividad ser\u00e1 privada y no estar\u00e1 permitida la presencia de los medios. <\/p>\n<p>Este a\u00f1o los coches tienen menos aditamentos aerodin\u00e1micos, alerones m\u00f3viles en la parte delantera y trasera. Dejar\u00e1n el efecto suelo, el sistema que permite que los monopostos vayan lo m\u00e1s pegado al piso por el efecto aerodin\u00e1mico generado por los mencionados aditamentos. En cuanto a los motores, si bien seguir\u00e1 la tecnolog\u00eda h\u00edbrida, ahora los impulsores a combusti\u00f3n y los el\u00e9ctricos tendr\u00e1n la misma erogaci\u00f3n de potencia (50 % y 50%), unos 1.000 caballos. Adem\u00e1s, se usar\u00e1n los combustibles sint\u00e9ticos para generar menos contaminaci\u00f3n. <\/p>\n<p><img loading=\"lazy\" decoding=\"async\" src=\"https:\/\/lobosnews.com.ar\/wp-content\/uploads\/2026\/01\/colapinto-ya-salio-a-pista-los-detalles-exclusivos-de-los-primeros-test-y-el-particular-lugar-donde-se-presentara-su-nuevo-auto-de-f1-1.jpg\" alt=\"Franco Colapinto se prepara para un a\u00f1o crucial en su campa\u00f1a dentro de la F1 \" height=\"540\" width=\"960\"\/><\/p>\n<p>En cuanto a <b>Colapinto<\/b>, <b>por primera vez har\u00e1 una pretemporada<\/b>, pues en 2024 y 2025 comenz\u00f3 a correr con el campeonato iniciado. Esto fue clave, ya que el piloto de 22 a\u00f1os, por ejemplo, el a\u00f1o pasado se subi\u00f3 por primera vez al Alpine A525 el viernes 16 de mayo y se debi\u00f3 medir contra 19 competidores que llegaron a Imola con ritmo de competencia. El pilarense debi\u00f3 hacer una adaptaci\u00f3n r\u00e1pida y sobre un monoplaza que fue el peor de 2025 con una merma de potencia en la \u00faltima planta motriz de Renault, al menos con su equipo representativo. Alpine es una marca con autos deportivos del Rombo. <\/p>\n<p>Aunque el cambio de aire de<b> Alpine<\/b> genera ilusi\u00f3n con un motor de Mercedes que en la previa aparece un paso adelante sobre el resto,<b> Ferrari, Honda, Red Bull Powertrains y Audi<\/b>. Esto en base a una de las pol\u00e9micas del receso invernal de la F1, ya que los impulsores alemanes aprovechar\u00edan las variaciones en la relaci\u00f3n de compresi\u00f3n en caliente, que llegar\u00eda a 18:1, cuando las normativas recientes la limitan a 16:1 en fr\u00edo. El lograr un mejor enfriamiento en las plantas motrices ayuda a su funcionamiento. Esto le dar\u00eda al equipo <b>Mercedes<\/b> y sus clientes (<b>McLaren, Williams y Alpine<\/b>) unos <b>15 caballos m\u00e1s que al resto. <\/b><\/p>\n<p>Otro punto a favor de <b>Alpine <\/b>es que los trabajos previos lograron que <b>el auto pueda alcanzar el peso m\u00ednimo de 768 kilos (32 menos que en 2025 por reglamento)<\/b>. El tener un coche m\u00e1s ligero o estar con la base estipulada le permitir\u00e1 al A526 poder ganar velocidad. Cabe recordar que, por haber terminado \u00faltimo en el<b> Campeonato Mundial de Constructores<\/b> de 2025, el team franc\u00e9s tuvo m\u00e1s horas de desarrollo en el t\u00fanel de viento. <\/p>\n<p>Vale aclarar que los equipos est\u00e1n presentando las decoraciones de los veh\u00edculos, algo que ya hicieron <b>Red Bull, Racing Bulls, Haas y Audi<\/b>. Este jueves se mostrar\u00e1n las primeras im\u00e1genes de <b>Mercedes<\/b>. El viernes ser\u00e1 el turno de <b>Alpine<\/b> y <b>Ferrari<\/b>. Aunque c\u00f3mo se ver\u00e1n de verdad en cuanto a los detalles t\u00e9cnicos es algo que se develar\u00e1 una vez que salgan a pista en Barcelona. Incluso, pueden cambiar en su aspecto en los ensayos oficiales que ser\u00e1n en febrero en el<b> Circuito Internacional de Sakhir<\/b>, en Bahr\u00e9in, del 11 al 13 y del 18 al 20. <\/p>\n<p>Comenz\u00f3 la cuenta regresiva para <b>Franco Colapinto<\/b> y el resto de los 22 pilotos que este a\u00f1o formar\u00e1n parte de la temporada. El bonaerense comenz\u00f3 a trabajar en una pretemporada f\u00edsica en nuestro pa\u00eds y tambi\u00e9n se lo vio corriendo bajo la lluvia en Uruguay. El pilarense ya sali\u00f3 a pista y en los pr\u00f3ximos d\u00edas se pondr\u00e1 al volante del flamante A526, el monoposto en el que est\u00e1n puestas sus expectativas y las de todos los fan\u00e1ticos argentinos.<\/p>\n","protected":false},"excerpt":{"rendered":"<p>La F\u00f3rmula 1 edici\u00f3n 2026 va tomando forma con las presentaciones de c\u00f3mo lucir\u00e1n los autos en esta temporada marcada por el dr\u00e1stico cambio de reglamento. Este viernes ser\u00e1 el turno del Alpine A526, el auto con el que el argentino Franco Colapinto espera poder reivindicarse y ser competitivo luego de un a\u00f1o de sinsabores&#8230;.<\/p>\n","protected":false},"author":1,"featured_media":0,"comment_status":"open","ping_status":"closed","sticky":false,"template":"","format":"standard","meta":{"_jetpack_memberships_contains_paid_content":false,"footnotes":""},"categories":[30],"tags":[39],"class_list":["post-9505","post","type-post","status-publish","format-standard","hentry","category-argentina","tag-deportes"],"magazineBlocksPostFeaturedMedia":{"thumbnail":false,"medium":false,"medium_large":false,"large":false,"1536x1536":false,"2048x2048":false,"newsmatic-featured":false,"newsmatic-list":false,"newsmatic-thumb":false,"newsmatic-small":false,"newsmatic-grid":false},"magazineBlocksPostAuthor":{"name":"admin","avatar":"https:\/\/secure.gravatar.com\/avatar\/76e419471a2083bc3ceab22a763dbbf9b0c1bd15a6214cf3280e2c2dde4580f9?s=96&d=mm&r=g"},"magazineBlocksPostCommentsNumber":"0","magazineBlocksPostExcerpt":"La F\u00f3rmula 1 edici\u00f3n 2026 va tomando forma con las presentaciones de c\u00f3mo lucir\u00e1n los autos en esta temporada marcada por el dr\u00e1stico cambio de reglamento. Este viernes ser\u00e1 el turno del Alpine A526, el auto con el que el argentino Franco Colapinto espera poder reivindicarse y ser competitivo luego de un a\u00f1o de sinsabores....","magazineBlocksPostCategories":["Argentina"],"magazineBlocksPostViewCount":156,"magazineBlocksPostReadTime":7,"magazine_blocks_featured_image_url":{"full":false,"medium":false,"thumbnail":false},"magazine_blocks_author":{"display_name":"admin","author_link":"https:\/\/lobosnews.com.ar\/index.php\/author\/lobos-news\/"},"magazine_blocks_comment":0,"magazine_blocks_author_image":"https:\/\/secure.gravatar.com\/avatar\/76e419471a2083bc3ceab22a763dbbf9b0c1bd15a6214cf3280e2c2dde4580f9?s=96&d=mm&r=g","magazine_blocks_category":"<a href=\"#\" class=\"category-link category-link-30\">Argentina<\/a>","yoast_head":"<!-- This site is optimized with the Yoast SEO plugin v26.6 - https:\/\/yoast.com\/wordpress\/plugins\/seo\/ -->\n<title>Colapinto ya sali\u00f3 a pista: los detalles exclusivos de los primeros test y el particular lugar donde se presentar\u00e1 su nuevo auto de F1 - Lobos News<\/title>\n<meta name=\"robots\" content=\"index, follow, max-snippet:-1, max-image-preview:large, max-video-preview:-1\" \/>\n<link rel=\"canonical\" href=\"https:\/\/lobosnews.com.ar\/index.php\/2026\/01\/21\/colapinto-ya-salio-a-pista-los-detalles-exclusivos-de-los-primeros-test-y-el-particular-lugar-donde-se-presentara-su-nuevo-auto-de-f1\/\" \/>\n<meta property=\"og:locale\" content=\"es_ES\" \/>\n<meta property=\"og:type\" content=\"article\" \/>\n<meta property=\"og:title\" content=\"Colapinto ya sali\u00f3 a pista: los detalles exclusivos de los primeros test y el particular lugar donde se presentar\u00e1 su nuevo auto de F1 - Lobos News\" \/>\n<meta property=\"og:description\" content=\"La F\u00f3rmula 1 edici\u00f3n 2026 va tomando forma con las presentaciones de c\u00f3mo lucir\u00e1n los autos en esta temporada marcada por el dr\u00e1stico cambio de reglamento. Este viernes ser\u00e1 el turno del Alpine A526, el auto con el que el argentino Franco Colapinto espera poder reivindicarse y ser competitivo luego de un a\u00f1o de sinsabores....\" \/>\n<meta property=\"og:url\" content=\"https:\/\/lobosnews.com.ar\/index.php\/2026\/01\/21\/colapinto-ya-salio-a-pista-los-detalles-exclusivos-de-los-primeros-test-y-el-particular-lugar-donde-se-presentara-su-nuevo-auto-de-f1\/\" \/>\n<meta property=\"og:site_name\" content=\"Lobos News\" \/>\n<meta property=\"article:published_time\" content=\"2026-01-21T04:53:43+00:00\" \/>\n<meta property=\"article:modified_time\" content=\"2026-01-21T09:45:23+00:00\" \/>\n<meta property=\"og:image\" content=\"https:\/\/lobosnews.com.ar\/wp-content\/uploads\/2026\/01\/colapinto-ya-salio-a-pista-los-detalles-exclusivos-de-los-primeros-test-y-el-particular-lugar-donde-se-presentara-su-nuevo-auto-de-f1.jpg\" \/>\n<meta name=\"author\" content=\"admin\" \/>\n<meta name=\"twitter:card\" content=\"summary_large_image\" \/>\n<meta name=\"twitter:label1\" content=\"Escrito por\" \/>\n\t<meta name=\"twitter:data1\" content=\"admin\" \/>\n\t<meta name=\"twitter:label2\" content=\"Tiempo de lectura\" \/>\n\t<meta name=\"twitter:data2\" content=\"6 minutos\" \/>\n<script type=\"application\/ld+json\" class=\"yoast-schema-graph\">{\"@context\":\"https:\/\/schema.org\",\"@graph\":[{\"@type\":\"Article\",\"@id\":\"https:\/\/lobosnews.com.ar\/index.php\/2026\/01\/21\/colapinto-ya-salio-a-pista-los-detalles-exclusivos-de-los-primeros-test-y-el-particular-lugar-donde-se-presentara-su-nuevo-auto-de-f1\/#article\",\"isPartOf\":{\"@id\":\"https:\/\/lobosnews.com.ar\/index.php\/2026\/01\/21\/colapinto-ya-salio-a-pista-los-detalles-exclusivos-de-los-primeros-test-y-el-particular-lugar-donde-se-presentara-su-nuevo-auto-de-f1\/\"},\"author\":{\"name\":\"admin\",\"@id\":\"https:\/\/lobosnews.com.ar\/#\/schema\/person\/232422a593d5c541dd9aef6aaed10943\"},\"headline\":\"Colapinto ya sali\u00f3 a pista: los detalles exclusivos de los primeros test y el particular lugar donde se presentar\u00e1 su nuevo auto de F1\",\"datePublished\":\"2026-01-21T04:53:43+00:00\",\"dateModified\":\"2026-01-21T09:45:23+00:00\",\"mainEntityOfPage\":{\"@id\":\"https:\/\/lobosnews.com.ar\/index.php\/2026\/01\/21\/colapinto-ya-salio-a-pista-los-detalles-exclusivos-de-los-primeros-test-y-el-particular-lugar-donde-se-presentara-su-nuevo-auto-de-f1\/\"},\"wordCount\":1299,\"commentCount\":0,\"publisher\":{\"@id\":\"https:\/\/lobosnews.com.ar\/#organization\"},\"image\":{\"@id\":\"https:\/\/lobosnews.com.ar\/index.php\/2026\/01\/21\/colapinto-ya-salio-a-pista-los-detalles-exclusivos-de-los-primeros-test-y-el-particular-lugar-donde-se-presentara-su-nuevo-auto-de-f1\/#primaryimage\"},\"thumbnailUrl\":\"https:\/\/lobosnews.com.ar\/wp-content\/uploads\/2026\/01\/colapinto-ya-salio-a-pista-los-detalles-exclusivos-de-los-primeros-test-y-el-particular-lugar-donde-se-presentara-su-nuevo-auto-de-f1.jpg\",\"keywords\":[\"Deportes\"],\"articleSection\":[\"Argentina\"],\"inLanguage\":\"es\",\"potentialAction\":[{\"@type\":\"CommentAction\",\"name\":\"Comment\",\"target\":[\"https:\/\/lobosnews.com.ar\/index.php\/2026\/01\/21\/colapinto-ya-salio-a-pista-los-detalles-exclusivos-de-los-primeros-test-y-el-particular-lugar-donde-se-presentara-su-nuevo-auto-de-f1\/#respond\"]}]},{\"@type\":\"WebPage\",\"@id\":\"https:\/\/lobosnews.com.ar\/index.php\/2026\/01\/21\/colapinto-ya-salio-a-pista-los-detalles-exclusivos-de-los-primeros-test-y-el-particular-lugar-donde-se-presentara-su-nuevo-auto-de-f1\/\",\"url\":\"https:\/\/lobosnews.com.ar\/index.php\/2026\/01\/21\/colapinto-ya-salio-a-pista-los-detalles-exclusivos-de-los-primeros-test-y-el-particular-lugar-donde-se-presentara-su-nuevo-auto-de-f1\/\",\"name\":\"Colapinto ya sali\u00f3 a pista: los detalles exclusivos de los primeros test y el particular lugar donde se presentar\u00e1 su nuevo auto de F1 - Lobos News\",\"isPartOf\":{\"@id\":\"https:\/\/lobosnews.com.ar\/#website\"},\"primaryImageOfPage\":{\"@id\":\"https:\/\/lobosnews.com.ar\/index.php\/2026\/01\/21\/colapinto-ya-salio-a-pista-los-detalles-exclusivos-de-los-primeros-test-y-el-particular-lugar-donde-se-presentara-su-nuevo-auto-de-f1\/#primaryimage\"},\"image\":{\"@id\":\"https:\/\/lobosnews.com.ar\/index.php\/2026\/01\/21\/colapinto-ya-salio-a-pista-los-detalles-exclusivos-de-los-primeros-test-y-el-particular-lugar-donde-se-presentara-su-nuevo-auto-de-f1\/#primaryimage\"},\"thumbnailUrl\":\"https:\/\/lobosnews.com.ar\/wp-content\/uploads\/2026\/01\/colapinto-ya-salio-a-pista-los-detalles-exclusivos-de-los-primeros-test-y-el-particular-lugar-donde-se-presentara-su-nuevo-auto-de-f1.jpg\",\"datePublished\":\"2026-01-21T04:53:43+00:00\",\"dateModified\":\"2026-01-21T09:45:23+00:00\",\"breadcrumb\":{\"@id\":\"https:\/\/lobosnews.com.ar\/index.php\/2026\/01\/21\/colapinto-ya-salio-a-pista-los-detalles-exclusivos-de-los-primeros-test-y-el-particular-lugar-donde-se-presentara-su-nuevo-auto-de-f1\/#breadcrumb\"},\"inLanguage\":\"es\",\"potentialAction\":[{\"@type\":\"ReadAction\",\"target\":[\"https:\/\/lobosnews.com.ar\/index.php\/2026\/01\/21\/colapinto-ya-salio-a-pista-los-detalles-exclusivos-de-los-primeros-test-y-el-particular-lugar-donde-se-presentara-su-nuevo-auto-de-f1\/\"]}]},{\"@type\":\"ImageObject\",\"inLanguage\":\"es\",\"@id\":\"https:\/\/lobosnews.com.ar\/index.php\/2026\/01\/21\/colapinto-ya-salio-a-pista-los-detalles-exclusivos-de-los-primeros-test-y-el-particular-lugar-donde-se-presentara-su-nuevo-auto-de-f1\/#primaryimage\",\"url\":\"https:\/\/lobosnews.com.ar\/wp-content\/uploads\/2026\/01\/colapinto-ya-salio-a-pista-los-detalles-exclusivos-de-los-primeros-test-y-el-particular-lugar-donde-se-presentara-su-nuevo-auto-de-f1.jpg\",\"contentUrl\":\"https:\/\/lobosnews.com.ar\/wp-content\/uploads\/2026\/01\/colapinto-ya-salio-a-pista-los-detalles-exclusivos-de-los-primeros-test-y-el-particular-lugar-donde-se-presentara-su-nuevo-auto-de-f1.jpg\"},{\"@type\":\"BreadcrumbList\",\"@id\":\"https:\/\/lobosnews.com.ar\/index.php\/2026\/01\/21\/colapinto-ya-salio-a-pista-los-detalles-exclusivos-de-los-primeros-test-y-el-particular-lugar-donde-se-presentara-su-nuevo-auto-de-f1\/#breadcrumb\",\"itemListElement\":[{\"@type\":\"ListItem\",\"position\":1,\"name\":\"Portada\",\"item\":\"https:\/\/lobosnews.com.ar\/\"},{\"@type\":\"ListItem\",\"position\":2,\"name\":\"Colapinto ya sali\u00f3 a pista: los detalles exclusivos de los primeros test y el particular lugar donde se presentar\u00e1 su nuevo auto de F1\"}]},{\"@type\":\"WebSite\",\"@id\":\"https:\/\/lobosnews.com.ar\/#website\",\"url\":\"https:\/\/lobosnews.com.ar\/\",\"name\":\"Lobos News\",\"description\":\"Informaci\u00f3n a cada instante\",\"publisher\":{\"@id\":\"https:\/\/lobosnews.com.ar\/#organization\"},\"potentialAction\":[{\"@type\":\"SearchAction\",\"target\":{\"@type\":\"EntryPoint\",\"urlTemplate\":\"https:\/\/lobosnews.com.ar\/?s={search_term_string}\"},\"query-input\":{\"@type\":\"PropertyValueSpecification\",\"valueRequired\":true,\"valueName\":\"search_term_string\"}}],\"inLanguage\":\"es\"},{\"@type\":\"Organization\",\"@id\":\"https:\/\/lobosnews.com.ar\/#organization\",\"name\":\"Lobos News\",\"url\":\"https:\/\/lobosnews.com.ar\/\",\"logo\":{\"@type\":\"ImageObject\",\"inLanguage\":\"es\",\"@id\":\"https:\/\/lobosnews.com.ar\/#\/schema\/logo\/image\/\",\"url\":\"https:\/\/lobosnews.com.ar\/wp-content\/uploads\/2026\/01\/logo-lobosnews.png\",\"contentUrl\":\"https:\/\/lobosnews.com.ar\/wp-content\/uploads\/2026\/01\/logo-lobosnews.png\",\"width\":500,\"height\":200,\"caption\":\"Lobos News\"},\"image\":{\"@id\":\"https:\/\/lobosnews.com.ar\/#\/schema\/logo\/image\/\"}},{\"@type\":\"Person\",\"@id\":\"https:\/\/lobosnews.com.ar\/#\/schema\/person\/232422a593d5c541dd9aef6aaed10943\",\"name\":\"admin\",\"image\":{\"@type\":\"ImageObject\",\"inLanguage\":\"es\",\"@id\":\"https:\/\/lobosnews.com.ar\/#\/schema\/person\/image\/\",\"url\":\"https:\/\/secure.gravatar.com\/avatar\/76e419471a2083bc3ceab22a763dbbf9b0c1bd15a6214cf3280e2c2dde4580f9?s=96&d=mm&r=g\",\"contentUrl\":\"https:\/\/secure.gravatar.com\/avatar\/76e419471a2083bc3ceab22a763dbbf9b0c1bd15a6214cf3280e2c2dde4580f9?s=96&d=mm&r=g\",\"caption\":\"admin\"},\"sameAs\":[\"https:\/\/lobosnews.com.ar\"],\"url\":\"https:\/\/lobosnews.com.ar\/index.php\/author\/lobos-news\/\"}]}<\/script>\n<!-- \/ Yoast SEO plugin. -->","yoast_head_json":{"title":"Colapinto ya sali\u00f3 a pista: los detalles exclusivos de los primeros test y el particular lugar donde se presentar\u00e1 su nuevo auto de F1 - Lobos News","robots":{"index":"index","follow":"follow","max-snippet":"max-snippet:-1","max-image-preview":"max-image-preview:large","max-video-preview":"max-video-preview:-1"},"canonical":"https:\/\/lobosnews.com.ar\/index.php\/2026\/01\/21\/colapinto-ya-salio-a-pista-los-detalles-exclusivos-de-los-primeros-test-y-el-particular-lugar-donde-se-presentara-su-nuevo-auto-de-f1\/","og_locale":"es_ES","og_type":"article","og_title":"Colapinto ya sali\u00f3 a pista: los detalles exclusivos de los primeros test y el particular lugar donde se presentar\u00e1 su nuevo auto de F1 - Lobos News","og_description":"La F\u00f3rmula 1 edici\u00f3n 2026 va tomando forma con las presentaciones de c\u00f3mo lucir\u00e1n los autos en esta temporada marcada por el dr\u00e1stico cambio de reglamento. Este viernes ser\u00e1 el turno del Alpine A526, el auto con el que el argentino Franco Colapinto espera poder reivindicarse y ser competitivo luego de un a\u00f1o de sinsabores....","og_url":"https:\/\/lobosnews.com.ar\/index.php\/2026\/01\/21\/colapinto-ya-salio-a-pista-los-detalles-exclusivos-de-los-primeros-test-y-el-particular-lugar-donde-se-presentara-su-nuevo-auto-de-f1\/","og_site_name":"Lobos News","article_published_time":"2026-01-21T04:53:43+00:00","article_modified_time":"2026-01-21T09:45:23+00:00","og_image":[{"url":"https:\/\/lobosnews.com.ar\/wp-content\/uploads\/2026\/01\/colapinto-ya-salio-a-pista-los-detalles-exclusivos-de-los-primeros-test-y-el-particular-lugar-donde-se-presentara-su-nuevo-auto-de-f1.jpg","type":"","width":"","height":""}],"author":"admin","twitter_card":"summary_large_image","twitter_misc":{"Escrito por":"admin","Tiempo de lectura":"6 minutos"},"schema":{"@context":"https:\/\/schema.org","@graph":[{"@type":"Article","@id":"https:\/\/lobosnews.com.ar\/index.php\/2026\/01\/21\/colapinto-ya-salio-a-pista-los-detalles-exclusivos-de-los-primeros-test-y-el-particular-lugar-donde-se-presentara-su-nuevo-auto-de-f1\/#article","isPartOf":{"@id":"https:\/\/lobosnews.com.ar\/index.php\/2026\/01\/21\/colapinto-ya-salio-a-pista-los-detalles-exclusivos-de-los-primeros-test-y-el-particular-lugar-donde-se-presentara-su-nuevo-auto-de-f1\/"},"author":{"name":"admin","@id":"https:\/\/lobosnews.com.ar\/#\/schema\/person\/232422a593d5c541dd9aef6aaed10943"},"headline":"Colapinto ya sali\u00f3 a pista: los detalles exclusivos de los primeros test y el particular lugar donde se presentar\u00e1 su nuevo auto de F1","datePublished":"2026-01-21T04:53:43+00:00","dateModified":"2026-01-21T09:45:23+00:00","mainEntityOfPage":{"@id":"https:\/\/lobosnews.com.ar\/index.php\/2026\/01\/21\/colapinto-ya-salio-a-pista-los-detalles-exclusivos-de-los-primeros-test-y-el-particular-lugar-donde-se-presentara-su-nuevo-auto-de-f1\/"},"wordCount":1299,"commentCount":0,"publisher":{"@id":"https:\/\/lobosnews.com.ar\/#organization"},"image":{"@id":"https:\/\/lobosnews.com.ar\/index.php\/2026\/01\/21\/colapinto-ya-salio-a-pista-los-detalles-exclusivos-de-los-primeros-test-y-el-particular-lugar-donde-se-presentara-su-nuevo-auto-de-f1\/#primaryimage"},"thumbnailUrl":"https:\/\/lobosnews.com.ar\/wp-content\/uploads\/2026\/01\/colapinto-ya-salio-a-pista-los-detalles-exclusivos-de-los-primeros-test-y-el-particular-lugar-donde-se-presentara-su-nuevo-auto-de-f1.jpg","keywords":["Deportes"],"articleSection":["Argentina"],"inLanguage":"es","potentialAction":[{"@type":"CommentAction","name":"Comment","target":["https:\/\/lobosnews.com.ar\/index.php\/2026\/01\/21\/colapinto-ya-salio-a-pista-los-detalles-exclusivos-de-los-primeros-test-y-el-particular-lugar-donde-se-presentara-su-nuevo-auto-de-f1\/#respond"]}]},{"@type":"WebPage","@id":"https:\/\/lobosnews.com.ar\/index.php\/2026\/01\/21\/colapinto-ya-salio-a-pista-los-detalles-exclusivos-de-los-primeros-test-y-el-particular-lugar-donde-se-presentara-su-nuevo-auto-de-f1\/","url":"https:\/\/lobosnews.com.ar\/index.php\/2026\/01\/21\/colapinto-ya-salio-a-pista-los-detalles-exclusivos-de-los-primeros-test-y-el-particular-lugar-donde-se-presentara-su-nuevo-auto-de-f1\/","name":"Colapinto ya sali\u00f3 a pista: los detalles exclusivos de los primeros test y el particular lugar donde se presentar\u00e1 su nuevo auto de F1 - Lobos News","isPartOf":{"@id":"https:\/\/lobosnews.com.ar\/#website"},"primaryImageOfPage":{"@id":"https:\/\/lobosnews.com.ar\/index.php\/2026\/01\/21\/colapinto-ya-salio-a-pista-los-detalles-exclusivos-de-los-primeros-test-y-el-particular-lugar-donde-se-presentara-su-nuevo-auto-de-f1\/#primaryimage"},"image":{"@id":"https:\/\/lobosnews.com.ar\/index.php\/2026\/01\/21\/colapinto-ya-salio-a-pista-los-detalles-exclusivos-de-los-primeros-test-y-el-particular-lugar-donde-se-presentara-su-nuevo-auto-de-f1\/#primaryimage"},"thumbnailUrl":"https:\/\/lobosnews.com.ar\/wp-content\/uploads\/2026\/01\/colapinto-ya-salio-a-pista-los-detalles-exclusivos-de-los-primeros-test-y-el-particular-lugar-donde-se-presentara-su-nuevo-auto-de-f1.jpg","datePublished":"2026-01-21T04:53:43+00:00","dateModified":"2026-01-21T09:45:23+00:00","breadcrumb":{"@id":"https:\/\/lobosnews.com.ar\/index.php\/2026\/01\/21\/colapinto-ya-salio-a-pista-los-detalles-exclusivos-de-los-primeros-test-y-el-particular-lugar-donde-se-presentara-su-nuevo-auto-de-f1\/#breadcrumb"},"inLanguage":"es","potentialAction":[{"@type":"ReadAction","target":["https:\/\/lobosnews.com.ar\/index.php\/2026\/01\/21\/colapinto-ya-salio-a-pista-los-detalles-exclusivos-de-los-primeros-test-y-el-particular-lugar-donde-se-presentara-su-nuevo-auto-de-f1\/"]}]},{"@type":"ImageObject","inLanguage":"es","@id":"https:\/\/lobosnews.com.ar\/index.php\/2026\/01\/21\/colapinto-ya-salio-a-pista-los-detalles-exclusivos-de-los-primeros-test-y-el-particular-lugar-donde-se-presentara-su-nuevo-auto-de-f1\/#primaryimage","url":"https:\/\/lobosnews.com.ar\/wp-content\/uploads\/2026\/01\/colapinto-ya-salio-a-pista-los-detalles-exclusivos-de-los-primeros-test-y-el-particular-lugar-donde-se-presentara-su-nuevo-auto-de-f1.jpg","contentUrl":"https:\/\/lobosnews.com.ar\/wp-content\/uploads\/2026\/01\/colapinto-ya-salio-a-pista-los-detalles-exclusivos-de-los-primeros-test-y-el-particular-lugar-donde-se-presentara-su-nuevo-auto-de-f1.jpg"},{"@type":"BreadcrumbList","@id":"https:\/\/lobosnews.com.ar\/index.php\/2026\/01\/21\/colapinto-ya-salio-a-pista-los-detalles-exclusivos-de-los-primeros-test-y-el-particular-lugar-donde-se-presentara-su-nuevo-auto-de-f1\/#breadcrumb","itemListElement":[{"@type":"ListItem","position":1,"name":"Portada","item":"https:\/\/lobosnews.com.ar\/"},{"@type":"ListItem","position":2,"name":"Colapinto ya sali\u00f3 a pista: los detalles exclusivos de los primeros test y el particular lugar donde se presentar\u00e1 su nuevo auto de F1"}]},{"@type":"WebSite","@id":"https:\/\/lobosnews.com.ar\/#website","url":"https:\/\/lobosnews.com.ar\/","name":"Lobos News","description":"Informaci\u00f3n a cada instante","publisher":{"@id":"https:\/\/lobosnews.com.ar\/#organization"},"potentialAction":[{"@type":"SearchAction","target":{"@type":"EntryPoint","urlTemplate":"https:\/\/lobosnews.com.ar\/?s={search_term_string}"},"query-input":{"@type":"PropertyValueSpecification","valueRequired":true,"valueName":"search_term_string"}}],"inLanguage":"es"},{"@type":"Organization","@id":"https:\/\/lobosnews.com.ar\/#organization","name":"Lobos News","url":"https:\/\/lobosnews.com.ar\/","logo":{"@type":"ImageObject","inLanguage":"es","@id":"https:\/\/lobosnews.com.ar\/#\/schema\/logo\/image\/","url":"https:\/\/lobosnews.com.ar\/wp-content\/uploads\/2026\/01\/logo-lobosnews.png","contentUrl":"https:\/\/lobosnews.com.ar\/wp-content\/uploads\/2026\/01\/logo-lobosnews.png","width":500,"height":200,"caption":"Lobos News"},"image":{"@id":"https:\/\/lobosnews.com.ar\/#\/schema\/logo\/image\/"}},{"@type":"Person","@id":"https:\/\/lobosnews.com.ar\/#\/schema\/person\/232422a593d5c541dd9aef6aaed10943","name":"admin","image":{"@type":"ImageObject","inLanguage":"es","@id":"https:\/\/lobosnews.com.ar\/#\/schema\/person\/image\/","url":"https:\/\/secure.gravatar.com\/avatar\/76e419471a2083bc3ceab22a763dbbf9b0c1bd15a6214cf3280e2c2dde4580f9?s=96&d=mm&r=g","contentUrl":"https:\/\/secure.gravatar.com\/avatar\/76e419471a2083bc3ceab22a763dbbf9b0c1bd15a6214cf3280e2c2dde4580f9?s=96&d=mm&r=g","caption":"admin"},"sameAs":["https:\/\/lobosnews.com.ar"],"url":"https:\/\/lobosnews.com.ar\/index.php\/author\/lobos-news\/"}]}},"jetpack_featured_media_url":"","jetpack_sharing_enabled":true,"_links":{"self":[{"href":"https:\/\/lobosnews.com.ar\/index.php\/wp-json\/wp\/v2\/posts\/9505","targetHints":{"allow":["GET"]}}],"collection":[{"href":"https:\/\/lobosnews.com.ar\/index.php\/wp-json\/wp\/v2\/posts"}],"about":[{"href":"https:\/\/lobosnews.com.ar\/index.php\/wp-json\/wp\/v2\/types\/post"}],"author":[{"embeddable":true,"href":"https:\/\/lobosnews.com.ar\/index.php\/wp-json\/wp\/v2\/users\/1"}],"replies":[{"embeddable":true,"href":"https:\/\/lobosnews.com.ar\/index.php\/wp-json\/wp\/v2\/comments?post=9505"}],"version-history":[{"count":1,"href":"https:\/\/lobosnews.com.ar\/index.php\/wp-json\/wp\/v2\/posts\/9505\/revisions"}],"predecessor-version":[{"id":9508,"href":"https:\/\/lobosnews.com.ar\/index.php\/wp-json\/wp\/v2\/posts\/9505\/revisions\/9508"}],"wp:attachment":[{"href":"https:\/\/lobosnews.com.ar\/index.php\/wp-json\/wp\/v2\/media?parent=9505"}],"wp:term":[{"taxonomy":"category","embeddable":true,"href":"https:\/\/lobosnews.com.ar\/index.php\/wp-json\/wp\/v2\/categories?post=9505"},{"taxonomy":"post_tag","embeddable":true,"href":"https:\/\/lobosnews.com.ar\/index.php\/wp-json\/wp\/v2\/tags?post=9505"}],"curies":[{"name":"wp","href":"https:\/\/api.w.org\/{rel}","templated":true}]}}