{"id":95019,"date":"2026-08-28T18:10:12","date_gmt":"2026-08-28T18:10:12","guid":{"rendered":"https:\/\/lobosnews.com.ar\/?p=95019"},"modified":"2026-08-29T05:36:25","modified_gmt":"2026-08-29T05:36:25","slug":"el-exclusivo-tratamiento-que-hizo-juliana-awada-en-una-clinica-de-longevidad-en-suiza","status":"publish","type":"post","link":"https:\/\/lobosnews.com.ar\/index.php\/2026\/08\/28\/el-exclusivo-tratamiento-que-hizo-juliana-awada-en-una-clinica-de-longevidad-en-suiza\/","title":{"rendered":"El exclusivo tratamiento que hizo Juliana Awada en una cl\u00ednica de longevidad en Suiza"},"content":{"rendered":"<p><img loading=\"lazy\" decoding=\"async\" src=\"https:\/\/lobosnews.com.ar\/wp-content\/uploads\/2026\/08\/el-exclusivo-tratamiento-que-hizo-juliana-awada-en-una-clinica-de-longevidad-en-suiza.jpg\" alt=\"Juliana Awada eligi\u00f3 la Clinique La Prairie, en Montreux, Suiza, para una estad\u00eda centrada en la longevidad, el bienestar y la medicina preventiva (Imagen Ilustrativa Infobae)\" height=\"1536\" width=\"2752\"\/><\/p>\n<p><span class=\"waslinkname\"><b>Juliana Awada <\/b><\/span><b>eligi\u00f3 la exclusiva cl\u00ednica de longevidad Clinique La Prairie en los Alpes suizos<\/b> para pasar unos d\u00edas dedicada al bienestar, en un <b>centro de salud <\/b>que desde hace a\u00f1os atrae a<b> figuras internacionales<\/b> interesadas en la medicina preventiva, la nutrici\u00f3n y los programas dise\u00f1ados para mejorar la calidad de vida. <\/p>\n<p>La ex primera dama se instal\u00f3 en <b>Montreux<\/b>, <b>Suiza<\/b>, frente al lago L\u00e9man y con el paisaje de los <b>Alpes <\/b> como tel\u00f3n de fondo. Seg\u00fan pudo saber <b>Infobae<\/b>, <b>Awada regresar\u00e1 a la Argentina este domingo<\/b>, despu\u00e9s de una estad\u00eda en la reconocida cl\u00ednica, donde qued\u00f3 especialmente impactada por la calidad de la atenci\u00f3n, el enfoque personalizado de los tratamientos y una propuesta que combina salud, descanso y cuidado personal.<\/p>\n<p>La elecci\u00f3n de <b>Juliana Awada<\/b> vuelve a poner en primer plano una tendencia que creci\u00f3 con fuerza entre las celebridades globales. La visita, de perfil reservado, form\u00f3 parte de una experiencia privada costeada por la propia Awada. <\/p>\n<h3>Tratamientos exclusivos de longevidad con enfoque cient\u00edfico<\/h3>\n<p><img loading=\"lazy\" decoding=\"async\" src=\"https:\/\/lobosnews.com.ar\/wp-content\/uploads\/2026\/08\/el-exclusivo-tratamiento-que-hizo-juliana-awada-en-una-clinica-de-longevidad-en-suiza-1.jpg\" alt=\"La ex primera dama regresar\u00e1 a la Argentina este domingo tras pasar unos d\u00edas en una cl\u00ednica de longevidad en los Alpes suizos (archivo Infobae)\" height=\"1442\" width=\"1920\"\/><\/p>\n<p>Ya no se trata solo de viajar para desconectarse, sino de apostar por <b>experiencias que re\u00fanen chequeos m\u00e9dicos, planes de alimentaci\u00f3n, actividad f\u00edsica, terapias de relajaci\u00f3n<\/b> y seguimiento profesional bajo el paraguas de la <b>longevidad<\/b> y el bienestar.<\/p>\n<p>En el caso de la cl\u00ednica suiza, el atractivo no se apoya \u00fanicamente en el entorno ni en el perfil exclusivo del lugar. La instituci\u00f3n, fundada en <b>1931<\/b>, construy\u00f3 su prestigio alrededor de una f\u00f3rmula que une centro m\u00e9dico, \u00e1rea de bienestar y servicios de hospitalidad, con <b>programas de revitalizaci\u00f3n, detox, descanso, peso saludable y rendimiento cognitivo<\/b> dentro de un esquema personalizado.<\/p>\n<p><img loading=\"lazy\" decoding=\"async\" src=\"https:\/\/lobosnews.com.ar\/wp-content\/uploads\/2026\/08\/el-exclusivo-tratamiento-que-hizo-juliana-awada-en-una-clinica-de-longevidad-en-suiza-2.jpg\" alt=\"Juliana Awada junto a Willie Carballo, durante la organizaci\u00f3n del viaje a Suiza\" height=\"1280\" width=\"960\"\/><\/p>\n<p><span class=\"waslinkname\"><i>Infobae<\/i> <\/span><b>estuvo en la emblem\u00e1tica Cl\u00ednique La Prairie en 2024<\/b> y relev\u00f3 de primera mano el enfoque con el que trabaja el establecimiento. <\/p>\n<p>Durante esa visita, el director general de la instituci\u00f3n, <b>Lorenzo Amaglio<\/b>, explic\u00f3 que el lugar es <b>\u201cun centro moderno y de dise\u00f1o con mucha infraestructura cient\u00edfico-m\u00e9dica<\/b>\u201d, y sostuvo que el objetivo es acompa\u00f1ar a cada persona para que pueda \u201c<b>vivir m\u00e1s y mejor<\/b>\u201d.<\/p>\n<p><img loading=\"lazy\" decoding=\"async\" src=\"https:\/\/lobosnews.com.ar\/wp-content\/uploads\/2026\/08\/el-exclusivo-tratamiento-que-hizo-juliana-awada-en-una-clinica-de-longevidad-en-suiza-3.jpg\" alt=\"Juliana Awada volver\u00e1 el domingo a la Argentina luego de unos d\u00edas en la cl\u00ednica de longevidad (@JulianaAwada)\" height=\"1536\" width=\"2048\"\/><\/p>\n<p>Ese modelo articula cuatro pilares que ordenan la experiencia: <b>medicina<\/b>, <b>nutrici\u00f3n<\/b>, <b>bienestar<\/b> y <b>movimiento<\/b>. <\/p>\n<p>Seg\u00fan relev\u00f3 <i>Infobae<\/i> durante la cobertura en <b>Montreux<\/b>, los programas pueden incluir evaluaciones cl\u00ednicas, estudios cardiovasculares, an\u00e1lisis vinculados con el metabolismo, rutinas f\u00edsicas, t\u00e9cnicas de respiraci\u00f3n, tratamientos de relajaci\u00f3n y planes alimentarios dise\u00f1ados seg\u00fan las necesidades de cada paciente.<\/p>\n<p>El director m\u00e9dico del centro de longevidad <b>Adrian Heini<\/b> detall\u00f3 en aquella visita que la medicina preventiva permite \u201c<b>medir, conocer al paciente y luego poder dise\u00f1ar un plan a su medida para retrasar el envejecimiento celular<\/b>\u201d. <\/p>\n<p><img loading=\"lazy\" decoding=\"async\" src=\"https:\/\/lobosnews.com.ar\/wp-content\/uploads\/2026\/08\/el-exclusivo-tratamiento-que-hizo-juliana-awada-en-una-clinica-de-longevidad-en-suiza-4.jpg\" alt=\"Una de las postales de Suiza que la ex primera dama subi\u00f3 en sus redes sociales \" height=\"1363\" width=\"935\"\/><\/p>\n<p>De acuerdo con su explicaci\u00f3n, el trabajo del centro se orienta a funciones y sistemas ligados al cerebro, el coraz\u00f3n, el ritmo circadiano, la piel, el metabolismo, la inmunidad y la microbiota.<\/p>\n<p>La dimensi\u00f3n m\u00e9dica es uno de los rasgos que distinguen a estos centros de salud y bienestar. La propuesta se apoya en una estructura con m\u00e1s de 15 m\u00e9dicos, m\u00e1s de 60 especialistas consultores y acceso a 25 especialidades de la medicina, lo que permite articular <b>evaluaciones cl\u00ednicas, asesoramiento nutricional, actividad f\u00edsica y distintas intervenciones vinculadas con la salud. <\/b><\/p>\n<p>La <b>alimentaci\u00f3n <\/b>ocupa un lugar central dentro de esa l\u00f3gica. La cl\u00ednica sostiene una propuesta basada en productos frescos, una presencia fuerte de vegetales, legumbres y cereales integrales, y una reducci\u00f3n del consumo de alimentos ultraprocesados. En di\u00e1logo con <i>Infobae<\/i>, la especialista en nutrici\u00f3n <b>Adamantia Nisianaki<\/b> explic\u00f3 que el enfoque apunta a introducir una dieta sostenida en el tiempo que contribuya a disminuir procesos inflamatorios y a prevenir la senescencia celular.<\/p>\n<p><img loading=\"lazy\" decoding=\"async\" src=\"https:\/\/lobosnews.com.ar\/wp-content\/uploads\/2026\/08\/el-exclusivo-tratamiento-que-hizo-juliana-awada-en-una-clinica-de-longevidad-en-suiza-5.jpg\" alt=\"Clinique La Prairie, fundada en 1931, combina centro m\u00e9dico, \u00e1rea de bienestar y hospitalidad con programas personalizados de revitalizaci\u00f3n, detox y peso saludable (Archivo Infobae)\" height=\"1281\" width=\"1920\"\/><\/p>\n<h2>La precisi\u00f3n suiza, entre los Alpes y la cultura de la longevidad<\/h2>\n<p>La cl\u00ednica est\u00e1 ubicada en <b>Montreux<\/b>, a orillas del lago L\u00e9man, en una postal donde el paisaje alpino y la cultura suiza del detalle forman parte de la experiencia. Ese marco aporta parte de su magnetismo internacional, aunque el diferencial del lugar pasa por trasladar esa idea de precisi\u00f3n al terreno de la <b>medicina preventiva<\/b>, el seguimiento personalizado y los programas orientados al bienestar.<\/p>\n<p>El centro re\u00fane servicios m\u00e9dicos, \u00e1rea de spa y programas de salud en un mismo predio. Ese esquema incluye consultas con especialistas, evaluaci\u00f3n nutricional, propuestas de actividad f\u00edsica y distintos tratamientos de relajaci\u00f3n, con estad\u00edas que suelen organizarse alrededor de planes de una o dos semanas.<\/p>\n<p><img loading=\"lazy\" decoding=\"async\" src=\"https:\/\/lobosnews.com.ar\/wp-content\/uploads\/2026\/08\/el-exclusivo-tratamiento-que-hizo-juliana-awada-en-una-clinica-de-longevidad-en-suiza-6.jpg\" alt=\"Los programas de medicina preventiva en Montreux se organizan sobre cuatro pilares: medicina, nutrici\u00f3n, bienestar y movimiento\" height=\"1281\" width=\"1920\"\/><\/p>\n<p>La historia del establecimiento tambi\u00e9n aliment\u00f3 su perfil internacional. Seg\u00fan la informaci\u00f3n institucional y lo reconstruido por <i>Infobae<\/i>, por sus instalaciones pasaron a lo largo de las d\u00e9cadas celebridades, dirigentes y figuras del espect\u00e1culo de distintos pa\u00edses. <\/p>\n<p>A lo largo de las d\u00e9cadas, por la cl\u00ednica pasaron figuras de alto perfil de la pol\u00edtica, la cultura y el espect\u00e1culo internacional. Entre los nombres m\u00e1s famosos aparecen <b>Marlene Dietrich, Richard Burton, Cary Grant, Winston Churchill, Charles de Gaulle, Catherine Deneuve, Brad Pitt y George Clooney. <\/b>Entre las visitas m\u00e1s recientes que trascendieron figura<b> Carla Bruni.<\/b><\/p>\n<p>Entre los nombres argentinos que suelen aparecer vinculados con la cl\u00ednica figuran Mirtha Legrand, Susana Gim\u00e9nez y Diego Maradona, adem\u00e1s de personalidades extranjeras que eligieron ese destino en distintas etapas.<\/p>\n<p>El paso de <b>Awada<\/b> por la cl\u00ednica se inscribe en una tendencia que excede el atractivo del lujo o la privacidad. Este tipo de centros gananaron espacio a partir de una b<b>\u00fasqueda asociada al envejecimiento saludable, la prevenci\u00f3n y la mejora de la calidad de vida<\/b>. <\/p>\n","protected":false},"excerpt":{"rendered":"<p>Juliana Awada eligi\u00f3 la exclusiva cl\u00ednica de longevidad Clinique La Prairie en los Alpes suizos para pasar unos d\u00edas dedicada al bienestar, en un centro de salud que desde hace a\u00f1os atrae a figuras internacionales interesadas en la medicina preventiva, la nutrici\u00f3n y los programas dise\u00f1ados para mejorar la calidad de vida. La ex primera&#8230;<\/p>\n","protected":false},"author":1,"featured_media":95028,"comment_status":"open","ping_status":"closed","sticky":false,"template":"","format":"standard","meta":{"_jetpack_newsletter_access":"","_jetpack_dont_email_post_to_subs":false,"_jetpack_newsletter_tier_id":0,"_jetpack_memberships_contains_paywalled_content":false,"_jetpack_memberships_contains_paid_content":false,"footnotes":"","jetpack_post_was_ever_published":false},"categories":[81],"tags":[],"class_list":["post-95019","post","type-post","status-publish","format-standard","has-post-thumbnail","hentry","category-salud"],"magazineBlocksPostFeaturedMedia":{"thumbnail":"https:\/\/lobosnews.com.ar\/wp-content\/uploads\/2026\/08\/el-exclusivo-tratamiento-que-hizo-juliana-awada-en-una-clinica-de-longevidad-en-suiza-12-150x150.jpg","medium":"https:\/\/lobosnews.com.ar\/wp-content\/uploads\/2026\/08\/el-exclusivo-tratamiento-que-hizo-juliana-awada-en-una-clinica-de-longevidad-en-suiza-12-300x200.jpg","medium_large":"https:\/\/lobosnews.com.ar\/wp-content\/uploads\/2026\/08\/el-exclusivo-tratamiento-que-hizo-juliana-awada-en-una-clinica-de-longevidad-en-suiza-12-768x512.jpg","large":"https:\/\/lobosnews.com.ar\/wp-content\/uploads\/2026\/08\/el-exclusivo-tratamiento-que-hizo-juliana-awada-en-una-clinica-de-longevidad-en-suiza-12-1024x683.jpg","1536x1536":"https:\/\/lobosnews.com.ar\/wp-content\/uploads\/2026\/08\/el-exclusivo-tratamiento-que-hizo-juliana-awada-en-una-clinica-de-longevidad-en-suiza-12-1536x1025.jpg","2048x2048":"https:\/\/lobosnews.com.ar\/wp-content\/uploads\/2026\/08\/el-exclusivo-tratamiento-que-hizo-juliana-awada-en-una-clinica-de-longevidad-en-suiza-12.jpg","newsmatic-featured":"https:\/\/lobosnews.com.ar\/wp-content\/uploads\/2026\/08\/el-exclusivo-tratamiento-que-hizo-juliana-awada-en-una-clinica-de-longevidad-en-suiza-12-820x545.jpg","newsmatic-list":"https:\/\/lobosnews.com.ar\/wp-content\/uploads\/2026\/08\/el-exclusivo-tratamiento-que-hizo-juliana-awada-en-una-clinica-de-longevidad-en-suiza-12-600x400.jpg","newsmatic-thumb":"https:\/\/lobosnews.com.ar\/wp-content\/uploads\/2026\/08\/el-exclusivo-tratamiento-que-hizo-juliana-awada-en-una-clinica-de-longevidad-en-suiza-12-300x200.jpg","newsmatic-small":"https:\/\/lobosnews.com.ar\/wp-content\/uploads\/2026\/08\/el-exclusivo-tratamiento-que-hizo-juliana-awada-en-una-clinica-de-longevidad-en-suiza-12-150x95.jpg","newsmatic-grid":"https:\/\/lobosnews.com.ar\/wp-content\/uploads\/2026\/08\/el-exclusivo-tratamiento-que-hizo-juliana-awada-en-una-clinica-de-longevidad-en-suiza-12-400x250.jpg"},"magazineBlocksPostAuthor":{"name":"admin","avatar":"https:\/\/secure.gravatar.com\/avatar\/76e419471a2083bc3ceab22a763dbbf9b0c1bd15a6214cf3280e2c2dde4580f9?s=96&d=mm&r=g"},"magazineBlocksPostCommentsNumber":"0","magazineBlocksPostExcerpt":"Juliana Awada eligi\u00f3 la exclusiva cl\u00ednica de longevidad Clinique La Prairie en los Alpes suizos para pasar unos d\u00edas dedicada al bienestar, en un centro de salud que desde hace a\u00f1os atrae a figuras internacionales interesadas en la medicina preventiva, la nutrici\u00f3n y los programas dise\u00f1ados para mejorar la calidad de vida. La ex primera...","magazineBlocksPostCategories":["Salud"],"magazineBlocksPostViewCount":25,"magazineBlocksPostReadTime":5,"magazine_blocks_featured_image_url":{"full":["https:\/\/lobosnews.com.ar\/wp-content\/uploads\/2026\/08\/el-exclusivo-tratamiento-que-hizo-juliana-awada-en-una-clinica-de-longevidad-en-suiza-12.jpg",1920,1281,false],"medium":["https:\/\/lobosnews.com.ar\/wp-content\/uploads\/2026\/08\/el-exclusivo-tratamiento-que-hizo-juliana-awada-en-una-clinica-de-longevidad-en-suiza-12-300x200.jpg",300,200,true],"thumbnail":["https:\/\/lobosnews.com.ar\/wp-content\/uploads\/2026\/08\/el-exclusivo-tratamiento-que-hizo-juliana-awada-en-una-clinica-de-longevidad-en-suiza-12-150x150.jpg",150,150,true]},"magazine_blocks_author":{"display_name":"admin","author_link":"https:\/\/lobosnews.com.ar\/index.php\/author\/lobos-news\/"},"magazine_blocks_comment":0,"magazine_blocks_author_image":"https:\/\/secure.gravatar.com\/avatar\/76e419471a2083bc3ceab22a763dbbf9b0c1bd15a6214cf3280e2c2dde4580f9?s=96&d=mm&r=g","magazine_blocks_category":"<a href=\"#\" class=\"category-link category-link-81\">Salud<\/a>","yoast_head":"<!-- This site is optimized with the Yoast SEO plugin v28.0 - https:\/\/yoast.com\/product\/yoast-seo-wordpress\/ -->\n<title>El exclusivo tratamiento que hizo Juliana Awada en una cl\u00ednica de longevidad en Suiza - Lobos News<\/title>\n<meta name=\"robots\" content=\"index, follow, max-snippet:-1, max-image-preview:large, max-video-preview:-1\" \/>\n<link rel=\"canonical\" href=\"https:\/\/lobosnews.com.ar\/index.php\/2026\/08\/28\/el-exclusivo-tratamiento-que-hizo-juliana-awada-en-una-clinica-de-longevidad-en-suiza\/\" \/>\n<meta property=\"og:locale\" content=\"es_ES\" \/>\n<meta property=\"og:type\" content=\"article\" \/>\n<meta property=\"og:title\" content=\"El exclusivo tratamiento que hizo Juliana Awada en una cl\u00ednica de longevidad en Suiza - Lobos News\" \/>\n<meta property=\"og:description\" content=\"Juliana Awada eligi\u00f3 la exclusiva cl\u00ednica de longevidad Clinique La Prairie en los Alpes suizos para pasar unos d\u00edas dedicada al bienestar, en un centro de salud que desde hace a\u00f1os atrae a figuras internacionales interesadas en la medicina preventiva, la nutrici\u00f3n y los programas dise\u00f1ados para mejorar la calidad de vida. La ex primera...\" \/>\n<meta property=\"og:url\" content=\"https:\/\/lobosnews.com.ar\/index.php\/2026\/08\/28\/el-exclusivo-tratamiento-que-hizo-juliana-awada-en-una-clinica-de-longevidad-en-suiza\/\" \/>\n<meta property=\"og:site_name\" content=\"Lobos News\" \/>\n<meta property=\"article:published_time\" content=\"2026-08-28T18:10:12+00:00\" \/>\n<meta property=\"article:modified_time\" content=\"2026-08-29T05:36:25+00:00\" \/>\n<meta property=\"og:image\" content=\"https:\/\/lobosnews.com.ar\/wp-content\/uploads\/2026\/08\/el-exclusivo-tratamiento-que-hizo-juliana-awada-en-una-clinica-de-longevidad-en-suiza-12.jpg\" \/>\n\t<meta property=\"og:image:width\" content=\"1920\" \/>\n\t<meta property=\"og:image:height\" content=\"1281\" \/>\n\t<meta property=\"og:image:type\" content=\"image\/jpeg\" \/>\n<meta name=\"author\" content=\"admin\" \/>\n<meta name=\"twitter:card\" content=\"summary_large_image\" \/>\n<meta name=\"twitter:label1\" content=\"Escrito por\" \/>\n\t<meta name=\"twitter:data1\" content=\"admin\" \/>\n\t<meta name=\"twitter:label2\" content=\"Tiempo de lectura\" \/>\n\t<meta name=\"twitter:data2\" content=\"5 minutos\" \/>\n<script type=\"application\/ld+json\" class=\"yoast-schema-graph\">{\"@context\":\"https:\\\/\\\/schema.org\",\"@graph\":[{\"@type\":\"Article\",\"@id\":\"https:\\\/\\\/lobosnews.com.ar\\\/index.php\\\/2026\\\/08\\\/28\\\/el-exclusivo-tratamiento-que-hizo-juliana-awada-en-una-clinica-de-longevidad-en-suiza\\\/#article\",\"isPartOf\":{\"@id\":\"https:\\\/\\\/lobosnews.com.ar\\\/index.php\\\/2026\\\/08\\\/28\\\/el-exclusivo-tratamiento-que-hizo-juliana-awada-en-una-clinica-de-longevidad-en-suiza\\\/\"},\"author\":{\"name\":\"admin\",\"@id\":\"https:\\\/\\\/lobosnews.com.ar\\\/#\\\/schema\\\/person\\\/232422a593d5c541dd9aef6aaed10943\"},\"headline\":\"El exclusivo tratamiento que hizo Juliana Awada en una cl\u00ednica de longevidad en Suiza\",\"datePublished\":\"2026-08-28T18:10:12+00:00\",\"dateModified\":\"2026-08-29T05:36:25+00:00\",\"mainEntityOfPage\":{\"@id\":\"https:\\\/\\\/lobosnews.com.ar\\\/index.php\\\/2026\\\/08\\\/28\\\/el-exclusivo-tratamiento-que-hizo-juliana-awada-en-una-clinica-de-longevidad-en-suiza\\\/\"},\"wordCount\":971,\"commentCount\":0,\"publisher\":{\"@id\":\"https:\\\/\\\/lobosnews.com.ar\\\/#organization\"},\"image\":{\"@id\":\"https:\\\/\\\/lobosnews.com.ar\\\/index.php\\\/2026\\\/08\\\/28\\\/el-exclusivo-tratamiento-que-hizo-juliana-awada-en-una-clinica-de-longevidad-en-suiza\\\/#primaryimage\"},\"thumbnailUrl\":\"https:\\\/\\\/lobosnews.com.ar\\\/wp-content\\\/uploads\\\/2026\\\/08\\\/el-exclusivo-tratamiento-que-hizo-juliana-awada-en-una-clinica-de-longevidad-en-suiza-12.jpg\",\"articleSection\":[\"Salud\"],\"inLanguage\":\"es\",\"potentialAction\":[{\"@type\":\"CommentAction\",\"name\":\"Comment\",\"target\":[\"https:\\\/\\\/lobosnews.com.ar\\\/index.php\\\/2026\\\/08\\\/28\\\/el-exclusivo-tratamiento-que-hizo-juliana-awada-en-una-clinica-de-longevidad-en-suiza\\\/#respond\"]}]},{\"@type\":\"WebPage\",\"@id\":\"https:\\\/\\\/lobosnews.com.ar\\\/index.php\\\/2026\\\/08\\\/28\\\/el-exclusivo-tratamiento-que-hizo-juliana-awada-en-una-clinica-de-longevidad-en-suiza\\\/\",\"url\":\"https:\\\/\\\/lobosnews.com.ar\\\/index.php\\\/2026\\\/08\\\/28\\\/el-exclusivo-tratamiento-que-hizo-juliana-awada-en-una-clinica-de-longevidad-en-suiza\\\/\",\"name\":\"El exclusivo tratamiento que hizo Juliana Awada en una cl\u00ednica de longevidad en Suiza - Lobos News\",\"isPartOf\":{\"@id\":\"https:\\\/\\\/lobosnews.com.ar\\\/#website\"},\"primaryImageOfPage\":{\"@id\":\"https:\\\/\\\/lobosnews.com.ar\\\/index.php\\\/2026\\\/08\\\/28\\\/el-exclusivo-tratamiento-que-hizo-juliana-awada-en-una-clinica-de-longevidad-en-suiza\\\/#primaryimage\"},\"image\":{\"@id\":\"https:\\\/\\\/lobosnews.com.ar\\\/index.php\\\/2026\\\/08\\\/28\\\/el-exclusivo-tratamiento-que-hizo-juliana-awada-en-una-clinica-de-longevidad-en-suiza\\\/#primaryimage\"},\"thumbnailUrl\":\"https:\\\/\\\/lobosnews.com.ar\\\/wp-content\\\/uploads\\\/2026\\\/08\\\/el-exclusivo-tratamiento-que-hizo-juliana-awada-en-una-clinica-de-longevidad-en-suiza-12.jpg\",\"datePublished\":\"2026-08-28T18:10:12+00:00\",\"dateModified\":\"2026-08-29T05:36:25+00:00\",\"breadcrumb\":{\"@id\":\"https:\\\/\\\/lobosnews.com.ar\\\/index.php\\\/2026\\\/08\\\/28\\\/el-exclusivo-tratamiento-que-hizo-juliana-awada-en-una-clinica-de-longevidad-en-suiza\\\/#breadcrumb\"},\"inLanguage\":\"es\",\"potentialAction\":[{\"@type\":\"ReadAction\",\"target\":[\"https:\\\/\\\/lobosnews.com.ar\\\/index.php\\\/2026\\\/08\\\/28\\\/el-exclusivo-tratamiento-que-hizo-juliana-awada-en-una-clinica-de-longevidad-en-suiza\\\/\"]}]},{\"@type\":\"ImageObject\",\"inLanguage\":\"es\",\"@id\":\"https:\\\/\\\/lobosnews.com.ar\\\/index.php\\\/2026\\\/08\\\/28\\\/el-exclusivo-tratamiento-que-hizo-juliana-awada-en-una-clinica-de-longevidad-en-suiza\\\/#primaryimage\",\"url\":\"https:\\\/\\\/lobosnews.com.ar\\\/wp-content\\\/uploads\\\/2026\\\/08\\\/el-exclusivo-tratamiento-que-hizo-juliana-awada-en-una-clinica-de-longevidad-en-suiza-12.jpg\",\"contentUrl\":\"https:\\\/\\\/lobosnews.com.ar\\\/wp-content\\\/uploads\\\/2026\\\/08\\\/el-exclusivo-tratamiento-que-hizo-juliana-awada-en-una-clinica-de-longevidad-en-suiza-12.jpg\",\"width\":1920,\"height\":1281,\"caption\":\"El exclusivo tratamiento que hizo Juliana Awada en una cl\u00ednica de longevidad en Suiza\"},{\"@type\":\"BreadcrumbList\",\"@id\":\"https:\\\/\\\/lobosnews.com.ar\\\/index.php\\\/2026\\\/08\\\/28\\\/el-exclusivo-tratamiento-que-hizo-juliana-awada-en-una-clinica-de-longevidad-en-suiza\\\/#breadcrumb\",\"itemListElement\":[{\"@type\":\"ListItem\",\"position\":1,\"name\":\"Portada\",\"item\":\"https:\\\/\\\/lobosnews.com.ar\\\/\"},{\"@type\":\"ListItem\",\"position\":2,\"name\":\"El exclusivo tratamiento que hizo Juliana Awada en una cl\u00ednica de longevidad en Suiza\"}]},{\"@type\":\"WebSite\",\"@id\":\"https:\\\/\\\/lobosnews.com.ar\\\/#website\",\"url\":\"https:\\\/\\\/lobosnews.com.ar\\\/\",\"name\":\"Lobos News\",\"description\":\"Informaci\u00f3n a cada instante\",\"publisher\":{\"@id\":\"https:\\\/\\\/lobosnews.com.ar\\\/#organization\"},\"potentialAction\":[{\"@type\":\"SearchAction\",\"target\":{\"@type\":\"EntryPoint\",\"urlTemplate\":\"https:\\\/\\\/lobosnews.com.ar\\\/?s={search_term_string}\"},\"query-input\":{\"@type\":\"PropertyValueSpecification\",\"valueRequired\":true,\"valueName\":\"search_term_string\"}}],\"inLanguage\":\"es\"},{\"@type\":\"Organization\",\"@id\":\"https:\\\/\\\/lobosnews.com.ar\\\/#organization\",\"name\":\"Lobos News\",\"url\":\"https:\\\/\\\/lobosnews.com.ar\\\/\",\"logo\":{\"@type\":\"ImageObject\",\"inLanguage\":\"es\",\"@id\":\"https:\\\/\\\/lobosnews.com.ar\\\/#\\\/schema\\\/logo\\\/image\\\/\",\"url\":\"https:\\\/\\\/lobosnews.com.ar\\\/wp-content\\\/uploads\\\/2026\\\/01\\\/logo-lobosnews.png\",\"contentUrl\":\"https:\\\/\\\/lobosnews.com.ar\\\/wp-content\\\/uploads\\\/2026\\\/01\\\/logo-lobosnews.png\",\"width\":500,\"height\":200,\"caption\":\"Lobos News\"},\"image\":{\"@id\":\"https:\\\/\\\/lobosnews.com.ar\\\/#\\\/schema\\\/logo\\\/image\\\/\"}},{\"@type\":\"Person\",\"@id\":\"https:\\\/\\\/lobosnews.com.ar\\\/#\\\/schema\\\/person\\\/232422a593d5c541dd9aef6aaed10943\",\"name\":\"admin\",\"image\":{\"@type\":\"ImageObject\",\"inLanguage\":\"es\",\"@id\":\"https:\\\/\\\/secure.gravatar.com\\\/avatar\\\/76e419471a2083bc3ceab22a763dbbf9b0c1bd15a6214cf3280e2c2dde4580f9?s=96&d=mm&r=g\",\"url\":\"https:\\\/\\\/secure.gravatar.com\\\/avatar\\\/76e419471a2083bc3ceab22a763dbbf9b0c1bd15a6214cf3280e2c2dde4580f9?s=96&d=mm&r=g\",\"contentUrl\":\"https:\\\/\\\/secure.gravatar.com\\\/avatar\\\/76e419471a2083bc3ceab22a763dbbf9b0c1bd15a6214cf3280e2c2dde4580f9?s=96&d=mm&r=g\",\"caption\":\"admin\"},\"sameAs\":[\"https:\\\/\\\/lobosnews.com.ar\"],\"url\":\"https:\\\/\\\/lobosnews.com.ar\\\/index.php\\\/author\\\/lobos-news\\\/\"}]}<\/script>\n<!-- \/ Yoast SEO plugin. -->","yoast_head_json":{"title":"El exclusivo tratamiento que hizo Juliana Awada en una cl\u00ednica de longevidad en Suiza - Lobos News","robots":{"index":"index","follow":"follow","max-snippet":"max-snippet:-1","max-image-preview":"max-image-preview:large","max-video-preview":"max-video-preview:-1"},"canonical":"https:\/\/lobosnews.com.ar\/index.php\/2026\/08\/28\/el-exclusivo-tratamiento-que-hizo-juliana-awada-en-una-clinica-de-longevidad-en-suiza\/","og_locale":"es_ES","og_type":"article","og_title":"El exclusivo tratamiento que hizo Juliana Awada en una cl\u00ednica de longevidad en Suiza - Lobos News","og_description":"Juliana Awada eligi\u00f3 la exclusiva cl\u00ednica de longevidad Clinique La Prairie en los Alpes suizos para pasar unos d\u00edas dedicada al bienestar, en un centro de salud que desde hace a\u00f1os atrae a figuras internacionales interesadas en la medicina preventiva, la nutrici\u00f3n y los programas dise\u00f1ados para mejorar la calidad de vida. La ex primera...","og_url":"https:\/\/lobosnews.com.ar\/index.php\/2026\/08\/28\/el-exclusivo-tratamiento-que-hizo-juliana-awada-en-una-clinica-de-longevidad-en-suiza\/","og_site_name":"Lobos News","article_published_time":"2026-08-28T18:10:12+00:00","article_modified_time":"2026-08-29T05:36:25+00:00","og_image":[{"width":1920,"height":1281,"url":"https:\/\/lobosnews.com.ar\/wp-content\/uploads\/2026\/08\/el-exclusivo-tratamiento-que-hizo-juliana-awada-en-una-clinica-de-longevidad-en-suiza-12.jpg","type":"image\/jpeg"}],"author":"admin","twitter_card":"summary_large_image","twitter_misc":{"Escrito por":"admin","Tiempo de lectura":"5 minutos"},"schema":{"@context":"https:\/\/schema.org","@graph":[{"@type":"Article","@id":"https:\/\/lobosnews.com.ar\/index.php\/2026\/08\/28\/el-exclusivo-tratamiento-que-hizo-juliana-awada-en-una-clinica-de-longevidad-en-suiza\/#article","isPartOf":{"@id":"https:\/\/lobosnews.com.ar\/index.php\/2026\/08\/28\/el-exclusivo-tratamiento-que-hizo-juliana-awada-en-una-clinica-de-longevidad-en-suiza\/"},"author":{"name":"admin","@id":"https:\/\/lobosnews.com.ar\/#\/schema\/person\/232422a593d5c541dd9aef6aaed10943"},"headline":"El exclusivo tratamiento que hizo Juliana Awada en una cl\u00ednica de longevidad en Suiza","datePublished":"2026-08-28T18:10:12+00:00","dateModified":"2026-08-29T05:36:25+00:00","mainEntityOfPage":{"@id":"https:\/\/lobosnews.com.ar\/index.php\/2026\/08\/28\/el-exclusivo-tratamiento-que-hizo-juliana-awada-en-una-clinica-de-longevidad-en-suiza\/"},"wordCount":971,"commentCount":0,"publisher":{"@id":"https:\/\/lobosnews.com.ar\/#organization"},"image":{"@id":"https:\/\/lobosnews.com.ar\/index.php\/2026\/08\/28\/el-exclusivo-tratamiento-que-hizo-juliana-awada-en-una-clinica-de-longevidad-en-suiza\/#primaryimage"},"thumbnailUrl":"https:\/\/lobosnews.com.ar\/wp-content\/uploads\/2026\/08\/el-exclusivo-tratamiento-que-hizo-juliana-awada-en-una-clinica-de-longevidad-en-suiza-12.jpg","articleSection":["Salud"],"inLanguage":"es","potentialAction":[{"@type":"CommentAction","name":"Comment","target":["https:\/\/lobosnews.com.ar\/index.php\/2026\/08\/28\/el-exclusivo-tratamiento-que-hizo-juliana-awada-en-una-clinica-de-longevidad-en-suiza\/#respond"]}]},{"@type":"WebPage","@id":"https:\/\/lobosnews.com.ar\/index.php\/2026\/08\/28\/el-exclusivo-tratamiento-que-hizo-juliana-awada-en-una-clinica-de-longevidad-en-suiza\/","url":"https:\/\/lobosnews.com.ar\/index.php\/2026\/08\/28\/el-exclusivo-tratamiento-que-hizo-juliana-awada-en-una-clinica-de-longevidad-en-suiza\/","name":"El exclusivo tratamiento que hizo Juliana Awada en una cl\u00ednica de longevidad en Suiza - Lobos News","isPartOf":{"@id":"https:\/\/lobosnews.com.ar\/#website"},"primaryImageOfPage":{"@id":"https:\/\/lobosnews.com.ar\/index.php\/2026\/08\/28\/el-exclusivo-tratamiento-que-hizo-juliana-awada-en-una-clinica-de-longevidad-en-suiza\/#primaryimage"},"image":{"@id":"https:\/\/lobosnews.com.ar\/index.php\/2026\/08\/28\/el-exclusivo-tratamiento-que-hizo-juliana-awada-en-una-clinica-de-longevidad-en-suiza\/#primaryimage"},"thumbnailUrl":"https:\/\/lobosnews.com.ar\/wp-content\/uploads\/2026\/08\/el-exclusivo-tratamiento-que-hizo-juliana-awada-en-una-clinica-de-longevidad-en-suiza-12.jpg","datePublished":"2026-08-28T18:10:12+00:00","dateModified":"2026-08-29T05:36:25+00:00","breadcrumb":{"@id":"https:\/\/lobosnews.com.ar\/index.php\/2026\/08\/28\/el-exclusivo-tratamiento-que-hizo-juliana-awada-en-una-clinica-de-longevidad-en-suiza\/#breadcrumb"},"inLanguage":"es","potentialAction":[{"@type":"ReadAction","target":["https:\/\/lobosnews.com.ar\/index.php\/2026\/08\/28\/el-exclusivo-tratamiento-que-hizo-juliana-awada-en-una-clinica-de-longevidad-en-suiza\/"]}]},{"@type":"ImageObject","inLanguage":"es","@id":"https:\/\/lobosnews.com.ar\/index.php\/2026\/08\/28\/el-exclusivo-tratamiento-que-hizo-juliana-awada-en-una-clinica-de-longevidad-en-suiza\/#primaryimage","url":"https:\/\/lobosnews.com.ar\/wp-content\/uploads\/2026\/08\/el-exclusivo-tratamiento-que-hizo-juliana-awada-en-una-clinica-de-longevidad-en-suiza-12.jpg","contentUrl":"https:\/\/lobosnews.com.ar\/wp-content\/uploads\/2026\/08\/el-exclusivo-tratamiento-que-hizo-juliana-awada-en-una-clinica-de-longevidad-en-suiza-12.jpg","width":1920,"height":1281,"caption":"El exclusivo tratamiento que hizo Juliana Awada en una cl\u00ednica de longevidad en Suiza"},{"@type":"BreadcrumbList","@id":"https:\/\/lobosnews.com.ar\/index.php\/2026\/08\/28\/el-exclusivo-tratamiento-que-hizo-juliana-awada-en-una-clinica-de-longevidad-en-suiza\/#breadcrumb","itemListElement":[{"@type":"ListItem","position":1,"name":"Portada","item":"https:\/\/lobosnews.com.ar\/"},{"@type":"ListItem","position":2,"name":"El exclusivo tratamiento que hizo Juliana Awada en una cl\u00ednica de longevidad en Suiza"}]},{"@type":"WebSite","@id":"https:\/\/lobosnews.com.ar\/#website","url":"https:\/\/lobosnews.com.ar\/","name":"Lobos News","description":"Informaci\u00f3n a cada instante","publisher":{"@id":"https:\/\/lobosnews.com.ar\/#organization"},"potentialAction":[{"@type":"SearchAction","target":{"@type":"EntryPoint","urlTemplate":"https:\/\/lobosnews.com.ar\/?s={search_term_string}"},"query-input":{"@type":"PropertyValueSpecification","valueRequired":true,"valueName":"search_term_string"}}],"inLanguage":"es"},{"@type":"Organization","@id":"https:\/\/lobosnews.com.ar\/#organization","name":"Lobos News","url":"https:\/\/lobosnews.com.ar\/","logo":{"@type":"ImageObject","inLanguage":"es","@id":"https:\/\/lobosnews.com.ar\/#\/schema\/logo\/image\/","url":"https:\/\/lobosnews.com.ar\/wp-content\/uploads\/2026\/01\/logo-lobosnews.png","contentUrl":"https:\/\/lobosnews.com.ar\/wp-content\/uploads\/2026\/01\/logo-lobosnews.png","width":500,"height":200,"caption":"Lobos News"},"image":{"@id":"https:\/\/lobosnews.com.ar\/#\/schema\/logo\/image\/"}},{"@type":"Person","@id":"https:\/\/lobosnews.com.ar\/#\/schema\/person\/232422a593d5c541dd9aef6aaed10943","name":"admin","image":{"@type":"ImageObject","inLanguage":"es","@id":"https:\/\/secure.gravatar.com\/avatar\/76e419471a2083bc3ceab22a763dbbf9b0c1bd15a6214cf3280e2c2dde4580f9?s=96&d=mm&r=g","url":"https:\/\/secure.gravatar.com\/avatar\/76e419471a2083bc3ceab22a763dbbf9b0c1bd15a6214cf3280e2c2dde4580f9?s=96&d=mm&r=g","contentUrl":"https:\/\/secure.gravatar.com\/avatar\/76e419471a2083bc3ceab22a763dbbf9b0c1bd15a6214cf3280e2c2dde4580f9?s=96&d=mm&r=g","caption":"admin"},"sameAs":["https:\/\/lobosnews.com.ar"],"url":"https:\/\/lobosnews.com.ar\/index.php\/author\/lobos-news\/"}]}},"jetpack_featured_media_url":"https:\/\/lobosnews.com.ar\/wp-content\/uploads\/2026\/08\/el-exclusivo-tratamiento-que-hizo-juliana-awada-en-una-clinica-de-longevidad-en-suiza-12.jpg","jetpack_sharing_enabled":true,"_links":{"self":[{"href":"https:\/\/lobosnews.com.ar\/index.php\/wp-json\/wp\/v2\/posts\/95019","targetHints":{"allow":["GET"]}}],"collection":[{"href":"https:\/\/lobosnews.com.ar\/index.php\/wp-json\/wp\/v2\/posts"}],"about":[{"href":"https:\/\/lobosnews.com.ar\/index.php\/wp-json\/wp\/v2\/types\/post"}],"author":[{"embeddable":true,"href":"https:\/\/lobosnews.com.ar\/index.php\/wp-json\/wp\/v2\/users\/1"}],"replies":[{"embeddable":true,"href":"https:\/\/lobosnews.com.ar\/index.php\/wp-json\/wp\/v2\/comments?post=95019"}],"version-history":[{"count":1,"href":"https:\/\/lobosnews.com.ar\/index.php\/wp-json\/wp\/v2\/posts\/95019\/revisions"}],"predecessor-version":[{"id":95027,"href":"https:\/\/lobosnews.com.ar\/index.php\/wp-json\/wp\/v2\/posts\/95019\/revisions\/95027"}],"wp:featuredmedia":[{"embeddable":true,"href":"https:\/\/lobosnews.com.ar\/index.php\/wp-json\/wp\/v2\/media\/95028"}],"wp:attachment":[{"href":"https:\/\/lobosnews.com.ar\/index.php\/wp-json\/wp\/v2\/media?parent=95019"}],"wp:term":[{"taxonomy":"category","embeddable":true,"href":"https:\/\/lobosnews.com.ar\/index.php\/wp-json\/wp\/v2\/categories?post=95019"},{"taxonomy":"post_tag","embeddable":true,"href":"https:\/\/lobosnews.com.ar\/index.php\/wp-json\/wp\/v2\/tags?post=95019"}],"curies":[{"name":"wp","href":"https:\/\/api.w.org\/{rel}","templated":true}]}}