{"id":9281,"date":"2026-01-20T17:33:19","date_gmt":"2026-01-20T17:33:19","guid":{"rendered":"https:\/\/lobosnews.com.ar\/index.php\/2026\/01\/20\/sean-omalley-confeso-este-podria-ser-el-ultimo-ano-de-suga-y-desato-especulaciones-sobre-su-futuro-en-ufc\/"},"modified":"2026-01-20T21:44:16","modified_gmt":"2026-01-20T21:44:16","slug":"sean-omalley-confeso-este-podria-ser-el-ultimo-ano-de-suga-y-desato-especulaciones-sobre-su-futuro-en-ufc","status":"publish","type":"post","link":"https:\/\/lobosnews.com.ar\/index.php\/2026\/01\/20\/sean-omalley-confeso-este-podria-ser-el-ultimo-ano-de-suga-y-desato-especulaciones-sobre-su-futuro-en-ufc\/","title":{"rendered":"Sean O\u2019Malley confes\u00f3: \u201cEste podr\u00eda ser el \u00faltimo a\u00f1o de Suga\u201d y desat\u00f3 especulaciones sobre su futuro en UFC"},"content":{"rendered":"<p><img loading=\"lazy\" decoding=\"async\" src=\"https:\/\/lobosnews.com.ar\/wp-content\/uploads\/2026\/01\/sean-omalley-confeso-este-podria-ser-el-ultimo-ano-de-suga-y-desato-especulaciones-sobre-su-futuro-en-ufc.jpg\" alt=\"Sean O\u2019Malley plantea su posible retiro de las artes marciales mixtas al afirmar que 2026 podr\u00eda marcar el final de su carrera en la UFC\n(Mandatory Credit: Bob DeChiara-USA TODAY Sports)\" height=\"2398\" width=\"3597\"\/><\/p>\n<p>El peso gallo de la <span class=\"waslinkname\"><b>UFC<\/b><\/span> vive momentos de m\u00e1xima atenci\u00f3n tras las declaraciones de <span class=\"waslinkname\"><b>Sean O\u2019Malley<\/b><\/span>, quien dej\u00f3 entrever que <b>2026 podr\u00eda ser el final de su carrera<\/b> en las artes marciales mixtas. A pocos d\u00edas de enfrentarse a <b>Song Yadong<\/b> en el <b>T-Mobile Arena de Las Vegas<\/b>, el estadounidense de 31 a\u00f1os analiz\u00f3 su presente y futuro deportivo, generando expectativa en torno al desenlace de la temporada, seg\u00fan informaci\u00f3n de <i>The Independent<\/i>.<\/p>\n<h2>El futuro de O\u2019Malley bajo la lupa<\/h2>\n<p>\u201c<b>Este podr\u00eda ser el \u00faltimo a\u00f1o de Suga<\/b>\u201d, afirm\u00f3 O\u2019Malley en una entrevista que dej\u00f3 un eco inmediato en el mundo de la UFC. El peleador, reconocido por su estilo y carisma, se encuentra en una etapa clave de su trayectoria dentro del peso gallo. El combate ante <b>Song Yadong<\/b>, pactado para el <b>24 de enero<\/b>, representa un desaf\u00edo fundamental para sus aspiraciones, ya que podr\u00eda abrirle la puerta a una nueva oportunidad por el cintur\u00f3n que supo conquistar en 2023.<\/p>\n<p><img loading=\"lazy\" decoding=\"async\" src=\"https:\/\/lobosnews.com.ar\/wp-content\/uploads\/2026\/01\/sean-omalley-confeso-este-podria-ser-el-ultimo-ano-de-suga-y-desato-especulaciones-sobre-su-futuro-en-ufc-1.jpg\" alt=\"El combate entre Sean O\u2019Malley y Song Yadong en Las Vegas ser\u00e1 clave para definir el futuro del peleador estadounidense en el peso gallo de la UFC\n(Mandatory Credit: Sam Navarro-USA TODAY Sports)\" height=\"3179\" width=\"4572\"\/><\/p>\n<p>La preparaci\u00f3n de <b>O\u2019Malley<\/b> no solo se centra en su rival inmediato. El estadounidense mencion\u00f3 que tambi\u00e9n enfoca su entrenamiento en <b>Petr Yan<\/b>, a quien podr\u00eda enfrentar si supera el compromiso actual. \u201c<b>Song es peligroso, tiene poder en ambas manos, es r\u00e1pido. Me preparo para \u00e9l, pero tambi\u00e9n para Petr<\/b>\u201d, explic\u00f3 O\u2019Malley, seg\u00fan <i>The Independent<\/i>. Su planteo es claro: busca vencer a Song, acceder a una pelea con Yan y, a partir de all\u00ed, decidir el rumbo de su carrera.<\/p>\n<h2>Un campe\u00f3n en busca de revancha<\/h2>\n<p>En agosto de 2023, <b>O\u2019Malley se coron\u00f3 campe\u00f3n del peso gallo<\/b> tras un nocaut ante <b>Aljamain Sterling<\/b>, en un duelo que marc\u00f3 un punto de inflexi\u00f3n en su carrera profesional. Sin embargo, el reinado fue breve: en 2024 perdi\u00f3 el cintur\u00f3n ante <b>Merab Dvalishvili<\/b> por decisi\u00f3n, y en junio de 2025, en la revancha directa, volvi\u00f3 a ser superado por el mismo rival.<\/p>\n<p><img loading=\"lazy\" decoding=\"async\" src=\"https:\/\/lobosnews.com.ar\/wp-content\/uploads\/2026\/01\/sean-omalley-confeso-este-podria-ser-el-ultimo-ano-de-suga-y-desato-especulaciones-sobre-su-futuro-en-ufc-2.jpg\" alt=\"En 2023, Sean O\u2019Malley se consagr\u00f3 campe\u00f3n del peso gallo tras noquear a Aljamain Sterling, aunque luego perdi\u00f3 el cintur\u00f3n ante Merab Dvalishvili\n(Mandatory Credit: Bob DeChiara-USA TODAY Sports)\" height=\"2784\" width=\"4176\"\/><\/p>\n<p>A pesar de estos reveses, O\u2019Malley demostr\u00f3 capacidad de recuperaci\u00f3n. En marzo de 2024, regres\u00f3 al triunfo al vencer a <b>Marlon Vera<\/b>, vengando la \u00fanica derrota previa en su historial profesional. Actualmente, su r\u00e9cord se compone de <b>18 victorias y tres derrotas<\/b>, tal como detalla <i>The Independent<\/i>.<\/p>\n<h2>El ascenso de Song Yadong<\/h2>\n<p>El pr\u00f3ximo contrincante de O\u2019Malley, <b>Song Yadong<\/b>, llega fortalecido tras imponerse a <b>Henry Cejudo<\/b> por decisi\u00f3n t\u00e9cnica en febrero, resultado que lo posicion\u00f3 como un serio aspirante al t\u00edtulo. El luchador chino acumula <b>22 triunfos, ocho derrotas, un empate y una pelea sin resultado<\/b> en su historial.<\/p>\n<p><img loading=\"lazy\" decoding=\"async\" src=\"https:\/\/lobosnews.com.ar\/wp-content\/uploads\/2026\/01\/sean-omalley-confeso-este-podria-ser-el-ultimo-ano-de-suga-y-desato-especulaciones-sobre-su-futuro-en-ufc-3.jpg\" alt=\"Song Yadong llega al duelo contra O\u2019Malley fortalecido tras vencer a Henry Cejudo y con un historial de 22 triunfos en las artes marciales mixtas\n(Mandatory Credit: Amber Searls-USA TODAY Sports)\" height=\"3282\" width=\"4924\"\/><\/p>\n<p><b>Song Yadong ya enfrent\u00f3 a Petr Yan<\/b>, el actual campe\u00f3n, en una pelea anterior en la que fue superado. Sin embargo, su rendimiento reciente lo mantiene dentro de la \u00e9lite de la categor\u00eda y lo convierte en un obst\u00e1culo relevante para las aspiraciones de O\u2019Malley.<\/p>\n<h2>Renovaci\u00f3n en la cima del peso gallo<\/h2>\n<p>La posible salida de <b>O\u2019Malley<\/b> y los cambios recientes en la divisi\u00f3n han elevado la tensi\u00f3n en la c\u00faspide del peso gallo. En diciembre, <span class=\"waslinkname\"><b>Petr Yan<\/b><\/span><b> recuper\u00f3 el cintur\u00f3n<\/b> al imponerse sobre Dvalishvili, retomando su estatus de campe\u00f3n tras haberlo ostentado entre 2020 y 2022. Este movimiento reconfigur\u00f3 el mapa de contendientes y abri\u00f3 nuevas rivalidades.<\/p>\n<p><img loading=\"lazy\" decoding=\"async\" src=\"https:\/\/lobosnews.com.ar\/wp-content\/uploads\/2026\/01\/sean-omalley-confeso-este-podria-ser-el-ultimo-ano-de-suga-y-desato-especulaciones-sobre-su-futuro-en-ufc-4.jpg\" alt=\"La recuperaci\u00f3n del cintur\u00f3n por parte de Petr Yan en diciembre de 2025 ha generado nuevas rivalidades y reconfigur\u00f3 la cima del peso gallo en la UFC\n(Mandatory Credit: Stephen R. Sylvanie-Imagn Images)\" height=\"3305\" width=\"4958\"\/><\/p>\n<p>La divisi\u00f3n se destaca actualmente por la presencia de figuras de alto impacto, como <b>Yan, Dvalishvili, Song Yadong y el propio O\u2019Malley<\/b>. La competencia por el liderazgo se vuelve cada vez m\u00e1s intensa, y cada combate puede modificar el equilibrio de poder en la categor\u00eda.<\/p>\n<h2>El desaf\u00edo de la continuidad<\/h2>\n<p>Con el objetivo inmediato de superar a <b>Song Yadong<\/b>, O\u2019Malley reconoce la volatilidad de la disciplina y la dificultad de mantener una racha ganadora. El peleador ha se\u00f1alado que cada enfrentamiento podr\u00eda ser determinante para su futuro, consciente de que una serie de derrotas podr\u00eda precipitar su decisi\u00f3n de retiro. \u201c<b>El futuro es incierto; cada pelea puede cambiarlo todo<\/b>\u201d, expres\u00f3 O\u2019Malley en declaraciones a <i>The Independent<\/i>.<\/p>\n<p><img loading=\"lazy\" decoding=\"async\" src=\"https:\/\/lobosnews.com.ar\/wp-content\/uploads\/2026\/01\/sean-omalley-confeso-este-podria-ser-el-ultimo-ano-de-suga-y-desato-especulaciones-sobre-su-futuro-en-ufc-5.jpg\" alt=\"O\u2019Malley podr\u00eda enfrentar a Petr Yan si vence a Song Yadong, lo que reavivar\u00eda una rivalidad de alto impacto en la divisi\u00f3n peso gallo\n(Mandatory Credit: Joe Camporeale-Imagn Images)\" height=\"5760\" width=\"8640\"\/><\/p>\n<p>La comunidad de las <b>artes marciales mixtas<\/b>, atenta a cada movimiento, observa c\u00f3mo el desenlace de la temporada podr\u00eda definir el legado de \u201cSuga\u201d. <b>La incertidumbre sobre la continuidad de O\u2019Malley, sumada a los recientes cambios en el panorama de la divisi\u00f3n, convierten el cierre de 2026 en un momento crucial para el peso gallo<\/b>.<\/p>\n<h2>Un legado en juego<\/h2>\n<p><img loading=\"lazy\" decoding=\"async\" src=\"https:\/\/lobosnews.com.ar\/wp-content\/uploads\/2026\/01\/sean-omalley-confeso-este-podria-ser-el-ultimo-ano-de-suga-y-desato-especulaciones-sobre-su-futuro-en-ufc-6.jpg\" alt=\"La incertidumbre sobre el futuro de O\u2019Malley y los recientes cambios en la divisi\u00f3n peso gallo generan gran expectativa en la temporada 2026 de la UFC\n(Mandatory Credit: Sam Navarro-USA TODAY Sports)\" height=\"3053\" width=\"4352\"\/><\/p>\n<p>El desenlace de la temporada promete ser decisivo no solo para el futuro inmediato del cintur\u00f3n, sino tambi\u00e9n para la proyecci\u00f3n de los nombres que han marcado la historia reciente de la UFC. <b>Sean O\u2019Malley<\/b> enfrenta una etapa definitiva, <b>con la presi\u00f3n de las expectativas y el deseo de dejar huella antes de una posible despedida<\/b>. La divisi\u00f3n del peso gallo se encuentra en plena transformaci\u00f3n, y el p\u00fablico espera un cierre de a\u00f1o que podr\u00eda quedar grabado en la memoria del deporte.<\/p>\n","protected":false},"excerpt":{"rendered":"<p>El peso gallo de la UFC vive momentos de m\u00e1xima atenci\u00f3n tras las declaraciones de Sean O\u2019Malley, quien dej\u00f3 entrever que 2026 podr\u00eda ser el final de su carrera en las artes marciales mixtas. A pocos d\u00edas de enfrentarse a Song Yadong en el T-Mobile Arena de Las Vegas, el estadounidense de 31 a\u00f1os analiz\u00f3&#8230;<\/p>\n","protected":false},"author":1,"featured_media":0,"comment_status":"open","ping_status":"closed","sticky":false,"template":"","format":"standard","meta":{"_jetpack_memberships_contains_paid_content":false,"footnotes":""},"categories":[30],"tags":[39],"class_list":["post-9281","post","type-post","status-publish","format-standard","hentry","category-argentina","tag-deportes"],"magazineBlocksPostFeaturedMedia":{"thumbnail":false,"medium":false,"medium_large":false,"large":false,"1536x1536":false,"2048x2048":false,"newsmatic-featured":false,"newsmatic-list":false,"newsmatic-thumb":false,"newsmatic-small":false,"newsmatic-grid":false},"magazineBlocksPostAuthor":{"name":"admin","avatar":"https:\/\/secure.gravatar.com\/avatar\/76e419471a2083bc3ceab22a763dbbf9b0c1bd15a6214cf3280e2c2dde4580f9?s=96&d=mm&r=g"},"magazineBlocksPostCommentsNumber":"0","magazineBlocksPostExcerpt":"El peso gallo de la UFC vive momentos de m\u00e1xima atenci\u00f3n tras las declaraciones de Sean O\u2019Malley, quien dej\u00f3 entrever que 2026 podr\u00eda ser el final de su carrera en las artes marciales mixtas. A pocos d\u00edas de enfrentarse a Song Yadong en el T-Mobile Arena de Las Vegas, el estadounidense de 31 a\u00f1os analiz\u00f3...","magazineBlocksPostCategories":["Argentina"],"magazineBlocksPostViewCount":188,"magazineBlocksPostReadTime":5,"magazine_blocks_featured_image_url":{"full":false,"medium":false,"thumbnail":false},"magazine_blocks_author":{"display_name":"admin","author_link":"https:\/\/lobosnews.com.ar\/index.php\/author\/lobos-news\/"},"magazine_blocks_comment":0,"magazine_blocks_author_image":"https:\/\/secure.gravatar.com\/avatar\/76e419471a2083bc3ceab22a763dbbf9b0c1bd15a6214cf3280e2c2dde4580f9?s=96&d=mm&r=g","magazine_blocks_category":"<a href=\"#\" class=\"category-link category-link-30\">Argentina<\/a>","yoast_head":"<!-- This site is optimized with the Yoast SEO plugin v26.6 - https:\/\/yoast.com\/wordpress\/plugins\/seo\/ -->\n<title>Sean O\u2019Malley confes\u00f3: \u201cEste podr\u00eda ser el \u00faltimo a\u00f1o de Suga\u201d y desat\u00f3 especulaciones sobre su futuro en UFC - Lobos News<\/title>\n<meta name=\"robots\" content=\"index, follow, max-snippet:-1, max-image-preview:large, max-video-preview:-1\" \/>\n<link rel=\"canonical\" href=\"https:\/\/lobosnews.com.ar\/index.php\/2026\/01\/20\/sean-omalley-confeso-este-podria-ser-el-ultimo-ano-de-suga-y-desato-especulaciones-sobre-su-futuro-en-ufc\/\" \/>\n<meta property=\"og:locale\" content=\"es_ES\" \/>\n<meta property=\"og:type\" content=\"article\" \/>\n<meta property=\"og:title\" content=\"Sean O\u2019Malley confes\u00f3: \u201cEste podr\u00eda ser el \u00faltimo a\u00f1o de Suga\u201d y desat\u00f3 especulaciones sobre su futuro en UFC - Lobos News\" \/>\n<meta property=\"og:description\" content=\"El peso gallo de la UFC vive momentos de m\u00e1xima atenci\u00f3n tras las declaraciones de Sean O\u2019Malley, quien dej\u00f3 entrever que 2026 podr\u00eda ser el final de su carrera en las artes marciales mixtas. A pocos d\u00edas de enfrentarse a Song Yadong en el T-Mobile Arena de Las Vegas, el estadounidense de 31 a\u00f1os analiz\u00f3...\" \/>\n<meta property=\"og:url\" content=\"https:\/\/lobosnews.com.ar\/index.php\/2026\/01\/20\/sean-omalley-confeso-este-podria-ser-el-ultimo-ano-de-suga-y-desato-especulaciones-sobre-su-futuro-en-ufc\/\" \/>\n<meta property=\"og:site_name\" content=\"Lobos News\" \/>\n<meta property=\"article:published_time\" content=\"2026-01-20T17:33:19+00:00\" \/>\n<meta property=\"article:modified_time\" content=\"2026-01-20T21:44:16+00:00\" \/>\n<meta property=\"og:image\" content=\"https:\/\/lobosnews.com.ar\/wp-content\/uploads\/2026\/01\/sean-omalley-confeso-este-podria-ser-el-ultimo-ano-de-suga-y-desato-especulaciones-sobre-su-futuro-en-ufc.jpg\" \/>\n<meta name=\"author\" content=\"admin\" \/>\n<meta name=\"twitter:card\" content=\"summary_large_image\" \/>\n<meta name=\"twitter:label1\" content=\"Escrito por\" \/>\n\t<meta name=\"twitter:data1\" content=\"admin\" \/>\n\t<meta name=\"twitter:label2\" content=\"Tiempo de lectura\" \/>\n\t<meta name=\"twitter:data2\" content=\"4 minutos\" \/>\n<script type=\"application\/ld+json\" class=\"yoast-schema-graph\">{\"@context\":\"https:\/\/schema.org\",\"@graph\":[{\"@type\":\"Article\",\"@id\":\"https:\/\/lobosnews.com.ar\/index.php\/2026\/01\/20\/sean-omalley-confeso-este-podria-ser-el-ultimo-ano-de-suga-y-desato-especulaciones-sobre-su-futuro-en-ufc\/#article\",\"isPartOf\":{\"@id\":\"https:\/\/lobosnews.com.ar\/index.php\/2026\/01\/20\/sean-omalley-confeso-este-podria-ser-el-ultimo-ano-de-suga-y-desato-especulaciones-sobre-su-futuro-en-ufc\/\"},\"author\":{\"name\":\"admin\",\"@id\":\"https:\/\/lobosnews.com.ar\/#\/schema\/person\/232422a593d5c541dd9aef6aaed10943\"},\"headline\":\"Sean O\u2019Malley confes\u00f3: \u201cEste podr\u00eda ser el \u00faltimo a\u00f1o de Suga\u201d y desat\u00f3 especulaciones sobre su futuro en UFC\",\"datePublished\":\"2026-01-20T17:33:19+00:00\",\"dateModified\":\"2026-01-20T21:44:16+00:00\",\"mainEntityOfPage\":{\"@id\":\"https:\/\/lobosnews.com.ar\/index.php\/2026\/01\/20\/sean-omalley-confeso-este-podria-ser-el-ultimo-ano-de-suga-y-desato-especulaciones-sobre-su-futuro-en-ufc\/\"},\"wordCount\":858,\"commentCount\":0,\"publisher\":{\"@id\":\"https:\/\/lobosnews.com.ar\/#organization\"},\"image\":{\"@id\":\"https:\/\/lobosnews.com.ar\/index.php\/2026\/01\/20\/sean-omalley-confeso-este-podria-ser-el-ultimo-ano-de-suga-y-desato-especulaciones-sobre-su-futuro-en-ufc\/#primaryimage\"},\"thumbnailUrl\":\"https:\/\/lobosnews.com.ar\/wp-content\/uploads\/2026\/01\/sean-omalley-confeso-este-podria-ser-el-ultimo-ano-de-suga-y-desato-especulaciones-sobre-su-futuro-en-ufc.jpg\",\"keywords\":[\"Deportes\"],\"articleSection\":[\"Argentina\"],\"inLanguage\":\"es\",\"potentialAction\":[{\"@type\":\"CommentAction\",\"name\":\"Comment\",\"target\":[\"https:\/\/lobosnews.com.ar\/index.php\/2026\/01\/20\/sean-omalley-confeso-este-podria-ser-el-ultimo-ano-de-suga-y-desato-especulaciones-sobre-su-futuro-en-ufc\/#respond\"]}]},{\"@type\":\"WebPage\",\"@id\":\"https:\/\/lobosnews.com.ar\/index.php\/2026\/01\/20\/sean-omalley-confeso-este-podria-ser-el-ultimo-ano-de-suga-y-desato-especulaciones-sobre-su-futuro-en-ufc\/\",\"url\":\"https:\/\/lobosnews.com.ar\/index.php\/2026\/01\/20\/sean-omalley-confeso-este-podria-ser-el-ultimo-ano-de-suga-y-desato-especulaciones-sobre-su-futuro-en-ufc\/\",\"name\":\"Sean O\u2019Malley confes\u00f3: \u201cEste podr\u00eda ser el \u00faltimo a\u00f1o de Suga\u201d y desat\u00f3 especulaciones sobre su futuro en UFC - Lobos News\",\"isPartOf\":{\"@id\":\"https:\/\/lobosnews.com.ar\/#website\"},\"primaryImageOfPage\":{\"@id\":\"https:\/\/lobosnews.com.ar\/index.php\/2026\/01\/20\/sean-omalley-confeso-este-podria-ser-el-ultimo-ano-de-suga-y-desato-especulaciones-sobre-su-futuro-en-ufc\/#primaryimage\"},\"image\":{\"@id\":\"https:\/\/lobosnews.com.ar\/index.php\/2026\/01\/20\/sean-omalley-confeso-este-podria-ser-el-ultimo-ano-de-suga-y-desato-especulaciones-sobre-su-futuro-en-ufc\/#primaryimage\"},\"thumbnailUrl\":\"https:\/\/lobosnews.com.ar\/wp-content\/uploads\/2026\/01\/sean-omalley-confeso-este-podria-ser-el-ultimo-ano-de-suga-y-desato-especulaciones-sobre-su-futuro-en-ufc.jpg\",\"datePublished\":\"2026-01-20T17:33:19+00:00\",\"dateModified\":\"2026-01-20T21:44:16+00:00\",\"breadcrumb\":{\"@id\":\"https:\/\/lobosnews.com.ar\/index.php\/2026\/01\/20\/sean-omalley-confeso-este-podria-ser-el-ultimo-ano-de-suga-y-desato-especulaciones-sobre-su-futuro-en-ufc\/#breadcrumb\"},\"inLanguage\":\"es\",\"potentialAction\":[{\"@type\":\"ReadAction\",\"target\":[\"https:\/\/lobosnews.com.ar\/index.php\/2026\/01\/20\/sean-omalley-confeso-este-podria-ser-el-ultimo-ano-de-suga-y-desato-especulaciones-sobre-su-futuro-en-ufc\/\"]}]},{\"@type\":\"ImageObject\",\"inLanguage\":\"es\",\"@id\":\"https:\/\/lobosnews.com.ar\/index.php\/2026\/01\/20\/sean-omalley-confeso-este-podria-ser-el-ultimo-ano-de-suga-y-desato-especulaciones-sobre-su-futuro-en-ufc\/#primaryimage\",\"url\":\"https:\/\/lobosnews.com.ar\/wp-content\/uploads\/2026\/01\/sean-omalley-confeso-este-podria-ser-el-ultimo-ano-de-suga-y-desato-especulaciones-sobre-su-futuro-en-ufc.jpg\",\"contentUrl\":\"https:\/\/lobosnews.com.ar\/wp-content\/uploads\/2026\/01\/sean-omalley-confeso-este-podria-ser-el-ultimo-ano-de-suga-y-desato-especulaciones-sobre-su-futuro-en-ufc.jpg\"},{\"@type\":\"BreadcrumbList\",\"@id\":\"https:\/\/lobosnews.com.ar\/index.php\/2026\/01\/20\/sean-omalley-confeso-este-podria-ser-el-ultimo-ano-de-suga-y-desato-especulaciones-sobre-su-futuro-en-ufc\/#breadcrumb\",\"itemListElement\":[{\"@type\":\"ListItem\",\"position\":1,\"name\":\"Portada\",\"item\":\"https:\/\/lobosnews.com.ar\/\"},{\"@type\":\"ListItem\",\"position\":2,\"name\":\"Sean O\u2019Malley confes\u00f3: \u201cEste podr\u00eda ser el \u00faltimo a\u00f1o de Suga\u201d y desat\u00f3 especulaciones sobre su futuro en UFC\"}]},{\"@type\":\"WebSite\",\"@id\":\"https:\/\/lobosnews.com.ar\/#website\",\"url\":\"https:\/\/lobosnews.com.ar\/\",\"name\":\"Lobos News\",\"description\":\"Informaci\u00f3n a cada instante\",\"publisher\":{\"@id\":\"https:\/\/lobosnews.com.ar\/#organization\"},\"potentialAction\":[{\"@type\":\"SearchAction\",\"target\":{\"@type\":\"EntryPoint\",\"urlTemplate\":\"https:\/\/lobosnews.com.ar\/?s={search_term_string}\"},\"query-input\":{\"@type\":\"PropertyValueSpecification\",\"valueRequired\":true,\"valueName\":\"search_term_string\"}}],\"inLanguage\":\"es\"},{\"@type\":\"Organization\",\"@id\":\"https:\/\/lobosnews.com.ar\/#organization\",\"name\":\"Lobos News\",\"url\":\"https:\/\/lobosnews.com.ar\/\",\"logo\":{\"@type\":\"ImageObject\",\"inLanguage\":\"es\",\"@id\":\"https:\/\/lobosnews.com.ar\/#\/schema\/logo\/image\/\",\"url\":\"https:\/\/lobosnews.com.ar\/wp-content\/uploads\/2026\/01\/logo-lobosnews.png\",\"contentUrl\":\"https:\/\/lobosnews.com.ar\/wp-content\/uploads\/2026\/01\/logo-lobosnews.png\",\"width\":500,\"height\":200,\"caption\":\"Lobos News\"},\"image\":{\"@id\":\"https:\/\/lobosnews.com.ar\/#\/schema\/logo\/image\/\"}},{\"@type\":\"Person\",\"@id\":\"https:\/\/lobosnews.com.ar\/#\/schema\/person\/232422a593d5c541dd9aef6aaed10943\",\"name\":\"admin\",\"image\":{\"@type\":\"ImageObject\",\"inLanguage\":\"es\",\"@id\":\"https:\/\/lobosnews.com.ar\/#\/schema\/person\/image\/\",\"url\":\"https:\/\/secure.gravatar.com\/avatar\/76e419471a2083bc3ceab22a763dbbf9b0c1bd15a6214cf3280e2c2dde4580f9?s=96&d=mm&r=g\",\"contentUrl\":\"https:\/\/secure.gravatar.com\/avatar\/76e419471a2083bc3ceab22a763dbbf9b0c1bd15a6214cf3280e2c2dde4580f9?s=96&d=mm&r=g\",\"caption\":\"admin\"},\"sameAs\":[\"https:\/\/lobosnews.com.ar\"],\"url\":\"https:\/\/lobosnews.com.ar\/index.php\/author\/lobos-news\/\"}]}<\/script>\n<!-- \/ Yoast SEO plugin. -->","yoast_head_json":{"title":"Sean O\u2019Malley confes\u00f3: \u201cEste podr\u00eda ser el \u00faltimo a\u00f1o de Suga\u201d y desat\u00f3 especulaciones sobre su futuro en UFC - Lobos News","robots":{"index":"index","follow":"follow","max-snippet":"max-snippet:-1","max-image-preview":"max-image-preview:large","max-video-preview":"max-video-preview:-1"},"canonical":"https:\/\/lobosnews.com.ar\/index.php\/2026\/01\/20\/sean-omalley-confeso-este-podria-ser-el-ultimo-ano-de-suga-y-desato-especulaciones-sobre-su-futuro-en-ufc\/","og_locale":"es_ES","og_type":"article","og_title":"Sean O\u2019Malley confes\u00f3: \u201cEste podr\u00eda ser el \u00faltimo a\u00f1o de Suga\u201d y desat\u00f3 especulaciones sobre su futuro en UFC - Lobos News","og_description":"El peso gallo de la UFC vive momentos de m\u00e1xima atenci\u00f3n tras las declaraciones de Sean O\u2019Malley, quien dej\u00f3 entrever que 2026 podr\u00eda ser el final de su carrera en las artes marciales mixtas. A pocos d\u00edas de enfrentarse a Song Yadong en el T-Mobile Arena de Las Vegas, el estadounidense de 31 a\u00f1os analiz\u00f3...","og_url":"https:\/\/lobosnews.com.ar\/index.php\/2026\/01\/20\/sean-omalley-confeso-este-podria-ser-el-ultimo-ano-de-suga-y-desato-especulaciones-sobre-su-futuro-en-ufc\/","og_site_name":"Lobos News","article_published_time":"2026-01-20T17:33:19+00:00","article_modified_time":"2026-01-20T21:44:16+00:00","og_image":[{"url":"https:\/\/lobosnews.com.ar\/wp-content\/uploads\/2026\/01\/sean-omalley-confeso-este-podria-ser-el-ultimo-ano-de-suga-y-desato-especulaciones-sobre-su-futuro-en-ufc.jpg","type":"","width":"","height":""}],"author":"admin","twitter_card":"summary_large_image","twitter_misc":{"Escrito por":"admin","Tiempo de lectura":"4 minutos"},"schema":{"@context":"https:\/\/schema.org","@graph":[{"@type":"Article","@id":"https:\/\/lobosnews.com.ar\/index.php\/2026\/01\/20\/sean-omalley-confeso-este-podria-ser-el-ultimo-ano-de-suga-y-desato-especulaciones-sobre-su-futuro-en-ufc\/#article","isPartOf":{"@id":"https:\/\/lobosnews.com.ar\/index.php\/2026\/01\/20\/sean-omalley-confeso-este-podria-ser-el-ultimo-ano-de-suga-y-desato-especulaciones-sobre-su-futuro-en-ufc\/"},"author":{"name":"admin","@id":"https:\/\/lobosnews.com.ar\/#\/schema\/person\/232422a593d5c541dd9aef6aaed10943"},"headline":"Sean O\u2019Malley confes\u00f3: \u201cEste podr\u00eda ser el \u00faltimo a\u00f1o de Suga\u201d y desat\u00f3 especulaciones sobre su futuro en UFC","datePublished":"2026-01-20T17:33:19+00:00","dateModified":"2026-01-20T21:44:16+00:00","mainEntityOfPage":{"@id":"https:\/\/lobosnews.com.ar\/index.php\/2026\/01\/20\/sean-omalley-confeso-este-podria-ser-el-ultimo-ano-de-suga-y-desato-especulaciones-sobre-su-futuro-en-ufc\/"},"wordCount":858,"commentCount":0,"publisher":{"@id":"https:\/\/lobosnews.com.ar\/#organization"},"image":{"@id":"https:\/\/lobosnews.com.ar\/index.php\/2026\/01\/20\/sean-omalley-confeso-este-podria-ser-el-ultimo-ano-de-suga-y-desato-especulaciones-sobre-su-futuro-en-ufc\/#primaryimage"},"thumbnailUrl":"https:\/\/lobosnews.com.ar\/wp-content\/uploads\/2026\/01\/sean-omalley-confeso-este-podria-ser-el-ultimo-ano-de-suga-y-desato-especulaciones-sobre-su-futuro-en-ufc.jpg","keywords":["Deportes"],"articleSection":["Argentina"],"inLanguage":"es","potentialAction":[{"@type":"CommentAction","name":"Comment","target":["https:\/\/lobosnews.com.ar\/index.php\/2026\/01\/20\/sean-omalley-confeso-este-podria-ser-el-ultimo-ano-de-suga-y-desato-especulaciones-sobre-su-futuro-en-ufc\/#respond"]}]},{"@type":"WebPage","@id":"https:\/\/lobosnews.com.ar\/index.php\/2026\/01\/20\/sean-omalley-confeso-este-podria-ser-el-ultimo-ano-de-suga-y-desato-especulaciones-sobre-su-futuro-en-ufc\/","url":"https:\/\/lobosnews.com.ar\/index.php\/2026\/01\/20\/sean-omalley-confeso-este-podria-ser-el-ultimo-ano-de-suga-y-desato-especulaciones-sobre-su-futuro-en-ufc\/","name":"Sean O\u2019Malley confes\u00f3: \u201cEste podr\u00eda ser el \u00faltimo a\u00f1o de Suga\u201d y desat\u00f3 especulaciones sobre su futuro en UFC - Lobos News","isPartOf":{"@id":"https:\/\/lobosnews.com.ar\/#website"},"primaryImageOfPage":{"@id":"https:\/\/lobosnews.com.ar\/index.php\/2026\/01\/20\/sean-omalley-confeso-este-podria-ser-el-ultimo-ano-de-suga-y-desato-especulaciones-sobre-su-futuro-en-ufc\/#primaryimage"},"image":{"@id":"https:\/\/lobosnews.com.ar\/index.php\/2026\/01\/20\/sean-omalley-confeso-este-podria-ser-el-ultimo-ano-de-suga-y-desato-especulaciones-sobre-su-futuro-en-ufc\/#primaryimage"},"thumbnailUrl":"https:\/\/lobosnews.com.ar\/wp-content\/uploads\/2026\/01\/sean-omalley-confeso-este-podria-ser-el-ultimo-ano-de-suga-y-desato-especulaciones-sobre-su-futuro-en-ufc.jpg","datePublished":"2026-01-20T17:33:19+00:00","dateModified":"2026-01-20T21:44:16+00:00","breadcrumb":{"@id":"https:\/\/lobosnews.com.ar\/index.php\/2026\/01\/20\/sean-omalley-confeso-este-podria-ser-el-ultimo-ano-de-suga-y-desato-especulaciones-sobre-su-futuro-en-ufc\/#breadcrumb"},"inLanguage":"es","potentialAction":[{"@type":"ReadAction","target":["https:\/\/lobosnews.com.ar\/index.php\/2026\/01\/20\/sean-omalley-confeso-este-podria-ser-el-ultimo-ano-de-suga-y-desato-especulaciones-sobre-su-futuro-en-ufc\/"]}]},{"@type":"ImageObject","inLanguage":"es","@id":"https:\/\/lobosnews.com.ar\/index.php\/2026\/01\/20\/sean-omalley-confeso-este-podria-ser-el-ultimo-ano-de-suga-y-desato-especulaciones-sobre-su-futuro-en-ufc\/#primaryimage","url":"https:\/\/lobosnews.com.ar\/wp-content\/uploads\/2026\/01\/sean-omalley-confeso-este-podria-ser-el-ultimo-ano-de-suga-y-desato-especulaciones-sobre-su-futuro-en-ufc.jpg","contentUrl":"https:\/\/lobosnews.com.ar\/wp-content\/uploads\/2026\/01\/sean-omalley-confeso-este-podria-ser-el-ultimo-ano-de-suga-y-desato-especulaciones-sobre-su-futuro-en-ufc.jpg"},{"@type":"BreadcrumbList","@id":"https:\/\/lobosnews.com.ar\/index.php\/2026\/01\/20\/sean-omalley-confeso-este-podria-ser-el-ultimo-ano-de-suga-y-desato-especulaciones-sobre-su-futuro-en-ufc\/#breadcrumb","itemListElement":[{"@type":"ListItem","position":1,"name":"Portada","item":"https:\/\/lobosnews.com.ar\/"},{"@type":"ListItem","position":2,"name":"Sean O\u2019Malley confes\u00f3: \u201cEste podr\u00eda ser el \u00faltimo a\u00f1o de Suga\u201d y desat\u00f3 especulaciones sobre su futuro en UFC"}]},{"@type":"WebSite","@id":"https:\/\/lobosnews.com.ar\/#website","url":"https:\/\/lobosnews.com.ar\/","name":"Lobos News","description":"Informaci\u00f3n a cada instante","publisher":{"@id":"https:\/\/lobosnews.com.ar\/#organization"},"potentialAction":[{"@type":"SearchAction","target":{"@type":"EntryPoint","urlTemplate":"https:\/\/lobosnews.com.ar\/?s={search_term_string}"},"query-input":{"@type":"PropertyValueSpecification","valueRequired":true,"valueName":"search_term_string"}}],"inLanguage":"es"},{"@type":"Organization","@id":"https:\/\/lobosnews.com.ar\/#organization","name":"Lobos News","url":"https:\/\/lobosnews.com.ar\/","logo":{"@type":"ImageObject","inLanguage":"es","@id":"https:\/\/lobosnews.com.ar\/#\/schema\/logo\/image\/","url":"https:\/\/lobosnews.com.ar\/wp-content\/uploads\/2026\/01\/logo-lobosnews.png","contentUrl":"https:\/\/lobosnews.com.ar\/wp-content\/uploads\/2026\/01\/logo-lobosnews.png","width":500,"height":200,"caption":"Lobos News"},"image":{"@id":"https:\/\/lobosnews.com.ar\/#\/schema\/logo\/image\/"}},{"@type":"Person","@id":"https:\/\/lobosnews.com.ar\/#\/schema\/person\/232422a593d5c541dd9aef6aaed10943","name":"admin","image":{"@type":"ImageObject","inLanguage":"es","@id":"https:\/\/lobosnews.com.ar\/#\/schema\/person\/image\/","url":"https:\/\/secure.gravatar.com\/avatar\/76e419471a2083bc3ceab22a763dbbf9b0c1bd15a6214cf3280e2c2dde4580f9?s=96&d=mm&r=g","contentUrl":"https:\/\/secure.gravatar.com\/avatar\/76e419471a2083bc3ceab22a763dbbf9b0c1bd15a6214cf3280e2c2dde4580f9?s=96&d=mm&r=g","caption":"admin"},"sameAs":["https:\/\/lobosnews.com.ar"],"url":"https:\/\/lobosnews.com.ar\/index.php\/author\/lobos-news\/"}]}},"jetpack_featured_media_url":"","jetpack_sharing_enabled":true,"_links":{"self":[{"href":"https:\/\/lobosnews.com.ar\/index.php\/wp-json\/wp\/v2\/posts\/9281","targetHints":{"allow":["GET"]}}],"collection":[{"href":"https:\/\/lobosnews.com.ar\/index.php\/wp-json\/wp\/v2\/posts"}],"about":[{"href":"https:\/\/lobosnews.com.ar\/index.php\/wp-json\/wp\/v2\/types\/post"}],"author":[{"embeddable":true,"href":"https:\/\/lobosnews.com.ar\/index.php\/wp-json\/wp\/v2\/users\/1"}],"replies":[{"embeddable":true,"href":"https:\/\/lobosnews.com.ar\/index.php\/wp-json\/wp\/v2\/comments?post=9281"}],"version-history":[{"count":1,"href":"https:\/\/lobosnews.com.ar\/index.php\/wp-json\/wp\/v2\/posts\/9281\/revisions"}],"predecessor-version":[{"id":9289,"href":"https:\/\/lobosnews.com.ar\/index.php\/wp-json\/wp\/v2\/posts\/9281\/revisions\/9289"}],"wp:attachment":[{"href":"https:\/\/lobosnews.com.ar\/index.php\/wp-json\/wp\/v2\/media?parent=9281"}],"wp:term":[{"taxonomy":"category","embeddable":true,"href":"https:\/\/lobosnews.com.ar\/index.php\/wp-json\/wp\/v2\/categories?post=9281"},{"taxonomy":"post_tag","embeddable":true,"href":"https:\/\/lobosnews.com.ar\/index.php\/wp-json\/wp\/v2\/tags?post=9281"}],"curies":[{"name":"wp","href":"https:\/\/api.w.org\/{rel}","templated":true}]}}