{"id":9274,"date":"2026-01-20T18:36:17","date_gmt":"2026-01-20T18:36:17","guid":{"rendered":"https:\/\/lobosnews.com.ar\/index.php\/2026\/01\/20\/historico-cambio-en-la-formula-1-luego-de-33-anos-audi-presento-el-coche-para-su-debut-en-2026\/"},"modified":"2026-01-20T21:43:12","modified_gmt":"2026-01-20T21:43:12","slug":"historico-cambio-en-la-formula-1-luego-de-33-anos-audi-presento-el-coche-para-su-debut-en-2026","status":"publish","type":"post","link":"https:\/\/lobosnews.com.ar\/index.php\/2026\/01\/20\/historico-cambio-en-la-formula-1-luego-de-33-anos-audi-presento-el-coche-para-su-debut-en-2026\/","title":{"rendered":"Hist\u00f3rico cambio en la F\u00f3rmula 1 luego de 33 a\u00f1os: Audi present\u00f3 el coche para su debut en 2026"},"content":{"rendered":"<p><img loading=\"lazy\" decoding=\"async\" src=\"https:\/\/lobosnews.com.ar\/wp-content\/uploads\/2026\/01\/historico-cambio-en-la-formula-1-luego-de-33-anos-audi-presento-el-coche-para-su-debut-en-2026.jpg\" alt=\"\" height=\"1080\" width=\"1920\"\/><\/p>\n<p>Lentamente, la <b>temporada 2026<\/b> de la <b>F\u00f3rmula 1 <\/b>y este martes se devel\u00f3 uno de los coches m\u00e1s esperados: <b>Audi <\/b>tom\u00f3 definitivamente el lugar de <b>Sauber <\/b>y lanz\u00f3 su monoplaza para la nueva era de la M\u00e1xima con un livery que tiene al plateado como predominante con unos toques en naranja y negro.<\/p>\n<p>Como se hab\u00eda <span class=\"waslinkname\">anticipado a mediados del a\u00f1o pasado<\/span>, el equipo llamado hasta el a\u00f1o pasado <b>Kick Sauber<\/b> por sus acuerdos de patrocinio, ahora estar\u00e1 bajo la denominaci\u00f3n <b>\u201cAudi Revolut F1 Team\u201d<\/b>. La hist\u00f3rica marca alemana de autos ya hab\u00eda iniciado su <span class=\"waslinkname\">proceso de asociaci\u00f3n Sauber en 2022<\/span>, pero reci\u00e9n en esta nueva era de la F1 se ver\u00e1 en pista por primera vez un coche 100% de su autor\u00eda con el <b>R26 <\/b>que fue presentado este martes en Berl\u00edn.<\/p>\n<p><b>\u201cPresentamos el Audi Revolut F1 Team y nuestra nueva identidad<\/b><b>\u201c<\/b>, inform\u00f3 el equipo que tiene al ex Ferrari <b>Mattia Binotto<\/b> como l\u00edder gesti\u00f3n ya hab\u00eda comenzado el a\u00f1o pasado en Sauber\u2013, y al brasile\u00f1o <b>Gabriel Bortoleto<\/b> y el alem\u00e1n <b>Nico H\u00fclkenberg<\/b> como corredores.<\/p>\n<p>Con este anuncio de Audi, se <b>cierra de manera formal la era de Sauber en la F1 que comenz\u00f3 en 1993<\/b> con motores Mercedes-Benz inicialmente, pero luego tuvo v\u00ednculos con otras marcas reconocidas hasta que 2006 pas\u00f3 a compartir con <b>BMW <\/b>el nombre. En los \u00faltimos a\u00f1os, estuvo bajo la esfera motorista de <b>Ferrari <\/b>y en 2018 tuvo un acuerdo con Alfa Romeo que se extendi\u00f3 hasta el desembarco de Audi en 2023, aunque las unidades de potencia se mantuvieron bajo la producci\u00f3n de la empresa italiana hasta el a\u00f1o pasado. De este modo, y si bien durante muchos tramos ocup\u00f3 un espacio secundario, el nombre de Sauber no estar\u00e1 en la marca por primera vez y pasar\u00e1 a competir como equipo de f\u00e1brica de la automotriz alemana. <\/p>\n<p><img loading=\"lazy\" decoding=\"async\" src=\"https:\/\/lobosnews.com.ar\/wp-content\/uploads\/2026\/01\/historico-cambio-en-la-formula-1-luego-de-33-anos-audi-presento-el-coche-para-su-debut-en-2026-1.jpg\" alt=\"\" height=\"1080\" width=\"1920\"\/><\/p>\n<p>De esta manera, los dos cambios sustanciales entre las escuder\u00edas de la M\u00e1xima para el 2026 ser\u00e1n con el <b>inicio formal de la era Audi ocupando el lugar de Sauber<\/b> y de la <b>incorporaci\u00f3n de Cadillac<\/b> como und\u00e9cimo equipo desde este 2026.<\/p>\n<p>El martes en Berl\u00edn, Audi present\u00f3 el dise\u00f1o de su monoplaza para la temporada 2026 de F\u00f3rmula 1, consolid\u00e1ndose como el cuarto equipo en revelar p\u00fablicamente su imagen tras lo hecho por <span class=\"waslinkname\">Racing Bulls, Red Bull Racing<\/span> y <span class=\"waslinkname\">Haas<\/span> previamente, sumando as\u00ed una pieza clave al anticipo del cambio reglamentario que marcar\u00e1 el pr\u00f3ximo ciclo de la m\u00e1xima categor\u00eda. A este ritmo de presentaciones, la grilla de equipos ir\u00e1 poblando la antesala de la primera actividad oficial, programada en el <i>Circuit de Barcelona-Catalunya<\/i> el lunes 26 de enero, mientras las escuder\u00edas concentran su atenci\u00f3n en una pregunta central: <span class=\"waslinkname\">qu\u00e9 fabricante de motores lograr\u00e1 maximizar las nuevas normativas t\u00e9cnicas<\/span>.<\/p>\n<p>Ayao Komatsu, jefe de la escuder\u00eda Haas, anticip\u00f3 una transformaci\u00f3n constante en los monoplazas en las \u00faltimas semanas antes de la competencia: \u201cEl coche que todos ver\u00e1n en Barcelona no ser\u00e1 el que compita en Australia, y creo que ser\u00e1 as\u00ed en general, porque es demasiado pronto. Es diferente tener una prueba dos semanas antes de la primera carrera, pero con m\u00e1s de un mes antes, los equipos no detendr\u00e1n el desarrollo en el t\u00fanel de viento. Por lo tanto, los coches que se prueben en Barcelona, \u200b\u200be incluso la primera semana de pruebas en Bar\u00e9in, estar\u00e1n menos maduros en comparaci\u00f3n con lo que se construye en Australia para la primera carrera\u201d.<\/p>\n<p>El calendario de presentaciones y ensayos contin\u00faa acelerando: el <b>jueves 22 de enero<\/b>, <b>Mercedes <\/b>despejar\u00e1 las inc\u00f3gnitas sobre su auto; el <b>viernes 23 ser\u00e1 el turno de Ferrari y Alpine<\/b>. Luego, los primeros <b>tests privados se desarrollar\u00e1n entre el lunes 26 y el viernes 30 de enero en Barcelona<\/b>, sin acceso al p\u00fablico.<\/p>\n<p>El cronograma de pretemporada se completar\u00e1 en <b>febrero<\/b>. El <b>mi\u00e9rcoles 3<\/b> presentar\u00e1 su dise\u00f1o <b>Williams<\/b>; el <b>domingo 8, Cadillac<\/b> \u2014<span class=\"waslinkname\">que difundi\u00f3 ya un prototipo espec\u00edfico para Barcelona<\/span>\u2014; el lunes 9 de febrero est\u00e1n pautadas las exhibiciones de McLaren y Aston Martin. Posteriormente, la pretemporada oficial en <b>Bar\u00e9in<\/b>, con acceso completo para la prensa y el p\u00fablico, se realizar\u00e1 en dos tandas: del <b>mi\u00e9rcoles 11 al viernes 13 de febrero y del mi\u00e9rcoles 18 al viernes 20<\/b>.<\/p>\n<p>La temporada competitiva comenzar\u00e1 el jueves 5 de marzo, con la primera pr\u00e1ctica libre del Gran Premio de Australia desde las 22.30 (hora de Argentina; viernes 6 a las 12.30 en Australia). La carrera, pactada a 58 vueltas, ser\u00e1 el domingo 8 de marzo a la 1.00 de Argentina. <span class=\"waslinkname\">Este calendario contemplar\u00e1 30 carreras repartidas en 24 Grandes Premios<\/span>.<\/p>\n<p>La grilla 2026 registrar\u00e1 cambios sustanciales en la provisi\u00f3n de motores. Haas, junto a la escuder\u00eda principal Ferrari y la debutante Cadillac \u2014que se incorpor\u00f3 como el und\u00e9cimo equipo tras la expansi\u00f3n del campeonato\u2014, utilizar\u00e1n propulsores del fabricante italiano. Por su parte, Ford construir\u00e1 en asociaci\u00f3n con Red Bull y Racing Bulls; Mercedes suministrar\u00e1 a su propio equipo Mercedes, pero tambi\u00e9n McLaren, Williams y Alpine; mientras que Audi gestionar\u00e1 su propio motor y Honda aportar\u00e1 las unidades de potencia para Aston Martin.<\/p>\n<h2>LOS DISE\u00d1OS DE RED BULL, RACING BULLS Y HAAS<\/h2>\n<p><img loading=\"lazy\" decoding=\"async\" src=\"https:\/\/lobosnews.com.ar\/wp-content\/uploads\/2026\/01\/historico-cambio-en-la-formula-1-luego-de-33-anos-audi-presento-el-coche-para-su-debut-en-2026-2.jpg\" alt=\"Haas present\u00f3 el nuevo VF-26 para la temporada 2026 de F\u00f3rmula 1\" height=\"1080\" width=\"1920\"\/><img loading=\"lazy\" decoding=\"async\" src=\"https:\/\/lobosnews.com.ar\/wp-content\/uploads\/2026\/01\/historico-cambio-en-la-formula-1-luego-de-33-anos-audi-presento-el-coche-para-su-debut-en-2026-3.jpg\" alt=\"As\u00ed lucir\u00e1 el RB22 de Red Bull Racing en este 2026\" height=\"1080\" width=\"1920\"\/><img loading=\"lazy\" decoding=\"async\" src=\"https:\/\/lobosnews.com.ar\/wp-content\/uploads\/2026\/01\/historico-cambio-en-la-formula-1-luego-de-33-anos-audi-presento-el-coche-para-su-debut-en-2026-4.jpg\" alt=\"El dise\u00f1o del VCARB 03 de Racing Bulls para el 2026 de la F1\" height=\"1152\" width=\"2048\"\/><\/p>\n","protected":false},"excerpt":{"rendered":"<p>Lentamente, la temporada 2026 de la F\u00f3rmula 1 y este martes se devel\u00f3 uno de los coches m\u00e1s esperados: Audi tom\u00f3 definitivamente el lugar de Sauber y lanz\u00f3 su monoplaza para la nueva era de la M\u00e1xima con un livery que tiene al plateado como predominante con unos toques en naranja y negro. Como se&#8230;<\/p>\n","protected":false},"author":1,"featured_media":0,"comment_status":"open","ping_status":"closed","sticky":false,"template":"","format":"standard","meta":{"_jetpack_memberships_contains_paid_content":false,"footnotes":""},"categories":[30],"tags":[39],"class_list":["post-9274","post","type-post","status-publish","format-standard","hentry","category-argentina","tag-deportes"],"magazineBlocksPostFeaturedMedia":{"thumbnail":false,"medium":false,"medium_large":false,"large":false,"1536x1536":false,"2048x2048":false,"newsmatic-featured":false,"newsmatic-list":false,"newsmatic-thumb":false,"newsmatic-small":false,"newsmatic-grid":false},"magazineBlocksPostAuthor":{"name":"admin","avatar":"https:\/\/secure.gravatar.com\/avatar\/76e419471a2083bc3ceab22a763dbbf9b0c1bd15a6214cf3280e2c2dde4580f9?s=96&d=mm&r=g"},"magazineBlocksPostCommentsNumber":"0","magazineBlocksPostExcerpt":"Lentamente, la temporada 2026 de la F\u00f3rmula 1 y este martes se devel\u00f3 uno de los coches m\u00e1s esperados: Audi tom\u00f3 definitivamente el lugar de Sauber y lanz\u00f3 su monoplaza para la nueva era de la M\u00e1xima con un livery que tiene al plateado como predominante con unos toques en naranja y negro. Como se...","magazineBlocksPostCategories":["Argentina"],"magazineBlocksPostViewCount":154,"magazineBlocksPostReadTime":5,"magazine_blocks_featured_image_url":{"full":false,"medium":false,"thumbnail":false},"magazine_blocks_author":{"display_name":"admin","author_link":"https:\/\/lobosnews.com.ar\/index.php\/author\/lobos-news\/"},"magazine_blocks_comment":0,"magazine_blocks_author_image":"https:\/\/secure.gravatar.com\/avatar\/76e419471a2083bc3ceab22a763dbbf9b0c1bd15a6214cf3280e2c2dde4580f9?s=96&d=mm&r=g","magazine_blocks_category":"<a href=\"#\" class=\"category-link category-link-30\">Argentina<\/a>","yoast_head":"<!-- This site is optimized with the Yoast SEO plugin v26.6 - https:\/\/yoast.com\/wordpress\/plugins\/seo\/ -->\n<title>Hist\u00f3rico cambio en la F\u00f3rmula 1 luego de 33 a\u00f1os: Audi present\u00f3 el coche para su debut en 2026 - Lobos News<\/title>\n<meta name=\"robots\" content=\"index, follow, max-snippet:-1, max-image-preview:large, max-video-preview:-1\" \/>\n<link rel=\"canonical\" href=\"https:\/\/lobosnews.com.ar\/index.php\/2026\/01\/20\/historico-cambio-en-la-formula-1-luego-de-33-anos-audi-presento-el-coche-para-su-debut-en-2026\/\" \/>\n<meta property=\"og:locale\" content=\"es_ES\" \/>\n<meta property=\"og:type\" content=\"article\" \/>\n<meta property=\"og:title\" content=\"Hist\u00f3rico cambio en la F\u00f3rmula 1 luego de 33 a\u00f1os: Audi present\u00f3 el coche para su debut en 2026 - Lobos News\" \/>\n<meta property=\"og:description\" content=\"Lentamente, la temporada 2026 de la F\u00f3rmula 1 y este martes se devel\u00f3 uno de los coches m\u00e1s esperados: Audi tom\u00f3 definitivamente el lugar de Sauber y lanz\u00f3 su monoplaza para la nueva era de la M\u00e1xima con un livery que tiene al plateado como predominante con unos toques en naranja y negro. Como se...\" \/>\n<meta property=\"og:url\" content=\"https:\/\/lobosnews.com.ar\/index.php\/2026\/01\/20\/historico-cambio-en-la-formula-1-luego-de-33-anos-audi-presento-el-coche-para-su-debut-en-2026\/\" \/>\n<meta property=\"og:site_name\" content=\"Lobos News\" \/>\n<meta property=\"article:published_time\" content=\"2026-01-20T18:36:17+00:00\" \/>\n<meta property=\"article:modified_time\" content=\"2026-01-20T21:43:12+00:00\" \/>\n<meta property=\"og:image\" content=\"https:\/\/lobosnews.com.ar\/wp-content\/uploads\/2026\/01\/historico-cambio-en-la-formula-1-luego-de-33-anos-audi-presento-el-coche-para-su-debut-en-2026.jpg\" \/>\n<meta name=\"author\" content=\"admin\" \/>\n<meta name=\"twitter:card\" content=\"summary_large_image\" \/>\n<meta name=\"twitter:label1\" content=\"Escrito por\" \/>\n\t<meta name=\"twitter:data1\" content=\"admin\" \/>\n\t<meta name=\"twitter:label2\" content=\"Tiempo de lectura\" \/>\n\t<meta name=\"twitter:data2\" content=\"4 minutos\" \/>\n<script type=\"application\/ld+json\" class=\"yoast-schema-graph\">{\"@context\":\"https:\/\/schema.org\",\"@graph\":[{\"@type\":\"Article\",\"@id\":\"https:\/\/lobosnews.com.ar\/index.php\/2026\/01\/20\/historico-cambio-en-la-formula-1-luego-de-33-anos-audi-presento-el-coche-para-su-debut-en-2026\/#article\",\"isPartOf\":{\"@id\":\"https:\/\/lobosnews.com.ar\/index.php\/2026\/01\/20\/historico-cambio-en-la-formula-1-luego-de-33-anos-audi-presento-el-coche-para-su-debut-en-2026\/\"},\"author\":{\"name\":\"admin\",\"@id\":\"https:\/\/lobosnews.com.ar\/#\/schema\/person\/232422a593d5c541dd9aef6aaed10943\"},\"headline\":\"Hist\u00f3rico cambio en la F\u00f3rmula 1 luego de 33 a\u00f1os: Audi present\u00f3 el coche para su debut en 2026\",\"datePublished\":\"2026-01-20T18:36:17+00:00\",\"dateModified\":\"2026-01-20T21:43:12+00:00\",\"mainEntityOfPage\":{\"@id\":\"https:\/\/lobosnews.com.ar\/index.php\/2026\/01\/20\/historico-cambio-en-la-formula-1-luego-de-33-anos-audi-presento-el-coche-para-su-debut-en-2026\/\"},\"wordCount\":901,\"commentCount\":0,\"publisher\":{\"@id\":\"https:\/\/lobosnews.com.ar\/#organization\"},\"image\":{\"@id\":\"https:\/\/lobosnews.com.ar\/index.php\/2026\/01\/20\/historico-cambio-en-la-formula-1-luego-de-33-anos-audi-presento-el-coche-para-su-debut-en-2026\/#primaryimage\"},\"thumbnailUrl\":\"https:\/\/lobosnews.com.ar\/wp-content\/uploads\/2026\/01\/historico-cambio-en-la-formula-1-luego-de-33-anos-audi-presento-el-coche-para-su-debut-en-2026.jpg\",\"keywords\":[\"Deportes\"],\"articleSection\":[\"Argentina\"],\"inLanguage\":\"es\",\"potentialAction\":[{\"@type\":\"CommentAction\",\"name\":\"Comment\",\"target\":[\"https:\/\/lobosnews.com.ar\/index.php\/2026\/01\/20\/historico-cambio-en-la-formula-1-luego-de-33-anos-audi-presento-el-coche-para-su-debut-en-2026\/#respond\"]}]},{\"@type\":\"WebPage\",\"@id\":\"https:\/\/lobosnews.com.ar\/index.php\/2026\/01\/20\/historico-cambio-en-la-formula-1-luego-de-33-anos-audi-presento-el-coche-para-su-debut-en-2026\/\",\"url\":\"https:\/\/lobosnews.com.ar\/index.php\/2026\/01\/20\/historico-cambio-en-la-formula-1-luego-de-33-anos-audi-presento-el-coche-para-su-debut-en-2026\/\",\"name\":\"Hist\u00f3rico cambio en la F\u00f3rmula 1 luego de 33 a\u00f1os: Audi present\u00f3 el coche para su debut en 2026 - Lobos News\",\"isPartOf\":{\"@id\":\"https:\/\/lobosnews.com.ar\/#website\"},\"primaryImageOfPage\":{\"@id\":\"https:\/\/lobosnews.com.ar\/index.php\/2026\/01\/20\/historico-cambio-en-la-formula-1-luego-de-33-anos-audi-presento-el-coche-para-su-debut-en-2026\/#primaryimage\"},\"image\":{\"@id\":\"https:\/\/lobosnews.com.ar\/index.php\/2026\/01\/20\/historico-cambio-en-la-formula-1-luego-de-33-anos-audi-presento-el-coche-para-su-debut-en-2026\/#primaryimage\"},\"thumbnailUrl\":\"https:\/\/lobosnews.com.ar\/wp-content\/uploads\/2026\/01\/historico-cambio-en-la-formula-1-luego-de-33-anos-audi-presento-el-coche-para-su-debut-en-2026.jpg\",\"datePublished\":\"2026-01-20T18:36:17+00:00\",\"dateModified\":\"2026-01-20T21:43:12+00:00\",\"breadcrumb\":{\"@id\":\"https:\/\/lobosnews.com.ar\/index.php\/2026\/01\/20\/historico-cambio-en-la-formula-1-luego-de-33-anos-audi-presento-el-coche-para-su-debut-en-2026\/#breadcrumb\"},\"inLanguage\":\"es\",\"potentialAction\":[{\"@type\":\"ReadAction\",\"target\":[\"https:\/\/lobosnews.com.ar\/index.php\/2026\/01\/20\/historico-cambio-en-la-formula-1-luego-de-33-anos-audi-presento-el-coche-para-su-debut-en-2026\/\"]}]},{\"@type\":\"ImageObject\",\"inLanguage\":\"es\",\"@id\":\"https:\/\/lobosnews.com.ar\/index.php\/2026\/01\/20\/historico-cambio-en-la-formula-1-luego-de-33-anos-audi-presento-el-coche-para-su-debut-en-2026\/#primaryimage\",\"url\":\"https:\/\/lobosnews.com.ar\/wp-content\/uploads\/2026\/01\/historico-cambio-en-la-formula-1-luego-de-33-anos-audi-presento-el-coche-para-su-debut-en-2026.jpg\",\"contentUrl\":\"https:\/\/lobosnews.com.ar\/wp-content\/uploads\/2026\/01\/historico-cambio-en-la-formula-1-luego-de-33-anos-audi-presento-el-coche-para-su-debut-en-2026.jpg\"},{\"@type\":\"BreadcrumbList\",\"@id\":\"https:\/\/lobosnews.com.ar\/index.php\/2026\/01\/20\/historico-cambio-en-la-formula-1-luego-de-33-anos-audi-presento-el-coche-para-su-debut-en-2026\/#breadcrumb\",\"itemListElement\":[{\"@type\":\"ListItem\",\"position\":1,\"name\":\"Portada\",\"item\":\"https:\/\/lobosnews.com.ar\/\"},{\"@type\":\"ListItem\",\"position\":2,\"name\":\"Hist\u00f3rico cambio en la F\u00f3rmula 1 luego de 33 a\u00f1os: Audi present\u00f3 el coche para su debut en 2026\"}]},{\"@type\":\"WebSite\",\"@id\":\"https:\/\/lobosnews.com.ar\/#website\",\"url\":\"https:\/\/lobosnews.com.ar\/\",\"name\":\"Lobos News\",\"description\":\"Informaci\u00f3n a cada instante\",\"publisher\":{\"@id\":\"https:\/\/lobosnews.com.ar\/#organization\"},\"potentialAction\":[{\"@type\":\"SearchAction\",\"target\":{\"@type\":\"EntryPoint\",\"urlTemplate\":\"https:\/\/lobosnews.com.ar\/?s={search_term_string}\"},\"query-input\":{\"@type\":\"PropertyValueSpecification\",\"valueRequired\":true,\"valueName\":\"search_term_string\"}}],\"inLanguage\":\"es\"},{\"@type\":\"Organization\",\"@id\":\"https:\/\/lobosnews.com.ar\/#organization\",\"name\":\"Lobos News\",\"url\":\"https:\/\/lobosnews.com.ar\/\",\"logo\":{\"@type\":\"ImageObject\",\"inLanguage\":\"es\",\"@id\":\"https:\/\/lobosnews.com.ar\/#\/schema\/logo\/image\/\",\"url\":\"https:\/\/lobosnews.com.ar\/wp-content\/uploads\/2026\/01\/logo-lobosnews.png\",\"contentUrl\":\"https:\/\/lobosnews.com.ar\/wp-content\/uploads\/2026\/01\/logo-lobosnews.png\",\"width\":500,\"height\":200,\"caption\":\"Lobos News\"},\"image\":{\"@id\":\"https:\/\/lobosnews.com.ar\/#\/schema\/logo\/image\/\"}},{\"@type\":\"Person\",\"@id\":\"https:\/\/lobosnews.com.ar\/#\/schema\/person\/232422a593d5c541dd9aef6aaed10943\",\"name\":\"admin\",\"image\":{\"@type\":\"ImageObject\",\"inLanguage\":\"es\",\"@id\":\"https:\/\/lobosnews.com.ar\/#\/schema\/person\/image\/\",\"url\":\"https:\/\/secure.gravatar.com\/avatar\/76e419471a2083bc3ceab22a763dbbf9b0c1bd15a6214cf3280e2c2dde4580f9?s=96&d=mm&r=g\",\"contentUrl\":\"https:\/\/secure.gravatar.com\/avatar\/76e419471a2083bc3ceab22a763dbbf9b0c1bd15a6214cf3280e2c2dde4580f9?s=96&d=mm&r=g\",\"caption\":\"admin\"},\"sameAs\":[\"https:\/\/lobosnews.com.ar\"],\"url\":\"https:\/\/lobosnews.com.ar\/index.php\/author\/lobos-news\/\"}]}<\/script>\n<!-- \/ Yoast SEO plugin. -->","yoast_head_json":{"title":"Hist\u00f3rico cambio en la F\u00f3rmula 1 luego de 33 a\u00f1os: Audi present\u00f3 el coche para su debut en 2026 - Lobos News","robots":{"index":"index","follow":"follow","max-snippet":"max-snippet:-1","max-image-preview":"max-image-preview:large","max-video-preview":"max-video-preview:-1"},"canonical":"https:\/\/lobosnews.com.ar\/index.php\/2026\/01\/20\/historico-cambio-en-la-formula-1-luego-de-33-anos-audi-presento-el-coche-para-su-debut-en-2026\/","og_locale":"es_ES","og_type":"article","og_title":"Hist\u00f3rico cambio en la F\u00f3rmula 1 luego de 33 a\u00f1os: Audi present\u00f3 el coche para su debut en 2026 - Lobos News","og_description":"Lentamente, la temporada 2026 de la F\u00f3rmula 1 y este martes se devel\u00f3 uno de los coches m\u00e1s esperados: Audi tom\u00f3 definitivamente el lugar de Sauber y lanz\u00f3 su monoplaza para la nueva era de la M\u00e1xima con un livery que tiene al plateado como predominante con unos toques en naranja y negro. Como se...","og_url":"https:\/\/lobosnews.com.ar\/index.php\/2026\/01\/20\/historico-cambio-en-la-formula-1-luego-de-33-anos-audi-presento-el-coche-para-su-debut-en-2026\/","og_site_name":"Lobos News","article_published_time":"2026-01-20T18:36:17+00:00","article_modified_time":"2026-01-20T21:43:12+00:00","og_image":[{"url":"https:\/\/lobosnews.com.ar\/wp-content\/uploads\/2026\/01\/historico-cambio-en-la-formula-1-luego-de-33-anos-audi-presento-el-coche-para-su-debut-en-2026.jpg","type":"","width":"","height":""}],"author":"admin","twitter_card":"summary_large_image","twitter_misc":{"Escrito por":"admin","Tiempo de lectura":"4 minutos"},"schema":{"@context":"https:\/\/schema.org","@graph":[{"@type":"Article","@id":"https:\/\/lobosnews.com.ar\/index.php\/2026\/01\/20\/historico-cambio-en-la-formula-1-luego-de-33-anos-audi-presento-el-coche-para-su-debut-en-2026\/#article","isPartOf":{"@id":"https:\/\/lobosnews.com.ar\/index.php\/2026\/01\/20\/historico-cambio-en-la-formula-1-luego-de-33-anos-audi-presento-el-coche-para-su-debut-en-2026\/"},"author":{"name":"admin","@id":"https:\/\/lobosnews.com.ar\/#\/schema\/person\/232422a593d5c541dd9aef6aaed10943"},"headline":"Hist\u00f3rico cambio en la F\u00f3rmula 1 luego de 33 a\u00f1os: Audi present\u00f3 el coche para su debut en 2026","datePublished":"2026-01-20T18:36:17+00:00","dateModified":"2026-01-20T21:43:12+00:00","mainEntityOfPage":{"@id":"https:\/\/lobosnews.com.ar\/index.php\/2026\/01\/20\/historico-cambio-en-la-formula-1-luego-de-33-anos-audi-presento-el-coche-para-su-debut-en-2026\/"},"wordCount":901,"commentCount":0,"publisher":{"@id":"https:\/\/lobosnews.com.ar\/#organization"},"image":{"@id":"https:\/\/lobosnews.com.ar\/index.php\/2026\/01\/20\/historico-cambio-en-la-formula-1-luego-de-33-anos-audi-presento-el-coche-para-su-debut-en-2026\/#primaryimage"},"thumbnailUrl":"https:\/\/lobosnews.com.ar\/wp-content\/uploads\/2026\/01\/historico-cambio-en-la-formula-1-luego-de-33-anos-audi-presento-el-coche-para-su-debut-en-2026.jpg","keywords":["Deportes"],"articleSection":["Argentina"],"inLanguage":"es","potentialAction":[{"@type":"CommentAction","name":"Comment","target":["https:\/\/lobosnews.com.ar\/index.php\/2026\/01\/20\/historico-cambio-en-la-formula-1-luego-de-33-anos-audi-presento-el-coche-para-su-debut-en-2026\/#respond"]}]},{"@type":"WebPage","@id":"https:\/\/lobosnews.com.ar\/index.php\/2026\/01\/20\/historico-cambio-en-la-formula-1-luego-de-33-anos-audi-presento-el-coche-para-su-debut-en-2026\/","url":"https:\/\/lobosnews.com.ar\/index.php\/2026\/01\/20\/historico-cambio-en-la-formula-1-luego-de-33-anos-audi-presento-el-coche-para-su-debut-en-2026\/","name":"Hist\u00f3rico cambio en la F\u00f3rmula 1 luego de 33 a\u00f1os: Audi present\u00f3 el coche para su debut en 2026 - Lobos News","isPartOf":{"@id":"https:\/\/lobosnews.com.ar\/#website"},"primaryImageOfPage":{"@id":"https:\/\/lobosnews.com.ar\/index.php\/2026\/01\/20\/historico-cambio-en-la-formula-1-luego-de-33-anos-audi-presento-el-coche-para-su-debut-en-2026\/#primaryimage"},"image":{"@id":"https:\/\/lobosnews.com.ar\/index.php\/2026\/01\/20\/historico-cambio-en-la-formula-1-luego-de-33-anos-audi-presento-el-coche-para-su-debut-en-2026\/#primaryimage"},"thumbnailUrl":"https:\/\/lobosnews.com.ar\/wp-content\/uploads\/2026\/01\/historico-cambio-en-la-formula-1-luego-de-33-anos-audi-presento-el-coche-para-su-debut-en-2026.jpg","datePublished":"2026-01-20T18:36:17+00:00","dateModified":"2026-01-20T21:43:12+00:00","breadcrumb":{"@id":"https:\/\/lobosnews.com.ar\/index.php\/2026\/01\/20\/historico-cambio-en-la-formula-1-luego-de-33-anos-audi-presento-el-coche-para-su-debut-en-2026\/#breadcrumb"},"inLanguage":"es","potentialAction":[{"@type":"ReadAction","target":["https:\/\/lobosnews.com.ar\/index.php\/2026\/01\/20\/historico-cambio-en-la-formula-1-luego-de-33-anos-audi-presento-el-coche-para-su-debut-en-2026\/"]}]},{"@type":"ImageObject","inLanguage":"es","@id":"https:\/\/lobosnews.com.ar\/index.php\/2026\/01\/20\/historico-cambio-en-la-formula-1-luego-de-33-anos-audi-presento-el-coche-para-su-debut-en-2026\/#primaryimage","url":"https:\/\/lobosnews.com.ar\/wp-content\/uploads\/2026\/01\/historico-cambio-en-la-formula-1-luego-de-33-anos-audi-presento-el-coche-para-su-debut-en-2026.jpg","contentUrl":"https:\/\/lobosnews.com.ar\/wp-content\/uploads\/2026\/01\/historico-cambio-en-la-formula-1-luego-de-33-anos-audi-presento-el-coche-para-su-debut-en-2026.jpg"},{"@type":"BreadcrumbList","@id":"https:\/\/lobosnews.com.ar\/index.php\/2026\/01\/20\/historico-cambio-en-la-formula-1-luego-de-33-anos-audi-presento-el-coche-para-su-debut-en-2026\/#breadcrumb","itemListElement":[{"@type":"ListItem","position":1,"name":"Portada","item":"https:\/\/lobosnews.com.ar\/"},{"@type":"ListItem","position":2,"name":"Hist\u00f3rico cambio en la F\u00f3rmula 1 luego de 33 a\u00f1os: Audi present\u00f3 el coche para su debut en 2026"}]},{"@type":"WebSite","@id":"https:\/\/lobosnews.com.ar\/#website","url":"https:\/\/lobosnews.com.ar\/","name":"Lobos News","description":"Informaci\u00f3n a cada instante","publisher":{"@id":"https:\/\/lobosnews.com.ar\/#organization"},"potentialAction":[{"@type":"SearchAction","target":{"@type":"EntryPoint","urlTemplate":"https:\/\/lobosnews.com.ar\/?s={search_term_string}"},"query-input":{"@type":"PropertyValueSpecification","valueRequired":true,"valueName":"search_term_string"}}],"inLanguage":"es"},{"@type":"Organization","@id":"https:\/\/lobosnews.com.ar\/#organization","name":"Lobos News","url":"https:\/\/lobosnews.com.ar\/","logo":{"@type":"ImageObject","inLanguage":"es","@id":"https:\/\/lobosnews.com.ar\/#\/schema\/logo\/image\/","url":"https:\/\/lobosnews.com.ar\/wp-content\/uploads\/2026\/01\/logo-lobosnews.png","contentUrl":"https:\/\/lobosnews.com.ar\/wp-content\/uploads\/2026\/01\/logo-lobosnews.png","width":500,"height":200,"caption":"Lobos News"},"image":{"@id":"https:\/\/lobosnews.com.ar\/#\/schema\/logo\/image\/"}},{"@type":"Person","@id":"https:\/\/lobosnews.com.ar\/#\/schema\/person\/232422a593d5c541dd9aef6aaed10943","name":"admin","image":{"@type":"ImageObject","inLanguage":"es","@id":"https:\/\/lobosnews.com.ar\/#\/schema\/person\/image\/","url":"https:\/\/secure.gravatar.com\/avatar\/76e419471a2083bc3ceab22a763dbbf9b0c1bd15a6214cf3280e2c2dde4580f9?s=96&d=mm&r=g","contentUrl":"https:\/\/secure.gravatar.com\/avatar\/76e419471a2083bc3ceab22a763dbbf9b0c1bd15a6214cf3280e2c2dde4580f9?s=96&d=mm&r=g","caption":"admin"},"sameAs":["https:\/\/lobosnews.com.ar"],"url":"https:\/\/lobosnews.com.ar\/index.php\/author\/lobos-news\/"}]}},"jetpack_featured_media_url":"","jetpack_sharing_enabled":true,"_links":{"self":[{"href":"https:\/\/lobosnews.com.ar\/index.php\/wp-json\/wp\/v2\/posts\/9274","targetHints":{"allow":["GET"]}}],"collection":[{"href":"https:\/\/lobosnews.com.ar\/index.php\/wp-json\/wp\/v2\/posts"}],"about":[{"href":"https:\/\/lobosnews.com.ar\/index.php\/wp-json\/wp\/v2\/types\/post"}],"author":[{"embeddable":true,"href":"https:\/\/lobosnews.com.ar\/index.php\/wp-json\/wp\/v2\/users\/1"}],"replies":[{"embeddable":true,"href":"https:\/\/lobosnews.com.ar\/index.php\/wp-json\/wp\/v2\/comments?post=9274"}],"version-history":[{"count":1,"href":"https:\/\/lobosnews.com.ar\/index.php\/wp-json\/wp\/v2\/posts\/9274\/revisions"}],"predecessor-version":[{"id":9280,"href":"https:\/\/lobosnews.com.ar\/index.php\/wp-json\/wp\/v2\/posts\/9274\/revisions\/9280"}],"wp:attachment":[{"href":"https:\/\/lobosnews.com.ar\/index.php\/wp-json\/wp\/v2\/media?parent=9274"}],"wp:term":[{"taxonomy":"category","embeddable":true,"href":"https:\/\/lobosnews.com.ar\/index.php\/wp-json\/wp\/v2\/categories?post=9274"},{"taxonomy":"post_tag","embeddable":true,"href":"https:\/\/lobosnews.com.ar\/index.php\/wp-json\/wp\/v2\/tags?post=9274"}],"curies":[{"name":"wp","href":"https:\/\/api.w.org\/{rel}","templated":true}]}}