{"id":8933,"date":"2026-01-20T01:50:48","date_gmt":"2026-01-20T01:50:48","guid":{"rendered":"https:\/\/lobosnews.com.ar\/index.php\/2026\/01\/20\/adrian-suar-hablo-por-primera-vez-de-su-relacion-con-rocio-robles-y-conto-si-se-volveria-a-casar\/"},"modified":"2026-01-20T04:52:51","modified_gmt":"2026-01-20T04:52:51","slug":"adrian-suar-hablo-por-primera-vez-de-su-relacion-con-rocio-robles-y-conto-si-se-volveria-a-casar","status":"publish","type":"post","link":"https:\/\/lobosnews.com.ar\/index.php\/2026\/01\/20\/adrian-suar-hablo-por-primera-vez-de-su-relacion-con-rocio-robles-y-conto-si-se-volveria-a-casar\/","title":{"rendered":"Adri\u00e1n Suar habl\u00f3 por primera vez de su relaci\u00f3n con Roc\u00edo Robles y cont\u00f3 si se volver\u00eda a casar"},"content":{"rendered":"<p>En su regreso a Argentina, <span class=\"waslinkname\"><b>Adri\u00e1n Suar<\/b><\/span><b> <\/b>eligi\u00f3 hablar abiertamente sobre su presente sentimental con<b> Roc\u00edo Robles<\/b>, una relaci\u00f3n que se solidific\u00f3 tras las vacaciones que <span class=\"waslinkname\">disfrutaron juntos en Carmelo, Uruguay<\/span>. <\/p>\n<p>El productor y actor abord\u00f3 el tema en una entrevista con el ciclo <i>Infama<\/i> (Am\u00e9rica TV), donde no solo confirm\u00f3 el buen momento que atraviesa junto a la modelo, sino que tambi\u00e9n dej\u00f3 entrever la posibilidad de un futuro casamiento: \u201cPuede ser, qu\u00e9 s\u00e9 yo\u201d, respondi\u00f3 con espontaneidad al ser consultado por los deseos de Robles de pasar por el altar.<\/p>\n<p>En la misma conversaci\u00f3n, Suar fue interrogado acerca del reciente esc\u00e1ndalo de infidelidad que involucra a<b> Luciano Castro<\/b> y a su expareja, <b>Griselda Siciliani<\/b>. El productor opt\u00f3 por la mesura y evit\u00f3 tomar partido. En di\u00e1logo con la notera de Infama, se\u00f1al\u00f3: <b>\u201cNo hablo de esas cosas. No me gusta que hablen de m\u00ed y yo tampoco hablo de los dem\u00e1s\u201d<\/b>. Adem\u00e1s, reiter\u00f3: <b>\u201cNo doy consejos si no me los piden. Nunca\u201d<\/b>, ratificando su postura de mantener la privacidad respecto a asuntos ajenos, incluso cuando los protagonistas forman parte de su c\u00edrculo profesional y personal, como es el caso de Siciliani, con quien son padres.<\/p>\n<p><img fetchpriority=\"high\" decoding=\"async\" src=\"https:\/\/lobosnews.com.ar\/wp-content\/uploads\/2026\/01\/adrian-suar-hablo-por-primera-vez-de-su-relacion-con-rocio-robles-y-conto-si-se-volveria-a-casar.jpg\" alt=\"Roc\u00edo Robles y Adri\u00e1n Suar eligieron Carmelo en Uruguay para comenzar el a\u00f1o 2026 lejos del ruido medi\u00e1tico (Instagram)\" height=\"1439\" width=\"1080\"\/><\/p>\n<p>La exbailarina de <i>ShowMatch<\/i>, por su parte, ya hab\u00eda dejado en claro en declaraciones previas que el casamiento era una idea que le resultaba atractiva. La modelo hab\u00eda expresado en Los Profesionales de Siempre (El Nueve):<b> \u201cTodo lo que sea festejar me encanta. \u00bfVestirme de blanco y que me festejen? Encantad\u00edsima. Pero tampoco vamos a apurar las cosas\u201d<\/b>. La pareja, que tambi\u00e9n comparti\u00f3 un reciente viaje a Italia y suele mostrarse unida en redes sociales, se distancia as\u00ed de rumores negativos y proyecta un futuro conjunto sin apresurarse.<\/p>\n<p>El trato que Suar mantiene con sus exparejas muestra matices contrastantes. Si bien el v\u00ednculo con Siciliani es calificado como cordial \u2014y ella suele referirse positivamente a su persona\u2014 en otras ocasiones, el productor manifest\u00f3 una distancia m\u00e1s marcada con Araceli Gonz\u00e1lez. No obstante, su hijo Toto Kirzner recalc\u00f3 en LAM que la relaci\u00f3n entre sus padres, ya separados hace tiempo, se maneja con claridad y respeto, remarcando: \u201cEllos siempre fueron muy claros al hablar del otro y saben lo que est\u00e1n haciendo. Estoy muy tranquilo. Yo no voy a opinar, como te dije, no me meten a m\u00ed entonces es entre ellos, conf\u00edo en mis viejos\u201d.<\/p>\n<p><img loading=\"lazy\" decoding=\"async\" src=\"https:\/\/lobosnews.com.ar\/wp-content\/uploads\/2026\/01\/adrian-suar-hablo-por-primera-vez-de-su-relacion-con-rocio-robles-y-conto-si-se-volveria-a-casar-1.jpg\" alt=\"Las rom\u00e1nticas postales de Adri\u00e1n Suar junto a su novia Roc\u00edo Robles en Roma para celebrar los 33 a\u00f1os de la modelo (Instagram)\" height=\"1080\" width=\"1920\"\/><\/p>\n<h3>Los d\u00edas de relax y amor de Adri\u00e1n Suar y Roc\u00edo Robles en Carmelo <\/h3>\n<p>Una serie de im\u00e1genes compartidas en redes sociales revel\u00f3 recientemente <b>la intimidad y el clima de relax<\/b> que viven <b>Roc\u00edo Robles<\/b> y <b>Adri\u00e1n Suar<\/b> en su escapada por Carmelo, Uruguay. La pareja opt\u00f3 por iniciar el a\u00f1o 2026 lejos de la exposici\u00f3n, apostando por un destino que se caracteriza por la privacidad, el paisaje verde y la tranquilidad.<\/p>\n<p>La modelo eligi\u00f3 retratar la experiencia con un \u00e1lbum fotogr\u00e1fico en el que se mezclan escenas de lujo r\u00fastico y naturaleza, desde paseos entre pinos hasta almuerzos al aire libre. La selecci\u00f3n del lugar tampoco es casual: <b>Carmelo<\/b> ofrece bodegas hist\u00f3ricas y un ritmo pausado, detalles que lo convierten en uno de los rincones favoritos de distintas figuras argentinas que buscan desconectar.<\/p>\n<p>En varias postales, Robles aparece con prendas veraniegas de tendencia y una actitud fresca, posando en ambientes que destacan por el dise\u00f1o artesanal y la amplitud de los espacios. Las fotos muestran habitaciones luminosas, galer\u00edas abiertas y una piscina rodeada de \u00e1rboles y silencio, transmitiendo la calma que busc\u00f3 la pareja durante su estad\u00eda.<\/p>\n<p><img loading=\"lazy\" decoding=\"async\" src=\"https:\/\/lobosnews.com.ar\/wp-content\/uploads\/2026\/01\/adrian-suar-hablo-por-primera-vez-de-su-relacion-con-rocio-robles-y-conto-si-se-volveria-a-casar-2.jpg\" alt=\"El festejo central de Roc\u00edo Robles en Roma incluy\u00f3 una cena rom\u00e1ntica en un restaurante italiano t\u00edpico, con platos de pastas y una torta personalizada para la modelo \" height=\"1439\" width=\"1080\"\/><\/p>\n<p>Una escena llam\u00f3 especialmente la atenci\u00f3n de los seguidores de la modelo: una imagen en la que Robles y Suar comparten una mesa en un restaurante de estilo c\u00e1lido y elegante. Aunque solo se los ve juntos en esa ocasi\u00f3n, la presencia de ambos en el encuadre funcion\u00f3 como una afirmaci\u00f3n silenciosa de la relaci\u00f3n. <\/p>\n<p>Durante la estad\u00eda, la pareja realiz\u00f3 recorridos por bodegas, comparti\u00f3 copas de vino en la piscina y disfrut\u00f3 de la gastronom\u00eda local, sumando momentos de aut\u00e9ntico relax. Un detalle simp\u00e1tico apareci\u00f3 en el \u00e1lbum: la foto de un lagarto cruzando el camino, aportando un gui\u00f1o natural y descontracturado a la secuencia de im\u00e1genes.<\/p>\n","protected":false},"excerpt":{"rendered":"<p>En su regreso a Argentina, Adri\u00e1n Suar eligi\u00f3 hablar abiertamente sobre su presente sentimental con Roc\u00edo Robles, una relaci\u00f3n que se solidific\u00f3 tras las vacaciones que disfrutaron juntos en Carmelo, Uruguay. El productor y actor abord\u00f3 el tema en una entrevista con el ciclo Infama (Am\u00e9rica TV), donde no solo confirm\u00f3 el buen momento que&#8230;<\/p>\n","protected":false},"author":1,"featured_media":8938,"comment_status":"open","ping_status":"closed","sticky":false,"template":"","format":"standard","meta":{"_jetpack_memberships_contains_paid_content":false,"footnotes":""},"categories":[79],"tags":[],"class_list":["post-8933","post","type-post","status-publish","format-standard","has-post-thumbnail","hentry","category-cine-y-series"],"magazineBlocksPostFeaturedMedia":{"thumbnail":"https:\/\/lobosnews.com.ar\/wp-content\/uploads\/2026\/01\/adrian-suar-hablo-por-primera-vez-de-su-relacion-con-rocio-robles-y-conto-si-se-volveria-a-casar-4-150x150.jpg","medium":"https:\/\/lobosnews.com.ar\/wp-content\/uploads\/2026\/01\/adrian-suar-hablo-por-primera-vez-de-su-relacion-con-rocio-robles-y-conto-si-se-volveria-a-casar-4-225x300.jpg","medium_large":"https:\/\/lobosnews.com.ar\/wp-content\/uploads\/2026\/01\/adrian-suar-hablo-por-primera-vez-de-su-relacion-con-rocio-robles-y-conto-si-se-volveria-a-casar-4-768x1023.jpg","large":"https:\/\/lobosnews.com.ar\/wp-content\/uploads\/2026\/01\/adrian-suar-hablo-por-primera-vez-de-su-relacion-con-rocio-robles-y-conto-si-se-volveria-a-casar-4-769x1024.jpg","1536x1536":"https:\/\/lobosnews.com.ar\/wp-content\/uploads\/2026\/01\/adrian-suar-hablo-por-primera-vez-de-su-relacion-con-rocio-robles-y-conto-si-se-volveria-a-casar-4.jpg","2048x2048":"https:\/\/lobosnews.com.ar\/wp-content\/uploads\/2026\/01\/adrian-suar-hablo-por-primera-vez-de-su-relacion-con-rocio-robles-y-conto-si-se-volveria-a-casar-4.jpg","newsmatic-featured":"https:\/\/lobosnews.com.ar\/wp-content\/uploads\/2026\/01\/adrian-suar-hablo-por-primera-vez-de-su-relacion-con-rocio-robles-y-conto-si-se-volveria-a-casar-4-820x545.jpg","newsmatic-list":"https:\/\/lobosnews.com.ar\/wp-content\/uploads\/2026\/01\/adrian-suar-hablo-por-primera-vez-de-su-relacion-con-rocio-robles-y-conto-si-se-volveria-a-casar-4-600x400.jpg","newsmatic-thumb":"https:\/\/lobosnews.com.ar\/wp-content\/uploads\/2026\/01\/adrian-suar-hablo-por-primera-vez-de-su-relacion-con-rocio-robles-y-conto-si-se-volveria-a-casar-4-300x200.jpg","newsmatic-small":"https:\/\/lobosnews.com.ar\/wp-content\/uploads\/2026\/01\/adrian-suar-hablo-por-primera-vez-de-su-relacion-con-rocio-robles-y-conto-si-se-volveria-a-casar-4-150x95.jpg","newsmatic-grid":"https:\/\/lobosnews.com.ar\/wp-content\/uploads\/2026\/01\/adrian-suar-hablo-por-primera-vez-de-su-relacion-con-rocio-robles-y-conto-si-se-volveria-a-casar-4-400x250.jpg"},"magazineBlocksPostAuthor":{"name":"admin","avatar":"https:\/\/secure.gravatar.com\/avatar\/76e419471a2083bc3ceab22a763dbbf9b0c1bd15a6214cf3280e2c2dde4580f9?s=96&d=mm&r=g"},"magazineBlocksPostCommentsNumber":"0","magazineBlocksPostExcerpt":"En su regreso a Argentina, Adri\u00e1n Suar eligi\u00f3 hablar abiertamente sobre su presente sentimental con Roc\u00edo Robles, una relaci\u00f3n que se solidific\u00f3 tras las vacaciones que disfrutaron juntos en Carmelo, Uruguay. El productor y actor abord\u00f3 el tema en una entrevista con el ciclo Infama (Am\u00e9rica TV), donde no solo confirm\u00f3 el buen momento que...","magazineBlocksPostCategories":["Cine y Series"],"magazineBlocksPostViewCount":183,"magazineBlocksPostReadTime":4,"magazine_blocks_featured_image_url":{"full":["https:\/\/lobosnews.com.ar\/wp-content\/uploads\/2026\/01\/adrian-suar-hablo-por-primera-vez-de-su-relacion-con-rocio-robles-y-conto-si-se-volveria-a-casar-4.jpg",1080,1439,false],"medium":["https:\/\/lobosnews.com.ar\/wp-content\/uploads\/2026\/01\/adrian-suar-hablo-por-primera-vez-de-su-relacion-con-rocio-robles-y-conto-si-se-volveria-a-casar-4-225x300.jpg",225,300,true],"thumbnail":["https:\/\/lobosnews.com.ar\/wp-content\/uploads\/2026\/01\/adrian-suar-hablo-por-primera-vez-de-su-relacion-con-rocio-robles-y-conto-si-se-volveria-a-casar-4-150x150.jpg",150,150,true]},"magazine_blocks_author":{"display_name":"admin","author_link":"https:\/\/lobosnews.com.ar\/index.php\/author\/lobos-news\/"},"magazine_blocks_comment":0,"magazine_blocks_author_image":"https:\/\/secure.gravatar.com\/avatar\/76e419471a2083bc3ceab22a763dbbf9b0c1bd15a6214cf3280e2c2dde4580f9?s=96&d=mm&r=g","magazine_blocks_category":"<a href=\"#\" class=\"category-link category-link-79\">Cine y Series<\/a>","yoast_head":"<!-- This site is optimized with the Yoast SEO plugin v26.6 - https:\/\/yoast.com\/wordpress\/plugins\/seo\/ -->\n<title>Adri\u00e1n Suar habl\u00f3 por primera vez de su relaci\u00f3n con Roc\u00edo Robles y cont\u00f3 si se volver\u00eda a casar - Lobos News<\/title>\n<meta name=\"robots\" content=\"index, follow, max-snippet:-1, max-image-preview:large, max-video-preview:-1\" \/>\n<link rel=\"canonical\" href=\"https:\/\/lobosnews.com.ar\/index.php\/2026\/01\/20\/adrian-suar-hablo-por-primera-vez-de-su-relacion-con-rocio-robles-y-conto-si-se-volveria-a-casar\/\" \/>\n<meta property=\"og:locale\" content=\"es_ES\" \/>\n<meta property=\"og:type\" content=\"article\" \/>\n<meta property=\"og:title\" content=\"Adri\u00e1n Suar habl\u00f3 por primera vez de su relaci\u00f3n con Roc\u00edo Robles y cont\u00f3 si se volver\u00eda a casar - Lobos News\" \/>\n<meta property=\"og:description\" content=\"En su regreso a Argentina, Adri\u00e1n Suar eligi\u00f3 hablar abiertamente sobre su presente sentimental con Roc\u00edo Robles, una relaci\u00f3n que se solidific\u00f3 tras las vacaciones que disfrutaron juntos en Carmelo, Uruguay. El productor y actor abord\u00f3 el tema en una entrevista con el ciclo Infama (Am\u00e9rica TV), donde no solo confirm\u00f3 el buen momento que...\" \/>\n<meta property=\"og:url\" content=\"https:\/\/lobosnews.com.ar\/index.php\/2026\/01\/20\/adrian-suar-hablo-por-primera-vez-de-su-relacion-con-rocio-robles-y-conto-si-se-volveria-a-casar\/\" \/>\n<meta property=\"og:site_name\" content=\"Lobos News\" \/>\n<meta property=\"article:published_time\" content=\"2026-01-20T01:50:48+00:00\" \/>\n<meta property=\"article:modified_time\" content=\"2026-01-20T04:52:51+00:00\" \/>\n<meta property=\"og:image\" content=\"https:\/\/lobosnews.com.ar\/wp-content\/uploads\/2026\/01\/adrian-suar-hablo-por-primera-vez-de-su-relacion-con-rocio-robles-y-conto-si-se-volveria-a-casar.jpg\" \/>\n<meta name=\"author\" content=\"admin\" \/>\n<meta name=\"twitter:card\" content=\"summary_large_image\" \/>\n<meta name=\"twitter:label1\" content=\"Escrito por\" \/>\n\t<meta name=\"twitter:data1\" content=\"admin\" \/>\n\t<meta name=\"twitter:label2\" content=\"Tiempo de lectura\" \/>\n\t<meta name=\"twitter:data2\" content=\"4 minutos\" \/>\n<script type=\"application\/ld+json\" class=\"yoast-schema-graph\">{\"@context\":\"https:\/\/schema.org\",\"@graph\":[{\"@type\":\"Article\",\"@id\":\"https:\/\/lobosnews.com.ar\/index.php\/2026\/01\/20\/adrian-suar-hablo-por-primera-vez-de-su-relacion-con-rocio-robles-y-conto-si-se-volveria-a-casar\/#article\",\"isPartOf\":{\"@id\":\"https:\/\/lobosnews.com.ar\/index.php\/2026\/01\/20\/adrian-suar-hablo-por-primera-vez-de-su-relacion-con-rocio-robles-y-conto-si-se-volveria-a-casar\/\"},\"author\":{\"name\":\"admin\",\"@id\":\"https:\/\/lobosnews.com.ar\/#\/schema\/person\/232422a593d5c541dd9aef6aaed10943\"},\"headline\":\"Adri\u00e1n Suar habl\u00f3 por primera vez de su relaci\u00f3n con Roc\u00edo Robles y cont\u00f3 si se volver\u00eda a casar\",\"datePublished\":\"2026-01-20T01:50:48+00:00\",\"dateModified\":\"2026-01-20T04:52:51+00:00\",\"mainEntityOfPage\":{\"@id\":\"https:\/\/lobosnews.com.ar\/index.php\/2026\/01\/20\/adrian-suar-hablo-por-primera-vez-de-su-relacion-con-rocio-robles-y-conto-si-se-volveria-a-casar\/\"},\"wordCount\":758,\"commentCount\":0,\"publisher\":{\"@id\":\"https:\/\/lobosnews.com.ar\/#organization\"},\"image\":{\"@id\":\"https:\/\/lobosnews.com.ar\/index.php\/2026\/01\/20\/adrian-suar-hablo-por-primera-vez-de-su-relacion-con-rocio-robles-y-conto-si-se-volveria-a-casar\/#primaryimage\"},\"thumbnailUrl\":\"https:\/\/lobosnews.com.ar\/wp-content\/uploads\/2026\/01\/adrian-suar-hablo-por-primera-vez-de-su-relacion-con-rocio-robles-y-conto-si-se-volveria-a-casar-4.jpg\",\"articleSection\":[\"Cine y Series\"],\"inLanguage\":\"es\",\"potentialAction\":[{\"@type\":\"CommentAction\",\"name\":\"Comment\",\"target\":[\"https:\/\/lobosnews.com.ar\/index.php\/2026\/01\/20\/adrian-suar-hablo-por-primera-vez-de-su-relacion-con-rocio-robles-y-conto-si-se-volveria-a-casar\/#respond\"]}]},{\"@type\":\"WebPage\",\"@id\":\"https:\/\/lobosnews.com.ar\/index.php\/2026\/01\/20\/adrian-suar-hablo-por-primera-vez-de-su-relacion-con-rocio-robles-y-conto-si-se-volveria-a-casar\/\",\"url\":\"https:\/\/lobosnews.com.ar\/index.php\/2026\/01\/20\/adrian-suar-hablo-por-primera-vez-de-su-relacion-con-rocio-robles-y-conto-si-se-volveria-a-casar\/\",\"name\":\"Adri\u00e1n Suar habl\u00f3 por primera vez de su relaci\u00f3n con Roc\u00edo Robles y cont\u00f3 si se volver\u00eda a casar - Lobos News\",\"isPartOf\":{\"@id\":\"https:\/\/lobosnews.com.ar\/#website\"},\"primaryImageOfPage\":{\"@id\":\"https:\/\/lobosnews.com.ar\/index.php\/2026\/01\/20\/adrian-suar-hablo-por-primera-vez-de-su-relacion-con-rocio-robles-y-conto-si-se-volveria-a-casar\/#primaryimage\"},\"image\":{\"@id\":\"https:\/\/lobosnews.com.ar\/index.php\/2026\/01\/20\/adrian-suar-hablo-por-primera-vez-de-su-relacion-con-rocio-robles-y-conto-si-se-volveria-a-casar\/#primaryimage\"},\"thumbnailUrl\":\"https:\/\/lobosnews.com.ar\/wp-content\/uploads\/2026\/01\/adrian-suar-hablo-por-primera-vez-de-su-relacion-con-rocio-robles-y-conto-si-se-volveria-a-casar-4.jpg\",\"datePublished\":\"2026-01-20T01:50:48+00:00\",\"dateModified\":\"2026-01-20T04:52:51+00:00\",\"breadcrumb\":{\"@id\":\"https:\/\/lobosnews.com.ar\/index.php\/2026\/01\/20\/adrian-suar-hablo-por-primera-vez-de-su-relacion-con-rocio-robles-y-conto-si-se-volveria-a-casar\/#breadcrumb\"},\"inLanguage\":\"es\",\"potentialAction\":[{\"@type\":\"ReadAction\",\"target\":[\"https:\/\/lobosnews.com.ar\/index.php\/2026\/01\/20\/adrian-suar-hablo-por-primera-vez-de-su-relacion-con-rocio-robles-y-conto-si-se-volveria-a-casar\/\"]}]},{\"@type\":\"ImageObject\",\"inLanguage\":\"es\",\"@id\":\"https:\/\/lobosnews.com.ar\/index.php\/2026\/01\/20\/adrian-suar-hablo-por-primera-vez-de-su-relacion-con-rocio-robles-y-conto-si-se-volveria-a-casar\/#primaryimage\",\"url\":\"https:\/\/lobosnews.com.ar\/wp-content\/uploads\/2026\/01\/adrian-suar-hablo-por-primera-vez-de-su-relacion-con-rocio-robles-y-conto-si-se-volveria-a-casar-4.jpg\",\"contentUrl\":\"https:\/\/lobosnews.com.ar\/wp-content\/uploads\/2026\/01\/adrian-suar-hablo-por-primera-vez-de-su-relacion-con-rocio-robles-y-conto-si-se-volveria-a-casar-4.jpg\",\"width\":1080,\"height\":1439,\"caption\":\"Adri\u00e1n Suar habl\u00f3 por primera vez de su relaci\u00f3n con Roc\u00edo Robles y cont\u00f3 si se volver\u00eda a casar\"},{\"@type\":\"BreadcrumbList\",\"@id\":\"https:\/\/lobosnews.com.ar\/index.php\/2026\/01\/20\/adrian-suar-hablo-por-primera-vez-de-su-relacion-con-rocio-robles-y-conto-si-se-volveria-a-casar\/#breadcrumb\",\"itemListElement\":[{\"@type\":\"ListItem\",\"position\":1,\"name\":\"Portada\",\"item\":\"https:\/\/lobosnews.com.ar\/\"},{\"@type\":\"ListItem\",\"position\":2,\"name\":\"Adri\u00e1n Suar habl\u00f3 por primera vez de su relaci\u00f3n con Roc\u00edo Robles y cont\u00f3 si se volver\u00eda a casar\"}]},{\"@type\":\"WebSite\",\"@id\":\"https:\/\/lobosnews.com.ar\/#website\",\"url\":\"https:\/\/lobosnews.com.ar\/\",\"name\":\"Lobos News\",\"description\":\"Informaci\u00f3n a cada instante\",\"publisher\":{\"@id\":\"https:\/\/lobosnews.com.ar\/#organization\"},\"potentialAction\":[{\"@type\":\"SearchAction\",\"target\":{\"@type\":\"EntryPoint\",\"urlTemplate\":\"https:\/\/lobosnews.com.ar\/?s={search_term_string}\"},\"query-input\":{\"@type\":\"PropertyValueSpecification\",\"valueRequired\":true,\"valueName\":\"search_term_string\"}}],\"inLanguage\":\"es\"},{\"@type\":\"Organization\",\"@id\":\"https:\/\/lobosnews.com.ar\/#organization\",\"name\":\"Lobos News\",\"url\":\"https:\/\/lobosnews.com.ar\/\",\"logo\":{\"@type\":\"ImageObject\",\"inLanguage\":\"es\",\"@id\":\"https:\/\/lobosnews.com.ar\/#\/schema\/logo\/image\/\",\"url\":\"https:\/\/lobosnews.com.ar\/wp-content\/uploads\/2026\/01\/logo-lobosnews.png\",\"contentUrl\":\"https:\/\/lobosnews.com.ar\/wp-content\/uploads\/2026\/01\/logo-lobosnews.png\",\"width\":500,\"height\":200,\"caption\":\"Lobos News\"},\"image\":{\"@id\":\"https:\/\/lobosnews.com.ar\/#\/schema\/logo\/image\/\"}},{\"@type\":\"Person\",\"@id\":\"https:\/\/lobosnews.com.ar\/#\/schema\/person\/232422a593d5c541dd9aef6aaed10943\",\"name\":\"admin\",\"image\":{\"@type\":\"ImageObject\",\"inLanguage\":\"es\",\"@id\":\"https:\/\/lobosnews.com.ar\/#\/schema\/person\/image\/\",\"url\":\"https:\/\/secure.gravatar.com\/avatar\/76e419471a2083bc3ceab22a763dbbf9b0c1bd15a6214cf3280e2c2dde4580f9?s=96&d=mm&r=g\",\"contentUrl\":\"https:\/\/secure.gravatar.com\/avatar\/76e419471a2083bc3ceab22a763dbbf9b0c1bd15a6214cf3280e2c2dde4580f9?s=96&d=mm&r=g\",\"caption\":\"admin\"},\"sameAs\":[\"https:\/\/lobosnews.com.ar\"],\"url\":\"https:\/\/lobosnews.com.ar\/index.php\/author\/lobos-news\/\"}]}<\/script>\n<!-- \/ Yoast SEO plugin. -->","yoast_head_json":{"title":"Adri\u00e1n Suar habl\u00f3 por primera vez de su relaci\u00f3n con Roc\u00edo Robles y cont\u00f3 si se volver\u00eda a casar - Lobos News","robots":{"index":"index","follow":"follow","max-snippet":"max-snippet:-1","max-image-preview":"max-image-preview:large","max-video-preview":"max-video-preview:-1"},"canonical":"https:\/\/lobosnews.com.ar\/index.php\/2026\/01\/20\/adrian-suar-hablo-por-primera-vez-de-su-relacion-con-rocio-robles-y-conto-si-se-volveria-a-casar\/","og_locale":"es_ES","og_type":"article","og_title":"Adri\u00e1n Suar habl\u00f3 por primera vez de su relaci\u00f3n con Roc\u00edo Robles y cont\u00f3 si se volver\u00eda a casar - Lobos News","og_description":"En su regreso a Argentina, Adri\u00e1n Suar eligi\u00f3 hablar abiertamente sobre su presente sentimental con Roc\u00edo Robles, una relaci\u00f3n que se solidific\u00f3 tras las vacaciones que disfrutaron juntos en Carmelo, Uruguay. El productor y actor abord\u00f3 el tema en una entrevista con el ciclo Infama (Am\u00e9rica TV), donde no solo confirm\u00f3 el buen momento que...","og_url":"https:\/\/lobosnews.com.ar\/index.php\/2026\/01\/20\/adrian-suar-hablo-por-primera-vez-de-su-relacion-con-rocio-robles-y-conto-si-se-volveria-a-casar\/","og_site_name":"Lobos News","article_published_time":"2026-01-20T01:50:48+00:00","article_modified_time":"2026-01-20T04:52:51+00:00","og_image":[{"url":"https:\/\/lobosnews.com.ar\/wp-content\/uploads\/2026\/01\/adrian-suar-hablo-por-primera-vez-de-su-relacion-con-rocio-robles-y-conto-si-se-volveria-a-casar.jpg","type":"","width":"","height":""}],"author":"admin","twitter_card":"summary_large_image","twitter_misc":{"Escrito por":"admin","Tiempo de lectura":"4 minutos"},"schema":{"@context":"https:\/\/schema.org","@graph":[{"@type":"Article","@id":"https:\/\/lobosnews.com.ar\/index.php\/2026\/01\/20\/adrian-suar-hablo-por-primera-vez-de-su-relacion-con-rocio-robles-y-conto-si-se-volveria-a-casar\/#article","isPartOf":{"@id":"https:\/\/lobosnews.com.ar\/index.php\/2026\/01\/20\/adrian-suar-hablo-por-primera-vez-de-su-relacion-con-rocio-robles-y-conto-si-se-volveria-a-casar\/"},"author":{"name":"admin","@id":"https:\/\/lobosnews.com.ar\/#\/schema\/person\/232422a593d5c541dd9aef6aaed10943"},"headline":"Adri\u00e1n Suar habl\u00f3 por primera vez de su relaci\u00f3n con Roc\u00edo Robles y cont\u00f3 si se volver\u00eda a casar","datePublished":"2026-01-20T01:50:48+00:00","dateModified":"2026-01-20T04:52:51+00:00","mainEntityOfPage":{"@id":"https:\/\/lobosnews.com.ar\/index.php\/2026\/01\/20\/adrian-suar-hablo-por-primera-vez-de-su-relacion-con-rocio-robles-y-conto-si-se-volveria-a-casar\/"},"wordCount":758,"commentCount":0,"publisher":{"@id":"https:\/\/lobosnews.com.ar\/#organization"},"image":{"@id":"https:\/\/lobosnews.com.ar\/index.php\/2026\/01\/20\/adrian-suar-hablo-por-primera-vez-de-su-relacion-con-rocio-robles-y-conto-si-se-volveria-a-casar\/#primaryimage"},"thumbnailUrl":"https:\/\/lobosnews.com.ar\/wp-content\/uploads\/2026\/01\/adrian-suar-hablo-por-primera-vez-de-su-relacion-con-rocio-robles-y-conto-si-se-volveria-a-casar-4.jpg","articleSection":["Cine y Series"],"inLanguage":"es","potentialAction":[{"@type":"CommentAction","name":"Comment","target":["https:\/\/lobosnews.com.ar\/index.php\/2026\/01\/20\/adrian-suar-hablo-por-primera-vez-de-su-relacion-con-rocio-robles-y-conto-si-se-volveria-a-casar\/#respond"]}]},{"@type":"WebPage","@id":"https:\/\/lobosnews.com.ar\/index.php\/2026\/01\/20\/adrian-suar-hablo-por-primera-vez-de-su-relacion-con-rocio-robles-y-conto-si-se-volveria-a-casar\/","url":"https:\/\/lobosnews.com.ar\/index.php\/2026\/01\/20\/adrian-suar-hablo-por-primera-vez-de-su-relacion-con-rocio-robles-y-conto-si-se-volveria-a-casar\/","name":"Adri\u00e1n Suar habl\u00f3 por primera vez de su relaci\u00f3n con Roc\u00edo Robles y cont\u00f3 si se volver\u00eda a casar - Lobos News","isPartOf":{"@id":"https:\/\/lobosnews.com.ar\/#website"},"primaryImageOfPage":{"@id":"https:\/\/lobosnews.com.ar\/index.php\/2026\/01\/20\/adrian-suar-hablo-por-primera-vez-de-su-relacion-con-rocio-robles-y-conto-si-se-volveria-a-casar\/#primaryimage"},"image":{"@id":"https:\/\/lobosnews.com.ar\/index.php\/2026\/01\/20\/adrian-suar-hablo-por-primera-vez-de-su-relacion-con-rocio-robles-y-conto-si-se-volveria-a-casar\/#primaryimage"},"thumbnailUrl":"https:\/\/lobosnews.com.ar\/wp-content\/uploads\/2026\/01\/adrian-suar-hablo-por-primera-vez-de-su-relacion-con-rocio-robles-y-conto-si-se-volveria-a-casar-4.jpg","datePublished":"2026-01-20T01:50:48+00:00","dateModified":"2026-01-20T04:52:51+00:00","breadcrumb":{"@id":"https:\/\/lobosnews.com.ar\/index.php\/2026\/01\/20\/adrian-suar-hablo-por-primera-vez-de-su-relacion-con-rocio-robles-y-conto-si-se-volveria-a-casar\/#breadcrumb"},"inLanguage":"es","potentialAction":[{"@type":"ReadAction","target":["https:\/\/lobosnews.com.ar\/index.php\/2026\/01\/20\/adrian-suar-hablo-por-primera-vez-de-su-relacion-con-rocio-robles-y-conto-si-se-volveria-a-casar\/"]}]},{"@type":"ImageObject","inLanguage":"es","@id":"https:\/\/lobosnews.com.ar\/index.php\/2026\/01\/20\/adrian-suar-hablo-por-primera-vez-de-su-relacion-con-rocio-robles-y-conto-si-se-volveria-a-casar\/#primaryimage","url":"https:\/\/lobosnews.com.ar\/wp-content\/uploads\/2026\/01\/adrian-suar-hablo-por-primera-vez-de-su-relacion-con-rocio-robles-y-conto-si-se-volveria-a-casar-4.jpg","contentUrl":"https:\/\/lobosnews.com.ar\/wp-content\/uploads\/2026\/01\/adrian-suar-hablo-por-primera-vez-de-su-relacion-con-rocio-robles-y-conto-si-se-volveria-a-casar-4.jpg","width":1080,"height":1439,"caption":"Adri\u00e1n Suar habl\u00f3 por primera vez de su relaci\u00f3n con Roc\u00edo Robles y cont\u00f3 si se volver\u00eda a casar"},{"@type":"BreadcrumbList","@id":"https:\/\/lobosnews.com.ar\/index.php\/2026\/01\/20\/adrian-suar-hablo-por-primera-vez-de-su-relacion-con-rocio-robles-y-conto-si-se-volveria-a-casar\/#breadcrumb","itemListElement":[{"@type":"ListItem","position":1,"name":"Portada","item":"https:\/\/lobosnews.com.ar\/"},{"@type":"ListItem","position":2,"name":"Adri\u00e1n Suar habl\u00f3 por primera vez de su relaci\u00f3n con Roc\u00edo Robles y cont\u00f3 si se volver\u00eda a casar"}]},{"@type":"WebSite","@id":"https:\/\/lobosnews.com.ar\/#website","url":"https:\/\/lobosnews.com.ar\/","name":"Lobos News","description":"Informaci\u00f3n a cada instante","publisher":{"@id":"https:\/\/lobosnews.com.ar\/#organization"},"potentialAction":[{"@type":"SearchAction","target":{"@type":"EntryPoint","urlTemplate":"https:\/\/lobosnews.com.ar\/?s={search_term_string}"},"query-input":{"@type":"PropertyValueSpecification","valueRequired":true,"valueName":"search_term_string"}}],"inLanguage":"es"},{"@type":"Organization","@id":"https:\/\/lobosnews.com.ar\/#organization","name":"Lobos News","url":"https:\/\/lobosnews.com.ar\/","logo":{"@type":"ImageObject","inLanguage":"es","@id":"https:\/\/lobosnews.com.ar\/#\/schema\/logo\/image\/","url":"https:\/\/lobosnews.com.ar\/wp-content\/uploads\/2026\/01\/logo-lobosnews.png","contentUrl":"https:\/\/lobosnews.com.ar\/wp-content\/uploads\/2026\/01\/logo-lobosnews.png","width":500,"height":200,"caption":"Lobos News"},"image":{"@id":"https:\/\/lobosnews.com.ar\/#\/schema\/logo\/image\/"}},{"@type":"Person","@id":"https:\/\/lobosnews.com.ar\/#\/schema\/person\/232422a593d5c541dd9aef6aaed10943","name":"admin","image":{"@type":"ImageObject","inLanguage":"es","@id":"https:\/\/lobosnews.com.ar\/#\/schema\/person\/image\/","url":"https:\/\/secure.gravatar.com\/avatar\/76e419471a2083bc3ceab22a763dbbf9b0c1bd15a6214cf3280e2c2dde4580f9?s=96&d=mm&r=g","contentUrl":"https:\/\/secure.gravatar.com\/avatar\/76e419471a2083bc3ceab22a763dbbf9b0c1bd15a6214cf3280e2c2dde4580f9?s=96&d=mm&r=g","caption":"admin"},"sameAs":["https:\/\/lobosnews.com.ar"],"url":"https:\/\/lobosnews.com.ar\/index.php\/author\/lobos-news\/"}]}},"jetpack_featured_media_url":"https:\/\/lobosnews.com.ar\/wp-content\/uploads\/2026\/01\/adrian-suar-hablo-por-primera-vez-de-su-relacion-con-rocio-robles-y-conto-si-se-volveria-a-casar-4.jpg","jetpack_sharing_enabled":true,"_links":{"self":[{"href":"https:\/\/lobosnews.com.ar\/index.php\/wp-json\/wp\/v2\/posts\/8933","targetHints":{"allow":["GET"]}}],"collection":[{"href":"https:\/\/lobosnews.com.ar\/index.php\/wp-json\/wp\/v2\/posts"}],"about":[{"href":"https:\/\/lobosnews.com.ar\/index.php\/wp-json\/wp\/v2\/types\/post"}],"author":[{"embeddable":true,"href":"https:\/\/lobosnews.com.ar\/index.php\/wp-json\/wp\/v2\/users\/1"}],"replies":[{"embeddable":true,"href":"https:\/\/lobosnews.com.ar\/index.php\/wp-json\/wp\/v2\/comments?post=8933"}],"version-history":[{"count":1,"href":"https:\/\/lobosnews.com.ar\/index.php\/wp-json\/wp\/v2\/posts\/8933\/revisions"}],"predecessor-version":[{"id":8937,"href":"https:\/\/lobosnews.com.ar\/index.php\/wp-json\/wp\/v2\/posts\/8933\/revisions\/8937"}],"wp:featuredmedia":[{"embeddable":true,"href":"https:\/\/lobosnews.com.ar\/index.php\/wp-json\/wp\/v2\/media\/8938"}],"wp:attachment":[{"href":"https:\/\/lobosnews.com.ar\/index.php\/wp-json\/wp\/v2\/media?parent=8933"}],"wp:term":[{"taxonomy":"category","embeddable":true,"href":"https:\/\/lobosnews.com.ar\/index.php\/wp-json\/wp\/v2\/categories?post=8933"},{"taxonomy":"post_tag","embeddable":true,"href":"https:\/\/lobosnews.com.ar\/index.php\/wp-json\/wp\/v2\/tags?post=8933"}],"curies":[{"name":"wp","href":"https:\/\/api.w.org\/{rel}","templated":true}]}}